{"id":515772,"date":"2023-03-21T17:07:45","date_gmt":"2023-03-21T21:07:45","guid":{"rendered":"https:\/\/casadecampoliving.com\/?p=515772"},"modified":"2023-03-27T08:15:10","modified_gmt":"2023-03-27T12:15:10","slug":"la-galeria-wao-y-centro-cultural-le-invita-a-la-inauguracion-de-diversa-una-coleccion-de-accesorios-unicos-hechos-a-mano-por-desiree-cepeda","status":"publish","type":"post","link":"https:\/\/casadecampoliving.com\/es\/la-galeria-wao-y-centro-cultural-le-invita-a-la-inauguracion-de-diversa-una-coleccion-de-accesorios-unicos-hechos-a-mano-por-desiree-cepeda\/","title":{"rendered":"La Galer\u00eda WAO y Centro Cultural le invita a la inauguraci\u00f3n de &#8216;DIVERSA&#8217;, una colecci\u00f3n de accesorios \u00fanicos hechos a mano por Desir\u00e9e Cepeda"},"content":{"rendered":"\n<p>Venga y celebre la inauguraci\u00f3n de la exposici\u00f3n \u00abDIVERSA\u00bb por la reconocida dise\u00f1adora y gestora cultural, Desir\u00e9e Cepeda, en el segundo piso de WAO Galer\u00eda y Centro Cultural en Altos de Chav\u00f3n. Desir\u00e9e Cepeda es conocida por su visi\u00f3n innovadora de la cultura dominicana, reflejada en sus dise\u00f1os y creaciones \u00fanicas.<\/p>\n\n\n\n<div class=\"wp-block-media-text alignwide is-stacked-on-mobile is-image-fill\" style=\"grid-template-columns:53% auto\"><figure class=\"wp-block-media-text__media\" style=\"background-image:url(https:\/\/casadecampoliving.com\/wp-content\/uploads\/2023\/03\/DIVERSA-by-Desiree-Cepeda.jpg);background-position:61% 57%\"><img data-recalc-dims=\"1\" loading=\"lazy\" decoding=\"async\" width=\"780\" height=\"780\" src=\"https:\/\/i0.wp.com\/casadecampoliving.com\/wp-content\/uploads\/2023\/03\/DIVERSA-by-Desiree-Cepeda.jpg?resize=780%2C780&#038;ssl=1\" alt=\"\" class=\"wp-image-515709 size-full\" srcset=\"https:\/\/i0.wp.com\/casadecampoliving.com\/wp-content\/uploads\/2023\/03\/DIVERSA-by-Desiree-Cepeda.jpg?w=780&amp;ssl=1 780w, https:\/\/i0.wp.com\/casadecampoliving.com\/wp-content\/uploads\/2023\/03\/DIVERSA-by-Desiree-Cepeda.jpg?resize=300%2C300&amp;ssl=1 300w, https:\/\/i0.wp.com\/casadecampoliving.com\/wp-content\/uploads\/2023\/03\/DIVERSA-by-Desiree-Cepeda.jpg?resize=150%2C150&amp;ssl=1 150w, https:\/\/i0.wp.com\/casadecampoliving.com\/wp-content\/uploads\/2023\/03\/DIVERSA-by-Desiree-Cepeda.jpg?resize=768%2C768&amp;ssl=1 768w, https:\/\/i0.wp.com\/casadecampoliving.com\/wp-content\/uploads\/2023\/03\/DIVERSA-by-Desiree-Cepeda.jpg?resize=600%2C600&amp;ssl=1 600w, https:\/\/i0.wp.com\/casadecampoliving.com\/wp-content\/uploads\/2023\/03\/DIVERSA-by-Desiree-Cepeda.jpg?resize=400%2C400&amp;ssl=1 400w, https:\/\/i0.wp.com\/casadecampoliving.com\/wp-content\/uploads\/2023\/03\/DIVERSA-by-Desiree-Cepeda.jpg?resize=200%2C200&amp;ssl=1 200w, https:\/\/i0.wp.com\/casadecampoliving.com\/wp-content\/uploads\/2023\/03\/DIVERSA-by-Desiree-Cepeda.jpg?resize=96%2C96&amp;ssl=1 96w, https:\/\/i0.wp.com\/casadecampoliving.com\/wp-content\/uploads\/2023\/03\/DIVERSA-by-Desiree-Cepeda.jpg?w=370&amp;ssl=1 370w\" sizes=\"auto, (max-width: 780px) 100vw, 780px\" \/><\/figure><div class=\"wp-block-media-text__content\">\n<p>La exposici\u00f3n \u00abDIVERSA\u00bb es una colecci\u00f3n de accesorios artesanales que capturan la esencia de la cultura caribe\u00f1a y dominicana. Cada pieza es \u00fanica y hecha con materiales locales, permiti\u00e9ndole mostrar su individualidad y lucir un art\u00edculo \u00fanico. El color, las texturas y la combinaci\u00f3n de elementos te transportar\u00e1n al coraz\u00f3n de la Rep\u00fablica Dominicana y mostrar\u00e1n nuestra identidad cultural.<\/p>\n<\/div><\/div>\n\n\n\n<p>Desir\u00e9e Cepeda, conocida como el \u00abbarroco caribe\u00f1o\u00bb, es una dise\u00f1adora, artesana y gestora cultural creativa y talentosa. Su estilo se caracteriza por su toque personal, que se mantiene fiel a nuestra identidad dominicana. Sin l\u00edmites para su creatividad, el trabajo de Desir\u00e9e Cepeda evoluciona constantemente, rompiendo barreras y explorando nuevos horizontes.<\/p>\n\n\n\n<p>\u00danase a nosotros en la inauguraci\u00f3n de la exposici\u00f3n el 25 de marzo de 2023, que se extender\u00e1 hasta el 22 de mayo de 2023, de mi\u00e9rcoles a s\u00e1bado, de 9:00 a. m. a 9:00 p. m., y los domingos y martes de 9:00 a. m. a 5:00 p. m. cerrados los lunes.<\/p>\n\n\n\n<figure class=\"wp-block-image size-large\"><img data-recalc-dims=\"1\" loading=\"lazy\" decoding=\"async\" width=\"1024\" height=\"682\" src=\"https:\/\/i0.wp.com\/casadecampoliving.com\/wp-content\/uploads\/2023\/03\/DIVERSA-by-Desiree-Cepeda-2.jpg?resize=1024%2C682&#038;ssl=1\" alt=\"\" class=\"wp-image-515711\" srcset=\"https:\/\/i0.wp.com\/casadecampoliving.com\/wp-content\/uploads\/2023\/03\/DIVERSA-by-Desiree-Cepeda-2.jpg?resize=1024%2C682&amp;ssl=1 1024w, https:\/\/i0.wp.com\/casadecampoliving.com\/wp-content\/uploads\/2023\/03\/DIVERSA-by-Desiree-Cepeda-2.jpg?resize=300%2C200&amp;ssl=1 300w, https:\/\/i0.wp.com\/casadecampoliving.com\/wp-content\/uploads\/2023\/03\/DIVERSA-by-Desiree-Cepeda-2.jpg?resize=768%2C511&amp;ssl=1 768w, https:\/\/i0.wp.com\/casadecampoliving.com\/wp-content\/uploads\/2023\/03\/DIVERSA-by-Desiree-Cepeda-2.jpg?resize=400%2C266&amp;ssl=1 400w, https:\/\/i0.wp.com\/casadecampoliving.com\/wp-content\/uploads\/2023\/03\/DIVERSA-by-Desiree-Cepeda-2.jpg?resize=150%2C100&amp;ssl=1 150w, https:\/\/i0.wp.com\/casadecampoliving.com\/wp-content\/uploads\/2023\/03\/DIVERSA-by-Desiree-Cepeda-2.jpg?w=1080&amp;ssl=1 1080w, https:\/\/i0.wp.com\/casadecampoliving.com\/wp-content\/uploads\/2023\/03\/DIVERSA-by-Desiree-Cepeda-2-1024x682.jpg?w=370&amp;ssl=1 370w\" sizes=\"auto, (max-width: 1000px) 100vw, 1000px\" \/><\/figure>\n\n\n\n<p>Al apoyar esta exposici\u00f3n, tambi\u00e9n apoyar\u00e1 al Patronato Ben\u00e9fico Oriental, Inc. (PBO), una organizaci\u00f3n sin fines de lucro comprometida con la promoci\u00f3n de la cultura y las iniciativas sostenibles de impacto social. Los ingresos de este y otros proyectos y actividades financiar\u00e1n nuestros programas sociales, que empoderan a comunidades vulnerables con respeto, solidaridad, integridad y igualdad de oportunidades.<\/p>\n\n\n\n<p>El trabajo de Desir\u00e9e Cepeda es un testimonio de nuestro patrimonio e identidad cultural, y le invitamos a experimentarlo por usted mismo. \u00a1Nos vemos en WAO Galer\u00eda y Centro Cultural en Altos de Chav\u00f3n!<\/p>\n\n\n\n<figure class=\"wp-block-image size-large\"><img data-recalc-dims=\"1\" loading=\"lazy\" decoding=\"async\" width=\"819\" height=\"1024\" src=\"https:\/\/i0.wp.com\/casadecampoliving.com\/wp-content\/uploads\/2023\/03\/DIVERSA-by-Desiree-Cepeda-10.jpg?resize=819%2C1024&#038;ssl=1\" alt=\"\" class=\"wp-image-515717\" srcset=\"https:\/\/i0.wp.com\/casadecampoliving.com\/wp-content\/uploads\/2023\/03\/DIVERSA-by-Desiree-Cepeda-10.jpg?resize=819%2C1024&amp;ssl=1 819w, https:\/\/i0.wp.com\/casadecampoliving.com\/wp-content\/uploads\/2023\/03\/DIVERSA-by-Desiree-Cepeda-10.jpg?resize=240%2C300&amp;ssl=1 240w, https:\/\/i0.wp.com\/casadecampoliving.com\/wp-content\/uploads\/2023\/03\/DIVERSA-by-Desiree-Cepeda-10.jpg?resize=768%2C960&amp;ssl=1 768w, https:\/\/i0.wp.com\/casadecampoliving.com\/wp-content\/uploads\/2023\/03\/DIVERSA-by-Desiree-Cepeda-10.jpg?resize=400%2C500&amp;ssl=1 400w, https:\/\/i0.wp.com\/casadecampoliving.com\/wp-content\/uploads\/2023\/03\/DIVERSA-by-Desiree-Cepeda-10.jpg?resize=150%2C188&amp;ssl=1 150w, https:\/\/i0.wp.com\/casadecampoliving.com\/wp-content\/uploads\/2023\/03\/DIVERSA-by-Desiree-Cepeda-10.jpg?w=900&amp;ssl=1 900w, https:\/\/i0.wp.com\/casadecampoliving.com\/wp-content\/uploads\/2023\/03\/DIVERSA-by-Desiree-Cepeda-10-819x1024.jpg?w=370&amp;ssl=1 370w\" sizes=\"auto, (max-width: 819px) 100vw, 819px\" \/><\/figure>\n","protected":false},"excerpt":{"rendered":"<p>Venga y celebre la inauguraci\u00f3n de la exposici\u00f3n \u00abDIVERSA\u00bb por la reconocida dise\u00f1adora y gestora cultural, Desir\u00e9e Cepeda, en el segundo piso de WAO Galer\u00eda y Centro Cultural en Altos de Chav\u00f3n. Desir\u00e9e Cepeda es conocida por su visi\u00f3n innovadora de la cultura dominicana, reflejada en sus dise\u00f1os y creaciones \u00fanicas. La exposici\u00f3n \u00abDIVERSA\u00bb es [&hellip;]<\/p>\n","protected":false},"author":36791,"featured_media":515716,"comment_status":"closed","ping_status":"closed","sticky":false,"template":"","format":"standard","meta":{"newspack_ads_suppress_ads":false,"newspack_popups_has_disabled_popups":false,"newspack_sponsor_sponsorship_scope":"","newspack_sponsor_native_byline_display":"inherit","newspack_sponsor_native_category_display":"inherit","newspack_sponsor_underwriter_style":"inherit","newspack_sponsor_underwriter_placement":"inherit","_newspack_byline_active":false,"_newspack_byline":"","newspack_hide_updated_date":false,"newspack_show_updated_date":false,"newspack_content_restriction_is_exempt":false,"newspack_featured_image_position":"large","newspack_post_subtitle":"","newspack_article_summary_title":"Overview:","newspack_article_summary":"","_jetpack_memberships_contains_paid_content":false,"footnotes":"","jetpack_publicize_message":"","jetpack_publicize_feature_enabled":false,"jetpack_social_post_already_shared":false,"jetpack_social_options":{"image_generator_settings":{"template":"highway","default_image_id":0,"font":"","enabled":false},"version":2},"_wpas_customize_per_network":false},"categories":[14627,2521],"tags":[27100,2557,18932,14542,27001],"newspack_spnsrs_tax":[],"class_list":["post-515772","post","type-post","status-publish","format-standard","has-post-thumbnail","hentry","category-proximamente","category-republica-dominicana-2","tag-altos-de-chavon-es-7","tag-exhibicion-de-arte","tag-la-romana-es-4","tag-la-romana-es","tag-wao-galeria","entry"],"yoast_head":"<!-- This site is optimized with the Yoast SEO plugin v27.4 - https:\/\/yoast.com\/product\/yoast-seo-wordpress\/ -->\n<title>La Galer\u00eda WAO y Centro Cultural le invita a la inauguraci\u00f3n de &#039;DIVERSA&#039;, una colecci\u00f3n de accesorios \u00fanicos hechos a mano por Desir\u00e9e Cepeda | Casa de Campo Living<\/title>\n<meta name=\"description\" content=\"Venga y celebre la inauguraci\u00f3n de la exposici\u00f3n &quot;DIVERSA&quot; por la reconocida dise\u00f1adora y gestora cultural, Desir\u00e9e Cepeda, en el segundo piso de WAO\" \/>\n<meta name=\"robots\" content=\"index, follow, max-snippet:-1, max-image-preview:large, max-video-preview:-1\" \/>\n<link rel=\"canonical\" href=\"https:\/\/casadecampoliving.com\/es\/la-galeria-wao-y-centro-cultural-le-invita-a-la-inauguracion-de-diversa-una-coleccion-de-accesorios-unicos-hechos-a-mano-por-desiree-cepeda\/\" \/>\n<meta property=\"og:locale\" content=\"es_ES\" \/>\n<meta property=\"og:type\" content=\"article\" \/>\n<meta property=\"og:title\" content=\"La Galer\u00eda WAO y Centro Cultural le invita a la inauguraci\u00f3n de &#039;DIVERSA&#039;, una colecci\u00f3n de accesorios \u00fanicos hechos a mano por Desir\u00e9e Cepeda | Casa de Campo Living\" \/>\n<meta property=\"og:description\" content=\"Venga y celebre la inauguraci\u00f3n de la exposici\u00f3n &quot;DIVERSA&quot; por la reconocida dise\u00f1adora y gestora cultural, Desir\u00e9e Cepeda, en el segundo piso de WAO\" \/>\n<meta property=\"og:url\" content=\"https:\/\/casadecampoliving.com\/es\/la-galeria-wao-y-centro-cultural-le-invita-a-la-inauguracion-de-diversa-una-coleccion-de-accesorios-unicos-hechos-a-mano-por-desiree-cepeda\/\" \/>\n<meta property=\"og:site_name\" content=\"Casa de Campo Living\" \/>\n<meta property=\"article:publisher\" content=\"https:\/\/www.facebook.com\/casadecampoliving\" \/>\n<meta property=\"article:published_time\" content=\"2023-03-21T21:07:45+00:00\" \/>\n<meta property=\"article:modified_time\" content=\"2023-03-27T12:15:10+00:00\" \/>\n<meta property=\"og:image\" content=\"https:\/\/casadecampoliving.com\/wp-content\/uploads\/2023\/03\/DIVERSA-by-Desiree-Cepeda-1-1.jpg\" \/>\n\t<meta property=\"og:image:width\" content=\"1026\" \/>\n\t<meta property=\"og:image:height\" content=\"720\" \/>\n\t<meta property=\"og:image:type\" content=\"image\/jpeg\" \/>\n<meta name=\"author\" content=\"Casa de Campo Living\" \/>\n<meta name=\"twitter:card\" content=\"summary_large_image\" \/>\n<meta name=\"twitter:creator\" content=\"@cdcliving\" \/>\n<meta name=\"twitter:site\" content=\"@cdcliving\" \/>\n<meta name=\"twitter:label1\" content=\"Escrito por\" \/>\n\t<meta name=\"twitter:data1\" content=\"Casa de Campo Living\" \/>\n\t<meta name=\"twitter:label2\" content=\"Tiempo de lectura\" \/>\n\t<meta name=\"twitter:data2\" content=\"2 minutos\" \/>\n<script type=\"application\/ld+json\" class=\"yoast-schema-graph\">{\"@context\":\"https:\\\/\\\/schema.org\",\"@graph\":[{\"@type\":\"Article\",\"@id\":\"https:\\\/\\\/casadecampoliving.com\\\/es\\\/la-galeria-wao-y-centro-cultural-le-invita-a-la-inauguracion-de-diversa-una-coleccion-de-accesorios-unicos-hechos-a-mano-por-desiree-cepeda\\\/#article\",\"isPartOf\":{\"@id\":\"https:\\\/\\\/casadecampoliving.com\\\/es\\\/la-galeria-wao-y-centro-cultural-le-invita-a-la-inauguracion-de-diversa-una-coleccion-de-accesorios-unicos-hechos-a-mano-por-desiree-cepeda\\\/\"},\"author\":{\"name\":\"Casa de Campo Living\",\"@id\":\"https:\\\/\\\/casadecampoliving.com\\\/es\\\/#\\\/schema\\\/person\\\/5d2171637a9d11e0e43ce6b8555f9422\"},\"headline\":\"La Galer\u00eda WAO y Centro Cultural le invita a la inauguraci\u00f3n de &#8216;DIVERSA&#8217;, una colecci\u00f3n de accesorios \u00fanicos hechos a mano por Desir\u00e9e Cepeda\",\"datePublished\":\"2023-03-21T21:07:45+00:00\",\"dateModified\":\"2023-03-27T12:15:10+00:00\",\"mainEntityOfPage\":{\"@id\":\"https:\\\/\\\/casadecampoliving.com\\\/es\\\/la-galeria-wao-y-centro-cultural-le-invita-a-la-inauguracion-de-diversa-una-coleccion-de-accesorios-unicos-hechos-a-mano-por-desiree-cepeda\\\/\"},\"wordCount\":363,\"publisher\":{\"@id\":\"https:\\\/\\\/casadecampoliving.com\\\/es\\\/#organization\"},\"image\":{\"@id\":\"https:\\\/\\\/casadecampoliving.com\\\/es\\\/la-galeria-wao-y-centro-cultural-le-invita-a-la-inauguracion-de-diversa-una-coleccion-de-accesorios-unicos-hechos-a-mano-por-desiree-cepeda\\\/#primaryimage\"},\"thumbnailUrl\":\"https:\\\/\\\/i0.wp.com\\\/casadecampoliving.com\\\/wp-content\\\/uploads\\\/2023\\\/03\\\/DIVERSA-by-Desiree-Cepeda-1-1.jpg?fit=1026%2C720&ssl=1\",\"keywords\":[\"Altos de Chav\u00f3n @es\",\"exhibicion de arte\",\"La Romana\",\"La Romana @es\",\"wao galeria\"],\"articleSection\":[\"Proximamente\",\"Rep\u00fablica Dominicana @es\"],\"inLanguage\":\"es\"},{\"@type\":\"WebPage\",\"@id\":\"https:\\\/\\\/casadecampoliving.com\\\/es\\\/la-galeria-wao-y-centro-cultural-le-invita-a-la-inauguracion-de-diversa-una-coleccion-de-accesorios-unicos-hechos-a-mano-por-desiree-cepeda\\\/\",\"url\":\"https:\\\/\\\/casadecampoliving.com\\\/es\\\/la-galeria-wao-y-centro-cultural-le-invita-a-la-inauguracion-de-diversa-una-coleccion-de-accesorios-unicos-hechos-a-mano-por-desiree-cepeda\\\/\",\"name\":\"La Galer\u00eda WAO y Centro Cultural le invita a la inauguraci\u00f3n de 'DIVERSA', una colecci\u00f3n de accesorios \u00fanicos hechos a mano por Desir\u00e9e Cepeda | Casa de Campo Living\",\"isPartOf\":{\"@id\":\"https:\\\/\\\/casadecampoliving.com\\\/es\\\/#website\"},\"primaryImageOfPage\":{\"@id\":\"https:\\\/\\\/casadecampoliving.com\\\/es\\\/la-galeria-wao-y-centro-cultural-le-invita-a-la-inauguracion-de-diversa-una-coleccion-de-accesorios-unicos-hechos-a-mano-por-desiree-cepeda\\\/#primaryimage\"},\"image\":{\"@id\":\"https:\\\/\\\/casadecampoliving.com\\\/es\\\/la-galeria-wao-y-centro-cultural-le-invita-a-la-inauguracion-de-diversa-una-coleccion-de-accesorios-unicos-hechos-a-mano-por-desiree-cepeda\\\/#primaryimage\"},\"thumbnailUrl\":\"https:\\\/\\\/i0.wp.com\\\/casadecampoliving.com\\\/wp-content\\\/uploads\\\/2023\\\/03\\\/DIVERSA-by-Desiree-Cepeda-1-1.jpg?fit=1026%2C720&ssl=1\",\"datePublished\":\"2023-03-21T21:07:45+00:00\",\"dateModified\":\"2023-03-27T12:15:10+00:00\",\"description\":\"Venga y celebre la inauguraci\u00f3n de la exposici\u00f3n \\\"DIVERSA\\\" por la reconocida dise\u00f1adora y gestora cultural, Desir\u00e9e Cepeda, en el segundo piso de WAO\",\"breadcrumb\":{\"@id\":\"https:\\\/\\\/casadecampoliving.com\\\/es\\\/la-galeria-wao-y-centro-cultural-le-invita-a-la-inauguracion-de-diversa-una-coleccion-de-accesorios-unicos-hechos-a-mano-por-desiree-cepeda\\\/#breadcrumb\"},\"inLanguage\":\"es\",\"potentialAction\":[{\"@type\":\"ReadAction\",\"target\":[\"https:\\\/\\\/casadecampoliving.com\\\/es\\\/la-galeria-wao-y-centro-cultural-le-invita-a-la-inauguracion-de-diversa-una-coleccion-de-accesorios-unicos-hechos-a-mano-por-desiree-cepeda\\\/\"]}]},{\"@type\":\"ImageObject\",\"inLanguage\":\"es\",\"@id\":\"https:\\\/\\\/casadecampoliving.com\\\/es\\\/la-galeria-wao-y-centro-cultural-le-invita-a-la-inauguracion-de-diversa-una-coleccion-de-accesorios-unicos-hechos-a-mano-por-desiree-cepeda\\\/#primaryimage\",\"url\":\"https:\\\/\\\/i0.wp.com\\\/casadecampoliving.com\\\/wp-content\\\/uploads\\\/2023\\\/03\\\/DIVERSA-by-Desiree-Cepeda-1-1.jpg?fit=1026%2C720&ssl=1\",\"contentUrl\":\"https:\\\/\\\/i0.wp.com\\\/casadecampoliving.com\\\/wp-content\\\/uploads\\\/2023\\\/03\\\/DIVERSA-by-Desiree-Cepeda-1-1.jpg?fit=1026%2C720&ssl=1\",\"width\":1026,\"height\":720},{\"@type\":\"BreadcrumbList\",\"@id\":\"https:\\\/\\\/casadecampoliving.com\\\/es\\\/la-galeria-wao-y-centro-cultural-le-invita-a-la-inauguracion-de-diversa-una-coleccion-de-accesorios-unicos-hechos-a-mano-por-desiree-cepeda\\\/#breadcrumb\",\"itemListElement\":[{\"@type\":\"ListItem\",\"position\":1,\"name\":\"Home\",\"item\":\"https:\\\/\\\/casadecampoliving.com\\\/es\\\/\"},{\"@type\":\"ListItem\",\"position\":2,\"name\":\"La Galer\u00eda WAO y Centro Cultural le invita a la inauguraci\u00f3n de &#8216;DIVERSA&#8217;, una colecci\u00f3n de accesorios \u00fanicos hechos a mano por Desir\u00e9e Cepeda\"}]},{\"@type\":\"WebSite\",\"@id\":\"https:\\\/\\\/casadecampoliving.com\\\/es\\\/#website\",\"url\":\"https:\\\/\\\/casadecampoliving.com\\\/es\\\/\",\"name\":\"Casa de Campo Living\",\"description\":\"Resort community news and resources.\",\"publisher\":{\"@id\":\"https:\\\/\\\/casadecampoliving.com\\\/es\\\/#organization\"},\"potentialAction\":[{\"@type\":\"SearchAction\",\"target\":{\"@type\":\"EntryPoint\",\"urlTemplate\":\"https:\\\/\\\/casadecampoliving.com\\\/es\\\/?s={search_term_string}\"},\"query-input\":{\"@type\":\"PropertyValueSpecification\",\"valueRequired\":true,\"valueName\":\"search_term_string\"}}],\"inLanguage\":\"es\"},{\"@type\":\"Organization\",\"@id\":\"https:\\\/\\\/casadecampoliving.com\\\/es\\\/#organization\",\"name\":\"Casa de Campo Living\",\"url\":\"https:\\\/\\\/casadecampoliving.com\\\/es\\\/\",\"logo\":{\"@type\":\"ImageObject\",\"inLanguage\":\"es\",\"@id\":\"https:\\\/\\\/casadecampoliving.com\\\/es\\\/#\\\/schema\\\/logo\\\/image\\\/\",\"url\":\"https:\\\/\\\/i0.wp.com\\\/casadecampoliving.com\\\/wp-content\\\/uploads\\\/2022\\\/07\\\/CDCLivingLogo_V1-white-sized.png?fit=800%2C214&ssl=1\",\"contentUrl\":\"https:\\\/\\\/i0.wp.com\\\/casadecampoliving.com\\\/wp-content\\\/uploads\\\/2022\\\/07\\\/CDCLivingLogo_V1-white-sized.png?fit=800%2C214&ssl=1\",\"width\":800,\"height\":214,\"caption\":\"Casa de Campo Living\"},\"image\":{\"@id\":\"https:\\\/\\\/casadecampoliving.com\\\/es\\\/#\\\/schema\\\/logo\\\/image\\\/\"},\"sameAs\":[\"https:\\\/\\\/www.facebook.com\\\/casadecampoliving\",\"https:\\\/\\\/x.com\\\/cdcliving\"]},{\"@type\":\"Person\",\"@id\":\"https:\\\/\\\/casadecampoliving.com\\\/es\\\/#\\\/schema\\\/person\\\/5d2171637a9d11e0e43ce6b8555f9422\",\"name\":\"Casa de Campo Living\",\"image\":{\"@type\":\"ImageObject\",\"inLanguage\":\"es\",\"@id\":\"https:\\\/\\\/secure.gravatar.com\\\/avatar\\\/d04101fa4a9fd431e939953b1500fdc7a73cd35029f86d98712fd8ccdaebaf9a?s=96&d=mm&r=g\",\"url\":\"https:\\\/\\\/secure.gravatar.com\\\/avatar\\\/d04101fa4a9fd431e939953b1500fdc7a73cd35029f86d98712fd8ccdaebaf9a?s=96&d=mm&r=g\",\"contentUrl\":\"https:\\\/\\\/secure.gravatar.com\\\/avatar\\\/d04101fa4a9fd431e939953b1500fdc7a73cd35029f86d98712fd8ccdaebaf9a?s=96&d=mm&r=g\",\"caption\":\"Casa de Campo Living\"},\"url\":\"https:\\\/\\\/casadecampoliving.com\\\/es\\\/author\\\/casa-de-campo-living\\\/\"}]}<\/script>\n<!-- \/ Yoast SEO plugin. -->","yoast_head_json":{"title":"La Galer\u00eda WAO y Centro Cultural le invita a la inauguraci\u00f3n de 'DIVERSA', una colecci\u00f3n de accesorios \u00fanicos hechos a mano por Desir\u00e9e Cepeda | Casa de Campo Living","description":"Venga y celebre la inauguraci\u00f3n de la exposici\u00f3n \"DIVERSA\" por la reconocida dise\u00f1adora y gestora cultural, Desir\u00e9e Cepeda, en el segundo piso de WAO","robots":{"index":"index","follow":"follow","max-snippet":"max-snippet:-1","max-image-preview":"max-image-preview:large","max-video-preview":"max-video-preview:-1"},"canonical":"https:\/\/casadecampoliving.com\/es\/la-galeria-wao-y-centro-cultural-le-invita-a-la-inauguracion-de-diversa-una-coleccion-de-accesorios-unicos-hechos-a-mano-por-desiree-cepeda\/","og_locale":"es_ES","og_type":"article","og_title":"La Galer\u00eda WAO y Centro Cultural le invita a la inauguraci\u00f3n de 'DIVERSA', una colecci\u00f3n de accesorios \u00fanicos hechos a mano por Desir\u00e9e Cepeda | Casa de Campo Living","og_description":"Venga y celebre la inauguraci\u00f3n de la exposici\u00f3n \"DIVERSA\" por la reconocida dise\u00f1adora y gestora cultural, Desir\u00e9e Cepeda, en el segundo piso de WAO","og_url":"https:\/\/casadecampoliving.com\/es\/la-galeria-wao-y-centro-cultural-le-invita-a-la-inauguracion-de-diversa-una-coleccion-de-accesorios-unicos-hechos-a-mano-por-desiree-cepeda\/","og_site_name":"Casa de Campo Living","article_publisher":"https:\/\/www.facebook.com\/casadecampoliving","article_published_time":"2023-03-21T21:07:45+00:00","article_modified_time":"2023-03-27T12:15:10+00:00","og_image":[{"width":1026,"height":720,"url":"https:\/\/casadecampoliving.com\/wp-content\/uploads\/2023\/03\/DIVERSA-by-Desiree-Cepeda-1-1.jpg","type":"image\/jpeg"}],"author":"Casa de Campo Living","twitter_card":"summary_large_image","twitter_creator":"@cdcliving","twitter_site":"@cdcliving","twitter_misc":{"Escrito por":"Casa de Campo Living","Tiempo de lectura":"2 minutos"},"schema":{"@context":"https:\/\/schema.org","@graph":[{"@type":"Article","@id":"https:\/\/casadecampoliving.com\/es\/la-galeria-wao-y-centro-cultural-le-invita-a-la-inauguracion-de-diversa-una-coleccion-de-accesorios-unicos-hechos-a-mano-por-desiree-cepeda\/#article","isPartOf":{"@id":"https:\/\/casadecampoliving.com\/es\/la-galeria-wao-y-centro-cultural-le-invita-a-la-inauguracion-de-diversa-una-coleccion-de-accesorios-unicos-hechos-a-mano-por-desiree-cepeda\/"},"author":{"name":"Casa de Campo Living","@id":"https:\/\/casadecampoliving.com\/es\/#\/schema\/person\/5d2171637a9d11e0e43ce6b8555f9422"},"headline":"La Galer\u00eda WAO y Centro Cultural le invita a la inauguraci\u00f3n de &#8216;DIVERSA&#8217;, una colecci\u00f3n de accesorios \u00fanicos hechos a mano por Desir\u00e9e Cepeda","datePublished":"2023-03-21T21:07:45+00:00","dateModified":"2023-03-27T12:15:10+00:00","mainEntityOfPage":{"@id":"https:\/\/casadecampoliving.com\/es\/la-galeria-wao-y-centro-cultural-le-invita-a-la-inauguracion-de-diversa-una-coleccion-de-accesorios-unicos-hechos-a-mano-por-desiree-cepeda\/"},"wordCount":363,"publisher":{"@id":"https:\/\/casadecampoliving.com\/es\/#organization"},"image":{"@id":"https:\/\/casadecampoliving.com\/es\/la-galeria-wao-y-centro-cultural-le-invita-a-la-inauguracion-de-diversa-una-coleccion-de-accesorios-unicos-hechos-a-mano-por-desiree-cepeda\/#primaryimage"},"thumbnailUrl":"https:\/\/i0.wp.com\/casadecampoliving.com\/wp-content\/uploads\/2023\/03\/DIVERSA-by-Desiree-Cepeda-1-1.jpg?fit=1026%2C720&ssl=1","keywords":["Altos de Chav\u00f3n @es","exhibicion de arte","La Romana","La Romana @es","wao galeria"],"articleSection":["Proximamente","Rep\u00fablica Dominicana @es"],"inLanguage":"es"},{"@type":"WebPage","@id":"https:\/\/casadecampoliving.com\/es\/la-galeria-wao-y-centro-cultural-le-invita-a-la-inauguracion-de-diversa-una-coleccion-de-accesorios-unicos-hechos-a-mano-por-desiree-cepeda\/","url":"https:\/\/casadecampoliving.com\/es\/la-galeria-wao-y-centro-cultural-le-invita-a-la-inauguracion-de-diversa-una-coleccion-de-accesorios-unicos-hechos-a-mano-por-desiree-cepeda\/","name":"La Galer\u00eda WAO y Centro Cultural le invita a la inauguraci\u00f3n de 'DIVERSA', una colecci\u00f3n de accesorios \u00fanicos hechos a mano por Desir\u00e9e Cepeda | Casa de Campo Living","isPartOf":{"@id":"https:\/\/casadecampoliving.com\/es\/#website"},"primaryImageOfPage":{"@id":"https:\/\/casadecampoliving.com\/es\/la-galeria-wao-y-centro-cultural-le-invita-a-la-inauguracion-de-diversa-una-coleccion-de-accesorios-unicos-hechos-a-mano-por-desiree-cepeda\/#primaryimage"},"image":{"@id":"https:\/\/casadecampoliving.com\/es\/la-galeria-wao-y-centro-cultural-le-invita-a-la-inauguracion-de-diversa-una-coleccion-de-accesorios-unicos-hechos-a-mano-por-desiree-cepeda\/#primaryimage"},"thumbnailUrl":"https:\/\/i0.wp.com\/casadecampoliving.com\/wp-content\/uploads\/2023\/03\/DIVERSA-by-Desiree-Cepeda-1-1.jpg?fit=1026%2C720&ssl=1","datePublished":"2023-03-21T21:07:45+00:00","dateModified":"2023-03-27T12:15:10+00:00","description":"Venga y celebre la inauguraci\u00f3n de la exposici\u00f3n \"DIVERSA\" por la reconocida dise\u00f1adora y gestora cultural, Desir\u00e9e Cepeda, en el segundo piso de WAO","breadcrumb":{"@id":"https:\/\/casadecampoliving.com\/es\/la-galeria-wao-y-centro-cultural-le-invita-a-la-inauguracion-de-diversa-una-coleccion-de-accesorios-unicos-hechos-a-mano-por-desiree-cepeda\/#breadcrumb"},"inLanguage":"es","potentialAction":[{"@type":"ReadAction","target":["https:\/\/casadecampoliving.com\/es\/la-galeria-wao-y-centro-cultural-le-invita-a-la-inauguracion-de-diversa-una-coleccion-de-accesorios-unicos-hechos-a-mano-por-desiree-cepeda\/"]}]},{"@type":"ImageObject","inLanguage":"es","@id":"https:\/\/casadecampoliving.com\/es\/la-galeria-wao-y-centro-cultural-le-invita-a-la-inauguracion-de-diversa-una-coleccion-de-accesorios-unicos-hechos-a-mano-por-desiree-cepeda\/#primaryimage","url":"https:\/\/i0.wp.com\/casadecampoliving.com\/wp-content\/uploads\/2023\/03\/DIVERSA-by-Desiree-Cepeda-1-1.jpg?fit=1026%2C720&ssl=1","contentUrl":"https:\/\/i0.wp.com\/casadecampoliving.com\/wp-content\/uploads\/2023\/03\/DIVERSA-by-Desiree-Cepeda-1-1.jpg?fit=1026%2C720&ssl=1","width":1026,"height":720},{"@type":"BreadcrumbList","@id":"https:\/\/casadecampoliving.com\/es\/la-galeria-wao-y-centro-cultural-le-invita-a-la-inauguracion-de-diversa-una-coleccion-de-accesorios-unicos-hechos-a-mano-por-desiree-cepeda\/#breadcrumb","itemListElement":[{"@type":"ListItem","position":1,"name":"Home","item":"https:\/\/casadecampoliving.com\/es\/"},{"@type":"ListItem","position":2,"name":"La Galer\u00eda WAO y Centro Cultural le invita a la inauguraci\u00f3n de &#8216;DIVERSA&#8217;, una colecci\u00f3n de accesorios \u00fanicos hechos a mano por Desir\u00e9e Cepeda"}]},{"@type":"WebSite","@id":"https:\/\/casadecampoliving.com\/es\/#website","url":"https:\/\/casadecampoliving.com\/es\/","name":"Casa de Campo Living","description":"Resort community news and resources.","publisher":{"@id":"https:\/\/casadecampoliving.com\/es\/#organization"},"potentialAction":[{"@type":"SearchAction","target":{"@type":"EntryPoint","urlTemplate":"https:\/\/casadecampoliving.com\/es\/?s={search_term_string}"},"query-input":{"@type":"PropertyValueSpecification","valueRequired":true,"valueName":"search_term_string"}}],"inLanguage":"es"},{"@type":"Organization","@id":"https:\/\/casadecampoliving.com\/es\/#organization","name":"Casa de Campo Living","url":"https:\/\/casadecampoliving.com\/es\/","logo":{"@type":"ImageObject","inLanguage":"es","@id":"https:\/\/casadecampoliving.com\/es\/#\/schema\/logo\/image\/","url":"https:\/\/i0.wp.com\/casadecampoliving.com\/wp-content\/uploads\/2022\/07\/CDCLivingLogo_V1-white-sized.png?fit=800%2C214&ssl=1","contentUrl":"https:\/\/i0.wp.com\/casadecampoliving.com\/wp-content\/uploads\/2022\/07\/CDCLivingLogo_V1-white-sized.png?fit=800%2C214&ssl=1","width":800,"height":214,"caption":"Casa de Campo Living"},"image":{"@id":"https:\/\/casadecampoliving.com\/es\/#\/schema\/logo\/image\/"},"sameAs":["https:\/\/www.facebook.com\/casadecampoliving","https:\/\/x.com\/cdcliving"]},{"@type":"Person","@id":"https:\/\/casadecampoliving.com\/es\/#\/schema\/person\/5d2171637a9d11e0e43ce6b8555f9422","name":"Casa de Campo Living","image":{"@type":"ImageObject","inLanguage":"es","@id":"https:\/\/secure.gravatar.com\/avatar\/d04101fa4a9fd431e939953b1500fdc7a73cd35029f86d98712fd8ccdaebaf9a?s=96&d=mm&r=g","url":"https:\/\/secure.gravatar.com\/avatar\/d04101fa4a9fd431e939953b1500fdc7a73cd35029f86d98712fd8ccdaebaf9a?s=96&d=mm&r=g","contentUrl":"https:\/\/secure.gravatar.com\/avatar\/d04101fa4a9fd431e939953b1500fdc7a73cd35029f86d98712fd8ccdaebaf9a?s=96&d=mm&r=g","caption":"Casa de Campo Living"},"url":"https:\/\/casadecampoliving.com\/es\/author\/casa-de-campo-living\/"}]}},"parsely":{"version":"1.1.0","canonical_url":"https:\/\/casadecampoliving.com\/es\/la-galeria-wao-y-centro-cultural-le-invita-a-la-inauguracion-de-diversa-una-coleccion-de-accesorios-unicos-hechos-a-mano-por-desiree-cepeda\/","smart_links":{"inbound":0,"outbound":0},"traffic_boost_suggestions_count":0,"meta":{"@context":"https:\/\/schema.org","@type":"NewsArticle","headline":"La Galer\u00eda WAO y Centro Cultural le invita a la inauguraci\u00f3n de &#8216;DIVERSA&#8217;, una colecci\u00f3n de accesorios \u00fanicos hechos a mano por Desir\u00e9e Cepeda","url":"http:\/\/casadecampoliving.com\/es\/la-galeria-wao-y-centro-cultural-le-invita-a-la-inauguracion-de-diversa-una-coleccion-de-accesorios-unicos-hechos-a-mano-por-desiree-cepeda\/","mainEntityOfPage":{"@type":"WebPage","@id":"http:\/\/casadecampoliving.com\/es\/la-galeria-wao-y-centro-cultural-le-invita-a-la-inauguracion-de-diversa-una-coleccion-de-accesorios-unicos-hechos-a-mano-por-desiree-cepeda\/"},"thumbnailUrl":"https:\/\/i0.wp.com\/casadecampoliving.com\/wp-content\/uploads\/2023\/03\/DIVERSA-by-Desiree-Cepeda-1-1.jpg?resize=150%2C150&ssl=1","image":{"@type":"ImageObject","url":"https:\/\/i0.wp.com\/casadecampoliving.com\/wp-content\/uploads\/2023\/03\/DIVERSA-by-Desiree-Cepeda-1-1.jpg?fit=1026%2C720&ssl=1"},"articleSection":"Proximamente","author":[{"@type":"Person","name":"Casa de Campo Living"}],"creator":["Casa de Campo Living"],"publisher":{"@type":"Organization","name":"Casa de Campo Living","logo":"https:\/\/casadecampoliving.com\/wp-content\/uploads\/2022\/07\/CDCLivingLogo_V1-white-sized.png"},"keywords":["altos de chav\u00f3n @es","exhibicion de arte","la romana","la romana @es","wao galeria"],"dateCreated":"2023-03-21T21:07:45Z","datePublished":"2023-03-21T21:07:45Z","dateModified":"2023-03-27T12:15:10Z"},"rendered":"<script type=\"application\/ld+json\" class=\"wp-parsely-metadata\">{\"@context\":\"https:\\\/\\\/schema.org\",\"@type\":\"NewsArticle\",\"headline\":\"La Galer\\u00eda WAO y Centro Cultural le invita a la inauguraci\\u00f3n de &#8216;DIVERSA&#8217;, una colecci\\u00f3n de accesorios \\u00fanicos hechos a mano por Desir\\u00e9e Cepeda\",\"url\":\"http:\\\/\\\/casadecampoliving.com\\\/es\\\/la-galeria-wao-y-centro-cultural-le-invita-a-la-inauguracion-de-diversa-una-coleccion-de-accesorios-unicos-hechos-a-mano-por-desiree-cepeda\\\/\",\"mainEntityOfPage\":{\"@type\":\"WebPage\",\"@id\":\"http:\\\/\\\/casadecampoliving.com\\\/es\\\/la-galeria-wao-y-centro-cultural-le-invita-a-la-inauguracion-de-diversa-una-coleccion-de-accesorios-unicos-hechos-a-mano-por-desiree-cepeda\\\/\"},\"thumbnailUrl\":\"https:\\\/\\\/i0.wp.com\\\/casadecampoliving.com\\\/wp-content\\\/uploads\\\/2023\\\/03\\\/DIVERSA-by-Desiree-Cepeda-1-1.jpg?resize=150%2C150&ssl=1\",\"image\":{\"@type\":\"ImageObject\",\"url\":\"https:\\\/\\\/i0.wp.com\\\/casadecampoliving.com\\\/wp-content\\\/uploads\\\/2023\\\/03\\\/DIVERSA-by-Desiree-Cepeda-1-1.jpg?fit=1026%2C720&ssl=1\"},\"articleSection\":\"Proximamente\",\"author\":[{\"@type\":\"Person\",\"name\":\"Casa de Campo Living\"}],\"creator\":[\"Casa de Campo Living\"],\"publisher\":{\"@type\":\"Organization\",\"name\":\"Casa de Campo Living\",\"logo\":\"https:\\\/\\\/casadecampoliving.com\\\/wp-content\\\/uploads\\\/2022\\\/07\\\/CDCLivingLogo_V1-white-sized.png\"},\"keywords\":[\"altos de chav\\u00f3n @es\",\"exhibicion de arte\",\"la romana\",\"la romana @es\",\"wao galeria\"],\"dateCreated\":\"2023-03-21T21:07:45Z\",\"datePublished\":\"2023-03-21T21:07:45Z\",\"dateModified\":\"2023-03-27T12:15:10Z\"}<\/script>","tracker_url":"https:\/\/cdn.parsely.com\/keys\/casadecampoliving.com\/p.js"},"jetpack_publicize_connections":[],"jetpack_featured_media_url":"https:\/\/i0.wp.com\/casadecampoliving.com\/wp-content\/uploads\/2023\/03\/DIVERSA-by-Desiree-Cepeda-1-1.jpg?fit=1026%2C720&ssl=1","jetpack-related-posts":[{"id":516050,"url":"https:\/\/casadecampoliving.com\/es\/wao-galeria-y-centro-cultural-presenta-la-exhibicion-diversa-de-desiree-cepeda\/","url_meta":{"origin":515772,"position":0},"title":"WAO Galer\u00eda y Centro Cultural presenta la exhibici\u00f3n \u00abDIVERSA\u00bb de Desire\u00e9 Cepeda","author":"Casa de Campo Living","date":"28 Mar, 2023","format":false,"excerpt":"WAO Galer\u00eda y Centro Cultural en Altos de Chav\u00f3n recientemente abri\u00f3 la exhibici\u00f3n \"DIVERSA\", que presenta la talentosa gestora cultural y dise\u00f1adora Desire\u00e9 Cepeda. La exhibici\u00f3n muestra una impresionante colecci\u00f3n de accesorios inspirados en la cultura caribe\u00f1a, destacando la versatilidad de los dise\u00f1os de Cepeda, que incorporan elegantemente artesan\u00edas tradicionales\u2026","rel":"","context":"En \u00abUncategorized @es\u00bb","block_context":{"text":"Uncategorized @es","link":"https:\/\/casadecampoliving.com\/es\/category\/uncategorized-es\/"},"img":{"alt_text":"","src":"https:\/\/i0.wp.com\/casadecampoliving.com\/wp-content\/uploads\/2023\/04\/WAO-Gallery-Cultural-Center-Diversa-13.png?fit=1200%2C800&ssl=1&resize=350%2C200","width":350,"height":200,"srcset":"https:\/\/i0.wp.com\/casadecampoliving.com\/wp-content\/uploads\/2023\/04\/WAO-Gallery-Cultural-Center-Diversa-13.png?fit=1200%2C800&ssl=1&resize=350%2C200 1x, https:\/\/i0.wp.com\/casadecampoliving.com\/wp-content\/uploads\/2023\/04\/WAO-Gallery-Cultural-Center-Diversa-13.png?fit=1200%2C800&ssl=1&resize=525%2C300 1.5x, https:\/\/i0.wp.com\/casadecampoliving.com\/wp-content\/uploads\/2023\/04\/WAO-Gallery-Cultural-Center-Diversa-13.png?fit=1200%2C800&ssl=1&resize=700%2C400 2x, https:\/\/i0.wp.com\/casadecampoliving.com\/wp-content\/uploads\/2023\/04\/WAO-Gallery-Cultural-Center-Diversa-13.png?fit=1200%2C800&ssl=1&resize=1050%2C600 3x"},"classes":[]},{"id":515707,"url":"https:\/\/casadecampoliving.com\/wao-gallery-cultural-center-invites-you-to-the-opening-of-diversa-a-collection-of-unique-handcrafted-accessories-by-desiree-cepeda\/","url_meta":{"origin":515772,"position":1},"title":"WAO Gallery &#038; Cultural Center Invites You to the Opening of &#8216;DIVERSA&#8217;, a Collection of Unique Handcrafted Accessories by Desir\u00e9e Cepeda","author":"Casa de Campo Living","date":"21 Mar, 2023","format":false,"excerpt":"Come and celebrate the opening of the \"DIVERSA\" exhibition by the renowned cultural manager and designer, Desir\u00e9e Cepeda, on the second floor of WAO Gallery & Cultural Center in Altos de Chav\u00f3n. Desir\u00e9e Cepeda is known for her innovative vision of Dominican culture, reflected in her unique designs and creations.\u2026","rel":"","context":"En \u00abAltos de Chavon\u00bb","block_context":{"text":"Altos de Chavon","link":"https:\/\/casadecampoliving.com\/category\/altos-de-chavon\/"},"img":{"alt_text":"","src":"https:\/\/i0.wp.com\/casadecampoliving.com\/wp-content\/uploads\/2023\/03\/DIVERSA-by-Desiree-Cepeda-1-1.jpg?fit=1026%2C720&ssl=1&resize=350%2C200","width":350,"height":200,"srcset":"https:\/\/i0.wp.com\/casadecampoliving.com\/wp-content\/uploads\/2023\/03\/DIVERSA-by-Desiree-Cepeda-1-1.jpg?fit=1026%2C720&ssl=1&resize=350%2C200 1x, https:\/\/i0.wp.com\/casadecampoliving.com\/wp-content\/uploads\/2023\/03\/DIVERSA-by-Desiree-Cepeda-1-1.jpg?fit=1026%2C720&ssl=1&resize=525%2C300 1.5x, https:\/\/i0.wp.com\/casadecampoliving.com\/wp-content\/uploads\/2023\/03\/DIVERSA-by-Desiree-Cepeda-1-1.jpg?fit=1026%2C720&ssl=1&resize=700%2C400 2x"},"classes":[]},{"id":515979,"url":"https:\/\/casadecampoliving.com\/wao-gallery-cultural-center-unveils-diversa-exhibition-by-desiree-cepeda\/","url_meta":{"origin":515772,"position":2},"title":"WAO Gallery &amp; Cultural Center Unveils \u00abDIVERSA\u00bb Exhibition by Desire\u00e9 Cepeda","author":"Casa de Campo Living","date":"28 Mar, 2023","format":false,"excerpt":"The WAO Gallery & Cultural Center in Altos de Chav\u00f3n recently opened the \"DIVERSA\" exhibition, featuring the talented cultural manager and designer Desire\u00e9 Cepeda. The exhibition showcases an impressive collection of accessories inspired by Caribbean culture, highlighting the versatility of Cepeda's designs, which elegantly incorporate traditional handicrafts and fashion elements\u2026","rel":"","context":"En \u00abAltos de Chavon\u00bb","block_context":{"text":"Altos de Chavon","link":"https:\/\/casadecampoliving.com\/tag\/altos-de-chavon\/"},"img":{"alt_text":"","src":"https:\/\/i0.wp.com\/casadecampoliving.com\/wp-content\/uploads\/2023\/04\/WAO-Gallery-Cultural-Center-Diversa-13.png?fit=1200%2C800&ssl=1&resize=350%2C200","width":350,"height":200,"srcset":"https:\/\/i0.wp.com\/casadecampoliving.com\/wp-content\/uploads\/2023\/04\/WAO-Gallery-Cultural-Center-Diversa-13.png?fit=1200%2C800&ssl=1&resize=350%2C200 1x, https:\/\/i0.wp.com\/casadecampoliving.com\/wp-content\/uploads\/2023\/04\/WAO-Gallery-Cultural-Center-Diversa-13.png?fit=1200%2C800&ssl=1&resize=525%2C300 1.5x, https:\/\/i0.wp.com\/casadecampoliving.com\/wp-content\/uploads\/2023\/04\/WAO-Gallery-Cultural-Center-Diversa-13.png?fit=1200%2C800&ssl=1&resize=700%2C400 2x, https:\/\/i0.wp.com\/casadecampoliving.com\/wp-content\/uploads\/2023\/04\/WAO-Gallery-Cultural-Center-Diversa-13.png?fit=1200%2C800&ssl=1&resize=1050%2C600 3x"},"classes":[]},{"id":519458,"url":"https:\/\/casadecampoliving.com\/es\/embajada-de-ecuador-presenta-universo-multicolor-de-eddie-mosler-en-la-galeria-wao\/","url_meta":{"origin":515772,"position":3},"title":"Embajada de Ecuador presenta &#8216;Universo Multicolor&#8217; de Eddie Mosler en la Galer\u00eda WAO","author":"Casa de Campo Living","date":"19 Jun, 2023","format":false,"excerpt":"WAO Galer\u00eda y Centro Cultural, con el patrocinio de la Embajada de Ecuador en la Rep\u00fablica Dominicana, inauguraron la exposici\u00f3n \"Universo Multicolor\" del artista ecuatoriano Eddie Mosler el 17 de junio y estar\u00e1 abierta hasta el 17 de julio. Esta exposici\u00f3n consta de un total de 29 piezas que nos\u2026","rel":"","context":"En \u00abEstilo de Vida\u00bb","block_context":{"text":"Estilo de Vida","link":"https:\/\/casadecampoliving.com\/es\/category\/estilo-de-vida\/"},"img":{"alt_text":"","src":"https:\/\/i0.wp.com\/casadecampoliving.com\/wp-content\/uploads\/2023\/06\/Eddie-Mosler-Multicolored-universe-20.jpg?fit=1024%2C683&ssl=1&resize=350%2C200","width":350,"height":200,"srcset":"https:\/\/i0.wp.com\/casadecampoliving.com\/wp-content\/uploads\/2023\/06\/Eddie-Mosler-Multicolored-universe-20.jpg?fit=1024%2C683&ssl=1&resize=350%2C200 1x, https:\/\/i0.wp.com\/casadecampoliving.com\/wp-content\/uploads\/2023\/06\/Eddie-Mosler-Multicolored-universe-20.jpg?fit=1024%2C683&ssl=1&resize=525%2C300 1.5x, https:\/\/i0.wp.com\/casadecampoliving.com\/wp-content\/uploads\/2023\/06\/Eddie-Mosler-Multicolored-universe-20.jpg?fit=1024%2C683&ssl=1&resize=700%2C400 2x"},"classes":[]},{"id":521490,"url":"https:\/\/casadecampoliving.com\/es\/wao-galeria-centro-cultural-presenta-la-exposicion-wao-market-arts-crafts-2\/","url_meta":{"origin":515772,"position":4},"title":"WAO Galer\u00eda &#038; Centro Cultural Presenta la Exposici\u00f3n \u00abWAO Market \u2013 Arts &#038; Crafts\u00bb","author":"Casa de Campo Living","date":"5 Sep, 2023","format":false,"excerpt":"El pasado jueves, 31 de agosto, el WAO Galer\u00eda & Centro Cultural present\u00f3 la exposici\u00f3n \"WAO Market \u2013 Artes y Oficios\", una muestra que fusiona fotograf\u00edas impactantes que resaltan el impacto social del Patronato Ben\u00e9fico Oriental (PBO) con diversas obras de arte donadas por artistas en apoyo a la misi\u00f3n\u2026","rel":"","context":"En \u00abAltos de Chav\u00f3n\u00bb","block_context":{"text":"Altos de Chav\u00f3n","link":"https:\/\/casadecampoliving.com\/es\/category\/altos-de-chavon-6\/"},"img":{"alt_text":"","src":"https:\/\/i0.wp.com\/casadecampoliving.com\/wp-content\/uploads\/2023\/09\/WAO-Gallery-6.png?fit=1098%2C725&ssl=1&resize=350%2C200","width":350,"height":200,"srcset":"https:\/\/i0.wp.com\/casadecampoliving.com\/wp-content\/uploads\/2023\/09\/WAO-Gallery-6.png?fit=1098%2C725&ssl=1&resize=350%2C200 1x, https:\/\/i0.wp.com\/casadecampoliving.com\/wp-content\/uploads\/2023\/09\/WAO-Gallery-6.png?fit=1098%2C725&ssl=1&resize=525%2C300 1.5x, https:\/\/i0.wp.com\/casadecampoliving.com\/wp-content\/uploads\/2023\/09\/WAO-Gallery-6.png?fit=1098%2C725&ssl=1&resize=700%2C400 2x, https:\/\/i0.wp.com\/casadecampoliving.com\/wp-content\/uploads\/2023\/09\/WAO-Gallery-6.png?fit=1098%2C725&ssl=1&resize=1050%2C600 3x"},"classes":[]},{"id":520995,"url":"https:\/\/casadecampoliving.com\/es\/wao-galeria-centro-cultural-presenta-la-exposicion-wao-market-arts-crafts\/","url_meta":{"origin":515772,"position":5},"title":"*ACTUALIZADO* WAO Galer\u00eda &#038; Centro Cultural Presenta la Exposici\u00f3n \u00abWAO Market \u2013 Arts &#038; Crafts\u00bb","author":"Casa de Campo Living","date":"21 Ago, 2023","format":false,"excerpt":"*ACTUALIZACI\u00d3N: Debido a las condiciones clim\u00e1ticas, la apertura de WAO Market - Artes y Manualidades se pospone al pr\u00f3ximo jueves 31 de agosto.* En una celebraci\u00f3n del arte, la comunidad y la filantrop\u00eda, el WAO Galer\u00eda & Centro Cultural se enorgullece en presentar la pr\u00f3xima exposici\u00f3n titulada \"WAO Market \u2013\u2026","rel":"","context":"En \u00abEstilo de Vida\u00bb","block_context":{"text":"Estilo de Vida","link":"https:\/\/casadecampoliving.com\/es\/category\/estilo-de-vida\/"},"img":{"alt_text":"","src":"https:\/\/i0.wp.com\/casadecampoliving.com\/wp-content\/uploads\/2023\/08\/Wao-Gallery.-Foto-Mairobi-Herrera-2-scaled.jpg?fit=1200%2C800&ssl=1&resize=350%2C200","width":350,"height":200,"srcset":"https:\/\/i0.wp.com\/casadecampoliving.com\/wp-content\/uploads\/2023\/08\/Wao-Gallery.-Foto-Mairobi-Herrera-2-scaled.jpg?fit=1200%2C800&ssl=1&resize=350%2C200 1x, https:\/\/i0.wp.com\/casadecampoliving.com\/wp-content\/uploads\/2023\/08\/Wao-Gallery.-Foto-Mairobi-Herrera-2-scaled.jpg?fit=1200%2C800&ssl=1&resize=525%2C300 1.5x, https:\/\/i0.wp.com\/casadecampoliving.com\/wp-content\/uploads\/2023\/08\/Wao-Gallery.-Foto-Mairobi-Herrera-2-scaled.jpg?fit=1200%2C800&ssl=1&resize=700%2C400 2x, https:\/\/i0.wp.com\/casadecampoliving.com\/wp-content\/uploads\/2023\/08\/Wao-Gallery.-Foto-Mairobi-Herrera-2-scaled.jpg?fit=1200%2C800&ssl=1&resize=1050%2C600 3x"},"classes":[]}],"jetpack_sharing_enabled":true,"_links":{"self":[{"href":"https:\/\/casadecampoliving.com\/es\/wp-json\/wp\/v2\/posts\/515772","targetHints":{"allow":["GET"]}}],"collection":[{"href":"https:\/\/casadecampoliving.com\/es\/wp-json\/wp\/v2\/posts"}],"about":[{"href":"https:\/\/casadecampoliving.com\/es\/wp-json\/wp\/v2\/types\/post"}],"author":[{"embeddable":true,"href":"https:\/\/casadecampoliving.com\/es\/wp-json\/wp\/v2\/users\/36791"}],"replies":[{"embeddable":true,"href":"https:\/\/casadecampoliving.com\/es\/wp-json\/wp\/v2\/comments?post=515772"}],"version-history":[{"count":3,"href":"https:\/\/casadecampoliving.com\/es\/wp-json\/wp\/v2\/posts\/515772\/revisions"}],"predecessor-version":[{"id":515776,"href":"https:\/\/casadecampoliving.com\/es\/wp-json\/wp\/v2\/posts\/515772\/revisions\/515776"}],"wp:featuredmedia":[{"embeddable":true,"href":"https:\/\/casadecampoliving.com\/es\/wp-json\/wp\/v2\/media\/515716"}],"wp:attachment":[{"href":"https:\/\/casadecampoliving.com\/es\/wp-json\/wp\/v2\/media?parent=515772"}],"wp:term":[{"taxonomy":"category","embeddable":true,"href":"https:\/\/casadecampoliving.com\/es\/wp-json\/wp\/v2\/categories?post=515772"},{"taxonomy":"post_tag","embeddable":true,"href":"https:\/\/casadecampoliving.com\/es\/wp-json\/wp\/v2\/tags?post=515772"},{"taxonomy":"newspack_spnsrs_tax","embeddable":true,"href":"https:\/\/casadecampoliving.com\/es\/wp-json\/wp\/v2\/newspack_spnsrs_tax?post=515772"}],"curies":[{"name":"wp","href":"https:\/\/api.w.org\/{rel}","templated":true}]}}