{"id":514203,"date":"2023-02-13T10:41:32","date_gmt":"2023-02-13T14:41:32","guid":{"rendered":"https:\/\/casadecampoliving.com\/?p=514203"},"modified":"2023-02-13T10:55:41","modified_gmt":"2023-02-13T14:55:41","slug":"un-concierto-para-la-historia-rod-stewart-en-altos-de-chavon","status":"publish","type":"post","link":"https:\/\/casadecampoliving.com\/es\/un-concierto-para-la-historia-rod-stewart-en-altos-de-chavon\/","title":{"rendered":"Un Concierto para la Historia: Rod Stewart en Altos de Chav\u00f3n"},"content":{"rendered":"\n<p class=\"has-text-align-justify\">\u00a1Sir Rod Stewart se present\u00f3 en un anfiteatro repleto en Altos de Chav\u00f3n para su primer concierto en el pa\u00eds! La leyenda del Rock and Roll vino a deleitar a los fans como parte de su gira que ha recorrido varios pa\u00edses, entre ellos Rep\u00fablica Dominicana y Puerto Rico.<\/p>\n\n\n\n<figure class=\"wp-block-image size-large\"><img data-recalc-dims=\"1\" loading=\"lazy\" decoding=\"async\" width=\"1024\" height=\"684\" src=\"https:\/\/i0.wp.com\/casadecampoliving.com\/wp-content\/uploads\/2023\/02\/Rod-Stewart-Concert11.jpg?resize=1024%2C684&#038;ssl=1\" alt=\"\" class=\"wp-image-514168\" srcset=\"https:\/\/i0.wp.com\/casadecampoliving.com\/wp-content\/uploads\/2023\/02\/Rod-Stewart-Concert11.jpg?resize=1024%2C684&amp;ssl=1 1024w, https:\/\/i0.wp.com\/casadecampoliving.com\/wp-content\/uploads\/2023\/02\/Rod-Stewart-Concert11.jpg?resize=300%2C200&amp;ssl=1 300w, https:\/\/i0.wp.com\/casadecampoliving.com\/wp-content\/uploads\/2023\/02\/Rod-Stewart-Concert11.jpg?resize=768%2C513&amp;ssl=1 768w, https:\/\/i0.wp.com\/casadecampoliving.com\/wp-content\/uploads\/2023\/02\/Rod-Stewart-Concert11.jpg?resize=400%2C267&amp;ssl=1 400w, https:\/\/i0.wp.com\/casadecampoliving.com\/wp-content\/uploads\/2023\/02\/Rod-Stewart-Concert11.jpg?resize=150%2C100&amp;ssl=1 150w, https:\/\/i0.wp.com\/casadecampoliving.com\/wp-content\/uploads\/2023\/02\/Rod-Stewart-Concert11.jpg?w=1200&amp;ssl=1 1200w, https:\/\/i0.wp.com\/casadecampoliving.com\/wp-content\/uploads\/2023\/02\/Rod-Stewart-Concert11-1024x684.jpg?w=370&amp;ssl=1 370w\" sizes=\"auto, (max-width: 1000px) 100vw, 1000px\" \/><\/figure>\n\n\n\n<p class=\"has-text-align-justify\">A las 8:30 pm, con una grabaci\u00f3n de gaitas, Sir Rod Stewart dio inicio al tan esperado evento con su canci\u00f3n \u201cInfatuation\u201d, provocando una explosi\u00f3n de energ\u00eda y alegr\u00eda en el p\u00fablico asistente.<\/p>\n\n\n\n<p class=\"has-text-align-justify\">El artista brit\u00e1nico, conocido por su carisma y energ\u00eda, no defraud\u00f3 a sus fans al incluir en su repertorio sus \u00e9xitos m\u00e1s conocidos, cantados por el p\u00fablico a todo pulm\u00f3n. Producido por SD Concerts y dirigido por el empresario art\u00edstico Saymon D\u00edaz, Rod Stewart sorprendi\u00f3 a sus fans con varios cambios de vestuario y una animada actuaci\u00f3n en el escenario.<\/p>\n\n\n\n<figure class=\"wp-block-image size-large\"><img data-recalc-dims=\"1\" loading=\"lazy\" decoding=\"async\" width=\"1024\" height=\"719\" src=\"https:\/\/i0.wp.com\/casadecampoliving.com\/wp-content\/uploads\/2023\/02\/Rod-Stewart-Concert2.jpg?resize=1024%2C719&#038;ssl=1\" alt=\"\" class=\"wp-image-514170\" srcset=\"https:\/\/i0.wp.com\/casadecampoliving.com\/wp-content\/uploads\/2023\/02\/Rod-Stewart-Concert2.jpg?resize=1024%2C719&amp;ssl=1 1024w, https:\/\/i0.wp.com\/casadecampoliving.com\/wp-content\/uploads\/2023\/02\/Rod-Stewart-Concert2.jpg?resize=300%2C211&amp;ssl=1 300w, https:\/\/i0.wp.com\/casadecampoliving.com\/wp-content\/uploads\/2023\/02\/Rod-Stewart-Concert2.jpg?resize=768%2C539&amp;ssl=1 768w, https:\/\/i0.wp.com\/casadecampoliving.com\/wp-content\/uploads\/2023\/02\/Rod-Stewart-Concert2.jpg?resize=400%2C281&amp;ssl=1 400w, https:\/\/i0.wp.com\/casadecampoliving.com\/wp-content\/uploads\/2023\/02\/Rod-Stewart-Concert2.jpg?resize=150%2C105&amp;ssl=1 150w, https:\/\/i0.wp.com\/casadecampoliving.com\/wp-content\/uploads\/2023\/02\/Rod-Stewart-Concert2.jpg?w=1200&amp;ssl=1 1200w, https:\/\/i0.wp.com\/casadecampoliving.com\/wp-content\/uploads\/2023\/02\/Rod-Stewart-Concert2-1024x719.jpg?w=370&amp;ssl=1 370w\" sizes=\"auto, (max-width: 1000px) 100vw, 1000px\" \/><\/figure>\n\n\n\n<p class=\"has-text-align-justify\">A pesar de estar alegre durante la mayor parte del espect\u00e1culo, Sir Rod Stewart aprovech\u00f3 la oportunidad para enviar un mensaje de apoyo a Ucrania en su guerra contra Rusia con su canci\u00f3n \u00abRhythm of My Heart\u00bb con los colores de la bandera ucraniana.<\/p>\n\n\n\n<p class=\"has-text-align-justify\">Acompa\u00f1ado por una banda de 12 integrantes y coristas, Rod Stewart interactuaba constantemente con la audiencia, interpretando canciones como \u00abLady Marmalade\u00bb, \u00abMaggie\u00bb, \u00abIt Takes Two\u00bb, \u00abHaving a Party\u00bb, \u00abWear it Well\u00bb \u00abSome Guys\u00bb y su ic\u00f3nica canci\u00f3n \u00abForever Young\u00bb. Tambi\u00e9n incluy\u00f3 una secci\u00f3n ac\u00fastica con \u00abTalk about it\u00bb, \u00abTonight&#8217;s the night\u00bb y \u00abHave I told you lately\u00bb antes de terminar la noche con su cl\u00e1sico \u00abSexy\u00bb.<\/p>\n\n\n\n<figure class=\"wp-block-image size-large\"><img data-recalc-dims=\"1\" loading=\"lazy\" decoding=\"async\" width=\"1024\" height=\"684\" src=\"https:\/\/i0.wp.com\/casadecampoliving.com\/wp-content\/uploads\/2023\/02\/Rod-Stewart-Concert8.jpg?resize=1024%2C684&#038;ssl=1\" alt=\"\" class=\"wp-image-514173\" srcset=\"https:\/\/i0.wp.com\/casadecampoliving.com\/wp-content\/uploads\/2023\/02\/Rod-Stewart-Concert8.jpg?resize=1024%2C684&amp;ssl=1 1024w, https:\/\/i0.wp.com\/casadecampoliving.com\/wp-content\/uploads\/2023\/02\/Rod-Stewart-Concert8.jpg?resize=300%2C200&amp;ssl=1 300w, https:\/\/i0.wp.com\/casadecampoliving.com\/wp-content\/uploads\/2023\/02\/Rod-Stewart-Concert8.jpg?resize=768%2C513&amp;ssl=1 768w, https:\/\/i0.wp.com\/casadecampoliving.com\/wp-content\/uploads\/2023\/02\/Rod-Stewart-Concert8.jpg?resize=400%2C267&amp;ssl=1 400w, https:\/\/i0.wp.com\/casadecampoliving.com\/wp-content\/uploads\/2023\/02\/Rod-Stewart-Concert8.jpg?resize=150%2C100&amp;ssl=1 150w, https:\/\/i0.wp.com\/casadecampoliving.com\/wp-content\/uploads\/2023\/02\/Rod-Stewart-Concert8.jpg?w=1200&amp;ssl=1 1200w, https:\/\/i0.wp.com\/casadecampoliving.com\/wp-content\/uploads\/2023\/02\/Rod-Stewart-Concert8-1024x684.jpg?w=370&amp;ssl=1 370w\" sizes=\"auto, (max-width: 1000px) 100vw, 1000px\" \/><\/figure>\n\n\n\n<p class=\"has-text-align-justify\">Sin duda fue un concierto para la historia que hizo vibrar las piedras de Altos de Chav\u00f3n y dejar\u00e1 un recuerdo imborrable en todos los asistentes.<\/p>\n\n\n\n<p>Encuentre a continuaci\u00f3n m\u00e1s fotos del concierto cortes\u00eda de SD Concerts:<\/p>\n\n\n\n<figure class=\"wp-block-gallery has-nested-images columns-default is-cropped wp-block-gallery-1 is-layout-flex wp-block-gallery-is-layout-flex\">\n<figure class=\"wp-block-image size-large\"><img data-recalc-dims=\"1\" loading=\"lazy\" decoding=\"async\" width=\"1024\" height=\"644\" data-id=\"514185\" src=\"https:\/\/i0.wp.com\/casadecampoliving.com\/wp-content\/uploads\/2023\/02\/Rod-Stewart-Concert1.jpg?resize=1024%2C644&#038;ssl=1\" alt=\"\" class=\"wp-image-514185\" srcset=\"https:\/\/i0.wp.com\/casadecampoliving.com\/wp-content\/uploads\/2023\/02\/Rod-Stewart-Concert1.jpg?resize=1024%2C644&amp;ssl=1 1024w, https:\/\/i0.wp.com\/casadecampoliving.com\/wp-content\/uploads\/2023\/02\/Rod-Stewart-Concert1.jpg?resize=300%2C189&amp;ssl=1 300w, https:\/\/i0.wp.com\/casadecampoliving.com\/wp-content\/uploads\/2023\/02\/Rod-Stewart-Concert1.jpg?resize=768%2C483&amp;ssl=1 768w, https:\/\/i0.wp.com\/casadecampoliving.com\/wp-content\/uploads\/2023\/02\/Rod-Stewart-Concert1.jpg?resize=400%2C252&amp;ssl=1 400w, https:\/\/i0.wp.com\/casadecampoliving.com\/wp-content\/uploads\/2023\/02\/Rod-Stewart-Concert1.jpg?resize=150%2C94&amp;ssl=1 150w, https:\/\/i0.wp.com\/casadecampoliving.com\/wp-content\/uploads\/2023\/02\/Rod-Stewart-Concert1.jpg?w=1200&amp;ssl=1 1200w, https:\/\/i0.wp.com\/casadecampoliving.com\/wp-content\/uploads\/2023\/02\/Rod-Stewart-Concert1-1024x644.jpg?w=370&amp;ssl=1 370w\" sizes=\"auto, (max-width: 1000px) 100vw, 1000px\" \/><\/figure>\n\n\n\n<figure class=\"wp-block-image size-large\"><img data-recalc-dims=\"1\" loading=\"lazy\" decoding=\"async\" width=\"684\" height=\"1024\" data-id=\"514181\" src=\"https:\/\/i0.wp.com\/casadecampoliving.com\/wp-content\/uploads\/2023\/02\/Rod-Stewart-Concert14.jpg?resize=684%2C1024&#038;ssl=1\" alt=\"\" class=\"wp-image-514181\" srcset=\"https:\/\/i0.wp.com\/casadecampoliving.com\/wp-content\/uploads\/2023\/02\/Rod-Stewart-Concert14.jpg?resize=684%2C1024&amp;ssl=1 684w, https:\/\/i0.wp.com\/casadecampoliving.com\/wp-content\/uploads\/2023\/02\/Rod-Stewart-Concert14.jpg?resize=200%2C300&amp;ssl=1 200w, https:\/\/i0.wp.com\/casadecampoliving.com\/wp-content\/uploads\/2023\/02\/Rod-Stewart-Concert14.jpg?resize=768%2C1151&amp;ssl=1 768w, https:\/\/i0.wp.com\/casadecampoliving.com\/wp-content\/uploads\/2023\/02\/Rod-Stewart-Concert14.jpg?resize=400%2C599&amp;ssl=1 400w, https:\/\/i0.wp.com\/casadecampoliving.com\/wp-content\/uploads\/2023\/02\/Rod-Stewart-Concert14.jpg?resize=150%2C225&amp;ssl=1 150w, https:\/\/i0.wp.com\/casadecampoliving.com\/wp-content\/uploads\/2023\/02\/Rod-Stewart-Concert14.jpg?w=801&amp;ssl=1 801w, https:\/\/i0.wp.com\/casadecampoliving.com\/wp-content\/uploads\/2023\/02\/Rod-Stewart-Concert14-684x1024.jpg?w=370&amp;ssl=1 370w\" sizes=\"auto, (max-width: 684px) 100vw, 684px\" \/><\/figure>\n\n\n\n<figure class=\"wp-block-image size-large\"><img data-recalc-dims=\"1\" loading=\"lazy\" decoding=\"async\" width=\"1024\" height=\"684\" data-id=\"514191\" src=\"https:\/\/i0.wp.com\/casadecampoliving.com\/wp-content\/uploads\/2023\/02\/Rod-Stewart-Concert3.jpg?resize=1024%2C684&#038;ssl=1\" alt=\"\" class=\"wp-image-514191\" srcset=\"https:\/\/i0.wp.com\/casadecampoliving.com\/wp-content\/uploads\/2023\/02\/Rod-Stewart-Concert3.jpg?resize=1024%2C684&amp;ssl=1 1024w, https:\/\/i0.wp.com\/casadecampoliving.com\/wp-content\/uploads\/2023\/02\/Rod-Stewart-Concert3.jpg?resize=300%2C200&amp;ssl=1 300w, https:\/\/i0.wp.com\/casadecampoliving.com\/wp-content\/uploads\/2023\/02\/Rod-Stewart-Concert3.jpg?resize=768%2C513&amp;ssl=1 768w, https:\/\/i0.wp.com\/casadecampoliving.com\/wp-content\/uploads\/2023\/02\/Rod-Stewart-Concert3.jpg?resize=400%2C267&amp;ssl=1 400w, https:\/\/i0.wp.com\/casadecampoliving.com\/wp-content\/uploads\/2023\/02\/Rod-Stewart-Concert3.jpg?resize=150%2C100&amp;ssl=1 150w, https:\/\/i0.wp.com\/casadecampoliving.com\/wp-content\/uploads\/2023\/02\/Rod-Stewart-Concert3.jpg?w=1200&amp;ssl=1 1200w, https:\/\/i0.wp.com\/casadecampoliving.com\/wp-content\/uploads\/2023\/02\/Rod-Stewart-Concert3-1024x684.jpg?w=370&amp;ssl=1 370w\" sizes=\"auto, (max-width: 1000px) 100vw, 1000px\" \/><\/figure>\n\n\n\n<figure class=\"wp-block-image size-large\"><img data-recalc-dims=\"1\" loading=\"lazy\" decoding=\"async\" width=\"1024\" height=\"759\" data-id=\"514197\" src=\"https:\/\/i0.wp.com\/casadecampoliving.com\/wp-content\/uploads\/2023\/02\/Rod-Stewart-Concert4.jpg?resize=1024%2C759&#038;ssl=1\" alt=\"\" class=\"wp-image-514197\" srcset=\"https:\/\/i0.wp.com\/casadecampoliving.com\/wp-content\/uploads\/2023\/02\/Rod-Stewart-Concert4.jpg?resize=1024%2C759&amp;ssl=1 1024w, https:\/\/i0.wp.com\/casadecampoliving.com\/wp-content\/uploads\/2023\/02\/Rod-Stewart-Concert4.jpg?resize=300%2C222&amp;ssl=1 300w, https:\/\/i0.wp.com\/casadecampoliving.com\/wp-content\/uploads\/2023\/02\/Rod-Stewart-Concert4.jpg?resize=768%2C569&amp;ssl=1 768w, https:\/\/i0.wp.com\/casadecampoliving.com\/wp-content\/uploads\/2023\/02\/Rod-Stewart-Concert4.jpg?resize=400%2C296&amp;ssl=1 400w, https:\/\/i0.wp.com\/casadecampoliving.com\/wp-content\/uploads\/2023\/02\/Rod-Stewart-Concert4.jpg?resize=150%2C111&amp;ssl=1 150w, https:\/\/i0.wp.com\/casadecampoliving.com\/wp-content\/uploads\/2023\/02\/Rod-Stewart-Concert4.jpg?w=1200&amp;ssl=1 1200w, https:\/\/i0.wp.com\/casadecampoliving.com\/wp-content\/uploads\/2023\/02\/Rod-Stewart-Concert4-1024x759.jpg?w=370&amp;ssl=1 370w\" sizes=\"auto, (max-width: 1000px) 100vw, 1000px\" \/><\/figure>\n\n\n\n<figure class=\"wp-block-image size-large\"><img data-recalc-dims=\"1\" loading=\"lazy\" decoding=\"async\" width=\"1024\" height=\"684\" data-id=\"514193\" src=\"https:\/\/i0.wp.com\/casadecampoliving.com\/wp-content\/uploads\/2023\/02\/Rod-Stewart-Concert5.jpg?resize=1024%2C684&#038;ssl=1\" alt=\"\" class=\"wp-image-514193\" srcset=\"https:\/\/i0.wp.com\/casadecampoliving.com\/wp-content\/uploads\/2023\/02\/Rod-Stewart-Concert5.jpg?resize=1024%2C684&amp;ssl=1 1024w, https:\/\/i0.wp.com\/casadecampoliving.com\/wp-content\/uploads\/2023\/02\/Rod-Stewart-Concert5.jpg?resize=300%2C200&amp;ssl=1 300w, https:\/\/i0.wp.com\/casadecampoliving.com\/wp-content\/uploads\/2023\/02\/Rod-Stewart-Concert5.jpg?resize=768%2C513&amp;ssl=1 768w, https:\/\/i0.wp.com\/casadecampoliving.com\/wp-content\/uploads\/2023\/02\/Rod-Stewart-Concert5.jpg?resize=400%2C267&amp;ssl=1 400w, https:\/\/i0.wp.com\/casadecampoliving.com\/wp-content\/uploads\/2023\/02\/Rod-Stewart-Concert5.jpg?resize=150%2C100&amp;ssl=1 150w, https:\/\/i0.wp.com\/casadecampoliving.com\/wp-content\/uploads\/2023\/02\/Rod-Stewart-Concert5.jpg?w=1200&amp;ssl=1 1200w, https:\/\/i0.wp.com\/casadecampoliving.com\/wp-content\/uploads\/2023\/02\/Rod-Stewart-Concert5-1024x684.jpg?w=370&amp;ssl=1 370w\" sizes=\"auto, (max-width: 1000px) 100vw, 1000px\" \/><\/figure>\n\n\n\n<figure class=\"wp-block-image size-large\"><img data-recalc-dims=\"1\" loading=\"lazy\" decoding=\"async\" width=\"1024\" height=\"636\" data-id=\"514183\" src=\"https:\/\/i0.wp.com\/casadecampoliving.com\/wp-content\/uploads\/2023\/02\/Rod-Stewart-Concert6.jpg?resize=1024%2C636&#038;ssl=1\" alt=\"\" class=\"wp-image-514183\" srcset=\"https:\/\/i0.wp.com\/casadecampoliving.com\/wp-content\/uploads\/2023\/02\/Rod-Stewart-Concert6.jpg?resize=1024%2C636&amp;ssl=1 1024w, https:\/\/i0.wp.com\/casadecampoliving.com\/wp-content\/uploads\/2023\/02\/Rod-Stewart-Concert6.jpg?resize=300%2C186&amp;ssl=1 300w, https:\/\/i0.wp.com\/casadecampoliving.com\/wp-content\/uploads\/2023\/02\/Rod-Stewart-Concert6.jpg?resize=768%2C477&amp;ssl=1 768w, https:\/\/i0.wp.com\/casadecampoliving.com\/wp-content\/uploads\/2023\/02\/Rod-Stewart-Concert6.jpg?resize=400%2C248&amp;ssl=1 400w, https:\/\/i0.wp.com\/casadecampoliving.com\/wp-content\/uploads\/2023\/02\/Rod-Stewart-Concert6.jpg?resize=150%2C93&amp;ssl=1 150w, https:\/\/i0.wp.com\/casadecampoliving.com\/wp-content\/uploads\/2023\/02\/Rod-Stewart-Concert6.jpg?w=1200&amp;ssl=1 1200w, https:\/\/i0.wp.com\/casadecampoliving.com\/wp-content\/uploads\/2023\/02\/Rod-Stewart-Concert6-1024x636.jpg?w=370&amp;ssl=1 370w\" sizes=\"auto, (max-width: 1000px) 100vw, 1000px\" \/><\/figure>\n\n\n\n<figure class=\"wp-block-image size-large\"><img data-recalc-dims=\"1\" loading=\"lazy\" decoding=\"async\" width=\"1024\" height=\"701\" data-id=\"514179\" src=\"https:\/\/i0.wp.com\/casadecampoliving.com\/wp-content\/uploads\/2023\/02\/Rod-Stewart-Concert7.jpg?resize=1024%2C701&#038;ssl=1\" alt=\"\" class=\"wp-image-514179\" srcset=\"https:\/\/i0.wp.com\/casadecampoliving.com\/wp-content\/uploads\/2023\/02\/Rod-Stewart-Concert7.jpg?resize=1024%2C701&amp;ssl=1 1024w, https:\/\/i0.wp.com\/casadecampoliving.com\/wp-content\/uploads\/2023\/02\/Rod-Stewart-Concert7.jpg?resize=300%2C205&amp;ssl=1 300w, https:\/\/i0.wp.com\/casadecampoliving.com\/wp-content\/uploads\/2023\/02\/Rod-Stewart-Concert7.jpg?resize=768%2C525&amp;ssl=1 768w, https:\/\/i0.wp.com\/casadecampoliving.com\/wp-content\/uploads\/2023\/02\/Rod-Stewart-Concert7.jpg?resize=400%2C274&amp;ssl=1 400w, https:\/\/i0.wp.com\/casadecampoliving.com\/wp-content\/uploads\/2023\/02\/Rod-Stewart-Concert7.jpg?resize=150%2C103&amp;ssl=1 150w, https:\/\/i0.wp.com\/casadecampoliving.com\/wp-content\/uploads\/2023\/02\/Rod-Stewart-Concert7.jpg?w=1200&amp;ssl=1 1200w, https:\/\/i0.wp.com\/casadecampoliving.com\/wp-content\/uploads\/2023\/02\/Rod-Stewart-Concert7-1024x701.jpg?w=370&amp;ssl=1 370w\" sizes=\"auto, (max-width: 1000px) 100vw, 1000px\" \/><\/figure>\n\n\n\n<figure class=\"wp-block-image size-large\"><img data-recalc-dims=\"1\" loading=\"lazy\" decoding=\"async\" width=\"1024\" height=\"710\" data-id=\"514195\" src=\"https:\/\/i0.wp.com\/casadecampoliving.com\/wp-content\/uploads\/2023\/02\/Rod-Stewart-Concert9.jpg?resize=1024%2C710&#038;ssl=1\" alt=\"\" class=\"wp-image-514195\" srcset=\"https:\/\/i0.wp.com\/casadecampoliving.com\/wp-content\/uploads\/2023\/02\/Rod-Stewart-Concert9.jpg?resize=1024%2C710&amp;ssl=1 1024w, https:\/\/i0.wp.com\/casadecampoliving.com\/wp-content\/uploads\/2023\/02\/Rod-Stewart-Concert9.jpg?resize=300%2C208&amp;ssl=1 300w, https:\/\/i0.wp.com\/casadecampoliving.com\/wp-content\/uploads\/2023\/02\/Rod-Stewart-Concert9.jpg?resize=768%2C532&amp;ssl=1 768w, https:\/\/i0.wp.com\/casadecampoliving.com\/wp-content\/uploads\/2023\/02\/Rod-Stewart-Concert9.jpg?resize=400%2C277&amp;ssl=1 400w, https:\/\/i0.wp.com\/casadecampoliving.com\/wp-content\/uploads\/2023\/02\/Rod-Stewart-Concert9.jpg?resize=150%2C104&amp;ssl=1 150w, https:\/\/i0.wp.com\/casadecampoliving.com\/wp-content\/uploads\/2023\/02\/Rod-Stewart-Concert9.jpg?w=1200&amp;ssl=1 1200w, https:\/\/i0.wp.com\/casadecampoliving.com\/wp-content\/uploads\/2023\/02\/Rod-Stewart-Concert9-1024x710.jpg?w=370&amp;ssl=1 370w\" sizes=\"auto, (max-width: 1000px) 100vw, 1000px\" \/><\/figure>\n\n\n\n<figure class=\"wp-block-image size-large\"><img data-recalc-dims=\"1\" loading=\"lazy\" decoding=\"async\" width=\"1024\" height=\"724\" data-id=\"514189\" src=\"https:\/\/i0.wp.com\/casadecampoliving.com\/wp-content\/uploads\/2023\/02\/Rod-Stewart-Concert10.jpg?resize=1024%2C724&#038;ssl=1\" alt=\"\" class=\"wp-image-514189\" srcset=\"https:\/\/i0.wp.com\/casadecampoliving.com\/wp-content\/uploads\/2023\/02\/Rod-Stewart-Concert10.jpg?resize=1024%2C724&amp;ssl=1 1024w, https:\/\/i0.wp.com\/casadecampoliving.com\/wp-content\/uploads\/2023\/02\/Rod-Stewart-Concert10.jpg?resize=300%2C212&amp;ssl=1 300w, https:\/\/i0.wp.com\/casadecampoliving.com\/wp-content\/uploads\/2023\/02\/Rod-Stewart-Concert10.jpg?resize=768%2C543&amp;ssl=1 768w, https:\/\/i0.wp.com\/casadecampoliving.com\/wp-content\/uploads\/2023\/02\/Rod-Stewart-Concert10.jpg?resize=400%2C283&amp;ssl=1 400w, https:\/\/i0.wp.com\/casadecampoliving.com\/wp-content\/uploads\/2023\/02\/Rod-Stewart-Concert10.jpg?resize=150%2C106&amp;ssl=1 150w, https:\/\/i0.wp.com\/casadecampoliving.com\/wp-content\/uploads\/2023\/02\/Rod-Stewart-Concert10.jpg?w=1200&amp;ssl=1 1200w, https:\/\/i0.wp.com\/casadecampoliving.com\/wp-content\/uploads\/2023\/02\/Rod-Stewart-Concert10-1024x724.jpg?w=370&amp;ssl=1 370w\" sizes=\"auto, (max-width: 1000px) 100vw, 1000px\" \/><\/figure>\n\n\n\n<figure class=\"wp-block-image size-large\"><img data-recalc-dims=\"1\" loading=\"lazy\" decoding=\"async\" width=\"1024\" height=\"651\" data-id=\"514175\" src=\"https:\/\/i0.wp.com\/casadecampoliving.com\/wp-content\/uploads\/2023\/02\/Rod-Stewart-Concert12.jpg?resize=1024%2C651&#038;ssl=1\" alt=\"\" class=\"wp-image-514175\" srcset=\"https:\/\/i0.wp.com\/casadecampoliving.com\/wp-content\/uploads\/2023\/02\/Rod-Stewart-Concert12.jpg?resize=1024%2C651&amp;ssl=1 1024w, https:\/\/i0.wp.com\/casadecampoliving.com\/wp-content\/uploads\/2023\/02\/Rod-Stewart-Concert12.jpg?resize=300%2C191&amp;ssl=1 300w, https:\/\/i0.wp.com\/casadecampoliving.com\/wp-content\/uploads\/2023\/02\/Rod-Stewart-Concert12.jpg?resize=768%2C488&amp;ssl=1 768w, https:\/\/i0.wp.com\/casadecampoliving.com\/wp-content\/uploads\/2023\/02\/Rod-Stewart-Concert12.jpg?resize=400%2C254&amp;ssl=1 400w, https:\/\/i0.wp.com\/casadecampoliving.com\/wp-content\/uploads\/2023\/02\/Rod-Stewart-Concert12.jpg?resize=150%2C95&amp;ssl=1 150w, https:\/\/i0.wp.com\/casadecampoliving.com\/wp-content\/uploads\/2023\/02\/Rod-Stewart-Concert12.jpg?w=1200&amp;ssl=1 1200w, https:\/\/i0.wp.com\/casadecampoliving.com\/wp-content\/uploads\/2023\/02\/Rod-Stewart-Concert12-1024x651.jpg?w=370&amp;ssl=1 370w\" sizes=\"auto, (max-width: 1000px) 100vw, 1000px\" \/><\/figure>\n\n\n\n<figure class=\"wp-block-image size-large\"><img data-recalc-dims=\"1\" loading=\"lazy\" decoding=\"async\" width=\"1024\" height=\"684\" data-id=\"514177\" src=\"https:\/\/i0.wp.com\/casadecampoliving.com\/wp-content\/uploads\/2023\/02\/Rod-Stewart-Concert13.jpg?resize=1024%2C684&#038;ssl=1\" alt=\"\" class=\"wp-image-514177\" srcset=\"https:\/\/i0.wp.com\/casadecampoliving.com\/wp-content\/uploads\/2023\/02\/Rod-Stewart-Concert13.jpg?resize=1024%2C684&amp;ssl=1 1024w, https:\/\/i0.wp.com\/casadecampoliving.com\/wp-content\/uploads\/2023\/02\/Rod-Stewart-Concert13.jpg?resize=300%2C200&amp;ssl=1 300w, https:\/\/i0.wp.com\/casadecampoliving.com\/wp-content\/uploads\/2023\/02\/Rod-Stewart-Concert13.jpg?resize=768%2C513&amp;ssl=1 768w, https:\/\/i0.wp.com\/casadecampoliving.com\/wp-content\/uploads\/2023\/02\/Rod-Stewart-Concert13.jpg?resize=400%2C267&amp;ssl=1 400w, https:\/\/i0.wp.com\/casadecampoliving.com\/wp-content\/uploads\/2023\/02\/Rod-Stewart-Concert13.jpg?resize=150%2C100&amp;ssl=1 150w, https:\/\/i0.wp.com\/casadecampoliving.com\/wp-content\/uploads\/2023\/02\/Rod-Stewart-Concert13.jpg?w=1200&amp;ssl=1 1200w, https:\/\/i0.wp.com\/casadecampoliving.com\/wp-content\/uploads\/2023\/02\/Rod-Stewart-Concert13-1024x684.jpg?w=370&amp;ssl=1 370w\" sizes=\"auto, (max-width: 1000px) 100vw, 1000px\" \/><\/figure>\n\n\n\n<figure class=\"wp-block-image size-large\"><img data-recalc-dims=\"1\" loading=\"lazy\" decoding=\"async\" width=\"1024\" height=\"682\" data-id=\"514199\" src=\"https:\/\/i0.wp.com\/casadecampoliving.com\/wp-content\/uploads\/2023\/02\/Rod-Stewart-Concert15.jpg?resize=1024%2C682&#038;ssl=1\" alt=\"\" class=\"wp-image-514199\" srcset=\"https:\/\/i0.wp.com\/casadecampoliving.com\/wp-content\/uploads\/2023\/02\/Rod-Stewart-Concert15.jpg?resize=1024%2C682&amp;ssl=1 1024w, https:\/\/i0.wp.com\/casadecampoliving.com\/wp-content\/uploads\/2023\/02\/Rod-Stewart-Concert15.jpg?resize=300%2C200&amp;ssl=1 300w, https:\/\/i0.wp.com\/casadecampoliving.com\/wp-content\/uploads\/2023\/02\/Rod-Stewart-Concert15.jpg?resize=768%2C511&amp;ssl=1 768w, https:\/\/i0.wp.com\/casadecampoliving.com\/wp-content\/uploads\/2023\/02\/Rod-Stewart-Concert15.jpg?resize=400%2C266&amp;ssl=1 400w, https:\/\/i0.wp.com\/casadecampoliving.com\/wp-content\/uploads\/2023\/02\/Rod-Stewart-Concert15.jpg?resize=150%2C100&amp;ssl=1 150w, https:\/\/i0.wp.com\/casadecampoliving.com\/wp-content\/uploads\/2023\/02\/Rod-Stewart-Concert15.jpg?w=1200&amp;ssl=1 1200w, https:\/\/i0.wp.com\/casadecampoliving.com\/wp-content\/uploads\/2023\/02\/Rod-Stewart-Concert15-1024x682.jpg?w=370&amp;ssl=1 370w\" sizes=\"auto, (max-width: 1000px) 100vw, 1000px\" \/><\/figure>\n<\/figure>\n","protected":false},"excerpt":{"rendered":"<p>\u00a1Sir Rod Stewart se present\u00f3 en un anfiteatro repleto en Altos de Chav\u00f3n para su primer concierto en el pa\u00eds! La leyenda del Rock and Roll vino a deleitar a los fans como parte de su gira que ha recorrido varios pa\u00edses, entre ellos Rep\u00fablica Dominicana y Puerto Rico. A las 8:30 pm, con una [&hellip;]<\/p>\n","protected":false},"author":36791,"featured_media":514180,"comment_status":"closed","ping_status":"closed","sticky":false,"template":"","format":"standard","meta":{"newspack_ads_suppress_ads":false,"newspack_popups_has_disabled_popups":false,"newspack_sponsor_sponsorship_scope":"","newspack_sponsor_native_byline_display":"inherit","newspack_sponsor_native_category_display":"inherit","newspack_sponsor_underwriter_style":"inherit","newspack_sponsor_underwriter_placement":"inherit","_newspack_byline_active":false,"_newspack_byline":"","newspack_content_restriction_is_exempt":false,"newspack_featured_image_position":"large","newspack_post_subtitle":"","newspack_article_summary_title":"Overview:","newspack_article_summary":"","newspack_hide_updated_date":false,"newspack_show_updated_date":false,"_jetpack_memberships_contains_paid_content":false,"footnotes":"","jetpack_publicize_message":"","jetpack_publicize_feature_enabled":false,"jetpack_social_post_already_shared":false,"jetpack_social_options":{"image_generator_settings":{"template":"highway","default_image_id":0,"font":"","enabled":false},"version":2},"_wpas_customize_per_network":false},"categories":[2513,2518,14631,2522,14625,2521],"tags":[15387,3575,27100,3132,23815,3626,2963,3375,24346,14736,15091],"newspack_spnsrs_tax":[],"class_list":["post-514203","post","type-post","status-publish","format-standard","has-post-thumbnail","hentry","category-celebridades-es","category-conciertos-es","category-estilo-de-vida","category-eventos-es","category-noticias-locales","category-republica-dominicana-2","tag-altos-de-chavon-es","tag-altos-de-chavon-es-2","tag-altos-de-chavon-es-7","tag-altos-de-chavon-anfiteatro","tag-casa-de-campo-es-17","tag-casa-de-campo-es","tag-concierto","tag-eventos-y-actividades","tag-featured-es","tag-featured-topview-es","tag-proximamente","entry"],"yoast_head":"<!-- This site is optimized with the Yoast SEO plugin v27.3 - https:\/\/yoast.com\/product\/yoast-seo-wordpress\/ -->\n<title>Un Concierto para la Historia: Rod Stewart en Altos de Chav\u00f3n | Casa de Campo Living<\/title>\n<meta name=\"description\" content=\"\u00a1Sir Rod Stewart se present\u00f3 en un anfiteatro repleto en Altos de Chav\u00f3n para su primer concierto en el pa\u00eds! La leyenda del Rock and Roll vino a deleitar\" \/>\n<meta name=\"robots\" content=\"index, follow, max-snippet:-1, max-image-preview:large, max-video-preview:-1\" \/>\n<link rel=\"canonical\" href=\"https:\/\/casadecampoliving.com\/es\/un-concierto-para-la-historia-rod-stewart-en-altos-de-chavon\/\" \/>\n<meta property=\"og:locale\" content=\"es_ES\" \/>\n<meta property=\"og:type\" content=\"article\" \/>\n<meta property=\"og:title\" content=\"Un Concierto para la Historia: Rod Stewart en Altos de Chav\u00f3n | Casa de Campo Living\" \/>\n<meta property=\"og:description\" content=\"\u00a1Sir Rod Stewart se present\u00f3 en un anfiteatro repleto en Altos de Chav\u00f3n para su primer concierto en el pa\u00eds! La leyenda del Rock and Roll vino a deleitar\" \/>\n<meta property=\"og:url\" content=\"https:\/\/casadecampoliving.com\/es\/un-concierto-para-la-historia-rod-stewart-en-altos-de-chavon\/\" \/>\n<meta property=\"og:site_name\" content=\"Casa de Campo Living\" \/>\n<meta property=\"article:publisher\" content=\"https:\/\/www.facebook.com\/casadecampoliving\" \/>\n<meta property=\"article:published_time\" content=\"2023-02-13T14:41:32+00:00\" \/>\n<meta property=\"article:modified_time\" content=\"2023-02-13T14:55:41+00:00\" \/>\n<meta property=\"og:image\" content=\"https:\/\/casadecampoliving.com\/wp-content\/uploads\/2023\/02\/Rod-Stewart-Concert7.jpg\" \/>\n\t<meta property=\"og:image:width\" content=\"1200\" \/>\n\t<meta property=\"og:image:height\" content=\"821\" \/>\n\t<meta property=\"og:image:type\" content=\"image\/jpeg\" \/>\n<meta name=\"author\" content=\"Casa de Campo Living\" \/>\n<meta name=\"twitter:card\" content=\"summary_large_image\" \/>\n<meta name=\"twitter:creator\" content=\"@cdcliving\" \/>\n<meta name=\"twitter:site\" content=\"@cdcliving\" \/>\n<meta name=\"twitter:label1\" content=\"Escrito por\" \/>\n\t<meta name=\"twitter:data1\" content=\"Casa de Campo Living\" \/>\n\t<meta name=\"twitter:label2\" content=\"Tiempo de lectura\" \/>\n\t<meta name=\"twitter:data2\" content=\"5 minutos\" \/>\n<script type=\"application\/ld+json\" class=\"yoast-schema-graph\">{\"@context\":\"https:\\\/\\\/schema.org\",\"@graph\":[{\"@type\":\"Article\",\"@id\":\"https:\\\/\\\/casadecampoliving.com\\\/es\\\/un-concierto-para-la-historia-rod-stewart-en-altos-de-chavon\\\/#article\",\"isPartOf\":{\"@id\":\"https:\\\/\\\/casadecampoliving.com\\\/es\\\/un-concierto-para-la-historia-rod-stewart-en-altos-de-chavon\\\/\"},\"author\":{\"name\":\"Casa de Campo Living\",\"@id\":\"https:\\\/\\\/casadecampoliving.com\\\/es\\\/#\\\/schema\\\/person\\\/5d2171637a9d11e0e43ce6b8555f9422\"},\"headline\":\"Un Concierto para la Historia: Rod Stewart en Altos de Chav\u00f3n\",\"datePublished\":\"2023-02-13T14:41:32+00:00\",\"dateModified\":\"2023-02-13T14:55:41+00:00\",\"mainEntityOfPage\":{\"@id\":\"https:\\\/\\\/casadecampoliving.com\\\/es\\\/un-concierto-para-la-historia-rod-stewart-en-altos-de-chavon\\\/\"},\"wordCount\":331,\"publisher\":{\"@id\":\"https:\\\/\\\/casadecampoliving.com\\\/es\\\/#organization\"},\"image\":{\"@id\":\"https:\\\/\\\/casadecampoliving.com\\\/es\\\/un-concierto-para-la-historia-rod-stewart-en-altos-de-chavon\\\/#primaryimage\"},\"thumbnailUrl\":\"https:\\\/\\\/i0.wp.com\\\/casadecampoliving.com\\\/wp-content\\\/uploads\\\/2023\\\/02\\\/Rod-Stewart-Concert7.jpg?fit=1200%2C821&ssl=1\",\"keywords\":[\"Altos de Chavon\",\"Altos de Chavon -es\",\"Altos de Chav\u00f3n @es\",\"altos de chavon anfiteatro\",\"Casa de Campo\",\"casa de campo @es\",\"concierto\",\"eventos y actividades\",\"Featured\",\"Featured-TopView @es\",\"Proximamente\"],\"articleSection\":[\"Celebridades\",\"Conciertos\",\"Estilo de Vida\",\"Eventos\",\"Noticias Locales\",\"Rep\u00fablica Dominicana @es\"],\"inLanguage\":\"es\"},{\"@type\":\"WebPage\",\"@id\":\"https:\\\/\\\/casadecampoliving.com\\\/es\\\/un-concierto-para-la-historia-rod-stewart-en-altos-de-chavon\\\/\",\"url\":\"https:\\\/\\\/casadecampoliving.com\\\/es\\\/un-concierto-para-la-historia-rod-stewart-en-altos-de-chavon\\\/\",\"name\":\"Un Concierto para la Historia: Rod Stewart en Altos de Chav\u00f3n | Casa de Campo Living\",\"isPartOf\":{\"@id\":\"https:\\\/\\\/casadecampoliving.com\\\/es\\\/#website\"},\"primaryImageOfPage\":{\"@id\":\"https:\\\/\\\/casadecampoliving.com\\\/es\\\/un-concierto-para-la-historia-rod-stewart-en-altos-de-chavon\\\/#primaryimage\"},\"image\":{\"@id\":\"https:\\\/\\\/casadecampoliving.com\\\/es\\\/un-concierto-para-la-historia-rod-stewart-en-altos-de-chavon\\\/#primaryimage\"},\"thumbnailUrl\":\"https:\\\/\\\/i0.wp.com\\\/casadecampoliving.com\\\/wp-content\\\/uploads\\\/2023\\\/02\\\/Rod-Stewart-Concert7.jpg?fit=1200%2C821&ssl=1\",\"datePublished\":\"2023-02-13T14:41:32+00:00\",\"dateModified\":\"2023-02-13T14:55:41+00:00\",\"description\":\"\u00a1Sir Rod Stewart se present\u00f3 en un anfiteatro repleto en Altos de Chav\u00f3n para su primer concierto en el pa\u00eds! La leyenda del Rock and Roll vino a deleitar\",\"breadcrumb\":{\"@id\":\"https:\\\/\\\/casadecampoliving.com\\\/es\\\/un-concierto-para-la-historia-rod-stewart-en-altos-de-chavon\\\/#breadcrumb\"},\"inLanguage\":\"es\",\"potentialAction\":[{\"@type\":\"ReadAction\",\"target\":[\"https:\\\/\\\/casadecampoliving.com\\\/es\\\/un-concierto-para-la-historia-rod-stewart-en-altos-de-chavon\\\/\"]}]},{\"@type\":\"ImageObject\",\"inLanguage\":\"es\",\"@id\":\"https:\\\/\\\/casadecampoliving.com\\\/es\\\/un-concierto-para-la-historia-rod-stewart-en-altos-de-chavon\\\/#primaryimage\",\"url\":\"https:\\\/\\\/i0.wp.com\\\/casadecampoliving.com\\\/wp-content\\\/uploads\\\/2023\\\/02\\\/Rod-Stewart-Concert7.jpg?fit=1200%2C821&ssl=1\",\"contentUrl\":\"https:\\\/\\\/i0.wp.com\\\/casadecampoliving.com\\\/wp-content\\\/uploads\\\/2023\\\/02\\\/Rod-Stewart-Concert7.jpg?fit=1200%2C821&ssl=1\",\"width\":1200,\"height\":821},{\"@type\":\"BreadcrumbList\",\"@id\":\"https:\\\/\\\/casadecampoliving.com\\\/es\\\/un-concierto-para-la-historia-rod-stewart-en-altos-de-chavon\\\/#breadcrumb\",\"itemListElement\":[{\"@type\":\"ListItem\",\"position\":1,\"name\":\"Home\",\"item\":\"https:\\\/\\\/casadecampoliving.com\\\/es\\\/\"},{\"@type\":\"ListItem\",\"position\":2,\"name\":\"Un Concierto para la Historia: Rod Stewart en Altos de Chav\u00f3n\"}]},{\"@type\":\"WebSite\",\"@id\":\"https:\\\/\\\/casadecampoliving.com\\\/es\\\/#website\",\"url\":\"https:\\\/\\\/casadecampoliving.com\\\/es\\\/\",\"name\":\"Casa de Campo Living\",\"description\":\"Resort community news and resources.\",\"publisher\":{\"@id\":\"https:\\\/\\\/casadecampoliving.com\\\/es\\\/#organization\"},\"potentialAction\":[{\"@type\":\"SearchAction\",\"target\":{\"@type\":\"EntryPoint\",\"urlTemplate\":\"https:\\\/\\\/casadecampoliving.com\\\/es\\\/?s={search_term_string}\"},\"query-input\":{\"@type\":\"PropertyValueSpecification\",\"valueRequired\":true,\"valueName\":\"search_term_string\"}}],\"inLanguage\":\"es\"},{\"@type\":\"Organization\",\"@id\":\"https:\\\/\\\/casadecampoliving.com\\\/es\\\/#organization\",\"name\":\"Casa de Campo Living\",\"url\":\"https:\\\/\\\/casadecampoliving.com\\\/es\\\/\",\"logo\":{\"@type\":\"ImageObject\",\"inLanguage\":\"es\",\"@id\":\"https:\\\/\\\/casadecampoliving.com\\\/es\\\/#\\\/schema\\\/logo\\\/image\\\/\",\"url\":\"https:\\\/\\\/i0.wp.com\\\/casadecampoliving.com\\\/wp-content\\\/uploads\\\/2022\\\/07\\\/CDCLivingLogo_V1-white-sized.png?fit=800%2C214&ssl=1\",\"contentUrl\":\"https:\\\/\\\/i0.wp.com\\\/casadecampoliving.com\\\/wp-content\\\/uploads\\\/2022\\\/07\\\/CDCLivingLogo_V1-white-sized.png?fit=800%2C214&ssl=1\",\"width\":800,\"height\":214,\"caption\":\"Casa de Campo Living\"},\"image\":{\"@id\":\"https:\\\/\\\/casadecampoliving.com\\\/es\\\/#\\\/schema\\\/logo\\\/image\\\/\"},\"sameAs\":[\"https:\\\/\\\/www.facebook.com\\\/casadecampoliving\",\"https:\\\/\\\/x.com\\\/cdcliving\"]},{\"@type\":\"Person\",\"@id\":\"https:\\\/\\\/casadecampoliving.com\\\/es\\\/#\\\/schema\\\/person\\\/5d2171637a9d11e0e43ce6b8555f9422\",\"name\":\"Casa de Campo Living\",\"image\":{\"@type\":\"ImageObject\",\"inLanguage\":\"es\",\"@id\":\"https:\\\/\\\/secure.gravatar.com\\\/avatar\\\/d04101fa4a9fd431e939953b1500fdc7a73cd35029f86d98712fd8ccdaebaf9a?s=96&d=mm&r=g\",\"url\":\"https:\\\/\\\/secure.gravatar.com\\\/avatar\\\/d04101fa4a9fd431e939953b1500fdc7a73cd35029f86d98712fd8ccdaebaf9a?s=96&d=mm&r=g\",\"contentUrl\":\"https:\\\/\\\/secure.gravatar.com\\\/avatar\\\/d04101fa4a9fd431e939953b1500fdc7a73cd35029f86d98712fd8ccdaebaf9a?s=96&d=mm&r=g\",\"caption\":\"Casa de Campo Living\"},\"url\":\"https:\\\/\\\/casadecampoliving.com\\\/es\\\/author\\\/casa-de-campo-living\\\/\"}]}<\/script>\n<!-- \/ Yoast SEO plugin. -->","yoast_head_json":{"title":"Un Concierto para la Historia: Rod Stewart en Altos de Chav\u00f3n | Casa de Campo Living","description":"\u00a1Sir Rod Stewart se present\u00f3 en un anfiteatro repleto en Altos de Chav\u00f3n para su primer concierto en el pa\u00eds! La leyenda del Rock and Roll vino a deleitar","robots":{"index":"index","follow":"follow","max-snippet":"max-snippet:-1","max-image-preview":"max-image-preview:large","max-video-preview":"max-video-preview:-1"},"canonical":"https:\/\/casadecampoliving.com\/es\/un-concierto-para-la-historia-rod-stewart-en-altos-de-chavon\/","og_locale":"es_ES","og_type":"article","og_title":"Un Concierto para la Historia: Rod Stewart en Altos de Chav\u00f3n | Casa de Campo Living","og_description":"\u00a1Sir Rod Stewart se present\u00f3 en un anfiteatro repleto en Altos de Chav\u00f3n para su primer concierto en el pa\u00eds! La leyenda del Rock and Roll vino a deleitar","og_url":"https:\/\/casadecampoliving.com\/es\/un-concierto-para-la-historia-rod-stewart-en-altos-de-chavon\/","og_site_name":"Casa de Campo Living","article_publisher":"https:\/\/www.facebook.com\/casadecampoliving","article_published_time":"2023-02-13T14:41:32+00:00","article_modified_time":"2023-02-13T14:55:41+00:00","og_image":[{"width":1200,"height":821,"url":"https:\/\/casadecampoliving.com\/wp-content\/uploads\/2023\/02\/Rod-Stewart-Concert7.jpg","type":"image\/jpeg"}],"author":"Casa de Campo Living","twitter_card":"summary_large_image","twitter_creator":"@cdcliving","twitter_site":"@cdcliving","twitter_misc":{"Escrito por":"Casa de Campo Living","Tiempo de lectura":"5 minutos"},"schema":{"@context":"https:\/\/schema.org","@graph":[{"@type":"Article","@id":"https:\/\/casadecampoliving.com\/es\/un-concierto-para-la-historia-rod-stewart-en-altos-de-chavon\/#article","isPartOf":{"@id":"https:\/\/casadecampoliving.com\/es\/un-concierto-para-la-historia-rod-stewart-en-altos-de-chavon\/"},"author":{"name":"Casa de Campo Living","@id":"https:\/\/casadecampoliving.com\/es\/#\/schema\/person\/5d2171637a9d11e0e43ce6b8555f9422"},"headline":"Un Concierto para la Historia: Rod Stewart en Altos de Chav\u00f3n","datePublished":"2023-02-13T14:41:32+00:00","dateModified":"2023-02-13T14:55:41+00:00","mainEntityOfPage":{"@id":"https:\/\/casadecampoliving.com\/es\/un-concierto-para-la-historia-rod-stewart-en-altos-de-chavon\/"},"wordCount":331,"publisher":{"@id":"https:\/\/casadecampoliving.com\/es\/#organization"},"image":{"@id":"https:\/\/casadecampoliving.com\/es\/un-concierto-para-la-historia-rod-stewart-en-altos-de-chavon\/#primaryimage"},"thumbnailUrl":"https:\/\/i0.wp.com\/casadecampoliving.com\/wp-content\/uploads\/2023\/02\/Rod-Stewart-Concert7.jpg?fit=1200%2C821&ssl=1","keywords":["Altos de Chavon","Altos de Chavon -es","Altos de Chav\u00f3n @es","altos de chavon anfiteatro","Casa de Campo","casa de campo @es","concierto","eventos y actividades","Featured","Featured-TopView @es","Proximamente"],"articleSection":["Celebridades","Conciertos","Estilo de Vida","Eventos","Noticias Locales","Rep\u00fablica Dominicana @es"],"inLanguage":"es"},{"@type":"WebPage","@id":"https:\/\/casadecampoliving.com\/es\/un-concierto-para-la-historia-rod-stewart-en-altos-de-chavon\/","url":"https:\/\/casadecampoliving.com\/es\/un-concierto-para-la-historia-rod-stewart-en-altos-de-chavon\/","name":"Un Concierto para la Historia: Rod Stewart en Altos de Chav\u00f3n | Casa de Campo Living","isPartOf":{"@id":"https:\/\/casadecampoliving.com\/es\/#website"},"primaryImageOfPage":{"@id":"https:\/\/casadecampoliving.com\/es\/un-concierto-para-la-historia-rod-stewart-en-altos-de-chavon\/#primaryimage"},"image":{"@id":"https:\/\/casadecampoliving.com\/es\/un-concierto-para-la-historia-rod-stewart-en-altos-de-chavon\/#primaryimage"},"thumbnailUrl":"https:\/\/i0.wp.com\/casadecampoliving.com\/wp-content\/uploads\/2023\/02\/Rod-Stewart-Concert7.jpg?fit=1200%2C821&ssl=1","datePublished":"2023-02-13T14:41:32+00:00","dateModified":"2023-02-13T14:55:41+00:00","description":"\u00a1Sir Rod Stewart se present\u00f3 en un anfiteatro repleto en Altos de Chav\u00f3n para su primer concierto en el pa\u00eds! La leyenda del Rock and Roll vino a deleitar","breadcrumb":{"@id":"https:\/\/casadecampoliving.com\/es\/un-concierto-para-la-historia-rod-stewart-en-altos-de-chavon\/#breadcrumb"},"inLanguage":"es","potentialAction":[{"@type":"ReadAction","target":["https:\/\/casadecampoliving.com\/es\/un-concierto-para-la-historia-rod-stewart-en-altos-de-chavon\/"]}]},{"@type":"ImageObject","inLanguage":"es","@id":"https:\/\/casadecampoliving.com\/es\/un-concierto-para-la-historia-rod-stewart-en-altos-de-chavon\/#primaryimage","url":"https:\/\/i0.wp.com\/casadecampoliving.com\/wp-content\/uploads\/2023\/02\/Rod-Stewart-Concert7.jpg?fit=1200%2C821&ssl=1","contentUrl":"https:\/\/i0.wp.com\/casadecampoliving.com\/wp-content\/uploads\/2023\/02\/Rod-Stewart-Concert7.jpg?fit=1200%2C821&ssl=1","width":1200,"height":821},{"@type":"BreadcrumbList","@id":"https:\/\/casadecampoliving.com\/es\/un-concierto-para-la-historia-rod-stewart-en-altos-de-chavon\/#breadcrumb","itemListElement":[{"@type":"ListItem","position":1,"name":"Home","item":"https:\/\/casadecampoliving.com\/es\/"},{"@type":"ListItem","position":2,"name":"Un Concierto para la Historia: Rod Stewart en Altos de Chav\u00f3n"}]},{"@type":"WebSite","@id":"https:\/\/casadecampoliving.com\/es\/#website","url":"https:\/\/casadecampoliving.com\/es\/","name":"Casa de Campo Living","description":"Resort community news and resources.","publisher":{"@id":"https:\/\/casadecampoliving.com\/es\/#organization"},"potentialAction":[{"@type":"SearchAction","target":{"@type":"EntryPoint","urlTemplate":"https:\/\/casadecampoliving.com\/es\/?s={search_term_string}"},"query-input":{"@type":"PropertyValueSpecification","valueRequired":true,"valueName":"search_term_string"}}],"inLanguage":"es"},{"@type":"Organization","@id":"https:\/\/casadecampoliving.com\/es\/#organization","name":"Casa de Campo Living","url":"https:\/\/casadecampoliving.com\/es\/","logo":{"@type":"ImageObject","inLanguage":"es","@id":"https:\/\/casadecampoliving.com\/es\/#\/schema\/logo\/image\/","url":"https:\/\/i0.wp.com\/casadecampoliving.com\/wp-content\/uploads\/2022\/07\/CDCLivingLogo_V1-white-sized.png?fit=800%2C214&ssl=1","contentUrl":"https:\/\/i0.wp.com\/casadecampoliving.com\/wp-content\/uploads\/2022\/07\/CDCLivingLogo_V1-white-sized.png?fit=800%2C214&ssl=1","width":800,"height":214,"caption":"Casa de Campo Living"},"image":{"@id":"https:\/\/casadecampoliving.com\/es\/#\/schema\/logo\/image\/"},"sameAs":["https:\/\/www.facebook.com\/casadecampoliving","https:\/\/x.com\/cdcliving"]},{"@type":"Person","@id":"https:\/\/casadecampoliving.com\/es\/#\/schema\/person\/5d2171637a9d11e0e43ce6b8555f9422","name":"Casa de Campo Living","image":{"@type":"ImageObject","inLanguage":"es","@id":"https:\/\/secure.gravatar.com\/avatar\/d04101fa4a9fd431e939953b1500fdc7a73cd35029f86d98712fd8ccdaebaf9a?s=96&d=mm&r=g","url":"https:\/\/secure.gravatar.com\/avatar\/d04101fa4a9fd431e939953b1500fdc7a73cd35029f86d98712fd8ccdaebaf9a?s=96&d=mm&r=g","contentUrl":"https:\/\/secure.gravatar.com\/avatar\/d04101fa4a9fd431e939953b1500fdc7a73cd35029f86d98712fd8ccdaebaf9a?s=96&d=mm&r=g","caption":"Casa de Campo Living"},"url":"https:\/\/casadecampoliving.com\/es\/author\/casa-de-campo-living\/"}]}},"parsely":{"version":"1.1.0","canonical_url":"https:\/\/casadecampoliving.com\/es\/un-concierto-para-la-historia-rod-stewart-en-altos-de-chavon\/","smart_links":{"inbound":0,"outbound":0},"traffic_boost_suggestions_count":0,"meta":{"@context":"https:\/\/schema.org","@type":"NewsArticle","headline":"Un Concierto para la Historia: Rod Stewart en Altos de Chav\u00f3n","url":"http:\/\/casadecampoliving.com\/es\/un-concierto-para-la-historia-rod-stewart-en-altos-de-chavon\/","mainEntityOfPage":{"@type":"WebPage","@id":"http:\/\/casadecampoliving.com\/es\/un-concierto-para-la-historia-rod-stewart-en-altos-de-chavon\/"},"thumbnailUrl":"https:\/\/i0.wp.com\/casadecampoliving.com\/wp-content\/uploads\/2023\/02\/Rod-Stewart-Concert7.jpg?resize=150%2C150&ssl=1","image":{"@type":"ImageObject","url":"https:\/\/i0.wp.com\/casadecampoliving.com\/wp-content\/uploads\/2023\/02\/Rod-Stewart-Concert7.jpg?fit=1200%2C821&ssl=1"},"articleSection":"Celebridades","author":[{"@type":"Person","name":"Casa de Campo Living"}],"creator":["Casa de Campo Living"],"publisher":{"@type":"Organization","name":"Casa de Campo Living","logo":"https:\/\/casadecampoliving.com\/wp-content\/uploads\/2022\/07\/CDCLivingLogo_V1-white-sized.png"},"keywords":["altos de chavon","altos de chav\u00f3n @es","altos de chavon anfiteatro","casa de campo","casa de campo @es","concierto","eventos y actividades","featured","featured-topview @es","proximamente"],"dateCreated":"2023-02-13T14:41:32Z","datePublished":"2023-02-13T14:41:32Z","dateModified":"2023-02-13T14:55:41Z"},"rendered":"<script type=\"application\/ld+json\" class=\"wp-parsely-metadata\">{\"@context\":\"https:\\\/\\\/schema.org\",\"@type\":\"NewsArticle\",\"headline\":\"Un Concierto para la Historia: Rod Stewart en Altos de Chav\\u00f3n\",\"url\":\"http:\\\/\\\/casadecampoliving.com\\\/es\\\/un-concierto-para-la-historia-rod-stewart-en-altos-de-chavon\\\/\",\"mainEntityOfPage\":{\"@type\":\"WebPage\",\"@id\":\"http:\\\/\\\/casadecampoliving.com\\\/es\\\/un-concierto-para-la-historia-rod-stewart-en-altos-de-chavon\\\/\"},\"thumbnailUrl\":\"https:\\\/\\\/i0.wp.com\\\/casadecampoliving.com\\\/wp-content\\\/uploads\\\/2023\\\/02\\\/Rod-Stewart-Concert7.jpg?resize=150%2C150&ssl=1\",\"image\":{\"@type\":\"ImageObject\",\"url\":\"https:\\\/\\\/i0.wp.com\\\/casadecampoliving.com\\\/wp-content\\\/uploads\\\/2023\\\/02\\\/Rod-Stewart-Concert7.jpg?fit=1200%2C821&ssl=1\"},\"articleSection\":\"Celebridades\",\"author\":[{\"@type\":\"Person\",\"name\":\"Casa de Campo Living\"}],\"creator\":[\"Casa de Campo Living\"],\"publisher\":{\"@type\":\"Organization\",\"name\":\"Casa de Campo Living\",\"logo\":\"https:\\\/\\\/casadecampoliving.com\\\/wp-content\\\/uploads\\\/2022\\\/07\\\/CDCLivingLogo_V1-white-sized.png\"},\"keywords\":[\"altos de chavon\",\"altos de chav\\u00f3n @es\",\"altos de chavon anfiteatro\",\"casa de campo\",\"casa de campo @es\",\"concierto\",\"eventos y actividades\",\"featured\",\"featured-topview @es\",\"proximamente\"],\"dateCreated\":\"2023-02-13T14:41:32Z\",\"datePublished\":\"2023-02-13T14:41:32Z\",\"dateModified\":\"2023-02-13T14:55:41Z\"}<\/script>","tracker_url":"https:\/\/cdn.parsely.com\/keys\/casadecampoliving.com\/p.js"},"jetpack_publicize_connections":[],"jetpack_featured_media_url":"https:\/\/i0.wp.com\/casadecampoliving.com\/wp-content\/uploads\/2023\/02\/Rod-Stewart-Concert7.jpg?fit=1200%2C821&ssl=1","jetpack-related-posts":[{"id":433460,"url":"https:\/\/casadecampoliving.com\/es\/no-se-pierdan-el-increible-tributo-a-frank-sinatra-para-celebrar-el-40-aniversario-del-anfiteatro-altos-de-chavon\/","url_meta":{"origin":514203,"position":0},"title":"No se pierdan el incre\u00edble tributo a Frank Sinatra para celebrar el 40 aniversario del\u00a0Anfiteatro Altos de Chav\u00f3n","author":"Casa de Campo Living","date":"20 Oct, 2022","format":false,"excerpt":"Siendo uno de los escenarios m\u00e1s emblem\u00e1ticos del pa\u00eds, Casa de Campo Resort\u00ae & Villas celebra las cuatro d\u00e9cadas de aniversario de Altos de Chav\u00f3n con un tributo al gran Frank Sinatra, protagonizado por artistas invitados y una big band tal cual la que acompa\u00f1\u00f3 al artista hace 40 a\u00f1os\u2026","rel":"","context":"En \u00abUncategorized @es\u00bb","block_context":{"text":"Uncategorized @es","link":"https:\/\/casadecampoliving.com\/es\/category\/uncategorized-es\/"},"img":{"alt_text":"","src":"https:\/\/i0.wp.com\/casadecampoliving.com\/wp-content\/uploads\/2022\/10\/Tributo-Frank-Sinatra-Foto-Principal-Amaury-Sanchez-Danilo-Ginebra-Andres-Pichardo-y-Jose-Gabriel-Perez-.jpg?fit=1200%2C873&ssl=1&resize=350%2C200","width":350,"height":200,"srcset":"https:\/\/i0.wp.com\/casadecampoliving.com\/wp-content\/uploads\/2022\/10\/Tributo-Frank-Sinatra-Foto-Principal-Amaury-Sanchez-Danilo-Ginebra-Andres-Pichardo-y-Jose-Gabriel-Perez-.jpg?fit=1200%2C873&ssl=1&resize=350%2C200 1x, https:\/\/i0.wp.com\/casadecampoliving.com\/wp-content\/uploads\/2022\/10\/Tributo-Frank-Sinatra-Foto-Principal-Amaury-Sanchez-Danilo-Ginebra-Andres-Pichardo-y-Jose-Gabriel-Perez-.jpg?fit=1200%2C873&ssl=1&resize=525%2C300 1.5x, https:\/\/i0.wp.com\/casadecampoliving.com\/wp-content\/uploads\/2022\/10\/Tributo-Frank-Sinatra-Foto-Principal-Amaury-Sanchez-Danilo-Ginebra-Andres-Pichardo-y-Jose-Gabriel-Perez-.jpg?fit=1200%2C873&ssl=1&resize=700%2C400 2x, https:\/\/i0.wp.com\/casadecampoliving.com\/wp-content\/uploads\/2022\/10\/Tributo-Frank-Sinatra-Foto-Principal-Amaury-Sanchez-Danilo-Ginebra-Andres-Pichardo-y-Jose-Gabriel-Perez-.jpg?fit=1200%2C873&ssl=1&resize=1050%2C600 3x"},"classes":[]},{"id":514115,"url":"https:\/\/casadecampoliving.com\/es\/este-sabado-rod-stewart-en-altos-de-chavon\/","url_meta":{"origin":514203,"position":1},"title":"\u00a1ESTE s\u00e1bado! \u00a1Rod Stewart en Altos de Chav\u00f3n!","author":"Casa de Campo Living","date":"6 Feb, 2023","format":false,"excerpt":"\u00a1Prep\u00e1rate para una noche inolvidable! Sir Rod Stewart, el legendario cantautor brit\u00e1nico y dos veces miembro del Sal\u00f3n de la Fama del Rock & Roll, se presentar\u00e1 en Rep\u00fablica Dominicana por primera vez en el hist\u00f3rico anfiteatro Altos de Chav\u00f3n ESTE s\u00e1bado 11 de febrero de 2023. Presentado por SD\u2026","rel":"","context":"En \u00abAltos de Chav\u00f3n\u00bb","block_context":{"text":"Altos de Chav\u00f3n","link":"https:\/\/casadecampoliving.com\/es\/category\/altos-de-chavon-6\/"},"img":{"alt_text":"","src":"https:\/\/i0.wp.com\/casadecampoliving.com\/wp-content\/uploads\/2023\/02\/Rod-Stewart.png?fit=1200%2C731&ssl=1&resize=350%2C200","width":350,"height":200,"srcset":"https:\/\/i0.wp.com\/casadecampoliving.com\/wp-content\/uploads\/2023\/02\/Rod-Stewart.png?fit=1200%2C731&ssl=1&resize=350%2C200 1x, https:\/\/i0.wp.com\/casadecampoliving.com\/wp-content\/uploads\/2023\/02\/Rod-Stewart.png?fit=1200%2C731&ssl=1&resize=525%2C300 1.5x, https:\/\/i0.wp.com\/casadecampoliving.com\/wp-content\/uploads\/2023\/02\/Rod-Stewart.png?fit=1200%2C731&ssl=1&resize=700%2C400 2x, https:\/\/i0.wp.com\/casadecampoliving.com\/wp-content\/uploads\/2023\/02\/Rod-Stewart.png?fit=1200%2C731&ssl=1&resize=1050%2C600 3x"},"classes":[]},{"id":511894,"url":"https:\/\/casadecampoliving.com\/es\/rod-stewart-se-presentara-por-primera-vez-en-republica-dominicana-aqui-en-altos-de-chavon\/","url_meta":{"origin":514203,"position":2},"title":"Rod Stewart se presentar\u00e1 por primera vez en Rep\u00fablica Dominicana, \u00a1aqu\u00ed en Altos de Chav\u00f3n!","author":"Casa de Campo Living","date":"14 Dic, 2022","format":false,"excerpt":"El legendario cantautor brit\u00e1nico\u00a0Sir Rod Stewart, dos veces exaltado al Sal\u00f3n de la Fama del Rock & Roll, \u00a1se presentar\u00e1 por primera vez en Rep\u00fablica Dominicana el pr\u00f3ximo 11 de febrero de 2023 en\u00a0Altos de Chav\u00f3n, Casa de Campo! Bajo la producci\u00f3n de SD Concerts y Live Nation, esta velada\u2026","rel":"","context":"En \u00abAltos de Chav\u00f3n\u00bb","block_context":{"text":"Altos de Chav\u00f3n","link":"https:\/\/casadecampoliving.com\/es\/category\/altos-de-chavon-6\/"},"img":{"alt_text":"","src":"https:\/\/i0.wp.com\/casadecampoliving.com\/wp-content\/uploads\/2022\/12\/Sir-Rod-Stewart-picture-from-Facebook.jpg?fit=960%2C1200&ssl=1&resize=350%2C200","width":350,"height":200,"srcset":"https:\/\/i0.wp.com\/casadecampoliving.com\/wp-content\/uploads\/2022\/12\/Sir-Rod-Stewart-picture-from-Facebook.jpg?fit=960%2C1200&ssl=1&resize=350%2C200 1x, https:\/\/i0.wp.com\/casadecampoliving.com\/wp-content\/uploads\/2022\/12\/Sir-Rod-Stewart-picture-from-Facebook.jpg?fit=960%2C1200&ssl=1&resize=525%2C300 1.5x, https:\/\/i0.wp.com\/casadecampoliving.com\/wp-content\/uploads\/2022\/12\/Sir-Rod-Stewart-picture-from-Facebook.jpg?fit=960%2C1200&ssl=1&resize=700%2C400 2x"},"classes":[]},{"id":347778,"url":"https:\/\/casadecampoliving.com\/es\/alejandro-fernandez-el-potrillo-viene-a-altos-de-chavon\/","url_meta":{"origin":514203,"position":3},"title":"Alejandro Fern\u00e1ndez \u00abEl Potrillo\u00bb viene a Altos de Chav\u00f3n","author":"Perkin Agramonte","date":"14 Jul, 2015","format":false,"excerpt":"\u00a1Es cierto! El cantante mariachi mexicano Alejandro Fern\u00e1ndez se presentar\u00e1 en el grandioso Anfiteatro Altos de Chav\u00f3n muy pronto. Este espectacular concierto, forma parte de la serie de conciertos de Casa de Campo, tendr\u00e1 lugar el s\u00e1bado 29 de agosto, aqu\u00ed mismo en el Anfiteatro Altos de Chav\u00f3n. Alejandro Fern\u00e1ndez,\u2026","rel":"","context":"En \u00abAltos de Chavon @es\u00bb","block_context":{"text":"Altos de Chavon @es","link":"https:\/\/casadecampoliving.com\/category\/altos-de-chavon-es\/"},"img":{"alt_text":"","src":"https:\/\/i0.wp.com\/casadecampoliving.com\/wp-content\/uploads\/2022\/10\/Alejandro_Fernandez_Altos_de_Chavon-1.jpg?fit=1200%2C675&ssl=1&resize=350%2C200","width":350,"height":200,"srcset":"https:\/\/i0.wp.com\/casadecampoliving.com\/wp-content\/uploads\/2022\/10\/Alejandro_Fernandez_Altos_de_Chavon-1.jpg?fit=1200%2C675&ssl=1&resize=350%2C200 1x, https:\/\/i0.wp.com\/casadecampoliving.com\/wp-content\/uploads\/2022\/10\/Alejandro_Fernandez_Altos_de_Chavon-1.jpg?fit=1200%2C675&ssl=1&resize=525%2C300 1.5x, https:\/\/i0.wp.com\/casadecampoliving.com\/wp-content\/uploads\/2022\/10\/Alejandro_Fernandez_Altos_de_Chavon-1.jpg?fit=1200%2C675&ssl=1&resize=700%2C400 2x, https:\/\/i0.wp.com\/casadecampoliving.com\/wp-content\/uploads\/2022\/10\/Alejandro_Fernandez_Altos_de_Chavon-1.jpg?fit=1200%2C675&ssl=1&resize=1050%2C600 3x"},"classes":[]},{"id":348161,"url":"https:\/\/casadecampoliving.com\/es\/enrique-iglesias-en-altos-de-chavon\/","url_meta":{"origin":514203,"position":4},"title":"Enrique Iglesias en Altos de Chav\u00f3n","author":"Felix Guerrero","date":"1 Sep, 2015","format":false,"excerpt":"\u00a1Buenas nuevas para los fans de Enrique Iglesias! El s\u00e1bado 7 de noviembre, el artista espa\u00f1ol tocar\u00e1 tierra Dominicana para el cierre de su Sex and Love Tour, su d\u00e9cimo tercera gira musical en promoci\u00f3n a su d\u00e9cimo \u00e1lbum de estudio \u201cSex And Love\u201d. Aunque Casa de Campo no ha\u2026","rel":"","context":"En \u00abAltos de Chavon @es\u00bb","block_context":{"text":"Altos de Chavon @es","link":"https:\/\/casadecampoliving.com\/category\/altos-de-chavon-es\/"},"img":{"alt_text":"Enrique Iglesias, Altos de Chavon","src":"https:\/\/i0.wp.com\/casadecampoliving.com\/wp-content\/uploads\/2022\/10\/Enrique_Iglesias_Altos_de_Chavon-1.jpg?fit=889%2C592&ssl=1&resize=350%2C200","width":350,"height":200,"srcset":"https:\/\/i0.wp.com\/casadecampoliving.com\/wp-content\/uploads\/2022\/10\/Enrique_Iglesias_Altos_de_Chavon-1.jpg?fit=889%2C592&ssl=1&resize=350%2C200 1x, https:\/\/i0.wp.com\/casadecampoliving.com\/wp-content\/uploads\/2022\/10\/Enrique_Iglesias_Altos_de_Chavon-1.jpg?fit=889%2C592&ssl=1&resize=525%2C300 1.5x, https:\/\/i0.wp.com\/casadecampoliving.com\/wp-content\/uploads\/2022\/10\/Enrique_Iglesias_Altos_de_Chavon-1.jpg?fit=889%2C592&ssl=1&resize=700%2C400 2x"},"classes":[]},{"id":337174,"url":"https:\/\/casadecampoliving.com\/es\/un-ano-de-celebraciones-para-el-30mo-aniversario-del-anfiteatro-de-altos-de-chavon\/","url_meta":{"origin":514203,"position":5},"title":"\u00a1Un a\u00f1o de celebraciones para el 30mo aniversario del anfiteatro de Altos de Chav\u00f3n!","author":"","date":"1 Oct, 2011","format":false,"excerpt":"El anfiteatro de Altos de Chav\u00f3n fue inaugurado con Frank Sinatra y desde entonces ha dado la bienvenida a algunos de los mejores artistas del mundo de la m\u00fasica en m\u00e1s de 163 conciertos. Ahora en su 30mo a\u00f1o, este famoso lugar musical est\u00e1 celebrando su fecha de aniversario a\u2026","rel":"","context":"En \u00abAltos de Chavon @es\u00bb","block_context":{"text":"Altos de Chavon @es","link":"https:\/\/casadecampoliving.com\/category\/altos-de-chavon-es\/"},"img":{"alt_text":"","src":"https:\/\/i0.wp.com\/casadecampoliving.com\/wp-content\/uploads\/2022\/10\/altos_de_chavon_amphitheater-3.jpg?fit=565%2C436&ssl=1&resize=350%2C200","width":350,"height":200,"srcset":"https:\/\/i0.wp.com\/casadecampoliving.com\/wp-content\/uploads\/2022\/10\/altos_de_chavon_amphitheater-3.jpg?fit=565%2C436&ssl=1&resize=350%2C200 1x, https:\/\/i0.wp.com\/casadecampoliving.com\/wp-content\/uploads\/2022\/10\/altos_de_chavon_amphitheater-3.jpg?fit=565%2C436&ssl=1&resize=525%2C300 1.5x"},"classes":[]}],"jetpack_sharing_enabled":true,"_links":{"self":[{"href":"https:\/\/casadecampoliving.com\/es\/wp-json\/wp\/v2\/posts\/514203","targetHints":{"allow":["GET"]}}],"collection":[{"href":"https:\/\/casadecampoliving.com\/es\/wp-json\/wp\/v2\/posts"}],"about":[{"href":"https:\/\/casadecampoliving.com\/es\/wp-json\/wp\/v2\/types\/post"}],"author":[{"embeddable":true,"href":"https:\/\/casadecampoliving.com\/es\/wp-json\/wp\/v2\/users\/36791"}],"replies":[{"embeddable":true,"href":"https:\/\/casadecampoliving.com\/es\/wp-json\/wp\/v2\/comments?post=514203"}],"version-history":[{"count":1,"href":"https:\/\/casadecampoliving.com\/es\/wp-json\/wp\/v2\/posts\/514203\/revisions"}],"predecessor-version":[{"id":514205,"href":"https:\/\/casadecampoliving.com\/es\/wp-json\/wp\/v2\/posts\/514203\/revisions\/514205"}],"wp:featuredmedia":[{"embeddable":true,"href":"https:\/\/casadecampoliving.com\/es\/wp-json\/wp\/v2\/media\/514180"}],"wp:attachment":[{"href":"https:\/\/casadecampoliving.com\/es\/wp-json\/wp\/v2\/media?parent=514203"}],"wp:term":[{"taxonomy":"category","embeddable":true,"href":"https:\/\/casadecampoliving.com\/es\/wp-json\/wp\/v2\/categories?post=514203"},{"taxonomy":"post_tag","embeddable":true,"href":"https:\/\/casadecampoliving.com\/es\/wp-json\/wp\/v2\/tags?post=514203"},{"taxonomy":"newspack_spnsrs_tax","embeddable":true,"href":"https:\/\/casadecampoliving.com\/es\/wp-json\/wp\/v2\/newspack_spnsrs_tax?post=514203"}],"curies":[{"name":"wp","href":"https:\/\/api.w.org\/{rel}","templated":true}]}}