{"id":513579,"date":"2023-01-23T14:15:06","date_gmt":"2023-01-23T18:15:06","guid":{"rendered":"https:\/\/casadecampoliving.com\/?p=513579"},"modified":"2023-01-23T14:15:10","modified_gmt":"2023-01-23T18:15:10","slug":"republica-dominicana-vuelve-a-brillar-en-feria-fitur-2023","status":"publish","type":"post","link":"https:\/\/casadecampoliving.com\/es\/republica-dominicana-vuelve-a-brillar-en-feria-fitur-2023\/","title":{"rendered":"Rep\u00fablica Dominicana vuelve a brillar en Feria FITUR 2023."},"content":{"rendered":"\n<p class=\"has-text-align-justify\">Rep\u00fablica Dominicana logr\u00f3 este a\u00f1o sus mayores \u00e9xitos en la historia de su participaci\u00f3n en la feria tur\u00edstica de FITUR, donde tuvo uno de los stand m\u00e1s visitados y se lograron acuerdos por miles de millones de d\u00f3lares.<\/p>\n\n\n\n<figure class=\"wp-block-image size-large\"><img data-recalc-dims=\"1\" loading=\"lazy\" decoding=\"async\" width=\"855\" height=\"571\" data-attachment-id=\"513613\" data-permalink=\"https:\/\/casadecampoliving.com\/es\/republica-dominicana-vuelve-a-brillar-en-feria-fitur-2023\/326439899_151982170977927_9122303575113482794_n\/\" data-orig-file=\"https:\/\/i0.wp.com\/casadecampoliving.com\/wp-content\/uploads\/2023\/01\/326439899_151982170977927_9122303575113482794_n.jpg?fit=855%2C571&amp;ssl=1\" data-orig-size=\"855,571\" data-comments-opened=\"0\" data-image-meta=\"{&quot;aperture&quot;:&quot;0&quot;,&quot;credit&quot;:&quot;&quot;,&quot;camera&quot;:&quot;&quot;,&quot;caption&quot;:&quot;&quot;,&quot;created_timestamp&quot;:&quot;0&quot;,&quot;copyright&quot;:&quot;&quot;,&quot;focal_length&quot;:&quot;0&quot;,&quot;iso&quot;:&quot;0&quot;,&quot;shutter_speed&quot;:&quot;0&quot;,&quot;title&quot;:&quot;&quot;,&quot;orientation&quot;:&quot;0&quot;}\" data-image-title=\"326439899_151982170977927_9122303575113482794_n\" data-image-description=\"\" data-image-caption=\"\" data-large-file=\"https:\/\/i0.wp.com\/casadecampoliving.com\/wp-content\/uploads\/2023\/01\/326439899_151982170977927_9122303575113482794_n.jpg?fit=855%2C571&amp;ssl=1\" src=\"https:\/\/i0.wp.com\/casadecampoliving.com\/wp-content\/uploads\/2023\/01\/326439899_151982170977927_9122303575113482794_n.jpg?resize=855%2C571&#038;ssl=1\" alt=\"\" class=\"wp-image-513613\" srcset=\"https:\/\/i0.wp.com\/casadecampoliving.com\/wp-content\/uploads\/2023\/01\/326439899_151982170977927_9122303575113482794_n.jpg?w=855&amp;ssl=1 855w, https:\/\/i0.wp.com\/casadecampoliving.com\/wp-content\/uploads\/2023\/01\/326439899_151982170977927_9122303575113482794_n.jpg?resize=300%2C200&amp;ssl=1 300w, https:\/\/i0.wp.com\/casadecampoliving.com\/wp-content\/uploads\/2023\/01\/326439899_151982170977927_9122303575113482794_n.jpg?resize=768%2C513&amp;ssl=1 768w, https:\/\/i0.wp.com\/casadecampoliving.com\/wp-content\/uploads\/2023\/01\/326439899_151982170977927_9122303575113482794_n.jpg?resize=400%2C267&amp;ssl=1 400w, https:\/\/i0.wp.com\/casadecampoliving.com\/wp-content\/uploads\/2023\/01\/326439899_151982170977927_9122303575113482794_n.jpg?resize=150%2C100&amp;ssl=1 150w, https:\/\/i0.wp.com\/casadecampoliving.com\/wp-content\/uploads\/2023\/01\/326439899_151982170977927_9122303575113482794_n.jpg?w=370&amp;ssl=1 370w\" sizes=\"auto, (max-width: 855px) 100vw, 855px\" \/><\/figure>\n\n\n\n<p class=\"has-text-align-justify\">Desde que inici\u00f3 la feria, el mi\u00e9rcoles 18, el pa\u00eds volvi\u00f3 a brillar y a dejar encandilados a los asistentes con un impresionante stand que destaca los atributos del pa\u00eds; en el que tienen presencia m\u00e1s de 50 empresas ligadas al sector tur\u00edstico nacional. Lo que m\u00e1s llam\u00f3 la atenci\u00f3n fue un espacio dedicado a una experiencia inmersiva de Rep\u00fablica Dominicana, donde la gente puede tener una experiencia tridimensional, adentr\u00e1ndose en las majestuosas playas del pa\u00eds, as\u00ed como los dem\u00e1s atractivos tur\u00edsticos de Quisqueya y un acercamiento a la obra del artista dominicano Iv\u00e1n Tovar.<\/p>\n\n\n\n<p class=\"has-text-align-justify\">Su obra est\u00e1 caracterizada por formas volum\u00e9tricas y espaciales sobre fondo oscuro, enmarcadas dentro del surrealismo, estilo que asumi\u00f3 mientras vivi\u00f3 en Par\u00eds, exponiendo junto a los grandes representantes del surrealismo a nivel internacional.<\/p>\n\n\n\n<figure class=\"wp-block-image size-large\"><img data-recalc-dims=\"1\" loading=\"lazy\" decoding=\"async\" width=\"1024\" height=\"683\" data-attachment-id=\"513609\" data-permalink=\"https:\/\/casadecampoliving.com\/es\/republica-dominicana-vuelve-a-brillar-en-feria-fitur-2023\/326691873_1163090501049379_7642689524442207515_n\/\" data-orig-file=\"https:\/\/i0.wp.com\/casadecampoliving.com\/wp-content\/uploads\/2023\/01\/326691873_1163090501049379_7642689524442207515_n.jpg?fit=1065%2C710&amp;ssl=1\" data-orig-size=\"1065,710\" data-comments-opened=\"0\" data-image-meta=\"{&quot;aperture&quot;:&quot;0&quot;,&quot;credit&quot;:&quot;&quot;,&quot;camera&quot;:&quot;&quot;,&quot;caption&quot;:&quot;&quot;,&quot;created_timestamp&quot;:&quot;0&quot;,&quot;copyright&quot;:&quot;&quot;,&quot;focal_length&quot;:&quot;0&quot;,&quot;iso&quot;:&quot;0&quot;,&quot;shutter_speed&quot;:&quot;0&quot;,&quot;title&quot;:&quot;&quot;,&quot;orientation&quot;:&quot;0&quot;}\" data-image-title=\"326691873_1163090501049379_7642689524442207515_n\" data-image-description=\"\" data-image-caption=\"\" data-large-file=\"https:\/\/i0.wp.com\/casadecampoliving.com\/wp-content\/uploads\/2023\/01\/326691873_1163090501049379_7642689524442207515_n.jpg?fit=1024%2C683&amp;ssl=1\" src=\"https:\/\/i0.wp.com\/casadecampoliving.com\/wp-content\/uploads\/2023\/01\/326691873_1163090501049379_7642689524442207515_n.jpg?resize=1024%2C683&#038;ssl=1\" alt=\"\" class=\"wp-image-513609\" srcset=\"https:\/\/i0.wp.com\/casadecampoliving.com\/wp-content\/uploads\/2023\/01\/326691873_1163090501049379_7642689524442207515_n.jpg?resize=1024%2C683&amp;ssl=1 1024w, https:\/\/i0.wp.com\/casadecampoliving.com\/wp-content\/uploads\/2023\/01\/326691873_1163090501049379_7642689524442207515_n.jpg?resize=300%2C200&amp;ssl=1 300w, https:\/\/i0.wp.com\/casadecampoliving.com\/wp-content\/uploads\/2023\/01\/326691873_1163090501049379_7642689524442207515_n.jpg?resize=768%2C512&amp;ssl=1 768w, https:\/\/i0.wp.com\/casadecampoliving.com\/wp-content\/uploads\/2023\/01\/326691873_1163090501049379_7642689524442207515_n.jpg?resize=400%2C267&amp;ssl=1 400w, https:\/\/i0.wp.com\/casadecampoliving.com\/wp-content\/uploads\/2023\/01\/326691873_1163090501049379_7642689524442207515_n.jpg?resize=150%2C100&amp;ssl=1 150w, https:\/\/i0.wp.com\/casadecampoliving.com\/wp-content\/uploads\/2023\/01\/326691873_1163090501049379_7642689524442207515_n.jpg?w=1065&amp;ssl=1 1065w, https:\/\/i0.wp.com\/casadecampoliving.com\/wp-content\/uploads\/2023\/01\/326691873_1163090501049379_7642689524442207515_n-1024x683.jpg?w=370&amp;ssl=1 370w\" sizes=\"auto, (max-width: 1000px) 100vw, 1000px\" \/><\/figure>\n\n\n\n<p class=\"has-text-align-justify\">Entre las empresas que estar\u00e1n participando en FITUR 2023 estaba Casa de Campo Resort and Villas y su presidente Andr\u00e9s Pichardo Rosenberg quien expres\u00f3 su orgullo de estar presente en la feria tur\u00edstica apoyando al pa\u00eds y al Ministerio de Turismo, felicitando tambi\u00e9n al Minitro de Turismo David Collado y su equipo por el gran trabajo que han realizado junto con la Asociaci\u00f3n de Hoteles La Romana Bayahibe y el Central Romana. Aprovecho tambi\u00e9n la oportunidad para presentar las nuevas suites Premier del completo. \u00abPara nuestra clientela m\u00e1s exigente tenemos 64 suites Premier que acabamos de abrir junto con un area de concierge VIP. En abril estaremos abriendo un Spa de lujo. Nuestro objetivo con este spa es que no solo sea el mejor spa de salud y bienestar de Rep\u00fablica Dominicana, sino uno de los mejores del mundo.\u00bb<\/p>\n\n\n\n<figure class=\"wp-block-image size-large\"><img data-recalc-dims=\"1\" loading=\"lazy\" decoding=\"async\" width=\"1024\" height=\"683\" data-attachment-id=\"513611\" data-permalink=\"https:\/\/casadecampoliving.com\/es\/republica-dominicana-vuelve-a-brillar-en-feria-fitur-2023\/326764811_532960721955584_2774288785495780630_n\/\" data-orig-file=\"https:\/\/i0.wp.com\/casadecampoliving.com\/wp-content\/uploads\/2023\/01\/326764811_532960721955584_2774288785495780630_n.jpg?fit=1065%2C710&amp;ssl=1\" data-orig-size=\"1065,710\" data-comments-opened=\"0\" data-image-meta=\"{&quot;aperture&quot;:&quot;0&quot;,&quot;credit&quot;:&quot;&quot;,&quot;camera&quot;:&quot;&quot;,&quot;caption&quot;:&quot;&quot;,&quot;created_timestamp&quot;:&quot;0&quot;,&quot;copyright&quot;:&quot;&quot;,&quot;focal_length&quot;:&quot;0&quot;,&quot;iso&quot;:&quot;0&quot;,&quot;shutter_speed&quot;:&quot;0&quot;,&quot;title&quot;:&quot;&quot;,&quot;orientation&quot;:&quot;0&quot;}\" data-image-title=\"326764811_532960721955584_2774288785495780630_n\" data-image-description=\"\" data-image-caption=\"\" data-large-file=\"https:\/\/i0.wp.com\/casadecampoliving.com\/wp-content\/uploads\/2023\/01\/326764811_532960721955584_2774288785495780630_n.jpg?fit=1024%2C683&amp;ssl=1\" src=\"https:\/\/i0.wp.com\/casadecampoliving.com\/wp-content\/uploads\/2023\/01\/326764811_532960721955584_2774288785495780630_n.jpg?resize=1024%2C683&#038;ssl=1\" alt=\"\" class=\"wp-image-513611\" srcset=\"https:\/\/i0.wp.com\/casadecampoliving.com\/wp-content\/uploads\/2023\/01\/326764811_532960721955584_2774288785495780630_n.jpg?resize=1024%2C683&amp;ssl=1 1024w, https:\/\/i0.wp.com\/casadecampoliving.com\/wp-content\/uploads\/2023\/01\/326764811_532960721955584_2774288785495780630_n.jpg?resize=300%2C200&amp;ssl=1 300w, https:\/\/i0.wp.com\/casadecampoliving.com\/wp-content\/uploads\/2023\/01\/326764811_532960721955584_2774288785495780630_n.jpg?resize=768%2C512&amp;ssl=1 768w, https:\/\/i0.wp.com\/casadecampoliving.com\/wp-content\/uploads\/2023\/01\/326764811_532960721955584_2774288785495780630_n.jpg?resize=400%2C267&amp;ssl=1 400w, https:\/\/i0.wp.com\/casadecampoliving.com\/wp-content\/uploads\/2023\/01\/326764811_532960721955584_2774288785495780630_n.jpg?resize=150%2C100&amp;ssl=1 150w, https:\/\/i0.wp.com\/casadecampoliving.com\/wp-content\/uploads\/2023\/01\/326764811_532960721955584_2774288785495780630_n.jpg?w=1065&amp;ssl=1 1065w, https:\/\/i0.wp.com\/casadecampoliving.com\/wp-content\/uploads\/2023\/01\/326764811_532960721955584_2774288785495780630_n-1024x683.jpg?w=370&amp;ssl=1 370w\" sizes=\"auto, (max-width: 1000px) 100vw, 1000px\" \/><\/figure>\n\n\n\n<p class=\"has-text-align-justify\">El ministro de Turismo, David Collado, mostr\u00f3 su satisfacci\u00f3n por los logros alcanzados en FITUR, tras asegurar que es \u201csin dudas la m\u00e1s exitosa participaci\u00f3n de Rep\u00fablica Dominicana en esta importante feria tur\u00edstica de Espa\u00f1a y del mundo\u201d.<\/p>\n\n\n\n<p class=\"has-text-align-justify\">El ministro David Collado asegur\u00f3 que esta ha sido la participaci\u00f3n m\u00e1s fruct\u00edfera para el pa\u00eds en dicha feria, catalogada como la m\u00e1s importante del mundo en el sector. \u201cNuestro objetivo es que Rep\u00fablica Dominicana siga siendo el referente en turismo para el continente, por eso vamos a seguir innovando. Los logros en FITUR son hechos tangibles: mayor conectividad y acuerdos que representan inversiones por millones de millones de d\u00f3lares\u201d, dijo Collado.<\/p>\n\n\n\n<figure class=\"wp-block-image size-full\"><img data-recalc-dims=\"1\" loading=\"lazy\" decoding=\"async\" width=\"1024\" height=\"682\" data-attachment-id=\"513621\" data-permalink=\"https:\/\/casadecampoliving.com\/es\/republica-dominicana-vuelve-a-brillar-en-feria-fitur-2023\/equipo-fitur-1024x682-2\/\" data-orig-file=\"https:\/\/i0.wp.com\/casadecampoliving.com\/wp-content\/uploads\/2023\/01\/Equipo-Fitur-1024x682-2.jpg?fit=1024%2C682&amp;ssl=1\" data-orig-size=\"1024,682\" data-comments-opened=\"0\" data-image-meta=\"{&quot;aperture&quot;:&quot;0&quot;,&quot;credit&quot;:&quot;&quot;,&quot;camera&quot;:&quot;&quot;,&quot;caption&quot;:&quot;&quot;,&quot;created_timestamp&quot;:&quot;0&quot;,&quot;copyright&quot;:&quot;&quot;,&quot;focal_length&quot;:&quot;0&quot;,&quot;iso&quot;:&quot;0&quot;,&quot;shutter_speed&quot;:&quot;0&quot;,&quot;title&quot;:&quot;&quot;,&quot;orientation&quot;:&quot;0&quot;}\" data-image-title=\"Equipo-Fitur-1024&amp;#215;682-2\" data-image-description=\"\" data-image-caption=\"\" data-large-file=\"https:\/\/i0.wp.com\/casadecampoliving.com\/wp-content\/uploads\/2023\/01\/Equipo-Fitur-1024x682-2.jpg?fit=1024%2C682&amp;ssl=1\" src=\"https:\/\/i0.wp.com\/casadecampoliving.com\/wp-content\/uploads\/2023\/01\/Equipo-Fitur-1024x682-2.jpg?resize=1024%2C682&#038;ssl=1\" alt=\"\" class=\"wp-image-513621\" srcset=\"https:\/\/i0.wp.com\/casadecampoliving.com\/wp-content\/uploads\/2023\/01\/Equipo-Fitur-1024x682-2.jpg?w=1024&amp;ssl=1 1024w, https:\/\/i0.wp.com\/casadecampoliving.com\/wp-content\/uploads\/2023\/01\/Equipo-Fitur-1024x682-2.jpg?resize=300%2C200&amp;ssl=1 300w, https:\/\/i0.wp.com\/casadecampoliving.com\/wp-content\/uploads\/2023\/01\/Equipo-Fitur-1024x682-2.jpg?resize=768%2C512&amp;ssl=1 768w, https:\/\/i0.wp.com\/casadecampoliving.com\/wp-content\/uploads\/2023\/01\/Equipo-Fitur-1024x682-2.jpg?resize=400%2C266&amp;ssl=1 400w, https:\/\/i0.wp.com\/casadecampoliving.com\/wp-content\/uploads\/2023\/01\/Equipo-Fitur-1024x682-2.jpg?resize=150%2C100&amp;ssl=1 150w, https:\/\/i0.wp.com\/casadecampoliving.com\/wp-content\/uploads\/2023\/01\/Equipo-Fitur-1024x682-2.jpg?w=370&amp;ssl=1 370w\" sizes=\"auto, (max-width: 1000px) 100vw, 1000px\" \/><figcaption>Parte del equipo del MITUR que represent\u00f3 al pa\u00eds en FITUR 2023<\/figcaption><\/figure>\n\n\n\n<p class=\"has-text-align-justify\">Record\u00f3 que se lograron acuerdos en FITUR por m\u00e1s de 3 mil 445 millones de d\u00f3lares para desarrollo tur\u00edstico, de los cuales 1,645 millones se invertir\u00e1n este mismo a\u00f1o.<\/p>\n\n\n\n<p class=\"has-text-align-justify\">Manifest\u00f3 que gracias a esas inversiones se construir\u00e1n m\u00e1s de 3 mil nuevas habitaciones, que generar\u00e1n diez mil empleos de manera directa e indirecta.<\/p>\n\n\n\n<p class=\"has-text-align-justify\">Tambi\u00e9n destac\u00f3 los acuerdos que se suscribieron con l\u00edneas a\u00e9reas y los principales tour operadores de Europa.<\/p>\n\n\n\n<figure class=\"wp-block-image size-large\"><img data-recalc-dims=\"1\" loading=\"lazy\" decoding=\"async\" width=\"1024\" height=\"683\" data-attachment-id=\"513597\" data-permalink=\"https:\/\/casadecampoliving.com\/es\/republica-dominicana-vuelve-a-brillar-en-feria-fitur-2023\/casa-de-campo-living-photos-2\/\" data-orig-file=\"https:\/\/i0.wp.com\/casadecampoliving.com\/wp-content\/uploads\/2023\/01\/Casa-de-Campo-Living-Photos-2.png?fit=1200%2C800&amp;ssl=1\" data-orig-size=\"1200,800\" data-comments-opened=\"0\" data-image-meta=\"{&quot;aperture&quot;:&quot;0&quot;,&quot;credit&quot;:&quot;&quot;,&quot;camera&quot;:&quot;&quot;,&quot;caption&quot;:&quot;&quot;,&quot;created_timestamp&quot;:&quot;0&quot;,&quot;copyright&quot;:&quot;&quot;,&quot;focal_length&quot;:&quot;0&quot;,&quot;iso&quot;:&quot;0&quot;,&quot;shutter_speed&quot;:&quot;0&quot;,&quot;title&quot;:&quot;&quot;,&quot;orientation&quot;:&quot;0&quot;}\" data-image-title=\"Casa-de-Campo-Living-Photos-2\" data-image-description=\"\" data-image-caption=\"\" data-large-file=\"https:\/\/i0.wp.com\/casadecampoliving.com\/wp-content\/uploads\/2023\/01\/Casa-de-Campo-Living-Photos-2.png?fit=1024%2C683&amp;ssl=1\" src=\"https:\/\/i0.wp.com\/casadecampoliving.com\/wp-content\/uploads\/2023\/01\/Casa-de-Campo-Living-Photos-2.png?resize=1024%2C683&#038;ssl=1\" alt=\"\" class=\"wp-image-513597\" srcset=\"https:\/\/i0.wp.com\/casadecampoliving.com\/wp-content\/uploads\/2023\/01\/Casa-de-Campo-Living-Photos-2.png?resize=1024%2C683&amp;ssl=1 1024w, https:\/\/i0.wp.com\/casadecampoliving.com\/wp-content\/uploads\/2023\/01\/Casa-de-Campo-Living-Photos-2.png?resize=300%2C200&amp;ssl=1 300w, https:\/\/i0.wp.com\/casadecampoliving.com\/wp-content\/uploads\/2023\/01\/Casa-de-Campo-Living-Photos-2.png?resize=768%2C512&amp;ssl=1 768w, https:\/\/i0.wp.com\/casadecampoliving.com\/wp-content\/uploads\/2023\/01\/Casa-de-Campo-Living-Photos-2.png?resize=400%2C267&amp;ssl=1 400w, https:\/\/i0.wp.com\/casadecampoliving.com\/wp-content\/uploads\/2023\/01\/Casa-de-Campo-Living-Photos-2.png?resize=150%2C100&amp;ssl=1 150w, https:\/\/i0.wp.com\/casadecampoliving.com\/wp-content\/uploads\/2023\/01\/Casa-de-Campo-Living-Photos-2.png?w=1200&amp;ssl=1 1200w, https:\/\/i0.wp.com\/casadecampoliving.com\/wp-content\/uploads\/2023\/01\/Casa-de-Campo-Living-Photos-2-1024x683.png?w=370&amp;ssl=1 370w\" sizes=\"auto, (max-width: 1000px) 100vw, 1000px\" \/><\/figure>\n\n\n\n<figure class=\"wp-block-gallery has-nested-images columns-default is-cropped wp-block-gallery-1 is-layout-flex wp-block-gallery-is-layout-flex\">\n<figure class=\"wp-block-image size-large\"><img data-recalc-dims=\"1\" loading=\"lazy\" decoding=\"async\" width=\"683\" height=\"1024\" data-attachment-id=\"513605\" data-permalink=\"https:\/\/casadecampoliving.com\/es\/republica-dominicana-vuelve-a-brillar-en-feria-fitur-2023\/2023-fitur-republica-dominicana\/\" data-orig-file=\"https:\/\/i0.wp.com\/casadecampoliving.com\/wp-content\/uploads\/2023\/01\/2023-FITUR-Republica-Dominicana.png?fit=800%2C1200&amp;ssl=1\" data-orig-size=\"800,1200\" data-comments-opened=\"0\" data-image-meta=\"{&quot;aperture&quot;:&quot;0&quot;,&quot;credit&quot;:&quot;&quot;,&quot;camera&quot;:&quot;&quot;,&quot;caption&quot;:&quot;&quot;,&quot;created_timestamp&quot;:&quot;0&quot;,&quot;copyright&quot;:&quot;&quot;,&quot;focal_length&quot;:&quot;0&quot;,&quot;iso&quot;:&quot;0&quot;,&quot;shutter_speed&quot;:&quot;0&quot;,&quot;title&quot;:&quot;&quot;,&quot;orientation&quot;:&quot;0&quot;}\" data-image-title=\"2023-FITUR-Republica-Dominicana\" data-image-description=\"\" data-image-caption=\"\" data-large-file=\"https:\/\/i0.wp.com\/casadecampoliving.com\/wp-content\/uploads\/2023\/01\/2023-FITUR-Republica-Dominicana.png?fit=683%2C1024&amp;ssl=1\" data-id=\"513605\" src=\"https:\/\/i0.wp.com\/casadecampoliving.com\/wp-content\/uploads\/2023\/01\/2023-FITUR-Republica-Dominicana.png?resize=683%2C1024&#038;ssl=1\" alt=\"\" class=\"wp-image-513605\" srcset=\"https:\/\/i0.wp.com\/casadecampoliving.com\/wp-content\/uploads\/2023\/01\/2023-FITUR-Republica-Dominicana.png?resize=683%2C1024&amp;ssl=1 683w, https:\/\/i0.wp.com\/casadecampoliving.com\/wp-content\/uploads\/2023\/01\/2023-FITUR-Republica-Dominicana.png?resize=200%2C300&amp;ssl=1 200w, https:\/\/i0.wp.com\/casadecampoliving.com\/wp-content\/uploads\/2023\/01\/2023-FITUR-Republica-Dominicana.png?resize=768%2C1152&amp;ssl=1 768w, https:\/\/i0.wp.com\/casadecampoliving.com\/wp-content\/uploads\/2023\/01\/2023-FITUR-Republica-Dominicana.png?resize=400%2C600&amp;ssl=1 400w, https:\/\/i0.wp.com\/casadecampoliving.com\/wp-content\/uploads\/2023\/01\/2023-FITUR-Republica-Dominicana.png?resize=150%2C225&amp;ssl=1 150w, https:\/\/i0.wp.com\/casadecampoliving.com\/wp-content\/uploads\/2023\/01\/2023-FITUR-Republica-Dominicana.png?w=800&amp;ssl=1 800w, https:\/\/i0.wp.com\/casadecampoliving.com\/wp-content\/uploads\/2023\/01\/2023-FITUR-Republica-Dominicana-683x1024.png?w=370&amp;ssl=1 370w\" sizes=\"auto, (max-width: 683px) 100vw, 683px\" \/><\/figure>\n\n\n\n<figure class=\"wp-block-image size-large\"><img data-recalc-dims=\"1\" loading=\"lazy\" decoding=\"async\" width=\"683\" height=\"1024\" data-attachment-id=\"513601\" data-permalink=\"https:\/\/casadecampoliving.com\/es\/republica-dominicana-vuelve-a-brillar-en-feria-fitur-2023\/2023-fitur-republica-dominicana-5\/\" data-orig-file=\"https:\/\/i0.wp.com\/casadecampoliving.com\/wp-content\/uploads\/2023\/01\/2023-FITUR-Republica-Dominicana-5.png?fit=800%2C1200&amp;ssl=1\" data-orig-size=\"800,1200\" data-comments-opened=\"0\" data-image-meta=\"{&quot;aperture&quot;:&quot;0&quot;,&quot;credit&quot;:&quot;&quot;,&quot;camera&quot;:&quot;&quot;,&quot;caption&quot;:&quot;&quot;,&quot;created_timestamp&quot;:&quot;0&quot;,&quot;copyright&quot;:&quot;&quot;,&quot;focal_length&quot;:&quot;0&quot;,&quot;iso&quot;:&quot;0&quot;,&quot;shutter_speed&quot;:&quot;0&quot;,&quot;title&quot;:&quot;&quot;,&quot;orientation&quot;:&quot;0&quot;}\" data-image-title=\"2023-FITUR-Republica-Dominicana-5\" data-image-description=\"\" data-image-caption=\"\" data-large-file=\"https:\/\/i0.wp.com\/casadecampoliving.com\/wp-content\/uploads\/2023\/01\/2023-FITUR-Republica-Dominicana-5.png?fit=683%2C1024&amp;ssl=1\" data-id=\"513601\" src=\"https:\/\/i0.wp.com\/casadecampoliving.com\/wp-content\/uploads\/2023\/01\/2023-FITUR-Republica-Dominicana-5.png?resize=683%2C1024&#038;ssl=1\" alt=\"\" class=\"wp-image-513601\" srcset=\"https:\/\/i0.wp.com\/casadecampoliving.com\/wp-content\/uploads\/2023\/01\/2023-FITUR-Republica-Dominicana-5.png?resize=683%2C1024&amp;ssl=1 683w, https:\/\/i0.wp.com\/casadecampoliving.com\/wp-content\/uploads\/2023\/01\/2023-FITUR-Republica-Dominicana-5.png?resize=200%2C300&amp;ssl=1 200w, https:\/\/i0.wp.com\/casadecampoliving.com\/wp-content\/uploads\/2023\/01\/2023-FITUR-Republica-Dominicana-5.png?resize=768%2C1152&amp;ssl=1 768w, https:\/\/i0.wp.com\/casadecampoliving.com\/wp-content\/uploads\/2023\/01\/2023-FITUR-Republica-Dominicana-5.png?resize=400%2C600&amp;ssl=1 400w, https:\/\/i0.wp.com\/casadecampoliving.com\/wp-content\/uploads\/2023\/01\/2023-FITUR-Republica-Dominicana-5.png?resize=150%2C225&amp;ssl=1 150w, https:\/\/i0.wp.com\/casadecampoliving.com\/wp-content\/uploads\/2023\/01\/2023-FITUR-Republica-Dominicana-5.png?w=800&amp;ssl=1 800w, https:\/\/i0.wp.com\/casadecampoliving.com\/wp-content\/uploads\/2023\/01\/2023-FITUR-Republica-Dominicana-5-683x1024.png?w=370&amp;ssl=1 370w\" sizes=\"auto, (max-width: 683px) 100vw, 683px\" \/><\/figure>\n\n\n\n<figure class=\"wp-block-image size-large\"><img data-recalc-dims=\"1\" loading=\"lazy\" decoding=\"async\" width=\"683\" height=\"1024\" data-attachment-id=\"513599\" data-permalink=\"https:\/\/casadecampoliving.com\/es\/republica-dominicana-vuelve-a-brillar-en-feria-fitur-2023\/2023-fitur-republica-dominicana-4\/\" data-orig-file=\"https:\/\/i0.wp.com\/casadecampoliving.com\/wp-content\/uploads\/2023\/01\/2023-FITUR-Republica-Dominicana-4.png?fit=800%2C1200&amp;ssl=1\" data-orig-size=\"800,1200\" data-comments-opened=\"0\" data-image-meta=\"{&quot;aperture&quot;:&quot;0&quot;,&quot;credit&quot;:&quot;&quot;,&quot;camera&quot;:&quot;&quot;,&quot;caption&quot;:&quot;&quot;,&quot;created_timestamp&quot;:&quot;0&quot;,&quot;copyright&quot;:&quot;&quot;,&quot;focal_length&quot;:&quot;0&quot;,&quot;iso&quot;:&quot;0&quot;,&quot;shutter_speed&quot;:&quot;0&quot;,&quot;title&quot;:&quot;&quot;,&quot;orientation&quot;:&quot;0&quot;}\" data-image-title=\"2023-FITUR-Republica-Dominicana-4\" data-image-description=\"\" data-image-caption=\"\" data-large-file=\"https:\/\/i0.wp.com\/casadecampoliving.com\/wp-content\/uploads\/2023\/01\/2023-FITUR-Republica-Dominicana-4.png?fit=683%2C1024&amp;ssl=1\" data-id=\"513599\" src=\"https:\/\/i0.wp.com\/casadecampoliving.com\/wp-content\/uploads\/2023\/01\/2023-FITUR-Republica-Dominicana-4.png?resize=683%2C1024&#038;ssl=1\" alt=\"\" class=\"wp-image-513599\" srcset=\"https:\/\/i0.wp.com\/casadecampoliving.com\/wp-content\/uploads\/2023\/01\/2023-FITUR-Republica-Dominicana-4.png?resize=683%2C1024&amp;ssl=1 683w, https:\/\/i0.wp.com\/casadecampoliving.com\/wp-content\/uploads\/2023\/01\/2023-FITUR-Republica-Dominicana-4.png?resize=200%2C300&amp;ssl=1 200w, https:\/\/i0.wp.com\/casadecampoliving.com\/wp-content\/uploads\/2023\/01\/2023-FITUR-Republica-Dominicana-4.png?resize=768%2C1152&amp;ssl=1 768w, https:\/\/i0.wp.com\/casadecampoliving.com\/wp-content\/uploads\/2023\/01\/2023-FITUR-Republica-Dominicana-4.png?resize=400%2C600&amp;ssl=1 400w, https:\/\/i0.wp.com\/casadecampoliving.com\/wp-content\/uploads\/2023\/01\/2023-FITUR-Republica-Dominicana-4.png?resize=150%2C225&amp;ssl=1 150w, https:\/\/i0.wp.com\/casadecampoliving.com\/wp-content\/uploads\/2023\/01\/2023-FITUR-Republica-Dominicana-4.png?w=800&amp;ssl=1 800w, https:\/\/i0.wp.com\/casadecampoliving.com\/wp-content\/uploads\/2023\/01\/2023-FITUR-Republica-Dominicana-4-683x1024.png?w=370&amp;ssl=1 370w\" sizes=\"auto, (max-width: 683px) 100vw, 683px\" \/><\/figure>\n\n\n\n<figure class=\"wp-block-image size-large\"><img data-recalc-dims=\"1\" loading=\"lazy\" decoding=\"async\" width=\"683\" height=\"1024\" data-attachment-id=\"513607\" data-permalink=\"https:\/\/casadecampoliving.com\/es\/republica-dominicana-vuelve-a-brillar-en-feria-fitur-2023\/2023-fitur-republica-dominicana-3\/\" data-orig-file=\"https:\/\/i0.wp.com\/casadecampoliving.com\/wp-content\/uploads\/2023\/01\/2023-FITUR-Republica-Dominicana-3.png?fit=800%2C1200&amp;ssl=1\" data-orig-size=\"800,1200\" data-comments-opened=\"0\" data-image-meta=\"{&quot;aperture&quot;:&quot;0&quot;,&quot;credit&quot;:&quot;&quot;,&quot;camera&quot;:&quot;&quot;,&quot;caption&quot;:&quot;&quot;,&quot;created_timestamp&quot;:&quot;0&quot;,&quot;copyright&quot;:&quot;&quot;,&quot;focal_length&quot;:&quot;0&quot;,&quot;iso&quot;:&quot;0&quot;,&quot;shutter_speed&quot;:&quot;0&quot;,&quot;title&quot;:&quot;&quot;,&quot;orientation&quot;:&quot;0&quot;}\" data-image-title=\"2023-FITUR-Republica-Dominicana-3\" data-image-description=\"\" data-image-caption=\"\" data-large-file=\"https:\/\/i0.wp.com\/casadecampoliving.com\/wp-content\/uploads\/2023\/01\/2023-FITUR-Republica-Dominicana-3.png?fit=683%2C1024&amp;ssl=1\" data-id=\"513607\" src=\"https:\/\/i0.wp.com\/casadecampoliving.com\/wp-content\/uploads\/2023\/01\/2023-FITUR-Republica-Dominicana-3.png?resize=683%2C1024&#038;ssl=1\" alt=\"\" class=\"wp-image-513607\" srcset=\"https:\/\/i0.wp.com\/casadecampoliving.com\/wp-content\/uploads\/2023\/01\/2023-FITUR-Republica-Dominicana-3.png?resize=683%2C1024&amp;ssl=1 683w, https:\/\/i0.wp.com\/casadecampoliving.com\/wp-content\/uploads\/2023\/01\/2023-FITUR-Republica-Dominicana-3.png?resize=200%2C300&amp;ssl=1 200w, https:\/\/i0.wp.com\/casadecampoliving.com\/wp-content\/uploads\/2023\/01\/2023-FITUR-Republica-Dominicana-3.png?resize=768%2C1152&amp;ssl=1 768w, https:\/\/i0.wp.com\/casadecampoliving.com\/wp-content\/uploads\/2023\/01\/2023-FITUR-Republica-Dominicana-3.png?resize=400%2C600&amp;ssl=1 400w, https:\/\/i0.wp.com\/casadecampoliving.com\/wp-content\/uploads\/2023\/01\/2023-FITUR-Republica-Dominicana-3.png?resize=150%2C225&amp;ssl=1 150w, https:\/\/i0.wp.com\/casadecampoliving.com\/wp-content\/uploads\/2023\/01\/2023-FITUR-Republica-Dominicana-3.png?w=800&amp;ssl=1 800w, https:\/\/i0.wp.com\/casadecampoliving.com\/wp-content\/uploads\/2023\/01\/2023-FITUR-Republica-Dominicana-3-683x1024.png?w=370&amp;ssl=1 370w\" sizes=\"auto, (max-width: 683px) 100vw, 683px\" \/><\/figure>\n\n\n\n<figure class=\"wp-block-image size-large\"><img data-recalc-dims=\"1\" loading=\"lazy\" decoding=\"async\" width=\"683\" height=\"1024\" data-attachment-id=\"513603\" data-permalink=\"https:\/\/casadecampoliving.com\/es\/republica-dominicana-vuelve-a-brillar-en-feria-fitur-2023\/2023-fitur-republica-dominicana-2\/\" data-orig-file=\"https:\/\/i0.wp.com\/casadecampoliving.com\/wp-content\/uploads\/2023\/01\/2023-FITUR-Republica-Dominicana-2.png?fit=800%2C1200&amp;ssl=1\" data-orig-size=\"800,1200\" data-comments-opened=\"0\" data-image-meta=\"{&quot;aperture&quot;:&quot;0&quot;,&quot;credit&quot;:&quot;&quot;,&quot;camera&quot;:&quot;&quot;,&quot;caption&quot;:&quot;&quot;,&quot;created_timestamp&quot;:&quot;0&quot;,&quot;copyright&quot;:&quot;&quot;,&quot;focal_length&quot;:&quot;0&quot;,&quot;iso&quot;:&quot;0&quot;,&quot;shutter_speed&quot;:&quot;0&quot;,&quot;title&quot;:&quot;&quot;,&quot;orientation&quot;:&quot;0&quot;}\" data-image-title=\"2023-FITUR-Republica-Dominicana-2\" data-image-description=\"\" data-image-caption=\"\" data-large-file=\"https:\/\/i0.wp.com\/casadecampoliving.com\/wp-content\/uploads\/2023\/01\/2023-FITUR-Republica-Dominicana-2.png?fit=683%2C1024&amp;ssl=1\" data-id=\"513603\" src=\"https:\/\/i0.wp.com\/casadecampoliving.com\/wp-content\/uploads\/2023\/01\/2023-FITUR-Republica-Dominicana-2.png?resize=683%2C1024&#038;ssl=1\" alt=\"\" class=\"wp-image-513603\" srcset=\"https:\/\/i0.wp.com\/casadecampoliving.com\/wp-content\/uploads\/2023\/01\/2023-FITUR-Republica-Dominicana-2.png?resize=683%2C1024&amp;ssl=1 683w, https:\/\/i0.wp.com\/casadecampoliving.com\/wp-content\/uploads\/2023\/01\/2023-FITUR-Republica-Dominicana-2.png?resize=200%2C300&amp;ssl=1 200w, https:\/\/i0.wp.com\/casadecampoliving.com\/wp-content\/uploads\/2023\/01\/2023-FITUR-Republica-Dominicana-2.png?resize=768%2C1152&amp;ssl=1 768w, https:\/\/i0.wp.com\/casadecampoliving.com\/wp-content\/uploads\/2023\/01\/2023-FITUR-Republica-Dominicana-2.png?resize=400%2C600&amp;ssl=1 400w, https:\/\/i0.wp.com\/casadecampoliving.com\/wp-content\/uploads\/2023\/01\/2023-FITUR-Republica-Dominicana-2.png?resize=150%2C225&amp;ssl=1 150w, https:\/\/i0.wp.com\/casadecampoliving.com\/wp-content\/uploads\/2023\/01\/2023-FITUR-Republica-Dominicana-2.png?w=800&amp;ssl=1 800w, https:\/\/i0.wp.com\/casadecampoliving.com\/wp-content\/uploads\/2023\/01\/2023-FITUR-Republica-Dominicana-2-683x1024.png?w=370&amp;ssl=1 370w\" sizes=\"auto, (max-width: 683px) 100vw, 683px\" \/><\/figure>\n<\/figure>\n\n\n\n<p><em>*Informaci\u00f3n de la p\u00e1gina del Ministro de Turismo\u00a0Rep\u00fablica Dominicana<\/em><\/p>\n","protected":false},"excerpt":{"rendered":"<p>Rep\u00fablica Dominicana logr\u00f3 este a\u00f1o sus mayores \u00e9xitos en la historia de su participaci\u00f3n en la feria tur\u00edstica de FITUR, donde tuvo uno de los stand m\u00e1s visitados y se lograron acuerdos por miles de millones de d\u00f3lares. Desde que inici\u00f3 la feria, el mi\u00e9rcoles 18, el pa\u00eds volvi\u00f3 a brillar y a dejar encandilados [&hellip;]<\/p>\n","protected":false},"author":36791,"featured_media":513614,"comment_status":"closed","ping_status":"closed","sticky":false,"template":"","format":"standard","meta":{"newspack_ads_suppress_ads":false,"newspack_popups_has_disabled_popups":false,"newspack_sponsor_sponsorship_scope":"","newspack_sponsor_native_byline_display":"inherit","newspack_sponsor_native_category_display":"inherit","newspack_sponsor_underwriter_style":"inherit","newspack_sponsor_underwriter_placement":"inherit","_newspack_byline_active":false,"_newspack_byline":"","newspack_hide_updated_date":false,"newspack_show_updated_date":false,"newspack_content_restriction_is_exempt":false,"newspack_featured_image_position":"large","newspack_post_subtitle":"","newspack_article_summary_title":"Overview:","newspack_article_summary":"","_jetpack_memberships_contains_paid_content":false,"footnotes":"","jetpack_publicize_message":"","jetpack_publicize_feature_enabled":true,"jetpack_social_post_already_shared":false,"jetpack_social_options":{"image_generator_settings":{"template":"highway","default_image_id":0,"font":"","enabled":false},"version":2},"_wpas_customize_per_network":false},"categories":[2498],"tags":[3626,14777,8670],"newspack_spnsrs_tax":[],"class_list":["post-513579","post","type-post","status-publish","format-standard","has-post-thumbnail","hentry","category-uncategorized-es","tag-casa-de-campo-es","tag-republica-dominicana-es-18","tag-turismo","entry"],"yoast_head":"<!-- This site is optimized with the Yoast SEO plugin v27.4 - https:\/\/yoast.com\/product\/yoast-seo-wordpress\/ -->\n<title>Rep\u00fablica Dominicana vuelve a brillar en Feria FITUR 2023. | Casa de Campo Living<\/title>\n<meta name=\"description\" content=\"Rep\u00fablica Dominicana logr\u00f3 este a\u00f1o sus mayores \u00e9xitos en la historia de su participaci\u00f3n en la feria tur\u00edstica de FITUR, donde tuvo uno de los stand m\u00e1s\" \/>\n<meta name=\"robots\" content=\"index, follow, max-snippet:-1, max-image-preview:large, max-video-preview:-1\" \/>\n<link rel=\"canonical\" href=\"https:\/\/casadecampoliving.com\/es\/republica-dominicana-vuelve-a-brillar-en-feria-fitur-2023\/\" \/>\n<meta property=\"og:locale\" content=\"es_ES\" \/>\n<meta property=\"og:type\" content=\"article\" \/>\n<meta property=\"og:title\" content=\"Rep\u00fablica Dominicana vuelve a brillar en Feria FITUR 2023. | Casa de Campo Living\" \/>\n<meta property=\"og:description\" content=\"Rep\u00fablica Dominicana logr\u00f3 este a\u00f1o sus mayores \u00e9xitos en la historia de su participaci\u00f3n en la feria tur\u00edstica de FITUR, donde tuvo uno de los stand m\u00e1s\" \/>\n<meta property=\"og:url\" content=\"https:\/\/casadecampoliving.com\/es\/republica-dominicana-vuelve-a-brillar-en-feria-fitur-2023\/\" \/>\n<meta property=\"og:site_name\" content=\"Casa de Campo Living\" \/>\n<meta property=\"article:publisher\" content=\"https:\/\/www.facebook.com\/casadecampoliving\" \/>\n<meta property=\"article:published_time\" content=\"2023-01-23T18:15:06+00:00\" \/>\n<meta property=\"article:modified_time\" content=\"2023-01-23T18:15:10+00:00\" \/>\n<meta property=\"og:image\" content=\"https:\/\/casadecampoliving.com\/wp-content\/uploads\/2023\/01\/326550060_3005743129730033_4824403230265495100_n.jpg\" \/>\n\t<meta property=\"og:image:width\" content=\"1065\" \/>\n\t<meta property=\"og:image:height\" content=\"710\" \/>\n\t<meta property=\"og:image:type\" content=\"image\/jpeg\" \/>\n<meta name=\"author\" content=\"Casa de Campo Living\" \/>\n<meta name=\"twitter:card\" content=\"summary_large_image\" \/>\n<meta name=\"twitter:creator\" content=\"@cdcliving\" \/>\n<meta name=\"twitter:site\" content=\"@cdcliving\" \/>\n<meta name=\"twitter:label1\" content=\"Escrito por\" \/>\n\t<meta name=\"twitter:data1\" content=\"Casa de Campo Living\" \/>\n\t<meta name=\"twitter:label2\" content=\"Tiempo de lectura\" \/>\n\t<meta name=\"twitter:data2\" content=\"5 minutos\" \/>\n<script type=\"application\/ld+json\" class=\"yoast-schema-graph\">{\"@context\":\"https:\\\/\\\/schema.org\",\"@graph\":[{\"@type\":\"Article\",\"@id\":\"https:\\\/\\\/casadecampoliving.com\\\/es\\\/republica-dominicana-vuelve-a-brillar-en-feria-fitur-2023\\\/#article\",\"isPartOf\":{\"@id\":\"https:\\\/\\\/casadecampoliving.com\\\/es\\\/republica-dominicana-vuelve-a-brillar-en-feria-fitur-2023\\\/\"},\"author\":{\"name\":\"Casa de Campo Living\",\"@id\":\"https:\\\/\\\/casadecampoliving.com\\\/es\\\/#\\\/schema\\\/person\\\/5d2171637a9d11e0e43ce6b8555f9422\"},\"headline\":\"Rep\u00fablica Dominicana vuelve a brillar en Feria FITUR 2023.\",\"datePublished\":\"2023-01-23T18:15:06+00:00\",\"dateModified\":\"2023-01-23T18:15:10+00:00\",\"mainEntityOfPage\":{\"@id\":\"https:\\\/\\\/casadecampoliving.com\\\/es\\\/republica-dominicana-vuelve-a-brillar-en-feria-fitur-2023\\\/\"},\"wordCount\":566,\"publisher\":{\"@id\":\"https:\\\/\\\/casadecampoliving.com\\\/es\\\/#organization\"},\"image\":{\"@id\":\"https:\\\/\\\/casadecampoliving.com\\\/es\\\/republica-dominicana-vuelve-a-brillar-en-feria-fitur-2023\\\/#primaryimage\"},\"thumbnailUrl\":\"https:\\\/\\\/i0.wp.com\\\/casadecampoliving.com\\\/wp-content\\\/uploads\\\/2023\\\/01\\\/326550060_3005743129730033_4824403230265495100_n.jpg?fit=1065%2C710&ssl=1\",\"keywords\":[\"casa de campo @es\",\"Republica Dominicana\",\"turismo\"],\"articleSection\":[\"Uncategorized @es\"],\"inLanguage\":\"es\"},{\"@type\":\"WebPage\",\"@id\":\"https:\\\/\\\/casadecampoliving.com\\\/es\\\/republica-dominicana-vuelve-a-brillar-en-feria-fitur-2023\\\/\",\"url\":\"https:\\\/\\\/casadecampoliving.com\\\/es\\\/republica-dominicana-vuelve-a-brillar-en-feria-fitur-2023\\\/\",\"name\":\"Rep\u00fablica Dominicana vuelve a brillar en Feria FITUR 2023. | Casa de Campo Living\",\"isPartOf\":{\"@id\":\"https:\\\/\\\/casadecampoliving.com\\\/es\\\/#website\"},\"primaryImageOfPage\":{\"@id\":\"https:\\\/\\\/casadecampoliving.com\\\/es\\\/republica-dominicana-vuelve-a-brillar-en-feria-fitur-2023\\\/#primaryimage\"},\"image\":{\"@id\":\"https:\\\/\\\/casadecampoliving.com\\\/es\\\/republica-dominicana-vuelve-a-brillar-en-feria-fitur-2023\\\/#primaryimage\"},\"thumbnailUrl\":\"https:\\\/\\\/i0.wp.com\\\/casadecampoliving.com\\\/wp-content\\\/uploads\\\/2023\\\/01\\\/326550060_3005743129730033_4824403230265495100_n.jpg?fit=1065%2C710&ssl=1\",\"datePublished\":\"2023-01-23T18:15:06+00:00\",\"dateModified\":\"2023-01-23T18:15:10+00:00\",\"description\":\"Rep\u00fablica Dominicana logr\u00f3 este a\u00f1o sus mayores \u00e9xitos en la historia de su participaci\u00f3n en la feria tur\u00edstica de FITUR, donde tuvo uno de los stand m\u00e1s\",\"breadcrumb\":{\"@id\":\"https:\\\/\\\/casadecampoliving.com\\\/es\\\/republica-dominicana-vuelve-a-brillar-en-feria-fitur-2023\\\/#breadcrumb\"},\"inLanguage\":\"es\",\"potentialAction\":[{\"@type\":\"ReadAction\",\"target\":[\"https:\\\/\\\/casadecampoliving.com\\\/es\\\/republica-dominicana-vuelve-a-brillar-en-feria-fitur-2023\\\/\"]}]},{\"@type\":\"ImageObject\",\"inLanguage\":\"es\",\"@id\":\"https:\\\/\\\/casadecampoliving.com\\\/es\\\/republica-dominicana-vuelve-a-brillar-en-feria-fitur-2023\\\/#primaryimage\",\"url\":\"https:\\\/\\\/i0.wp.com\\\/casadecampoliving.com\\\/wp-content\\\/uploads\\\/2023\\\/01\\\/326550060_3005743129730033_4824403230265495100_n.jpg?fit=1065%2C710&ssl=1\",\"contentUrl\":\"https:\\\/\\\/i0.wp.com\\\/casadecampoliving.com\\\/wp-content\\\/uploads\\\/2023\\\/01\\\/326550060_3005743129730033_4824403230265495100_n.jpg?fit=1065%2C710&ssl=1\",\"width\":1065,\"height\":710},{\"@type\":\"BreadcrumbList\",\"@id\":\"https:\\\/\\\/casadecampoliving.com\\\/es\\\/republica-dominicana-vuelve-a-brillar-en-feria-fitur-2023\\\/#breadcrumb\",\"itemListElement\":[{\"@type\":\"ListItem\",\"position\":1,\"name\":\"Home\",\"item\":\"https:\\\/\\\/casadecampoliving.com\\\/es\\\/\"},{\"@type\":\"ListItem\",\"position\":2,\"name\":\"Rep\u00fablica Dominicana vuelve a brillar en Feria FITUR 2023.\"}]},{\"@type\":\"WebSite\",\"@id\":\"https:\\\/\\\/casadecampoliving.com\\\/es\\\/#website\",\"url\":\"https:\\\/\\\/casadecampoliving.com\\\/es\\\/\",\"name\":\"Casa de Campo Living\",\"description\":\"Resort community news and resources.\",\"publisher\":{\"@id\":\"https:\\\/\\\/casadecampoliving.com\\\/es\\\/#organization\"},\"potentialAction\":[{\"@type\":\"SearchAction\",\"target\":{\"@type\":\"EntryPoint\",\"urlTemplate\":\"https:\\\/\\\/casadecampoliving.com\\\/es\\\/?s={search_term_string}\"},\"query-input\":{\"@type\":\"PropertyValueSpecification\",\"valueRequired\":true,\"valueName\":\"search_term_string\"}}],\"inLanguage\":\"es\"},{\"@type\":\"Organization\",\"@id\":\"https:\\\/\\\/casadecampoliving.com\\\/es\\\/#organization\",\"name\":\"Casa de Campo Living\",\"url\":\"https:\\\/\\\/casadecampoliving.com\\\/es\\\/\",\"logo\":{\"@type\":\"ImageObject\",\"inLanguage\":\"es\",\"@id\":\"https:\\\/\\\/casadecampoliving.com\\\/es\\\/#\\\/schema\\\/logo\\\/image\\\/\",\"url\":\"https:\\\/\\\/i0.wp.com\\\/casadecampoliving.com\\\/wp-content\\\/uploads\\\/2022\\\/07\\\/CDCLivingLogo_V1-white-sized.png?fit=800%2C214&ssl=1\",\"contentUrl\":\"https:\\\/\\\/i0.wp.com\\\/casadecampoliving.com\\\/wp-content\\\/uploads\\\/2022\\\/07\\\/CDCLivingLogo_V1-white-sized.png?fit=800%2C214&ssl=1\",\"width\":800,\"height\":214,\"caption\":\"Casa de Campo Living\"},\"image\":{\"@id\":\"https:\\\/\\\/casadecampoliving.com\\\/es\\\/#\\\/schema\\\/logo\\\/image\\\/\"},\"sameAs\":[\"https:\\\/\\\/www.facebook.com\\\/casadecampoliving\",\"https:\\\/\\\/x.com\\\/cdcliving\"]},{\"@type\":\"Person\",\"@id\":\"https:\\\/\\\/casadecampoliving.com\\\/es\\\/#\\\/schema\\\/person\\\/5d2171637a9d11e0e43ce6b8555f9422\",\"name\":\"Casa de Campo Living\",\"image\":{\"@type\":\"ImageObject\",\"inLanguage\":\"es\",\"@id\":\"https:\\\/\\\/secure.gravatar.com\\\/avatar\\\/d04101fa4a9fd431e939953b1500fdc7a73cd35029f86d98712fd8ccdaebaf9a?s=96&d=mm&r=g\",\"url\":\"https:\\\/\\\/secure.gravatar.com\\\/avatar\\\/d04101fa4a9fd431e939953b1500fdc7a73cd35029f86d98712fd8ccdaebaf9a?s=96&d=mm&r=g\",\"contentUrl\":\"https:\\\/\\\/secure.gravatar.com\\\/avatar\\\/d04101fa4a9fd431e939953b1500fdc7a73cd35029f86d98712fd8ccdaebaf9a?s=96&d=mm&r=g\",\"caption\":\"Casa de Campo Living\"},\"url\":\"https:\\\/\\\/casadecampoliving.com\\\/es\\\/author\\\/casa-de-campo-living\\\/\"}]}<\/script>\n<!-- \/ Yoast SEO plugin. -->","yoast_head_json":{"title":"Rep\u00fablica Dominicana vuelve a brillar en Feria FITUR 2023. | Casa de Campo Living","description":"Rep\u00fablica Dominicana logr\u00f3 este a\u00f1o sus mayores \u00e9xitos en la historia de su participaci\u00f3n en la feria tur\u00edstica de FITUR, donde tuvo uno de los stand m\u00e1s","robots":{"index":"index","follow":"follow","max-snippet":"max-snippet:-1","max-image-preview":"max-image-preview:large","max-video-preview":"max-video-preview:-1"},"canonical":"https:\/\/casadecampoliving.com\/es\/republica-dominicana-vuelve-a-brillar-en-feria-fitur-2023\/","og_locale":"es_ES","og_type":"article","og_title":"Rep\u00fablica Dominicana vuelve a brillar en Feria FITUR 2023. | Casa de Campo Living","og_description":"Rep\u00fablica Dominicana logr\u00f3 este a\u00f1o sus mayores \u00e9xitos en la historia de su participaci\u00f3n en la feria tur\u00edstica de FITUR, donde tuvo uno de los stand m\u00e1s","og_url":"https:\/\/casadecampoliving.com\/es\/republica-dominicana-vuelve-a-brillar-en-feria-fitur-2023\/","og_site_name":"Casa de Campo Living","article_publisher":"https:\/\/www.facebook.com\/casadecampoliving","article_published_time":"2023-01-23T18:15:06+00:00","article_modified_time":"2023-01-23T18:15:10+00:00","og_image":[{"width":1065,"height":710,"url":"https:\/\/casadecampoliving.com\/wp-content\/uploads\/2023\/01\/326550060_3005743129730033_4824403230265495100_n.jpg","type":"image\/jpeg"}],"author":"Casa de Campo Living","twitter_card":"summary_large_image","twitter_creator":"@cdcliving","twitter_site":"@cdcliving","twitter_misc":{"Escrito por":"Casa de Campo Living","Tiempo de lectura":"5 minutos"},"schema":{"@context":"https:\/\/schema.org","@graph":[{"@type":"Article","@id":"https:\/\/casadecampoliving.com\/es\/republica-dominicana-vuelve-a-brillar-en-feria-fitur-2023\/#article","isPartOf":{"@id":"https:\/\/casadecampoliving.com\/es\/republica-dominicana-vuelve-a-brillar-en-feria-fitur-2023\/"},"author":{"name":"Casa de Campo Living","@id":"https:\/\/casadecampoliving.com\/es\/#\/schema\/person\/5d2171637a9d11e0e43ce6b8555f9422"},"headline":"Rep\u00fablica Dominicana vuelve a brillar en Feria FITUR 2023.","datePublished":"2023-01-23T18:15:06+00:00","dateModified":"2023-01-23T18:15:10+00:00","mainEntityOfPage":{"@id":"https:\/\/casadecampoliving.com\/es\/republica-dominicana-vuelve-a-brillar-en-feria-fitur-2023\/"},"wordCount":566,"publisher":{"@id":"https:\/\/casadecampoliving.com\/es\/#organization"},"image":{"@id":"https:\/\/casadecampoliving.com\/es\/republica-dominicana-vuelve-a-brillar-en-feria-fitur-2023\/#primaryimage"},"thumbnailUrl":"https:\/\/i0.wp.com\/casadecampoliving.com\/wp-content\/uploads\/2023\/01\/326550060_3005743129730033_4824403230265495100_n.jpg?fit=1065%2C710&ssl=1","keywords":["casa de campo @es","Republica Dominicana","turismo"],"articleSection":["Uncategorized @es"],"inLanguage":"es"},{"@type":"WebPage","@id":"https:\/\/casadecampoliving.com\/es\/republica-dominicana-vuelve-a-brillar-en-feria-fitur-2023\/","url":"https:\/\/casadecampoliving.com\/es\/republica-dominicana-vuelve-a-brillar-en-feria-fitur-2023\/","name":"Rep\u00fablica Dominicana vuelve a brillar en Feria FITUR 2023. | Casa de Campo Living","isPartOf":{"@id":"https:\/\/casadecampoliving.com\/es\/#website"},"primaryImageOfPage":{"@id":"https:\/\/casadecampoliving.com\/es\/republica-dominicana-vuelve-a-brillar-en-feria-fitur-2023\/#primaryimage"},"image":{"@id":"https:\/\/casadecampoliving.com\/es\/republica-dominicana-vuelve-a-brillar-en-feria-fitur-2023\/#primaryimage"},"thumbnailUrl":"https:\/\/i0.wp.com\/casadecampoliving.com\/wp-content\/uploads\/2023\/01\/326550060_3005743129730033_4824403230265495100_n.jpg?fit=1065%2C710&ssl=1","datePublished":"2023-01-23T18:15:06+00:00","dateModified":"2023-01-23T18:15:10+00:00","description":"Rep\u00fablica Dominicana logr\u00f3 este a\u00f1o sus mayores \u00e9xitos en la historia de su participaci\u00f3n en la feria tur\u00edstica de FITUR, donde tuvo uno de los stand m\u00e1s","breadcrumb":{"@id":"https:\/\/casadecampoliving.com\/es\/republica-dominicana-vuelve-a-brillar-en-feria-fitur-2023\/#breadcrumb"},"inLanguage":"es","potentialAction":[{"@type":"ReadAction","target":["https:\/\/casadecampoliving.com\/es\/republica-dominicana-vuelve-a-brillar-en-feria-fitur-2023\/"]}]},{"@type":"ImageObject","inLanguage":"es","@id":"https:\/\/casadecampoliving.com\/es\/republica-dominicana-vuelve-a-brillar-en-feria-fitur-2023\/#primaryimage","url":"https:\/\/i0.wp.com\/casadecampoliving.com\/wp-content\/uploads\/2023\/01\/326550060_3005743129730033_4824403230265495100_n.jpg?fit=1065%2C710&ssl=1","contentUrl":"https:\/\/i0.wp.com\/casadecampoliving.com\/wp-content\/uploads\/2023\/01\/326550060_3005743129730033_4824403230265495100_n.jpg?fit=1065%2C710&ssl=1","width":1065,"height":710},{"@type":"BreadcrumbList","@id":"https:\/\/casadecampoliving.com\/es\/republica-dominicana-vuelve-a-brillar-en-feria-fitur-2023\/#breadcrumb","itemListElement":[{"@type":"ListItem","position":1,"name":"Home","item":"https:\/\/casadecampoliving.com\/es\/"},{"@type":"ListItem","position":2,"name":"Rep\u00fablica Dominicana vuelve a brillar en Feria FITUR 2023."}]},{"@type":"WebSite","@id":"https:\/\/casadecampoliving.com\/es\/#website","url":"https:\/\/casadecampoliving.com\/es\/","name":"Casa de Campo Living","description":"Resort community news and resources.","publisher":{"@id":"https:\/\/casadecampoliving.com\/es\/#organization"},"potentialAction":[{"@type":"SearchAction","target":{"@type":"EntryPoint","urlTemplate":"https:\/\/casadecampoliving.com\/es\/?s={search_term_string}"},"query-input":{"@type":"PropertyValueSpecification","valueRequired":true,"valueName":"search_term_string"}}],"inLanguage":"es"},{"@type":"Organization","@id":"https:\/\/casadecampoliving.com\/es\/#organization","name":"Casa de Campo Living","url":"https:\/\/casadecampoliving.com\/es\/","logo":{"@type":"ImageObject","inLanguage":"es","@id":"https:\/\/casadecampoliving.com\/es\/#\/schema\/logo\/image\/","url":"https:\/\/i0.wp.com\/casadecampoliving.com\/wp-content\/uploads\/2022\/07\/CDCLivingLogo_V1-white-sized.png?fit=800%2C214&ssl=1","contentUrl":"https:\/\/i0.wp.com\/casadecampoliving.com\/wp-content\/uploads\/2022\/07\/CDCLivingLogo_V1-white-sized.png?fit=800%2C214&ssl=1","width":800,"height":214,"caption":"Casa de Campo Living"},"image":{"@id":"https:\/\/casadecampoliving.com\/es\/#\/schema\/logo\/image\/"},"sameAs":["https:\/\/www.facebook.com\/casadecampoliving","https:\/\/x.com\/cdcliving"]},{"@type":"Person","@id":"https:\/\/casadecampoliving.com\/es\/#\/schema\/person\/5d2171637a9d11e0e43ce6b8555f9422","name":"Casa de Campo Living","image":{"@type":"ImageObject","inLanguage":"es","@id":"https:\/\/secure.gravatar.com\/avatar\/d04101fa4a9fd431e939953b1500fdc7a73cd35029f86d98712fd8ccdaebaf9a?s=96&d=mm&r=g","url":"https:\/\/secure.gravatar.com\/avatar\/d04101fa4a9fd431e939953b1500fdc7a73cd35029f86d98712fd8ccdaebaf9a?s=96&d=mm&r=g","contentUrl":"https:\/\/secure.gravatar.com\/avatar\/d04101fa4a9fd431e939953b1500fdc7a73cd35029f86d98712fd8ccdaebaf9a?s=96&d=mm&r=g","caption":"Casa de Campo Living"},"url":"https:\/\/casadecampoliving.com\/es\/author\/casa-de-campo-living\/"}]}},"parsely":{"version":"1.1.0","canonical_url":"https:\/\/casadecampoliving.com\/es\/republica-dominicana-vuelve-a-brillar-en-feria-fitur-2023\/","smart_links":{"inbound":0,"outbound":0},"traffic_boost_suggestions_count":0,"meta":{"@context":"https:\/\/schema.org","@type":"NewsArticle","headline":"Rep\u00fablica Dominicana vuelve a brillar en Feria FITUR 2023.","url":"http:\/\/casadecampoliving.com\/es\/republica-dominicana-vuelve-a-brillar-en-feria-fitur-2023\/","mainEntityOfPage":{"@type":"WebPage","@id":"http:\/\/casadecampoliving.com\/es\/republica-dominicana-vuelve-a-brillar-en-feria-fitur-2023\/"},"thumbnailUrl":"https:\/\/i0.wp.com\/casadecampoliving.com\/wp-content\/uploads\/2023\/01\/326550060_3005743129730033_4824403230265495100_n.jpg?resize=150%2C150&ssl=1","image":{"@type":"ImageObject","url":"https:\/\/i0.wp.com\/casadecampoliving.com\/wp-content\/uploads\/2023\/01\/326550060_3005743129730033_4824403230265495100_n.jpg?fit=1065%2C710&ssl=1"},"articleSection":"Uncategorized @es","author":[{"@type":"Person","name":"Casa de Campo Living"}],"creator":["Casa de Campo Living"],"publisher":{"@type":"Organization","name":"Casa de Campo Living","logo":"https:\/\/casadecampoliving.com\/wp-content\/uploads\/2022\/07\/CDCLivingLogo_V1-white-sized.png"},"keywords":["casa de campo @es","republica dominicana","turismo"],"dateCreated":"2023-01-23T18:15:06Z","datePublished":"2023-01-23T18:15:06Z","dateModified":"2023-01-23T18:15:10Z"},"rendered":"<script type=\"application\/ld+json\" class=\"wp-parsely-metadata\">{\"@context\":\"https:\\\/\\\/schema.org\",\"@type\":\"NewsArticle\",\"headline\":\"Rep\\u00fablica Dominicana vuelve a brillar en Feria FITUR 2023.\",\"url\":\"http:\\\/\\\/casadecampoliving.com\\\/es\\\/republica-dominicana-vuelve-a-brillar-en-feria-fitur-2023\\\/\",\"mainEntityOfPage\":{\"@type\":\"WebPage\",\"@id\":\"http:\\\/\\\/casadecampoliving.com\\\/es\\\/republica-dominicana-vuelve-a-brillar-en-feria-fitur-2023\\\/\"},\"thumbnailUrl\":\"https:\\\/\\\/i0.wp.com\\\/casadecampoliving.com\\\/wp-content\\\/uploads\\\/2023\\\/01\\\/326550060_3005743129730033_4824403230265495100_n.jpg?resize=150%2C150&ssl=1\",\"image\":{\"@type\":\"ImageObject\",\"url\":\"https:\\\/\\\/i0.wp.com\\\/casadecampoliving.com\\\/wp-content\\\/uploads\\\/2023\\\/01\\\/326550060_3005743129730033_4824403230265495100_n.jpg?fit=1065%2C710&ssl=1\"},\"articleSection\":\"Uncategorized @es\",\"author\":[{\"@type\":\"Person\",\"name\":\"Casa de Campo Living\"}],\"creator\":[\"Casa de Campo Living\"],\"publisher\":{\"@type\":\"Organization\",\"name\":\"Casa de Campo Living\",\"logo\":\"https:\\\/\\\/casadecampoliving.com\\\/wp-content\\\/uploads\\\/2022\\\/07\\\/CDCLivingLogo_V1-white-sized.png\"},\"keywords\":[\"casa de campo @es\",\"republica dominicana\",\"turismo\"],\"dateCreated\":\"2023-01-23T18:15:06Z\",\"datePublished\":\"2023-01-23T18:15:06Z\",\"dateModified\":\"2023-01-23T18:15:10Z\"}<\/script>","tracker_url":"https:\/\/cdn.parsely.com\/keys\/casadecampoliving.com\/p.js"},"jetpack_publicize_connections":[],"jetpack_featured_media_url":"https:\/\/i0.wp.com\/casadecampoliving.com\/wp-content\/uploads\/2023\/01\/326550060_3005743129730033_4824403230265495100_n.jpg?fit=1065%2C710&ssl=1","jetpack-related-posts":[{"id":433460,"url":"https:\/\/casadecampoliving.com\/es\/no-se-pierdan-el-increible-tributo-a-frank-sinatra-para-celebrar-el-40-aniversario-del-anfiteatro-altos-de-chavon\/","url_meta":{"origin":513579,"position":0},"title":"No se pierdan el incre\u00edble tributo a Frank Sinatra para celebrar el 40 aniversario del\u00a0Anfiteatro Altos de Chav\u00f3n","author":"Casa de Campo Living","date":"20 Oct, 2022","format":false,"excerpt":"Siendo uno de los escenarios m\u00e1s emblem\u00e1ticos del pa\u00eds, Casa de Campo Resort\u00ae & Villas celebra las cuatro d\u00e9cadas de aniversario de Altos de Chav\u00f3n con un tributo al gran Frank Sinatra, protagonizado por artistas invitados y una big band tal cual la que acompa\u00f1\u00f3 al artista hace 40 a\u00f1os\u2026","rel":"","context":"En \u00abUncategorized @es\u00bb","block_context":{"text":"Uncategorized @es","link":"https:\/\/casadecampoliving.com\/es\/category\/uncategorized-es\/"},"img":{"alt_text":"","src":"https:\/\/i0.wp.com\/casadecampoliving.com\/wp-content\/uploads\/2022\/10\/Tributo-Frank-Sinatra-Foto-Principal-Amaury-Sanchez-Danilo-Ginebra-Andres-Pichardo-y-Jose-Gabriel-Perez-.jpg?fit=1200%2C873&ssl=1&resize=350%2C200","width":350,"height":200,"srcset":"https:\/\/i0.wp.com\/casadecampoliving.com\/wp-content\/uploads\/2022\/10\/Tributo-Frank-Sinatra-Foto-Principal-Amaury-Sanchez-Danilo-Ginebra-Andres-Pichardo-y-Jose-Gabriel-Perez-.jpg?fit=1200%2C873&ssl=1&resize=350%2C200 1x, https:\/\/i0.wp.com\/casadecampoliving.com\/wp-content\/uploads\/2022\/10\/Tributo-Frank-Sinatra-Foto-Principal-Amaury-Sanchez-Danilo-Ginebra-Andres-Pichardo-y-Jose-Gabriel-Perez-.jpg?fit=1200%2C873&ssl=1&resize=525%2C300 1.5x, https:\/\/i0.wp.com\/casadecampoliving.com\/wp-content\/uploads\/2022\/10\/Tributo-Frank-Sinatra-Foto-Principal-Amaury-Sanchez-Danilo-Ginebra-Andres-Pichardo-y-Jose-Gabriel-Perez-.jpg?fit=1200%2C873&ssl=1&resize=700%2C400 2x, https:\/\/i0.wp.com\/casadecampoliving.com\/wp-content\/uploads\/2022\/10\/Tributo-Frank-Sinatra-Foto-Principal-Amaury-Sanchez-Danilo-Ginebra-Andres-Pichardo-y-Jose-Gabriel-Perez-.jpg?fit=1200%2C873&ssl=1&resize=1050%2C600 3x"},"classes":[]},{"id":351383,"url":"https:\/\/casadecampoliving.com\/es\/paraguay-es-el-pais-invitado-en-la-xx-feria-internacional-del-libro-de-santo-domingo\/","url_meta":{"origin":513579,"position":1},"title":"Paraguay es el pa\u00eds invitado en la XX Feria Internacional del Libro de Santo Domingo","author":"Marlenys Guzm\u00e1n Casta\u00f1os","date":"17 Abr, 2017","format":false,"excerpt":"\u00bfLe gusta leer? No en forma digital, aunque es bueno tener esa opci\u00f3n a veces tambi\u00e9n, pero en realidad sumergirse en las p\u00e1ginas de un buen libro de bolsillo o libro de tapa dura? Pasar las p\u00e1ginas tiene un componente tan sensorial, y si usted tiene planes de visitar Santo\u2026","rel":"","context":"En \u00abArte y cultura\u00bb","block_context":{"text":"Arte y cultura","link":"https:\/\/casadecampoliving.com\/category\/arte-y-cultura\/"},"img":{"alt_text":"","src":"https:\/\/i0.wp.com\/casadecampoliving.com\/wp-content\/uploads\/2022\/10\/kids_children_library_books-1.jpg?fit=1000%2C553&ssl=1&resize=350%2C200","width":350,"height":200,"srcset":"https:\/\/i0.wp.com\/casadecampoliving.com\/wp-content\/uploads\/2022\/10\/kids_children_library_books-1.jpg?fit=1000%2C553&ssl=1&resize=350%2C200 1x, https:\/\/i0.wp.com\/casadecampoliving.com\/wp-content\/uploads\/2022\/10\/kids_children_library_books-1.jpg?fit=1000%2C553&ssl=1&resize=525%2C300 1.5x, https:\/\/i0.wp.com\/casadecampoliving.com\/wp-content\/uploads\/2022\/10\/kids_children_library_books-1.jpg?fit=1000%2C553&ssl=1&resize=700%2C400 2x"},"classes":[]},{"id":344690,"url":"https:\/\/casadecampoliving.com\/es\/intercambio-golf-y-turismo-republica-dominicana\/","url_meta":{"origin":513579,"position":2},"title":"\u00abIntercambio de Golf y Turismo de la Rep\u00fablica Dominicana\u00bb viene a Casa!","author":"Emil Mella","date":"29 Jun, 2014","format":false,"excerpt":"Este septiembre, \u00a1una feria internacional del golf vendr\u00e1 a Punta Casa y Casa de \u00bfEstar\u00e1s ah\u00ed? Esto no es una sorpresa para ninguno de nosotros aqu\u00ed en Casa, todo conocemos bien lo que es \u201cThe Sporting Life\u201d, pero desde el primer d\u00eda hasta el sexto de septiembre, el primer \u201cIntercambio\u2026","rel":"","context":"En \u00abDeportes\u00bb","block_context":{"text":"Deportes","link":"https:\/\/casadecampoliving.com\/es\/category\/golf-deportes-es\/"},"img":{"alt_text":"Teeth of the Dog","src":"https:\/\/i0.wp.com\/casadecampoliving.com\/wp-content\/uploads\/2022\/10\/teeth-of-the-dog-e1403813758731-1.jpg?fit=650%2C321&ssl=1&resize=350%2C200","width":350,"height":200,"srcset":"https:\/\/i0.wp.com\/casadecampoliving.com\/wp-content\/uploads\/2022\/10\/teeth-of-the-dog-e1403813758731-1.jpg?fit=650%2C321&ssl=1&resize=350%2C200 1x, https:\/\/i0.wp.com\/casadecampoliving.com\/wp-content\/uploads\/2022\/10\/teeth-of-the-dog-e1403813758731-1.jpg?fit=650%2C321&ssl=1&resize=525%2C300 1.5x"},"classes":[]},{"id":544795,"url":"https:\/\/casadecampoliving.com\/es\/alma-y-casa-de-campo-fungen-como-puente-cultural-y-de-negocios-entre-espana-y-republica-dominicana\/","url_meta":{"origin":513579,"position":3},"title":"ALMA y Casa de Campo fungen como puente cultural y de negocios entre Espa\u00f1a y Rep\u00fablica Dominicana","author":"Mairobi Herrera","date":"27 Oct, 2025","format":false,"excerpt":"Casa de Campo se prepara para acoger la tercera edici\u00f3n de \"ALMA Casa de Campo: Feria Espa\u00f1ola\" del 20 al 22 de noviembre de 2025, un evento que contribuye con el fortalecimiento de las relaciones culturales y empresariales entre Espa\u00f1a y la Rep\u00fablica Dominicana. Fundado por las empresarias espa\u00f1olas Cuchy\u2026","rel":"","context":"En \u00abCasa de Campo Resort &amp; Villas\u00bb","block_context":{"text":"Casa de Campo Resort &amp; Villas","link":"https:\/\/casadecampoliving.com\/es\/category\/casa-de-campo-resort-villas\/"},"img":{"alt_text":"","src":"https:\/\/i0.wp.com\/casadecampoliving.com\/wp-content\/uploads\/2025\/10\/WhatsApp-Image-2025-10-22-at-10.32.19-AM-1-scaled.jpg?fit=1200%2C900&ssl=1&resize=350%2C200","width":350,"height":200,"srcset":"https:\/\/i0.wp.com\/casadecampoliving.com\/wp-content\/uploads\/2025\/10\/WhatsApp-Image-2025-10-22-at-10.32.19-AM-1-scaled.jpg?fit=1200%2C900&ssl=1&resize=350%2C200 1x, https:\/\/i0.wp.com\/casadecampoliving.com\/wp-content\/uploads\/2025\/10\/WhatsApp-Image-2025-10-22-at-10.32.19-AM-1-scaled.jpg?fit=1200%2C900&ssl=1&resize=525%2C300 1.5x, https:\/\/i0.wp.com\/casadecampoliving.com\/wp-content\/uploads\/2025\/10\/WhatsApp-Image-2025-10-22-at-10.32.19-AM-1-scaled.jpg?fit=1200%2C900&ssl=1&resize=700%2C400 2x, https:\/\/i0.wp.com\/casadecampoliving.com\/wp-content\/uploads\/2025\/10\/WhatsApp-Image-2025-10-22-at-10.32.19-AM-1-scaled.jpg?fit=1200%2C900&ssl=1&resize=1050%2C600 3x"},"classes":[]},{"id":341167,"url":"https:\/\/casadecampoliving.com\/es\/guarde-la-fecha-festival-de-primavera-2013-con-la-melodia-del-teatro-dominicano-musica-y-danza\/","url_meta":{"origin":513579,"position":4},"title":"\u00a1Guarde la fecha! \u00abFestival de Primavera 2013\u00bb \u00a1con la melod\u00eda del teatro dominicano, m\u00fasica y danza!","author":"Mairobi Herrera","date":"27 Abr, 2013","format":false,"excerpt":"Del 23 al 26 de mayo de 2013, Altos de Chav\u00f3n cobrar\u00e1 vida con una celebraci\u00f3n m\u00e1gica, el \u201cFestival de Primavera 2013\u201d, una melod\u00eda maravillosa del teatro dominicano, la m\u00fasica y la danza como una actuaci\u00f3n de la Orquesta Sinf\u00f3nica Nacional dirigida por el gran Maestro Jos\u00e9 Antonio Molina. El\u2026","rel":"","context":"En \u00abAltos de Chavon @es\u00bb","block_context":{"text":"Altos de Chavon @es","link":"https:\/\/casadecampoliving.com\/category\/altos-de-chavon-es\/"},"img":{"alt_text":"festival primavera","src":"https:\/\/i0.wp.com\/casadecampoliving.com\/wp-content\/uploads\/2022\/10\/festival_primavera-1.jpg?fit=715%2C320&ssl=1&resize=350%2C200","width":350,"height":200,"srcset":"https:\/\/i0.wp.com\/casadecampoliving.com\/wp-content\/uploads\/2022\/10\/festival_primavera-1.jpg?fit=715%2C320&ssl=1&resize=350%2C200 1x, https:\/\/i0.wp.com\/casadecampoliving.com\/wp-content\/uploads\/2022\/10\/festival_primavera-1.jpg?fit=715%2C320&ssl=1&resize=525%2C300 1.5x, https:\/\/i0.wp.com\/casadecampoliving.com\/wp-content\/uploads\/2022\/10\/festival_primavera-1.jpg?fit=715%2C320&ssl=1&resize=700%2C400 2x"},"classes":[]},{"id":353835,"url":"https:\/\/casadecampoliving.com\/es\/ferragosto-2020-feria-italiana-para-celebrar-el-verano-y-la-italianidad-presente-en-la-republica-dominicana\/","url_meta":{"origin":513579,"position":5},"title":"Ferragosto 2020: Feria italiana para celebrar el verano y la \u201citalianidad\u201d presente en la Republica Dominicana","author":"Casa de Campo Living","date":"24 Ago, 2020","format":false,"excerpt":"Despu\u00e9s del \u00e9xito de la primera edici\u00f3n del a\u00f1o pasado, el pr\u00f3ximo s\u00e1bado 12 de septiembre 2020 en los jardines de Casa Rodrigo de Bastidas, mejor conocidos como Museo del Trampol\u00edn, en la zona colonial de la Capital Santo Domingo, justo al lado de la Fortaleza Ozama, se estar\u00e1 celebrando\u2026","rel":"","context":"En \u00abEventos\u00bb","block_context":{"text":"Eventos","link":"https:\/\/casadecampoliving.com\/es\/category\/eventos-es\/"},"img":{"alt_text":"","src":"https:\/\/i0.wp.com\/casadecampoliving.com\/wp-content\/uploads\/2022\/10\/WhatsApp-Image-2020-08-24-at-17.02.23-2-1.jpeg?fit=1000%2C600&ssl=1&resize=350%2C200","width":350,"height":200,"srcset":"https:\/\/i0.wp.com\/casadecampoliving.com\/wp-content\/uploads\/2022\/10\/WhatsApp-Image-2020-08-24-at-17.02.23-2-1.jpeg?fit=1000%2C600&ssl=1&resize=350%2C200 1x, https:\/\/i0.wp.com\/casadecampoliving.com\/wp-content\/uploads\/2022\/10\/WhatsApp-Image-2020-08-24-at-17.02.23-2-1.jpeg?fit=1000%2C600&ssl=1&resize=525%2C300 1.5x, https:\/\/i0.wp.com\/casadecampoliving.com\/wp-content\/uploads\/2022\/10\/WhatsApp-Image-2020-08-24-at-17.02.23-2-1.jpeg?fit=1000%2C600&ssl=1&resize=700%2C400 2x"},"classes":[]}],"jetpack_sharing_enabled":true,"_links":{"self":[{"href":"https:\/\/casadecampoliving.com\/es\/wp-json\/wp\/v2\/posts\/513579","targetHints":{"allow":["GET"]}}],"collection":[{"href":"https:\/\/casadecampoliving.com\/es\/wp-json\/wp\/v2\/posts"}],"about":[{"href":"https:\/\/casadecampoliving.com\/es\/wp-json\/wp\/v2\/types\/post"}],"author":[{"embeddable":true,"href":"https:\/\/casadecampoliving.com\/es\/wp-json\/wp\/v2\/users\/36791"}],"replies":[{"embeddable":true,"href":"https:\/\/casadecampoliving.com\/es\/wp-json\/wp\/v2\/comments?post=513579"}],"version-history":[{"count":2,"href":"https:\/\/casadecampoliving.com\/es\/wp-json\/wp\/v2\/posts\/513579\/revisions"}],"predecessor-version":[{"id":513623,"href":"https:\/\/casadecampoliving.com\/es\/wp-json\/wp\/v2\/posts\/513579\/revisions\/513623"}],"wp:featuredmedia":[{"embeddable":true,"href":"https:\/\/casadecampoliving.com\/es\/wp-json\/wp\/v2\/media\/513614"}],"wp:attachment":[{"href":"https:\/\/casadecampoliving.com\/es\/wp-json\/wp\/v2\/media?parent=513579"}],"wp:term":[{"taxonomy":"category","embeddable":true,"href":"https:\/\/casadecampoliving.com\/es\/wp-json\/wp\/v2\/categories?post=513579"},{"taxonomy":"post_tag","embeddable":true,"href":"https:\/\/casadecampoliving.com\/es\/wp-json\/wp\/v2\/tags?post=513579"},{"taxonomy":"newspack_spnsrs_tax","embeddable":true,"href":"https:\/\/casadecampoliving.com\/es\/wp-json\/wp\/v2\/newspack_spnsrs_tax?post=513579"}],"curies":[{"name":"wp","href":"https:\/\/api.w.org\/{rel}","templated":true}]}}