{"id":513107,"date":"2023-01-17T08:03:49","date_gmt":"2023-01-17T12:03:49","guid":{"rendered":"https:\/\/casadecampoliving.com\/?p=513107"},"modified":"2023-01-17T08:10:51","modified_gmt":"2023-01-17T12:10:51","slug":"marquen-sus-calendarios-el-primer-altos-de-chavon-farmers-market-de-2023-esta-programado-para-el-28-de-enero","status":"publish","type":"post","link":"https:\/\/casadecampoliving.com\/es\/marquen-sus-calendarios-el-primer-altos-de-chavon-farmers-market-de-2023-esta-programado-para-el-28-de-enero\/","title":{"rendered":"\u00a1Marquen sus calendarios! \u00a1El primer Altos de Chav\u00f3n Farmer&#8217;s Market de 2023 est\u00e1 programado para el 28 de enero!"},"content":{"rendered":"\n<p class=\"has-text-align-justify\">\u00a1Una gran noticia! El <strong>Altos de Chav\u00f3n Farmer&#8217;s Market<\/strong> regresar\u00e1 el s\u00e1bado 28 de enero, \u00a1as\u00ed que guarde la fecha!<\/p>\n\n\n\n<p class=\"has-text-align-justify\"><em>\u00bf\u00a1Pueden creer que comenz\u00f3 exactamente hace un a\u00f1o!? <\/em>Ha experimentado un crecimiento significativo en los \u00faltimos meses y estamos ansiosos por ver lo que nos depara este a\u00f1o. Al final de esta publicaci\u00f3n, encuentre el video de la edici\u00f3n inaugural que tuvo lugar el 22 de enero de 2022.<\/p>\n\n\n\n<figure class=\"wp-block-image size-large\"><img data-recalc-dims=\"1\" loading=\"lazy\" decoding=\"async\" width=\"1024\" height=\"683\" src=\"https:\/\/i0.wp.com\/casadecampoliving.com\/wp-content\/uploads\/2023\/01\/Altos-de-Chavon-Farmers-Market-2.png?resize=1024%2C683&#038;ssl=1\" alt=\"\" class=\"wp-image-513101\" srcset=\"https:\/\/i0.wp.com\/casadecampoliving.com\/wp-content\/uploads\/2023\/01\/Altos-de-Chavon-Farmers-Market-2.png?resize=1024%2C683&amp;ssl=1 1024w, https:\/\/i0.wp.com\/casadecampoliving.com\/wp-content\/uploads\/2023\/01\/Altos-de-Chavon-Farmers-Market-2.png?resize=300%2C200&amp;ssl=1 300w, https:\/\/i0.wp.com\/casadecampoliving.com\/wp-content\/uploads\/2023\/01\/Altos-de-Chavon-Farmers-Market-2.png?resize=768%2C512&amp;ssl=1 768w, https:\/\/i0.wp.com\/casadecampoliving.com\/wp-content\/uploads\/2023\/01\/Altos-de-Chavon-Farmers-Market-2.png?resize=400%2C267&amp;ssl=1 400w, https:\/\/i0.wp.com\/casadecampoliving.com\/wp-content\/uploads\/2023\/01\/Altos-de-Chavon-Farmers-Market-2.png?resize=150%2C100&amp;ssl=1 150w, https:\/\/i0.wp.com\/casadecampoliving.com\/wp-content\/uploads\/2023\/01\/Altos-de-Chavon-Farmers-Market-2.png?w=1200&amp;ssl=1 1200w, https:\/\/i0.wp.com\/casadecampoliving.com\/wp-content\/uploads\/2023\/01\/Altos-de-Chavon-Farmers-Market-2-1024x683.png?w=370&amp;ssl=1 370w\" sizes=\"auto, (max-width: 1000px) 100vw, 1000px\" \/><\/figure>\n\n\n\n<p class=\"has-text-align-justify\">\u00a1La primera edici\u00f3n del <strong>Mercado del Agricultor de Altos de Chav\u00f3n<\/strong> de este nuevo a\u00f1o se llevar\u00e1 a cabo frente a la fuente en Altos de Chav\u00f3n como la \u00faltima vez! Los vendedores locales se unir\u00e1n una vez m\u00e1s para ofrecer una variedad de productos frescos, hierbas, especias, flores e incluso productos horneados. Aqu\u00ed tambi\u00e9n encontrar\u00e1 una hermosa selecci\u00f3n de piezas hechas en nuestras tiendas artesanales locales, as\u00ed como productos exclusivos de Farmer&#8217;s Market elaborados aqu\u00ed mismo en Altos de Chav\u00f3n.<\/p>\n\n\n\n<p class=\"has-text-align-justify\">Comience su d\u00eda con deliciosos bocadillos para tener en el lugar mientras re\u00fane la lista de compras saludables de la semana. Encuentra espinacas, r\u00facula, perejil, berenjena, hinojo, jengibre, tomates, cebollas, zanahorias, yuca, papaya, coco, \u00a1lo que quieras!<\/p>\n\n\n\n<figure class=\"wp-block-video wp-block-embed is-type-video is-provider-videopress\"><div class=\"wp-block-embed__wrapper\">\n<iframe title=\"VideoPress Video Player\" aria-label='VideoPress Video Player' width='500' height='281' src='https:\/\/videopress.com\/embed\/pAgibwxZ?cover=1&amp;preloadContent=metadata&amp;useAverageColor=1&amp;hd=0' frameborder='0' allowfullscreen data-resize-to-parent=\"true\" allow='clipboard-write'><\/iframe><script src='https:\/\/v0.wordpress.com\/js\/next\/videopress-iframe.js?m=1674852142'><\/script>\n<\/div><\/figure>\n\n\n\n<p class=\"has-text-align-justify\">El <strong>Mercado de Agricultores de Altos de Chav\u00f3n<\/strong> es un evento fant\u00e1stico que fomenta la biodiversidad local y apoya a los vendedores locales. \u00a1Es un gran lugar para encontrar artesan\u00edas locales y productos frescos y mezclarse con el resto de la comunidad! \u00a1No te lo pierdas!<\/p>\n\n\n<div class=\"wp-block-image\">\n<figure class=\"aligncenter size-large\"><img data-recalc-dims=\"1\" loading=\"lazy\" decoding=\"async\" width=\"1024\" height=\"1024\" src=\"https:\/\/i0.wp.com\/casadecampoliving.com\/wp-content\/uploads\/2023\/01\/Chavon-Farmers-Market-January-2023.jpg?resize=1024%2C1024&#038;ssl=1\" alt=\"\" class=\"wp-image-513089\" srcset=\"https:\/\/i0.wp.com\/casadecampoliving.com\/wp-content\/uploads\/2023\/01\/Chavon-Farmers-Market-January-2023.jpg?resize=1024%2C1024&amp;ssl=1 1024w, https:\/\/i0.wp.com\/casadecampoliving.com\/wp-content\/uploads\/2023\/01\/Chavon-Farmers-Market-January-2023.jpg?resize=300%2C300&amp;ssl=1 300w, https:\/\/i0.wp.com\/casadecampoliving.com\/wp-content\/uploads\/2023\/01\/Chavon-Farmers-Market-January-2023.jpg?resize=150%2C150&amp;ssl=1 150w, https:\/\/i0.wp.com\/casadecampoliving.com\/wp-content\/uploads\/2023\/01\/Chavon-Farmers-Market-January-2023.jpg?resize=768%2C767&amp;ssl=1 768w, https:\/\/i0.wp.com\/casadecampoliving.com\/wp-content\/uploads\/2023\/01\/Chavon-Farmers-Market-January-2023.jpg?resize=800%2C800&amp;ssl=1 800w, https:\/\/i0.wp.com\/casadecampoliving.com\/wp-content\/uploads\/2023\/01\/Chavon-Farmers-Market-January-2023.jpg?resize=400%2C400&amp;ssl=1 400w, https:\/\/i0.wp.com\/casadecampoliving.com\/wp-content\/uploads\/2023\/01\/Chavon-Farmers-Market-January-2023.jpg?resize=200%2C200&amp;ssl=1 200w, https:\/\/i0.wp.com\/casadecampoliving.com\/wp-content\/uploads\/2023\/01\/Chavon-Farmers-Market-January-2023.jpg?resize=96%2C96&amp;ssl=1 96w, https:\/\/i0.wp.com\/casadecampoliving.com\/wp-content\/uploads\/2023\/01\/Chavon-Farmers-Market-January-2023.jpg?w=1080&amp;ssl=1 1080w, https:\/\/i0.wp.com\/casadecampoliving.com\/wp-content\/uploads\/2023\/01\/Chavon-Farmers-Market-January-2023-1024x1024.jpg?w=370&amp;ssl=1 370w\" sizes=\"auto, (max-width: 1000px) 100vw, 1000px\" \/><\/figure>\n<\/div>","protected":false},"excerpt":{"rendered":"<p>\u00a1Una gran noticia! El Altos de Chav\u00f3n Farmer&#8217;s Market regresar\u00e1 el s\u00e1bado 28 de enero, \u00a1as\u00ed que guarde la fecha! \u00bf\u00a1Pueden creer que comenz\u00f3 exactamente hace un a\u00f1o!? Ha experimentado un crecimiento significativo en los \u00faltimos meses y estamos ansiosos por ver lo que nos depara este a\u00f1o. Al final de esta publicaci\u00f3n, encuentre el [&hellip;]<\/p>\n","protected":false},"author":36791,"featured_media":513095,"comment_status":"closed","ping_status":"closed","sticky":false,"template":"","format":"standard","meta":{"newspack_ads_suppress_ads":false,"newspack_popups_has_disabled_popups":false,"newspack_sponsor_sponsorship_scope":"","newspack_sponsor_native_byline_display":"inherit","newspack_sponsor_native_category_display":"inherit","newspack_sponsor_underwriter_style":"inherit","newspack_sponsor_underwriter_placement":"inherit","_newspack_byline_active":false,"_newspack_byline":"","newspack_hide_updated_date":false,"newspack_show_updated_date":false,"newspack_content_restriction_is_exempt":false,"newspack_featured_image_position":"large","newspack_post_subtitle":"","newspack_article_summary_title":"Overview:","newspack_article_summary":"","_jetpack_memberships_contains_paid_content":false,"footnotes":"","jetpack_publicize_message":"","jetpack_publicize_feature_enabled":false,"jetpack_social_post_already_shared":false,"jetpack_social_options":{"image_generator_settings":{"template":"highway","default_image_id":0,"font":"","enabled":false},"version":2},"_wpas_customize_per_network":false},"categories":[14625,14627,2521],"tags":[27100,23815,2575,21648,3375,14736,15091],"newspack_spnsrs_tax":[],"class_list":["post-513107","post","type-post","status-publish","format-standard","has-post-thumbnail","hentry","category-noticias-locales","category-proximamente","category-republica-dominicana-2","tag-altos-de-chavon-es-7","tag-casa-de-campo-es-17","tag-comunidad-de-casa-de-campo","tag-estilo-de-vida","tag-eventos-y-actividades","tag-featured-topview-es","tag-proximamente","entry"],"yoast_head":"<!-- This site is optimized with the Yoast SEO plugin v27.4 - https:\/\/yoast.com\/product\/yoast-seo-wordpress\/ -->\n<title>\u00a1Marquen sus calendarios! \u00a1El primer Altos de Chav\u00f3n Farmer&#039;s Market de 2023 est\u00e1 programado para el 28 de enero! | Casa de Campo Living<\/title>\n<meta name=\"description\" content=\"\u00a1Una gran noticia! El Altos de Chav\u00f3n Farmer&#039;s Market regresar\u00e1 el s\u00e1bado 28 de enero, \u00a1as\u00ed que guarde la fecha! \u00bf\u00a1Pueden creer que comenz\u00f3 exactamente\" \/>\n<meta name=\"robots\" content=\"index, follow, max-snippet:-1, max-image-preview:large, max-video-preview:-1\" \/>\n<link rel=\"canonical\" href=\"https:\/\/casadecampoliving.com\/es\/marquen-sus-calendarios-el-primer-altos-de-chavon-farmers-market-de-2023-esta-programado-para-el-28-de-enero\/\" \/>\n<meta property=\"og:locale\" content=\"es_ES\" \/>\n<meta property=\"og:type\" content=\"article\" \/>\n<meta property=\"og:title\" content=\"\u00a1Marquen sus calendarios! \u00a1El primer Altos de Chav\u00f3n Farmer&#039;s Market de 2023 est\u00e1 programado para el 28 de enero! | Casa de Campo Living\" \/>\n<meta property=\"og:description\" content=\"\u00a1Una gran noticia! El Altos de Chav\u00f3n Farmer&#039;s Market regresar\u00e1 el s\u00e1bado 28 de enero, \u00a1as\u00ed que guarde la fecha! \u00bf\u00a1Pueden creer que comenz\u00f3 exactamente\" \/>\n<meta property=\"og:url\" content=\"https:\/\/casadecampoliving.com\/es\/marquen-sus-calendarios-el-primer-altos-de-chavon-farmers-market-de-2023-esta-programado-para-el-28-de-enero\/\" \/>\n<meta property=\"og:site_name\" content=\"Casa de Campo Living\" \/>\n<meta property=\"article:publisher\" content=\"https:\/\/www.facebook.com\/casadecampoliving\" \/>\n<meta property=\"article:published_time\" content=\"2023-01-17T12:03:49+00:00\" \/>\n<meta property=\"article:modified_time\" content=\"2023-01-17T12:10:51+00:00\" \/>\n<meta property=\"og:image\" content=\"https:\/\/casadecampoliving.com\/wp-content\/uploads\/2023\/01\/Altos-de-Chavon-Farmers-Market.png\" \/>\n\t<meta property=\"og:image:width\" content=\"1200\" \/>\n\t<meta property=\"og:image:height\" content=\"800\" \/>\n\t<meta property=\"og:image:type\" content=\"image\/png\" \/>\n<meta name=\"author\" content=\"Casa de Campo Living\" \/>\n<meta name=\"twitter:card\" content=\"summary_large_image\" \/>\n<meta name=\"twitter:creator\" content=\"@cdcliving\" \/>\n<meta name=\"twitter:site\" content=\"@cdcliving\" \/>\n<meta name=\"twitter:label1\" content=\"Escrito por\" \/>\n\t<meta name=\"twitter:data1\" content=\"Casa de Campo Living\" \/>\n\t<meta name=\"twitter:label2\" content=\"Tiempo de lectura\" \/>\n\t<meta name=\"twitter:data2\" content=\"2 minutos\" \/>\n<script type=\"application\/ld+json\" class=\"yoast-schema-graph\">{\"@context\":\"https:\\\/\\\/schema.org\",\"@graph\":[{\"@type\":\"Article\",\"@id\":\"https:\\\/\\\/casadecampoliving.com\\\/es\\\/marquen-sus-calendarios-el-primer-altos-de-chavon-farmers-market-de-2023-esta-programado-para-el-28-de-enero\\\/#article\",\"isPartOf\":{\"@id\":\"https:\\\/\\\/casadecampoliving.com\\\/es\\\/marquen-sus-calendarios-el-primer-altos-de-chavon-farmers-market-de-2023-esta-programado-para-el-28-de-enero\\\/\"},\"author\":{\"name\":\"Casa de Campo Living\",\"@id\":\"https:\\\/\\\/casadecampoliving.com\\\/es\\\/#\\\/schema\\\/person\\\/5d2171637a9d11e0e43ce6b8555f9422\"},\"headline\":\"\u00a1Marquen sus calendarios! \u00a1El primer Altos de Chav\u00f3n Farmer&#8217;s Market de 2023 est\u00e1 programado para el 28 de enero!\",\"datePublished\":\"2023-01-17T12:03:49+00:00\",\"dateModified\":\"2023-01-17T12:10:51+00:00\",\"mainEntityOfPage\":{\"@id\":\"https:\\\/\\\/casadecampoliving.com\\\/es\\\/marquen-sus-calendarios-el-primer-altos-de-chavon-farmers-market-de-2023-esta-programado-para-el-28-de-enero\\\/\"},\"wordCount\":288,\"publisher\":{\"@id\":\"https:\\\/\\\/casadecampoliving.com\\\/es\\\/#organization\"},\"image\":{\"@id\":\"https:\\\/\\\/casadecampoliving.com\\\/es\\\/marquen-sus-calendarios-el-primer-altos-de-chavon-farmers-market-de-2023-esta-programado-para-el-28-de-enero\\\/#primaryimage\"},\"thumbnailUrl\":\"https:\\\/\\\/i0.wp.com\\\/casadecampoliving.com\\\/wp-content\\\/uploads\\\/2023\\\/01\\\/Altos-de-Chavon-Farmers-Market.png?fit=1200%2C800&ssl=1\",\"keywords\":[\"Altos de Chav\u00f3n @es\",\"Casa de Campo\",\"comunidad de casa de campo\",\"estilo de vida\",\"eventos y actividades\",\"Featured-TopView @es\",\"Proximamente\"],\"articleSection\":[\"Noticias Locales\",\"Proximamente\",\"Rep\u00fablica Dominicana @es\"],\"inLanguage\":\"es\"},{\"@type\":\"WebPage\",\"@id\":\"https:\\\/\\\/casadecampoliving.com\\\/es\\\/marquen-sus-calendarios-el-primer-altos-de-chavon-farmers-market-de-2023-esta-programado-para-el-28-de-enero\\\/\",\"url\":\"https:\\\/\\\/casadecampoliving.com\\\/es\\\/marquen-sus-calendarios-el-primer-altos-de-chavon-farmers-market-de-2023-esta-programado-para-el-28-de-enero\\\/\",\"name\":\"\u00a1Marquen sus calendarios! \u00a1El primer Altos de Chav\u00f3n Farmer's Market de 2023 est\u00e1 programado para el 28 de enero! | Casa de Campo Living\",\"isPartOf\":{\"@id\":\"https:\\\/\\\/casadecampoliving.com\\\/es\\\/#website\"},\"primaryImageOfPage\":{\"@id\":\"https:\\\/\\\/casadecampoliving.com\\\/es\\\/marquen-sus-calendarios-el-primer-altos-de-chavon-farmers-market-de-2023-esta-programado-para-el-28-de-enero\\\/#primaryimage\"},\"image\":{\"@id\":\"https:\\\/\\\/casadecampoliving.com\\\/es\\\/marquen-sus-calendarios-el-primer-altos-de-chavon-farmers-market-de-2023-esta-programado-para-el-28-de-enero\\\/#primaryimage\"},\"thumbnailUrl\":\"https:\\\/\\\/i0.wp.com\\\/casadecampoliving.com\\\/wp-content\\\/uploads\\\/2023\\\/01\\\/Altos-de-Chavon-Farmers-Market.png?fit=1200%2C800&ssl=1\",\"datePublished\":\"2023-01-17T12:03:49+00:00\",\"dateModified\":\"2023-01-17T12:10:51+00:00\",\"description\":\"\u00a1Una gran noticia! El Altos de Chav\u00f3n Farmer's Market regresar\u00e1 el s\u00e1bado 28 de enero, \u00a1as\u00ed que guarde la fecha! \u00bf\u00a1Pueden creer que comenz\u00f3 exactamente\",\"breadcrumb\":{\"@id\":\"https:\\\/\\\/casadecampoliving.com\\\/es\\\/marquen-sus-calendarios-el-primer-altos-de-chavon-farmers-market-de-2023-esta-programado-para-el-28-de-enero\\\/#breadcrumb\"},\"inLanguage\":\"es\",\"potentialAction\":[{\"@type\":\"ReadAction\",\"target\":[\"https:\\\/\\\/casadecampoliving.com\\\/es\\\/marquen-sus-calendarios-el-primer-altos-de-chavon-farmers-market-de-2023-esta-programado-para-el-28-de-enero\\\/\"]}]},{\"@type\":\"ImageObject\",\"inLanguage\":\"es\",\"@id\":\"https:\\\/\\\/casadecampoliving.com\\\/es\\\/marquen-sus-calendarios-el-primer-altos-de-chavon-farmers-market-de-2023-esta-programado-para-el-28-de-enero\\\/#primaryimage\",\"url\":\"https:\\\/\\\/i0.wp.com\\\/casadecampoliving.com\\\/wp-content\\\/uploads\\\/2023\\\/01\\\/Altos-de-Chavon-Farmers-Market.png?fit=1200%2C800&ssl=1\",\"contentUrl\":\"https:\\\/\\\/i0.wp.com\\\/casadecampoliving.com\\\/wp-content\\\/uploads\\\/2023\\\/01\\\/Altos-de-Chavon-Farmers-Market.png?fit=1200%2C800&ssl=1\",\"width\":1200,\"height\":800},{\"@type\":\"BreadcrumbList\",\"@id\":\"https:\\\/\\\/casadecampoliving.com\\\/es\\\/marquen-sus-calendarios-el-primer-altos-de-chavon-farmers-market-de-2023-esta-programado-para-el-28-de-enero\\\/#breadcrumb\",\"itemListElement\":[{\"@type\":\"ListItem\",\"position\":1,\"name\":\"Home\",\"item\":\"https:\\\/\\\/casadecampoliving.com\\\/es\\\/\"},{\"@type\":\"ListItem\",\"position\":2,\"name\":\"\u00a1Marquen sus calendarios! \u00a1El primer Altos de Chav\u00f3n Farmer&#8217;s Market de 2023 est\u00e1 programado para el 28 de enero!\"}]},{\"@type\":\"WebSite\",\"@id\":\"https:\\\/\\\/casadecampoliving.com\\\/es\\\/#website\",\"url\":\"https:\\\/\\\/casadecampoliving.com\\\/es\\\/\",\"name\":\"Casa de Campo Living\",\"description\":\"Resort community news and resources.\",\"publisher\":{\"@id\":\"https:\\\/\\\/casadecampoliving.com\\\/es\\\/#organization\"},\"potentialAction\":[{\"@type\":\"SearchAction\",\"target\":{\"@type\":\"EntryPoint\",\"urlTemplate\":\"https:\\\/\\\/casadecampoliving.com\\\/es\\\/?s={search_term_string}\"},\"query-input\":{\"@type\":\"PropertyValueSpecification\",\"valueRequired\":true,\"valueName\":\"search_term_string\"}}],\"inLanguage\":\"es\"},{\"@type\":\"Organization\",\"@id\":\"https:\\\/\\\/casadecampoliving.com\\\/es\\\/#organization\",\"name\":\"Casa de Campo Living\",\"url\":\"https:\\\/\\\/casadecampoliving.com\\\/es\\\/\",\"logo\":{\"@type\":\"ImageObject\",\"inLanguage\":\"es\",\"@id\":\"https:\\\/\\\/casadecampoliving.com\\\/es\\\/#\\\/schema\\\/logo\\\/image\\\/\",\"url\":\"https:\\\/\\\/i0.wp.com\\\/casadecampoliving.com\\\/wp-content\\\/uploads\\\/2022\\\/07\\\/CDCLivingLogo_V1-white-sized.png?fit=800%2C214&ssl=1\",\"contentUrl\":\"https:\\\/\\\/i0.wp.com\\\/casadecampoliving.com\\\/wp-content\\\/uploads\\\/2022\\\/07\\\/CDCLivingLogo_V1-white-sized.png?fit=800%2C214&ssl=1\",\"width\":800,\"height\":214,\"caption\":\"Casa de Campo Living\"},\"image\":{\"@id\":\"https:\\\/\\\/casadecampoliving.com\\\/es\\\/#\\\/schema\\\/logo\\\/image\\\/\"},\"sameAs\":[\"https:\\\/\\\/www.facebook.com\\\/casadecampoliving\",\"https:\\\/\\\/x.com\\\/cdcliving\"]},{\"@type\":\"Person\",\"@id\":\"https:\\\/\\\/casadecampoliving.com\\\/es\\\/#\\\/schema\\\/person\\\/5d2171637a9d11e0e43ce6b8555f9422\",\"name\":\"Casa de Campo Living\",\"image\":{\"@type\":\"ImageObject\",\"inLanguage\":\"es\",\"@id\":\"https:\\\/\\\/secure.gravatar.com\\\/avatar\\\/d04101fa4a9fd431e939953b1500fdc7a73cd35029f86d98712fd8ccdaebaf9a?s=96&d=mm&r=g\",\"url\":\"https:\\\/\\\/secure.gravatar.com\\\/avatar\\\/d04101fa4a9fd431e939953b1500fdc7a73cd35029f86d98712fd8ccdaebaf9a?s=96&d=mm&r=g\",\"contentUrl\":\"https:\\\/\\\/secure.gravatar.com\\\/avatar\\\/d04101fa4a9fd431e939953b1500fdc7a73cd35029f86d98712fd8ccdaebaf9a?s=96&d=mm&r=g\",\"caption\":\"Casa de Campo Living\"},\"url\":\"https:\\\/\\\/casadecampoliving.com\\\/es\\\/author\\\/casa-de-campo-living\\\/\"}]}<\/script>\n<!-- \/ Yoast SEO plugin. -->","yoast_head_json":{"title":"\u00a1Marquen sus calendarios! \u00a1El primer Altos de Chav\u00f3n Farmer's Market de 2023 est\u00e1 programado para el 28 de enero! | Casa de Campo Living","description":"\u00a1Una gran noticia! El Altos de Chav\u00f3n Farmer's Market regresar\u00e1 el s\u00e1bado 28 de enero, \u00a1as\u00ed que guarde la fecha! \u00bf\u00a1Pueden creer que comenz\u00f3 exactamente","robots":{"index":"index","follow":"follow","max-snippet":"max-snippet:-1","max-image-preview":"max-image-preview:large","max-video-preview":"max-video-preview:-1"},"canonical":"https:\/\/casadecampoliving.com\/es\/marquen-sus-calendarios-el-primer-altos-de-chavon-farmers-market-de-2023-esta-programado-para-el-28-de-enero\/","og_locale":"es_ES","og_type":"article","og_title":"\u00a1Marquen sus calendarios! \u00a1El primer Altos de Chav\u00f3n Farmer's Market de 2023 est\u00e1 programado para el 28 de enero! | Casa de Campo Living","og_description":"\u00a1Una gran noticia! El Altos de Chav\u00f3n Farmer's Market regresar\u00e1 el s\u00e1bado 28 de enero, \u00a1as\u00ed que guarde la fecha! \u00bf\u00a1Pueden creer que comenz\u00f3 exactamente","og_url":"https:\/\/casadecampoliving.com\/es\/marquen-sus-calendarios-el-primer-altos-de-chavon-farmers-market-de-2023-esta-programado-para-el-28-de-enero\/","og_site_name":"Casa de Campo Living","article_publisher":"https:\/\/www.facebook.com\/casadecampoliving","article_published_time":"2023-01-17T12:03:49+00:00","article_modified_time":"2023-01-17T12:10:51+00:00","og_image":[{"width":1200,"height":800,"url":"https:\/\/casadecampoliving.com\/wp-content\/uploads\/2023\/01\/Altos-de-Chavon-Farmers-Market.png","type":"image\/png"}],"author":"Casa de Campo Living","twitter_card":"summary_large_image","twitter_creator":"@cdcliving","twitter_site":"@cdcliving","twitter_misc":{"Escrito por":"Casa de Campo Living","Tiempo de lectura":"2 minutos"},"schema":{"@context":"https:\/\/schema.org","@graph":[{"@type":"Article","@id":"https:\/\/casadecampoliving.com\/es\/marquen-sus-calendarios-el-primer-altos-de-chavon-farmers-market-de-2023-esta-programado-para-el-28-de-enero\/#article","isPartOf":{"@id":"https:\/\/casadecampoliving.com\/es\/marquen-sus-calendarios-el-primer-altos-de-chavon-farmers-market-de-2023-esta-programado-para-el-28-de-enero\/"},"author":{"name":"Casa de Campo Living","@id":"https:\/\/casadecampoliving.com\/es\/#\/schema\/person\/5d2171637a9d11e0e43ce6b8555f9422"},"headline":"\u00a1Marquen sus calendarios! \u00a1El primer Altos de Chav\u00f3n Farmer&#8217;s Market de 2023 est\u00e1 programado para el 28 de enero!","datePublished":"2023-01-17T12:03:49+00:00","dateModified":"2023-01-17T12:10:51+00:00","mainEntityOfPage":{"@id":"https:\/\/casadecampoliving.com\/es\/marquen-sus-calendarios-el-primer-altos-de-chavon-farmers-market-de-2023-esta-programado-para-el-28-de-enero\/"},"wordCount":288,"publisher":{"@id":"https:\/\/casadecampoliving.com\/es\/#organization"},"image":{"@id":"https:\/\/casadecampoliving.com\/es\/marquen-sus-calendarios-el-primer-altos-de-chavon-farmers-market-de-2023-esta-programado-para-el-28-de-enero\/#primaryimage"},"thumbnailUrl":"https:\/\/i0.wp.com\/casadecampoliving.com\/wp-content\/uploads\/2023\/01\/Altos-de-Chavon-Farmers-Market.png?fit=1200%2C800&ssl=1","keywords":["Altos de Chav\u00f3n @es","Casa de Campo","comunidad de casa de campo","estilo de vida","eventos y actividades","Featured-TopView @es","Proximamente"],"articleSection":["Noticias Locales","Proximamente","Rep\u00fablica Dominicana @es"],"inLanguage":"es"},{"@type":"WebPage","@id":"https:\/\/casadecampoliving.com\/es\/marquen-sus-calendarios-el-primer-altos-de-chavon-farmers-market-de-2023-esta-programado-para-el-28-de-enero\/","url":"https:\/\/casadecampoliving.com\/es\/marquen-sus-calendarios-el-primer-altos-de-chavon-farmers-market-de-2023-esta-programado-para-el-28-de-enero\/","name":"\u00a1Marquen sus calendarios! \u00a1El primer Altos de Chav\u00f3n Farmer's Market de 2023 est\u00e1 programado para el 28 de enero! | Casa de Campo Living","isPartOf":{"@id":"https:\/\/casadecampoliving.com\/es\/#website"},"primaryImageOfPage":{"@id":"https:\/\/casadecampoliving.com\/es\/marquen-sus-calendarios-el-primer-altos-de-chavon-farmers-market-de-2023-esta-programado-para-el-28-de-enero\/#primaryimage"},"image":{"@id":"https:\/\/casadecampoliving.com\/es\/marquen-sus-calendarios-el-primer-altos-de-chavon-farmers-market-de-2023-esta-programado-para-el-28-de-enero\/#primaryimage"},"thumbnailUrl":"https:\/\/i0.wp.com\/casadecampoliving.com\/wp-content\/uploads\/2023\/01\/Altos-de-Chavon-Farmers-Market.png?fit=1200%2C800&ssl=1","datePublished":"2023-01-17T12:03:49+00:00","dateModified":"2023-01-17T12:10:51+00:00","description":"\u00a1Una gran noticia! El Altos de Chav\u00f3n Farmer's Market regresar\u00e1 el s\u00e1bado 28 de enero, \u00a1as\u00ed que guarde la fecha! \u00bf\u00a1Pueden creer que comenz\u00f3 exactamente","breadcrumb":{"@id":"https:\/\/casadecampoliving.com\/es\/marquen-sus-calendarios-el-primer-altos-de-chavon-farmers-market-de-2023-esta-programado-para-el-28-de-enero\/#breadcrumb"},"inLanguage":"es","potentialAction":[{"@type":"ReadAction","target":["https:\/\/casadecampoliving.com\/es\/marquen-sus-calendarios-el-primer-altos-de-chavon-farmers-market-de-2023-esta-programado-para-el-28-de-enero\/"]}]},{"@type":"ImageObject","inLanguage":"es","@id":"https:\/\/casadecampoliving.com\/es\/marquen-sus-calendarios-el-primer-altos-de-chavon-farmers-market-de-2023-esta-programado-para-el-28-de-enero\/#primaryimage","url":"https:\/\/i0.wp.com\/casadecampoliving.com\/wp-content\/uploads\/2023\/01\/Altos-de-Chavon-Farmers-Market.png?fit=1200%2C800&ssl=1","contentUrl":"https:\/\/i0.wp.com\/casadecampoliving.com\/wp-content\/uploads\/2023\/01\/Altos-de-Chavon-Farmers-Market.png?fit=1200%2C800&ssl=1","width":1200,"height":800},{"@type":"BreadcrumbList","@id":"https:\/\/casadecampoliving.com\/es\/marquen-sus-calendarios-el-primer-altos-de-chavon-farmers-market-de-2023-esta-programado-para-el-28-de-enero\/#breadcrumb","itemListElement":[{"@type":"ListItem","position":1,"name":"Home","item":"https:\/\/casadecampoliving.com\/es\/"},{"@type":"ListItem","position":2,"name":"\u00a1Marquen sus calendarios! \u00a1El primer Altos de Chav\u00f3n Farmer&#8217;s Market de 2023 est\u00e1 programado para el 28 de enero!"}]},{"@type":"WebSite","@id":"https:\/\/casadecampoliving.com\/es\/#website","url":"https:\/\/casadecampoliving.com\/es\/","name":"Casa de Campo Living","description":"Resort community news and resources.","publisher":{"@id":"https:\/\/casadecampoliving.com\/es\/#organization"},"potentialAction":[{"@type":"SearchAction","target":{"@type":"EntryPoint","urlTemplate":"https:\/\/casadecampoliving.com\/es\/?s={search_term_string}"},"query-input":{"@type":"PropertyValueSpecification","valueRequired":true,"valueName":"search_term_string"}}],"inLanguage":"es"},{"@type":"Organization","@id":"https:\/\/casadecampoliving.com\/es\/#organization","name":"Casa de Campo Living","url":"https:\/\/casadecampoliving.com\/es\/","logo":{"@type":"ImageObject","inLanguage":"es","@id":"https:\/\/casadecampoliving.com\/es\/#\/schema\/logo\/image\/","url":"https:\/\/i0.wp.com\/casadecampoliving.com\/wp-content\/uploads\/2022\/07\/CDCLivingLogo_V1-white-sized.png?fit=800%2C214&ssl=1","contentUrl":"https:\/\/i0.wp.com\/casadecampoliving.com\/wp-content\/uploads\/2022\/07\/CDCLivingLogo_V1-white-sized.png?fit=800%2C214&ssl=1","width":800,"height":214,"caption":"Casa de Campo Living"},"image":{"@id":"https:\/\/casadecampoliving.com\/es\/#\/schema\/logo\/image\/"},"sameAs":["https:\/\/www.facebook.com\/casadecampoliving","https:\/\/x.com\/cdcliving"]},{"@type":"Person","@id":"https:\/\/casadecampoliving.com\/es\/#\/schema\/person\/5d2171637a9d11e0e43ce6b8555f9422","name":"Casa de Campo Living","image":{"@type":"ImageObject","inLanguage":"es","@id":"https:\/\/secure.gravatar.com\/avatar\/d04101fa4a9fd431e939953b1500fdc7a73cd35029f86d98712fd8ccdaebaf9a?s=96&d=mm&r=g","url":"https:\/\/secure.gravatar.com\/avatar\/d04101fa4a9fd431e939953b1500fdc7a73cd35029f86d98712fd8ccdaebaf9a?s=96&d=mm&r=g","contentUrl":"https:\/\/secure.gravatar.com\/avatar\/d04101fa4a9fd431e939953b1500fdc7a73cd35029f86d98712fd8ccdaebaf9a?s=96&d=mm&r=g","caption":"Casa de Campo Living"},"url":"https:\/\/casadecampoliving.com\/es\/author\/casa-de-campo-living\/"}]}},"parsely":{"version":"1.1.0","canonical_url":"https:\/\/casadecampoliving.com\/es\/marquen-sus-calendarios-el-primer-altos-de-chavon-farmers-market-de-2023-esta-programado-para-el-28-de-enero\/","smart_links":{"inbound":0,"outbound":0},"traffic_boost_suggestions_count":0,"meta":{"@context":"https:\/\/schema.org","@type":"NewsArticle","headline":"\u00a1Marquen sus calendarios! \u00a1El primer Altos de Chav\u00f3n Farmer&#8217;s Market de 2023 est\u00e1 programado para el 28 de enero!","url":"http:\/\/casadecampoliving.com\/es\/marquen-sus-calendarios-el-primer-altos-de-chavon-farmers-market-de-2023-esta-programado-para-el-28-de-enero\/","mainEntityOfPage":{"@type":"WebPage","@id":"http:\/\/casadecampoliving.com\/es\/marquen-sus-calendarios-el-primer-altos-de-chavon-farmers-market-de-2023-esta-programado-para-el-28-de-enero\/"},"thumbnailUrl":"https:\/\/i0.wp.com\/casadecampoliving.com\/wp-content\/uploads\/2023\/01\/Altos-de-Chavon-Farmers-Market.png?resize=150%2C150&ssl=1","image":{"@type":"ImageObject","url":"https:\/\/i0.wp.com\/casadecampoliving.com\/wp-content\/uploads\/2023\/01\/Altos-de-Chavon-Farmers-Market.png?fit=1200%2C800&ssl=1"},"articleSection":"Noticias Locales","author":[{"@type":"Person","name":"Casa de Campo Living"}],"creator":["Casa de Campo Living"],"publisher":{"@type":"Organization","name":"Casa de Campo Living","logo":"https:\/\/casadecampoliving.com\/wp-content\/uploads\/2022\/07\/CDCLivingLogo_V1-white-sized.png"},"keywords":["altos de chav\u00f3n @es","casa de campo","comunidad de casa de campo","estilo de vida","eventos y actividades","featured-topview @es","proximamente"],"dateCreated":"2023-01-17T12:03:49Z","datePublished":"2023-01-17T12:03:49Z","dateModified":"2023-01-17T12:10:51Z"},"rendered":"<script type=\"application\/ld+json\" class=\"wp-parsely-metadata\">{\"@context\":\"https:\\\/\\\/schema.org\",\"@type\":\"NewsArticle\",\"headline\":\"\\u00a1Marquen sus calendarios! \\u00a1El primer Altos de Chav\\u00f3n Farmer&#8217;s Market de 2023 est\\u00e1 programado para el 28 de enero!\",\"url\":\"http:\\\/\\\/casadecampoliving.com\\\/es\\\/marquen-sus-calendarios-el-primer-altos-de-chavon-farmers-market-de-2023-esta-programado-para-el-28-de-enero\\\/\",\"mainEntityOfPage\":{\"@type\":\"WebPage\",\"@id\":\"http:\\\/\\\/casadecampoliving.com\\\/es\\\/marquen-sus-calendarios-el-primer-altos-de-chavon-farmers-market-de-2023-esta-programado-para-el-28-de-enero\\\/\"},\"thumbnailUrl\":\"https:\\\/\\\/i0.wp.com\\\/casadecampoliving.com\\\/wp-content\\\/uploads\\\/2023\\\/01\\\/Altos-de-Chavon-Farmers-Market.png?resize=150%2C150&ssl=1\",\"image\":{\"@type\":\"ImageObject\",\"url\":\"https:\\\/\\\/i0.wp.com\\\/casadecampoliving.com\\\/wp-content\\\/uploads\\\/2023\\\/01\\\/Altos-de-Chavon-Farmers-Market.png?fit=1200%2C800&ssl=1\"},\"articleSection\":\"Noticias Locales\",\"author\":[{\"@type\":\"Person\",\"name\":\"Casa de Campo Living\"}],\"creator\":[\"Casa de Campo Living\"],\"publisher\":{\"@type\":\"Organization\",\"name\":\"Casa de Campo Living\",\"logo\":\"https:\\\/\\\/casadecampoliving.com\\\/wp-content\\\/uploads\\\/2022\\\/07\\\/CDCLivingLogo_V1-white-sized.png\"},\"keywords\":[\"altos de chav\\u00f3n @es\",\"casa de campo\",\"comunidad de casa de campo\",\"estilo de vida\",\"eventos y actividades\",\"featured-topview @es\",\"proximamente\"],\"dateCreated\":\"2023-01-17T12:03:49Z\",\"datePublished\":\"2023-01-17T12:03:49Z\",\"dateModified\":\"2023-01-17T12:10:51Z\"}<\/script>","tracker_url":"https:\/\/cdn.parsely.com\/keys\/casadecampoliving.com\/p.js"},"jetpack_publicize_connections":[],"jetpack_featured_media_url":"https:\/\/i0.wp.com\/casadecampoliving.com\/wp-content\/uploads\/2023\/01\/Altos-de-Chavon-Farmers-Market.png?fit=1200%2C800&ssl=1","jetpack-related-posts":[{"id":433460,"url":"https:\/\/casadecampoliving.com\/es\/no-se-pierdan-el-increible-tributo-a-frank-sinatra-para-celebrar-el-40-aniversario-del-anfiteatro-altos-de-chavon\/","url_meta":{"origin":513107,"position":0},"title":"No se pierdan el incre\u00edble tributo a Frank Sinatra para celebrar el 40 aniversario del\u00a0Anfiteatro Altos de Chav\u00f3n","author":"Casa de Campo Living","date":"20 Oct, 2022","format":false,"excerpt":"Siendo uno de los escenarios m\u00e1s emblem\u00e1ticos del pa\u00eds, Casa de Campo Resort\u00ae & Villas celebra las cuatro d\u00e9cadas de aniversario de Altos de Chav\u00f3n con un tributo al gran Frank Sinatra, protagonizado por artistas invitados y una big band tal cual la que acompa\u00f1\u00f3 al artista hace 40 a\u00f1os\u2026","rel":"","context":"En \u00abUncategorized @es\u00bb","block_context":{"text":"Uncategorized @es","link":"https:\/\/casadecampoliving.com\/es\/category\/uncategorized-es\/"},"img":{"alt_text":"","src":"https:\/\/i0.wp.com\/casadecampoliving.com\/wp-content\/uploads\/2022\/10\/Tributo-Frank-Sinatra-Foto-Principal-Amaury-Sanchez-Danilo-Ginebra-Andres-Pichardo-y-Jose-Gabriel-Perez-.jpg?fit=1200%2C873&ssl=1&resize=350%2C200","width":350,"height":200,"srcset":"https:\/\/i0.wp.com\/casadecampoliving.com\/wp-content\/uploads\/2022\/10\/Tributo-Frank-Sinatra-Foto-Principal-Amaury-Sanchez-Danilo-Ginebra-Andres-Pichardo-y-Jose-Gabriel-Perez-.jpg?fit=1200%2C873&ssl=1&resize=350%2C200 1x, https:\/\/i0.wp.com\/casadecampoliving.com\/wp-content\/uploads\/2022\/10\/Tributo-Frank-Sinatra-Foto-Principal-Amaury-Sanchez-Danilo-Ginebra-Andres-Pichardo-y-Jose-Gabriel-Perez-.jpg?fit=1200%2C873&ssl=1&resize=525%2C300 1.5x, https:\/\/i0.wp.com\/casadecampoliving.com\/wp-content\/uploads\/2022\/10\/Tributo-Frank-Sinatra-Foto-Principal-Amaury-Sanchez-Danilo-Ginebra-Andres-Pichardo-y-Jose-Gabriel-Perez-.jpg?fit=1200%2C873&ssl=1&resize=700%2C400 2x, https:\/\/i0.wp.com\/casadecampoliving.com\/wp-content\/uploads\/2022\/10\/Tributo-Frank-Sinatra-Foto-Principal-Amaury-Sanchez-Danilo-Ginebra-Andres-Pichardo-y-Jose-Gabriel-Perez-.jpg?fit=1200%2C873&ssl=1&resize=1050%2C600 3x"},"classes":[]},{"id":354386,"url":"https:\/\/casadecampoliving.com\/es\/quinta-edicion-del-altos-de-chavon-farmers-market-el-sabado-28-de-mayo-no-se-lo-pierda\/","url_meta":{"origin":513107,"position":1},"title":"Quinta edici\u00f3n del Altos de Chav\u00f3n Farmers Market el s\u00e1bado 28 de mayo \u2013 \u00a1No se lo pierda!","author":"Casa de Campo Living","date":"20 May, 2022","format":false,"excerpt":"\u00bfTe perdiste el \u00faltimo Farmers Market de Altos de Chav\u00f3n, o tal vez esperabas que volviera pronto? \u00a1Tenemos buenas noticias! El Mercado de Agricultores de Altos de Chav\u00f3n regresar\u00e1 el 28 de mayo, justo antes del D\u00eda de la Madre, \u00a1as\u00ed que guarde la fecha! Los vendedores locales se unir\u00e1n\u2026","rel":"","context":"En \u00abAltos de Chavon @es\u00bb","block_context":{"text":"Altos de Chavon @es","link":"https:\/\/casadecampoliving.com\/category\/altos-de-chavon-es\/"},"img":{"alt_text":"","src":"https:\/\/i0.wp.com\/casadecampoliving.com\/wp-content\/uploads\/2022\/10\/A2_2201-Altos-de-Chavo%CC%81n-Farmers-Market-3.jpg?fit=1000%2C667&ssl=1&resize=350%2C200","width":350,"height":200,"srcset":"https:\/\/i0.wp.com\/casadecampoliving.com\/wp-content\/uploads\/2022\/10\/A2_2201-Altos-de-Chavo%CC%81n-Farmers-Market-3.jpg?fit=1000%2C667&ssl=1&resize=350%2C200 1x, https:\/\/i0.wp.com\/casadecampoliving.com\/wp-content\/uploads\/2022\/10\/A2_2201-Altos-de-Chavo%CC%81n-Farmers-Market-3.jpg?fit=1000%2C667&ssl=1&resize=525%2C300 1.5x, https:\/\/i0.wp.com\/casadecampoliving.com\/wp-content\/uploads\/2022\/10\/A2_2201-Altos-de-Chavo%CC%81n-Farmers-Market-3.jpg?fit=1000%2C667&ssl=1&resize=700%2C400 2x"},"classes":[]},{"id":354424,"url":"https:\/\/casadecampoliving.com\/es\/reserva-la-fecha-la-sexta-edicion-del-altos-de-chavon-farmers-market-sera-el-proximo-sabado-2-de-julio\/","url_meta":{"origin":513107,"position":2},"title":"\u00a1Reserva la fecha! La sexta edici\u00f3n del Altos de Chav\u00f3n Farmers Market ser\u00e1 el pr\u00f3ximo s\u00e1bado 2 de julio","author":"Casa de Campo Living","date":"24 Jun, 2022","format":false,"excerpt":"\u00bfTe perdiste el \u00faltimo Farmers Market de Altos de Chav\u00f3n? \u00a1Tenemos buenas noticias! El Farmers Market regresar\u00e1 el 2 de julio, justo antes del D\u00eda de la Independencia de los Estados Unidos y traer\u00e1 muchas adiciones deliciosas para celebrar, \u00a1as\u00ed que guarde la fecha! Los vendedores locales se unir\u00e1n una\u2026","rel":"","context":"En \u00abAltos de Chavon @es\u00bb","block_context":{"text":"Altos de Chavon @es","link":"https:\/\/casadecampoliving.com\/category\/altos-de-chavon-es\/"},"img":{"alt_text":"","src":"https:\/\/i0.wp.com\/casadecampoliving.com\/wp-content\/uploads\/2022\/10\/A2_2201-Altos-de-Chavo%CC%81n-Farmers-Market-3.jpg?fit=1000%2C667&ssl=1&resize=350%2C200","width":350,"height":200,"srcset":"https:\/\/i0.wp.com\/casadecampoliving.com\/wp-content\/uploads\/2022\/10\/A2_2201-Altos-de-Chavo%CC%81n-Farmers-Market-3.jpg?fit=1000%2C667&ssl=1&resize=350%2C200 1x, https:\/\/i0.wp.com\/casadecampoliving.com\/wp-content\/uploads\/2022\/10\/A2_2201-Altos-de-Chavo%CC%81n-Farmers-Market-3.jpg?fit=1000%2C667&ssl=1&resize=525%2C300 1.5x, https:\/\/i0.wp.com\/casadecampoliving.com\/wp-content\/uploads\/2022\/10\/A2_2201-Altos-de-Chavo%CC%81n-Farmers-Market-3.jpg?fit=1000%2C667&ssl=1&resize=700%2C400 2x"},"classes":[]},{"id":354479,"url":"https:\/\/casadecampoliving.com\/es\/el-farmers-market-de-altos-de-chavon-regresara-este-sabado-27-de-agosto\/","url_meta":{"origin":513107,"position":3},"title":"\u00a1El Farmers Market de Altos de Chav\u00f3n regresar\u00e1 ESTE s\u00e1bado 27 de agosto!","author":"Casa de Campo Living","date":"22 Ago, 2022","format":false,"excerpt":"\u00a1Una gran noticia! El Mercado de Agricultores de Altos de Chav\u00f3n regresar\u00e1 este s\u00e1bado 27 de agosto, \u00a1as\u00ed que guarde la fecha! Los vendedores locales se unir\u00e1n una vez m\u00e1s para ofrecer una variedad de productos frescos, hierbas, especias, flores e incluso productos horneados. Aqu\u00ed tambi\u00e9n encontrar\u00e1 una hermosa selecci\u00f3n\u2026","rel":"","context":"En \u00abAltos de Chavon @es\u00bb","block_context":{"text":"Altos de Chavon @es","link":"https:\/\/casadecampoliving.com\/category\/altos-de-chavon-es\/"},"img":{"alt_text":"","src":"https:\/\/i0.wp.com\/casadecampoliving.com\/wp-content\/uploads\/2022\/10\/Altos-de-Chavo%CC%81n-Farmers-Market-2.jpg?fit=1000%2C563&ssl=1&resize=350%2C200","width":350,"height":200,"srcset":"https:\/\/i0.wp.com\/casadecampoliving.com\/wp-content\/uploads\/2022\/10\/Altos-de-Chavo%CC%81n-Farmers-Market-2.jpg?fit=1000%2C563&ssl=1&resize=350%2C200 1x, https:\/\/i0.wp.com\/casadecampoliving.com\/wp-content\/uploads\/2022\/10\/Altos-de-Chavo%CC%81n-Farmers-Market-2.jpg?fit=1000%2C563&ssl=1&resize=525%2C300 1.5x, https:\/\/i0.wp.com\/casadecampoliving.com\/wp-content\/uploads\/2022\/10\/Altos-de-Chavo%CC%81n-Farmers-Market-2.jpg?fit=1000%2C563&ssl=1&resize=700%2C400 2x"},"classes":[]},{"id":354449,"url":"https:\/\/casadecampoliving.com\/es\/el-farmers-market-de-altos-de-chavon-regresara-este-sabado-30-de-julio\/","url_meta":{"origin":513107,"position":4},"title":"\u00a1El Farmers Market de Altos de Chav\u00f3n regresar\u00e1 ESTE s\u00e1bado 30 de julio!","author":"Casa de Campo Living","date":"22 Jul, 2022","format":false,"excerpt":"\u00a1Una gran noticia! \u00a1Tenemos nueva fecha! El Mercado de Agricultores de Altos de Chav\u00f3n regresar\u00e1 este s\u00e1bado 30 de julio, \u00a1as\u00ed que guarde la fecha! Los vendedores locales se unir\u00e1n una vez m\u00e1s para ofrecer una variedad de productos frescos, hierbas, especias, flores e incluso productos horneados. Aqu\u00ed tambi\u00e9n encontrar\u00e1\u2026","rel":"","context":"En \u00abAltos de Chavon @es\u00bb","block_context":{"text":"Altos de Chavon @es","link":"https:\/\/casadecampoliving.com\/category\/altos-de-chavon-es\/"},"img":{"alt_text":"","src":"https:\/\/i0.wp.com\/casadecampoliving.com\/wp-content\/uploads\/2022\/10\/A3_2398-1.jpg?fit=1000%2C667&ssl=1&resize=350%2C200","width":350,"height":200,"srcset":"https:\/\/i0.wp.com\/casadecampoliving.com\/wp-content\/uploads\/2022\/10\/A3_2398-1.jpg?fit=1000%2C667&ssl=1&resize=350%2C200 1x, https:\/\/i0.wp.com\/casadecampoliving.com\/wp-content\/uploads\/2022\/10\/A3_2398-1.jpg?fit=1000%2C667&ssl=1&resize=525%2C300 1.5x, https:\/\/i0.wp.com\/casadecampoliving.com\/wp-content\/uploads\/2022\/10\/A3_2398-1.jpg?fit=1000%2C667&ssl=1&resize=700%2C400 2x"},"classes":[]},{"id":537171,"url":"https:\/\/casadecampoliving.com\/es\/altos-de-chavon-inicia-la-serie-de-farmers-market-de-2025\/","url_meta":{"origin":513107,"position":5},"title":"Altos de Chav\u00f3n Inicia la Serie de Farmer&#8217;s Market de 2025","author":"Casa de Campo Living","date":"4 Feb, 2025","format":false,"excerpt":"Altos de Chav\u00f3n dio inicio a su primera edici\u00f3n de mercados de artesanos de 2025 el 25 de enero, atrayendo a una animada multitud que explor\u00f3 la creatividad y destreza local. El evento comenz\u00f3 a las 2 p.m. y present\u00f3 una variedad de productos artesanales en un entorno din\u00e1mico y\u2026","rel":"","context":"En \u00abAltos de Chav\u00f3n\u00bb","block_context":{"text":"Altos de Chav\u00f3n","link":"https:\/\/casadecampoliving.com\/es\/category\/altos-de-chavon-6\/"},"img":{"alt_text":"","src":"https:\/\/i0.wp.com\/casadecampoliving.com\/wp-content\/uploads\/2025\/02\/Chavon-Market-Jan.2025-FN3A5485.jpg?fit=1200%2C800&ssl=1&resize=350%2C200","width":350,"height":200,"srcset":"https:\/\/i0.wp.com\/casadecampoliving.com\/wp-content\/uploads\/2025\/02\/Chavon-Market-Jan.2025-FN3A5485.jpg?fit=1200%2C800&ssl=1&resize=350%2C200 1x, https:\/\/i0.wp.com\/casadecampoliving.com\/wp-content\/uploads\/2025\/02\/Chavon-Market-Jan.2025-FN3A5485.jpg?fit=1200%2C800&ssl=1&resize=525%2C300 1.5x, https:\/\/i0.wp.com\/casadecampoliving.com\/wp-content\/uploads\/2025\/02\/Chavon-Market-Jan.2025-FN3A5485.jpg?fit=1200%2C800&ssl=1&resize=700%2C400 2x, https:\/\/i0.wp.com\/casadecampoliving.com\/wp-content\/uploads\/2025\/02\/Chavon-Market-Jan.2025-FN3A5485.jpg?fit=1200%2C800&ssl=1&resize=1050%2C600 3x"},"classes":[]}],"jetpack_sharing_enabled":true,"_links":{"self":[{"href":"https:\/\/casadecampoliving.com\/es\/wp-json\/wp\/v2\/posts\/513107","targetHints":{"allow":["GET"]}}],"collection":[{"href":"https:\/\/casadecampoliving.com\/es\/wp-json\/wp\/v2\/posts"}],"about":[{"href":"https:\/\/casadecampoliving.com\/es\/wp-json\/wp\/v2\/types\/post"}],"author":[{"embeddable":true,"href":"https:\/\/casadecampoliving.com\/es\/wp-json\/wp\/v2\/users\/36791"}],"replies":[{"embeddable":true,"href":"https:\/\/casadecampoliving.com\/es\/wp-json\/wp\/v2\/comments?post=513107"}],"version-history":[{"count":1,"href":"https:\/\/casadecampoliving.com\/es\/wp-json\/wp\/v2\/posts\/513107\/revisions"}],"predecessor-version":[{"id":513111,"href":"https:\/\/casadecampoliving.com\/es\/wp-json\/wp\/v2\/posts\/513107\/revisions\/513111"}],"wp:featuredmedia":[{"embeddable":true,"href":"https:\/\/casadecampoliving.com\/es\/wp-json\/wp\/v2\/media\/513095"}],"wp:attachment":[{"href":"https:\/\/casadecampoliving.com\/es\/wp-json\/wp\/v2\/media?parent=513107"}],"wp:term":[{"taxonomy":"category","embeddable":true,"href":"https:\/\/casadecampoliving.com\/es\/wp-json\/wp\/v2\/categories?post=513107"},{"taxonomy":"post_tag","embeddable":true,"href":"https:\/\/casadecampoliving.com\/es\/wp-json\/wp\/v2\/tags?post=513107"},{"taxonomy":"newspack_spnsrs_tax","embeddable":true,"href":"https:\/\/casadecampoliving.com\/es\/wp-json\/wp\/v2\/newspack_spnsrs_tax?post=513107"}],"curies":[{"name":"wp","href":"https:\/\/api.w.org\/{rel}","templated":true}]}}