{"id":512410,"date":"2022-12-28T11:40:30","date_gmt":"2022-12-28T15:40:30","guid":{"rendered":"https:\/\/casadecampoliving.com\/?p=512410"},"modified":"2023-01-03T13:03:17","modified_gmt":"2023-01-03T17:03:17","slug":"nueva-fecha-jazz-on-the-rocks-llega-a-altos-de-chavon-el-7-de-enero","status":"publish","type":"post","link":"https:\/\/casadecampoliving.com\/es\/nueva-fecha-jazz-on-the-rocks-llega-a-altos-de-chavon-el-7-de-enero\/","title":{"rendered":"NUEVA FECHA: \u00a1\u201cJazz on the Rocks\u201d llega a Altos de Chav\u00f3n el 7 de enero!"},"content":{"rendered":"\n<p class=\"has-text-align-justify\">Hace cuarenta a\u00f1os, el emblem\u00e1tico artista Frank Sinatra inaugur\u00f3 el Anfiteatro Altos de Chav\u00f3n con un concierto inolvidable el 20 de agosto de 1982. Luego de este hito, otras estrellas, como Juan Luis Guerra, Shakira, Sting y Elton John, subieron al escenario. dejando su huella. Este a\u00f1o Altos de Chav\u00f3n y Casa de Campo organizaron muchas sorpresas y actividades para celebrar los 40 a\u00f1os de nuestro Anfiteatro, pero debido al paso del hurac\u00e1n Fiona una tuvo que ser reprogramada.<\/p>\n\n\n\n<p><strong><em>\u00a1Estamos muy contentos de anunciar que \u201cJazz on the Rocks\u201d, una noche de retro jazz sobre los adoquines de Altos de Chav\u00f3n, se llevar\u00e1 a cabo el 7 de enero!<\/em><\/strong><\/p>\n\n\n\n<figure class=\"wp-block-embed is-type-video is-provider-youtube wp-block-embed-youtube wp-embed-aspect-16-9 wp-has-aspect-ratio\"><div class=\"wp-block-embed__wrapper\">\n<iframe loading=\"lazy\" title=\"Retro Jazz: Para Quererte -En vivo - Sala Manuel Rueda, Septiembre 27, 2019\" width=\"500\" height=\"281\" src=\"https:\/\/www.youtube.com\/embed\/pz3dmZ6OuuE?feature=oembed\" frameborder=\"0\" allow=\"accelerometer; autoplay; clipboard-write; encrypted-media; gyroscope; picture-in-picture; web-share\" referrerpolicy=\"strict-origin-when-cross-origin\" allowfullscreen><\/iframe>\n<\/div><\/figure>\n\n\n\n<p class=\"has-text-align-justify\"><strong><em>Retro Jazz <\/em><\/strong>es una agrupaci\u00f3n musical dominicana cuyo repertorio consiste en canciones dominicanas, as\u00ed como versiones interpretadas de jazz, bossa, latin jazz y funk, combinando la belleza y elegancia de las canciones dominicanas m\u00e1s populares con la profundidad arm\u00f3nica del jazz, la sensualidad de bossa y la energ\u00eda y espontaneidad de la improvisaci\u00f3n. La agrupaci\u00f3n fue formada en 2011, por el reconocido m\u00fasico dominicano Pengbian Sang quien se embarc\u00f3 en un proyecto cuyo objetivo dejar\u00eda huella en la escena jazz\u00edstica de Rep\u00fablica Dominicana: reducir la distancia entre el gran p\u00fablico de la m\u00fasica popular y el p\u00fablico selecto que le encanta el jazz.<\/p>\n\n\n\n<p class=\"has-text-align-justify\">Haciendo uso de su amplia formaci\u00f3n musical y larga experiencia como arreglista, orquestador y jazzista, Pengbian junto a un extraordinario grupo de m\u00fasicos dominicanos y con la expresiva voz de Nairoby Duarte como protagonista, logra conjugar la belleza y elegancia de las canciones dominicanas m\u00e1s populares con la espontaneidad de las improvisaciones y la profundidad arm\u00f3nica del jazz, en sus vertientes m\u00e1s importantes como son el funk, el blues, la m\u00fasica latina y afrocaribe\u00f1a.<\/p>\n\n\n\n<figure class=\"wp-block-image size-large\"><img data-recalc-dims=\"1\" loading=\"lazy\" decoding=\"async\" width=\"1024\" height=\"683\" src=\"https:\/\/i0.wp.com\/casadecampoliving.com\/wp-content\/uploads\/2023\/01\/Retro-Jazz-IG-Pic-1.jpg?resize=1024%2C683&#038;ssl=1\" alt=\"\" class=\"wp-image-512402\" srcset=\"https:\/\/i0.wp.com\/casadecampoliving.com\/wp-content\/uploads\/2023\/01\/Retro-Jazz-IG-Pic-1.jpg?resize=1024%2C683&amp;ssl=1 1024w, https:\/\/i0.wp.com\/casadecampoliving.com\/wp-content\/uploads\/2023\/01\/Retro-Jazz-IG-Pic-1.jpg?resize=300%2C200&amp;ssl=1 300w, https:\/\/i0.wp.com\/casadecampoliving.com\/wp-content\/uploads\/2023\/01\/Retro-Jazz-IG-Pic-1.jpg?resize=768%2C512&amp;ssl=1 768w, https:\/\/i0.wp.com\/casadecampoliving.com\/wp-content\/uploads\/2023\/01\/Retro-Jazz-IG-Pic-1.jpg?resize=400%2C267&amp;ssl=1 400w, https:\/\/i0.wp.com\/casadecampoliving.com\/wp-content\/uploads\/2023\/01\/Retro-Jazz-IG-Pic-1.jpg?resize=150%2C100&amp;ssl=1 150w, https:\/\/i0.wp.com\/casadecampoliving.com\/wp-content\/uploads\/2023\/01\/Retro-Jazz-IG-Pic-1.jpg?w=1080&amp;ssl=1 1080w, https:\/\/i0.wp.com\/casadecampoliving.com\/wp-content\/uploads\/2023\/01\/Retro-Jazz-IG-Pic-1-1024x683.jpg?w=370&amp;ssl=1 370w\" sizes=\"auto, (max-width: 1000px) 100vw, 1000px\" \/><\/figure>\n\n\n\n<p class=\"has-text-align-justify\"><strong><em>Retro Jazz <\/em><\/strong>nos trae canciones que inicialmente fueron merengues populares, boleros rom\u00e1nticos, salsas sabrosas y bachatas melanc\u00f3licas, recreadas de tal manera que, aunque r\u00edtmica y arm\u00f3nicamente diferentes a las versiones originales, mantienen su riqueza mel\u00f3dica y la belleza de sus letras.<\/p>\n\n\n\n<p class=\"has-text-align-justify\">Prep\u00e1rate para llenarte de jazz con <strong>Retro Jazz en Altos de Chav\u00f3n,\u00a0el s\u00e1bado 7 de enero<\/strong>. Si eres fan\u00e1tico tanto de la m\u00fasica dominicana como del g\u00e9nero jazz, \u00a1esta es una aventura musical que no querr\u00e1s perderte!<\/p>\n\n\n\n<p><em>*photos from <strong><a href=\"https:\/\/www.instagram.com\/retrojazzrd\/?hl=es-la\" target=\"_blank\" rel=\"noreferrer noopener nofollow\">retrojazzrd<\/a><\/strong> IG Page.<\/em><\/p>\n\n\n\n<h3 class=\"wp-block-heading\"><strong>\u201cJAZZ ON THE ROCKS\u201d CON RETRO JAZZ<\/strong><\/h3>\n\n\n\n<p><strong>D\u00f3nde:\u00a0<\/strong>Anfiteatro Altos de Chav\u00f3n <\/p>\n\n\n\n<p><strong>Cu\u00e1ndo: <\/strong>s\u00e1bado 7 de enero de 2022<\/p>\n\n\n\n<p><strong>Hora: <\/strong>8 pm<\/p>\n\n\n\n<p><em><strong>Evento libre de costo <\/strong><\/em><\/p>\n","protected":false},"excerpt":{"rendered":"<p>Hace cuarenta a\u00f1os, el emblem\u00e1tico artista Frank Sinatra inaugur\u00f3 el Anfiteatro Altos de Chav\u00f3n con un concierto inolvidable el 20 de agosto de 1982. Luego de este hito, otras estrellas, como Juan Luis Guerra, Shakira, Sting y Elton John, subieron al escenario. dejando su huella. Este a\u00f1o Altos de Chav\u00f3n y Casa de Campo organizaron [&hellip;]<\/p>\n","protected":false},"author":36791,"featured_media":512407,"comment_status":"closed","ping_status":"closed","sticky":false,"template":"","format":"standard","meta":{"newspack_ads_suppress_ads":false,"newspack_popups_has_disabled_popups":false,"newspack_sponsor_sponsorship_scope":"","newspack_sponsor_native_byline_display":"inherit","newspack_sponsor_native_category_display":"inherit","newspack_sponsor_underwriter_style":"inherit","newspack_sponsor_underwriter_placement":"inherit","_newspack_byline_active":false,"_newspack_byline":"","newspack_hide_updated_date":false,"newspack_show_updated_date":false,"newspack_content_restriction_is_exempt":false,"newspack_featured_image_position":"large","newspack_post_subtitle":"","newspack_article_summary_title":"Overview:","newspack_article_summary":"","_jetpack_memberships_contains_paid_content":false,"footnotes":"","jetpack_publicize_message":"","jetpack_publicize_feature_enabled":false,"jetpack_social_post_already_shared":true,"jetpack_social_options":{"image_generator_settings":{"template":"highway","default_image_id":0,"font":"","enabled":false},"version":2},"_wpas_customize_per_network":false},"categories":[26577,24554,26954,14631,2522,14627],"tags":[15387,27100,2545,23815,3626,3375,14736],"newspack_spnsrs_tax":[],"class_list":["post-512410","post","type-post","status-publish","format-standard","has-post-thumbnail","hentry","category-altos-de-chavon-6","category-comunidad","category-comunidad-casa-de-campo-living-es","category-estilo-de-vida","category-eventos-es","category-proximamente","tag-altos-de-chavon-es","tag-altos-de-chavon-es-7","tag-anfiteatro-de-altos-de-chavon","tag-casa-de-campo-es-17","tag-casa-de-campo-es","tag-eventos-y-actividades","tag-featured-topview-es","entry"],"yoast_head":"<!-- This site is optimized with the Yoast SEO plugin v27.4 - https:\/\/yoast.com\/product\/yoast-seo-wordpress\/ -->\n<title>NUEVA FECHA: \u00a1\u201cJazz on the Rocks\u201d llega a Altos de Chav\u00f3n el 7 de enero! | Casa de Campo Living<\/title>\n<meta name=\"description\" content=\"Hace cuarenta a\u00f1os, el emblem\u00e1tico artista Frank Sinatra inaugur\u00f3 el Anfiteatro Altos de Chav\u00f3n con un concierto inolvidable el 20 de agosto de 1982.\" \/>\n<meta name=\"robots\" content=\"index, follow, max-snippet:-1, max-image-preview:large, max-video-preview:-1\" \/>\n<link rel=\"canonical\" href=\"https:\/\/casadecampoliving.com\/es\/nueva-fecha-jazz-on-the-rocks-llega-a-altos-de-chavon-el-7-de-enero\/\" \/>\n<meta property=\"og:locale\" content=\"es_ES\" \/>\n<meta property=\"og:type\" content=\"article\" \/>\n<meta property=\"og:title\" content=\"NUEVA FECHA: \u00a1\u201cJazz on the Rocks\u201d llega a Altos de Chav\u00f3n el 7 de enero! | Casa de Campo Living\" \/>\n<meta property=\"og:description\" content=\"Hace cuarenta a\u00f1os, el emblem\u00e1tico artista Frank Sinatra inaugur\u00f3 el Anfiteatro Altos de Chav\u00f3n con un concierto inolvidable el 20 de agosto de 1982.\" \/>\n<meta property=\"og:url\" content=\"https:\/\/casadecampoliving.com\/es\/nueva-fecha-jazz-on-the-rocks-llega-a-altos-de-chavon-el-7-de-enero\/\" \/>\n<meta property=\"og:site_name\" content=\"Casa de Campo Living\" \/>\n<meta property=\"article:publisher\" content=\"https:\/\/www.facebook.com\/casadecampoliving\" \/>\n<meta property=\"article:published_time\" content=\"2022-12-28T15:40:30+00:00\" \/>\n<meta property=\"article:modified_time\" content=\"2023-01-03T17:03:17+00:00\" \/>\n<meta property=\"og:image\" content=\"https:\/\/casadecampoliving.com\/wp-content\/uploads\/2023\/01\/Retro-Jazz-IG-Pic.jpg\" \/>\n\t<meta property=\"og:image:width\" content=\"1080\" \/>\n\t<meta property=\"og:image:height\" content=\"720\" \/>\n\t<meta property=\"og:image:type\" content=\"image\/jpeg\" \/>\n<meta name=\"author\" content=\"Casa de Campo Living\" \/>\n<meta name=\"twitter:card\" content=\"summary_large_image\" \/>\n<meta name=\"twitter:creator\" content=\"@cdcliving\" \/>\n<meta name=\"twitter:site\" content=\"@cdcliving\" \/>\n<meta name=\"twitter:label1\" content=\"Escrito por\" \/>\n\t<meta name=\"twitter:data1\" content=\"Casa de Campo Living\" \/>\n\t<meta name=\"twitter:label2\" content=\"Tiempo de lectura\" \/>\n\t<meta name=\"twitter:data2\" content=\"2 minutos\" \/>\n<script type=\"application\/ld+json\" class=\"yoast-schema-graph\">{\"@context\":\"https:\\\/\\\/schema.org\",\"@graph\":[{\"@type\":\"Article\",\"@id\":\"https:\\\/\\\/casadecampoliving.com\\\/es\\\/nueva-fecha-jazz-on-the-rocks-llega-a-altos-de-chavon-el-7-de-enero\\\/#article\",\"isPartOf\":{\"@id\":\"https:\\\/\\\/casadecampoliving.com\\\/es\\\/nueva-fecha-jazz-on-the-rocks-llega-a-altos-de-chavon-el-7-de-enero\\\/\"},\"author\":{\"name\":\"Casa de Campo Living\",\"@id\":\"https:\\\/\\\/casadecampoliving.com\\\/es\\\/#\\\/schema\\\/person\\\/5d2171637a9d11e0e43ce6b8555f9422\"},\"headline\":\"NUEVA FECHA: \u00a1\u201cJazz on the Rocks\u201d llega a Altos de Chav\u00f3n el 7 de enero!\",\"datePublished\":\"2022-12-28T15:40:30+00:00\",\"dateModified\":\"2023-01-03T17:03:17+00:00\",\"mainEntityOfPage\":{\"@id\":\"https:\\\/\\\/casadecampoliving.com\\\/es\\\/nueva-fecha-jazz-on-the-rocks-llega-a-altos-de-chavon-el-7-de-enero\\\/\"},\"wordCount\":452,\"publisher\":{\"@id\":\"https:\\\/\\\/casadecampoliving.com\\\/es\\\/#organization\"},\"image\":{\"@id\":\"https:\\\/\\\/casadecampoliving.com\\\/es\\\/nueva-fecha-jazz-on-the-rocks-llega-a-altos-de-chavon-el-7-de-enero\\\/#primaryimage\"},\"thumbnailUrl\":\"https:\\\/\\\/i0.wp.com\\\/casadecampoliving.com\\\/wp-content\\\/uploads\\\/2023\\\/01\\\/Retro-Jazz-IG-Pic.jpg?fit=1080%2C720&ssl=1\",\"keywords\":[\"Altos de Chavon\",\"Altos de Chav\u00f3n @es\",\"anfiteatro de altos de chavon\",\"Casa de Campo\",\"casa de campo @es\",\"eventos y actividades\",\"Featured-TopView @es\"],\"articleSection\":[\"Altos de Chav\u00f3n\",\"Comunidad\",\"Comunidad\",\"Estilo de Vida\",\"Eventos\",\"Proximamente\"],\"inLanguage\":\"es\"},{\"@type\":\"WebPage\",\"@id\":\"https:\\\/\\\/casadecampoliving.com\\\/es\\\/nueva-fecha-jazz-on-the-rocks-llega-a-altos-de-chavon-el-7-de-enero\\\/\",\"url\":\"https:\\\/\\\/casadecampoliving.com\\\/es\\\/nueva-fecha-jazz-on-the-rocks-llega-a-altos-de-chavon-el-7-de-enero\\\/\",\"name\":\"NUEVA FECHA: \u00a1\u201cJazz on the Rocks\u201d llega a Altos de Chav\u00f3n el 7 de enero! | Casa de Campo Living\",\"isPartOf\":{\"@id\":\"https:\\\/\\\/casadecampoliving.com\\\/es\\\/#website\"},\"primaryImageOfPage\":{\"@id\":\"https:\\\/\\\/casadecampoliving.com\\\/es\\\/nueva-fecha-jazz-on-the-rocks-llega-a-altos-de-chavon-el-7-de-enero\\\/#primaryimage\"},\"image\":{\"@id\":\"https:\\\/\\\/casadecampoliving.com\\\/es\\\/nueva-fecha-jazz-on-the-rocks-llega-a-altos-de-chavon-el-7-de-enero\\\/#primaryimage\"},\"thumbnailUrl\":\"https:\\\/\\\/i0.wp.com\\\/casadecampoliving.com\\\/wp-content\\\/uploads\\\/2023\\\/01\\\/Retro-Jazz-IG-Pic.jpg?fit=1080%2C720&ssl=1\",\"datePublished\":\"2022-12-28T15:40:30+00:00\",\"dateModified\":\"2023-01-03T17:03:17+00:00\",\"description\":\"Hace cuarenta a\u00f1os, el emblem\u00e1tico artista Frank Sinatra inaugur\u00f3 el Anfiteatro Altos de Chav\u00f3n con un concierto inolvidable el 20 de agosto de 1982.\",\"breadcrumb\":{\"@id\":\"https:\\\/\\\/casadecampoliving.com\\\/es\\\/nueva-fecha-jazz-on-the-rocks-llega-a-altos-de-chavon-el-7-de-enero\\\/#breadcrumb\"},\"inLanguage\":\"es\",\"potentialAction\":[{\"@type\":\"ReadAction\",\"target\":[\"https:\\\/\\\/casadecampoliving.com\\\/es\\\/nueva-fecha-jazz-on-the-rocks-llega-a-altos-de-chavon-el-7-de-enero\\\/\"]}]},{\"@type\":\"ImageObject\",\"inLanguage\":\"es\",\"@id\":\"https:\\\/\\\/casadecampoliving.com\\\/es\\\/nueva-fecha-jazz-on-the-rocks-llega-a-altos-de-chavon-el-7-de-enero\\\/#primaryimage\",\"url\":\"https:\\\/\\\/i0.wp.com\\\/casadecampoliving.com\\\/wp-content\\\/uploads\\\/2023\\\/01\\\/Retro-Jazz-IG-Pic.jpg?fit=1080%2C720&ssl=1\",\"contentUrl\":\"https:\\\/\\\/i0.wp.com\\\/casadecampoliving.com\\\/wp-content\\\/uploads\\\/2023\\\/01\\\/Retro-Jazz-IG-Pic.jpg?fit=1080%2C720&ssl=1\",\"width\":1080,\"height\":720},{\"@type\":\"BreadcrumbList\",\"@id\":\"https:\\\/\\\/casadecampoliving.com\\\/es\\\/nueva-fecha-jazz-on-the-rocks-llega-a-altos-de-chavon-el-7-de-enero\\\/#breadcrumb\",\"itemListElement\":[{\"@type\":\"ListItem\",\"position\":1,\"name\":\"Home\",\"item\":\"https:\\\/\\\/casadecampoliving.com\\\/es\\\/\"},{\"@type\":\"ListItem\",\"position\":2,\"name\":\"NUEVA FECHA: \u00a1\u201cJazz on the Rocks\u201d llega a Altos de Chav\u00f3n el 7 de enero!\"}]},{\"@type\":\"WebSite\",\"@id\":\"https:\\\/\\\/casadecampoliving.com\\\/es\\\/#website\",\"url\":\"https:\\\/\\\/casadecampoliving.com\\\/es\\\/\",\"name\":\"Casa de Campo Living\",\"description\":\"Resort community news and resources.\",\"publisher\":{\"@id\":\"https:\\\/\\\/casadecampoliving.com\\\/es\\\/#organization\"},\"potentialAction\":[{\"@type\":\"SearchAction\",\"target\":{\"@type\":\"EntryPoint\",\"urlTemplate\":\"https:\\\/\\\/casadecampoliving.com\\\/es\\\/?s={search_term_string}\"},\"query-input\":{\"@type\":\"PropertyValueSpecification\",\"valueRequired\":true,\"valueName\":\"search_term_string\"}}],\"inLanguage\":\"es\"},{\"@type\":\"Organization\",\"@id\":\"https:\\\/\\\/casadecampoliving.com\\\/es\\\/#organization\",\"name\":\"Casa de Campo Living\",\"url\":\"https:\\\/\\\/casadecampoliving.com\\\/es\\\/\",\"logo\":{\"@type\":\"ImageObject\",\"inLanguage\":\"es\",\"@id\":\"https:\\\/\\\/casadecampoliving.com\\\/es\\\/#\\\/schema\\\/logo\\\/image\\\/\",\"url\":\"https:\\\/\\\/i0.wp.com\\\/casadecampoliving.com\\\/wp-content\\\/uploads\\\/2022\\\/07\\\/CDCLivingLogo_V1-white-sized.png?fit=800%2C214&ssl=1\",\"contentUrl\":\"https:\\\/\\\/i0.wp.com\\\/casadecampoliving.com\\\/wp-content\\\/uploads\\\/2022\\\/07\\\/CDCLivingLogo_V1-white-sized.png?fit=800%2C214&ssl=1\",\"width\":800,\"height\":214,\"caption\":\"Casa de Campo Living\"},\"image\":{\"@id\":\"https:\\\/\\\/casadecampoliving.com\\\/es\\\/#\\\/schema\\\/logo\\\/image\\\/\"},\"sameAs\":[\"https:\\\/\\\/www.facebook.com\\\/casadecampoliving\",\"https:\\\/\\\/x.com\\\/cdcliving\"]},{\"@type\":\"Person\",\"@id\":\"https:\\\/\\\/casadecampoliving.com\\\/es\\\/#\\\/schema\\\/person\\\/5d2171637a9d11e0e43ce6b8555f9422\",\"name\":\"Casa de Campo Living\",\"image\":{\"@type\":\"ImageObject\",\"inLanguage\":\"es\",\"@id\":\"https:\\\/\\\/secure.gravatar.com\\\/avatar\\\/d04101fa4a9fd431e939953b1500fdc7a73cd35029f86d98712fd8ccdaebaf9a?s=96&d=mm&r=g\",\"url\":\"https:\\\/\\\/secure.gravatar.com\\\/avatar\\\/d04101fa4a9fd431e939953b1500fdc7a73cd35029f86d98712fd8ccdaebaf9a?s=96&d=mm&r=g\",\"contentUrl\":\"https:\\\/\\\/secure.gravatar.com\\\/avatar\\\/d04101fa4a9fd431e939953b1500fdc7a73cd35029f86d98712fd8ccdaebaf9a?s=96&d=mm&r=g\",\"caption\":\"Casa de Campo Living\"},\"url\":\"https:\\\/\\\/casadecampoliving.com\\\/es\\\/author\\\/casa-de-campo-living\\\/\"}]}<\/script>\n<!-- \/ Yoast SEO plugin. -->","yoast_head_json":{"title":"NUEVA FECHA: \u00a1\u201cJazz on the Rocks\u201d llega a Altos de Chav\u00f3n el 7 de enero! | Casa de Campo Living","description":"Hace cuarenta a\u00f1os, el emblem\u00e1tico artista Frank Sinatra inaugur\u00f3 el Anfiteatro Altos de Chav\u00f3n con un concierto inolvidable el 20 de agosto de 1982.","robots":{"index":"index","follow":"follow","max-snippet":"max-snippet:-1","max-image-preview":"max-image-preview:large","max-video-preview":"max-video-preview:-1"},"canonical":"https:\/\/casadecampoliving.com\/es\/nueva-fecha-jazz-on-the-rocks-llega-a-altos-de-chavon-el-7-de-enero\/","og_locale":"es_ES","og_type":"article","og_title":"NUEVA FECHA: \u00a1\u201cJazz on the Rocks\u201d llega a Altos de Chav\u00f3n el 7 de enero! | Casa de Campo Living","og_description":"Hace cuarenta a\u00f1os, el emblem\u00e1tico artista Frank Sinatra inaugur\u00f3 el Anfiteatro Altos de Chav\u00f3n con un concierto inolvidable el 20 de agosto de 1982.","og_url":"https:\/\/casadecampoliving.com\/es\/nueva-fecha-jazz-on-the-rocks-llega-a-altos-de-chavon-el-7-de-enero\/","og_site_name":"Casa de Campo Living","article_publisher":"https:\/\/www.facebook.com\/casadecampoliving","article_published_time":"2022-12-28T15:40:30+00:00","article_modified_time":"2023-01-03T17:03:17+00:00","og_image":[{"width":1080,"height":720,"url":"https:\/\/casadecampoliving.com\/wp-content\/uploads\/2023\/01\/Retro-Jazz-IG-Pic.jpg","type":"image\/jpeg"}],"author":"Casa de Campo Living","twitter_card":"summary_large_image","twitter_creator":"@cdcliving","twitter_site":"@cdcliving","twitter_misc":{"Escrito por":"Casa de Campo Living","Tiempo de lectura":"2 minutos"},"schema":{"@context":"https:\/\/schema.org","@graph":[{"@type":"Article","@id":"https:\/\/casadecampoliving.com\/es\/nueva-fecha-jazz-on-the-rocks-llega-a-altos-de-chavon-el-7-de-enero\/#article","isPartOf":{"@id":"https:\/\/casadecampoliving.com\/es\/nueva-fecha-jazz-on-the-rocks-llega-a-altos-de-chavon-el-7-de-enero\/"},"author":{"name":"Casa de Campo Living","@id":"https:\/\/casadecampoliving.com\/es\/#\/schema\/person\/5d2171637a9d11e0e43ce6b8555f9422"},"headline":"NUEVA FECHA: \u00a1\u201cJazz on the Rocks\u201d llega a Altos de Chav\u00f3n el 7 de enero!","datePublished":"2022-12-28T15:40:30+00:00","dateModified":"2023-01-03T17:03:17+00:00","mainEntityOfPage":{"@id":"https:\/\/casadecampoliving.com\/es\/nueva-fecha-jazz-on-the-rocks-llega-a-altos-de-chavon-el-7-de-enero\/"},"wordCount":452,"publisher":{"@id":"https:\/\/casadecampoliving.com\/es\/#organization"},"image":{"@id":"https:\/\/casadecampoliving.com\/es\/nueva-fecha-jazz-on-the-rocks-llega-a-altos-de-chavon-el-7-de-enero\/#primaryimage"},"thumbnailUrl":"https:\/\/i0.wp.com\/casadecampoliving.com\/wp-content\/uploads\/2023\/01\/Retro-Jazz-IG-Pic.jpg?fit=1080%2C720&ssl=1","keywords":["Altos de Chavon","Altos de Chav\u00f3n @es","anfiteatro de altos de chavon","Casa de Campo","casa de campo @es","eventos y actividades","Featured-TopView @es"],"articleSection":["Altos de Chav\u00f3n","Comunidad","Comunidad","Estilo de Vida","Eventos","Proximamente"],"inLanguage":"es"},{"@type":"WebPage","@id":"https:\/\/casadecampoliving.com\/es\/nueva-fecha-jazz-on-the-rocks-llega-a-altos-de-chavon-el-7-de-enero\/","url":"https:\/\/casadecampoliving.com\/es\/nueva-fecha-jazz-on-the-rocks-llega-a-altos-de-chavon-el-7-de-enero\/","name":"NUEVA FECHA: \u00a1\u201cJazz on the Rocks\u201d llega a Altos de Chav\u00f3n el 7 de enero! | Casa de Campo Living","isPartOf":{"@id":"https:\/\/casadecampoliving.com\/es\/#website"},"primaryImageOfPage":{"@id":"https:\/\/casadecampoliving.com\/es\/nueva-fecha-jazz-on-the-rocks-llega-a-altos-de-chavon-el-7-de-enero\/#primaryimage"},"image":{"@id":"https:\/\/casadecampoliving.com\/es\/nueva-fecha-jazz-on-the-rocks-llega-a-altos-de-chavon-el-7-de-enero\/#primaryimage"},"thumbnailUrl":"https:\/\/i0.wp.com\/casadecampoliving.com\/wp-content\/uploads\/2023\/01\/Retro-Jazz-IG-Pic.jpg?fit=1080%2C720&ssl=1","datePublished":"2022-12-28T15:40:30+00:00","dateModified":"2023-01-03T17:03:17+00:00","description":"Hace cuarenta a\u00f1os, el emblem\u00e1tico artista Frank Sinatra inaugur\u00f3 el Anfiteatro Altos de Chav\u00f3n con un concierto inolvidable el 20 de agosto de 1982.","breadcrumb":{"@id":"https:\/\/casadecampoliving.com\/es\/nueva-fecha-jazz-on-the-rocks-llega-a-altos-de-chavon-el-7-de-enero\/#breadcrumb"},"inLanguage":"es","potentialAction":[{"@type":"ReadAction","target":["https:\/\/casadecampoliving.com\/es\/nueva-fecha-jazz-on-the-rocks-llega-a-altos-de-chavon-el-7-de-enero\/"]}]},{"@type":"ImageObject","inLanguage":"es","@id":"https:\/\/casadecampoliving.com\/es\/nueva-fecha-jazz-on-the-rocks-llega-a-altos-de-chavon-el-7-de-enero\/#primaryimage","url":"https:\/\/i0.wp.com\/casadecampoliving.com\/wp-content\/uploads\/2023\/01\/Retro-Jazz-IG-Pic.jpg?fit=1080%2C720&ssl=1","contentUrl":"https:\/\/i0.wp.com\/casadecampoliving.com\/wp-content\/uploads\/2023\/01\/Retro-Jazz-IG-Pic.jpg?fit=1080%2C720&ssl=1","width":1080,"height":720},{"@type":"BreadcrumbList","@id":"https:\/\/casadecampoliving.com\/es\/nueva-fecha-jazz-on-the-rocks-llega-a-altos-de-chavon-el-7-de-enero\/#breadcrumb","itemListElement":[{"@type":"ListItem","position":1,"name":"Home","item":"https:\/\/casadecampoliving.com\/es\/"},{"@type":"ListItem","position":2,"name":"NUEVA FECHA: \u00a1\u201cJazz on the Rocks\u201d llega a Altos de Chav\u00f3n el 7 de enero!"}]},{"@type":"WebSite","@id":"https:\/\/casadecampoliving.com\/es\/#website","url":"https:\/\/casadecampoliving.com\/es\/","name":"Casa de Campo Living","description":"Resort community news and resources.","publisher":{"@id":"https:\/\/casadecampoliving.com\/es\/#organization"},"potentialAction":[{"@type":"SearchAction","target":{"@type":"EntryPoint","urlTemplate":"https:\/\/casadecampoliving.com\/es\/?s={search_term_string}"},"query-input":{"@type":"PropertyValueSpecification","valueRequired":true,"valueName":"search_term_string"}}],"inLanguage":"es"},{"@type":"Organization","@id":"https:\/\/casadecampoliving.com\/es\/#organization","name":"Casa de Campo Living","url":"https:\/\/casadecampoliving.com\/es\/","logo":{"@type":"ImageObject","inLanguage":"es","@id":"https:\/\/casadecampoliving.com\/es\/#\/schema\/logo\/image\/","url":"https:\/\/i0.wp.com\/casadecampoliving.com\/wp-content\/uploads\/2022\/07\/CDCLivingLogo_V1-white-sized.png?fit=800%2C214&ssl=1","contentUrl":"https:\/\/i0.wp.com\/casadecampoliving.com\/wp-content\/uploads\/2022\/07\/CDCLivingLogo_V1-white-sized.png?fit=800%2C214&ssl=1","width":800,"height":214,"caption":"Casa de Campo Living"},"image":{"@id":"https:\/\/casadecampoliving.com\/es\/#\/schema\/logo\/image\/"},"sameAs":["https:\/\/www.facebook.com\/casadecampoliving","https:\/\/x.com\/cdcliving"]},{"@type":"Person","@id":"https:\/\/casadecampoliving.com\/es\/#\/schema\/person\/5d2171637a9d11e0e43ce6b8555f9422","name":"Casa de Campo Living","image":{"@type":"ImageObject","inLanguage":"es","@id":"https:\/\/secure.gravatar.com\/avatar\/d04101fa4a9fd431e939953b1500fdc7a73cd35029f86d98712fd8ccdaebaf9a?s=96&d=mm&r=g","url":"https:\/\/secure.gravatar.com\/avatar\/d04101fa4a9fd431e939953b1500fdc7a73cd35029f86d98712fd8ccdaebaf9a?s=96&d=mm&r=g","contentUrl":"https:\/\/secure.gravatar.com\/avatar\/d04101fa4a9fd431e939953b1500fdc7a73cd35029f86d98712fd8ccdaebaf9a?s=96&d=mm&r=g","caption":"Casa de Campo Living"},"url":"https:\/\/casadecampoliving.com\/es\/author\/casa-de-campo-living\/"}]}},"parsely":{"version":"1.1.0","canonical_url":"https:\/\/casadecampoliving.com\/es\/nueva-fecha-jazz-on-the-rocks-llega-a-altos-de-chavon-el-7-de-enero\/","smart_links":{"inbound":0,"outbound":0},"traffic_boost_suggestions_count":0,"meta":{"@context":"https:\/\/schema.org","@type":"NewsArticle","headline":"NUEVA FECHA: \u00a1\u201cJazz on the Rocks\u201d llega a Altos de Chav\u00f3n el 7 de enero!","url":"http:\/\/casadecampoliving.com\/es\/nueva-fecha-jazz-on-the-rocks-llega-a-altos-de-chavon-el-7-de-enero\/","mainEntityOfPage":{"@type":"WebPage","@id":"http:\/\/casadecampoliving.com\/es\/nueva-fecha-jazz-on-the-rocks-llega-a-altos-de-chavon-el-7-de-enero\/"},"thumbnailUrl":"https:\/\/i0.wp.com\/casadecampoliving.com\/wp-content\/uploads\/2023\/01\/Retro-Jazz-IG-Pic.jpg?resize=150%2C150&ssl=1","image":{"@type":"ImageObject","url":"https:\/\/i0.wp.com\/casadecampoliving.com\/wp-content\/uploads\/2023\/01\/Retro-Jazz-IG-Pic.jpg?fit=1080%2C720&ssl=1"},"articleSection":"Altos de Chav\u00f3n","author":[{"@type":"Person","name":"Casa de Campo Living"}],"creator":["Casa de Campo Living"],"publisher":{"@type":"Organization","name":"Casa de Campo Living","logo":"https:\/\/casadecampoliving.com\/wp-content\/uploads\/2022\/07\/CDCLivingLogo_V1-white-sized.png"},"keywords":["altos de chavon","altos de chav\u00f3n @es","anfiteatro de altos de chavon","casa de campo","casa de campo @es","eventos y actividades","featured-topview @es"],"dateCreated":"2022-12-28T15:40:30Z","datePublished":"2022-12-28T15:40:30Z","dateModified":"2023-01-03T17:03:17Z"},"rendered":"<script type=\"application\/ld+json\" class=\"wp-parsely-metadata\">{\"@context\":\"https:\\\/\\\/schema.org\",\"@type\":\"NewsArticle\",\"headline\":\"NUEVA FECHA: \\u00a1\\u201cJazz on the Rocks\\u201d llega a Altos de Chav\\u00f3n el 7 de enero!\",\"url\":\"http:\\\/\\\/casadecampoliving.com\\\/es\\\/nueva-fecha-jazz-on-the-rocks-llega-a-altos-de-chavon-el-7-de-enero\\\/\",\"mainEntityOfPage\":{\"@type\":\"WebPage\",\"@id\":\"http:\\\/\\\/casadecampoliving.com\\\/es\\\/nueva-fecha-jazz-on-the-rocks-llega-a-altos-de-chavon-el-7-de-enero\\\/\"},\"thumbnailUrl\":\"https:\\\/\\\/i0.wp.com\\\/casadecampoliving.com\\\/wp-content\\\/uploads\\\/2023\\\/01\\\/Retro-Jazz-IG-Pic.jpg?resize=150%2C150&ssl=1\",\"image\":{\"@type\":\"ImageObject\",\"url\":\"https:\\\/\\\/i0.wp.com\\\/casadecampoliving.com\\\/wp-content\\\/uploads\\\/2023\\\/01\\\/Retro-Jazz-IG-Pic.jpg?fit=1080%2C720&ssl=1\"},\"articleSection\":\"Altos de Chav\\u00f3n\",\"author\":[{\"@type\":\"Person\",\"name\":\"Casa de Campo Living\"}],\"creator\":[\"Casa de Campo Living\"],\"publisher\":{\"@type\":\"Organization\",\"name\":\"Casa de Campo Living\",\"logo\":\"https:\\\/\\\/casadecampoliving.com\\\/wp-content\\\/uploads\\\/2022\\\/07\\\/CDCLivingLogo_V1-white-sized.png\"},\"keywords\":[\"altos de chavon\",\"altos de chav\\u00f3n @es\",\"anfiteatro de altos de chavon\",\"casa de campo\",\"casa de campo @es\",\"eventos y actividades\",\"featured-topview @es\"],\"dateCreated\":\"2022-12-28T15:40:30Z\",\"datePublished\":\"2022-12-28T15:40:30Z\",\"dateModified\":\"2023-01-03T17:03:17Z\"}<\/script>","tracker_url":"https:\/\/cdn.parsely.com\/keys\/casadecampoliving.com\/p.js"},"jetpack_publicize_connections":[],"jetpack_featured_media_url":"https:\/\/i0.wp.com\/casadecampoliving.com\/wp-content\/uploads\/2023\/01\/Retro-Jazz-IG-Pic.jpg?fit=1080%2C720&ssl=1","jetpack-related-posts":[{"id":433460,"url":"https:\/\/casadecampoliving.com\/es\/no-se-pierdan-el-increible-tributo-a-frank-sinatra-para-celebrar-el-40-aniversario-del-anfiteatro-altos-de-chavon\/","url_meta":{"origin":512410,"position":0},"title":"No se pierdan el incre\u00edble tributo a Frank Sinatra para celebrar el 40 aniversario del\u00a0Anfiteatro Altos de Chav\u00f3n","author":"Casa de Campo Living","date":"20 Oct, 2022","format":false,"excerpt":"Siendo uno de los escenarios m\u00e1s emblem\u00e1ticos del pa\u00eds, Casa de Campo Resort\u00ae & Villas celebra las cuatro d\u00e9cadas de aniversario de Altos de Chav\u00f3n con un tributo al gran Frank Sinatra, protagonizado por artistas invitados y una big band tal cual la que acompa\u00f1\u00f3 al artista hace 40 a\u00f1os\u2026","rel":"","context":"En \u00abUncategorized @es\u00bb","block_context":{"text":"Uncategorized @es","link":"https:\/\/casadecampoliving.com\/es\/category\/uncategorized-es\/"},"img":{"alt_text":"","src":"https:\/\/i0.wp.com\/casadecampoliving.com\/wp-content\/uploads\/2022\/10\/Tributo-Frank-Sinatra-Foto-Principal-Amaury-Sanchez-Danilo-Ginebra-Andres-Pichardo-y-Jose-Gabriel-Perez-.jpg?fit=1200%2C873&ssl=1&resize=350%2C200","width":350,"height":200,"srcset":"https:\/\/i0.wp.com\/casadecampoliving.com\/wp-content\/uploads\/2022\/10\/Tributo-Frank-Sinatra-Foto-Principal-Amaury-Sanchez-Danilo-Ginebra-Andres-Pichardo-y-Jose-Gabriel-Perez-.jpg?fit=1200%2C873&ssl=1&resize=350%2C200 1x, https:\/\/i0.wp.com\/casadecampoliving.com\/wp-content\/uploads\/2022\/10\/Tributo-Frank-Sinatra-Foto-Principal-Amaury-Sanchez-Danilo-Ginebra-Andres-Pichardo-y-Jose-Gabriel-Perez-.jpg?fit=1200%2C873&ssl=1&resize=525%2C300 1.5x, https:\/\/i0.wp.com\/casadecampoliving.com\/wp-content\/uploads\/2022\/10\/Tributo-Frank-Sinatra-Foto-Principal-Amaury-Sanchez-Danilo-Ginebra-Andres-Pichardo-y-Jose-Gabriel-Perez-.jpg?fit=1200%2C873&ssl=1&resize=700%2C400 2x, https:\/\/i0.wp.com\/casadecampoliving.com\/wp-content\/uploads\/2022\/10\/Tributo-Frank-Sinatra-Foto-Principal-Amaury-Sanchez-Danilo-Ginebra-Andres-Pichardo-y-Jose-Gabriel-Perez-.jpg?fit=1200%2C873&ssl=1&resize=1050%2C600 3x"},"classes":[]},{"id":354499,"url":"https:\/\/casadecampoliving.com\/es\/jazz-on-the-rocks-llegara-a-altos-de-chavon-el-17-de-septiembre\/","url_meta":{"origin":512410,"position":1},"title":"*Cancelado* \u00a1\u201cJazz on the Rocks\u201d llegar\u00e1 a Altos de Chav\u00f3n el 17 de septiembre!","author":"Casa de Campo Living","date":"12 Sep, 2022","format":false,"excerpt":"*Este evento ha sido cancelado debido al pron\u00f3stico de lluvia* Hace cuarenta a\u00f1os, el emblem\u00e1tico artista Frank Sinatra inaugur\u00f3 el Anfiteatro Altos de Chav\u00f3n con un concierto inolvidable el 20 de agosto de 1982. Luego de este hito, otras estrellas subieron al escenario dejando su huella, como Juan Luis Guerra,\u2026","rel":"","context":"En \u00abAltos de Chavon @es\u00bb","block_context":{"text":"Altos de Chavon @es","link":"https:\/\/casadecampoliving.com\/category\/altos-de-chavon-es\/"},"img":{"alt_text":"","src":"https:\/\/i0.wp.com\/casadecampoliving.com\/wp-content\/uploads\/2022\/10\/Retrojazz1-e1663001015582-1.jpg?fit=1000%2C667&ssl=1&resize=350%2C200","width":350,"height":200,"srcset":"https:\/\/i0.wp.com\/casadecampoliving.com\/wp-content\/uploads\/2022\/10\/Retrojazz1-e1663001015582-1.jpg?fit=1000%2C667&ssl=1&resize=350%2C200 1x, https:\/\/i0.wp.com\/casadecampoliving.com\/wp-content\/uploads\/2022\/10\/Retrojazz1-e1663001015582-1.jpg?fit=1000%2C667&ssl=1&resize=525%2C300 1.5x, https:\/\/i0.wp.com\/casadecampoliving.com\/wp-content\/uploads\/2022\/10\/Retrojazz1-e1663001015582-1.jpg?fit=1000%2C667&ssl=1&resize=700%2C400 2x"},"classes":[]},{"id":512532,"url":"https:\/\/casadecampoliving.com\/es\/concierto-retro-jazz-una-fusion-exitosa-en-celebracion-del-40-aniversario-del-anfiteatro-altos-de-chavon\/","url_meta":{"origin":512410,"position":2},"title":"Concierto Retro Jazz: una fusi\u00f3n exitosa en celebraci\u00f3n del 40 aniversario del Anfiteatro Altos de Chav\u00f3n","author":"Casa de Campo Living","date":"9 Ene, 2023","format":false,"excerpt":"El s\u00e1bado 7 de enero, la comunidad de Casa de Campo disfrut\u00f3 de un concierto de la agrupaci\u00f3n musical dominicana Retro Jazz que form\u00f3 parte de la celebraci\u00f3n del 40 aniversario del anfiteatro Altos de Chav\u00f3n. La banda, dirigida por Pengbian Sang, inici\u00f3 su presentaci\u00f3n a las 9 de la\u2026","rel":"","context":"En \u00abAltos de Chav\u00f3n\u00bb","block_context":{"text":"Altos de Chav\u00f3n","link":"https:\/\/casadecampoliving.com\/es\/category\/altos-de-chavon-6\/"},"img":{"alt_text":"","src":"https:\/\/i0.wp.com\/casadecampoliving.com\/wp-content\/uploads\/2023\/01\/CDC-LIVING-Featured-Image-3.png?fit=1200%2C800&ssl=1&resize=350%2C200","width":350,"height":200,"srcset":"https:\/\/i0.wp.com\/casadecampoliving.com\/wp-content\/uploads\/2023\/01\/CDC-LIVING-Featured-Image-3.png?fit=1200%2C800&ssl=1&resize=350%2C200 1x, https:\/\/i0.wp.com\/casadecampoliving.com\/wp-content\/uploads\/2023\/01\/CDC-LIVING-Featured-Image-3.png?fit=1200%2C800&ssl=1&resize=525%2C300 1.5x, https:\/\/i0.wp.com\/casadecampoliving.com\/wp-content\/uploads\/2023\/01\/CDC-LIVING-Featured-Image-3.png?fit=1200%2C800&ssl=1&resize=700%2C400 2x, https:\/\/i0.wp.com\/casadecampoliving.com\/wp-content\/uploads\/2023\/01\/CDC-LIVING-Featured-Image-3.png?fit=1200%2C800&ssl=1&resize=1050%2C600 3x"},"classes":[]},{"id":337050,"url":"https:\/\/casadecampoliving.com\/es\/una-fantasia-navidena-en-una-funcion-de-ballet-que-llega-al-anfiteatro-de-altos-de-chavon\/","url_meta":{"origin":512410,"position":3},"title":"Una \u00abFantas\u00eda Navide\u00f1a\u00bb en una funci\u00f3n de ballet que llega al Anfiteatro de Altos de Chav\u00f3n","author":"Rebecca Silvestri","date":"16 Nov, 2011","format":false,"excerpt":"\u00a0Se acerca la \u00e9poca m\u00e1s esperada por muchos y con ella los sue\u00f1os, fantas\u00edas\u00a0 y el esp\u00edritu de la Navidad. As\u00ed mismo, para la \u00e9poca y por muchos a\u00f1os consecutivos, la Academia de Ballet Elizabeth de Zeller, presentar\u00e1 su funci\u00f3n anual el pr\u00f3ximo s\u00e1bado 26 viernes 25 de noviembre en\u2026","rel":"","context":"En \u00abAltos de Chavon @es\u00bb","block_context":{"text":"Altos de Chavon @es","link":"https:\/\/casadecampoliving.com\/category\/altos-de-chavon-es\/"},"img":{"alt_text":"ballet altos de chavon","src":"https:\/\/i0.wp.com\/casadecampoliving.com\/wp-content\/uploads\/2022\/10\/ballet_altos_de_chavon-7.jpg?fit=565%2C407&ssl=1&resize=350%2C200","width":350,"height":200,"srcset":"https:\/\/i0.wp.com\/casadecampoliving.com\/wp-content\/uploads\/2022\/10\/ballet_altos_de_chavon-7.jpg?fit=565%2C407&ssl=1&resize=350%2C200 1x, https:\/\/i0.wp.com\/casadecampoliving.com\/wp-content\/uploads\/2022\/10\/ballet_altos_de_chavon-7.jpg?fit=565%2C407&ssl=1&resize=525%2C300 1.5x"},"classes":[]},{"id":345792,"url":"https:\/\/casadecampoliving.com\/es\/altos-de-chavon-programa-de-eventos-navidenos-2014\/","url_meta":{"origin":512410,"position":4},"title":"Altos de Chav\u00f3n: Programa de Eventos Navide\u00f1os 2014","author":"Daniela Medina","date":"24 Oct, 2014","format":false,"excerpt":"Navidad en Altos de Chav\u00f3n se ha convertido en una tradici\u00f3n m\u00e1gica en Casa de Campo, que se celebra con tanta alegr\u00eda y entusiasmo como el resto del pa\u00eds, y de hecho el mundo entero. Altos de Chav\u00f3n es el lugar perfecto para celebrar esta Navidad, conocida por su belleza\u2026","rel":"","context":"En \u00abAltos de Chavon @es\u00bb","block_context":{"text":"Altos de Chavon @es","link":"https:\/\/casadecampoliving.com\/category\/altos-de-chavon-es\/"},"img":{"alt_text":"","src":"https:\/\/i0.wp.com\/casadecampoliving.com\/wp-content\/uploads\/2022\/10\/christmas_altos_de_chavon2-1.jpg?fit=620%2C351&ssl=1&resize=350%2C200","width":350,"height":200,"srcset":"https:\/\/i0.wp.com\/casadecampoliving.com\/wp-content\/uploads\/2022\/10\/christmas_altos_de_chavon2-1.jpg?fit=620%2C351&ssl=1&resize=350%2C200 1x, https:\/\/i0.wp.com\/casadecampoliving.com\/wp-content\/uploads\/2022\/10\/christmas_altos_de_chavon2-1.jpg?fit=620%2C351&ssl=1&resize=525%2C300 1.5x"},"classes":[]},{"id":502284,"url":"https:\/\/casadecampoliving.com\/es\/tributo-a-sinatra-celebrando-40-anos-de-musica-del-anfiteatro-altos-de-chavon\/","url_meta":{"origin":512410,"position":5},"title":"Tributo a Sinatra: Celebrando 40 a\u00f1os de m\u00fasica del Anfiteatro Altos de Chav\u00f3n","author":"Casa de Campo Living","date":"25 Oct, 2022","format":false,"excerpt":"Como parte del programa de celebraci\u00f3n de los 40 a\u00f1os del anfiteatro de Altos de Chav\u00f3n, el s\u00e1bado 23 de octubre se llev\u00f3 a cabo un Tributo a Frank Sinatra que rememor\u00f3 la apertura del anfiteatro protagonizada, en ese entonces, por dicho artista \u00a1y que tambi\u00e9n incluy\u00f3 el mismo piano\u2026","rel":"","context":"En \u00abConciertos\u00bb","block_context":{"text":"Conciertos","link":"https:\/\/casadecampoliving.com\/es\/category\/conciertos-es\/"},"img":{"alt_text":"","src":"https:\/\/i0.wp.com\/casadecampoliving.com\/wp-content\/uploads\/2022\/10\/EJ4B8224.jpg?fit=1200%2C800&ssl=1&resize=350%2C200","width":350,"height":200,"srcset":"https:\/\/i0.wp.com\/casadecampoliving.com\/wp-content\/uploads\/2022\/10\/EJ4B8224.jpg?fit=1200%2C800&ssl=1&resize=350%2C200 1x, https:\/\/i0.wp.com\/casadecampoliving.com\/wp-content\/uploads\/2022\/10\/EJ4B8224.jpg?fit=1200%2C800&ssl=1&resize=525%2C300 1.5x, https:\/\/i0.wp.com\/casadecampoliving.com\/wp-content\/uploads\/2022\/10\/EJ4B8224.jpg?fit=1200%2C800&ssl=1&resize=700%2C400 2x, https:\/\/i0.wp.com\/casadecampoliving.com\/wp-content\/uploads\/2022\/10\/EJ4B8224.jpg?fit=1200%2C800&ssl=1&resize=1050%2C600 3x"},"classes":[]}],"jetpack_sharing_enabled":true,"_links":{"self":[{"href":"https:\/\/casadecampoliving.com\/es\/wp-json\/wp\/v2\/posts\/512410","targetHints":{"allow":["GET"]}}],"collection":[{"href":"https:\/\/casadecampoliving.com\/es\/wp-json\/wp\/v2\/posts"}],"about":[{"href":"https:\/\/casadecampoliving.com\/es\/wp-json\/wp\/v2\/types\/post"}],"author":[{"embeddable":true,"href":"https:\/\/casadecampoliving.com\/es\/wp-json\/wp\/v2\/users\/36791"}],"replies":[{"embeddable":true,"href":"https:\/\/casadecampoliving.com\/es\/wp-json\/wp\/v2\/comments?post=512410"}],"version-history":[{"count":1,"href":"https:\/\/casadecampoliving.com\/es\/wp-json\/wp\/v2\/posts\/512410\/revisions"}],"predecessor-version":[{"id":512412,"href":"https:\/\/casadecampoliving.com\/es\/wp-json\/wp\/v2\/posts\/512410\/revisions\/512412"}],"wp:featuredmedia":[{"embeddable":true,"href":"https:\/\/casadecampoliving.com\/es\/wp-json\/wp\/v2\/media\/512407"}],"wp:attachment":[{"href":"https:\/\/casadecampoliving.com\/es\/wp-json\/wp\/v2\/media?parent=512410"}],"wp:term":[{"taxonomy":"category","embeddable":true,"href":"https:\/\/casadecampoliving.com\/es\/wp-json\/wp\/v2\/categories?post=512410"},{"taxonomy":"post_tag","embeddable":true,"href":"https:\/\/casadecampoliving.com\/es\/wp-json\/wp\/v2\/tags?post=512410"},{"taxonomy":"newspack_spnsrs_tax","embeddable":true,"href":"https:\/\/casadecampoliving.com\/es\/wp-json\/wp\/v2\/newspack_spnsrs_tax?post=512410"}],"curies":[{"name":"wp","href":"https:\/\/api.w.org\/{rel}","templated":true}]}}