{"id":511713,"date":"2022-12-10T13:02:06","date_gmt":"2022-12-10T17:02:06","guid":{"rendered":"https:\/\/casadecampoliving.com\/?p=511713"},"modified":"2022-12-15T10:55:01","modified_gmt":"2022-12-15T14:55:01","slug":"felices-fiestas-la-edicion-de-invierno-2022-de-casa-de-campo-living-magazine-ya-esta-disponible","status":"publish","type":"post","link":"https:\/\/casadecampoliving.com\/es\/felices-fiestas-la-edicion-de-invierno-2022-de-casa-de-campo-living-magazine-ya-esta-disponible\/","title":{"rendered":"\u00a1Felices fiestas! La edici\u00f3n de invierno 2022 de Casa de Campo Living Magazine ya est\u00e1 disponible!"},"content":{"rendered":"\n<p class=\"has-text-align-justify\">\u00a1Buenos d\u00edas, amigos de Casa! \u00a1Felices fiestas! Esperamos que todos la est\u00e9n pasando genial durante estos d\u00edas festivos y que el 2023 sea un a\u00f1o feliz y pr\u00f3spero.<\/p>\n\n\n<div class=\"wp-block-image\">\n<figure class=\"aligncenter size-large\"><img data-recalc-dims=\"1\" loading=\"lazy\" decoding=\"async\" width=\"1024\" height=\"729\" src=\"https:\/\/i0.wp.com\/casadecampoliving.com\/wp-content\/uploads\/2022\/12\/CDCLivinIssue41_V6.jpg?resize=1024%2C729&#038;ssl=1\" alt=\"\" class=\"wp-image-511709\" srcset=\"https:\/\/i0.wp.com\/casadecampoliving.com\/wp-content\/uploads\/2022\/12\/CDCLivinIssue41_V6.jpg?resize=1024%2C729&amp;ssl=1 1024w, https:\/\/i0.wp.com\/casadecampoliving.com\/wp-content\/uploads\/2022\/12\/CDCLivinIssue41_V6.jpg?resize=300%2C214&amp;ssl=1 300w, https:\/\/i0.wp.com\/casadecampoliving.com\/wp-content\/uploads\/2022\/12\/CDCLivinIssue41_V6.jpg?resize=768%2C547&amp;ssl=1 768w, https:\/\/i0.wp.com\/casadecampoliving.com\/wp-content\/uploads\/2022\/12\/CDCLivinIssue41_V6.jpg?resize=1536%2C1094&amp;ssl=1 1536w, https:\/\/i0.wp.com\/casadecampoliving.com\/wp-content\/uploads\/2022\/12\/CDCLivinIssue41_V6.jpg?resize=2048%2C1458&amp;ssl=1 2048w, https:\/\/i0.wp.com\/casadecampoliving.com\/wp-content\/uploads\/2022\/12\/CDCLivinIssue41_V6.jpg?resize=1200%2C854&amp;ssl=1 1200w, https:\/\/i0.wp.com\/casadecampoliving.com\/wp-content\/uploads\/2022\/12\/CDCLivinIssue41_V6.jpg?resize=1568%2C1116&amp;ssl=1 1568w, https:\/\/i0.wp.com\/casadecampoliving.com\/wp-content\/uploads\/2022\/12\/CDCLivinIssue41_V6.jpg?resize=400%2C285&amp;ssl=1 400w, https:\/\/i0.wp.com\/casadecampoliving.com\/wp-content\/uploads\/2022\/12\/CDCLivinIssue41_V6.jpg?resize=1320%2C940&amp;ssl=1 1320w, https:\/\/i0.wp.com\/casadecampoliving.com\/wp-content\/uploads\/2022\/12\/CDCLivinIssue41_V6.jpg?resize=150%2C107&amp;ssl=1 150w, https:\/\/i0.wp.com\/casadecampoliving.com\/wp-content\/uploads\/2022\/12\/CDCLivinIssue41_V6-1024x729.jpg?w=370&amp;ssl=1 370w\" sizes=\"auto, (max-width: 1000px) 100vw, 1000px\" \/><\/figure>\n<\/div>\n\n\n<p class=\"has-text-align-justify\">En los \u00faltimos dos a\u00f1os,\u00a0Casa de Campo Living Magazine\u00a0ha realizado algunos cambios, incluido que nos volvamos digitales y actualicemos nuestro dise\u00f1o. \u00a1La edici\u00f3n de invierno se ve mejor que nunca! En esta edici\u00f3n, compartimos algunos de los <a href=\"https:\/\/issuu.com\/communityprofile\/docs\/casa_de_campo_living_magazine_winter_2022\/14\" target=\"_blank\" rel=\"noreferrer noopener nofollow\"><strong>eventos y ocasiones<\/strong> <\/a>de Casa de este a\u00f1o, honrando todos los buenos momentos que hemos tenido en Casa, \u00a1y los muchos m\u00e1s que est\u00e1n por venir!<\/p>\n\n\n<div class=\"wp-block-image\">\n<figure class=\"aligncenter size-large\"><img data-recalc-dims=\"1\" loading=\"lazy\" decoding=\"async\" width=\"1024\" height=\"729\" src=\"https:\/\/i0.wp.com\/casadecampoliving.com\/wp-content\/uploads\/2022\/12\/CDCLivingIssue41-Altos-de-Chavo%CC%81n-Amphitheater.jpg?resize=1024%2C729&#038;ssl=1\" alt=\"\" class=\"wp-image-511705\" srcset=\"https:\/\/i0.wp.com\/casadecampoliving.com\/wp-content\/uploads\/2022\/12\/CDCLivingIssue41-Altos-de-Chavo%CC%81n-Amphitheater.jpg?resize=1024%2C729&amp;ssl=1 1024w, https:\/\/i0.wp.com\/casadecampoliving.com\/wp-content\/uploads\/2022\/12\/CDCLivingIssue41-Altos-de-Chavo%CC%81n-Amphitheater.jpg?resize=300%2C214&amp;ssl=1 300w, https:\/\/i0.wp.com\/casadecampoliving.com\/wp-content\/uploads\/2022\/12\/CDCLivingIssue41-Altos-de-Chavo%CC%81n-Amphitheater.jpg?resize=768%2C547&amp;ssl=1 768w, https:\/\/i0.wp.com\/casadecampoliving.com\/wp-content\/uploads\/2022\/12\/CDCLivingIssue41-Altos-de-Chavo%CC%81n-Amphitheater.jpg?resize=1536%2C1094&amp;ssl=1 1536w, https:\/\/i0.wp.com\/casadecampoliving.com\/wp-content\/uploads\/2022\/12\/CDCLivingIssue41-Altos-de-Chavo%CC%81n-Amphitheater.jpg?resize=2048%2C1458&amp;ssl=1 2048w, https:\/\/i0.wp.com\/casadecampoliving.com\/wp-content\/uploads\/2022\/12\/CDCLivingIssue41-Altos-de-Chavo%CC%81n-Amphitheater.jpg?resize=1200%2C854&amp;ssl=1 1200w, https:\/\/i0.wp.com\/casadecampoliving.com\/wp-content\/uploads\/2022\/12\/CDCLivingIssue41-Altos-de-Chavo%CC%81n-Amphitheater.jpg?resize=1568%2C1116&amp;ssl=1 1568w, https:\/\/i0.wp.com\/casadecampoliving.com\/wp-content\/uploads\/2022\/12\/CDCLivingIssue41-Altos-de-Chavo%CC%81n-Amphitheater.jpg?resize=400%2C285&amp;ssl=1 400w, https:\/\/i0.wp.com\/casadecampoliving.com\/wp-content\/uploads\/2022\/12\/CDCLivingIssue41-Altos-de-Chavo%CC%81n-Amphitheater.jpg?resize=1320%2C940&amp;ssl=1 1320w, https:\/\/i0.wp.com\/casadecampoliving.com\/wp-content\/uploads\/2022\/12\/CDCLivingIssue41-Altos-de-Chavo%CC%81n-Amphitheater.jpg?resize=150%2C107&amp;ssl=1 150w, https:\/\/i0.wp.com\/casadecampoliving.com\/wp-content\/uploads\/2022\/12\/CDCLivingIssue41-Altos-de-Chavo%CC%81n-Amphitheater-1024x729.jpg?w=370&amp;ssl=1 370w\" sizes=\"auto, (max-width: 1000px) 100vw, 1000px\" \/><\/figure>\n<\/div>\n\n\n<p class=\"has-text-align-justify\">Esta es nuestra <strong>41\u00aa edici\u00f3n<\/strong>, y en ella damos un paseo por el carril de la memoria y repasamos los <strong><a href=\"https:\/\/issuu.com\/communityprofile\/docs\/casa_de_campo_living_magazine_winter_2022\/26\" target=\"_blank\" rel=\"noreferrer noopener nofollow\">40 a\u00f1os de historia y m\u00fasica del Anfiteatro Altos de Chav\u00f3n<\/a><\/strong>. Tambi\u00e9n hablamos con Jason Kycek, vicepresidente s\u00e9nior de ventas y marketing de Casa de Campo Resort and Villas, sobre el <strong><a href=\"https:\/\/issuu.com\/communityprofile\/docs\/casa_de_campo_living_magazine_winter_2022\/32\" target=\"_blank\" rel=\"noreferrer noopener nofollow\">nuevo y emocionante club Premier, habitaciones, suites y m\u00e1s<\/a><\/strong>.<\/p>\n\n\n<div class=\"wp-block-image\">\n<figure class=\"aligncenter size-large\"><img data-recalc-dims=\"1\" loading=\"lazy\" decoding=\"async\" width=\"1024\" height=\"729\" src=\"https:\/\/i0.wp.com\/casadecampoliving.com\/wp-content\/uploads\/2022\/12\/CDCLivingIssue41-Jason-Kycek.jpg?resize=1024%2C729&#038;ssl=1\" alt=\"\" class=\"wp-image-511707\" srcset=\"https:\/\/i0.wp.com\/casadecampoliving.com\/wp-content\/uploads\/2022\/12\/CDCLivingIssue41-Jason-Kycek.jpg?resize=1024%2C729&amp;ssl=1 1024w, https:\/\/i0.wp.com\/casadecampoliving.com\/wp-content\/uploads\/2022\/12\/CDCLivingIssue41-Jason-Kycek.jpg?resize=300%2C214&amp;ssl=1 300w, https:\/\/i0.wp.com\/casadecampoliving.com\/wp-content\/uploads\/2022\/12\/CDCLivingIssue41-Jason-Kycek.jpg?resize=768%2C547&amp;ssl=1 768w, https:\/\/i0.wp.com\/casadecampoliving.com\/wp-content\/uploads\/2022\/12\/CDCLivingIssue41-Jason-Kycek.jpg?resize=1536%2C1094&amp;ssl=1 1536w, https:\/\/i0.wp.com\/casadecampoliving.com\/wp-content\/uploads\/2022\/12\/CDCLivingIssue41-Jason-Kycek.jpg?resize=2048%2C1458&amp;ssl=1 2048w, https:\/\/i0.wp.com\/casadecampoliving.com\/wp-content\/uploads\/2022\/12\/CDCLivingIssue41-Jason-Kycek.jpg?resize=1200%2C854&amp;ssl=1 1200w, https:\/\/i0.wp.com\/casadecampoliving.com\/wp-content\/uploads\/2022\/12\/CDCLivingIssue41-Jason-Kycek.jpg?resize=1568%2C1116&amp;ssl=1 1568w, https:\/\/i0.wp.com\/casadecampoliving.com\/wp-content\/uploads\/2022\/12\/CDCLivingIssue41-Jason-Kycek.jpg?resize=400%2C285&amp;ssl=1 400w, https:\/\/i0.wp.com\/casadecampoliving.com\/wp-content\/uploads\/2022\/12\/CDCLivingIssue41-Jason-Kycek.jpg?resize=1320%2C940&amp;ssl=1 1320w, https:\/\/i0.wp.com\/casadecampoliving.com\/wp-content\/uploads\/2022\/12\/CDCLivingIssue41-Jason-Kycek.jpg?resize=150%2C107&amp;ssl=1 150w, https:\/\/i0.wp.com\/casadecampoliving.com\/wp-content\/uploads\/2022\/12\/CDCLivingIssue41-Jason-Kycek-1024x729.jpg?w=370&amp;ssl=1 370w\" sizes=\"auto, (max-width: 1000px) 100vw, 1000px\" \/><\/figure>\n<\/div>\n\n\n<p class=\"has-text-align-justify\">A esto se suma un reconocimiento a los estudiantes de la <strong><a href=\"https:\/\/issuu.com\/communityprofile\/docs\/casa_de_campo_living_magazine_winter_2022\/48\" target=\"_blank\" rel=\"noreferrer noopener nofollow\">Facultad de Moda de Chav\u00f3n La Escuela de Dise\u00f1o<\/a><\/strong> y sus fant\u00e1sticos dise\u00f1os con prendas recicladas en mezclilla inspiradas en diferentes conceptos. Tambi\u00e9n nos reunimos con la <strong><a href=\"https:\/\/issuu.com\/communityprofile\/docs\/casa_de_campo_living_magazine_winter_2022\/44\" target=\"_blank\" rel=\"noreferrer noopener nofollow\">artista de Nueva York Kristin Simmons<\/a><\/strong> cuando trajo su \u00faltima exhibici\u00f3n de arte pop a Casa de Campo. Es la primera artista en participar del nuevo programa Artistas en Casa. Este programa es el resultado de casi dos a\u00f1os de arduo trabajo con el objetivo de revitalizar y continuar construyendo sobre el gran esplendor del ic\u00f3nico Altos de Chav\u00f3n, conocido por muchos como \u201cel pueblo de los artistas\u201d, para inspirarnos en nuestro maravilloso entorno. <\/p>\n\n\n<div class=\"wp-block-image\">\n<figure class=\"aligncenter size-large\"><img data-recalc-dims=\"1\" loading=\"lazy\" decoding=\"async\" width=\"1024\" height=\"729\" src=\"https:\/\/i0.wp.com\/casadecampoliving.com\/wp-content\/uploads\/2022\/12\/CDCLivingIssue41-Chavo%CC%81n-School-of-Design.jpg?resize=1024%2C729&#038;ssl=1\" alt=\"\" class=\"wp-image-511703\" srcset=\"https:\/\/i0.wp.com\/casadecampoliving.com\/wp-content\/uploads\/2022\/12\/CDCLivingIssue41-Chavo%CC%81n-School-of-Design.jpg?resize=1024%2C729&amp;ssl=1 1024w, https:\/\/i0.wp.com\/casadecampoliving.com\/wp-content\/uploads\/2022\/12\/CDCLivingIssue41-Chavo%CC%81n-School-of-Design.jpg?resize=300%2C214&amp;ssl=1 300w, https:\/\/i0.wp.com\/casadecampoliving.com\/wp-content\/uploads\/2022\/12\/CDCLivingIssue41-Chavo%CC%81n-School-of-Design.jpg?resize=768%2C547&amp;ssl=1 768w, https:\/\/i0.wp.com\/casadecampoliving.com\/wp-content\/uploads\/2022\/12\/CDCLivingIssue41-Chavo%CC%81n-School-of-Design.jpg?resize=1536%2C1094&amp;ssl=1 1536w, https:\/\/i0.wp.com\/casadecampoliving.com\/wp-content\/uploads\/2022\/12\/CDCLivingIssue41-Chavo%CC%81n-School-of-Design.jpg?resize=2048%2C1458&amp;ssl=1 2048w, https:\/\/i0.wp.com\/casadecampoliving.com\/wp-content\/uploads\/2022\/12\/CDCLivingIssue41-Chavo%CC%81n-School-of-Design.jpg?resize=1200%2C854&amp;ssl=1 1200w, https:\/\/i0.wp.com\/casadecampoliving.com\/wp-content\/uploads\/2022\/12\/CDCLivingIssue41-Chavo%CC%81n-School-of-Design.jpg?resize=1568%2C1116&amp;ssl=1 1568w, https:\/\/i0.wp.com\/casadecampoliving.com\/wp-content\/uploads\/2022\/12\/CDCLivingIssue41-Chavo%CC%81n-School-of-Design.jpg?resize=400%2C285&amp;ssl=1 400w, https:\/\/i0.wp.com\/casadecampoliving.com\/wp-content\/uploads\/2022\/12\/CDCLivingIssue41-Chavo%CC%81n-School-of-Design.jpg?resize=1320%2C940&amp;ssl=1 1320w, https:\/\/i0.wp.com\/casadecampoliving.com\/wp-content\/uploads\/2022\/12\/CDCLivingIssue41-Chavo%CC%81n-School-of-Design.jpg?resize=150%2C107&amp;ssl=1 150w, https:\/\/i0.wp.com\/casadecampoliving.com\/wp-content\/uploads\/2022\/12\/CDCLivingIssue41-Chavo%CC%81n-School-of-Design-1024x729.jpg?w=370&amp;ssl=1 370w\" sizes=\"auto, (max-width: 1000px) 100vw, 1000px\" \/><\/figure>\n<\/div>\n\n\n<p class=\"has-text-align-justify\"><strong>\u00a1Est\u00e9 atento a la llegada de la edici\u00f3n impresa reci\u00e9n salida de la imprenta! <\/strong>Esperamos que encuentre en las historias publicadas en nuestra edici\u00f3n de Invierno 2022 de Casa de Campo Living Magazine todo lo que espera <strong>y que el nuevo a\u00f1o lo bendiga con salud, paz, alegr\u00eda y felicidad.<\/strong><\/p>\n\n\n\n<p class=\"has-text-align-justify\">Encuentre a continuaci\u00f3n una carta para usted, nuestra querida comunidad Casa, de nuestro presidente Philip Silvestri.<\/p>\n\n\n\n<blockquote class=\"wp-block-quote is-layout-flow wp-block-quote-is-layout-flow\"><p><strong>\u00a1Feliz Navidad, pr\u00f3spero a\u00f1o y mucha felicidad!&nbsp;<\/strong><\/p><cite><br>\u00a1Es con un deleite conmovedor que recibimos la temporada festiva en el resplandeciente, soleado y maravilloso para\u00edso que es Casa de Campo! Es la temporada de celebraciones alegres con familiares y amigos, tanto antiguos como nuevos. Es una temporada de oportunidades para reflexionar sobre los grandes momentos del a\u00f1o, mientras disfruta de las impresionantes vistas de Teeth of the Dog. Es un momento para recargar energ\u00edas, mientras disfruta de las nuevas instalaciones de spa de clase mundial, el campo de pr\u00e1cticas recientemente renovado, o simplemente admira el paisaje incre\u00edblemente exuberante mientras recorre el complejo en un carrito de golf, el viento fluye a trav\u00e9s de su cabello y descubre todas las fant\u00e1sticas cosas nuevas para ver, hacer y probar.<br><br>Y definitivamente que hay muchas cosas nuevas para ver, hacer y explorar. Desde nuevos restaurantes en todo el resort hasta las nuevas canchas de p\u00e1del, nuevos cursos en la escuela de dise\u00f1o de Chav\u00f3n y, por supuesto, la apertura de 58 nuevas y lujosas habitaciones para atraer y deleitar a los hu\u00e9spedes m\u00e1s exigentes. Para brindarnos todos los detalles, nos sentamos con Jason Kycek, vicepresidente s\u00e9nior de ventas y mercadeo de Casa de Campo Resort &amp; Villas, quien comparti\u00f3 con nosotros los antecedentes y la visi\u00f3n de este nuevo proyecto. Por supuesto, ser\u00eda negligente no mencionar que este a\u00f1o marca el 40 aniversario de Altos de Chav\u00f3n y recordar c\u00f3mo esta ic\u00f3nica villa ha albergado a algunos de los mejores artistas de todos los tiempos.<br><br>En una nota personal, como alguien que creci\u00f3 en Casa de Campo, es maravilloso ver que el resort contin\u00faa evolucionando con inversiones que contin\u00faan haciendo de este m\u00e1s que un resort, una comunidad incre\u00edblemente vibrante, perfecta para visitas ocasionales, un lugar ideal para una segunda residencia, o como residencia principal. Es m\u00e1s que un lugar para llamar hogar, es tu Casa.<br><br>\u00a1Te deseo un afectuoso saludo navide\u00f1o y los mejores deseos para el A\u00f1o Nuevo!<br><br>Philip Silvestri<br><\/cite><\/blockquote>\n\n\n\n<h2 class=\"wp-block-heading\"><strong><em><a href=\"https:\/\/issuu.com\/communityprofile\/docs\/casa_de_campo_living_magazine_winter_2022\" target=\"_blank\" rel=\"noreferrer noopener nofollow\">CLIC AQU\u00cd PARA LEER LA REVISTA<\/a><\/em><\/strong><\/h2>\n","protected":false},"excerpt":{"rendered":"<p>\u00a1Buenos d\u00edas, amigos de Casa! \u00a1Felices fiestas! Esperamos que todos la est\u00e9n pasando genial durante estos d\u00edas festivos y que el 2023 sea un a\u00f1o feliz y pr\u00f3spero. En los \u00faltimos dos a\u00f1os,\u00a0Casa de Campo Living Magazine\u00a0ha realizado algunos cambios, incluido que nos volvamos digitales y actualicemos nuestro dise\u00f1o. \u00a1La edici\u00f3n de invierno se ve [&hellip;]<\/p>\n","protected":false},"author":36791,"featured_media":511702,"comment_status":"closed","ping_status":"closed","sticky":false,"template":"","format":"standard","meta":{"newspack_ads_suppress_ads":false,"newspack_popups_has_disabled_popups":false,"newspack_sponsor_sponsorship_scope":"","newspack_sponsor_native_byline_display":"inherit","newspack_sponsor_native_category_display":"inherit","newspack_sponsor_underwriter_style":"inherit","newspack_sponsor_underwriter_placement":"inherit","_newspack_byline_active":false,"_newspack_byline":"","newspack_hide_updated_date":false,"newspack_show_updated_date":false,"newspack_content_restriction_is_exempt":false,"newspack_featured_image_position":"","newspack_post_subtitle":"","newspack_article_summary_title":"Overview:","newspack_article_summary":"","_jetpack_memberships_contains_paid_content":false,"footnotes":"","jetpack_publicize_message":"","jetpack_publicize_feature_enabled":false,"jetpack_social_post_already_shared":true,"jetpack_social_options":{"image_generator_settings":{"template":"highway","default_image_id":0,"font":"","enabled":false},"version":2},"_wpas_customize_per_network":false},"categories":[26951,2509,2510,14631,23889,2521],"tags":[24346],"newspack_spnsrs_tax":[],"class_list":["post-511713","post","type-post","status-publish","format-standard","has-post-thumbnail","hentry","category-ccl-presenta","category-ccl-presenta-es","category-ccl-recomienda-es","category-estilo-de-vida","category-lifestyle-2","category-republica-dominicana-2","tag-featured-es","entry"],"yoast_head":"<!-- This site is optimized with the Yoast SEO plugin v27.5 - https:\/\/yoast.com\/product\/yoast-seo-wordpress\/ -->\n<title>\u00a1Felices fiestas! La edici\u00f3n de invierno 2022 de Casa de Campo Living Magazine ya est\u00e1 disponible! | Casa de Campo Living<\/title>\n<meta name=\"description\" content=\"\u00a1Buenos d\u00edas, amigos de Casa! \u00a1Felices fiestas! Esperamos que todos la est\u00e9n pasando genial durante estos d\u00edas festivos y que el 2023 sea un a\u00f1o feliz y\" \/>\n<meta name=\"robots\" content=\"index, follow, max-snippet:-1, max-image-preview:large, max-video-preview:-1\" \/>\n<link rel=\"canonical\" href=\"https:\/\/casadecampoliving.com\/es\/felices-fiestas-la-edicion-de-invierno-2022-de-casa-de-campo-living-magazine-ya-esta-disponible\/\" \/>\n<meta property=\"og:locale\" content=\"es_ES\" \/>\n<meta property=\"og:type\" content=\"article\" \/>\n<meta property=\"og:title\" content=\"\u00a1Felices fiestas! La edici\u00f3n de invierno 2022 de Casa de Campo Living Magazine ya est\u00e1 disponible! | Casa de Campo Living\" \/>\n<meta property=\"og:description\" content=\"\u00a1Buenos d\u00edas, amigos de Casa! \u00a1Felices fiestas! Esperamos que todos la est\u00e9n pasando genial durante estos d\u00edas festivos y que el 2023 sea un a\u00f1o feliz y\" \/>\n<meta property=\"og:url\" content=\"https:\/\/casadecampoliving.com\/es\/felices-fiestas-la-edicion-de-invierno-2022-de-casa-de-campo-living-magazine-ya-esta-disponible\/\" \/>\n<meta property=\"og:site_name\" content=\"Casa de Campo Living\" \/>\n<meta property=\"article:publisher\" content=\"https:\/\/www.facebook.com\/casadecampoliving\" \/>\n<meta property=\"article:published_time\" content=\"2022-12-10T17:02:06+00:00\" \/>\n<meta property=\"article:modified_time\" content=\"2022-12-15T14:55:01+00:00\" \/>\n<meta property=\"og:image\" content=\"https:\/\/casadecampoliving.com\/wp-content\/uploads\/2022\/12\/CDCLIVINGFEATUREDIMAGE.jpg\" \/>\n\t<meta property=\"og:image:width\" content=\"1200\" \/>\n\t<meta property=\"og:image:height\" content=\"800\" \/>\n\t<meta property=\"og:image:type\" content=\"image\/jpeg\" \/>\n<meta name=\"author\" content=\"Casa de Campo Living\" \/>\n<meta name=\"twitter:card\" content=\"summary_large_image\" \/>\n<meta name=\"twitter:creator\" content=\"@cdcliving\" \/>\n<meta name=\"twitter:site\" content=\"@cdcliving\" \/>\n<meta name=\"twitter:label1\" content=\"Escrito por\" \/>\n\t<meta name=\"twitter:data1\" content=\"Casa de Campo Living\" \/>\n\t<meta name=\"twitter:label2\" content=\"Tiempo de lectura\" \/>\n\t<meta name=\"twitter:data2\" content=\"4 minutos\" \/>\n<script type=\"application\/ld+json\" class=\"yoast-schema-graph\">{\"@context\":\"https:\\\/\\\/schema.org\",\"@graph\":[{\"@type\":\"Article\",\"@id\":\"https:\\\/\\\/casadecampoliving.com\\\/es\\\/felices-fiestas-la-edicion-de-invierno-2022-de-casa-de-campo-living-magazine-ya-esta-disponible\\\/#article\",\"isPartOf\":{\"@id\":\"https:\\\/\\\/casadecampoliving.com\\\/es\\\/felices-fiestas-la-edicion-de-invierno-2022-de-casa-de-campo-living-magazine-ya-esta-disponible\\\/\"},\"author\":{\"name\":\"Casa de Campo Living\",\"@id\":\"https:\\\/\\\/casadecampoliving.com\\\/es\\\/#\\\/schema\\\/person\\\/5d2171637a9d11e0e43ce6b8555f9422\"},\"headline\":\"\u00a1Felices fiestas! La edici\u00f3n de invierno 2022 de Casa de Campo Living Magazine ya est\u00e1 disponible!\",\"datePublished\":\"2022-12-10T17:02:06+00:00\",\"dateModified\":\"2022-12-15T14:55:01+00:00\",\"mainEntityOfPage\":{\"@id\":\"https:\\\/\\\/casadecampoliving.com\\\/es\\\/felices-fiestas-la-edicion-de-invierno-2022-de-casa-de-campo-living-magazine-ya-esta-disponible\\\/\"},\"wordCount\":738,\"publisher\":{\"@id\":\"https:\\\/\\\/casadecampoliving.com\\\/es\\\/#organization\"},\"image\":{\"@id\":\"https:\\\/\\\/casadecampoliving.com\\\/es\\\/felices-fiestas-la-edicion-de-invierno-2022-de-casa-de-campo-living-magazine-ya-esta-disponible\\\/#primaryimage\"},\"thumbnailUrl\":\"https:\\\/\\\/i0.wp.com\\\/casadecampoliving.com\\\/wp-content\\\/uploads\\\/2022\\\/12\\\/CDCLIVINGFEATUREDIMAGE.jpg?fit=1200%2C800&ssl=1\",\"keywords\":[\"Featured\"],\"articleSection\":[\"CCL presenta\",\"CCL presenta\",\"CCL recomienda\",\"Estilo de Vida\",\"Lifestyle\",\"Rep\u00fablica Dominicana @es\"],\"inLanguage\":\"es\"},{\"@type\":\"WebPage\",\"@id\":\"https:\\\/\\\/casadecampoliving.com\\\/es\\\/felices-fiestas-la-edicion-de-invierno-2022-de-casa-de-campo-living-magazine-ya-esta-disponible\\\/\",\"url\":\"https:\\\/\\\/casadecampoliving.com\\\/es\\\/felices-fiestas-la-edicion-de-invierno-2022-de-casa-de-campo-living-magazine-ya-esta-disponible\\\/\",\"name\":\"\u00a1Felices fiestas! La edici\u00f3n de invierno 2022 de Casa de Campo Living Magazine ya est\u00e1 disponible! | Casa de Campo Living\",\"isPartOf\":{\"@id\":\"https:\\\/\\\/casadecampoliving.com\\\/es\\\/#website\"},\"primaryImageOfPage\":{\"@id\":\"https:\\\/\\\/casadecampoliving.com\\\/es\\\/felices-fiestas-la-edicion-de-invierno-2022-de-casa-de-campo-living-magazine-ya-esta-disponible\\\/#primaryimage\"},\"image\":{\"@id\":\"https:\\\/\\\/casadecampoliving.com\\\/es\\\/felices-fiestas-la-edicion-de-invierno-2022-de-casa-de-campo-living-magazine-ya-esta-disponible\\\/#primaryimage\"},\"thumbnailUrl\":\"https:\\\/\\\/i0.wp.com\\\/casadecampoliving.com\\\/wp-content\\\/uploads\\\/2022\\\/12\\\/CDCLIVINGFEATUREDIMAGE.jpg?fit=1200%2C800&ssl=1\",\"datePublished\":\"2022-12-10T17:02:06+00:00\",\"dateModified\":\"2022-12-15T14:55:01+00:00\",\"description\":\"\u00a1Buenos d\u00edas, amigos de Casa! \u00a1Felices fiestas! Esperamos que todos la est\u00e9n pasando genial durante estos d\u00edas festivos y que el 2023 sea un a\u00f1o feliz y\",\"breadcrumb\":{\"@id\":\"https:\\\/\\\/casadecampoliving.com\\\/es\\\/felices-fiestas-la-edicion-de-invierno-2022-de-casa-de-campo-living-magazine-ya-esta-disponible\\\/#breadcrumb\"},\"inLanguage\":\"es\",\"potentialAction\":[{\"@type\":\"ReadAction\",\"target\":[\"https:\\\/\\\/casadecampoliving.com\\\/es\\\/felices-fiestas-la-edicion-de-invierno-2022-de-casa-de-campo-living-magazine-ya-esta-disponible\\\/\"]}]},{\"@type\":\"ImageObject\",\"inLanguage\":\"es\",\"@id\":\"https:\\\/\\\/casadecampoliving.com\\\/es\\\/felices-fiestas-la-edicion-de-invierno-2022-de-casa-de-campo-living-magazine-ya-esta-disponible\\\/#primaryimage\",\"url\":\"https:\\\/\\\/i0.wp.com\\\/casadecampoliving.com\\\/wp-content\\\/uploads\\\/2022\\\/12\\\/CDCLIVINGFEATUREDIMAGE.jpg?fit=1200%2C800&ssl=1\",\"contentUrl\":\"https:\\\/\\\/i0.wp.com\\\/casadecampoliving.com\\\/wp-content\\\/uploads\\\/2022\\\/12\\\/CDCLIVINGFEATUREDIMAGE.jpg?fit=1200%2C800&ssl=1\",\"width\":1200,\"height\":800},{\"@type\":\"BreadcrumbList\",\"@id\":\"https:\\\/\\\/casadecampoliving.com\\\/es\\\/felices-fiestas-la-edicion-de-invierno-2022-de-casa-de-campo-living-magazine-ya-esta-disponible\\\/#breadcrumb\",\"itemListElement\":[{\"@type\":\"ListItem\",\"position\":1,\"name\":\"Home\",\"item\":\"https:\\\/\\\/casadecampoliving.com\\\/es\\\/\"},{\"@type\":\"ListItem\",\"position\":2,\"name\":\"\u00a1Felices fiestas! La edici\u00f3n de invierno 2022 de Casa de Campo Living Magazine ya est\u00e1 disponible!\"}]},{\"@type\":\"WebSite\",\"@id\":\"https:\\\/\\\/casadecampoliving.com\\\/es\\\/#website\",\"url\":\"https:\\\/\\\/casadecampoliving.com\\\/es\\\/\",\"name\":\"Casa de Campo Living\",\"description\":\"Resort community news and resources.\",\"publisher\":{\"@id\":\"https:\\\/\\\/casadecampoliving.com\\\/es\\\/#organization\"},\"potentialAction\":[{\"@type\":\"SearchAction\",\"target\":{\"@type\":\"EntryPoint\",\"urlTemplate\":\"https:\\\/\\\/casadecampoliving.com\\\/es\\\/?s={search_term_string}\"},\"query-input\":{\"@type\":\"PropertyValueSpecification\",\"valueRequired\":true,\"valueName\":\"search_term_string\"}}],\"inLanguage\":\"es\"},{\"@type\":\"Organization\",\"@id\":\"https:\\\/\\\/casadecampoliving.com\\\/es\\\/#organization\",\"name\":\"Casa de Campo Living\",\"url\":\"https:\\\/\\\/casadecampoliving.com\\\/es\\\/\",\"logo\":{\"@type\":\"ImageObject\",\"inLanguage\":\"es\",\"@id\":\"https:\\\/\\\/casadecampoliving.com\\\/es\\\/#\\\/schema\\\/logo\\\/image\\\/\",\"url\":\"https:\\\/\\\/i0.wp.com\\\/casadecampoliving.com\\\/wp-content\\\/uploads\\\/2022\\\/07\\\/CDCLivingLogo_V1-white-sized.png?fit=800%2C214&ssl=1\",\"contentUrl\":\"https:\\\/\\\/i0.wp.com\\\/casadecampoliving.com\\\/wp-content\\\/uploads\\\/2022\\\/07\\\/CDCLivingLogo_V1-white-sized.png?fit=800%2C214&ssl=1\",\"width\":800,\"height\":214,\"caption\":\"Casa de Campo Living\"},\"image\":{\"@id\":\"https:\\\/\\\/casadecampoliving.com\\\/es\\\/#\\\/schema\\\/logo\\\/image\\\/\"},\"sameAs\":[\"https:\\\/\\\/www.facebook.com\\\/casadecampoliving\",\"https:\\\/\\\/x.com\\\/cdcliving\"]},{\"@type\":\"Person\",\"@id\":\"https:\\\/\\\/casadecampoliving.com\\\/es\\\/#\\\/schema\\\/person\\\/5d2171637a9d11e0e43ce6b8555f9422\",\"name\":\"Casa de Campo Living\",\"image\":{\"@type\":\"ImageObject\",\"inLanguage\":\"es\",\"@id\":\"https:\\\/\\\/secure.gravatar.com\\\/avatar\\\/d04101fa4a9fd431e939953b1500fdc7a73cd35029f86d98712fd8ccdaebaf9a?s=96&d=mm&r=g\",\"url\":\"https:\\\/\\\/secure.gravatar.com\\\/avatar\\\/d04101fa4a9fd431e939953b1500fdc7a73cd35029f86d98712fd8ccdaebaf9a?s=96&d=mm&r=g\",\"contentUrl\":\"https:\\\/\\\/secure.gravatar.com\\\/avatar\\\/d04101fa4a9fd431e939953b1500fdc7a73cd35029f86d98712fd8ccdaebaf9a?s=96&d=mm&r=g\",\"caption\":\"Casa de Campo Living\"},\"url\":\"https:\\\/\\\/casadecampoliving.com\\\/es\\\/author\\\/casa-de-campo-living\\\/\"}]}<\/script>\n<!-- \/ Yoast SEO plugin. -->","yoast_head_json":{"title":"\u00a1Felices fiestas! La edici\u00f3n de invierno 2022 de Casa de Campo Living Magazine ya est\u00e1 disponible! | Casa de Campo Living","description":"\u00a1Buenos d\u00edas, amigos de Casa! \u00a1Felices fiestas! Esperamos que todos la est\u00e9n pasando genial durante estos d\u00edas festivos y que el 2023 sea un a\u00f1o feliz y","robots":{"index":"index","follow":"follow","max-snippet":"max-snippet:-1","max-image-preview":"max-image-preview:large","max-video-preview":"max-video-preview:-1"},"canonical":"https:\/\/casadecampoliving.com\/es\/felices-fiestas-la-edicion-de-invierno-2022-de-casa-de-campo-living-magazine-ya-esta-disponible\/","og_locale":"es_ES","og_type":"article","og_title":"\u00a1Felices fiestas! La edici\u00f3n de invierno 2022 de Casa de Campo Living Magazine ya est\u00e1 disponible! | Casa de Campo Living","og_description":"\u00a1Buenos d\u00edas, amigos de Casa! \u00a1Felices fiestas! Esperamos que todos la est\u00e9n pasando genial durante estos d\u00edas festivos y que el 2023 sea un a\u00f1o feliz y","og_url":"https:\/\/casadecampoliving.com\/es\/felices-fiestas-la-edicion-de-invierno-2022-de-casa-de-campo-living-magazine-ya-esta-disponible\/","og_site_name":"Casa de Campo Living","article_publisher":"https:\/\/www.facebook.com\/casadecampoliving","article_published_time":"2022-12-10T17:02:06+00:00","article_modified_time":"2022-12-15T14:55:01+00:00","og_image":[{"width":1200,"height":800,"url":"https:\/\/casadecampoliving.com\/wp-content\/uploads\/2022\/12\/CDCLIVINGFEATUREDIMAGE.jpg","type":"image\/jpeg"}],"author":"Casa de Campo Living","twitter_card":"summary_large_image","twitter_creator":"@cdcliving","twitter_site":"@cdcliving","twitter_misc":{"Escrito por":"Casa de Campo Living","Tiempo de lectura":"4 minutos"},"schema":{"@context":"https:\/\/schema.org","@graph":[{"@type":"Article","@id":"https:\/\/casadecampoliving.com\/es\/felices-fiestas-la-edicion-de-invierno-2022-de-casa-de-campo-living-magazine-ya-esta-disponible\/#article","isPartOf":{"@id":"https:\/\/casadecampoliving.com\/es\/felices-fiestas-la-edicion-de-invierno-2022-de-casa-de-campo-living-magazine-ya-esta-disponible\/"},"author":{"name":"Casa de Campo Living","@id":"https:\/\/casadecampoliving.com\/es\/#\/schema\/person\/5d2171637a9d11e0e43ce6b8555f9422"},"headline":"\u00a1Felices fiestas! La edici\u00f3n de invierno 2022 de Casa de Campo Living Magazine ya est\u00e1 disponible!","datePublished":"2022-12-10T17:02:06+00:00","dateModified":"2022-12-15T14:55:01+00:00","mainEntityOfPage":{"@id":"https:\/\/casadecampoliving.com\/es\/felices-fiestas-la-edicion-de-invierno-2022-de-casa-de-campo-living-magazine-ya-esta-disponible\/"},"wordCount":738,"publisher":{"@id":"https:\/\/casadecampoliving.com\/es\/#organization"},"image":{"@id":"https:\/\/casadecampoliving.com\/es\/felices-fiestas-la-edicion-de-invierno-2022-de-casa-de-campo-living-magazine-ya-esta-disponible\/#primaryimage"},"thumbnailUrl":"https:\/\/i0.wp.com\/casadecampoliving.com\/wp-content\/uploads\/2022\/12\/CDCLIVINGFEATUREDIMAGE.jpg?fit=1200%2C800&ssl=1","keywords":["Featured"],"articleSection":["CCL presenta","CCL presenta","CCL recomienda","Estilo de Vida","Lifestyle","Rep\u00fablica Dominicana @es"],"inLanguage":"es"},{"@type":"WebPage","@id":"https:\/\/casadecampoliving.com\/es\/felices-fiestas-la-edicion-de-invierno-2022-de-casa-de-campo-living-magazine-ya-esta-disponible\/","url":"https:\/\/casadecampoliving.com\/es\/felices-fiestas-la-edicion-de-invierno-2022-de-casa-de-campo-living-magazine-ya-esta-disponible\/","name":"\u00a1Felices fiestas! La edici\u00f3n de invierno 2022 de Casa de Campo Living Magazine ya est\u00e1 disponible! | Casa de Campo Living","isPartOf":{"@id":"https:\/\/casadecampoliving.com\/es\/#website"},"primaryImageOfPage":{"@id":"https:\/\/casadecampoliving.com\/es\/felices-fiestas-la-edicion-de-invierno-2022-de-casa-de-campo-living-magazine-ya-esta-disponible\/#primaryimage"},"image":{"@id":"https:\/\/casadecampoliving.com\/es\/felices-fiestas-la-edicion-de-invierno-2022-de-casa-de-campo-living-magazine-ya-esta-disponible\/#primaryimage"},"thumbnailUrl":"https:\/\/i0.wp.com\/casadecampoliving.com\/wp-content\/uploads\/2022\/12\/CDCLIVINGFEATUREDIMAGE.jpg?fit=1200%2C800&ssl=1","datePublished":"2022-12-10T17:02:06+00:00","dateModified":"2022-12-15T14:55:01+00:00","description":"\u00a1Buenos d\u00edas, amigos de Casa! \u00a1Felices fiestas! Esperamos que todos la est\u00e9n pasando genial durante estos d\u00edas festivos y que el 2023 sea un a\u00f1o feliz y","breadcrumb":{"@id":"https:\/\/casadecampoliving.com\/es\/felices-fiestas-la-edicion-de-invierno-2022-de-casa-de-campo-living-magazine-ya-esta-disponible\/#breadcrumb"},"inLanguage":"es","potentialAction":[{"@type":"ReadAction","target":["https:\/\/casadecampoliving.com\/es\/felices-fiestas-la-edicion-de-invierno-2022-de-casa-de-campo-living-magazine-ya-esta-disponible\/"]}]},{"@type":"ImageObject","inLanguage":"es","@id":"https:\/\/casadecampoliving.com\/es\/felices-fiestas-la-edicion-de-invierno-2022-de-casa-de-campo-living-magazine-ya-esta-disponible\/#primaryimage","url":"https:\/\/i0.wp.com\/casadecampoliving.com\/wp-content\/uploads\/2022\/12\/CDCLIVINGFEATUREDIMAGE.jpg?fit=1200%2C800&ssl=1","contentUrl":"https:\/\/i0.wp.com\/casadecampoliving.com\/wp-content\/uploads\/2022\/12\/CDCLIVINGFEATUREDIMAGE.jpg?fit=1200%2C800&ssl=1","width":1200,"height":800},{"@type":"BreadcrumbList","@id":"https:\/\/casadecampoliving.com\/es\/felices-fiestas-la-edicion-de-invierno-2022-de-casa-de-campo-living-magazine-ya-esta-disponible\/#breadcrumb","itemListElement":[{"@type":"ListItem","position":1,"name":"Home","item":"https:\/\/casadecampoliving.com\/es\/"},{"@type":"ListItem","position":2,"name":"\u00a1Felices fiestas! La edici\u00f3n de invierno 2022 de Casa de Campo Living Magazine ya est\u00e1 disponible!"}]},{"@type":"WebSite","@id":"https:\/\/casadecampoliving.com\/es\/#website","url":"https:\/\/casadecampoliving.com\/es\/","name":"Casa de Campo Living","description":"Resort community news and resources.","publisher":{"@id":"https:\/\/casadecampoliving.com\/es\/#organization"},"potentialAction":[{"@type":"SearchAction","target":{"@type":"EntryPoint","urlTemplate":"https:\/\/casadecampoliving.com\/es\/?s={search_term_string}"},"query-input":{"@type":"PropertyValueSpecification","valueRequired":true,"valueName":"search_term_string"}}],"inLanguage":"es"},{"@type":"Organization","@id":"https:\/\/casadecampoliving.com\/es\/#organization","name":"Casa de Campo Living","url":"https:\/\/casadecampoliving.com\/es\/","logo":{"@type":"ImageObject","inLanguage":"es","@id":"https:\/\/casadecampoliving.com\/es\/#\/schema\/logo\/image\/","url":"https:\/\/i0.wp.com\/casadecampoliving.com\/wp-content\/uploads\/2022\/07\/CDCLivingLogo_V1-white-sized.png?fit=800%2C214&ssl=1","contentUrl":"https:\/\/i0.wp.com\/casadecampoliving.com\/wp-content\/uploads\/2022\/07\/CDCLivingLogo_V1-white-sized.png?fit=800%2C214&ssl=1","width":800,"height":214,"caption":"Casa de Campo Living"},"image":{"@id":"https:\/\/casadecampoliving.com\/es\/#\/schema\/logo\/image\/"},"sameAs":["https:\/\/www.facebook.com\/casadecampoliving","https:\/\/x.com\/cdcliving"]},{"@type":"Person","@id":"https:\/\/casadecampoliving.com\/es\/#\/schema\/person\/5d2171637a9d11e0e43ce6b8555f9422","name":"Casa de Campo Living","image":{"@type":"ImageObject","inLanguage":"es","@id":"https:\/\/secure.gravatar.com\/avatar\/d04101fa4a9fd431e939953b1500fdc7a73cd35029f86d98712fd8ccdaebaf9a?s=96&d=mm&r=g","url":"https:\/\/secure.gravatar.com\/avatar\/d04101fa4a9fd431e939953b1500fdc7a73cd35029f86d98712fd8ccdaebaf9a?s=96&d=mm&r=g","contentUrl":"https:\/\/secure.gravatar.com\/avatar\/d04101fa4a9fd431e939953b1500fdc7a73cd35029f86d98712fd8ccdaebaf9a?s=96&d=mm&r=g","caption":"Casa de Campo Living"},"url":"https:\/\/casadecampoliving.com\/es\/author\/casa-de-campo-living\/"}]}},"parsely":{"version":"1.1.0","canonical_url":"https:\/\/casadecampoliving.com\/es\/felices-fiestas-la-edicion-de-invierno-2022-de-casa-de-campo-living-magazine-ya-esta-disponible\/","smart_links":{"inbound":0,"outbound":0},"traffic_boost_suggestions_count":0,"meta":{"@context":"https:\/\/schema.org","@type":"NewsArticle","headline":"\u00a1Felices fiestas! La edici\u00f3n de invierno 2022 de Casa de Campo Living Magazine ya est\u00e1 disponible!","url":"http:\/\/casadecampoliving.com\/es\/felices-fiestas-la-edicion-de-invierno-2022-de-casa-de-campo-living-magazine-ya-esta-disponible\/","mainEntityOfPage":{"@type":"WebPage","@id":"http:\/\/casadecampoliving.com\/es\/felices-fiestas-la-edicion-de-invierno-2022-de-casa-de-campo-living-magazine-ya-esta-disponible\/"},"thumbnailUrl":"https:\/\/i0.wp.com\/casadecampoliving.com\/wp-content\/uploads\/2022\/12\/CDCLIVINGFEATUREDIMAGE.jpg?resize=150%2C150&ssl=1","image":{"@type":"ImageObject","url":"https:\/\/i0.wp.com\/casadecampoliving.com\/wp-content\/uploads\/2022\/12\/CDCLIVINGFEATUREDIMAGE.jpg?fit=1200%2C800&ssl=1"},"articleSection":"CCL presenta","author":[{"@type":"Person","name":"Casa de Campo Living"}],"creator":["Casa de Campo Living"],"publisher":{"@type":"Organization","name":"Casa de Campo Living","logo":"https:\/\/casadecampoliving.com\/wp-content\/uploads\/2022\/07\/CDCLivingLogo_V1-white-sized.png"},"keywords":["featured"],"dateCreated":"2022-12-10T17:02:06Z","datePublished":"2022-12-10T17:02:06Z","dateModified":"2022-12-15T14:55:01Z"},"rendered":"<script type=\"application\/ld+json\" class=\"wp-parsely-metadata\">{\"@context\":\"https:\\\/\\\/schema.org\",\"@type\":\"NewsArticle\",\"headline\":\"\\u00a1Felices fiestas! La edici\\u00f3n de invierno 2022 de Casa de Campo Living Magazine ya est\\u00e1 disponible!\",\"url\":\"http:\\\/\\\/casadecampoliving.com\\\/es\\\/felices-fiestas-la-edicion-de-invierno-2022-de-casa-de-campo-living-magazine-ya-esta-disponible\\\/\",\"mainEntityOfPage\":{\"@type\":\"WebPage\",\"@id\":\"http:\\\/\\\/casadecampoliving.com\\\/es\\\/felices-fiestas-la-edicion-de-invierno-2022-de-casa-de-campo-living-magazine-ya-esta-disponible\\\/\"},\"thumbnailUrl\":\"https:\\\/\\\/i0.wp.com\\\/casadecampoliving.com\\\/wp-content\\\/uploads\\\/2022\\\/12\\\/CDCLIVINGFEATUREDIMAGE.jpg?resize=150%2C150&ssl=1\",\"image\":{\"@type\":\"ImageObject\",\"url\":\"https:\\\/\\\/i0.wp.com\\\/casadecampoliving.com\\\/wp-content\\\/uploads\\\/2022\\\/12\\\/CDCLIVINGFEATUREDIMAGE.jpg?fit=1200%2C800&ssl=1\"},\"articleSection\":\"CCL presenta\",\"author\":[{\"@type\":\"Person\",\"name\":\"Casa de Campo Living\"}],\"creator\":[\"Casa de Campo Living\"],\"publisher\":{\"@type\":\"Organization\",\"name\":\"Casa de Campo Living\",\"logo\":\"https:\\\/\\\/casadecampoliving.com\\\/wp-content\\\/uploads\\\/2022\\\/07\\\/CDCLivingLogo_V1-white-sized.png\"},\"keywords\":[\"featured\"],\"dateCreated\":\"2022-12-10T17:02:06Z\",\"datePublished\":\"2022-12-10T17:02:06Z\",\"dateModified\":\"2022-12-15T14:55:01Z\"}<\/script>","tracker_url":"https:\/\/cdn.parsely.com\/keys\/casadecampoliving.com\/p.js"},"jetpack_publicize_connections":[],"jetpack_featured_media_url":"https:\/\/i0.wp.com\/casadecampoliving.com\/wp-content\/uploads\/2022\/12\/CDCLIVINGFEATUREDIMAGE.jpg?fit=1200%2C800&ssl=1","jetpack-related-posts":[{"id":354229,"url":"https:\/\/casadecampoliving.com\/es\/ha-visto-la-edicion-de-invierno-de-2021-de-casa-de-campo-living-magazine-ya-esta-disponible\/","url_meta":{"origin":511713,"position":0},"title":"\u00bfHa visto la edici\u00f3n de invierno de 2021 de Casa de Campo Living Magazine? \u00a1Ya est\u00e1 disponible!","author":"Casa de Campo Living","date":"21 Dic, 2021","format":false,"excerpt":"\u00a1Buen d\u00eda, familia Casa! Esperamos que se lo est\u00e9n pasando de maravilla durante estos d\u00edas festivos. Mucho ha cambiado en los \u00faltimos dos a\u00f1os, pero tenemos la esperanza de que 2022 sea el a\u00f1o que anhelamos. \u00a1Este a\u00f1o, Casa de Campo Living Magazine ha realizado algunos cambios que incluyen que\u2026","rel":"","context":"En \u00abCasa de Campo Living @es\u00bb","block_context":{"text":"Casa de Campo Living @es","link":"https:\/\/casadecampoliving.com\/category\/casa-de-campo-living-es\/"},"img":{"alt_text":"","src":"https:\/\/i0.wp.com\/casadecampoliving.com\/wp-content\/uploads\/2022\/10\/CasaDeCampoLivingMagazineFeaturedimage_V2-1.jpg?fit=1000%2C775&ssl=1&resize=350%2C200","width":350,"height":200,"srcset":"https:\/\/i0.wp.com\/casadecampoliving.com\/wp-content\/uploads\/2022\/10\/CasaDeCampoLivingMagazineFeaturedimage_V2-1.jpg?fit=1000%2C775&ssl=1&resize=350%2C200 1x, https:\/\/i0.wp.com\/casadecampoliving.com\/wp-content\/uploads\/2022\/10\/CasaDeCampoLivingMagazineFeaturedimage_V2-1.jpg?fit=1000%2C775&ssl=1&resize=525%2C300 1.5x, https:\/\/i0.wp.com\/casadecampoliving.com\/wp-content\/uploads\/2022\/10\/CasaDeCampoLivingMagazineFeaturedimage_V2-1.jpg?fit=1000%2C775&ssl=1&resize=700%2C400 2x"},"classes":[]},{"id":546487,"url":"https:\/\/casadecampoliving.com\/es\/casa-de-campo-living-presenta-su-edicion-invierno-2025\/","url_meta":{"origin":511713,"position":1},"title":"Casa de Campo Living Presenta su Edici\u00f3n Invierno 2025","author":"Casa de Campo Living","date":"15 Dic, 2025","format":false,"excerpt":"La edici\u00f3n Invierno 2025 de Casa de Campo Living ya est\u00e1 aqu\u00ed, capturando un momento que muchos en esta comunidad conocen bien: cuando distintas partes de tu vida se cruzan en un solo lugar y se sienten como en casa. La revista de esta temporada explora esa conexi\u00f3n a trav\u00e9s\u2026","rel":"","context":"En \u00abCasa de Campo Resort &amp; Villas\u00bb","block_context":{"text":"Casa de Campo Resort &amp; Villas","link":"https:\/\/casadecampoliving.com\/es\/category\/casa-de-campo-resort-villas\/"},"img":{"alt_text":"","src":"https:\/\/i0.wp.com\/casadecampoliving.com\/wp-content\/uploads\/2025\/12\/CDCL_2025-scaled.jpg?fit=1200%2C800&ssl=1&resize=350%2C200","width":350,"height":200,"srcset":"https:\/\/i0.wp.com\/casadecampoliving.com\/wp-content\/uploads\/2025\/12\/CDCL_2025-scaled.jpg?fit=1200%2C800&ssl=1&resize=350%2C200 1x, https:\/\/i0.wp.com\/casadecampoliving.com\/wp-content\/uploads\/2025\/12\/CDCL_2025-scaled.jpg?fit=1200%2C800&ssl=1&resize=525%2C300 1.5x, https:\/\/i0.wp.com\/casadecampoliving.com\/wp-content\/uploads\/2025\/12\/CDCL_2025-scaled.jpg?fit=1200%2C800&ssl=1&resize=700%2C400 2x, https:\/\/i0.wp.com\/casadecampoliving.com\/wp-content\/uploads\/2025\/12\/CDCL_2025-scaled.jpg?fit=1200%2C800&ssl=1&resize=1050%2C600 3x"},"classes":[]},{"id":353086,"url":"https:\/\/casadecampoliving.com\/es\/consigue-la-hermosa-edicion-de-invierno-2018-de-casalife\/","url_meta":{"origin":511713,"position":2},"title":"\u00a1Consigue la hermosa edici\u00f3n de Invierno 2018 de CasaLife!","author":"Casa de Campo Living","date":"31 Dic, 2018","format":false,"excerpt":"La edici\u00f3n de invierno de la revista CasaLife 2018, la exclusiva Casa de Campo Resort & Resident Magazine, \u00a1ya est\u00e1 aqu\u00ed! En Casa de Campo nos encanta celebrar, especialmente en esta \u00e9poca del a\u00f1o, por lo que mientras se relaja en la piscina de Minitas Beach Club de Family, lo\u2026","rel":"","context":"En \u00abCasa de Campo Living @es\u00bb","block_context":{"text":"Casa de Campo Living @es","link":"https:\/\/casadecampoliving.com\/category\/casa-de-campo-living-es\/"},"img":{"alt_text":"","src":"https:\/\/i0.wp.com\/casadecampoliving.com\/wp-content\/uploads\/2018\/12\/casalifewinter2018_Magazine-MockUp-2.jpg?resize=350%2C200&ssl=1","width":350,"height":200,"srcset":"https:\/\/i0.wp.com\/casadecampoliving.com\/wp-content\/uploads\/2018\/12\/casalifewinter2018_Magazine-MockUp-2.jpg?resize=350%2C200&ssl=1 1x, https:\/\/i0.wp.com\/casadecampoliving.com\/wp-content\/uploads\/2018\/12\/casalifewinter2018_Magazine-MockUp-2.jpg?resize=525%2C300&ssl=1 1.5x, https:\/\/i0.wp.com\/casadecampoliving.com\/wp-content\/uploads\/2018\/12\/casalifewinter2018_Magazine-MockUp-2.jpg?resize=700%2C400&ssl=1 2x"},"classes":[]},{"id":353084,"url":"https:\/\/casadecampoliving.com\/es\/ya-en-circulacion-la-revista-casa-de-campo-living-edicion-de-invierno\/","url_meta":{"origin":511713,"position":3},"title":"\u00a1Ya en circulaci\u00f3n la revista Casa de Campo Living edici\u00f3n de invierno!","author":"Casa de Campo Living","date":"28 Dic, 2018","format":false,"excerpt":"La edici\u00f3n m\u00e1s reciente de la revista-gu\u00eda Casa de Campo Living est\u00e1 en circulaci\u00f3n y se entregar\u00e1 a las villas de Casa de Campo en los pr\u00f3ximos d\u00edas. Han pasado dos a\u00f1os desde que decidimos hacer un cambio a nuestra revista TO DO Casa de Campo\u00a0y reflejarla un poco m\u00e1s\u2026","rel":"","context":"En \u00abAltos de Chavon @es\u00bb","block_context":{"text":"Altos de Chavon @es","link":"https:\/\/casadecampoliving.com\/category\/altos-de-chavon-es\/"},"img":{"alt_text":"","src":"https:\/\/i0.wp.com\/casadecampoliving.com\/wp-content\/uploads\/2018\/12\/Rectangle_casadcampo-winter-2018_martina.jpg?resize=350%2C200&ssl=1","width":350,"height":200,"srcset":"https:\/\/i0.wp.com\/casadecampoliving.com\/wp-content\/uploads\/2018\/12\/Rectangle_casadcampo-winter-2018_martina.jpg?resize=350%2C200&ssl=1 1x, https:\/\/i0.wp.com\/casadecampoliving.com\/wp-content\/uploads\/2018\/12\/Rectangle_casadcampo-winter-2018_martina.jpg?resize=525%2C300&ssl=1 1.5x, https:\/\/i0.wp.com\/casadecampoliving.com\/wp-content\/uploads\/2018\/12\/Rectangle_casadcampo-winter-2018_martina.jpg?resize=700%2C400&ssl=1 2x"},"classes":[]},{"id":347125,"url":"https:\/\/casadecampoliving.com\/es\/nueva-edicion-casalife-casa-de-campo\/","url_meta":{"origin":511713,"position":4},"title":"\u00a1La nueva edici\u00f3n de CasaLife llega a Casa de Campo!","author":"Rebecca Silvestri","date":"3 Abr, 2015","format":false,"excerpt":"La nueva edici\u00f3n de CasaLife acaba de llegar a Casa de Campo, mostrando al rey de la conducci\u00f3n de lujo, un rojo y brillante Bentley Mulsanne Speed. Adornando sus lustrosas p\u00e1ginas estamos felices de traerles nuevamente\u00a0algunos art\u00edculos especiales incluyendo \u201cPolo: la nueva generaci\u00f3n\u201d, presentando algunos de los m\u00e1s prometedores talentos\u2026","rel":"","context":"En \u00abCasa de Campo Living @es\u00bb","block_context":{"text":"Casa de Campo Living @es","link":"https:\/\/casadecampoliving.com\/category\/casa-de-campo-living-es\/"},"img":{"alt_text":"CasaLife Magazine","src":"https:\/\/i0.wp.com\/casadecampoliving.com\/wp-content\/uploads\/2022\/10\/CasaLife-Magazine_1-1.jpg?fit=650%2C397&ssl=1&resize=350%2C200","width":350,"height":200,"srcset":"https:\/\/i0.wp.com\/casadecampoliving.com\/wp-content\/uploads\/2022\/10\/CasaLife-Magazine_1-1.jpg?fit=650%2C397&ssl=1&resize=350%2C200 1x, https:\/\/i0.wp.com\/casadecampoliving.com\/wp-content\/uploads\/2022\/10\/CasaLife-Magazine_1-1.jpg?fit=650%2C397&ssl=1&resize=525%2C300 1.5x"},"classes":[]},{"id":350973,"url":"https:\/\/casadecampoliving.com\/es\/la-edicion-de-invierno-de-casalife-disenando-el-paraiso\/","url_meta":{"origin":511713,"position":5},"title":"La Edici\u00f3n de Invierno de CasaLife presenta \u00abDise\u00f1ando el Para\u00edso\u00bb","author":"Heather Lincoln","date":"2 Ene, 2017","format":false,"excerpt":"No podr\u00edamos estar mas emocionados de anunciar el lanzamiento de la edici\u00f3n de las fiestas de nuestra publicaci\u00f3n hermana, CasaLife. En ella, destacamos \u201cDise\u00f1ando el Para\u00edso\u201d, la primera de una serie de cuatro partes donde David Peacock, un miembro de la comunidad apasionado acerca de investigar como Casa de Campo\u2026","rel":"","context":"En \u00abArte y cultura\u00bb","block_context":{"text":"Arte y cultura","link":"https:\/\/casadecampoliving.com\/category\/arte-y-cultura\/"},"img":{"alt_text":"Cover CASALIFE Holiday Issue","src":"https:\/\/i0.wp.com\/casadecampoliving.com\/wp-content\/uploads\/2022\/10\/Untitled-drawing-2-e1483390312293.jpg?fit=960%2C540&ssl=1&resize=350%2C200","width":350,"height":200,"srcset":"https:\/\/i0.wp.com\/casadecampoliving.com\/wp-content\/uploads\/2022\/10\/Untitled-drawing-2-e1483390312293.jpg?fit=960%2C540&ssl=1&resize=350%2C200 1x, https:\/\/i0.wp.com\/casadecampoliving.com\/wp-content\/uploads\/2022\/10\/Untitled-drawing-2-e1483390312293.jpg?fit=960%2C540&ssl=1&resize=525%2C300 1.5x, https:\/\/i0.wp.com\/casadecampoliving.com\/wp-content\/uploads\/2022\/10\/Untitled-drawing-2-e1483390312293.jpg?fit=960%2C540&ssl=1&resize=700%2C400 2x"},"classes":[]}],"jetpack_sharing_enabled":true,"_links":{"self":[{"href":"https:\/\/casadecampoliving.com\/es\/wp-json\/wp\/v2\/posts\/511713","targetHints":{"allow":["GET"]}}],"collection":[{"href":"https:\/\/casadecampoliving.com\/es\/wp-json\/wp\/v2\/posts"}],"about":[{"href":"https:\/\/casadecampoliving.com\/es\/wp-json\/wp\/v2\/types\/post"}],"author":[{"embeddable":true,"href":"https:\/\/casadecampoliving.com\/es\/wp-json\/wp\/v2\/users\/36791"}],"replies":[{"embeddable":true,"href":"https:\/\/casadecampoliving.com\/es\/wp-json\/wp\/v2\/comments?post=511713"}],"version-history":[{"count":1,"href":"https:\/\/casadecampoliving.com\/es\/wp-json\/wp\/v2\/posts\/511713\/revisions"}],"predecessor-version":[{"id":511715,"href":"https:\/\/casadecampoliving.com\/es\/wp-json\/wp\/v2\/posts\/511713\/revisions\/511715"}],"wp:featuredmedia":[{"embeddable":true,"href":"https:\/\/casadecampoliving.com\/es\/wp-json\/wp\/v2\/media\/511702"}],"wp:attachment":[{"href":"https:\/\/casadecampoliving.com\/es\/wp-json\/wp\/v2\/media?parent=511713"}],"wp:term":[{"taxonomy":"category","embeddable":true,"href":"https:\/\/casadecampoliving.com\/es\/wp-json\/wp\/v2\/categories?post=511713"},{"taxonomy":"post_tag","embeddable":true,"href":"https:\/\/casadecampoliving.com\/es\/wp-json\/wp\/v2\/tags?post=511713"},{"taxonomy":"newspack_spnsrs_tax","embeddable":true,"href":"https:\/\/casadecampoliving.com\/es\/wp-json\/wp\/v2\/newspack_spnsrs_tax?post=511713"}],"curies":[{"name":"wp","href":"https:\/\/api.w.org\/{rel}","templated":true}]}}