{"id":511369,"date":"2022-12-03T11:40:49","date_gmt":"2022-12-03T15:40:49","guid":{"rendered":"https:\/\/casadecampoliving.com\/?p=511369"},"modified":"2022-12-05T13:49:11","modified_gmt":"2022-12-05T17:49:11","slug":"los-artistas-genero-reyes-cayuco-y-pedro-y-roosevelt-mendez-llevan-el-adviento-al-museo-arqueologico-regional-altos-de-chavon","status":"publish","type":"post","link":"https:\/\/casadecampoliving.com\/es\/los-artistas-genero-reyes-cayuco-y-pedro-y-roosevelt-mendez-llevan-el-adviento-al-museo-arqueologico-regional-altos-de-chavon\/","title":{"rendered":"Los artistas Genero Reyes (Cayuco), y Pedro y Roosevelt M\u00e9ndez llevan el ADVIENTO al Museo Arqueol\u00f3gico Regional Altos de Chav\u00f3n."},"content":{"rendered":"\n<p class=\"has-text-align-justify\">El Museo Arqueol\u00f3gico Regional Altos de Chav\u00f3n di\u00f3 apertura a la exposici\u00f3n de belenes \u201cAdviento\u201d el pasado s\u00e1bado\u00a026 de los corrientes, elaborados por Pedro M\u00e9ndez, Roosevelt M\u00e9ndez y Cayuco, los cuales son portadores de una tradici\u00f3n colonial y cat\u00f3lica en la Rep\u00fablica Dominicana, quienes, a trav\u00e9s de sus piezas talladas en madera, policromadas, ensambladas, escult\u00f3ricas, en lat\u00f3n y de material reciclado, transmiten esa espera que llena de esperanza en navidad.<\/p>\n\n\n\n<figure class=\"wp-block-image size-large\"><img data-recalc-dims=\"1\" loading=\"lazy\" decoding=\"async\" width=\"1024\" height=\"683\" data-attachment-id=\"511373\" data-permalink=\"https:\/\/casadecampoliving.com\/es\/los-artistas-genero-reyes-cayuco-y-pedro-y-roosevelt-mendez-llevan-el-adviento-al-museo-arqueologico-regional-altos-de-chavon\/7e1a1357\/\" data-orig-file=\"https:\/\/i0.wp.com\/casadecampoliving.com\/wp-content\/uploads\/2022\/12\/7E1A1357.jpg?fit=1200%2C800&amp;ssl=1\" data-orig-size=\"1200,800\" data-comments-opened=\"0\" data-image-meta=\"{&quot;aperture&quot;:&quot;0&quot;,&quot;credit&quot;:&quot;&quot;,&quot;camera&quot;:&quot;&quot;,&quot;caption&quot;:&quot;&quot;,&quot;created_timestamp&quot;:&quot;1669506001&quot;,&quot;copyright&quot;:&quot;&quot;,&quot;focal_length&quot;:&quot;0&quot;,&quot;iso&quot;:&quot;0&quot;,&quot;shutter_speed&quot;:&quot;0&quot;,&quot;title&quot;:&quot;&quot;,&quot;orientation&quot;:&quot;1&quot;}\" data-image-title=\"7E1A1357 7E1A1350 Altos de Chav\u00f3n Museum Advent exhibition\" data-image-description=\"\" data-image-caption=\"\" data-large-file=\"https:\/\/i0.wp.com\/casadecampoliving.com\/wp-content\/uploads\/2022\/12\/7E1A1357.jpg?fit=1024%2C683&amp;ssl=1\" src=\"https:\/\/i0.wp.com\/casadecampoliving.com\/wp-content\/uploads\/2022\/12\/7E1A1357.jpg?resize=1024%2C683&#038;ssl=1\" alt=\"\" class=\"wp-image-511373\" srcset=\"https:\/\/i0.wp.com\/casadecampoliving.com\/wp-content\/uploads\/2022\/12\/7E1A1357.jpg?resize=1024%2C683&amp;ssl=1 1024w, https:\/\/i0.wp.com\/casadecampoliving.com\/wp-content\/uploads\/2022\/12\/7E1A1357.jpg?resize=300%2C200&amp;ssl=1 300w, https:\/\/i0.wp.com\/casadecampoliving.com\/wp-content\/uploads\/2022\/12\/7E1A1357.jpg?resize=768%2C512&amp;ssl=1 768w, https:\/\/i0.wp.com\/casadecampoliving.com\/wp-content\/uploads\/2022\/12\/7E1A1357.jpg?resize=400%2C267&amp;ssl=1 400w, https:\/\/i0.wp.com\/casadecampoliving.com\/wp-content\/uploads\/2022\/12\/7E1A1357.jpg?resize=150%2C100&amp;ssl=1 150w, https:\/\/i0.wp.com\/casadecampoliving.com\/wp-content\/uploads\/2022\/12\/7E1A1357.jpg?w=1200&amp;ssl=1 1200w, https:\/\/i0.wp.com\/casadecampoliving.com\/wp-content\/uploads\/2022\/12\/7E1A1357-1024x683.jpg?w=370&amp;ssl=1 370w\" sizes=\"auto, (max-width: 1000px) 100vw, 1000px\" \/><\/figure>\n\n\n\n<p class=\"has-text-align-justify\">Roosevelt M\u00e9ndez y Pedro M\u00e9ndez presentan una colecci\u00f3n de Belenes claramente diferenciados: Roosvelt trabaja el arte popular, el tallado de sus piezas las cuales surgen de troncos originales y policrom\u00edas, figuras naife rodeadas de animales llenos de ternura y candor, transform\u00e1ndose en Belenes de factura r\u00fastica y tradicional; Pedro M\u00e9ndez trabaja\u00a0una colecci\u00f3n de Belenes elegantes, minimalistas modernos e interesantes, de l\u00edneas puras y colores tenues, donde las l\u00edneas conforman la belleza del mensaje.\u00a0<\/p>\n\n\n\n<p class=\"has-text-align-justify\">Sin embargo, la propuesta de Genaro Reyes (Cayuco) presenta Belenes en embarcaciones o cayucos, representando el adviento en cada familia que emigra, en b\u00fasqueda de una nueva vida, enfrentando la inclemencia del mar y el rechazo, como lo sucedido a Jos\u00e9 y a Mar\u00eda en su larga caminata, haci\u00e9ndonos reflexionar en la esencia de los que emigran y que se refleja en el nacimiento de Jes\u00fas, en la esperanza de una nueva oportunidad.<\/p>\n\n\n\n<figure class=\"wp-block-image size-large\"><img data-recalc-dims=\"1\" loading=\"lazy\" decoding=\"async\" width=\"1024\" height=\"683\" data-attachment-id=\"511375\" data-permalink=\"https:\/\/casadecampoliving.com\/es\/los-artistas-genero-reyes-cayuco-y-pedro-y-roosevelt-mendez-llevan-el-adviento-al-museo-arqueologico-regional-altos-de-chavon\/7e1a1350\/\" data-orig-file=\"https:\/\/i0.wp.com\/casadecampoliving.com\/wp-content\/uploads\/2022\/12\/7E1A1350.jpg?fit=1200%2C800&amp;ssl=1\" data-orig-size=\"1200,800\" data-comments-opened=\"0\" data-image-meta=\"{&quot;aperture&quot;:&quot;0&quot;,&quot;credit&quot;:&quot;&quot;,&quot;camera&quot;:&quot;&quot;,&quot;caption&quot;:&quot;&quot;,&quot;created_timestamp&quot;:&quot;1669505866&quot;,&quot;copyright&quot;:&quot;&quot;,&quot;focal_length&quot;:&quot;0&quot;,&quot;iso&quot;:&quot;0&quot;,&quot;shutter_speed&quot;:&quot;0&quot;,&quot;title&quot;:&quot;&quot;,&quot;orientation&quot;:&quot;1&quot;}\" data-image-title=\"7E1A1350 Altos de Chav\u00f3n Museum Advent exhibition\" data-image-description=\"\" data-image-caption=\"\" data-large-file=\"https:\/\/i0.wp.com\/casadecampoliving.com\/wp-content\/uploads\/2022\/12\/7E1A1350.jpg?fit=1024%2C683&amp;ssl=1\" src=\"https:\/\/i0.wp.com\/casadecampoliving.com\/wp-content\/uploads\/2022\/12\/7E1A1350.jpg?resize=1024%2C683&#038;ssl=1\" alt=\"\" class=\"wp-image-511375\" srcset=\"https:\/\/i0.wp.com\/casadecampoliving.com\/wp-content\/uploads\/2022\/12\/7E1A1350.jpg?resize=1024%2C683&amp;ssl=1 1024w, https:\/\/i0.wp.com\/casadecampoliving.com\/wp-content\/uploads\/2022\/12\/7E1A1350.jpg?resize=300%2C200&amp;ssl=1 300w, https:\/\/i0.wp.com\/casadecampoliving.com\/wp-content\/uploads\/2022\/12\/7E1A1350.jpg?resize=768%2C512&amp;ssl=1 768w, https:\/\/i0.wp.com\/casadecampoliving.com\/wp-content\/uploads\/2022\/12\/7E1A1350.jpg?resize=400%2C267&amp;ssl=1 400w, https:\/\/i0.wp.com\/casadecampoliving.com\/wp-content\/uploads\/2022\/12\/7E1A1350.jpg?resize=150%2C100&amp;ssl=1 150w, https:\/\/i0.wp.com\/casadecampoliving.com\/wp-content\/uploads\/2022\/12\/7E1A1350.jpg?w=1200&amp;ssl=1 1200w, https:\/\/i0.wp.com\/casadecampoliving.com\/wp-content\/uploads\/2022\/12\/7E1A1350-1024x683.jpg?w=370&amp;ssl=1 370w\" sizes=\"auto, (max-width: 1000px) 100vw, 1000px\" \/><\/figure>\n\n\n\n<p class=\"has-text-align-justify\">Tanto los M\u00e9ndez como Cayuco evocan la tradici\u00f3n del siglo XVI, trayendo a nuestros d\u00edas dicha costumbre y coloc\u00e1ndolos en la religiosidad popular.<\/p>\n\n\n\n<p class=\"has-text-align-justify\">Estos exponentes, trabajan la religiosidad popular dominicana de una manera muy especial, la artesan\u00eda y la escultura en madera y materiales reciclados.<\/p>\n\n\n\n<p class=\"has-text-align-justify\">La exposici\u00f3n estar\u00e1 abierta hasta el 8 de enero de 2023, en horario de martes a domingo, de 9am a 5pm en el Museo Arqueol\u00f3gico Regional Altos de Chav\u00f3n.<\/p>\n\n\n\n<figure class=\"wp-block-gallery has-nested-images columns-default is-cropped wp-block-gallery-1 is-layout-flex wp-block-gallery-is-layout-flex\">\n<figure class=\"wp-block-image size-large\"><img data-recalc-dims=\"1\" loading=\"lazy\" decoding=\"async\" width=\"1024\" height=\"683\" data-attachment-id=\"511423\" data-permalink=\"https:\/\/casadecampoliving.com\/es\/los-artistas-genero-reyes-cayuco-y-pedro-y-roosevelt-mendez-llevan-el-adviento-al-museo-arqueologico-regional-altos-de-chavon\/7e1a1350-altos-de-chavon-museum-advent-exhibition1\/\" data-orig-file=\"https:\/\/i0.wp.com\/casadecampoliving.com\/wp-content\/uploads\/2022\/12\/7E1A1350-Altos-de-Chavo%CC%81n-Museum-Advent-exhibition1.jpg?fit=1200%2C800&amp;ssl=1\" data-orig-size=\"1200,800\" data-comments-opened=\"0\" data-image-meta=\"{&quot;aperture&quot;:&quot;0&quot;,&quot;credit&quot;:&quot;&quot;,&quot;camera&quot;:&quot;&quot;,&quot;caption&quot;:&quot;&quot;,&quot;created_timestamp&quot;:&quot;1669504935&quot;,&quot;copyright&quot;:&quot;&quot;,&quot;focal_length&quot;:&quot;0&quot;,&quot;iso&quot;:&quot;0&quot;,&quot;shutter_speed&quot;:&quot;0&quot;,&quot;title&quot;:&quot;&quot;,&quot;orientation&quot;:&quot;1&quot;}\" data-image-title=\"7E1A1350-Altos-de-Chavo\u0301n-Museum-Advent-exhibition1\" data-image-description=\"\" data-image-caption=\"\" data-large-file=\"https:\/\/i0.wp.com\/casadecampoliving.com\/wp-content\/uploads\/2022\/12\/7E1A1350-Altos-de-Chavo%CC%81n-Museum-Advent-exhibition1.jpg?fit=1024%2C683&amp;ssl=1\" data-id=\"511423\" src=\"https:\/\/i0.wp.com\/casadecampoliving.com\/wp-content\/uploads\/2022\/12\/7E1A1350-Altos-de-Chavo%CC%81n-Museum-Advent-exhibition1-1024x683.jpg?resize=1024%2C683&#038;ssl=1\" alt=\"\" class=\"wp-image-511423\" srcset=\"https:\/\/i0.wp.com\/casadecampoliving.com\/wp-content\/uploads\/2022\/12\/7E1A1350-Altos-de-Chavo%CC%81n-Museum-Advent-exhibition1.jpg?resize=1024%2C683&amp;ssl=1 1024w, https:\/\/i0.wp.com\/casadecampoliving.com\/wp-content\/uploads\/2022\/12\/7E1A1350-Altos-de-Chavo%CC%81n-Museum-Advent-exhibition1.jpg?resize=300%2C200&amp;ssl=1 300w, https:\/\/i0.wp.com\/casadecampoliving.com\/wp-content\/uploads\/2022\/12\/7E1A1350-Altos-de-Chavo%CC%81n-Museum-Advent-exhibition1.jpg?resize=768%2C512&amp;ssl=1 768w, https:\/\/i0.wp.com\/casadecampoliving.com\/wp-content\/uploads\/2022\/12\/7E1A1350-Altos-de-Chavo%CC%81n-Museum-Advent-exhibition1.jpg?resize=400%2C267&amp;ssl=1 400w, https:\/\/i0.wp.com\/casadecampoliving.com\/wp-content\/uploads\/2022\/12\/7E1A1350-Altos-de-Chavo%CC%81n-Museum-Advent-exhibition1.jpg?resize=150%2C100&amp;ssl=1 150w, https:\/\/i0.wp.com\/casadecampoliving.com\/wp-content\/uploads\/2022\/12\/7E1A1350-Altos-de-Chavo%CC%81n-Museum-Advent-exhibition1.jpg?w=1200&amp;ssl=1 1200w, https:\/\/i0.wp.com\/casadecampoliving.com\/wp-content\/uploads\/2022\/12\/7E1A1350-Altos-de-Chavo%CC%81n-Museum-Advent-exhibition1-1024x683.jpg?w=370&amp;ssl=1 370w\" sizes=\"auto, (max-width: 1000px) 100vw, 1000px\" \/><\/figure>\n\n\n\n<figure class=\"wp-block-image size-large\"><img data-recalc-dims=\"1\" loading=\"lazy\" decoding=\"async\" width=\"1024\" height=\"683\" data-attachment-id=\"511386\" data-permalink=\"https:\/\/casadecampoliving.com\/es\/los-artistas-genero-reyes-cayuco-y-pedro-y-roosevelt-mendez-llevan-el-adviento-al-museo-arqueologico-regional-altos-de-chavon\/7e1a1350-altos-de-chavon-museum-advent-exhibition2\/\" data-orig-file=\"https:\/\/i0.wp.com\/casadecampoliving.com\/wp-content\/uploads\/2022\/12\/7E1A1350-Altos-de-Chavo%CC%81n-Museum-Advent-exhibition2.jpg?fit=1200%2C800&amp;ssl=1\" data-orig-size=\"1200,800\" data-comments-opened=\"0\" data-image-meta=\"{&quot;aperture&quot;:&quot;0&quot;,&quot;credit&quot;:&quot;&quot;,&quot;camera&quot;:&quot;&quot;,&quot;caption&quot;:&quot;&quot;,&quot;created_timestamp&quot;:&quot;1669504965&quot;,&quot;copyright&quot;:&quot;&quot;,&quot;focal_length&quot;:&quot;0&quot;,&quot;iso&quot;:&quot;0&quot;,&quot;shutter_speed&quot;:&quot;0&quot;,&quot;title&quot;:&quot;&quot;,&quot;orientation&quot;:&quot;1&quot;}\" data-image-title=\"7E1A1350-Altos-de-Chavo\u0301n-Museum-Advent-exhibition2\" data-image-description=\"\" data-image-caption=\"\" data-large-file=\"https:\/\/i0.wp.com\/casadecampoliving.com\/wp-content\/uploads\/2022\/12\/7E1A1350-Altos-de-Chavo%CC%81n-Museum-Advent-exhibition2.jpg?fit=1024%2C683&amp;ssl=1\" data-id=\"511386\" src=\"https:\/\/i0.wp.com\/casadecampoliving.com\/wp-content\/uploads\/2022\/12\/7E1A1350-Altos-de-Chavo%CC%81n-Museum-Advent-exhibition2-1024x683.jpg?resize=1024%2C683&#038;ssl=1\" alt=\"\" class=\"wp-image-511386\" srcset=\"https:\/\/i0.wp.com\/casadecampoliving.com\/wp-content\/uploads\/2022\/12\/7E1A1350-Altos-de-Chavo%CC%81n-Museum-Advent-exhibition2.jpg?resize=1024%2C683&amp;ssl=1 1024w, https:\/\/i0.wp.com\/casadecampoliving.com\/wp-content\/uploads\/2022\/12\/7E1A1350-Altos-de-Chavo%CC%81n-Museum-Advent-exhibition2.jpg?resize=300%2C200&amp;ssl=1 300w, https:\/\/i0.wp.com\/casadecampoliving.com\/wp-content\/uploads\/2022\/12\/7E1A1350-Altos-de-Chavo%CC%81n-Museum-Advent-exhibition2.jpg?resize=768%2C512&amp;ssl=1 768w, https:\/\/i0.wp.com\/casadecampoliving.com\/wp-content\/uploads\/2022\/12\/7E1A1350-Altos-de-Chavo%CC%81n-Museum-Advent-exhibition2.jpg?resize=400%2C267&amp;ssl=1 400w, https:\/\/i0.wp.com\/casadecampoliving.com\/wp-content\/uploads\/2022\/12\/7E1A1350-Altos-de-Chavo%CC%81n-Museum-Advent-exhibition2.jpg?resize=150%2C100&amp;ssl=1 150w, https:\/\/i0.wp.com\/casadecampoliving.com\/wp-content\/uploads\/2022\/12\/7E1A1350-Altos-de-Chavo%CC%81n-Museum-Advent-exhibition2.jpg?w=1200&amp;ssl=1 1200w, https:\/\/i0.wp.com\/casadecampoliving.com\/wp-content\/uploads\/2022\/12\/7E1A1350-Altos-de-Chavo%CC%81n-Museum-Advent-exhibition2-1024x683.jpg?w=370&amp;ssl=1 370w\" sizes=\"auto, (max-width: 1000px) 100vw, 1000px\" \/><\/figure>\n\n\n\n<figure class=\"wp-block-image size-large\"><img data-recalc-dims=\"1\" loading=\"lazy\" decoding=\"async\" width=\"1024\" height=\"683\" data-attachment-id=\"511399\" data-permalink=\"https:\/\/casadecampoliving.com\/es\/los-artistas-genero-reyes-cayuco-y-pedro-y-roosevelt-mendez-llevan-el-adviento-al-museo-arqueologico-regional-altos-de-chavon\/7e1a1350-altos-de-chavon-museum-advent-exhibition3\/\" data-orig-file=\"https:\/\/i0.wp.com\/casadecampoliving.com\/wp-content\/uploads\/2022\/12\/7E1A1350-Altos-de-Chavo%CC%81n-Museum-Advent-exhibition3.jpg?fit=1200%2C800&amp;ssl=1\" data-orig-size=\"1200,800\" data-comments-opened=\"0\" data-image-meta=\"{&quot;aperture&quot;:&quot;0&quot;,&quot;credit&quot;:&quot;&quot;,&quot;camera&quot;:&quot;&quot;,&quot;caption&quot;:&quot;&quot;,&quot;created_timestamp&quot;:&quot;1669505026&quot;,&quot;copyright&quot;:&quot;&quot;,&quot;focal_length&quot;:&quot;0&quot;,&quot;iso&quot;:&quot;0&quot;,&quot;shutter_speed&quot;:&quot;0&quot;,&quot;title&quot;:&quot;&quot;,&quot;orientation&quot;:&quot;1&quot;}\" data-image-title=\"7E1A1350-Altos-de-Chavo\u0301n-Museum-Advent-exhibition3\" data-image-description=\"\" data-image-caption=\"\" data-large-file=\"https:\/\/i0.wp.com\/casadecampoliving.com\/wp-content\/uploads\/2022\/12\/7E1A1350-Altos-de-Chavo%CC%81n-Museum-Advent-exhibition3.jpg?fit=1024%2C683&amp;ssl=1\" data-id=\"511399\" src=\"https:\/\/i0.wp.com\/casadecampoliving.com\/wp-content\/uploads\/2022\/12\/7E1A1350-Altos-de-Chavo%CC%81n-Museum-Advent-exhibition3-1024x683.jpg?resize=1024%2C683&#038;ssl=1\" alt=\"\" class=\"wp-image-511399\" srcset=\"https:\/\/i0.wp.com\/casadecampoliving.com\/wp-content\/uploads\/2022\/12\/7E1A1350-Altos-de-Chavo%CC%81n-Museum-Advent-exhibition3.jpg?resize=1024%2C683&amp;ssl=1 1024w, https:\/\/i0.wp.com\/casadecampoliving.com\/wp-content\/uploads\/2022\/12\/7E1A1350-Altos-de-Chavo%CC%81n-Museum-Advent-exhibition3.jpg?resize=300%2C200&amp;ssl=1 300w, https:\/\/i0.wp.com\/casadecampoliving.com\/wp-content\/uploads\/2022\/12\/7E1A1350-Altos-de-Chavo%CC%81n-Museum-Advent-exhibition3.jpg?resize=768%2C512&amp;ssl=1 768w, https:\/\/i0.wp.com\/casadecampoliving.com\/wp-content\/uploads\/2022\/12\/7E1A1350-Altos-de-Chavo%CC%81n-Museum-Advent-exhibition3.jpg?resize=400%2C267&amp;ssl=1 400w, https:\/\/i0.wp.com\/casadecampoliving.com\/wp-content\/uploads\/2022\/12\/7E1A1350-Altos-de-Chavo%CC%81n-Museum-Advent-exhibition3.jpg?resize=150%2C100&amp;ssl=1 150w, https:\/\/i0.wp.com\/casadecampoliving.com\/wp-content\/uploads\/2022\/12\/7E1A1350-Altos-de-Chavo%CC%81n-Museum-Advent-exhibition3.jpg?w=1200&amp;ssl=1 1200w, https:\/\/i0.wp.com\/casadecampoliving.com\/wp-content\/uploads\/2022\/12\/7E1A1350-Altos-de-Chavo%CC%81n-Museum-Advent-exhibition3-1024x683.jpg?w=370&amp;ssl=1 370w\" sizes=\"auto, (max-width: 1000px) 100vw, 1000px\" \/><\/figure>\n\n\n\n<figure class=\"wp-block-image size-large\"><img data-recalc-dims=\"1\" loading=\"lazy\" decoding=\"async\" width=\"1024\" height=\"683\" data-attachment-id=\"511406\" data-permalink=\"https:\/\/casadecampoliving.com\/es\/los-artistas-genero-reyes-cayuco-y-pedro-y-roosevelt-mendez-llevan-el-adviento-al-museo-arqueologico-regional-altos-de-chavon\/7e1a1350-altos-de-chavon-museum-advent-exhibition4\/\" data-orig-file=\"https:\/\/i0.wp.com\/casadecampoliving.com\/wp-content\/uploads\/2022\/12\/7E1A1350-Altos-de-Chavo%CC%81n-Museum-Advent-exhibition4.jpg?fit=1200%2C800&amp;ssl=1\" data-orig-size=\"1200,800\" data-comments-opened=\"0\" data-image-meta=\"{&quot;aperture&quot;:&quot;0&quot;,&quot;credit&quot;:&quot;&quot;,&quot;camera&quot;:&quot;&quot;,&quot;caption&quot;:&quot;&quot;,&quot;created_timestamp&quot;:&quot;1669505075&quot;,&quot;copyright&quot;:&quot;&quot;,&quot;focal_length&quot;:&quot;0&quot;,&quot;iso&quot;:&quot;0&quot;,&quot;shutter_speed&quot;:&quot;0&quot;,&quot;title&quot;:&quot;&quot;,&quot;orientation&quot;:&quot;1&quot;}\" data-image-title=\"7E1A1350-Altos-de-Chavo\u0301n-Museum-Advent-exhibition4\" data-image-description=\"\" data-image-caption=\"\" data-large-file=\"https:\/\/i0.wp.com\/casadecampoliving.com\/wp-content\/uploads\/2022\/12\/7E1A1350-Altos-de-Chavo%CC%81n-Museum-Advent-exhibition4.jpg?fit=1024%2C683&amp;ssl=1\" data-id=\"511406\" src=\"https:\/\/i0.wp.com\/casadecampoliving.com\/wp-content\/uploads\/2022\/12\/7E1A1350-Altos-de-Chavo%CC%81n-Museum-Advent-exhibition4-1024x683.jpg?resize=1024%2C683&#038;ssl=1\" alt=\"\" class=\"wp-image-511406\" srcset=\"https:\/\/i0.wp.com\/casadecampoliving.com\/wp-content\/uploads\/2022\/12\/7E1A1350-Altos-de-Chavo%CC%81n-Museum-Advent-exhibition4.jpg?resize=1024%2C683&amp;ssl=1 1024w, https:\/\/i0.wp.com\/casadecampoliving.com\/wp-content\/uploads\/2022\/12\/7E1A1350-Altos-de-Chavo%CC%81n-Museum-Advent-exhibition4.jpg?resize=300%2C200&amp;ssl=1 300w, https:\/\/i0.wp.com\/casadecampoliving.com\/wp-content\/uploads\/2022\/12\/7E1A1350-Altos-de-Chavo%CC%81n-Museum-Advent-exhibition4.jpg?resize=768%2C512&amp;ssl=1 768w, https:\/\/i0.wp.com\/casadecampoliving.com\/wp-content\/uploads\/2022\/12\/7E1A1350-Altos-de-Chavo%CC%81n-Museum-Advent-exhibition4.jpg?resize=400%2C267&amp;ssl=1 400w, https:\/\/i0.wp.com\/casadecampoliving.com\/wp-content\/uploads\/2022\/12\/7E1A1350-Altos-de-Chavo%CC%81n-Museum-Advent-exhibition4.jpg?resize=150%2C100&amp;ssl=1 150w, https:\/\/i0.wp.com\/casadecampoliving.com\/wp-content\/uploads\/2022\/12\/7E1A1350-Altos-de-Chavo%CC%81n-Museum-Advent-exhibition4.jpg?w=1200&amp;ssl=1 1200w, https:\/\/i0.wp.com\/casadecampoliving.com\/wp-content\/uploads\/2022\/12\/7E1A1350-Altos-de-Chavo%CC%81n-Museum-Advent-exhibition4-1024x683.jpg?w=370&amp;ssl=1 370w\" sizes=\"auto, (max-width: 1000px) 100vw, 1000px\" \/><\/figure>\n\n\n\n<figure class=\"wp-block-image size-large\"><img data-recalc-dims=\"1\" loading=\"lazy\" decoding=\"async\" width=\"1024\" height=\"683\" data-attachment-id=\"511417\" data-permalink=\"https:\/\/casadecampoliving.com\/es\/los-artistas-genero-reyes-cayuco-y-pedro-y-roosevelt-mendez-llevan-el-adviento-al-museo-arqueologico-regional-altos-de-chavon\/7e1a1350-altos-de-chavon-museum-advent-exhibition5\/\" data-orig-file=\"https:\/\/i0.wp.com\/casadecampoliving.com\/wp-content\/uploads\/2022\/12\/7E1A1350-Altos-de-Chavo%CC%81n-Museum-Advent-exhibition5.jpg?fit=1200%2C800&amp;ssl=1\" data-orig-size=\"1200,800\" data-comments-opened=\"0\" data-image-meta=\"{&quot;aperture&quot;:&quot;0&quot;,&quot;credit&quot;:&quot;&quot;,&quot;camera&quot;:&quot;&quot;,&quot;caption&quot;:&quot;&quot;,&quot;created_timestamp&quot;:&quot;1669505130&quot;,&quot;copyright&quot;:&quot;&quot;,&quot;focal_length&quot;:&quot;0&quot;,&quot;iso&quot;:&quot;0&quot;,&quot;shutter_speed&quot;:&quot;0&quot;,&quot;title&quot;:&quot;&quot;,&quot;orientation&quot;:&quot;1&quot;}\" data-image-title=\"7E1A1350-Altos-de-Chavo\u0301n-Museum-Advent-exhibition5\" data-image-description=\"\" data-image-caption=\"\" data-large-file=\"https:\/\/i0.wp.com\/casadecampoliving.com\/wp-content\/uploads\/2022\/12\/7E1A1350-Altos-de-Chavo%CC%81n-Museum-Advent-exhibition5.jpg?fit=1024%2C683&amp;ssl=1\" data-id=\"511417\" src=\"https:\/\/i0.wp.com\/casadecampoliving.com\/wp-content\/uploads\/2022\/12\/7E1A1350-Altos-de-Chavo%CC%81n-Museum-Advent-exhibition5-1024x683.jpg?resize=1024%2C683&#038;ssl=1\" alt=\"\" class=\"wp-image-511417\" srcset=\"https:\/\/i0.wp.com\/casadecampoliving.com\/wp-content\/uploads\/2022\/12\/7E1A1350-Altos-de-Chavo%CC%81n-Museum-Advent-exhibition5.jpg?resize=1024%2C683&amp;ssl=1 1024w, https:\/\/i0.wp.com\/casadecampoliving.com\/wp-content\/uploads\/2022\/12\/7E1A1350-Altos-de-Chavo%CC%81n-Museum-Advent-exhibition5.jpg?resize=300%2C200&amp;ssl=1 300w, https:\/\/i0.wp.com\/casadecampoliving.com\/wp-content\/uploads\/2022\/12\/7E1A1350-Altos-de-Chavo%CC%81n-Museum-Advent-exhibition5.jpg?resize=768%2C512&amp;ssl=1 768w, https:\/\/i0.wp.com\/casadecampoliving.com\/wp-content\/uploads\/2022\/12\/7E1A1350-Altos-de-Chavo%CC%81n-Museum-Advent-exhibition5.jpg?resize=400%2C267&amp;ssl=1 400w, https:\/\/i0.wp.com\/casadecampoliving.com\/wp-content\/uploads\/2022\/12\/7E1A1350-Altos-de-Chavo%CC%81n-Museum-Advent-exhibition5.jpg?resize=150%2C100&amp;ssl=1 150w, https:\/\/i0.wp.com\/casadecampoliving.com\/wp-content\/uploads\/2022\/12\/7E1A1350-Altos-de-Chavo%CC%81n-Museum-Advent-exhibition5.jpg?w=1200&amp;ssl=1 1200w, https:\/\/i0.wp.com\/casadecampoliving.com\/wp-content\/uploads\/2022\/12\/7E1A1350-Altos-de-Chavo%CC%81n-Museum-Advent-exhibition5-1024x683.jpg?w=370&amp;ssl=1 370w\" sizes=\"auto, (max-width: 1000px) 100vw, 1000px\" \/><\/figure>\n\n\n\n<figure class=\"wp-block-image size-large\"><img data-recalc-dims=\"1\" loading=\"lazy\" decoding=\"async\" width=\"1024\" height=\"683\" data-attachment-id=\"511389\" data-permalink=\"https:\/\/casadecampoliving.com\/es\/los-artistas-genero-reyes-cayuco-y-pedro-y-roosevelt-mendez-llevan-el-adviento-al-museo-arqueologico-regional-altos-de-chavon\/7e1a1350-altos-de-chavon-museum-advent-exhibition6\/\" data-orig-file=\"https:\/\/i0.wp.com\/casadecampoliving.com\/wp-content\/uploads\/2022\/12\/7E1A1350-Altos-de-Chavo%CC%81n-Museum-Advent-exhibition6.jpg?fit=1200%2C800&amp;ssl=1\" data-orig-size=\"1200,800\" data-comments-opened=\"0\" data-image-meta=\"{&quot;aperture&quot;:&quot;0&quot;,&quot;credit&quot;:&quot;&quot;,&quot;camera&quot;:&quot;&quot;,&quot;caption&quot;:&quot;&quot;,&quot;created_timestamp&quot;:&quot;1669505154&quot;,&quot;copyright&quot;:&quot;&quot;,&quot;focal_length&quot;:&quot;0&quot;,&quot;iso&quot;:&quot;0&quot;,&quot;shutter_speed&quot;:&quot;0&quot;,&quot;title&quot;:&quot;&quot;,&quot;orientation&quot;:&quot;1&quot;}\" data-image-title=\"7E1A1350-Altos-de-Chavo\u0301n-Museum-Advent-exhibition6\" data-image-description=\"\" data-image-caption=\"\" data-large-file=\"https:\/\/i0.wp.com\/casadecampoliving.com\/wp-content\/uploads\/2022\/12\/7E1A1350-Altos-de-Chavo%CC%81n-Museum-Advent-exhibition6.jpg?fit=1024%2C683&amp;ssl=1\" data-id=\"511389\" src=\"https:\/\/i0.wp.com\/casadecampoliving.com\/wp-content\/uploads\/2022\/12\/7E1A1350-Altos-de-Chavo%CC%81n-Museum-Advent-exhibition6-1024x683.jpg?resize=1024%2C683&#038;ssl=1\" alt=\"\" class=\"wp-image-511389\" srcset=\"https:\/\/i0.wp.com\/casadecampoliving.com\/wp-content\/uploads\/2022\/12\/7E1A1350-Altos-de-Chavo%CC%81n-Museum-Advent-exhibition6.jpg?resize=1024%2C683&amp;ssl=1 1024w, https:\/\/i0.wp.com\/casadecampoliving.com\/wp-content\/uploads\/2022\/12\/7E1A1350-Altos-de-Chavo%CC%81n-Museum-Advent-exhibition6.jpg?resize=300%2C200&amp;ssl=1 300w, https:\/\/i0.wp.com\/casadecampoliving.com\/wp-content\/uploads\/2022\/12\/7E1A1350-Altos-de-Chavo%CC%81n-Museum-Advent-exhibition6.jpg?resize=768%2C512&amp;ssl=1 768w, https:\/\/i0.wp.com\/casadecampoliving.com\/wp-content\/uploads\/2022\/12\/7E1A1350-Altos-de-Chavo%CC%81n-Museum-Advent-exhibition6.jpg?resize=400%2C267&amp;ssl=1 400w, https:\/\/i0.wp.com\/casadecampoliving.com\/wp-content\/uploads\/2022\/12\/7E1A1350-Altos-de-Chavo%CC%81n-Museum-Advent-exhibition6.jpg?resize=150%2C100&amp;ssl=1 150w, https:\/\/i0.wp.com\/casadecampoliving.com\/wp-content\/uploads\/2022\/12\/7E1A1350-Altos-de-Chavo%CC%81n-Museum-Advent-exhibition6.jpg?w=1200&amp;ssl=1 1200w, https:\/\/i0.wp.com\/casadecampoliving.com\/wp-content\/uploads\/2022\/12\/7E1A1350-Altos-de-Chavo%CC%81n-Museum-Advent-exhibition6-1024x683.jpg?w=370&amp;ssl=1 370w\" sizes=\"auto, (max-width: 1000px) 100vw, 1000px\" \/><\/figure>\n\n\n\n<figure class=\"wp-block-image size-large\"><img data-recalc-dims=\"1\" loading=\"lazy\" decoding=\"async\" width=\"1024\" height=\"683\" data-attachment-id=\"511390\" data-permalink=\"https:\/\/casadecampoliving.com\/es\/los-artistas-genero-reyes-cayuco-y-pedro-y-roosevelt-mendez-llevan-el-adviento-al-museo-arqueologico-regional-altos-de-chavon\/7e1a1350-altos-de-chavon-museum-advent-exhibition7\/\" data-orig-file=\"https:\/\/i0.wp.com\/casadecampoliving.com\/wp-content\/uploads\/2022\/12\/7E1A1350-Altos-de-Chavo%CC%81n-Museum-Advent-exhibition7.jpg?fit=1200%2C800&amp;ssl=1\" data-orig-size=\"1200,800\" data-comments-opened=\"0\" data-image-meta=\"{&quot;aperture&quot;:&quot;0&quot;,&quot;credit&quot;:&quot;&quot;,&quot;camera&quot;:&quot;&quot;,&quot;caption&quot;:&quot;&quot;,&quot;created_timestamp&quot;:&quot;1669505792&quot;,&quot;copyright&quot;:&quot;&quot;,&quot;focal_length&quot;:&quot;0&quot;,&quot;iso&quot;:&quot;0&quot;,&quot;shutter_speed&quot;:&quot;0&quot;,&quot;title&quot;:&quot;&quot;,&quot;orientation&quot;:&quot;1&quot;}\" data-image-title=\"7E1A1350-Altos-de-Chavo\u0301n-Museum-Advent-exhibition7\" data-image-description=\"\" data-image-caption=\"\" data-large-file=\"https:\/\/i0.wp.com\/casadecampoliving.com\/wp-content\/uploads\/2022\/12\/7E1A1350-Altos-de-Chavo%CC%81n-Museum-Advent-exhibition7.jpg?fit=1024%2C683&amp;ssl=1\" data-id=\"511390\" src=\"https:\/\/i0.wp.com\/casadecampoliving.com\/wp-content\/uploads\/2022\/12\/7E1A1350-Altos-de-Chavo%CC%81n-Museum-Advent-exhibition7-1024x683.jpg?resize=1024%2C683&#038;ssl=1\" alt=\"\" class=\"wp-image-511390\" srcset=\"https:\/\/i0.wp.com\/casadecampoliving.com\/wp-content\/uploads\/2022\/12\/7E1A1350-Altos-de-Chavo%CC%81n-Museum-Advent-exhibition7.jpg?resize=1024%2C683&amp;ssl=1 1024w, https:\/\/i0.wp.com\/casadecampoliving.com\/wp-content\/uploads\/2022\/12\/7E1A1350-Altos-de-Chavo%CC%81n-Museum-Advent-exhibition7.jpg?resize=300%2C200&amp;ssl=1 300w, https:\/\/i0.wp.com\/casadecampoliving.com\/wp-content\/uploads\/2022\/12\/7E1A1350-Altos-de-Chavo%CC%81n-Museum-Advent-exhibition7.jpg?resize=768%2C512&amp;ssl=1 768w, https:\/\/i0.wp.com\/casadecampoliving.com\/wp-content\/uploads\/2022\/12\/7E1A1350-Altos-de-Chavo%CC%81n-Museum-Advent-exhibition7.jpg?resize=400%2C267&amp;ssl=1 400w, https:\/\/i0.wp.com\/casadecampoliving.com\/wp-content\/uploads\/2022\/12\/7E1A1350-Altos-de-Chavo%CC%81n-Museum-Advent-exhibition7.jpg?resize=150%2C100&amp;ssl=1 150w, https:\/\/i0.wp.com\/casadecampoliving.com\/wp-content\/uploads\/2022\/12\/7E1A1350-Altos-de-Chavo%CC%81n-Museum-Advent-exhibition7.jpg?w=1200&amp;ssl=1 1200w, https:\/\/i0.wp.com\/casadecampoliving.com\/wp-content\/uploads\/2022\/12\/7E1A1350-Altos-de-Chavo%CC%81n-Museum-Advent-exhibition7-1024x683.jpg?w=370&amp;ssl=1 370w\" sizes=\"auto, (max-width: 1000px) 100vw, 1000px\" \/><\/figure>\n\n\n\n<figure class=\"wp-block-image size-large\"><img data-recalc-dims=\"1\" loading=\"lazy\" decoding=\"async\" width=\"1024\" height=\"683\" data-attachment-id=\"511379\" data-permalink=\"https:\/\/casadecampoliving.com\/es\/los-artistas-genero-reyes-cayuco-y-pedro-y-roosevelt-mendez-llevan-el-adviento-al-museo-arqueologico-regional-altos-de-chavon\/7e1a1350-altos-de-chavon-museum-advent-exhibition8\/\" data-orig-file=\"https:\/\/i0.wp.com\/casadecampoliving.com\/wp-content\/uploads\/2022\/12\/7E1A1350-Altos-de-Chavo%CC%81n-Museum-Advent-exhibition8.jpg?fit=1200%2C800&amp;ssl=1\" data-orig-size=\"1200,800\" data-comments-opened=\"0\" data-image-meta=\"{&quot;aperture&quot;:&quot;0&quot;,&quot;credit&quot;:&quot;&quot;,&quot;camera&quot;:&quot;&quot;,&quot;caption&quot;:&quot;&quot;,&quot;created_timestamp&quot;:&quot;1669505825&quot;,&quot;copyright&quot;:&quot;&quot;,&quot;focal_length&quot;:&quot;0&quot;,&quot;iso&quot;:&quot;0&quot;,&quot;shutter_speed&quot;:&quot;0&quot;,&quot;title&quot;:&quot;&quot;,&quot;orientation&quot;:&quot;1&quot;}\" data-image-title=\"7E1A1350-Altos-de-Chavo\u0301n-Museum-Advent-exhibition8\" data-image-description=\"\" data-image-caption=\"\" data-large-file=\"https:\/\/i0.wp.com\/casadecampoliving.com\/wp-content\/uploads\/2022\/12\/7E1A1350-Altos-de-Chavo%CC%81n-Museum-Advent-exhibition8.jpg?fit=1024%2C683&amp;ssl=1\" data-id=\"511379\" src=\"https:\/\/i0.wp.com\/casadecampoliving.com\/wp-content\/uploads\/2022\/12\/7E1A1350-Altos-de-Chavo%CC%81n-Museum-Advent-exhibition8-1024x683.jpg?resize=1024%2C683&#038;ssl=1\" alt=\"\" class=\"wp-image-511379\" srcset=\"https:\/\/i0.wp.com\/casadecampoliving.com\/wp-content\/uploads\/2022\/12\/7E1A1350-Altos-de-Chavo%CC%81n-Museum-Advent-exhibition8.jpg?resize=1024%2C683&amp;ssl=1 1024w, https:\/\/i0.wp.com\/casadecampoliving.com\/wp-content\/uploads\/2022\/12\/7E1A1350-Altos-de-Chavo%CC%81n-Museum-Advent-exhibition8.jpg?resize=300%2C200&amp;ssl=1 300w, https:\/\/i0.wp.com\/casadecampoliving.com\/wp-content\/uploads\/2022\/12\/7E1A1350-Altos-de-Chavo%CC%81n-Museum-Advent-exhibition8.jpg?resize=768%2C512&amp;ssl=1 768w, https:\/\/i0.wp.com\/casadecampoliving.com\/wp-content\/uploads\/2022\/12\/7E1A1350-Altos-de-Chavo%CC%81n-Museum-Advent-exhibition8.jpg?resize=400%2C267&amp;ssl=1 400w, https:\/\/i0.wp.com\/casadecampoliving.com\/wp-content\/uploads\/2022\/12\/7E1A1350-Altos-de-Chavo%CC%81n-Museum-Advent-exhibition8.jpg?resize=150%2C100&amp;ssl=1 150w, https:\/\/i0.wp.com\/casadecampoliving.com\/wp-content\/uploads\/2022\/12\/7E1A1350-Altos-de-Chavo%CC%81n-Museum-Advent-exhibition8.jpg?w=1200&amp;ssl=1 1200w, https:\/\/i0.wp.com\/casadecampoliving.com\/wp-content\/uploads\/2022\/12\/7E1A1350-Altos-de-Chavo%CC%81n-Museum-Advent-exhibition8-1024x683.jpg?w=370&amp;ssl=1 370w\" sizes=\"auto, (max-width: 1000px) 100vw, 1000px\" \/><\/figure>\n\n\n\n<figure class=\"wp-block-image size-large\"><img data-recalc-dims=\"1\" loading=\"lazy\" decoding=\"async\" width=\"1024\" height=\"683\" data-attachment-id=\"511419\" data-permalink=\"https:\/\/casadecampoliving.com\/es\/los-artistas-genero-reyes-cayuco-y-pedro-y-roosevelt-mendez-llevan-el-adviento-al-museo-arqueologico-regional-altos-de-chavon\/7e1a1350-altos-de-chavon-museum-advent-exhibition9\/\" data-orig-file=\"https:\/\/i0.wp.com\/casadecampoliving.com\/wp-content\/uploads\/2022\/12\/7E1A1350-Altos-de-Chavo%CC%81n-Museum-Advent-exhibition9.jpg?fit=1200%2C800&amp;ssl=1\" data-orig-size=\"1200,800\" data-comments-opened=\"0\" data-image-meta=\"{&quot;aperture&quot;:&quot;0&quot;,&quot;credit&quot;:&quot;&quot;,&quot;camera&quot;:&quot;&quot;,&quot;caption&quot;:&quot;&quot;,&quot;created_timestamp&quot;:&quot;1669505847&quot;,&quot;copyright&quot;:&quot;&quot;,&quot;focal_length&quot;:&quot;0&quot;,&quot;iso&quot;:&quot;0&quot;,&quot;shutter_speed&quot;:&quot;0&quot;,&quot;title&quot;:&quot;&quot;,&quot;orientation&quot;:&quot;1&quot;}\" data-image-title=\"7E1A1350-Altos-de-Chavo\u0301n-Museum-Advent-exhibition9\" data-image-description=\"\" data-image-caption=\"\" data-large-file=\"https:\/\/i0.wp.com\/casadecampoliving.com\/wp-content\/uploads\/2022\/12\/7E1A1350-Altos-de-Chavo%CC%81n-Museum-Advent-exhibition9.jpg?fit=1024%2C683&amp;ssl=1\" data-id=\"511419\" src=\"https:\/\/i0.wp.com\/casadecampoliving.com\/wp-content\/uploads\/2022\/12\/7E1A1350-Altos-de-Chavo%CC%81n-Museum-Advent-exhibition9-1024x683.jpg?resize=1024%2C683&#038;ssl=1\" alt=\"\" class=\"wp-image-511419\" srcset=\"https:\/\/i0.wp.com\/casadecampoliving.com\/wp-content\/uploads\/2022\/12\/7E1A1350-Altos-de-Chavo%CC%81n-Museum-Advent-exhibition9.jpg?resize=1024%2C683&amp;ssl=1 1024w, https:\/\/i0.wp.com\/casadecampoliving.com\/wp-content\/uploads\/2022\/12\/7E1A1350-Altos-de-Chavo%CC%81n-Museum-Advent-exhibition9.jpg?resize=300%2C200&amp;ssl=1 300w, https:\/\/i0.wp.com\/casadecampoliving.com\/wp-content\/uploads\/2022\/12\/7E1A1350-Altos-de-Chavo%CC%81n-Museum-Advent-exhibition9.jpg?resize=768%2C512&amp;ssl=1 768w, https:\/\/i0.wp.com\/casadecampoliving.com\/wp-content\/uploads\/2022\/12\/7E1A1350-Altos-de-Chavo%CC%81n-Museum-Advent-exhibition9.jpg?resize=400%2C267&amp;ssl=1 400w, https:\/\/i0.wp.com\/casadecampoliving.com\/wp-content\/uploads\/2022\/12\/7E1A1350-Altos-de-Chavo%CC%81n-Museum-Advent-exhibition9.jpg?resize=150%2C100&amp;ssl=1 150w, https:\/\/i0.wp.com\/casadecampoliving.com\/wp-content\/uploads\/2022\/12\/7E1A1350-Altos-de-Chavo%CC%81n-Museum-Advent-exhibition9.jpg?w=1200&amp;ssl=1 1200w, https:\/\/i0.wp.com\/casadecampoliving.com\/wp-content\/uploads\/2022\/12\/7E1A1350-Altos-de-Chavo%CC%81n-Museum-Advent-exhibition9-1024x683.jpg?w=370&amp;ssl=1 370w\" sizes=\"auto, (max-width: 1000px) 100vw, 1000px\" \/><\/figure>\n\n\n\n<figure class=\"wp-block-image size-large\"><img data-recalc-dims=\"1\" loading=\"lazy\" decoding=\"async\" width=\"1024\" height=\"683\" data-attachment-id=\"511420\" data-permalink=\"https:\/\/casadecampoliving.com\/es\/los-artistas-genero-reyes-cayuco-y-pedro-y-roosevelt-mendez-llevan-el-adviento-al-museo-arqueologico-regional-altos-de-chavon\/7e1a1350-altos-de-chavon-museum-advent-exhibition10\/\" data-orig-file=\"https:\/\/i0.wp.com\/casadecampoliving.com\/wp-content\/uploads\/2022\/12\/7E1A1350-Altos-de-Chavo%CC%81n-Museum-Advent-exhibition10.jpg?fit=1200%2C800&amp;ssl=1\" data-orig-size=\"1200,800\" data-comments-opened=\"0\" data-image-meta=\"{&quot;aperture&quot;:&quot;0&quot;,&quot;credit&quot;:&quot;&quot;,&quot;camera&quot;:&quot;&quot;,&quot;caption&quot;:&quot;&quot;,&quot;created_timestamp&quot;:&quot;1669505850&quot;,&quot;copyright&quot;:&quot;&quot;,&quot;focal_length&quot;:&quot;0&quot;,&quot;iso&quot;:&quot;0&quot;,&quot;shutter_speed&quot;:&quot;0&quot;,&quot;title&quot;:&quot;&quot;,&quot;orientation&quot;:&quot;1&quot;}\" data-image-title=\"7E1A1350-Altos-de-Chavo\u0301n-Museum-Advent-exhibition10\" data-image-description=\"\" data-image-caption=\"\" data-large-file=\"https:\/\/i0.wp.com\/casadecampoliving.com\/wp-content\/uploads\/2022\/12\/7E1A1350-Altos-de-Chavo%CC%81n-Museum-Advent-exhibition10.jpg?fit=1024%2C683&amp;ssl=1\" data-id=\"511420\" src=\"https:\/\/i0.wp.com\/casadecampoliving.com\/wp-content\/uploads\/2022\/12\/7E1A1350-Altos-de-Chavo%CC%81n-Museum-Advent-exhibition10-1024x683.jpg?resize=1024%2C683&#038;ssl=1\" alt=\"\" class=\"wp-image-511420\" srcset=\"https:\/\/i0.wp.com\/casadecampoliving.com\/wp-content\/uploads\/2022\/12\/7E1A1350-Altos-de-Chavo%CC%81n-Museum-Advent-exhibition10.jpg?resize=1024%2C683&amp;ssl=1 1024w, https:\/\/i0.wp.com\/casadecampoliving.com\/wp-content\/uploads\/2022\/12\/7E1A1350-Altos-de-Chavo%CC%81n-Museum-Advent-exhibition10.jpg?resize=300%2C200&amp;ssl=1 300w, https:\/\/i0.wp.com\/casadecampoliving.com\/wp-content\/uploads\/2022\/12\/7E1A1350-Altos-de-Chavo%CC%81n-Museum-Advent-exhibition10.jpg?resize=768%2C512&amp;ssl=1 768w, https:\/\/i0.wp.com\/casadecampoliving.com\/wp-content\/uploads\/2022\/12\/7E1A1350-Altos-de-Chavo%CC%81n-Museum-Advent-exhibition10.jpg?resize=400%2C267&amp;ssl=1 400w, https:\/\/i0.wp.com\/casadecampoliving.com\/wp-content\/uploads\/2022\/12\/7E1A1350-Altos-de-Chavo%CC%81n-Museum-Advent-exhibition10.jpg?resize=150%2C100&amp;ssl=1 150w, https:\/\/i0.wp.com\/casadecampoliving.com\/wp-content\/uploads\/2022\/12\/7E1A1350-Altos-de-Chavo%CC%81n-Museum-Advent-exhibition10.jpg?w=1200&amp;ssl=1 1200w, https:\/\/i0.wp.com\/casadecampoliving.com\/wp-content\/uploads\/2022\/12\/7E1A1350-Altos-de-Chavo%CC%81n-Museum-Advent-exhibition10-1024x683.jpg?w=370&amp;ssl=1 370w\" sizes=\"auto, (max-width: 1000px) 100vw, 1000px\" \/><\/figure>\n\n\n\n<figure class=\"wp-block-image size-large\"><img data-recalc-dims=\"1\" loading=\"lazy\" decoding=\"async\" width=\"1024\" height=\"683\" data-attachment-id=\"511391\" data-permalink=\"https:\/\/casadecampoliving.com\/es\/los-artistas-genero-reyes-cayuco-y-pedro-y-roosevelt-mendez-llevan-el-adviento-al-museo-arqueologico-regional-altos-de-chavon\/7e1a1350-altos-de-chavon-museum-advent-exhibition11\/\" data-orig-file=\"https:\/\/i0.wp.com\/casadecampoliving.com\/wp-content\/uploads\/2022\/12\/7E1A1350-Altos-de-Chavo%CC%81n-Museum-Advent-exhibition11.jpg?fit=1200%2C800&amp;ssl=1\" data-orig-size=\"1200,800\" data-comments-opened=\"0\" data-image-meta=\"{&quot;aperture&quot;:&quot;0&quot;,&quot;credit&quot;:&quot;&quot;,&quot;camera&quot;:&quot;&quot;,&quot;caption&quot;:&quot;&quot;,&quot;created_timestamp&quot;:&quot;1669505954&quot;,&quot;copyright&quot;:&quot;&quot;,&quot;focal_length&quot;:&quot;0&quot;,&quot;iso&quot;:&quot;0&quot;,&quot;shutter_speed&quot;:&quot;0&quot;,&quot;title&quot;:&quot;&quot;,&quot;orientation&quot;:&quot;1&quot;}\" data-image-title=\"7E1A1350-Altos-de-Chavo\u0301n-Museum-Advent-exhibition11\" data-image-description=\"\" data-image-caption=\"\" data-large-file=\"https:\/\/i0.wp.com\/casadecampoliving.com\/wp-content\/uploads\/2022\/12\/7E1A1350-Altos-de-Chavo%CC%81n-Museum-Advent-exhibition11.jpg?fit=1024%2C683&amp;ssl=1\" data-id=\"511391\" src=\"https:\/\/i0.wp.com\/casadecampoliving.com\/wp-content\/uploads\/2022\/12\/7E1A1350-Altos-de-Chavo%CC%81n-Museum-Advent-exhibition11-1024x683.jpg?resize=1024%2C683&#038;ssl=1\" alt=\"\" class=\"wp-image-511391\" srcset=\"https:\/\/i0.wp.com\/casadecampoliving.com\/wp-content\/uploads\/2022\/12\/7E1A1350-Altos-de-Chavo%CC%81n-Museum-Advent-exhibition11.jpg?resize=1024%2C683&amp;ssl=1 1024w, https:\/\/i0.wp.com\/casadecampoliving.com\/wp-content\/uploads\/2022\/12\/7E1A1350-Altos-de-Chavo%CC%81n-Museum-Advent-exhibition11.jpg?resize=300%2C200&amp;ssl=1 300w, https:\/\/i0.wp.com\/casadecampoliving.com\/wp-content\/uploads\/2022\/12\/7E1A1350-Altos-de-Chavo%CC%81n-Museum-Advent-exhibition11.jpg?resize=768%2C512&amp;ssl=1 768w, https:\/\/i0.wp.com\/casadecampoliving.com\/wp-content\/uploads\/2022\/12\/7E1A1350-Altos-de-Chavo%CC%81n-Museum-Advent-exhibition11.jpg?resize=400%2C267&amp;ssl=1 400w, https:\/\/i0.wp.com\/casadecampoliving.com\/wp-content\/uploads\/2022\/12\/7E1A1350-Altos-de-Chavo%CC%81n-Museum-Advent-exhibition11.jpg?resize=150%2C100&amp;ssl=1 150w, https:\/\/i0.wp.com\/casadecampoliving.com\/wp-content\/uploads\/2022\/12\/7E1A1350-Altos-de-Chavo%CC%81n-Museum-Advent-exhibition11.jpg?w=1200&amp;ssl=1 1200w, https:\/\/i0.wp.com\/casadecampoliving.com\/wp-content\/uploads\/2022\/12\/7E1A1350-Altos-de-Chavo%CC%81n-Museum-Advent-exhibition11-1024x683.jpg?w=370&amp;ssl=1 370w\" sizes=\"auto, (max-width: 1000px) 100vw, 1000px\" \/><\/figure>\n\n\n\n<figure class=\"wp-block-image size-large\"><img data-recalc-dims=\"1\" loading=\"lazy\" decoding=\"async\" width=\"1024\" height=\"683\" data-attachment-id=\"511414\" data-permalink=\"https:\/\/casadecampoliving.com\/es\/los-artistas-genero-reyes-cayuco-y-pedro-y-roosevelt-mendez-llevan-el-adviento-al-museo-arqueologico-regional-altos-de-chavon\/7e1a1350-altos-de-chavon-museum-advent-exhibition12\/\" data-orig-file=\"https:\/\/i0.wp.com\/casadecampoliving.com\/wp-content\/uploads\/2022\/12\/7E1A1350-Altos-de-Chavo%CC%81n-Museum-Advent-exhibition12.jpg?fit=1200%2C800&amp;ssl=1\" data-orig-size=\"1200,800\" data-comments-opened=\"0\" data-image-meta=\"{&quot;aperture&quot;:&quot;0&quot;,&quot;credit&quot;:&quot;&quot;,&quot;camera&quot;:&quot;&quot;,&quot;caption&quot;:&quot;&quot;,&quot;created_timestamp&quot;:&quot;1669506720&quot;,&quot;copyright&quot;:&quot;&quot;,&quot;focal_length&quot;:&quot;0&quot;,&quot;iso&quot;:&quot;0&quot;,&quot;shutter_speed&quot;:&quot;0&quot;,&quot;title&quot;:&quot;&quot;,&quot;orientation&quot;:&quot;1&quot;}\" data-image-title=\"7E1A1350-Altos-de-Chavo\u0301n-Museum-Advent-exhibition12\" data-image-description=\"\" data-image-caption=\"\" data-large-file=\"https:\/\/i0.wp.com\/casadecampoliving.com\/wp-content\/uploads\/2022\/12\/7E1A1350-Altos-de-Chavo%CC%81n-Museum-Advent-exhibition12.jpg?fit=1024%2C683&amp;ssl=1\" data-id=\"511414\" src=\"https:\/\/i0.wp.com\/casadecampoliving.com\/wp-content\/uploads\/2022\/12\/7E1A1350-Altos-de-Chavo%CC%81n-Museum-Advent-exhibition12-1024x683.jpg?resize=1024%2C683&#038;ssl=1\" alt=\"\" class=\"wp-image-511414\" srcset=\"https:\/\/i0.wp.com\/casadecampoliving.com\/wp-content\/uploads\/2022\/12\/7E1A1350-Altos-de-Chavo%CC%81n-Museum-Advent-exhibition12.jpg?resize=1024%2C683&amp;ssl=1 1024w, https:\/\/i0.wp.com\/casadecampoliving.com\/wp-content\/uploads\/2022\/12\/7E1A1350-Altos-de-Chavo%CC%81n-Museum-Advent-exhibition12.jpg?resize=300%2C200&amp;ssl=1 300w, https:\/\/i0.wp.com\/casadecampoliving.com\/wp-content\/uploads\/2022\/12\/7E1A1350-Altos-de-Chavo%CC%81n-Museum-Advent-exhibition12.jpg?resize=768%2C512&amp;ssl=1 768w, https:\/\/i0.wp.com\/casadecampoliving.com\/wp-content\/uploads\/2022\/12\/7E1A1350-Altos-de-Chavo%CC%81n-Museum-Advent-exhibition12.jpg?resize=400%2C267&amp;ssl=1 400w, https:\/\/i0.wp.com\/casadecampoliving.com\/wp-content\/uploads\/2022\/12\/7E1A1350-Altos-de-Chavo%CC%81n-Museum-Advent-exhibition12.jpg?resize=150%2C100&amp;ssl=1 150w, https:\/\/i0.wp.com\/casadecampoliving.com\/wp-content\/uploads\/2022\/12\/7E1A1350-Altos-de-Chavo%CC%81n-Museum-Advent-exhibition12.jpg?w=1200&amp;ssl=1 1200w, https:\/\/i0.wp.com\/casadecampoliving.com\/wp-content\/uploads\/2022\/12\/7E1A1350-Altos-de-Chavo%CC%81n-Museum-Advent-exhibition12-1024x683.jpg?w=370&amp;ssl=1 370w\" sizes=\"auto, (max-width: 1000px) 100vw, 1000px\" \/><\/figure>\n\n\n\n<figure class=\"wp-block-image size-large\"><img data-recalc-dims=\"1\" loading=\"lazy\" decoding=\"async\" width=\"1024\" height=\"683\" data-attachment-id=\"511381\" data-permalink=\"https:\/\/casadecampoliving.com\/es\/los-artistas-genero-reyes-cayuco-y-pedro-y-roosevelt-mendez-llevan-el-adviento-al-museo-arqueologico-regional-altos-de-chavon\/7e1a1350-altos-de-chavon-museum-advent-exhibition13\/\" data-orig-file=\"https:\/\/i0.wp.com\/casadecampoliving.com\/wp-content\/uploads\/2022\/12\/7E1A1350-Altos-de-Chavo%CC%81n-Museum-Advent-exhibition13.jpg?fit=1200%2C800&amp;ssl=1\" data-orig-size=\"1200,800\" data-comments-opened=\"0\" data-image-meta=\"{&quot;aperture&quot;:&quot;0&quot;,&quot;credit&quot;:&quot;&quot;,&quot;camera&quot;:&quot;&quot;,&quot;caption&quot;:&quot;&quot;,&quot;created_timestamp&quot;:&quot;1669506818&quot;,&quot;copyright&quot;:&quot;&quot;,&quot;focal_length&quot;:&quot;0&quot;,&quot;iso&quot;:&quot;0&quot;,&quot;shutter_speed&quot;:&quot;0&quot;,&quot;title&quot;:&quot;&quot;,&quot;orientation&quot;:&quot;1&quot;}\" data-image-title=\"7E1A1350-Altos-de-Chavo\u0301n-Museum-Advent-exhibition13\" data-image-description=\"\" data-image-caption=\"\" data-large-file=\"https:\/\/i0.wp.com\/casadecampoliving.com\/wp-content\/uploads\/2022\/12\/7E1A1350-Altos-de-Chavo%CC%81n-Museum-Advent-exhibition13.jpg?fit=1024%2C683&amp;ssl=1\" data-id=\"511381\" src=\"https:\/\/i0.wp.com\/casadecampoliving.com\/wp-content\/uploads\/2022\/12\/7E1A1350-Altos-de-Chavo%CC%81n-Museum-Advent-exhibition13-1024x683.jpg?resize=1024%2C683&#038;ssl=1\" alt=\"\" class=\"wp-image-511381\" srcset=\"https:\/\/i0.wp.com\/casadecampoliving.com\/wp-content\/uploads\/2022\/12\/7E1A1350-Altos-de-Chavo%CC%81n-Museum-Advent-exhibition13.jpg?resize=1024%2C683&amp;ssl=1 1024w, https:\/\/i0.wp.com\/casadecampoliving.com\/wp-content\/uploads\/2022\/12\/7E1A1350-Altos-de-Chavo%CC%81n-Museum-Advent-exhibition13.jpg?resize=300%2C200&amp;ssl=1 300w, https:\/\/i0.wp.com\/casadecampoliving.com\/wp-content\/uploads\/2022\/12\/7E1A1350-Altos-de-Chavo%CC%81n-Museum-Advent-exhibition13.jpg?resize=768%2C512&amp;ssl=1 768w, https:\/\/i0.wp.com\/casadecampoliving.com\/wp-content\/uploads\/2022\/12\/7E1A1350-Altos-de-Chavo%CC%81n-Museum-Advent-exhibition13.jpg?resize=400%2C267&amp;ssl=1 400w, https:\/\/i0.wp.com\/casadecampoliving.com\/wp-content\/uploads\/2022\/12\/7E1A1350-Altos-de-Chavo%CC%81n-Museum-Advent-exhibition13.jpg?resize=150%2C100&amp;ssl=1 150w, https:\/\/i0.wp.com\/casadecampoliving.com\/wp-content\/uploads\/2022\/12\/7E1A1350-Altos-de-Chavo%CC%81n-Museum-Advent-exhibition13.jpg?w=1200&amp;ssl=1 1200w, https:\/\/i0.wp.com\/casadecampoliving.com\/wp-content\/uploads\/2022\/12\/7E1A1350-Altos-de-Chavo%CC%81n-Museum-Advent-exhibition13-1024x683.jpg?w=370&amp;ssl=1 370w\" sizes=\"auto, (max-width: 1000px) 100vw, 1000px\" \/><\/figure>\n\n\n\n<figure class=\"wp-block-image size-large\"><img data-recalc-dims=\"1\" loading=\"lazy\" decoding=\"async\" width=\"1024\" height=\"683\" data-attachment-id=\"511405\" data-permalink=\"https:\/\/casadecampoliving.com\/es\/los-artistas-genero-reyes-cayuco-y-pedro-y-roosevelt-mendez-llevan-el-adviento-al-museo-arqueologico-regional-altos-de-chavon\/7e1a1350-altos-de-chavon-museum-advent-exhibition14\/\" data-orig-file=\"https:\/\/i0.wp.com\/casadecampoliving.com\/wp-content\/uploads\/2022\/12\/7E1A1350-Altos-de-Chavo%CC%81n-Museum-Advent-exhibition14.jpg?fit=1200%2C800&amp;ssl=1\" data-orig-size=\"1200,800\" data-comments-opened=\"0\" data-image-meta=\"{&quot;aperture&quot;:&quot;0&quot;,&quot;credit&quot;:&quot;&quot;,&quot;camera&quot;:&quot;&quot;,&quot;caption&quot;:&quot;&quot;,&quot;created_timestamp&quot;:&quot;1669507855&quot;,&quot;copyright&quot;:&quot;&quot;,&quot;focal_length&quot;:&quot;0&quot;,&quot;iso&quot;:&quot;0&quot;,&quot;shutter_speed&quot;:&quot;0&quot;,&quot;title&quot;:&quot;&quot;,&quot;orientation&quot;:&quot;1&quot;}\" data-image-title=\"7E1A1350-Altos-de-Chavo\u0301n-Museum-Advent-exhibition14\" data-image-description=\"\" data-image-caption=\"\" data-large-file=\"https:\/\/i0.wp.com\/casadecampoliving.com\/wp-content\/uploads\/2022\/12\/7E1A1350-Altos-de-Chavo%CC%81n-Museum-Advent-exhibition14.jpg?fit=1024%2C683&amp;ssl=1\" data-id=\"511405\" src=\"https:\/\/i0.wp.com\/casadecampoliving.com\/wp-content\/uploads\/2022\/12\/7E1A1350-Altos-de-Chavo%CC%81n-Museum-Advent-exhibition14-1024x683.jpg?resize=1024%2C683&#038;ssl=1\" alt=\"\" class=\"wp-image-511405\" srcset=\"https:\/\/i0.wp.com\/casadecampoliving.com\/wp-content\/uploads\/2022\/12\/7E1A1350-Altos-de-Chavo%CC%81n-Museum-Advent-exhibition14.jpg?resize=1024%2C683&amp;ssl=1 1024w, https:\/\/i0.wp.com\/casadecampoliving.com\/wp-content\/uploads\/2022\/12\/7E1A1350-Altos-de-Chavo%CC%81n-Museum-Advent-exhibition14.jpg?resize=300%2C200&amp;ssl=1 300w, https:\/\/i0.wp.com\/casadecampoliving.com\/wp-content\/uploads\/2022\/12\/7E1A1350-Altos-de-Chavo%CC%81n-Museum-Advent-exhibition14.jpg?resize=768%2C512&amp;ssl=1 768w, https:\/\/i0.wp.com\/casadecampoliving.com\/wp-content\/uploads\/2022\/12\/7E1A1350-Altos-de-Chavo%CC%81n-Museum-Advent-exhibition14.jpg?resize=400%2C267&amp;ssl=1 400w, https:\/\/i0.wp.com\/casadecampoliving.com\/wp-content\/uploads\/2022\/12\/7E1A1350-Altos-de-Chavo%CC%81n-Museum-Advent-exhibition14.jpg?resize=150%2C100&amp;ssl=1 150w, https:\/\/i0.wp.com\/casadecampoliving.com\/wp-content\/uploads\/2022\/12\/7E1A1350-Altos-de-Chavo%CC%81n-Museum-Advent-exhibition14.jpg?w=1200&amp;ssl=1 1200w, https:\/\/i0.wp.com\/casadecampoliving.com\/wp-content\/uploads\/2022\/12\/7E1A1350-Altos-de-Chavo%CC%81n-Museum-Advent-exhibition14-1024x683.jpg?w=370&amp;ssl=1 370w\" sizes=\"auto, (max-width: 1000px) 100vw, 1000px\" \/><\/figure>\n\n\n\n<figure class=\"wp-block-image size-large\"><img data-recalc-dims=\"1\" loading=\"lazy\" decoding=\"async\" width=\"1024\" height=\"683\" data-attachment-id=\"511385\" data-permalink=\"https:\/\/casadecampoliving.com\/es\/los-artistas-genero-reyes-cayuco-y-pedro-y-roosevelt-mendez-llevan-el-adviento-al-museo-arqueologico-regional-altos-de-chavon\/7e1a1350-altos-de-chavon-museum-advent-exhibition15\/\" data-orig-file=\"https:\/\/i0.wp.com\/casadecampoliving.com\/wp-content\/uploads\/2022\/12\/7E1A1350-Altos-de-Chavo%CC%81n-Museum-Advent-exhibition15.jpg?fit=1200%2C800&amp;ssl=1\" data-orig-size=\"1200,800\" data-comments-opened=\"0\" data-image-meta=\"{&quot;aperture&quot;:&quot;0&quot;,&quot;credit&quot;:&quot;Mairobi Herrera\\nCristian Pittaro&quot;,&quot;camera&quot;:&quot;&quot;,&quot;caption&quot;:&quot;&quot;,&quot;created_timestamp&quot;:&quot;1669489531&quot;,&quot;copyright&quot;:&quot;Can&#039;t use or distribuit without express autorization from owner&quot;,&quot;focal_length&quot;:&quot;0&quot;,&quot;iso&quot;:&quot;0&quot;,&quot;shutter_speed&quot;:&quot;0&quot;,&quot;title&quot;:&quot;&quot;,&quot;orientation&quot;:&quot;1&quot;}\" data-image-title=\"7E1A1350-Altos-de-Chavo\u0301n-Museum-Advent-exhibition15\" data-image-description=\"\" data-image-caption=\"\" data-large-file=\"https:\/\/i0.wp.com\/casadecampoliving.com\/wp-content\/uploads\/2022\/12\/7E1A1350-Altos-de-Chavo%CC%81n-Museum-Advent-exhibition15.jpg?fit=1024%2C683&amp;ssl=1\" data-id=\"511385\" src=\"https:\/\/i0.wp.com\/casadecampoliving.com\/wp-content\/uploads\/2022\/12\/7E1A1350-Altos-de-Chavo%CC%81n-Museum-Advent-exhibition15-1024x683.jpg?resize=1024%2C683&#038;ssl=1\" alt=\"\" class=\"wp-image-511385\" srcset=\"https:\/\/i0.wp.com\/casadecampoliving.com\/wp-content\/uploads\/2022\/12\/7E1A1350-Altos-de-Chavo%CC%81n-Museum-Advent-exhibition15.jpg?resize=1024%2C683&amp;ssl=1 1024w, https:\/\/i0.wp.com\/casadecampoliving.com\/wp-content\/uploads\/2022\/12\/7E1A1350-Altos-de-Chavo%CC%81n-Museum-Advent-exhibition15.jpg?resize=300%2C200&amp;ssl=1 300w, https:\/\/i0.wp.com\/casadecampoliving.com\/wp-content\/uploads\/2022\/12\/7E1A1350-Altos-de-Chavo%CC%81n-Museum-Advent-exhibition15.jpg?resize=768%2C512&amp;ssl=1 768w, https:\/\/i0.wp.com\/casadecampoliving.com\/wp-content\/uploads\/2022\/12\/7E1A1350-Altos-de-Chavo%CC%81n-Museum-Advent-exhibition15.jpg?resize=400%2C267&amp;ssl=1 400w, https:\/\/i0.wp.com\/casadecampoliving.com\/wp-content\/uploads\/2022\/12\/7E1A1350-Altos-de-Chavo%CC%81n-Museum-Advent-exhibition15.jpg?resize=150%2C100&amp;ssl=1 150w, https:\/\/i0.wp.com\/casadecampoliving.com\/wp-content\/uploads\/2022\/12\/7E1A1350-Altos-de-Chavo%CC%81n-Museum-Advent-exhibition15.jpg?w=1200&amp;ssl=1 1200w, https:\/\/i0.wp.com\/casadecampoliving.com\/wp-content\/uploads\/2022\/12\/7E1A1350-Altos-de-Chavo%CC%81n-Museum-Advent-exhibition15-1024x683.jpg?w=370&amp;ssl=1 370w\" sizes=\"auto, (max-width: 1000px) 100vw, 1000px\" \/><\/figure>\n\n\n\n<figure class=\"wp-block-image size-large\"><img data-recalc-dims=\"1\" loading=\"lazy\" decoding=\"async\" width=\"1024\" height=\"683\" data-attachment-id=\"511425\" data-permalink=\"https:\/\/casadecampoliving.com\/es\/los-artistas-genero-reyes-cayuco-y-pedro-y-roosevelt-mendez-llevan-el-adviento-al-museo-arqueologico-regional-altos-de-chavon\/7e1a1350-altos-de-chavon-museum-advent-exhibition16\/\" data-orig-file=\"https:\/\/i0.wp.com\/casadecampoliving.com\/wp-content\/uploads\/2022\/12\/7E1A1350-Altos-de-Chavo%CC%81n-Museum-Advent-exhibition16.jpg?fit=1200%2C800&amp;ssl=1\" data-orig-size=\"1200,800\" data-comments-opened=\"0\" data-image-meta=\"{&quot;aperture&quot;:&quot;0&quot;,&quot;credit&quot;:&quot;Mairobi Herrera\\nCristian Pittaro&quot;,&quot;camera&quot;:&quot;&quot;,&quot;caption&quot;:&quot;&quot;,&quot;created_timestamp&quot;:&quot;1669489542&quot;,&quot;copyright&quot;:&quot;Can&#039;t use or distribuit without express autorization from owner&quot;,&quot;focal_length&quot;:&quot;0&quot;,&quot;iso&quot;:&quot;0&quot;,&quot;shutter_speed&quot;:&quot;0&quot;,&quot;title&quot;:&quot;&quot;,&quot;orientation&quot;:&quot;1&quot;}\" data-image-title=\"7E1A1350-Altos-de-Chavo\u0301n-Museum-Advent-exhibition16\" data-image-description=\"\" data-image-caption=\"\" data-large-file=\"https:\/\/i0.wp.com\/casadecampoliving.com\/wp-content\/uploads\/2022\/12\/7E1A1350-Altos-de-Chavo%CC%81n-Museum-Advent-exhibition16.jpg?fit=1024%2C683&amp;ssl=1\" data-id=\"511425\" src=\"https:\/\/i0.wp.com\/casadecampoliving.com\/wp-content\/uploads\/2022\/12\/7E1A1350-Altos-de-Chavo%CC%81n-Museum-Advent-exhibition16-1024x683.jpg?resize=1024%2C683&#038;ssl=1\" alt=\"\" class=\"wp-image-511425\" srcset=\"https:\/\/i0.wp.com\/casadecampoliving.com\/wp-content\/uploads\/2022\/12\/7E1A1350-Altos-de-Chavo%CC%81n-Museum-Advent-exhibition16.jpg?resize=1024%2C683&amp;ssl=1 1024w, https:\/\/i0.wp.com\/casadecampoliving.com\/wp-content\/uploads\/2022\/12\/7E1A1350-Altos-de-Chavo%CC%81n-Museum-Advent-exhibition16.jpg?resize=300%2C200&amp;ssl=1 300w, https:\/\/i0.wp.com\/casadecampoliving.com\/wp-content\/uploads\/2022\/12\/7E1A1350-Altos-de-Chavo%CC%81n-Museum-Advent-exhibition16.jpg?resize=768%2C512&amp;ssl=1 768w, https:\/\/i0.wp.com\/casadecampoliving.com\/wp-content\/uploads\/2022\/12\/7E1A1350-Altos-de-Chavo%CC%81n-Museum-Advent-exhibition16.jpg?resize=400%2C267&amp;ssl=1 400w, https:\/\/i0.wp.com\/casadecampoliving.com\/wp-content\/uploads\/2022\/12\/7E1A1350-Altos-de-Chavo%CC%81n-Museum-Advent-exhibition16.jpg?resize=150%2C100&amp;ssl=1 150w, https:\/\/i0.wp.com\/casadecampoliving.com\/wp-content\/uploads\/2022\/12\/7E1A1350-Altos-de-Chavo%CC%81n-Museum-Advent-exhibition16.jpg?w=1200&amp;ssl=1 1200w, https:\/\/i0.wp.com\/casadecampoliving.com\/wp-content\/uploads\/2022\/12\/7E1A1350-Altos-de-Chavo%CC%81n-Museum-Advent-exhibition16-1024x683.jpg?w=370&amp;ssl=1 370w\" sizes=\"auto, (max-width: 1000px) 100vw, 1000px\" \/><\/figure>\n\n\n\n<figure class=\"wp-block-image size-large\"><img data-recalc-dims=\"1\" loading=\"lazy\" decoding=\"async\" width=\"1024\" height=\"683\" data-attachment-id=\"511413\" data-permalink=\"https:\/\/casadecampoliving.com\/es\/los-artistas-genero-reyes-cayuco-y-pedro-y-roosevelt-mendez-llevan-el-adviento-al-museo-arqueologico-regional-altos-de-chavon\/7e1a1350-altos-de-chavon-museum-advent-exhibition17\/\" data-orig-file=\"https:\/\/i0.wp.com\/casadecampoliving.com\/wp-content\/uploads\/2022\/12\/7E1A1350-Altos-de-Chavo%CC%81n-Museum-Advent-exhibition17.jpg?fit=1200%2C800&amp;ssl=1\" data-orig-size=\"1200,800\" data-comments-opened=\"0\" data-image-meta=\"{&quot;aperture&quot;:&quot;0&quot;,&quot;credit&quot;:&quot;Mairobi Herrera\\nCristian Pittaro&quot;,&quot;camera&quot;:&quot;&quot;,&quot;caption&quot;:&quot;&quot;,&quot;created_timestamp&quot;:&quot;1669489575&quot;,&quot;copyright&quot;:&quot;Can&#039;t use or distribuit without express autorization from owner&quot;,&quot;focal_length&quot;:&quot;0&quot;,&quot;iso&quot;:&quot;0&quot;,&quot;shutter_speed&quot;:&quot;0&quot;,&quot;title&quot;:&quot;&quot;,&quot;orientation&quot;:&quot;1&quot;}\" data-image-title=\"7E1A1350-Altos-de-Chavo\u0301n-Museum-Advent-exhibition17\" data-image-description=\"\" data-image-caption=\"\" data-large-file=\"https:\/\/i0.wp.com\/casadecampoliving.com\/wp-content\/uploads\/2022\/12\/7E1A1350-Altos-de-Chavo%CC%81n-Museum-Advent-exhibition17.jpg?fit=1024%2C683&amp;ssl=1\" data-id=\"511413\" src=\"https:\/\/i0.wp.com\/casadecampoliving.com\/wp-content\/uploads\/2022\/12\/7E1A1350-Altos-de-Chavo%CC%81n-Museum-Advent-exhibition17-1024x683.jpg?resize=1024%2C683&#038;ssl=1\" alt=\"\" class=\"wp-image-511413\" srcset=\"https:\/\/i0.wp.com\/casadecampoliving.com\/wp-content\/uploads\/2022\/12\/7E1A1350-Altos-de-Chavo%CC%81n-Museum-Advent-exhibition17.jpg?resize=1024%2C683&amp;ssl=1 1024w, https:\/\/i0.wp.com\/casadecampoliving.com\/wp-content\/uploads\/2022\/12\/7E1A1350-Altos-de-Chavo%CC%81n-Museum-Advent-exhibition17.jpg?resize=300%2C200&amp;ssl=1 300w, https:\/\/i0.wp.com\/casadecampoliving.com\/wp-content\/uploads\/2022\/12\/7E1A1350-Altos-de-Chavo%CC%81n-Museum-Advent-exhibition17.jpg?resize=768%2C512&amp;ssl=1 768w, https:\/\/i0.wp.com\/casadecampoliving.com\/wp-content\/uploads\/2022\/12\/7E1A1350-Altos-de-Chavo%CC%81n-Museum-Advent-exhibition17.jpg?resize=400%2C267&amp;ssl=1 400w, https:\/\/i0.wp.com\/casadecampoliving.com\/wp-content\/uploads\/2022\/12\/7E1A1350-Altos-de-Chavo%CC%81n-Museum-Advent-exhibition17.jpg?resize=150%2C100&amp;ssl=1 150w, https:\/\/i0.wp.com\/casadecampoliving.com\/wp-content\/uploads\/2022\/12\/7E1A1350-Altos-de-Chavo%CC%81n-Museum-Advent-exhibition17.jpg?w=1200&amp;ssl=1 1200w, https:\/\/i0.wp.com\/casadecampoliving.com\/wp-content\/uploads\/2022\/12\/7E1A1350-Altos-de-Chavo%CC%81n-Museum-Advent-exhibition17-1024x683.jpg?w=370&amp;ssl=1 370w\" sizes=\"auto, (max-width: 1000px) 100vw, 1000px\" \/><\/figure>\n\n\n\n<figure class=\"wp-block-image size-large\"><img data-recalc-dims=\"1\" loading=\"lazy\" decoding=\"async\" width=\"1024\" height=\"683\" data-attachment-id=\"511398\" data-permalink=\"https:\/\/casadecampoliving.com\/es\/los-artistas-genero-reyes-cayuco-y-pedro-y-roosevelt-mendez-llevan-el-adviento-al-museo-arqueologico-regional-altos-de-chavon\/7e1a1350-altos-de-chavon-museum-advent-exhibition18\/\" data-orig-file=\"https:\/\/i0.wp.com\/casadecampoliving.com\/wp-content\/uploads\/2022\/12\/7E1A1350-Altos-de-Chavo%CC%81n-Museum-Advent-exhibition18.jpg?fit=1200%2C800&amp;ssl=1\" data-orig-size=\"1200,800\" data-comments-opened=\"0\" data-image-meta=\"{&quot;aperture&quot;:&quot;0&quot;,&quot;credit&quot;:&quot;Mairobi Herrera\\nCristian Pittaro&quot;,&quot;camera&quot;:&quot;&quot;,&quot;caption&quot;:&quot;&quot;,&quot;created_timestamp&quot;:&quot;1669489580&quot;,&quot;copyright&quot;:&quot;Can&#039;t use or distribuit without express autorization from owner&quot;,&quot;focal_length&quot;:&quot;0&quot;,&quot;iso&quot;:&quot;0&quot;,&quot;shutter_speed&quot;:&quot;0&quot;,&quot;title&quot;:&quot;&quot;,&quot;orientation&quot;:&quot;1&quot;}\" data-image-title=\"7E1A1350-Altos-de-Chavo\u0301n-Museum-Advent-exhibition18\" data-image-description=\"\" data-image-caption=\"\" data-large-file=\"https:\/\/i0.wp.com\/casadecampoliving.com\/wp-content\/uploads\/2022\/12\/7E1A1350-Altos-de-Chavo%CC%81n-Museum-Advent-exhibition18.jpg?fit=1024%2C683&amp;ssl=1\" data-id=\"511398\" src=\"https:\/\/i0.wp.com\/casadecampoliving.com\/wp-content\/uploads\/2022\/12\/7E1A1350-Altos-de-Chavo%CC%81n-Museum-Advent-exhibition18-1024x683.jpg?resize=1024%2C683&#038;ssl=1\" alt=\"\" class=\"wp-image-511398\" srcset=\"https:\/\/i0.wp.com\/casadecampoliving.com\/wp-content\/uploads\/2022\/12\/7E1A1350-Altos-de-Chavo%CC%81n-Museum-Advent-exhibition18.jpg?resize=1024%2C683&amp;ssl=1 1024w, https:\/\/i0.wp.com\/casadecampoliving.com\/wp-content\/uploads\/2022\/12\/7E1A1350-Altos-de-Chavo%CC%81n-Museum-Advent-exhibition18.jpg?resize=300%2C200&amp;ssl=1 300w, https:\/\/i0.wp.com\/casadecampoliving.com\/wp-content\/uploads\/2022\/12\/7E1A1350-Altos-de-Chavo%CC%81n-Museum-Advent-exhibition18.jpg?resize=768%2C512&amp;ssl=1 768w, https:\/\/i0.wp.com\/casadecampoliving.com\/wp-content\/uploads\/2022\/12\/7E1A1350-Altos-de-Chavo%CC%81n-Museum-Advent-exhibition18.jpg?resize=400%2C267&amp;ssl=1 400w, https:\/\/i0.wp.com\/casadecampoliving.com\/wp-content\/uploads\/2022\/12\/7E1A1350-Altos-de-Chavo%CC%81n-Museum-Advent-exhibition18.jpg?resize=150%2C100&amp;ssl=1 150w, https:\/\/i0.wp.com\/casadecampoliving.com\/wp-content\/uploads\/2022\/12\/7E1A1350-Altos-de-Chavo%CC%81n-Museum-Advent-exhibition18.jpg?w=1200&amp;ssl=1 1200w, https:\/\/i0.wp.com\/casadecampoliving.com\/wp-content\/uploads\/2022\/12\/7E1A1350-Altos-de-Chavo%CC%81n-Museum-Advent-exhibition18-1024x683.jpg?w=370&amp;ssl=1 370w\" sizes=\"auto, (max-width: 1000px) 100vw, 1000px\" \/><\/figure>\n\n\n\n<figure class=\"wp-block-image size-large\"><img data-recalc-dims=\"1\" loading=\"lazy\" decoding=\"async\" width=\"683\" height=\"1024\" data-attachment-id=\"511383\" data-permalink=\"https:\/\/casadecampoliving.com\/es\/los-artistas-genero-reyes-cayuco-y-pedro-y-roosevelt-mendez-llevan-el-adviento-al-museo-arqueologico-regional-altos-de-chavon\/7e1a1350-altos-de-chavon-museum-advent-exhibition19\/\" data-orig-file=\"https:\/\/i0.wp.com\/casadecampoliving.com\/wp-content\/uploads\/2022\/12\/7E1A1350-Altos-de-Chavo%CC%81n-Museum-Advent-exhibition19.jpg?fit=800%2C1200&amp;ssl=1\" data-orig-size=\"800,1200\" data-comments-opened=\"0\" data-image-meta=\"{&quot;aperture&quot;:&quot;0&quot;,&quot;credit&quot;:&quot;&quot;,&quot;camera&quot;:&quot;&quot;,&quot;caption&quot;:&quot;&quot;,&quot;created_timestamp&quot;:&quot;1669505754&quot;,&quot;copyright&quot;:&quot;&quot;,&quot;focal_length&quot;:&quot;0&quot;,&quot;iso&quot;:&quot;0&quot;,&quot;shutter_speed&quot;:&quot;0&quot;,&quot;title&quot;:&quot;&quot;,&quot;orientation&quot;:&quot;1&quot;}\" data-image-title=\"7E1A1350-Altos-de-Chavo\u0301n-Museum-Advent-exhibition19\" data-image-description=\"\" data-image-caption=\"\" data-large-file=\"https:\/\/i0.wp.com\/casadecampoliving.com\/wp-content\/uploads\/2022\/12\/7E1A1350-Altos-de-Chavo%CC%81n-Museum-Advent-exhibition19.jpg?fit=683%2C1024&amp;ssl=1\" data-id=\"511383\" src=\"https:\/\/i0.wp.com\/casadecampoliving.com\/wp-content\/uploads\/2022\/12\/7E1A1350-Altos-de-Chavo%CC%81n-Museum-Advent-exhibition19-683x1024.jpg?resize=683%2C1024&#038;ssl=1\" alt=\"\" class=\"wp-image-511383\" srcset=\"https:\/\/i0.wp.com\/casadecampoliving.com\/wp-content\/uploads\/2022\/12\/7E1A1350-Altos-de-Chavo%CC%81n-Museum-Advent-exhibition19.jpg?resize=683%2C1024&amp;ssl=1 683w, https:\/\/i0.wp.com\/casadecampoliving.com\/wp-content\/uploads\/2022\/12\/7E1A1350-Altos-de-Chavo%CC%81n-Museum-Advent-exhibition19.jpg?resize=200%2C300&amp;ssl=1 200w, https:\/\/i0.wp.com\/casadecampoliving.com\/wp-content\/uploads\/2022\/12\/7E1A1350-Altos-de-Chavo%CC%81n-Museum-Advent-exhibition19.jpg?resize=768%2C1152&amp;ssl=1 768w, https:\/\/i0.wp.com\/casadecampoliving.com\/wp-content\/uploads\/2022\/12\/7E1A1350-Altos-de-Chavo%CC%81n-Museum-Advent-exhibition19.jpg?resize=400%2C600&amp;ssl=1 400w, https:\/\/i0.wp.com\/casadecampoliving.com\/wp-content\/uploads\/2022\/12\/7E1A1350-Altos-de-Chavo%CC%81n-Museum-Advent-exhibition19.jpg?resize=150%2C225&amp;ssl=1 150w, https:\/\/i0.wp.com\/casadecampoliving.com\/wp-content\/uploads\/2022\/12\/7E1A1350-Altos-de-Chavo%CC%81n-Museum-Advent-exhibition19.jpg?w=800&amp;ssl=1 800w, https:\/\/i0.wp.com\/casadecampoliving.com\/wp-content\/uploads\/2022\/12\/7E1A1350-Altos-de-Chavo%CC%81n-Museum-Advent-exhibition19-683x1024.jpg?w=370&amp;ssl=1 370w\" sizes=\"auto, (max-width: 683px) 100vw, 683px\" \/><\/figure>\n\n\n\n<figure class=\"wp-block-image size-large\"><img data-recalc-dims=\"1\" loading=\"lazy\" decoding=\"async\" width=\"1024\" height=\"683\" data-attachment-id=\"511407\" data-permalink=\"https:\/\/casadecampoliving.com\/es\/los-artistas-genero-reyes-cayuco-y-pedro-y-roosevelt-mendez-llevan-el-adviento-al-museo-arqueologico-regional-altos-de-chavon\/7e1a1350-altos-de-chavon-museum-advent-exhibition20\/\" data-orig-file=\"https:\/\/i0.wp.com\/casadecampoliving.com\/wp-content\/uploads\/2022\/12\/7E1A1350-Altos-de-Chavo%CC%81n-Museum-Advent-exhibition20.jpg?fit=1200%2C800&amp;ssl=1\" data-orig-size=\"1200,800\" data-comments-opened=\"0\" data-image-meta=\"{&quot;aperture&quot;:&quot;0&quot;,&quot;credit&quot;:&quot;&quot;,&quot;camera&quot;:&quot;&quot;,&quot;caption&quot;:&quot;&quot;,&quot;created_timestamp&quot;:&quot;1669505363&quot;,&quot;copyright&quot;:&quot;&quot;,&quot;focal_length&quot;:&quot;0&quot;,&quot;iso&quot;:&quot;0&quot;,&quot;shutter_speed&quot;:&quot;0&quot;,&quot;title&quot;:&quot;&quot;,&quot;orientation&quot;:&quot;1&quot;}\" data-image-title=\"7E1A1350-Altos-de-Chavo\u0301n-Museum-Advent-exhibition20\" data-image-description=\"\" data-image-caption=\"\" data-large-file=\"https:\/\/i0.wp.com\/casadecampoliving.com\/wp-content\/uploads\/2022\/12\/7E1A1350-Altos-de-Chavo%CC%81n-Museum-Advent-exhibition20.jpg?fit=1024%2C683&amp;ssl=1\" data-id=\"511407\" src=\"https:\/\/i0.wp.com\/casadecampoliving.com\/wp-content\/uploads\/2022\/12\/7E1A1350-Altos-de-Chavo%CC%81n-Museum-Advent-exhibition20-1024x683.jpg?resize=1024%2C683&#038;ssl=1\" alt=\"\" class=\"wp-image-511407\" srcset=\"https:\/\/i0.wp.com\/casadecampoliving.com\/wp-content\/uploads\/2022\/12\/7E1A1350-Altos-de-Chavo%CC%81n-Museum-Advent-exhibition20.jpg?resize=1024%2C683&amp;ssl=1 1024w, https:\/\/i0.wp.com\/casadecampoliving.com\/wp-content\/uploads\/2022\/12\/7E1A1350-Altos-de-Chavo%CC%81n-Museum-Advent-exhibition20.jpg?resize=300%2C200&amp;ssl=1 300w, https:\/\/i0.wp.com\/casadecampoliving.com\/wp-content\/uploads\/2022\/12\/7E1A1350-Altos-de-Chavo%CC%81n-Museum-Advent-exhibition20.jpg?resize=768%2C512&amp;ssl=1 768w, https:\/\/i0.wp.com\/casadecampoliving.com\/wp-content\/uploads\/2022\/12\/7E1A1350-Altos-de-Chavo%CC%81n-Museum-Advent-exhibition20.jpg?resize=400%2C267&amp;ssl=1 400w, https:\/\/i0.wp.com\/casadecampoliving.com\/wp-content\/uploads\/2022\/12\/7E1A1350-Altos-de-Chavo%CC%81n-Museum-Advent-exhibition20.jpg?resize=150%2C100&amp;ssl=1 150w, https:\/\/i0.wp.com\/casadecampoliving.com\/wp-content\/uploads\/2022\/12\/7E1A1350-Altos-de-Chavo%CC%81n-Museum-Advent-exhibition20.jpg?w=1200&amp;ssl=1 1200w, https:\/\/i0.wp.com\/casadecampoliving.com\/wp-content\/uploads\/2022\/12\/7E1A1350-Altos-de-Chavo%CC%81n-Museum-Advent-exhibition20-1024x683.jpg?w=370&amp;ssl=1 370w\" sizes=\"auto, (max-width: 1000px) 100vw, 1000px\" \/><\/figure>\n\n\n\n<figure class=\"wp-block-image size-large\"><img data-recalc-dims=\"1\" loading=\"lazy\" decoding=\"async\" width=\"1024\" height=\"683\" data-attachment-id=\"511411\" data-permalink=\"https:\/\/casadecampoliving.com\/es\/los-artistas-genero-reyes-cayuco-y-pedro-y-roosevelt-mendez-llevan-el-adviento-al-museo-arqueologico-regional-altos-de-chavon\/7e1a1350-altos-de-chavon-museum-advent-exhibition21\/\" data-orig-file=\"https:\/\/i0.wp.com\/casadecampoliving.com\/wp-content\/uploads\/2022\/12\/7E1A1350-Altos-de-Chavo%CC%81n-Museum-Advent-exhibition21.jpg?fit=1200%2C800&amp;ssl=1\" data-orig-size=\"1200,800\" data-comments-opened=\"0\" data-image-meta=\"{&quot;aperture&quot;:&quot;0&quot;,&quot;credit&quot;:&quot;&quot;,&quot;camera&quot;:&quot;&quot;,&quot;caption&quot;:&quot;&quot;,&quot;created_timestamp&quot;:&quot;1669506898&quot;,&quot;copyright&quot;:&quot;&quot;,&quot;focal_length&quot;:&quot;0&quot;,&quot;iso&quot;:&quot;0&quot;,&quot;shutter_speed&quot;:&quot;0&quot;,&quot;title&quot;:&quot;&quot;,&quot;orientation&quot;:&quot;1&quot;}\" data-image-title=\"7E1A1350-Altos-de-Chavo\u0301n-Museum-Advent-exhibition21\" data-image-description=\"\" data-image-caption=\"\" data-large-file=\"https:\/\/i0.wp.com\/casadecampoliving.com\/wp-content\/uploads\/2022\/12\/7E1A1350-Altos-de-Chavo%CC%81n-Museum-Advent-exhibition21.jpg?fit=1024%2C683&amp;ssl=1\" data-id=\"511411\" src=\"https:\/\/i0.wp.com\/casadecampoliving.com\/wp-content\/uploads\/2022\/12\/7E1A1350-Altos-de-Chavo%CC%81n-Museum-Advent-exhibition21-1024x683.jpg?resize=1024%2C683&#038;ssl=1\" alt=\"\" class=\"wp-image-511411\" srcset=\"https:\/\/i0.wp.com\/casadecampoliving.com\/wp-content\/uploads\/2022\/12\/7E1A1350-Altos-de-Chavo%CC%81n-Museum-Advent-exhibition21.jpg?resize=1024%2C683&amp;ssl=1 1024w, https:\/\/i0.wp.com\/casadecampoliving.com\/wp-content\/uploads\/2022\/12\/7E1A1350-Altos-de-Chavo%CC%81n-Museum-Advent-exhibition21.jpg?resize=300%2C200&amp;ssl=1 300w, https:\/\/i0.wp.com\/casadecampoliving.com\/wp-content\/uploads\/2022\/12\/7E1A1350-Altos-de-Chavo%CC%81n-Museum-Advent-exhibition21.jpg?resize=768%2C512&amp;ssl=1 768w, https:\/\/i0.wp.com\/casadecampoliving.com\/wp-content\/uploads\/2022\/12\/7E1A1350-Altos-de-Chavo%CC%81n-Museum-Advent-exhibition21.jpg?resize=400%2C267&amp;ssl=1 400w, https:\/\/i0.wp.com\/casadecampoliving.com\/wp-content\/uploads\/2022\/12\/7E1A1350-Altos-de-Chavo%CC%81n-Museum-Advent-exhibition21.jpg?resize=150%2C100&amp;ssl=1 150w, https:\/\/i0.wp.com\/casadecampoliving.com\/wp-content\/uploads\/2022\/12\/7E1A1350-Altos-de-Chavo%CC%81n-Museum-Advent-exhibition21.jpg?w=1200&amp;ssl=1 1200w, https:\/\/i0.wp.com\/casadecampoliving.com\/wp-content\/uploads\/2022\/12\/7E1A1350-Altos-de-Chavo%CC%81n-Museum-Advent-exhibition21-1024x683.jpg?w=370&amp;ssl=1 370w\" sizes=\"auto, (max-width: 1000px) 100vw, 1000px\" \/><\/figure>\n\n\n\n<figure class=\"wp-block-image size-large\"><img data-recalc-dims=\"1\" loading=\"lazy\" decoding=\"async\" width=\"1024\" height=\"683\" data-attachment-id=\"511395\" data-permalink=\"https:\/\/casadecampoliving.com\/es\/los-artistas-genero-reyes-cayuco-y-pedro-y-roosevelt-mendez-llevan-el-adviento-al-museo-arqueologico-regional-altos-de-chavon\/7e1a1350-altos-de-chavon-museum-advent-exhibition22\/\" data-orig-file=\"https:\/\/i0.wp.com\/casadecampoliving.com\/wp-content\/uploads\/2022\/12\/7E1A1350-Altos-de-Chavo%CC%81n-Museum-Advent-exhibition22.jpg?fit=1200%2C800&amp;ssl=1\" data-orig-size=\"1200,800\" data-comments-opened=\"0\" data-image-meta=\"{&quot;aperture&quot;:&quot;0&quot;,&quot;credit&quot;:&quot;&quot;,&quot;camera&quot;:&quot;&quot;,&quot;caption&quot;:&quot;&quot;,&quot;created_timestamp&quot;:&quot;1669507781&quot;,&quot;copyright&quot;:&quot;&quot;,&quot;focal_length&quot;:&quot;0&quot;,&quot;iso&quot;:&quot;0&quot;,&quot;shutter_speed&quot;:&quot;0&quot;,&quot;title&quot;:&quot;&quot;,&quot;orientation&quot;:&quot;1&quot;}\" data-image-title=\"7E1A1350-Altos-de-Chavo\u0301n-Museum-Advent-exhibition22\" data-image-description=\"\" data-image-caption=\"\" data-large-file=\"https:\/\/i0.wp.com\/casadecampoliving.com\/wp-content\/uploads\/2022\/12\/7E1A1350-Altos-de-Chavo%CC%81n-Museum-Advent-exhibition22.jpg?fit=1024%2C683&amp;ssl=1\" data-id=\"511395\" src=\"https:\/\/i0.wp.com\/casadecampoliving.com\/wp-content\/uploads\/2022\/12\/7E1A1350-Altos-de-Chavo%CC%81n-Museum-Advent-exhibition22-1024x683.jpg?resize=1024%2C683&#038;ssl=1\" alt=\"\" class=\"wp-image-511395\" srcset=\"https:\/\/i0.wp.com\/casadecampoliving.com\/wp-content\/uploads\/2022\/12\/7E1A1350-Altos-de-Chavo%CC%81n-Museum-Advent-exhibition22.jpg?resize=1024%2C683&amp;ssl=1 1024w, https:\/\/i0.wp.com\/casadecampoliving.com\/wp-content\/uploads\/2022\/12\/7E1A1350-Altos-de-Chavo%CC%81n-Museum-Advent-exhibition22.jpg?resize=300%2C200&amp;ssl=1 300w, https:\/\/i0.wp.com\/casadecampoliving.com\/wp-content\/uploads\/2022\/12\/7E1A1350-Altos-de-Chavo%CC%81n-Museum-Advent-exhibition22.jpg?resize=768%2C512&amp;ssl=1 768w, https:\/\/i0.wp.com\/casadecampoliving.com\/wp-content\/uploads\/2022\/12\/7E1A1350-Altos-de-Chavo%CC%81n-Museum-Advent-exhibition22.jpg?resize=400%2C267&amp;ssl=1 400w, https:\/\/i0.wp.com\/casadecampoliving.com\/wp-content\/uploads\/2022\/12\/7E1A1350-Altos-de-Chavo%CC%81n-Museum-Advent-exhibition22.jpg?resize=150%2C100&amp;ssl=1 150w, https:\/\/i0.wp.com\/casadecampoliving.com\/wp-content\/uploads\/2022\/12\/7E1A1350-Altos-de-Chavo%CC%81n-Museum-Advent-exhibition22.jpg?w=1200&amp;ssl=1 1200w, https:\/\/i0.wp.com\/casadecampoliving.com\/wp-content\/uploads\/2022\/12\/7E1A1350-Altos-de-Chavo%CC%81n-Museum-Advent-exhibition22-1024x683.jpg?w=370&amp;ssl=1 370w\" sizes=\"auto, (max-width: 1000px) 100vw, 1000px\" \/><\/figure>\n\n\n\n<figure class=\"wp-block-image size-large\"><img data-recalc-dims=\"1\" loading=\"lazy\" decoding=\"async\" width=\"1024\" height=\"683\" data-attachment-id=\"511397\" data-permalink=\"https:\/\/casadecampoliving.com\/es\/los-artistas-genero-reyes-cayuco-y-pedro-y-roosevelt-mendez-llevan-el-adviento-al-museo-arqueologico-regional-altos-de-chavon\/7e1a1350-altos-de-chavon-museum-advent-exhibition23\/\" data-orig-file=\"https:\/\/i0.wp.com\/casadecampoliving.com\/wp-content\/uploads\/2022\/12\/7E1A1350-Altos-de-Chavo%CC%81n-Museum-Advent-exhibition23.jpg?fit=1200%2C800&amp;ssl=1\" data-orig-size=\"1200,800\" data-comments-opened=\"0\" data-image-meta=\"{&quot;aperture&quot;:&quot;0&quot;,&quot;credit&quot;:&quot;&quot;,&quot;camera&quot;:&quot;&quot;,&quot;caption&quot;:&quot;&quot;,&quot;created_timestamp&quot;:&quot;1669505659&quot;,&quot;copyright&quot;:&quot;&quot;,&quot;focal_length&quot;:&quot;0&quot;,&quot;iso&quot;:&quot;0&quot;,&quot;shutter_speed&quot;:&quot;0&quot;,&quot;title&quot;:&quot;&quot;,&quot;orientation&quot;:&quot;1&quot;}\" data-image-title=\"7E1A1350-Altos-de-Chavo\u0301n-Museum-Advent-exhibition23\" data-image-description=\"\" data-image-caption=\"\" data-large-file=\"https:\/\/i0.wp.com\/casadecampoliving.com\/wp-content\/uploads\/2022\/12\/7E1A1350-Altos-de-Chavo%CC%81n-Museum-Advent-exhibition23.jpg?fit=1024%2C683&amp;ssl=1\" data-id=\"511397\" src=\"https:\/\/i0.wp.com\/casadecampoliving.com\/wp-content\/uploads\/2022\/12\/7E1A1350-Altos-de-Chavo%CC%81n-Museum-Advent-exhibition23-1024x683.jpg?resize=1024%2C683&#038;ssl=1\" alt=\"\" class=\"wp-image-511397\" srcset=\"https:\/\/i0.wp.com\/casadecampoliving.com\/wp-content\/uploads\/2022\/12\/7E1A1350-Altos-de-Chavo%CC%81n-Museum-Advent-exhibition23.jpg?resize=1024%2C683&amp;ssl=1 1024w, https:\/\/i0.wp.com\/casadecampoliving.com\/wp-content\/uploads\/2022\/12\/7E1A1350-Altos-de-Chavo%CC%81n-Museum-Advent-exhibition23.jpg?resize=300%2C200&amp;ssl=1 300w, https:\/\/i0.wp.com\/casadecampoliving.com\/wp-content\/uploads\/2022\/12\/7E1A1350-Altos-de-Chavo%CC%81n-Museum-Advent-exhibition23.jpg?resize=768%2C512&amp;ssl=1 768w, https:\/\/i0.wp.com\/casadecampoliving.com\/wp-content\/uploads\/2022\/12\/7E1A1350-Altos-de-Chavo%CC%81n-Museum-Advent-exhibition23.jpg?resize=400%2C267&amp;ssl=1 400w, https:\/\/i0.wp.com\/casadecampoliving.com\/wp-content\/uploads\/2022\/12\/7E1A1350-Altos-de-Chavo%CC%81n-Museum-Advent-exhibition23.jpg?resize=150%2C100&amp;ssl=1 150w, https:\/\/i0.wp.com\/casadecampoliving.com\/wp-content\/uploads\/2022\/12\/7E1A1350-Altos-de-Chavo%CC%81n-Museum-Advent-exhibition23.jpg?w=1200&amp;ssl=1 1200w, https:\/\/i0.wp.com\/casadecampoliving.com\/wp-content\/uploads\/2022\/12\/7E1A1350-Altos-de-Chavo%CC%81n-Museum-Advent-exhibition23-1024x683.jpg?w=370&amp;ssl=1 370w\" sizes=\"auto, (max-width: 1000px) 100vw, 1000px\" \/><\/figure>\n\n\n\n<figure class=\"wp-block-image size-large\"><img data-recalc-dims=\"1\" loading=\"lazy\" decoding=\"async\" width=\"1024\" height=\"683\" data-attachment-id=\"511400\" data-permalink=\"https:\/\/casadecampoliving.com\/es\/los-artistas-genero-reyes-cayuco-y-pedro-y-roosevelt-mendez-llevan-el-adviento-al-museo-arqueologico-regional-altos-de-chavon\/7e1a1350-altos-de-chavon-museum-advent-exhibition24\/\" data-orig-file=\"https:\/\/i0.wp.com\/casadecampoliving.com\/wp-content\/uploads\/2022\/12\/7E1A1350-Altos-de-Chavo%CC%81n-Museum-Advent-exhibition24.jpg?fit=1200%2C800&amp;ssl=1\" data-orig-size=\"1200,800\" data-comments-opened=\"0\" data-image-meta=\"{&quot;aperture&quot;:&quot;0&quot;,&quot;credit&quot;:&quot;&quot;,&quot;camera&quot;:&quot;&quot;,&quot;caption&quot;:&quot;&quot;,&quot;created_timestamp&quot;:&quot;1669505439&quot;,&quot;copyright&quot;:&quot;&quot;,&quot;focal_length&quot;:&quot;0&quot;,&quot;iso&quot;:&quot;0&quot;,&quot;shutter_speed&quot;:&quot;0&quot;,&quot;title&quot;:&quot;&quot;,&quot;orientation&quot;:&quot;1&quot;}\" data-image-title=\"7E1A1350-Altos-de-Chavo\u0301n-Museum-Advent-exhibition24\" data-image-description=\"\" data-image-caption=\"\" data-large-file=\"https:\/\/i0.wp.com\/casadecampoliving.com\/wp-content\/uploads\/2022\/12\/7E1A1350-Altos-de-Chavo%CC%81n-Museum-Advent-exhibition24.jpg?fit=1024%2C683&amp;ssl=1\" data-id=\"511400\" src=\"https:\/\/i0.wp.com\/casadecampoliving.com\/wp-content\/uploads\/2022\/12\/7E1A1350-Altos-de-Chavo%CC%81n-Museum-Advent-exhibition24-1024x683.jpg?resize=1024%2C683&#038;ssl=1\" alt=\"\" class=\"wp-image-511400\" srcset=\"https:\/\/i0.wp.com\/casadecampoliving.com\/wp-content\/uploads\/2022\/12\/7E1A1350-Altos-de-Chavo%CC%81n-Museum-Advent-exhibition24.jpg?resize=1024%2C683&amp;ssl=1 1024w, https:\/\/i0.wp.com\/casadecampoliving.com\/wp-content\/uploads\/2022\/12\/7E1A1350-Altos-de-Chavo%CC%81n-Museum-Advent-exhibition24.jpg?resize=300%2C200&amp;ssl=1 300w, https:\/\/i0.wp.com\/casadecampoliving.com\/wp-content\/uploads\/2022\/12\/7E1A1350-Altos-de-Chavo%CC%81n-Museum-Advent-exhibition24.jpg?resize=768%2C512&amp;ssl=1 768w, https:\/\/i0.wp.com\/casadecampoliving.com\/wp-content\/uploads\/2022\/12\/7E1A1350-Altos-de-Chavo%CC%81n-Museum-Advent-exhibition24.jpg?resize=400%2C267&amp;ssl=1 400w, https:\/\/i0.wp.com\/casadecampoliving.com\/wp-content\/uploads\/2022\/12\/7E1A1350-Altos-de-Chavo%CC%81n-Museum-Advent-exhibition24.jpg?resize=150%2C100&amp;ssl=1 150w, https:\/\/i0.wp.com\/casadecampoliving.com\/wp-content\/uploads\/2022\/12\/7E1A1350-Altos-de-Chavo%CC%81n-Museum-Advent-exhibition24.jpg?w=1200&amp;ssl=1 1200w, https:\/\/i0.wp.com\/casadecampoliving.com\/wp-content\/uploads\/2022\/12\/7E1A1350-Altos-de-Chavo%CC%81n-Museum-Advent-exhibition24-1024x683.jpg?w=370&amp;ssl=1 370w\" sizes=\"auto, (max-width: 1000px) 100vw, 1000px\" \/><\/figure>\n<\/figure>\n","protected":false},"excerpt":{"rendered":"<p>El Museo Arqueol\u00f3gico Regional Altos de Chav\u00f3n di\u00f3 apertura a la exposici\u00f3n de belenes \u201cAdviento\u201d el pasado s\u00e1bado\u00a026 de los corrientes, elaborados por Pedro M\u00e9ndez, Roosevelt M\u00e9ndez y Cayuco, los cuales son portadores de una tradici\u00f3n colonial y cat\u00f3lica en la Rep\u00fablica Dominicana, quienes, a trav\u00e9s de sus piezas talladas en madera, policromadas, ensambladas, escult\u00f3ricas, [&hellip;]<\/p>\n","protected":false},"author":36791,"featured_media":511377,"comment_status":"closed","ping_status":"closed","sticky":false,"template":"","format":"standard","meta":{"newspack_ads_suppress_ads":false,"newspack_popups_has_disabled_popups":false,"newspack_sponsor_sponsorship_scope":"","newspack_sponsor_native_byline_display":"inherit","newspack_sponsor_native_category_display":"inherit","newspack_sponsor_underwriter_style":"inherit","newspack_sponsor_underwriter_placement":"inherit","_newspack_byline_active":false,"_newspack_byline":"","newspack_hide_updated_date":false,"newspack_show_updated_date":false,"newspack_content_restriction_is_exempt":false,"newspack_featured_image_position":"large","newspack_post_subtitle":"","newspack_article_summary_title":"Overview:","newspack_article_summary":"","_jetpack_memberships_contains_paid_content":false,"footnotes":"","jetpack_publicize_message":"","jetpack_publicize_feature_enabled":true,"jetpack_social_post_already_shared":true,"jetpack_social_options":{"image_generator_settings":{"template":"highway","default_image_id":0,"font":"","enabled":false},"version":2},"_wpas_customize_per_network":false},"categories":[2498],"tags":[],"newspack_spnsrs_tax":[],"class_list":["post-511369","post","type-post","status-publish","format-standard","has-post-thumbnail","hentry","category-uncategorized-es","entry"],"yoast_head":"<!-- This site is optimized with the Yoast SEO plugin v27.5 - https:\/\/yoast.com\/product\/yoast-seo-wordpress\/ -->\n<title>Los artistas Genero Reyes (Cayuco), y Pedro y Roosevelt M\u00e9ndez llevan el ADVIENTO al Museo Arqueol\u00f3gico Regional Altos de Chav\u00f3n. | Casa de Campo Living<\/title>\n<meta name=\"description\" content=\"El Museo Arqueol\u00f3gico Regional Altos de Chav\u00f3n di\u00f3 apertura a la exposici\u00f3n de belenes \u201cAdviento\u201d el pasado s\u00e1bado\u00a026 de los corrientes, elaborados por\" \/>\n<meta name=\"robots\" content=\"index, follow, max-snippet:-1, max-image-preview:large, max-video-preview:-1\" \/>\n<link rel=\"canonical\" href=\"https:\/\/casadecampoliving.com\/es\/los-artistas-genero-reyes-cayuco-y-pedro-y-roosevelt-mendez-llevan-el-adviento-al-museo-arqueologico-regional-altos-de-chavon\/\" \/>\n<meta property=\"og:locale\" content=\"es_ES\" \/>\n<meta property=\"og:type\" content=\"article\" \/>\n<meta property=\"og:title\" content=\"Los artistas Genero Reyes (Cayuco), y Pedro y Roosevelt M\u00e9ndez llevan el ADVIENTO al Museo Arqueol\u00f3gico Regional Altos de Chav\u00f3n. | Casa de Campo Living\" \/>\n<meta property=\"og:description\" content=\"El Museo Arqueol\u00f3gico Regional Altos de Chav\u00f3n di\u00f3 apertura a la exposici\u00f3n de belenes \u201cAdviento\u201d el pasado s\u00e1bado\u00a026 de los corrientes, elaborados por\" \/>\n<meta property=\"og:url\" content=\"https:\/\/casadecampoliving.com\/es\/los-artistas-genero-reyes-cayuco-y-pedro-y-roosevelt-mendez-llevan-el-adviento-al-museo-arqueologico-regional-altos-de-chavon\/\" \/>\n<meta property=\"og:site_name\" content=\"Casa de Campo Living\" \/>\n<meta property=\"article:publisher\" content=\"https:\/\/www.facebook.com\/casadecampoliving\" \/>\n<meta property=\"article:published_time\" content=\"2022-12-03T15:40:49+00:00\" \/>\n<meta property=\"article:modified_time\" content=\"2022-12-05T17:49:11+00:00\" \/>\n<meta property=\"og:image\" content=\"https:\/\/casadecampoliving.com\/wp-content\/uploads\/2022\/12\/MatildaGiacomoAliceyMirandaMoriconi.jpg\" \/>\n\t<meta property=\"og:image:width\" content=\"1200\" \/>\n\t<meta property=\"og:image:height\" content=\"800\" \/>\n\t<meta property=\"og:image:type\" content=\"image\/jpeg\" \/>\n<meta name=\"author\" content=\"Casa de Campo Living\" \/>\n<meta name=\"twitter:card\" content=\"summary_large_image\" \/>\n<meta name=\"twitter:creator\" content=\"@cdcliving\" \/>\n<meta name=\"twitter:site\" content=\"@cdcliving\" \/>\n<meta name=\"twitter:label1\" content=\"Escrito por\" \/>\n\t<meta name=\"twitter:data1\" content=\"Casa de Campo Living\" \/>\n\t<meta name=\"twitter:label2\" content=\"Tiempo de lectura\" \/>\n\t<meta name=\"twitter:data2\" content=\"7 minutos\" \/>\n<script type=\"application\/ld+json\" class=\"yoast-schema-graph\">{\"@context\":\"https:\\\/\\\/schema.org\",\"@graph\":[{\"@type\":\"Article\",\"@id\":\"https:\\\/\\\/casadecampoliving.com\\\/es\\\/los-artistas-genero-reyes-cayuco-y-pedro-y-roosevelt-mendez-llevan-el-adviento-al-museo-arqueologico-regional-altos-de-chavon\\\/#article\",\"isPartOf\":{\"@id\":\"https:\\\/\\\/casadecampoliving.com\\\/es\\\/los-artistas-genero-reyes-cayuco-y-pedro-y-roosevelt-mendez-llevan-el-adviento-al-museo-arqueologico-regional-altos-de-chavon\\\/\"},\"author\":{\"name\":\"Casa de Campo Living\",\"@id\":\"https:\\\/\\\/casadecampoliving.com\\\/es\\\/#\\\/schema\\\/person\\\/5d2171637a9d11e0e43ce6b8555f9422\"},\"headline\":\"Los artistas Genero Reyes (Cayuco), y Pedro y Roosevelt M\u00e9ndez llevan el ADVIENTO al Museo Arqueol\u00f3gico Regional Altos de Chav\u00f3n.\",\"datePublished\":\"2022-12-03T15:40:49+00:00\",\"dateModified\":\"2022-12-05T17:49:11+00:00\",\"mainEntityOfPage\":{\"@id\":\"https:\\\/\\\/casadecampoliving.com\\\/es\\\/los-artistas-genero-reyes-cayuco-y-pedro-y-roosevelt-mendez-llevan-el-adviento-al-museo-arqueologico-regional-altos-de-chavon\\\/\"},\"wordCount\":346,\"publisher\":{\"@id\":\"https:\\\/\\\/casadecampoliving.com\\\/es\\\/#organization\"},\"image\":{\"@id\":\"https:\\\/\\\/casadecampoliving.com\\\/es\\\/los-artistas-genero-reyes-cayuco-y-pedro-y-roosevelt-mendez-llevan-el-adviento-al-museo-arqueologico-regional-altos-de-chavon\\\/#primaryimage\"},\"thumbnailUrl\":\"https:\\\/\\\/i0.wp.com\\\/casadecampoliving.com\\\/wp-content\\\/uploads\\\/2022\\\/12\\\/MatildaGiacomoAliceyMirandaMoriconi.jpg?fit=1200%2C800&ssl=1\",\"articleSection\":[\"Uncategorized @es\"],\"inLanguage\":\"es\"},{\"@type\":\"WebPage\",\"@id\":\"https:\\\/\\\/casadecampoliving.com\\\/es\\\/los-artistas-genero-reyes-cayuco-y-pedro-y-roosevelt-mendez-llevan-el-adviento-al-museo-arqueologico-regional-altos-de-chavon\\\/\",\"url\":\"https:\\\/\\\/casadecampoliving.com\\\/es\\\/los-artistas-genero-reyes-cayuco-y-pedro-y-roosevelt-mendez-llevan-el-adviento-al-museo-arqueologico-regional-altos-de-chavon\\\/\",\"name\":\"Los artistas Genero Reyes (Cayuco), y Pedro y Roosevelt M\u00e9ndez llevan el ADVIENTO al Museo Arqueol\u00f3gico Regional Altos de Chav\u00f3n. | Casa de Campo Living\",\"isPartOf\":{\"@id\":\"https:\\\/\\\/casadecampoliving.com\\\/es\\\/#website\"},\"primaryImageOfPage\":{\"@id\":\"https:\\\/\\\/casadecampoliving.com\\\/es\\\/los-artistas-genero-reyes-cayuco-y-pedro-y-roosevelt-mendez-llevan-el-adviento-al-museo-arqueologico-regional-altos-de-chavon\\\/#primaryimage\"},\"image\":{\"@id\":\"https:\\\/\\\/casadecampoliving.com\\\/es\\\/los-artistas-genero-reyes-cayuco-y-pedro-y-roosevelt-mendez-llevan-el-adviento-al-museo-arqueologico-regional-altos-de-chavon\\\/#primaryimage\"},\"thumbnailUrl\":\"https:\\\/\\\/i0.wp.com\\\/casadecampoliving.com\\\/wp-content\\\/uploads\\\/2022\\\/12\\\/MatildaGiacomoAliceyMirandaMoriconi.jpg?fit=1200%2C800&ssl=1\",\"datePublished\":\"2022-12-03T15:40:49+00:00\",\"dateModified\":\"2022-12-05T17:49:11+00:00\",\"description\":\"El Museo Arqueol\u00f3gico Regional Altos de Chav\u00f3n di\u00f3 apertura a la exposici\u00f3n de belenes \u201cAdviento\u201d el pasado s\u00e1bado\u00a026 de los corrientes, elaborados por\",\"breadcrumb\":{\"@id\":\"https:\\\/\\\/casadecampoliving.com\\\/es\\\/los-artistas-genero-reyes-cayuco-y-pedro-y-roosevelt-mendez-llevan-el-adviento-al-museo-arqueologico-regional-altos-de-chavon\\\/#breadcrumb\"},\"inLanguage\":\"es\",\"potentialAction\":[{\"@type\":\"ReadAction\",\"target\":[\"https:\\\/\\\/casadecampoliving.com\\\/es\\\/los-artistas-genero-reyes-cayuco-y-pedro-y-roosevelt-mendez-llevan-el-adviento-al-museo-arqueologico-regional-altos-de-chavon\\\/\"]}]},{\"@type\":\"ImageObject\",\"inLanguage\":\"es\",\"@id\":\"https:\\\/\\\/casadecampoliving.com\\\/es\\\/los-artistas-genero-reyes-cayuco-y-pedro-y-roosevelt-mendez-llevan-el-adviento-al-museo-arqueologico-regional-altos-de-chavon\\\/#primaryimage\",\"url\":\"https:\\\/\\\/i0.wp.com\\\/casadecampoliving.com\\\/wp-content\\\/uploads\\\/2022\\\/12\\\/MatildaGiacomoAliceyMirandaMoriconi.jpg?fit=1200%2C800&ssl=1\",\"contentUrl\":\"https:\\\/\\\/i0.wp.com\\\/casadecampoliving.com\\\/wp-content\\\/uploads\\\/2022\\\/12\\\/MatildaGiacomoAliceyMirandaMoriconi.jpg?fit=1200%2C800&ssl=1\",\"width\":1200,\"height\":800},{\"@type\":\"BreadcrumbList\",\"@id\":\"https:\\\/\\\/casadecampoliving.com\\\/es\\\/los-artistas-genero-reyes-cayuco-y-pedro-y-roosevelt-mendez-llevan-el-adviento-al-museo-arqueologico-regional-altos-de-chavon\\\/#breadcrumb\",\"itemListElement\":[{\"@type\":\"ListItem\",\"position\":1,\"name\":\"Home\",\"item\":\"https:\\\/\\\/casadecampoliving.com\\\/es\\\/\"},{\"@type\":\"ListItem\",\"position\":2,\"name\":\"Los artistas Genero Reyes (Cayuco), y Pedro y Roosevelt M\u00e9ndez llevan el ADVIENTO al Museo Arqueol\u00f3gico Regional Altos de Chav\u00f3n.\"}]},{\"@type\":\"WebSite\",\"@id\":\"https:\\\/\\\/casadecampoliving.com\\\/es\\\/#website\",\"url\":\"https:\\\/\\\/casadecampoliving.com\\\/es\\\/\",\"name\":\"Casa de Campo Living\",\"description\":\"Resort community news and resources.\",\"publisher\":{\"@id\":\"https:\\\/\\\/casadecampoliving.com\\\/es\\\/#organization\"},\"potentialAction\":[{\"@type\":\"SearchAction\",\"target\":{\"@type\":\"EntryPoint\",\"urlTemplate\":\"https:\\\/\\\/casadecampoliving.com\\\/es\\\/?s={search_term_string}\"},\"query-input\":{\"@type\":\"PropertyValueSpecification\",\"valueRequired\":true,\"valueName\":\"search_term_string\"}}],\"inLanguage\":\"es\"},{\"@type\":\"Organization\",\"@id\":\"https:\\\/\\\/casadecampoliving.com\\\/es\\\/#organization\",\"name\":\"Casa de Campo Living\",\"url\":\"https:\\\/\\\/casadecampoliving.com\\\/es\\\/\",\"logo\":{\"@type\":\"ImageObject\",\"inLanguage\":\"es\",\"@id\":\"https:\\\/\\\/casadecampoliving.com\\\/es\\\/#\\\/schema\\\/logo\\\/image\\\/\",\"url\":\"https:\\\/\\\/i0.wp.com\\\/casadecampoliving.com\\\/wp-content\\\/uploads\\\/2022\\\/07\\\/CDCLivingLogo_V1-white-sized.png?fit=800%2C214&ssl=1\",\"contentUrl\":\"https:\\\/\\\/i0.wp.com\\\/casadecampoliving.com\\\/wp-content\\\/uploads\\\/2022\\\/07\\\/CDCLivingLogo_V1-white-sized.png?fit=800%2C214&ssl=1\",\"width\":800,\"height\":214,\"caption\":\"Casa de Campo Living\"},\"image\":{\"@id\":\"https:\\\/\\\/casadecampoliving.com\\\/es\\\/#\\\/schema\\\/logo\\\/image\\\/\"},\"sameAs\":[\"https:\\\/\\\/www.facebook.com\\\/casadecampoliving\",\"https:\\\/\\\/x.com\\\/cdcliving\"]},{\"@type\":\"Person\",\"@id\":\"https:\\\/\\\/casadecampoliving.com\\\/es\\\/#\\\/schema\\\/person\\\/5d2171637a9d11e0e43ce6b8555f9422\",\"name\":\"Casa de Campo Living\",\"image\":{\"@type\":\"ImageObject\",\"inLanguage\":\"es\",\"@id\":\"https:\\\/\\\/secure.gravatar.com\\\/avatar\\\/d04101fa4a9fd431e939953b1500fdc7a73cd35029f86d98712fd8ccdaebaf9a?s=96&d=mm&r=g\",\"url\":\"https:\\\/\\\/secure.gravatar.com\\\/avatar\\\/d04101fa4a9fd431e939953b1500fdc7a73cd35029f86d98712fd8ccdaebaf9a?s=96&d=mm&r=g\",\"contentUrl\":\"https:\\\/\\\/secure.gravatar.com\\\/avatar\\\/d04101fa4a9fd431e939953b1500fdc7a73cd35029f86d98712fd8ccdaebaf9a?s=96&d=mm&r=g\",\"caption\":\"Casa de Campo Living\"},\"url\":\"https:\\\/\\\/casadecampoliving.com\\\/es\\\/author\\\/casa-de-campo-living\\\/\"}]}<\/script>\n<!-- \/ Yoast SEO plugin. -->","yoast_head_json":{"title":"Los artistas Genero Reyes (Cayuco), y Pedro y Roosevelt M\u00e9ndez llevan el ADVIENTO al Museo Arqueol\u00f3gico Regional Altos de Chav\u00f3n. | Casa de Campo Living","description":"El Museo Arqueol\u00f3gico Regional Altos de Chav\u00f3n di\u00f3 apertura a la exposici\u00f3n de belenes \u201cAdviento\u201d el pasado s\u00e1bado\u00a026 de los corrientes, elaborados por","robots":{"index":"index","follow":"follow","max-snippet":"max-snippet:-1","max-image-preview":"max-image-preview:large","max-video-preview":"max-video-preview:-1"},"canonical":"https:\/\/casadecampoliving.com\/es\/los-artistas-genero-reyes-cayuco-y-pedro-y-roosevelt-mendez-llevan-el-adviento-al-museo-arqueologico-regional-altos-de-chavon\/","og_locale":"es_ES","og_type":"article","og_title":"Los artistas Genero Reyes (Cayuco), y Pedro y Roosevelt M\u00e9ndez llevan el ADVIENTO al Museo Arqueol\u00f3gico Regional Altos de Chav\u00f3n. | Casa de Campo Living","og_description":"El Museo Arqueol\u00f3gico Regional Altos de Chav\u00f3n di\u00f3 apertura a la exposici\u00f3n de belenes \u201cAdviento\u201d el pasado s\u00e1bado\u00a026 de los corrientes, elaborados por","og_url":"https:\/\/casadecampoliving.com\/es\/los-artistas-genero-reyes-cayuco-y-pedro-y-roosevelt-mendez-llevan-el-adviento-al-museo-arqueologico-regional-altos-de-chavon\/","og_site_name":"Casa de Campo Living","article_publisher":"https:\/\/www.facebook.com\/casadecampoliving","article_published_time":"2022-12-03T15:40:49+00:00","article_modified_time":"2022-12-05T17:49:11+00:00","og_image":[{"width":1200,"height":800,"url":"https:\/\/casadecampoliving.com\/wp-content\/uploads\/2022\/12\/MatildaGiacomoAliceyMirandaMoriconi.jpg","type":"image\/jpeg"}],"author":"Casa de Campo Living","twitter_card":"summary_large_image","twitter_creator":"@cdcliving","twitter_site":"@cdcliving","twitter_misc":{"Escrito por":"Casa de Campo Living","Tiempo de lectura":"7 minutos"},"schema":{"@context":"https:\/\/schema.org","@graph":[{"@type":"Article","@id":"https:\/\/casadecampoliving.com\/es\/los-artistas-genero-reyes-cayuco-y-pedro-y-roosevelt-mendez-llevan-el-adviento-al-museo-arqueologico-regional-altos-de-chavon\/#article","isPartOf":{"@id":"https:\/\/casadecampoliving.com\/es\/los-artistas-genero-reyes-cayuco-y-pedro-y-roosevelt-mendez-llevan-el-adviento-al-museo-arqueologico-regional-altos-de-chavon\/"},"author":{"name":"Casa de Campo Living","@id":"https:\/\/casadecampoliving.com\/es\/#\/schema\/person\/5d2171637a9d11e0e43ce6b8555f9422"},"headline":"Los artistas Genero Reyes (Cayuco), y Pedro y Roosevelt M\u00e9ndez llevan el ADVIENTO al Museo Arqueol\u00f3gico Regional Altos de Chav\u00f3n.","datePublished":"2022-12-03T15:40:49+00:00","dateModified":"2022-12-05T17:49:11+00:00","mainEntityOfPage":{"@id":"https:\/\/casadecampoliving.com\/es\/los-artistas-genero-reyes-cayuco-y-pedro-y-roosevelt-mendez-llevan-el-adviento-al-museo-arqueologico-regional-altos-de-chavon\/"},"wordCount":346,"publisher":{"@id":"https:\/\/casadecampoliving.com\/es\/#organization"},"image":{"@id":"https:\/\/casadecampoliving.com\/es\/los-artistas-genero-reyes-cayuco-y-pedro-y-roosevelt-mendez-llevan-el-adviento-al-museo-arqueologico-regional-altos-de-chavon\/#primaryimage"},"thumbnailUrl":"https:\/\/i0.wp.com\/casadecampoliving.com\/wp-content\/uploads\/2022\/12\/MatildaGiacomoAliceyMirandaMoriconi.jpg?fit=1200%2C800&ssl=1","articleSection":["Uncategorized @es"],"inLanguage":"es"},{"@type":"WebPage","@id":"https:\/\/casadecampoliving.com\/es\/los-artistas-genero-reyes-cayuco-y-pedro-y-roosevelt-mendez-llevan-el-adviento-al-museo-arqueologico-regional-altos-de-chavon\/","url":"https:\/\/casadecampoliving.com\/es\/los-artistas-genero-reyes-cayuco-y-pedro-y-roosevelt-mendez-llevan-el-adviento-al-museo-arqueologico-regional-altos-de-chavon\/","name":"Los artistas Genero Reyes (Cayuco), y Pedro y Roosevelt M\u00e9ndez llevan el ADVIENTO al Museo Arqueol\u00f3gico Regional Altos de Chav\u00f3n. | Casa de Campo Living","isPartOf":{"@id":"https:\/\/casadecampoliving.com\/es\/#website"},"primaryImageOfPage":{"@id":"https:\/\/casadecampoliving.com\/es\/los-artistas-genero-reyes-cayuco-y-pedro-y-roosevelt-mendez-llevan-el-adviento-al-museo-arqueologico-regional-altos-de-chavon\/#primaryimage"},"image":{"@id":"https:\/\/casadecampoliving.com\/es\/los-artistas-genero-reyes-cayuco-y-pedro-y-roosevelt-mendez-llevan-el-adviento-al-museo-arqueologico-regional-altos-de-chavon\/#primaryimage"},"thumbnailUrl":"https:\/\/i0.wp.com\/casadecampoliving.com\/wp-content\/uploads\/2022\/12\/MatildaGiacomoAliceyMirandaMoriconi.jpg?fit=1200%2C800&ssl=1","datePublished":"2022-12-03T15:40:49+00:00","dateModified":"2022-12-05T17:49:11+00:00","description":"El Museo Arqueol\u00f3gico Regional Altos de Chav\u00f3n di\u00f3 apertura a la exposici\u00f3n de belenes \u201cAdviento\u201d el pasado s\u00e1bado\u00a026 de los corrientes, elaborados por","breadcrumb":{"@id":"https:\/\/casadecampoliving.com\/es\/los-artistas-genero-reyes-cayuco-y-pedro-y-roosevelt-mendez-llevan-el-adviento-al-museo-arqueologico-regional-altos-de-chavon\/#breadcrumb"},"inLanguage":"es","potentialAction":[{"@type":"ReadAction","target":["https:\/\/casadecampoliving.com\/es\/los-artistas-genero-reyes-cayuco-y-pedro-y-roosevelt-mendez-llevan-el-adviento-al-museo-arqueologico-regional-altos-de-chavon\/"]}]},{"@type":"ImageObject","inLanguage":"es","@id":"https:\/\/casadecampoliving.com\/es\/los-artistas-genero-reyes-cayuco-y-pedro-y-roosevelt-mendez-llevan-el-adviento-al-museo-arqueologico-regional-altos-de-chavon\/#primaryimage","url":"https:\/\/i0.wp.com\/casadecampoliving.com\/wp-content\/uploads\/2022\/12\/MatildaGiacomoAliceyMirandaMoriconi.jpg?fit=1200%2C800&ssl=1","contentUrl":"https:\/\/i0.wp.com\/casadecampoliving.com\/wp-content\/uploads\/2022\/12\/MatildaGiacomoAliceyMirandaMoriconi.jpg?fit=1200%2C800&ssl=1","width":1200,"height":800},{"@type":"BreadcrumbList","@id":"https:\/\/casadecampoliving.com\/es\/los-artistas-genero-reyes-cayuco-y-pedro-y-roosevelt-mendez-llevan-el-adviento-al-museo-arqueologico-regional-altos-de-chavon\/#breadcrumb","itemListElement":[{"@type":"ListItem","position":1,"name":"Home","item":"https:\/\/casadecampoliving.com\/es\/"},{"@type":"ListItem","position":2,"name":"Los artistas Genero Reyes (Cayuco), y Pedro y Roosevelt M\u00e9ndez llevan el ADVIENTO al Museo Arqueol\u00f3gico Regional Altos de Chav\u00f3n."}]},{"@type":"WebSite","@id":"https:\/\/casadecampoliving.com\/es\/#website","url":"https:\/\/casadecampoliving.com\/es\/","name":"Casa de Campo Living","description":"Resort community news and resources.","publisher":{"@id":"https:\/\/casadecampoliving.com\/es\/#organization"},"potentialAction":[{"@type":"SearchAction","target":{"@type":"EntryPoint","urlTemplate":"https:\/\/casadecampoliving.com\/es\/?s={search_term_string}"},"query-input":{"@type":"PropertyValueSpecification","valueRequired":true,"valueName":"search_term_string"}}],"inLanguage":"es"},{"@type":"Organization","@id":"https:\/\/casadecampoliving.com\/es\/#organization","name":"Casa de Campo Living","url":"https:\/\/casadecampoliving.com\/es\/","logo":{"@type":"ImageObject","inLanguage":"es","@id":"https:\/\/casadecampoliving.com\/es\/#\/schema\/logo\/image\/","url":"https:\/\/i0.wp.com\/casadecampoliving.com\/wp-content\/uploads\/2022\/07\/CDCLivingLogo_V1-white-sized.png?fit=800%2C214&ssl=1","contentUrl":"https:\/\/i0.wp.com\/casadecampoliving.com\/wp-content\/uploads\/2022\/07\/CDCLivingLogo_V1-white-sized.png?fit=800%2C214&ssl=1","width":800,"height":214,"caption":"Casa de Campo Living"},"image":{"@id":"https:\/\/casadecampoliving.com\/es\/#\/schema\/logo\/image\/"},"sameAs":["https:\/\/www.facebook.com\/casadecampoliving","https:\/\/x.com\/cdcliving"]},{"@type":"Person","@id":"https:\/\/casadecampoliving.com\/es\/#\/schema\/person\/5d2171637a9d11e0e43ce6b8555f9422","name":"Casa de Campo Living","image":{"@type":"ImageObject","inLanguage":"es","@id":"https:\/\/secure.gravatar.com\/avatar\/d04101fa4a9fd431e939953b1500fdc7a73cd35029f86d98712fd8ccdaebaf9a?s=96&d=mm&r=g","url":"https:\/\/secure.gravatar.com\/avatar\/d04101fa4a9fd431e939953b1500fdc7a73cd35029f86d98712fd8ccdaebaf9a?s=96&d=mm&r=g","contentUrl":"https:\/\/secure.gravatar.com\/avatar\/d04101fa4a9fd431e939953b1500fdc7a73cd35029f86d98712fd8ccdaebaf9a?s=96&d=mm&r=g","caption":"Casa de Campo Living"},"url":"https:\/\/casadecampoliving.com\/es\/author\/casa-de-campo-living\/"}]}},"parsely":{"version":"1.1.0","canonical_url":"https:\/\/casadecampoliving.com\/es\/los-artistas-genero-reyes-cayuco-y-pedro-y-roosevelt-mendez-llevan-el-adviento-al-museo-arqueologico-regional-altos-de-chavon\/","smart_links":{"inbound":0,"outbound":0},"traffic_boost_suggestions_count":0,"meta":{"@context":"https:\/\/schema.org","@type":"NewsArticle","headline":"Los artistas Genero Reyes (Cayuco), y Pedro y Roosevelt M\u00e9ndez llevan el ADVIENTO al Museo Arqueol\u00f3gico Regional Altos de Chav\u00f3n.","url":"http:\/\/casadecampoliving.com\/es\/los-artistas-genero-reyes-cayuco-y-pedro-y-roosevelt-mendez-llevan-el-adviento-al-museo-arqueologico-regional-altos-de-chavon\/","mainEntityOfPage":{"@type":"WebPage","@id":"http:\/\/casadecampoliving.com\/es\/los-artistas-genero-reyes-cayuco-y-pedro-y-roosevelt-mendez-llevan-el-adviento-al-museo-arqueologico-regional-altos-de-chavon\/"},"thumbnailUrl":"https:\/\/i0.wp.com\/casadecampoliving.com\/wp-content\/uploads\/2022\/12\/MatildaGiacomoAliceyMirandaMoriconi.jpg?resize=150%2C150&ssl=1","image":{"@type":"ImageObject","url":"https:\/\/i0.wp.com\/casadecampoliving.com\/wp-content\/uploads\/2022\/12\/MatildaGiacomoAliceyMirandaMoriconi.jpg?fit=1200%2C800&ssl=1"},"articleSection":"Uncategorized @es","author":[{"@type":"Person","name":"Casa de Campo Living"}],"creator":["Casa de Campo Living"],"publisher":{"@type":"Organization","name":"Casa de Campo Living","logo":"https:\/\/casadecampoliving.com\/wp-content\/uploads\/2022\/07\/CDCLivingLogo_V1-white-sized.png"},"keywords":[],"dateCreated":"2022-12-03T15:40:49Z","datePublished":"2022-12-03T15:40:49Z","dateModified":"2022-12-05T17:49:11Z"},"rendered":"<script type=\"application\/ld+json\" class=\"wp-parsely-metadata\">{\"@context\":\"https:\\\/\\\/schema.org\",\"@type\":\"NewsArticle\",\"headline\":\"Los artistas Genero Reyes (Cayuco), y Pedro y Roosevelt M\\u00e9ndez llevan el ADVIENTO al Museo Arqueol\\u00f3gico Regional Altos de Chav\\u00f3n.\",\"url\":\"http:\\\/\\\/casadecampoliving.com\\\/es\\\/los-artistas-genero-reyes-cayuco-y-pedro-y-roosevelt-mendez-llevan-el-adviento-al-museo-arqueologico-regional-altos-de-chavon\\\/\",\"mainEntityOfPage\":{\"@type\":\"WebPage\",\"@id\":\"http:\\\/\\\/casadecampoliving.com\\\/es\\\/los-artistas-genero-reyes-cayuco-y-pedro-y-roosevelt-mendez-llevan-el-adviento-al-museo-arqueologico-regional-altos-de-chavon\\\/\"},\"thumbnailUrl\":\"https:\\\/\\\/i0.wp.com\\\/casadecampoliving.com\\\/wp-content\\\/uploads\\\/2022\\\/12\\\/MatildaGiacomoAliceyMirandaMoriconi.jpg?resize=150%2C150&ssl=1\",\"image\":{\"@type\":\"ImageObject\",\"url\":\"https:\\\/\\\/i0.wp.com\\\/casadecampoliving.com\\\/wp-content\\\/uploads\\\/2022\\\/12\\\/MatildaGiacomoAliceyMirandaMoriconi.jpg?fit=1200%2C800&ssl=1\"},\"articleSection\":\"Uncategorized @es\",\"author\":[{\"@type\":\"Person\",\"name\":\"Casa de Campo Living\"}],\"creator\":[\"Casa de Campo Living\"],\"publisher\":{\"@type\":\"Organization\",\"name\":\"Casa de Campo Living\",\"logo\":\"https:\\\/\\\/casadecampoliving.com\\\/wp-content\\\/uploads\\\/2022\\\/07\\\/CDCLivingLogo_V1-white-sized.png\"},\"keywords\":[],\"dateCreated\":\"2022-12-03T15:40:49Z\",\"datePublished\":\"2022-12-03T15:40:49Z\",\"dateModified\":\"2022-12-05T17:49:11Z\"}<\/script>","tracker_url":"https:\/\/cdn.parsely.com\/keys\/casadecampoliving.com\/p.js"},"jetpack_publicize_connections":[],"jetpack_featured_media_url":"https:\/\/i0.wp.com\/casadecampoliving.com\/wp-content\/uploads\/2022\/12\/MatildaGiacomoAliceyMirandaMoriconi.jpg?fit=1200%2C800&ssl=1","jetpack-related-posts":[{"id":511429,"url":"https:\/\/casadecampoliving.com\/the-artists-genero-reyes-cayuco-and-pedro-and-roosevelt-mendez-bring-advent-to-the-altos-de-chavon-regional-archaeological-museum\/","url_meta":{"origin":511369,"position":0},"title":"The artists Genero Reyes (Cayuco), and Pedro and Roosevelt M\u00e9ndez bring ADVENT to the Altos de Chav\u00f3n Regional Archaeological Museum.","author":"Casa de Campo Living","date":"3 Dic, 2022","format":false,"excerpt":"The Altos de Chav\u00f3n Regional Archaeological Museum opened the exhibition of nativity scenes \"Advent\" last Saturday, November 26th, made by Pedro M\u00e9ndez, Roosevelt M\u00e9ndez, and Cayuco, which are bearers of a colonial and Catholic tradition in the Dominican Republic, who, through their pieces carved in wood, polychrome, assembled, sculptural, in\u2026","rel":"","context":"En \u00abAltos de Chavon\u00bb","block_context":{"text":"Altos de Chavon","link":"https:\/\/casadecampoliving.com\/category\/altos-de-chavon\/"},"img":{"alt_text":"","src":"https:\/\/i0.wp.com\/casadecampoliving.com\/wp-content\/uploads\/2022\/12\/MatildaGiacomoAliceyMirandaMoriconi.jpg?fit=1200%2C800&ssl=1&resize=350%2C200","width":350,"height":200,"srcset":"https:\/\/i0.wp.com\/casadecampoliving.com\/wp-content\/uploads\/2022\/12\/MatildaGiacomoAliceyMirandaMoriconi.jpg?fit=1200%2C800&ssl=1&resize=350%2C200 1x, https:\/\/i0.wp.com\/casadecampoliving.com\/wp-content\/uploads\/2022\/12\/MatildaGiacomoAliceyMirandaMoriconi.jpg?fit=1200%2C800&ssl=1&resize=525%2C300 1.5x, https:\/\/i0.wp.com\/casadecampoliving.com\/wp-content\/uploads\/2022\/12\/MatildaGiacomoAliceyMirandaMoriconi.jpg?fit=1200%2C800&ssl=1&resize=700%2C400 2x, https:\/\/i0.wp.com\/casadecampoliving.com\/wp-content\/uploads\/2022\/12\/MatildaGiacomoAliceyMirandaMoriconi.jpg?fit=1200%2C800&ssl=1&resize=1050%2C600 3x"},"classes":[]},{"id":353634,"url":"https:\/\/casadecampoliving.com\/es\/maracas-aguinaldos-cuenta-cuentos-y-mas-en-el-museo-arqueologico-regional-altos-de-chavon\/","url_meta":{"origin":511369,"position":1},"title":"\u00a1Maracas, aguinaldos, cuenta cuentos y m\u00e1s en el Museo Arqueol\u00f3gico Regional Altos de Chav\u00f3n!","author":"Casa de Campo Living","date":"13 Dic, 2019","format":false,"excerpt":"Con el objetivo de implementar actividades que desarrollen la creatividad de los ni\u00f1os y j\u00f3venes junto a sus familiares, CHAV\u00d3N El Museo Arqueol\u00f3gico para esta temporada navide\u00f1a ha creado un sinn\u00famero de actividades para los interesados en el mundo del arte, con exhibiciones, talleres, cuenta cuentos, entre otros. A partir\u2026","rel":"","context":"En \u00abAltos de Chavon @es\u00bb","block_context":{"text":"Altos de Chavon @es","link":"https:\/\/casadecampoliving.com\/category\/altos-de-chavon-es\/"},"img":{"alt_text":"","src":"https:\/\/i0.wp.com\/casadecampoliving.com\/wp-content\/uploads\/2022\/10\/IMG_4850-2.jpg?fit=1000%2C667&ssl=1&resize=350%2C200","width":350,"height":200,"srcset":"https:\/\/i0.wp.com\/casadecampoliving.com\/wp-content\/uploads\/2022\/10\/IMG_4850-2.jpg?fit=1000%2C667&ssl=1&resize=350%2C200 1x, https:\/\/i0.wp.com\/casadecampoliving.com\/wp-content\/uploads\/2022\/10\/IMG_4850-2.jpg?fit=1000%2C667&ssl=1&resize=525%2C300 1.5x, https:\/\/i0.wp.com\/casadecampoliving.com\/wp-content\/uploads\/2022\/10\/IMG_4850-2.jpg?fit=1000%2C667&ssl=1&resize=700%2C400 2x"},"classes":[]},{"id":433460,"url":"https:\/\/casadecampoliving.com\/es\/no-se-pierdan-el-increible-tributo-a-frank-sinatra-para-celebrar-el-40-aniversario-del-anfiteatro-altos-de-chavon\/","url_meta":{"origin":511369,"position":2},"title":"No se pierdan el incre\u00edble tributo a Frank Sinatra para celebrar el 40 aniversario del\u00a0Anfiteatro Altos de Chav\u00f3n","author":"Casa de Campo Living","date":"20 Oct, 2022","format":false,"excerpt":"Siendo uno de los escenarios m\u00e1s emblem\u00e1ticos del pa\u00eds, Casa de Campo Resort\u00ae & Villas celebra las cuatro d\u00e9cadas de aniversario de Altos de Chav\u00f3n con un tributo al gran Frank Sinatra, protagonizado por artistas invitados y una big band tal cual la que acompa\u00f1\u00f3 al artista hace 40 a\u00f1os\u2026","rel":"","context":"En \u00abUncategorized @es\u00bb","block_context":{"text":"Uncategorized @es","link":"https:\/\/casadecampoliving.com\/es\/category\/uncategorized-es\/"},"img":{"alt_text":"","src":"https:\/\/i0.wp.com\/casadecampoliving.com\/wp-content\/uploads\/2022\/10\/Tributo-Frank-Sinatra-Foto-Principal-Amaury-Sanchez-Danilo-Ginebra-Andres-Pichardo-y-Jose-Gabriel-Perez-.jpg?fit=1200%2C873&ssl=1&resize=350%2C200","width":350,"height":200,"srcset":"https:\/\/i0.wp.com\/casadecampoliving.com\/wp-content\/uploads\/2022\/10\/Tributo-Frank-Sinatra-Foto-Principal-Amaury-Sanchez-Danilo-Ginebra-Andres-Pichardo-y-Jose-Gabriel-Perez-.jpg?fit=1200%2C873&ssl=1&resize=350%2C200 1x, https:\/\/i0.wp.com\/casadecampoliving.com\/wp-content\/uploads\/2022\/10\/Tributo-Frank-Sinatra-Foto-Principal-Amaury-Sanchez-Danilo-Ginebra-Andres-Pichardo-y-Jose-Gabriel-Perez-.jpg?fit=1200%2C873&ssl=1&resize=525%2C300 1.5x, https:\/\/i0.wp.com\/casadecampoliving.com\/wp-content\/uploads\/2022\/10\/Tributo-Frank-Sinatra-Foto-Principal-Amaury-Sanchez-Danilo-Ginebra-Andres-Pichardo-y-Jose-Gabriel-Perez-.jpg?fit=1200%2C873&ssl=1&resize=700%2C400 2x, https:\/\/i0.wp.com\/casadecampoliving.com\/wp-content\/uploads\/2022\/10\/Tributo-Frank-Sinatra-Foto-Principal-Amaury-Sanchez-Danilo-Ginebra-Andres-Pichardo-y-Jose-Gabriel-Perez-.jpg?fit=1200%2C873&ssl=1&resize=1050%2C600 3x"},"classes":[]},{"id":339907,"url":"https:\/\/casadecampoliving.com\/es\/cemi-de-la-cohoba-por-yanet-castillo-encargada-del-museo-arqueologico-regional-de-altos-de-chavon\/","url_meta":{"origin":511369,"position":3},"title":"\u00abCem\u00ed de la Cohoba\u00bb por Yanet Castillo, Coordinadora de Educaci\u00f3n del Museo Arqueol\u00f3gico Regional de Altos de Chav\u00f3n!","author":"","date":"10 Oct, 2012","format":false,"excerpt":"Al momento de visitar un museo (de cualquier tipo), se ha preguntado alguna vez, cu\u00e1l ser\u00eda la pieza m\u00e1s importante de su colecci\u00f3n? Para el Museo Arqueol\u00f3gico Regional de Altos de Chav\u00f3n, la pieza Cem\u00ed o \u00eddolo ta\u00edno, es hoy por hoy la m\u00e1s importante, representando una de las piezas\u2026","rel":"","context":"En \u00abAltos de Chavon @es\u00bb","block_context":{"text":"Altos de Chavon @es","link":"https:\/\/casadecampoliving.com\/category\/altos-de-chavon-es\/"},"img":{"alt_text":"museo altos de chavon","src":"https:\/\/i0.wp.com\/casadecampoliving.com\/wp-content\/uploads\/2022\/10\/museo_altos_de_chavon-1.jpg?fit=650%2C400&ssl=1&resize=350%2C200","width":350,"height":200,"srcset":"https:\/\/i0.wp.com\/casadecampoliving.com\/wp-content\/uploads\/2022\/10\/museo_altos_de_chavon-1.jpg?fit=650%2C400&ssl=1&resize=350%2C200 1x, https:\/\/i0.wp.com\/casadecampoliving.com\/wp-content\/uploads\/2022\/10\/museo_altos_de_chavon-1.jpg?fit=650%2C400&ssl=1&resize=525%2C300 1.5x"},"classes":[]},{"id":349452,"url":"https:\/\/casadecampoliving.com\/es\/nueva-exposicion-en-museo-de-la-altagracia\/","url_meta":{"origin":511369,"position":4},"title":"Nueva exposici\u00f3n \u00abArte Sacro, Tradici\u00f3n Dominicana\u00bb en el Museo de la Altagracia","author":"Marlenys Guzm\u00e1n Casta\u00f1os","date":"17 Mar, 2016","format":false,"excerpt":"El Museo de la Altagracia estar\u00e1 presentando su m\u00e1s reciente exposici\u00f3n colectiva \u201cArte Sacro, Tradici\u00f3n Dominicana\u201d ahora hasta mayo. Abierta al p\u00fablico desde las 9:00 am a 5:00 pm de martes a domingo. El Museo abri\u00f3 en 2012, y se encuentra en los jardines de la Bas\u00edlica de la Altagracia\u2026","rel":"","context":"En \u00abArte y cultura\u00bb","block_context":{"text":"Arte y cultura","link":"https:\/\/casadecampoliving.com\/category\/arte-y-cultura\/"},"img":{"alt_text":"","src":"https:\/\/i0.wp.com\/casadecampoliving.com\/wp-content\/uploads\/2022\/10\/museo-altagracia-e1458254034320.jpg?fit=960%2C626&ssl=1&resize=350%2C200","width":350,"height":200,"srcset":"https:\/\/i0.wp.com\/casadecampoliving.com\/wp-content\/uploads\/2022\/10\/museo-altagracia-e1458254034320.jpg?fit=960%2C626&ssl=1&resize=350%2C200 1x, https:\/\/i0.wp.com\/casadecampoliving.com\/wp-content\/uploads\/2022\/10\/museo-altagracia-e1458254034320.jpg?fit=960%2C626&ssl=1&resize=525%2C300 1.5x, https:\/\/i0.wp.com\/casadecampoliving.com\/wp-content\/uploads\/2022\/10\/museo-altagracia-e1458254034320.jpg?fit=960%2C626&ssl=1&resize=700%2C400 2x"},"classes":[]},{"id":340138,"url":"https:\/\/casadecampoliving.com\/es\/reserve-la-fecha\/","url_meta":{"origin":511369,"position":5},"title":"Reserve la Fecha! Presentaci\u00f3n \u00abArte Furtivo\u00bb por Thimo Pimentel en el  Museo Arqueol\u00f3gico Regional Altos de Chav\u00f3n","author":"","date":"25 Nov, 2012","format":false,"excerpt":"Reserve la fecha! El pr\u00f3ximo s\u00e1bado 8 de diciembre el Museo Arqueol\u00f3gico Regional Altos de Chav\u00f3n, les invita a celebrar la Noche Larga de los Museos, con el disfrute de una serie de actividades culturales, entre las cuales se encuentra una magn\u00edfica conferencia realizada por el destacado artista gr\u00e1fico y\u2026","rel":"","context":"En \u00abAltos de Chavon @es\u00bb","block_context":{"text":"Altos de Chavon @es","link":"https:\/\/casadecampoliving.com\/category\/altos-de-chavon-es\/"},"img":{"alt_text":"","src":"https:\/\/i0.wp.com\/casadecampoliving.com\/wp-content\/uploads\/2022\/10\/arte_furtivo-1.jpg?fit=555%2C252&ssl=1&resize=350%2C200","width":350,"height":200,"srcset":"https:\/\/i0.wp.com\/casadecampoliving.com\/wp-content\/uploads\/2022\/10\/arte_furtivo-1.jpg?fit=555%2C252&ssl=1&resize=350%2C200 1x, https:\/\/i0.wp.com\/casadecampoliving.com\/wp-content\/uploads\/2022\/10\/arte_furtivo-1.jpg?fit=555%2C252&ssl=1&resize=525%2C300 1.5x"},"classes":[]}],"jetpack_sharing_enabled":true,"_links":{"self":[{"href":"https:\/\/casadecampoliving.com\/es\/wp-json\/wp\/v2\/posts\/511369","targetHints":{"allow":["GET"]}}],"collection":[{"href":"https:\/\/casadecampoliving.com\/es\/wp-json\/wp\/v2\/posts"}],"about":[{"href":"https:\/\/casadecampoliving.com\/es\/wp-json\/wp\/v2\/types\/post"}],"author":[{"embeddable":true,"href":"https:\/\/casadecampoliving.com\/es\/wp-json\/wp\/v2\/users\/36791"}],"replies":[{"embeddable":true,"href":"https:\/\/casadecampoliving.com\/es\/wp-json\/wp\/v2\/comments?post=511369"}],"version-history":[{"count":2,"href":"https:\/\/casadecampoliving.com\/es\/wp-json\/wp\/v2\/posts\/511369\/revisions"}],"predecessor-version":[{"id":511427,"href":"https:\/\/casadecampoliving.com\/es\/wp-json\/wp\/v2\/posts\/511369\/revisions\/511427"}],"wp:featuredmedia":[{"embeddable":true,"href":"https:\/\/casadecampoliving.com\/es\/wp-json\/wp\/v2\/media\/511377"}],"wp:attachment":[{"href":"https:\/\/casadecampoliving.com\/es\/wp-json\/wp\/v2\/media?parent=511369"}],"wp:term":[{"taxonomy":"category","embeddable":true,"href":"https:\/\/casadecampoliving.com\/es\/wp-json\/wp\/v2\/categories?post=511369"},{"taxonomy":"post_tag","embeddable":true,"href":"https:\/\/casadecampoliving.com\/es\/wp-json\/wp\/v2\/tags?post=511369"},{"taxonomy":"newspack_spnsrs_tax","embeddable":true,"href":"https:\/\/casadecampoliving.com\/es\/wp-json\/wp\/v2\/newspack_spnsrs_tax?post=511369"}],"curies":[{"name":"wp","href":"https:\/\/api.w.org\/{rel}","templated":true}]}}