{"id":510986,"date":"2022-11-15T08:14:10","date_gmt":"2022-11-15T12:14:10","guid":{"rendered":"https:\/\/casadecampoliving.com\/?p=510986"},"modified":"2022-11-21T12:28:25","modified_gmt":"2022-11-21T16:28:25","slug":"este-ano-ordene-una-increible-comida-de-accion-de-gracias-con-los-menus-especiales-y-servicios-de-catering-de-casa-de-campo","status":"publish","type":"post","link":"https:\/\/casadecampoliving.com\/es\/este-ano-ordene-una-increible-comida-de-accion-de-gracias-con-los-menus-especiales-y-servicios-de-catering-de-casa-de-campo\/","title":{"rendered":"Este a\u00f1o ordene una incre\u00edble comida de Acci\u00f3n de Gracias con los men\u00fas especiales y Servicios de Catering de Casa de Campo"},"content":{"rendered":"\n<p class=\"has-text-align-justify\">El D\u00eda de Acci\u00f3n de Gracias puede no ser una tradici\u00f3n dominicana y ciertamente no es un d\u00eda festivo dominicano (lo que significa que no tenemos un d\u00eda libre), PERO, es un d\u00eda que todav\u00eda se celebra en la Rep\u00fablica Dominicana, \u00a1por muchas personas y de muchas maneras diferentes!<\/p>\n\n\n\n<p class=\"has-text-align-justify\">Si bien la competencia Best Turkey de esta semana preparar\u00e1 nuestros est\u00f3magos para el D\u00eda de Acci\u00f3n de Gracias, \u00a1el d\u00eda para celebrarlo es el jueves 28 de noviembre! A todos nos encanta una buena comida y no hay mejor \u00e9poca del a\u00f1o para disfrutar de deliciosos manjares que en este festival de la cosecha que es una tradici\u00f3n de m\u00e1s de 400 a\u00f1os. Rod\u00e9ese de sus seres queridos la pr\u00f3xima semana y participe de las cenas especiales de Casa de Campo en cualquiera de sus restaurantes y disfrute al m\u00e1ximo.<\/p>\n\n\n\n<p class=\"has-text-align-justify\">Aquellos de ustedes que mejor prefieran organizar una reuni\u00f3n familiar y de amigos en su hogar pueden encargarse f\u00e1cilmente de los arreglos para la cena con el servicio catering en Villa de Casa de Campo. Elija entre un men\u00fa tradicional o de inspiraci\u00f3n dominicana, el \u00faltimo de los cuales incluye pavo con relleno de mofongo, coles de Bruselas y una deliciosa ensalada de jud\u00edas verdes con ajo confitado y almendras tostadas. El postre incluye una selecci\u00f3n de pastel de nuez, tarta de manzana o cheesecake de calabaza.<\/p>\n\n\n\n<p><strong>\u00a1Prepara tus planes de Acci\u00f3n de Gracias con anticipaci\u00f3n!<\/strong><\/p>\n\n\n\n<p class=\"has-text-align-justify\">Para obtener m\u00e1s informaci\u00f3n y hacer su reserva, llame a la Gerente de Ventas de Catering de Casa de Campo, Ana Karen, al 809-523-2095 o a.fulgencio@ccampo.com.do<\/p>\n\n\n\n<p>Vea los men\u00fas especiales que Casa de Campo ofrecer\u00e1 este a\u00f1o:<\/p>\n\n\n\n<figure class=\"wp-block-gallery has-nested-images columns-default is-cropped wp-block-gallery-1 is-layout-flex wp-block-gallery-is-layout-flex\">\n<figure class=\"wp-block-image size-large\"><img data-recalc-dims=\"1\" loading=\"lazy\" decoding=\"async\" width=\"791\" height=\"1024\" data-id=\"510598\" src=\"https:\/\/i0.wp.com\/casadecampoliving.com\/wp-content\/uploads\/2022\/11\/Thanksgiving-2022_Casa-Catering_IN-1-1.png?resize=791%2C1024&#038;ssl=1\" alt=\"\" class=\"wp-image-510598\" srcset=\"https:\/\/i0.wp.com\/casadecampoliving.com\/wp-content\/uploads\/2022\/11\/Thanksgiving-2022_Casa-Catering_IN-1-1.png?resize=791%2C1024&amp;ssl=1 791w, https:\/\/i0.wp.com\/casadecampoliving.com\/wp-content\/uploads\/2022\/11\/Thanksgiving-2022_Casa-Catering_IN-1-1.png?resize=232%2C300&amp;ssl=1 232w, https:\/\/i0.wp.com\/casadecampoliving.com\/wp-content\/uploads\/2022\/11\/Thanksgiving-2022_Casa-Catering_IN-1-1.png?resize=768%2C994&amp;ssl=1 768w, https:\/\/i0.wp.com\/casadecampoliving.com\/wp-content\/uploads\/2022\/11\/Thanksgiving-2022_Casa-Catering_IN-1-1.png?resize=1187%2C1536&amp;ssl=1 1187w, https:\/\/i0.wp.com\/casadecampoliving.com\/wp-content\/uploads\/2022\/11\/Thanksgiving-2022_Casa-Catering_IN-1-1.png?resize=1583%2C2048&amp;ssl=1 1583w, https:\/\/i0.wp.com\/casadecampoliving.com\/wp-content\/uploads\/2022\/11\/Thanksgiving-2022_Casa-Catering_IN-1-1.png?resize=1200%2C1553&amp;ssl=1 1200w, https:\/\/i0.wp.com\/casadecampoliving.com\/wp-content\/uploads\/2022\/11\/Thanksgiving-2022_Casa-Catering_IN-1-1.png?resize=1568%2C2029&amp;ssl=1 1568w, https:\/\/i0.wp.com\/casadecampoliving.com\/wp-content\/uploads\/2022\/11\/Thanksgiving-2022_Casa-Catering_IN-1-1.png?resize=400%2C518&amp;ssl=1 400w, https:\/\/i0.wp.com\/casadecampoliving.com\/wp-content\/uploads\/2022\/11\/Thanksgiving-2022_Casa-Catering_IN-1-1.png?resize=1320%2C1708&amp;ssl=1 1320w, https:\/\/i0.wp.com\/casadecampoliving.com\/wp-content\/uploads\/2022\/11\/Thanksgiving-2022_Casa-Catering_IN-1-1.png?resize=150%2C194&amp;ssl=1 150w, https:\/\/i0.wp.com\/casadecampoliving.com\/wp-content\/uploads\/2022\/11\/Thanksgiving-2022_Casa-Catering_IN-1-1.png?w=1700&amp;ssl=1 1700w, https:\/\/i0.wp.com\/casadecampoliving.com\/wp-content\/uploads\/2022\/11\/Thanksgiving-2022_Casa-Catering_IN-1-1-791x1024.png?w=370&amp;ssl=1 370w\" sizes=\"auto, (max-width: 791px) 100vw, 791px\" \/><\/figure>\n\n\n\n<figure class=\"wp-block-image size-large\"><img data-recalc-dims=\"1\" loading=\"lazy\" decoding=\"async\" width=\"396\" height=\"1024\" data-id=\"510594\" src=\"https:\/\/i0.wp.com\/casadecampoliving.com\/wp-content\/uploads\/2022\/11\/Thanksgiving-2022_Minitas-1.png?resize=396%2C1024&#038;ssl=1\" alt=\"\" class=\"wp-image-510594\" srcset=\"https:\/\/i0.wp.com\/casadecampoliving.com\/wp-content\/uploads\/2022\/11\/Thanksgiving-2022_Minitas-1.png?resize=396%2C1024&amp;ssl=1 396w, https:\/\/i0.wp.com\/casadecampoliving.com\/wp-content\/uploads\/2022\/11\/Thanksgiving-2022_Minitas-1.png?resize=116%2C300&amp;ssl=1 116w, https:\/\/i0.wp.com\/casadecampoliving.com\/wp-content\/uploads\/2022\/11\/Thanksgiving-2022_Minitas-1.png?resize=768%2C1988&amp;ssl=1 768w, https:\/\/i0.wp.com\/casadecampoliving.com\/wp-content\/uploads\/2022\/11\/Thanksgiving-2022_Minitas-1.png?resize=791%2C2048&amp;ssl=1 791w, https:\/\/i0.wp.com\/casadecampoliving.com\/wp-content\/uploads\/2022\/11\/Thanksgiving-2022_Minitas-1.png?resize=400%2C1035&amp;ssl=1 400w, https:\/\/i0.wp.com\/casadecampoliving.com\/wp-content\/uploads\/2022\/11\/Thanksgiving-2022_Minitas-1.png?resize=150%2C388&amp;ssl=1 150w, https:\/\/i0.wp.com\/casadecampoliving.com\/wp-content\/uploads\/2022\/11\/Thanksgiving-2022_Minitas-1.png?w=850&amp;ssl=1 850w, https:\/\/i0.wp.com\/casadecampoliving.com\/wp-content\/uploads\/2022\/11\/Thanksgiving-2022_Minitas-1-396x1024.png?w=370&amp;ssl=1 370w\" sizes=\"auto, (max-width: 396px) 100vw, 396px\" \/><\/figure>\n\n\n\n<figure class=\"wp-block-image size-large\"><img data-recalc-dims=\"1\" loading=\"lazy\" decoding=\"async\" width=\"396\" height=\"1024\" data-id=\"510592\" src=\"https:\/\/i0.wp.com\/casadecampoliving.com\/wp-content\/uploads\/2022\/11\/Thanksgiving-2022_La-Cana-1-1.png?resize=396%2C1024&#038;ssl=1\" alt=\"\" class=\"wp-image-510592\" srcset=\"https:\/\/i0.wp.com\/casadecampoliving.com\/wp-content\/uploads\/2022\/11\/Thanksgiving-2022_La-Cana-1-1.png?resize=396%2C1024&amp;ssl=1 396w, https:\/\/i0.wp.com\/casadecampoliving.com\/wp-content\/uploads\/2022\/11\/Thanksgiving-2022_La-Cana-1-1.png?resize=116%2C300&amp;ssl=1 116w, https:\/\/i0.wp.com\/casadecampoliving.com\/wp-content\/uploads\/2022\/11\/Thanksgiving-2022_La-Cana-1-1.png?resize=768%2C1988&amp;ssl=1 768w, https:\/\/i0.wp.com\/casadecampoliving.com\/wp-content\/uploads\/2022\/11\/Thanksgiving-2022_La-Cana-1-1.png?resize=791%2C2048&amp;ssl=1 791w, https:\/\/i0.wp.com\/casadecampoliving.com\/wp-content\/uploads\/2022\/11\/Thanksgiving-2022_La-Cana-1-1.png?resize=400%2C1035&amp;ssl=1 400w, https:\/\/i0.wp.com\/casadecampoliving.com\/wp-content\/uploads\/2022\/11\/Thanksgiving-2022_La-Cana-1-1.png?resize=150%2C388&amp;ssl=1 150w, https:\/\/i0.wp.com\/casadecampoliving.com\/wp-content\/uploads\/2022\/11\/Thanksgiving-2022_La-Cana-1-1.png?w=850&amp;ssl=1 850w, https:\/\/i0.wp.com\/casadecampoliving.com\/wp-content\/uploads\/2022\/11\/Thanksgiving-2022_La-Cana-1-1-396x1024.png?w=370&amp;ssl=1 370w\" sizes=\"auto, (max-width: 396px) 100vw, 396px\" \/><\/figure>\n\n\n\n<figure class=\"wp-block-image size-large\"><img data-recalc-dims=\"1\" loading=\"lazy\" decoding=\"async\" width=\"396\" height=\"1024\" data-id=\"510588\" src=\"https:\/\/i0.wp.com\/casadecampoliving.com\/wp-content\/uploads\/2022\/11\/Thanksgiving-2022_La-Casita-1.png?resize=396%2C1024&#038;ssl=1\" alt=\"\" class=\"wp-image-510588\" srcset=\"https:\/\/i0.wp.com\/casadecampoliving.com\/wp-content\/uploads\/2022\/11\/Thanksgiving-2022_La-Casita-1.png?resize=396%2C1024&amp;ssl=1 396w, https:\/\/i0.wp.com\/casadecampoliving.com\/wp-content\/uploads\/2022\/11\/Thanksgiving-2022_La-Casita-1.png?resize=116%2C300&amp;ssl=1 116w, https:\/\/i0.wp.com\/casadecampoliving.com\/wp-content\/uploads\/2022\/11\/Thanksgiving-2022_La-Casita-1.png?resize=768%2C1988&amp;ssl=1 768w, https:\/\/i0.wp.com\/casadecampoliving.com\/wp-content\/uploads\/2022\/11\/Thanksgiving-2022_La-Casita-1.png?resize=791%2C2048&amp;ssl=1 791w, https:\/\/i0.wp.com\/casadecampoliving.com\/wp-content\/uploads\/2022\/11\/Thanksgiving-2022_La-Casita-1.png?resize=400%2C1035&amp;ssl=1 400w, https:\/\/i0.wp.com\/casadecampoliving.com\/wp-content\/uploads\/2022\/11\/Thanksgiving-2022_La-Casita-1.png?resize=150%2C388&amp;ssl=1 150w, https:\/\/i0.wp.com\/casadecampoliving.com\/wp-content\/uploads\/2022\/11\/Thanksgiving-2022_La-Casita-1.png?w=850&amp;ssl=1 850w, https:\/\/i0.wp.com\/casadecampoliving.com\/wp-content\/uploads\/2022\/11\/Thanksgiving-2022_La-Casita-1-396x1024.png?w=370&amp;ssl=1 370w\" sizes=\"auto, (max-width: 396px) 100vw, 396px\" \/><\/figure>\n\n\n\n<figure class=\"wp-block-image size-large\"><img data-recalc-dims=\"1\" loading=\"lazy\" decoding=\"async\" width=\"396\" height=\"1024\" data-id=\"510586\" src=\"https:\/\/i0.wp.com\/casadecampoliving.com\/wp-content\/uploads\/2022\/11\/Thanksgiving-2022_La-Piazzetta-1.png?resize=396%2C1024&#038;ssl=1\" alt=\"\" class=\"wp-image-510586\" srcset=\"https:\/\/i0.wp.com\/casadecampoliving.com\/wp-content\/uploads\/2022\/11\/Thanksgiving-2022_La-Piazzetta-1.png?resize=396%2C1024&amp;ssl=1 396w, https:\/\/i0.wp.com\/casadecampoliving.com\/wp-content\/uploads\/2022\/11\/Thanksgiving-2022_La-Piazzetta-1.png?resize=116%2C300&amp;ssl=1 116w, https:\/\/i0.wp.com\/casadecampoliving.com\/wp-content\/uploads\/2022\/11\/Thanksgiving-2022_La-Piazzetta-1.png?resize=768%2C1988&amp;ssl=1 768w, https:\/\/i0.wp.com\/casadecampoliving.com\/wp-content\/uploads\/2022\/11\/Thanksgiving-2022_La-Piazzetta-1.png?resize=791%2C2048&amp;ssl=1 791w, https:\/\/i0.wp.com\/casadecampoliving.com\/wp-content\/uploads\/2022\/11\/Thanksgiving-2022_La-Piazzetta-1.png?resize=400%2C1035&amp;ssl=1 400w, https:\/\/i0.wp.com\/casadecampoliving.com\/wp-content\/uploads\/2022\/11\/Thanksgiving-2022_La-Piazzetta-1.png?resize=150%2C388&amp;ssl=1 150w, https:\/\/i0.wp.com\/casadecampoliving.com\/wp-content\/uploads\/2022\/11\/Thanksgiving-2022_La-Piazzetta-1.png?w=850&amp;ssl=1 850w, https:\/\/i0.wp.com\/casadecampoliving.com\/wp-content\/uploads\/2022\/11\/Thanksgiving-2022_La-Piazzetta-1-396x1024.png?w=370&amp;ssl=1 370w\" sizes=\"auto, (max-width: 396px) 100vw, 396px\" \/><\/figure>\n<\/figure>\n","protected":false},"excerpt":{"rendered":"<p>El D\u00eda de Acci\u00f3n de Gracias puede no ser una tradici\u00f3n dominicana y ciertamente no es un d\u00eda festivo dominicano (lo que significa que no tenemos un d\u00eda libre), PERO, es un d\u00eda que todav\u00eda se celebra en la Rep\u00fablica Dominicana, \u00a1por muchas personas y de muchas maneras diferentes! Si bien la competencia Best Turkey [&hellip;]<\/p>\n","protected":false},"author":36791,"featured_media":309898,"comment_status":"closed","ping_status":"closed","sticky":false,"template":"","format":"standard","meta":{"newspack_ads_suppress_ads":false,"newspack_popups_has_disabled_popups":false,"newspack_sponsor_sponsorship_scope":"","newspack_sponsor_native_byline_display":"inherit","newspack_sponsor_native_category_display":"inherit","newspack_sponsor_underwriter_style":"inherit","newspack_sponsor_underwriter_placement":"inherit","_newspack_byline_active":false,"_newspack_byline":"","newspack_hide_updated_date":false,"newspack_show_updated_date":false,"newspack_content_restriction_is_exempt":false,"newspack_featured_image_position":"beside","newspack_post_subtitle":"","newspack_article_summary_title":"Overview:","newspack_article_summary":"","_jetpack_memberships_contains_paid_content":false,"footnotes":"","jetpack_publicize_message":"","jetpack_publicize_feature_enabled":true,"jetpack_social_post_already_shared":true,"jetpack_social_options":{"image_generator_settings":{"template":"highway","default_image_id":0,"font":"","enabled":false},"version":2},"_wpas_customize_per_network":false},"categories":[2498],"tags":[23815,3626,18929,14736],"newspack_spnsrs_tax":[],"class_list":["post-510986","post","type-post","status-publish","format-standard","has-post-thumbnail","hentry","category-uncategorized-es","tag-casa-de-campo-es-17","tag-casa-de-campo-es","tag-dining-es","tag-featured-topview-es","entry"],"yoast_head":"<!-- This site is optimized with the Yoast SEO plugin v27.4 - https:\/\/yoast.com\/product\/yoast-seo-wordpress\/ -->\n<title>Este a\u00f1o ordene una incre\u00edble comida de Acci\u00f3n de Gracias con los men\u00fas especiales y Servicios de Catering de Casa de Campo | Casa de Campo Living<\/title>\n<meta name=\"description\" content=\"El D\u00eda de Acci\u00f3n de Gracias puede no ser una tradici\u00f3n dominicana y ciertamente no es un d\u00eda festivo dominicano (lo que significa que no tenemos un d\u00eda\" \/>\n<meta name=\"robots\" content=\"index, follow, max-snippet:-1, max-image-preview:large, max-video-preview:-1\" \/>\n<link rel=\"canonical\" href=\"https:\/\/casadecampoliving.com\/es\/este-ano-ordene-una-increible-comida-de-accion-de-gracias-con-los-menus-especiales-y-servicios-de-catering-de-casa-de-campo\/\" \/>\n<meta property=\"og:locale\" content=\"es_ES\" \/>\n<meta property=\"og:type\" content=\"article\" \/>\n<meta property=\"og:title\" content=\"Este a\u00f1o ordene una incre\u00edble comida de Acci\u00f3n de Gracias con los men\u00fas especiales y Servicios de Catering de Casa de Campo | Casa de Campo Living\" \/>\n<meta property=\"og:description\" content=\"El D\u00eda de Acci\u00f3n de Gracias puede no ser una tradici\u00f3n dominicana y ciertamente no es un d\u00eda festivo dominicano (lo que significa que no tenemos un d\u00eda\" \/>\n<meta property=\"og:url\" content=\"https:\/\/casadecampoliving.com\/es\/este-ano-ordene-una-increible-comida-de-accion-de-gracias-con-los-menus-especiales-y-servicios-de-catering-de-casa-de-campo\/\" \/>\n<meta property=\"og:site_name\" content=\"Casa de Campo Living\" \/>\n<meta property=\"article:publisher\" content=\"https:\/\/www.facebook.com\/casadecampoliving\" \/>\n<meta property=\"article:published_time\" content=\"2022-11-15T12:14:10+00:00\" \/>\n<meta property=\"article:modified_time\" content=\"2022-11-21T16:28:25+00:00\" \/>\n<meta property=\"og:image\" content=\"https:\/\/casadecampoliving.com\/wp-content\/uploads\/2022\/10\/Thanksgiving_Casa_de_Campo01.jpg\" \/>\n\t<meta property=\"og:image:width\" content=\"1000\" \/>\n\t<meta property=\"og:image:height\" content=\"667\" \/>\n\t<meta property=\"og:image:type\" content=\"image\/jpeg\" \/>\n<meta name=\"author\" content=\"Casa de Campo Living\" \/>\n<meta name=\"twitter:card\" content=\"summary_large_image\" \/>\n<meta name=\"twitter:creator\" content=\"@cdcliving\" \/>\n<meta name=\"twitter:site\" content=\"@cdcliving\" \/>\n<meta name=\"twitter:label1\" content=\"Escrito por\" \/>\n\t<meta name=\"twitter:data1\" content=\"Casa de Campo Living\" \/>\n\t<meta name=\"twitter:label2\" content=\"Tiempo de lectura\" \/>\n\t<meta name=\"twitter:data2\" content=\"3 minutos\" \/>\n<script type=\"application\/ld+json\" class=\"yoast-schema-graph\">{\"@context\":\"https:\\\/\\\/schema.org\",\"@graph\":[{\"@type\":\"Article\",\"@id\":\"https:\\\/\\\/casadecampoliving.com\\\/es\\\/este-ano-ordene-una-increible-comida-de-accion-de-gracias-con-los-menus-especiales-y-servicios-de-catering-de-casa-de-campo\\\/#article\",\"isPartOf\":{\"@id\":\"https:\\\/\\\/casadecampoliving.com\\\/es\\\/este-ano-ordene-una-increible-comida-de-accion-de-gracias-con-los-menus-especiales-y-servicios-de-catering-de-casa-de-campo\\\/\"},\"author\":{\"name\":\"Casa de Campo Living\",\"@id\":\"https:\\\/\\\/casadecampoliving.com\\\/es\\\/#\\\/schema\\\/person\\\/5d2171637a9d11e0e43ce6b8555f9422\"},\"headline\":\"Este a\u00f1o ordene una incre\u00edble comida de Acci\u00f3n de Gracias con los men\u00fas especiales y Servicios de Catering de Casa de Campo\",\"datePublished\":\"2022-11-15T12:14:10+00:00\",\"dateModified\":\"2022-11-21T16:28:25+00:00\",\"mainEntityOfPage\":{\"@id\":\"https:\\\/\\\/casadecampoliving.com\\\/es\\\/este-ano-ordene-una-increible-comida-de-accion-de-gracias-con-los-menus-especiales-y-servicios-de-catering-de-casa-de-campo\\\/\"},\"wordCount\":332,\"publisher\":{\"@id\":\"https:\\\/\\\/casadecampoliving.com\\\/es\\\/#organization\"},\"image\":{\"@id\":\"https:\\\/\\\/casadecampoliving.com\\\/es\\\/este-ano-ordene-una-increible-comida-de-accion-de-gracias-con-los-menus-especiales-y-servicios-de-catering-de-casa-de-campo\\\/#primaryimage\"},\"thumbnailUrl\":\"https:\\\/\\\/i0.wp.com\\\/casadecampoliving.com\\\/wp-content\\\/uploads\\\/2022\\\/10\\\/Thanksgiving_Casa_de_Campo01.jpg?fit=1000%2C667&ssl=1\",\"keywords\":[\"Casa de Campo\",\"casa de campo @es\",\"Dining\",\"Featured-TopView @es\"],\"articleSection\":[\"Uncategorized @es\"],\"inLanguage\":\"es\"},{\"@type\":\"WebPage\",\"@id\":\"https:\\\/\\\/casadecampoliving.com\\\/es\\\/este-ano-ordene-una-increible-comida-de-accion-de-gracias-con-los-menus-especiales-y-servicios-de-catering-de-casa-de-campo\\\/\",\"url\":\"https:\\\/\\\/casadecampoliving.com\\\/es\\\/este-ano-ordene-una-increible-comida-de-accion-de-gracias-con-los-menus-especiales-y-servicios-de-catering-de-casa-de-campo\\\/\",\"name\":\"Este a\u00f1o ordene una incre\u00edble comida de Acci\u00f3n de Gracias con los men\u00fas especiales y Servicios de Catering de Casa de Campo | Casa de Campo Living\",\"isPartOf\":{\"@id\":\"https:\\\/\\\/casadecampoliving.com\\\/es\\\/#website\"},\"primaryImageOfPage\":{\"@id\":\"https:\\\/\\\/casadecampoliving.com\\\/es\\\/este-ano-ordene-una-increible-comida-de-accion-de-gracias-con-los-menus-especiales-y-servicios-de-catering-de-casa-de-campo\\\/#primaryimage\"},\"image\":{\"@id\":\"https:\\\/\\\/casadecampoliving.com\\\/es\\\/este-ano-ordene-una-increible-comida-de-accion-de-gracias-con-los-menus-especiales-y-servicios-de-catering-de-casa-de-campo\\\/#primaryimage\"},\"thumbnailUrl\":\"https:\\\/\\\/i0.wp.com\\\/casadecampoliving.com\\\/wp-content\\\/uploads\\\/2022\\\/10\\\/Thanksgiving_Casa_de_Campo01.jpg?fit=1000%2C667&ssl=1\",\"datePublished\":\"2022-11-15T12:14:10+00:00\",\"dateModified\":\"2022-11-21T16:28:25+00:00\",\"description\":\"El D\u00eda de Acci\u00f3n de Gracias puede no ser una tradici\u00f3n dominicana y ciertamente no es un d\u00eda festivo dominicano (lo que significa que no tenemos un d\u00eda\",\"breadcrumb\":{\"@id\":\"https:\\\/\\\/casadecampoliving.com\\\/es\\\/este-ano-ordene-una-increible-comida-de-accion-de-gracias-con-los-menus-especiales-y-servicios-de-catering-de-casa-de-campo\\\/#breadcrumb\"},\"inLanguage\":\"es\",\"potentialAction\":[{\"@type\":\"ReadAction\",\"target\":[\"https:\\\/\\\/casadecampoliving.com\\\/es\\\/este-ano-ordene-una-increible-comida-de-accion-de-gracias-con-los-menus-especiales-y-servicios-de-catering-de-casa-de-campo\\\/\"]}]},{\"@type\":\"ImageObject\",\"inLanguage\":\"es\",\"@id\":\"https:\\\/\\\/casadecampoliving.com\\\/es\\\/este-ano-ordene-una-increible-comida-de-accion-de-gracias-con-los-menus-especiales-y-servicios-de-catering-de-casa-de-campo\\\/#primaryimage\",\"url\":\"https:\\\/\\\/i0.wp.com\\\/casadecampoliving.com\\\/wp-content\\\/uploads\\\/2022\\\/10\\\/Thanksgiving_Casa_de_Campo01.jpg?fit=1000%2C667&ssl=1\",\"contentUrl\":\"https:\\\/\\\/i0.wp.com\\\/casadecampoliving.com\\\/wp-content\\\/uploads\\\/2022\\\/10\\\/Thanksgiving_Casa_de_Campo01.jpg?fit=1000%2C667&ssl=1\",\"width\":1000,\"height\":667,\"caption\":\"Thanksgiving in Casa de Campo\"},{\"@type\":\"BreadcrumbList\",\"@id\":\"https:\\\/\\\/casadecampoliving.com\\\/es\\\/este-ano-ordene-una-increible-comida-de-accion-de-gracias-con-los-menus-especiales-y-servicios-de-catering-de-casa-de-campo\\\/#breadcrumb\",\"itemListElement\":[{\"@type\":\"ListItem\",\"position\":1,\"name\":\"Home\",\"item\":\"https:\\\/\\\/casadecampoliving.com\\\/es\\\/\"},{\"@type\":\"ListItem\",\"position\":2,\"name\":\"Este a\u00f1o ordene una incre\u00edble comida de Acci\u00f3n de Gracias con los men\u00fas especiales y Servicios de Catering de Casa de Campo\"}]},{\"@type\":\"WebSite\",\"@id\":\"https:\\\/\\\/casadecampoliving.com\\\/es\\\/#website\",\"url\":\"https:\\\/\\\/casadecampoliving.com\\\/es\\\/\",\"name\":\"Casa de Campo Living\",\"description\":\"Resort community news and resources.\",\"publisher\":{\"@id\":\"https:\\\/\\\/casadecampoliving.com\\\/es\\\/#organization\"},\"potentialAction\":[{\"@type\":\"SearchAction\",\"target\":{\"@type\":\"EntryPoint\",\"urlTemplate\":\"https:\\\/\\\/casadecampoliving.com\\\/es\\\/?s={search_term_string}\"},\"query-input\":{\"@type\":\"PropertyValueSpecification\",\"valueRequired\":true,\"valueName\":\"search_term_string\"}}],\"inLanguage\":\"es\"},{\"@type\":\"Organization\",\"@id\":\"https:\\\/\\\/casadecampoliving.com\\\/es\\\/#organization\",\"name\":\"Casa de Campo Living\",\"url\":\"https:\\\/\\\/casadecampoliving.com\\\/es\\\/\",\"logo\":{\"@type\":\"ImageObject\",\"inLanguage\":\"es\",\"@id\":\"https:\\\/\\\/casadecampoliving.com\\\/es\\\/#\\\/schema\\\/logo\\\/image\\\/\",\"url\":\"https:\\\/\\\/i0.wp.com\\\/casadecampoliving.com\\\/wp-content\\\/uploads\\\/2022\\\/07\\\/CDCLivingLogo_V1-white-sized.png?fit=800%2C214&ssl=1\",\"contentUrl\":\"https:\\\/\\\/i0.wp.com\\\/casadecampoliving.com\\\/wp-content\\\/uploads\\\/2022\\\/07\\\/CDCLivingLogo_V1-white-sized.png?fit=800%2C214&ssl=1\",\"width\":800,\"height\":214,\"caption\":\"Casa de Campo Living\"},\"image\":{\"@id\":\"https:\\\/\\\/casadecampoliving.com\\\/es\\\/#\\\/schema\\\/logo\\\/image\\\/\"},\"sameAs\":[\"https:\\\/\\\/www.facebook.com\\\/casadecampoliving\",\"https:\\\/\\\/x.com\\\/cdcliving\"]},{\"@type\":\"Person\",\"@id\":\"https:\\\/\\\/casadecampoliving.com\\\/es\\\/#\\\/schema\\\/person\\\/5d2171637a9d11e0e43ce6b8555f9422\",\"name\":\"Casa de Campo Living\",\"image\":{\"@type\":\"ImageObject\",\"inLanguage\":\"es\",\"@id\":\"https:\\\/\\\/secure.gravatar.com\\\/avatar\\\/d04101fa4a9fd431e939953b1500fdc7a73cd35029f86d98712fd8ccdaebaf9a?s=96&d=mm&r=g\",\"url\":\"https:\\\/\\\/secure.gravatar.com\\\/avatar\\\/d04101fa4a9fd431e939953b1500fdc7a73cd35029f86d98712fd8ccdaebaf9a?s=96&d=mm&r=g\",\"contentUrl\":\"https:\\\/\\\/secure.gravatar.com\\\/avatar\\\/d04101fa4a9fd431e939953b1500fdc7a73cd35029f86d98712fd8ccdaebaf9a?s=96&d=mm&r=g\",\"caption\":\"Casa de Campo Living\"},\"url\":\"https:\\\/\\\/casadecampoliving.com\\\/es\\\/author\\\/casa-de-campo-living\\\/\"}]}<\/script>\n<!-- \/ Yoast SEO plugin. -->","yoast_head_json":{"title":"Este a\u00f1o ordene una incre\u00edble comida de Acci\u00f3n de Gracias con los men\u00fas especiales y Servicios de Catering de Casa de Campo | Casa de Campo Living","description":"El D\u00eda de Acci\u00f3n de Gracias puede no ser una tradici\u00f3n dominicana y ciertamente no es un d\u00eda festivo dominicano (lo que significa que no tenemos un d\u00eda","robots":{"index":"index","follow":"follow","max-snippet":"max-snippet:-1","max-image-preview":"max-image-preview:large","max-video-preview":"max-video-preview:-1"},"canonical":"https:\/\/casadecampoliving.com\/es\/este-ano-ordene-una-increible-comida-de-accion-de-gracias-con-los-menus-especiales-y-servicios-de-catering-de-casa-de-campo\/","og_locale":"es_ES","og_type":"article","og_title":"Este a\u00f1o ordene una incre\u00edble comida de Acci\u00f3n de Gracias con los men\u00fas especiales y Servicios de Catering de Casa de Campo | Casa de Campo Living","og_description":"El D\u00eda de Acci\u00f3n de Gracias puede no ser una tradici\u00f3n dominicana y ciertamente no es un d\u00eda festivo dominicano (lo que significa que no tenemos un d\u00eda","og_url":"https:\/\/casadecampoliving.com\/es\/este-ano-ordene-una-increible-comida-de-accion-de-gracias-con-los-menus-especiales-y-servicios-de-catering-de-casa-de-campo\/","og_site_name":"Casa de Campo Living","article_publisher":"https:\/\/www.facebook.com\/casadecampoliving","article_published_time":"2022-11-15T12:14:10+00:00","article_modified_time":"2022-11-21T16:28:25+00:00","og_image":[{"width":1000,"height":667,"url":"https:\/\/casadecampoliving.com\/wp-content\/uploads\/2022\/10\/Thanksgiving_Casa_de_Campo01.jpg","type":"image\/jpeg"}],"author":"Casa de Campo Living","twitter_card":"summary_large_image","twitter_creator":"@cdcliving","twitter_site":"@cdcliving","twitter_misc":{"Escrito por":"Casa de Campo Living","Tiempo de lectura":"3 minutos"},"schema":{"@context":"https:\/\/schema.org","@graph":[{"@type":"Article","@id":"https:\/\/casadecampoliving.com\/es\/este-ano-ordene-una-increible-comida-de-accion-de-gracias-con-los-menus-especiales-y-servicios-de-catering-de-casa-de-campo\/#article","isPartOf":{"@id":"https:\/\/casadecampoliving.com\/es\/este-ano-ordene-una-increible-comida-de-accion-de-gracias-con-los-menus-especiales-y-servicios-de-catering-de-casa-de-campo\/"},"author":{"name":"Casa de Campo Living","@id":"https:\/\/casadecampoliving.com\/es\/#\/schema\/person\/5d2171637a9d11e0e43ce6b8555f9422"},"headline":"Este a\u00f1o ordene una incre\u00edble comida de Acci\u00f3n de Gracias con los men\u00fas especiales y Servicios de Catering de Casa de Campo","datePublished":"2022-11-15T12:14:10+00:00","dateModified":"2022-11-21T16:28:25+00:00","mainEntityOfPage":{"@id":"https:\/\/casadecampoliving.com\/es\/este-ano-ordene-una-increible-comida-de-accion-de-gracias-con-los-menus-especiales-y-servicios-de-catering-de-casa-de-campo\/"},"wordCount":332,"publisher":{"@id":"https:\/\/casadecampoliving.com\/es\/#organization"},"image":{"@id":"https:\/\/casadecampoliving.com\/es\/este-ano-ordene-una-increible-comida-de-accion-de-gracias-con-los-menus-especiales-y-servicios-de-catering-de-casa-de-campo\/#primaryimage"},"thumbnailUrl":"https:\/\/i0.wp.com\/casadecampoliving.com\/wp-content\/uploads\/2022\/10\/Thanksgiving_Casa_de_Campo01.jpg?fit=1000%2C667&ssl=1","keywords":["Casa de Campo","casa de campo @es","Dining","Featured-TopView @es"],"articleSection":["Uncategorized @es"],"inLanguage":"es"},{"@type":"WebPage","@id":"https:\/\/casadecampoliving.com\/es\/este-ano-ordene-una-increible-comida-de-accion-de-gracias-con-los-menus-especiales-y-servicios-de-catering-de-casa-de-campo\/","url":"https:\/\/casadecampoliving.com\/es\/este-ano-ordene-una-increible-comida-de-accion-de-gracias-con-los-menus-especiales-y-servicios-de-catering-de-casa-de-campo\/","name":"Este a\u00f1o ordene una incre\u00edble comida de Acci\u00f3n de Gracias con los men\u00fas especiales y Servicios de Catering de Casa de Campo | Casa de Campo Living","isPartOf":{"@id":"https:\/\/casadecampoliving.com\/es\/#website"},"primaryImageOfPage":{"@id":"https:\/\/casadecampoliving.com\/es\/este-ano-ordene-una-increible-comida-de-accion-de-gracias-con-los-menus-especiales-y-servicios-de-catering-de-casa-de-campo\/#primaryimage"},"image":{"@id":"https:\/\/casadecampoliving.com\/es\/este-ano-ordene-una-increible-comida-de-accion-de-gracias-con-los-menus-especiales-y-servicios-de-catering-de-casa-de-campo\/#primaryimage"},"thumbnailUrl":"https:\/\/i0.wp.com\/casadecampoliving.com\/wp-content\/uploads\/2022\/10\/Thanksgiving_Casa_de_Campo01.jpg?fit=1000%2C667&ssl=1","datePublished":"2022-11-15T12:14:10+00:00","dateModified":"2022-11-21T16:28:25+00:00","description":"El D\u00eda de Acci\u00f3n de Gracias puede no ser una tradici\u00f3n dominicana y ciertamente no es un d\u00eda festivo dominicano (lo que significa que no tenemos un d\u00eda","breadcrumb":{"@id":"https:\/\/casadecampoliving.com\/es\/este-ano-ordene-una-increible-comida-de-accion-de-gracias-con-los-menus-especiales-y-servicios-de-catering-de-casa-de-campo\/#breadcrumb"},"inLanguage":"es","potentialAction":[{"@type":"ReadAction","target":["https:\/\/casadecampoliving.com\/es\/este-ano-ordene-una-increible-comida-de-accion-de-gracias-con-los-menus-especiales-y-servicios-de-catering-de-casa-de-campo\/"]}]},{"@type":"ImageObject","inLanguage":"es","@id":"https:\/\/casadecampoliving.com\/es\/este-ano-ordene-una-increible-comida-de-accion-de-gracias-con-los-menus-especiales-y-servicios-de-catering-de-casa-de-campo\/#primaryimage","url":"https:\/\/i0.wp.com\/casadecampoliving.com\/wp-content\/uploads\/2022\/10\/Thanksgiving_Casa_de_Campo01.jpg?fit=1000%2C667&ssl=1","contentUrl":"https:\/\/i0.wp.com\/casadecampoliving.com\/wp-content\/uploads\/2022\/10\/Thanksgiving_Casa_de_Campo01.jpg?fit=1000%2C667&ssl=1","width":1000,"height":667,"caption":"Thanksgiving in Casa de Campo"},{"@type":"BreadcrumbList","@id":"https:\/\/casadecampoliving.com\/es\/este-ano-ordene-una-increible-comida-de-accion-de-gracias-con-los-menus-especiales-y-servicios-de-catering-de-casa-de-campo\/#breadcrumb","itemListElement":[{"@type":"ListItem","position":1,"name":"Home","item":"https:\/\/casadecampoliving.com\/es\/"},{"@type":"ListItem","position":2,"name":"Este a\u00f1o ordene una incre\u00edble comida de Acci\u00f3n de Gracias con los men\u00fas especiales y Servicios de Catering de Casa de Campo"}]},{"@type":"WebSite","@id":"https:\/\/casadecampoliving.com\/es\/#website","url":"https:\/\/casadecampoliving.com\/es\/","name":"Casa de Campo Living","description":"Resort community news and resources.","publisher":{"@id":"https:\/\/casadecampoliving.com\/es\/#organization"},"potentialAction":[{"@type":"SearchAction","target":{"@type":"EntryPoint","urlTemplate":"https:\/\/casadecampoliving.com\/es\/?s={search_term_string}"},"query-input":{"@type":"PropertyValueSpecification","valueRequired":true,"valueName":"search_term_string"}}],"inLanguage":"es"},{"@type":"Organization","@id":"https:\/\/casadecampoliving.com\/es\/#organization","name":"Casa de Campo Living","url":"https:\/\/casadecampoliving.com\/es\/","logo":{"@type":"ImageObject","inLanguage":"es","@id":"https:\/\/casadecampoliving.com\/es\/#\/schema\/logo\/image\/","url":"https:\/\/i0.wp.com\/casadecampoliving.com\/wp-content\/uploads\/2022\/07\/CDCLivingLogo_V1-white-sized.png?fit=800%2C214&ssl=1","contentUrl":"https:\/\/i0.wp.com\/casadecampoliving.com\/wp-content\/uploads\/2022\/07\/CDCLivingLogo_V1-white-sized.png?fit=800%2C214&ssl=1","width":800,"height":214,"caption":"Casa de Campo Living"},"image":{"@id":"https:\/\/casadecampoliving.com\/es\/#\/schema\/logo\/image\/"},"sameAs":["https:\/\/www.facebook.com\/casadecampoliving","https:\/\/x.com\/cdcliving"]},{"@type":"Person","@id":"https:\/\/casadecampoliving.com\/es\/#\/schema\/person\/5d2171637a9d11e0e43ce6b8555f9422","name":"Casa de Campo Living","image":{"@type":"ImageObject","inLanguage":"es","@id":"https:\/\/secure.gravatar.com\/avatar\/d04101fa4a9fd431e939953b1500fdc7a73cd35029f86d98712fd8ccdaebaf9a?s=96&d=mm&r=g","url":"https:\/\/secure.gravatar.com\/avatar\/d04101fa4a9fd431e939953b1500fdc7a73cd35029f86d98712fd8ccdaebaf9a?s=96&d=mm&r=g","contentUrl":"https:\/\/secure.gravatar.com\/avatar\/d04101fa4a9fd431e939953b1500fdc7a73cd35029f86d98712fd8ccdaebaf9a?s=96&d=mm&r=g","caption":"Casa de Campo Living"},"url":"https:\/\/casadecampoliving.com\/es\/author\/casa-de-campo-living\/"}]}},"parsely":{"version":"1.1.0","canonical_url":"https:\/\/casadecampoliving.com\/es\/este-ano-ordene-una-increible-comida-de-accion-de-gracias-con-los-menus-especiales-y-servicios-de-catering-de-casa-de-campo\/","smart_links":{"inbound":0,"outbound":0},"traffic_boost_suggestions_count":0,"meta":{"@context":"https:\/\/schema.org","@type":"NewsArticle","headline":"Este a\u00f1o ordene una incre\u00edble comida de Acci\u00f3n de Gracias con los men\u00fas especiales y Servicios de Catering de Casa de Campo","url":"http:\/\/casadecampoliving.com\/es\/este-ano-ordene-una-increible-comida-de-accion-de-gracias-con-los-menus-especiales-y-servicios-de-catering-de-casa-de-campo\/","mainEntityOfPage":{"@type":"WebPage","@id":"http:\/\/casadecampoliving.com\/es\/este-ano-ordene-una-increible-comida-de-accion-de-gracias-con-los-menus-especiales-y-servicios-de-catering-de-casa-de-campo\/"},"thumbnailUrl":"https:\/\/i0.wp.com\/casadecampoliving.com\/wp-content\/uploads\/2022\/10\/Thanksgiving_Casa_de_Campo01.jpg?resize=150%2C150&ssl=1","image":{"@type":"ImageObject","url":"https:\/\/i0.wp.com\/casadecampoliving.com\/wp-content\/uploads\/2022\/10\/Thanksgiving_Casa_de_Campo01.jpg?fit=1000%2C667&ssl=1"},"articleSection":"Uncategorized @es","author":[{"@type":"Person","name":"Casa de Campo Living"}],"creator":["Casa de Campo Living"],"publisher":{"@type":"Organization","name":"Casa de Campo Living","logo":"https:\/\/casadecampoliving.com\/wp-content\/uploads\/2022\/07\/CDCLivingLogo_V1-white-sized.png"},"keywords":["casa de campo","casa de campo @es","dining","featured-topview @es"],"dateCreated":"2022-11-15T12:14:10Z","datePublished":"2022-11-15T12:14:10Z","dateModified":"2022-11-21T16:28:25Z"},"rendered":"<script type=\"application\/ld+json\" class=\"wp-parsely-metadata\">{\"@context\":\"https:\\\/\\\/schema.org\",\"@type\":\"NewsArticle\",\"headline\":\"Este a\\u00f1o ordene una incre\\u00edble comida de Acci\\u00f3n de Gracias con los men\\u00fas especiales y Servicios de Catering de Casa de Campo\",\"url\":\"http:\\\/\\\/casadecampoliving.com\\\/es\\\/este-ano-ordene-una-increible-comida-de-accion-de-gracias-con-los-menus-especiales-y-servicios-de-catering-de-casa-de-campo\\\/\",\"mainEntityOfPage\":{\"@type\":\"WebPage\",\"@id\":\"http:\\\/\\\/casadecampoliving.com\\\/es\\\/este-ano-ordene-una-increible-comida-de-accion-de-gracias-con-los-menus-especiales-y-servicios-de-catering-de-casa-de-campo\\\/\"},\"thumbnailUrl\":\"https:\\\/\\\/i0.wp.com\\\/casadecampoliving.com\\\/wp-content\\\/uploads\\\/2022\\\/10\\\/Thanksgiving_Casa_de_Campo01.jpg?resize=150%2C150&ssl=1\",\"image\":{\"@type\":\"ImageObject\",\"url\":\"https:\\\/\\\/i0.wp.com\\\/casadecampoliving.com\\\/wp-content\\\/uploads\\\/2022\\\/10\\\/Thanksgiving_Casa_de_Campo01.jpg?fit=1000%2C667&ssl=1\"},\"articleSection\":\"Uncategorized @es\",\"author\":[{\"@type\":\"Person\",\"name\":\"Casa de Campo Living\"}],\"creator\":[\"Casa de Campo Living\"],\"publisher\":{\"@type\":\"Organization\",\"name\":\"Casa de Campo Living\",\"logo\":\"https:\\\/\\\/casadecampoliving.com\\\/wp-content\\\/uploads\\\/2022\\\/07\\\/CDCLivingLogo_V1-white-sized.png\"},\"keywords\":[\"casa de campo\",\"casa de campo @es\",\"dining\",\"featured-topview @es\"],\"dateCreated\":\"2022-11-15T12:14:10Z\",\"datePublished\":\"2022-11-15T12:14:10Z\",\"dateModified\":\"2022-11-21T16:28:25Z\"}<\/script>","tracker_url":"https:\/\/cdn.parsely.com\/keys\/casadecampoliving.com\/p.js"},"jetpack_publicize_connections":[],"jetpack_featured_media_url":"https:\/\/i0.wp.com\/casadecampoliving.com\/wp-content\/uploads\/2022\/10\/Thanksgiving_Casa_de_Campo01.jpg?fit=1000%2C667&ssl=1","jetpack-related-posts":[{"id":353610,"url":"https:\/\/casadecampoliving.com\/es\/celebre-el-dia-de-accion-de-gracias-en-casa-de-campo-aproveche-los-especiales-en-restaurantes-y-para-su-hogar\/","url_meta":{"origin":510986,"position":0},"title":"Celebre el D\u00eda de Acci\u00f3n de Gracias en Casa de Campo: \u00a1Aproveche los especiales en restaurantes y para su hogar!","author":"Casa de Campo Living","date":"25 Nov, 2019","format":false,"excerpt":"El\u00a0d\u00eda\u00a0de\u00a0Acci\u00f3n\u00a0de Gracias puede que no sea una\u00a0tradici\u00f3n\u00a0dominicana y mucho menos un\u00a0d\u00eda\u00a0feriado (ya que no tenemos el\u00a0d\u00eda\u00a0libre), PERO, el\u00a0d\u00eda\u00a0de\u00a0Acci\u00f3n\u00a0de Gracias aun\u00a0as\u00ed\u00a0se celebra por muchas personas y de\u00a0m\u00faltiples\u00a0maneras en la\u00a0Rep\u00fablica\u00a0Dominicana. Mientras que la competencia de Mejor Pavo de la semana pasada prepar\u00f3 nuestros barrigas para el D\u00eda de Acci\u00f3n de Gracias, \u00a1el\u2026","rel":"","context":"En \u00abComidas &amp; Bebidas\u00bb","block_context":{"text":"Comidas &amp; Bebidas","link":"https:\/\/casadecampoliving.com\/es\/category\/comidas-bebidas\/"},"img":{"alt_text":"Thanksgiving in Casa de Campo","src":"https:\/\/i0.wp.com\/casadecampoliving.com\/wp-content\/uploads\/2022\/10\/Thanksgiving_Casa_de_Campo01.jpg?fit=1000%2C667&ssl=1&resize=350%2C200","width":350,"height":200,"srcset":"https:\/\/i0.wp.com\/casadecampoliving.com\/wp-content\/uploads\/2022\/10\/Thanksgiving_Casa_de_Campo01.jpg?fit=1000%2C667&ssl=1&resize=350%2C200 1x, https:\/\/i0.wp.com\/casadecampoliving.com\/wp-content\/uploads\/2022\/10\/Thanksgiving_Casa_de_Campo01.jpg?fit=1000%2C667&ssl=1&resize=525%2C300 1.5x, https:\/\/i0.wp.com\/casadecampoliving.com\/wp-content\/uploads\/2022\/10\/Thanksgiving_Casa_de_Campo01.jpg?fit=1000%2C667&ssl=1&resize=700%2C400 2x"},"classes":[]},{"id":353908,"url":"https:\/\/casadecampoliving.com\/es\/ordene-una-increible-comida-de-accion-de-gracias-con-los-menus-especiales-y-los-servicios-de-catering-de-casa-de-campo\/","url_meta":{"origin":510986,"position":1},"title":"Ordene una incre\u00edble comida de Acci\u00f3n de Gracias con los men\u00fas especiales y los servicios de catering de Casa de Campo","author":"Casa de Campo Living","date":"12 Nov, 2020","format":false,"excerpt":"Acci\u00f3n de Gracias ya casi est\u00e1 aqu\u00ed. Algunos han elegido no celebrar, celebrar en grupos m\u00e1s peque\u00f1os, utilizar medidas de distanciamiento social y m\u00e1s. Este a\u00f1o ha sido difrente, y estamos seguros de que todos hemos tenido nuestros altibajos, pero estamos seguros de que todos tenemos cosas por las que\u2026","rel":"","context":"En \u00abCasa de Campo Living @es\u00bb","block_context":{"text":"Casa de Campo Living @es","link":"https:\/\/casadecampoliving.com\/category\/casa-de-campo-living-es\/"},"img":{"alt_text":"Thanksgiving in Casa de Campo","src":"https:\/\/i0.wp.com\/casadecampoliving.com\/wp-content\/uploads\/2022\/10\/Thanksgiving_Casa_de_Campo01.jpg?fit=1000%2C667&ssl=1&resize=350%2C200","width":350,"height":200,"srcset":"https:\/\/i0.wp.com\/casadecampoliving.com\/wp-content\/uploads\/2022\/10\/Thanksgiving_Casa_de_Campo01.jpg?fit=1000%2C667&ssl=1&resize=350%2C200 1x, https:\/\/i0.wp.com\/casadecampoliving.com\/wp-content\/uploads\/2022\/10\/Thanksgiving_Casa_de_Campo01.jpg?fit=1000%2C667&ssl=1&resize=525%2C300 1.5x, https:\/\/i0.wp.com\/casadecampoliving.com\/wp-content\/uploads\/2022\/10\/Thanksgiving_Casa_de_Campo01.jpg?fit=1000%2C667&ssl=1&resize=700%2C400 2x"},"classes":[]},{"id":433460,"url":"https:\/\/casadecampoliving.com\/es\/no-se-pierdan-el-increible-tributo-a-frank-sinatra-para-celebrar-el-40-aniversario-del-anfiteatro-altos-de-chavon\/","url_meta":{"origin":510986,"position":2},"title":"No se pierdan el incre\u00edble tributo a Frank Sinatra para celebrar el 40 aniversario del\u00a0Anfiteatro Altos de Chav\u00f3n","author":"Casa de Campo Living","date":"20 Oct, 2022","format":false,"excerpt":"Siendo uno de los escenarios m\u00e1s emblem\u00e1ticos del pa\u00eds, Casa de Campo Resort\u00ae & Villas celebra las cuatro d\u00e9cadas de aniversario de Altos de Chav\u00f3n con un tributo al gran Frank Sinatra, protagonizado por artistas invitados y una big band tal cual la que acompa\u00f1\u00f3 al artista hace 40 a\u00f1os\u2026","rel":"","context":"En \u00abUncategorized @es\u00bb","block_context":{"text":"Uncategorized @es","link":"https:\/\/casadecampoliving.com\/es\/category\/uncategorized-es\/"},"img":{"alt_text":"","src":"https:\/\/i0.wp.com\/casadecampoliving.com\/wp-content\/uploads\/2022\/10\/Tributo-Frank-Sinatra-Foto-Principal-Amaury-Sanchez-Danilo-Ginebra-Andres-Pichardo-y-Jose-Gabriel-Perez-.jpg?fit=1200%2C873&ssl=1&resize=350%2C200","width":350,"height":200,"srcset":"https:\/\/i0.wp.com\/casadecampoliving.com\/wp-content\/uploads\/2022\/10\/Tributo-Frank-Sinatra-Foto-Principal-Amaury-Sanchez-Danilo-Ginebra-Andres-Pichardo-y-Jose-Gabriel-Perez-.jpg?fit=1200%2C873&ssl=1&resize=350%2C200 1x, https:\/\/i0.wp.com\/casadecampoliving.com\/wp-content\/uploads\/2022\/10\/Tributo-Frank-Sinatra-Foto-Principal-Amaury-Sanchez-Danilo-Ginebra-Andres-Pichardo-y-Jose-Gabriel-Perez-.jpg?fit=1200%2C873&ssl=1&resize=525%2C300 1.5x, https:\/\/i0.wp.com\/casadecampoliving.com\/wp-content\/uploads\/2022\/10\/Tributo-Frank-Sinatra-Foto-Principal-Amaury-Sanchez-Danilo-Ginebra-Andres-Pichardo-y-Jose-Gabriel-Perez-.jpg?fit=1200%2C873&ssl=1&resize=700%2C400 2x, https:\/\/i0.wp.com\/casadecampoliving.com\/wp-content\/uploads\/2022\/10\/Tributo-Frank-Sinatra-Foto-Principal-Amaury-Sanchez-Danilo-Ginebra-Andres-Pichardo-y-Jose-Gabriel-Perez-.jpg?fit=1200%2C873&ssl=1&resize=1050%2C600 3x"},"classes":[]},{"id":337531,"url":"https:\/\/casadecampoliving.com\/es\/feliz-dia-de-accion-de-gracias\/","url_meta":{"origin":510986,"position":3},"title":"\u00a1Feliz d\u00eda de Acci\u00f3n de Gracias!","author":"","date":"24 Nov, 2011","format":false,"excerpt":"El\u00a0d\u00eda\u00a0de\u00a0Acci\u00f3n\u00a0de Gracias puede que no sea una\u00a0tradici\u00f3n\u00a0dominicana y mucho menos un\u00a0d\u00eda\u00a0feriado (ya que no tenemos el\u00a0d\u00eda\u00a0libre), PERO, el\u00a0d\u00eda\u00a0de\u00a0Acci\u00f3n\u00a0de Gracias aun\u00a0as\u00ed\u00a0se celebra por muchas personas y de\u00a0m\u00faltiples\u00a0maneras en la\u00a0Rep\u00fablica\u00a0Dominicana. As\u00ed\u00a0que\u2026.. FELIZ\u00a0D\u00cdA\u00a0DE\u00a0ACCI\u00d3N\u00a0DE GRACIAS!!! En Casa de Campo existen\u00a0muchas familias que\u00a0estar\u00e1n\u00a0celebrando este\u00a0d\u00eda\u00a0especial con la tradicional cena americana de\u00a0acci\u00f3n\u00a0de gracias, ya sea en sus\u2026","rel":"","context":"En \u00abArte y cultura\u00bb","block_context":{"text":"Arte y cultura","link":"https:\/\/casadecampoliving.com\/category\/arte-y-cultura\/"},"img":{"alt_text":"","src":"https:\/\/i0.wp.com\/casadecampoliving.com\/wp-content\/uploads\/2022\/10\/happy_thanksgiving_casadecampo-1.jpg?fit=450%2C290&ssl=1&resize=350%2C200","width":350,"height":200},"classes":[]},{"id":354186,"url":"https:\/\/casadecampoliving.com\/es\/reserve-la-fecha-para-el-concurso-de-mejor-pavo-entre-amigos-de-este-ano-para-beneficiar-al-hogar-del-nino\/","url_meta":{"origin":510986,"position":4},"title":"Reserve la fecha para el concurso de \u00abMejor pavo entre amigos\u00bb de este a\u00f1o para beneficiar al Hogar del Ni\u00f1o","author":"Casa de Campo Living","date":"1 Nov, 2021","format":false,"excerpt":"\u00a1Hola, fan\u00e1ticos del D\u00eda de Acci\u00f3n de Gracias! \u00a1Vuelve el Concurso del Mejor Pavo! Aunque no es oficialmente un d\u00eda festivo en Rep\u00fablica Dominicana, nos encanta celebrarlo ya que nos podemos reunir con amigos y familiares, disfrutar de nuestro tiempo juntos, mientras damos gracias por las muchas bendiciones de la\u2026","rel":"","context":"En \u00abCasa de Campo Living @es\u00bb","block_context":{"text":"Casa de Campo Living @es","link":"https:\/\/casadecampoliving.com\/category\/casa-de-campo-living-es\/"},"img":{"alt_text":"","src":"https:\/\/i0.wp.com\/casadecampoliving.com\/wp-content\/uploads\/2022\/10\/BDC_6326-1-1.jpg?fit=900%2C450&ssl=1&resize=350%2C200","width":350,"height":200,"srcset":"https:\/\/i0.wp.com\/casadecampoliving.com\/wp-content\/uploads\/2022\/10\/BDC_6326-1-1.jpg?fit=900%2C450&ssl=1&resize=350%2C200 1x, https:\/\/i0.wp.com\/casadecampoliving.com\/wp-content\/uploads\/2022\/10\/BDC_6326-1-1.jpg?fit=900%2C450&ssl=1&resize=525%2C300 1.5x, https:\/\/i0.wp.com\/casadecampoliving.com\/wp-content\/uploads\/2022\/10\/BDC_6326-1-1.jpg?fit=900%2C450&ssl=1&resize=700%2C400 2x"},"classes":[]},{"id":354187,"url":"https:\/\/casadecampoliving.com\/es\/celebre-el-dia-de-accion-de-gracias-en-casa-de-campo-con-sus-deliciosos-menus-festivos-y-servicio-de-catering\/","url_meta":{"origin":510986,"position":5},"title":"Celebre el D\u00eda de Acci\u00f3n de Gracias en Casa de Campo con sus deliciosos men\u00fas festivos y servicio de catering","author":"Casa de Campo Living","date":"29 Oct, 2021","format":false,"excerpt":"\u00bfPuede creer que es el 1ro de noviembre? Acci\u00f3n de Gracias ya casi est\u00e1 aqu\u00ed. Si bien algunas familias y amigos todav\u00eda dudan un poco y eligen no celebrar, otros han optado por celebrar en grupos m\u00e1s peque\u00f1os de lo habitual. Si bien puede que no sea una tradici\u00f3n dominicana\u2026","rel":"","context":"En \u00abCasa de Campo Living @es\u00bb","block_context":{"text":"Casa de Campo Living @es","link":"https:\/\/casadecampoliving.com\/category\/casa-de-campo-living-es\/"},"img":{"alt_text":"Thanksgiving in Casa de Campo","src":"https:\/\/i0.wp.com\/casadecampoliving.com\/wp-content\/uploads\/2022\/10\/Thanksgiving_Casa_de_Campo01.jpg?fit=1000%2C667&ssl=1&resize=350%2C200","width":350,"height":200,"srcset":"https:\/\/i0.wp.com\/casadecampoliving.com\/wp-content\/uploads\/2022\/10\/Thanksgiving_Casa_de_Campo01.jpg?fit=1000%2C667&ssl=1&resize=350%2C200 1x, https:\/\/i0.wp.com\/casadecampoliving.com\/wp-content\/uploads\/2022\/10\/Thanksgiving_Casa_de_Campo01.jpg?fit=1000%2C667&ssl=1&resize=525%2C300 1.5x, https:\/\/i0.wp.com\/casadecampoliving.com\/wp-content\/uploads\/2022\/10\/Thanksgiving_Casa_de_Campo01.jpg?fit=1000%2C667&ssl=1&resize=700%2C400 2x"},"classes":[]}],"jetpack_sharing_enabled":true,"_links":{"self":[{"href":"https:\/\/casadecampoliving.com\/es\/wp-json\/wp\/v2\/posts\/510986","targetHints":{"allow":["GET"]}}],"collection":[{"href":"https:\/\/casadecampoliving.com\/es\/wp-json\/wp\/v2\/posts"}],"about":[{"href":"https:\/\/casadecampoliving.com\/es\/wp-json\/wp\/v2\/types\/post"}],"author":[{"embeddable":true,"href":"https:\/\/casadecampoliving.com\/es\/wp-json\/wp\/v2\/users\/36791"}],"replies":[{"embeddable":true,"href":"https:\/\/casadecampoliving.com\/es\/wp-json\/wp\/v2\/comments?post=510986"}],"version-history":[{"count":1,"href":"https:\/\/casadecampoliving.com\/es\/wp-json\/wp\/v2\/posts\/510986\/revisions"}],"predecessor-version":[{"id":510988,"href":"https:\/\/casadecampoliving.com\/es\/wp-json\/wp\/v2\/posts\/510986\/revisions\/510988"}],"wp:featuredmedia":[{"embeddable":true,"href":"https:\/\/casadecampoliving.com\/es\/wp-json\/wp\/v2\/media\/309898"}],"wp:attachment":[{"href":"https:\/\/casadecampoliving.com\/es\/wp-json\/wp\/v2\/media?parent=510986"}],"wp:term":[{"taxonomy":"category","embeddable":true,"href":"https:\/\/casadecampoliving.com\/es\/wp-json\/wp\/v2\/categories?post=510986"},{"taxonomy":"post_tag","embeddable":true,"href":"https:\/\/casadecampoliving.com\/es\/wp-json\/wp\/v2\/tags?post=510986"},{"taxonomy":"newspack_spnsrs_tax","embeddable":true,"href":"https:\/\/casadecampoliving.com\/es\/wp-json\/wp\/v2\/newspack_spnsrs_tax?post=510986"}],"curies":[{"name":"wp","href":"https:\/\/api.w.org\/{rel}","templated":true}]}}