{"id":510893,"date":"2022-11-21T10:53:58","date_gmt":"2022-11-21T14:53:58","guid":{"rendered":"https:\/\/casadecampoliving.com\/?p=510893"},"modified":"2022-11-21T11:56:53","modified_gmt":"2022-11-21T15:56:53","slug":"casa-de-campo-abre-dos-nuevas-canchas-de-padel","status":"publish","type":"post","link":"https:\/\/casadecampoliving.com\/es\/casa-de-campo-abre-dos-nuevas-canchas-de-padel\/","title":{"rendered":"\u00a1Casa de Campo abre dos nuevas canchas de p\u00e1del!"},"content":{"rendered":"\n<p class=\"has-text-align-justify\">La ola del <strong>p\u00e1del <\/strong>llega ahora a Casa de Campo despu\u00e9s de inaugurar su primera cancha en el Centro de Tenis La Terraza. El deporte es una adaptaci\u00f3n del tenis y combina acci\u00f3n con diversi\u00f3n e interacci\u00f3n social. \u00a1Es un gran deporte para jugadores de todas las edades y habilidades, ya que es r\u00e1pido y f\u00e1cil de aprender!<\/p>\n\n\n\n<p class=\"has-text-align-justify\">El viernes 18 de noviembre, los ejecutivos de Casa de Campo, Andr\u00e9s Pichardo y Jason Kycek y el Director del Centro de Tenis La Terraza, Matias Territoriale, inauguraron las canchas de p\u00e1del acompa\u00f1ados de miembros de la comunidad. Esto es algo que se ha estado trabajando durante bastante tiempo y estamos encantados de tener nuevas opciones disponibles para nosotros en Casa. Esta es solo una de las muchas actualizaciones y adiciones planeadas, \u00a1escuchamos que habr\u00e1 m\u00e1s pronto!<\/p>\n\n\n\n<figure class=\"wp-block-image size-large\"><img data-recalc-dims=\"1\" loading=\"lazy\" decoding=\"async\" width=\"1024\" height=\"683\" src=\"https:\/\/i0.wp.com\/casadecampoliving.com\/wp-content\/uploads\/2022\/11\/BetoPerezViviandePerezRafaSelman.jpg?resize=1024%2C683&#038;ssl=1\" alt=\"\" class=\"wp-image-510786\" srcset=\"https:\/\/i0.wp.com\/casadecampoliving.com\/wp-content\/uploads\/2022\/11\/BetoPerezViviandePerezRafaSelman.jpg?resize=1024%2C683&amp;ssl=1 1024w, https:\/\/i0.wp.com\/casadecampoliving.com\/wp-content\/uploads\/2022\/11\/BetoPerezViviandePerezRafaSelman.jpg?resize=300%2C200&amp;ssl=1 300w, https:\/\/i0.wp.com\/casadecampoliving.com\/wp-content\/uploads\/2022\/11\/BetoPerezViviandePerezRafaSelman.jpg?resize=768%2C512&amp;ssl=1 768w, https:\/\/i0.wp.com\/casadecampoliving.com\/wp-content\/uploads\/2022\/11\/BetoPerezViviandePerezRafaSelman.jpg?resize=400%2C267&amp;ssl=1 400w, https:\/\/i0.wp.com\/casadecampoliving.com\/wp-content\/uploads\/2022\/11\/BetoPerezViviandePerezRafaSelman.jpg?resize=150%2C100&amp;ssl=1 150w, https:\/\/i0.wp.com\/casadecampoliving.com\/wp-content\/uploads\/2022\/11\/BetoPerezViviandePerezRafaSelman.jpg?w=1200&amp;ssl=1 1200w, https:\/\/i0.wp.com\/casadecampoliving.com\/wp-content\/uploads\/2022\/11\/BetoPerezViviandePerezRafaSelman-1024x683.jpg?w=370&amp;ssl=1 370w\" sizes=\"auto, (max-width: 1000px) 100vw, 1000px\" \/><\/figure>\n\n\n\n<blockquote class=\"wp-block-quote is-layout-flow wp-block-quote-is-layout-flow\"><p>\u201cEn Casa de Campo siempre estamos a la vanguardia y listos para satisfacer las demandas de nuestros clientes. Es por eso que hoy inauguramos estas dos canchas de p\u00e1del, con una inversi\u00f3n aproximada de 150 mil d\u00f3lares, que complementa nuestra variada oferta deportiva, como as\u00ed como las iniciativas de mejora que venimos desarrollando en los \u00faltimos a\u00f1os, esperamos que disfruten de la pr\u00e1ctica de este deporte y que estas canchas sean fuente de sano esparcimiento y competitividad\u201d.<\/p><cite>Andr\u00e9s Pichardo, President of Casa de Campo Resort and Villas<\/cite><\/blockquote>\n\n\n\n<h2 class=\"wp-block-heading\">\u00bfQu\u00e9 es el p\u00e1del?<\/h2>\n\n\n\n<p class=\"has-text-align-justify\">El p\u00e1del es una mezcla entre tenis y squash. Por lo general, se juega en dobles en una cancha cerrada rodeada de paredes de vidrio y pur\u00e9 met\u00e1lico. La cancha es un tercio del tama\u00f1o de una cancha de tenis.<\/p>\n\n\n\n<p>Utilizando una raqueta corta sin cuerdas con una superficie el\u00e1stica con agujeros y una pelota de tenis de baja compresi\u00f3n, el servicio se realiza bajo el brazo. <em>* m\u00e1s info de p\u00e1del aqu\u00ed.<\/em><\/p>\n\n\n\n<figure class=\"wp-block-image size-large\"><img data-recalc-dims=\"1\" loading=\"lazy\" decoding=\"async\" width=\"1024\" height=\"683\" src=\"https:\/\/i0.wp.com\/casadecampoliving.com\/wp-content\/uploads\/2022\/11\/EJ4B1347.jpg?resize=1024%2C683&#038;ssl=1\" alt=\"\" class=\"wp-image-510790\" srcset=\"https:\/\/i0.wp.com\/casadecampoliving.com\/wp-content\/uploads\/2022\/11\/EJ4B1347.jpg?resize=1024%2C683&amp;ssl=1 1024w, https:\/\/i0.wp.com\/casadecampoliving.com\/wp-content\/uploads\/2022\/11\/EJ4B1347.jpg?resize=300%2C200&amp;ssl=1 300w, https:\/\/i0.wp.com\/casadecampoliving.com\/wp-content\/uploads\/2022\/11\/EJ4B1347.jpg?resize=768%2C512&amp;ssl=1 768w, https:\/\/i0.wp.com\/casadecampoliving.com\/wp-content\/uploads\/2022\/11\/EJ4B1347.jpg?resize=400%2C267&amp;ssl=1 400w, https:\/\/i0.wp.com\/casadecampoliving.com\/wp-content\/uploads\/2022\/11\/EJ4B1347.jpg?resize=150%2C100&amp;ssl=1 150w, https:\/\/i0.wp.com\/casadecampoliving.com\/wp-content\/uploads\/2022\/11\/EJ4B1347.jpg?w=1200&amp;ssl=1 1200w, https:\/\/i0.wp.com\/casadecampoliving.com\/wp-content\/uploads\/2022\/11\/EJ4B1347-1024x683.jpg?w=370&amp;ssl=1 370w\" sizes=\"auto, (max-width: 1000px) 100vw, 1000px\" \/><\/figure>\n\n\n\n<p class=\"has-text-align-justify\">\u00a1Aseg\u00farate de pasar por el Centro de Tenis La Terraza y compru\u00e9balo! \u00a1Estamos seguros de que Mat\u00edas y el personal de La Terraza estar\u00e1n encantados de mostrarles e incluso darles algunas lecciones si las necesitan!<\/p>\n\n\n\n<p>Las fotos fueron tomadas por Mairobi Herrera durante la inauguraci\u00f3n el viernes 18 de noviembre:<\/p>\n\n\n\n<figure class=\"wp-block-gallery has-nested-images columns-default is-cropped wp-block-gallery-1 is-layout-flex wp-block-gallery-is-layout-flex\">\n<figure class=\"wp-block-image size-large\"><img data-recalc-dims=\"1\" loading=\"lazy\" decoding=\"async\" width=\"1024\" height=\"683\" data-id=\"510842\" src=\"https:\/\/i0.wp.com\/casadecampoliving.com\/wp-content\/uploads\/2022\/11\/Padel-Court-inauguration1.jpg?resize=1024%2C683&#038;ssl=1\" alt=\"\" class=\"wp-image-510842\" srcset=\"https:\/\/i0.wp.com\/casadecampoliving.com\/wp-content\/uploads\/2022\/11\/Padel-Court-inauguration1.jpg?resize=1024%2C683&amp;ssl=1 1024w, https:\/\/i0.wp.com\/casadecampoliving.com\/wp-content\/uploads\/2022\/11\/Padel-Court-inauguration1.jpg?resize=300%2C200&amp;ssl=1 300w, https:\/\/i0.wp.com\/casadecampoliving.com\/wp-content\/uploads\/2022\/11\/Padel-Court-inauguration1.jpg?resize=768%2C512&amp;ssl=1 768w, https:\/\/i0.wp.com\/casadecampoliving.com\/wp-content\/uploads\/2022\/11\/Padel-Court-inauguration1.jpg?resize=400%2C267&amp;ssl=1 400w, https:\/\/i0.wp.com\/casadecampoliving.com\/wp-content\/uploads\/2022\/11\/Padel-Court-inauguration1.jpg?resize=150%2C100&amp;ssl=1 150w, https:\/\/i0.wp.com\/casadecampoliving.com\/wp-content\/uploads\/2022\/11\/Padel-Court-inauguration1.jpg?w=1200&amp;ssl=1 1200w, https:\/\/i0.wp.com\/casadecampoliving.com\/wp-content\/uploads\/2022\/11\/Padel-Court-inauguration1-1024x683.jpg?w=370&amp;ssl=1 370w\" sizes=\"auto, (max-width: 1000px) 100vw, 1000px\" \/><\/figure>\n\n\n\n<figure class=\"wp-block-image size-large\"><img data-recalc-dims=\"1\" loading=\"lazy\" decoding=\"async\" width=\"1024\" height=\"683\" data-id=\"510866\" src=\"https:\/\/i0.wp.com\/casadecampoliving.com\/wp-content\/uploads\/2022\/11\/Padel-Court-inauguration2.jpg?resize=1024%2C683&#038;ssl=1\" alt=\"\" class=\"wp-image-510866\" srcset=\"https:\/\/i0.wp.com\/casadecampoliving.com\/wp-content\/uploads\/2022\/11\/Padel-Court-inauguration2.jpg?resize=1024%2C683&amp;ssl=1 1024w, https:\/\/i0.wp.com\/casadecampoliving.com\/wp-content\/uploads\/2022\/11\/Padel-Court-inauguration2.jpg?resize=300%2C200&amp;ssl=1 300w, https:\/\/i0.wp.com\/casadecampoliving.com\/wp-content\/uploads\/2022\/11\/Padel-Court-inauguration2.jpg?resize=768%2C512&amp;ssl=1 768w, https:\/\/i0.wp.com\/casadecampoliving.com\/wp-content\/uploads\/2022\/11\/Padel-Court-inauguration2.jpg?resize=400%2C267&amp;ssl=1 400w, https:\/\/i0.wp.com\/casadecampoliving.com\/wp-content\/uploads\/2022\/11\/Padel-Court-inauguration2.jpg?resize=150%2C100&amp;ssl=1 150w, https:\/\/i0.wp.com\/casadecampoliving.com\/wp-content\/uploads\/2022\/11\/Padel-Court-inauguration2.jpg?w=1200&amp;ssl=1 1200w, https:\/\/i0.wp.com\/casadecampoliving.com\/wp-content\/uploads\/2022\/11\/Padel-Court-inauguration2-1024x683.jpg?w=370&amp;ssl=1 370w\" sizes=\"auto, (max-width: 1000px) 100vw, 1000px\" \/><\/figure>\n\n\n\n<figure class=\"wp-block-image size-large\"><img data-recalc-dims=\"1\" loading=\"lazy\" decoding=\"async\" width=\"1024\" height=\"683\" data-id=\"510884\" src=\"https:\/\/i0.wp.com\/casadecampoliving.com\/wp-content\/uploads\/2022\/11\/Padel-Court-inauguration3.jpg?resize=1024%2C683&#038;ssl=1\" alt=\"\" class=\"wp-image-510884\" srcset=\"https:\/\/i0.wp.com\/casadecampoliving.com\/wp-content\/uploads\/2022\/11\/Padel-Court-inauguration3.jpg?resize=1024%2C683&amp;ssl=1 1024w, https:\/\/i0.wp.com\/casadecampoliving.com\/wp-content\/uploads\/2022\/11\/Padel-Court-inauguration3.jpg?resize=300%2C200&amp;ssl=1 300w, https:\/\/i0.wp.com\/casadecampoliving.com\/wp-content\/uploads\/2022\/11\/Padel-Court-inauguration3.jpg?resize=768%2C512&amp;ssl=1 768w, https:\/\/i0.wp.com\/casadecampoliving.com\/wp-content\/uploads\/2022\/11\/Padel-Court-inauguration3.jpg?resize=400%2C267&amp;ssl=1 400w, https:\/\/i0.wp.com\/casadecampoliving.com\/wp-content\/uploads\/2022\/11\/Padel-Court-inauguration3.jpg?resize=150%2C100&amp;ssl=1 150w, https:\/\/i0.wp.com\/casadecampoliving.com\/wp-content\/uploads\/2022\/11\/Padel-Court-inauguration3.jpg?w=1200&amp;ssl=1 1200w, https:\/\/i0.wp.com\/casadecampoliving.com\/wp-content\/uploads\/2022\/11\/Padel-Court-inauguration3-1024x683.jpg?w=370&amp;ssl=1 370w\" sizes=\"auto, (max-width: 1000px) 100vw, 1000px\" \/><\/figure>\n\n\n\n<figure class=\"wp-block-image size-large\"><img data-recalc-dims=\"1\" loading=\"lazy\" decoding=\"async\" width=\"1024\" height=\"683\" data-id=\"510854\" src=\"https:\/\/i0.wp.com\/casadecampoliving.com\/wp-content\/uploads\/2022\/11\/Padel-Court-inauguration4.jpg?resize=1024%2C683&#038;ssl=1\" alt=\"\" class=\"wp-image-510854\" srcset=\"https:\/\/i0.wp.com\/casadecampoliving.com\/wp-content\/uploads\/2022\/11\/Padel-Court-inauguration4.jpg?resize=1024%2C683&amp;ssl=1 1024w, https:\/\/i0.wp.com\/casadecampoliving.com\/wp-content\/uploads\/2022\/11\/Padel-Court-inauguration4.jpg?resize=300%2C200&amp;ssl=1 300w, https:\/\/i0.wp.com\/casadecampoliving.com\/wp-content\/uploads\/2022\/11\/Padel-Court-inauguration4.jpg?resize=768%2C512&amp;ssl=1 768w, https:\/\/i0.wp.com\/casadecampoliving.com\/wp-content\/uploads\/2022\/11\/Padel-Court-inauguration4.jpg?resize=400%2C267&amp;ssl=1 400w, https:\/\/i0.wp.com\/casadecampoliving.com\/wp-content\/uploads\/2022\/11\/Padel-Court-inauguration4.jpg?resize=150%2C100&amp;ssl=1 150w, https:\/\/i0.wp.com\/casadecampoliving.com\/wp-content\/uploads\/2022\/11\/Padel-Court-inauguration4.jpg?w=1200&amp;ssl=1 1200w, https:\/\/i0.wp.com\/casadecampoliving.com\/wp-content\/uploads\/2022\/11\/Padel-Court-inauguration4-1024x683.jpg?w=370&amp;ssl=1 370w\" sizes=\"auto, (max-width: 1000px) 100vw, 1000px\" \/><\/figure>\n\n\n\n<figure class=\"wp-block-image size-large\"><img data-recalc-dims=\"1\" loading=\"lazy\" decoding=\"async\" width=\"1024\" height=\"683\" data-id=\"510846\" src=\"https:\/\/i0.wp.com\/casadecampoliving.com\/wp-content\/uploads\/2022\/11\/Padel-Court-inauguration5.jpg?resize=1024%2C683&#038;ssl=1\" alt=\"\" class=\"wp-image-510846\" srcset=\"https:\/\/i0.wp.com\/casadecampoliving.com\/wp-content\/uploads\/2022\/11\/Padel-Court-inauguration5.jpg?resize=1024%2C683&amp;ssl=1 1024w, https:\/\/i0.wp.com\/casadecampoliving.com\/wp-content\/uploads\/2022\/11\/Padel-Court-inauguration5.jpg?resize=300%2C200&amp;ssl=1 300w, https:\/\/i0.wp.com\/casadecampoliving.com\/wp-content\/uploads\/2022\/11\/Padel-Court-inauguration5.jpg?resize=768%2C512&amp;ssl=1 768w, https:\/\/i0.wp.com\/casadecampoliving.com\/wp-content\/uploads\/2022\/11\/Padel-Court-inauguration5.jpg?resize=400%2C267&amp;ssl=1 400w, https:\/\/i0.wp.com\/casadecampoliving.com\/wp-content\/uploads\/2022\/11\/Padel-Court-inauguration5.jpg?resize=150%2C100&amp;ssl=1 150w, https:\/\/i0.wp.com\/casadecampoliving.com\/wp-content\/uploads\/2022\/11\/Padel-Court-inauguration5.jpg?w=1200&amp;ssl=1 1200w, https:\/\/i0.wp.com\/casadecampoliving.com\/wp-content\/uploads\/2022\/11\/Padel-Court-inauguration5-1024x683.jpg?w=370&amp;ssl=1 370w\" sizes=\"auto, (max-width: 1000px) 100vw, 1000px\" \/><\/figure>\n\n\n\n<figure class=\"wp-block-image size-large\"><img data-recalc-dims=\"1\" loading=\"lazy\" decoding=\"async\" width=\"1024\" height=\"683\" data-id=\"510882\" src=\"https:\/\/i0.wp.com\/casadecampoliving.com\/wp-content\/uploads\/2022\/11\/Padel-Court-inauguration6.jpg?resize=1024%2C683&#038;ssl=1\" alt=\"\" class=\"wp-image-510882\" srcset=\"https:\/\/i0.wp.com\/casadecampoliving.com\/wp-content\/uploads\/2022\/11\/Padel-Court-inauguration6.jpg?resize=1024%2C683&amp;ssl=1 1024w, https:\/\/i0.wp.com\/casadecampoliving.com\/wp-content\/uploads\/2022\/11\/Padel-Court-inauguration6.jpg?resize=300%2C200&amp;ssl=1 300w, https:\/\/i0.wp.com\/casadecampoliving.com\/wp-content\/uploads\/2022\/11\/Padel-Court-inauguration6.jpg?resize=768%2C512&amp;ssl=1 768w, https:\/\/i0.wp.com\/casadecampoliving.com\/wp-content\/uploads\/2022\/11\/Padel-Court-inauguration6.jpg?resize=400%2C267&amp;ssl=1 400w, https:\/\/i0.wp.com\/casadecampoliving.com\/wp-content\/uploads\/2022\/11\/Padel-Court-inauguration6.jpg?resize=150%2C100&amp;ssl=1 150w, https:\/\/i0.wp.com\/casadecampoliving.com\/wp-content\/uploads\/2022\/11\/Padel-Court-inauguration6.jpg?w=1200&amp;ssl=1 1200w, https:\/\/i0.wp.com\/casadecampoliving.com\/wp-content\/uploads\/2022\/11\/Padel-Court-inauguration6-1024x683.jpg?w=370&amp;ssl=1 370w\" sizes=\"auto, (max-width: 1000px) 100vw, 1000px\" \/><\/figure>\n\n\n\n<figure class=\"wp-block-image size-large\"><img data-recalc-dims=\"1\" loading=\"lazy\" decoding=\"async\" width=\"1024\" height=\"683\" data-id=\"510880\" src=\"https:\/\/i0.wp.com\/casadecampoliving.com\/wp-content\/uploads\/2022\/11\/Padel-Court-inauguration8.jpg?resize=1024%2C683&#038;ssl=1\" alt=\"\" class=\"wp-image-510880\" srcset=\"https:\/\/i0.wp.com\/casadecampoliving.com\/wp-content\/uploads\/2022\/11\/Padel-Court-inauguration8.jpg?resize=1024%2C683&amp;ssl=1 1024w, https:\/\/i0.wp.com\/casadecampoliving.com\/wp-content\/uploads\/2022\/11\/Padel-Court-inauguration8.jpg?resize=300%2C200&amp;ssl=1 300w, https:\/\/i0.wp.com\/casadecampoliving.com\/wp-content\/uploads\/2022\/11\/Padel-Court-inauguration8.jpg?resize=768%2C512&amp;ssl=1 768w, https:\/\/i0.wp.com\/casadecampoliving.com\/wp-content\/uploads\/2022\/11\/Padel-Court-inauguration8.jpg?resize=400%2C267&amp;ssl=1 400w, https:\/\/i0.wp.com\/casadecampoliving.com\/wp-content\/uploads\/2022\/11\/Padel-Court-inauguration8.jpg?resize=150%2C100&amp;ssl=1 150w, https:\/\/i0.wp.com\/casadecampoliving.com\/wp-content\/uploads\/2022\/11\/Padel-Court-inauguration8.jpg?w=1200&amp;ssl=1 1200w, https:\/\/i0.wp.com\/casadecampoliving.com\/wp-content\/uploads\/2022\/11\/Padel-Court-inauguration8-1024x683.jpg?w=370&amp;ssl=1 370w\" sizes=\"auto, (max-width: 1000px) 100vw, 1000px\" \/><\/figure>\n\n\n\n<figure class=\"wp-block-image size-large\"><img data-recalc-dims=\"1\" loading=\"lazy\" decoding=\"async\" width=\"1024\" height=\"683\" data-id=\"510876\" src=\"https:\/\/i0.wp.com\/casadecampoliving.com\/wp-content\/uploads\/2022\/11\/Padel-Court-inauguration9.jpg?resize=1024%2C683&#038;ssl=1\" alt=\"\" class=\"wp-image-510876\" srcset=\"https:\/\/i0.wp.com\/casadecampoliving.com\/wp-content\/uploads\/2022\/11\/Padel-Court-inauguration9.jpg?resize=1024%2C683&amp;ssl=1 1024w, https:\/\/i0.wp.com\/casadecampoliving.com\/wp-content\/uploads\/2022\/11\/Padel-Court-inauguration9.jpg?resize=300%2C200&amp;ssl=1 300w, https:\/\/i0.wp.com\/casadecampoliving.com\/wp-content\/uploads\/2022\/11\/Padel-Court-inauguration9.jpg?resize=768%2C512&amp;ssl=1 768w, https:\/\/i0.wp.com\/casadecampoliving.com\/wp-content\/uploads\/2022\/11\/Padel-Court-inauguration9.jpg?resize=400%2C267&amp;ssl=1 400w, https:\/\/i0.wp.com\/casadecampoliving.com\/wp-content\/uploads\/2022\/11\/Padel-Court-inauguration9.jpg?resize=150%2C100&amp;ssl=1 150w, https:\/\/i0.wp.com\/casadecampoliving.com\/wp-content\/uploads\/2022\/11\/Padel-Court-inauguration9.jpg?w=1200&amp;ssl=1 1200w, https:\/\/i0.wp.com\/casadecampoliving.com\/wp-content\/uploads\/2022\/11\/Padel-Court-inauguration9-1024x683.jpg?w=370&amp;ssl=1 370w\" sizes=\"auto, (max-width: 1000px) 100vw, 1000px\" \/><\/figure>\n\n\n\n<figure class=\"wp-block-image size-large\"><img data-recalc-dims=\"1\" loading=\"lazy\" decoding=\"async\" width=\"1024\" height=\"683\" data-id=\"510868\" src=\"https:\/\/i0.wp.com\/casadecampoliving.com\/wp-content\/uploads\/2022\/11\/Padel-Court-inauguration10.jpg?resize=1024%2C683&#038;ssl=1\" alt=\"\" class=\"wp-image-510868\" srcset=\"https:\/\/i0.wp.com\/casadecampoliving.com\/wp-content\/uploads\/2022\/11\/Padel-Court-inauguration10.jpg?resize=1024%2C683&amp;ssl=1 1024w, https:\/\/i0.wp.com\/casadecampoliving.com\/wp-content\/uploads\/2022\/11\/Padel-Court-inauguration10.jpg?resize=300%2C200&amp;ssl=1 300w, https:\/\/i0.wp.com\/casadecampoliving.com\/wp-content\/uploads\/2022\/11\/Padel-Court-inauguration10.jpg?resize=768%2C512&amp;ssl=1 768w, https:\/\/i0.wp.com\/casadecampoliving.com\/wp-content\/uploads\/2022\/11\/Padel-Court-inauguration10.jpg?resize=400%2C267&amp;ssl=1 400w, https:\/\/i0.wp.com\/casadecampoliving.com\/wp-content\/uploads\/2022\/11\/Padel-Court-inauguration10.jpg?resize=150%2C100&amp;ssl=1 150w, https:\/\/i0.wp.com\/casadecampoliving.com\/wp-content\/uploads\/2022\/11\/Padel-Court-inauguration10.jpg?w=1200&amp;ssl=1 1200w, https:\/\/i0.wp.com\/casadecampoliving.com\/wp-content\/uploads\/2022\/11\/Padel-Court-inauguration10-1024x683.jpg?w=370&amp;ssl=1 370w\" sizes=\"auto, (max-width: 1000px) 100vw, 1000px\" \/><\/figure>\n\n\n\n<figure class=\"wp-block-image size-large\"><img data-recalc-dims=\"1\" loading=\"lazy\" decoding=\"async\" width=\"1024\" height=\"683\" data-id=\"510874\" src=\"https:\/\/i0.wp.com\/casadecampoliving.com\/wp-content\/uploads\/2022\/11\/Padel-Court-inauguration11.jpg?resize=1024%2C683&#038;ssl=1\" alt=\"\" class=\"wp-image-510874\" srcset=\"https:\/\/i0.wp.com\/casadecampoliving.com\/wp-content\/uploads\/2022\/11\/Padel-Court-inauguration11.jpg?resize=1024%2C683&amp;ssl=1 1024w, https:\/\/i0.wp.com\/casadecampoliving.com\/wp-content\/uploads\/2022\/11\/Padel-Court-inauguration11.jpg?resize=300%2C200&amp;ssl=1 300w, https:\/\/i0.wp.com\/casadecampoliving.com\/wp-content\/uploads\/2022\/11\/Padel-Court-inauguration11.jpg?resize=768%2C512&amp;ssl=1 768w, https:\/\/i0.wp.com\/casadecampoliving.com\/wp-content\/uploads\/2022\/11\/Padel-Court-inauguration11.jpg?resize=400%2C267&amp;ssl=1 400w, https:\/\/i0.wp.com\/casadecampoliving.com\/wp-content\/uploads\/2022\/11\/Padel-Court-inauguration11.jpg?resize=150%2C100&amp;ssl=1 150w, https:\/\/i0.wp.com\/casadecampoliving.com\/wp-content\/uploads\/2022\/11\/Padel-Court-inauguration11.jpg?w=1200&amp;ssl=1 1200w, https:\/\/i0.wp.com\/casadecampoliving.com\/wp-content\/uploads\/2022\/11\/Padel-Court-inauguration11-1024x683.jpg?w=370&amp;ssl=1 370w\" sizes=\"auto, (max-width: 1000px) 100vw, 1000px\" \/><\/figure>\n\n\n\n<figure class=\"wp-block-image size-large\"><img data-recalc-dims=\"1\" loading=\"lazy\" decoding=\"async\" width=\"1024\" height=\"683\" data-id=\"510870\" src=\"https:\/\/i0.wp.com\/casadecampoliving.com\/wp-content\/uploads\/2022\/11\/Padel-Court-inauguration12.jpg?resize=1024%2C683&#038;ssl=1\" alt=\"\" class=\"wp-image-510870\" srcset=\"https:\/\/i0.wp.com\/casadecampoliving.com\/wp-content\/uploads\/2022\/11\/Padel-Court-inauguration12.jpg?resize=1024%2C683&amp;ssl=1 1024w, https:\/\/i0.wp.com\/casadecampoliving.com\/wp-content\/uploads\/2022\/11\/Padel-Court-inauguration12.jpg?resize=300%2C200&amp;ssl=1 300w, https:\/\/i0.wp.com\/casadecampoliving.com\/wp-content\/uploads\/2022\/11\/Padel-Court-inauguration12.jpg?resize=768%2C512&amp;ssl=1 768w, https:\/\/i0.wp.com\/casadecampoliving.com\/wp-content\/uploads\/2022\/11\/Padel-Court-inauguration12.jpg?resize=400%2C267&amp;ssl=1 400w, https:\/\/i0.wp.com\/casadecampoliving.com\/wp-content\/uploads\/2022\/11\/Padel-Court-inauguration12.jpg?resize=150%2C100&amp;ssl=1 150w, https:\/\/i0.wp.com\/casadecampoliving.com\/wp-content\/uploads\/2022\/11\/Padel-Court-inauguration12.jpg?w=1200&amp;ssl=1 1200w, https:\/\/i0.wp.com\/casadecampoliving.com\/wp-content\/uploads\/2022\/11\/Padel-Court-inauguration12-1024x683.jpg?w=370&amp;ssl=1 370w\" sizes=\"auto, (max-width: 1000px) 100vw, 1000px\" \/><\/figure>\n\n\n\n<figure class=\"wp-block-image size-large\"><img data-recalc-dims=\"1\" loading=\"lazy\" decoding=\"async\" width=\"1024\" height=\"683\" data-id=\"510888\" src=\"https:\/\/i0.wp.com\/casadecampoliving.com\/wp-content\/uploads\/2022\/11\/Padel-Court-inauguration13.jpg?resize=1024%2C683&#038;ssl=1\" alt=\"\" class=\"wp-image-510888\" srcset=\"https:\/\/i0.wp.com\/casadecampoliving.com\/wp-content\/uploads\/2022\/11\/Padel-Court-inauguration13.jpg?resize=1024%2C683&amp;ssl=1 1024w, https:\/\/i0.wp.com\/casadecampoliving.com\/wp-content\/uploads\/2022\/11\/Padel-Court-inauguration13.jpg?resize=300%2C200&amp;ssl=1 300w, https:\/\/i0.wp.com\/casadecampoliving.com\/wp-content\/uploads\/2022\/11\/Padel-Court-inauguration13.jpg?resize=768%2C512&amp;ssl=1 768w, https:\/\/i0.wp.com\/casadecampoliving.com\/wp-content\/uploads\/2022\/11\/Padel-Court-inauguration13.jpg?resize=400%2C267&amp;ssl=1 400w, https:\/\/i0.wp.com\/casadecampoliving.com\/wp-content\/uploads\/2022\/11\/Padel-Court-inauguration13.jpg?resize=150%2C100&amp;ssl=1 150w, https:\/\/i0.wp.com\/casadecampoliving.com\/wp-content\/uploads\/2022\/11\/Padel-Court-inauguration13.jpg?w=1200&amp;ssl=1 1200w, https:\/\/i0.wp.com\/casadecampoliving.com\/wp-content\/uploads\/2022\/11\/Padel-Court-inauguration13-1024x683.jpg?w=370&amp;ssl=1 370w\" sizes=\"auto, (max-width: 1000px) 100vw, 1000px\" \/><\/figure>\n\n\n\n<figure class=\"wp-block-image size-large\"><img data-recalc-dims=\"1\" loading=\"lazy\" decoding=\"async\" width=\"1024\" height=\"683\" data-id=\"510886\" src=\"https:\/\/i0.wp.com\/casadecampoliving.com\/wp-content\/uploads\/2022\/11\/Padel-Court-inauguration14.jpg?resize=1024%2C683&#038;ssl=1\" alt=\"\" class=\"wp-image-510886\" srcset=\"https:\/\/i0.wp.com\/casadecampoliving.com\/wp-content\/uploads\/2022\/11\/Padel-Court-inauguration14.jpg?resize=1024%2C683&amp;ssl=1 1024w, https:\/\/i0.wp.com\/casadecampoliving.com\/wp-content\/uploads\/2022\/11\/Padel-Court-inauguration14.jpg?resize=300%2C200&amp;ssl=1 300w, https:\/\/i0.wp.com\/casadecampoliving.com\/wp-content\/uploads\/2022\/11\/Padel-Court-inauguration14.jpg?resize=768%2C512&amp;ssl=1 768w, https:\/\/i0.wp.com\/casadecampoliving.com\/wp-content\/uploads\/2022\/11\/Padel-Court-inauguration14.jpg?resize=400%2C267&amp;ssl=1 400w, https:\/\/i0.wp.com\/casadecampoliving.com\/wp-content\/uploads\/2022\/11\/Padel-Court-inauguration14.jpg?resize=150%2C100&amp;ssl=1 150w, https:\/\/i0.wp.com\/casadecampoliving.com\/wp-content\/uploads\/2022\/11\/Padel-Court-inauguration14.jpg?w=1200&amp;ssl=1 1200w, https:\/\/i0.wp.com\/casadecampoliving.com\/wp-content\/uploads\/2022\/11\/Padel-Court-inauguration14-1024x683.jpg?w=370&amp;ssl=1 370w\" sizes=\"auto, (max-width: 1000px) 100vw, 1000px\" \/><\/figure>\n\n\n\n<figure class=\"wp-block-image size-large\"><img data-recalc-dims=\"1\" loading=\"lazy\" decoding=\"async\" width=\"1024\" height=\"683\" data-id=\"510862\" src=\"https:\/\/i0.wp.com\/casadecampoliving.com\/wp-content\/uploads\/2022\/11\/Padel-Court-inauguration15.jpg?resize=1024%2C683&#038;ssl=1\" alt=\"\" class=\"wp-image-510862\" srcset=\"https:\/\/i0.wp.com\/casadecampoliving.com\/wp-content\/uploads\/2022\/11\/Padel-Court-inauguration15.jpg?resize=1024%2C683&amp;ssl=1 1024w, https:\/\/i0.wp.com\/casadecampoliving.com\/wp-content\/uploads\/2022\/11\/Padel-Court-inauguration15.jpg?resize=300%2C200&amp;ssl=1 300w, https:\/\/i0.wp.com\/casadecampoliving.com\/wp-content\/uploads\/2022\/11\/Padel-Court-inauguration15.jpg?resize=768%2C512&amp;ssl=1 768w, https:\/\/i0.wp.com\/casadecampoliving.com\/wp-content\/uploads\/2022\/11\/Padel-Court-inauguration15.jpg?resize=400%2C267&amp;ssl=1 400w, https:\/\/i0.wp.com\/casadecampoliving.com\/wp-content\/uploads\/2022\/11\/Padel-Court-inauguration15.jpg?resize=150%2C100&amp;ssl=1 150w, https:\/\/i0.wp.com\/casadecampoliving.com\/wp-content\/uploads\/2022\/11\/Padel-Court-inauguration15.jpg?w=1200&amp;ssl=1 1200w, https:\/\/i0.wp.com\/casadecampoliving.com\/wp-content\/uploads\/2022\/11\/Padel-Court-inauguration15-1024x683.jpg?w=370&amp;ssl=1 370w\" sizes=\"auto, (max-width: 1000px) 100vw, 1000px\" \/><\/figure>\n\n\n\n<figure class=\"wp-block-image size-large\"><img data-recalc-dims=\"1\" loading=\"lazy\" decoding=\"async\" width=\"1024\" height=\"683\" data-id=\"510848\" src=\"https:\/\/i0.wp.com\/casadecampoliving.com\/wp-content\/uploads\/2022\/11\/Padel-Court-inauguration16.jpg?resize=1024%2C683&#038;ssl=1\" alt=\"\" class=\"wp-image-510848\" srcset=\"https:\/\/i0.wp.com\/casadecampoliving.com\/wp-content\/uploads\/2022\/11\/Padel-Court-inauguration16.jpg?resize=1024%2C683&amp;ssl=1 1024w, https:\/\/i0.wp.com\/casadecampoliving.com\/wp-content\/uploads\/2022\/11\/Padel-Court-inauguration16.jpg?resize=300%2C200&amp;ssl=1 300w, https:\/\/i0.wp.com\/casadecampoliving.com\/wp-content\/uploads\/2022\/11\/Padel-Court-inauguration16.jpg?resize=768%2C512&amp;ssl=1 768w, https:\/\/i0.wp.com\/casadecampoliving.com\/wp-content\/uploads\/2022\/11\/Padel-Court-inauguration16.jpg?resize=400%2C267&amp;ssl=1 400w, https:\/\/i0.wp.com\/casadecampoliving.com\/wp-content\/uploads\/2022\/11\/Padel-Court-inauguration16.jpg?resize=150%2C100&amp;ssl=1 150w, https:\/\/i0.wp.com\/casadecampoliving.com\/wp-content\/uploads\/2022\/11\/Padel-Court-inauguration16.jpg?w=1200&amp;ssl=1 1200w, https:\/\/i0.wp.com\/casadecampoliving.com\/wp-content\/uploads\/2022\/11\/Padel-Court-inauguration16-1024x683.jpg?w=370&amp;ssl=1 370w\" sizes=\"auto, (max-width: 1000px) 100vw, 1000px\" \/><\/figure>\n\n\n\n<figure class=\"wp-block-image size-large\"><img data-recalc-dims=\"1\" loading=\"lazy\" decoding=\"async\" width=\"1024\" height=\"683\" data-id=\"510872\" src=\"https:\/\/i0.wp.com\/casadecampoliving.com\/wp-content\/uploads\/2022\/11\/Padel-Court-inauguration17.jpg?resize=1024%2C683&#038;ssl=1\" alt=\"\" class=\"wp-image-510872\" srcset=\"https:\/\/i0.wp.com\/casadecampoliving.com\/wp-content\/uploads\/2022\/11\/Padel-Court-inauguration17.jpg?resize=1024%2C683&amp;ssl=1 1024w, https:\/\/i0.wp.com\/casadecampoliving.com\/wp-content\/uploads\/2022\/11\/Padel-Court-inauguration17.jpg?resize=300%2C200&amp;ssl=1 300w, https:\/\/i0.wp.com\/casadecampoliving.com\/wp-content\/uploads\/2022\/11\/Padel-Court-inauguration17.jpg?resize=768%2C512&amp;ssl=1 768w, https:\/\/i0.wp.com\/casadecampoliving.com\/wp-content\/uploads\/2022\/11\/Padel-Court-inauguration17.jpg?resize=400%2C267&amp;ssl=1 400w, https:\/\/i0.wp.com\/casadecampoliving.com\/wp-content\/uploads\/2022\/11\/Padel-Court-inauguration17.jpg?resize=150%2C100&amp;ssl=1 150w, https:\/\/i0.wp.com\/casadecampoliving.com\/wp-content\/uploads\/2022\/11\/Padel-Court-inauguration17.jpg?w=1200&amp;ssl=1 1200w, https:\/\/i0.wp.com\/casadecampoliving.com\/wp-content\/uploads\/2022\/11\/Padel-Court-inauguration17-1024x683.jpg?w=370&amp;ssl=1 370w\" sizes=\"auto, (max-width: 1000px) 100vw, 1000px\" \/><\/figure>\n\n\n\n<figure class=\"wp-block-image size-large\"><img data-recalc-dims=\"1\" loading=\"lazy\" decoding=\"async\" width=\"1024\" height=\"683\" data-id=\"510858\" src=\"https:\/\/i0.wp.com\/casadecampoliving.com\/wp-content\/uploads\/2022\/11\/Padel-Court-inauguration18.jpg?resize=1024%2C683&#038;ssl=1\" alt=\"\" class=\"wp-image-510858\" srcset=\"https:\/\/i0.wp.com\/casadecampoliving.com\/wp-content\/uploads\/2022\/11\/Padel-Court-inauguration18.jpg?resize=1024%2C683&amp;ssl=1 1024w, https:\/\/i0.wp.com\/casadecampoliving.com\/wp-content\/uploads\/2022\/11\/Padel-Court-inauguration18.jpg?resize=300%2C200&amp;ssl=1 300w, https:\/\/i0.wp.com\/casadecampoliving.com\/wp-content\/uploads\/2022\/11\/Padel-Court-inauguration18.jpg?resize=768%2C512&amp;ssl=1 768w, https:\/\/i0.wp.com\/casadecampoliving.com\/wp-content\/uploads\/2022\/11\/Padel-Court-inauguration18.jpg?resize=400%2C267&amp;ssl=1 400w, https:\/\/i0.wp.com\/casadecampoliving.com\/wp-content\/uploads\/2022\/11\/Padel-Court-inauguration18.jpg?resize=150%2C100&amp;ssl=1 150w, https:\/\/i0.wp.com\/casadecampoliving.com\/wp-content\/uploads\/2022\/11\/Padel-Court-inauguration18.jpg?w=1200&amp;ssl=1 1200w, https:\/\/i0.wp.com\/casadecampoliving.com\/wp-content\/uploads\/2022\/11\/Padel-Court-inauguration18-1024x683.jpg?w=370&amp;ssl=1 370w\" sizes=\"auto, (max-width: 1000px) 100vw, 1000px\" \/><\/figure>\n\n\n\n<figure class=\"wp-block-image size-large\"><img data-recalc-dims=\"1\" loading=\"lazy\" decoding=\"async\" width=\"1024\" height=\"683\" data-id=\"510878\" src=\"https:\/\/i0.wp.com\/casadecampoliving.com\/wp-content\/uploads\/2022\/11\/Padel-Court-inauguration19.jpg?resize=1024%2C683&#038;ssl=1\" alt=\"\" class=\"wp-image-510878\" srcset=\"https:\/\/i0.wp.com\/casadecampoliving.com\/wp-content\/uploads\/2022\/11\/Padel-Court-inauguration19.jpg?resize=1024%2C683&amp;ssl=1 1024w, https:\/\/i0.wp.com\/casadecampoliving.com\/wp-content\/uploads\/2022\/11\/Padel-Court-inauguration19.jpg?resize=300%2C200&amp;ssl=1 300w, https:\/\/i0.wp.com\/casadecampoliving.com\/wp-content\/uploads\/2022\/11\/Padel-Court-inauguration19.jpg?resize=768%2C512&amp;ssl=1 768w, https:\/\/i0.wp.com\/casadecampoliving.com\/wp-content\/uploads\/2022\/11\/Padel-Court-inauguration19.jpg?resize=400%2C267&amp;ssl=1 400w, https:\/\/i0.wp.com\/casadecampoliving.com\/wp-content\/uploads\/2022\/11\/Padel-Court-inauguration19.jpg?resize=150%2C100&amp;ssl=1 150w, https:\/\/i0.wp.com\/casadecampoliving.com\/wp-content\/uploads\/2022\/11\/Padel-Court-inauguration19.jpg?w=1200&amp;ssl=1 1200w, https:\/\/i0.wp.com\/casadecampoliving.com\/wp-content\/uploads\/2022\/11\/Padel-Court-inauguration19-1024x683.jpg?w=370&amp;ssl=1 370w\" sizes=\"auto, (max-width: 1000px) 100vw, 1000px\" \/><\/figure>\n\n\n\n<figure class=\"wp-block-image size-large\"><img data-recalc-dims=\"1\" loading=\"lazy\" decoding=\"async\" width=\"1024\" height=\"683\" data-id=\"510864\" src=\"https:\/\/i0.wp.com\/casadecampoliving.com\/wp-content\/uploads\/2022\/11\/Padel-Court-inauguration20.jpg?resize=1024%2C683&#038;ssl=1\" alt=\"\" class=\"wp-image-510864\" srcset=\"https:\/\/i0.wp.com\/casadecampoliving.com\/wp-content\/uploads\/2022\/11\/Padel-Court-inauguration20.jpg?resize=1024%2C683&amp;ssl=1 1024w, https:\/\/i0.wp.com\/casadecampoliving.com\/wp-content\/uploads\/2022\/11\/Padel-Court-inauguration20.jpg?resize=300%2C200&amp;ssl=1 300w, https:\/\/i0.wp.com\/casadecampoliving.com\/wp-content\/uploads\/2022\/11\/Padel-Court-inauguration20.jpg?resize=768%2C512&amp;ssl=1 768w, https:\/\/i0.wp.com\/casadecampoliving.com\/wp-content\/uploads\/2022\/11\/Padel-Court-inauguration20.jpg?resize=400%2C267&amp;ssl=1 400w, https:\/\/i0.wp.com\/casadecampoliving.com\/wp-content\/uploads\/2022\/11\/Padel-Court-inauguration20.jpg?resize=150%2C100&amp;ssl=1 150w, https:\/\/i0.wp.com\/casadecampoliving.com\/wp-content\/uploads\/2022\/11\/Padel-Court-inauguration20.jpg?w=1200&amp;ssl=1 1200w, https:\/\/i0.wp.com\/casadecampoliving.com\/wp-content\/uploads\/2022\/11\/Padel-Court-inauguration20-1024x683.jpg?w=370&amp;ssl=1 370w\" sizes=\"auto, (max-width: 1000px) 100vw, 1000px\" \/><\/figure>\n\n\n\n<figure class=\"wp-block-image size-large\"><img data-recalc-dims=\"1\" loading=\"lazy\" decoding=\"async\" width=\"1024\" height=\"683\" data-id=\"510844\" src=\"https:\/\/i0.wp.com\/casadecampoliving.com\/wp-content\/uploads\/2022\/11\/Padel-Court-inauguration21.jpg?resize=1024%2C683&#038;ssl=1\" alt=\"\" class=\"wp-image-510844\" srcset=\"https:\/\/i0.wp.com\/casadecampoliving.com\/wp-content\/uploads\/2022\/11\/Padel-Court-inauguration21.jpg?resize=1024%2C683&amp;ssl=1 1024w, https:\/\/i0.wp.com\/casadecampoliving.com\/wp-content\/uploads\/2022\/11\/Padel-Court-inauguration21.jpg?resize=300%2C200&amp;ssl=1 300w, https:\/\/i0.wp.com\/casadecampoliving.com\/wp-content\/uploads\/2022\/11\/Padel-Court-inauguration21.jpg?resize=768%2C512&amp;ssl=1 768w, https:\/\/i0.wp.com\/casadecampoliving.com\/wp-content\/uploads\/2022\/11\/Padel-Court-inauguration21.jpg?resize=400%2C267&amp;ssl=1 400w, https:\/\/i0.wp.com\/casadecampoliving.com\/wp-content\/uploads\/2022\/11\/Padel-Court-inauguration21.jpg?resize=150%2C100&amp;ssl=1 150w, https:\/\/i0.wp.com\/casadecampoliving.com\/wp-content\/uploads\/2022\/11\/Padel-Court-inauguration21.jpg?w=1200&amp;ssl=1 1200w, https:\/\/i0.wp.com\/casadecampoliving.com\/wp-content\/uploads\/2022\/11\/Padel-Court-inauguration21-1024x683.jpg?w=370&amp;ssl=1 370w\" sizes=\"auto, (max-width: 1000px) 100vw, 1000px\" \/><\/figure>\n\n\n\n<figure class=\"wp-block-image size-large\"><img data-recalc-dims=\"1\" loading=\"lazy\" decoding=\"async\" width=\"1024\" height=\"683\" data-id=\"510852\" src=\"https:\/\/i0.wp.com\/casadecampoliving.com\/wp-content\/uploads\/2022\/11\/Padel-Court-inauguration22.jpg?resize=1024%2C683&#038;ssl=1\" alt=\"\" class=\"wp-image-510852\" srcset=\"https:\/\/i0.wp.com\/casadecampoliving.com\/wp-content\/uploads\/2022\/11\/Padel-Court-inauguration22.jpg?resize=1024%2C683&amp;ssl=1 1024w, https:\/\/i0.wp.com\/casadecampoliving.com\/wp-content\/uploads\/2022\/11\/Padel-Court-inauguration22.jpg?resize=300%2C200&amp;ssl=1 300w, https:\/\/i0.wp.com\/casadecampoliving.com\/wp-content\/uploads\/2022\/11\/Padel-Court-inauguration22.jpg?resize=768%2C512&amp;ssl=1 768w, https:\/\/i0.wp.com\/casadecampoliving.com\/wp-content\/uploads\/2022\/11\/Padel-Court-inauguration22.jpg?resize=400%2C267&amp;ssl=1 400w, https:\/\/i0.wp.com\/casadecampoliving.com\/wp-content\/uploads\/2022\/11\/Padel-Court-inauguration22.jpg?resize=150%2C100&amp;ssl=1 150w, https:\/\/i0.wp.com\/casadecampoliving.com\/wp-content\/uploads\/2022\/11\/Padel-Court-inauguration22.jpg?w=1200&amp;ssl=1 1200w, https:\/\/i0.wp.com\/casadecampoliving.com\/wp-content\/uploads\/2022\/11\/Padel-Court-inauguration22-1024x683.jpg?w=370&amp;ssl=1 370w\" sizes=\"auto, (max-width: 1000px) 100vw, 1000px\" \/><\/figure>\n\n\n\n<figure class=\"wp-block-image size-large\"><img data-recalc-dims=\"1\" loading=\"lazy\" decoding=\"async\" width=\"683\" height=\"1024\" data-id=\"510850\" src=\"https:\/\/i0.wp.com\/casadecampoliving.com\/wp-content\/uploads\/2022\/11\/Padel-Court-inauguration23.jpg?resize=683%2C1024&#038;ssl=1\" alt=\"\" class=\"wp-image-510850\" srcset=\"https:\/\/i0.wp.com\/casadecampoliving.com\/wp-content\/uploads\/2022\/11\/Padel-Court-inauguration23.jpg?resize=683%2C1024&amp;ssl=1 683w, https:\/\/i0.wp.com\/casadecampoliving.com\/wp-content\/uploads\/2022\/11\/Padel-Court-inauguration23.jpg?resize=200%2C300&amp;ssl=1 200w, https:\/\/i0.wp.com\/casadecampoliving.com\/wp-content\/uploads\/2022\/11\/Padel-Court-inauguration23.jpg?resize=768%2C1152&amp;ssl=1 768w, https:\/\/i0.wp.com\/casadecampoliving.com\/wp-content\/uploads\/2022\/11\/Padel-Court-inauguration23.jpg?resize=400%2C600&amp;ssl=1 400w, https:\/\/i0.wp.com\/casadecampoliving.com\/wp-content\/uploads\/2022\/11\/Padel-Court-inauguration23.jpg?resize=150%2C225&amp;ssl=1 150w, https:\/\/i0.wp.com\/casadecampoliving.com\/wp-content\/uploads\/2022\/11\/Padel-Court-inauguration23.jpg?w=800&amp;ssl=1 800w, https:\/\/i0.wp.com\/casadecampoliving.com\/wp-content\/uploads\/2022\/11\/Padel-Court-inauguration23-683x1024.jpg?w=370&amp;ssl=1 370w\" sizes=\"auto, (max-width: 683px) 100vw, 683px\" \/><\/figure>\n\n\n\n<figure class=\"wp-block-image size-large\"><img data-recalc-dims=\"1\" loading=\"lazy\" decoding=\"async\" width=\"1024\" height=\"683\" data-id=\"510856\" src=\"https:\/\/i0.wp.com\/casadecampoliving.com\/wp-content\/uploads\/2022\/11\/Padel-Court-inauguration24.jpg?resize=1024%2C683&#038;ssl=1\" alt=\"\" class=\"wp-image-510856\" srcset=\"https:\/\/i0.wp.com\/casadecampoliving.com\/wp-content\/uploads\/2022\/11\/Padel-Court-inauguration24.jpg?resize=1024%2C683&amp;ssl=1 1024w, https:\/\/i0.wp.com\/casadecampoliving.com\/wp-content\/uploads\/2022\/11\/Padel-Court-inauguration24.jpg?resize=300%2C200&amp;ssl=1 300w, https:\/\/i0.wp.com\/casadecampoliving.com\/wp-content\/uploads\/2022\/11\/Padel-Court-inauguration24.jpg?resize=768%2C512&amp;ssl=1 768w, https:\/\/i0.wp.com\/casadecampoliving.com\/wp-content\/uploads\/2022\/11\/Padel-Court-inauguration24.jpg?resize=400%2C267&amp;ssl=1 400w, https:\/\/i0.wp.com\/casadecampoliving.com\/wp-content\/uploads\/2022\/11\/Padel-Court-inauguration24.jpg?resize=150%2C100&amp;ssl=1 150w, https:\/\/i0.wp.com\/casadecampoliving.com\/wp-content\/uploads\/2022\/11\/Padel-Court-inauguration24.jpg?w=1200&amp;ssl=1 1200w, https:\/\/i0.wp.com\/casadecampoliving.com\/wp-content\/uploads\/2022\/11\/Padel-Court-inauguration24-1024x683.jpg?w=370&amp;ssl=1 370w\" sizes=\"auto, (max-width: 1000px) 100vw, 1000px\" \/><\/figure>\n\n\n\n<figure class=\"wp-block-image size-large\"><img data-recalc-dims=\"1\" loading=\"lazy\" decoding=\"async\" width=\"1024\" height=\"683\" data-id=\"510860\" src=\"https:\/\/i0.wp.com\/casadecampoliving.com\/wp-content\/uploads\/2022\/11\/Padel-Court-inauguration25.jpg?resize=1024%2C683&#038;ssl=1\" alt=\"\" class=\"wp-image-510860\" srcset=\"https:\/\/i0.wp.com\/casadecampoliving.com\/wp-content\/uploads\/2022\/11\/Padel-Court-inauguration25.jpg?resize=1024%2C683&amp;ssl=1 1024w, https:\/\/i0.wp.com\/casadecampoliving.com\/wp-content\/uploads\/2022\/11\/Padel-Court-inauguration25.jpg?resize=300%2C200&amp;ssl=1 300w, https:\/\/i0.wp.com\/casadecampoliving.com\/wp-content\/uploads\/2022\/11\/Padel-Court-inauguration25.jpg?resize=768%2C512&amp;ssl=1 768w, https:\/\/i0.wp.com\/casadecampoliving.com\/wp-content\/uploads\/2022\/11\/Padel-Court-inauguration25.jpg?resize=400%2C267&amp;ssl=1 400w, https:\/\/i0.wp.com\/casadecampoliving.com\/wp-content\/uploads\/2022\/11\/Padel-Court-inauguration25.jpg?resize=150%2C100&amp;ssl=1 150w, https:\/\/i0.wp.com\/casadecampoliving.com\/wp-content\/uploads\/2022\/11\/Padel-Court-inauguration25.jpg?w=1200&amp;ssl=1 1200w, https:\/\/i0.wp.com\/casadecampoliving.com\/wp-content\/uploads\/2022\/11\/Padel-Court-inauguration25-1024x683.jpg?w=370&amp;ssl=1 370w\" sizes=\"auto, (max-width: 1000px) 100vw, 1000px\" \/><\/figure>\n<\/figure>\n","protected":false},"excerpt":{"rendered":"<p>La ola del p\u00e1del llega ahora a Casa de Campo despu\u00e9s de inaugurar su primera cancha en el Centro de Tenis La Terraza. El deporte es una adaptaci\u00f3n del tenis y combina acci\u00f3n con diversi\u00f3n e interacci\u00f3n social. \u00a1Es un gran deporte para jugadores de todas las edades y habilidades, ya que es r\u00e1pido y [&hellip;]<\/p>\n","protected":false},"author":36791,"featured_media":510788,"comment_status":"closed","ping_status":"closed","sticky":false,"template":"","format":"standard","meta":{"newspack_ads_suppress_ads":false,"newspack_popups_has_disabled_popups":false,"newspack_sponsor_sponsorship_scope":"","newspack_sponsor_native_byline_display":"inherit","newspack_sponsor_native_category_display":"inherit","newspack_sponsor_underwriter_style":"inherit","newspack_sponsor_underwriter_placement":"inherit","_newspack_byline_active":false,"_newspack_byline":"","newspack_hide_updated_date":false,"newspack_show_updated_date":false,"newspack_content_restriction_is_exempt":false,"newspack_featured_image_position":"beside","newspack_post_subtitle":"","newspack_article_summary_title":"Overview:","newspack_article_summary":"","_jetpack_memberships_contains_paid_content":false,"footnotes":"","jetpack_publicize_message":"","jetpack_publicize_feature_enabled":false,"jetpack_social_post_already_shared":true,"jetpack_social_options":{"image_generator_settings":{"template":"highway","default_image_id":0,"font":"","enabled":false},"version":2},"_wpas_customize_per_network":false},"categories":[26392,26954,2525,14631,14625],"tags":[23815,21648,3375,14736],"newspack_spnsrs_tax":[],"class_list":["post-510893","post","type-post","status-publish","format-standard","has-post-thumbnail","hentry","category-casa-de-campo-resort-villas","category-comunidad-casa-de-campo-living-es","category-golf-deportes-es","category-estilo-de-vida","category-noticias-locales","tag-casa-de-campo-es-17","tag-estilo-de-vida","tag-eventos-y-actividades","tag-featured-topview-es","entry"],"yoast_head":"<!-- This site is optimized with the Yoast SEO plugin v27.5 - https:\/\/yoast.com\/product\/yoast-seo-wordpress\/ -->\n<title>\u00a1Casa de Campo abre dos nuevas canchas de p\u00e1del! | Casa de Campo Living<\/title>\n<meta name=\"description\" content=\"La ola del p\u00e1del llega ahora a Casa de Campo despu\u00e9s de inaugurar su primera cancha en el Centro de Tenis La Terraza. El deporte es una adaptaci\u00f3n del\" \/>\n<meta name=\"robots\" content=\"index, follow, max-snippet:-1, max-image-preview:large, max-video-preview:-1\" \/>\n<link rel=\"canonical\" href=\"https:\/\/casadecampoliving.com\/es\/casa-de-campo-abre-dos-nuevas-canchas-de-padel\/\" \/>\n<meta property=\"og:locale\" content=\"es_ES\" \/>\n<meta property=\"og:type\" content=\"article\" \/>\n<meta property=\"og:title\" content=\"\u00a1Casa de Campo abre dos nuevas canchas de p\u00e1del! | Casa de Campo Living\" \/>\n<meta property=\"og:description\" content=\"La ola del p\u00e1del llega ahora a Casa de Campo despu\u00e9s de inaugurar su primera cancha en el Centro de Tenis La Terraza. El deporte es una adaptaci\u00f3n del\" \/>\n<meta property=\"og:url\" content=\"https:\/\/casadecampoliving.com\/es\/casa-de-campo-abre-dos-nuevas-canchas-de-padel\/\" \/>\n<meta property=\"og:site_name\" content=\"Casa de Campo Living\" \/>\n<meta property=\"article:publisher\" content=\"https:\/\/www.facebook.com\/casadecampoliving\" \/>\n<meta property=\"article:published_time\" content=\"2022-11-21T14:53:58+00:00\" \/>\n<meta property=\"article:modified_time\" content=\"2022-11-21T15:56:53+00:00\" \/>\n<meta property=\"og:image\" content=\"https:\/\/casadecampoliving.com\/wp-content\/uploads\/2022\/11\/EJ4B1266.jpg\" \/>\n\t<meta property=\"og:image:width\" content=\"1200\" \/>\n\t<meta property=\"og:image:height\" content=\"800\" \/>\n\t<meta property=\"og:image:type\" content=\"image\/jpeg\" \/>\n<meta name=\"author\" content=\"Casa de Campo Living\" \/>\n<meta name=\"twitter:card\" content=\"summary_large_image\" \/>\n<meta name=\"twitter:creator\" content=\"@cdcliving\" \/>\n<meta name=\"twitter:site\" content=\"@cdcliving\" \/>\n<meta name=\"twitter:label1\" content=\"Escrito por\" \/>\n\t<meta name=\"twitter:data1\" content=\"Casa de Campo Living\" \/>\n\t<meta name=\"twitter:label2\" content=\"Tiempo de lectura\" \/>\n\t<meta name=\"twitter:data2\" content=\"7 minutos\" \/>\n<script type=\"application\/ld+json\" class=\"yoast-schema-graph\">{\"@context\":\"https:\\\/\\\/schema.org\",\"@graph\":[{\"@type\":\"Article\",\"@id\":\"https:\\\/\\\/casadecampoliving.com\\\/es\\\/casa-de-campo-abre-dos-nuevas-canchas-de-padel\\\/#article\",\"isPartOf\":{\"@id\":\"https:\\\/\\\/casadecampoliving.com\\\/es\\\/casa-de-campo-abre-dos-nuevas-canchas-de-padel\\\/\"},\"author\":{\"name\":\"Casa de Campo Living\",\"@id\":\"https:\\\/\\\/casadecampoliving.com\\\/es\\\/#\\\/schema\\\/person\\\/5d2171637a9d11e0e43ce6b8555f9422\"},\"headline\":\"\u00a1Casa de Campo abre dos nuevas canchas de p\u00e1del!\",\"datePublished\":\"2022-11-21T14:53:58+00:00\",\"dateModified\":\"2022-11-21T15:56:53+00:00\",\"mainEntityOfPage\":{\"@id\":\"https:\\\/\\\/casadecampoliving.com\\\/es\\\/casa-de-campo-abre-dos-nuevas-canchas-de-padel\\\/\"},\"wordCount\":386,\"publisher\":{\"@id\":\"https:\\\/\\\/casadecampoliving.com\\\/es\\\/#organization\"},\"image\":{\"@id\":\"https:\\\/\\\/casadecampoliving.com\\\/es\\\/casa-de-campo-abre-dos-nuevas-canchas-de-padel\\\/#primaryimage\"},\"thumbnailUrl\":\"https:\\\/\\\/i0.wp.com\\\/casadecampoliving.com\\\/wp-content\\\/uploads\\\/2022\\\/11\\\/EJ4B1266.jpg?fit=1200%2C800&ssl=1\",\"keywords\":[\"Casa de Campo\",\"estilo de vida\",\"eventos y actividades\",\"Featured-TopView @es\"],\"articleSection\":[\"Casa de Campo Resort &amp; Villas\",\"Comunidad\",\"Deportes\",\"Estilo de Vida\",\"Noticias Locales\"],\"inLanguage\":\"es\"},{\"@type\":\"WebPage\",\"@id\":\"https:\\\/\\\/casadecampoliving.com\\\/es\\\/casa-de-campo-abre-dos-nuevas-canchas-de-padel\\\/\",\"url\":\"https:\\\/\\\/casadecampoliving.com\\\/es\\\/casa-de-campo-abre-dos-nuevas-canchas-de-padel\\\/\",\"name\":\"\u00a1Casa de Campo abre dos nuevas canchas de p\u00e1del! | Casa de Campo Living\",\"isPartOf\":{\"@id\":\"https:\\\/\\\/casadecampoliving.com\\\/es\\\/#website\"},\"primaryImageOfPage\":{\"@id\":\"https:\\\/\\\/casadecampoliving.com\\\/es\\\/casa-de-campo-abre-dos-nuevas-canchas-de-padel\\\/#primaryimage\"},\"image\":{\"@id\":\"https:\\\/\\\/casadecampoliving.com\\\/es\\\/casa-de-campo-abre-dos-nuevas-canchas-de-padel\\\/#primaryimage\"},\"thumbnailUrl\":\"https:\\\/\\\/i0.wp.com\\\/casadecampoliving.com\\\/wp-content\\\/uploads\\\/2022\\\/11\\\/EJ4B1266.jpg?fit=1200%2C800&ssl=1\",\"datePublished\":\"2022-11-21T14:53:58+00:00\",\"dateModified\":\"2022-11-21T15:56:53+00:00\",\"description\":\"La ola del p\u00e1del llega ahora a Casa de Campo despu\u00e9s de inaugurar su primera cancha en el Centro de Tenis La Terraza. El deporte es una adaptaci\u00f3n del\",\"breadcrumb\":{\"@id\":\"https:\\\/\\\/casadecampoliving.com\\\/es\\\/casa-de-campo-abre-dos-nuevas-canchas-de-padel\\\/#breadcrumb\"},\"inLanguage\":\"es\",\"potentialAction\":[{\"@type\":\"ReadAction\",\"target\":[\"https:\\\/\\\/casadecampoliving.com\\\/es\\\/casa-de-campo-abre-dos-nuevas-canchas-de-padel\\\/\"]}]},{\"@type\":\"ImageObject\",\"inLanguage\":\"es\",\"@id\":\"https:\\\/\\\/casadecampoliving.com\\\/es\\\/casa-de-campo-abre-dos-nuevas-canchas-de-padel\\\/#primaryimage\",\"url\":\"https:\\\/\\\/i0.wp.com\\\/casadecampoliving.com\\\/wp-content\\\/uploads\\\/2022\\\/11\\\/EJ4B1266.jpg?fit=1200%2C800&ssl=1\",\"contentUrl\":\"https:\\\/\\\/i0.wp.com\\\/casadecampoliving.com\\\/wp-content\\\/uploads\\\/2022\\\/11\\\/EJ4B1266.jpg?fit=1200%2C800&ssl=1\",\"width\":1200,\"height\":800},{\"@type\":\"BreadcrumbList\",\"@id\":\"https:\\\/\\\/casadecampoliving.com\\\/es\\\/casa-de-campo-abre-dos-nuevas-canchas-de-padel\\\/#breadcrumb\",\"itemListElement\":[{\"@type\":\"ListItem\",\"position\":1,\"name\":\"Home\",\"item\":\"https:\\\/\\\/casadecampoliving.com\\\/es\\\/\"},{\"@type\":\"ListItem\",\"position\":2,\"name\":\"\u00a1Casa de Campo abre dos nuevas canchas de p\u00e1del!\"}]},{\"@type\":\"WebSite\",\"@id\":\"https:\\\/\\\/casadecampoliving.com\\\/es\\\/#website\",\"url\":\"https:\\\/\\\/casadecampoliving.com\\\/es\\\/\",\"name\":\"Casa de Campo Living\",\"description\":\"Resort community news and resources.\",\"publisher\":{\"@id\":\"https:\\\/\\\/casadecampoliving.com\\\/es\\\/#organization\"},\"potentialAction\":[{\"@type\":\"SearchAction\",\"target\":{\"@type\":\"EntryPoint\",\"urlTemplate\":\"https:\\\/\\\/casadecampoliving.com\\\/es\\\/?s={search_term_string}\"},\"query-input\":{\"@type\":\"PropertyValueSpecification\",\"valueRequired\":true,\"valueName\":\"search_term_string\"}}],\"inLanguage\":\"es\"},{\"@type\":\"Organization\",\"@id\":\"https:\\\/\\\/casadecampoliving.com\\\/es\\\/#organization\",\"name\":\"Casa de Campo Living\",\"url\":\"https:\\\/\\\/casadecampoliving.com\\\/es\\\/\",\"logo\":{\"@type\":\"ImageObject\",\"inLanguage\":\"es\",\"@id\":\"https:\\\/\\\/casadecampoliving.com\\\/es\\\/#\\\/schema\\\/logo\\\/image\\\/\",\"url\":\"https:\\\/\\\/i0.wp.com\\\/casadecampoliving.com\\\/wp-content\\\/uploads\\\/2022\\\/07\\\/CDCLivingLogo_V1-white-sized.png?fit=800%2C214&ssl=1\",\"contentUrl\":\"https:\\\/\\\/i0.wp.com\\\/casadecampoliving.com\\\/wp-content\\\/uploads\\\/2022\\\/07\\\/CDCLivingLogo_V1-white-sized.png?fit=800%2C214&ssl=1\",\"width\":800,\"height\":214,\"caption\":\"Casa de Campo Living\"},\"image\":{\"@id\":\"https:\\\/\\\/casadecampoliving.com\\\/es\\\/#\\\/schema\\\/logo\\\/image\\\/\"},\"sameAs\":[\"https:\\\/\\\/www.facebook.com\\\/casadecampoliving\",\"https:\\\/\\\/x.com\\\/cdcliving\"]},{\"@type\":\"Person\",\"@id\":\"https:\\\/\\\/casadecampoliving.com\\\/es\\\/#\\\/schema\\\/person\\\/5d2171637a9d11e0e43ce6b8555f9422\",\"name\":\"Casa de Campo Living\",\"image\":{\"@type\":\"ImageObject\",\"inLanguage\":\"es\",\"@id\":\"https:\\\/\\\/secure.gravatar.com\\\/avatar\\\/d04101fa4a9fd431e939953b1500fdc7a73cd35029f86d98712fd8ccdaebaf9a?s=96&d=mm&r=g\",\"url\":\"https:\\\/\\\/secure.gravatar.com\\\/avatar\\\/d04101fa4a9fd431e939953b1500fdc7a73cd35029f86d98712fd8ccdaebaf9a?s=96&d=mm&r=g\",\"contentUrl\":\"https:\\\/\\\/secure.gravatar.com\\\/avatar\\\/d04101fa4a9fd431e939953b1500fdc7a73cd35029f86d98712fd8ccdaebaf9a?s=96&d=mm&r=g\",\"caption\":\"Casa de Campo Living\"},\"url\":\"https:\\\/\\\/casadecampoliving.com\\\/es\\\/author\\\/casa-de-campo-living\\\/\"}]}<\/script>\n<!-- \/ Yoast SEO plugin. -->","yoast_head_json":{"title":"\u00a1Casa de Campo abre dos nuevas canchas de p\u00e1del! | Casa de Campo Living","description":"La ola del p\u00e1del llega ahora a Casa de Campo despu\u00e9s de inaugurar su primera cancha en el Centro de Tenis La Terraza. El deporte es una adaptaci\u00f3n del","robots":{"index":"index","follow":"follow","max-snippet":"max-snippet:-1","max-image-preview":"max-image-preview:large","max-video-preview":"max-video-preview:-1"},"canonical":"https:\/\/casadecampoliving.com\/es\/casa-de-campo-abre-dos-nuevas-canchas-de-padel\/","og_locale":"es_ES","og_type":"article","og_title":"\u00a1Casa de Campo abre dos nuevas canchas de p\u00e1del! | Casa de Campo Living","og_description":"La ola del p\u00e1del llega ahora a Casa de Campo despu\u00e9s de inaugurar su primera cancha en el Centro de Tenis La Terraza. El deporte es una adaptaci\u00f3n del","og_url":"https:\/\/casadecampoliving.com\/es\/casa-de-campo-abre-dos-nuevas-canchas-de-padel\/","og_site_name":"Casa de Campo Living","article_publisher":"https:\/\/www.facebook.com\/casadecampoliving","article_published_time":"2022-11-21T14:53:58+00:00","article_modified_time":"2022-11-21T15:56:53+00:00","og_image":[{"width":1200,"height":800,"url":"https:\/\/casadecampoliving.com\/wp-content\/uploads\/2022\/11\/EJ4B1266.jpg","type":"image\/jpeg"}],"author":"Casa de Campo Living","twitter_card":"summary_large_image","twitter_creator":"@cdcliving","twitter_site":"@cdcliving","twitter_misc":{"Escrito por":"Casa de Campo Living","Tiempo de lectura":"7 minutos"},"schema":{"@context":"https:\/\/schema.org","@graph":[{"@type":"Article","@id":"https:\/\/casadecampoliving.com\/es\/casa-de-campo-abre-dos-nuevas-canchas-de-padel\/#article","isPartOf":{"@id":"https:\/\/casadecampoliving.com\/es\/casa-de-campo-abre-dos-nuevas-canchas-de-padel\/"},"author":{"name":"Casa de Campo Living","@id":"https:\/\/casadecampoliving.com\/es\/#\/schema\/person\/5d2171637a9d11e0e43ce6b8555f9422"},"headline":"\u00a1Casa de Campo abre dos nuevas canchas de p\u00e1del!","datePublished":"2022-11-21T14:53:58+00:00","dateModified":"2022-11-21T15:56:53+00:00","mainEntityOfPage":{"@id":"https:\/\/casadecampoliving.com\/es\/casa-de-campo-abre-dos-nuevas-canchas-de-padel\/"},"wordCount":386,"publisher":{"@id":"https:\/\/casadecampoliving.com\/es\/#organization"},"image":{"@id":"https:\/\/casadecampoliving.com\/es\/casa-de-campo-abre-dos-nuevas-canchas-de-padel\/#primaryimage"},"thumbnailUrl":"https:\/\/i0.wp.com\/casadecampoliving.com\/wp-content\/uploads\/2022\/11\/EJ4B1266.jpg?fit=1200%2C800&ssl=1","keywords":["Casa de Campo","estilo de vida","eventos y actividades","Featured-TopView @es"],"articleSection":["Casa de Campo Resort &amp; Villas","Comunidad","Deportes","Estilo de Vida","Noticias Locales"],"inLanguage":"es"},{"@type":"WebPage","@id":"https:\/\/casadecampoliving.com\/es\/casa-de-campo-abre-dos-nuevas-canchas-de-padel\/","url":"https:\/\/casadecampoliving.com\/es\/casa-de-campo-abre-dos-nuevas-canchas-de-padel\/","name":"\u00a1Casa de Campo abre dos nuevas canchas de p\u00e1del! | Casa de Campo Living","isPartOf":{"@id":"https:\/\/casadecampoliving.com\/es\/#website"},"primaryImageOfPage":{"@id":"https:\/\/casadecampoliving.com\/es\/casa-de-campo-abre-dos-nuevas-canchas-de-padel\/#primaryimage"},"image":{"@id":"https:\/\/casadecampoliving.com\/es\/casa-de-campo-abre-dos-nuevas-canchas-de-padel\/#primaryimage"},"thumbnailUrl":"https:\/\/i0.wp.com\/casadecampoliving.com\/wp-content\/uploads\/2022\/11\/EJ4B1266.jpg?fit=1200%2C800&ssl=1","datePublished":"2022-11-21T14:53:58+00:00","dateModified":"2022-11-21T15:56:53+00:00","description":"La ola del p\u00e1del llega ahora a Casa de Campo despu\u00e9s de inaugurar su primera cancha en el Centro de Tenis La Terraza. El deporte es una adaptaci\u00f3n del","breadcrumb":{"@id":"https:\/\/casadecampoliving.com\/es\/casa-de-campo-abre-dos-nuevas-canchas-de-padel\/#breadcrumb"},"inLanguage":"es","potentialAction":[{"@type":"ReadAction","target":["https:\/\/casadecampoliving.com\/es\/casa-de-campo-abre-dos-nuevas-canchas-de-padel\/"]}]},{"@type":"ImageObject","inLanguage":"es","@id":"https:\/\/casadecampoliving.com\/es\/casa-de-campo-abre-dos-nuevas-canchas-de-padel\/#primaryimage","url":"https:\/\/i0.wp.com\/casadecampoliving.com\/wp-content\/uploads\/2022\/11\/EJ4B1266.jpg?fit=1200%2C800&ssl=1","contentUrl":"https:\/\/i0.wp.com\/casadecampoliving.com\/wp-content\/uploads\/2022\/11\/EJ4B1266.jpg?fit=1200%2C800&ssl=1","width":1200,"height":800},{"@type":"BreadcrumbList","@id":"https:\/\/casadecampoliving.com\/es\/casa-de-campo-abre-dos-nuevas-canchas-de-padel\/#breadcrumb","itemListElement":[{"@type":"ListItem","position":1,"name":"Home","item":"https:\/\/casadecampoliving.com\/es\/"},{"@type":"ListItem","position":2,"name":"\u00a1Casa de Campo abre dos nuevas canchas de p\u00e1del!"}]},{"@type":"WebSite","@id":"https:\/\/casadecampoliving.com\/es\/#website","url":"https:\/\/casadecampoliving.com\/es\/","name":"Casa de Campo Living","description":"Resort community news and resources.","publisher":{"@id":"https:\/\/casadecampoliving.com\/es\/#organization"},"potentialAction":[{"@type":"SearchAction","target":{"@type":"EntryPoint","urlTemplate":"https:\/\/casadecampoliving.com\/es\/?s={search_term_string}"},"query-input":{"@type":"PropertyValueSpecification","valueRequired":true,"valueName":"search_term_string"}}],"inLanguage":"es"},{"@type":"Organization","@id":"https:\/\/casadecampoliving.com\/es\/#organization","name":"Casa de Campo Living","url":"https:\/\/casadecampoliving.com\/es\/","logo":{"@type":"ImageObject","inLanguage":"es","@id":"https:\/\/casadecampoliving.com\/es\/#\/schema\/logo\/image\/","url":"https:\/\/i0.wp.com\/casadecampoliving.com\/wp-content\/uploads\/2022\/07\/CDCLivingLogo_V1-white-sized.png?fit=800%2C214&ssl=1","contentUrl":"https:\/\/i0.wp.com\/casadecampoliving.com\/wp-content\/uploads\/2022\/07\/CDCLivingLogo_V1-white-sized.png?fit=800%2C214&ssl=1","width":800,"height":214,"caption":"Casa de Campo Living"},"image":{"@id":"https:\/\/casadecampoliving.com\/es\/#\/schema\/logo\/image\/"},"sameAs":["https:\/\/www.facebook.com\/casadecampoliving","https:\/\/x.com\/cdcliving"]},{"@type":"Person","@id":"https:\/\/casadecampoliving.com\/es\/#\/schema\/person\/5d2171637a9d11e0e43ce6b8555f9422","name":"Casa de Campo Living","image":{"@type":"ImageObject","inLanguage":"es","@id":"https:\/\/secure.gravatar.com\/avatar\/d04101fa4a9fd431e939953b1500fdc7a73cd35029f86d98712fd8ccdaebaf9a?s=96&d=mm&r=g","url":"https:\/\/secure.gravatar.com\/avatar\/d04101fa4a9fd431e939953b1500fdc7a73cd35029f86d98712fd8ccdaebaf9a?s=96&d=mm&r=g","contentUrl":"https:\/\/secure.gravatar.com\/avatar\/d04101fa4a9fd431e939953b1500fdc7a73cd35029f86d98712fd8ccdaebaf9a?s=96&d=mm&r=g","caption":"Casa de Campo Living"},"url":"https:\/\/casadecampoliving.com\/es\/author\/casa-de-campo-living\/"}]}},"parsely":{"version":"1.1.0","canonical_url":"https:\/\/casadecampoliving.com\/es\/casa-de-campo-abre-dos-nuevas-canchas-de-padel\/","smart_links":{"inbound":0,"outbound":0},"traffic_boost_suggestions_count":0,"meta":{"@context":"https:\/\/schema.org","@type":"NewsArticle","headline":"\u00a1Casa de Campo abre dos nuevas canchas de p\u00e1del!","url":"http:\/\/casadecampoliving.com\/es\/casa-de-campo-abre-dos-nuevas-canchas-de-padel\/","mainEntityOfPage":{"@type":"WebPage","@id":"http:\/\/casadecampoliving.com\/es\/casa-de-campo-abre-dos-nuevas-canchas-de-padel\/"},"thumbnailUrl":"https:\/\/i0.wp.com\/casadecampoliving.com\/wp-content\/uploads\/2022\/11\/EJ4B1266.jpg?resize=150%2C150&ssl=1","image":{"@type":"ImageObject","url":"https:\/\/i0.wp.com\/casadecampoliving.com\/wp-content\/uploads\/2022\/11\/EJ4B1266.jpg?fit=1200%2C800&ssl=1"},"articleSection":"Casa de Campo Resort &amp; Villas","author":[{"@type":"Person","name":"Casa de Campo Living"}],"creator":["Casa de Campo Living"],"publisher":{"@type":"Organization","name":"Casa de Campo Living","logo":"https:\/\/casadecampoliving.com\/wp-content\/uploads\/2022\/07\/CDCLivingLogo_V1-white-sized.png"},"keywords":["casa de campo","estilo de vida","eventos y actividades","featured-topview @es"],"dateCreated":"2022-11-21T14:53:58Z","datePublished":"2022-11-21T14:53:58Z","dateModified":"2022-11-21T15:56:53Z"},"rendered":"<script type=\"application\/ld+json\" class=\"wp-parsely-metadata\">{\"@context\":\"https:\\\/\\\/schema.org\",\"@type\":\"NewsArticle\",\"headline\":\"\\u00a1Casa de Campo abre dos nuevas canchas de p\\u00e1del!\",\"url\":\"http:\\\/\\\/casadecampoliving.com\\\/es\\\/casa-de-campo-abre-dos-nuevas-canchas-de-padel\\\/\",\"mainEntityOfPage\":{\"@type\":\"WebPage\",\"@id\":\"http:\\\/\\\/casadecampoliving.com\\\/es\\\/casa-de-campo-abre-dos-nuevas-canchas-de-padel\\\/\"},\"thumbnailUrl\":\"https:\\\/\\\/i0.wp.com\\\/casadecampoliving.com\\\/wp-content\\\/uploads\\\/2022\\\/11\\\/EJ4B1266.jpg?resize=150%2C150&ssl=1\",\"image\":{\"@type\":\"ImageObject\",\"url\":\"https:\\\/\\\/i0.wp.com\\\/casadecampoliving.com\\\/wp-content\\\/uploads\\\/2022\\\/11\\\/EJ4B1266.jpg?fit=1200%2C800&ssl=1\"},\"articleSection\":\"Casa de Campo Resort &amp; Villas\",\"author\":[{\"@type\":\"Person\",\"name\":\"Casa de Campo Living\"}],\"creator\":[\"Casa de Campo Living\"],\"publisher\":{\"@type\":\"Organization\",\"name\":\"Casa de Campo Living\",\"logo\":\"https:\\\/\\\/casadecampoliving.com\\\/wp-content\\\/uploads\\\/2022\\\/07\\\/CDCLivingLogo_V1-white-sized.png\"},\"keywords\":[\"casa de campo\",\"estilo de vida\",\"eventos y actividades\",\"featured-topview @es\"],\"dateCreated\":\"2022-11-21T14:53:58Z\",\"datePublished\":\"2022-11-21T14:53:58Z\",\"dateModified\":\"2022-11-21T15:56:53Z\"}<\/script>","tracker_url":"https:\/\/cdn.parsely.com\/keys\/casadecampoliving.com\/p.js"},"jetpack_publicize_connections":[],"jetpack_featured_media_url":"https:\/\/i0.wp.com\/casadecampoliving.com\/wp-content\/uploads\/2022\/11\/EJ4B1266.jpg?fit=1200%2C800&ssl=1","jetpack-related-posts":[{"id":526121,"url":"https:\/\/casadecampoliving.com\/es\/amplian-instalaciones-del-centro-de-tenis-en-casa-de-campo\/","url_meta":{"origin":510893,"position":0},"title":"Ampl\u00edan instalaciones del Centro de Tenis en Casa de Campo","author":"Mairobi Herrera","date":"17 Ene, 2024","format":false,"excerpt":"El pr\u00f3ximo viernes 19 de enero, Casa de Campo y el Centro de Tenis se preparan para inaugurar un emocionante conjunto de nuevas instalaciones, marcando un hito significativo en la oferta deportiva del lugar. Entre las novedades m\u00e1s destacadas se encuentran cuatro canchas de pickleball y una cancha de tenis\u2026","rel":"","context":"En \u00abComunidad\u00bb","block_context":{"text":"Comunidad","link":"https:\/\/casadecampoliving.com\/es\/category\/comunidad\/"},"img":{"alt_text":"","src":"https:\/\/i0.wp.com\/casadecampoliving.com\/wp-content\/uploads\/2024\/01\/7E1A3538-scaled.jpg?fit=1200%2C800&ssl=1&resize=350%2C200","width":350,"height":200,"srcset":"https:\/\/i0.wp.com\/casadecampoliving.com\/wp-content\/uploads\/2024\/01\/7E1A3538-scaled.jpg?fit=1200%2C800&ssl=1&resize=350%2C200 1x, https:\/\/i0.wp.com\/casadecampoliving.com\/wp-content\/uploads\/2024\/01\/7E1A3538-scaled.jpg?fit=1200%2C800&ssl=1&resize=525%2C300 1.5x, https:\/\/i0.wp.com\/casadecampoliving.com\/wp-content\/uploads\/2024\/01\/7E1A3538-scaled.jpg?fit=1200%2C800&ssl=1&resize=700%2C400 2x, https:\/\/i0.wp.com\/casadecampoliving.com\/wp-content\/uploads\/2024\/01\/7E1A3538-scaled.jpg?fit=1200%2C800&ssl=1&resize=1050%2C600 3x"},"classes":[]},{"id":532550,"url":"https:\/\/casadecampoliving.com\/es\/casa-de-campo-amplia-instalaciones-con-dos-nuevas-canchas-de-padel\/","url_meta":{"origin":510893,"position":1},"title":"Casa de Campo ampl\u00eda instalaciones con dos nuevas canchas de p\u00e1del","author":"Mairobi Herrera","date":"19 Ago, 2024","format":false,"excerpt":"Casa de Campo Resort and Villas, uno de los destinos m\u00e1s exclusivos de la Rep\u00fablica Dominicana, celebr\u00f3 el pasado 15 de agosto la inauguraci\u00f3n de dos nuevas canchas de p\u00e1del ubicadas en su Racquet Center. La apertura se llev\u00f3 a cabo mediante un torneo amistoso que reuni\u00f3 a clientes de\u2026","rel":"","context":"En \u00abCasa de Campo Resort &amp; Villas\u00bb","block_context":{"text":"Casa de Campo Resort &amp; Villas","link":"https:\/\/casadecampoliving.com\/es\/category\/casa-de-campo-resort-villas\/"},"img":{"alt_text":"","src":"https:\/\/i0.wp.com\/casadecampoliving.com\/wp-content\/uploads\/2024\/08\/FN3A0554-scaled.jpg?fit=1200%2C800&ssl=1&resize=350%2C200","width":350,"height":200,"srcset":"https:\/\/i0.wp.com\/casadecampoliving.com\/wp-content\/uploads\/2024\/08\/FN3A0554-scaled.jpg?fit=1200%2C800&ssl=1&resize=350%2C200 1x, https:\/\/i0.wp.com\/casadecampoliving.com\/wp-content\/uploads\/2024\/08\/FN3A0554-scaled.jpg?fit=1200%2C800&ssl=1&resize=525%2C300 1.5x, https:\/\/i0.wp.com\/casadecampoliving.com\/wp-content\/uploads\/2024\/08\/FN3A0554-scaled.jpg?fit=1200%2C800&ssl=1&resize=700%2C400 2x, https:\/\/i0.wp.com\/casadecampoliving.com\/wp-content\/uploads\/2024\/08\/FN3A0554-scaled.jpg?fit=1200%2C800&ssl=1&resize=1050%2C600 3x"},"classes":[]},{"id":526234,"url":"https:\/\/casadecampoliving.com\/es\/casa-de-campo-inaugura-el-renovado-centro-de-raquetas-elevando-la-experiencia-deportiva\/","url_meta":{"origin":510893,"position":2},"title":"Casa de Campo Inaugura el Renovado \u00abCentro de Raquetas\u00bb, Elevando la Experiencia Deportiva","author":"Casa de Campo Living","date":"22 Ene, 2024","format":false,"excerpt":"Casa de Campo Resort and Villas celebr\u00f3 la inauguraci\u00f3n oficial de su innovador Centro de Raquetas, marcando un hito significativo en la evoluci\u00f3n de sus instalaciones deportivas. El evento, celebrado el viernes 19 de enero, present\u00f3 una instalaci\u00f3n deportiva transformada que posiciona a Casa de Campo como el destino preferido\u2026","rel":"","context":"En \u00abCasa de Campo Resort &amp; Villas\u00bb","block_context":{"text":"Casa de Campo Resort &amp; Villas","link":"https:\/\/casadecampoliving.com\/es\/category\/casa-de-campo-resort-villas\/"},"img":{"alt_text":"","src":"https:\/\/i0.wp.com\/casadecampoliving.com\/wp-content\/uploads\/2024\/01\/Raquet-Center-Inauguration-23-scaled.jpg?fit=1200%2C800&ssl=1&resize=350%2C200","width":350,"height":200,"srcset":"https:\/\/i0.wp.com\/casadecampoliving.com\/wp-content\/uploads\/2024\/01\/Raquet-Center-Inauguration-23-scaled.jpg?fit=1200%2C800&ssl=1&resize=350%2C200 1x, https:\/\/i0.wp.com\/casadecampoliving.com\/wp-content\/uploads\/2024\/01\/Raquet-Center-Inauguration-23-scaled.jpg?fit=1200%2C800&ssl=1&resize=525%2C300 1.5x, https:\/\/i0.wp.com\/casadecampoliving.com\/wp-content\/uploads\/2024\/01\/Raquet-Center-Inauguration-23-scaled.jpg?fit=1200%2C800&ssl=1&resize=700%2C400 2x, https:\/\/i0.wp.com\/casadecampoliving.com\/wp-content\/uploads\/2024\/01\/Raquet-Center-Inauguration-23-scaled.jpg?fit=1200%2C800&ssl=1&resize=1050%2C600 3x"},"classes":[]},{"id":519962,"url":"https:\/\/casadecampoliving.com\/es\/la-xliii-copa-internacional-de-tenis-casa-de-campo-rompe-record-de-participantes\/","url_meta":{"origin":510893,"position":3},"title":"La XLIII Copa Internacional de Tenis Casa de Campo rompe r\u00e9cord de participantes","author":"Mairobi Herrera","date":"24 Jul, 2023","format":false,"excerpt":"El Centro de Tenis La Terraza en Casa de Campo culmin\u00f3 con \u00e9xito su XLIII Torneo Internacional de Tenis Copa Casa de Campo, en el cual participaron alrededor de 180 jugadores procedentes de varios pa\u00edses, quienes se disputaron en las categor\u00edas individuales y dobles. El dominicano Yerry Zorrilla se coron\u00f3\u2026","rel":"","context":"En \u00abCasa de Campo Resort &amp; Villas\u00bb","block_context":{"text":"Casa de Campo Resort &amp; Villas","link":"https:\/\/casadecampoliving.com\/es\/category\/casa-de-campo-resort-villas\/"},"img":{"alt_text":"","src":"https:\/\/i0.wp.com\/casadecampoliving.com\/wp-content\/uploads\/2023\/07\/XLIII-Torneo-Internacional-de-Tenis-Copa-Casa-de-Campo-33-scaled.jpg?fit=1200%2C800&ssl=1&resize=350%2C200","width":350,"height":200,"srcset":"https:\/\/i0.wp.com\/casadecampoliving.com\/wp-content\/uploads\/2023\/07\/XLIII-Torneo-Internacional-de-Tenis-Copa-Casa-de-Campo-33-scaled.jpg?fit=1200%2C800&ssl=1&resize=350%2C200 1x, https:\/\/i0.wp.com\/casadecampoliving.com\/wp-content\/uploads\/2023\/07\/XLIII-Torneo-Internacional-de-Tenis-Copa-Casa-de-Campo-33-scaled.jpg?fit=1200%2C800&ssl=1&resize=525%2C300 1.5x, https:\/\/i0.wp.com\/casadecampoliving.com\/wp-content\/uploads\/2023\/07\/XLIII-Torneo-Internacional-de-Tenis-Copa-Casa-de-Campo-33-scaled.jpg?fit=1200%2C800&ssl=1&resize=700%2C400 2x, https:\/\/i0.wp.com\/casadecampoliving.com\/wp-content\/uploads\/2023\/07\/XLIII-Torneo-Internacional-de-Tenis-Copa-Casa-de-Campo-33-scaled.jpg?fit=1200%2C800&ssl=1&resize=1050%2C600 3x"},"classes":[]},{"id":514774,"url":"https:\/\/casadecampoliving.com\/es\/un-dia-de-deporte-y-retribucion-el-xxvi-fin-de-semana-del-hogar-del-nino-en-la-romana-country-club\/","url_meta":{"origin":510893,"position":4},"title":"Un d\u00eda de deporte y retribuci\u00f3n: el XXVI Fin de Semana del Hogar del Ni\u00f1o en La Romana Country Club.","author":"Casa de Campo Living","date":"22 Feb, 2023","format":false,"excerpt":"\u00a1Esperamos que no se haya perdido ninguno de los animados eventos del Hogar del Ni\u00f1o! El s\u00e1bado 18 de febrero de 2023, la comunidad de Casa de Campo se di\u00f3 cita en La Romana Country Club para participar en todos los eventos del d\u00eda, que incluyeron torneos tradicionales de golf\u2026","rel":"","context":"En \u00abCountry Club La Romana\u00bb","block_context":{"text":"Country Club La Romana","link":"https:\/\/casadecampoliving.com\/es\/category\/country-club-la-romana-es\/"},"img":{"alt_text":"","src":"https:\/\/i0.wp.com\/casadecampoliving.com\/wp-content\/uploads\/2023\/02\/XXVI-Hogar-del-Nin%CC%83o-Weekend-Sports6.jpg?fit=1200%2C800&ssl=1&resize=350%2C200","width":350,"height":200,"srcset":"https:\/\/i0.wp.com\/casadecampoliving.com\/wp-content\/uploads\/2023\/02\/XXVI-Hogar-del-Nin%CC%83o-Weekend-Sports6.jpg?fit=1200%2C800&ssl=1&resize=350%2C200 1x, https:\/\/i0.wp.com\/casadecampoliving.com\/wp-content\/uploads\/2023\/02\/XXVI-Hogar-del-Nin%CC%83o-Weekend-Sports6.jpg?fit=1200%2C800&ssl=1&resize=525%2C300 1.5x, https:\/\/i0.wp.com\/casadecampoliving.com\/wp-content\/uploads\/2023\/02\/XXVI-Hogar-del-Nin%CC%83o-Weekend-Sports6.jpg?fit=1200%2C800&ssl=1&resize=700%2C400 2x, https:\/\/i0.wp.com\/casadecampoliving.com\/wp-content\/uploads\/2023\/02\/XXVI-Hogar-del-Nin%CC%83o-Weekend-Sports6.jpg?fit=1200%2C800&ssl=1&resize=1050%2C600 3x"},"classes":[]},{"id":538067,"url":"https:\/\/casadecampoliving.com\/es\/20o-torneo-de-tenis-mcdaniel-listo-para-ofrecer-competencia-y-apoyo-a-la-comunidad\/","url_meta":{"origin":510893,"position":5},"title":"20\u00ba Torneo de Tenis McDaniel Listo para Ofrecer Competencia y Apoyo a la Comunidad","author":"Casa de Campo Living","date":"13 Feb, 2025","format":false,"excerpt":"Durante dos d\u00e9cadas, el Torneo de Tenis McDaniel ha sido m\u00e1s que una competencia: ha transformado la vida de los peloteros y jugadores en Casa de Campo. Este a\u00f1o, el evento, que se celebrar\u00e1 del 5 al 9 de marzo, marca el 20\u00ba aniversario del torneo con un formato renovado,\u2026","rel":"","context":"En \u00abEventos\u00bb","block_context":{"text":"Eventos","link":"https:\/\/casadecampoliving.com\/es\/category\/eventos-es\/"},"img":{"alt_text":"","src":"https:\/\/i0.wp.com\/casadecampoliving.com\/wp-content\/uploads\/2024\/03\/19th-McDaniel-Tennis-Tournament-34.jpg?fit=1200%2C770&ssl=1&resize=350%2C200","width":350,"height":200,"srcset":"https:\/\/i0.wp.com\/casadecampoliving.com\/wp-content\/uploads\/2024\/03\/19th-McDaniel-Tennis-Tournament-34.jpg?fit=1200%2C770&ssl=1&resize=350%2C200 1x, https:\/\/i0.wp.com\/casadecampoliving.com\/wp-content\/uploads\/2024\/03\/19th-McDaniel-Tennis-Tournament-34.jpg?fit=1200%2C770&ssl=1&resize=525%2C300 1.5x, https:\/\/i0.wp.com\/casadecampoliving.com\/wp-content\/uploads\/2024\/03\/19th-McDaniel-Tennis-Tournament-34.jpg?fit=1200%2C770&ssl=1&resize=700%2C400 2x, https:\/\/i0.wp.com\/casadecampoliving.com\/wp-content\/uploads\/2024\/03\/19th-McDaniel-Tennis-Tournament-34.jpg?fit=1200%2C770&ssl=1&resize=1050%2C600 3x"},"classes":[]}],"jetpack_sharing_enabled":true,"_links":{"self":[{"href":"https:\/\/casadecampoliving.com\/es\/wp-json\/wp\/v2\/posts\/510893","targetHints":{"allow":["GET"]}}],"collection":[{"href":"https:\/\/casadecampoliving.com\/es\/wp-json\/wp\/v2\/posts"}],"about":[{"href":"https:\/\/casadecampoliving.com\/es\/wp-json\/wp\/v2\/types\/post"}],"author":[{"embeddable":true,"href":"https:\/\/casadecampoliving.com\/es\/wp-json\/wp\/v2\/users\/36791"}],"replies":[{"embeddable":true,"href":"https:\/\/casadecampoliving.com\/es\/wp-json\/wp\/v2\/comments?post=510893"}],"version-history":[{"count":1,"href":"https:\/\/casadecampoliving.com\/es\/wp-json\/wp\/v2\/posts\/510893\/revisions"}],"predecessor-version":[{"id":510897,"href":"https:\/\/casadecampoliving.com\/es\/wp-json\/wp\/v2\/posts\/510893\/revisions\/510897"}],"wp:featuredmedia":[{"embeddable":true,"href":"https:\/\/casadecampoliving.com\/es\/wp-json\/wp\/v2\/media\/510788"}],"wp:attachment":[{"href":"https:\/\/casadecampoliving.com\/es\/wp-json\/wp\/v2\/media?parent=510893"}],"wp:term":[{"taxonomy":"category","embeddable":true,"href":"https:\/\/casadecampoliving.com\/es\/wp-json\/wp\/v2\/categories?post=510893"},{"taxonomy":"post_tag","embeddable":true,"href":"https:\/\/casadecampoliving.com\/es\/wp-json\/wp\/v2\/tags?post=510893"},{"taxonomy":"newspack_spnsrs_tax","embeddable":true,"href":"https:\/\/casadecampoliving.com\/es\/wp-json\/wp\/v2\/newspack_spnsrs_tax?post=510893"}],"curies":[{"name":"wp","href":"https:\/\/api.w.org\/{rel}","templated":true}]}}