{"id":354495,"date":"2022-09-08T00:00:00","date_gmt":"2022-09-08T04:00:00","guid":{"rendered":"https:\/\/casadecampoliving.com\/mescyt-otorgara-30-becas-a-jovenes-de-la-fundacion-mir\/"},"modified":"2022-10-21T19:12:38","modified_gmt":"2022-10-21T23:12:38","slug":"mescyt-otorgara-30-becas-a-jovenes-de-la-fundacion-mir","status":"publish","type":"post","link":"https:\/\/casadecampoliving.com\/es\/mescyt-otorgara-30-becas-a-jovenes-de-la-fundacion-mir\/","title":{"rendered":"Mescyt otorgar\u00e1 30 becas a j\u00f3venes de la Fundaci\u00f3n MIR"},"content":{"rendered":"\n<div dir=\"auto\">El Ministerio de Educaci\u00f3n Superior, Ciencia y Tecnolog\u00eda (Mescyt) y la Fundaci\u00f3n MIR firmaron un acuerdo mediante el cual se otorgar\u00e1 30 becas, en un per\u00edodo de tres a\u00f1os a igual n\u00famero de j\u00f3venes de escasos recursos econ\u00f3micos que estudian en esa instituci\u00f3n de servicios.<\/div>\n\n\n\n<div dir=\"auto\">&nbsp;<\/div>\n\n\n\n<div dir=\"auto\">El convenio fue firmado por el titular del Mescyt, Franklin Garc\u00eda Ferm\u00edn y la presidenta de la Fundaci\u00f3n Mir, L\u00edan Fanjul Azqueta, previo al acto de la XVII graduaci\u00f3n de 119 Bachilleres-T\u00e9cnicos en diferentes disciplinas.<\/div>\n\n\n\n<div dir=\"auto\">&nbsp;<\/div>\n\n\n<div class=\"wp-block-image\">\n<figure class=\"aligncenter is-resized\"><img loading=\"lazy\" decoding=\"async\" src=\"https:\/\/i0.wp.com\/casadecampoliving.com\/wp-content\/uploads\/2022\/10\/298890138_140147448418220_649371618328407673_n-1024x769-2.jpg?resize=1000%2C751&amp;ssl=1\" alt=\"\" class=\"wp-image-215608\" height=\"751\" width=\"1000\"\/><\/figure>\n<\/div>\n\n\n<div dir=\"auto\"><\/div>\n\n\n\n<div dir=\"auto\">&nbsp;<\/div>\n\n\n\n<div dir=\"auto\">Tras la suscripci\u00f3n del acuerdo, Garc\u00eda Ferm\u00edn valor\u00f3 los aportes hechos por la Fundaci\u00f3n Mir al desarrollo socioecon\u00f3mico y cultural a favor de la educaci\u00f3n en la provincia de La Romana y otras comunidades de la regi\u00f3n oriental.<\/div>\n\n\n\n<div dir=\"auto\">&nbsp;<\/div>\n\n\n\n<div dir=\"auto\"><em><strong>\u201cEstamos convencidos de que, con la ejecuci\u00f3n de este convenio, las partes contribuyen al fortalecimiento del proceso de desarrollo sostenible de la Rep\u00fablica Dominicana\u201d,<\/strong> <\/em>subray\u00f3. <em><strong>\u201cEste acuerdo tiene el prop\u00f3sito de desarrollar y regular las relaciones de cooperaci\u00f3n entre las instituciones firmantes, las cuales deciden trabajar conjuntamente en el desarrollo de proyectos que fortalezcan la formaci\u00f3n acad\u00e9mica en las \u00e1reas que se imparten en los centros educativos que pertenezcan a la Fundaci\u00f3n MIR, Polit\u00e9cnico MIR Esperanza y Polit\u00e9cnico Fundaci\u00f3n MIR\u201d,<\/strong> <\/em>explic\u00f3 Garc\u00eda Ferm\u00edn.<\/div>\n\n\n\n<div dir=\"auto\">&nbsp;<\/div>\n\n\n<div class=\"wp-block-image\">\n<figure class=\"aligncenter is-resized\"><img loading=\"lazy\" decoding=\"async\" data-attachment-id=\"215612\" data-permalink=\"https:\/\/casadecampoliving.com\/es\/dsc04045-2-2\/\" data-orig-file=\"https:\/\/i0.wp.com\/casadecampoliving.com\/wp-content\/uploads\/2022\/10\/DSC04045.jpg?fit=800%2C600&amp;ssl=1\" data-orig-size=\"800,600\" data-comments-opened=\"0\" data-image-meta=\"{&quot;aperture&quot;:&quot;10&quot;,&quot;credit&quot;:&quot;&quot;,&quot;camera&quot;:&quot;DSC-W220&quot;,&quot;caption&quot;:&quot;&quot;,&quot;created_timestamp&quot;:&quot;1256876467&quot;,&quot;copyright&quot;:&quot;&quot;,&quot;focal_length&quot;:&quot;10.69&quot;,&quot;iso&quot;:&quot;400&quot;,&quot;shutter_speed&quot;:&quot;0.000625&quot;,&quot;title&quot;:&quot;&quot;,&quot;orientation&quot;:&quot;1&quot;}\" data-image-title=\"DSC04045\" data-image-description=\"\" data-image-caption=\"\" data-large-file=\"https:\/\/i0.wp.com\/casadecampoliving.com\/wp-content\/uploads\/2022\/10\/DSC04045.jpg?fit=800%2C600&amp;ssl=1\" src=\"https:\/\/i0.wp.com\/casadecampoliving.com\/wp-content\/uploads\/2022\/10\/299109954_155626343721734_2007948465782613749_n-1.jpg?resize=770%2C580&amp;ssl=1\" alt=\"\" class=\"wp-image-215612\" height=\"580\" width=\"770\"\/><\/figure>\n<\/div>\n\n\n<div dir=\"auto\"><\/div>\n\n\n\n<div dir=\"auto\">&nbsp;<\/div>\n\n\n\n<div dir=\"auto\">De su lado, la presidenta de la Fundaci\u00f3n MIR, Lian Fanjul Azqueta, agradeci\u00f3 el gesto del ministro Garc\u00eda Ferm\u00edn de respaldar todos los planes acad\u00e9micos de la entidad que le abre las puertas a los estudiantes pobres de La Romana y otras comunidades vecinas.<\/div>\n\n\n\n<div dir=\"auto\">&nbsp;<\/div>\n\n\n\n<div dir=\"auto\">Fanjul Azqueta exhort\u00f3 a los j\u00f3venes graduandos a seguir <em><strong>\u201chacia adelante y no se cansen hasta que ya tengan su buena carrera y sean dignas mujeres y dignos hombres. <\/strong><\/em><em><strong>El mundo es de ustedes, Dios les da un chance, lo que van a hacer cada uno de ustedes con sus vidas, depende de ustedes. Siempre tengan a Dios en su coraz\u00f3n, tengan el coraz\u00f3n Mir en su coraz\u00f3n, vengan a vernos, vengan con sus alegr\u00edas y sus problemas, \u00e9sta siempre ser\u00e1 su casa\u201d,<\/strong> <\/em>reflexion\u00f3.<\/div>\n\n\n\n<div dir=\"auto\">&nbsp;<\/div>\n\n\n<div class=\"wp-block-image\">\n<figure class=\"aligncenter is-resized\"><img loading=\"lazy\" decoding=\"async\" src=\"https:\/\/i0.wp.com\/casadecampoliving.com\/wp-content\/uploads\/2022\/10\/299200326_1782316992111834_8723264255367959421_n-1024x770-2.jpg?resize=1000%2C752&amp;ssl=1\" alt=\"\" class=\"wp-image-215606\" height=\"752\" width=\"1000\"\/><\/figure>\n<\/div>\n\n\n<div dir=\"auto\"><\/div>\n\n\n\n<div dir=\"auto\">&nbsp;<\/div>\n\n\n\n<div dir=\"auto\">Durante el desarrollo del acto de graduaci\u00f3n, el ministro Garc\u00eda| Ferm\u00edn otorg\u00f3 diez becas a los graduandos que terminaron sus estudios en Contabilidad, Enfermer\u00eda, Hoteler\u00eda, Gastronom\u00eda, Dise\u00f1o, Belleza y Peluquer\u00eda, y Tecnolog\u00eda en Ciencias Inform\u00e1ticas.<\/div>\n\n\n\n<div dir=\"auto\">&nbsp;<\/div>\n\n\n\n<div dir=\"auto\">En el acto intervino el embajador de Israel en la Rep\u00fablica Dominicana, Dani Biran; la vicepresidenta de la Fundaci\u00f3n Mir, Lyanne Azqueta Fanjul, y la directora general de la Fundaci\u00f3n Mir, Monike Acevedo.<\/div>\n\n\n\n<div dir=\"auto\">&nbsp;<\/div>\n\n\n\n<div dir=\"auto\">A la actividad asistieron Gonzalo Gil, GEO de Scotiabank para la Rep\u00fablica Dominicana; Abraham Dauhajre, GEO de la Fundaci\u00f3n para el Desarrollo las Ciencias y las Tecnolog\u00edas (Fundecitec); Osiris Villacampa, director de Villacampa School Technology, y Juan Adames Bautista, alcalde del municipio de La Romana, entre otras personalidades.<\/div>\n","protected":false},"excerpt":{"rendered":"<p>El Ministerio de Educaci\u00f3n Superior, Ciencia y Tecnolog\u00eda (Mescyt) y la Fundaci\u00f3n MIR firmaron un acuerdo mediante el cual se otorgar\u00e1 30 becas, en un per\u00edodo de tres a\u00f1os a igual n\u00famero de j\u00f3venes de escasos recursos econ\u00f3micos que estudian en esa instituci\u00f3n de servicios. &nbsp; El convenio fue firmado por el titular del Mescyt, [&hellip;]<\/p>\n","protected":false},"author":36791,"featured_media":335699,"comment_status":"closed","ping_status":"open","sticky":false,"template":"","format":"standard","meta":{"newspack_ads_suppress_ads":false,"newspack_popups_has_disabled_popups":false,"newspack_sponsor_sponsorship_scope":"","newspack_sponsor_native_byline_display":"inherit","newspack_sponsor_native_category_display":"inherit","newspack_sponsor_underwriter_style":"inherit","newspack_sponsor_underwriter_placement":"inherit","_newspack_byline_active":false,"_newspack_byline":"","newspack_hide_updated_date":false,"newspack_show_updated_date":false,"newspack_content_restriction_is_exempt":false,"newspack_featured_image_position":"","newspack_post_subtitle":"","newspack_article_summary_title":"Overview:","newspack_article_summary":"","_jetpack_memberships_contains_paid_content":false,"footnotes":"","jetpack_publicize_message":"","jetpack_publicize_feature_enabled":true,"jetpack_social_post_already_shared":false,"jetpack_social_options":{"image_generator_settings":{"template":"highway","default_image_id":0,"font":"","enabled":false},"version":2},"_wpas_customize_per_network":false},"categories":[2522,2515,2514,2507,2506,2521],"tags":[8641,5539,2535,14736,25563,3577,18932,1959,24913,25556],"newspack_spnsrs_tax":[],"class_list":["post-354495","post","type-post","status-publish","format-standard","has-post-thumbnail","hentry","category-eventos-es","category-fundacion-mir-es","category-fundaciones-es","category-la-romana-es","category-mas-alla-de-casa-es","category-republica-dominicana-2","tag-becas","tag-escuelas-mir","tag-estudiantes","tag-featured-topview-es","tag-franklin-garcia-fermin","tag-fundacion-mir-es-2","tag-la-romana-es-4","tag-lian-fanjul-de-azqueta","tag-lyanne-azqueta-fanjul","tag-mescyt","entry"],"yoast_head":"<!-- This site is optimized with the Yoast SEO plugin v27.5 - https:\/\/yoast.com\/product\/yoast-seo-wordpress\/ -->\n<title>Mescyt otorgar\u00e1 30 becas a j\u00f3venes de la Fundaci\u00f3n MIR | Casa de Campo Living<\/title>\n<meta name=\"description\" content=\"El Ministerio de Educaci\u00f3n Superior, Ciencia y Tecnolog\u00eda (Mescyt) y la Fundaci\u00f3n MIR firmaron un acuerdo mediante el cual se otorgar\u00e1 30 becas, en un\" \/>\n<meta name=\"robots\" content=\"index, follow, max-snippet:-1, max-image-preview:large, max-video-preview:-1\" \/>\n<link rel=\"canonical\" href=\"https:\/\/casadecampoliving.com\/es\/mescyt-otorgara-30-becas-a-jovenes-de-la-fundacion-mir\/\" \/>\n<meta property=\"og:locale\" content=\"es_ES\" \/>\n<meta property=\"og:type\" content=\"article\" \/>\n<meta property=\"og:title\" content=\"Mescyt otorgar\u00e1 30 becas a j\u00f3venes de la Fundaci\u00f3n MIR | Casa de Campo Living\" \/>\n<meta property=\"og:description\" content=\"El Ministerio de Educaci\u00f3n Superior, Ciencia y Tecnolog\u00eda (Mescyt) y la Fundaci\u00f3n MIR firmaron un acuerdo mediante el cual se otorgar\u00e1 30 becas, en un\" \/>\n<meta property=\"og:url\" content=\"https:\/\/casadecampoliving.com\/es\/mescyt-otorgara-30-becas-a-jovenes-de-la-fundacion-mir\/\" \/>\n<meta property=\"og:site_name\" content=\"Casa de Campo Living\" \/>\n<meta property=\"article:publisher\" content=\"https:\/\/www.facebook.com\/casadecampoliving\" \/>\n<meta property=\"article:published_time\" content=\"2022-09-08T04:00:00+00:00\" \/>\n<meta property=\"article:modified_time\" content=\"2022-10-21T23:12:38+00:00\" \/>\n<meta property=\"og:image\" content=\"https:\/\/i0.wp.com\/casadecampoliving.com\/wp-content\/uploads\/2022\/10\/299015705_775545436922521_1719273236919628593_n-e1662676550858-1.jpg?fit=1000%2C752&ssl=1\" \/>\n\t<meta property=\"og:image:width\" content=\"1000\" \/>\n\t<meta property=\"og:image:height\" content=\"752\" \/>\n\t<meta property=\"og:image:type\" content=\"image\/jpeg\" \/>\n<meta name=\"author\" content=\"Casa de Campo Living\" \/>\n<meta name=\"twitter:card\" content=\"summary_large_image\" \/>\n<meta name=\"twitter:creator\" content=\"@cdcliving\" \/>\n<meta name=\"twitter:site\" content=\"@cdcliving\" \/>\n<meta name=\"twitter:label1\" content=\"Escrito por\" \/>\n\t<meta name=\"twitter:data1\" content=\"Casa de Campo Living\" \/>\n\t<meta name=\"twitter:label2\" content=\"Tiempo de lectura\" \/>\n\t<meta name=\"twitter:data2\" content=\"3 minutos\" \/>\n<script type=\"application\/ld+json\" class=\"yoast-schema-graph\">{\"@context\":\"https:\\\/\\\/schema.org\",\"@graph\":[{\"@type\":\"Article\",\"@id\":\"https:\\\/\\\/casadecampoliving.com\\\/es\\\/mescyt-otorgara-30-becas-a-jovenes-de-la-fundacion-mir\\\/#article\",\"isPartOf\":{\"@id\":\"https:\\\/\\\/casadecampoliving.com\\\/es\\\/mescyt-otorgara-30-becas-a-jovenes-de-la-fundacion-mir\\\/\"},\"author\":{\"name\":\"Casa de Campo Living\",\"@id\":\"https:\\\/\\\/casadecampoliving.com\\\/es\\\/#\\\/schema\\\/person\\\/5d2171637a9d11e0e43ce6b8555f9422\"},\"headline\":\"Mescyt otorgar\u00e1 30 becas a j\u00f3venes de la Fundaci\u00f3n MIR\",\"datePublished\":\"2022-09-08T04:00:00+00:00\",\"dateModified\":\"2022-10-21T23:12:38+00:00\",\"mainEntityOfPage\":{\"@id\":\"https:\\\/\\\/casadecampoliving.com\\\/es\\\/mescyt-otorgara-30-becas-a-jovenes-de-la-fundacion-mir\\\/\"},\"wordCount\":524,\"publisher\":{\"@id\":\"https:\\\/\\\/casadecampoliving.com\\\/es\\\/#organization\"},\"image\":{\"@id\":\"https:\\\/\\\/casadecampoliving.com\\\/es\\\/mescyt-otorgara-30-becas-a-jovenes-de-la-fundacion-mir\\\/#primaryimage\"},\"thumbnailUrl\":\"https:\\\/\\\/i0.wp.com\\\/casadecampoliving.com\\\/wp-content\\\/uploads\\\/2022\\\/10\\\/299015705_775545436922521_1719273236919628593_n-e1662676550858-1.jpg?fit=1000%2C752&ssl=1\",\"keywords\":[\"becas\",\"escuelas mir\",\"estudiantes\",\"Featured-TopView @es\",\"Franklin Garc\u00eda Ferm\u00edn\",\"Fundacion MIR @es\",\"La Romana\",\"lian fanjul de azqueta\",\"Lyanne Azqueta Fanjul\",\"MESCYT\"],\"articleSection\":[\"Eventos\",\"Fundaci\u00f3n MIR @es\",\"Fundaciones\",\"La Romana @es\",\"M\u00e1s all\u00e1 de Casa\",\"Rep\u00fablica Dominicana @es\"],\"inLanguage\":\"es\"},{\"@type\":\"WebPage\",\"@id\":\"https:\\\/\\\/casadecampoliving.com\\\/es\\\/mescyt-otorgara-30-becas-a-jovenes-de-la-fundacion-mir\\\/\",\"url\":\"https:\\\/\\\/casadecampoliving.com\\\/es\\\/mescyt-otorgara-30-becas-a-jovenes-de-la-fundacion-mir\\\/\",\"name\":\"Mescyt otorgar\u00e1 30 becas a j\u00f3venes de la Fundaci\u00f3n MIR | Casa de Campo Living\",\"isPartOf\":{\"@id\":\"https:\\\/\\\/casadecampoliving.com\\\/es\\\/#website\"},\"primaryImageOfPage\":{\"@id\":\"https:\\\/\\\/casadecampoliving.com\\\/es\\\/mescyt-otorgara-30-becas-a-jovenes-de-la-fundacion-mir\\\/#primaryimage\"},\"image\":{\"@id\":\"https:\\\/\\\/casadecampoliving.com\\\/es\\\/mescyt-otorgara-30-becas-a-jovenes-de-la-fundacion-mir\\\/#primaryimage\"},\"thumbnailUrl\":\"https:\\\/\\\/i0.wp.com\\\/casadecampoliving.com\\\/wp-content\\\/uploads\\\/2022\\\/10\\\/299015705_775545436922521_1719273236919628593_n-e1662676550858-1.jpg?fit=1000%2C752&ssl=1\",\"datePublished\":\"2022-09-08T04:00:00+00:00\",\"dateModified\":\"2022-10-21T23:12:38+00:00\",\"description\":\"El Ministerio de Educaci\u00f3n Superior, Ciencia y Tecnolog\u00eda (Mescyt) y la Fundaci\u00f3n MIR firmaron un acuerdo mediante el cual se otorgar\u00e1 30 becas, en un\",\"breadcrumb\":{\"@id\":\"https:\\\/\\\/casadecampoliving.com\\\/es\\\/mescyt-otorgara-30-becas-a-jovenes-de-la-fundacion-mir\\\/#breadcrumb\"},\"inLanguage\":\"es\",\"potentialAction\":[{\"@type\":\"ReadAction\",\"target\":[\"https:\\\/\\\/casadecampoliving.com\\\/es\\\/mescyt-otorgara-30-becas-a-jovenes-de-la-fundacion-mir\\\/\"]}]},{\"@type\":\"ImageObject\",\"inLanguage\":\"es\",\"@id\":\"https:\\\/\\\/casadecampoliving.com\\\/es\\\/mescyt-otorgara-30-becas-a-jovenes-de-la-fundacion-mir\\\/#primaryimage\",\"url\":\"https:\\\/\\\/i0.wp.com\\\/casadecampoliving.com\\\/wp-content\\\/uploads\\\/2022\\\/10\\\/299015705_775545436922521_1719273236919628593_n-e1662676550858-1.jpg?fit=1000%2C752&ssl=1\",\"contentUrl\":\"https:\\\/\\\/i0.wp.com\\\/casadecampoliving.com\\\/wp-content\\\/uploads\\\/2022\\\/10\\\/299015705_775545436922521_1719273236919628593_n-e1662676550858-1.jpg?fit=1000%2C752&ssl=1\",\"width\":1000,\"height\":752},{\"@type\":\"BreadcrumbList\",\"@id\":\"https:\\\/\\\/casadecampoliving.com\\\/es\\\/mescyt-otorgara-30-becas-a-jovenes-de-la-fundacion-mir\\\/#breadcrumb\",\"itemListElement\":[{\"@type\":\"ListItem\",\"position\":1,\"name\":\"Home\",\"item\":\"https:\\\/\\\/casadecampoliving.com\\\/es\\\/\"},{\"@type\":\"ListItem\",\"position\":2,\"name\":\"Mescyt otorgar\u00e1 30 becas a j\u00f3venes de la Fundaci\u00f3n MIR\"}]},{\"@type\":\"WebSite\",\"@id\":\"https:\\\/\\\/casadecampoliving.com\\\/es\\\/#website\",\"url\":\"https:\\\/\\\/casadecampoliving.com\\\/es\\\/\",\"name\":\"Casa de Campo Living\",\"description\":\"Resort community news and resources.\",\"publisher\":{\"@id\":\"https:\\\/\\\/casadecampoliving.com\\\/es\\\/#organization\"},\"potentialAction\":[{\"@type\":\"SearchAction\",\"target\":{\"@type\":\"EntryPoint\",\"urlTemplate\":\"https:\\\/\\\/casadecampoliving.com\\\/es\\\/?s={search_term_string}\"},\"query-input\":{\"@type\":\"PropertyValueSpecification\",\"valueRequired\":true,\"valueName\":\"search_term_string\"}}],\"inLanguage\":\"es\"},{\"@type\":\"Organization\",\"@id\":\"https:\\\/\\\/casadecampoliving.com\\\/es\\\/#organization\",\"name\":\"Casa de Campo Living\",\"url\":\"https:\\\/\\\/casadecampoliving.com\\\/es\\\/\",\"logo\":{\"@type\":\"ImageObject\",\"inLanguage\":\"es\",\"@id\":\"https:\\\/\\\/casadecampoliving.com\\\/es\\\/#\\\/schema\\\/logo\\\/image\\\/\",\"url\":\"https:\\\/\\\/i0.wp.com\\\/casadecampoliving.com\\\/wp-content\\\/uploads\\\/2022\\\/07\\\/CDCLivingLogo_V1-white-sized.png?fit=800%2C214&ssl=1\",\"contentUrl\":\"https:\\\/\\\/i0.wp.com\\\/casadecampoliving.com\\\/wp-content\\\/uploads\\\/2022\\\/07\\\/CDCLivingLogo_V1-white-sized.png?fit=800%2C214&ssl=1\",\"width\":800,\"height\":214,\"caption\":\"Casa de Campo Living\"},\"image\":{\"@id\":\"https:\\\/\\\/casadecampoliving.com\\\/es\\\/#\\\/schema\\\/logo\\\/image\\\/\"},\"sameAs\":[\"https:\\\/\\\/www.facebook.com\\\/casadecampoliving\",\"https:\\\/\\\/x.com\\\/cdcliving\"]},{\"@type\":\"Person\",\"@id\":\"https:\\\/\\\/casadecampoliving.com\\\/es\\\/#\\\/schema\\\/person\\\/5d2171637a9d11e0e43ce6b8555f9422\",\"name\":\"Casa de Campo Living\",\"image\":{\"@type\":\"ImageObject\",\"inLanguage\":\"es\",\"@id\":\"https:\\\/\\\/secure.gravatar.com\\\/avatar\\\/d04101fa4a9fd431e939953b1500fdc7a73cd35029f86d98712fd8ccdaebaf9a?s=96&d=mm&r=g\",\"url\":\"https:\\\/\\\/secure.gravatar.com\\\/avatar\\\/d04101fa4a9fd431e939953b1500fdc7a73cd35029f86d98712fd8ccdaebaf9a?s=96&d=mm&r=g\",\"contentUrl\":\"https:\\\/\\\/secure.gravatar.com\\\/avatar\\\/d04101fa4a9fd431e939953b1500fdc7a73cd35029f86d98712fd8ccdaebaf9a?s=96&d=mm&r=g\",\"caption\":\"Casa de Campo Living\"},\"url\":\"https:\\\/\\\/casadecampoliving.com\\\/es\\\/author\\\/casa-de-campo-living\\\/\"}]}<\/script>\n<!-- \/ Yoast SEO plugin. -->","yoast_head_json":{"title":"Mescyt otorgar\u00e1 30 becas a j\u00f3venes de la Fundaci\u00f3n MIR | Casa de Campo Living","description":"El Ministerio de Educaci\u00f3n Superior, Ciencia y Tecnolog\u00eda (Mescyt) y la Fundaci\u00f3n MIR firmaron un acuerdo mediante el cual se otorgar\u00e1 30 becas, en un","robots":{"index":"index","follow":"follow","max-snippet":"max-snippet:-1","max-image-preview":"max-image-preview:large","max-video-preview":"max-video-preview:-1"},"canonical":"https:\/\/casadecampoliving.com\/es\/mescyt-otorgara-30-becas-a-jovenes-de-la-fundacion-mir\/","og_locale":"es_ES","og_type":"article","og_title":"Mescyt otorgar\u00e1 30 becas a j\u00f3venes de la Fundaci\u00f3n MIR | Casa de Campo Living","og_description":"El Ministerio de Educaci\u00f3n Superior, Ciencia y Tecnolog\u00eda (Mescyt) y la Fundaci\u00f3n MIR firmaron un acuerdo mediante el cual se otorgar\u00e1 30 becas, en un","og_url":"https:\/\/casadecampoliving.com\/es\/mescyt-otorgara-30-becas-a-jovenes-de-la-fundacion-mir\/","og_site_name":"Casa de Campo Living","article_publisher":"https:\/\/www.facebook.com\/casadecampoliving","article_published_time":"2022-09-08T04:00:00+00:00","article_modified_time":"2022-10-21T23:12:38+00:00","og_image":[{"width":1000,"height":752,"url":"https:\/\/i0.wp.com\/casadecampoliving.com\/wp-content\/uploads\/2022\/10\/299015705_775545436922521_1719273236919628593_n-e1662676550858-1.jpg?fit=1000%2C752&ssl=1","type":"image\/jpeg"}],"author":"Casa de Campo Living","twitter_card":"summary_large_image","twitter_creator":"@cdcliving","twitter_site":"@cdcliving","twitter_misc":{"Escrito por":"Casa de Campo Living","Tiempo de lectura":"3 minutos"},"schema":{"@context":"https:\/\/schema.org","@graph":[{"@type":"Article","@id":"https:\/\/casadecampoliving.com\/es\/mescyt-otorgara-30-becas-a-jovenes-de-la-fundacion-mir\/#article","isPartOf":{"@id":"https:\/\/casadecampoliving.com\/es\/mescyt-otorgara-30-becas-a-jovenes-de-la-fundacion-mir\/"},"author":{"name":"Casa de Campo Living","@id":"https:\/\/casadecampoliving.com\/es\/#\/schema\/person\/5d2171637a9d11e0e43ce6b8555f9422"},"headline":"Mescyt otorgar\u00e1 30 becas a j\u00f3venes de la Fundaci\u00f3n MIR","datePublished":"2022-09-08T04:00:00+00:00","dateModified":"2022-10-21T23:12:38+00:00","mainEntityOfPage":{"@id":"https:\/\/casadecampoliving.com\/es\/mescyt-otorgara-30-becas-a-jovenes-de-la-fundacion-mir\/"},"wordCount":524,"publisher":{"@id":"https:\/\/casadecampoliving.com\/es\/#organization"},"image":{"@id":"https:\/\/casadecampoliving.com\/es\/mescyt-otorgara-30-becas-a-jovenes-de-la-fundacion-mir\/#primaryimage"},"thumbnailUrl":"https:\/\/i0.wp.com\/casadecampoliving.com\/wp-content\/uploads\/2022\/10\/299015705_775545436922521_1719273236919628593_n-e1662676550858-1.jpg?fit=1000%2C752&ssl=1","keywords":["becas","escuelas mir","estudiantes","Featured-TopView @es","Franklin Garc\u00eda Ferm\u00edn","Fundacion MIR @es","La Romana","lian fanjul de azqueta","Lyanne Azqueta Fanjul","MESCYT"],"articleSection":["Eventos","Fundaci\u00f3n MIR @es","Fundaciones","La Romana @es","M\u00e1s all\u00e1 de Casa","Rep\u00fablica Dominicana @es"],"inLanguage":"es"},{"@type":"WebPage","@id":"https:\/\/casadecampoliving.com\/es\/mescyt-otorgara-30-becas-a-jovenes-de-la-fundacion-mir\/","url":"https:\/\/casadecampoliving.com\/es\/mescyt-otorgara-30-becas-a-jovenes-de-la-fundacion-mir\/","name":"Mescyt otorgar\u00e1 30 becas a j\u00f3venes de la Fundaci\u00f3n MIR | Casa de Campo Living","isPartOf":{"@id":"https:\/\/casadecampoliving.com\/es\/#website"},"primaryImageOfPage":{"@id":"https:\/\/casadecampoliving.com\/es\/mescyt-otorgara-30-becas-a-jovenes-de-la-fundacion-mir\/#primaryimage"},"image":{"@id":"https:\/\/casadecampoliving.com\/es\/mescyt-otorgara-30-becas-a-jovenes-de-la-fundacion-mir\/#primaryimage"},"thumbnailUrl":"https:\/\/i0.wp.com\/casadecampoliving.com\/wp-content\/uploads\/2022\/10\/299015705_775545436922521_1719273236919628593_n-e1662676550858-1.jpg?fit=1000%2C752&ssl=1","datePublished":"2022-09-08T04:00:00+00:00","dateModified":"2022-10-21T23:12:38+00:00","description":"El Ministerio de Educaci\u00f3n Superior, Ciencia y Tecnolog\u00eda (Mescyt) y la Fundaci\u00f3n MIR firmaron un acuerdo mediante el cual se otorgar\u00e1 30 becas, en un","breadcrumb":{"@id":"https:\/\/casadecampoliving.com\/es\/mescyt-otorgara-30-becas-a-jovenes-de-la-fundacion-mir\/#breadcrumb"},"inLanguage":"es","potentialAction":[{"@type":"ReadAction","target":["https:\/\/casadecampoliving.com\/es\/mescyt-otorgara-30-becas-a-jovenes-de-la-fundacion-mir\/"]}]},{"@type":"ImageObject","inLanguage":"es","@id":"https:\/\/casadecampoliving.com\/es\/mescyt-otorgara-30-becas-a-jovenes-de-la-fundacion-mir\/#primaryimage","url":"https:\/\/i0.wp.com\/casadecampoliving.com\/wp-content\/uploads\/2022\/10\/299015705_775545436922521_1719273236919628593_n-e1662676550858-1.jpg?fit=1000%2C752&ssl=1","contentUrl":"https:\/\/i0.wp.com\/casadecampoliving.com\/wp-content\/uploads\/2022\/10\/299015705_775545436922521_1719273236919628593_n-e1662676550858-1.jpg?fit=1000%2C752&ssl=1","width":1000,"height":752},{"@type":"BreadcrumbList","@id":"https:\/\/casadecampoliving.com\/es\/mescyt-otorgara-30-becas-a-jovenes-de-la-fundacion-mir\/#breadcrumb","itemListElement":[{"@type":"ListItem","position":1,"name":"Home","item":"https:\/\/casadecampoliving.com\/es\/"},{"@type":"ListItem","position":2,"name":"Mescyt otorgar\u00e1 30 becas a j\u00f3venes de la Fundaci\u00f3n MIR"}]},{"@type":"WebSite","@id":"https:\/\/casadecampoliving.com\/es\/#website","url":"https:\/\/casadecampoliving.com\/es\/","name":"Casa de Campo Living","description":"Resort community news and resources.","publisher":{"@id":"https:\/\/casadecampoliving.com\/es\/#organization"},"potentialAction":[{"@type":"SearchAction","target":{"@type":"EntryPoint","urlTemplate":"https:\/\/casadecampoliving.com\/es\/?s={search_term_string}"},"query-input":{"@type":"PropertyValueSpecification","valueRequired":true,"valueName":"search_term_string"}}],"inLanguage":"es"},{"@type":"Organization","@id":"https:\/\/casadecampoliving.com\/es\/#organization","name":"Casa de Campo Living","url":"https:\/\/casadecampoliving.com\/es\/","logo":{"@type":"ImageObject","inLanguage":"es","@id":"https:\/\/casadecampoliving.com\/es\/#\/schema\/logo\/image\/","url":"https:\/\/i0.wp.com\/casadecampoliving.com\/wp-content\/uploads\/2022\/07\/CDCLivingLogo_V1-white-sized.png?fit=800%2C214&ssl=1","contentUrl":"https:\/\/i0.wp.com\/casadecampoliving.com\/wp-content\/uploads\/2022\/07\/CDCLivingLogo_V1-white-sized.png?fit=800%2C214&ssl=1","width":800,"height":214,"caption":"Casa de Campo Living"},"image":{"@id":"https:\/\/casadecampoliving.com\/es\/#\/schema\/logo\/image\/"},"sameAs":["https:\/\/www.facebook.com\/casadecampoliving","https:\/\/x.com\/cdcliving"]},{"@type":"Person","@id":"https:\/\/casadecampoliving.com\/es\/#\/schema\/person\/5d2171637a9d11e0e43ce6b8555f9422","name":"Casa de Campo Living","image":{"@type":"ImageObject","inLanguage":"es","@id":"https:\/\/secure.gravatar.com\/avatar\/d04101fa4a9fd431e939953b1500fdc7a73cd35029f86d98712fd8ccdaebaf9a?s=96&d=mm&r=g","url":"https:\/\/secure.gravatar.com\/avatar\/d04101fa4a9fd431e939953b1500fdc7a73cd35029f86d98712fd8ccdaebaf9a?s=96&d=mm&r=g","contentUrl":"https:\/\/secure.gravatar.com\/avatar\/d04101fa4a9fd431e939953b1500fdc7a73cd35029f86d98712fd8ccdaebaf9a?s=96&d=mm&r=g","caption":"Casa de Campo Living"},"url":"https:\/\/casadecampoliving.com\/es\/author\/casa-de-campo-living\/"}]}},"parsely":{"version":"1.1.0","canonical_url":"https:\/\/casadecampoliving.com\/es\/mescyt-otorgara-30-becas-a-jovenes-de-la-fundacion-mir\/","smart_links":{"inbound":0,"outbound":0},"traffic_boost_suggestions_count":0,"meta":{"@context":"https:\/\/schema.org","@type":"NewsArticle","headline":"Mescyt otorgar\u00e1 30 becas a j\u00f3venes de la Fundaci\u00f3n MIR","url":"http:\/\/casadecampoliving.com\/es\/mescyt-otorgara-30-becas-a-jovenes-de-la-fundacion-mir\/","mainEntityOfPage":{"@type":"WebPage","@id":"http:\/\/casadecampoliving.com\/es\/mescyt-otorgara-30-becas-a-jovenes-de-la-fundacion-mir\/"},"thumbnailUrl":"https:\/\/i0.wp.com\/casadecampoliving.com\/wp-content\/uploads\/2022\/10\/299015705_775545436922521_1719273236919628593_n-e1662676550858-1.jpg?resize=150%2C150&ssl=1","image":{"@type":"ImageObject","url":"https:\/\/i0.wp.com\/casadecampoliving.com\/wp-content\/uploads\/2022\/10\/299015705_775545436922521_1719273236919628593_n-e1662676550858-1.jpg?fit=1000%2C752&ssl=1"},"articleSection":"Eventos","author":[{"@type":"Person","name":"Casa de Campo Living"}],"creator":["Casa de Campo Living"],"publisher":{"@type":"Organization","name":"Casa de Campo Living","logo":"https:\/\/casadecampoliving.com\/wp-content\/uploads\/2022\/07\/CDCLivingLogo_V1-white-sized.png"},"keywords":["becas","escuelas mir","estudiantes","featured-topview @es","franklin garc\u00eda ferm\u00edn","fundacion mir @es","la romana","lian fanjul de azqueta","lyanne azqueta fanjul","mescyt"],"dateCreated":"2022-09-08T04:00:00Z","datePublished":"2022-09-08T04:00:00Z","dateModified":"2022-10-21T23:12:38Z"},"rendered":"<script type=\"application\/ld+json\" class=\"wp-parsely-metadata\">{\"@context\":\"https:\\\/\\\/schema.org\",\"@type\":\"NewsArticle\",\"headline\":\"Mescyt otorgar\\u00e1 30 becas a j\\u00f3venes de la Fundaci\\u00f3n MIR\",\"url\":\"http:\\\/\\\/casadecampoliving.com\\\/es\\\/mescyt-otorgara-30-becas-a-jovenes-de-la-fundacion-mir\\\/\",\"mainEntityOfPage\":{\"@type\":\"WebPage\",\"@id\":\"http:\\\/\\\/casadecampoliving.com\\\/es\\\/mescyt-otorgara-30-becas-a-jovenes-de-la-fundacion-mir\\\/\"},\"thumbnailUrl\":\"https:\\\/\\\/i0.wp.com\\\/casadecampoliving.com\\\/wp-content\\\/uploads\\\/2022\\\/10\\\/299015705_775545436922521_1719273236919628593_n-e1662676550858-1.jpg?resize=150%2C150&ssl=1\",\"image\":{\"@type\":\"ImageObject\",\"url\":\"https:\\\/\\\/i0.wp.com\\\/casadecampoliving.com\\\/wp-content\\\/uploads\\\/2022\\\/10\\\/299015705_775545436922521_1719273236919628593_n-e1662676550858-1.jpg?fit=1000%2C752&ssl=1\"},\"articleSection\":\"Eventos\",\"author\":[{\"@type\":\"Person\",\"name\":\"Casa de Campo Living\"}],\"creator\":[\"Casa de Campo Living\"],\"publisher\":{\"@type\":\"Organization\",\"name\":\"Casa de Campo Living\",\"logo\":\"https:\\\/\\\/casadecampoliving.com\\\/wp-content\\\/uploads\\\/2022\\\/07\\\/CDCLivingLogo_V1-white-sized.png\"},\"keywords\":[\"becas\",\"escuelas mir\",\"estudiantes\",\"featured-topview @es\",\"franklin garc\\u00eda ferm\\u00edn\",\"fundacion mir @es\",\"la romana\",\"lian fanjul de azqueta\",\"lyanne azqueta fanjul\",\"mescyt\"],\"dateCreated\":\"2022-09-08T04:00:00Z\",\"datePublished\":\"2022-09-08T04:00:00Z\",\"dateModified\":\"2022-10-21T23:12:38Z\"}<\/script>","tracker_url":"https:\/\/cdn.parsely.com\/keys\/casadecampoliving.com\/p.js"},"jetpack_publicize_connections":[],"jetpack_featured_media_url":"https:\/\/i0.wp.com\/casadecampoliving.com\/wp-content\/uploads\/2022\/10\/299015705_775545436922521_1719273236919628593_n-e1662676550858-1.jpg?fit=1000%2C752&ssl=1","jetpack-related-posts":[{"id":354001,"url":"https:\/\/casadecampoliving.com\/es\/mescyt-y-fundacion-mir-formaran-alianza-estrategica-para-otorgar-becas-a-estudiantes-meritorios\/","url_meta":{"origin":354495,"position":0},"title":"Fundaci\u00f3n MIR y MESCYT formar\u00e1n alianza estrat\u00e9gica para otorgar becas a estudiantes meritorios","author":"Casa de Campo Living","date":"21 Mar, 2021","format":false,"excerpt":"El Ministerio de Educaci\u00f3n Superior, Ciencia y Tecnolog\u00eda (MESCYT) y la Fundaci\u00f3n MIR suscribieron este viernes una carta de intenci\u00f3n con el prop\u00f3sito de formalizar una alianza estrat\u00e9gica y la firma de un acuerdo interinstitucional otorgando becas para estudiantes egresados y personal docente. El documento contempla la habilitaci\u00f3n para otorgar\u2026","rel":"","context":"En \u00abM\u00e1s all\u00e1 de Casa\u00bb","block_context":{"text":"M\u00e1s all\u00e1 de Casa","link":"https:\/\/casadecampoliving.com\/es\/category\/mas-alla-de-casa-es\/"},"img":{"alt_text":"","src":"https:\/\/i0.wp.com\/casadecampoliving.com\/wp-content\/uploads\/2022\/10\/image0-2.jpeg?fit=1000%2C600&ssl=1&resize=350%2C200","width":350,"height":200,"srcset":"https:\/\/i0.wp.com\/casadecampoliving.com\/wp-content\/uploads\/2022\/10\/image0-2.jpeg?fit=1000%2C600&ssl=1&resize=350%2C200 1x, https:\/\/i0.wp.com\/casadecampoliving.com\/wp-content\/uploads\/2022\/10\/image0-2.jpeg?fit=1000%2C600&ssl=1&resize=525%2C300 1.5x, https:\/\/i0.wp.com\/casadecampoliving.com\/wp-content\/uploads\/2022\/10\/image0-2.jpeg?fit=1000%2C600&ssl=1&resize=700%2C400 2x"},"classes":[]},{"id":335691,"url":"https:\/\/casadecampoliving.com\/the-mescyt-will-award-30-scholarships-to-young-graduates-from-the-fundacion-mir\/","url_meta":{"origin":354495,"position":1},"title":"The Mescyt will award 30 scholarships to young graduates from the Fundaci\u00f3n MIR","author":"Casa de Campo Living","date":"8 Sep, 2022","format":false,"excerpt":"The Ministry of Higher Education, Science and Technology (Mescyt) and the Fundaci\u00f3n MIR signed an agreement through which 30 scholarships will be awarded over a period of three years to an equal number of young people with limited economic resources who study at that service institution. The agreement was signed\u2026","rel":"","context":"En \u00abBeyond Casa\u00bb","block_context":{"text":"Beyond Casa","link":"https:\/\/casadecampoliving.com\/category\/beyond-casa\/"},"img":{"alt_text":"","src":"https:\/\/i0.wp.com\/casadecampoliving.com\/wp-content\/uploads\/2022\/10\/299015705_775545436922521_1719273236919628593_n-e1662676550858-1.jpg?fit=1000%2C752&ssl=1&resize=350%2C200","width":350,"height":200,"srcset":"https:\/\/i0.wp.com\/casadecampoliving.com\/wp-content\/uploads\/2022\/10\/299015705_775545436922521_1719273236919628593_n-e1662676550858-1.jpg?fit=1000%2C752&ssl=1&resize=350%2C200 1x, https:\/\/i0.wp.com\/casadecampoliving.com\/wp-content\/uploads\/2022\/10\/299015705_775545436922521_1719273236919628593_n-e1662676550858-1.jpg?fit=1000%2C752&ssl=1&resize=525%2C300 1.5x, https:\/\/i0.wp.com\/casadecampoliving.com\/wp-content\/uploads\/2022\/10\/299015705_775545436922521_1719273236919628593_n-e1662676550858-1.jpg?fit=1000%2C752&ssl=1&resize=700%2C400 2x"},"classes":[]},{"id":333172,"url":"https:\/\/casadecampoliving.com\/fundacion-mir-and-the-ministry-of-higher-education-science-and-technology-will-form-a-strategic-alliance-to-grant-scholarships-to-deserving-students\/","url_meta":{"origin":354495,"position":2},"title":"Fundaci\u00f3n MIR and the Ministry of Higher Education, Science and Technology will form a strategic alliance to grant scholarships to deserving students","author":"Casa de Campo Living","date":"21 Mar, 2021","format":false,"excerpt":"The Ministry of Higher Education, Science and Technology (MESCYT) and the Fundaci\u00f3n MIR signed a letter of intent on Friday with the purpose of formalizing a strategic alliance and signing an inter-institutional agreement granting scholarships for graduate students and teaching staff. The document contemplates the authorization to grant technical degrees\u2026","rel":"","context":"En \u00abBeyond Casa\u00bb","block_context":{"text":"Beyond Casa","link":"https:\/\/casadecampoliving.com\/category\/beyond-casa\/"},"img":{"alt_text":"","src":"https:\/\/i0.wp.com\/casadecampoliving.com\/wp-content\/uploads\/2022\/10\/image0-2.jpeg?fit=1000%2C600&ssl=1&resize=350%2C200","width":350,"height":200,"srcset":"https:\/\/i0.wp.com\/casadecampoliving.com\/wp-content\/uploads\/2022\/10\/image0-2.jpeg?fit=1000%2C600&ssl=1&resize=350%2C200 1x, https:\/\/i0.wp.com\/casadecampoliving.com\/wp-content\/uploads\/2022\/10\/image0-2.jpeg?fit=1000%2C600&ssl=1&resize=525%2C300 1.5x, https:\/\/i0.wp.com\/casadecampoliving.com\/wp-content\/uploads\/2022\/10\/image0-2.jpeg?fit=1000%2C600&ssl=1&resize=700%2C400 2x"},"classes":[]},{"id":354140,"url":"https:\/\/casadecampoliving.com\/es\/102-estudiantes-de-la-fundacion-mir-celebraron-su-graduacion-este-ano\/","url_meta":{"origin":354495,"position":3},"title":"\u00a1102 estudiantes de la Fundaci\u00f3n MIR celebraron su graduaci\u00f3n este a\u00f1o!","author":"Casa de Campo Living","date":"1 Sep, 2021","format":false,"excerpt":"El viernes 20 de agosto, 102 estudiantes de la Fundaci\u00f3n MIR comenzaron su trayecto como bachilleres t\u00e9cnicos con la m\u00e1s alta calidad educativa y \u00e9tica de la regi\u00f3n. No s\u00f3lo celebraron su graduaci\u00f3n, sino que tambi\u00e9n asumieron el compromiso de continuar su arduo trabajo para asegurar un futuro brillante para\u2026","rel":"","context":"En \u00abM\u00e1s all\u00e1 de Casa\u00bb","block_context":{"text":"M\u00e1s all\u00e1 de Casa","link":"https:\/\/casadecampoliving.com\/es\/category\/mas-alla-de-casa-es\/"},"img":{"alt_text":"","src":"https:\/\/i0.wp.com\/casadecampoliving.com\/wp-content\/uploads\/2022\/10\/DSC2982-1.jpg?fit=1000%2C714&ssl=1&resize=350%2C200","width":350,"height":200,"srcset":"https:\/\/i0.wp.com\/casadecampoliving.com\/wp-content\/uploads\/2022\/10\/DSC2982-1.jpg?fit=1000%2C714&ssl=1&resize=350%2C200 1x, https:\/\/i0.wp.com\/casadecampoliving.com\/wp-content\/uploads\/2022\/10\/DSC2982-1.jpg?fit=1000%2C714&ssl=1&resize=525%2C300 1.5x, https:\/\/i0.wp.com\/casadecampoliving.com\/wp-content\/uploads\/2022\/10\/DSC2982-1.jpg?fit=1000%2C714&ssl=1&resize=700%2C400 2x"},"classes":[]},{"id":333856,"url":"https:\/\/casadecampoliving.com\/102-students-from-fundacion-mir-celebrated-their-graduation-this-year\/","url_meta":{"origin":354495,"position":4},"title":"102 students from Fundaci\u00f3n MIR celebrated their graduation this year!","author":"Casa de Campo Living","date":"1 Sep, 2021","format":false,"excerpt":"On Friday, August 20, 102 students from the Fundaci\u00f3n MIR began their journey as technical high school graduates with the highest educational and ethical quality in the region. Not only did they celebrate their graduation, but they also made a commitment to continue their hard work to ensure a bright\u2026","rel":"","context":"En \u00abBeyond Casa\u00bb","block_context":{"text":"Beyond Casa","link":"https:\/\/casadecampoliving.com\/category\/beyond-casa\/"},"img":{"alt_text":"","src":"https:\/\/i0.wp.com\/casadecampoliving.com\/wp-content\/uploads\/2022\/10\/DSC2982-1.jpg?fit=1000%2C714&ssl=1&resize=350%2C200","width":350,"height":200,"srcset":"https:\/\/i0.wp.com\/casadecampoliving.com\/wp-content\/uploads\/2022\/10\/DSC2982-1.jpg?fit=1000%2C714&ssl=1&resize=350%2C200 1x, https:\/\/i0.wp.com\/casadecampoliving.com\/wp-content\/uploads\/2022\/10\/DSC2982-1.jpg?fit=1000%2C714&ssl=1&resize=525%2C300 1.5x, https:\/\/i0.wp.com\/casadecampoliving.com\/wp-content\/uploads\/2022\/10\/DSC2982-1.jpg?fit=1000%2C714&ssl=1&resize=700%2C400 2x"},"classes":[]},{"id":354332,"url":"https:\/\/casadecampoliving.com\/es\/filantropia-moda-y-diversion-se-unen-una-vez-mas-en-la-gala-esplendor-magico-fundacion-mir-2022\/","url_meta":{"origin":354495,"position":5},"title":"Filantrop\u00eda, moda y diversi\u00f3n se unen una vez m\u00e1s en la Gala Esplendor M\u00e1gico Fundaci\u00f3n MIR 2022","author":"Casa de Campo Living","date":"30 Mar, 2022","format":false,"excerpt":"Despu\u00e9s de dos a\u00f1os dif\u00edciles para todos; Casa Grande abri\u00f3 nuevamente sus puertas para su Gala Esplendor M\u00e1gico 2022 a beneficio de la Fundaci\u00f3n MIR. La noche vio a muchos residentes e invitados de la comunidad de Casa de Campo cenar y bailar toda la noche, incluso a\u00fan despues de\u2026","rel":"","context":"En \u00abCasa de Campo Living @es\u00bb","block_context":{"text":"Casa de Campo Living @es","link":"https:\/\/casadecampoliving.com\/category\/casa-de-campo-living-es\/"},"img":{"alt_text":"","src":"https:\/\/i0.wp.com\/casadecampoliving.com\/wp-content\/uploads\/2022\/10\/Raysa-Fanjul-Naeem-Khan-Lian-Fanjul-Alfonso-Fanjul-Lyanne-Azqueta-2-1.jpg?fit=1200%2C800&ssl=1&resize=350%2C200","width":350,"height":200,"srcset":"https:\/\/i0.wp.com\/casadecampoliving.com\/wp-content\/uploads\/2022\/10\/Raysa-Fanjul-Naeem-Khan-Lian-Fanjul-Alfonso-Fanjul-Lyanne-Azqueta-2-1.jpg?fit=1200%2C800&ssl=1&resize=350%2C200 1x, https:\/\/i0.wp.com\/casadecampoliving.com\/wp-content\/uploads\/2022\/10\/Raysa-Fanjul-Naeem-Khan-Lian-Fanjul-Alfonso-Fanjul-Lyanne-Azqueta-2-1.jpg?fit=1200%2C800&ssl=1&resize=525%2C300 1.5x, https:\/\/i0.wp.com\/casadecampoliving.com\/wp-content\/uploads\/2022\/10\/Raysa-Fanjul-Naeem-Khan-Lian-Fanjul-Alfonso-Fanjul-Lyanne-Azqueta-2-1.jpg?fit=1200%2C800&ssl=1&resize=700%2C400 2x, https:\/\/i0.wp.com\/casadecampoliving.com\/wp-content\/uploads\/2022\/10\/Raysa-Fanjul-Naeem-Khan-Lian-Fanjul-Alfonso-Fanjul-Lyanne-Azqueta-2-1.jpg?fit=1200%2C800&ssl=1&resize=1050%2C600 3x"},"classes":[]}],"jetpack_sharing_enabled":true,"_links":{"self":[{"href":"https:\/\/casadecampoliving.com\/es\/wp-json\/wp\/v2\/posts\/354495","targetHints":{"allow":["GET"]}}],"collection":[{"href":"https:\/\/casadecampoliving.com\/es\/wp-json\/wp\/v2\/posts"}],"about":[{"href":"https:\/\/casadecampoliving.com\/es\/wp-json\/wp\/v2\/types\/post"}],"author":[{"embeddable":true,"href":"https:\/\/casadecampoliving.com\/es\/wp-json\/wp\/v2\/users\/36791"}],"replies":[{"embeddable":true,"href":"https:\/\/casadecampoliving.com\/es\/wp-json\/wp\/v2\/comments?post=354495"}],"version-history":[{"count":0,"href":"https:\/\/casadecampoliving.com\/es\/wp-json\/wp\/v2\/posts\/354495\/revisions"}],"wp:featuredmedia":[{"embeddable":true,"href":"https:\/\/casadecampoliving.com\/es\/wp-json\/wp\/v2\/media\/335699"}],"wp:attachment":[{"href":"https:\/\/casadecampoliving.com\/es\/wp-json\/wp\/v2\/media?parent=354495"}],"wp:term":[{"taxonomy":"category","embeddable":true,"href":"https:\/\/casadecampoliving.com\/es\/wp-json\/wp\/v2\/categories?post=354495"},{"taxonomy":"post_tag","embeddable":true,"href":"https:\/\/casadecampoliving.com\/es\/wp-json\/wp\/v2\/tags?post=354495"},{"taxonomy":"newspack_spnsrs_tax","embeddable":true,"href":"https:\/\/casadecampoliving.com\/es\/wp-json\/wp\/v2\/newspack_spnsrs_tax?post=354495"}],"curies":[{"name":"wp","href":"https:\/\/api.w.org\/{rel}","templated":true}]}}