{"id":354482,"date":"2022-08-24T00:00:00","date_gmt":"2022-08-24T04:00:00","guid":{"rendered":"https:\/\/casadecampoliving.com\/de-vuelta-a-la-escuela-las-clases-en-la-vecindad-casa-de-campo-comenzaran-el-proximo-mes-la-inscripcion-ya-esta-abierta\/"},"modified":"2022-10-21T19:10:41","modified_gmt":"2022-10-21T23:10:41","slug":"de-vuelta-a-la-escuela-las-clases-en-la-vecindad-casa-de-campo-comenzaran-el-proximo-mes-la-inscripcion-ya-esta-abierta","status":"publish","type":"post","link":"https:\/\/casadecampoliving.com\/es\/de-vuelta-a-la-escuela-las-clases-en-la-vecindad-casa-de-campo-comenzaran-el-proximo-mes-la-inscripcion-ya-esta-abierta\/","title":{"rendered":"\u00a1De vuelta a la escuela! Las clases en La Vecindad Casa de Campo comenzar\u00e1n el pr\u00f3ximo mes. \u00a1La inscripci\u00f3n ya est\u00e1 abierta!"},"content":{"rendered":"\n<p>\u00a1Es el comienzo de un nuevo a\u00f1o escolar! \u00a1Casa de Campo Resort ha anunciado la fecha en que se abrir\u00e1n las puertas para el nuevo a\u00f1o de \u201cLa Vecindad\u201d, la guarder\u00eda educativa donde los ni\u00f1os combinan el aprendizaje con la diversi\u00f3n.&nbsp;<\/p>\n\n\n<div class=\"wp-block-image\">\n<figure class=\"aligncenter is-resized\"><img loading=\"lazy\" decoding=\"async\" src=\"https:\/\/i0.wp.com\/casadecampoliving.com\/wp-content\/uploads\/2022\/10\/DSC_0112-6.jpg?resize=1000%2C667&amp;ssl=1\" alt=\"\" class=\"wp-image-210257\" height=\"667\" width=\"1000\"\/><\/figure>\n<\/div>\n\n\n<p>El nuevo programa educativo estar\u00e1 disponible a partir del 5 de septiembre; este programa ofrece a los padres la posibilidad de elegir d\u00f3nde inscribir a sus hijos. Esta guarder\u00eda contribuir\u00e1 a su formaci\u00f3n integral, estimulando sus habilidades y aprendizajes en etapas tempranas, adem\u00e1s de incluir actividades l\u00fadicas. El centro est\u00e1 dirigido a ni\u00f1os de 1 a 4 a\u00f1os y estar\u00e1 abierto de 8 a 12:30 pm.<\/p>\n\n\n\n<p>Entre las clases est\u00e1n; manualidades, pintura, estimulaci\u00f3n musical, psicomotricidad, logopedia, cuentacuentos, clases de nataci\u00f3n y clases de ballet, las clases se imparten en espa\u00f1ol.<\/p>\n\n\n<div class=\"wp-block-image\">\n<figure class=\"aligncenter is-resized\"><img loading=\"lazy\" decoding=\"async\" src=\"https:\/\/i0.wp.com\/casadecampoliving.com\/wp-content\/uploads\/2022\/10\/DSC_0124-6.jpg?resize=1000%2C667&amp;ssl=1\" alt=\"\" class=\"wp-image-210251\" height=\"667\" width=\"1000\"\/><\/figure>\n<\/div>\n\n\n<p>No pierda la oportunidad de conocer todas las actividades que tendr\u00e1n para sus hijos durante este ciclo escolar 2022-2023. Para m\u00e1s informaci\u00f3n, por favor comun\u00edquese con el Programa Familia, Ext.: 3208, 3505 | familias@ccampo.com.do | www.ccampo.com.do<\/p>\n\n\n\n<p><strong>\u00a1Las inscripci\u00f3nes ya est\u00e1n abiertas!<\/strong><\/p>\n\n\n\n<blockquote><figure><img decoding=\"async\" data-attachment-id=\"215346\" data-permalink=\"https:\/\/casadecampoliving.com\/es\/04-grocery-store-el-mercadito-in-altos-2-2\/\" data-orig-file=\"https:\/\/i0.wp.com\/casadecampoliving.com\/wp-content\/uploads\/2022\/10\/04-grocery-store-El-Mercadito-in-Altos.jpg?fit=580%2C405&amp;ssl=1\" data-orig-size=\"580,405\" data-comments-opened=\"0\" data-image-meta=\"{&quot;aperture&quot;:&quot;0&quot;,&quot;credit&quot;:&quot;&quot;,&quot;camera&quot;:&quot;&quot;,&quot;caption&quot;:&quot;&quot;,&quot;created_timestamp&quot;:&quot;0&quot;,&quot;copyright&quot;:&quot;&quot;,&quot;focal_length&quot;:&quot;0&quot;,&quot;iso&quot;:&quot;0&quot;,&quot;shutter_speed&quot;:&quot;0&quot;,&quot;title&quot;:&quot;&quot;,&quot;orientation&quot;:&quot;0&quot;}\" data-image-title=\"04-grocery-store-El-Mercadito-in-Altos\" data-image-description=\"\" data-image-caption=\"\" data-medium-file=\"https:\/\/i0.wp.com\/casadecampoliving.com\/wp-content\/uploads\/2022\/10\/04-grocery-store-El-Mercadito-in-Altos.jpg?fit=300%2C209&amp;ssl=1\" data-large-file=\"https:\/\/i0.wp.com\/casadecampoliving.com\/wp-content\/uploads\/2022\/10\/04-grocery-store-El-Mercadito-in-Altos.jpg?fit=580%2C405&amp;ssl=1\" loading=\"lazy\" class=\"jetpack-lazy-image jetpack-lazy-image--handled aligncenter wp-image-215346 size-full\" src=\"https:\/\/i0.wp.com\/casadecampoliving.com\/wp-content\/uploads\/2022\/10\/Screen-Shot-2022-08-24-at-13.51.32-1-1.png?resize=559%2C579&amp;ssl=1\" alt=\"\" width=\"559\" height=\"579\" data-recalc-dims=\"1\" data-lazy-loaded=\"1\"><\/figure><\/blockquote>\n","protected":false},"excerpt":{"rendered":"<p>\u00a1Es el comienzo de un nuevo a\u00f1o escolar! \u00a1Casa de Campo Resort ha anunciado la fecha en que se abrir\u00e1n las puertas para el nuevo a\u00f1o de \u201cLa Vecindad\u201d, la guarder\u00eda educativa donde los ni\u00f1os combinan el aprendizaje con la diversi\u00f3n.&nbsp; El nuevo programa educativo estar\u00e1 disponible a partir del 5 de septiembre; este programa [&hellip;]<\/p>\n","protected":false},"author":36791,"featured_media":333798,"comment_status":"closed","ping_status":"open","sticky":false,"template":"","format":"standard","meta":{"newspack_ads_suppress_ads":false,"newspack_popups_has_disabled_popups":false,"newspack_sponsor_sponsorship_scope":"","newspack_sponsor_native_byline_display":"inherit","newspack_sponsor_native_category_display":"inherit","newspack_sponsor_underwriter_style":"inherit","newspack_sponsor_underwriter_placement":"inherit","_newspack_byline_active":false,"_newspack_byline":"","newspack_content_restriction_is_exempt":false,"newspack_featured_image_position":"","newspack_post_subtitle":"","newspack_article_summary_title":"Overview:","newspack_article_summary":"","newspack_hide_updated_date":false,"newspack_show_updated_date":false,"_jetpack_memberships_contains_paid_content":false,"footnotes":"","jetpack_publicize_message":"","jetpack_publicize_feature_enabled":true,"jetpack_social_post_already_shared":false,"jetpack_social_options":{"image_generator_settings":{"template":"highway","default_image_id":0,"font":"","enabled":false},"version":2},"_wpas_customize_per_network":false},"categories":[26936,14631,2522,14625,14627,2521,26822],"tags":[3626,2756,8371,12943,8676],"newspack_spnsrs_tax":[],"class_list":["post-354482","post","type-post","status-publish","format-standard","has-post-thumbnail","hentry","category-casa-de-campo-living-es","category-estilo-de-vida","category-eventos-es","category-noticias-locales","category-proximamente","category-republica-dominicana-2","category-resort-casa-de-campo","tag-casa-de-campo-es","tag-educacion","tag-guarderia","tag-la-vecindad-es","tag-ninos","entry"],"yoast_head":"<!-- This site is optimized with the Yoast SEO plugin v27.2 - https:\/\/yoast.com\/product\/yoast-seo-wordpress\/ -->\n<title>\u00a1De vuelta a la escuela! Las clases en La Vecindad Casa de Campo comenzar\u00e1n el pr\u00f3ximo mes. \u00a1La inscripci\u00f3n ya est\u00e1 abierta! | Casa de Campo Living<\/title>\n<meta name=\"description\" content=\"\u00a1Es el comienzo de un nuevo a\u00f1o escolar! \u00a1Casa de Campo Resort ha anunciado la fecha en que se abrir\u00e1n las puertas para el nuevo a\u00f1o de \u201cLa Vecindad\u201d, la\" \/>\n<meta name=\"robots\" content=\"index, follow, max-snippet:-1, max-image-preview:large, max-video-preview:-1\" \/>\n<link rel=\"canonical\" href=\"https:\/\/casadecampoliving.com\/es\/de-vuelta-a-la-escuela-las-clases-en-la-vecindad-casa-de-campo-comenzaran-el-proximo-mes-la-inscripcion-ya-esta-abierta\/\" \/>\n<meta property=\"og:locale\" content=\"es_ES\" \/>\n<meta property=\"og:type\" content=\"article\" \/>\n<meta property=\"og:title\" content=\"\u00a1De vuelta a la escuela! Las clases en La Vecindad Casa de Campo comenzar\u00e1n el pr\u00f3ximo mes. \u00a1La inscripci\u00f3n ya est\u00e1 abierta! | Casa de Campo Living\" \/>\n<meta property=\"og:description\" content=\"\u00a1Es el comienzo de un nuevo a\u00f1o escolar! \u00a1Casa de Campo Resort ha anunciado la fecha en que se abrir\u00e1n las puertas para el nuevo a\u00f1o de \u201cLa Vecindad\u201d, la\" \/>\n<meta property=\"og:url\" content=\"https:\/\/casadecampoliving.com\/es\/de-vuelta-a-la-escuela-las-clases-en-la-vecindad-casa-de-campo-comenzaran-el-proximo-mes-la-inscripcion-ya-esta-abierta\/\" \/>\n<meta property=\"og:site_name\" content=\"Casa de Campo Living\" \/>\n<meta property=\"article:publisher\" content=\"https:\/\/www.facebook.com\/casadecampoliving\" \/>\n<meta property=\"article:published_time\" content=\"2022-08-24T04:00:00+00:00\" \/>\n<meta property=\"article:modified_time\" content=\"2022-10-21T23:10:41+00:00\" \/>\n<meta property=\"og:image\" content=\"https:\/\/i0.wp.com\/casadecampoliving.com\/wp-content\/uploads\/2022\/10\/DSC_0100-1.jpg?fit=1000%2C667&ssl=1\" \/>\n\t<meta property=\"og:image:width\" content=\"1000\" \/>\n\t<meta property=\"og:image:height\" content=\"667\" \/>\n\t<meta property=\"og:image:type\" content=\"image\/jpeg\" \/>\n<meta name=\"author\" content=\"Casa de Campo Living\" \/>\n<meta name=\"twitter:card\" content=\"summary_large_image\" \/>\n<meta name=\"twitter:creator\" content=\"@cdcliving\" \/>\n<meta name=\"twitter:site\" content=\"@cdcliving\" \/>\n<meta name=\"twitter:label1\" content=\"Escrito por\" \/>\n\t<meta name=\"twitter:data1\" content=\"Casa de Campo Living\" \/>\n\t<meta name=\"twitter:label2\" content=\"Tiempo de lectura\" \/>\n\t<meta name=\"twitter:data2\" content=\"1 minuto\" \/>\n<script type=\"application\/ld+json\" class=\"yoast-schema-graph\">{\"@context\":\"https:\/\/schema.org\",\"@graph\":[{\"@type\":\"Article\",\"@id\":\"https:\/\/casadecampoliving.com\/es\/de-vuelta-a-la-escuela-las-clases-en-la-vecindad-casa-de-campo-comenzaran-el-proximo-mes-la-inscripcion-ya-esta-abierta\/#article\",\"isPartOf\":{\"@id\":\"https:\/\/casadecampoliving.com\/es\/de-vuelta-a-la-escuela-las-clases-en-la-vecindad-casa-de-campo-comenzaran-el-proximo-mes-la-inscripcion-ya-esta-abierta\/\"},\"author\":{\"name\":\"Casa de Campo Living\",\"@id\":\"https:\/\/casadecampoliving.com\/es\/#\/schema\/person\/5d2171637a9d11e0e43ce6b8555f9422\"},\"headline\":\"\u00a1De vuelta a la escuela! Las clases en La Vecindad Casa de Campo comenzar\u00e1n el pr\u00f3ximo mes. \u00a1La inscripci\u00f3n ya est\u00e1 abierta!\",\"datePublished\":\"2022-08-24T04:00:00+00:00\",\"dateModified\":\"2022-10-21T23:10:41+00:00\",\"mainEntityOfPage\":{\"@id\":\"https:\/\/casadecampoliving.com\/es\/de-vuelta-a-la-escuela-las-clases-en-la-vecindad-casa-de-campo-comenzaran-el-proximo-mes-la-inscripcion-ya-esta-abierta\/\"},\"wordCount\":218,\"publisher\":{\"@id\":\"https:\/\/casadecampoliving.com\/es\/#organization\"},\"image\":{\"@id\":\"https:\/\/casadecampoliving.com\/es\/de-vuelta-a-la-escuela-las-clases-en-la-vecindad-casa-de-campo-comenzaran-el-proximo-mes-la-inscripcion-ya-esta-abierta\/#primaryimage\"},\"thumbnailUrl\":\"https:\/\/i0.wp.com\/casadecampoliving.com\/wp-content\/uploads\/2022\/10\/DSC_0100-1.jpg?fit=1000%2C667&ssl=1\",\"keywords\":[\"casa de campo @es\",\"educacion\",\"Guarder\u00eda\",\"La Vecindad @es\",\"ni\u00f1os\"],\"articleSection\":[\"Casa de Campo Living @es\",\"Estilo de Vida\",\"Eventos\",\"Noticias Locales\",\"Proximamente\",\"Rep\u00fablica Dominicana @es\",\"Resort Casa de Campo\"],\"inLanguage\":\"es\"},{\"@type\":\"WebPage\",\"@id\":\"https:\/\/casadecampoliving.com\/es\/de-vuelta-a-la-escuela-las-clases-en-la-vecindad-casa-de-campo-comenzaran-el-proximo-mes-la-inscripcion-ya-esta-abierta\/\",\"url\":\"https:\/\/casadecampoliving.com\/es\/de-vuelta-a-la-escuela-las-clases-en-la-vecindad-casa-de-campo-comenzaran-el-proximo-mes-la-inscripcion-ya-esta-abierta\/\",\"name\":\"\u00a1De vuelta a la escuela! Las clases en La Vecindad Casa de Campo comenzar\u00e1n el pr\u00f3ximo mes. \u00a1La inscripci\u00f3n ya est\u00e1 abierta! | Casa de Campo Living\",\"isPartOf\":{\"@id\":\"https:\/\/casadecampoliving.com\/es\/#website\"},\"primaryImageOfPage\":{\"@id\":\"https:\/\/casadecampoliving.com\/es\/de-vuelta-a-la-escuela-las-clases-en-la-vecindad-casa-de-campo-comenzaran-el-proximo-mes-la-inscripcion-ya-esta-abierta\/#primaryimage\"},\"image\":{\"@id\":\"https:\/\/casadecampoliving.com\/es\/de-vuelta-a-la-escuela-las-clases-en-la-vecindad-casa-de-campo-comenzaran-el-proximo-mes-la-inscripcion-ya-esta-abierta\/#primaryimage\"},\"thumbnailUrl\":\"https:\/\/i0.wp.com\/casadecampoliving.com\/wp-content\/uploads\/2022\/10\/DSC_0100-1.jpg?fit=1000%2C667&ssl=1\",\"datePublished\":\"2022-08-24T04:00:00+00:00\",\"dateModified\":\"2022-10-21T23:10:41+00:00\",\"description\":\"\u00a1Es el comienzo de un nuevo a\u00f1o escolar! \u00a1Casa de Campo Resort ha anunciado la fecha en que se abrir\u00e1n las puertas para el nuevo a\u00f1o de \u201cLa Vecindad\u201d, la\",\"breadcrumb\":{\"@id\":\"https:\/\/casadecampoliving.com\/es\/de-vuelta-a-la-escuela-las-clases-en-la-vecindad-casa-de-campo-comenzaran-el-proximo-mes-la-inscripcion-ya-esta-abierta\/#breadcrumb\"},\"inLanguage\":\"es\",\"potentialAction\":[{\"@type\":\"ReadAction\",\"target\":[\"https:\/\/casadecampoliving.com\/es\/de-vuelta-a-la-escuela-las-clases-en-la-vecindad-casa-de-campo-comenzaran-el-proximo-mes-la-inscripcion-ya-esta-abierta\/\"]}]},{\"@type\":\"ImageObject\",\"inLanguage\":\"es\",\"@id\":\"https:\/\/casadecampoliving.com\/es\/de-vuelta-a-la-escuela-las-clases-en-la-vecindad-casa-de-campo-comenzaran-el-proximo-mes-la-inscripcion-ya-esta-abierta\/#primaryimage\",\"url\":\"https:\/\/i0.wp.com\/casadecampoliving.com\/wp-content\/uploads\/2022\/10\/DSC_0100-1.jpg?fit=1000%2C667&ssl=1\",\"contentUrl\":\"https:\/\/i0.wp.com\/casadecampoliving.com\/wp-content\/uploads\/2022\/10\/DSC_0100-1.jpg?fit=1000%2C667&ssl=1\",\"width\":1000,\"height\":667},{\"@type\":\"BreadcrumbList\",\"@id\":\"https:\/\/casadecampoliving.com\/es\/de-vuelta-a-la-escuela-las-clases-en-la-vecindad-casa-de-campo-comenzaran-el-proximo-mes-la-inscripcion-ya-esta-abierta\/#breadcrumb\",\"itemListElement\":[{\"@type\":\"ListItem\",\"position\":1,\"name\":\"Home\",\"item\":\"https:\/\/casadecampoliving.com\/es\/\"},{\"@type\":\"ListItem\",\"position\":2,\"name\":\"\u00a1De vuelta a la escuela! Las clases en La Vecindad Casa de Campo comenzar\u00e1n el pr\u00f3ximo mes. \u00a1La inscripci\u00f3n ya est\u00e1 abierta!\"}]},{\"@type\":\"WebSite\",\"@id\":\"https:\/\/casadecampoliving.com\/es\/#website\",\"url\":\"https:\/\/casadecampoliving.com\/es\/\",\"name\":\"Casa de Campo Living\",\"description\":\"Resort community news and resources.\",\"publisher\":{\"@id\":\"https:\/\/casadecampoliving.com\/es\/#organization\"},\"potentialAction\":[{\"@type\":\"SearchAction\",\"target\":{\"@type\":\"EntryPoint\",\"urlTemplate\":\"https:\/\/casadecampoliving.com\/es\/?s={search_term_string}\"},\"query-input\":{\"@type\":\"PropertyValueSpecification\",\"valueRequired\":true,\"valueName\":\"search_term_string\"}}],\"inLanguage\":\"es\"},{\"@type\":\"Organization\",\"@id\":\"https:\/\/casadecampoliving.com\/es\/#organization\",\"name\":\"Casa de Campo Living\",\"url\":\"https:\/\/casadecampoliving.com\/es\/\",\"logo\":{\"@type\":\"ImageObject\",\"inLanguage\":\"es\",\"@id\":\"https:\/\/casadecampoliving.com\/es\/#\/schema\/logo\/image\/\",\"url\":\"https:\/\/i0.wp.com\/casadecampoliving.com\/wp-content\/uploads\/2022\/07\/CDCLivingLogo_V1-white-sized.png?fit=800%2C214&ssl=1\",\"contentUrl\":\"https:\/\/i0.wp.com\/casadecampoliving.com\/wp-content\/uploads\/2022\/07\/CDCLivingLogo_V1-white-sized.png?fit=800%2C214&ssl=1\",\"width\":800,\"height\":214,\"caption\":\"Casa de Campo Living\"},\"image\":{\"@id\":\"https:\/\/casadecampoliving.com\/es\/#\/schema\/logo\/image\/\"},\"sameAs\":[\"https:\/\/www.facebook.com\/casadecampoliving\",\"https:\/\/x.com\/cdcliving\"]},{\"@type\":\"Person\",\"@id\":\"https:\/\/casadecampoliving.com\/es\/#\/schema\/person\/5d2171637a9d11e0e43ce6b8555f9422\",\"name\":\"Casa de Campo Living\",\"image\":{\"@type\":\"ImageObject\",\"inLanguage\":\"es\",\"@id\":\"https:\/\/secure.gravatar.com\/avatar\/d04101fa4a9fd431e939953b1500fdc7a73cd35029f86d98712fd8ccdaebaf9a?s=96&d=mm&r=g\",\"url\":\"https:\/\/secure.gravatar.com\/avatar\/d04101fa4a9fd431e939953b1500fdc7a73cd35029f86d98712fd8ccdaebaf9a?s=96&d=mm&r=g\",\"contentUrl\":\"https:\/\/secure.gravatar.com\/avatar\/d04101fa4a9fd431e939953b1500fdc7a73cd35029f86d98712fd8ccdaebaf9a?s=96&d=mm&r=g\",\"caption\":\"Casa de Campo Living\"},\"url\":\"https:\/\/casadecampoliving.com\/es\/author\/casa-de-campo-living\/\"}]}<\/script>\n<!-- \/ Yoast SEO plugin. -->","yoast_head_json":{"title":"\u00a1De vuelta a la escuela! Las clases en La Vecindad Casa de Campo comenzar\u00e1n el pr\u00f3ximo mes. \u00a1La inscripci\u00f3n ya est\u00e1 abierta! | Casa de Campo Living","description":"\u00a1Es el comienzo de un nuevo a\u00f1o escolar! \u00a1Casa de Campo Resort ha anunciado la fecha en que se abrir\u00e1n las puertas para el nuevo a\u00f1o de \u201cLa Vecindad\u201d, la","robots":{"index":"index","follow":"follow","max-snippet":"max-snippet:-1","max-image-preview":"max-image-preview:large","max-video-preview":"max-video-preview:-1"},"canonical":"https:\/\/casadecampoliving.com\/es\/de-vuelta-a-la-escuela-las-clases-en-la-vecindad-casa-de-campo-comenzaran-el-proximo-mes-la-inscripcion-ya-esta-abierta\/","og_locale":"es_ES","og_type":"article","og_title":"\u00a1De vuelta a la escuela! Las clases en La Vecindad Casa de Campo comenzar\u00e1n el pr\u00f3ximo mes. \u00a1La inscripci\u00f3n ya est\u00e1 abierta! | Casa de Campo Living","og_description":"\u00a1Es el comienzo de un nuevo a\u00f1o escolar! \u00a1Casa de Campo Resort ha anunciado la fecha en que se abrir\u00e1n las puertas para el nuevo a\u00f1o de \u201cLa Vecindad\u201d, la","og_url":"https:\/\/casadecampoliving.com\/es\/de-vuelta-a-la-escuela-las-clases-en-la-vecindad-casa-de-campo-comenzaran-el-proximo-mes-la-inscripcion-ya-esta-abierta\/","og_site_name":"Casa de Campo Living","article_publisher":"https:\/\/www.facebook.com\/casadecampoliving","article_published_time":"2022-08-24T04:00:00+00:00","article_modified_time":"2022-10-21T23:10:41+00:00","og_image":[{"width":1000,"height":667,"url":"https:\/\/i0.wp.com\/casadecampoliving.com\/wp-content\/uploads\/2022\/10\/DSC_0100-1.jpg?fit=1000%2C667&ssl=1","type":"image\/jpeg"}],"author":"Casa de Campo Living","twitter_card":"summary_large_image","twitter_creator":"@cdcliving","twitter_site":"@cdcliving","twitter_misc":{"Escrito por":"Casa de Campo Living","Tiempo de lectura":"1 minuto"},"schema":{"@context":"https:\/\/schema.org","@graph":[{"@type":"Article","@id":"https:\/\/casadecampoliving.com\/es\/de-vuelta-a-la-escuela-las-clases-en-la-vecindad-casa-de-campo-comenzaran-el-proximo-mes-la-inscripcion-ya-esta-abierta\/#article","isPartOf":{"@id":"https:\/\/casadecampoliving.com\/es\/de-vuelta-a-la-escuela-las-clases-en-la-vecindad-casa-de-campo-comenzaran-el-proximo-mes-la-inscripcion-ya-esta-abierta\/"},"author":{"name":"Casa de Campo Living","@id":"https:\/\/casadecampoliving.com\/es\/#\/schema\/person\/5d2171637a9d11e0e43ce6b8555f9422"},"headline":"\u00a1De vuelta a la escuela! Las clases en La Vecindad Casa de Campo comenzar\u00e1n el pr\u00f3ximo mes. \u00a1La inscripci\u00f3n ya est\u00e1 abierta!","datePublished":"2022-08-24T04:00:00+00:00","dateModified":"2022-10-21T23:10:41+00:00","mainEntityOfPage":{"@id":"https:\/\/casadecampoliving.com\/es\/de-vuelta-a-la-escuela-las-clases-en-la-vecindad-casa-de-campo-comenzaran-el-proximo-mes-la-inscripcion-ya-esta-abierta\/"},"wordCount":218,"publisher":{"@id":"https:\/\/casadecampoliving.com\/es\/#organization"},"image":{"@id":"https:\/\/casadecampoliving.com\/es\/de-vuelta-a-la-escuela-las-clases-en-la-vecindad-casa-de-campo-comenzaran-el-proximo-mes-la-inscripcion-ya-esta-abierta\/#primaryimage"},"thumbnailUrl":"https:\/\/i0.wp.com\/casadecampoliving.com\/wp-content\/uploads\/2022\/10\/DSC_0100-1.jpg?fit=1000%2C667&ssl=1","keywords":["casa de campo @es","educacion","Guarder\u00eda","La Vecindad @es","ni\u00f1os"],"articleSection":["Casa de Campo Living @es","Estilo de Vida","Eventos","Noticias Locales","Proximamente","Rep\u00fablica Dominicana @es","Resort Casa de Campo"],"inLanguage":"es"},{"@type":"WebPage","@id":"https:\/\/casadecampoliving.com\/es\/de-vuelta-a-la-escuela-las-clases-en-la-vecindad-casa-de-campo-comenzaran-el-proximo-mes-la-inscripcion-ya-esta-abierta\/","url":"https:\/\/casadecampoliving.com\/es\/de-vuelta-a-la-escuela-las-clases-en-la-vecindad-casa-de-campo-comenzaran-el-proximo-mes-la-inscripcion-ya-esta-abierta\/","name":"\u00a1De vuelta a la escuela! Las clases en La Vecindad Casa de Campo comenzar\u00e1n el pr\u00f3ximo mes. \u00a1La inscripci\u00f3n ya est\u00e1 abierta! | Casa de Campo Living","isPartOf":{"@id":"https:\/\/casadecampoliving.com\/es\/#website"},"primaryImageOfPage":{"@id":"https:\/\/casadecampoliving.com\/es\/de-vuelta-a-la-escuela-las-clases-en-la-vecindad-casa-de-campo-comenzaran-el-proximo-mes-la-inscripcion-ya-esta-abierta\/#primaryimage"},"image":{"@id":"https:\/\/casadecampoliving.com\/es\/de-vuelta-a-la-escuela-las-clases-en-la-vecindad-casa-de-campo-comenzaran-el-proximo-mes-la-inscripcion-ya-esta-abierta\/#primaryimage"},"thumbnailUrl":"https:\/\/i0.wp.com\/casadecampoliving.com\/wp-content\/uploads\/2022\/10\/DSC_0100-1.jpg?fit=1000%2C667&ssl=1","datePublished":"2022-08-24T04:00:00+00:00","dateModified":"2022-10-21T23:10:41+00:00","description":"\u00a1Es el comienzo de un nuevo a\u00f1o escolar! \u00a1Casa de Campo Resort ha anunciado la fecha en que se abrir\u00e1n las puertas para el nuevo a\u00f1o de \u201cLa Vecindad\u201d, la","breadcrumb":{"@id":"https:\/\/casadecampoliving.com\/es\/de-vuelta-a-la-escuela-las-clases-en-la-vecindad-casa-de-campo-comenzaran-el-proximo-mes-la-inscripcion-ya-esta-abierta\/#breadcrumb"},"inLanguage":"es","potentialAction":[{"@type":"ReadAction","target":["https:\/\/casadecampoliving.com\/es\/de-vuelta-a-la-escuela-las-clases-en-la-vecindad-casa-de-campo-comenzaran-el-proximo-mes-la-inscripcion-ya-esta-abierta\/"]}]},{"@type":"ImageObject","inLanguage":"es","@id":"https:\/\/casadecampoliving.com\/es\/de-vuelta-a-la-escuela-las-clases-en-la-vecindad-casa-de-campo-comenzaran-el-proximo-mes-la-inscripcion-ya-esta-abierta\/#primaryimage","url":"https:\/\/i0.wp.com\/casadecampoliving.com\/wp-content\/uploads\/2022\/10\/DSC_0100-1.jpg?fit=1000%2C667&ssl=1","contentUrl":"https:\/\/i0.wp.com\/casadecampoliving.com\/wp-content\/uploads\/2022\/10\/DSC_0100-1.jpg?fit=1000%2C667&ssl=1","width":1000,"height":667},{"@type":"BreadcrumbList","@id":"https:\/\/casadecampoliving.com\/es\/de-vuelta-a-la-escuela-las-clases-en-la-vecindad-casa-de-campo-comenzaran-el-proximo-mes-la-inscripcion-ya-esta-abierta\/#breadcrumb","itemListElement":[{"@type":"ListItem","position":1,"name":"Home","item":"https:\/\/casadecampoliving.com\/es\/"},{"@type":"ListItem","position":2,"name":"\u00a1De vuelta a la escuela! Las clases en La Vecindad Casa de Campo comenzar\u00e1n el pr\u00f3ximo mes. \u00a1La inscripci\u00f3n ya est\u00e1 abierta!"}]},{"@type":"WebSite","@id":"https:\/\/casadecampoliving.com\/es\/#website","url":"https:\/\/casadecampoliving.com\/es\/","name":"Casa de Campo Living","description":"Resort community news and resources.","publisher":{"@id":"https:\/\/casadecampoliving.com\/es\/#organization"},"potentialAction":[{"@type":"SearchAction","target":{"@type":"EntryPoint","urlTemplate":"https:\/\/casadecampoliving.com\/es\/?s={search_term_string}"},"query-input":{"@type":"PropertyValueSpecification","valueRequired":true,"valueName":"search_term_string"}}],"inLanguage":"es"},{"@type":"Organization","@id":"https:\/\/casadecampoliving.com\/es\/#organization","name":"Casa de Campo Living","url":"https:\/\/casadecampoliving.com\/es\/","logo":{"@type":"ImageObject","inLanguage":"es","@id":"https:\/\/casadecampoliving.com\/es\/#\/schema\/logo\/image\/","url":"https:\/\/i0.wp.com\/casadecampoliving.com\/wp-content\/uploads\/2022\/07\/CDCLivingLogo_V1-white-sized.png?fit=800%2C214&ssl=1","contentUrl":"https:\/\/i0.wp.com\/casadecampoliving.com\/wp-content\/uploads\/2022\/07\/CDCLivingLogo_V1-white-sized.png?fit=800%2C214&ssl=1","width":800,"height":214,"caption":"Casa de Campo Living"},"image":{"@id":"https:\/\/casadecampoliving.com\/es\/#\/schema\/logo\/image\/"},"sameAs":["https:\/\/www.facebook.com\/casadecampoliving","https:\/\/x.com\/cdcliving"]},{"@type":"Person","@id":"https:\/\/casadecampoliving.com\/es\/#\/schema\/person\/5d2171637a9d11e0e43ce6b8555f9422","name":"Casa de Campo Living","image":{"@type":"ImageObject","inLanguage":"es","@id":"https:\/\/secure.gravatar.com\/avatar\/d04101fa4a9fd431e939953b1500fdc7a73cd35029f86d98712fd8ccdaebaf9a?s=96&d=mm&r=g","url":"https:\/\/secure.gravatar.com\/avatar\/d04101fa4a9fd431e939953b1500fdc7a73cd35029f86d98712fd8ccdaebaf9a?s=96&d=mm&r=g","contentUrl":"https:\/\/secure.gravatar.com\/avatar\/d04101fa4a9fd431e939953b1500fdc7a73cd35029f86d98712fd8ccdaebaf9a?s=96&d=mm&r=g","caption":"Casa de Campo Living"},"url":"https:\/\/casadecampoliving.com\/es\/author\/casa-de-campo-living\/"}]}},"parsely":{"version":"1.1.0","canonical_url":"https:\/\/casadecampoliving.com\/es\/de-vuelta-a-la-escuela-las-clases-en-la-vecindad-casa-de-campo-comenzaran-el-proximo-mes-la-inscripcion-ya-esta-abierta\/","smart_links":{"inbound":0,"outbound":0},"traffic_boost_suggestions_count":0,"meta":{"@context":"https:\/\/schema.org","@type":"NewsArticle","headline":"\u00a1De vuelta a la escuela! Las clases en La Vecindad Casa de Campo comenzar\u00e1n el pr\u00f3ximo mes. \u00a1La inscripci\u00f3n ya est\u00e1 abierta!","url":"http:\/\/casadecampoliving.com\/es\/de-vuelta-a-la-escuela-las-clases-en-la-vecindad-casa-de-campo-comenzaran-el-proximo-mes-la-inscripcion-ya-esta-abierta\/","mainEntityOfPage":{"@type":"WebPage","@id":"http:\/\/casadecampoliving.com\/es\/de-vuelta-a-la-escuela-las-clases-en-la-vecindad-casa-de-campo-comenzaran-el-proximo-mes-la-inscripcion-ya-esta-abierta\/"},"thumbnailUrl":"https:\/\/i0.wp.com\/casadecampoliving.com\/wp-content\/uploads\/2022\/10\/DSC_0100-1.jpg?resize=150%2C150&ssl=1","image":{"@type":"ImageObject","url":"https:\/\/i0.wp.com\/casadecampoliving.com\/wp-content\/uploads\/2022\/10\/DSC_0100-1.jpg?fit=1000%2C667&ssl=1"},"articleSection":"Casa de Campo Living @es","author":[{"@type":"Person","name":"Casa de Campo Living"}],"creator":["Casa de Campo Living"],"publisher":{"@type":"Organization","name":"Casa de Campo Living","logo":"https:\/\/casadecampoliving.com\/wp-content\/uploads\/2022\/07\/CDCLivingLogo_V1-white-sized.png"},"keywords":["casa de campo @es","educacion","guarder\u00eda","la vecindad @es","ni\u00f1os"],"dateCreated":"2022-08-24T04:00:00Z","datePublished":"2022-08-24T04:00:00Z","dateModified":"2022-10-21T23:10:41Z"},"rendered":"<script type=\"application\/ld+json\" class=\"wp-parsely-metadata\">{\"@context\":\"https:\\\/\\\/schema.org\",\"@type\":\"NewsArticle\",\"headline\":\"\\u00a1De vuelta a la escuela! Las clases en La Vecindad Casa de Campo comenzar\\u00e1n el pr\\u00f3ximo mes. \\u00a1La inscripci\\u00f3n ya est\\u00e1 abierta!\",\"url\":\"http:\\\/\\\/casadecampoliving.com\\\/es\\\/de-vuelta-a-la-escuela-las-clases-en-la-vecindad-casa-de-campo-comenzaran-el-proximo-mes-la-inscripcion-ya-esta-abierta\\\/\",\"mainEntityOfPage\":{\"@type\":\"WebPage\",\"@id\":\"http:\\\/\\\/casadecampoliving.com\\\/es\\\/de-vuelta-a-la-escuela-las-clases-en-la-vecindad-casa-de-campo-comenzaran-el-proximo-mes-la-inscripcion-ya-esta-abierta\\\/\"},\"thumbnailUrl\":\"https:\\\/\\\/i0.wp.com\\\/casadecampoliving.com\\\/wp-content\\\/uploads\\\/2022\\\/10\\\/DSC_0100-1.jpg?resize=150%2C150&ssl=1\",\"image\":{\"@type\":\"ImageObject\",\"url\":\"https:\\\/\\\/i0.wp.com\\\/casadecampoliving.com\\\/wp-content\\\/uploads\\\/2022\\\/10\\\/DSC_0100-1.jpg?fit=1000%2C667&ssl=1\"},\"articleSection\":\"Casa de Campo Living @es\",\"author\":[{\"@type\":\"Person\",\"name\":\"Casa de Campo Living\"}],\"creator\":[\"Casa de Campo Living\"],\"publisher\":{\"@type\":\"Organization\",\"name\":\"Casa de Campo Living\",\"logo\":\"https:\\\/\\\/casadecampoliving.com\\\/wp-content\\\/uploads\\\/2022\\\/07\\\/CDCLivingLogo_V1-white-sized.png\"},\"keywords\":[\"casa de campo @es\",\"educacion\",\"guarder\\u00eda\",\"la vecindad @es\",\"ni\\u00f1os\"],\"dateCreated\":\"2022-08-24T04:00:00Z\",\"datePublished\":\"2022-08-24T04:00:00Z\",\"dateModified\":\"2022-10-21T23:10:41Z\"}<\/script>","tracker_url":"https:\/\/cdn.parsely.com\/keys\/casadecampoliving.com\/p.js"},"jetpack_publicize_connections":[],"jetpack_featured_media_url":"https:\/\/i0.wp.com\/casadecampoliving.com\/wp-content\/uploads\/2022\/10\/DSC_0100-1.jpg?fit=1000%2C667&ssl=1","jetpack-related-posts":[{"id":354129,"url":"https:\/\/casadecampoliving.com\/es\/la-vecindad-en-casa-de-campo-reabrira-el-proximo-mes-las-inscripciones-ya-estan-abiertas\/","url_meta":{"origin":354482,"position":0},"title":"\u00a1La Vecindad en Casa de Campo reabrir\u00e1 el pr\u00f3ximo mes! \u00a1Las inscripciones ya est\u00e1n abiertas!","author":"Casa de Campo Living","date":"13 Ago, 2021","format":false,"excerpt":"\u00a1Una gran noticia! Casa de Campo Resort abrir\u00e1 una vez m\u00e1s las puertas de \u201cLa Vecindad\u201d, la guarder\u00eda educativa donde los ni\u00f1os combinan el aprendizaje con la diversi\u00f3n. El nuevo programa educativo estar\u00e1 disponible a partir del 6 de septiembre y estar\u00e1 operativo en el resort de forma permanente. El\u2026","rel":"","context":"En \u00abCasa de Campo Living @es\u00bb","block_context":{"text":"Casa de Campo Living @es","link":"https:\/\/casadecampoliving.com\/category\/casa-de-campo-living-es\/"},"img":{"alt_text":"","src":"https:\/\/i0.wp.com\/casadecampoliving.com\/wp-content\/uploads\/2022\/10\/DSC_0100-1.jpg?fit=1000%2C667&ssl=1&resize=350%2C200","width":350,"height":200,"srcset":"https:\/\/i0.wp.com\/casadecampoliving.com\/wp-content\/uploads\/2022\/10\/DSC_0100-1.jpg?fit=1000%2C667&ssl=1&resize=350%2C200 1x, https:\/\/i0.wp.com\/casadecampoliving.com\/wp-content\/uploads\/2022\/10\/DSC_0100-1.jpg?fit=1000%2C667&ssl=1&resize=525%2C300 1.5x, https:\/\/i0.wp.com\/casadecampoliving.com\/wp-content\/uploads\/2022\/10\/DSC_0100-1.jpg?fit=1000%2C667&ssl=1&resize=700%2C400 2x"},"classes":[]},{"id":347890,"url":"https:\/\/casadecampoliving.com\/es\/casa-de-campo-y-la-vecindad-abriran-guarderia-educativa\/","url_meta":{"origin":354482,"position":1},"title":"Casa de Campo y \u00abLa Vecindad\u00bb abrir\u00e1n guarder\u00eda educativa","author":"Felix Guerrero","date":"24 Jul, 2015","format":false,"excerpt":"El 1ro de agosto, Casa de Campo inaugurar\u00e1 un nuevo, completo y remodelado \"Kidz in Casa\", el cual ahora ser\u00e1 una guarder\u00eda educativa en colaboraci\u00f3n con \"La Vecindad\" de Santo Domingo. ACTUALIZACI\u00d3N: Casa de Campo les invita a conocer mas acerca de este proyecto con un \"Open House\" el cual\u2026","rel":"","context":"En \u00abTitulares\u00bb","block_context":{"text":"Titulares","link":"https:\/\/casadecampoliving.com\/es\/category\/titulares-es\/"},"img":{"alt_text":"La Vecindad, Santo Domingo","src":"https:\/\/i0.wp.com\/casadecampoliving.com\/wp-content\/uploads\/2022\/10\/La_Vecindad_01-1.jpg?fit=650%2C400&ssl=1&resize=350%2C200","width":350,"height":200,"srcset":"https:\/\/i0.wp.com\/casadecampoliving.com\/wp-content\/uploads\/2022\/10\/La_Vecindad_01-1.jpg?fit=650%2C400&ssl=1&resize=350%2C200 1x, https:\/\/i0.wp.com\/casadecampoliving.com\/wp-content\/uploads\/2022\/10\/La_Vecindad_01-1.jpg?fit=650%2C400&ssl=1&resize=525%2C300 1.5x"},"classes":[]},{"id":348172,"url":"https:\/\/casadecampoliving.com\/es\/la-vecindad-en-casa-esta-abierta\/","url_meta":{"origin":354482,"position":2},"title":"La Vecindad en Casa est\u00e1 oficialmente abierta","author":"Perkin Agramonte","date":"4 Sep, 2015","format":false,"excerpt":"El martes pasado, 1\u00ba de septiembre fue inaugurada oficialmente La Vecindad en Casa, la nueva\u00a0guarder\u00eda educativa del resort Casa de Campo. Este nuevo\u00a0centro de formaci\u00f3n infantil est\u00e1\u00a0dirigido a beb\u00e9s de 10 meses hasta ni\u00f1os de 4 a\u00f1os de edad, quienes tienen la oportunidad de combinar el aprendizaje con la diversi\u00f3n.\u2026","rel":"","context":"En \u00abCasa de Campo Living @es\u00bb","block_context":{"text":"Casa de Campo Living @es","link":"https:\/\/casadecampoliving.com\/category\/casa-de-campo-living-es\/"},"img":{"alt_text":"","src":"https:\/\/i0.wp.com\/casadecampoliving.com\/wp-content\/uploads\/2022\/10\/La_Vecindad_at_Casa_1-2.jpg?fit=1200%2C878&ssl=1&resize=350%2C200","width":350,"height":200,"srcset":"https:\/\/i0.wp.com\/casadecampoliving.com\/wp-content\/uploads\/2022\/10\/La_Vecindad_at_Casa_1-2.jpg?fit=1200%2C878&ssl=1&resize=350%2C200 1x, https:\/\/i0.wp.com\/casadecampoliving.com\/wp-content\/uploads\/2022\/10\/La_Vecindad_at_Casa_1-2.jpg?fit=1200%2C878&ssl=1&resize=525%2C300 1.5x, https:\/\/i0.wp.com\/casadecampoliving.com\/wp-content\/uploads\/2022\/10\/La_Vecindad_at_Casa_1-2.jpg?fit=1200%2C878&ssl=1&resize=700%2C400 2x, https:\/\/i0.wp.com\/casadecampoliving.com\/wp-content\/uploads\/2022\/10\/La_Vecindad_at_Casa_1-2.jpg?fit=1200%2C878&ssl=1&resize=1050%2C600 3x"},"classes":[]},{"id":348270,"url":"https:\/\/casadecampoliving.com\/es\/movie-night-con-pijamas-en-la-vecindad\/","url_meta":{"origin":354482,"position":3},"title":"\u00a1Movie Night con Pijamas en La Vecindad!","author":"Perkin Agramonte","date":"17 Sep, 2015","format":false,"excerpt":"Este viernes, 18 de septiembre La Vecindad en Casa est\u00e1 organizando una noche de pel\u00edculas con pijamas para ni\u00f1os entre 10 meses y 7 a\u00f1os y usted est\u00e1 invitado para acompa\u00f1ar a sus peque\u00f1itos. As\u00ed que si tenia algo en agenda\u00a0para el viernes por la noche, mi sugerencia para usted\u2026","rel":"","context":"En \u00abCasa de Campo Living @es\u00bb","block_context":{"text":"Casa de Campo Living @es","link":"https:\/\/casadecampoliving.com\/category\/casa-de-campo-living-es\/"},"img":{"alt_text":"","src":"https:\/\/i0.wp.com\/casadecampoliving.com\/wp-content\/uploads\/2022\/10\/Movie-Night-La-Vecindad-03-1.jpg?fit=1200%2C902&ssl=1&resize=350%2C200","width":350,"height":200,"srcset":"https:\/\/i0.wp.com\/casadecampoliving.com\/wp-content\/uploads\/2022\/10\/Movie-Night-La-Vecindad-03-1.jpg?fit=1200%2C902&ssl=1&resize=350%2C200 1x, https:\/\/i0.wp.com\/casadecampoliving.com\/wp-content\/uploads\/2022\/10\/Movie-Night-La-Vecindad-03-1.jpg?fit=1200%2C902&ssl=1&resize=525%2C300 1.5x, https:\/\/i0.wp.com\/casadecampoliving.com\/wp-content\/uploads\/2022\/10\/Movie-Night-La-Vecindad-03-1.jpg?fit=1200%2C902&ssl=1&resize=700%2C400 2x, https:\/\/i0.wp.com\/casadecampoliving.com\/wp-content\/uploads\/2022\/10\/Movie-Night-La-Vecindad-03-1.jpg?fit=1200%2C902&ssl=1&resize=1050%2C600 3x"},"classes":[]},{"id":349888,"url":"https:\/\/casadecampoliving.com\/es\/campamento-de-verano-de-formacion-infantil-en-la-vecindad\/","url_meta":{"origin":354482,"position":4},"title":"Campamento de Verano de Formaci\u00f3n Infantil en la Vecindad","author":"Anna Pavilsova","date":"28 May, 2016","format":false,"excerpt":"Este verano Casa de Campo tiene muchas opciones para sus hijos \u2013 con campamentos como el ASA, campamento de verano hol\u00edstico en Ki \u2013 Ra, la FCBEscola, y su propio Campamento de Verano organizado por el programa familiar de Casa de Campo, todos estos para ni\u00f1os de 6 a\u00f1os en\u2026","rel":"","context":"En \u00abEventos\u00bb","block_context":{"text":"Eventos","link":"https:\/\/casadecampoliving.com\/es\/category\/eventos-es\/"},"img":{"alt_text":"","src":"https:\/\/i0.wp.com\/casadecampoliving.com\/wp-content\/uploads\/2022\/10\/LaVecindad-scaled.jpg?fit=1200%2C764&ssl=1&resize=350%2C200","width":350,"height":200,"srcset":"https:\/\/i0.wp.com\/casadecampoliving.com\/wp-content\/uploads\/2022\/10\/LaVecindad-scaled.jpg?fit=1200%2C764&ssl=1&resize=350%2C200 1x, https:\/\/i0.wp.com\/casadecampoliving.com\/wp-content\/uploads\/2022\/10\/LaVecindad-scaled.jpg?fit=1200%2C764&ssl=1&resize=525%2C300 1.5x, https:\/\/i0.wp.com\/casadecampoliving.com\/wp-content\/uploads\/2022\/10\/LaVecindad-scaled.jpg?fit=1200%2C764&ssl=1&resize=700%2C400 2x, https:\/\/i0.wp.com\/casadecampoliving.com\/wp-content\/uploads\/2022\/10\/LaVecindad-scaled.jpg?fit=1200%2C764&ssl=1&resize=1050%2C600 3x"},"classes":[]},{"id":348028,"url":"https:\/\/casadecampoliving.com\/es\/la-vecindad-en-casa-de-campo\/","url_meta":{"origin":354482,"position":5},"title":"Apertura de La Vecindad en Casa de Campo","author":"Perkin Agramonte","date":"8 Ago, 2015","format":false,"excerpt":"Con el prop\u00f3sito de incorporar a los ni\u00f1os en actividades que adem\u00e1s de ser entretenidas les aporten conocimiento, la administraci\u00f3n de Casa de Campo Resort inaugur\u00f3 el \u201c La Vecindad at Casa\u201d, un centro de formaci\u00f3n infantil que estar\u00e1 dirigido a beb\u00e9s de 10 meses hasta ni\u00f1os de 4 a\u00f1os\u2026","rel":"","context":"En \u00abCasa de Campo Living @es\u00bb","block_context":{"text":"Casa de Campo Living @es","link":"https:\/\/casadecampoliving.com\/category\/casa-de-campo-living-es\/"},"img":{"alt_text":"","src":"https:\/\/i0.wp.com\/casadecampoliving.com\/wp-content\/uploads\/2022\/10\/La_vecindad_at_casa-1-scaled.jpg?fit=1200%2C798&ssl=1&resize=350%2C200","width":350,"height":200,"srcset":"https:\/\/i0.wp.com\/casadecampoliving.com\/wp-content\/uploads\/2022\/10\/La_vecindad_at_casa-1-scaled.jpg?fit=1200%2C798&ssl=1&resize=350%2C200 1x, https:\/\/i0.wp.com\/casadecampoliving.com\/wp-content\/uploads\/2022\/10\/La_vecindad_at_casa-1-scaled.jpg?fit=1200%2C798&ssl=1&resize=525%2C300 1.5x, https:\/\/i0.wp.com\/casadecampoliving.com\/wp-content\/uploads\/2022\/10\/La_vecindad_at_casa-1-scaled.jpg?fit=1200%2C798&ssl=1&resize=700%2C400 2x, https:\/\/i0.wp.com\/casadecampoliving.com\/wp-content\/uploads\/2022\/10\/La_vecindad_at_casa-1-scaled.jpg?fit=1200%2C798&ssl=1&resize=1050%2C600 3x"},"classes":[]}],"jetpack_sharing_enabled":true,"_links":{"self":[{"href":"https:\/\/casadecampoliving.com\/es\/wp-json\/wp\/v2\/posts\/354482","targetHints":{"allow":["GET"]}}],"collection":[{"href":"https:\/\/casadecampoliving.com\/es\/wp-json\/wp\/v2\/posts"}],"about":[{"href":"https:\/\/casadecampoliving.com\/es\/wp-json\/wp\/v2\/types\/post"}],"author":[{"embeddable":true,"href":"https:\/\/casadecampoliving.com\/es\/wp-json\/wp\/v2\/users\/36791"}],"replies":[{"embeddable":true,"href":"https:\/\/casadecampoliving.com\/es\/wp-json\/wp\/v2\/comments?post=354482"}],"version-history":[{"count":0,"href":"https:\/\/casadecampoliving.com\/es\/wp-json\/wp\/v2\/posts\/354482\/revisions"}],"wp:featuredmedia":[{"embeddable":true,"href":"https:\/\/casadecampoliving.com\/es\/wp-json\/wp\/v2\/media\/333798"}],"wp:attachment":[{"href":"https:\/\/casadecampoliving.com\/es\/wp-json\/wp\/v2\/media?parent=354482"}],"wp:term":[{"taxonomy":"category","embeddable":true,"href":"https:\/\/casadecampoliving.com\/es\/wp-json\/wp\/v2\/categories?post=354482"},{"taxonomy":"post_tag","embeddable":true,"href":"https:\/\/casadecampoliving.com\/es\/wp-json\/wp\/v2\/tags?post=354482"},{"taxonomy":"newspack_spnsrs_tax","embeddable":true,"href":"https:\/\/casadecampoliving.com\/es\/wp-json\/wp\/v2\/newspack_spnsrs_tax?post=354482"}],"curies":[{"name":"wp","href":"https:\/\/api.w.org\/{rel}","templated":true}]}}