{"id":354377,"date":"2022-05-12T00:00:00","date_gmt":"2022-05-12T04:00:00","guid":{"rendered":"https:\/\/casadecampoliving.com\/celebraran-segundo-clasico-de-golf-asoglar-dedicado-a-la-memoria-de-jose-lahoz-rodriguez\/"},"modified":"2022-10-21T19:12:15","modified_gmt":"2022-10-21T23:12:15","slug":"celebraran-segundo-clasico-de-golf-asoglar-dedicado-a-la-memoria-de-jose-lahoz-rodriguez","status":"publish","type":"post","link":"https:\/\/casadecampoliving.com\/es\/celebraran-segundo-clasico-de-golf-asoglar-dedicado-a-la-memoria-de-jose-lahoz-rodriguez\/","title":{"rendered":"Celebrar\u00e1n segundo Cl\u00e1sico de Golf Asoglar dedicado a la memoria de Jos\u00e9 Lahoz Rodr\u00edguez."},"content":{"rendered":"\n<p>La Asociaci\u00f3n de Golf de la Romana anunci\u00f3 este jueves el segundo Cl\u00e1sico de Golf (Asoglar) 2022, dedicado a la memoria de don Jos\u00e9 Lahoz Rodr\u00edguez (Joselin).<\/p>\n\n\n\n<p>La informaci\u00f3n se dio a conocer en una rueda de prensa celebrada en el Comit\u00e9 Ol\u00edmpico Dominicano (COD), donde se dieron cita los dirigentes de la Asoglar, y directivos de la Federaci\u00f3n Dominicana de Golf (Fedogolf).<\/p>\n\n\n\n<p>El torneo ser\u00e1 celebrado el 4 de junio del presente a\u00f1o en el campo de golf The Links, de Casa de Campo. La salida ser\u00e1 a partir de las 8:30 de la ma\u00f1ana por shotgun. La modalidad del evento es bestball y twosome.<\/p>\n\n\n\n<p>Jos\u00e9 Lahoz Rodr\u00edguez (Joselin) inici\u00f3 en el golf en el 1962. Antes hab\u00eda jugado b\u00e9isbol y voleibol.<\/p>\n\n\n\n<p>Joselin ha sido uno de los jugadores de golf m\u00e1s destacado del pa\u00eds, ya que son muchos los torneos donde particip\u00f3 siempre teniendo una actuaci\u00f3n destacada. Fue exaltado al Sal\u00f3n de la Fama del Deporte Romanense en 2015.<\/p>\n\n\n\n<p>En los a\u00f1os 80 con un h\u00e1ndicap de 2 inicia un periplo de competencias internacionales representando al pa\u00eds en los Campeonatos Amateurs de Golf del Caribe, categor\u00eda abierta (Junior) por la famosa Copa Hoermann Cup en Puerto Rico, Barbados, Bahamas, Trinidad y Tobago, Jamaica y Santo Domingo.<\/p>\n\n\n\n<p>Asisti\u00f3 en representaci\u00f3n del pa\u00eds dos veces a Venezuela a participar en la Copa Sim\u00f3n Bol\u00edvar, asiste en Zaragoza, Espa\u00f1a, en la Copa de la Hispanidad, donde logra clasificar para competir en el Mundial de Golf Amateur, representando nuestra patria.<\/p>\n\n\n\n<p>Su participaci\u00f3n en eventos internacionales no se detiene y en Guadalajara, M\u00e9xico, asiste en dos ocasiones a la Copa Latinoamericana de Golf, en Miami, Florida a la Copa de Las Am\u00e9ricas, en Puerto Rico en la Copa Gran Meniere, en parejas en la modalidad Scratch donde en dos oportunidades obtiene el primer lugar, llegando en segundo y tercer lugar en otras dos participaciones.<\/p>\n","protected":false},"excerpt":{"rendered":"<p>La Asociaci\u00f3n de Golf de la Romana anunci\u00f3 este jueves el segundo Cl\u00e1sico de Golf (Asoglar) 2022, dedicado a la memoria de don Jos\u00e9 Lahoz Rodr\u00edguez (Joselin). La informaci\u00f3n se dio a conocer en una rueda de prensa celebrada en el Comit\u00e9 Ol\u00edmpico Dominicano (COD), donde se dieron cita los dirigentes de la Asoglar, y [&hellip;]<\/p>\n","protected":false},"author":36791,"featured_media":335065,"comment_status":"closed","ping_status":"open","sticky":false,"template":"","format":"standard","meta":{"newspack_ads_suppress_ads":false,"newspack_popups_has_disabled_popups":false,"newspack_sponsor_sponsorship_scope":"","newspack_sponsor_native_byline_display":"inherit","newspack_sponsor_native_category_display":"inherit","newspack_sponsor_underwriter_style":"inherit","newspack_sponsor_underwriter_placement":"inherit","_newspack_byline_active":false,"_newspack_byline":"","newspack_hide_updated_date":false,"newspack_show_updated_date":false,"newspack_content_restriction_is_exempt":false,"newspack_featured_image_position":"","newspack_post_subtitle":"","newspack_article_summary_title":"Overview:","newspack_article_summary":"","_jetpack_memberships_contains_paid_content":false,"footnotes":"","jetpack_publicize_message":"","jetpack_publicize_feature_enabled":true,"jetpack_social_post_already_shared":false,"jetpack_social_options":{"image_generator_settings":{"template":"highway","default_image_id":0,"font":"","enabled":false},"version":2},"_wpas_customize_per_network":false},"categories":[26936,26954,2525,14631,2522,14625,14627,2521,26822],"tags":[3626,9172,15091,3820],"newspack_spnsrs_tax":[],"class_list":["post-354377","post","type-post","status-publish","format-standard","has-post-thumbnail","hentry","category-casa-de-campo-living-es","category-comunidad-casa-de-campo-living-es","category-golf-deportes-es","category-estilo-de-vida","category-eventos-es","category-noticias-locales","category-proximamente","category-republica-dominicana-2","category-resort-casa-de-campo","tag-casa-de-campo-es","tag-fedogolf-es","tag-proximamente","tag-the-links-es","entry"],"yoast_head":"<!-- This site is optimized with the Yoast SEO plugin v27.4 - https:\/\/yoast.com\/product\/yoast-seo-wordpress\/ -->\n<title>Celebrar\u00e1n segundo Cl\u00e1sico de Golf Asoglar dedicado a la memoria de Jos\u00e9 Lahoz Rodr\u00edguez. | Casa de Campo Living<\/title>\n<meta name=\"description\" content=\"La Asociaci\u00f3n de Golf de la Romana anunci\u00f3 este jueves el segundo Cl\u00e1sico de Golf (Asoglar) 2022, dedicado a la memoria de don Jos\u00e9 Lahoz Rodr\u00edguez\" \/>\n<meta name=\"robots\" content=\"index, follow, max-snippet:-1, max-image-preview:large, max-video-preview:-1\" \/>\n<link rel=\"canonical\" href=\"https:\/\/casadecampoliving.com\/es\/celebraran-segundo-clasico-de-golf-asoglar-dedicado-a-la-memoria-de-jose-lahoz-rodriguez\/\" \/>\n<meta property=\"og:locale\" content=\"es_ES\" \/>\n<meta property=\"og:type\" content=\"article\" \/>\n<meta property=\"og:title\" content=\"Celebrar\u00e1n segundo Cl\u00e1sico de Golf Asoglar dedicado a la memoria de Jos\u00e9 Lahoz Rodr\u00edguez. | Casa de Campo Living\" \/>\n<meta property=\"og:description\" content=\"La Asociaci\u00f3n de Golf de la Romana anunci\u00f3 este jueves el segundo Cl\u00e1sico de Golf (Asoglar) 2022, dedicado a la memoria de don Jos\u00e9 Lahoz Rodr\u00edguez\" \/>\n<meta property=\"og:url\" content=\"https:\/\/casadecampoliving.com\/es\/celebraran-segundo-clasico-de-golf-asoglar-dedicado-a-la-memoria-de-jose-lahoz-rodriguez\/\" \/>\n<meta property=\"og:site_name\" content=\"Casa de Campo Living\" \/>\n<meta property=\"article:publisher\" content=\"https:\/\/www.facebook.com\/casadecampoliving\" \/>\n<meta property=\"article:published_time\" content=\"2022-05-12T04:00:00+00:00\" \/>\n<meta property=\"article:modified_time\" content=\"2022-10-21T23:12:15+00:00\" \/>\n<meta property=\"og:image\" content=\"https:\/\/i0.wp.com\/casadecampoliving.com\/wp-content\/uploads\/2022\/10\/Cla\u0301sico-de-Golf-Asoglar-2.jpg?fit=1000%2C631&ssl=1\" \/>\n\t<meta property=\"og:image:width\" content=\"1000\" \/>\n\t<meta property=\"og:image:height\" content=\"631\" \/>\n\t<meta property=\"og:image:type\" content=\"image\/jpeg\" \/>\n<meta name=\"author\" content=\"Casa de Campo Living\" \/>\n<meta name=\"twitter:card\" content=\"summary_large_image\" \/>\n<meta name=\"twitter:creator\" content=\"@cdcliving\" \/>\n<meta name=\"twitter:site\" content=\"@cdcliving\" \/>\n<meta name=\"twitter:label1\" content=\"Escrito por\" \/>\n\t<meta name=\"twitter:data1\" content=\"Casa de Campo Living\" \/>\n\t<meta name=\"twitter:label2\" content=\"Tiempo de lectura\" \/>\n\t<meta name=\"twitter:data2\" content=\"2 minutos\" \/>\n<script type=\"application\/ld+json\" class=\"yoast-schema-graph\">{\"@context\":\"https:\\\/\\\/schema.org\",\"@graph\":[{\"@type\":\"Article\",\"@id\":\"https:\\\/\\\/casadecampoliving.com\\\/es\\\/celebraran-segundo-clasico-de-golf-asoglar-dedicado-a-la-memoria-de-jose-lahoz-rodriguez\\\/#article\",\"isPartOf\":{\"@id\":\"https:\\\/\\\/casadecampoliving.com\\\/es\\\/celebraran-segundo-clasico-de-golf-asoglar-dedicado-a-la-memoria-de-jose-lahoz-rodriguez\\\/\"},\"author\":{\"name\":\"Casa de Campo Living\",\"@id\":\"https:\\\/\\\/casadecampoliving.com\\\/es\\\/#\\\/schema\\\/person\\\/5d2171637a9d11e0e43ce6b8555f9422\"},\"headline\":\"Celebrar\u00e1n segundo Cl\u00e1sico de Golf Asoglar dedicado a la memoria de Jos\u00e9 Lahoz Rodr\u00edguez.\",\"datePublished\":\"2022-05-12T04:00:00+00:00\",\"dateModified\":\"2022-10-21T23:12:15+00:00\",\"mainEntityOfPage\":{\"@id\":\"https:\\\/\\\/casadecampoliving.com\\\/es\\\/celebraran-segundo-clasico-de-golf-asoglar-dedicado-a-la-memoria-de-jose-lahoz-rodriguez\\\/\"},\"wordCount\":348,\"publisher\":{\"@id\":\"https:\\\/\\\/casadecampoliving.com\\\/es\\\/#organization\"},\"image\":{\"@id\":\"https:\\\/\\\/casadecampoliving.com\\\/es\\\/celebraran-segundo-clasico-de-golf-asoglar-dedicado-a-la-memoria-de-jose-lahoz-rodriguez\\\/#primaryimage\"},\"thumbnailUrl\":\"https:\\\/\\\/i0.wp.com\\\/casadecampoliving.com\\\/wp-content\\\/uploads\\\/2022\\\/10\\\/Cla%CC%81sico-de-Golf-Asoglar-2.jpg?fit=1000%2C631&ssl=1\",\"keywords\":[\"casa de campo @es\",\"FEDOGOLF @es\",\"Proximamente\",\"the links @es\"],\"articleSection\":[\"Casa de Campo Living @es\",\"Comunidad\",\"Deportes\",\"Estilo de Vida\",\"Eventos\",\"Noticias Locales\",\"Proximamente\",\"Rep\u00fablica Dominicana @es\",\"Resort Casa de Campo\"],\"inLanguage\":\"es\"},{\"@type\":\"WebPage\",\"@id\":\"https:\\\/\\\/casadecampoliving.com\\\/es\\\/celebraran-segundo-clasico-de-golf-asoglar-dedicado-a-la-memoria-de-jose-lahoz-rodriguez\\\/\",\"url\":\"https:\\\/\\\/casadecampoliving.com\\\/es\\\/celebraran-segundo-clasico-de-golf-asoglar-dedicado-a-la-memoria-de-jose-lahoz-rodriguez\\\/\",\"name\":\"Celebrar\u00e1n segundo Cl\u00e1sico de Golf Asoglar dedicado a la memoria de Jos\u00e9 Lahoz Rodr\u00edguez. | Casa de Campo Living\",\"isPartOf\":{\"@id\":\"https:\\\/\\\/casadecampoliving.com\\\/es\\\/#website\"},\"primaryImageOfPage\":{\"@id\":\"https:\\\/\\\/casadecampoliving.com\\\/es\\\/celebraran-segundo-clasico-de-golf-asoglar-dedicado-a-la-memoria-de-jose-lahoz-rodriguez\\\/#primaryimage\"},\"image\":{\"@id\":\"https:\\\/\\\/casadecampoliving.com\\\/es\\\/celebraran-segundo-clasico-de-golf-asoglar-dedicado-a-la-memoria-de-jose-lahoz-rodriguez\\\/#primaryimage\"},\"thumbnailUrl\":\"https:\\\/\\\/i0.wp.com\\\/casadecampoliving.com\\\/wp-content\\\/uploads\\\/2022\\\/10\\\/Cla%CC%81sico-de-Golf-Asoglar-2.jpg?fit=1000%2C631&ssl=1\",\"datePublished\":\"2022-05-12T04:00:00+00:00\",\"dateModified\":\"2022-10-21T23:12:15+00:00\",\"description\":\"La Asociaci\u00f3n de Golf de la Romana anunci\u00f3 este jueves el segundo Cl\u00e1sico de Golf (Asoglar) 2022, dedicado a la memoria de don Jos\u00e9 Lahoz Rodr\u00edguez\",\"breadcrumb\":{\"@id\":\"https:\\\/\\\/casadecampoliving.com\\\/es\\\/celebraran-segundo-clasico-de-golf-asoglar-dedicado-a-la-memoria-de-jose-lahoz-rodriguez\\\/#breadcrumb\"},\"inLanguage\":\"es\",\"potentialAction\":[{\"@type\":\"ReadAction\",\"target\":[\"https:\\\/\\\/casadecampoliving.com\\\/es\\\/celebraran-segundo-clasico-de-golf-asoglar-dedicado-a-la-memoria-de-jose-lahoz-rodriguez\\\/\"]}]},{\"@type\":\"ImageObject\",\"inLanguage\":\"es\",\"@id\":\"https:\\\/\\\/casadecampoliving.com\\\/es\\\/celebraran-segundo-clasico-de-golf-asoglar-dedicado-a-la-memoria-de-jose-lahoz-rodriguez\\\/#primaryimage\",\"url\":\"https:\\\/\\\/i0.wp.com\\\/casadecampoliving.com\\\/wp-content\\\/uploads\\\/2022\\\/10\\\/Cla%CC%81sico-de-Golf-Asoglar-2.jpg?fit=1000%2C631&ssl=1\",\"contentUrl\":\"https:\\\/\\\/i0.wp.com\\\/casadecampoliving.com\\\/wp-content\\\/uploads\\\/2022\\\/10\\\/Cla%CC%81sico-de-Golf-Asoglar-2.jpg?fit=1000%2C631&ssl=1\",\"width\":1000,\"height\":631},{\"@type\":\"BreadcrumbList\",\"@id\":\"https:\\\/\\\/casadecampoliving.com\\\/es\\\/celebraran-segundo-clasico-de-golf-asoglar-dedicado-a-la-memoria-de-jose-lahoz-rodriguez\\\/#breadcrumb\",\"itemListElement\":[{\"@type\":\"ListItem\",\"position\":1,\"name\":\"Home\",\"item\":\"https:\\\/\\\/casadecampoliving.com\\\/es\\\/\"},{\"@type\":\"ListItem\",\"position\":2,\"name\":\"Celebrar\u00e1n segundo Cl\u00e1sico de Golf Asoglar dedicado a la memoria de Jos\u00e9 Lahoz Rodr\u00edguez.\"}]},{\"@type\":\"WebSite\",\"@id\":\"https:\\\/\\\/casadecampoliving.com\\\/es\\\/#website\",\"url\":\"https:\\\/\\\/casadecampoliving.com\\\/es\\\/\",\"name\":\"Casa de Campo Living\",\"description\":\"Resort community news and resources.\",\"publisher\":{\"@id\":\"https:\\\/\\\/casadecampoliving.com\\\/es\\\/#organization\"},\"potentialAction\":[{\"@type\":\"SearchAction\",\"target\":{\"@type\":\"EntryPoint\",\"urlTemplate\":\"https:\\\/\\\/casadecampoliving.com\\\/es\\\/?s={search_term_string}\"},\"query-input\":{\"@type\":\"PropertyValueSpecification\",\"valueRequired\":true,\"valueName\":\"search_term_string\"}}],\"inLanguage\":\"es\"},{\"@type\":\"Organization\",\"@id\":\"https:\\\/\\\/casadecampoliving.com\\\/es\\\/#organization\",\"name\":\"Casa de Campo Living\",\"url\":\"https:\\\/\\\/casadecampoliving.com\\\/es\\\/\",\"logo\":{\"@type\":\"ImageObject\",\"inLanguage\":\"es\",\"@id\":\"https:\\\/\\\/casadecampoliving.com\\\/es\\\/#\\\/schema\\\/logo\\\/image\\\/\",\"url\":\"https:\\\/\\\/i0.wp.com\\\/casadecampoliving.com\\\/wp-content\\\/uploads\\\/2022\\\/07\\\/CDCLivingLogo_V1-white-sized.png?fit=800%2C214&ssl=1\",\"contentUrl\":\"https:\\\/\\\/i0.wp.com\\\/casadecampoliving.com\\\/wp-content\\\/uploads\\\/2022\\\/07\\\/CDCLivingLogo_V1-white-sized.png?fit=800%2C214&ssl=1\",\"width\":800,\"height\":214,\"caption\":\"Casa de Campo Living\"},\"image\":{\"@id\":\"https:\\\/\\\/casadecampoliving.com\\\/es\\\/#\\\/schema\\\/logo\\\/image\\\/\"},\"sameAs\":[\"https:\\\/\\\/www.facebook.com\\\/casadecampoliving\",\"https:\\\/\\\/x.com\\\/cdcliving\"]},{\"@type\":\"Person\",\"@id\":\"https:\\\/\\\/casadecampoliving.com\\\/es\\\/#\\\/schema\\\/person\\\/5d2171637a9d11e0e43ce6b8555f9422\",\"name\":\"Casa de Campo Living\",\"image\":{\"@type\":\"ImageObject\",\"inLanguage\":\"es\",\"@id\":\"https:\\\/\\\/secure.gravatar.com\\\/avatar\\\/d04101fa4a9fd431e939953b1500fdc7a73cd35029f86d98712fd8ccdaebaf9a?s=96&d=mm&r=g\",\"url\":\"https:\\\/\\\/secure.gravatar.com\\\/avatar\\\/d04101fa4a9fd431e939953b1500fdc7a73cd35029f86d98712fd8ccdaebaf9a?s=96&d=mm&r=g\",\"contentUrl\":\"https:\\\/\\\/secure.gravatar.com\\\/avatar\\\/d04101fa4a9fd431e939953b1500fdc7a73cd35029f86d98712fd8ccdaebaf9a?s=96&d=mm&r=g\",\"caption\":\"Casa de Campo Living\"},\"url\":\"https:\\\/\\\/casadecampoliving.com\\\/es\\\/author\\\/casa-de-campo-living\\\/\"}]}<\/script>\n<!-- \/ Yoast SEO plugin. -->","yoast_head_json":{"title":"Celebrar\u00e1n segundo Cl\u00e1sico de Golf Asoglar dedicado a la memoria de Jos\u00e9 Lahoz Rodr\u00edguez. | Casa de Campo Living","description":"La Asociaci\u00f3n de Golf de la Romana anunci\u00f3 este jueves el segundo Cl\u00e1sico de Golf (Asoglar) 2022, dedicado a la memoria de don Jos\u00e9 Lahoz Rodr\u00edguez","robots":{"index":"index","follow":"follow","max-snippet":"max-snippet:-1","max-image-preview":"max-image-preview:large","max-video-preview":"max-video-preview:-1"},"canonical":"https:\/\/casadecampoliving.com\/es\/celebraran-segundo-clasico-de-golf-asoglar-dedicado-a-la-memoria-de-jose-lahoz-rodriguez\/","og_locale":"es_ES","og_type":"article","og_title":"Celebrar\u00e1n segundo Cl\u00e1sico de Golf Asoglar dedicado a la memoria de Jos\u00e9 Lahoz Rodr\u00edguez. | Casa de Campo Living","og_description":"La Asociaci\u00f3n de Golf de la Romana anunci\u00f3 este jueves el segundo Cl\u00e1sico de Golf (Asoglar) 2022, dedicado a la memoria de don Jos\u00e9 Lahoz Rodr\u00edguez","og_url":"https:\/\/casadecampoliving.com\/es\/celebraran-segundo-clasico-de-golf-asoglar-dedicado-a-la-memoria-de-jose-lahoz-rodriguez\/","og_site_name":"Casa de Campo Living","article_publisher":"https:\/\/www.facebook.com\/casadecampoliving","article_published_time":"2022-05-12T04:00:00+00:00","article_modified_time":"2022-10-21T23:12:15+00:00","og_image":[{"width":1000,"height":631,"url":"https:\/\/i0.wp.com\/casadecampoliving.com\/wp-content\/uploads\/2022\/10\/Cla\u0301sico-de-Golf-Asoglar-2.jpg?fit=1000%2C631&ssl=1","type":"image\/jpeg"}],"author":"Casa de Campo Living","twitter_card":"summary_large_image","twitter_creator":"@cdcliving","twitter_site":"@cdcliving","twitter_misc":{"Escrito por":"Casa de Campo Living","Tiempo de lectura":"2 minutos"},"schema":{"@context":"https:\/\/schema.org","@graph":[{"@type":"Article","@id":"https:\/\/casadecampoliving.com\/es\/celebraran-segundo-clasico-de-golf-asoglar-dedicado-a-la-memoria-de-jose-lahoz-rodriguez\/#article","isPartOf":{"@id":"https:\/\/casadecampoliving.com\/es\/celebraran-segundo-clasico-de-golf-asoglar-dedicado-a-la-memoria-de-jose-lahoz-rodriguez\/"},"author":{"name":"Casa de Campo Living","@id":"https:\/\/casadecampoliving.com\/es\/#\/schema\/person\/5d2171637a9d11e0e43ce6b8555f9422"},"headline":"Celebrar\u00e1n segundo Cl\u00e1sico de Golf Asoglar dedicado a la memoria de Jos\u00e9 Lahoz Rodr\u00edguez.","datePublished":"2022-05-12T04:00:00+00:00","dateModified":"2022-10-21T23:12:15+00:00","mainEntityOfPage":{"@id":"https:\/\/casadecampoliving.com\/es\/celebraran-segundo-clasico-de-golf-asoglar-dedicado-a-la-memoria-de-jose-lahoz-rodriguez\/"},"wordCount":348,"publisher":{"@id":"https:\/\/casadecampoliving.com\/es\/#organization"},"image":{"@id":"https:\/\/casadecampoliving.com\/es\/celebraran-segundo-clasico-de-golf-asoglar-dedicado-a-la-memoria-de-jose-lahoz-rodriguez\/#primaryimage"},"thumbnailUrl":"https:\/\/i0.wp.com\/casadecampoliving.com\/wp-content\/uploads\/2022\/10\/Cla%CC%81sico-de-Golf-Asoglar-2.jpg?fit=1000%2C631&ssl=1","keywords":["casa de campo @es","FEDOGOLF @es","Proximamente","the links @es"],"articleSection":["Casa de Campo Living @es","Comunidad","Deportes","Estilo de Vida","Eventos","Noticias Locales","Proximamente","Rep\u00fablica Dominicana @es","Resort Casa de Campo"],"inLanguage":"es"},{"@type":"WebPage","@id":"https:\/\/casadecampoliving.com\/es\/celebraran-segundo-clasico-de-golf-asoglar-dedicado-a-la-memoria-de-jose-lahoz-rodriguez\/","url":"https:\/\/casadecampoliving.com\/es\/celebraran-segundo-clasico-de-golf-asoglar-dedicado-a-la-memoria-de-jose-lahoz-rodriguez\/","name":"Celebrar\u00e1n segundo Cl\u00e1sico de Golf Asoglar dedicado a la memoria de Jos\u00e9 Lahoz Rodr\u00edguez. | Casa de Campo Living","isPartOf":{"@id":"https:\/\/casadecampoliving.com\/es\/#website"},"primaryImageOfPage":{"@id":"https:\/\/casadecampoliving.com\/es\/celebraran-segundo-clasico-de-golf-asoglar-dedicado-a-la-memoria-de-jose-lahoz-rodriguez\/#primaryimage"},"image":{"@id":"https:\/\/casadecampoliving.com\/es\/celebraran-segundo-clasico-de-golf-asoglar-dedicado-a-la-memoria-de-jose-lahoz-rodriguez\/#primaryimage"},"thumbnailUrl":"https:\/\/i0.wp.com\/casadecampoliving.com\/wp-content\/uploads\/2022\/10\/Cla%CC%81sico-de-Golf-Asoglar-2.jpg?fit=1000%2C631&ssl=1","datePublished":"2022-05-12T04:00:00+00:00","dateModified":"2022-10-21T23:12:15+00:00","description":"La Asociaci\u00f3n de Golf de la Romana anunci\u00f3 este jueves el segundo Cl\u00e1sico de Golf (Asoglar) 2022, dedicado a la memoria de don Jos\u00e9 Lahoz Rodr\u00edguez","breadcrumb":{"@id":"https:\/\/casadecampoliving.com\/es\/celebraran-segundo-clasico-de-golf-asoglar-dedicado-a-la-memoria-de-jose-lahoz-rodriguez\/#breadcrumb"},"inLanguage":"es","potentialAction":[{"@type":"ReadAction","target":["https:\/\/casadecampoliving.com\/es\/celebraran-segundo-clasico-de-golf-asoglar-dedicado-a-la-memoria-de-jose-lahoz-rodriguez\/"]}]},{"@type":"ImageObject","inLanguage":"es","@id":"https:\/\/casadecampoliving.com\/es\/celebraran-segundo-clasico-de-golf-asoglar-dedicado-a-la-memoria-de-jose-lahoz-rodriguez\/#primaryimage","url":"https:\/\/i0.wp.com\/casadecampoliving.com\/wp-content\/uploads\/2022\/10\/Cla%CC%81sico-de-Golf-Asoglar-2.jpg?fit=1000%2C631&ssl=1","contentUrl":"https:\/\/i0.wp.com\/casadecampoliving.com\/wp-content\/uploads\/2022\/10\/Cla%CC%81sico-de-Golf-Asoglar-2.jpg?fit=1000%2C631&ssl=1","width":1000,"height":631},{"@type":"BreadcrumbList","@id":"https:\/\/casadecampoliving.com\/es\/celebraran-segundo-clasico-de-golf-asoglar-dedicado-a-la-memoria-de-jose-lahoz-rodriguez\/#breadcrumb","itemListElement":[{"@type":"ListItem","position":1,"name":"Home","item":"https:\/\/casadecampoliving.com\/es\/"},{"@type":"ListItem","position":2,"name":"Celebrar\u00e1n segundo Cl\u00e1sico de Golf Asoglar dedicado a la memoria de Jos\u00e9 Lahoz Rodr\u00edguez."}]},{"@type":"WebSite","@id":"https:\/\/casadecampoliving.com\/es\/#website","url":"https:\/\/casadecampoliving.com\/es\/","name":"Casa de Campo Living","description":"Resort community news and resources.","publisher":{"@id":"https:\/\/casadecampoliving.com\/es\/#organization"},"potentialAction":[{"@type":"SearchAction","target":{"@type":"EntryPoint","urlTemplate":"https:\/\/casadecampoliving.com\/es\/?s={search_term_string}"},"query-input":{"@type":"PropertyValueSpecification","valueRequired":true,"valueName":"search_term_string"}}],"inLanguage":"es"},{"@type":"Organization","@id":"https:\/\/casadecampoliving.com\/es\/#organization","name":"Casa de Campo Living","url":"https:\/\/casadecampoliving.com\/es\/","logo":{"@type":"ImageObject","inLanguage":"es","@id":"https:\/\/casadecampoliving.com\/es\/#\/schema\/logo\/image\/","url":"https:\/\/i0.wp.com\/casadecampoliving.com\/wp-content\/uploads\/2022\/07\/CDCLivingLogo_V1-white-sized.png?fit=800%2C214&ssl=1","contentUrl":"https:\/\/i0.wp.com\/casadecampoliving.com\/wp-content\/uploads\/2022\/07\/CDCLivingLogo_V1-white-sized.png?fit=800%2C214&ssl=1","width":800,"height":214,"caption":"Casa de Campo Living"},"image":{"@id":"https:\/\/casadecampoliving.com\/es\/#\/schema\/logo\/image\/"},"sameAs":["https:\/\/www.facebook.com\/casadecampoliving","https:\/\/x.com\/cdcliving"]},{"@type":"Person","@id":"https:\/\/casadecampoliving.com\/es\/#\/schema\/person\/5d2171637a9d11e0e43ce6b8555f9422","name":"Casa de Campo Living","image":{"@type":"ImageObject","inLanguage":"es","@id":"https:\/\/secure.gravatar.com\/avatar\/d04101fa4a9fd431e939953b1500fdc7a73cd35029f86d98712fd8ccdaebaf9a?s=96&d=mm&r=g","url":"https:\/\/secure.gravatar.com\/avatar\/d04101fa4a9fd431e939953b1500fdc7a73cd35029f86d98712fd8ccdaebaf9a?s=96&d=mm&r=g","contentUrl":"https:\/\/secure.gravatar.com\/avatar\/d04101fa4a9fd431e939953b1500fdc7a73cd35029f86d98712fd8ccdaebaf9a?s=96&d=mm&r=g","caption":"Casa de Campo Living"},"url":"https:\/\/casadecampoliving.com\/es\/author\/casa-de-campo-living\/"}]}},"parsely":{"version":"1.1.0","canonical_url":"https:\/\/casadecampoliving.com\/es\/celebraran-segundo-clasico-de-golf-asoglar-dedicado-a-la-memoria-de-jose-lahoz-rodriguez\/","smart_links":{"inbound":0,"outbound":0},"traffic_boost_suggestions_count":0,"meta":{"@context":"https:\/\/schema.org","@type":"NewsArticle","headline":"Celebrar\u00e1n segundo Cl\u00e1sico de Golf Asoglar dedicado a la memoria de Jos\u00e9 Lahoz Rodr\u00edguez.","url":"http:\/\/casadecampoliving.com\/es\/celebraran-segundo-clasico-de-golf-asoglar-dedicado-a-la-memoria-de-jose-lahoz-rodriguez\/","mainEntityOfPage":{"@type":"WebPage","@id":"http:\/\/casadecampoliving.com\/es\/celebraran-segundo-clasico-de-golf-asoglar-dedicado-a-la-memoria-de-jose-lahoz-rodriguez\/"},"thumbnailUrl":"https:\/\/i0.wp.com\/casadecampoliving.com\/wp-content\/uploads\/2022\/10\/Cla%CC%81sico-de-Golf-Asoglar-2.jpg?resize=150%2C150&ssl=1","image":{"@type":"ImageObject","url":"https:\/\/i0.wp.com\/casadecampoliving.com\/wp-content\/uploads\/2022\/10\/Cla%CC%81sico-de-Golf-Asoglar-2.jpg?fit=1000%2C631&ssl=1"},"articleSection":"Comunidad","author":[{"@type":"Person","name":"Casa de Campo Living"}],"creator":["Casa de Campo Living"],"publisher":{"@type":"Organization","name":"Casa de Campo Living","logo":"https:\/\/casadecampoliving.com\/wp-content\/uploads\/2022\/07\/CDCLivingLogo_V1-white-sized.png"},"keywords":["casa de campo @es","fedogolf @es","proximamente","the links @es"],"dateCreated":"2022-05-12T04:00:00Z","datePublished":"2022-05-12T04:00:00Z","dateModified":"2022-10-21T23:12:15Z"},"rendered":"<script type=\"application\/ld+json\" class=\"wp-parsely-metadata\">{\"@context\":\"https:\\\/\\\/schema.org\",\"@type\":\"NewsArticle\",\"headline\":\"Celebrar\\u00e1n segundo Cl\\u00e1sico de Golf Asoglar dedicado a la memoria de Jos\\u00e9 Lahoz Rodr\\u00edguez.\",\"url\":\"http:\\\/\\\/casadecampoliving.com\\\/es\\\/celebraran-segundo-clasico-de-golf-asoglar-dedicado-a-la-memoria-de-jose-lahoz-rodriguez\\\/\",\"mainEntityOfPage\":{\"@type\":\"WebPage\",\"@id\":\"http:\\\/\\\/casadecampoliving.com\\\/es\\\/celebraran-segundo-clasico-de-golf-asoglar-dedicado-a-la-memoria-de-jose-lahoz-rodriguez\\\/\"},\"thumbnailUrl\":\"https:\\\/\\\/i0.wp.com\\\/casadecampoliving.com\\\/wp-content\\\/uploads\\\/2022\\\/10\\\/Cla%CC%81sico-de-Golf-Asoglar-2.jpg?resize=150%2C150&ssl=1\",\"image\":{\"@type\":\"ImageObject\",\"url\":\"https:\\\/\\\/i0.wp.com\\\/casadecampoliving.com\\\/wp-content\\\/uploads\\\/2022\\\/10\\\/Cla%CC%81sico-de-Golf-Asoglar-2.jpg?fit=1000%2C631&ssl=1\"},\"articleSection\":\"Comunidad\",\"author\":[{\"@type\":\"Person\",\"name\":\"Casa de Campo Living\"}],\"creator\":[\"Casa de Campo Living\"],\"publisher\":{\"@type\":\"Organization\",\"name\":\"Casa de Campo Living\",\"logo\":\"https:\\\/\\\/casadecampoliving.com\\\/wp-content\\\/uploads\\\/2022\\\/07\\\/CDCLivingLogo_V1-white-sized.png\"},\"keywords\":[\"casa de campo @es\",\"fedogolf @es\",\"proximamente\",\"the links @es\"],\"dateCreated\":\"2022-05-12T04:00:00Z\",\"datePublished\":\"2022-05-12T04:00:00Z\",\"dateModified\":\"2022-10-21T23:12:15Z\"}<\/script>","tracker_url":"https:\/\/cdn.parsely.com\/keys\/casadecampoliving.com\/p.js"},"jetpack_publicize_connections":[],"jetpack_featured_media_url":"https:\/\/i0.wp.com\/casadecampoliving.com\/wp-content\/uploads\/2022\/10\/Cla%CC%81sico-de-Golf-Asoglar-2.jpg?fit=1000%2C631&ssl=1","jetpack-related-posts":[{"id":354415,"url":"https:\/\/casadecampoliving.com\/es\/raul-cendoya-y-mary-ledesma-ganan-el-ii-clasico-de-golf-asoglar-2022\/","url_meta":{"origin":354377,"position":0},"title":"Ra\u00fal Cendoya y Mary Ledesma ganan el II Cl\u00e1sico de Golf Asoglar 2022","author":"Casa de Campo Living","date":"14 Jun, 2022","format":false,"excerpt":"La Asociaci\u00f3n de Golf de La Romana (Asoglar), por segundo a\u00f1o consecutivo, realiz\u00f3 el pasado s\u00e1bado 4 de Junio, su II Cl\u00e1sico de Golf, dedicado a la memoria del inmortal del deporte romanense, Don Jos\u00e9 Lahoz Rodr\u00edguez (Josel\u00edn), en el campo The Links, dentro del complejo tur\u00edstico de Casa de\u2026","rel":"","context":"En \u00abCasa de Campo Living @es\u00bb","block_context":{"text":"Casa de Campo Living @es","link":"https:\/\/casadecampoliving.com\/category\/casa-de-campo-living-es\/"},"img":{"alt_text":"","src":"https:\/\/i0.wp.com\/casadecampoliving.com\/wp-content\/uploads\/2022\/10\/Screenshot-2022-06-14-08.45.21-1.png?fit=1019%2C678&ssl=1&resize=350%2C200","width":350,"height":200,"srcset":"https:\/\/i0.wp.com\/casadecampoliving.com\/wp-content\/uploads\/2022\/10\/Screenshot-2022-06-14-08.45.21-1.png?fit=1019%2C678&ssl=1&resize=350%2C200 1x, https:\/\/i0.wp.com\/casadecampoliving.com\/wp-content\/uploads\/2022\/10\/Screenshot-2022-06-14-08.45.21-1.png?fit=1019%2C678&ssl=1&resize=525%2C300 1.5x, https:\/\/i0.wp.com\/casadecampoliving.com\/wp-content\/uploads\/2022\/10\/Screenshot-2022-06-14-08.45.21-1.png?fit=1019%2C678&ssl=1&resize=700%2C400 2x"},"classes":[]},{"id":335063,"url":"https:\/\/casadecampoliving.com\/casa-de-campo-will-host-the-second-asoglar-golf-classic-dedicated-to-the-memory-of-jose-lahoz-rodriguez\/","url_meta":{"origin":354377,"position":1},"title":"Casa de Campo will host the second Asoglar Golf Classic dedicated to the memory of Jos\u00e9 Lahoz Rodr\u00edguez.","author":"Casa de Campo Living","date":"12 May, 2022","format":false,"excerpt":"The Romana Golf Association announced this Thursday the second Golf Classic (Asoglar) 2022, dedicated to the memory of Mr. Jos\u00e9 Lahoz Rodr\u00edguez (Joselin). Jos\u00e9 Lahoz Rodr\u00edguez (Joselin) started playing golf in 1962. Before that, he had played baseball and volleyball. Joselin has been one of the most outstanding golf players\u2026","rel":"","context":"En \u00abCasa de Campo Living\u00bb","block_context":{"text":"Casa de Campo Living","link":"https:\/\/casadecampoliving.com\/category\/casa-de-campo-living\/"},"img":{"alt_text":"","src":"https:\/\/i0.wp.com\/casadecampoliving.com\/wp-content\/uploads\/2022\/10\/Cla%CC%81sico-de-Golf-Asoglar-2.jpg?fit=1000%2C631&ssl=1&resize=350%2C200","width":350,"height":200,"srcset":"https:\/\/i0.wp.com\/casadecampoliving.com\/wp-content\/uploads\/2022\/10\/Cla%CC%81sico-de-Golf-Asoglar-2.jpg?fit=1000%2C631&ssl=1&resize=350%2C200 1x, https:\/\/i0.wp.com\/casadecampoliving.com\/wp-content\/uploads\/2022\/10\/Cla%CC%81sico-de-Golf-Asoglar-2.jpg?fit=1000%2C631&ssl=1&resize=525%2C300 1.5x, https:\/\/i0.wp.com\/casadecampoliving.com\/wp-content\/uploads\/2022\/10\/Cla%CC%81sico-de-Golf-Asoglar-2.jpg?fit=1000%2C631&ssl=1&resize=700%2C400 2x"},"classes":[]},{"id":335253,"url":"https:\/\/casadecampoliving.com\/raul-cendoya-and-mary-ledesma-win-the-ii-asoglar-golf-classic-2022\/","url_meta":{"origin":354377,"position":2},"title":"Ra\u00fal Cendoya and Mary Ledesma win the II Asoglar Golf Classic 2022","author":"Casa de Campo Living","date":"14 Jun, 2022","format":false,"excerpt":"The Golf Association of La Romana (Asoglar), for the second consecutive year, held last Saturday, June 4th, its II Golf Classic, dedicated to the memory of the immortal La Romana sportsman, Don Jos\u00e9 Lahoz Rodr\u00edguez (Josel\u00edn), in The Links, within the tourist complex of Casa de Campo. With the assistance\u2026","rel":"","context":"En \u00abBeyond Casa\u00bb","block_context":{"text":"Beyond Casa","link":"https:\/\/casadecampoliving.com\/category\/beyond-casa\/"},"img":{"alt_text":"","src":"https:\/\/i0.wp.com\/casadecampoliving.com\/wp-content\/uploads\/2022\/10\/Screenshot-2022-06-14-08.45.21-1.png?fit=1019%2C678&ssl=1&resize=350%2C200","width":350,"height":200,"srcset":"https:\/\/i0.wp.com\/casadecampoliving.com\/wp-content\/uploads\/2022\/10\/Screenshot-2022-06-14-08.45.21-1.png?fit=1019%2C678&ssl=1&resize=350%2C200 1x, https:\/\/i0.wp.com\/casadecampoliving.com\/wp-content\/uploads\/2022\/10\/Screenshot-2022-06-14-08.45.21-1.png?fit=1019%2C678&ssl=1&resize=525%2C300 1.5x, https:\/\/i0.wp.com\/casadecampoliving.com\/wp-content\/uploads\/2022\/10\/Screenshot-2022-06-14-08.45.21-1.png?fit=1019%2C678&ssl=1&resize=700%2C400 2x"},"classes":[]},{"id":354104,"url":"https:\/\/casadecampoliving.com\/es\/torneo-de-golf-en-honor-a-kalil-hache-malkun-a-celebrarse-en-the-links-casa-de-campo\/","url_meta":{"origin":354377,"position":3},"title":"Torneo de golf en honor a Kalil Hach\u00e9 Malk\u00fan a celebrarse en The Links Casa de Campo","author":"Casa de Campo Living","date":"16 Jul, 2021","format":false,"excerpt":"El pr\u00f3ximo 31 de julio se celebrar\u00e1 el Primer Cl\u00e1sico de la Asociaci\u00f3n de Golf de La Romana (Asoglar) en el campo de golf Los Links de Casa de Campo. Este torneo tendr\u00e1 una dedicatoria especial a Kalil Hach\u00e9 Malk\u00fan, quien dedic\u00f3 gran parte de su vida en beneficio del\u2026","rel":"","context":"En \u00abCasa de Campo Living @es\u00bb","block_context":{"text":"Casa de Campo Living @es","link":"https:\/\/casadecampoliving.com\/category\/casa-de-campo-living-es\/"},"img":{"alt_text":"","src":"https:\/\/i0.wp.com\/casadecampoliving.com\/wp-content\/uploads\/2022\/10\/WhatsApp-Image-2021-07-15-at-9.01.34-PM-e1626467456512-1.jpeg?fit=1000%2C666&ssl=1&resize=350%2C200","width":350,"height":200,"srcset":"https:\/\/i0.wp.com\/casadecampoliving.com\/wp-content\/uploads\/2022\/10\/WhatsApp-Image-2021-07-15-at-9.01.34-PM-e1626467456512-1.jpeg?fit=1000%2C666&ssl=1&resize=350%2C200 1x, https:\/\/i0.wp.com\/casadecampoliving.com\/wp-content\/uploads\/2022\/10\/WhatsApp-Image-2021-07-15-at-9.01.34-PM-e1626467456512-1.jpeg?fit=1000%2C666&ssl=1&resize=525%2C300 1.5x, https:\/\/i0.wp.com\/casadecampoliving.com\/wp-content\/uploads\/2022\/10\/WhatsApp-Image-2021-07-15-at-9.01.34-PM-e1626467456512-1.jpeg?fit=1000%2C666&ssl=1&resize=700%2C400 2x"},"classes":[]},{"id":354124,"url":"https:\/\/casadecampoliving.com\/es\/casimiro-richiez-y-sabino-del-rosario-ganaron-el-primer-clasico-de-golf-de-la-asociacion-de-golf-la-romana-en-memoria-a-kalil-hache-malkun\/","url_meta":{"origin":354377,"position":4},"title":"Casimiro Richiez y Sabino del Rosario ganaron el Primer Cl\u00e1sico de Golf de la Asociaci\u00f3n de Golf La Romana en memoria a Kalil Hach\u00e9 Malk\u00fan","author":"Casa de Campo Living","date":"9 Ago, 2021","format":false,"excerpt":"El 31 de julio se llev\u00f3 a cabo el Primer Cl\u00e1sico de Golf de la Asociaci\u00f3n de Golf La Romana (Asoglar) en el campo de golf Links en Casa de Campo. Este torneo fue dedicado al difunto Kalil Hach\u00e9 Malk\u00fan, un \u00e1vido jugador de golf y miembro de la comunidad\u2026","rel":"","context":"En \u00abCasa de Campo Living @es\u00bb","block_context":{"text":"Casa de Campo Living @es","link":"https:\/\/casadecampoliving.com\/category\/casa-de-campo-living-es\/"},"img":{"alt_text":"","src":"https:\/\/i0.wp.com\/casadecampoliving.com\/wp-content\/uploads\/2022\/10\/IMG_7235-1.jpg?fit=1000%2C667&ssl=1&resize=350%2C200","width":350,"height":200,"srcset":"https:\/\/i0.wp.com\/casadecampoliving.com\/wp-content\/uploads\/2022\/10\/IMG_7235-1.jpg?fit=1000%2C667&ssl=1&resize=350%2C200 1x, https:\/\/i0.wp.com\/casadecampoliving.com\/wp-content\/uploads\/2022\/10\/IMG_7235-1.jpg?fit=1000%2C667&ssl=1&resize=525%2C300 1.5x, https:\/\/i0.wp.com\/casadecampoliving.com\/wp-content\/uploads\/2022\/10\/IMG_7235-1.jpg?fit=1000%2C667&ssl=1&resize=700%2C400 2x"},"classes":[]},{"id":351760,"url":"https:\/\/casadecampoliving.com\/es\/fedogolf-y-miderec-presentan-los-lxi-campeonatos-de-golf-amateur-del-caribe\/","url_meta":{"origin":354377,"position":5},"title":"Fedogolf y Miderec presentan los LXI Campeonatos de Golf Amateur del Caribe","author":"Casa de Campo Living","date":"26 Jul, 2017","format":false,"excerpt":"La Rep\u00fablica Dominicana ser\u00e1 sede de unos de los eventos m\u00e1s importantes de golf del Caribe, los Campeonatos de Golf Amateur, que tendr\u00e1 lugar en The Links, en Casa de Campo, desde el pr\u00f3ximo 31 de julio y hasta el 4 de agosto, donde participar\u00e1n ocho pa\u00edses y unos 80\u2026","rel":"","context":"En \u00abDeportes\u00bb","block_context":{"text":"Deportes","link":"https:\/\/casadecampoliving.com\/es\/category\/golf-deportes-es\/"},"img":{"alt_text":"","src":"https:\/\/i0.wp.com\/casadecampoliving.com\/wp-content\/uploads\/2022\/10\/20170724_122615-e1501075409184.jpg?fit=1000%2C670&ssl=1&resize=350%2C200","width":350,"height":200,"srcset":"https:\/\/i0.wp.com\/casadecampoliving.com\/wp-content\/uploads\/2022\/10\/20170724_122615-e1501075409184.jpg?fit=1000%2C670&ssl=1&resize=350%2C200 1x, https:\/\/i0.wp.com\/casadecampoliving.com\/wp-content\/uploads\/2022\/10\/20170724_122615-e1501075409184.jpg?fit=1000%2C670&ssl=1&resize=525%2C300 1.5x, https:\/\/i0.wp.com\/casadecampoliving.com\/wp-content\/uploads\/2022\/10\/20170724_122615-e1501075409184.jpg?fit=1000%2C670&ssl=1&resize=700%2C400 2x"},"classes":[]}],"jetpack_sharing_enabled":true,"_links":{"self":[{"href":"https:\/\/casadecampoliving.com\/es\/wp-json\/wp\/v2\/posts\/354377","targetHints":{"allow":["GET"]}}],"collection":[{"href":"https:\/\/casadecampoliving.com\/es\/wp-json\/wp\/v2\/posts"}],"about":[{"href":"https:\/\/casadecampoliving.com\/es\/wp-json\/wp\/v2\/types\/post"}],"author":[{"embeddable":true,"href":"https:\/\/casadecampoliving.com\/es\/wp-json\/wp\/v2\/users\/36791"}],"replies":[{"embeddable":true,"href":"https:\/\/casadecampoliving.com\/es\/wp-json\/wp\/v2\/comments?post=354377"}],"version-history":[{"count":0,"href":"https:\/\/casadecampoliving.com\/es\/wp-json\/wp\/v2\/posts\/354377\/revisions"}],"wp:featuredmedia":[{"embeddable":true,"href":"https:\/\/casadecampoliving.com\/es\/wp-json\/wp\/v2\/media\/335065"}],"wp:attachment":[{"href":"https:\/\/casadecampoliving.com\/es\/wp-json\/wp\/v2\/media?parent=354377"}],"wp:term":[{"taxonomy":"category","embeddable":true,"href":"https:\/\/casadecampoliving.com\/es\/wp-json\/wp\/v2\/categories?post=354377"},{"taxonomy":"post_tag","embeddable":true,"href":"https:\/\/casadecampoliving.com\/es\/wp-json\/wp\/v2\/tags?post=354377"},{"taxonomy":"newspack_spnsrs_tax","embeddable":true,"href":"https:\/\/casadecampoliving.com\/es\/wp-json\/wp\/v2\/newspack_spnsrs_tax?post=354377"}],"curies":[{"name":"wp","href":"https:\/\/api.w.org\/{rel}","templated":true}]}}