{"id":354326,"date":"2022-04-02T00:00:00","date_gmt":"2022-04-02T04:00:00","guid":{"rendered":"https:\/\/casadecampoliving.com\/celebraran-en-casa-de-campo-la-37-edicion-del-clasico-semana-santa-dedicada-al-ingeniero-ramon-antonio-olivo\/"},"modified":"2022-10-21T19:08:09","modified_gmt":"2022-10-21T23:08:09","slug":"celebraran-en-casa-de-campo-la-37-edicion-del-clasico-semana-santa-dedicada-al-ingeniero-ramon-antonio-olivo","status":"publish","type":"post","link":"https:\/\/casadecampoliving.com\/es\/celebraran-en-casa-de-campo-la-37-edicion-del-clasico-semana-santa-dedicada-al-ingeniero-ramon-antonio-olivo\/","title":{"rendered":"Celebrar\u00e1n en Casa de Campo la 37 edici\u00f3n del Cl\u00e1sico Semana Santa dedicada al ingeniero Ram\u00f3n Antonio Olivo"},"content":{"rendered":"\n<p>La directiva del&nbsp;Club de Golf Cajuiles&nbsp;anuncia la celebraci\u00f3n de su tradicional torneo \u201c<strong>Cl\u00e1sico Semana Santa 2022\u201d<\/strong>&nbsp;que tendr\u00e1 lugar el Viernes 15 de abril en Los&nbsp;Links&nbsp;del afamado resort&nbsp;Casa de Campo.<\/p>\n\n\n\n<p>La trig\u00e9sima s\u00e9ptima edici\u00f3n del&nbsp;<strong>Cl\u00e1sico Semana Santa<\/strong>&nbsp;est\u00e1 dedicado a la memoria del ingeniero&nbsp;Ram\u00f3n Antonio Olivo,&nbsp;un golfista entusiasta por largo tiempo y pasado miembro de la&nbsp;Directiva del Club Cajuiles.&nbsp;<em>\u201cEste torneo constituye una tradici\u00f3n de casi 40 a\u00f1os para la gran comunidad de jugadores de golf de la regi\u00f3n Este y todo el pa\u00eds.<\/em><br>\n<em>En esta ocasi\u00f3n, estamos honrando y celebrando la vida de un gran amigo, un buen hombre y un golfista apasionado como lo fue Ram\u00f3n Antonio Olivo, a quien dedicamos este evento\u201d<\/em> enfatiz\u00f3&nbsp;Frank Micheli, presidente del Club de Golf Cajuiles, al ofrecer los detalles de la justa deportiva.<\/p>\n\n\n\n<p>El&nbsp;<strong>Cl\u00e1sico Semana Santa 2022&nbsp;<\/strong>se jugar\u00e1 en modalidad Best Ball en parejas, con un handicap m\u00e1ximo de 24 y 8 palos de diferencia. Habr\u00e1 trofeos para al Mejor Score Bruto para los tres primeros lugares . Adem\u00e1s premios especiales de acercamientos a bandera y drives m\u00e1s largos y precisos. \u201cLa hora de salida al campo ser\u00e1 shotgun a las 8:00am, en donde los jugadores pondr\u00e1n a prueba sus destrezas mientras disfrutan del reto.<\/p>\n\n\n\n<p>El <strong>Cl\u00e1sico Semana Santa 2022<\/strong> cuenta con el respaldo de las empresas&nbsp;Central Romana, Costasur, Casa de Campo Resort, Banco Popular, Altice Dominicana, SIMAG, Scotiabank, Implementos &amp; Maquinarias IMCA, Brugal, , Ferquido, La Casita Marina, La Estancia Golf Club, L&amp;R Comercial, Onno\u2019s Bayahibe, Restaurante Chinois, Cocotal Golf &amp; Country Club, J.A. Garc\u00eda SRL, InAlert Manufacturing, entre otros, manifest\u00f3 Micheli.<\/p>\n","protected":false},"excerpt":{"rendered":"<p>La directiva del&nbsp;Club de Golf Cajuiles&nbsp;anuncia la celebraci\u00f3n de su tradicional torneo \u201cCl\u00e1sico Semana Santa 2022\u201d&nbsp;que tendr\u00e1 lugar el Viernes 15 de abril en Los&nbsp;Links&nbsp;del afamado resort&nbsp;Casa de Campo. La trig\u00e9sima s\u00e9ptima edici\u00f3n del&nbsp;Cl\u00e1sico Semana Santa&nbsp;est\u00e1 dedicado a la memoria del ingeniero&nbsp;Ram\u00f3n Antonio Olivo,&nbsp;un golfista entusiasta por largo tiempo y pasado miembro de la&nbsp;Directiva del [&hellip;]<\/p>\n","protected":false},"author":36791,"featured_media":332373,"comment_status":"closed","ping_status":"open","sticky":false,"template":"","format":"standard","meta":{"newspack_ads_suppress_ads":false,"newspack_popups_has_disabled_popups":false,"newspack_sponsor_sponsorship_scope":"","newspack_sponsor_native_byline_display":"inherit","newspack_sponsor_native_category_display":"inherit","newspack_sponsor_underwriter_style":"inherit","newspack_sponsor_underwriter_placement":"inherit","_newspack_byline_active":false,"_newspack_byline":"","newspack_hide_updated_date":false,"newspack_show_updated_date":false,"newspack_content_restriction_is_exempt":false,"newspack_featured_image_position":"","newspack_post_subtitle":"","newspack_article_summary_title":"Overview:","newspack_article_summary":"","_jetpack_memberships_contains_paid_content":false,"footnotes":"","jetpack_publicize_message":"","jetpack_publicize_feature_enabled":true,"jetpack_social_post_already_shared":false,"jetpack_social_options":{"image_generator_settings":{"template":"highway","default_image_id":0,"font":"","enabled":false},"version":2},"_wpas_customize_per_network":false},"categories":[26936,26820,26954,2525,14631,2522,2507,2506,14625,14627,2521,26822],"tags":[4763,3626,3680,7830],"newspack_spnsrs_tax":[],"class_list":["post-354326","post","type-post","status-publish","format-standard","has-post-thumbnail","hentry","category-casa-de-campo-living-es","category-casa-de-campo-resort","category-comunidad-casa-de-campo-living-es","category-golf-deportes-es","category-estilo-de-vida","category-eventos-es","category-la-romana-es","category-mas-alla-de-casa-es","category-noticias-locales","category-proximamente","category-republica-dominicana-2","category-resort-casa-de-campo","tag-campo-de-golf-links","tag-casa-de-campo-es","tag-golf-es","tag-torneo","entry"],"yoast_head":"<!-- This site is optimized with the Yoast SEO plugin v27.4 - https:\/\/yoast.com\/product\/yoast-seo-wordpress\/ -->\n<title>Celebrar\u00e1n en Casa de Campo la 37 edici\u00f3n del Cl\u00e1sico Semana Santa dedicada al ingeniero Ram\u00f3n Antonio Olivo | Casa de Campo Living<\/title>\n<meta name=\"description\" content=\"La directiva del&nbsp;Club de Golf Cajuiles&nbsp;anuncia la celebraci\u00f3n de su tradicional torneo \u201cCl\u00e1sico Semana Santa 2022\u201d&nbsp;que tendr\u00e1 lugar el\" \/>\n<meta name=\"robots\" content=\"index, follow, max-snippet:-1, max-image-preview:large, max-video-preview:-1\" \/>\n<link rel=\"canonical\" href=\"https:\/\/casadecampoliving.com\/es\/celebraran-en-casa-de-campo-la-37-edicion-del-clasico-semana-santa-dedicada-al-ingeniero-ramon-antonio-olivo\/\" \/>\n<meta property=\"og:locale\" content=\"es_ES\" \/>\n<meta property=\"og:type\" content=\"article\" \/>\n<meta property=\"og:title\" content=\"Celebrar\u00e1n en Casa de Campo la 37 edici\u00f3n del Cl\u00e1sico Semana Santa dedicada al ingeniero Ram\u00f3n Antonio Olivo | Casa de Campo Living\" \/>\n<meta property=\"og:description\" content=\"La directiva del&nbsp;Club de Golf Cajuiles&nbsp;anuncia la celebraci\u00f3n de su tradicional torneo \u201cCl\u00e1sico Semana Santa 2022\u201d&nbsp;que tendr\u00e1 lugar el\" \/>\n<meta property=\"og:url\" content=\"https:\/\/casadecampoliving.com\/es\/celebraran-en-casa-de-campo-la-37-edicion-del-clasico-semana-santa-dedicada-al-ingeniero-ramon-antonio-olivo\/\" \/>\n<meta property=\"og:site_name\" content=\"Casa de Campo Living\" \/>\n<meta property=\"article:publisher\" content=\"https:\/\/www.facebook.com\/casadecampoliving\" \/>\n<meta property=\"article:published_time\" content=\"2022-04-02T04:00:00+00:00\" \/>\n<meta property=\"article:modified_time\" content=\"2022-10-21T23:08:09+00:00\" \/>\n<meta property=\"og:image\" content=\"https:\/\/i0.wp.com\/casadecampoliving.com\/wp-content\/uploads\/2022\/10\/586258TheLinks01c-1.jpg?fit=1000%2C600&ssl=1\" \/>\n\t<meta property=\"og:image:width\" content=\"1000\" \/>\n\t<meta property=\"og:image:height\" content=\"600\" \/>\n\t<meta property=\"og:image:type\" content=\"image\/jpeg\" \/>\n<meta name=\"author\" content=\"Casa de Campo Living\" \/>\n<meta name=\"twitter:card\" content=\"summary_large_image\" \/>\n<meta name=\"twitter:creator\" content=\"@cdcliving\" \/>\n<meta name=\"twitter:site\" content=\"@cdcliving\" \/>\n<meta name=\"twitter:label1\" content=\"Escrito por\" \/>\n\t<meta name=\"twitter:data1\" content=\"Casa de Campo Living\" \/>\n\t<meta name=\"twitter:label2\" content=\"Tiempo de lectura\" \/>\n\t<meta name=\"twitter:data2\" content=\"2 minutos\" \/>\n<script type=\"application\/ld+json\" class=\"yoast-schema-graph\">{\"@context\":\"https:\\\/\\\/schema.org\",\"@graph\":[{\"@type\":\"Article\",\"@id\":\"https:\\\/\\\/casadecampoliving.com\\\/es\\\/celebraran-en-casa-de-campo-la-37-edicion-del-clasico-semana-santa-dedicada-al-ingeniero-ramon-antonio-olivo\\\/#article\",\"isPartOf\":{\"@id\":\"https:\\\/\\\/casadecampoliving.com\\\/es\\\/celebraran-en-casa-de-campo-la-37-edicion-del-clasico-semana-santa-dedicada-al-ingeniero-ramon-antonio-olivo\\\/\"},\"author\":{\"name\":\"Casa de Campo Living\",\"@id\":\"https:\\\/\\\/casadecampoliving.com\\\/es\\\/#\\\/schema\\\/person\\\/5d2171637a9d11e0e43ce6b8555f9422\"},\"headline\":\"Celebrar\u00e1n en Casa de Campo la 37 edici\u00f3n del Cl\u00e1sico Semana Santa dedicada al ingeniero Ram\u00f3n Antonio Olivo\",\"datePublished\":\"2022-04-02T04:00:00+00:00\",\"dateModified\":\"2022-10-21T23:08:09+00:00\",\"mainEntityOfPage\":{\"@id\":\"https:\\\/\\\/casadecampoliving.com\\\/es\\\/celebraran-en-casa-de-campo-la-37-edicion-del-clasico-semana-santa-dedicada-al-ingeniero-ramon-antonio-olivo\\\/\"},\"wordCount\":326,\"publisher\":{\"@id\":\"https:\\\/\\\/casadecampoliving.com\\\/es\\\/#organization\"},\"image\":{\"@id\":\"https:\\\/\\\/casadecampoliving.com\\\/es\\\/celebraran-en-casa-de-campo-la-37-edicion-del-clasico-semana-santa-dedicada-al-ingeniero-ramon-antonio-olivo\\\/#primaryimage\"},\"thumbnailUrl\":\"https:\\\/\\\/i0.wp.com\\\/casadecampoliving.com\\\/wp-content\\\/uploads\\\/2022\\\/10\\\/586258TheLinks01c-1.jpg?fit=1000%2C600&ssl=1\",\"keywords\":[\"campo de golf links\",\"casa de campo @es\",\"golf @es\",\"torneo\"],\"articleSection\":[\"Casa de Campo Living @es\",\"Casa de Campo Resort\",\"Comunidad\",\"Deportes\",\"Estilo de Vida\",\"Eventos\",\"La Romana @es\",\"M\u00e1s all\u00e1 de Casa\",\"Noticias Locales\",\"Proximamente\",\"Rep\u00fablica Dominicana @es\",\"Resort Casa de Campo\"],\"inLanguage\":\"es\"},{\"@type\":\"WebPage\",\"@id\":\"https:\\\/\\\/casadecampoliving.com\\\/es\\\/celebraran-en-casa-de-campo-la-37-edicion-del-clasico-semana-santa-dedicada-al-ingeniero-ramon-antonio-olivo\\\/\",\"url\":\"https:\\\/\\\/casadecampoliving.com\\\/es\\\/celebraran-en-casa-de-campo-la-37-edicion-del-clasico-semana-santa-dedicada-al-ingeniero-ramon-antonio-olivo\\\/\",\"name\":\"Celebrar\u00e1n en Casa de Campo la 37 edici\u00f3n del Cl\u00e1sico Semana Santa dedicada al ingeniero Ram\u00f3n Antonio Olivo | Casa de Campo Living\",\"isPartOf\":{\"@id\":\"https:\\\/\\\/casadecampoliving.com\\\/es\\\/#website\"},\"primaryImageOfPage\":{\"@id\":\"https:\\\/\\\/casadecampoliving.com\\\/es\\\/celebraran-en-casa-de-campo-la-37-edicion-del-clasico-semana-santa-dedicada-al-ingeniero-ramon-antonio-olivo\\\/#primaryimage\"},\"image\":{\"@id\":\"https:\\\/\\\/casadecampoliving.com\\\/es\\\/celebraran-en-casa-de-campo-la-37-edicion-del-clasico-semana-santa-dedicada-al-ingeniero-ramon-antonio-olivo\\\/#primaryimage\"},\"thumbnailUrl\":\"https:\\\/\\\/i0.wp.com\\\/casadecampoliving.com\\\/wp-content\\\/uploads\\\/2022\\\/10\\\/586258TheLinks01c-1.jpg?fit=1000%2C600&ssl=1\",\"datePublished\":\"2022-04-02T04:00:00+00:00\",\"dateModified\":\"2022-10-21T23:08:09+00:00\",\"description\":\"La directiva del&nbsp;Club de Golf Cajuiles&nbsp;anuncia la celebraci\u00f3n de su tradicional torneo \u201cCl\u00e1sico Semana Santa 2022\u201d&nbsp;que tendr\u00e1 lugar el\",\"breadcrumb\":{\"@id\":\"https:\\\/\\\/casadecampoliving.com\\\/es\\\/celebraran-en-casa-de-campo-la-37-edicion-del-clasico-semana-santa-dedicada-al-ingeniero-ramon-antonio-olivo\\\/#breadcrumb\"},\"inLanguage\":\"es\",\"potentialAction\":[{\"@type\":\"ReadAction\",\"target\":[\"https:\\\/\\\/casadecampoliving.com\\\/es\\\/celebraran-en-casa-de-campo-la-37-edicion-del-clasico-semana-santa-dedicada-al-ingeniero-ramon-antonio-olivo\\\/\"]}]},{\"@type\":\"ImageObject\",\"inLanguage\":\"es\",\"@id\":\"https:\\\/\\\/casadecampoliving.com\\\/es\\\/celebraran-en-casa-de-campo-la-37-edicion-del-clasico-semana-santa-dedicada-al-ingeniero-ramon-antonio-olivo\\\/#primaryimage\",\"url\":\"https:\\\/\\\/i0.wp.com\\\/casadecampoliving.com\\\/wp-content\\\/uploads\\\/2022\\\/10\\\/586258TheLinks01c-1.jpg?fit=1000%2C600&ssl=1\",\"contentUrl\":\"https:\\\/\\\/i0.wp.com\\\/casadecampoliving.com\\\/wp-content\\\/uploads\\\/2022\\\/10\\\/586258TheLinks01c-1.jpg?fit=1000%2C600&ssl=1\",\"width\":1000,\"height\":600},{\"@type\":\"BreadcrumbList\",\"@id\":\"https:\\\/\\\/casadecampoliving.com\\\/es\\\/celebraran-en-casa-de-campo-la-37-edicion-del-clasico-semana-santa-dedicada-al-ingeniero-ramon-antonio-olivo\\\/#breadcrumb\",\"itemListElement\":[{\"@type\":\"ListItem\",\"position\":1,\"name\":\"Home\",\"item\":\"https:\\\/\\\/casadecampoliving.com\\\/es\\\/\"},{\"@type\":\"ListItem\",\"position\":2,\"name\":\"Celebrar\u00e1n en Casa de Campo la 37 edici\u00f3n del Cl\u00e1sico Semana Santa dedicada al ingeniero Ram\u00f3n Antonio Olivo\"}]},{\"@type\":\"WebSite\",\"@id\":\"https:\\\/\\\/casadecampoliving.com\\\/es\\\/#website\",\"url\":\"https:\\\/\\\/casadecampoliving.com\\\/es\\\/\",\"name\":\"Casa de Campo Living\",\"description\":\"Resort community news and resources.\",\"publisher\":{\"@id\":\"https:\\\/\\\/casadecampoliving.com\\\/es\\\/#organization\"},\"potentialAction\":[{\"@type\":\"SearchAction\",\"target\":{\"@type\":\"EntryPoint\",\"urlTemplate\":\"https:\\\/\\\/casadecampoliving.com\\\/es\\\/?s={search_term_string}\"},\"query-input\":{\"@type\":\"PropertyValueSpecification\",\"valueRequired\":true,\"valueName\":\"search_term_string\"}}],\"inLanguage\":\"es\"},{\"@type\":\"Organization\",\"@id\":\"https:\\\/\\\/casadecampoliving.com\\\/es\\\/#organization\",\"name\":\"Casa de Campo Living\",\"url\":\"https:\\\/\\\/casadecampoliving.com\\\/es\\\/\",\"logo\":{\"@type\":\"ImageObject\",\"inLanguage\":\"es\",\"@id\":\"https:\\\/\\\/casadecampoliving.com\\\/es\\\/#\\\/schema\\\/logo\\\/image\\\/\",\"url\":\"https:\\\/\\\/i0.wp.com\\\/casadecampoliving.com\\\/wp-content\\\/uploads\\\/2022\\\/07\\\/CDCLivingLogo_V1-white-sized.png?fit=800%2C214&ssl=1\",\"contentUrl\":\"https:\\\/\\\/i0.wp.com\\\/casadecampoliving.com\\\/wp-content\\\/uploads\\\/2022\\\/07\\\/CDCLivingLogo_V1-white-sized.png?fit=800%2C214&ssl=1\",\"width\":800,\"height\":214,\"caption\":\"Casa de Campo Living\"},\"image\":{\"@id\":\"https:\\\/\\\/casadecampoliving.com\\\/es\\\/#\\\/schema\\\/logo\\\/image\\\/\"},\"sameAs\":[\"https:\\\/\\\/www.facebook.com\\\/casadecampoliving\",\"https:\\\/\\\/x.com\\\/cdcliving\"]},{\"@type\":\"Person\",\"@id\":\"https:\\\/\\\/casadecampoliving.com\\\/es\\\/#\\\/schema\\\/person\\\/5d2171637a9d11e0e43ce6b8555f9422\",\"name\":\"Casa de Campo Living\",\"image\":{\"@type\":\"ImageObject\",\"inLanguage\":\"es\",\"@id\":\"https:\\\/\\\/secure.gravatar.com\\\/avatar\\\/d04101fa4a9fd431e939953b1500fdc7a73cd35029f86d98712fd8ccdaebaf9a?s=96&d=mm&r=g\",\"url\":\"https:\\\/\\\/secure.gravatar.com\\\/avatar\\\/d04101fa4a9fd431e939953b1500fdc7a73cd35029f86d98712fd8ccdaebaf9a?s=96&d=mm&r=g\",\"contentUrl\":\"https:\\\/\\\/secure.gravatar.com\\\/avatar\\\/d04101fa4a9fd431e939953b1500fdc7a73cd35029f86d98712fd8ccdaebaf9a?s=96&d=mm&r=g\",\"caption\":\"Casa de Campo Living\"},\"url\":\"https:\\\/\\\/casadecampoliving.com\\\/es\\\/author\\\/casa-de-campo-living\\\/\"}]}<\/script>\n<!-- \/ Yoast SEO plugin. -->","yoast_head_json":{"title":"Celebrar\u00e1n en Casa de Campo la 37 edici\u00f3n del Cl\u00e1sico Semana Santa dedicada al ingeniero Ram\u00f3n Antonio Olivo | Casa de Campo Living","description":"La directiva del&nbsp;Club de Golf Cajuiles&nbsp;anuncia la celebraci\u00f3n de su tradicional torneo \u201cCl\u00e1sico Semana Santa 2022\u201d&nbsp;que tendr\u00e1 lugar el","robots":{"index":"index","follow":"follow","max-snippet":"max-snippet:-1","max-image-preview":"max-image-preview:large","max-video-preview":"max-video-preview:-1"},"canonical":"https:\/\/casadecampoliving.com\/es\/celebraran-en-casa-de-campo-la-37-edicion-del-clasico-semana-santa-dedicada-al-ingeniero-ramon-antonio-olivo\/","og_locale":"es_ES","og_type":"article","og_title":"Celebrar\u00e1n en Casa de Campo la 37 edici\u00f3n del Cl\u00e1sico Semana Santa dedicada al ingeniero Ram\u00f3n Antonio Olivo | Casa de Campo Living","og_description":"La directiva del&nbsp;Club de Golf Cajuiles&nbsp;anuncia la celebraci\u00f3n de su tradicional torneo \u201cCl\u00e1sico Semana Santa 2022\u201d&nbsp;que tendr\u00e1 lugar el","og_url":"https:\/\/casadecampoliving.com\/es\/celebraran-en-casa-de-campo-la-37-edicion-del-clasico-semana-santa-dedicada-al-ingeniero-ramon-antonio-olivo\/","og_site_name":"Casa de Campo Living","article_publisher":"https:\/\/www.facebook.com\/casadecampoliving","article_published_time":"2022-04-02T04:00:00+00:00","article_modified_time":"2022-10-21T23:08:09+00:00","og_image":[{"width":1000,"height":600,"url":"https:\/\/i0.wp.com\/casadecampoliving.com\/wp-content\/uploads\/2022\/10\/586258TheLinks01c-1.jpg?fit=1000%2C600&ssl=1","type":"image\/jpeg"}],"author":"Casa de Campo Living","twitter_card":"summary_large_image","twitter_creator":"@cdcliving","twitter_site":"@cdcliving","twitter_misc":{"Escrito por":"Casa de Campo Living","Tiempo de lectura":"2 minutos"},"schema":{"@context":"https:\/\/schema.org","@graph":[{"@type":"Article","@id":"https:\/\/casadecampoliving.com\/es\/celebraran-en-casa-de-campo-la-37-edicion-del-clasico-semana-santa-dedicada-al-ingeniero-ramon-antonio-olivo\/#article","isPartOf":{"@id":"https:\/\/casadecampoliving.com\/es\/celebraran-en-casa-de-campo-la-37-edicion-del-clasico-semana-santa-dedicada-al-ingeniero-ramon-antonio-olivo\/"},"author":{"name":"Casa de Campo Living","@id":"https:\/\/casadecampoliving.com\/es\/#\/schema\/person\/5d2171637a9d11e0e43ce6b8555f9422"},"headline":"Celebrar\u00e1n en Casa de Campo la 37 edici\u00f3n del Cl\u00e1sico Semana Santa dedicada al ingeniero Ram\u00f3n Antonio Olivo","datePublished":"2022-04-02T04:00:00+00:00","dateModified":"2022-10-21T23:08:09+00:00","mainEntityOfPage":{"@id":"https:\/\/casadecampoliving.com\/es\/celebraran-en-casa-de-campo-la-37-edicion-del-clasico-semana-santa-dedicada-al-ingeniero-ramon-antonio-olivo\/"},"wordCount":326,"publisher":{"@id":"https:\/\/casadecampoliving.com\/es\/#organization"},"image":{"@id":"https:\/\/casadecampoliving.com\/es\/celebraran-en-casa-de-campo-la-37-edicion-del-clasico-semana-santa-dedicada-al-ingeniero-ramon-antonio-olivo\/#primaryimage"},"thumbnailUrl":"https:\/\/i0.wp.com\/casadecampoliving.com\/wp-content\/uploads\/2022\/10\/586258TheLinks01c-1.jpg?fit=1000%2C600&ssl=1","keywords":["campo de golf links","casa de campo @es","golf @es","torneo"],"articleSection":["Casa de Campo Living @es","Casa de Campo Resort","Comunidad","Deportes","Estilo de Vida","Eventos","La Romana @es","M\u00e1s all\u00e1 de Casa","Noticias Locales","Proximamente","Rep\u00fablica Dominicana @es","Resort Casa de Campo"],"inLanguage":"es"},{"@type":"WebPage","@id":"https:\/\/casadecampoliving.com\/es\/celebraran-en-casa-de-campo-la-37-edicion-del-clasico-semana-santa-dedicada-al-ingeniero-ramon-antonio-olivo\/","url":"https:\/\/casadecampoliving.com\/es\/celebraran-en-casa-de-campo-la-37-edicion-del-clasico-semana-santa-dedicada-al-ingeniero-ramon-antonio-olivo\/","name":"Celebrar\u00e1n en Casa de Campo la 37 edici\u00f3n del Cl\u00e1sico Semana Santa dedicada al ingeniero Ram\u00f3n Antonio Olivo | Casa de Campo Living","isPartOf":{"@id":"https:\/\/casadecampoliving.com\/es\/#website"},"primaryImageOfPage":{"@id":"https:\/\/casadecampoliving.com\/es\/celebraran-en-casa-de-campo-la-37-edicion-del-clasico-semana-santa-dedicada-al-ingeniero-ramon-antonio-olivo\/#primaryimage"},"image":{"@id":"https:\/\/casadecampoliving.com\/es\/celebraran-en-casa-de-campo-la-37-edicion-del-clasico-semana-santa-dedicada-al-ingeniero-ramon-antonio-olivo\/#primaryimage"},"thumbnailUrl":"https:\/\/i0.wp.com\/casadecampoliving.com\/wp-content\/uploads\/2022\/10\/586258TheLinks01c-1.jpg?fit=1000%2C600&ssl=1","datePublished":"2022-04-02T04:00:00+00:00","dateModified":"2022-10-21T23:08:09+00:00","description":"La directiva del&nbsp;Club de Golf Cajuiles&nbsp;anuncia la celebraci\u00f3n de su tradicional torneo \u201cCl\u00e1sico Semana Santa 2022\u201d&nbsp;que tendr\u00e1 lugar el","breadcrumb":{"@id":"https:\/\/casadecampoliving.com\/es\/celebraran-en-casa-de-campo-la-37-edicion-del-clasico-semana-santa-dedicada-al-ingeniero-ramon-antonio-olivo\/#breadcrumb"},"inLanguage":"es","potentialAction":[{"@type":"ReadAction","target":["https:\/\/casadecampoliving.com\/es\/celebraran-en-casa-de-campo-la-37-edicion-del-clasico-semana-santa-dedicada-al-ingeniero-ramon-antonio-olivo\/"]}]},{"@type":"ImageObject","inLanguage":"es","@id":"https:\/\/casadecampoliving.com\/es\/celebraran-en-casa-de-campo-la-37-edicion-del-clasico-semana-santa-dedicada-al-ingeniero-ramon-antonio-olivo\/#primaryimage","url":"https:\/\/i0.wp.com\/casadecampoliving.com\/wp-content\/uploads\/2022\/10\/586258TheLinks01c-1.jpg?fit=1000%2C600&ssl=1","contentUrl":"https:\/\/i0.wp.com\/casadecampoliving.com\/wp-content\/uploads\/2022\/10\/586258TheLinks01c-1.jpg?fit=1000%2C600&ssl=1","width":1000,"height":600},{"@type":"BreadcrumbList","@id":"https:\/\/casadecampoliving.com\/es\/celebraran-en-casa-de-campo-la-37-edicion-del-clasico-semana-santa-dedicada-al-ingeniero-ramon-antonio-olivo\/#breadcrumb","itemListElement":[{"@type":"ListItem","position":1,"name":"Home","item":"https:\/\/casadecampoliving.com\/es\/"},{"@type":"ListItem","position":2,"name":"Celebrar\u00e1n en Casa de Campo la 37 edici\u00f3n del Cl\u00e1sico Semana Santa dedicada al ingeniero Ram\u00f3n Antonio Olivo"}]},{"@type":"WebSite","@id":"https:\/\/casadecampoliving.com\/es\/#website","url":"https:\/\/casadecampoliving.com\/es\/","name":"Casa de Campo Living","description":"Resort community news and resources.","publisher":{"@id":"https:\/\/casadecampoliving.com\/es\/#organization"},"potentialAction":[{"@type":"SearchAction","target":{"@type":"EntryPoint","urlTemplate":"https:\/\/casadecampoliving.com\/es\/?s={search_term_string}"},"query-input":{"@type":"PropertyValueSpecification","valueRequired":true,"valueName":"search_term_string"}}],"inLanguage":"es"},{"@type":"Organization","@id":"https:\/\/casadecampoliving.com\/es\/#organization","name":"Casa de Campo Living","url":"https:\/\/casadecampoliving.com\/es\/","logo":{"@type":"ImageObject","inLanguage":"es","@id":"https:\/\/casadecampoliving.com\/es\/#\/schema\/logo\/image\/","url":"https:\/\/i0.wp.com\/casadecampoliving.com\/wp-content\/uploads\/2022\/07\/CDCLivingLogo_V1-white-sized.png?fit=800%2C214&ssl=1","contentUrl":"https:\/\/i0.wp.com\/casadecampoliving.com\/wp-content\/uploads\/2022\/07\/CDCLivingLogo_V1-white-sized.png?fit=800%2C214&ssl=1","width":800,"height":214,"caption":"Casa de Campo Living"},"image":{"@id":"https:\/\/casadecampoliving.com\/es\/#\/schema\/logo\/image\/"},"sameAs":["https:\/\/www.facebook.com\/casadecampoliving","https:\/\/x.com\/cdcliving"]},{"@type":"Person","@id":"https:\/\/casadecampoliving.com\/es\/#\/schema\/person\/5d2171637a9d11e0e43ce6b8555f9422","name":"Casa de Campo Living","image":{"@type":"ImageObject","inLanguage":"es","@id":"https:\/\/secure.gravatar.com\/avatar\/d04101fa4a9fd431e939953b1500fdc7a73cd35029f86d98712fd8ccdaebaf9a?s=96&d=mm&r=g","url":"https:\/\/secure.gravatar.com\/avatar\/d04101fa4a9fd431e939953b1500fdc7a73cd35029f86d98712fd8ccdaebaf9a?s=96&d=mm&r=g","contentUrl":"https:\/\/secure.gravatar.com\/avatar\/d04101fa4a9fd431e939953b1500fdc7a73cd35029f86d98712fd8ccdaebaf9a?s=96&d=mm&r=g","caption":"Casa de Campo Living"},"url":"https:\/\/casadecampoliving.com\/es\/author\/casa-de-campo-living\/"}]}},"parsely":{"version":"1.1.0","canonical_url":"https:\/\/casadecampoliving.com\/es\/celebraran-en-casa-de-campo-la-37-edicion-del-clasico-semana-santa-dedicada-al-ingeniero-ramon-antonio-olivo\/","smart_links":{"inbound":0,"outbound":0},"traffic_boost_suggestions_count":0,"meta":{"@context":"https:\/\/schema.org","@type":"NewsArticle","headline":"Celebrar\u00e1n en Casa de Campo la 37 edici\u00f3n del Cl\u00e1sico Semana Santa dedicada al ingeniero Ram\u00f3n Antonio Olivo","url":"http:\/\/casadecampoliving.com\/es\/celebraran-en-casa-de-campo-la-37-edicion-del-clasico-semana-santa-dedicada-al-ingeniero-ramon-antonio-olivo\/","mainEntityOfPage":{"@type":"WebPage","@id":"http:\/\/casadecampoliving.com\/es\/celebraran-en-casa-de-campo-la-37-edicion-del-clasico-semana-santa-dedicada-al-ingeniero-ramon-antonio-olivo\/"},"thumbnailUrl":"https:\/\/i0.wp.com\/casadecampoliving.com\/wp-content\/uploads\/2022\/10\/586258TheLinks01c-1.jpg?resize=150%2C150&ssl=1","image":{"@type":"ImageObject","url":"https:\/\/i0.wp.com\/casadecampoliving.com\/wp-content\/uploads\/2022\/10\/586258TheLinks01c-1.jpg?fit=1000%2C600&ssl=1"},"articleSection":"Casa de Campo Resort","author":[{"@type":"Person","name":"Casa de Campo Living"}],"creator":["Casa de Campo Living"],"publisher":{"@type":"Organization","name":"Casa de Campo Living","logo":"https:\/\/casadecampoliving.com\/wp-content\/uploads\/2022\/07\/CDCLivingLogo_V1-white-sized.png"},"keywords":["campo de golf links","casa de campo @es","golf @es","torneo"],"dateCreated":"2022-04-02T04:00:00Z","datePublished":"2022-04-02T04:00:00Z","dateModified":"2022-10-21T23:08:09Z"},"rendered":"<script type=\"application\/ld+json\" class=\"wp-parsely-metadata\">{\"@context\":\"https:\\\/\\\/schema.org\",\"@type\":\"NewsArticle\",\"headline\":\"Celebrar\\u00e1n en Casa de Campo la 37 edici\\u00f3n del Cl\\u00e1sico Semana Santa dedicada al ingeniero Ram\\u00f3n Antonio Olivo\",\"url\":\"http:\\\/\\\/casadecampoliving.com\\\/es\\\/celebraran-en-casa-de-campo-la-37-edicion-del-clasico-semana-santa-dedicada-al-ingeniero-ramon-antonio-olivo\\\/\",\"mainEntityOfPage\":{\"@type\":\"WebPage\",\"@id\":\"http:\\\/\\\/casadecampoliving.com\\\/es\\\/celebraran-en-casa-de-campo-la-37-edicion-del-clasico-semana-santa-dedicada-al-ingeniero-ramon-antonio-olivo\\\/\"},\"thumbnailUrl\":\"https:\\\/\\\/i0.wp.com\\\/casadecampoliving.com\\\/wp-content\\\/uploads\\\/2022\\\/10\\\/586258TheLinks01c-1.jpg?resize=150%2C150&ssl=1\",\"image\":{\"@type\":\"ImageObject\",\"url\":\"https:\\\/\\\/i0.wp.com\\\/casadecampoliving.com\\\/wp-content\\\/uploads\\\/2022\\\/10\\\/586258TheLinks01c-1.jpg?fit=1000%2C600&ssl=1\"},\"articleSection\":\"Casa de Campo Resort\",\"author\":[{\"@type\":\"Person\",\"name\":\"Casa de Campo Living\"}],\"creator\":[\"Casa de Campo Living\"],\"publisher\":{\"@type\":\"Organization\",\"name\":\"Casa de Campo Living\",\"logo\":\"https:\\\/\\\/casadecampoliving.com\\\/wp-content\\\/uploads\\\/2022\\\/07\\\/CDCLivingLogo_V1-white-sized.png\"},\"keywords\":[\"campo de golf links\",\"casa de campo @es\",\"golf @es\",\"torneo\"],\"dateCreated\":\"2022-04-02T04:00:00Z\",\"datePublished\":\"2022-04-02T04:00:00Z\",\"dateModified\":\"2022-10-21T23:08:09Z\"}<\/script>","tracker_url":"https:\/\/cdn.parsely.com\/keys\/casadecampoliving.com\/p.js"},"jetpack_publicize_connections":[],"jetpack_featured_media_url":"https:\/\/i0.wp.com\/casadecampoliving.com\/wp-content\/uploads\/2022\/10\/586258TheLinks01c-1.jpg?fit=1000%2C600&ssl=1","jetpack-related-posts":[{"id":334863,"url":"https:\/\/casadecampoliving.com\/casa-de-campo-will-host-the-37th-edition-of-the-clasico-semana-santa-dedicated-to-the-engineer-ramon-antonio-olivo\/","url_meta":{"origin":354326,"position":0},"title":"Casa de Campo will host the 37th edition of the Cl\u00e1sico Semana Santa dedicated to the engineer Ram\u00f3n Antonio Olivo","author":"Casa de Campo Living","date":"2 Abr, 2022","format":false,"excerpt":"The Cajuiles Golf Club board announces the celebration of its traditional tournament \u201cCl\u00e1sico Semana Santa 2022\u201d which will take place on Friday, April 15 at Los Links of the famous Casa de Campo resort. The thirty-seventh edition of the Cl\u00e1sico Semana Santa is dedicated to the memory of engineer Ram\u00f3n\u2026","rel":"","context":"En \u00abBeyond Casa\u00bb","block_context":{"text":"Beyond Casa","link":"https:\/\/casadecampoliving.com\/category\/beyond-casa\/"},"img":{"alt_text":"","src":"https:\/\/i0.wp.com\/casadecampoliving.com\/wp-content\/uploads\/2022\/10\/586258TheLinks01c-1.jpg?fit=1000%2C600&ssl=1&resize=350%2C200","width":350,"height":200,"srcset":"https:\/\/i0.wp.com\/casadecampoliving.com\/wp-content\/uploads\/2022\/10\/586258TheLinks01c-1.jpg?fit=1000%2C600&ssl=1&resize=350%2C200 1x, https:\/\/i0.wp.com\/casadecampoliving.com\/wp-content\/uploads\/2022\/10\/586258TheLinks01c-1.jpg?fit=1000%2C600&ssl=1&resize=525%2C300 1.5x, https:\/\/i0.wp.com\/casadecampoliving.com\/wp-content\/uploads\/2022\/10\/586258TheLinks01c-1.jpg?fit=1000%2C600&ssl=1&resize=700%2C400 2x"},"classes":[]},{"id":354355,"url":"https:\/\/casadecampoliving.com\/es\/yunen-y-linares-campeones-del-xxxvii-clasico-de-golf-semana-santa\/","url_meta":{"origin":354326,"position":1},"title":"Yunen y Linares campeones del XXXVII Cl\u00e1sico de golf Semana Santa","author":"Casa de Campo Living","date":"22 Abr, 2022","format":false,"excerpt":"Luego de una pausa de dos a\u00f1os debido a la pandemia, el campo de golf Los Links en Casa de Campo fue sede del tradicional \u201cCl\u00e1sico de Semana Santa\u201d, donde la pareja conformada por Marcos Yun\u00e9n y Ra\u00fal Linares se consagraron campeones de la edici\u00f3n 2022. Yun\u00e9n y Linares tuvieron\u2026","rel":"","context":"En \u00abCasa de Campo Living @es\u00bb","block_context":{"text":"Casa de Campo Living @es","link":"https:\/\/casadecampoliving.com\/category\/casa-de-campo-living-es\/"},"img":{"alt_text":"","src":"https:\/\/i0.wp.com\/casadecampoliving.com\/wp-content\/uploads\/2022\/10\/Screen-Shot-2022-04-25-at-07.31.07-1.png?fit=1000%2C664&ssl=1&resize=350%2C200","width":350,"height":200,"srcset":"https:\/\/i0.wp.com\/casadecampoliving.com\/wp-content\/uploads\/2022\/10\/Screen-Shot-2022-04-25-at-07.31.07-1.png?fit=1000%2C664&ssl=1&resize=350%2C200 1x, https:\/\/i0.wp.com\/casadecampoliving.com\/wp-content\/uploads\/2022\/10\/Screen-Shot-2022-04-25-at-07.31.07-1.png?fit=1000%2C664&ssl=1&resize=525%2C300 1.5x, https:\/\/i0.wp.com\/casadecampoliving.com\/wp-content\/uploads\/2022\/10\/Screen-Shot-2022-04-25-at-07.31.07-1.png?fit=1000%2C664&ssl=1&resize=700%2C400 2x"},"classes":[]},{"id":334953,"url":"https:\/\/casadecampoliving.com\/yunen-and-linares-champions-of-the-xxxvii-semana-santa-golf-classic\/","url_meta":{"origin":354326,"position":2},"title":"Yunen and Linares champions of the XXXVII Semana Santa Golf Classic","author":"Casa de Campo Living","date":"22 Abr, 2022","format":false,"excerpt":"After a two-year break due to the pandemic, the Los Links golf course in Casa de Campo hosted the traditional \u201cCl\u00e1sico de Semana Santa\u201d, where the couple made up of Marcos Yun\u00e9n and Ra\u00fal Linares became champions of the 2022 edition. Yun\u00e9n and Linares had a gross score of 70\u2026","rel":"","context":"En \u00abBeyond Casa\u00bb","block_context":{"text":"Beyond Casa","link":"https:\/\/casadecampoliving.com\/category\/beyond-casa\/"},"img":{"alt_text":"","src":"https:\/\/i0.wp.com\/casadecampoliving.com\/wp-content\/uploads\/2022\/10\/Screen-Shot-2022-04-25-at-07.31.07-1.png?fit=1000%2C664&ssl=1&resize=350%2C200","width":350,"height":200,"srcset":"https:\/\/i0.wp.com\/casadecampoliving.com\/wp-content\/uploads\/2022\/10\/Screen-Shot-2022-04-25-at-07.31.07-1.png?fit=1000%2C664&ssl=1&resize=350%2C200 1x, https:\/\/i0.wp.com\/casadecampoliving.com\/wp-content\/uploads\/2022\/10\/Screen-Shot-2022-04-25-at-07.31.07-1.png?fit=1000%2C664&ssl=1&resize=525%2C300 1.5x, https:\/\/i0.wp.com\/casadecampoliving.com\/wp-content\/uploads\/2022\/10\/Screen-Shot-2022-04-25-at-07.31.07-1.png?fit=1000%2C664&ssl=1&resize=700%2C400 2x"},"classes":[]},{"id":350220,"url":"https:\/\/casadecampoliving.com\/es\/celebran-torneo-de-golf-invitacional-fin-de-zafra-central-romana\/","url_meta":{"origin":354326,"position":3},"title":"Celebran Torneo de Golf Invitacional Fin de Zafra Central Romana","author":"Heather Lincoln","date":"20 Jul, 2016","format":false,"excerpt":"M\u00e1s de 50 jugadores participaron en la justa deportiva que se ha convertido en un evento tradicional que patrocina la empresa Central Romana tras finalizar su zafra azucarera y que es organizado por un comit\u00e9 especial del Club de Golf Cajuiles de esta ciudad.\u00a0El torneo fue celebrado en el exclusivo\u2026","rel":"","context":"En \u00abDeportes\u00bb","block_context":{"text":"Deportes","link":"https:\/\/casadecampoliving.com\/es\/category\/golf-deportes-es\/"},"img":{"alt_text":"Central Romana End of Harvest Golf Invitational Tournament","src":"https:\/\/i0.wp.com\/casadecampoliving.com\/wp-content\/uploads\/2022\/10\/centralromana_harvesttourn-e1469014987875.jpg?fit=1000%2C727&ssl=1&resize=350%2C200","width":350,"height":200,"srcset":"https:\/\/i0.wp.com\/casadecampoliving.com\/wp-content\/uploads\/2022\/10\/centralromana_harvesttourn-e1469014987875.jpg?fit=1000%2C727&ssl=1&resize=350%2C200 1x, https:\/\/i0.wp.com\/casadecampoliving.com\/wp-content\/uploads\/2022\/10\/centralromana_harvesttourn-e1469014987875.jpg?fit=1000%2C727&ssl=1&resize=525%2C300 1.5x, https:\/\/i0.wp.com\/casadecampoliving.com\/wp-content\/uploads\/2022\/10\/centralromana_harvesttourn-e1469014987875.jpg?fit=1000%2C727&ssl=1&resize=700%2C400 2x"},"classes":[]},{"id":354124,"url":"https:\/\/casadecampoliving.com\/es\/casimiro-richiez-y-sabino-del-rosario-ganaron-el-primer-clasico-de-golf-de-la-asociacion-de-golf-la-romana-en-memoria-a-kalil-hache-malkun\/","url_meta":{"origin":354326,"position":4},"title":"Casimiro Richiez y Sabino del Rosario ganaron el Primer Cl\u00e1sico de Golf de la Asociaci\u00f3n de Golf La Romana en memoria a Kalil Hach\u00e9 Malk\u00fan","author":"Casa de Campo Living","date":"9 Ago, 2021","format":false,"excerpt":"El 31 de julio se llev\u00f3 a cabo el Primer Cl\u00e1sico de Golf de la Asociaci\u00f3n de Golf La Romana (Asoglar) en el campo de golf Links en Casa de Campo. Este torneo fue dedicado al difunto Kalil Hach\u00e9 Malk\u00fan, un \u00e1vido jugador de golf y miembro de la comunidad\u2026","rel":"","context":"En \u00abCasa de Campo Living @es\u00bb","block_context":{"text":"Casa de Campo Living @es","link":"https:\/\/casadecampoliving.com\/category\/casa-de-campo-living-es\/"},"img":{"alt_text":"","src":"https:\/\/i0.wp.com\/casadecampoliving.com\/wp-content\/uploads\/2022\/10\/IMG_7235-1.jpg?fit=1000%2C667&ssl=1&resize=350%2C200","width":350,"height":200,"srcset":"https:\/\/i0.wp.com\/casadecampoliving.com\/wp-content\/uploads\/2022\/10\/IMG_7235-1.jpg?fit=1000%2C667&ssl=1&resize=350%2C200 1x, https:\/\/i0.wp.com\/casadecampoliving.com\/wp-content\/uploads\/2022\/10\/IMG_7235-1.jpg?fit=1000%2C667&ssl=1&resize=525%2C300 1.5x, https:\/\/i0.wp.com\/casadecampoliving.com\/wp-content\/uploads\/2022\/10\/IMG_7235-1.jpg?fit=1000%2C667&ssl=1&resize=700%2C400 2x"},"classes":[]},{"id":354500,"url":"https:\/\/casadecampoliving.com\/es\/juan-queliz-gana-edicion-12-del-clasico-de-golf-federicos-birthday\/","url_meta":{"origin":354326,"position":5},"title":"Juan Qu\u00e9liz gana 12va. edici\u00f3n del Cl\u00e1sico de Golf Federico\u2019s Birthday","author":"Casa de Campo Living","date":"14 Sep, 2022","format":false,"excerpt":"El veterano golfista Juan Qu\u00e9liz fue el m\u00e1ximo ganador del decimosegundo Cl\u00e1sico de Golf Federico\u2019s Birthday, evento realizado el s\u00e1bado en Dientes de Perro, de Casa de Campo, donde tomaron parte 100 jugadores. Qu\u00e9liz fue el mejor en la categor\u00eda A, con score de 71, seguido de Sigfrido Pared P\u00e9rez,\u2026","rel":"","context":"En \u00abCasa de Campo Living @es\u00bb","block_context":{"text":"Casa de Campo Living @es","link":"https:\/\/casadecampoliving.com\/category\/casa-de-campo-living-es\/"},"img":{"alt_text":"","src":"https:\/\/i0.wp.com\/casadecampoliving.com\/wp-content\/uploads\/2022\/10\/foto-3-con-los-homenajeados-scaled-2.jpg?fit=1200%2C800&ssl=1&resize=350%2C200","width":350,"height":200,"srcset":"https:\/\/i0.wp.com\/casadecampoliving.com\/wp-content\/uploads\/2022\/10\/foto-3-con-los-homenajeados-scaled-2.jpg?fit=1200%2C800&ssl=1&resize=350%2C200 1x, https:\/\/i0.wp.com\/casadecampoliving.com\/wp-content\/uploads\/2022\/10\/foto-3-con-los-homenajeados-scaled-2.jpg?fit=1200%2C800&ssl=1&resize=525%2C300 1.5x, https:\/\/i0.wp.com\/casadecampoliving.com\/wp-content\/uploads\/2022\/10\/foto-3-con-los-homenajeados-scaled-2.jpg?fit=1200%2C800&ssl=1&resize=700%2C400 2x, https:\/\/i0.wp.com\/casadecampoliving.com\/wp-content\/uploads\/2022\/10\/foto-3-con-los-homenajeados-scaled-2.jpg?fit=1200%2C800&ssl=1&resize=1050%2C600 3x"},"classes":[]}],"jetpack_sharing_enabled":true,"_links":{"self":[{"href":"https:\/\/casadecampoliving.com\/es\/wp-json\/wp\/v2\/posts\/354326","targetHints":{"allow":["GET"]}}],"collection":[{"href":"https:\/\/casadecampoliving.com\/es\/wp-json\/wp\/v2\/posts"}],"about":[{"href":"https:\/\/casadecampoliving.com\/es\/wp-json\/wp\/v2\/types\/post"}],"author":[{"embeddable":true,"href":"https:\/\/casadecampoliving.com\/es\/wp-json\/wp\/v2\/users\/36791"}],"replies":[{"embeddable":true,"href":"https:\/\/casadecampoliving.com\/es\/wp-json\/wp\/v2\/comments?post=354326"}],"version-history":[{"count":0,"href":"https:\/\/casadecampoliving.com\/es\/wp-json\/wp\/v2\/posts\/354326\/revisions"}],"wp:featuredmedia":[{"embeddable":true,"href":"https:\/\/casadecampoliving.com\/es\/wp-json\/wp\/v2\/media\/332373"}],"wp:attachment":[{"href":"https:\/\/casadecampoliving.com\/es\/wp-json\/wp\/v2\/media?parent=354326"}],"wp:term":[{"taxonomy":"category","embeddable":true,"href":"https:\/\/casadecampoliving.com\/es\/wp-json\/wp\/v2\/categories?post=354326"},{"taxonomy":"post_tag","embeddable":true,"href":"https:\/\/casadecampoliving.com\/es\/wp-json\/wp\/v2\/tags?post=354326"},{"taxonomy":"newspack_spnsrs_tax","embeddable":true,"href":"https:\/\/casadecampoliving.com\/es\/wp-json\/wp\/v2\/newspack_spnsrs_tax?post=354326"}],"curies":[{"name":"wp","href":"https:\/\/api.w.org\/{rel}","templated":true}]}}