{"id":354275,"date":"2022-01-28T00:00:00","date_gmt":"2022-01-28T04:00:00","guid":{"rendered":"https:\/\/casadecampoliving.com\/martha-stewart-escribe-publicacion-de-blog-que-conmemora-el-tiempo-que-paso-aqui-en-casa-de-campo\/"},"modified":"2022-10-21T19:16:20","modified_gmt":"2022-10-21T23:16:20","slug":"martha-stewart-escribe-publicacion-de-blog-que-conmemora-el-tiempo-que-paso-aqui-en-casa-de-campo","status":"publish","type":"post","link":"https:\/\/casadecampoliving.com\/es\/martha-stewart-escribe-publicacion-de-blog-que-conmemora-el-tiempo-que-paso-aqui-en-casa-de-campo\/","title":{"rendered":"Martha Stewart escribe publicaci\u00f3n de blog que conmemora el tiempo que pas\u00f3 aqu\u00ed en Casa de Campo"},"content":{"rendered":"<div class=\"wp-block-image\">\n<figure class=\"alignright is-resized\"><img loading=\"lazy\" decoding=\"async\" src=\"https:\/\/i0.wp.com\/casadecampoliving.com\/wp-content\/uploads\/2022\/10\/IMG_3197-scaled-1-225x300-2.jpeg?resize=338%2C450&amp;ssl=1\" alt=\"\" class=\"wp-image-212314\" height=\"450\" width=\"338\"\/><\/figure>\n<\/div>\n\n\n<p>Martha Stewart celebr\u00f3 el A\u00f1o Nuevo en Casa de Campo, qued\u00e1ndose por m\u00e1s de una semana como invitada de Dominique Bluhdorn, miembro de la comunidad por muchos a\u00f1os. \u00a1Ella nos ha visitado antes y nos encant\u00f3 tenerla de nuevo en Casa de Campo!<\/p>\n\n\n\n<p>\u00a1A lo largo de esta \u00faltima temporada alta en Casa de Campo, hubo muchos avistamientos de celebridades! \u00a1Realmente nos ENCANTA cuando eligen Casa de Campo como el para\u00edso id\u00edlico perfecto para vacacionar con sus familias! La muy famosa y popular empresaria, autora y presentadora de televisi\u00f3n estadounidense Martha Stewart visit\u00f3 nuestra hermosa isla y se hosped\u00f3 en la hermosa villa de Dominique. Durante su estad\u00eda, fue a pescar, disfrut\u00f3 de deliciosas comidas y se relaj\u00f3 en la playa.<\/p>\n\n\n\n<p>Como parte de sus vacaciones familiares en Casa, Martha visit\u00f3 el pueblo del artista, Altos de Chav\u00f3n. Paseando por las piedras, Martha prest\u00f3 atenci\u00f3n a todos los detalles inmaculados de la ciudad, llamando la atenci\u00f3n sobre las cosas que a menudo se pasan por alto, como las tallas de animales en piedra que se construyen directamente en las paredes de piedra hechas a mano que forman la aldea. Visit\u00f3 el anfiteatro y los diferentes talleres artesanales independientes, aprendiendo sobre los diferentes artesanos locales y sobre los tejidos de fibra y el barro.<\/p>\n\n\n\n<p>Mientras que muchos visitantes pasan sus vacaciones relaj\u00e1ndose bajo el sol del Caribe, Martha se tom\u00f3 el tiempo para aprender sobre nuestra rica cultura, nuestra comida y ver m\u00e1s que solo la diversidad del paisaje. \u00a1Escribi\u00f3 una hermosa publicaci\u00f3n de blog sobre su visita a nuestra preciosa isla paradis\u00edaca! Martha termin\u00f3 su publicaci\u00f3n diciendo: \u201cFue una escapada tan maravillosa. Espero volver pronto\u201d.<\/p>\n\n\n\n<p><em>*Photos from <a href=\"https:\/\/www.themarthablog.com\/2022\/01\/my-trip-to-the-dominican-republic.html\" target=\"_blank\" rel=\"noopener\"><span style=\"font-family: -apple-system, BlinkMacSystemFont, 'Segoe UI', Roboto, Oxygen-Sans, Ubuntu, Cantarell, 'Helvetica Neue', sans-serif;\">www.themarthablog.com<\/span><\/a><\/em><\/p>\n","protected":false},"excerpt":{"rendered":"<p>Martha Stewart celebr\u00f3 el A\u00f1o Nuevo en Casa de Campo, qued\u00e1ndose por m\u00e1s de una semana como invitada de Dominique Bluhdorn, miembro de la comunidad por muchos a\u00f1os. \u00a1Ella nos ha visitado antes y nos encant\u00f3 tenerla de nuevo en Casa de Campo! \u00a1A lo largo de esta \u00faltima temporada alta en Casa de Campo, [&hellip;]<\/p>\n","protected":false},"author":36791,"featured_media":334541,"comment_status":"closed","ping_status":"open","sticky":false,"template":"","format":"standard","meta":{"newspack_ads_suppress_ads":false,"newspack_popups_has_disabled_popups":false,"newspack_sponsor_sponsorship_scope":"","newspack_sponsor_native_byline_display":"inherit","newspack_sponsor_native_category_display":"inherit","newspack_sponsor_underwriter_style":"inherit","newspack_sponsor_underwriter_placement":"inherit","_newspack_byline_active":false,"_newspack_byline":"","newspack_hide_updated_date":false,"newspack_show_updated_date":false,"newspack_content_restriction_is_exempt":false,"newspack_featured_image_position":"","newspack_post_subtitle":"","newspack_article_summary_title":"Overview:","newspack_article_summary":"","_jetpack_memberships_contains_paid_content":false,"footnotes":"","jetpack_publicize_message":"","jetpack_publicize_feature_enabled":true,"jetpack_social_post_already_shared":false,"jetpack_social_options":{"image_generator_settings":{"template":"highway","default_image_id":0,"font":"","enabled":false},"version":2},"_wpas_customize_per_network":false},"categories":[26936,2513,14631,14625,2521,26822,2498],"tags":[3575,23815,10026,22787],"newspack_spnsrs_tax":[],"class_list":["post-354275","post","type-post","status-publish","format-standard","has-post-thumbnail","hentry","category-casa-de-campo-living-es","category-celebridades-es","category-estilo-de-vida","category-noticias-locales","category-republica-dominicana-2","category-resort-casa-de-campo","category-uncategorized-es","tag-altos-de-chavon-es-2","tag-casa-de-campo-es-17","tag-celebridad","tag-martha-stewart","entry"],"yoast_head":"<!-- This site is optimized with the Yoast SEO plugin v27.5 - https:\/\/yoast.com\/product\/yoast-seo-wordpress\/ -->\n<title>Martha Stewart escribe publicaci\u00f3n de blog que conmemora el tiempo que pas\u00f3 aqu\u00ed en Casa de Campo | Casa de Campo Living<\/title>\n<meta name=\"description\" content=\"Martha Stewart celebr\u00f3 el A\u00f1o Nuevo en Casa de Campo, qued\u00e1ndose por m\u00e1s de una semana como invitada de Dominique Bluhdorn, miembro de la comunidad por\" \/>\n<meta name=\"robots\" content=\"index, follow, max-snippet:-1, max-image-preview:large, max-video-preview:-1\" \/>\n<link rel=\"canonical\" href=\"https:\/\/casadecampoliving.com\/es\/martha-stewart-escribe-publicacion-de-blog-que-conmemora-el-tiempo-que-paso-aqui-en-casa-de-campo\/\" \/>\n<meta property=\"og:locale\" content=\"es_ES\" \/>\n<meta property=\"og:type\" content=\"article\" \/>\n<meta property=\"og:title\" content=\"Martha Stewart escribe publicaci\u00f3n de blog que conmemora el tiempo que pas\u00f3 aqu\u00ed en Casa de Campo | Casa de Campo Living\" \/>\n<meta property=\"og:description\" content=\"Martha Stewart celebr\u00f3 el A\u00f1o Nuevo en Casa de Campo, qued\u00e1ndose por m\u00e1s de una semana como invitada de Dominique Bluhdorn, miembro de la comunidad por\" \/>\n<meta property=\"og:url\" content=\"https:\/\/casadecampoliving.com\/es\/martha-stewart-escribe-publicacion-de-blog-que-conmemora-el-tiempo-que-paso-aqui-en-casa-de-campo\/\" \/>\n<meta property=\"og:site_name\" content=\"Casa de Campo Living\" \/>\n<meta property=\"article:publisher\" content=\"https:\/\/www.facebook.com\/casadecampoliving\" \/>\n<meta property=\"article:published_time\" content=\"2022-01-28T04:00:00+00:00\" \/>\n<meta property=\"article:modified_time\" content=\"2022-10-21T23:16:20+00:00\" \/>\n<meta property=\"og:image\" content=\"https:\/\/i0.wp.com\/casadecampoliving.com\/wp-content\/uploads\/2022\/10\/DO01080492-1.jpeg?fit=1000%2C708&ssl=1\" \/>\n\t<meta property=\"og:image:width\" content=\"1000\" \/>\n\t<meta property=\"og:image:height\" content=\"708\" \/>\n\t<meta property=\"og:image:type\" content=\"image\/jpeg\" \/>\n<meta name=\"author\" content=\"Casa de Campo Living\" \/>\n<meta name=\"twitter:card\" content=\"summary_large_image\" \/>\n<meta name=\"twitter:creator\" content=\"@cdcliving\" \/>\n<meta name=\"twitter:site\" content=\"@cdcliving\" \/>\n<meta name=\"twitter:label1\" content=\"Escrito por\" \/>\n\t<meta name=\"twitter:data1\" content=\"Casa de Campo Living\" \/>\n\t<meta name=\"twitter:label2\" content=\"Tiempo de lectura\" \/>\n\t<meta name=\"twitter:data2\" content=\"1 minuto\" \/>\n<script type=\"application\/ld+json\" class=\"yoast-schema-graph\">{\"@context\":\"https:\\\/\\\/schema.org\",\"@graph\":[{\"@type\":\"Article\",\"@id\":\"https:\\\/\\\/casadecampoliving.com\\\/es\\\/martha-stewart-escribe-publicacion-de-blog-que-conmemora-el-tiempo-que-paso-aqui-en-casa-de-campo\\\/#article\",\"isPartOf\":{\"@id\":\"https:\\\/\\\/casadecampoliving.com\\\/es\\\/martha-stewart-escribe-publicacion-de-blog-que-conmemora-el-tiempo-que-paso-aqui-en-casa-de-campo\\\/\"},\"author\":{\"name\":\"Casa de Campo Living\",\"@id\":\"https:\\\/\\\/casadecampoliving.com\\\/es\\\/#\\\/schema\\\/person\\\/5d2171637a9d11e0e43ce6b8555f9422\"},\"headline\":\"Martha Stewart escribe publicaci\u00f3n de blog que conmemora el tiempo que pas\u00f3 aqu\u00ed en Casa de Campo\",\"datePublished\":\"2022-01-28T04:00:00+00:00\",\"dateModified\":\"2022-10-21T23:16:20+00:00\",\"mainEntityOfPage\":{\"@id\":\"https:\\\/\\\/casadecampoliving.com\\\/es\\\/martha-stewart-escribe-publicacion-de-blog-que-conmemora-el-tiempo-que-paso-aqui-en-casa-de-campo\\\/\"},\"wordCount\":314,\"publisher\":{\"@id\":\"https:\\\/\\\/casadecampoliving.com\\\/es\\\/#organization\"},\"image\":{\"@id\":\"https:\\\/\\\/casadecampoliving.com\\\/es\\\/martha-stewart-escribe-publicacion-de-blog-que-conmemora-el-tiempo-que-paso-aqui-en-casa-de-campo\\\/#primaryimage\"},\"thumbnailUrl\":\"https:\\\/\\\/i0.wp.com\\\/casadecampoliving.com\\\/wp-content\\\/uploads\\\/2022\\\/10\\\/DO01080492-1.jpeg?fit=1000%2C708&ssl=1\",\"keywords\":[\"Altos de Chavon -es\",\"Casa de Campo\",\"celebridad\",\"martha stewart\"],\"articleSection\":[\"Casa de Campo Living @es\",\"Celebridades\",\"Estilo de Vida\",\"Noticias Locales\",\"Rep\u00fablica Dominicana @es\",\"Resort Casa de Campo\",\"Uncategorized @es\"],\"inLanguage\":\"es\"},{\"@type\":\"WebPage\",\"@id\":\"https:\\\/\\\/casadecampoliving.com\\\/es\\\/martha-stewart-escribe-publicacion-de-blog-que-conmemora-el-tiempo-que-paso-aqui-en-casa-de-campo\\\/\",\"url\":\"https:\\\/\\\/casadecampoliving.com\\\/es\\\/martha-stewart-escribe-publicacion-de-blog-que-conmemora-el-tiempo-que-paso-aqui-en-casa-de-campo\\\/\",\"name\":\"Martha Stewart escribe publicaci\u00f3n de blog que conmemora el tiempo que pas\u00f3 aqu\u00ed en Casa de Campo | Casa de Campo Living\",\"isPartOf\":{\"@id\":\"https:\\\/\\\/casadecampoliving.com\\\/es\\\/#website\"},\"primaryImageOfPage\":{\"@id\":\"https:\\\/\\\/casadecampoliving.com\\\/es\\\/martha-stewart-escribe-publicacion-de-blog-que-conmemora-el-tiempo-que-paso-aqui-en-casa-de-campo\\\/#primaryimage\"},\"image\":{\"@id\":\"https:\\\/\\\/casadecampoliving.com\\\/es\\\/martha-stewart-escribe-publicacion-de-blog-que-conmemora-el-tiempo-que-paso-aqui-en-casa-de-campo\\\/#primaryimage\"},\"thumbnailUrl\":\"https:\\\/\\\/i0.wp.com\\\/casadecampoliving.com\\\/wp-content\\\/uploads\\\/2022\\\/10\\\/DO01080492-1.jpeg?fit=1000%2C708&ssl=1\",\"datePublished\":\"2022-01-28T04:00:00+00:00\",\"dateModified\":\"2022-10-21T23:16:20+00:00\",\"description\":\"Martha Stewart celebr\u00f3 el A\u00f1o Nuevo en Casa de Campo, qued\u00e1ndose por m\u00e1s de una semana como invitada de Dominique Bluhdorn, miembro de la comunidad por\",\"breadcrumb\":{\"@id\":\"https:\\\/\\\/casadecampoliving.com\\\/es\\\/martha-stewart-escribe-publicacion-de-blog-que-conmemora-el-tiempo-que-paso-aqui-en-casa-de-campo\\\/#breadcrumb\"},\"inLanguage\":\"es\",\"potentialAction\":[{\"@type\":\"ReadAction\",\"target\":[\"https:\\\/\\\/casadecampoliving.com\\\/es\\\/martha-stewart-escribe-publicacion-de-blog-que-conmemora-el-tiempo-que-paso-aqui-en-casa-de-campo\\\/\"]}]},{\"@type\":\"ImageObject\",\"inLanguage\":\"es\",\"@id\":\"https:\\\/\\\/casadecampoliving.com\\\/es\\\/martha-stewart-escribe-publicacion-de-blog-que-conmemora-el-tiempo-que-paso-aqui-en-casa-de-campo\\\/#primaryimage\",\"url\":\"https:\\\/\\\/i0.wp.com\\\/casadecampoliving.com\\\/wp-content\\\/uploads\\\/2022\\\/10\\\/DO01080492-1.jpeg?fit=1000%2C708&ssl=1\",\"contentUrl\":\"https:\\\/\\\/i0.wp.com\\\/casadecampoliving.com\\\/wp-content\\\/uploads\\\/2022\\\/10\\\/DO01080492-1.jpeg?fit=1000%2C708&ssl=1\",\"width\":1000,\"height\":708},{\"@type\":\"BreadcrumbList\",\"@id\":\"https:\\\/\\\/casadecampoliving.com\\\/es\\\/martha-stewart-escribe-publicacion-de-blog-que-conmemora-el-tiempo-que-paso-aqui-en-casa-de-campo\\\/#breadcrumb\",\"itemListElement\":[{\"@type\":\"ListItem\",\"position\":1,\"name\":\"Home\",\"item\":\"https:\\\/\\\/casadecampoliving.com\\\/es\\\/\"},{\"@type\":\"ListItem\",\"position\":2,\"name\":\"Martha Stewart escribe publicaci\u00f3n de blog que conmemora el tiempo que pas\u00f3 aqu\u00ed en Casa de Campo\"}]},{\"@type\":\"WebSite\",\"@id\":\"https:\\\/\\\/casadecampoliving.com\\\/es\\\/#website\",\"url\":\"https:\\\/\\\/casadecampoliving.com\\\/es\\\/\",\"name\":\"Casa de Campo Living\",\"description\":\"Resort community news and resources.\",\"publisher\":{\"@id\":\"https:\\\/\\\/casadecampoliving.com\\\/es\\\/#organization\"},\"potentialAction\":[{\"@type\":\"SearchAction\",\"target\":{\"@type\":\"EntryPoint\",\"urlTemplate\":\"https:\\\/\\\/casadecampoliving.com\\\/es\\\/?s={search_term_string}\"},\"query-input\":{\"@type\":\"PropertyValueSpecification\",\"valueRequired\":true,\"valueName\":\"search_term_string\"}}],\"inLanguage\":\"es\"},{\"@type\":\"Organization\",\"@id\":\"https:\\\/\\\/casadecampoliving.com\\\/es\\\/#organization\",\"name\":\"Casa de Campo Living\",\"url\":\"https:\\\/\\\/casadecampoliving.com\\\/es\\\/\",\"logo\":{\"@type\":\"ImageObject\",\"inLanguage\":\"es\",\"@id\":\"https:\\\/\\\/casadecampoliving.com\\\/es\\\/#\\\/schema\\\/logo\\\/image\\\/\",\"url\":\"https:\\\/\\\/i0.wp.com\\\/casadecampoliving.com\\\/wp-content\\\/uploads\\\/2022\\\/07\\\/CDCLivingLogo_V1-white-sized.png?fit=800%2C214&ssl=1\",\"contentUrl\":\"https:\\\/\\\/i0.wp.com\\\/casadecampoliving.com\\\/wp-content\\\/uploads\\\/2022\\\/07\\\/CDCLivingLogo_V1-white-sized.png?fit=800%2C214&ssl=1\",\"width\":800,\"height\":214,\"caption\":\"Casa de Campo Living\"},\"image\":{\"@id\":\"https:\\\/\\\/casadecampoliving.com\\\/es\\\/#\\\/schema\\\/logo\\\/image\\\/\"},\"sameAs\":[\"https:\\\/\\\/www.facebook.com\\\/casadecampoliving\",\"https:\\\/\\\/x.com\\\/cdcliving\"]},{\"@type\":\"Person\",\"@id\":\"https:\\\/\\\/casadecampoliving.com\\\/es\\\/#\\\/schema\\\/person\\\/5d2171637a9d11e0e43ce6b8555f9422\",\"name\":\"Casa de Campo Living\",\"image\":{\"@type\":\"ImageObject\",\"inLanguage\":\"es\",\"@id\":\"https:\\\/\\\/secure.gravatar.com\\\/avatar\\\/d04101fa4a9fd431e939953b1500fdc7a73cd35029f86d98712fd8ccdaebaf9a?s=96&d=mm&r=g\",\"url\":\"https:\\\/\\\/secure.gravatar.com\\\/avatar\\\/d04101fa4a9fd431e939953b1500fdc7a73cd35029f86d98712fd8ccdaebaf9a?s=96&d=mm&r=g\",\"contentUrl\":\"https:\\\/\\\/secure.gravatar.com\\\/avatar\\\/d04101fa4a9fd431e939953b1500fdc7a73cd35029f86d98712fd8ccdaebaf9a?s=96&d=mm&r=g\",\"caption\":\"Casa de Campo Living\"},\"url\":\"https:\\\/\\\/casadecampoliving.com\\\/es\\\/author\\\/casa-de-campo-living\\\/\"}]}<\/script>\n<!-- \/ Yoast SEO plugin. -->","yoast_head_json":{"title":"Martha Stewart escribe publicaci\u00f3n de blog que conmemora el tiempo que pas\u00f3 aqu\u00ed en Casa de Campo | Casa de Campo Living","description":"Martha Stewart celebr\u00f3 el A\u00f1o Nuevo en Casa de Campo, qued\u00e1ndose por m\u00e1s de una semana como invitada de Dominique Bluhdorn, miembro de la comunidad por","robots":{"index":"index","follow":"follow","max-snippet":"max-snippet:-1","max-image-preview":"max-image-preview:large","max-video-preview":"max-video-preview:-1"},"canonical":"https:\/\/casadecampoliving.com\/es\/martha-stewart-escribe-publicacion-de-blog-que-conmemora-el-tiempo-que-paso-aqui-en-casa-de-campo\/","og_locale":"es_ES","og_type":"article","og_title":"Martha Stewart escribe publicaci\u00f3n de blog que conmemora el tiempo que pas\u00f3 aqu\u00ed en Casa de Campo | Casa de Campo Living","og_description":"Martha Stewart celebr\u00f3 el A\u00f1o Nuevo en Casa de Campo, qued\u00e1ndose por m\u00e1s de una semana como invitada de Dominique Bluhdorn, miembro de la comunidad por","og_url":"https:\/\/casadecampoliving.com\/es\/martha-stewart-escribe-publicacion-de-blog-que-conmemora-el-tiempo-que-paso-aqui-en-casa-de-campo\/","og_site_name":"Casa de Campo Living","article_publisher":"https:\/\/www.facebook.com\/casadecampoliving","article_published_time":"2022-01-28T04:00:00+00:00","article_modified_time":"2022-10-21T23:16:20+00:00","og_image":[{"width":1000,"height":708,"url":"https:\/\/i0.wp.com\/casadecampoliving.com\/wp-content\/uploads\/2022\/10\/DO01080492-1.jpeg?fit=1000%2C708&ssl=1","type":"image\/jpeg"}],"author":"Casa de Campo Living","twitter_card":"summary_large_image","twitter_creator":"@cdcliving","twitter_site":"@cdcliving","twitter_misc":{"Escrito por":"Casa de Campo Living","Tiempo de lectura":"1 minuto"},"schema":{"@context":"https:\/\/schema.org","@graph":[{"@type":"Article","@id":"https:\/\/casadecampoliving.com\/es\/martha-stewart-escribe-publicacion-de-blog-que-conmemora-el-tiempo-que-paso-aqui-en-casa-de-campo\/#article","isPartOf":{"@id":"https:\/\/casadecampoliving.com\/es\/martha-stewart-escribe-publicacion-de-blog-que-conmemora-el-tiempo-que-paso-aqui-en-casa-de-campo\/"},"author":{"name":"Casa de Campo Living","@id":"https:\/\/casadecampoliving.com\/es\/#\/schema\/person\/5d2171637a9d11e0e43ce6b8555f9422"},"headline":"Martha Stewart escribe publicaci\u00f3n de blog que conmemora el tiempo que pas\u00f3 aqu\u00ed en Casa de Campo","datePublished":"2022-01-28T04:00:00+00:00","dateModified":"2022-10-21T23:16:20+00:00","mainEntityOfPage":{"@id":"https:\/\/casadecampoliving.com\/es\/martha-stewart-escribe-publicacion-de-blog-que-conmemora-el-tiempo-que-paso-aqui-en-casa-de-campo\/"},"wordCount":314,"publisher":{"@id":"https:\/\/casadecampoliving.com\/es\/#organization"},"image":{"@id":"https:\/\/casadecampoliving.com\/es\/martha-stewart-escribe-publicacion-de-blog-que-conmemora-el-tiempo-que-paso-aqui-en-casa-de-campo\/#primaryimage"},"thumbnailUrl":"https:\/\/i0.wp.com\/casadecampoliving.com\/wp-content\/uploads\/2022\/10\/DO01080492-1.jpeg?fit=1000%2C708&ssl=1","keywords":["Altos de Chavon -es","Casa de Campo","celebridad","martha stewart"],"articleSection":["Casa de Campo Living @es","Celebridades","Estilo de Vida","Noticias Locales","Rep\u00fablica Dominicana @es","Resort Casa de Campo","Uncategorized @es"],"inLanguage":"es"},{"@type":"WebPage","@id":"https:\/\/casadecampoliving.com\/es\/martha-stewart-escribe-publicacion-de-blog-que-conmemora-el-tiempo-que-paso-aqui-en-casa-de-campo\/","url":"https:\/\/casadecampoliving.com\/es\/martha-stewart-escribe-publicacion-de-blog-que-conmemora-el-tiempo-que-paso-aqui-en-casa-de-campo\/","name":"Martha Stewart escribe publicaci\u00f3n de blog que conmemora el tiempo que pas\u00f3 aqu\u00ed en Casa de Campo | Casa de Campo Living","isPartOf":{"@id":"https:\/\/casadecampoliving.com\/es\/#website"},"primaryImageOfPage":{"@id":"https:\/\/casadecampoliving.com\/es\/martha-stewart-escribe-publicacion-de-blog-que-conmemora-el-tiempo-que-paso-aqui-en-casa-de-campo\/#primaryimage"},"image":{"@id":"https:\/\/casadecampoliving.com\/es\/martha-stewart-escribe-publicacion-de-blog-que-conmemora-el-tiempo-que-paso-aqui-en-casa-de-campo\/#primaryimage"},"thumbnailUrl":"https:\/\/i0.wp.com\/casadecampoliving.com\/wp-content\/uploads\/2022\/10\/DO01080492-1.jpeg?fit=1000%2C708&ssl=1","datePublished":"2022-01-28T04:00:00+00:00","dateModified":"2022-10-21T23:16:20+00:00","description":"Martha Stewart celebr\u00f3 el A\u00f1o Nuevo en Casa de Campo, qued\u00e1ndose por m\u00e1s de una semana como invitada de Dominique Bluhdorn, miembro de la comunidad por","breadcrumb":{"@id":"https:\/\/casadecampoliving.com\/es\/martha-stewart-escribe-publicacion-de-blog-que-conmemora-el-tiempo-que-paso-aqui-en-casa-de-campo\/#breadcrumb"},"inLanguage":"es","potentialAction":[{"@type":"ReadAction","target":["https:\/\/casadecampoliving.com\/es\/martha-stewart-escribe-publicacion-de-blog-que-conmemora-el-tiempo-que-paso-aqui-en-casa-de-campo\/"]}]},{"@type":"ImageObject","inLanguage":"es","@id":"https:\/\/casadecampoliving.com\/es\/martha-stewart-escribe-publicacion-de-blog-que-conmemora-el-tiempo-que-paso-aqui-en-casa-de-campo\/#primaryimage","url":"https:\/\/i0.wp.com\/casadecampoliving.com\/wp-content\/uploads\/2022\/10\/DO01080492-1.jpeg?fit=1000%2C708&ssl=1","contentUrl":"https:\/\/i0.wp.com\/casadecampoliving.com\/wp-content\/uploads\/2022\/10\/DO01080492-1.jpeg?fit=1000%2C708&ssl=1","width":1000,"height":708},{"@type":"BreadcrumbList","@id":"https:\/\/casadecampoliving.com\/es\/martha-stewart-escribe-publicacion-de-blog-que-conmemora-el-tiempo-que-paso-aqui-en-casa-de-campo\/#breadcrumb","itemListElement":[{"@type":"ListItem","position":1,"name":"Home","item":"https:\/\/casadecampoliving.com\/es\/"},{"@type":"ListItem","position":2,"name":"Martha Stewart escribe publicaci\u00f3n de blog que conmemora el tiempo que pas\u00f3 aqu\u00ed en Casa de Campo"}]},{"@type":"WebSite","@id":"https:\/\/casadecampoliving.com\/es\/#website","url":"https:\/\/casadecampoliving.com\/es\/","name":"Casa de Campo Living","description":"Resort community news and resources.","publisher":{"@id":"https:\/\/casadecampoliving.com\/es\/#organization"},"potentialAction":[{"@type":"SearchAction","target":{"@type":"EntryPoint","urlTemplate":"https:\/\/casadecampoliving.com\/es\/?s={search_term_string}"},"query-input":{"@type":"PropertyValueSpecification","valueRequired":true,"valueName":"search_term_string"}}],"inLanguage":"es"},{"@type":"Organization","@id":"https:\/\/casadecampoliving.com\/es\/#organization","name":"Casa de Campo Living","url":"https:\/\/casadecampoliving.com\/es\/","logo":{"@type":"ImageObject","inLanguage":"es","@id":"https:\/\/casadecampoliving.com\/es\/#\/schema\/logo\/image\/","url":"https:\/\/i0.wp.com\/casadecampoliving.com\/wp-content\/uploads\/2022\/07\/CDCLivingLogo_V1-white-sized.png?fit=800%2C214&ssl=1","contentUrl":"https:\/\/i0.wp.com\/casadecampoliving.com\/wp-content\/uploads\/2022\/07\/CDCLivingLogo_V1-white-sized.png?fit=800%2C214&ssl=1","width":800,"height":214,"caption":"Casa de Campo Living"},"image":{"@id":"https:\/\/casadecampoliving.com\/es\/#\/schema\/logo\/image\/"},"sameAs":["https:\/\/www.facebook.com\/casadecampoliving","https:\/\/x.com\/cdcliving"]},{"@type":"Person","@id":"https:\/\/casadecampoliving.com\/es\/#\/schema\/person\/5d2171637a9d11e0e43ce6b8555f9422","name":"Casa de Campo Living","image":{"@type":"ImageObject","inLanguage":"es","@id":"https:\/\/secure.gravatar.com\/avatar\/d04101fa4a9fd431e939953b1500fdc7a73cd35029f86d98712fd8ccdaebaf9a?s=96&d=mm&r=g","url":"https:\/\/secure.gravatar.com\/avatar\/d04101fa4a9fd431e939953b1500fdc7a73cd35029f86d98712fd8ccdaebaf9a?s=96&d=mm&r=g","contentUrl":"https:\/\/secure.gravatar.com\/avatar\/d04101fa4a9fd431e939953b1500fdc7a73cd35029f86d98712fd8ccdaebaf9a?s=96&d=mm&r=g","caption":"Casa de Campo Living"},"url":"https:\/\/casadecampoliving.com\/es\/author\/casa-de-campo-living\/"}]}},"parsely":{"version":"1.1.0","canonical_url":"https:\/\/casadecampoliving.com\/es\/martha-stewart-escribe-publicacion-de-blog-que-conmemora-el-tiempo-que-paso-aqui-en-casa-de-campo\/","smart_links":{"inbound":0,"outbound":0},"traffic_boost_suggestions_count":0,"meta":{"@context":"https:\/\/schema.org","@type":"NewsArticle","headline":"Martha Stewart escribe publicaci\u00f3n de blog que conmemora el tiempo que pas\u00f3 aqu\u00ed en Casa de Campo","url":"http:\/\/casadecampoliving.com\/es\/martha-stewart-escribe-publicacion-de-blog-que-conmemora-el-tiempo-que-paso-aqui-en-casa-de-campo\/","mainEntityOfPage":{"@type":"WebPage","@id":"http:\/\/casadecampoliving.com\/es\/martha-stewart-escribe-publicacion-de-blog-que-conmemora-el-tiempo-que-paso-aqui-en-casa-de-campo\/"},"thumbnailUrl":"https:\/\/i0.wp.com\/casadecampoliving.com\/wp-content\/uploads\/2022\/10\/DO01080492-1.jpeg?resize=150%2C150&ssl=1","image":{"@type":"ImageObject","url":"https:\/\/i0.wp.com\/casadecampoliving.com\/wp-content\/uploads\/2022\/10\/DO01080492-1.jpeg?fit=1000%2C708&ssl=1"},"articleSection":"Casa de Campo Living @es","author":[{"@type":"Person","name":"Casa de Campo Living"}],"creator":["Casa de Campo Living"],"publisher":{"@type":"Organization","name":"Casa de Campo Living","logo":"https:\/\/casadecampoliving.com\/wp-content\/uploads\/2022\/07\/CDCLivingLogo_V1-white-sized.png"},"keywords":["altos de chavon -es","casa de campo","celebridad","martha stewart"],"dateCreated":"2022-01-28T04:00:00Z","datePublished":"2022-01-28T04:00:00Z","dateModified":"2022-10-21T23:16:20Z"},"rendered":"<script type=\"application\/ld+json\" class=\"wp-parsely-metadata\">{\"@context\":\"https:\\\/\\\/schema.org\",\"@type\":\"NewsArticle\",\"headline\":\"Martha Stewart escribe publicaci\\u00f3n de blog que conmemora el tiempo que pas\\u00f3 aqu\\u00ed en Casa de Campo\",\"url\":\"http:\\\/\\\/casadecampoliving.com\\\/es\\\/martha-stewart-escribe-publicacion-de-blog-que-conmemora-el-tiempo-que-paso-aqui-en-casa-de-campo\\\/\",\"mainEntityOfPage\":{\"@type\":\"WebPage\",\"@id\":\"http:\\\/\\\/casadecampoliving.com\\\/es\\\/martha-stewart-escribe-publicacion-de-blog-que-conmemora-el-tiempo-que-paso-aqui-en-casa-de-campo\\\/\"},\"thumbnailUrl\":\"https:\\\/\\\/i0.wp.com\\\/casadecampoliving.com\\\/wp-content\\\/uploads\\\/2022\\\/10\\\/DO01080492-1.jpeg?resize=150%2C150&ssl=1\",\"image\":{\"@type\":\"ImageObject\",\"url\":\"https:\\\/\\\/i0.wp.com\\\/casadecampoliving.com\\\/wp-content\\\/uploads\\\/2022\\\/10\\\/DO01080492-1.jpeg?fit=1000%2C708&ssl=1\"},\"articleSection\":\"Casa de Campo Living @es\",\"author\":[{\"@type\":\"Person\",\"name\":\"Casa de Campo Living\"}],\"creator\":[\"Casa de Campo Living\"],\"publisher\":{\"@type\":\"Organization\",\"name\":\"Casa de Campo Living\",\"logo\":\"https:\\\/\\\/casadecampoliving.com\\\/wp-content\\\/uploads\\\/2022\\\/07\\\/CDCLivingLogo_V1-white-sized.png\"},\"keywords\":[\"altos de chavon -es\",\"casa de campo\",\"celebridad\",\"martha stewart\"],\"dateCreated\":\"2022-01-28T04:00:00Z\",\"datePublished\":\"2022-01-28T04:00:00Z\",\"dateModified\":\"2022-10-21T23:16:20Z\"}<\/script>","tracker_url":"https:\/\/cdn.parsely.com\/keys\/casadecampoliving.com\/p.js"},"jetpack_publicize_connections":[],"jetpack_featured_media_url":"https:\/\/i0.wp.com\/casadecampoliving.com\/wp-content\/uploads\/2022\/10\/DO01080492-1.jpeg?fit=1000%2C708&ssl=1","jetpack-related-posts":[{"id":354240,"url":"https:\/\/casadecampoliving.com\/es\/celebridades-en-casa-de-campo-para-nochevieja-martha-stewart-tamara-falco-amaury-nolasco-ozuna-y-mas\/","url_meta":{"origin":354275,"position":0},"title":"\u00a1Celebridades en Casa de Campo para Nochevieja! Martha Stewart, Tamara Falco, Amaury Nolasco, Ozuna y m\u00e1s.","author":"Casa de Campo Living","date":"3 Ene, 2022","format":false,"excerpt":"\u00a1A lo largo de esta temporada alta pasada en Casa de Campo, definitivamente ha habido muchos avistamientos de celebridades! \u00a1A qui\u00e9n no le encanta ver a una celebridad, y realmente nos ENCANTA, a\u00fan m\u00e1s, cuando eligen Casa de Campo como el para\u00edso id\u00edlico perfecto para vacacionar con sus familias! \u00bfQu\u00e9\u2026","rel":"","context":"En \u00abCasa de Campo Living @es\u00bb","block_context":{"text":"Casa de Campo Living @es","link":"https:\/\/casadecampoliving.com\/category\/casa-de-campo-living-es\/"},"img":{"alt_text":"","src":"https:\/\/i0.wp.com\/casadecampoliving.com\/wp-content\/uploads\/2022\/10\/271127546_787349185554613_2084672250401157380_n-1.jpg?fit=1000%2C594&ssl=1&resize=350%2C200","width":350,"height":200,"srcset":"https:\/\/i0.wp.com\/casadecampoliving.com\/wp-content\/uploads\/2022\/10\/271127546_787349185554613_2084672250401157380_n-1.jpg?fit=1000%2C594&ssl=1&resize=350%2C200 1x, https:\/\/i0.wp.com\/casadecampoliving.com\/wp-content\/uploads\/2022\/10\/271127546_787349185554613_2084672250401157380_n-1.jpg?fit=1000%2C594&ssl=1&resize=525%2C300 1.5x, https:\/\/i0.wp.com\/casadecampoliving.com\/wp-content\/uploads\/2022\/10\/271127546_787349185554613_2084672250401157380_n-1.jpg?fit=1000%2C594&ssl=1&resize=700%2C400 2x"},"classes":[]},{"id":433460,"url":"https:\/\/casadecampoliving.com\/es\/no-se-pierdan-el-increible-tributo-a-frank-sinatra-para-celebrar-el-40-aniversario-del-anfiteatro-altos-de-chavon\/","url_meta":{"origin":354275,"position":1},"title":"No se pierdan el incre\u00edble tributo a Frank Sinatra para celebrar el 40 aniversario del\u00a0Anfiteatro Altos de Chav\u00f3n","author":"Casa de Campo Living","date":"20 Oct, 2022","format":false,"excerpt":"Siendo uno de los escenarios m\u00e1s emblem\u00e1ticos del pa\u00eds, Casa de Campo Resort\u00ae & Villas celebra las cuatro d\u00e9cadas de aniversario de Altos de Chav\u00f3n con un tributo al gran Frank Sinatra, protagonizado por artistas invitados y una big band tal cual la que acompa\u00f1\u00f3 al artista hace 40 a\u00f1os\u2026","rel":"","context":"En \u00abUncategorized @es\u00bb","block_context":{"text":"Uncategorized @es","link":"https:\/\/casadecampoliving.com\/es\/category\/uncategorized-es\/"},"img":{"alt_text":"","src":"https:\/\/i0.wp.com\/casadecampoliving.com\/wp-content\/uploads\/2022\/10\/Tributo-Frank-Sinatra-Foto-Principal-Amaury-Sanchez-Danilo-Ginebra-Andres-Pichardo-y-Jose-Gabriel-Perez-.jpg?fit=1200%2C873&ssl=1&resize=350%2C200","width":350,"height":200,"srcset":"https:\/\/i0.wp.com\/casadecampoliving.com\/wp-content\/uploads\/2022\/10\/Tributo-Frank-Sinatra-Foto-Principal-Amaury-Sanchez-Danilo-Ginebra-Andres-Pichardo-y-Jose-Gabriel-Perez-.jpg?fit=1200%2C873&ssl=1&resize=350%2C200 1x, https:\/\/i0.wp.com\/casadecampoliving.com\/wp-content\/uploads\/2022\/10\/Tributo-Frank-Sinatra-Foto-Principal-Amaury-Sanchez-Danilo-Ginebra-Andres-Pichardo-y-Jose-Gabriel-Perez-.jpg?fit=1200%2C873&ssl=1&resize=525%2C300 1.5x, https:\/\/i0.wp.com\/casadecampoliving.com\/wp-content\/uploads\/2022\/10\/Tributo-Frank-Sinatra-Foto-Principal-Amaury-Sanchez-Danilo-Ginebra-Andres-Pichardo-y-Jose-Gabriel-Perez-.jpg?fit=1200%2C873&ssl=1&resize=700%2C400 2x, https:\/\/i0.wp.com\/casadecampoliving.com\/wp-content\/uploads\/2022\/10\/Tributo-Frank-Sinatra-Foto-Principal-Amaury-Sanchez-Danilo-Ginebra-Andres-Pichardo-y-Jose-Gabriel-Perez-.jpg?fit=1200%2C873&ssl=1&resize=1050%2C600 3x"},"classes":[]},{"id":354318,"url":"https:\/\/casadecampoliving.com\/es\/celebridades-en-casa-actriz-angie-harmon-vista-en-casa-de-campo\/","url_meta":{"origin":354275,"position":2},"title":"Celebridades en Casa: Actriz Angie Harmon vista en Casa de Campo","author":"Casa de Campo Living","date":"19 Mar, 2022","format":false,"excerpt":"Nos encanta ver a las celebridades en Casa, y realmente nos ENCANTA cuando vienen y se divierten como parte de la comunidad de Casa de Campo\u2026 Honestamente, \u00bfc\u00f3mo no amar todo lo que hay en Casa? Tenemos campos de golf de renombre mundial dise\u00f1ados por el legendario Pete Dye, el\u2026","rel":"","context":"En \u00abCasa de Campo Living @es\u00bb","block_context":{"text":"Casa de Campo Living @es","link":"https:\/\/casadecampoliving.com\/category\/casa-de-campo-living-es\/"},"img":{"alt_text":"","src":"https:\/\/i0.wp.com\/casadecampoliving.com\/wp-content\/uploads\/2022\/10\/Angie-Harmon-1.jpg?fit=1000%2C606&ssl=1&resize=350%2C200","width":350,"height":200,"srcset":"https:\/\/i0.wp.com\/casadecampoliving.com\/wp-content\/uploads\/2022\/10\/Angie-Harmon-1.jpg?fit=1000%2C606&ssl=1&resize=350%2C200 1x, https:\/\/i0.wp.com\/casadecampoliving.com\/wp-content\/uploads\/2022\/10\/Angie-Harmon-1.jpg?fit=1000%2C606&ssl=1&resize=525%2C300 1.5x, https:\/\/i0.wp.com\/casadecampoliving.com\/wp-content\/uploads\/2022\/10\/Angie-Harmon-1.jpg?fit=1000%2C606&ssl=1&resize=700%2C400 2x"},"classes":[]},{"id":352573,"url":"https:\/\/casadecampoliving.com\/es\/martha-stewart-visita-altos-de-chavon-y-la-escuela-de-diseno\/","url_meta":{"origin":354275,"position":3},"title":"Martha Stewart visita Altos de Chav\u00f3n y la Escuela de Dise\u00f1o","author":"Gallagher Foxworthy","date":"2 Abr, 2018","format":false,"excerpt":"La famosa empresaria, autora y presentadora de televisi\u00f3n estadounidense que form\u00f3 un imperio con su negocio de estilo de vida y cocina, Martha Stewart hizo una visita a nuestra encantadora isla, visitando Altos de Chav\u00f3n y los dos campus de Chav\u00f3n Escuela de Dise\u00f1o. Durante su visita, Martha pas\u00f3 tiempo\u2026","rel":"","context":"En \u00abAltos de Chavon @es\u00bb","block_context":{"text":"Altos de Chavon @es","link":"https:\/\/casadecampoliving.com\/category\/altos-de-chavon-es\/"},"img":{"alt_text":"","src":"https:\/\/i0.wp.com\/casadecampoliving.com\/wp-content\/uploads\/2018\/04\/martha-stewart-fried-chicken-180-d111035_horiz2.jpg?resize=350%2C200&ssl=1","width":350,"height":200,"srcset":"https:\/\/i0.wp.com\/casadecampoliving.com\/wp-content\/uploads\/2018\/04\/martha-stewart-fried-chicken-180-d111035_horiz2.jpg?resize=350%2C200&ssl=1 1x, https:\/\/i0.wp.com\/casadecampoliving.com\/wp-content\/uploads\/2018\/04\/martha-stewart-fried-chicken-180-d111035_horiz2.jpg?resize=525%2C300&ssl=1 1.5x, https:\/\/i0.wp.com\/casadecampoliving.com\/wp-content\/uploads\/2018\/04\/martha-stewart-fried-chicken-180-d111035_horiz2.jpg?resize=700%2C400&ssl=1 2x"},"classes":[]},{"id":343568,"url":"https:\/\/casadecampoliving.com\/es\/alerta-famoso-jugador-de-futball-soccer-probablemente-festeje-el-ano-nuevo-en-casa-de-campo\/","url_meta":{"origin":354275,"position":4},"title":"Alerta de rumor: famoso jugador de football soccer probablemente festeje el A\u00f1o Nuevo en Casa de Campo","author":"Perkin Agramonte","date":"24 Dic, 2013","format":false,"excerpt":"En esta \u00e9poca del a\u00f1o Casa de Campo se repleta de visitantes de alrededor del mundo y entre todos estos siempre estamos ansiosos de recibir muchas caras famosas. Recientemente hemos dado la bienvenida a nuestro peque\u00f1o para\u00edso a celebridades como Rihanna, Drake y los Kardashians, quienes se han hospedado en\u2026","rel":"","context":"En \u00abCelebridades\u00bb","block_context":{"text":"Celebridades","link":"https:\/\/casadecampoliving.com\/es\/category\/celebridades-es\/"},"img":{"alt_text":"Praia Beach Party New Year's Eve","src":"https:\/\/i0.wp.com\/casadecampoliving.com\/wp-content\/uploads\/2022\/10\/praia_beach_party_playa_minitas_casadecampo_new_years_eve-5.jpg?fit=650%2C354&ssl=1&resize=350%2C200","width":350,"height":200,"srcset":"https:\/\/i0.wp.com\/casadecampoliving.com\/wp-content\/uploads\/2022\/10\/praia_beach_party_playa_minitas_casadecampo_new_years_eve-5.jpg?fit=650%2C354&ssl=1&resize=350%2C200 1x, https:\/\/i0.wp.com\/casadecampoliving.com\/wp-content\/uploads\/2022\/10\/praia_beach_party_playa_minitas_casadecampo_new_years_eve-5.jpg?fit=650%2C354&ssl=1&resize=525%2C300 1.5x"},"classes":[]},{"id":337610,"url":"https:\/\/casadecampoliving.com\/es\/casa-de-campo-el-lugar-preferido-del-rapero-pharell-williams\/","url_meta":{"origin":354275,"position":5},"title":"\u00a1Casa de Campo: el lugar preferido del rapero Pharell Williams!","author":"","date":"7 Dic, 2011","format":false,"excerpt":"Hay muchas celebridades que les encanta visitar Casa de Campo; Vin Diesel, Jayzee y Beyonce, A-Rod, Cameron Diaz y muchos m\u00e1s \u2013 y ahora nos enteramos de que el rapero americano, Pharrel Williams tambi\u00e9n ama nuestro peque\u00f1o pedazo de para\u00edso! Tristemente no nos hemos encontrado con Pharrel Williams mientras disfruta\u2026","rel":"","context":"En \u00abCelebridades\u00bb","block_context":{"text":"Celebridades","link":"https:\/\/casadecampoliving.com\/es\/category\/celebridades-es\/"},"img":{"alt_text":"pharrel williams","src":"https:\/\/i0.wp.com\/casadecampoliving.com\/wp-content\/uploads\/2022\/10\/pharrel_williams-1.jpg?fit=800%2C600&ssl=1&resize=350%2C200","width":350,"height":200,"srcset":"https:\/\/i0.wp.com\/casadecampoliving.com\/wp-content\/uploads\/2022\/10\/pharrel_williams-1.jpg?fit=800%2C600&ssl=1&resize=350%2C200 1x, https:\/\/i0.wp.com\/casadecampoliving.com\/wp-content\/uploads\/2022\/10\/pharrel_williams-1.jpg?fit=800%2C600&ssl=1&resize=525%2C300 1.5x, https:\/\/i0.wp.com\/casadecampoliving.com\/wp-content\/uploads\/2022\/10\/pharrel_williams-1.jpg?fit=800%2C600&ssl=1&resize=700%2C400 2x"},"classes":[]}],"jetpack_sharing_enabled":true,"_links":{"self":[{"href":"https:\/\/casadecampoliving.com\/es\/wp-json\/wp\/v2\/posts\/354275","targetHints":{"allow":["GET"]}}],"collection":[{"href":"https:\/\/casadecampoliving.com\/es\/wp-json\/wp\/v2\/posts"}],"about":[{"href":"https:\/\/casadecampoliving.com\/es\/wp-json\/wp\/v2\/types\/post"}],"author":[{"embeddable":true,"href":"https:\/\/casadecampoliving.com\/es\/wp-json\/wp\/v2\/users\/36791"}],"replies":[{"embeddable":true,"href":"https:\/\/casadecampoliving.com\/es\/wp-json\/wp\/v2\/comments?post=354275"}],"version-history":[{"count":0,"href":"https:\/\/casadecampoliving.com\/es\/wp-json\/wp\/v2\/posts\/354275\/revisions"}],"wp:featuredmedia":[{"embeddable":true,"href":"https:\/\/casadecampoliving.com\/es\/wp-json\/wp\/v2\/media\/334541"}],"wp:attachment":[{"href":"https:\/\/casadecampoliving.com\/es\/wp-json\/wp\/v2\/media?parent=354275"}],"wp:term":[{"taxonomy":"category","embeddable":true,"href":"https:\/\/casadecampoliving.com\/es\/wp-json\/wp\/v2\/categories?post=354275"},{"taxonomy":"post_tag","embeddable":true,"href":"https:\/\/casadecampoliving.com\/es\/wp-json\/wp\/v2\/tags?post=354275"},{"taxonomy":"newspack_spnsrs_tax","embeddable":true,"href":"https:\/\/casadecampoliving.com\/es\/wp-json\/wp\/v2\/newspack_spnsrs_tax?post=354275"}],"curies":[{"name":"wp","href":"https:\/\/api.w.org\/{rel}","templated":true}]}}