{"id":354208,"date":"2021-11-26T00:00:00","date_gmt":"2021-11-26T04:00:00","guid":{"rendered":"https:\/\/casadecampoliving.com\/proximo-evento-de-tedxlaromana-visualizacion-de-la-cumbre-de-tedcountdown-en-el-centro-de-innovacion-de-pbo\/"},"modified":"2022-10-21T19:07:55","modified_gmt":"2022-10-21T23:07:55","slug":"proximo-evento-de-tedxlaromana-visualizacion-de-la-cumbre-de-tedcountdown-en-el-centro-de-innovacion-de-pbo","status":"publish","type":"post","link":"https:\/\/casadecampoliving.com\/es\/proximo-evento-de-tedxlaromana-visualizacion-de-la-cumbre-de-tedcountdown-en-el-centro-de-innovacion-de-pbo\/","title":{"rendered":"Pr\u00f3ximo evento de TEDxLaRomana: transmisi\u00f3n de la Cumbre TEDCountdown en el Centro de Innovaci\u00f3n de PBO"},"content":{"rendered":"\n<p>Continuando con el \u00e9xito del primer TEDxLaRomana que tuvo lugar el pasado 23 de octubre, sus organizadores presentan <strong>TEDxLaRomana Countdown<\/strong>. Todos estamos invitados a unirnos a ellos el <del>pr\u00f3ximo s\u00e1bado 4 de diciembre<\/del>, <em>(* APLAZADO: \u00a1Les avisaremos tan pronto como tengamos la nueva fecha! *) <\/em>mientras transmiten las charlas de expertos de TED en vivo desde la Cumbre de <strong>TEDCountdown<\/strong> en Edimburgo, Escocia.<\/p>\n\n\n\n<h3 class=\"wp-block-heading\">\u00bfQu\u00e9 es TEDCountdown?<\/h3>\n\n\n\n<p>Countdown es un movimiento global audaz para encontrar formas de cambiar r\u00e1pidamente a un mundo con cero emisiones netas de efecto invernadero y abordar la crisis clim\u00e1tica. Todos est\u00e1n invitados a participar: comunidades, escuelas, universidades, empresas, organizaciones sin fines de lucro y oficinas de representaci\u00f3n de la ciudad. TED est\u00e1 trabajando con redes incre\u00edbles en una serie de <a href=\"https:\/\/countdown.ted.com\/events-in-2021\" target=\"_blank\" rel=\"noopener\">eventos en 2021<\/a> para encender ideas, mostrar soluciones e impulsar acciones a nivel local.<\/p>\n\n\n\n<p>Countdown busca responder cinco preguntas fundamentales interconectadas que ayudan a informar un plan para un futuro m\u00e1s limpio.<\/p>\n\n\n\n<p><strong>Energ\u00eda:<\/strong> \u00bfQu\u00e9 tan r\u00e1pido podemos cambiar a energ\u00eda 100% limpia?<\/p>\n\n\n\n<p><strong>Transporte:<\/strong> \u00bfC\u00f3mo podemos mejorar la forma en que movemos personas y cosas?<\/p>\n\n\n\n<p><strong>Materiales:<\/strong> \u00bfC\u00f3mo podemos reimaginar y rehacer las cosas que nos rodean?<\/p>\n\n\n\n<p><strong>Alimentos:<\/strong> \u00bfC\u00f3mo podemos impulsar un cambio mundial hacia sistemas alimentarios m\u00e1s saludables?<\/p>\n\n\n\n<p><strong>Naturaleza:<\/strong> \u00bfC\u00f3mo protegemos y reverdecemos mejor la tierra?<\/p>\n\n\n\n<div class=\"bg-black flex justify-end flex-col relative bg-cover css-jpow5b\">\n<div class=\"z-10 text-gray-100\">\n<div class=\"container mx-auto p-6 \">\n<div class=\"max-w-5xl mx-auto lg:px-6\">\n<div class=\"\">\n<h3 class=\"text-left font-anton text-5xl lg:text-6xl xl:text-7xl uppercase leading-tight\">C\u00d3MO INVOLUCRARSE<\/h3>\n<\/div>\n<\/div>\n<\/div>\n<\/div>\n<\/div>\n\n\n\n<section class=\"\">\n<div class=\"container mx-auto p-6 \">\n<div class=\"max-w-5xl mx-auto lg:px-6\">\n<div class=\"\">\n<div class=\"mb-6\">\n<div class=\"py-4 xl:py-8 2xl:py-12\">\n<p>Ahora est\u00e1 m\u00e1s claro que nunca: el clima no puede esperar. Hay un camino para salir de esto. Podemos cambiar el cambio clim\u00e1tico. La cuenta regresiva ha comenzado y est\u00e1 funcionando. Necesitamos tomar decisiones y actuar ahora para garantizar un presente y futuro pr\u00f3spero y sostenible para nosotros, nuestros hijos, nuestras comunidades, nuestros negocios y nuestras vidas.<\/p>\n<p><strong>TEDxLaRomana Countdown<\/strong> es una excelente manera de participar. Durante el evento, tambi\u00e9n escucharemos a un panel de 7 expertos locales que tambi\u00e9n compartir\u00e1n las mejores pr\u00e1cticas e ideas de sostenibilidad actuales y futuras.<\/p>\n<p><strong>Marque sus calendarios para la transmisi\u00f3n de TEDCountdown Summit, \u00a1y no se pierda este evento! <a href=\"https:\/\/www.eventbrite.com\/e\/tedxlaromana-countdown-tickets-214206867507?aff=ebdssbdestsearch\" target=\"_blank\" rel=\"noopener\">Para boletos, puede hacer clic aqu\u00ed.<\/a><\/strong><\/p>\n<blockquote><p><strong>TEDxLaRomana Countdown<\/strong><\/p><p>Cu\u00e1ndo: <del>s\u00e1bado 4 de diciembre, de 4:00 p.m. a 9:00 p.m. AST <\/del>* APLAZADO: \u00a1Les avisaremos tan pronto como tengamos la nueva fecha! *<\/p><p>Qu\u00e9: Transmisi\u00f3n de las charlas de expertos TED en vivo de la Cumbre TEDCountdown en Edimburgo, Escocia<\/p><p>D\u00f3nde: PBO Innovation Hub, Altos de Chav\u00f3n (junto al Museo)<\/p><p><a href=\"https:\/\/www.eventbrite.com\/e\/tedxlaromana-countdown-tickets-214206867507?aff=ebdssbdestsearch\" target=\"_blank\" rel=\"noopener\">Para boletos, puede hacer clic aqu\u00ed.<\/a><\/p><\/blockquote>\n<\/div>\n<\/div>\n<\/div>\n<\/div>\n<\/div>\n<\/section>\n","protected":false},"excerpt":{"rendered":"<p>Continuando con el \u00e9xito del primer TEDxLaRomana que tuvo lugar el pasado 23 de octubre, sus organizadores presentan TEDxLaRomana Countdown. Todos estamos invitados a unirnos a ellos el pr\u00f3ximo s\u00e1bado 4 de diciembre, (* APLAZADO: \u00a1Les avisaremos tan pronto como tengamos la nueva fecha! *) mientras transmiten las charlas de expertos de TED en vivo [&hellip;]<\/p>\n","protected":false},"author":36791,"featured_media":334202,"comment_status":"closed","ping_status":"open","sticky":false,"template":"","format":"standard","meta":{"newspack_ads_suppress_ads":false,"newspack_popups_has_disabled_popups":false,"newspack_sponsor_sponsorship_scope":"","newspack_sponsor_native_byline_display":"inherit","newspack_sponsor_native_category_display":"inherit","newspack_sponsor_underwriter_style":"inherit","newspack_sponsor_underwriter_placement":"inherit","_newspack_byline_active":false,"_newspack_byline":"","newspack_hide_updated_date":false,"newspack_show_updated_date":false,"newspack_content_restriction_is_exempt":false,"newspack_featured_image_position":"","newspack_post_subtitle":"","newspack_article_summary_title":"Overview:","newspack_article_summary":"","_jetpack_memberships_contains_paid_content":false,"footnotes":"","jetpack_publicize_message":"","jetpack_publicize_feature_enabled":true,"jetpack_social_post_already_shared":false,"jetpack_social_options":{"image_generator_settings":{"template":"highway","default_image_id":0,"font":"","enabled":false},"version":2},"_wpas_customize_per_network":false},"categories":[26819,26936,14631,2522,14625,14627,2521],"tags":[3575,26240,24346,23828,26237,22963],"newspack_spnsrs_tax":[],"class_list":["post-354208","post","type-post","status-publish","format-standard","has-post-thumbnail","hentry","category-altos-de-chavon-es","category-casa-de-campo-living-es","category-estilo-de-vida","category-eventos-es","category-noticias-locales","category-proximamente","category-republica-dominicana-2","tag-altos-de-chavon-es-2","tag-carlos-miranda-levy","tag-featured-es","tag-patronato-benefico-oriental-es-2","tag-tedx-la-romana","tag-xiomara-menendez-dajer","entry"],"yoast_head":"<!-- This site is optimized with the Yoast SEO plugin v27.4 - https:\/\/yoast.com\/product\/yoast-seo-wordpress\/ -->\n<title>Pr\u00f3ximo evento de TEDxLaRomana: transmisi\u00f3n de la Cumbre TEDCountdown en el Centro de Innovaci\u00f3n de PBO | Casa de Campo Living<\/title>\n<meta name=\"description\" content=\"Continuando con el \u00e9xito del primer TEDxLaRomana que tuvo lugar el pasado 23 de octubre, sus organizadores presentan TEDxLaRomana Countdown. Todos estamos\" \/>\n<meta name=\"robots\" content=\"index, follow, max-snippet:-1, max-image-preview:large, max-video-preview:-1\" \/>\n<link rel=\"canonical\" href=\"https:\/\/casadecampoliving.com\/es\/proximo-evento-de-tedxlaromana-visualizacion-de-la-cumbre-de-tedcountdown-en-el-centro-de-innovacion-de-pbo\/\" \/>\n<meta property=\"og:locale\" content=\"es_ES\" \/>\n<meta property=\"og:type\" content=\"article\" \/>\n<meta property=\"og:title\" content=\"Pr\u00f3ximo evento de TEDxLaRomana: transmisi\u00f3n de la Cumbre TEDCountdown en el Centro de Innovaci\u00f3n de PBO | Casa de Campo Living\" \/>\n<meta property=\"og:description\" content=\"Continuando con el \u00e9xito del primer TEDxLaRomana que tuvo lugar el pasado 23 de octubre, sus organizadores presentan TEDxLaRomana Countdown. Todos estamos\" \/>\n<meta property=\"og:url\" content=\"https:\/\/casadecampoliving.com\/es\/proximo-evento-de-tedxlaromana-visualizacion-de-la-cumbre-de-tedcountdown-en-el-centro-de-innovacion-de-pbo\/\" \/>\n<meta property=\"og:site_name\" content=\"Casa de Campo Living\" \/>\n<meta property=\"article:publisher\" content=\"https:\/\/www.facebook.com\/casadecampoliving\" \/>\n<meta property=\"article:published_time\" content=\"2021-11-26T04:00:00+00:00\" \/>\n<meta property=\"article:modified_time\" content=\"2022-10-21T23:07:55+00:00\" \/>\n<meta property=\"og:image\" content=\"https:\/\/i0.wp.com\/casadecampoliving.com\/wp-content\/uploads\/2022\/10\/https___cdn.evbuc_.com_images_188932299_377626720963_1_original-1.jpeg?fit=1000%2C500&ssl=1\" \/>\n\t<meta property=\"og:image:width\" content=\"1000\" \/>\n\t<meta property=\"og:image:height\" content=\"500\" \/>\n\t<meta property=\"og:image:type\" content=\"image\/jpeg\" \/>\n<meta name=\"author\" content=\"Casa de Campo Living\" \/>\n<meta name=\"twitter:card\" content=\"summary_large_image\" \/>\n<meta name=\"twitter:creator\" content=\"@cdcliving\" \/>\n<meta name=\"twitter:site\" content=\"@cdcliving\" \/>\n<meta name=\"twitter:label1\" content=\"Escrito por\" \/>\n\t<meta name=\"twitter:data1\" content=\"Casa de Campo Living\" \/>\n\t<meta name=\"twitter:label2\" content=\"Tiempo de lectura\" \/>\n\t<meta name=\"twitter:data2\" content=\"2 minutos\" \/>\n<script type=\"application\/ld+json\" class=\"yoast-schema-graph\">{\"@context\":\"https:\\\/\\\/schema.org\",\"@graph\":[{\"@type\":\"Article\",\"@id\":\"https:\\\/\\\/casadecampoliving.com\\\/es\\\/proximo-evento-de-tedxlaromana-visualizacion-de-la-cumbre-de-tedcountdown-en-el-centro-de-innovacion-de-pbo\\\/#article\",\"isPartOf\":{\"@id\":\"https:\\\/\\\/casadecampoliving.com\\\/es\\\/proximo-evento-de-tedxlaromana-visualizacion-de-la-cumbre-de-tedcountdown-en-el-centro-de-innovacion-de-pbo\\\/\"},\"author\":{\"name\":\"Casa de Campo Living\",\"@id\":\"https:\\\/\\\/casadecampoliving.com\\\/es\\\/#\\\/schema\\\/person\\\/5d2171637a9d11e0e43ce6b8555f9422\"},\"headline\":\"Pr\u00f3ximo evento de TEDxLaRomana: transmisi\u00f3n de la Cumbre TEDCountdown en el Centro de Innovaci\u00f3n de PBO\",\"datePublished\":\"2021-11-26T04:00:00+00:00\",\"dateModified\":\"2022-10-21T23:07:55+00:00\",\"mainEntityOfPage\":{\"@id\":\"https:\\\/\\\/casadecampoliving.com\\\/es\\\/proximo-evento-de-tedxlaromana-visualizacion-de-la-cumbre-de-tedcountdown-en-el-centro-de-innovacion-de-pbo\\\/\"},\"wordCount\":420,\"publisher\":{\"@id\":\"https:\\\/\\\/casadecampoliving.com\\\/es\\\/#organization\"},\"image\":{\"@id\":\"https:\\\/\\\/casadecampoliving.com\\\/es\\\/proximo-evento-de-tedxlaromana-visualizacion-de-la-cumbre-de-tedcountdown-en-el-centro-de-innovacion-de-pbo\\\/#primaryimage\"},\"thumbnailUrl\":\"https:\\\/\\\/i0.wp.com\\\/casadecampoliving.com\\\/wp-content\\\/uploads\\\/2022\\\/10\\\/https___cdn.evbuc_.com_images_188932299_377626720963_1_original-1.jpeg?fit=1000%2C500&ssl=1\",\"keywords\":[\"Altos de Chavon -es\",\"Carlos Miranda Levy\",\"Featured\",\"patronato ben\u00e9fico oriental\",\"TEDx La Romana\",\"Xiomara Men\u00e9ndez Dajer\"],\"articleSection\":[\"Altos de Chavon @es\",\"Casa de Campo Living @es\",\"Estilo de Vida\",\"Eventos\",\"Noticias Locales\",\"Proximamente\",\"Rep\u00fablica Dominicana @es\"],\"inLanguage\":\"es\"},{\"@type\":\"WebPage\",\"@id\":\"https:\\\/\\\/casadecampoliving.com\\\/es\\\/proximo-evento-de-tedxlaromana-visualizacion-de-la-cumbre-de-tedcountdown-en-el-centro-de-innovacion-de-pbo\\\/\",\"url\":\"https:\\\/\\\/casadecampoliving.com\\\/es\\\/proximo-evento-de-tedxlaromana-visualizacion-de-la-cumbre-de-tedcountdown-en-el-centro-de-innovacion-de-pbo\\\/\",\"name\":\"Pr\u00f3ximo evento de TEDxLaRomana: transmisi\u00f3n de la Cumbre TEDCountdown en el Centro de Innovaci\u00f3n de PBO | Casa de Campo Living\",\"isPartOf\":{\"@id\":\"https:\\\/\\\/casadecampoliving.com\\\/es\\\/#website\"},\"primaryImageOfPage\":{\"@id\":\"https:\\\/\\\/casadecampoliving.com\\\/es\\\/proximo-evento-de-tedxlaromana-visualizacion-de-la-cumbre-de-tedcountdown-en-el-centro-de-innovacion-de-pbo\\\/#primaryimage\"},\"image\":{\"@id\":\"https:\\\/\\\/casadecampoliving.com\\\/es\\\/proximo-evento-de-tedxlaromana-visualizacion-de-la-cumbre-de-tedcountdown-en-el-centro-de-innovacion-de-pbo\\\/#primaryimage\"},\"thumbnailUrl\":\"https:\\\/\\\/i0.wp.com\\\/casadecampoliving.com\\\/wp-content\\\/uploads\\\/2022\\\/10\\\/https___cdn.evbuc_.com_images_188932299_377626720963_1_original-1.jpeg?fit=1000%2C500&ssl=1\",\"datePublished\":\"2021-11-26T04:00:00+00:00\",\"dateModified\":\"2022-10-21T23:07:55+00:00\",\"description\":\"Continuando con el \u00e9xito del primer TEDxLaRomana que tuvo lugar el pasado 23 de octubre, sus organizadores presentan TEDxLaRomana Countdown. Todos estamos\",\"breadcrumb\":{\"@id\":\"https:\\\/\\\/casadecampoliving.com\\\/es\\\/proximo-evento-de-tedxlaromana-visualizacion-de-la-cumbre-de-tedcountdown-en-el-centro-de-innovacion-de-pbo\\\/#breadcrumb\"},\"inLanguage\":\"es\",\"potentialAction\":[{\"@type\":\"ReadAction\",\"target\":[\"https:\\\/\\\/casadecampoliving.com\\\/es\\\/proximo-evento-de-tedxlaromana-visualizacion-de-la-cumbre-de-tedcountdown-en-el-centro-de-innovacion-de-pbo\\\/\"]}]},{\"@type\":\"ImageObject\",\"inLanguage\":\"es\",\"@id\":\"https:\\\/\\\/casadecampoliving.com\\\/es\\\/proximo-evento-de-tedxlaromana-visualizacion-de-la-cumbre-de-tedcountdown-en-el-centro-de-innovacion-de-pbo\\\/#primaryimage\",\"url\":\"https:\\\/\\\/i0.wp.com\\\/casadecampoliving.com\\\/wp-content\\\/uploads\\\/2022\\\/10\\\/https___cdn.evbuc_.com_images_188932299_377626720963_1_original-1.jpeg?fit=1000%2C500&ssl=1\",\"contentUrl\":\"https:\\\/\\\/i0.wp.com\\\/casadecampoliving.com\\\/wp-content\\\/uploads\\\/2022\\\/10\\\/https___cdn.evbuc_.com_images_188932299_377626720963_1_original-1.jpeg?fit=1000%2C500&ssl=1\",\"width\":1000,\"height\":500},{\"@type\":\"BreadcrumbList\",\"@id\":\"https:\\\/\\\/casadecampoliving.com\\\/es\\\/proximo-evento-de-tedxlaromana-visualizacion-de-la-cumbre-de-tedcountdown-en-el-centro-de-innovacion-de-pbo\\\/#breadcrumb\",\"itemListElement\":[{\"@type\":\"ListItem\",\"position\":1,\"name\":\"Home\",\"item\":\"https:\\\/\\\/casadecampoliving.com\\\/es\\\/\"},{\"@type\":\"ListItem\",\"position\":2,\"name\":\"Pr\u00f3ximo evento de TEDxLaRomana: transmisi\u00f3n de la Cumbre TEDCountdown en el Centro de Innovaci\u00f3n de PBO\"}]},{\"@type\":\"WebSite\",\"@id\":\"https:\\\/\\\/casadecampoliving.com\\\/es\\\/#website\",\"url\":\"https:\\\/\\\/casadecampoliving.com\\\/es\\\/\",\"name\":\"Casa de Campo Living\",\"description\":\"Resort community news and resources.\",\"publisher\":{\"@id\":\"https:\\\/\\\/casadecampoliving.com\\\/es\\\/#organization\"},\"potentialAction\":[{\"@type\":\"SearchAction\",\"target\":{\"@type\":\"EntryPoint\",\"urlTemplate\":\"https:\\\/\\\/casadecampoliving.com\\\/es\\\/?s={search_term_string}\"},\"query-input\":{\"@type\":\"PropertyValueSpecification\",\"valueRequired\":true,\"valueName\":\"search_term_string\"}}],\"inLanguage\":\"es\"},{\"@type\":\"Organization\",\"@id\":\"https:\\\/\\\/casadecampoliving.com\\\/es\\\/#organization\",\"name\":\"Casa de Campo Living\",\"url\":\"https:\\\/\\\/casadecampoliving.com\\\/es\\\/\",\"logo\":{\"@type\":\"ImageObject\",\"inLanguage\":\"es\",\"@id\":\"https:\\\/\\\/casadecampoliving.com\\\/es\\\/#\\\/schema\\\/logo\\\/image\\\/\",\"url\":\"https:\\\/\\\/i0.wp.com\\\/casadecampoliving.com\\\/wp-content\\\/uploads\\\/2022\\\/07\\\/CDCLivingLogo_V1-white-sized.png?fit=800%2C214&ssl=1\",\"contentUrl\":\"https:\\\/\\\/i0.wp.com\\\/casadecampoliving.com\\\/wp-content\\\/uploads\\\/2022\\\/07\\\/CDCLivingLogo_V1-white-sized.png?fit=800%2C214&ssl=1\",\"width\":800,\"height\":214,\"caption\":\"Casa de Campo Living\"},\"image\":{\"@id\":\"https:\\\/\\\/casadecampoliving.com\\\/es\\\/#\\\/schema\\\/logo\\\/image\\\/\"},\"sameAs\":[\"https:\\\/\\\/www.facebook.com\\\/casadecampoliving\",\"https:\\\/\\\/x.com\\\/cdcliving\"]},{\"@type\":\"Person\",\"@id\":\"https:\\\/\\\/casadecampoliving.com\\\/es\\\/#\\\/schema\\\/person\\\/5d2171637a9d11e0e43ce6b8555f9422\",\"name\":\"Casa de Campo Living\",\"image\":{\"@type\":\"ImageObject\",\"inLanguage\":\"es\",\"@id\":\"https:\\\/\\\/secure.gravatar.com\\\/avatar\\\/d04101fa4a9fd431e939953b1500fdc7a73cd35029f86d98712fd8ccdaebaf9a?s=96&d=mm&r=g\",\"url\":\"https:\\\/\\\/secure.gravatar.com\\\/avatar\\\/d04101fa4a9fd431e939953b1500fdc7a73cd35029f86d98712fd8ccdaebaf9a?s=96&d=mm&r=g\",\"contentUrl\":\"https:\\\/\\\/secure.gravatar.com\\\/avatar\\\/d04101fa4a9fd431e939953b1500fdc7a73cd35029f86d98712fd8ccdaebaf9a?s=96&d=mm&r=g\",\"caption\":\"Casa de Campo Living\"},\"url\":\"https:\\\/\\\/casadecampoliving.com\\\/es\\\/author\\\/casa-de-campo-living\\\/\"}]}<\/script>\n<!-- \/ Yoast SEO plugin. -->","yoast_head_json":{"title":"Pr\u00f3ximo evento de TEDxLaRomana: transmisi\u00f3n de la Cumbre TEDCountdown en el Centro de Innovaci\u00f3n de PBO | Casa de Campo Living","description":"Continuando con el \u00e9xito del primer TEDxLaRomana que tuvo lugar el pasado 23 de octubre, sus organizadores presentan TEDxLaRomana Countdown. Todos estamos","robots":{"index":"index","follow":"follow","max-snippet":"max-snippet:-1","max-image-preview":"max-image-preview:large","max-video-preview":"max-video-preview:-1"},"canonical":"https:\/\/casadecampoliving.com\/es\/proximo-evento-de-tedxlaromana-visualizacion-de-la-cumbre-de-tedcountdown-en-el-centro-de-innovacion-de-pbo\/","og_locale":"es_ES","og_type":"article","og_title":"Pr\u00f3ximo evento de TEDxLaRomana: transmisi\u00f3n de la Cumbre TEDCountdown en el Centro de Innovaci\u00f3n de PBO | Casa de Campo Living","og_description":"Continuando con el \u00e9xito del primer TEDxLaRomana que tuvo lugar el pasado 23 de octubre, sus organizadores presentan TEDxLaRomana Countdown. Todos estamos","og_url":"https:\/\/casadecampoliving.com\/es\/proximo-evento-de-tedxlaromana-visualizacion-de-la-cumbre-de-tedcountdown-en-el-centro-de-innovacion-de-pbo\/","og_site_name":"Casa de Campo Living","article_publisher":"https:\/\/www.facebook.com\/casadecampoliving","article_published_time":"2021-11-26T04:00:00+00:00","article_modified_time":"2022-10-21T23:07:55+00:00","og_image":[{"width":1000,"height":500,"url":"https:\/\/i0.wp.com\/casadecampoliving.com\/wp-content\/uploads\/2022\/10\/https___cdn.evbuc_.com_images_188932299_377626720963_1_original-1.jpeg?fit=1000%2C500&ssl=1","type":"image\/jpeg"}],"author":"Casa de Campo Living","twitter_card":"summary_large_image","twitter_creator":"@cdcliving","twitter_site":"@cdcliving","twitter_misc":{"Escrito por":"Casa de Campo Living","Tiempo de lectura":"2 minutos"},"schema":{"@context":"https:\/\/schema.org","@graph":[{"@type":"Article","@id":"https:\/\/casadecampoliving.com\/es\/proximo-evento-de-tedxlaromana-visualizacion-de-la-cumbre-de-tedcountdown-en-el-centro-de-innovacion-de-pbo\/#article","isPartOf":{"@id":"https:\/\/casadecampoliving.com\/es\/proximo-evento-de-tedxlaromana-visualizacion-de-la-cumbre-de-tedcountdown-en-el-centro-de-innovacion-de-pbo\/"},"author":{"name":"Casa de Campo Living","@id":"https:\/\/casadecampoliving.com\/es\/#\/schema\/person\/5d2171637a9d11e0e43ce6b8555f9422"},"headline":"Pr\u00f3ximo evento de TEDxLaRomana: transmisi\u00f3n de la Cumbre TEDCountdown en el Centro de Innovaci\u00f3n de PBO","datePublished":"2021-11-26T04:00:00+00:00","dateModified":"2022-10-21T23:07:55+00:00","mainEntityOfPage":{"@id":"https:\/\/casadecampoliving.com\/es\/proximo-evento-de-tedxlaromana-visualizacion-de-la-cumbre-de-tedcountdown-en-el-centro-de-innovacion-de-pbo\/"},"wordCount":420,"publisher":{"@id":"https:\/\/casadecampoliving.com\/es\/#organization"},"image":{"@id":"https:\/\/casadecampoliving.com\/es\/proximo-evento-de-tedxlaromana-visualizacion-de-la-cumbre-de-tedcountdown-en-el-centro-de-innovacion-de-pbo\/#primaryimage"},"thumbnailUrl":"https:\/\/i0.wp.com\/casadecampoliving.com\/wp-content\/uploads\/2022\/10\/https___cdn.evbuc_.com_images_188932299_377626720963_1_original-1.jpeg?fit=1000%2C500&ssl=1","keywords":["Altos de Chavon -es","Carlos Miranda Levy","Featured","patronato ben\u00e9fico oriental","TEDx La Romana","Xiomara Men\u00e9ndez Dajer"],"articleSection":["Altos de Chavon @es","Casa de Campo Living @es","Estilo de Vida","Eventos","Noticias Locales","Proximamente","Rep\u00fablica Dominicana @es"],"inLanguage":"es"},{"@type":"WebPage","@id":"https:\/\/casadecampoliving.com\/es\/proximo-evento-de-tedxlaromana-visualizacion-de-la-cumbre-de-tedcountdown-en-el-centro-de-innovacion-de-pbo\/","url":"https:\/\/casadecampoliving.com\/es\/proximo-evento-de-tedxlaromana-visualizacion-de-la-cumbre-de-tedcountdown-en-el-centro-de-innovacion-de-pbo\/","name":"Pr\u00f3ximo evento de TEDxLaRomana: transmisi\u00f3n de la Cumbre TEDCountdown en el Centro de Innovaci\u00f3n de PBO | Casa de Campo Living","isPartOf":{"@id":"https:\/\/casadecampoliving.com\/es\/#website"},"primaryImageOfPage":{"@id":"https:\/\/casadecampoliving.com\/es\/proximo-evento-de-tedxlaromana-visualizacion-de-la-cumbre-de-tedcountdown-en-el-centro-de-innovacion-de-pbo\/#primaryimage"},"image":{"@id":"https:\/\/casadecampoliving.com\/es\/proximo-evento-de-tedxlaromana-visualizacion-de-la-cumbre-de-tedcountdown-en-el-centro-de-innovacion-de-pbo\/#primaryimage"},"thumbnailUrl":"https:\/\/i0.wp.com\/casadecampoliving.com\/wp-content\/uploads\/2022\/10\/https___cdn.evbuc_.com_images_188932299_377626720963_1_original-1.jpeg?fit=1000%2C500&ssl=1","datePublished":"2021-11-26T04:00:00+00:00","dateModified":"2022-10-21T23:07:55+00:00","description":"Continuando con el \u00e9xito del primer TEDxLaRomana que tuvo lugar el pasado 23 de octubre, sus organizadores presentan TEDxLaRomana Countdown. Todos estamos","breadcrumb":{"@id":"https:\/\/casadecampoliving.com\/es\/proximo-evento-de-tedxlaromana-visualizacion-de-la-cumbre-de-tedcountdown-en-el-centro-de-innovacion-de-pbo\/#breadcrumb"},"inLanguage":"es","potentialAction":[{"@type":"ReadAction","target":["https:\/\/casadecampoliving.com\/es\/proximo-evento-de-tedxlaromana-visualizacion-de-la-cumbre-de-tedcountdown-en-el-centro-de-innovacion-de-pbo\/"]}]},{"@type":"ImageObject","inLanguage":"es","@id":"https:\/\/casadecampoliving.com\/es\/proximo-evento-de-tedxlaromana-visualizacion-de-la-cumbre-de-tedcountdown-en-el-centro-de-innovacion-de-pbo\/#primaryimage","url":"https:\/\/i0.wp.com\/casadecampoliving.com\/wp-content\/uploads\/2022\/10\/https___cdn.evbuc_.com_images_188932299_377626720963_1_original-1.jpeg?fit=1000%2C500&ssl=1","contentUrl":"https:\/\/i0.wp.com\/casadecampoliving.com\/wp-content\/uploads\/2022\/10\/https___cdn.evbuc_.com_images_188932299_377626720963_1_original-1.jpeg?fit=1000%2C500&ssl=1","width":1000,"height":500},{"@type":"BreadcrumbList","@id":"https:\/\/casadecampoliving.com\/es\/proximo-evento-de-tedxlaromana-visualizacion-de-la-cumbre-de-tedcountdown-en-el-centro-de-innovacion-de-pbo\/#breadcrumb","itemListElement":[{"@type":"ListItem","position":1,"name":"Home","item":"https:\/\/casadecampoliving.com\/es\/"},{"@type":"ListItem","position":2,"name":"Pr\u00f3ximo evento de TEDxLaRomana: transmisi\u00f3n de la Cumbre TEDCountdown en el Centro de Innovaci\u00f3n de PBO"}]},{"@type":"WebSite","@id":"https:\/\/casadecampoliving.com\/es\/#website","url":"https:\/\/casadecampoliving.com\/es\/","name":"Casa de Campo Living","description":"Resort community news and resources.","publisher":{"@id":"https:\/\/casadecampoliving.com\/es\/#organization"},"potentialAction":[{"@type":"SearchAction","target":{"@type":"EntryPoint","urlTemplate":"https:\/\/casadecampoliving.com\/es\/?s={search_term_string}"},"query-input":{"@type":"PropertyValueSpecification","valueRequired":true,"valueName":"search_term_string"}}],"inLanguage":"es"},{"@type":"Organization","@id":"https:\/\/casadecampoliving.com\/es\/#organization","name":"Casa de Campo Living","url":"https:\/\/casadecampoliving.com\/es\/","logo":{"@type":"ImageObject","inLanguage":"es","@id":"https:\/\/casadecampoliving.com\/es\/#\/schema\/logo\/image\/","url":"https:\/\/i0.wp.com\/casadecampoliving.com\/wp-content\/uploads\/2022\/07\/CDCLivingLogo_V1-white-sized.png?fit=800%2C214&ssl=1","contentUrl":"https:\/\/i0.wp.com\/casadecampoliving.com\/wp-content\/uploads\/2022\/07\/CDCLivingLogo_V1-white-sized.png?fit=800%2C214&ssl=1","width":800,"height":214,"caption":"Casa de Campo Living"},"image":{"@id":"https:\/\/casadecampoliving.com\/es\/#\/schema\/logo\/image\/"},"sameAs":["https:\/\/www.facebook.com\/casadecampoliving","https:\/\/x.com\/cdcliving"]},{"@type":"Person","@id":"https:\/\/casadecampoliving.com\/es\/#\/schema\/person\/5d2171637a9d11e0e43ce6b8555f9422","name":"Casa de Campo Living","image":{"@type":"ImageObject","inLanguage":"es","@id":"https:\/\/secure.gravatar.com\/avatar\/d04101fa4a9fd431e939953b1500fdc7a73cd35029f86d98712fd8ccdaebaf9a?s=96&d=mm&r=g","url":"https:\/\/secure.gravatar.com\/avatar\/d04101fa4a9fd431e939953b1500fdc7a73cd35029f86d98712fd8ccdaebaf9a?s=96&d=mm&r=g","contentUrl":"https:\/\/secure.gravatar.com\/avatar\/d04101fa4a9fd431e939953b1500fdc7a73cd35029f86d98712fd8ccdaebaf9a?s=96&d=mm&r=g","caption":"Casa de Campo Living"},"url":"https:\/\/casadecampoliving.com\/es\/author\/casa-de-campo-living\/"}]}},"parsely":{"version":"1.1.0","canonical_url":"https:\/\/casadecampoliving.com\/es\/proximo-evento-de-tedxlaromana-visualizacion-de-la-cumbre-de-tedcountdown-en-el-centro-de-innovacion-de-pbo\/","smart_links":{"inbound":0,"outbound":0},"traffic_boost_suggestions_count":0,"meta":{"@context":"https:\/\/schema.org","@type":"NewsArticle","headline":"Pr\u00f3ximo evento de TEDxLaRomana: transmisi\u00f3n de la Cumbre TEDCountdown en el Centro de Innovaci\u00f3n de PBO","url":"http:\/\/casadecampoliving.com\/es\/proximo-evento-de-tedxlaromana-visualizacion-de-la-cumbre-de-tedcountdown-en-el-centro-de-innovacion-de-pbo\/","mainEntityOfPage":{"@type":"WebPage","@id":"http:\/\/casadecampoliving.com\/es\/proximo-evento-de-tedxlaromana-visualizacion-de-la-cumbre-de-tedcountdown-en-el-centro-de-innovacion-de-pbo\/"},"thumbnailUrl":"https:\/\/i0.wp.com\/casadecampoliving.com\/wp-content\/uploads\/2022\/10\/https___cdn.evbuc_.com_images_188932299_377626720963_1_original-1.jpeg?resize=150%2C150&ssl=1","image":{"@type":"ImageObject","url":"https:\/\/i0.wp.com\/casadecampoliving.com\/wp-content\/uploads\/2022\/10\/https___cdn.evbuc_.com_images_188932299_377626720963_1_original-1.jpeg?fit=1000%2C500&ssl=1"},"articleSection":"Altos de Chavon @es","author":[{"@type":"Person","name":"Casa de Campo Living"}],"creator":["Casa de Campo Living"],"publisher":{"@type":"Organization","name":"Casa de Campo Living","logo":"https:\/\/casadecampoliving.com\/wp-content\/uploads\/2022\/07\/CDCLivingLogo_V1-white-sized.png"},"keywords":["altos de chavon -es","carlos miranda levy","featured","patronato ben\u00e9fico oriental","tedx la romana","xiomara men\u00e9ndez dajer"],"dateCreated":"2021-11-26T04:00:00Z","datePublished":"2021-11-26T04:00:00Z","dateModified":"2022-10-21T23:07:55Z"},"rendered":"<script type=\"application\/ld+json\" class=\"wp-parsely-metadata\">{\"@context\":\"https:\\\/\\\/schema.org\",\"@type\":\"NewsArticle\",\"headline\":\"Pr\\u00f3ximo evento de TEDxLaRomana: transmisi\\u00f3n de la Cumbre TEDCountdown en el Centro de Innovaci\\u00f3n de PBO\",\"url\":\"http:\\\/\\\/casadecampoliving.com\\\/es\\\/proximo-evento-de-tedxlaromana-visualizacion-de-la-cumbre-de-tedcountdown-en-el-centro-de-innovacion-de-pbo\\\/\",\"mainEntityOfPage\":{\"@type\":\"WebPage\",\"@id\":\"http:\\\/\\\/casadecampoliving.com\\\/es\\\/proximo-evento-de-tedxlaromana-visualizacion-de-la-cumbre-de-tedcountdown-en-el-centro-de-innovacion-de-pbo\\\/\"},\"thumbnailUrl\":\"https:\\\/\\\/i0.wp.com\\\/casadecampoliving.com\\\/wp-content\\\/uploads\\\/2022\\\/10\\\/https___cdn.evbuc_.com_images_188932299_377626720963_1_original-1.jpeg?resize=150%2C150&ssl=1\",\"image\":{\"@type\":\"ImageObject\",\"url\":\"https:\\\/\\\/i0.wp.com\\\/casadecampoliving.com\\\/wp-content\\\/uploads\\\/2022\\\/10\\\/https___cdn.evbuc_.com_images_188932299_377626720963_1_original-1.jpeg?fit=1000%2C500&ssl=1\"},\"articleSection\":\"Altos de Chavon @es\",\"author\":[{\"@type\":\"Person\",\"name\":\"Casa de Campo Living\"}],\"creator\":[\"Casa de Campo Living\"],\"publisher\":{\"@type\":\"Organization\",\"name\":\"Casa de Campo Living\",\"logo\":\"https:\\\/\\\/casadecampoliving.com\\\/wp-content\\\/uploads\\\/2022\\\/07\\\/CDCLivingLogo_V1-white-sized.png\"},\"keywords\":[\"altos de chavon -es\",\"carlos miranda levy\",\"featured\",\"patronato ben\\u00e9fico oriental\",\"tedx la romana\",\"xiomara men\\u00e9ndez dajer\"],\"dateCreated\":\"2021-11-26T04:00:00Z\",\"datePublished\":\"2021-11-26T04:00:00Z\",\"dateModified\":\"2022-10-21T23:07:55Z\"}<\/script>","tracker_url":"https:\/\/cdn.parsely.com\/keys\/casadecampoliving.com\/p.js"},"jetpack_publicize_connections":[],"jetpack_featured_media_url":"https:\/\/i0.wp.com\/casadecampoliving.com\/wp-content\/uploads\/2022\/10\/https___cdn.evbuc_.com_images_188932299_377626720963_1_original-1.jpeg?fit=1000%2C500&ssl=1","jetpack-related-posts":[{"id":354181,"url":"https:\/\/casadecampoliving.com\/es\/oradores-y-amigos-cena-pre-tedxlaromana-en-casa-del-rio-en-altos-de-chavon\/","url_meta":{"origin":354208,"position":0},"title":"Oradores y amigos cena pre-TEDxLaRomana en Casa del Rio en Altos de Chav\u00f3n","author":"Casa de Campo Living","date":"25 Oct, 2021","format":false,"excerpt":"El pasado viernes 22 de octubre la comunidad tuvo la oportunidad de bailar y cantar al ritmo de Diomara La Mala en una \u00edntima cena pre-TEDxLaRomana, realizada en el Restaurante Casa del Rio en Altos de Chav\u00f3n. Los invitados tuvieron la oportunidad de disfrutar de una noche especial y exclusiva\u2026","rel":"","context":"En \u00abAltos de Chavon @es\u00bb","block_context":{"text":"Altos de Chavon @es","link":"https:\/\/casadecampoliving.com\/category\/altos-de-chavon-es\/"},"img":{"alt_text":"","src":"https:\/\/i0.wp.com\/casadecampoliving.com\/wp-content\/uploads\/2022\/10\/248091876_241499848008059_5072111465951310232_n-1.jpg?fit=1000%2C666&ssl=1&resize=350%2C200","width":350,"height":200,"srcset":"https:\/\/i0.wp.com\/casadecampoliving.com\/wp-content\/uploads\/2022\/10\/248091876_241499848008059_5072111465951310232_n-1.jpg?fit=1000%2C666&ssl=1&resize=350%2C200 1x, https:\/\/i0.wp.com\/casadecampoliving.com\/wp-content\/uploads\/2022\/10\/248091876_241499848008059_5072111465951310232_n-1.jpg?fit=1000%2C666&ssl=1&resize=525%2C300 1.5x, https:\/\/i0.wp.com\/casadecampoliving.com\/wp-content\/uploads\/2022\/10\/248091876_241499848008059_5072111465951310232_n-1.jpg?fit=1000%2C666&ssl=1&resize=700%2C400 2x"},"classes":[]},{"id":433460,"url":"https:\/\/casadecampoliving.com\/es\/no-se-pierdan-el-increible-tributo-a-frank-sinatra-para-celebrar-el-40-aniversario-del-anfiteatro-altos-de-chavon\/","url_meta":{"origin":354208,"position":1},"title":"No se pierdan el incre\u00edble tributo a Frank Sinatra para celebrar el 40 aniversario del\u00a0Anfiteatro Altos de Chav\u00f3n","author":"Casa de Campo Living","date":"20 Oct, 2022","format":false,"excerpt":"Siendo uno de los escenarios m\u00e1s emblem\u00e1ticos del pa\u00eds, Casa de Campo Resort\u00ae & Villas celebra las cuatro d\u00e9cadas de aniversario de Altos de Chav\u00f3n con un tributo al gran Frank Sinatra, protagonizado por artistas invitados y una big band tal cual la que acompa\u00f1\u00f3 al artista hace 40 a\u00f1os\u2026","rel":"","context":"En \u00abUncategorized @es\u00bb","block_context":{"text":"Uncategorized @es","link":"https:\/\/casadecampoliving.com\/es\/category\/uncategorized-es\/"},"img":{"alt_text":"","src":"https:\/\/i0.wp.com\/casadecampoliving.com\/wp-content\/uploads\/2022\/10\/Tributo-Frank-Sinatra-Foto-Principal-Amaury-Sanchez-Danilo-Ginebra-Andres-Pichardo-y-Jose-Gabriel-Perez-.jpg?fit=1200%2C873&ssl=1&resize=350%2C200","width":350,"height":200,"srcset":"https:\/\/i0.wp.com\/casadecampoliving.com\/wp-content\/uploads\/2022\/10\/Tributo-Frank-Sinatra-Foto-Principal-Amaury-Sanchez-Danilo-Ginebra-Andres-Pichardo-y-Jose-Gabriel-Perez-.jpg?fit=1200%2C873&ssl=1&resize=350%2C200 1x, https:\/\/i0.wp.com\/casadecampoliving.com\/wp-content\/uploads\/2022\/10\/Tributo-Frank-Sinatra-Foto-Principal-Amaury-Sanchez-Danilo-Ginebra-Andres-Pichardo-y-Jose-Gabriel-Perez-.jpg?fit=1200%2C873&ssl=1&resize=525%2C300 1.5x, https:\/\/i0.wp.com\/casadecampoliving.com\/wp-content\/uploads\/2022\/10\/Tributo-Frank-Sinatra-Foto-Principal-Amaury-Sanchez-Danilo-Ginebra-Andres-Pichardo-y-Jose-Gabriel-Perez-.jpg?fit=1200%2C873&ssl=1&resize=700%2C400 2x, https:\/\/i0.wp.com\/casadecampoliving.com\/wp-content\/uploads\/2022\/10\/Tributo-Frank-Sinatra-Foto-Principal-Amaury-Sanchez-Danilo-Ginebra-Andres-Pichardo-y-Jose-Gabriel-Perez-.jpg?fit=1200%2C873&ssl=1&resize=1050%2C600 3x"},"classes":[]},{"id":334073,"url":"https:\/\/casadecampoliving.com\/speakers-and-friends-pre-tedxlaromana-dinner-party-at-casa-del-rio-in-altos-de-chavon\/","url_meta":{"origin":354208,"position":2},"title":"Speakers and friends pre-TEDxLaRomana dinner party at Casa del Rio in Altos de Chav\u00f3n","author":"Casa de Campo Living","date":"25 Oct, 2021","format":false,"excerpt":"Last Friday, October 22nd guests got a chance to dance and sing to the rhythm of Diomara La Mala in an intimate pre-TEDxLaRomana dinner, held at the Casa del Rio Restaurant in Altos de Chav\u00f3n. Guests had the opportunity to enjoy a special and exclusive night of networking and social\u2026","rel":"","context":"En \u00abAltos de Chavon\u00bb","block_context":{"text":"Altos de Chavon","link":"https:\/\/casadecampoliving.com\/category\/altos-de-chavon\/"},"img":{"alt_text":"","src":"https:\/\/i0.wp.com\/casadecampoliving.com\/wp-content\/uploads\/2022\/10\/248091876_241499848008059_5072111465951310232_n-1.jpg?fit=1000%2C666&ssl=1&resize=350%2C200","width":350,"height":200,"srcset":"https:\/\/i0.wp.com\/casadecampoliving.com\/wp-content\/uploads\/2022\/10\/248091876_241499848008059_5072111465951310232_n-1.jpg?fit=1000%2C666&ssl=1&resize=350%2C200 1x, https:\/\/i0.wp.com\/casadecampoliving.com\/wp-content\/uploads\/2022\/10\/248091876_241499848008059_5072111465951310232_n-1.jpg?fit=1000%2C666&ssl=1&resize=525%2C300 1.5x, https:\/\/i0.wp.com\/casadecampoliving.com\/wp-content\/uploads\/2022\/10\/248091876_241499848008059_5072111465951310232_n-1.jpg?fit=1000%2C666&ssl=1&resize=700%2C400 2x"},"classes":[]},{"id":354171,"url":"https:\/\/casadecampoliving.com\/es\/que-es-tedxlaromana-carlos-miranda-levy-y-xiomara-menendez-dajer-nos-cuentan-todo-sobre-el-evento\/","url_meta":{"origin":354208,"position":3},"title":"\u00bfQu\u00e9 es TEDxLaRomana? Carlos Miranda Levy y Xiomara Men\u00e9ndez Dajer nos cuentan todo sobre el evento","author":"Casa de Campo Living","date":"5 Oct, 2021","format":false,"excerpt":"Los eventos TEDx se crearon siguiendo el esp\u00edritu de la misi\u00f3n general de TED de investigar y descubrir \u201cideas que valga la pena difundir\u201d. Estos eventos est\u00e1n organizados por personas apasionadas que buscan descubrir nuevas ideas y compartir las \u00faltimas investigaciones en sus \u00e1reas locales que provocan conversaciones en sus\u2026","rel":"","context":"En \u00abAltos de Chavon @es\u00bb","block_context":{"text":"Altos de Chavon @es","link":"https:\/\/casadecampoliving.com\/category\/altos-de-chavon-es\/"},"img":{"alt_text":"","src":"https:\/\/i0.wp.com\/casadecampoliving.com\/wp-content\/uploads\/2022\/10\/20211004_162920-1.jpg?fit=1000%2C671&ssl=1&resize=350%2C200","width":350,"height":200,"srcset":"https:\/\/i0.wp.com\/casadecampoliving.com\/wp-content\/uploads\/2022\/10\/20211004_162920-1.jpg?fit=1000%2C671&ssl=1&resize=350%2C200 1x, https:\/\/i0.wp.com\/casadecampoliving.com\/wp-content\/uploads\/2022\/10\/20211004_162920-1.jpg?fit=1000%2C671&ssl=1&resize=525%2C300 1.5x, https:\/\/i0.wp.com\/casadecampoliving.com\/wp-content\/uploads\/2022\/10\/20211004_162920-1.jpg?fit=1000%2C671&ssl=1&resize=700%2C400 2x"},"classes":[]},{"id":334200,"url":"https:\/\/casadecampoliving.com\/upcoming-event-tedcountdown-summit-viewing-at-the-pbo-innovation-hub\/","url_meta":{"origin":354208,"position":4},"title":"POSTPONED: TEDxLaRomana Upcoming event: TEDCountdown Summit viewing at the PBO Innovation Hub","author":"Casa de Campo Living","date":"26 Nov, 2021","format":false,"excerpt":"Continuing the success of the first TEDxLaRomana that took place last October 23rd, its organizers present TEDxLaRomana Countdown. We are all invited to join them next Saturday, December 4th, (* POSTPONED: We will let you know as soon as we have the new date! *) as they broadcast the live\u2026","rel":"","context":"En \u00abAltos de Chavon\u00bb","block_context":{"text":"Altos de Chavon","link":"https:\/\/casadecampoliving.com\/category\/altos-de-chavon\/"},"img":{"alt_text":"","src":"https:\/\/i0.wp.com\/casadecampoliving.com\/wp-content\/uploads\/2022\/10\/https___cdn.evbuc_.com_images_188932299_377626720963_1_original-1.jpeg?fit=1000%2C500&ssl=1&resize=350%2C200","width":350,"height":200,"srcset":"https:\/\/i0.wp.com\/casadecampoliving.com\/wp-content\/uploads\/2022\/10\/https___cdn.evbuc_.com_images_188932299_377626720963_1_original-1.jpeg?fit=1000%2C500&ssl=1&resize=350%2C200 1x, https:\/\/i0.wp.com\/casadecampoliving.com\/wp-content\/uploads\/2022\/10\/https___cdn.evbuc_.com_images_188932299_377626720963_1_original-1.jpeg?fit=1000%2C500&ssl=1&resize=525%2C300 1.5x, https:\/\/i0.wp.com\/casadecampoliving.com\/wp-content\/uploads\/2022\/10\/https___cdn.evbuc_.com_images_188932299_377626720963_1_original-1.jpeg?fit=1000%2C500&ssl=1&resize=700%2C400 2x"},"classes":[]},{"id":354174,"url":"https:\/\/casadecampoliving.com\/es\/conoce-a-los-ponentes-de-tedxlaromana-flujo-y-abundancia-vida-como-movimiento-y-prosperidad-compartida-pt-1\/","url_meta":{"origin":354208,"position":5},"title":"Conoce a los ponentes de TEDxLaRomana Flujo y Abundancia: Vida como movimiento y prosperidad compartida Pt. 1","author":"Casa de Campo Living","date":"16 Oct, 2021","format":false,"excerpt":"\u00a1Aqu\u00ed est\u00e1! Hoy les traemos el primer grupo de ponentes de TEDxLaRomana Flujo y Abundancia: Vida como movimiento y prosperidad compartida, \u00a1que est\u00e1 a solo una semana! En este evento TED muy especial, los invitados emprender\u00e1n un viaje \u00fanico de movilidad social, transformaci\u00f3n y exploraci\u00f3n en el crecimiento personal y\u2026","rel":"","context":"En \u00abAltos de Chavon @es\u00bb","block_context":{"text":"Altos de Chavon @es","link":"https:\/\/casadecampoliving.com\/category\/altos-de-chavon-es\/"},"img":{"alt_text":"","src":"https:\/\/i0.wp.com\/casadecampoliving.com\/wp-content\/uploads\/2022\/10\/244576806_193794559503456_5875735695599990246_n-1.jpg?fit=1000%2C689&ssl=1&resize=350%2C200","width":350,"height":200,"srcset":"https:\/\/i0.wp.com\/casadecampoliving.com\/wp-content\/uploads\/2022\/10\/244576806_193794559503456_5875735695599990246_n-1.jpg?fit=1000%2C689&ssl=1&resize=350%2C200 1x, https:\/\/i0.wp.com\/casadecampoliving.com\/wp-content\/uploads\/2022\/10\/244576806_193794559503456_5875735695599990246_n-1.jpg?fit=1000%2C689&ssl=1&resize=525%2C300 1.5x, https:\/\/i0.wp.com\/casadecampoliving.com\/wp-content\/uploads\/2022\/10\/244576806_193794559503456_5875735695599990246_n-1.jpg?fit=1000%2C689&ssl=1&resize=700%2C400 2x"},"classes":[]}],"jetpack_sharing_enabled":true,"_links":{"self":[{"href":"https:\/\/casadecampoliving.com\/es\/wp-json\/wp\/v2\/posts\/354208","targetHints":{"allow":["GET"]}}],"collection":[{"href":"https:\/\/casadecampoliving.com\/es\/wp-json\/wp\/v2\/posts"}],"about":[{"href":"https:\/\/casadecampoliving.com\/es\/wp-json\/wp\/v2\/types\/post"}],"author":[{"embeddable":true,"href":"https:\/\/casadecampoliving.com\/es\/wp-json\/wp\/v2\/users\/36791"}],"replies":[{"embeddable":true,"href":"https:\/\/casadecampoliving.com\/es\/wp-json\/wp\/v2\/comments?post=354208"}],"version-history":[{"count":0,"href":"https:\/\/casadecampoliving.com\/es\/wp-json\/wp\/v2\/posts\/354208\/revisions"}],"wp:featuredmedia":[{"embeddable":true,"href":"https:\/\/casadecampoliving.com\/es\/wp-json\/wp\/v2\/media\/334202"}],"wp:attachment":[{"href":"https:\/\/casadecampoliving.com\/es\/wp-json\/wp\/v2\/media?parent=354208"}],"wp:term":[{"taxonomy":"category","embeddable":true,"href":"https:\/\/casadecampoliving.com\/es\/wp-json\/wp\/v2\/categories?post=354208"},{"taxonomy":"post_tag","embeddable":true,"href":"https:\/\/casadecampoliving.com\/es\/wp-json\/wp\/v2\/tags?post=354208"},{"taxonomy":"newspack_spnsrs_tax","embeddable":true,"href":"https:\/\/casadecampoliving.com\/es\/wp-json\/wp\/v2\/newspack_spnsrs_tax?post=354208"}],"curies":[{"name":"wp","href":"https:\/\/api.w.org\/{rel}","templated":true}]}}