{"id":354198,"date":"2021-11-15T00:00:00","date_gmt":"2021-11-15T04:00:00","guid":{"rendered":"https:\/\/casadecampoliving.com\/con-la-presencia-del-presidente-abinader-casa-de-campo-anuncia-el-inicio-de-la-ampliacion-de-su-renombrado-hotel\/"},"modified":"2022-11-10T10:30:22","modified_gmt":"2022-11-10T14:30:22","slug":"con-la-presencia-del-presidente-abinader-casa-de-campo-anuncia-el-inicio-de-la-ampliacion-de-su-renombrado-hotel","status":"publish","type":"post","link":"https:\/\/casadecampoliving.com\/es\/con-la-presencia-del-presidente-abinader-casa-de-campo-anuncia-el-inicio-de-la-ampliacion-de-su-renombrado-hotel\/","title":{"rendered":"Con la presencia del Presidente Luis Abinader, Casa de Campo anuncia el inicio de la ampliaci\u00f3n de su renombrado hotel"},"content":{"rendered":"El pasado s\u00e1bado, 13 de noviembre en una actividad realizada en Casa de Campo Resort &amp; Villas y con la presencia del Presidente Luis Abinader; el se\u00f1or David Collado, Ministro de Turismo; se\u00f1or Andr\u00e9s Pichardo Rosenberg, Presidente de Casa de Campo Resort; y los principales ejecutivos de la Corporaci\u00f3n Central Romana; los se\u00f1ores Ram\u00f3n Men\u00e9ndez, Pepe Fanjul Jr., Leo Matos y Eduardo Mart\u00ednez-Lima Gonzalvo se anunci\u00f3 la ampliaci\u00f3n del renombrado hotel para el a\u00f1o 2022.\n\nLa inversi\u00f3n anunciada supera los US$90 millones de d\u00f3lares, como parte de un proyecto de desarrollo que se llevar\u00e1 a cabo en varias fases y que producir\u00e1 500 empleos directo entre construcci\u00f3n y operaciones.\n\n<img data-recalc-dims=\"1\" loading=\"lazy\" decoding=\"async\" class=\"aligncenter size-full wp-image-210965\" src=\"https:\/\/i0.wp.com\/casadecampoliving.com\/wp-content\/uploads\/2022\/10\/EJ4B6574-1.jpg?resize=1000%2C667&#038;ssl=1\" alt=\"\" width=\"1000\" height=\"667\">\n\n<em><strong>\u201cLa cantidad de inversiones en turismo, industria, comercio, zonas francas, que empezar\u00e1n en 2022,&nbsp; es un hecho absolutamente sin precedentes en la historia de Rep\u00fablica Dominicana\u201d,&nbsp;<\/strong><\/em> dijo el Presidente Luis Abinader. <em><strong>\u201cCada vez que se abre una operaci\u00f3n hotelera, tenemos 1.2 empleos directos y por lo menos tres empleos indirectos. En las zonas francas e industrias se crean entre 200 y 500 nuevos empleos y no hay mejor pol\u00edtica p\u00fablica que la creaci\u00f3n de empleos\u201d,<\/strong><\/em> agreg\u00f3 el mandatario durante la ceremonia del primer palazo que dej\u00f3 iniciados los trabajos de construcci\u00f3n.\n\n\u201c<em><strong>Es un hecho muy importante y especial porque es la primera vez que est\u00e1n ampliando su oferta hotelera y eso para nosotros, primero, demuestra la confianza de este grupo en la Rep\u00fablica Dominicana, pero tambi\u00e9n muestra las proyecciones y el optimismo que se refleja en la inversi\u00f3n hotelera y del sector turismo\u201d,<\/strong><\/em> dijo Abinader.\n\n<img data-recalc-dims=\"1\" loading=\"lazy\" decoding=\"async\" class=\"aligncenter size-full wp-image-210969\" src=\"https:\/\/i0.wp.com\/casadecampoliving.com\/wp-content\/uploads\/2022\/10\/3-Master-Plan-1.jpg?resize=1000%2C563&#038;ssl=1\" alt=\"\" width=\"1000\" height=\"563\">\n\nLas nuevas y espaciosas habitaciones suites de 76 mts2, distribuidas en 4 edificios de dos niveles, tendr\u00e1n vistas al campo de golf y estar\u00e1n equipadas con la \u00faltima tecnolog\u00eda y comodidades que ofrece hoy en d\u00eda lo mejor de la industria hotelera.\n\nEl centro de Spa, que tendr\u00e1 un \u00e1rea de construcci\u00f3n de 1,700 mts2 con vistas al lago central, tendr\u00e1 todas las facilidades y amenidades de clase mundial como: \u00c1rea de hidroterapia, cabinas para tratamientos especializados, \u00e1reas de relajaci\u00f3n, Caf\u00e9 &amp; Juice Bar, sal\u00f3n de belleza y Bridal Suite.\n\n<em><strong>\u201cEn estos casi 50 a\u00f1os, Casa de Campo Resort ha sido uno de los pioneros del turismo tradicional e inmobiliario en el pa\u00eds. Nos sentimos muy orgullosos de seguir desarrollando la visi\u00f3n de nuestros accionistas de la Corporaci\u00f3n Central Romana, para continuar sumando numerosos servicios e instalaciones de primer nivel, que sigan resaltando a nuestro resort dentro de los m\u00e1s emblem\u00e1ticos del Caribe\u201d<\/strong> <\/em>enfatiz\u00f3 Andr\u00e9s Pichardo en sus palabras centrales.\n\n<em><strong>\u201cCon estas inversiones seguimos aumentando el valor y la calidad de nuestro resort, reafirmando que nuestra exclusiva oferta de servicios satisface la demanda del visitante m\u00e1s exigente, y con ello continuamos siendo un referente como destino tur\u00edstico\u201d<\/strong><\/em> resalt\u00f3 Pichardo.\n\n<img data-recalc-dims=\"1\" loading=\"lazy\" decoding=\"async\" class=\"aligncenter size-full wp-image-210967\" src=\"https:\/\/i0.wp.com\/casadecampoliving.com\/wp-content\/uploads\/2022\/10\/Miguel-Risk-Rafael-Selman-Kevin-Pen%CC%83a-Hector-Isidor-Fernandez-Jason-Kycek-Guillermo-Strofer-Mayra-Gonzalez-2.jpg?resize=1000%2C667&#038;ssl=1\" alt=\"\" width=\"1000\" height=\"667\">\n\nCasa de Campo Resort &amp; Villas es el resort m\u00e1s completo del Caribe, con 5 campos de golf bajo la firma del afamado arquitecto Pete Dye. Entre sus dem\u00e1s facilidades deportivas cuenta con el Centro de Tiro al plato m\u00e1s grande de toda la regi\u00f3n, tres canchas de polo, un Centro Ecuestre y trece canchas de tenis. Su club de playa Minitas, la villa art\u00edstica de Altos de Chav\u00f3n y La Marina son parte importante de los atractivos para sus visitantes.\n\nFotos\/renderings de expansi\u00f3n:\n\n\n<figure class=\"wp-block-gallery has-nested-images columns-default is-cropped wp-block-gallery-1 is-layout-flex wp-block-gallery-is-layout-flex\">\n<figure class=\"wp-block-image size-large\"><img data-recalc-dims=\"1\" loading=\"lazy\" decoding=\"async\" width=\"1000\" height=\"503\" data-id=\"401716\" src=\"https:\/\/i0.wp.com\/casadecampoliving.com\/wp-content\/uploads\/2022\/10\/2-Master-Plan.jpg?resize=1000%2C503&#038;ssl=1\" alt=\"\" class=\"wp-image-401716\" srcset=\"https:\/\/i0.wp.com\/casadecampoliving.com\/wp-content\/uploads\/2022\/10\/2-Master-Plan.jpg?w=1000&amp;ssl=1 1000w, https:\/\/i0.wp.com\/casadecampoliving.com\/wp-content\/uploads\/2022\/10\/2-Master-Plan.jpg?resize=300%2C151&amp;ssl=1 300w, https:\/\/i0.wp.com\/casadecampoliving.com\/wp-content\/uploads\/2022\/10\/2-Master-Plan.jpg?resize=768%2C386&amp;ssl=1 768w, https:\/\/i0.wp.com\/casadecampoliving.com\/wp-content\/uploads\/2022\/10\/2-Master-Plan.jpg?resize=400%2C201&amp;ssl=1 400w, https:\/\/i0.wp.com\/casadecampoliving.com\/wp-content\/uploads\/2022\/10\/2-Master-Plan.jpg?resize=706%2C355&amp;ssl=1 706w, https:\/\/i0.wp.com\/casadecampoliving.com\/wp-content\/uploads\/2022\/10\/2-Master-Plan.jpg?resize=150%2C75&amp;ssl=1 150w, https:\/\/i0.wp.com\/casadecampoliving.com\/wp-content\/uploads\/2022\/10\/2-Master-Plan.jpg?w=370&amp;ssl=1 370w\" sizes=\"auto, (max-width: 1000px) 100vw, 1000px\" \/><\/figure>\n\n\n\n<figure class=\"wp-block-image size-large\"><img data-recalc-dims=\"1\" loading=\"lazy\" decoding=\"async\" width=\"1000\" height=\"503\" data-id=\"401737\" src=\"https:\/\/i0.wp.com\/casadecampoliving.com\/wp-content\/uploads\/2022\/10\/1-Master-Plan.jpg?resize=1000%2C503&#038;ssl=1\" alt=\"\" class=\"wp-image-401737\" srcset=\"https:\/\/i0.wp.com\/casadecampoliving.com\/wp-content\/uploads\/2022\/10\/1-Master-Plan.jpg?w=1000&amp;ssl=1 1000w, https:\/\/i0.wp.com\/casadecampoliving.com\/wp-content\/uploads\/2022\/10\/1-Master-Plan.jpg?resize=300%2C151&amp;ssl=1 300w, https:\/\/i0.wp.com\/casadecampoliving.com\/wp-content\/uploads\/2022\/10\/1-Master-Plan.jpg?resize=768%2C386&amp;ssl=1 768w, https:\/\/i0.wp.com\/casadecampoliving.com\/wp-content\/uploads\/2022\/10\/1-Master-Plan.jpg?resize=400%2C201&amp;ssl=1 400w, https:\/\/i0.wp.com\/casadecampoliving.com\/wp-content\/uploads\/2022\/10\/1-Master-Plan.jpg?resize=706%2C355&amp;ssl=1 706w, https:\/\/i0.wp.com\/casadecampoliving.com\/wp-content\/uploads\/2022\/10\/1-Master-Plan.jpg?resize=150%2C75&amp;ssl=1 150w, https:\/\/i0.wp.com\/casadecampoliving.com\/wp-content\/uploads\/2022\/10\/1-Master-Plan.jpg?w=370&amp;ssl=1 370w\" sizes=\"auto, (max-width: 1000px) 100vw, 1000px\" \/><\/figure>\n\n\n\n<figure class=\"wp-block-image size-large\"><img data-recalc-dims=\"1\" loading=\"lazy\" decoding=\"async\" width=\"1000\" height=\"563\" data-id=\"401766\" src=\"https:\/\/i0.wp.com\/casadecampoliving.com\/wp-content\/uploads\/2022\/10\/5-VIP-Lounge.jpg?resize=1000%2C563&#038;ssl=1\" alt=\"\" class=\"wp-image-401766\" srcset=\"https:\/\/i0.wp.com\/casadecampoliving.com\/wp-content\/uploads\/2022\/10\/5-VIP-Lounge.jpg?w=1000&amp;ssl=1 1000w, https:\/\/i0.wp.com\/casadecampoliving.com\/wp-content\/uploads\/2022\/10\/5-VIP-Lounge.jpg?resize=300%2C169&amp;ssl=1 300w, https:\/\/i0.wp.com\/casadecampoliving.com\/wp-content\/uploads\/2022\/10\/5-VIP-Lounge.jpg?resize=768%2C432&amp;ssl=1 768w, https:\/\/i0.wp.com\/casadecampoliving.com\/wp-content\/uploads\/2022\/10\/5-VIP-Lounge.jpg?resize=400%2C225&amp;ssl=1 400w, https:\/\/i0.wp.com\/casadecampoliving.com\/wp-content\/uploads\/2022\/10\/5-VIP-Lounge.jpg?resize=706%2C397&amp;ssl=1 706w, https:\/\/i0.wp.com\/casadecampoliving.com\/wp-content\/uploads\/2022\/10\/5-VIP-Lounge.jpg?resize=150%2C84&amp;ssl=1 150w, https:\/\/i0.wp.com\/casadecampoliving.com\/wp-content\/uploads\/2022\/10\/5-VIP-Lounge.jpg?w=370&amp;ssl=1 370w\" sizes=\"auto, (max-width: 1000px) 100vw, 1000px\" \/><\/figure>\n\n\n\n<figure class=\"wp-block-image size-large\"><img data-recalc-dims=\"1\" loading=\"lazy\" decoding=\"async\" width=\"1000\" height=\"563\" data-id=\"401789\" src=\"https:\/\/i0.wp.com\/casadecampoliving.com\/wp-content\/uploads\/2022\/10\/3-Master-Plan-2.jpg?resize=1000%2C563&#038;ssl=1\" alt=\"\" class=\"wp-image-401789\" srcset=\"https:\/\/i0.wp.com\/casadecampoliving.com\/wp-content\/uploads\/2022\/10\/3-Master-Plan-2.jpg?w=1000&amp;ssl=1 1000w, https:\/\/i0.wp.com\/casadecampoliving.com\/wp-content\/uploads\/2022\/10\/3-Master-Plan-2.jpg?resize=300%2C169&amp;ssl=1 300w, https:\/\/i0.wp.com\/casadecampoliving.com\/wp-content\/uploads\/2022\/10\/3-Master-Plan-2.jpg?resize=768%2C432&amp;ssl=1 768w, https:\/\/i0.wp.com\/casadecampoliving.com\/wp-content\/uploads\/2022\/10\/3-Master-Plan-2.jpg?resize=400%2C225&amp;ssl=1 400w, https:\/\/i0.wp.com\/casadecampoliving.com\/wp-content\/uploads\/2022\/10\/3-Master-Plan-2.jpg?resize=706%2C397&amp;ssl=1 706w, https:\/\/i0.wp.com\/casadecampoliving.com\/wp-content\/uploads\/2022\/10\/3-Master-Plan-2.jpg?resize=150%2C84&amp;ssl=1 150w, https:\/\/i0.wp.com\/casadecampoliving.com\/wp-content\/uploads\/2022\/10\/3-Master-Plan-2.jpg?w=370&amp;ssl=1 370w\" sizes=\"auto, (max-width: 1000px) 100vw, 1000px\" \/><\/figure>\n\n\n\n<figure class=\"wp-block-image size-large\"><img data-recalc-dims=\"1\" loading=\"lazy\" decoding=\"async\" width=\"1000\" height=\"563\" data-id=\"401815\" src=\"https:\/\/i0.wp.com\/casadecampoliving.com\/wp-content\/uploads\/2022\/10\/6-Edificio-Jr-Suites.jpg?resize=1000%2C563&#038;ssl=1\" alt=\"\" class=\"wp-image-401815\" srcset=\"https:\/\/i0.wp.com\/casadecampoliving.com\/wp-content\/uploads\/2022\/10\/6-Edificio-Jr-Suites.jpg?w=1000&amp;ssl=1 1000w, https:\/\/i0.wp.com\/casadecampoliving.com\/wp-content\/uploads\/2022\/10\/6-Edificio-Jr-Suites.jpg?resize=300%2C169&amp;ssl=1 300w, https:\/\/i0.wp.com\/casadecampoliving.com\/wp-content\/uploads\/2022\/10\/6-Edificio-Jr-Suites.jpg?resize=768%2C432&amp;ssl=1 768w, https:\/\/i0.wp.com\/casadecampoliving.com\/wp-content\/uploads\/2022\/10\/6-Edificio-Jr-Suites.jpg?resize=400%2C225&amp;ssl=1 400w, https:\/\/i0.wp.com\/casadecampoliving.com\/wp-content\/uploads\/2022\/10\/6-Edificio-Jr-Suites.jpg?resize=706%2C397&amp;ssl=1 706w, https:\/\/i0.wp.com\/casadecampoliving.com\/wp-content\/uploads\/2022\/10\/6-Edificio-Jr-Suites.jpg?resize=150%2C84&amp;ssl=1 150w, https:\/\/i0.wp.com\/casadecampoliving.com\/wp-content\/uploads\/2022\/10\/6-Edificio-Jr-Suites.jpg?w=370&amp;ssl=1 370w\" sizes=\"auto, (max-width: 1000px) 100vw, 1000px\" \/><\/figure>\n\n\n\n<figure class=\"wp-block-image size-large\"><img data-recalc-dims=\"1\" loading=\"lazy\" decoding=\"async\" width=\"1000\" height=\"514\" data-id=\"401838\" src=\"https:\/\/i0.wp.com\/casadecampoliving.com\/wp-content\/uploads\/2022\/10\/4-VIP-Lounge-Jr-Suites.jpg?resize=1000%2C514&#038;ssl=1\" alt=\"\" class=\"wp-image-401838\" srcset=\"https:\/\/i0.wp.com\/casadecampoliving.com\/wp-content\/uploads\/2022\/10\/4-VIP-Lounge-Jr-Suites.jpg?w=1000&amp;ssl=1 1000w, https:\/\/i0.wp.com\/casadecampoliving.com\/wp-content\/uploads\/2022\/10\/4-VIP-Lounge-Jr-Suites.jpg?resize=300%2C154&amp;ssl=1 300w, https:\/\/i0.wp.com\/casadecampoliving.com\/wp-content\/uploads\/2022\/10\/4-VIP-Lounge-Jr-Suites.jpg?resize=768%2C395&amp;ssl=1 768w, https:\/\/i0.wp.com\/casadecampoliving.com\/wp-content\/uploads\/2022\/10\/4-VIP-Lounge-Jr-Suites.jpg?resize=400%2C206&amp;ssl=1 400w, https:\/\/i0.wp.com\/casadecampoliving.com\/wp-content\/uploads\/2022\/10\/4-VIP-Lounge-Jr-Suites.jpg?resize=706%2C363&amp;ssl=1 706w, https:\/\/i0.wp.com\/casadecampoliving.com\/wp-content\/uploads\/2022\/10\/4-VIP-Lounge-Jr-Suites.jpg?resize=150%2C77&amp;ssl=1 150w, https:\/\/i0.wp.com\/casadecampoliving.com\/wp-content\/uploads\/2022\/10\/4-VIP-Lounge-Jr-Suites.jpg?w=370&amp;ssl=1 370w\" sizes=\"auto, (max-width: 1000px) 100vw, 1000px\" \/><\/figure>\n\n\n\n<figure class=\"wp-block-image size-large\"><img data-recalc-dims=\"1\" loading=\"lazy\" decoding=\"async\" width=\"1000\" height=\"563\" data-id=\"401862\" src=\"https:\/\/i0.wp.com\/casadecampoliving.com\/wp-content\/uploads\/2022\/10\/7-Edificio-Jr-Suites.jpg?resize=1000%2C563&#038;ssl=1\" alt=\"\" class=\"wp-image-401862\" srcset=\"https:\/\/i0.wp.com\/casadecampoliving.com\/wp-content\/uploads\/2022\/10\/7-Edificio-Jr-Suites.jpg?w=1000&amp;ssl=1 1000w, https:\/\/i0.wp.com\/casadecampoliving.com\/wp-content\/uploads\/2022\/10\/7-Edificio-Jr-Suites.jpg?resize=300%2C169&amp;ssl=1 300w, https:\/\/i0.wp.com\/casadecampoliving.com\/wp-content\/uploads\/2022\/10\/7-Edificio-Jr-Suites.jpg?resize=768%2C432&amp;ssl=1 768w, https:\/\/i0.wp.com\/casadecampoliving.com\/wp-content\/uploads\/2022\/10\/7-Edificio-Jr-Suites.jpg?resize=400%2C225&amp;ssl=1 400w, https:\/\/i0.wp.com\/casadecampoliving.com\/wp-content\/uploads\/2022\/10\/7-Edificio-Jr-Suites.jpg?resize=706%2C397&amp;ssl=1 706w, https:\/\/i0.wp.com\/casadecampoliving.com\/wp-content\/uploads\/2022\/10\/7-Edificio-Jr-Suites.jpg?resize=150%2C84&amp;ssl=1 150w, https:\/\/i0.wp.com\/casadecampoliving.com\/wp-content\/uploads\/2022\/10\/7-Edificio-Jr-Suites.jpg?w=370&amp;ssl=1 370w\" sizes=\"auto, (max-width: 1000px) 100vw, 1000px\" \/><\/figure>\n\n\n\n<figure class=\"wp-block-image size-large\"><img data-recalc-dims=\"1\" loading=\"lazy\" decoding=\"async\" width=\"1000\" height=\"563\" data-id=\"401882\" src=\"https:\/\/i0.wp.com\/casadecampoliving.com\/wp-content\/uploads\/2022\/10\/11-Jr-Suites.jpg?resize=1000%2C563&#038;ssl=1\" alt=\"\" class=\"wp-image-401882\" srcset=\"https:\/\/i0.wp.com\/casadecampoliving.com\/wp-content\/uploads\/2022\/10\/11-Jr-Suites.jpg?w=1000&amp;ssl=1 1000w, https:\/\/i0.wp.com\/casadecampoliving.com\/wp-content\/uploads\/2022\/10\/11-Jr-Suites.jpg?resize=300%2C169&amp;ssl=1 300w, https:\/\/i0.wp.com\/casadecampoliving.com\/wp-content\/uploads\/2022\/10\/11-Jr-Suites.jpg?resize=768%2C432&amp;ssl=1 768w, https:\/\/i0.wp.com\/casadecampoliving.com\/wp-content\/uploads\/2022\/10\/11-Jr-Suites.jpg?resize=400%2C225&amp;ssl=1 400w, https:\/\/i0.wp.com\/casadecampoliving.com\/wp-content\/uploads\/2022\/10\/11-Jr-Suites.jpg?resize=706%2C397&amp;ssl=1 706w, https:\/\/i0.wp.com\/casadecampoliving.com\/wp-content\/uploads\/2022\/10\/11-Jr-Suites.jpg?resize=150%2C84&amp;ssl=1 150w, https:\/\/i0.wp.com\/casadecampoliving.com\/wp-content\/uploads\/2022\/10\/11-Jr-Suites.jpg?w=370&amp;ssl=1 370w\" sizes=\"auto, (max-width: 1000px) 100vw, 1000px\" \/><\/figure>\n\n\n\n<figure class=\"wp-block-image size-large\"><img data-recalc-dims=\"1\" loading=\"lazy\" decoding=\"async\" width=\"1000\" height=\"563\" data-id=\"401903\" src=\"https:\/\/i0.wp.com\/casadecampoliving.com\/wp-content\/uploads\/2022\/10\/8-Jr-Suites.jpg?resize=1000%2C563&#038;ssl=1\" alt=\"\" class=\"wp-image-401903\" srcset=\"https:\/\/i0.wp.com\/casadecampoliving.com\/wp-content\/uploads\/2022\/10\/8-Jr-Suites.jpg?w=1000&amp;ssl=1 1000w, https:\/\/i0.wp.com\/casadecampoliving.com\/wp-content\/uploads\/2022\/10\/8-Jr-Suites.jpg?resize=300%2C169&amp;ssl=1 300w, https:\/\/i0.wp.com\/casadecampoliving.com\/wp-content\/uploads\/2022\/10\/8-Jr-Suites.jpg?resize=768%2C432&amp;ssl=1 768w, https:\/\/i0.wp.com\/casadecampoliving.com\/wp-content\/uploads\/2022\/10\/8-Jr-Suites.jpg?resize=400%2C225&amp;ssl=1 400w, https:\/\/i0.wp.com\/casadecampoliving.com\/wp-content\/uploads\/2022\/10\/8-Jr-Suites.jpg?resize=706%2C397&amp;ssl=1 706w, https:\/\/i0.wp.com\/casadecampoliving.com\/wp-content\/uploads\/2022\/10\/8-Jr-Suites.jpg?resize=150%2C84&amp;ssl=1 150w, https:\/\/i0.wp.com\/casadecampoliving.com\/wp-content\/uploads\/2022\/10\/8-Jr-Suites.jpg?w=370&amp;ssl=1 370w\" sizes=\"auto, (max-width: 1000px) 100vw, 1000px\" \/><\/figure>\n\n\n\n<figure class=\"wp-block-image size-large\"><img data-recalc-dims=\"1\" loading=\"lazy\" decoding=\"async\" width=\"1000\" height=\"563\" data-id=\"401927\" src=\"https:\/\/i0.wp.com\/casadecampoliving.com\/wp-content\/uploads\/2022\/10\/10-Jr-Suites.jpg?resize=1000%2C563&#038;ssl=1\" alt=\"\" class=\"wp-image-401927\" srcset=\"https:\/\/i0.wp.com\/casadecampoliving.com\/wp-content\/uploads\/2022\/10\/10-Jr-Suites.jpg?w=1000&amp;ssl=1 1000w, https:\/\/i0.wp.com\/casadecampoliving.com\/wp-content\/uploads\/2022\/10\/10-Jr-Suites.jpg?resize=300%2C169&amp;ssl=1 300w, https:\/\/i0.wp.com\/casadecampoliving.com\/wp-content\/uploads\/2022\/10\/10-Jr-Suites.jpg?resize=768%2C432&amp;ssl=1 768w, https:\/\/i0.wp.com\/casadecampoliving.com\/wp-content\/uploads\/2022\/10\/10-Jr-Suites.jpg?resize=400%2C225&amp;ssl=1 400w, https:\/\/i0.wp.com\/casadecampoliving.com\/wp-content\/uploads\/2022\/10\/10-Jr-Suites.jpg?resize=706%2C397&amp;ssl=1 706w, https:\/\/i0.wp.com\/casadecampoliving.com\/wp-content\/uploads\/2022\/10\/10-Jr-Suites.jpg?resize=150%2C84&amp;ssl=1 150w, https:\/\/i0.wp.com\/casadecampoliving.com\/wp-content\/uploads\/2022\/10\/10-Jr-Suites.jpg?w=370&amp;ssl=1 370w\" sizes=\"auto, (max-width: 1000px) 100vw, 1000px\" \/><\/figure>\n\n\n\n<figure class=\"wp-block-image size-large\"><img data-recalc-dims=\"1\" loading=\"lazy\" decoding=\"async\" width=\"1000\" height=\"563\" data-id=\"401953\" src=\"https:\/\/i0.wp.com\/casadecampoliving.com\/wp-content\/uploads\/2022\/10\/9-Jr-Suites.jpg?resize=1000%2C563&#038;ssl=1\" alt=\"\" class=\"wp-image-401953\" srcset=\"https:\/\/i0.wp.com\/casadecampoliving.com\/wp-content\/uploads\/2022\/10\/9-Jr-Suites.jpg?w=1000&amp;ssl=1 1000w, https:\/\/i0.wp.com\/casadecampoliving.com\/wp-content\/uploads\/2022\/10\/9-Jr-Suites.jpg?resize=300%2C169&amp;ssl=1 300w, https:\/\/i0.wp.com\/casadecampoliving.com\/wp-content\/uploads\/2022\/10\/9-Jr-Suites.jpg?resize=768%2C432&amp;ssl=1 768w, https:\/\/i0.wp.com\/casadecampoliving.com\/wp-content\/uploads\/2022\/10\/9-Jr-Suites.jpg?resize=400%2C225&amp;ssl=1 400w, https:\/\/i0.wp.com\/casadecampoliving.com\/wp-content\/uploads\/2022\/10\/9-Jr-Suites.jpg?resize=706%2C397&amp;ssl=1 706w, https:\/\/i0.wp.com\/casadecampoliving.com\/wp-content\/uploads\/2022\/10\/9-Jr-Suites.jpg?resize=150%2C84&amp;ssl=1 150w, https:\/\/i0.wp.com\/casadecampoliving.com\/wp-content\/uploads\/2022\/10\/9-Jr-Suites.jpg?w=370&amp;ssl=1 370w\" sizes=\"auto, (max-width: 1000px) 100vw, 1000px\" \/><\/figure>\n\n\n\n<figure class=\"wp-block-image size-large\"><img data-recalc-dims=\"1\" loading=\"lazy\" decoding=\"async\" width=\"1000\" height=\"563\" data-id=\"401973\" src=\"https:\/\/i0.wp.com\/casadecampoliving.com\/wp-content\/uploads\/2022\/10\/12-Centro-de-Spa.jpg?resize=1000%2C563&#038;ssl=1\" alt=\"\" class=\"wp-image-401973\" srcset=\"https:\/\/i0.wp.com\/casadecampoliving.com\/wp-content\/uploads\/2022\/10\/12-Centro-de-Spa.jpg?w=1000&amp;ssl=1 1000w, https:\/\/i0.wp.com\/casadecampoliving.com\/wp-content\/uploads\/2022\/10\/12-Centro-de-Spa.jpg?resize=300%2C169&amp;ssl=1 300w, https:\/\/i0.wp.com\/casadecampoliving.com\/wp-content\/uploads\/2022\/10\/12-Centro-de-Spa.jpg?resize=768%2C432&amp;ssl=1 768w, https:\/\/i0.wp.com\/casadecampoliving.com\/wp-content\/uploads\/2022\/10\/12-Centro-de-Spa.jpg?resize=400%2C225&amp;ssl=1 400w, https:\/\/i0.wp.com\/casadecampoliving.com\/wp-content\/uploads\/2022\/10\/12-Centro-de-Spa.jpg?resize=706%2C397&amp;ssl=1 706w, https:\/\/i0.wp.com\/casadecampoliving.com\/wp-content\/uploads\/2022\/10\/12-Centro-de-Spa.jpg?resize=150%2C84&amp;ssl=1 150w, https:\/\/i0.wp.com\/casadecampoliving.com\/wp-content\/uploads\/2022\/10\/12-Centro-de-Spa.jpg?w=370&amp;ssl=1 370w\" sizes=\"auto, (max-width: 1000px) 100vw, 1000px\" \/><\/figure>\n\n\n\n<figure class=\"wp-block-image size-large\"><img data-recalc-dims=\"1\" loading=\"lazy\" decoding=\"async\" width=\"1000\" height=\"563\" data-id=\"401997\" src=\"https:\/\/i0.wp.com\/casadecampoliving.com\/wp-content\/uploads\/2022\/10\/13-Centro-de-Spa.jpg?resize=1000%2C563&#038;ssl=1\" alt=\"\" class=\"wp-image-401997\" srcset=\"https:\/\/i0.wp.com\/casadecampoliving.com\/wp-content\/uploads\/2022\/10\/13-Centro-de-Spa.jpg?w=1000&amp;ssl=1 1000w, https:\/\/i0.wp.com\/casadecampoliving.com\/wp-content\/uploads\/2022\/10\/13-Centro-de-Spa.jpg?resize=300%2C169&amp;ssl=1 300w, https:\/\/i0.wp.com\/casadecampoliving.com\/wp-content\/uploads\/2022\/10\/13-Centro-de-Spa.jpg?resize=768%2C432&amp;ssl=1 768w, https:\/\/i0.wp.com\/casadecampoliving.com\/wp-content\/uploads\/2022\/10\/13-Centro-de-Spa.jpg?resize=400%2C225&amp;ssl=1 400w, https:\/\/i0.wp.com\/casadecampoliving.com\/wp-content\/uploads\/2022\/10\/13-Centro-de-Spa.jpg?resize=706%2C397&amp;ssl=1 706w, https:\/\/i0.wp.com\/casadecampoliving.com\/wp-content\/uploads\/2022\/10\/13-Centro-de-Spa.jpg?resize=150%2C84&amp;ssl=1 150w, https:\/\/i0.wp.com\/casadecampoliving.com\/wp-content\/uploads\/2022\/10\/13-Centro-de-Spa.jpg?w=370&amp;ssl=1 370w\" sizes=\"auto, (max-width: 1000px) 100vw, 1000px\" \/><\/figure>\n\n\n\n<figure class=\"wp-block-image size-large\"><img data-recalc-dims=\"1\" loading=\"lazy\" decoding=\"async\" width=\"1000\" height=\"563\" data-id=\"402019\" src=\"https:\/\/i0.wp.com\/casadecampoliving.com\/wp-content\/uploads\/2022\/10\/14-Centro-de-Spa.jpg?resize=1000%2C563&#038;ssl=1\" alt=\"\" class=\"wp-image-402019\" srcset=\"https:\/\/i0.wp.com\/casadecampoliving.com\/wp-content\/uploads\/2022\/10\/14-Centro-de-Spa.jpg?w=1000&amp;ssl=1 1000w, https:\/\/i0.wp.com\/casadecampoliving.com\/wp-content\/uploads\/2022\/10\/14-Centro-de-Spa.jpg?resize=300%2C169&amp;ssl=1 300w, https:\/\/i0.wp.com\/casadecampoliving.com\/wp-content\/uploads\/2022\/10\/14-Centro-de-Spa.jpg?resize=768%2C432&amp;ssl=1 768w, https:\/\/i0.wp.com\/casadecampoliving.com\/wp-content\/uploads\/2022\/10\/14-Centro-de-Spa.jpg?resize=400%2C225&amp;ssl=1 400w, https:\/\/i0.wp.com\/casadecampoliving.com\/wp-content\/uploads\/2022\/10\/14-Centro-de-Spa.jpg?resize=706%2C397&amp;ssl=1 706w, https:\/\/i0.wp.com\/casadecampoliving.com\/wp-content\/uploads\/2022\/10\/14-Centro-de-Spa.jpg?resize=150%2C84&amp;ssl=1 150w, https:\/\/i0.wp.com\/casadecampoliving.com\/wp-content\/uploads\/2022\/10\/14-Centro-de-Spa.jpg?w=370&amp;ssl=1 370w\" sizes=\"auto, (max-width: 1000px) 100vw, 1000px\" \/><\/figure>\n\n\n\n<figure class=\"wp-block-image size-large\"><img data-recalc-dims=\"1\" loading=\"lazy\" decoding=\"async\" width=\"1000\" height=\"563\" data-id=\"402039\" src=\"https:\/\/i0.wp.com\/casadecampoliving.com\/wp-content\/uploads\/2022\/10\/15-Centro-de-Spa.jpg?resize=1000%2C563&#038;ssl=1\" alt=\"\" class=\"wp-image-402039\" srcset=\"https:\/\/i0.wp.com\/casadecampoliving.com\/wp-content\/uploads\/2022\/10\/15-Centro-de-Spa.jpg?w=1000&amp;ssl=1 1000w, https:\/\/i0.wp.com\/casadecampoliving.com\/wp-content\/uploads\/2022\/10\/15-Centro-de-Spa.jpg?resize=300%2C169&amp;ssl=1 300w, https:\/\/i0.wp.com\/casadecampoliving.com\/wp-content\/uploads\/2022\/10\/15-Centro-de-Spa.jpg?resize=768%2C432&amp;ssl=1 768w, https:\/\/i0.wp.com\/casadecampoliving.com\/wp-content\/uploads\/2022\/10\/15-Centro-de-Spa.jpg?resize=400%2C225&amp;ssl=1 400w, https:\/\/i0.wp.com\/casadecampoliving.com\/wp-content\/uploads\/2022\/10\/15-Centro-de-Spa.jpg?resize=706%2C397&amp;ssl=1 706w, https:\/\/i0.wp.com\/casadecampoliving.com\/wp-content\/uploads\/2022\/10\/15-Centro-de-Spa.jpg?resize=150%2C84&amp;ssl=1 150w, https:\/\/i0.wp.com\/casadecampoliving.com\/wp-content\/uploads\/2022\/10\/15-Centro-de-Spa.jpg?w=370&amp;ssl=1 370w\" sizes=\"auto, (max-width: 1000px) 100vw, 1000px\" \/><\/figure>\n<\/figure>\n\n\nFotos del ceremonia de primer palazo, tomadas por Mairobi Herrera:\n\n[nggallery id=3408]","protected":false},"excerpt":{"rendered":"<p>El pasado s\u00e1bado, 13 de noviembre en una actividad realizada en Casa de Campo Resort &amp; Villas y con la presencia del Presidente Luis Abinader; el se\u00f1or David Collado, Ministro de Turismo; se\u00f1or Andr\u00e9s Pichardo Rosenberg, Presidente de Casa de Campo Resort; y los principales ejecutivos de la Corporaci\u00f3n Central Romana; los se\u00f1ores Ram\u00f3n Men\u00e9ndez, [&hellip;]<\/p>\n","protected":false},"author":36791,"featured_media":334176,"comment_status":"closed","ping_status":"closed","sticky":false,"template":"","format":"standard","meta":{"newspack_ads_suppress_ads":false,"newspack_popups_has_disabled_popups":false,"newspack_sponsor_sponsorship_scope":"","newspack_sponsor_native_byline_display":"inherit","newspack_sponsor_native_category_display":"inherit","newspack_sponsor_underwriter_style":"inherit","newspack_sponsor_underwriter_placement":"inherit","_newspack_byline_active":false,"_newspack_byline":"","newspack_hide_updated_date":false,"newspack_show_updated_date":false,"newspack_content_restriction_is_exempt":false,"newspack_featured_image_position":"","newspack_post_subtitle":"","newspack_article_summary_title":"Overview:","newspack_article_summary":"","_jetpack_memberships_contains_paid_content":false,"footnotes":"","jetpack_publicize_message":"","jetpack_publicize_feature_enabled":true,"jetpack_social_post_already_shared":false,"jetpack_social_options":{"image_generator_settings":{"template":"highway","default_image_id":0,"font":"","enabled":false},"version":2},"_wpas_customize_per_network":false},"categories":[26936,26820,2521,2522,2524,2526,14625,26822,14627],"tags":[19904,23815,25139,24983,14736,8669,12701,764,6068,2899,8670],"newspack_spnsrs_tax":[],"class_list":["post-354198","post","type-post","status-publish","format-standard","has-post-thumbnail","hentry","category-casa-de-campo-living-es","category-casa-de-campo-resort","category-republica-dominicana-2","category-eventos-es","category-destacados","category-titulares-es","category-noticias-locales","category-resort-casa-de-campo","category-proximamente","tag-andres-pichardo-rosenberg","tag-casa-de-campo-es-17","tag-casa-de-campo-resort-and-villas","tag-david-collado","tag-featured-topview-es","tag-hoteles","tag-inversion","tag-leo-matos","tag-pepe-fanjul-jr","tag-ramon-menendez","tag-turismo","entry"],"yoast_head":"<!-- This site is optimized with the Yoast SEO plugin v27.4 - https:\/\/yoast.com\/product\/yoast-seo-wordpress\/ -->\n<title>Con la presencia del Presidente Luis Abinader, Casa de Campo anuncia el inicio de la ampliaci\u00f3n de su renombrado hotel | Casa de Campo Living<\/title>\n<meta name=\"description\" content=\"El pasado s\u00e1bado, 13 de noviembre en una actividad realizada en Casa de Campo Resort &amp; Villas y con la presencia del Presidente Luis Abinader; el\" \/>\n<meta name=\"robots\" content=\"index, follow, max-snippet:-1, max-image-preview:large, max-video-preview:-1\" \/>\n<link rel=\"canonical\" href=\"https:\/\/casadecampoliving.com\/es\/con-la-presencia-del-presidente-abinader-casa-de-campo-anuncia-el-inicio-de-la-ampliacion-de-su-renombrado-hotel\/\" \/>\n<meta property=\"og:locale\" content=\"es_ES\" \/>\n<meta property=\"og:type\" content=\"article\" \/>\n<meta property=\"og:title\" content=\"Con la presencia del Presidente Luis Abinader, Casa de Campo anuncia el inicio de la ampliaci\u00f3n de su renombrado hotel | Casa de Campo Living\" \/>\n<meta property=\"og:description\" content=\"El pasado s\u00e1bado, 13 de noviembre en una actividad realizada en Casa de Campo Resort &amp; Villas y con la presencia del Presidente Luis Abinader; el\" \/>\n<meta property=\"og:url\" content=\"https:\/\/casadecampoliving.com\/es\/con-la-presencia-del-presidente-abinader-casa-de-campo-anuncia-el-inicio-de-la-ampliacion-de-su-renombrado-hotel\/\" \/>\n<meta property=\"og:site_name\" content=\"Casa de Campo Living\" \/>\n<meta property=\"article:publisher\" content=\"https:\/\/www.facebook.com\/casadecampoliving\" \/>\n<meta property=\"article:published_time\" content=\"2021-11-15T04:00:00+00:00\" \/>\n<meta property=\"article:modified_time\" content=\"2022-11-10T14:30:22+00:00\" \/>\n<meta property=\"og:image\" content=\"https:\/\/i0.wp.com\/casadecampoliving.com\/wp-content\/uploads\/2022\/10\/EJ4B6562-1.jpg?fit=1000%2C667&ssl=1\" \/>\n\t<meta property=\"og:image:width\" content=\"1000\" \/>\n\t<meta property=\"og:image:height\" content=\"667\" \/>\n\t<meta property=\"og:image:type\" content=\"image\/jpeg\" \/>\n<meta name=\"author\" content=\"Casa de Campo Living\" \/>\n<meta name=\"twitter:card\" content=\"summary_large_image\" \/>\n<meta name=\"twitter:creator\" content=\"@cdcliving\" \/>\n<meta name=\"twitter:site\" content=\"@cdcliving\" \/>\n<meta name=\"twitter:label1\" content=\"Escrito por\" \/>\n\t<meta name=\"twitter:data1\" content=\"Casa de Campo Living\" \/>\n\t<meta name=\"twitter:label2\" content=\"Tiempo de lectura\" \/>\n\t<meta name=\"twitter:data2\" content=\"3 minutos\" \/>\n<script type=\"application\/ld+json\" class=\"yoast-schema-graph\">{\"@context\":\"https:\\\/\\\/schema.org\",\"@graph\":[{\"@type\":\"Article\",\"@id\":\"https:\\\/\\\/casadecampoliving.com\\\/es\\\/con-la-presencia-del-presidente-abinader-casa-de-campo-anuncia-el-inicio-de-la-ampliacion-de-su-renombrado-hotel\\\/#article\",\"isPartOf\":{\"@id\":\"https:\\\/\\\/casadecampoliving.com\\\/es\\\/con-la-presencia-del-presidente-abinader-casa-de-campo-anuncia-el-inicio-de-la-ampliacion-de-su-renombrado-hotel\\\/\"},\"author\":{\"name\":\"Casa de Campo Living\",\"@id\":\"https:\\\/\\\/casadecampoliving.com\\\/es\\\/#\\\/schema\\\/person\\\/5d2171637a9d11e0e43ce6b8555f9422\"},\"headline\":\"Con la presencia del Presidente Luis Abinader, Casa de Campo anuncia el inicio de la ampliaci\u00f3n de su renombrado hotel\",\"datePublished\":\"2021-11-15T04:00:00+00:00\",\"dateModified\":\"2022-11-10T14:30:22+00:00\",\"mainEntityOfPage\":{\"@id\":\"https:\\\/\\\/casadecampoliving.com\\\/es\\\/con-la-presencia-del-presidente-abinader-casa-de-campo-anuncia-el-inicio-de-la-ampliacion-de-su-renombrado-hotel\\\/\"},\"wordCount\":609,\"publisher\":{\"@id\":\"https:\\\/\\\/casadecampoliving.com\\\/es\\\/#organization\"},\"image\":{\"@id\":\"https:\\\/\\\/casadecampoliving.com\\\/es\\\/con-la-presencia-del-presidente-abinader-casa-de-campo-anuncia-el-inicio-de-la-ampliacion-de-su-renombrado-hotel\\\/#primaryimage\"},\"thumbnailUrl\":\"https:\\\/\\\/i0.wp.com\\\/casadecampoliving.com\\\/wp-content\\\/uploads\\\/2022\\\/10\\\/EJ4B6562-1.jpg?fit=1000%2C667&ssl=1\",\"keywords\":[\"Andres Pichardo Rosenberg\",\"Casa de Campo\",\"Casa de campo resort and villas\",\"David Collado\",\"Featured-TopView @es\",\"hoteles\",\"Inversi\u00f3n\",\"Leo Matos\",\"pepe fanjul jr\",\"ramon menendez\",\"turismo\"],\"articleSection\":[\"Casa de Campo Living @es\",\"Casa de Campo Resort\",\"Rep\u00fablica Dominicana @es\",\"Eventos\",\"Destacados\",\"Titulares\",\"Noticias Locales\",\"Resort Casa de Campo\",\"Proximamente\"],\"inLanguage\":\"es\"},{\"@type\":\"WebPage\",\"@id\":\"https:\\\/\\\/casadecampoliving.com\\\/es\\\/con-la-presencia-del-presidente-abinader-casa-de-campo-anuncia-el-inicio-de-la-ampliacion-de-su-renombrado-hotel\\\/\",\"url\":\"https:\\\/\\\/casadecampoliving.com\\\/es\\\/con-la-presencia-del-presidente-abinader-casa-de-campo-anuncia-el-inicio-de-la-ampliacion-de-su-renombrado-hotel\\\/\",\"name\":\"Con la presencia del Presidente Luis Abinader, Casa de Campo anuncia el inicio de la ampliaci\u00f3n de su renombrado hotel | Casa de Campo Living\",\"isPartOf\":{\"@id\":\"https:\\\/\\\/casadecampoliving.com\\\/es\\\/#website\"},\"primaryImageOfPage\":{\"@id\":\"https:\\\/\\\/casadecampoliving.com\\\/es\\\/con-la-presencia-del-presidente-abinader-casa-de-campo-anuncia-el-inicio-de-la-ampliacion-de-su-renombrado-hotel\\\/#primaryimage\"},\"image\":{\"@id\":\"https:\\\/\\\/casadecampoliving.com\\\/es\\\/con-la-presencia-del-presidente-abinader-casa-de-campo-anuncia-el-inicio-de-la-ampliacion-de-su-renombrado-hotel\\\/#primaryimage\"},\"thumbnailUrl\":\"https:\\\/\\\/i0.wp.com\\\/casadecampoliving.com\\\/wp-content\\\/uploads\\\/2022\\\/10\\\/EJ4B6562-1.jpg?fit=1000%2C667&ssl=1\",\"datePublished\":\"2021-11-15T04:00:00+00:00\",\"dateModified\":\"2022-11-10T14:30:22+00:00\",\"description\":\"El pasado s\u00e1bado, 13 de noviembre en una actividad realizada en Casa de Campo Resort &amp; Villas y con la presencia del Presidente Luis Abinader; el\",\"breadcrumb\":{\"@id\":\"https:\\\/\\\/casadecampoliving.com\\\/es\\\/con-la-presencia-del-presidente-abinader-casa-de-campo-anuncia-el-inicio-de-la-ampliacion-de-su-renombrado-hotel\\\/#breadcrumb\"},\"inLanguage\":\"es\",\"potentialAction\":[{\"@type\":\"ReadAction\",\"target\":[\"https:\\\/\\\/casadecampoliving.com\\\/es\\\/con-la-presencia-del-presidente-abinader-casa-de-campo-anuncia-el-inicio-de-la-ampliacion-de-su-renombrado-hotel\\\/\"]}]},{\"@type\":\"ImageObject\",\"inLanguage\":\"es\",\"@id\":\"https:\\\/\\\/casadecampoliving.com\\\/es\\\/con-la-presencia-del-presidente-abinader-casa-de-campo-anuncia-el-inicio-de-la-ampliacion-de-su-renombrado-hotel\\\/#primaryimage\",\"url\":\"https:\\\/\\\/i0.wp.com\\\/casadecampoliving.com\\\/wp-content\\\/uploads\\\/2022\\\/10\\\/EJ4B6562-1.jpg?fit=1000%2C667&ssl=1\",\"contentUrl\":\"https:\\\/\\\/i0.wp.com\\\/casadecampoliving.com\\\/wp-content\\\/uploads\\\/2022\\\/10\\\/EJ4B6562-1.jpg?fit=1000%2C667&ssl=1\",\"width\":1000,\"height\":667},{\"@type\":\"BreadcrumbList\",\"@id\":\"https:\\\/\\\/casadecampoliving.com\\\/es\\\/con-la-presencia-del-presidente-abinader-casa-de-campo-anuncia-el-inicio-de-la-ampliacion-de-su-renombrado-hotel\\\/#breadcrumb\",\"itemListElement\":[{\"@type\":\"ListItem\",\"position\":1,\"name\":\"Home\",\"item\":\"https:\\\/\\\/casadecampoliving.com\\\/es\\\/\"},{\"@type\":\"ListItem\",\"position\":2,\"name\":\"Con la presencia del Presidente Luis Abinader, Casa de Campo anuncia el inicio de la ampliaci\u00f3n de su renombrado hotel\"}]},{\"@type\":\"WebSite\",\"@id\":\"https:\\\/\\\/casadecampoliving.com\\\/es\\\/#website\",\"url\":\"https:\\\/\\\/casadecampoliving.com\\\/es\\\/\",\"name\":\"Casa de Campo Living\",\"description\":\"Resort community news and resources.\",\"publisher\":{\"@id\":\"https:\\\/\\\/casadecampoliving.com\\\/es\\\/#organization\"},\"potentialAction\":[{\"@type\":\"SearchAction\",\"target\":{\"@type\":\"EntryPoint\",\"urlTemplate\":\"https:\\\/\\\/casadecampoliving.com\\\/es\\\/?s={search_term_string}\"},\"query-input\":{\"@type\":\"PropertyValueSpecification\",\"valueRequired\":true,\"valueName\":\"search_term_string\"}}],\"inLanguage\":\"es\"},{\"@type\":\"Organization\",\"@id\":\"https:\\\/\\\/casadecampoliving.com\\\/es\\\/#organization\",\"name\":\"Casa de Campo Living\",\"url\":\"https:\\\/\\\/casadecampoliving.com\\\/es\\\/\",\"logo\":{\"@type\":\"ImageObject\",\"inLanguage\":\"es\",\"@id\":\"https:\\\/\\\/casadecampoliving.com\\\/es\\\/#\\\/schema\\\/logo\\\/image\\\/\",\"url\":\"https:\\\/\\\/i0.wp.com\\\/casadecampoliving.com\\\/wp-content\\\/uploads\\\/2022\\\/07\\\/CDCLivingLogo_V1-white-sized.png?fit=800%2C214&ssl=1\",\"contentUrl\":\"https:\\\/\\\/i0.wp.com\\\/casadecampoliving.com\\\/wp-content\\\/uploads\\\/2022\\\/07\\\/CDCLivingLogo_V1-white-sized.png?fit=800%2C214&ssl=1\",\"width\":800,\"height\":214,\"caption\":\"Casa de Campo Living\"},\"image\":{\"@id\":\"https:\\\/\\\/casadecampoliving.com\\\/es\\\/#\\\/schema\\\/logo\\\/image\\\/\"},\"sameAs\":[\"https:\\\/\\\/www.facebook.com\\\/casadecampoliving\",\"https:\\\/\\\/x.com\\\/cdcliving\"]},{\"@type\":\"Person\",\"@id\":\"https:\\\/\\\/casadecampoliving.com\\\/es\\\/#\\\/schema\\\/person\\\/5d2171637a9d11e0e43ce6b8555f9422\",\"name\":\"Casa de Campo Living\",\"image\":{\"@type\":\"ImageObject\",\"inLanguage\":\"es\",\"@id\":\"https:\\\/\\\/secure.gravatar.com\\\/avatar\\\/d04101fa4a9fd431e939953b1500fdc7a73cd35029f86d98712fd8ccdaebaf9a?s=96&d=mm&r=g\",\"url\":\"https:\\\/\\\/secure.gravatar.com\\\/avatar\\\/d04101fa4a9fd431e939953b1500fdc7a73cd35029f86d98712fd8ccdaebaf9a?s=96&d=mm&r=g\",\"contentUrl\":\"https:\\\/\\\/secure.gravatar.com\\\/avatar\\\/d04101fa4a9fd431e939953b1500fdc7a73cd35029f86d98712fd8ccdaebaf9a?s=96&d=mm&r=g\",\"caption\":\"Casa de Campo Living\"},\"url\":\"https:\\\/\\\/casadecampoliving.com\\\/es\\\/author\\\/casa-de-campo-living\\\/\"}]}<\/script>\n<!-- \/ Yoast SEO plugin. -->","yoast_head_json":{"title":"Con la presencia del Presidente Luis Abinader, Casa de Campo anuncia el inicio de la ampliaci\u00f3n de su renombrado hotel | Casa de Campo Living","description":"El pasado s\u00e1bado, 13 de noviembre en una actividad realizada en Casa de Campo Resort &amp; Villas y con la presencia del Presidente Luis Abinader; el","robots":{"index":"index","follow":"follow","max-snippet":"max-snippet:-1","max-image-preview":"max-image-preview:large","max-video-preview":"max-video-preview:-1"},"canonical":"https:\/\/casadecampoliving.com\/es\/con-la-presencia-del-presidente-abinader-casa-de-campo-anuncia-el-inicio-de-la-ampliacion-de-su-renombrado-hotel\/","og_locale":"es_ES","og_type":"article","og_title":"Con la presencia del Presidente Luis Abinader, Casa de Campo anuncia el inicio de la ampliaci\u00f3n de su renombrado hotel | Casa de Campo Living","og_description":"El pasado s\u00e1bado, 13 de noviembre en una actividad realizada en Casa de Campo Resort &amp; Villas y con la presencia del Presidente Luis Abinader; el","og_url":"https:\/\/casadecampoliving.com\/es\/con-la-presencia-del-presidente-abinader-casa-de-campo-anuncia-el-inicio-de-la-ampliacion-de-su-renombrado-hotel\/","og_site_name":"Casa de Campo Living","article_publisher":"https:\/\/www.facebook.com\/casadecampoliving","article_published_time":"2021-11-15T04:00:00+00:00","article_modified_time":"2022-11-10T14:30:22+00:00","og_image":[{"width":1000,"height":667,"url":"https:\/\/i0.wp.com\/casadecampoliving.com\/wp-content\/uploads\/2022\/10\/EJ4B6562-1.jpg?fit=1000%2C667&ssl=1","type":"image\/jpeg"}],"author":"Casa de Campo Living","twitter_card":"summary_large_image","twitter_creator":"@cdcliving","twitter_site":"@cdcliving","twitter_misc":{"Escrito por":"Casa de Campo Living","Tiempo de lectura":"3 minutos"},"schema":{"@context":"https:\/\/schema.org","@graph":[{"@type":"Article","@id":"https:\/\/casadecampoliving.com\/es\/con-la-presencia-del-presidente-abinader-casa-de-campo-anuncia-el-inicio-de-la-ampliacion-de-su-renombrado-hotel\/#article","isPartOf":{"@id":"https:\/\/casadecampoliving.com\/es\/con-la-presencia-del-presidente-abinader-casa-de-campo-anuncia-el-inicio-de-la-ampliacion-de-su-renombrado-hotel\/"},"author":{"name":"Casa de Campo Living","@id":"https:\/\/casadecampoliving.com\/es\/#\/schema\/person\/5d2171637a9d11e0e43ce6b8555f9422"},"headline":"Con la presencia del Presidente Luis Abinader, Casa de Campo anuncia el inicio de la ampliaci\u00f3n de su renombrado hotel","datePublished":"2021-11-15T04:00:00+00:00","dateModified":"2022-11-10T14:30:22+00:00","mainEntityOfPage":{"@id":"https:\/\/casadecampoliving.com\/es\/con-la-presencia-del-presidente-abinader-casa-de-campo-anuncia-el-inicio-de-la-ampliacion-de-su-renombrado-hotel\/"},"wordCount":609,"publisher":{"@id":"https:\/\/casadecampoliving.com\/es\/#organization"},"image":{"@id":"https:\/\/casadecampoliving.com\/es\/con-la-presencia-del-presidente-abinader-casa-de-campo-anuncia-el-inicio-de-la-ampliacion-de-su-renombrado-hotel\/#primaryimage"},"thumbnailUrl":"https:\/\/i0.wp.com\/casadecampoliving.com\/wp-content\/uploads\/2022\/10\/EJ4B6562-1.jpg?fit=1000%2C667&ssl=1","keywords":["Andres Pichardo Rosenberg","Casa de Campo","Casa de campo resort and villas","David Collado","Featured-TopView @es","hoteles","Inversi\u00f3n","Leo Matos","pepe fanjul jr","ramon menendez","turismo"],"articleSection":["Casa de Campo Living @es","Casa de Campo Resort","Rep\u00fablica Dominicana @es","Eventos","Destacados","Titulares","Noticias Locales","Resort Casa de Campo","Proximamente"],"inLanguage":"es"},{"@type":"WebPage","@id":"https:\/\/casadecampoliving.com\/es\/con-la-presencia-del-presidente-abinader-casa-de-campo-anuncia-el-inicio-de-la-ampliacion-de-su-renombrado-hotel\/","url":"https:\/\/casadecampoliving.com\/es\/con-la-presencia-del-presidente-abinader-casa-de-campo-anuncia-el-inicio-de-la-ampliacion-de-su-renombrado-hotel\/","name":"Con la presencia del Presidente Luis Abinader, Casa de Campo anuncia el inicio de la ampliaci\u00f3n de su renombrado hotel | Casa de Campo Living","isPartOf":{"@id":"https:\/\/casadecampoliving.com\/es\/#website"},"primaryImageOfPage":{"@id":"https:\/\/casadecampoliving.com\/es\/con-la-presencia-del-presidente-abinader-casa-de-campo-anuncia-el-inicio-de-la-ampliacion-de-su-renombrado-hotel\/#primaryimage"},"image":{"@id":"https:\/\/casadecampoliving.com\/es\/con-la-presencia-del-presidente-abinader-casa-de-campo-anuncia-el-inicio-de-la-ampliacion-de-su-renombrado-hotel\/#primaryimage"},"thumbnailUrl":"https:\/\/i0.wp.com\/casadecampoliving.com\/wp-content\/uploads\/2022\/10\/EJ4B6562-1.jpg?fit=1000%2C667&ssl=1","datePublished":"2021-11-15T04:00:00+00:00","dateModified":"2022-11-10T14:30:22+00:00","description":"El pasado s\u00e1bado, 13 de noviembre en una actividad realizada en Casa de Campo Resort &amp; Villas y con la presencia del Presidente Luis Abinader; el","breadcrumb":{"@id":"https:\/\/casadecampoliving.com\/es\/con-la-presencia-del-presidente-abinader-casa-de-campo-anuncia-el-inicio-de-la-ampliacion-de-su-renombrado-hotel\/#breadcrumb"},"inLanguage":"es","potentialAction":[{"@type":"ReadAction","target":["https:\/\/casadecampoliving.com\/es\/con-la-presencia-del-presidente-abinader-casa-de-campo-anuncia-el-inicio-de-la-ampliacion-de-su-renombrado-hotel\/"]}]},{"@type":"ImageObject","inLanguage":"es","@id":"https:\/\/casadecampoliving.com\/es\/con-la-presencia-del-presidente-abinader-casa-de-campo-anuncia-el-inicio-de-la-ampliacion-de-su-renombrado-hotel\/#primaryimage","url":"https:\/\/i0.wp.com\/casadecampoliving.com\/wp-content\/uploads\/2022\/10\/EJ4B6562-1.jpg?fit=1000%2C667&ssl=1","contentUrl":"https:\/\/i0.wp.com\/casadecampoliving.com\/wp-content\/uploads\/2022\/10\/EJ4B6562-1.jpg?fit=1000%2C667&ssl=1","width":1000,"height":667},{"@type":"BreadcrumbList","@id":"https:\/\/casadecampoliving.com\/es\/con-la-presencia-del-presidente-abinader-casa-de-campo-anuncia-el-inicio-de-la-ampliacion-de-su-renombrado-hotel\/#breadcrumb","itemListElement":[{"@type":"ListItem","position":1,"name":"Home","item":"https:\/\/casadecampoliving.com\/es\/"},{"@type":"ListItem","position":2,"name":"Con la presencia del Presidente Luis Abinader, Casa de Campo anuncia el inicio de la ampliaci\u00f3n de su renombrado hotel"}]},{"@type":"WebSite","@id":"https:\/\/casadecampoliving.com\/es\/#website","url":"https:\/\/casadecampoliving.com\/es\/","name":"Casa de Campo Living","description":"Resort community news and resources.","publisher":{"@id":"https:\/\/casadecampoliving.com\/es\/#organization"},"potentialAction":[{"@type":"SearchAction","target":{"@type":"EntryPoint","urlTemplate":"https:\/\/casadecampoliving.com\/es\/?s={search_term_string}"},"query-input":{"@type":"PropertyValueSpecification","valueRequired":true,"valueName":"search_term_string"}}],"inLanguage":"es"},{"@type":"Organization","@id":"https:\/\/casadecampoliving.com\/es\/#organization","name":"Casa de Campo Living","url":"https:\/\/casadecampoliving.com\/es\/","logo":{"@type":"ImageObject","inLanguage":"es","@id":"https:\/\/casadecampoliving.com\/es\/#\/schema\/logo\/image\/","url":"https:\/\/i0.wp.com\/casadecampoliving.com\/wp-content\/uploads\/2022\/07\/CDCLivingLogo_V1-white-sized.png?fit=800%2C214&ssl=1","contentUrl":"https:\/\/i0.wp.com\/casadecampoliving.com\/wp-content\/uploads\/2022\/07\/CDCLivingLogo_V1-white-sized.png?fit=800%2C214&ssl=1","width":800,"height":214,"caption":"Casa de Campo Living"},"image":{"@id":"https:\/\/casadecampoliving.com\/es\/#\/schema\/logo\/image\/"},"sameAs":["https:\/\/www.facebook.com\/casadecampoliving","https:\/\/x.com\/cdcliving"]},{"@type":"Person","@id":"https:\/\/casadecampoliving.com\/es\/#\/schema\/person\/5d2171637a9d11e0e43ce6b8555f9422","name":"Casa de Campo Living","image":{"@type":"ImageObject","inLanguage":"es","@id":"https:\/\/secure.gravatar.com\/avatar\/d04101fa4a9fd431e939953b1500fdc7a73cd35029f86d98712fd8ccdaebaf9a?s=96&d=mm&r=g","url":"https:\/\/secure.gravatar.com\/avatar\/d04101fa4a9fd431e939953b1500fdc7a73cd35029f86d98712fd8ccdaebaf9a?s=96&d=mm&r=g","contentUrl":"https:\/\/secure.gravatar.com\/avatar\/d04101fa4a9fd431e939953b1500fdc7a73cd35029f86d98712fd8ccdaebaf9a?s=96&d=mm&r=g","caption":"Casa de Campo Living"},"url":"https:\/\/casadecampoliving.com\/es\/author\/casa-de-campo-living\/"}]}},"parsely":{"version":"1.1.0","canonical_url":"https:\/\/casadecampoliving.com\/es\/con-la-presencia-del-presidente-abinader-casa-de-campo-anuncia-el-inicio-de-la-ampliacion-de-su-renombrado-hotel\/","smart_links":{"inbound":0,"outbound":0},"traffic_boost_suggestions_count":0,"meta":{"@context":"https:\/\/schema.org","@type":"NewsArticle","headline":"Con la presencia del Presidente Luis Abinader, Casa de Campo anuncia el inicio de la ampliaci\u00f3n de su renombrado hotel","url":"http:\/\/casadecampoliving.com\/es\/con-la-presencia-del-presidente-abinader-casa-de-campo-anuncia-el-inicio-de-la-ampliacion-de-su-renombrado-hotel\/","mainEntityOfPage":{"@type":"WebPage","@id":"http:\/\/casadecampoliving.com\/es\/con-la-presencia-del-presidente-abinader-casa-de-campo-anuncia-el-inicio-de-la-ampliacion-de-su-renombrado-hotel\/"},"thumbnailUrl":"https:\/\/i0.wp.com\/casadecampoliving.com\/wp-content\/uploads\/2022\/10\/EJ4B6562-1.jpg?resize=150%2C150&ssl=1","image":{"@type":"ImageObject","url":"https:\/\/i0.wp.com\/casadecampoliving.com\/wp-content\/uploads\/2022\/10\/EJ4B6562-1.jpg?fit=1000%2C667&ssl=1"},"articleSection":"Casa de Campo Living @es","author":[{"@type":"Person","name":"Casa de Campo Living"}],"creator":["Casa de Campo Living"],"publisher":{"@type":"Organization","name":"Casa de Campo Living","logo":"https:\/\/casadecampoliving.com\/wp-content\/uploads\/2022\/07\/CDCLivingLogo_V1-white-sized.png"},"keywords":["andres pichardo rosenberg","casa de campo","casa de campo resort and villas","david collado","featured-topview @es","hoteles","inversi\u00f3n","leo matos","pepe fanjul jr","ramon menendez","turismo"],"dateCreated":"2021-11-15T04:00:00Z","datePublished":"2021-11-15T04:00:00Z","dateModified":"2022-11-10T14:30:22Z"},"rendered":"<script type=\"application\/ld+json\" class=\"wp-parsely-metadata\">{\"@context\":\"https:\\\/\\\/schema.org\",\"@type\":\"NewsArticle\",\"headline\":\"Con la presencia del Presidente Luis Abinader, Casa de Campo anuncia el inicio de la ampliaci\\u00f3n de su renombrado hotel\",\"url\":\"http:\\\/\\\/casadecampoliving.com\\\/es\\\/con-la-presencia-del-presidente-abinader-casa-de-campo-anuncia-el-inicio-de-la-ampliacion-de-su-renombrado-hotel\\\/\",\"mainEntityOfPage\":{\"@type\":\"WebPage\",\"@id\":\"http:\\\/\\\/casadecampoliving.com\\\/es\\\/con-la-presencia-del-presidente-abinader-casa-de-campo-anuncia-el-inicio-de-la-ampliacion-de-su-renombrado-hotel\\\/\"},\"thumbnailUrl\":\"https:\\\/\\\/i0.wp.com\\\/casadecampoliving.com\\\/wp-content\\\/uploads\\\/2022\\\/10\\\/EJ4B6562-1.jpg?resize=150%2C150&ssl=1\",\"image\":{\"@type\":\"ImageObject\",\"url\":\"https:\\\/\\\/i0.wp.com\\\/casadecampoliving.com\\\/wp-content\\\/uploads\\\/2022\\\/10\\\/EJ4B6562-1.jpg?fit=1000%2C667&ssl=1\"},\"articleSection\":\"Casa de Campo Living @es\",\"author\":[{\"@type\":\"Person\",\"name\":\"Casa de Campo Living\"}],\"creator\":[\"Casa de Campo Living\"],\"publisher\":{\"@type\":\"Organization\",\"name\":\"Casa de Campo Living\",\"logo\":\"https:\\\/\\\/casadecampoliving.com\\\/wp-content\\\/uploads\\\/2022\\\/07\\\/CDCLivingLogo_V1-white-sized.png\"},\"keywords\":[\"andres pichardo rosenberg\",\"casa de campo\",\"casa de campo resort and villas\",\"david collado\",\"featured-topview @es\",\"hoteles\",\"inversi\\u00f3n\",\"leo matos\",\"pepe fanjul jr\",\"ramon menendez\",\"turismo\"],\"dateCreated\":\"2021-11-15T04:00:00Z\",\"datePublished\":\"2021-11-15T04:00:00Z\",\"dateModified\":\"2022-11-10T14:30:22Z\"}<\/script>","tracker_url":"https:\/\/cdn.parsely.com\/keys\/casadecampoliving.com\/p.js"},"jetpack_publicize_connections":[],"jetpack_featured_media_url":"https:\/\/i0.wp.com\/casadecampoliving.com\/wp-content\/uploads\/2022\/10\/EJ4B6562-1.jpg?fit=1000%2C667&ssl=1","jetpack-related-posts":[{"id":334168,"url":"https:\/\/casadecampoliving.com\/with-the-presence-of-president-luis-abinader-casa-de-campo-announces-the-start-of-the-expansion-of-its-renowned-hotel\/","url_meta":{"origin":354198,"position":0},"title":"With the presence of President Luis Abinader, Casa de Campo announces the start of the expansion of its renowned hotel","author":"Casa de Campo Living","date":"15 Nov, 2021","format":false,"excerpt":"Last Saturday, November 13, at an activity held at Casa de Campo Resort & Villas and with the presence of President Luis Abinader; Mr. David Collado, Minister of Tourism; Mr. Andr\u00e9s Pichardo Rosenberg, President of Casa de Campo Resort; and the main executives of the Central Romana Corporation; Ram\u00f3n Men\u00e9ndez,\u2026","rel":"","context":"En \u00abCasa de Campo Living\u00bb","block_context":{"text":"Casa de Campo Living","link":"https:\/\/casadecampoliving.com\/category\/casa-de-campo-living\/"},"img":{"alt_text":"","src":"https:\/\/i0.wp.com\/casadecampoliving.com\/wp-content\/uploads\/2022\/10\/EJ4B6562-1.jpg?fit=1000%2C667&ssl=1&resize=350%2C200","width":350,"height":200,"srcset":"https:\/\/i0.wp.com\/casadecampoliving.com\/wp-content\/uploads\/2022\/10\/EJ4B6562-1.jpg?fit=1000%2C667&ssl=1&resize=350%2C200 1x, https:\/\/i0.wp.com\/casadecampoliving.com\/wp-content\/uploads\/2022\/10\/EJ4B6562-1.jpg?fit=1000%2C667&ssl=1&resize=525%2C300 1.5x, https:\/\/i0.wp.com\/casadecampoliving.com\/wp-content\/uploads\/2022\/10\/EJ4B6562-1.jpg?fit=1000%2C667&ssl=1&resize=700%2C400 2x"},"classes":[]},{"id":517979,"url":"https:\/\/casadecampoliving.com\/es\/casa-de-campo-resort-inagura-nuevas-suites-premier-club-y-un-spa-de-ultima-generacion-en-importante-expansion\/","url_meta":{"origin":354198,"position":1},"title":"Casa de Campo Resort Inagura Nuevas Suites, Premier Club y un Spa de \u00faltima generaci\u00f3n en importante expansi\u00f3n","author":"Casa de Campo Living","date":"16 May, 2023","format":false,"excerpt":"Casa de Campo Resort & Villas ha inaugurado nuevas suites, un Premier Club y un moderno spa como parte de la primera fase de un proyecto de expansi\u00f3n en varias etapas, con una inversi\u00f3n total que supera los 90 millones de d\u00f3lares. La ceremonia de apertura fue encabezada por el\u2026","rel":"","context":"En \u00abEstilo de Vida\u00bb","block_context":{"text":"Estilo de Vida","link":"https:\/\/casadecampoliving.com\/es\/category\/estilo-de-vida\/"},"img":{"alt_text":"","src":"https:\/\/i0.wp.com\/casadecampoliving.com\/wp-content\/uploads\/2023\/05\/The-Spa-Inauguration-7.jpg?fit=1200%2C800&ssl=1&resize=350%2C200","width":350,"height":200,"srcset":"https:\/\/i0.wp.com\/casadecampoliving.com\/wp-content\/uploads\/2023\/05\/The-Spa-Inauguration-7.jpg?fit=1200%2C800&ssl=1&resize=350%2C200 1x, https:\/\/i0.wp.com\/casadecampoliving.com\/wp-content\/uploads\/2023\/05\/The-Spa-Inauguration-7.jpg?fit=1200%2C800&ssl=1&resize=525%2C300 1.5x, https:\/\/i0.wp.com\/casadecampoliving.com\/wp-content\/uploads\/2023\/05\/The-Spa-Inauguration-7.jpg?fit=1200%2C800&ssl=1&resize=700%2C400 2x, https:\/\/i0.wp.com\/casadecampoliving.com\/wp-content\/uploads\/2023\/05\/The-Spa-Inauguration-7.jpg?fit=1200%2C800&ssl=1&resize=1050%2C600 3x"},"classes":[]},{"id":517752,"url":"https:\/\/casadecampoliving.com\/casa-de-campo-resort-introduces-new-suites-premier-club-and-state-of-the-art-spa-in-major-expansion\/","url_meta":{"origin":354198,"position":2},"title":"Casa de Campo Resort Introduces New Suites, Premier Club, and State-of-the-Art Spa in Major Expansion","author":"Casa de Campo Living","date":"16 May, 2023","format":false,"excerpt":"Casa de Campo Resort & Villas has inaugurated new suites, a Premier Club, and a modern spa as part of the first phase of a multi-stage expansion project, with a total investment exceeding 90 million dollars. The opening ceremony was led by the President of the Dominican Republic, Luis Abinader\u2026","rel":"","context":"En \u00abCasa de Campo Resort\u00bb","block_context":{"text":"Casa de Campo Resort","link":"https:\/\/casadecampoliving.com\/category\/casa-de-campo-resort\/"},"img":{"alt_text":"","src":"https:\/\/i0.wp.com\/casadecampoliving.com\/wp-content\/uploads\/2023\/05\/The-Spa-Inauguration-7.jpg?fit=1200%2C800&ssl=1&resize=350%2C200","width":350,"height":200,"srcset":"https:\/\/i0.wp.com\/casadecampoliving.com\/wp-content\/uploads\/2023\/05\/The-Spa-Inauguration-7.jpg?fit=1200%2C800&ssl=1&resize=350%2C200 1x, https:\/\/i0.wp.com\/casadecampoliving.com\/wp-content\/uploads\/2023\/05\/The-Spa-Inauguration-7.jpg?fit=1200%2C800&ssl=1&resize=525%2C300 1.5x, https:\/\/i0.wp.com\/casadecampoliving.com\/wp-content\/uploads\/2023\/05\/The-Spa-Inauguration-7.jpg?fit=1200%2C800&ssl=1&resize=700%2C400 2x, https:\/\/i0.wp.com\/casadecampoliving.com\/wp-content\/uploads\/2023\/05\/The-Spa-Inauguration-7.jpg?fit=1200%2C800&ssl=1&resize=1050%2C600 3x"},"classes":[]},{"id":350827,"url":"https:\/\/casadecampoliving.com\/es\/designan-al-senor-andres-pichardo-rosenberg-como-presidente-hotel-casa-de-campo\/","url_meta":{"origin":354198,"position":3},"title":"Designan al Se\u00f1or Andr\u00e9s Pichardo Rosenberg como presidente Hotel Casa de Campo","author":"Casa de Campo Resort","date":"21 Nov, 2016","format":false,"excerpt":"La Romana, Rep\u00fablica Dominicana.- El Comit\u00e9 Ejecutivo de Central Romana Corporation, Ltd. anunci\u00f3 la designaci\u00f3n del se\u00f1or Andr\u00e9s Pichardo Rosenberg como Presidente del hotel Casa de Campo. De nacionalidad dominicana, el se\u00f1or Andr\u00e9s Pichardo tiene una amplia experiencia en la industria tur\u00edstica nacional e internacional. De joven creci\u00f3 en los\u2026","rel":"","context":"En \u00abNoticias Locales\u00bb","block_context":{"text":"Noticias Locales","link":"https:\/\/casadecampoliving.com\/es\/category\/noticias-locales\/"},"img":{"alt_text":"Andres Pichardo Rosenberg, president of Casa de Campo Resort & Villas","src":"https:\/\/i0.wp.com\/casadecampoliving.com\/wp-content\/uploads\/2022\/10\/Andres_Pichardo_Rosenberg_Casa_de_Campo_president-e1479748875916.jpg?fit=1000%2C650&ssl=1&resize=350%2C200","width":350,"height":200,"srcset":"https:\/\/i0.wp.com\/casadecampoliving.com\/wp-content\/uploads\/2022\/10\/Andres_Pichardo_Rosenberg_Casa_de_Campo_president-e1479748875916.jpg?fit=1000%2C650&ssl=1&resize=350%2C200 1x, https:\/\/i0.wp.com\/casadecampoliving.com\/wp-content\/uploads\/2022\/10\/Andres_Pichardo_Rosenberg_Casa_de_Campo_president-e1479748875916.jpg?fit=1000%2C650&ssl=1&resize=525%2C300 1.5x, https:\/\/i0.wp.com\/casadecampoliving.com\/wp-content\/uploads\/2022\/10\/Andres_Pichardo_Rosenberg_Casa_de_Campo_president-e1479748875916.jpg?fit=1000%2C650&ssl=1&resize=700%2C400 2x"},"classes":[]},{"id":353607,"url":"https:\/\/casadecampoliving.com\/es\/casa-de-campo-inaugura-su-nuevo-moderno-centro-de-eventos-y-convenciones-marina-riverside\/","url_meta":{"origin":354198,"position":4},"title":"Casa de Campo inaugura su nuevo moderno centro de eventos y convenciones Marina Riverside","author":"Casa de Campo Living","date":"22 Nov, 2019","format":false,"excerpt":"El Presidente Danilo Medina dej\u00f3 inaugurado el nuevo y moderno Marina Riverside Center, un centro de eventos y convenciones ubicado en La Marina de Casa de Campo, con dominantes vistas hacia el R\u00edo Chav\u00f3n y el Mar Caribe. La obra con capacidad para 1,360 personas cuenta con todas las facilidades\u2026","rel":"","context":"En \u00abbusinesses\u00bb","block_context":{"text":"businesses","link":"https:\/\/casadecampoliving.com\/es\/category\/businesses\/"},"img":{"alt_text":"","src":"https:\/\/i0.wp.com\/casadecampoliving.com\/wp-content\/uploads\/2022\/10\/EJ4B4055.jpg?fit=1000%2C619&ssl=1&resize=350%2C200","width":350,"height":200,"srcset":"https:\/\/i0.wp.com\/casadecampoliving.com\/wp-content\/uploads\/2022\/10\/EJ4B4055.jpg?fit=1000%2C619&ssl=1&resize=350%2C200 1x, https:\/\/i0.wp.com\/casadecampoliving.com\/wp-content\/uploads\/2022\/10\/EJ4B4055.jpg?fit=1000%2C619&ssl=1&resize=525%2C300 1.5x, https:\/\/i0.wp.com\/casadecampoliving.com\/wp-content\/uploads\/2022\/10\/EJ4B4055.jpg?fit=1000%2C619&ssl=1&resize=700%2C400 2x"},"classes":[]},{"id":547715,"url":"https:\/\/casadecampoliving.com\/central-romana-highlights-strategic-alliance-with-msc-cruises-at-fitur\/","url_meta":{"origin":354198,"position":5},"title":"Central Romana highlights strategic alliance with MSC Cruises at FITUR","author":"Mairobi Herrera","date":"21 Ene, 2026","format":false,"excerpt":"The Dominican Republic took a decisive step toward consolidating its leadership in Caribbean cruise tourism following the announcement of a strategic alliance between MSC Cruises and the Port of La Romana. Under the agreement, the MSC Opera will establish La Romana as its year-round homeport. The announcement was made during\u2026","rel":"","context":"En \u00abBeyond Casa\u00bb","block_context":{"text":"Beyond Casa","link":"https:\/\/casadecampoliving.com\/category\/beyond-casa\/"},"img":{"alt_text":"","src":"https:\/\/i0.wp.com\/casadecampoliving.com\/wp-content\/uploads\/2026\/01\/WhatsApp-Image-2026-01-21-at-2.26.58-PM.jpeg?fit=1200%2C675&ssl=1&resize=350%2C200","width":350,"height":200,"srcset":"https:\/\/i0.wp.com\/casadecampoliving.com\/wp-content\/uploads\/2026\/01\/WhatsApp-Image-2026-01-21-at-2.26.58-PM.jpeg?fit=1200%2C675&ssl=1&resize=350%2C200 1x, https:\/\/i0.wp.com\/casadecampoliving.com\/wp-content\/uploads\/2026\/01\/WhatsApp-Image-2026-01-21-at-2.26.58-PM.jpeg?fit=1200%2C675&ssl=1&resize=525%2C300 1.5x, https:\/\/i0.wp.com\/casadecampoliving.com\/wp-content\/uploads\/2026\/01\/WhatsApp-Image-2026-01-21-at-2.26.58-PM.jpeg?fit=1200%2C675&ssl=1&resize=700%2C400 2x, https:\/\/i0.wp.com\/casadecampoliving.com\/wp-content\/uploads\/2026\/01\/WhatsApp-Image-2026-01-21-at-2.26.58-PM.jpeg?fit=1200%2C675&ssl=1&resize=1050%2C600 3x"},"classes":[]}],"jetpack_sharing_enabled":true,"_links":{"self":[{"href":"https:\/\/casadecampoliving.com\/es\/wp-json\/wp\/v2\/posts\/354198","targetHints":{"allow":["GET"]}}],"collection":[{"href":"https:\/\/casadecampoliving.com\/es\/wp-json\/wp\/v2\/posts"}],"about":[{"href":"https:\/\/casadecampoliving.com\/es\/wp-json\/wp\/v2\/types\/post"}],"author":[{"embeddable":true,"href":"https:\/\/casadecampoliving.com\/es\/wp-json\/wp\/v2\/users\/36791"}],"replies":[{"embeddable":true,"href":"https:\/\/casadecampoliving.com\/es\/wp-json\/wp\/v2\/comments?post=354198"}],"version-history":[{"count":2,"href":"https:\/\/casadecampoliving.com\/es\/wp-json\/wp\/v2\/posts\/354198\/revisions"}],"predecessor-version":[{"id":506577,"href":"https:\/\/casadecampoliving.com\/es\/wp-json\/wp\/v2\/posts\/354198\/revisions\/506577"}],"wp:featuredmedia":[{"embeddable":true,"href":"https:\/\/casadecampoliving.com\/es\/wp-json\/wp\/v2\/media\/334176"}],"wp:attachment":[{"href":"https:\/\/casadecampoliving.com\/es\/wp-json\/wp\/v2\/media?parent=354198"}],"wp:term":[{"taxonomy":"category","embeddable":true,"href":"https:\/\/casadecampoliving.com\/es\/wp-json\/wp\/v2\/categories?post=354198"},{"taxonomy":"post_tag","embeddable":true,"href":"https:\/\/casadecampoliving.com\/es\/wp-json\/wp\/v2\/tags?post=354198"},{"taxonomy":"newspack_spnsrs_tax","embeddable":true,"href":"https:\/\/casadecampoliving.com\/es\/wp-json\/wp\/v2\/newspack_spnsrs_tax?post=354198"}],"curies":[{"name":"wp","href":"https:\/\/api.w.org\/{rel}","templated":true}]}}