{"id":354195,"date":"2021-11-08T00:00:00","date_gmt":"2021-11-08T04:00:00","guid":{"rendered":"https:\/\/casadecampoliving.com\/los-fanaticos-cantaron-y-bailaron-toda-la-noche-con-las-dos-funciones-de-rauw-alejandro-en-altos-de-chavon\/"},"modified":"2022-11-10T10:30:24","modified_gmt":"2022-11-10T14:30:24","slug":"los-fanaticos-cantaron-y-bailaron-toda-la-noche-con-las-dos-funciones-de-rauw-alejandro-en-altos-de-chavon","status":"publish","type":"post","link":"https:\/\/casadecampoliving.com\/es\/los-fanaticos-cantaron-y-bailaron-toda-la-noche-con-las-dos-funciones-de-rauw-alejandro-en-altos-de-chavon\/","title":{"rendered":"\u00a1Los fan\u00e1ticos cantaron y bailaron toda la noche con las dos funciones de Rauw Alejandro en Altos de Chav\u00f3n!"},"content":{"rendered":"\u00a1Por primera vez en la historia de Altos de Chav\u00f3n, un solo artista ha actuado durante dos noches seguidas y con un \u00e9xito rotundo! \u00a1El vers\u00e1til y en\u00e9rgico artista puertorrique\u00f1o Rauw Alejandro hizo que la audiencia cantara y bailara toda la noche!\n\nOriginalmente programado para una sola noche, el productor Gamal Hach\u00e9 y el artista tuvieron que abrir una segunda noche para complacer a sus seguidores luego de haberse agotado en un tiempo r\u00e9cord. Las puertas se abrieron a las 6 de la tarde, ya las 7 de la tarde dos DJs se encargaron de animar a los asistentes a ritmo de dembow y reggaeton antes de que Rauw subiera al escenario.\n\nSiguiendo a los DJs, el exponente urbano puertorrique\u00f1o Eix subi\u00f3 al escenario, inaugurando oficialmente el concierto, y cant\u00f3 unas cinco canciones, entre ellas \u201cInfiel\u201d, que cuenta con Rauw Alejandro que tuvo al p\u00fablico cantando junto a \u00e9l. Tras su presentaci\u00f3n, Eix agradeci\u00f3 a todos los presente por el apoyo y abandon\u00f3 el escenario.\n\n<img data-recalc-dims=\"1\" loading=\"lazy\" decoding=\"async\" class=\"aligncenter size-full wp-image-210924\" src=\"https:\/\/i0.wp.com\/casadecampoliving.com\/wp-content\/uploads\/2022\/10\/WhatsApp-Image-2021-11-07-at-8.46.48-AM-4-1.jpeg?resize=1000%2C667&#038;ssl=1\" alt=\"\" width=\"1000\" height=\"667\">\n\nMedia hora despu\u00e9s, el anfiteatro se llen\u00f3 de las notas de \u00abTodo de ti\u00bb, y los bailarines y Rauw Alejandro subieron al escenario. El espect\u00e1culo comenz\u00f3 con la canci\u00f3n \u201cDile a \u00e9l\u201d, \u201cM\u00edrame\u201d y \u201cEl efector\u201d, donde el artista demostr\u00f3 sus dotes de baile siguiendo a sus bailarines mientras cantaba. El espect\u00e1culo continu\u00f3 con canciones populares como \u201cQue le de\u201d, \u201cEnchule\u201d, \u201cNubes\u201d, \u201cDesenfocado\u201d, \u201cQu\u00edmica\u201d, \u201cPonte pa mi\u201d, entre otros \u00e9xitos que complacieron al p\u00fablico ambas noches seguidas.\n\nEntre canciones, el artista agradeci\u00f3 a todos los dominicanos el apoyo que le han brindado a su carrera, siendo este el pa\u00eds donde su m\u00fasica ha tenido mayor acogida. Tambi\u00e9n honr\u00f3 al reguet\u00f3n de la &#8216;vieja escuela&#8217; cantando \u201cSoy una gargola\u201d (2006) de Randy Nota Loca y un remake de \u201cDembow\u201d con Yandel.\n\nEl popular artista puertorrique\u00f1o Rauw Alejandro termin\u00f3 sus conciertos en Altos de Chav\u00f3n con la canci\u00f3n \u00abTodo de ti\u00bb, la m\u00e1s escuchada del verano en Spotify, la cual cuenta con m\u00e1s de 360 millones de reproducciones en YouTube desde que fue lanzada hace poco m\u00e1s de cuatro meses atr\u00e1s.\n\n<img data-recalc-dims=\"1\" loading=\"lazy\" decoding=\"async\" class=\"aligncenter size-full wp-image-210920\" src=\"https:\/\/i0.wp.com\/casadecampoliving.com\/wp-content\/uploads\/2022\/10\/WhatsApp-Image-2021-11-07-at-8.46.49-AM-5-1.jpeg?resize=1000%2C666&#038;ssl=1\" alt=\"\" width=\"1000\" height=\"666\">\n\nAunque la mayor\u00eda esperaba ver m\u00e1s artistas invitados gracias a las muchas colaboraciones que han tenido a lo largo de los a\u00f1os, muchos de los asistentes estaban contentos con el resultado de ambas noches, incluido c\u00f3mo el anfiteatro hab\u00eda sido \u00e1reas especiales accesibles para personas con discapacidades que les permitieron para disfrutar de la noche y de su artista favorito. La gente tambi\u00e9n coment\u00f3 sobre los protocolos de salud y seguridad a lo largo de los eventos, donde se requiri\u00f3 que todas las personas tuvieran su cartilla de vacunaci\u00f3n, una mascarilla, y se les tom\u00f3 la temperatura en todos los accesos de Altos de Chav\u00f3n para cumplir con las disposiciones de las autoridades sanitarias y de salud. as\u00ed garantizar la seguridad del p\u00fablico.\n\nCon todo, estamos seguros de que la mayor\u00eda puede estar de acuerdo en que el artista puertorrique\u00f1o realiz\u00f3 dos conciertos llenos de color, buena coreograf\u00eda y calidad esc\u00e9nica que dejaron completamente satisfechos a sus fan\u00e1ticos.\n\n<em>*Im\u00e1genes cortes\u00eda del equipo de producci\u00f3n de Gamal Hach\u00e9<\/em>\n\n\n<figure class=\"wp-block-gallery has-nested-images columns-default is-cropped wp-block-gallery-1 is-layout-flex wp-block-gallery-is-layout-flex\">\n<figure class=\"wp-block-image size-large\"><img data-recalc-dims=\"1\" loading=\"lazy\" decoding=\"async\" width=\"667\" height=\"1000\" data-id=\"401416\" src=\"https:\/\/i0.wp.com\/casadecampoliving.com\/wp-content\/uploads\/2022\/10\/WhatsApp-Image-2021-11-07-at-8.46.48-AM-3.jpeg?resize=667%2C1000&#038;ssl=1\" alt=\"\" class=\"wp-image-401416\" srcset=\"https:\/\/i0.wp.com\/casadecampoliving.com\/wp-content\/uploads\/2022\/10\/WhatsApp-Image-2021-11-07-at-8.46.48-AM-3.jpeg?w=667&amp;ssl=1 667w, https:\/\/i0.wp.com\/casadecampoliving.com\/wp-content\/uploads\/2022\/10\/WhatsApp-Image-2021-11-07-at-8.46.48-AM-3.jpeg?resize=200%2C300&amp;ssl=1 200w, https:\/\/i0.wp.com\/casadecampoliving.com\/wp-content\/uploads\/2022\/10\/WhatsApp-Image-2021-11-07-at-8.46.48-AM-3.jpeg?resize=400%2C600&amp;ssl=1 400w, https:\/\/i0.wp.com\/casadecampoliving.com\/wp-content\/uploads\/2022\/10\/WhatsApp-Image-2021-11-07-at-8.46.48-AM-3.jpeg?resize=150%2C225&amp;ssl=1 150w, https:\/\/i0.wp.com\/casadecampoliving.com\/wp-content\/uploads\/2022\/10\/WhatsApp-Image-2021-11-07-at-8.46.48-AM-3.jpeg?w=370&amp;ssl=1 370w\" sizes=\"auto, (max-width: 667px) 100vw, 667px\" \/><\/figure>\n\n\n\n<figure class=\"wp-block-image size-large\"><img data-recalc-dims=\"1\" loading=\"lazy\" decoding=\"async\" width=\"667\" height=\"1000\" data-id=\"401438\" src=\"https:\/\/i0.wp.com\/casadecampoliving.com\/wp-content\/uploads\/2022\/10\/WhatsApp-Image-2021-11-07-at-8.46.48-AM-2-2.jpeg?resize=667%2C1000&#038;ssl=1\" alt=\"\" class=\"wp-image-401438\" srcset=\"https:\/\/i0.wp.com\/casadecampoliving.com\/wp-content\/uploads\/2022\/10\/WhatsApp-Image-2021-11-07-at-8.46.48-AM-2-2.jpeg?w=667&amp;ssl=1 667w, https:\/\/i0.wp.com\/casadecampoliving.com\/wp-content\/uploads\/2022\/10\/WhatsApp-Image-2021-11-07-at-8.46.48-AM-2-2.jpeg?resize=200%2C300&amp;ssl=1 200w, https:\/\/i0.wp.com\/casadecampoliving.com\/wp-content\/uploads\/2022\/10\/WhatsApp-Image-2021-11-07-at-8.46.48-AM-2-2.jpeg?resize=400%2C600&amp;ssl=1 400w, https:\/\/i0.wp.com\/casadecampoliving.com\/wp-content\/uploads\/2022\/10\/WhatsApp-Image-2021-11-07-at-8.46.48-AM-2-2.jpeg?resize=150%2C225&amp;ssl=1 150w, https:\/\/i0.wp.com\/casadecampoliving.com\/wp-content\/uploads\/2022\/10\/WhatsApp-Image-2021-11-07-at-8.46.48-AM-2-2.jpeg?w=370&amp;ssl=1 370w\" sizes=\"auto, (max-width: 667px) 100vw, 667px\" \/><\/figure>\n\n\n\n<figure class=\"wp-block-image size-large\"><img data-recalc-dims=\"1\" loading=\"lazy\" decoding=\"async\" width=\"667\" height=\"1000\" data-id=\"401468\" src=\"https:\/\/i0.wp.com\/casadecampoliving.com\/wp-content\/uploads\/2022\/10\/WhatsApp-Image-2021-11-07-at-8.46.48-AM-1.jpeg?resize=667%2C1000&#038;ssl=1\" alt=\"\" class=\"wp-image-401468\" srcset=\"https:\/\/i0.wp.com\/casadecampoliving.com\/wp-content\/uploads\/2022\/10\/WhatsApp-Image-2021-11-07-at-8.46.48-AM-1.jpeg?w=667&amp;ssl=1 667w, https:\/\/i0.wp.com\/casadecampoliving.com\/wp-content\/uploads\/2022\/10\/WhatsApp-Image-2021-11-07-at-8.46.48-AM-1.jpeg?resize=200%2C300&amp;ssl=1 200w, https:\/\/i0.wp.com\/casadecampoliving.com\/wp-content\/uploads\/2022\/10\/WhatsApp-Image-2021-11-07-at-8.46.48-AM-1.jpeg?resize=400%2C600&amp;ssl=1 400w, https:\/\/i0.wp.com\/casadecampoliving.com\/wp-content\/uploads\/2022\/10\/WhatsApp-Image-2021-11-07-at-8.46.48-AM-1.jpeg?resize=150%2C225&amp;ssl=1 150w, https:\/\/i0.wp.com\/casadecampoliving.com\/wp-content\/uploads\/2022\/10\/WhatsApp-Image-2021-11-07-at-8.46.48-AM-1.jpeg?w=370&amp;ssl=1 370w\" sizes=\"auto, (max-width: 667px) 100vw, 667px\" \/><\/figure>\n\n\n\n<figure class=\"wp-block-image size-large\"><img data-recalc-dims=\"1\" loading=\"lazy\" decoding=\"async\" width=\"1000\" height=\"667\" data-id=\"401489\" src=\"https:\/\/i0.wp.com\/casadecampoliving.com\/wp-content\/uploads\/2022\/10\/WhatsApp-Image-2021-11-07-at-8.46.48-AM-6.jpeg?resize=1000%2C667&#038;ssl=1\" alt=\"\" class=\"wp-image-401489\" srcset=\"https:\/\/i0.wp.com\/casadecampoliving.com\/wp-content\/uploads\/2022\/10\/WhatsApp-Image-2021-11-07-at-8.46.48-AM-6.jpeg?w=1000&amp;ssl=1 1000w, https:\/\/i0.wp.com\/casadecampoliving.com\/wp-content\/uploads\/2022\/10\/WhatsApp-Image-2021-11-07-at-8.46.48-AM-6.jpeg?resize=300%2C200&amp;ssl=1 300w, https:\/\/i0.wp.com\/casadecampoliving.com\/wp-content\/uploads\/2022\/10\/WhatsApp-Image-2021-11-07-at-8.46.48-AM-6.jpeg?resize=768%2C512&amp;ssl=1 768w, https:\/\/i0.wp.com\/casadecampoliving.com\/wp-content\/uploads\/2022\/10\/WhatsApp-Image-2021-11-07-at-8.46.48-AM-6.jpeg?resize=400%2C267&amp;ssl=1 400w, https:\/\/i0.wp.com\/casadecampoliving.com\/wp-content\/uploads\/2022\/10\/WhatsApp-Image-2021-11-07-at-8.46.48-AM-6.jpeg?resize=706%2C471&amp;ssl=1 706w, https:\/\/i0.wp.com\/casadecampoliving.com\/wp-content\/uploads\/2022\/10\/WhatsApp-Image-2021-11-07-at-8.46.48-AM-6.jpeg?resize=150%2C100&amp;ssl=1 150w, https:\/\/i0.wp.com\/casadecampoliving.com\/wp-content\/uploads\/2022\/10\/WhatsApp-Image-2021-11-07-at-8.46.48-AM-6.jpeg?w=370&amp;ssl=1 370w\" sizes=\"auto, (max-width: 1000px) 100vw, 1000px\" \/><\/figure>\n\n\n\n<figure class=\"wp-block-image size-large\"><img data-recalc-dims=\"1\" loading=\"lazy\" decoding=\"async\" width=\"1049\" height=\"700\" data-id=\"401508\" src=\"https:\/\/i0.wp.com\/casadecampoliving.com\/wp-content\/uploads\/2022\/10\/WhatsApp-Image-2021-11-07-at-8.46.48-AM-5.jpeg?resize=1049%2C700&#038;ssl=1\" alt=\"\" class=\"wp-image-401508\" srcset=\"https:\/\/i0.wp.com\/casadecampoliving.com\/wp-content\/uploads\/2022\/10\/WhatsApp-Image-2021-11-07-at-8.46.48-AM-5.jpeg?w=1049&amp;ssl=1 1049w, https:\/\/i0.wp.com\/casadecampoliving.com\/wp-content\/uploads\/2022\/10\/WhatsApp-Image-2021-11-07-at-8.46.48-AM-5.jpeg?resize=300%2C200&amp;ssl=1 300w, https:\/\/i0.wp.com\/casadecampoliving.com\/wp-content\/uploads\/2022\/10\/WhatsApp-Image-2021-11-07-at-8.46.48-AM-5.jpeg?resize=1024%2C683&amp;ssl=1 1024w, https:\/\/i0.wp.com\/casadecampoliving.com\/wp-content\/uploads\/2022\/10\/WhatsApp-Image-2021-11-07-at-8.46.48-AM-5.jpeg?resize=768%2C512&amp;ssl=1 768w, https:\/\/i0.wp.com\/casadecampoliving.com\/wp-content\/uploads\/2022\/10\/WhatsApp-Image-2021-11-07-at-8.46.48-AM-5.jpeg?resize=400%2C267&amp;ssl=1 400w, https:\/\/i0.wp.com\/casadecampoliving.com\/wp-content\/uploads\/2022\/10\/WhatsApp-Image-2021-11-07-at-8.46.48-AM-5.jpeg?resize=706%2C471&amp;ssl=1 706w, https:\/\/i0.wp.com\/casadecampoliving.com\/wp-content\/uploads\/2022\/10\/WhatsApp-Image-2021-11-07-at-8.46.48-AM-5.jpeg?resize=150%2C100&amp;ssl=1 150w, https:\/\/i0.wp.com\/casadecampoliving.com\/wp-content\/uploads\/2022\/10\/WhatsApp-Image-2021-11-07-at-8.46.48-AM-5.jpeg?w=370&amp;ssl=1 370w\" sizes=\"auto, (max-width: 1000px) 100vw, 1000px\" \/><\/figure>\n\n\n\n<figure class=\"wp-block-image size-large\"><img data-recalc-dims=\"1\" loading=\"lazy\" decoding=\"async\" width=\"666\" height=\"1000\" data-id=\"401527\" src=\"https:\/\/i0.wp.com\/casadecampoliving.com\/wp-content\/uploads\/2022\/10\/WhatsApp-Image-2021-11-07-at-8.46.48-AM-7.jpeg?resize=666%2C1000&#038;ssl=1\" alt=\"\" class=\"wp-image-401527\" srcset=\"https:\/\/i0.wp.com\/casadecampoliving.com\/wp-content\/uploads\/2022\/10\/WhatsApp-Image-2021-11-07-at-8.46.48-AM-7.jpeg?w=666&amp;ssl=1 666w, https:\/\/i0.wp.com\/casadecampoliving.com\/wp-content\/uploads\/2022\/10\/WhatsApp-Image-2021-11-07-at-8.46.48-AM-7.jpeg?resize=200%2C300&amp;ssl=1 200w, https:\/\/i0.wp.com\/casadecampoliving.com\/wp-content\/uploads\/2022\/10\/WhatsApp-Image-2021-11-07-at-8.46.48-AM-7.jpeg?resize=400%2C601&amp;ssl=1 400w, https:\/\/i0.wp.com\/casadecampoliving.com\/wp-content\/uploads\/2022\/10\/WhatsApp-Image-2021-11-07-at-8.46.48-AM-7.jpeg?resize=150%2C225&amp;ssl=1 150w, https:\/\/i0.wp.com\/casadecampoliving.com\/wp-content\/uploads\/2022\/10\/WhatsApp-Image-2021-11-07-at-8.46.48-AM-7.jpeg?w=370&amp;ssl=1 370w\" sizes=\"auto, (max-width: 666px) 100vw, 666px\" \/><\/figure>\n\n\n\n<figure class=\"wp-block-image size-large\"><img data-recalc-dims=\"1\" loading=\"lazy\" decoding=\"async\" width=\"666\" height=\"1000\" data-id=\"401553\" src=\"https:\/\/i0.wp.com\/casadecampoliving.com\/wp-content\/uploads\/2022\/10\/WhatsApp-Image-2021-11-07-at-8.46.48-AM-8.jpeg?resize=666%2C1000&#038;ssl=1\" alt=\"\" class=\"wp-image-401553\" srcset=\"https:\/\/i0.wp.com\/casadecampoliving.com\/wp-content\/uploads\/2022\/10\/WhatsApp-Image-2021-11-07-at-8.46.48-AM-8.jpeg?w=666&amp;ssl=1 666w, https:\/\/i0.wp.com\/casadecampoliving.com\/wp-content\/uploads\/2022\/10\/WhatsApp-Image-2021-11-07-at-8.46.48-AM-8.jpeg?resize=200%2C300&amp;ssl=1 200w, https:\/\/i0.wp.com\/casadecampoliving.com\/wp-content\/uploads\/2022\/10\/WhatsApp-Image-2021-11-07-at-8.46.48-AM-8.jpeg?resize=400%2C601&amp;ssl=1 400w, https:\/\/i0.wp.com\/casadecampoliving.com\/wp-content\/uploads\/2022\/10\/WhatsApp-Image-2021-11-07-at-8.46.48-AM-8.jpeg?resize=150%2C225&amp;ssl=1 150w, https:\/\/i0.wp.com\/casadecampoliving.com\/wp-content\/uploads\/2022\/10\/WhatsApp-Image-2021-11-07-at-8.46.48-AM-8.jpeg?w=370&amp;ssl=1 370w\" sizes=\"auto, (max-width: 666px) 100vw, 666px\" \/><\/figure>\n\n\n\n<figure class=\"wp-block-image size-large\"><img data-recalc-dims=\"1\" loading=\"lazy\" decoding=\"async\" width=\"666\" height=\"1000\" data-id=\"401572\" src=\"https:\/\/i0.wp.com\/casadecampoliving.com\/wp-content\/uploads\/2022\/10\/WhatsApp-Image-2021-11-07-at-8.46.48-AM-9.jpeg?resize=666%2C1000&#038;ssl=1\" alt=\"\" class=\"wp-image-401572\" srcset=\"https:\/\/i0.wp.com\/casadecampoliving.com\/wp-content\/uploads\/2022\/10\/WhatsApp-Image-2021-11-07-at-8.46.48-AM-9.jpeg?w=666&amp;ssl=1 666w, https:\/\/i0.wp.com\/casadecampoliving.com\/wp-content\/uploads\/2022\/10\/WhatsApp-Image-2021-11-07-at-8.46.48-AM-9.jpeg?resize=200%2C300&amp;ssl=1 200w, https:\/\/i0.wp.com\/casadecampoliving.com\/wp-content\/uploads\/2022\/10\/WhatsApp-Image-2021-11-07-at-8.46.48-AM-9.jpeg?resize=400%2C601&amp;ssl=1 400w, https:\/\/i0.wp.com\/casadecampoliving.com\/wp-content\/uploads\/2022\/10\/WhatsApp-Image-2021-11-07-at-8.46.48-AM-9.jpeg?resize=150%2C225&amp;ssl=1 150w, https:\/\/i0.wp.com\/casadecampoliving.com\/wp-content\/uploads\/2022\/10\/WhatsApp-Image-2021-11-07-at-8.46.48-AM-9.jpeg?w=370&amp;ssl=1 370w\" sizes=\"auto, (max-width: 666px) 100vw, 666px\" \/><\/figure>\n\n\n\n<figure class=\"wp-block-image size-large\"><img data-recalc-dims=\"1\" loading=\"lazy\" decoding=\"async\" width=\"1000\" height=\"667\" data-id=\"401594\" src=\"https:\/\/i0.wp.com\/casadecampoliving.com\/wp-content\/uploads\/2022\/10\/WhatsApp-Image-2021-11-07-at-8.46.48-AM.jpeg?resize=1000%2C667&#038;ssl=1\" alt=\"\" class=\"wp-image-401594\" srcset=\"https:\/\/i0.wp.com\/casadecampoliving.com\/wp-content\/uploads\/2022\/10\/WhatsApp-Image-2021-11-07-at-8.46.48-AM.jpeg?w=1000&amp;ssl=1 1000w, https:\/\/i0.wp.com\/casadecampoliving.com\/wp-content\/uploads\/2022\/10\/WhatsApp-Image-2021-11-07-at-8.46.48-AM.jpeg?resize=300%2C200&amp;ssl=1 300w, https:\/\/i0.wp.com\/casadecampoliving.com\/wp-content\/uploads\/2022\/10\/WhatsApp-Image-2021-11-07-at-8.46.48-AM.jpeg?resize=768%2C512&amp;ssl=1 768w, https:\/\/i0.wp.com\/casadecampoliving.com\/wp-content\/uploads\/2022\/10\/WhatsApp-Image-2021-11-07-at-8.46.48-AM.jpeg?resize=400%2C267&amp;ssl=1 400w, https:\/\/i0.wp.com\/casadecampoliving.com\/wp-content\/uploads\/2022\/10\/WhatsApp-Image-2021-11-07-at-8.46.48-AM.jpeg?resize=706%2C471&amp;ssl=1 706w, https:\/\/i0.wp.com\/casadecampoliving.com\/wp-content\/uploads\/2022\/10\/WhatsApp-Image-2021-11-07-at-8.46.48-AM.jpeg?resize=150%2C100&amp;ssl=1 150w, https:\/\/i0.wp.com\/casadecampoliving.com\/wp-content\/uploads\/2022\/10\/WhatsApp-Image-2021-11-07-at-8.46.48-AM.jpeg?w=370&amp;ssl=1 370w\" sizes=\"auto, (max-width: 1000px) 100vw, 1000px\" \/><\/figure>\n\n\n\n<figure class=\"wp-block-image size-large\"><img data-recalc-dims=\"1\" loading=\"lazy\" decoding=\"async\" width=\"1000\" height=\"666\" data-id=\"401621\" src=\"https:\/\/i0.wp.com\/casadecampoliving.com\/wp-content\/uploads\/2022\/10\/WhatsApp-Image-2021-11-07-at-8.46.49-AM-1.jpeg?resize=1000%2C666&#038;ssl=1\" alt=\"\" class=\"wp-image-401621\" srcset=\"https:\/\/i0.wp.com\/casadecampoliving.com\/wp-content\/uploads\/2022\/10\/WhatsApp-Image-2021-11-07-at-8.46.49-AM-1.jpeg?w=1000&amp;ssl=1 1000w, https:\/\/i0.wp.com\/casadecampoliving.com\/wp-content\/uploads\/2022\/10\/WhatsApp-Image-2021-11-07-at-8.46.49-AM-1.jpeg?resize=300%2C200&amp;ssl=1 300w, https:\/\/i0.wp.com\/casadecampoliving.com\/wp-content\/uploads\/2022\/10\/WhatsApp-Image-2021-11-07-at-8.46.49-AM-1.jpeg?resize=768%2C511&amp;ssl=1 768w, https:\/\/i0.wp.com\/casadecampoliving.com\/wp-content\/uploads\/2022\/10\/WhatsApp-Image-2021-11-07-at-8.46.49-AM-1.jpeg?resize=400%2C266&amp;ssl=1 400w, https:\/\/i0.wp.com\/casadecampoliving.com\/wp-content\/uploads\/2022\/10\/WhatsApp-Image-2021-11-07-at-8.46.49-AM-1.jpeg?resize=706%2C470&amp;ssl=1 706w, https:\/\/i0.wp.com\/casadecampoliving.com\/wp-content\/uploads\/2022\/10\/WhatsApp-Image-2021-11-07-at-8.46.49-AM-1.jpeg?resize=150%2C100&amp;ssl=1 150w, https:\/\/i0.wp.com\/casadecampoliving.com\/wp-content\/uploads\/2022\/10\/WhatsApp-Image-2021-11-07-at-8.46.49-AM-1.jpeg?w=370&amp;ssl=1 370w\" sizes=\"auto, (max-width: 1000px) 100vw, 1000px\" \/><\/figure>\n\n\n\n<figure class=\"wp-block-image size-large\"><img data-recalc-dims=\"1\" loading=\"lazy\" decoding=\"async\" width=\"1000\" height=\"666\" data-id=\"401642\" src=\"https:\/\/i0.wp.com\/casadecampoliving.com\/wp-content\/uploads\/2022\/10\/WhatsApp-Image-2021-11-07-at-8.46.49-AM-2.jpeg?resize=1000%2C666&#038;ssl=1\" alt=\"\" class=\"wp-image-401642\" srcset=\"https:\/\/i0.wp.com\/casadecampoliving.com\/wp-content\/uploads\/2022\/10\/WhatsApp-Image-2021-11-07-at-8.46.49-AM-2.jpeg?w=1000&amp;ssl=1 1000w, https:\/\/i0.wp.com\/casadecampoliving.com\/wp-content\/uploads\/2022\/10\/WhatsApp-Image-2021-11-07-at-8.46.49-AM-2.jpeg?resize=300%2C200&amp;ssl=1 300w, https:\/\/i0.wp.com\/casadecampoliving.com\/wp-content\/uploads\/2022\/10\/WhatsApp-Image-2021-11-07-at-8.46.49-AM-2.jpeg?resize=768%2C511&amp;ssl=1 768w, https:\/\/i0.wp.com\/casadecampoliving.com\/wp-content\/uploads\/2022\/10\/WhatsApp-Image-2021-11-07-at-8.46.49-AM-2.jpeg?resize=400%2C266&amp;ssl=1 400w, https:\/\/i0.wp.com\/casadecampoliving.com\/wp-content\/uploads\/2022\/10\/WhatsApp-Image-2021-11-07-at-8.46.49-AM-2.jpeg?resize=706%2C470&amp;ssl=1 706w, https:\/\/i0.wp.com\/casadecampoliving.com\/wp-content\/uploads\/2022\/10\/WhatsApp-Image-2021-11-07-at-8.46.49-AM-2.jpeg?resize=150%2C100&amp;ssl=1 150w, https:\/\/i0.wp.com\/casadecampoliving.com\/wp-content\/uploads\/2022\/10\/WhatsApp-Image-2021-11-07-at-8.46.49-AM-2.jpeg?w=370&amp;ssl=1 370w\" sizes=\"auto, (max-width: 1000px) 100vw, 1000px\" \/><\/figure>\n\n\n\n<figure class=\"wp-block-image size-large\"><img data-recalc-dims=\"1\" loading=\"lazy\" decoding=\"async\" width=\"1000\" height=\"666\" data-id=\"401670\" src=\"https:\/\/i0.wp.com\/casadecampoliving.com\/wp-content\/uploads\/2022\/10\/WhatsApp-Image-2021-11-07-at-8.46.49-AM-3.jpeg?resize=1000%2C666&#038;ssl=1\" alt=\"\" class=\"wp-image-401670\" srcset=\"https:\/\/i0.wp.com\/casadecampoliving.com\/wp-content\/uploads\/2022\/10\/WhatsApp-Image-2021-11-07-at-8.46.49-AM-3.jpeg?w=1000&amp;ssl=1 1000w, https:\/\/i0.wp.com\/casadecampoliving.com\/wp-content\/uploads\/2022\/10\/WhatsApp-Image-2021-11-07-at-8.46.49-AM-3.jpeg?resize=300%2C200&amp;ssl=1 300w, https:\/\/i0.wp.com\/casadecampoliving.com\/wp-content\/uploads\/2022\/10\/WhatsApp-Image-2021-11-07-at-8.46.49-AM-3.jpeg?resize=768%2C511&amp;ssl=1 768w, https:\/\/i0.wp.com\/casadecampoliving.com\/wp-content\/uploads\/2022\/10\/WhatsApp-Image-2021-11-07-at-8.46.49-AM-3.jpeg?resize=400%2C266&amp;ssl=1 400w, https:\/\/i0.wp.com\/casadecampoliving.com\/wp-content\/uploads\/2022\/10\/WhatsApp-Image-2021-11-07-at-8.46.49-AM-3.jpeg?resize=706%2C470&amp;ssl=1 706w, https:\/\/i0.wp.com\/casadecampoliving.com\/wp-content\/uploads\/2022\/10\/WhatsApp-Image-2021-11-07-at-8.46.49-AM-3.jpeg?resize=150%2C100&amp;ssl=1 150w, https:\/\/i0.wp.com\/casadecampoliving.com\/wp-content\/uploads\/2022\/10\/WhatsApp-Image-2021-11-07-at-8.46.49-AM-3.jpeg?w=370&amp;ssl=1 370w\" sizes=\"auto, (max-width: 1000px) 100vw, 1000px\" \/><\/figure>\n\n\n\n<figure class=\"wp-block-image size-large\"><img data-recalc-dims=\"1\" loading=\"lazy\" decoding=\"async\" width=\"666\" height=\"1000\" data-id=\"401696\" src=\"https:\/\/i0.wp.com\/casadecampoliving.com\/wp-content\/uploads\/2022\/10\/WhatsApp-Image-2021-11-07-at-8.46.49-AM.jpeg?resize=666%2C1000&#038;ssl=1\" alt=\"\" class=\"wp-image-401696\" srcset=\"https:\/\/i0.wp.com\/casadecampoliving.com\/wp-content\/uploads\/2022\/10\/WhatsApp-Image-2021-11-07-at-8.46.49-AM.jpeg?w=666&amp;ssl=1 666w, https:\/\/i0.wp.com\/casadecampoliving.com\/wp-content\/uploads\/2022\/10\/WhatsApp-Image-2021-11-07-at-8.46.49-AM.jpeg?resize=200%2C300&amp;ssl=1 200w, https:\/\/i0.wp.com\/casadecampoliving.com\/wp-content\/uploads\/2022\/10\/WhatsApp-Image-2021-11-07-at-8.46.49-AM.jpeg?resize=400%2C601&amp;ssl=1 400w, https:\/\/i0.wp.com\/casadecampoliving.com\/wp-content\/uploads\/2022\/10\/WhatsApp-Image-2021-11-07-at-8.46.49-AM.jpeg?resize=150%2C225&amp;ssl=1 150w, https:\/\/i0.wp.com\/casadecampoliving.com\/wp-content\/uploads\/2022\/10\/WhatsApp-Image-2021-11-07-at-8.46.49-AM.jpeg?w=370&amp;ssl=1 370w\" sizes=\"auto, (max-width: 666px) 100vw, 666px\" \/><\/figure>\n<\/figure>\n","protected":false},"excerpt":{"rendered":"<p>\u00a1Por primera vez en la historia de Altos de Chav\u00f3n, un solo artista ha actuado durante dos noches seguidas y con un \u00e9xito rotundo! \u00a1El vers\u00e1til y en\u00e9rgico artista puertorrique\u00f1o Rauw Alejandro hizo que la audiencia cantara y bailara toda la noche! Originalmente programado para una sola noche, el productor Gamal Hach\u00e9 y el artista [&hellip;]<\/p>\n","protected":false},"author":36791,"featured_media":334156,"comment_status":"closed","ping_status":"closed","sticky":false,"template":"","format":"standard","meta":{"newspack_ads_suppress_ads":false,"newspack_popups_has_disabled_popups":false,"newspack_sponsor_sponsorship_scope":"","newspack_sponsor_native_byline_display":"inherit","newspack_sponsor_native_category_display":"inherit","newspack_sponsor_underwriter_style":"inherit","newspack_sponsor_underwriter_placement":"inherit","_newspack_byline_active":false,"_newspack_byline":"","newspack_hide_updated_date":false,"newspack_show_updated_date":false,"newspack_content_restriction_is_exempt":false,"newspack_featured_image_position":"","newspack_post_subtitle":"","newspack_article_summary_title":"Overview:","newspack_article_summary":"","_jetpack_memberships_contains_paid_content":false,"footnotes":"","jetpack_publicize_message":"","jetpack_publicize_feature_enabled":true,"jetpack_social_post_already_shared":false,"jetpack_social_options":{"image_generator_settings":{"template":"highway","default_image_id":0,"font":"","enabled":false},"version":2},"_wpas_customize_per_network":false},"categories":[26819,26936,26952,2513,2518,2521,2522,14631,14625,26822],"tags":[14736,26320,26317,26319,26318],"newspack_spnsrs_tax":[],"class_list":["post-354195","post","type-post","status-publish","format-standard","has-post-thumbnail","hentry","category-altos-de-chavon-es","category-casa-de-campo-living-es","category-ccl-recomienda","category-celebridades-es","category-conciertos-es","category-republica-dominicana-2","category-eventos-es","category-estilo-de-vida","category-noticias-locales","category-resort-casa-de-campo","tag-featured-topview-es","tag-rauw-alejandro","tag-rauwalejandro","tag-rosalia","tag-world-tour-2021","entry"],"yoast_head":"<!-- This site is optimized with the Yoast SEO plugin v27.5 - https:\/\/yoast.com\/product\/yoast-seo-wordpress\/ -->\n<title>\u00a1Los fan\u00e1ticos cantaron y bailaron toda la noche con las dos funciones de Rauw Alejandro en Altos de Chav\u00f3n! | Casa de Campo Living<\/title>\n<meta name=\"description\" content=\"\u00a1Por primera vez en la historia de Altos de Chav\u00f3n, un solo artista ha actuado durante dos noches seguidas y con un \u00e9xito rotundo! \u00a1El vers\u00e1til y en\u00e9rgico\" \/>\n<meta name=\"robots\" content=\"index, follow, max-snippet:-1, max-image-preview:large, max-video-preview:-1\" \/>\n<link rel=\"canonical\" href=\"https:\/\/casadecampoliving.com\/es\/los-fanaticos-cantaron-y-bailaron-toda-la-noche-con-las-dos-funciones-de-rauw-alejandro-en-altos-de-chavon\/\" \/>\n<meta property=\"og:locale\" content=\"es_ES\" \/>\n<meta property=\"og:type\" content=\"article\" \/>\n<meta property=\"og:title\" content=\"\u00a1Los fan\u00e1ticos cantaron y bailaron toda la noche con las dos funciones de Rauw Alejandro en Altos de Chav\u00f3n! | Casa de Campo Living\" \/>\n<meta property=\"og:description\" content=\"\u00a1Por primera vez en la historia de Altos de Chav\u00f3n, un solo artista ha actuado durante dos noches seguidas y con un \u00e9xito rotundo! \u00a1El vers\u00e1til y en\u00e9rgico\" \/>\n<meta property=\"og:url\" content=\"https:\/\/casadecampoliving.com\/es\/los-fanaticos-cantaron-y-bailaron-toda-la-noche-con-las-dos-funciones-de-rauw-alejandro-en-altos-de-chavon\/\" \/>\n<meta property=\"og:site_name\" content=\"Casa de Campo Living\" \/>\n<meta property=\"article:publisher\" content=\"https:\/\/www.facebook.com\/casadecampoliving\" \/>\n<meta property=\"article:published_time\" content=\"2021-11-08T04:00:00+00:00\" \/>\n<meta property=\"article:modified_time\" content=\"2022-11-10T14:30:24+00:00\" \/>\n<meta property=\"og:image\" content=\"https:\/\/i0.wp.com\/casadecampoliving.com\/wp-content\/uploads\/2022\/10\/WhatsApp-Image-2021-11-07-at-8.46.49-AM-4-1.jpeg?fit=1000%2C666&ssl=1\" \/>\n\t<meta property=\"og:image:width\" content=\"1000\" \/>\n\t<meta property=\"og:image:height\" content=\"666\" \/>\n\t<meta property=\"og:image:type\" content=\"image\/jpeg\" \/>\n<meta name=\"author\" content=\"Casa de Campo Living\" \/>\n<meta name=\"twitter:card\" content=\"summary_large_image\" \/>\n<meta name=\"twitter:creator\" content=\"@cdcliving\" \/>\n<meta name=\"twitter:site\" content=\"@cdcliving\" \/>\n<meta name=\"twitter:label1\" content=\"Escrito por\" \/>\n\t<meta name=\"twitter:data1\" content=\"Casa de Campo Living\" \/>\n\t<meta name=\"twitter:label2\" content=\"Tiempo de lectura\" \/>\n\t<meta name=\"twitter:data2\" content=\"3 minutos\" \/>\n<script type=\"application\/ld+json\" class=\"yoast-schema-graph\">{\"@context\":\"https:\\\/\\\/schema.org\",\"@graph\":[{\"@type\":\"Article\",\"@id\":\"https:\\\/\\\/casadecampoliving.com\\\/es\\\/los-fanaticos-cantaron-y-bailaron-toda-la-noche-con-las-dos-funciones-de-rauw-alejandro-en-altos-de-chavon\\\/#article\",\"isPartOf\":{\"@id\":\"https:\\\/\\\/casadecampoliving.com\\\/es\\\/los-fanaticos-cantaron-y-bailaron-toda-la-noche-con-las-dos-funciones-de-rauw-alejandro-en-altos-de-chavon\\\/\"},\"author\":{\"name\":\"Casa de Campo Living\",\"@id\":\"https:\\\/\\\/casadecampoliving.com\\\/es\\\/#\\\/schema\\\/person\\\/5d2171637a9d11e0e43ce6b8555f9422\"},\"headline\":\"\u00a1Los fan\u00e1ticos cantaron y bailaron toda la noche con las dos funciones de Rauw Alejandro en Altos de Chav\u00f3n!\",\"datePublished\":\"2021-11-08T04:00:00+00:00\",\"dateModified\":\"2022-11-10T14:30:24+00:00\",\"mainEntityOfPage\":{\"@id\":\"https:\\\/\\\/casadecampoliving.com\\\/es\\\/los-fanaticos-cantaron-y-bailaron-toda-la-noche-con-las-dos-funciones-de-rauw-alejandro-en-altos-de-chavon\\\/\"},\"wordCount\":571,\"publisher\":{\"@id\":\"https:\\\/\\\/casadecampoliving.com\\\/es\\\/#organization\"},\"image\":{\"@id\":\"https:\\\/\\\/casadecampoliving.com\\\/es\\\/los-fanaticos-cantaron-y-bailaron-toda-la-noche-con-las-dos-funciones-de-rauw-alejandro-en-altos-de-chavon\\\/#primaryimage\"},\"thumbnailUrl\":\"https:\\\/\\\/i0.wp.com\\\/casadecampoliving.com\\\/wp-content\\\/uploads\\\/2022\\\/10\\\/WhatsApp-Image-2021-11-07-at-8.46.49-AM-4-1.jpeg?fit=1000%2C666&ssl=1\",\"keywords\":[\"Featured-TopView @es\",\"Rauw Alejandro\",\"rauwalejandro\",\"Rosal\u00eda\",\"world tour 2021\"],\"articleSection\":[\"Altos de Chavon @es\",\"Casa de Campo Living @es\",\"CCL recomienda\",\"Celebridades\",\"Conciertos\",\"Rep\u00fablica Dominicana @es\",\"Eventos\",\"Estilo de Vida\",\"Noticias Locales\",\"Resort Casa de Campo\"],\"inLanguage\":\"es\"},{\"@type\":\"WebPage\",\"@id\":\"https:\\\/\\\/casadecampoliving.com\\\/es\\\/los-fanaticos-cantaron-y-bailaron-toda-la-noche-con-las-dos-funciones-de-rauw-alejandro-en-altos-de-chavon\\\/\",\"url\":\"https:\\\/\\\/casadecampoliving.com\\\/es\\\/los-fanaticos-cantaron-y-bailaron-toda-la-noche-con-las-dos-funciones-de-rauw-alejandro-en-altos-de-chavon\\\/\",\"name\":\"\u00a1Los fan\u00e1ticos cantaron y bailaron toda la noche con las dos funciones de Rauw Alejandro en Altos de Chav\u00f3n! | Casa de Campo Living\",\"isPartOf\":{\"@id\":\"https:\\\/\\\/casadecampoliving.com\\\/es\\\/#website\"},\"primaryImageOfPage\":{\"@id\":\"https:\\\/\\\/casadecampoliving.com\\\/es\\\/los-fanaticos-cantaron-y-bailaron-toda-la-noche-con-las-dos-funciones-de-rauw-alejandro-en-altos-de-chavon\\\/#primaryimage\"},\"image\":{\"@id\":\"https:\\\/\\\/casadecampoliving.com\\\/es\\\/los-fanaticos-cantaron-y-bailaron-toda-la-noche-con-las-dos-funciones-de-rauw-alejandro-en-altos-de-chavon\\\/#primaryimage\"},\"thumbnailUrl\":\"https:\\\/\\\/i0.wp.com\\\/casadecampoliving.com\\\/wp-content\\\/uploads\\\/2022\\\/10\\\/WhatsApp-Image-2021-11-07-at-8.46.49-AM-4-1.jpeg?fit=1000%2C666&ssl=1\",\"datePublished\":\"2021-11-08T04:00:00+00:00\",\"dateModified\":\"2022-11-10T14:30:24+00:00\",\"description\":\"\u00a1Por primera vez en la historia de Altos de Chav\u00f3n, un solo artista ha actuado durante dos noches seguidas y con un \u00e9xito rotundo! \u00a1El vers\u00e1til y en\u00e9rgico\",\"breadcrumb\":{\"@id\":\"https:\\\/\\\/casadecampoliving.com\\\/es\\\/los-fanaticos-cantaron-y-bailaron-toda-la-noche-con-las-dos-funciones-de-rauw-alejandro-en-altos-de-chavon\\\/#breadcrumb\"},\"inLanguage\":\"es\",\"potentialAction\":[{\"@type\":\"ReadAction\",\"target\":[\"https:\\\/\\\/casadecampoliving.com\\\/es\\\/los-fanaticos-cantaron-y-bailaron-toda-la-noche-con-las-dos-funciones-de-rauw-alejandro-en-altos-de-chavon\\\/\"]}]},{\"@type\":\"ImageObject\",\"inLanguage\":\"es\",\"@id\":\"https:\\\/\\\/casadecampoliving.com\\\/es\\\/los-fanaticos-cantaron-y-bailaron-toda-la-noche-con-las-dos-funciones-de-rauw-alejandro-en-altos-de-chavon\\\/#primaryimage\",\"url\":\"https:\\\/\\\/i0.wp.com\\\/casadecampoliving.com\\\/wp-content\\\/uploads\\\/2022\\\/10\\\/WhatsApp-Image-2021-11-07-at-8.46.49-AM-4-1.jpeg?fit=1000%2C666&ssl=1\",\"contentUrl\":\"https:\\\/\\\/i0.wp.com\\\/casadecampoliving.com\\\/wp-content\\\/uploads\\\/2022\\\/10\\\/WhatsApp-Image-2021-11-07-at-8.46.49-AM-4-1.jpeg?fit=1000%2C666&ssl=1\",\"width\":1000,\"height\":666},{\"@type\":\"BreadcrumbList\",\"@id\":\"https:\\\/\\\/casadecampoliving.com\\\/es\\\/los-fanaticos-cantaron-y-bailaron-toda-la-noche-con-las-dos-funciones-de-rauw-alejandro-en-altos-de-chavon\\\/#breadcrumb\",\"itemListElement\":[{\"@type\":\"ListItem\",\"position\":1,\"name\":\"Home\",\"item\":\"https:\\\/\\\/casadecampoliving.com\\\/es\\\/\"},{\"@type\":\"ListItem\",\"position\":2,\"name\":\"\u00a1Los fan\u00e1ticos cantaron y bailaron toda la noche con las dos funciones de Rauw Alejandro en Altos de Chav\u00f3n!\"}]},{\"@type\":\"WebSite\",\"@id\":\"https:\\\/\\\/casadecampoliving.com\\\/es\\\/#website\",\"url\":\"https:\\\/\\\/casadecampoliving.com\\\/es\\\/\",\"name\":\"Casa de Campo Living\",\"description\":\"Resort community news and resources.\",\"publisher\":{\"@id\":\"https:\\\/\\\/casadecampoliving.com\\\/es\\\/#organization\"},\"potentialAction\":[{\"@type\":\"SearchAction\",\"target\":{\"@type\":\"EntryPoint\",\"urlTemplate\":\"https:\\\/\\\/casadecampoliving.com\\\/es\\\/?s={search_term_string}\"},\"query-input\":{\"@type\":\"PropertyValueSpecification\",\"valueRequired\":true,\"valueName\":\"search_term_string\"}}],\"inLanguage\":\"es\"},{\"@type\":\"Organization\",\"@id\":\"https:\\\/\\\/casadecampoliving.com\\\/es\\\/#organization\",\"name\":\"Casa de Campo Living\",\"url\":\"https:\\\/\\\/casadecampoliving.com\\\/es\\\/\",\"logo\":{\"@type\":\"ImageObject\",\"inLanguage\":\"es\",\"@id\":\"https:\\\/\\\/casadecampoliving.com\\\/es\\\/#\\\/schema\\\/logo\\\/image\\\/\",\"url\":\"https:\\\/\\\/i0.wp.com\\\/casadecampoliving.com\\\/wp-content\\\/uploads\\\/2022\\\/07\\\/CDCLivingLogo_V1-white-sized.png?fit=800%2C214&ssl=1\",\"contentUrl\":\"https:\\\/\\\/i0.wp.com\\\/casadecampoliving.com\\\/wp-content\\\/uploads\\\/2022\\\/07\\\/CDCLivingLogo_V1-white-sized.png?fit=800%2C214&ssl=1\",\"width\":800,\"height\":214,\"caption\":\"Casa de Campo Living\"},\"image\":{\"@id\":\"https:\\\/\\\/casadecampoliving.com\\\/es\\\/#\\\/schema\\\/logo\\\/image\\\/\"},\"sameAs\":[\"https:\\\/\\\/www.facebook.com\\\/casadecampoliving\",\"https:\\\/\\\/x.com\\\/cdcliving\"]},{\"@type\":\"Person\",\"@id\":\"https:\\\/\\\/casadecampoliving.com\\\/es\\\/#\\\/schema\\\/person\\\/5d2171637a9d11e0e43ce6b8555f9422\",\"name\":\"Casa de Campo Living\",\"image\":{\"@type\":\"ImageObject\",\"inLanguage\":\"es\",\"@id\":\"https:\\\/\\\/secure.gravatar.com\\\/avatar\\\/d04101fa4a9fd431e939953b1500fdc7a73cd35029f86d98712fd8ccdaebaf9a?s=96&d=mm&r=g\",\"url\":\"https:\\\/\\\/secure.gravatar.com\\\/avatar\\\/d04101fa4a9fd431e939953b1500fdc7a73cd35029f86d98712fd8ccdaebaf9a?s=96&d=mm&r=g\",\"contentUrl\":\"https:\\\/\\\/secure.gravatar.com\\\/avatar\\\/d04101fa4a9fd431e939953b1500fdc7a73cd35029f86d98712fd8ccdaebaf9a?s=96&d=mm&r=g\",\"caption\":\"Casa de Campo Living\"},\"url\":\"https:\\\/\\\/casadecampoliving.com\\\/es\\\/author\\\/casa-de-campo-living\\\/\"}]}<\/script>\n<!-- \/ Yoast SEO plugin. -->","yoast_head_json":{"title":"\u00a1Los fan\u00e1ticos cantaron y bailaron toda la noche con las dos funciones de Rauw Alejandro en Altos de Chav\u00f3n! | Casa de Campo Living","description":"\u00a1Por primera vez en la historia de Altos de Chav\u00f3n, un solo artista ha actuado durante dos noches seguidas y con un \u00e9xito rotundo! \u00a1El vers\u00e1til y en\u00e9rgico","robots":{"index":"index","follow":"follow","max-snippet":"max-snippet:-1","max-image-preview":"max-image-preview:large","max-video-preview":"max-video-preview:-1"},"canonical":"https:\/\/casadecampoliving.com\/es\/los-fanaticos-cantaron-y-bailaron-toda-la-noche-con-las-dos-funciones-de-rauw-alejandro-en-altos-de-chavon\/","og_locale":"es_ES","og_type":"article","og_title":"\u00a1Los fan\u00e1ticos cantaron y bailaron toda la noche con las dos funciones de Rauw Alejandro en Altos de Chav\u00f3n! | Casa de Campo Living","og_description":"\u00a1Por primera vez en la historia de Altos de Chav\u00f3n, un solo artista ha actuado durante dos noches seguidas y con un \u00e9xito rotundo! \u00a1El vers\u00e1til y en\u00e9rgico","og_url":"https:\/\/casadecampoliving.com\/es\/los-fanaticos-cantaron-y-bailaron-toda-la-noche-con-las-dos-funciones-de-rauw-alejandro-en-altos-de-chavon\/","og_site_name":"Casa de Campo Living","article_publisher":"https:\/\/www.facebook.com\/casadecampoliving","article_published_time":"2021-11-08T04:00:00+00:00","article_modified_time":"2022-11-10T14:30:24+00:00","og_image":[{"width":1000,"height":666,"url":"https:\/\/i0.wp.com\/casadecampoliving.com\/wp-content\/uploads\/2022\/10\/WhatsApp-Image-2021-11-07-at-8.46.49-AM-4-1.jpeg?fit=1000%2C666&ssl=1","type":"image\/jpeg"}],"author":"Casa de Campo Living","twitter_card":"summary_large_image","twitter_creator":"@cdcliving","twitter_site":"@cdcliving","twitter_misc":{"Escrito por":"Casa de Campo Living","Tiempo de lectura":"3 minutos"},"schema":{"@context":"https:\/\/schema.org","@graph":[{"@type":"Article","@id":"https:\/\/casadecampoliving.com\/es\/los-fanaticos-cantaron-y-bailaron-toda-la-noche-con-las-dos-funciones-de-rauw-alejandro-en-altos-de-chavon\/#article","isPartOf":{"@id":"https:\/\/casadecampoliving.com\/es\/los-fanaticos-cantaron-y-bailaron-toda-la-noche-con-las-dos-funciones-de-rauw-alejandro-en-altos-de-chavon\/"},"author":{"name":"Casa de Campo Living","@id":"https:\/\/casadecampoliving.com\/es\/#\/schema\/person\/5d2171637a9d11e0e43ce6b8555f9422"},"headline":"\u00a1Los fan\u00e1ticos cantaron y bailaron toda la noche con las dos funciones de Rauw Alejandro en Altos de Chav\u00f3n!","datePublished":"2021-11-08T04:00:00+00:00","dateModified":"2022-11-10T14:30:24+00:00","mainEntityOfPage":{"@id":"https:\/\/casadecampoliving.com\/es\/los-fanaticos-cantaron-y-bailaron-toda-la-noche-con-las-dos-funciones-de-rauw-alejandro-en-altos-de-chavon\/"},"wordCount":571,"publisher":{"@id":"https:\/\/casadecampoliving.com\/es\/#organization"},"image":{"@id":"https:\/\/casadecampoliving.com\/es\/los-fanaticos-cantaron-y-bailaron-toda-la-noche-con-las-dos-funciones-de-rauw-alejandro-en-altos-de-chavon\/#primaryimage"},"thumbnailUrl":"https:\/\/i0.wp.com\/casadecampoliving.com\/wp-content\/uploads\/2022\/10\/WhatsApp-Image-2021-11-07-at-8.46.49-AM-4-1.jpeg?fit=1000%2C666&ssl=1","keywords":["Featured-TopView @es","Rauw Alejandro","rauwalejandro","Rosal\u00eda","world tour 2021"],"articleSection":["Altos de Chavon @es","Casa de Campo Living @es","CCL recomienda","Celebridades","Conciertos","Rep\u00fablica Dominicana @es","Eventos","Estilo de Vida","Noticias Locales","Resort Casa de Campo"],"inLanguage":"es"},{"@type":"WebPage","@id":"https:\/\/casadecampoliving.com\/es\/los-fanaticos-cantaron-y-bailaron-toda-la-noche-con-las-dos-funciones-de-rauw-alejandro-en-altos-de-chavon\/","url":"https:\/\/casadecampoliving.com\/es\/los-fanaticos-cantaron-y-bailaron-toda-la-noche-con-las-dos-funciones-de-rauw-alejandro-en-altos-de-chavon\/","name":"\u00a1Los fan\u00e1ticos cantaron y bailaron toda la noche con las dos funciones de Rauw Alejandro en Altos de Chav\u00f3n! | Casa de Campo Living","isPartOf":{"@id":"https:\/\/casadecampoliving.com\/es\/#website"},"primaryImageOfPage":{"@id":"https:\/\/casadecampoliving.com\/es\/los-fanaticos-cantaron-y-bailaron-toda-la-noche-con-las-dos-funciones-de-rauw-alejandro-en-altos-de-chavon\/#primaryimage"},"image":{"@id":"https:\/\/casadecampoliving.com\/es\/los-fanaticos-cantaron-y-bailaron-toda-la-noche-con-las-dos-funciones-de-rauw-alejandro-en-altos-de-chavon\/#primaryimage"},"thumbnailUrl":"https:\/\/i0.wp.com\/casadecampoliving.com\/wp-content\/uploads\/2022\/10\/WhatsApp-Image-2021-11-07-at-8.46.49-AM-4-1.jpeg?fit=1000%2C666&ssl=1","datePublished":"2021-11-08T04:00:00+00:00","dateModified":"2022-11-10T14:30:24+00:00","description":"\u00a1Por primera vez en la historia de Altos de Chav\u00f3n, un solo artista ha actuado durante dos noches seguidas y con un \u00e9xito rotundo! \u00a1El vers\u00e1til y en\u00e9rgico","breadcrumb":{"@id":"https:\/\/casadecampoliving.com\/es\/los-fanaticos-cantaron-y-bailaron-toda-la-noche-con-las-dos-funciones-de-rauw-alejandro-en-altos-de-chavon\/#breadcrumb"},"inLanguage":"es","potentialAction":[{"@type":"ReadAction","target":["https:\/\/casadecampoliving.com\/es\/los-fanaticos-cantaron-y-bailaron-toda-la-noche-con-las-dos-funciones-de-rauw-alejandro-en-altos-de-chavon\/"]}]},{"@type":"ImageObject","inLanguage":"es","@id":"https:\/\/casadecampoliving.com\/es\/los-fanaticos-cantaron-y-bailaron-toda-la-noche-con-las-dos-funciones-de-rauw-alejandro-en-altos-de-chavon\/#primaryimage","url":"https:\/\/i0.wp.com\/casadecampoliving.com\/wp-content\/uploads\/2022\/10\/WhatsApp-Image-2021-11-07-at-8.46.49-AM-4-1.jpeg?fit=1000%2C666&ssl=1","contentUrl":"https:\/\/i0.wp.com\/casadecampoliving.com\/wp-content\/uploads\/2022\/10\/WhatsApp-Image-2021-11-07-at-8.46.49-AM-4-1.jpeg?fit=1000%2C666&ssl=1","width":1000,"height":666},{"@type":"BreadcrumbList","@id":"https:\/\/casadecampoliving.com\/es\/los-fanaticos-cantaron-y-bailaron-toda-la-noche-con-las-dos-funciones-de-rauw-alejandro-en-altos-de-chavon\/#breadcrumb","itemListElement":[{"@type":"ListItem","position":1,"name":"Home","item":"https:\/\/casadecampoliving.com\/es\/"},{"@type":"ListItem","position":2,"name":"\u00a1Los fan\u00e1ticos cantaron y bailaron toda la noche con las dos funciones de Rauw Alejandro en Altos de Chav\u00f3n!"}]},{"@type":"WebSite","@id":"https:\/\/casadecampoliving.com\/es\/#website","url":"https:\/\/casadecampoliving.com\/es\/","name":"Casa de Campo Living","description":"Resort community news and resources.","publisher":{"@id":"https:\/\/casadecampoliving.com\/es\/#organization"},"potentialAction":[{"@type":"SearchAction","target":{"@type":"EntryPoint","urlTemplate":"https:\/\/casadecampoliving.com\/es\/?s={search_term_string}"},"query-input":{"@type":"PropertyValueSpecification","valueRequired":true,"valueName":"search_term_string"}}],"inLanguage":"es"},{"@type":"Organization","@id":"https:\/\/casadecampoliving.com\/es\/#organization","name":"Casa de Campo Living","url":"https:\/\/casadecampoliving.com\/es\/","logo":{"@type":"ImageObject","inLanguage":"es","@id":"https:\/\/casadecampoliving.com\/es\/#\/schema\/logo\/image\/","url":"https:\/\/i0.wp.com\/casadecampoliving.com\/wp-content\/uploads\/2022\/07\/CDCLivingLogo_V1-white-sized.png?fit=800%2C214&ssl=1","contentUrl":"https:\/\/i0.wp.com\/casadecampoliving.com\/wp-content\/uploads\/2022\/07\/CDCLivingLogo_V1-white-sized.png?fit=800%2C214&ssl=1","width":800,"height":214,"caption":"Casa de Campo Living"},"image":{"@id":"https:\/\/casadecampoliving.com\/es\/#\/schema\/logo\/image\/"},"sameAs":["https:\/\/www.facebook.com\/casadecampoliving","https:\/\/x.com\/cdcliving"]},{"@type":"Person","@id":"https:\/\/casadecampoliving.com\/es\/#\/schema\/person\/5d2171637a9d11e0e43ce6b8555f9422","name":"Casa de Campo Living","image":{"@type":"ImageObject","inLanguage":"es","@id":"https:\/\/secure.gravatar.com\/avatar\/d04101fa4a9fd431e939953b1500fdc7a73cd35029f86d98712fd8ccdaebaf9a?s=96&d=mm&r=g","url":"https:\/\/secure.gravatar.com\/avatar\/d04101fa4a9fd431e939953b1500fdc7a73cd35029f86d98712fd8ccdaebaf9a?s=96&d=mm&r=g","contentUrl":"https:\/\/secure.gravatar.com\/avatar\/d04101fa4a9fd431e939953b1500fdc7a73cd35029f86d98712fd8ccdaebaf9a?s=96&d=mm&r=g","caption":"Casa de Campo Living"},"url":"https:\/\/casadecampoliving.com\/es\/author\/casa-de-campo-living\/"}]}},"parsely":{"version":"1.1.0","canonical_url":"https:\/\/casadecampoliving.com\/es\/los-fanaticos-cantaron-y-bailaron-toda-la-noche-con-las-dos-funciones-de-rauw-alejandro-en-altos-de-chavon\/","smart_links":{"inbound":0,"outbound":0},"traffic_boost_suggestions_count":0,"meta":{"@context":"https:\/\/schema.org","@type":"NewsArticle","headline":"\u00a1Los fan\u00e1ticos cantaron y bailaron toda la noche con las dos funciones de Rauw Alejandro en Altos de Chav\u00f3n!","url":"http:\/\/casadecampoliving.com\/es\/los-fanaticos-cantaron-y-bailaron-toda-la-noche-con-las-dos-funciones-de-rauw-alejandro-en-altos-de-chavon\/","mainEntityOfPage":{"@type":"WebPage","@id":"http:\/\/casadecampoliving.com\/es\/los-fanaticos-cantaron-y-bailaron-toda-la-noche-con-las-dos-funciones-de-rauw-alejandro-en-altos-de-chavon\/"},"thumbnailUrl":"https:\/\/i0.wp.com\/casadecampoliving.com\/wp-content\/uploads\/2022\/10\/WhatsApp-Image-2021-11-07-at-8.46.49-AM-4-1.jpeg?resize=150%2C150&ssl=1","image":{"@type":"ImageObject","url":"https:\/\/i0.wp.com\/casadecampoliving.com\/wp-content\/uploads\/2022\/10\/WhatsApp-Image-2021-11-07-at-8.46.49-AM-4-1.jpeg?fit=1000%2C666&ssl=1"},"articleSection":"Altos de Chavon @es","author":[{"@type":"Person","name":"Casa de Campo Living"}],"creator":["Casa de Campo Living"],"publisher":{"@type":"Organization","name":"Casa de Campo Living","logo":"https:\/\/casadecampoliving.com\/wp-content\/uploads\/2022\/07\/CDCLivingLogo_V1-white-sized.png"},"keywords":["featured-topview @es","rauw alejandro","rauwalejandro","rosal\u00eda","world tour 2021"],"dateCreated":"2021-11-08T04:00:00Z","datePublished":"2021-11-08T04:00:00Z","dateModified":"2022-11-10T14:30:24Z"},"rendered":"<script type=\"application\/ld+json\" class=\"wp-parsely-metadata\">{\"@context\":\"https:\\\/\\\/schema.org\",\"@type\":\"NewsArticle\",\"headline\":\"\\u00a1Los fan\\u00e1ticos cantaron y bailaron toda la noche con las dos funciones de Rauw Alejandro en Altos de Chav\\u00f3n!\",\"url\":\"http:\\\/\\\/casadecampoliving.com\\\/es\\\/los-fanaticos-cantaron-y-bailaron-toda-la-noche-con-las-dos-funciones-de-rauw-alejandro-en-altos-de-chavon\\\/\",\"mainEntityOfPage\":{\"@type\":\"WebPage\",\"@id\":\"http:\\\/\\\/casadecampoliving.com\\\/es\\\/los-fanaticos-cantaron-y-bailaron-toda-la-noche-con-las-dos-funciones-de-rauw-alejandro-en-altos-de-chavon\\\/\"},\"thumbnailUrl\":\"https:\\\/\\\/i0.wp.com\\\/casadecampoliving.com\\\/wp-content\\\/uploads\\\/2022\\\/10\\\/WhatsApp-Image-2021-11-07-at-8.46.49-AM-4-1.jpeg?resize=150%2C150&ssl=1\",\"image\":{\"@type\":\"ImageObject\",\"url\":\"https:\\\/\\\/i0.wp.com\\\/casadecampoliving.com\\\/wp-content\\\/uploads\\\/2022\\\/10\\\/WhatsApp-Image-2021-11-07-at-8.46.49-AM-4-1.jpeg?fit=1000%2C666&ssl=1\"},\"articleSection\":\"Altos de Chavon @es\",\"author\":[{\"@type\":\"Person\",\"name\":\"Casa de Campo Living\"}],\"creator\":[\"Casa de Campo Living\"],\"publisher\":{\"@type\":\"Organization\",\"name\":\"Casa de Campo Living\",\"logo\":\"https:\\\/\\\/casadecampoliving.com\\\/wp-content\\\/uploads\\\/2022\\\/07\\\/CDCLivingLogo_V1-white-sized.png\"},\"keywords\":[\"featured-topview @es\",\"rauw alejandro\",\"rauwalejandro\",\"rosal\\u00eda\",\"world tour 2021\"],\"dateCreated\":\"2021-11-08T04:00:00Z\",\"datePublished\":\"2021-11-08T04:00:00Z\",\"dateModified\":\"2022-11-10T14:30:24Z\"}<\/script>","tracker_url":"https:\/\/cdn.parsely.com\/keys\/casadecampoliving.com\/p.js"},"jetpack_publicize_connections":[],"jetpack_featured_media_url":"https:\/\/i0.wp.com\/casadecampoliving.com\/wp-content\/uploads\/2022\/10\/WhatsApp-Image-2021-11-07-at-8.46.49-AM-4-1.jpeg?fit=1000%2C666&ssl=1","jetpack-related-posts":[{"id":433460,"url":"https:\/\/casadecampoliving.com\/es\/no-se-pierdan-el-increible-tributo-a-frank-sinatra-para-celebrar-el-40-aniversario-del-anfiteatro-altos-de-chavon\/","url_meta":{"origin":354195,"position":0},"title":"No se pierdan el incre\u00edble tributo a Frank Sinatra para celebrar el 40 aniversario del\u00a0Anfiteatro Altos de Chav\u00f3n","author":"Casa de Campo Living","date":"20 Oct, 2022","format":false,"excerpt":"Siendo uno de los escenarios m\u00e1s emblem\u00e1ticos del pa\u00eds, Casa de Campo Resort\u00ae & Villas celebra las cuatro d\u00e9cadas de aniversario de Altos de Chav\u00f3n con un tributo al gran Frank Sinatra, protagonizado por artistas invitados y una big band tal cual la que acompa\u00f1\u00f3 al artista hace 40 a\u00f1os\u2026","rel":"","context":"En \u00abUncategorized @es\u00bb","block_context":{"text":"Uncategorized @es","link":"https:\/\/casadecampoliving.com\/es\/category\/uncategorized-es\/"},"img":{"alt_text":"","src":"https:\/\/i0.wp.com\/casadecampoliving.com\/wp-content\/uploads\/2022\/10\/Tributo-Frank-Sinatra-Foto-Principal-Amaury-Sanchez-Danilo-Ginebra-Andres-Pichardo-y-Jose-Gabriel-Perez-.jpg?fit=1200%2C873&ssl=1&resize=350%2C200","width":350,"height":200,"srcset":"https:\/\/i0.wp.com\/casadecampoliving.com\/wp-content\/uploads\/2022\/10\/Tributo-Frank-Sinatra-Foto-Principal-Amaury-Sanchez-Danilo-Ginebra-Andres-Pichardo-y-Jose-Gabriel-Perez-.jpg?fit=1200%2C873&ssl=1&resize=350%2C200 1x, https:\/\/i0.wp.com\/casadecampoliving.com\/wp-content\/uploads\/2022\/10\/Tributo-Frank-Sinatra-Foto-Principal-Amaury-Sanchez-Danilo-Ginebra-Andres-Pichardo-y-Jose-Gabriel-Perez-.jpg?fit=1200%2C873&ssl=1&resize=525%2C300 1.5x, https:\/\/i0.wp.com\/casadecampoliving.com\/wp-content\/uploads\/2022\/10\/Tributo-Frank-Sinatra-Foto-Principal-Amaury-Sanchez-Danilo-Ginebra-Andres-Pichardo-y-Jose-Gabriel-Perez-.jpg?fit=1200%2C873&ssl=1&resize=700%2C400 2x, https:\/\/i0.wp.com\/casadecampoliving.com\/wp-content\/uploads\/2022\/10\/Tributo-Frank-Sinatra-Foto-Principal-Amaury-Sanchez-Danilo-Ginebra-Andres-Pichardo-y-Jose-Gabriel-Perez-.jpg?fit=1200%2C873&ssl=1&resize=1050%2C600 3x"},"classes":[]},{"id":354183,"url":"https:\/\/casadecampoliving.com\/es\/segunda-fecha-confirmada-superestrella-rauw-alejandro-en-concierto-en-altos-de-chavon\/","url_meta":{"origin":354195,"position":1},"title":"\u00a1SEGUNDA FECHA CONFIRMADA! Superestrella Rauw Alejandro en concierto en Altos de Chav\u00f3n","author":"Casa de Campo Living","date":"28 Oct, 2021","format":false,"excerpt":"Tras la gran acogida que tuvo el anuncio de la primera presentaci\u00f3n del exponente de m\u00fasica urbana, Rauw Alejandro, el empresario Gamal Hach\u00e9 anunci\u00f3 una segunda funci\u00f3n para este viernes 5 en el emblem\u00e1tico escenario de Altos de Chav\u00f3n. Ra\u00fal Alejandro Ocasio Ruiz, quien agot\u00f3 cuatro noches seguidas, a casa\u2026","rel":"","context":"En \u00abAltos de Chavon @es\u00bb","block_context":{"text":"Altos de Chavon @es","link":"https:\/\/casadecampoliving.com\/category\/altos-de-chavon-es\/"},"img":{"alt_text":"","src":"https:\/\/i0.wp.com\/casadecampoliving.com\/wp-content\/uploads\/2022\/10\/DSCF0149-1.jpeg?fit=1000%2C780&ssl=1&resize=350%2C200","width":350,"height":200,"srcset":"https:\/\/i0.wp.com\/casadecampoliving.com\/wp-content\/uploads\/2022\/10\/DSCF0149-1.jpeg?fit=1000%2C780&ssl=1&resize=350%2C200 1x, https:\/\/i0.wp.com\/casadecampoliving.com\/wp-content\/uploads\/2022\/10\/DSCF0149-1.jpeg?fit=1000%2C780&ssl=1&resize=525%2C300 1.5x, https:\/\/i0.wp.com\/casadecampoliving.com\/wp-content\/uploads\/2022\/10\/DSCF0149-1.jpeg?fit=1000%2C780&ssl=1&resize=700%2C400 2x"},"classes":[]},{"id":354166,"url":"https:\/\/casadecampoliving.com\/es\/la-superestrella-rauw-alejandro-en-concierto-a-altos-de-chavon\/","url_meta":{"origin":354195,"position":2},"title":"\u00a1CONFIRMADO! La superestrella Rauw Alejandro en concierto a Altos de Chav\u00f3n","author":"Casa de Campo Living","date":"7 Oct, 2021","format":false,"excerpt":"Urge volver a disfrutar de las grandes estrellas en escena, y para acercarnos a ese cl\u00edmax en torno al circuito del entretenimiento, el popular\u00edsimo artista puertorrique\u00f1o Rauw Alejandro se prepara para cumplir con su cuota, en lo que se vislumbra como uno de los conciertos m\u00e1s especiales de este a\u00f1o\u2026","rel":"","context":"En \u00abAltos de Chavon @es\u00bb","block_context":{"text":"Altos de Chavon @es","link":"https:\/\/casadecampoliving.com\/category\/altos-de-chavon-es\/"},"img":{"alt_text":"","src":"https:\/\/i0.wp.com\/casadecampoliving.com\/wp-content\/uploads\/2022\/10\/DSCF0149-1.jpeg?fit=1000%2C780&ssl=1&resize=350%2C200","width":350,"height":200,"srcset":"https:\/\/i0.wp.com\/casadecampoliving.com\/wp-content\/uploads\/2022\/10\/DSCF0149-1.jpeg?fit=1000%2C780&ssl=1&resize=350%2C200 1x, https:\/\/i0.wp.com\/casadecampoliving.com\/wp-content\/uploads\/2022\/10\/DSCF0149-1.jpeg?fit=1000%2C780&ssl=1&resize=525%2C300 1.5x, https:\/\/i0.wp.com\/casadecampoliving.com\/wp-content\/uploads\/2022\/10\/DSCF0149-1.jpeg?fit=1000%2C780&ssl=1&resize=700%2C400 2x"},"classes":[]},{"id":334084,"url":"https:\/\/casadecampoliving.com\/confirmed-second-show-date-superstar-rauw-alejandro-in-concert-at-altos-de-chavon\/","url_meta":{"origin":354195,"position":3},"title":"CONFIRMED SECOND SHOW DATE! Superstar Rauw Alejandro in concert at Altos de Chav\u00f3n","author":"Casa de Campo Living","date":"28 Oct, 2021","format":false,"excerpt":"After the great reception that had the announcement of the first presentation of the exponent of urban music, Rauw Alejandro, the businessman Gamal Hach\u00e9 announced a second function for Friday, November 5th at 9 pm in the emblematic stage of Altos de Chav\u00f3n. Ra\u00fal Alejandro Ocasio Ruiz, who sold out\u2026","rel":"","context":"En \u00abAltos de Chavon\u00bb","block_context":{"text":"Altos de Chavon","link":"https:\/\/casadecampoliving.com\/category\/altos-de-chavon\/"},"img":{"alt_text":"","src":"https:\/\/i0.wp.com\/casadecampoliving.com\/wp-content\/uploads\/2022\/10\/DSCF0149-1.jpeg?fit=1000%2C780&ssl=1&resize=350%2C200","width":350,"height":200,"srcset":"https:\/\/i0.wp.com\/casadecampoliving.com\/wp-content\/uploads\/2022\/10\/DSCF0149-1.jpeg?fit=1000%2C780&ssl=1&resize=350%2C200 1x, https:\/\/i0.wp.com\/casadecampoliving.com\/wp-content\/uploads\/2022\/10\/DSCF0149-1.jpeg?fit=1000%2C780&ssl=1&resize=525%2C300 1.5x, https:\/\/i0.wp.com\/casadecampoliving.com\/wp-content\/uploads\/2022\/10\/DSCF0149-1.jpeg?fit=1000%2C780&ssl=1&resize=700%2C400 2x"},"classes":[]},{"id":333995,"url":"https:\/\/casadecampoliving.com\/confirmed-superstar-rauw-alejandro-in-concert-at-altos-de-chavon\/","url_meta":{"origin":354195,"position":4},"title":"CONFIRMED! Superstar Rauw Alejandro in concert at Altos de Chav\u00f3n","author":"Casa de Campo Living","date":"7 Oct, 2021","format":false,"excerpt":"The very popular Puerto Rican artist Rauw Alejandro is preparing to complete his World Tour in the Dominican Republic in what is seen as one of the most memorable concerts of this year. Ra\u00fal Alejandro Ocasio Ruiz is getting ready to sing his greatest hits on Saturday, November 6 at\u2026","rel":"","context":"En \u00abAltos de Chavon\u00bb","block_context":{"text":"Altos de Chavon","link":"https:\/\/casadecampoliving.com\/category\/altos-de-chavon\/"},"img":{"alt_text":"","src":"https:\/\/i0.wp.com\/casadecampoliving.com\/wp-content\/uploads\/2022\/10\/DSCF0149-1.jpeg?fit=1000%2C780&ssl=1&resize=350%2C200","width":350,"height":200,"srcset":"https:\/\/i0.wp.com\/casadecampoliving.com\/wp-content\/uploads\/2022\/10\/DSCF0149-1.jpeg?fit=1000%2C780&ssl=1&resize=350%2C200 1x, https:\/\/i0.wp.com\/casadecampoliving.com\/wp-content\/uploads\/2022\/10\/DSCF0149-1.jpeg?fit=1000%2C780&ssl=1&resize=525%2C300 1.5x, https:\/\/i0.wp.com\/casadecampoliving.com\/wp-content\/uploads\/2022\/10\/DSCF0149-1.jpeg?fit=1000%2C780&ssl=1&resize=700%2C400 2x"},"classes":[]},{"id":334150,"url":"https:\/\/casadecampoliving.com\/fans-sang-and-danced-the-night-away-with-rauw-alejandros-two-night-show-in-altos-de-chavon\/","url_meta":{"origin":354195,"position":5},"title":"Fans sang and danced the night away with Rauw Alejandro&#8217;s two-night show in Altos de Chav\u00f3n!","author":"Casa de Campo Living","date":"8 Nov, 2021","format":false,"excerpt":"For the first time in Altos de Chav\u00f3n's history, a single artist has performed for two nights in a row and with a resounding success at it! The versatile and energetic Puerto Rican artist Rauw Alejandro had the audience singing and dancing the night away!\u00a0 Originally scheduled for one night\u2026","rel":"","context":"En \u00abAltos de Chavon\u00bb","block_context":{"text":"Altos de Chavon","link":"https:\/\/casadecampoliving.com\/category\/altos-de-chavon\/"},"img":{"alt_text":"","src":"https:\/\/i0.wp.com\/casadecampoliving.com\/wp-content\/uploads\/2022\/10\/WhatsApp-Image-2021-11-07-at-8.46.49-AM-4-1.jpeg?fit=1000%2C666&ssl=1&resize=350%2C200","width":350,"height":200,"srcset":"https:\/\/i0.wp.com\/casadecampoliving.com\/wp-content\/uploads\/2022\/10\/WhatsApp-Image-2021-11-07-at-8.46.49-AM-4-1.jpeg?fit=1000%2C666&ssl=1&resize=350%2C200 1x, https:\/\/i0.wp.com\/casadecampoliving.com\/wp-content\/uploads\/2022\/10\/WhatsApp-Image-2021-11-07-at-8.46.49-AM-4-1.jpeg?fit=1000%2C666&ssl=1&resize=525%2C300 1.5x, https:\/\/i0.wp.com\/casadecampoliving.com\/wp-content\/uploads\/2022\/10\/WhatsApp-Image-2021-11-07-at-8.46.49-AM-4-1.jpeg?fit=1000%2C666&ssl=1&resize=700%2C400 2x"},"classes":[]}],"jetpack_sharing_enabled":true,"_links":{"self":[{"href":"https:\/\/casadecampoliving.com\/es\/wp-json\/wp\/v2\/posts\/354195","targetHints":{"allow":["GET"]}}],"collection":[{"href":"https:\/\/casadecampoliving.com\/es\/wp-json\/wp\/v2\/posts"}],"about":[{"href":"https:\/\/casadecampoliving.com\/es\/wp-json\/wp\/v2\/types\/post"}],"author":[{"embeddable":true,"href":"https:\/\/casadecampoliving.com\/es\/wp-json\/wp\/v2\/users\/36791"}],"replies":[{"embeddable":true,"href":"https:\/\/casadecampoliving.com\/es\/wp-json\/wp\/v2\/comments?post=354195"}],"version-history":[{"count":2,"href":"https:\/\/casadecampoliving.com\/es\/wp-json\/wp\/v2\/posts\/354195\/revisions"}],"predecessor-version":[{"id":506586,"href":"https:\/\/casadecampoliving.com\/es\/wp-json\/wp\/v2\/posts\/354195\/revisions\/506586"}],"wp:featuredmedia":[{"embeddable":true,"href":"https:\/\/casadecampoliving.com\/es\/wp-json\/wp\/v2\/media\/334156"}],"wp:attachment":[{"href":"https:\/\/casadecampoliving.com\/es\/wp-json\/wp\/v2\/media?parent=354195"}],"wp:term":[{"taxonomy":"category","embeddable":true,"href":"https:\/\/casadecampoliving.com\/es\/wp-json\/wp\/v2\/categories?post=354195"},{"taxonomy":"post_tag","embeddable":true,"href":"https:\/\/casadecampoliving.com\/es\/wp-json\/wp\/v2\/tags?post=354195"},{"taxonomy":"newspack_spnsrs_tax","embeddable":true,"href":"https:\/\/casadecampoliving.com\/es\/wp-json\/wp\/v2\/newspack_spnsrs_tax?post=354195"}],"curies":[{"name":"wp","href":"https:\/\/api.w.org\/{rel}","templated":true}]}}