{"id":354171,"date":"2021-10-05T00:00:00","date_gmt":"2021-10-05T04:00:00","guid":{"rendered":"https:\/\/casadecampoliving.com\/que-es-tedxlaromana-carlos-miranda-levy-y-xiomara-menendez-dajer-nos-cuentan-todo-sobre-el-evento\/"},"modified":"2022-10-21T19:18:07","modified_gmt":"2022-10-21T23:18:07","slug":"que-es-tedxlaromana-carlos-miranda-levy-y-xiomara-menendez-dajer-nos-cuentan-todo-sobre-el-evento","status":"publish","type":"post","link":"https:\/\/casadecampoliving.com\/es\/que-es-tedxlaromana-carlos-miranda-levy-y-xiomara-menendez-dajer-nos-cuentan-todo-sobre-el-evento\/","title":{"rendered":"\u00bfQu\u00e9 es TEDxLaRomana? Carlos Miranda Levy y Xiomara Men\u00e9ndez Dajer nos cuentan todo sobre el evento"},"content":{"rendered":"\n<p>Los eventos TEDx se crearon siguiendo el esp\u00edritu de la <a href=\"https:\/\/www.ted.com\" target=\"_blank\" rel=\"noopener\">misi\u00f3n general de TED<\/a> de investigar y descubrir <em><strong>\u201cideas que valga la pena difundir\u201d<\/strong><\/em>. Estos eventos est\u00e1n organizados por personas apasionadas que buscan descubrir nuevas ideas y compartir las \u00faltimas investigaciones en sus \u00e1reas locales que provocan conversaciones en sus comunidades. TEDxLaRomana es un evento organizado por Carlos Miranda Levy y coorganizado por Xiomara Men\u00e9ndez Dajer. Nos reunimos con ellos para conocer m\u00e1s sobre el tema del evento de este a\u00f1o <strong>FLUJO Y ABUNDANCIA: Vida como movimiento y prosperidad compartida<\/strong> y los ponentes que participar\u00e1n.<\/p>\n\n\n\n<h3 class=\"wp-block-heading\"><strong>\u00bfPor qu\u00e9 Flujo?<\/strong><\/h3>\n\n\n\n<p>\u201cPorque m\u00e1s all\u00e1 de la resiliencia y el regreso a la normalidad, m\u00e1s all\u00e1 de adaptarse y recuperarnos, existe el flujo. Y el flujo requiere atenci\u00f3n plena (mindfulness) y la atenci\u00f3n plena se logra al enfocarnos en el aqu\u00ed y ahora como parte de un paso a la vez en la larga caminata de nuestras vidas individuales y evoluci\u00f3n como sociedad compartida. Y as\u00ed fluimos, hacia adelante, hacia los lados, a veces un poco hacia atr\u00e1s, a menudo incluso en distintos caminos simult\u00e1neos, pero nos movemos, porque la vida es movimiento\u201d, explica Carlos.<\/p>\n\n\n\n<h3 class=\"wp-block-heading\"><strong>\u00bfPor qu\u00e9 Abundancia?<\/strong><\/h3>\n\n\n\n<p>Carlos continu\u00f3 explicando, \u201cPorque la abundancia es frecuentemente asociada con la noci\u00f3n de que hay suficiente para todos. Pero la prosperidad muchas veces se asocia con el \u00e9xito y los logros individuales. Para nosotros abundancia y prosperidad son uno y lo mismo y por eso hablamos de prosperidad compartida. Porque la abundancia sin prosperidad termina creando desperdicio o escasez y la prosperidad individual sin crear abundancia, genera exclusi\u00f3n y escasez a su vez. Y por ello abordamos la Abundancia como la manifestaci\u00f3n de la prosperidad compartida, fruto de tomar la f\u00e9rtil exuberancia de la vida y sus generosas oportunidades y transformarla en prosperidad a trav\u00e9s del esfuerzo y el enfoque. Pero no s\u00f3lo en prosperidad individual. Sino en prosperidad que se comparte, para as\u00ed poder mantener, rellenar, realimentar y expandir la abundancia y hacerla crecer para todos.\u201d<\/p>\n\n\n\n<h3 class=\"wp-block-heading\"><strong>TEDxLaRomana<\/strong><\/h3>\n\n\n\n<p>El primer <strong>TEDxLaRomana<\/strong> se llevar\u00e1 a cabo en el Anfiteatro de Altos de Chav\u00f3n el 23 de octubre de 2021 y reunir\u00e1 a un grupo selecto de <a href=\"https:\/\/www.ted.com\/tedx\/events\/41500\" target=\"_blank\" rel=\"noopener\">12 agentes de cambio de clase mundial<\/a>, incluidos nuestros propios <strong>Gilles Gagnon y el Dr. Jos\u00e9 L\u00f3pez<\/strong>, as\u00ed como el <strong>Maker Kids del PBO<\/strong>, la embajadora de la feria de moda <strong>Marina Spadafora<\/strong>, la bi\u00f3loga marina <strong>Rita Sellers<\/strong>, Chavonera <strong>Tania Marmolejo Andersson<\/strong> y muchos m\u00e1s que compartir\u00e1n sus historias, experiencias e ideas \u00fanicas que vale la pena difundir, todas bajo el tema del evento.<\/p>\n\n\n\n<p><strong>TEDxLaRomana<\/strong> nos invita a embarcarnos en un viaje \u00fanico de movilidad social, transformaci\u00f3n y exploraci\u00f3n en el crecimiento personal y colectivo, aprendiendo sobre la moda sustentable, los desaf\u00edos de la repoblaci\u00f3n de arrecifes de coral y reintroduciendo manat\u00edes en la naturaleza, transformando la amenaza del sargazo en lucro, cambiando nuestra comunidades a trav\u00e9s de la danza y el arte y c\u00f3mo el cerebro y el potencial de los ni\u00f1os explotan literalmente cuando se exponen a desaf\u00edos creativos pr\u00e1cticos con tecnolog\u00eda y rob\u00f3tica. \u00a1Y eso es solo la mitad del programa!<\/p>\n\n\n\n<p>Los eventos TEDx incluyen oradores en vivo y TED Talks grabados, y se organizan de forma independiente bajo una licencia gratuita otorgada por TED. Estos eventos no est\u00e1n organizados por TED, pero las personas aceptan cumplir con su formato y se les ofrecen pautas para la curaci\u00f3n, la capacitaci\u00f3n de oradores, la organizaci\u00f3n de eventos y m\u00e1s. Los organizadores aprenden de TED y unos de otros. En la actualidad, se celebran m\u00e1s de 3000 eventos al a\u00f1o.<\/p>\n\n\n\n<p><em><strong>\u00a1Lo invitamos a unirse a este incre\u00edble evento que celebra nuestra singularidad, nuestra diversidad, nuestro potencial, nuestra uni\u00f3n y nuestro movimiento y prosperidad compartidos!<\/strong><\/em><\/p>\n\n\n\n<p>Est\u00e9n atentos mientras publicamos m\u00e1s informaci\u00f3n sobre este evento, mientras tanto,&nbsp;<a href=\"https:\/\/www.ted.com\/tedx\/events\/41500\" target=\"_blank\" rel=\"noopener\">puede hacer clic aqu\u00ed para visitar el sitio web oficial de TEDx La Romana<\/a>. Tambi\u00e9n puede&nbsp;<a href=\"mailto:carlos@civ.do\" target=\"_blank\" rel=\"noopener\">reservar su cupo haciendo clic aqu\u00ed<\/a>&nbsp;o compra tu entrada en <a href=\"https:\/\/uepatickets.com\/Tickets.aspx?id=11963\" target=\"_blank\" rel=\"noopener\">uepatickets haciendo clic aqu\u00ed.<\/a><\/p>\n\n\n\n<blockquote><h3><strong>TEDxLaRomana<\/strong><\/h3><figure><img decoding=\"async\" loading=\"lazy\" class=\"size-large wp-image-210691 aligncenter\" src=\"https:\/\/i0.wp.com\/casadecampoliving.com\/wp-content\/uploads\/2022\/10\/unnamed-40-1024x976-2.jpg?resize=1000%2C953&amp;ssl=1\" alt=\"\" width=\"1000\" height=\"953\"><\/figure><p><strong>Qu\u00e9:<\/strong> un grupo selecto de 12 agentes de cambio de clase mundial para una noche inspiradora de compartir historias, experiencias e ideas \u00fanicas que vale la pena difundir.<\/p><p><strong>Cu\u00e1ndo:<\/strong>&nbsp;23 de octubre de 2021 (con actividades y talleres durante todo el fin de semana).<\/p><p><strong>D\u00f3nde:<\/strong>&nbsp;Anfiteatro Altos de Chav\u00f3n<\/p><p><strong>Hora:<\/strong>&nbsp;5 pm a 11 pm<\/p><p><a href=\"mailto:carlos@civ.do\" target=\"_blank\" rel=\"noopener\">Reserve su cupo haciendo clic aqu\u00ed<\/a><\/p><\/blockquote>\n","protected":false},"excerpt":{"rendered":"<p>Los eventos TEDx se crearon siguiendo el esp\u00edritu de la misi\u00f3n general de TED de investigar y descubrir \u201cideas que valga la pena difundir\u201d. Estos eventos est\u00e1n organizados por personas apasionadas que buscan descubrir nuevas ideas y compartir las \u00faltimas investigaciones en sus \u00e1reas locales que provocan conversaciones en sus comunidades. TEDxLaRomana es un evento [&hellip;]<\/p>\n","protected":false},"author":36791,"featured_media":334016,"comment_status":"closed","ping_status":"open","sticky":false,"template":"","format":"standard","meta":{"newspack_ads_suppress_ads":false,"newspack_popups_has_disabled_popups":false,"newspack_sponsor_sponsorship_scope":"","newspack_sponsor_native_byline_display":"inherit","newspack_sponsor_native_category_display":"inherit","newspack_sponsor_underwriter_style":"inherit","newspack_sponsor_underwriter_placement":"inherit","_newspack_byline_active":false,"_newspack_byline":"","newspack_hide_updated_date":false,"newspack_show_updated_date":false,"newspack_content_restriction_is_exempt":false,"newspack_featured_image_position":"","newspack_post_subtitle":"","newspack_article_summary_title":"Overview:","newspack_article_summary":"","_jetpack_memberships_contains_paid_content":false,"footnotes":"","jetpack_publicize_message":"","jetpack_publicize_feature_enabled":true,"jetpack_social_post_already_shared":false,"jetpack_social_options":{"image_generator_settings":{"template":"highway","default_image_id":0,"font":"","enabled":false},"version":2},"_wpas_customize_per_network":false},"categories":[26819,26823,26936,14631,2522,14625,14627,2521],"tags":[3575,2814,26240,20721,14736,23828,23212,26237],"newspack_spnsrs_tax":[],"class_list":["post-354171","post","type-post","status-publish","format-standard","has-post-thumbnail","hentry","category-altos-de-chavon-es","category-arte-y-cultura","category-casa-de-campo-living-es","category-estilo-de-vida","category-eventos-es","category-noticias-locales","category-proximamente","category-republica-dominicana-2","tag-altos-de-chavon-es-2","tag-anfiteatro","tag-carlos-miranda-levy","tag-charlas","tag-featured-topview-es","tag-patronato-benefico-oriental-es-2","tag-pronto","tag-tedx-la-romana","entry"],"yoast_head":"<!-- This site is optimized with the Yoast SEO plugin v27.5 - https:\/\/yoast.com\/product\/yoast-seo-wordpress\/ -->\n<title>\u00bfQu\u00e9 es TEDxLaRomana? Carlos Miranda Levy y Xiomara Men\u00e9ndez Dajer nos cuentan todo sobre el evento | Casa de Campo Living<\/title>\n<meta name=\"description\" content=\"Los eventos TEDx se crearon siguiendo el esp\u00edritu de la misi\u00f3n general de TED de investigar y descubrir \u201cideas que valga la pena difundir\u201d. Estos eventos\" \/>\n<meta name=\"robots\" content=\"index, follow, max-snippet:-1, max-image-preview:large, max-video-preview:-1\" \/>\n<link rel=\"canonical\" href=\"https:\/\/casadecampoliving.com\/es\/que-es-tedxlaromana-carlos-miranda-levy-y-xiomara-menendez-dajer-nos-cuentan-todo-sobre-el-evento\/\" \/>\n<meta property=\"og:locale\" content=\"es_ES\" \/>\n<meta property=\"og:type\" content=\"article\" \/>\n<meta property=\"og:title\" content=\"\u00bfQu\u00e9 es TEDxLaRomana? Carlos Miranda Levy y Xiomara Men\u00e9ndez Dajer nos cuentan todo sobre el evento | Casa de Campo Living\" \/>\n<meta property=\"og:description\" content=\"Los eventos TEDx se crearon siguiendo el esp\u00edritu de la misi\u00f3n general de TED de investigar y descubrir \u201cideas que valga la pena difundir\u201d. Estos eventos\" \/>\n<meta property=\"og:url\" content=\"https:\/\/casadecampoliving.com\/es\/que-es-tedxlaromana-carlos-miranda-levy-y-xiomara-menendez-dajer-nos-cuentan-todo-sobre-el-evento\/\" \/>\n<meta property=\"og:site_name\" content=\"Casa de Campo Living\" \/>\n<meta property=\"article:publisher\" content=\"https:\/\/www.facebook.com\/casadecampoliving\" \/>\n<meta property=\"article:published_time\" content=\"2021-10-05T04:00:00+00:00\" \/>\n<meta property=\"article:modified_time\" content=\"2022-10-21T23:18:07+00:00\" \/>\n<meta property=\"og:image\" content=\"https:\/\/i0.wp.com\/casadecampoliving.com\/wp-content\/uploads\/2022\/10\/20211004_162920-1.jpg?fit=1000%2C671&ssl=1\" \/>\n\t<meta property=\"og:image:width\" content=\"1000\" \/>\n\t<meta property=\"og:image:height\" content=\"671\" \/>\n\t<meta property=\"og:image:type\" content=\"image\/jpeg\" \/>\n<meta name=\"author\" content=\"Casa de Campo Living\" \/>\n<meta name=\"twitter:card\" content=\"summary_large_image\" \/>\n<meta name=\"twitter:creator\" content=\"@cdcliving\" \/>\n<meta name=\"twitter:site\" content=\"@cdcliving\" \/>\n<meta name=\"twitter:label1\" content=\"Escrito por\" \/>\n\t<meta name=\"twitter:data1\" content=\"Casa de Campo Living\" \/>\n\t<meta name=\"twitter:label2\" content=\"Tiempo de lectura\" \/>\n\t<meta name=\"twitter:data2\" content=\"4 minutos\" \/>\n<script type=\"application\/ld+json\" class=\"yoast-schema-graph\">{\"@context\":\"https:\\\/\\\/schema.org\",\"@graph\":[{\"@type\":\"Article\",\"@id\":\"https:\\\/\\\/casadecampoliving.com\\\/es\\\/que-es-tedxlaromana-carlos-miranda-levy-y-xiomara-menendez-dajer-nos-cuentan-todo-sobre-el-evento\\\/#article\",\"isPartOf\":{\"@id\":\"https:\\\/\\\/casadecampoliving.com\\\/es\\\/que-es-tedxlaromana-carlos-miranda-levy-y-xiomara-menendez-dajer-nos-cuentan-todo-sobre-el-evento\\\/\"},\"author\":{\"name\":\"Casa de Campo Living\",\"@id\":\"https:\\\/\\\/casadecampoliving.com\\\/es\\\/#\\\/schema\\\/person\\\/5d2171637a9d11e0e43ce6b8555f9422\"},\"headline\":\"\u00bfQu\u00e9 es TEDxLaRomana? Carlos Miranda Levy y Xiomara Men\u00e9ndez Dajer nos cuentan todo sobre el evento\",\"datePublished\":\"2021-10-05T04:00:00+00:00\",\"dateModified\":\"2022-10-21T23:18:07+00:00\",\"mainEntityOfPage\":{\"@id\":\"https:\\\/\\\/casadecampoliving.com\\\/es\\\/que-es-tedxlaromana-carlos-miranda-levy-y-xiomara-menendez-dajer-nos-cuentan-todo-sobre-el-evento\\\/\"},\"wordCount\":785,\"publisher\":{\"@id\":\"https:\\\/\\\/casadecampoliving.com\\\/es\\\/#organization\"},\"image\":{\"@id\":\"https:\\\/\\\/casadecampoliving.com\\\/es\\\/que-es-tedxlaromana-carlos-miranda-levy-y-xiomara-menendez-dajer-nos-cuentan-todo-sobre-el-evento\\\/#primaryimage\"},\"thumbnailUrl\":\"https:\\\/\\\/i0.wp.com\\\/casadecampoliving.com\\\/wp-content\\\/uploads\\\/2022\\\/10\\\/20211004_162920-1.jpg?fit=1000%2C671&ssl=1\",\"keywords\":[\"Altos de Chavon -es\",\"anfiteatro\",\"Carlos Miranda Levy\",\"charlas\",\"Featured-TopView @es\",\"patronato ben\u00e9fico oriental\",\"PRONTO\",\"TEDx La Romana\"],\"articleSection\":[\"Altos de Chavon @es\",\"Arte y cultura\",\"Casa de Campo Living @es\",\"Estilo de Vida\",\"Eventos\",\"Noticias Locales\",\"Proximamente\",\"Rep\u00fablica Dominicana @es\"],\"inLanguage\":\"es\"},{\"@type\":\"WebPage\",\"@id\":\"https:\\\/\\\/casadecampoliving.com\\\/es\\\/que-es-tedxlaromana-carlos-miranda-levy-y-xiomara-menendez-dajer-nos-cuentan-todo-sobre-el-evento\\\/\",\"url\":\"https:\\\/\\\/casadecampoliving.com\\\/es\\\/que-es-tedxlaromana-carlos-miranda-levy-y-xiomara-menendez-dajer-nos-cuentan-todo-sobre-el-evento\\\/\",\"name\":\"\u00bfQu\u00e9 es TEDxLaRomana? Carlos Miranda Levy y Xiomara Men\u00e9ndez Dajer nos cuentan todo sobre el evento | Casa de Campo Living\",\"isPartOf\":{\"@id\":\"https:\\\/\\\/casadecampoliving.com\\\/es\\\/#website\"},\"primaryImageOfPage\":{\"@id\":\"https:\\\/\\\/casadecampoliving.com\\\/es\\\/que-es-tedxlaromana-carlos-miranda-levy-y-xiomara-menendez-dajer-nos-cuentan-todo-sobre-el-evento\\\/#primaryimage\"},\"image\":{\"@id\":\"https:\\\/\\\/casadecampoliving.com\\\/es\\\/que-es-tedxlaromana-carlos-miranda-levy-y-xiomara-menendez-dajer-nos-cuentan-todo-sobre-el-evento\\\/#primaryimage\"},\"thumbnailUrl\":\"https:\\\/\\\/i0.wp.com\\\/casadecampoliving.com\\\/wp-content\\\/uploads\\\/2022\\\/10\\\/20211004_162920-1.jpg?fit=1000%2C671&ssl=1\",\"datePublished\":\"2021-10-05T04:00:00+00:00\",\"dateModified\":\"2022-10-21T23:18:07+00:00\",\"description\":\"Los eventos TEDx se crearon siguiendo el esp\u00edritu de la misi\u00f3n general de TED de investigar y descubrir \u201cideas que valga la pena difundir\u201d. Estos eventos\",\"breadcrumb\":{\"@id\":\"https:\\\/\\\/casadecampoliving.com\\\/es\\\/que-es-tedxlaromana-carlos-miranda-levy-y-xiomara-menendez-dajer-nos-cuentan-todo-sobre-el-evento\\\/#breadcrumb\"},\"inLanguage\":\"es\",\"potentialAction\":[{\"@type\":\"ReadAction\",\"target\":[\"https:\\\/\\\/casadecampoliving.com\\\/es\\\/que-es-tedxlaromana-carlos-miranda-levy-y-xiomara-menendez-dajer-nos-cuentan-todo-sobre-el-evento\\\/\"]}]},{\"@type\":\"ImageObject\",\"inLanguage\":\"es\",\"@id\":\"https:\\\/\\\/casadecampoliving.com\\\/es\\\/que-es-tedxlaromana-carlos-miranda-levy-y-xiomara-menendez-dajer-nos-cuentan-todo-sobre-el-evento\\\/#primaryimage\",\"url\":\"https:\\\/\\\/i0.wp.com\\\/casadecampoliving.com\\\/wp-content\\\/uploads\\\/2022\\\/10\\\/20211004_162920-1.jpg?fit=1000%2C671&ssl=1\",\"contentUrl\":\"https:\\\/\\\/i0.wp.com\\\/casadecampoliving.com\\\/wp-content\\\/uploads\\\/2022\\\/10\\\/20211004_162920-1.jpg?fit=1000%2C671&ssl=1\",\"width\":1000,\"height\":671},{\"@type\":\"BreadcrumbList\",\"@id\":\"https:\\\/\\\/casadecampoliving.com\\\/es\\\/que-es-tedxlaromana-carlos-miranda-levy-y-xiomara-menendez-dajer-nos-cuentan-todo-sobre-el-evento\\\/#breadcrumb\",\"itemListElement\":[{\"@type\":\"ListItem\",\"position\":1,\"name\":\"Home\",\"item\":\"https:\\\/\\\/casadecampoliving.com\\\/es\\\/\"},{\"@type\":\"ListItem\",\"position\":2,\"name\":\"\u00bfQu\u00e9 es TEDxLaRomana? Carlos Miranda Levy y Xiomara Men\u00e9ndez Dajer nos cuentan todo sobre el evento\"}]},{\"@type\":\"WebSite\",\"@id\":\"https:\\\/\\\/casadecampoliving.com\\\/es\\\/#website\",\"url\":\"https:\\\/\\\/casadecampoliving.com\\\/es\\\/\",\"name\":\"Casa de Campo Living\",\"description\":\"Resort community news and resources.\",\"publisher\":{\"@id\":\"https:\\\/\\\/casadecampoliving.com\\\/es\\\/#organization\"},\"potentialAction\":[{\"@type\":\"SearchAction\",\"target\":{\"@type\":\"EntryPoint\",\"urlTemplate\":\"https:\\\/\\\/casadecampoliving.com\\\/es\\\/?s={search_term_string}\"},\"query-input\":{\"@type\":\"PropertyValueSpecification\",\"valueRequired\":true,\"valueName\":\"search_term_string\"}}],\"inLanguage\":\"es\"},{\"@type\":\"Organization\",\"@id\":\"https:\\\/\\\/casadecampoliving.com\\\/es\\\/#organization\",\"name\":\"Casa de Campo Living\",\"url\":\"https:\\\/\\\/casadecampoliving.com\\\/es\\\/\",\"logo\":{\"@type\":\"ImageObject\",\"inLanguage\":\"es\",\"@id\":\"https:\\\/\\\/casadecampoliving.com\\\/es\\\/#\\\/schema\\\/logo\\\/image\\\/\",\"url\":\"https:\\\/\\\/i0.wp.com\\\/casadecampoliving.com\\\/wp-content\\\/uploads\\\/2022\\\/07\\\/CDCLivingLogo_V1-white-sized.png?fit=800%2C214&ssl=1\",\"contentUrl\":\"https:\\\/\\\/i0.wp.com\\\/casadecampoliving.com\\\/wp-content\\\/uploads\\\/2022\\\/07\\\/CDCLivingLogo_V1-white-sized.png?fit=800%2C214&ssl=1\",\"width\":800,\"height\":214,\"caption\":\"Casa de Campo Living\"},\"image\":{\"@id\":\"https:\\\/\\\/casadecampoliving.com\\\/es\\\/#\\\/schema\\\/logo\\\/image\\\/\"},\"sameAs\":[\"https:\\\/\\\/www.facebook.com\\\/casadecampoliving\",\"https:\\\/\\\/x.com\\\/cdcliving\"]},{\"@type\":\"Person\",\"@id\":\"https:\\\/\\\/casadecampoliving.com\\\/es\\\/#\\\/schema\\\/person\\\/5d2171637a9d11e0e43ce6b8555f9422\",\"name\":\"Casa de Campo Living\",\"image\":{\"@type\":\"ImageObject\",\"inLanguage\":\"es\",\"@id\":\"https:\\\/\\\/secure.gravatar.com\\\/avatar\\\/d04101fa4a9fd431e939953b1500fdc7a73cd35029f86d98712fd8ccdaebaf9a?s=96&d=mm&r=g\",\"url\":\"https:\\\/\\\/secure.gravatar.com\\\/avatar\\\/d04101fa4a9fd431e939953b1500fdc7a73cd35029f86d98712fd8ccdaebaf9a?s=96&d=mm&r=g\",\"contentUrl\":\"https:\\\/\\\/secure.gravatar.com\\\/avatar\\\/d04101fa4a9fd431e939953b1500fdc7a73cd35029f86d98712fd8ccdaebaf9a?s=96&d=mm&r=g\",\"caption\":\"Casa de Campo Living\"},\"url\":\"https:\\\/\\\/casadecampoliving.com\\\/es\\\/author\\\/casa-de-campo-living\\\/\"}]}<\/script>\n<!-- \/ Yoast SEO plugin. -->","yoast_head_json":{"title":"\u00bfQu\u00e9 es TEDxLaRomana? Carlos Miranda Levy y Xiomara Men\u00e9ndez Dajer nos cuentan todo sobre el evento | Casa de Campo Living","description":"Los eventos TEDx se crearon siguiendo el esp\u00edritu de la misi\u00f3n general de TED de investigar y descubrir \u201cideas que valga la pena difundir\u201d. Estos eventos","robots":{"index":"index","follow":"follow","max-snippet":"max-snippet:-1","max-image-preview":"max-image-preview:large","max-video-preview":"max-video-preview:-1"},"canonical":"https:\/\/casadecampoliving.com\/es\/que-es-tedxlaromana-carlos-miranda-levy-y-xiomara-menendez-dajer-nos-cuentan-todo-sobre-el-evento\/","og_locale":"es_ES","og_type":"article","og_title":"\u00bfQu\u00e9 es TEDxLaRomana? Carlos Miranda Levy y Xiomara Men\u00e9ndez Dajer nos cuentan todo sobre el evento | Casa de Campo Living","og_description":"Los eventos TEDx se crearon siguiendo el esp\u00edritu de la misi\u00f3n general de TED de investigar y descubrir \u201cideas que valga la pena difundir\u201d. Estos eventos","og_url":"https:\/\/casadecampoliving.com\/es\/que-es-tedxlaromana-carlos-miranda-levy-y-xiomara-menendez-dajer-nos-cuentan-todo-sobre-el-evento\/","og_site_name":"Casa de Campo Living","article_publisher":"https:\/\/www.facebook.com\/casadecampoliving","article_published_time":"2021-10-05T04:00:00+00:00","article_modified_time":"2022-10-21T23:18:07+00:00","og_image":[{"width":1000,"height":671,"url":"https:\/\/i0.wp.com\/casadecampoliving.com\/wp-content\/uploads\/2022\/10\/20211004_162920-1.jpg?fit=1000%2C671&ssl=1","type":"image\/jpeg"}],"author":"Casa de Campo Living","twitter_card":"summary_large_image","twitter_creator":"@cdcliving","twitter_site":"@cdcliving","twitter_misc":{"Escrito por":"Casa de Campo Living","Tiempo de lectura":"4 minutos"},"schema":{"@context":"https:\/\/schema.org","@graph":[{"@type":"Article","@id":"https:\/\/casadecampoliving.com\/es\/que-es-tedxlaromana-carlos-miranda-levy-y-xiomara-menendez-dajer-nos-cuentan-todo-sobre-el-evento\/#article","isPartOf":{"@id":"https:\/\/casadecampoliving.com\/es\/que-es-tedxlaromana-carlos-miranda-levy-y-xiomara-menendez-dajer-nos-cuentan-todo-sobre-el-evento\/"},"author":{"name":"Casa de Campo Living","@id":"https:\/\/casadecampoliving.com\/es\/#\/schema\/person\/5d2171637a9d11e0e43ce6b8555f9422"},"headline":"\u00bfQu\u00e9 es TEDxLaRomana? Carlos Miranda Levy y Xiomara Men\u00e9ndez Dajer nos cuentan todo sobre el evento","datePublished":"2021-10-05T04:00:00+00:00","dateModified":"2022-10-21T23:18:07+00:00","mainEntityOfPage":{"@id":"https:\/\/casadecampoliving.com\/es\/que-es-tedxlaromana-carlos-miranda-levy-y-xiomara-menendez-dajer-nos-cuentan-todo-sobre-el-evento\/"},"wordCount":785,"publisher":{"@id":"https:\/\/casadecampoliving.com\/es\/#organization"},"image":{"@id":"https:\/\/casadecampoliving.com\/es\/que-es-tedxlaromana-carlos-miranda-levy-y-xiomara-menendez-dajer-nos-cuentan-todo-sobre-el-evento\/#primaryimage"},"thumbnailUrl":"https:\/\/i0.wp.com\/casadecampoliving.com\/wp-content\/uploads\/2022\/10\/20211004_162920-1.jpg?fit=1000%2C671&ssl=1","keywords":["Altos de Chavon -es","anfiteatro","Carlos Miranda Levy","charlas","Featured-TopView @es","patronato ben\u00e9fico oriental","PRONTO","TEDx La Romana"],"articleSection":["Altos de Chavon @es","Arte y cultura","Casa de Campo Living @es","Estilo de Vida","Eventos","Noticias Locales","Proximamente","Rep\u00fablica Dominicana @es"],"inLanguage":"es"},{"@type":"WebPage","@id":"https:\/\/casadecampoliving.com\/es\/que-es-tedxlaromana-carlos-miranda-levy-y-xiomara-menendez-dajer-nos-cuentan-todo-sobre-el-evento\/","url":"https:\/\/casadecampoliving.com\/es\/que-es-tedxlaromana-carlos-miranda-levy-y-xiomara-menendez-dajer-nos-cuentan-todo-sobre-el-evento\/","name":"\u00bfQu\u00e9 es TEDxLaRomana? Carlos Miranda Levy y Xiomara Men\u00e9ndez Dajer nos cuentan todo sobre el evento | Casa de Campo Living","isPartOf":{"@id":"https:\/\/casadecampoliving.com\/es\/#website"},"primaryImageOfPage":{"@id":"https:\/\/casadecampoliving.com\/es\/que-es-tedxlaromana-carlos-miranda-levy-y-xiomara-menendez-dajer-nos-cuentan-todo-sobre-el-evento\/#primaryimage"},"image":{"@id":"https:\/\/casadecampoliving.com\/es\/que-es-tedxlaromana-carlos-miranda-levy-y-xiomara-menendez-dajer-nos-cuentan-todo-sobre-el-evento\/#primaryimage"},"thumbnailUrl":"https:\/\/i0.wp.com\/casadecampoliving.com\/wp-content\/uploads\/2022\/10\/20211004_162920-1.jpg?fit=1000%2C671&ssl=1","datePublished":"2021-10-05T04:00:00+00:00","dateModified":"2022-10-21T23:18:07+00:00","description":"Los eventos TEDx se crearon siguiendo el esp\u00edritu de la misi\u00f3n general de TED de investigar y descubrir \u201cideas que valga la pena difundir\u201d. Estos eventos","breadcrumb":{"@id":"https:\/\/casadecampoliving.com\/es\/que-es-tedxlaromana-carlos-miranda-levy-y-xiomara-menendez-dajer-nos-cuentan-todo-sobre-el-evento\/#breadcrumb"},"inLanguage":"es","potentialAction":[{"@type":"ReadAction","target":["https:\/\/casadecampoliving.com\/es\/que-es-tedxlaromana-carlos-miranda-levy-y-xiomara-menendez-dajer-nos-cuentan-todo-sobre-el-evento\/"]}]},{"@type":"ImageObject","inLanguage":"es","@id":"https:\/\/casadecampoliving.com\/es\/que-es-tedxlaromana-carlos-miranda-levy-y-xiomara-menendez-dajer-nos-cuentan-todo-sobre-el-evento\/#primaryimage","url":"https:\/\/i0.wp.com\/casadecampoliving.com\/wp-content\/uploads\/2022\/10\/20211004_162920-1.jpg?fit=1000%2C671&ssl=1","contentUrl":"https:\/\/i0.wp.com\/casadecampoliving.com\/wp-content\/uploads\/2022\/10\/20211004_162920-1.jpg?fit=1000%2C671&ssl=1","width":1000,"height":671},{"@type":"BreadcrumbList","@id":"https:\/\/casadecampoliving.com\/es\/que-es-tedxlaromana-carlos-miranda-levy-y-xiomara-menendez-dajer-nos-cuentan-todo-sobre-el-evento\/#breadcrumb","itemListElement":[{"@type":"ListItem","position":1,"name":"Home","item":"https:\/\/casadecampoliving.com\/es\/"},{"@type":"ListItem","position":2,"name":"\u00bfQu\u00e9 es TEDxLaRomana? Carlos Miranda Levy y Xiomara Men\u00e9ndez Dajer nos cuentan todo sobre el evento"}]},{"@type":"WebSite","@id":"https:\/\/casadecampoliving.com\/es\/#website","url":"https:\/\/casadecampoliving.com\/es\/","name":"Casa de Campo Living","description":"Resort community news and resources.","publisher":{"@id":"https:\/\/casadecampoliving.com\/es\/#organization"},"potentialAction":[{"@type":"SearchAction","target":{"@type":"EntryPoint","urlTemplate":"https:\/\/casadecampoliving.com\/es\/?s={search_term_string}"},"query-input":{"@type":"PropertyValueSpecification","valueRequired":true,"valueName":"search_term_string"}}],"inLanguage":"es"},{"@type":"Organization","@id":"https:\/\/casadecampoliving.com\/es\/#organization","name":"Casa de Campo Living","url":"https:\/\/casadecampoliving.com\/es\/","logo":{"@type":"ImageObject","inLanguage":"es","@id":"https:\/\/casadecampoliving.com\/es\/#\/schema\/logo\/image\/","url":"https:\/\/i0.wp.com\/casadecampoliving.com\/wp-content\/uploads\/2022\/07\/CDCLivingLogo_V1-white-sized.png?fit=800%2C214&ssl=1","contentUrl":"https:\/\/i0.wp.com\/casadecampoliving.com\/wp-content\/uploads\/2022\/07\/CDCLivingLogo_V1-white-sized.png?fit=800%2C214&ssl=1","width":800,"height":214,"caption":"Casa de Campo Living"},"image":{"@id":"https:\/\/casadecampoliving.com\/es\/#\/schema\/logo\/image\/"},"sameAs":["https:\/\/www.facebook.com\/casadecampoliving","https:\/\/x.com\/cdcliving"]},{"@type":"Person","@id":"https:\/\/casadecampoliving.com\/es\/#\/schema\/person\/5d2171637a9d11e0e43ce6b8555f9422","name":"Casa de Campo Living","image":{"@type":"ImageObject","inLanguage":"es","@id":"https:\/\/secure.gravatar.com\/avatar\/d04101fa4a9fd431e939953b1500fdc7a73cd35029f86d98712fd8ccdaebaf9a?s=96&d=mm&r=g","url":"https:\/\/secure.gravatar.com\/avatar\/d04101fa4a9fd431e939953b1500fdc7a73cd35029f86d98712fd8ccdaebaf9a?s=96&d=mm&r=g","contentUrl":"https:\/\/secure.gravatar.com\/avatar\/d04101fa4a9fd431e939953b1500fdc7a73cd35029f86d98712fd8ccdaebaf9a?s=96&d=mm&r=g","caption":"Casa de Campo Living"},"url":"https:\/\/casadecampoliving.com\/es\/author\/casa-de-campo-living\/"}]}},"parsely":{"version":"1.1.0","canonical_url":"https:\/\/casadecampoliving.com\/es\/que-es-tedxlaromana-carlos-miranda-levy-y-xiomara-menendez-dajer-nos-cuentan-todo-sobre-el-evento\/","smart_links":{"inbound":0,"outbound":0},"traffic_boost_suggestions_count":0,"meta":{"@context":"https:\/\/schema.org","@type":"NewsArticle","headline":"\u00bfQu\u00e9 es TEDxLaRomana? Carlos Miranda Levy y Xiomara Men\u00e9ndez Dajer nos cuentan todo sobre el evento","url":"http:\/\/casadecampoliving.com\/es\/que-es-tedxlaromana-carlos-miranda-levy-y-xiomara-menendez-dajer-nos-cuentan-todo-sobre-el-evento\/","mainEntityOfPage":{"@type":"WebPage","@id":"http:\/\/casadecampoliving.com\/es\/que-es-tedxlaromana-carlos-miranda-levy-y-xiomara-menendez-dajer-nos-cuentan-todo-sobre-el-evento\/"},"thumbnailUrl":"https:\/\/i0.wp.com\/casadecampoliving.com\/wp-content\/uploads\/2022\/10\/20211004_162920-1.jpg?resize=150%2C150&ssl=1","image":{"@type":"ImageObject","url":"https:\/\/i0.wp.com\/casadecampoliving.com\/wp-content\/uploads\/2022\/10\/20211004_162920-1.jpg?fit=1000%2C671&ssl=1"},"articleSection":"Altos de Chavon @es","author":[{"@type":"Person","name":"Casa de Campo Living"}],"creator":["Casa de Campo Living"],"publisher":{"@type":"Organization","name":"Casa de Campo Living","logo":"https:\/\/casadecampoliving.com\/wp-content\/uploads\/2022\/07\/CDCLivingLogo_V1-white-sized.png"},"keywords":["altos de chavon -es","anfiteatro","carlos miranda levy","charlas","featured-topview @es","patronato ben\u00e9fico oriental","pronto","tedx la romana"],"dateCreated":"2021-10-05T04:00:00Z","datePublished":"2021-10-05T04:00:00Z","dateModified":"2022-10-21T23:18:07Z"},"rendered":"<script type=\"application\/ld+json\" class=\"wp-parsely-metadata\">{\"@context\":\"https:\\\/\\\/schema.org\",\"@type\":\"NewsArticle\",\"headline\":\"\\u00bfQu\\u00e9 es TEDxLaRomana? Carlos Miranda Levy y Xiomara Men\\u00e9ndez Dajer nos cuentan todo sobre el evento\",\"url\":\"http:\\\/\\\/casadecampoliving.com\\\/es\\\/que-es-tedxlaromana-carlos-miranda-levy-y-xiomara-menendez-dajer-nos-cuentan-todo-sobre-el-evento\\\/\",\"mainEntityOfPage\":{\"@type\":\"WebPage\",\"@id\":\"http:\\\/\\\/casadecampoliving.com\\\/es\\\/que-es-tedxlaromana-carlos-miranda-levy-y-xiomara-menendez-dajer-nos-cuentan-todo-sobre-el-evento\\\/\"},\"thumbnailUrl\":\"https:\\\/\\\/i0.wp.com\\\/casadecampoliving.com\\\/wp-content\\\/uploads\\\/2022\\\/10\\\/20211004_162920-1.jpg?resize=150%2C150&ssl=1\",\"image\":{\"@type\":\"ImageObject\",\"url\":\"https:\\\/\\\/i0.wp.com\\\/casadecampoliving.com\\\/wp-content\\\/uploads\\\/2022\\\/10\\\/20211004_162920-1.jpg?fit=1000%2C671&ssl=1\"},\"articleSection\":\"Altos de Chavon @es\",\"author\":[{\"@type\":\"Person\",\"name\":\"Casa de Campo Living\"}],\"creator\":[\"Casa de Campo Living\"],\"publisher\":{\"@type\":\"Organization\",\"name\":\"Casa de Campo Living\",\"logo\":\"https:\\\/\\\/casadecampoliving.com\\\/wp-content\\\/uploads\\\/2022\\\/07\\\/CDCLivingLogo_V1-white-sized.png\"},\"keywords\":[\"altos de chavon -es\",\"anfiteatro\",\"carlos miranda levy\",\"charlas\",\"featured-topview @es\",\"patronato ben\\u00e9fico oriental\",\"pronto\",\"tedx la romana\"],\"dateCreated\":\"2021-10-05T04:00:00Z\",\"datePublished\":\"2021-10-05T04:00:00Z\",\"dateModified\":\"2022-10-21T23:18:07Z\"}<\/script>","tracker_url":"https:\/\/cdn.parsely.com\/keys\/casadecampoliving.com\/p.js"},"jetpack_publicize_connections":[],"jetpack_featured_media_url":"https:\/\/i0.wp.com\/casadecampoliving.com\/wp-content\/uploads\/2022\/10\/20211004_162920-1.jpg?fit=1000%2C671&ssl=1","jetpack-related-posts":[{"id":334012,"url":"https:\/\/casadecampoliving.com\/what-is-tedxlaromana-carlos-miranda-levy-and-xiomara-menendez-dajer-tell-us-all-about-the-upcoming-event\/","url_meta":{"origin":354171,"position":0},"title":"What is TEDxLaRomana? Carlos Miranda Levy and Xiomara Men\u00e9ndez Dajer tell us all about the upcoming event","author":"Casa de Campo Living","date":"5 Oct, 2021","format":false,"excerpt":"TEDx events were created in the spirit of TED\u2019s overall mission to research and discover \u201cideas worth spreading.\u201d These events are organized by passionate individuals who seek to uncover new ideas and to share the latest research in their local areas that spark conversations in their communities. TEDxLaRomana is an\u2026","rel":"","context":"En \u00abAltos de Chavon\u00bb","block_context":{"text":"Altos de Chavon","link":"https:\/\/casadecampoliving.com\/category\/altos-de-chavon\/"},"img":{"alt_text":"","src":"https:\/\/i0.wp.com\/casadecampoliving.com\/wp-content\/uploads\/2022\/10\/20211004_162920-1.jpg?fit=1000%2C671&ssl=1&resize=350%2C200","width":350,"height":200,"srcset":"https:\/\/i0.wp.com\/casadecampoliving.com\/wp-content\/uploads\/2022\/10\/20211004_162920-1.jpg?fit=1000%2C671&ssl=1&resize=350%2C200 1x, https:\/\/i0.wp.com\/casadecampoliving.com\/wp-content\/uploads\/2022\/10\/20211004_162920-1.jpg?fit=1000%2C671&ssl=1&resize=525%2C300 1.5x, https:\/\/i0.wp.com\/casadecampoliving.com\/wp-content\/uploads\/2022\/10\/20211004_162920-1.jpg?fit=1000%2C671&ssl=1&resize=700%2C400 2x"},"classes":[]},{"id":354208,"url":"https:\/\/casadecampoliving.com\/es\/proximo-evento-de-tedxlaromana-visualizacion-de-la-cumbre-de-tedcountdown-en-el-centro-de-innovacion-de-pbo\/","url_meta":{"origin":354171,"position":1},"title":"Pr\u00f3ximo evento de TEDxLaRomana: transmisi\u00f3n de la Cumbre TEDCountdown en el Centro de Innovaci\u00f3n de PBO","author":"Casa de Campo Living","date":"26 Nov, 2021","format":false,"excerpt":"Continuando con el \u00e9xito del primer TEDxLaRomana que tuvo lugar el pasado 23 de octubre, sus organizadores presentan TEDxLaRomana Countdown. Todos estamos invitados a unirnos a ellos el pr\u00f3ximo s\u00e1bado 4 de diciembre, (* APLAZADO: \u00a1Les avisaremos tan pronto como tengamos la nueva fecha! *) mientras transmiten las charlas de\u2026","rel":"","context":"En \u00abAltos de Chavon @es\u00bb","block_context":{"text":"Altos de Chavon @es","link":"https:\/\/casadecampoliving.com\/category\/altos-de-chavon-es\/"},"img":{"alt_text":"","src":"https:\/\/i0.wp.com\/casadecampoliving.com\/wp-content\/uploads\/2022\/10\/https___cdn.evbuc_.com_images_188932299_377626720963_1_original-1.jpeg?fit=1000%2C500&ssl=1&resize=350%2C200","width":350,"height":200,"srcset":"https:\/\/i0.wp.com\/casadecampoliving.com\/wp-content\/uploads\/2022\/10\/https___cdn.evbuc_.com_images_188932299_377626720963_1_original-1.jpeg?fit=1000%2C500&ssl=1&resize=350%2C200 1x, https:\/\/i0.wp.com\/casadecampoliving.com\/wp-content\/uploads\/2022\/10\/https___cdn.evbuc_.com_images_188932299_377626720963_1_original-1.jpeg?fit=1000%2C500&ssl=1&resize=525%2C300 1.5x, https:\/\/i0.wp.com\/casadecampoliving.com\/wp-content\/uploads\/2022\/10\/https___cdn.evbuc_.com_images_188932299_377626720963_1_original-1.jpeg?fit=1000%2C500&ssl=1&resize=700%2C400 2x"},"classes":[]},{"id":354150,"url":"https:\/\/casadecampoliving.com\/es\/el-patronato-benefica-oriental-anuncia-su-primer-tedx-la-romana-en-el-anfiteatro-altos-de-chavon\/","url_meta":{"origin":354171,"position":2},"title":"\u00a1El Patronato Ben\u00e9fico Oriental anuncia su primer TEDx La Romana en el Anfiteatro Altos de Chav\u00f3n!","author":"Casa de Campo Living","date":"13 Sep, 2021","format":false,"excerpt":"\u00bfQui\u00e9n no disfruta de un TEDx maravilloso y que cambia la vida? \u00a1Nos complace anunciar que el Patronato Ben\u00e9fico Oriental ser\u00e1 el anfitri\u00f3n del primer TEDx La Romana en el Anfiteatro Altos de Chav\u00f3n el 23 de octubre de 2021! Reunir\u00e1n a un grupo selecto de 10 agentes de cambio\u2026","rel":"","context":"En \u00abAltos de Chavon @es\u00bb","block_context":{"text":"Altos de Chavon @es","link":"https:\/\/casadecampoliving.com\/category\/altos-de-chavon-es\/"},"img":{"alt_text":"","src":"https:\/\/i0.wp.com\/casadecampoliving.com\/wp-content\/uploads\/2022\/10\/AltosdeChavon_Amphitheater-1.jpg?fit=1000%2C636&ssl=1&resize=350%2C200","width":350,"height":200,"srcset":"https:\/\/i0.wp.com\/casadecampoliving.com\/wp-content\/uploads\/2022\/10\/AltosdeChavon_Amphitheater-1.jpg?fit=1000%2C636&ssl=1&resize=350%2C200 1x, https:\/\/i0.wp.com\/casadecampoliving.com\/wp-content\/uploads\/2022\/10\/AltosdeChavon_Amphitheater-1.jpg?fit=1000%2C636&ssl=1&resize=525%2C300 1.5x, https:\/\/i0.wp.com\/casadecampoliving.com\/wp-content\/uploads\/2022\/10\/AltosdeChavon_Amphitheater-1.jpg?fit=1000%2C636&ssl=1&resize=700%2C400 2x"},"classes":[]},{"id":334073,"url":"https:\/\/casadecampoliving.com\/speakers-and-friends-pre-tedxlaromana-dinner-party-at-casa-del-rio-in-altos-de-chavon\/","url_meta":{"origin":354171,"position":3},"title":"Speakers and friends pre-TEDxLaRomana dinner party at Casa del Rio in Altos de Chav\u00f3n","author":"Casa de Campo Living","date":"25 Oct, 2021","format":false,"excerpt":"Last Friday, October 22nd guests got a chance to dance and sing to the rhythm of Diomara La Mala in an intimate pre-TEDxLaRomana dinner, held at the Casa del Rio Restaurant in Altos de Chav\u00f3n. Guests had the opportunity to enjoy a special and exclusive night of networking and social\u2026","rel":"","context":"En \u00abAltos de Chavon\u00bb","block_context":{"text":"Altos de Chavon","link":"https:\/\/casadecampoliving.com\/category\/altos-de-chavon\/"},"img":{"alt_text":"","src":"https:\/\/i0.wp.com\/casadecampoliving.com\/wp-content\/uploads\/2022\/10\/248091876_241499848008059_5072111465951310232_n-1.jpg?fit=1000%2C666&ssl=1&resize=350%2C200","width":350,"height":200,"srcset":"https:\/\/i0.wp.com\/casadecampoliving.com\/wp-content\/uploads\/2022\/10\/248091876_241499848008059_5072111465951310232_n-1.jpg?fit=1000%2C666&ssl=1&resize=350%2C200 1x, https:\/\/i0.wp.com\/casadecampoliving.com\/wp-content\/uploads\/2022\/10\/248091876_241499848008059_5072111465951310232_n-1.jpg?fit=1000%2C666&ssl=1&resize=525%2C300 1.5x, https:\/\/i0.wp.com\/casadecampoliving.com\/wp-content\/uploads\/2022\/10\/248091876_241499848008059_5072111465951310232_n-1.jpg?fit=1000%2C666&ssl=1&resize=700%2C400 2x"},"classes":[]},{"id":333912,"url":"https:\/\/casadecampoliving.com\/the-patronato-benefica-oriental-announces-its-first-tedx-la-romana-at-the-altos-de-chavon-amphitheater\/","url_meta":{"origin":354171,"position":4},"title":"The Patronato Ben\u00e9fico Oriental announces its first TEDxLaRomana at the Altos de Chav\u00f3n Amphitheater!","author":"Casa de Campo Living","date":"13 Sep, 2021","format":false,"excerpt":"Who doesn\u2019t enjoy a wonderful and life-changing TEDx? We are excited to announce that the Patronato Ben\u00e9fico Oriental will be hosting the first TEDxLaRomana ever at the Altos de Chav\u00f3n Amphitheater on October 23, 2021! They will bring together a select group of 10 world-class changemakers for an inspiring evening\u2026","rel":"","context":"En \u00abAltos de Chavon\u00bb","block_context":{"text":"Altos de Chavon","link":"https:\/\/casadecampoliving.com\/category\/altos-de-chavon\/"},"img":{"alt_text":"","src":"https:\/\/i0.wp.com\/casadecampoliving.com\/wp-content\/uploads\/2022\/10\/AltosdeChavon_Amphitheater-1.jpg?fit=1000%2C636&ssl=1&resize=350%2C200","width":350,"height":200,"srcset":"https:\/\/i0.wp.com\/casadecampoliving.com\/wp-content\/uploads\/2022\/10\/AltosdeChavon_Amphitheater-1.jpg?fit=1000%2C636&ssl=1&resize=350%2C200 1x, https:\/\/i0.wp.com\/casadecampoliving.com\/wp-content\/uploads\/2022\/10\/AltosdeChavon_Amphitheater-1.jpg?fit=1000%2C636&ssl=1&resize=525%2C300 1.5x, https:\/\/i0.wp.com\/casadecampoliving.com\/wp-content\/uploads\/2022\/10\/AltosdeChavon_Amphitheater-1.jpg?fit=1000%2C636&ssl=1&resize=700%2C400 2x"},"classes":[]},{"id":354174,"url":"https:\/\/casadecampoliving.com\/es\/conoce-a-los-ponentes-de-tedxlaromana-flujo-y-abundancia-vida-como-movimiento-y-prosperidad-compartida-pt-1\/","url_meta":{"origin":354171,"position":5},"title":"Conoce a los ponentes de TEDxLaRomana Flujo y Abundancia: Vida como movimiento y prosperidad compartida Pt. 1","author":"Casa de Campo Living","date":"16 Oct, 2021","format":false,"excerpt":"\u00a1Aqu\u00ed est\u00e1! Hoy les traemos el primer grupo de ponentes de TEDxLaRomana Flujo y Abundancia: Vida como movimiento y prosperidad compartida, \u00a1que est\u00e1 a solo una semana! En este evento TED muy especial, los invitados emprender\u00e1n un viaje \u00fanico de movilidad social, transformaci\u00f3n y exploraci\u00f3n en el crecimiento personal y\u2026","rel":"","context":"En \u00abAltos de Chavon @es\u00bb","block_context":{"text":"Altos de Chavon @es","link":"https:\/\/casadecampoliving.com\/category\/altos-de-chavon-es\/"},"img":{"alt_text":"","src":"https:\/\/i0.wp.com\/casadecampoliving.com\/wp-content\/uploads\/2022\/10\/244576806_193794559503456_5875735695599990246_n-1.jpg?fit=1000%2C689&ssl=1&resize=350%2C200","width":350,"height":200,"srcset":"https:\/\/i0.wp.com\/casadecampoliving.com\/wp-content\/uploads\/2022\/10\/244576806_193794559503456_5875735695599990246_n-1.jpg?fit=1000%2C689&ssl=1&resize=350%2C200 1x, https:\/\/i0.wp.com\/casadecampoliving.com\/wp-content\/uploads\/2022\/10\/244576806_193794559503456_5875735695599990246_n-1.jpg?fit=1000%2C689&ssl=1&resize=525%2C300 1.5x, https:\/\/i0.wp.com\/casadecampoliving.com\/wp-content\/uploads\/2022\/10\/244576806_193794559503456_5875735695599990246_n-1.jpg?fit=1000%2C689&ssl=1&resize=700%2C400 2x"},"classes":[]}],"jetpack_sharing_enabled":true,"_links":{"self":[{"href":"https:\/\/casadecampoliving.com\/es\/wp-json\/wp\/v2\/posts\/354171","targetHints":{"allow":["GET"]}}],"collection":[{"href":"https:\/\/casadecampoliving.com\/es\/wp-json\/wp\/v2\/posts"}],"about":[{"href":"https:\/\/casadecampoliving.com\/es\/wp-json\/wp\/v2\/types\/post"}],"author":[{"embeddable":true,"href":"https:\/\/casadecampoliving.com\/es\/wp-json\/wp\/v2\/users\/36791"}],"replies":[{"embeddable":true,"href":"https:\/\/casadecampoliving.com\/es\/wp-json\/wp\/v2\/comments?post=354171"}],"version-history":[{"count":0,"href":"https:\/\/casadecampoliving.com\/es\/wp-json\/wp\/v2\/posts\/354171\/revisions"}],"wp:featuredmedia":[{"embeddable":true,"href":"https:\/\/casadecampoliving.com\/es\/wp-json\/wp\/v2\/media\/334016"}],"wp:attachment":[{"href":"https:\/\/casadecampoliving.com\/es\/wp-json\/wp\/v2\/media?parent=354171"}],"wp:term":[{"taxonomy":"category","embeddable":true,"href":"https:\/\/casadecampoliving.com\/es\/wp-json\/wp\/v2\/categories?post=354171"},{"taxonomy":"post_tag","embeddable":true,"href":"https:\/\/casadecampoliving.com\/es\/wp-json\/wp\/v2\/tags?post=354171"},{"taxonomy":"newspack_spnsrs_tax","embeddable":true,"href":"https:\/\/casadecampoliving.com\/es\/wp-json\/wp\/v2\/newspack_spnsrs_tax?post=354171"}],"curies":[{"name":"wp","href":"https:\/\/api.w.org\/{rel}","templated":true}]}}