{"id":354162,"date":"2021-09-29T00:00:00","date_gmt":"2021-09-29T04:00:00","guid":{"rendered":"https:\/\/casadecampoliving.com\/tenemos-una-nueva-fecha-gracias-totales-soda-stereo-en-historico-concierto-en-altos-de-chavon-2022\/"},"modified":"2022-10-21T19:16:20","modified_gmt":"2022-10-21T23:16:20","slug":"tenemos-una-nueva-fecha-gracias-totales-soda-stereo-en-historico-concierto-en-altos-de-chavon-2022","status":"publish","type":"post","link":"https:\/\/casadecampoliving.com\/es\/tenemos-una-nueva-fecha-gracias-totales-soda-stereo-en-historico-concierto-en-altos-de-chavon-2022\/","title":{"rendered":"\u00a1TENEMOS UNA NUEVA FECHA! Gracias Totales-Soda Stereo en hist\u00f3rico concierto en Altos de Chav\u00f3n 2022"},"content":{"rendered":"\n<p>El a\u00f1o pasado, debido a la incertidumbre que rodea al virus COVID19, Casa de Campo Resort &amp; Villas anunci\u00f3 que sus pr\u00f3ximos conciertos en el anfiteatro Altos de Chav\u00f3n, de Soda Stereo programados para el 28 de marzo y Chayanne el 11 de abril de 2020, ser\u00edan pospuestos. Hoy, nos enteramos de que Gracias Totales \u2013 Soda Stereo finalmente ha reprogramado el concierto y se llevar\u00e1 a<a href=\"https:\/\/sodastereo.com\/tickets\/\" target=\"_blank\" rel=\"noopener\"> cabo el 12 de febrero de 2022.<\/a><\/p>\n\n\n<div class=\"wp-block-image\">\n<figure class=\"alignright is-resized\"><img loading=\"lazy\" decoding=\"async\" src=\"https:\/\/i0.wp.com\/casadecampoliving.com\/wp-content\/uploads\/2022\/10\/soda-stereo-vertical-1.jpg?resize=232%2C348&amp;ssl=1\" alt=\"\" class=\"wp-image-203746\" height=\"348\" width=\"232\"\/><\/figure>\n<\/div>\n\n\n<p>Con Gracias Totales, Charly Alberti y Zeta Bosio regresan a los escenarios con espect\u00e1culos \u00fanicos para Latinoam\u00e9rica para volver a visitar su obra atemporal con sus fans, con la participaci\u00f3n de grandes artistas invitados. <em><strong>\u201cPor mucho que lo intentemos, nunca dejaremos de ser Soda\u201d<\/strong><\/em>. As\u00ed habl\u00f3 a sus fans el difunto Gustavo Cerati, de Soda Stereo.<\/p>\n\n\n\n<p>Es gracias a esa conexi\u00f3n \u00fanica que los miembros restantes de la banda regresan con un show en vivo que seguramente ser\u00e1 un momento de sensaciones intensas y m\u00fasica incre\u00edble.<\/p>\n\n\n\n<p><em><strong>\u201cEn la vida hay momentos para re\u00edr, llorar, emocionarse, dar gracias con amor y respeto. Queremos celebrar estas canciones. Vibra con ellos juntos. Amigos de todas partes se unir\u00e1n a nosotros. Es una celebraci\u00f3n, de nosotros para nuestro p\u00fablico, y un homenaje a nuestra m\u00fasica ya Gustavo\u201d. <\/strong><\/em>De esta manera, Zeta Bosio y Charly Alberti cierran una carta abierta que compartieron en sus redes sociales el a\u00f1o pasado cuando anunciaron la gira.<\/p>\n\n\n\n<center><iframe loading=\"lazy\" title=\"YouTube video player\" src=\"https:\/\/www.youtube.com\/embed\/OX-us7PEfkc\" width=\"800\" height=\"415\" frameborder=\"0\" allowfullscreen=\"allowfullscreen\" data-mce-fragment=\"1\"><span data-mce-type=\"bookmark\" style=\"display: inline-block; width: 0px; overflow: hidden; line-height: 0;\" class=\"mce_SELRES_start\">\ufeff<\/span><span data-mce-type=\"bookmark\" style=\"display: inline-block; width: 0px; overflow: hidden; line-height: 0;\" class=\"mce_SELRES_start\">\ufeff<\/span><\/iframe><\/center>\n\n\n\n<p>Charly y Zeta celebrar\u00e1n la m\u00fasica y la historia de Soda Stereo con shows en vivo en Latinoam\u00e9rica junto a algunos de los m\u00e1s grandes artistas internacionales que, en persona o a trav\u00e9s de un impresionante formato audiovisual, estar\u00e1n presentes para homenajear el trabajo de la banda, gracias tantos a\u00f1os. de lealtad con sus fans y honrar a Gustavo Cerati.<\/p>\n\n\n\n<p>Algunas de las estrellas que han confirmado su presencia son Rub\u00e9n Albarr\u00e1n (Caf\u00e9 Tacvba), Benito Cerati, Richard Coleman, Adri\u00e1n D\u00e1rgelos (Babas\u00f3nicos), Andrea Echeverri (Aterciopelados), \u00c1lvaro Henr\u00edquez, Juanes, Mon Laferte, Le\u00f3n Larregui (Zo\u00e9), Chris Martin (Coldplay), Draco Rosa, Fernando Ruiz D\u00edaz, Gustavo Santaolalla, Julieta Venegas y Walas.<\/p>\n\n\n\n<p>Te informaremos en un futuro pr\u00f3ximo m\u00e1s detalles de c\u00f3mo se llevar\u00e1 a cabo el concierto en Casa de Campo y cu\u00e1ndo estar\u00e1n disponibles las entradas, \u00a1as\u00ed que estad atentos!<\/p>\n\n\n\n<p>Fotos de la p\u00e1gina de Facebook de <a id=\"js_6au\" class=\"_hli\" style=\"font-family: -apple-system, BlinkMacSystemFont, 'Segoe UI', Roboto, Oxygen-Sans, Ubuntu, Cantarell, 'Helvetica Neue', sans-serif;\" href=\"https:\/\/web.facebook.com\/CharlyAlberti\/?tn-str=k%2AF\" data-ft=\"{&quot;tn&quot;:&quot;k&quot;}\" data-hovercard=\"\/ajax\/hovercard\/page.php?id=33044472102&amp;extragetparams=%7B%22tn-str%22%3A%22k%2AF%22%7D\" data-hovercard-prefer-more-content-show=\"1\" aria-describedby=\"u_5g_1\" aria-owns=\"\">Charly Alberti y <\/a><a class=\"_64-f\" style=\"font-family: -apple-system, BlinkMacSystemFont, 'Segoe UI', Roboto, Oxygen-Sans, Ubuntu, Cantarell, 'Helvetica Neue', sans-serif;\" href=\"https:\/\/web.facebook.com\/sodastereo\/\">Soda Stereo<\/a><\/p>\n","protected":false},"excerpt":{"rendered":"<p>El a\u00f1o pasado, debido a la incertidumbre que rodea al virus COVID19, Casa de Campo Resort &amp; Villas anunci\u00f3 que sus pr\u00f3ximos conciertos en el anfiteatro Altos de Chav\u00f3n, de Soda Stereo programados para el 28 de marzo y Chayanne el 11 de abril de 2020, ser\u00edan pospuestos. Hoy, nos enteramos de que Gracias Totales [&hellip;]<\/p>\n","protected":false},"author":36791,"featured_media":311220,"comment_status":"closed","ping_status":"open","sticky":false,"template":"","format":"standard","meta":{"newspack_ads_suppress_ads":false,"newspack_popups_has_disabled_popups":false,"newspack_sponsor_sponsorship_scope":"","newspack_sponsor_native_byline_display":"inherit","newspack_sponsor_native_category_display":"inherit","newspack_sponsor_underwriter_style":"inherit","newspack_sponsor_underwriter_placement":"inherit","_newspack_byline_active":false,"_newspack_byline":"","newspack_hide_updated_date":false,"newspack_show_updated_date":false,"newspack_content_restriction_is_exempt":false,"newspack_featured_image_position":"","newspack_post_subtitle":"","newspack_article_summary_title":"Overview:","newspack_article_summary":"","_jetpack_memberships_contains_paid_content":false,"footnotes":"","jetpack_publicize_message":"","jetpack_publicize_feature_enabled":true,"jetpack_social_post_already_shared":false,"jetpack_social_options":{"image_generator_settings":{"template":"highway","default_image_id":0,"font":"","enabled":false},"version":2},"_wpas_customize_per_network":false},"categories":[26819,26823,26936,2513,2518,14631,2522,14625,14627,2521,26822,2526,19622],"tags":[3575,2814,24522,2963,14736,24520,24524,18110,24523],"newspack_spnsrs_tax":[],"class_list":["post-354162","post","type-post","status-publish","format-standard","has-post-thumbnail","hentry","category-altos-de-chavon-es","category-arte-y-cultura","category-casa-de-campo-living-es","category-celebridades-es","category-conciertos-es","category-estilo-de-vida","category-eventos-es","category-noticias-locales","category-proximamente","category-republica-dominicana-2","category-resort-casa-de-campo","category-titulares-es","category-video-es-2","tag-altos-de-chavon-es-2","tag-anfiteatro","tag-charly-alberti","tag-concierto","tag-featured-topview-es","tag-gracias-totales","tag-gustavo-cerati","tag-soda-stereo","tag-zeta-bosio","entry"],"yoast_head":"<!-- This site is optimized with the Yoast SEO plugin v27.4 - https:\/\/yoast.com\/product\/yoast-seo-wordpress\/ -->\n<title>\u00a1TENEMOS UNA NUEVA FECHA! Gracias Totales-Soda Stereo en hist\u00f3rico concierto en Altos de Chav\u00f3n 2022 | Casa de Campo Living<\/title>\n<meta name=\"description\" content=\"El a\u00f1o pasado, debido a la incertidumbre que rodea al virus COVID19, Casa de Campo Resort &amp; Villas anunci\u00f3 que sus pr\u00f3ximos conciertos en el\" \/>\n<meta name=\"robots\" content=\"index, follow, max-snippet:-1, max-image-preview:large, max-video-preview:-1\" \/>\n<link rel=\"canonical\" href=\"https:\/\/casadecampoliving.com\/es\/tenemos-una-nueva-fecha-gracias-totales-soda-stereo-en-historico-concierto-en-altos-de-chavon-2022\/\" \/>\n<meta property=\"og:locale\" content=\"es_ES\" \/>\n<meta property=\"og:type\" content=\"article\" \/>\n<meta property=\"og:title\" content=\"\u00a1TENEMOS UNA NUEVA FECHA! Gracias Totales-Soda Stereo en hist\u00f3rico concierto en Altos de Chav\u00f3n 2022 | Casa de Campo Living\" \/>\n<meta property=\"og:description\" content=\"El a\u00f1o pasado, debido a la incertidumbre que rodea al virus COVID19, Casa de Campo Resort &amp; Villas anunci\u00f3 que sus pr\u00f3ximos conciertos en el\" \/>\n<meta property=\"og:url\" content=\"https:\/\/casadecampoliving.com\/es\/tenemos-una-nueva-fecha-gracias-totales-soda-stereo-en-historico-concierto-en-altos-de-chavon-2022\/\" \/>\n<meta property=\"og:site_name\" content=\"Casa de Campo Living\" \/>\n<meta property=\"article:publisher\" content=\"https:\/\/www.facebook.com\/casadecampoliving\" \/>\n<meta property=\"article:published_time\" content=\"2021-09-29T04:00:00+00:00\" \/>\n<meta property=\"article:modified_time\" content=\"2022-10-21T23:16:20+00:00\" \/>\n<meta property=\"og:image\" content=\"https:\/\/i0.wp.com\/casadecampoliving.com\/wp-content\/uploads\/2022\/10\/soda-stereo-gracias-totales.jpg?fit=1000%2C669&ssl=1\" \/>\n\t<meta property=\"og:image:width\" content=\"1000\" \/>\n\t<meta property=\"og:image:height\" content=\"669\" \/>\n\t<meta property=\"og:image:type\" content=\"image\/jpeg\" \/>\n<meta name=\"author\" content=\"Casa de Campo Living\" \/>\n<meta name=\"twitter:card\" content=\"summary_large_image\" \/>\n<meta name=\"twitter:creator\" content=\"@cdcliving\" \/>\n<meta name=\"twitter:site\" content=\"@cdcliving\" \/>\n<meta name=\"twitter:label1\" content=\"Escrito por\" \/>\n\t<meta name=\"twitter:data1\" content=\"Casa de Campo Living\" \/>\n\t<meta name=\"twitter:label2\" content=\"Tiempo de lectura\" \/>\n\t<meta name=\"twitter:data2\" content=\"2 minutos\" \/>\n<script type=\"application\/ld+json\" class=\"yoast-schema-graph\">{\"@context\":\"https:\\\/\\\/schema.org\",\"@graph\":[{\"@type\":\"Article\",\"@id\":\"https:\\\/\\\/casadecampoliving.com\\\/es\\\/tenemos-una-nueva-fecha-gracias-totales-soda-stereo-en-historico-concierto-en-altos-de-chavon-2022\\\/#article\",\"isPartOf\":{\"@id\":\"https:\\\/\\\/casadecampoliving.com\\\/es\\\/tenemos-una-nueva-fecha-gracias-totales-soda-stereo-en-historico-concierto-en-altos-de-chavon-2022\\\/\"},\"author\":{\"name\":\"Casa de Campo Living\",\"@id\":\"https:\\\/\\\/casadecampoliving.com\\\/es\\\/#\\\/schema\\\/person\\\/5d2171637a9d11e0e43ce6b8555f9422\"},\"headline\":\"\u00a1TENEMOS UNA NUEVA FECHA! Gracias Totales-Soda Stereo en hist\u00f3rico concierto en Altos de Chav\u00f3n 2022\",\"datePublished\":\"2021-09-29T04:00:00+00:00\",\"dateModified\":\"2022-10-21T23:16:20+00:00\",\"mainEntityOfPage\":{\"@id\":\"https:\\\/\\\/casadecampoliving.com\\\/es\\\/tenemos-una-nueva-fecha-gracias-totales-soda-stereo-en-historico-concierto-en-altos-de-chavon-2022\\\/\"},\"wordCount\":427,\"publisher\":{\"@id\":\"https:\\\/\\\/casadecampoliving.com\\\/es\\\/#organization\"},\"image\":{\"@id\":\"https:\\\/\\\/casadecampoliving.com\\\/es\\\/tenemos-una-nueva-fecha-gracias-totales-soda-stereo-en-historico-concierto-en-altos-de-chavon-2022\\\/#primaryimage\"},\"thumbnailUrl\":\"https:\\\/\\\/i0.wp.com\\\/casadecampoliving.com\\\/wp-content\\\/uploads\\\/2022\\\/10\\\/soda-stereo-gracias-totales.jpg?fit=1000%2C669&ssl=1\",\"keywords\":[\"Altos de Chavon -es\",\"anfiteatro\",\"Charly Alberti\",\"concierto\",\"Featured-TopView @es\",\"gracias totales\",\"gustavo cerati\",\"Soda Stereo\",\"Zeta Bosio\"],\"articleSection\":[\"Altos de Chavon @es\",\"Arte y cultura\",\"Casa de Campo Living @es\",\"Celebridades\",\"Conciertos\",\"Estilo de Vida\",\"Eventos\",\"Noticias Locales\",\"Proximamente\",\"Rep\u00fablica Dominicana @es\",\"Resort Casa de Campo\",\"Titulares\",\"Video\"],\"inLanguage\":\"es\"},{\"@type\":\"WebPage\",\"@id\":\"https:\\\/\\\/casadecampoliving.com\\\/es\\\/tenemos-una-nueva-fecha-gracias-totales-soda-stereo-en-historico-concierto-en-altos-de-chavon-2022\\\/\",\"url\":\"https:\\\/\\\/casadecampoliving.com\\\/es\\\/tenemos-una-nueva-fecha-gracias-totales-soda-stereo-en-historico-concierto-en-altos-de-chavon-2022\\\/\",\"name\":\"\u00a1TENEMOS UNA NUEVA FECHA! Gracias Totales-Soda Stereo en hist\u00f3rico concierto en Altos de Chav\u00f3n 2022 | Casa de Campo Living\",\"isPartOf\":{\"@id\":\"https:\\\/\\\/casadecampoliving.com\\\/es\\\/#website\"},\"primaryImageOfPage\":{\"@id\":\"https:\\\/\\\/casadecampoliving.com\\\/es\\\/tenemos-una-nueva-fecha-gracias-totales-soda-stereo-en-historico-concierto-en-altos-de-chavon-2022\\\/#primaryimage\"},\"image\":{\"@id\":\"https:\\\/\\\/casadecampoliving.com\\\/es\\\/tenemos-una-nueva-fecha-gracias-totales-soda-stereo-en-historico-concierto-en-altos-de-chavon-2022\\\/#primaryimage\"},\"thumbnailUrl\":\"https:\\\/\\\/i0.wp.com\\\/casadecampoliving.com\\\/wp-content\\\/uploads\\\/2022\\\/10\\\/soda-stereo-gracias-totales.jpg?fit=1000%2C669&ssl=1\",\"datePublished\":\"2021-09-29T04:00:00+00:00\",\"dateModified\":\"2022-10-21T23:16:20+00:00\",\"description\":\"El a\u00f1o pasado, debido a la incertidumbre que rodea al virus COVID19, Casa de Campo Resort &amp; Villas anunci\u00f3 que sus pr\u00f3ximos conciertos en el\",\"breadcrumb\":{\"@id\":\"https:\\\/\\\/casadecampoliving.com\\\/es\\\/tenemos-una-nueva-fecha-gracias-totales-soda-stereo-en-historico-concierto-en-altos-de-chavon-2022\\\/#breadcrumb\"},\"inLanguage\":\"es\",\"potentialAction\":[{\"@type\":\"ReadAction\",\"target\":[\"https:\\\/\\\/casadecampoliving.com\\\/es\\\/tenemos-una-nueva-fecha-gracias-totales-soda-stereo-en-historico-concierto-en-altos-de-chavon-2022\\\/\"]}]},{\"@type\":\"ImageObject\",\"inLanguage\":\"es\",\"@id\":\"https:\\\/\\\/casadecampoliving.com\\\/es\\\/tenemos-una-nueva-fecha-gracias-totales-soda-stereo-en-historico-concierto-en-altos-de-chavon-2022\\\/#primaryimage\",\"url\":\"https:\\\/\\\/i0.wp.com\\\/casadecampoliving.com\\\/wp-content\\\/uploads\\\/2022\\\/10\\\/soda-stereo-gracias-totales.jpg?fit=1000%2C669&ssl=1\",\"contentUrl\":\"https:\\\/\\\/i0.wp.com\\\/casadecampoliving.com\\\/wp-content\\\/uploads\\\/2022\\\/10\\\/soda-stereo-gracias-totales.jpg?fit=1000%2C669&ssl=1\",\"width\":1000,\"height\":669},{\"@type\":\"BreadcrumbList\",\"@id\":\"https:\\\/\\\/casadecampoliving.com\\\/es\\\/tenemos-una-nueva-fecha-gracias-totales-soda-stereo-en-historico-concierto-en-altos-de-chavon-2022\\\/#breadcrumb\",\"itemListElement\":[{\"@type\":\"ListItem\",\"position\":1,\"name\":\"Home\",\"item\":\"https:\\\/\\\/casadecampoliving.com\\\/es\\\/\"},{\"@type\":\"ListItem\",\"position\":2,\"name\":\"\u00a1TENEMOS UNA NUEVA FECHA! Gracias Totales-Soda Stereo en hist\u00f3rico concierto en Altos de Chav\u00f3n 2022\"}]},{\"@type\":\"WebSite\",\"@id\":\"https:\\\/\\\/casadecampoliving.com\\\/es\\\/#website\",\"url\":\"https:\\\/\\\/casadecampoliving.com\\\/es\\\/\",\"name\":\"Casa de Campo Living\",\"description\":\"Resort community news and resources.\",\"publisher\":{\"@id\":\"https:\\\/\\\/casadecampoliving.com\\\/es\\\/#organization\"},\"potentialAction\":[{\"@type\":\"SearchAction\",\"target\":{\"@type\":\"EntryPoint\",\"urlTemplate\":\"https:\\\/\\\/casadecampoliving.com\\\/es\\\/?s={search_term_string}\"},\"query-input\":{\"@type\":\"PropertyValueSpecification\",\"valueRequired\":true,\"valueName\":\"search_term_string\"}}],\"inLanguage\":\"es\"},{\"@type\":\"Organization\",\"@id\":\"https:\\\/\\\/casadecampoliving.com\\\/es\\\/#organization\",\"name\":\"Casa de Campo Living\",\"url\":\"https:\\\/\\\/casadecampoliving.com\\\/es\\\/\",\"logo\":{\"@type\":\"ImageObject\",\"inLanguage\":\"es\",\"@id\":\"https:\\\/\\\/casadecampoliving.com\\\/es\\\/#\\\/schema\\\/logo\\\/image\\\/\",\"url\":\"https:\\\/\\\/i0.wp.com\\\/casadecampoliving.com\\\/wp-content\\\/uploads\\\/2022\\\/07\\\/CDCLivingLogo_V1-white-sized.png?fit=800%2C214&ssl=1\",\"contentUrl\":\"https:\\\/\\\/i0.wp.com\\\/casadecampoliving.com\\\/wp-content\\\/uploads\\\/2022\\\/07\\\/CDCLivingLogo_V1-white-sized.png?fit=800%2C214&ssl=1\",\"width\":800,\"height\":214,\"caption\":\"Casa de Campo Living\"},\"image\":{\"@id\":\"https:\\\/\\\/casadecampoliving.com\\\/es\\\/#\\\/schema\\\/logo\\\/image\\\/\"},\"sameAs\":[\"https:\\\/\\\/www.facebook.com\\\/casadecampoliving\",\"https:\\\/\\\/x.com\\\/cdcliving\"]},{\"@type\":\"Person\",\"@id\":\"https:\\\/\\\/casadecampoliving.com\\\/es\\\/#\\\/schema\\\/person\\\/5d2171637a9d11e0e43ce6b8555f9422\",\"name\":\"Casa de Campo Living\",\"image\":{\"@type\":\"ImageObject\",\"inLanguage\":\"es\",\"@id\":\"https:\\\/\\\/secure.gravatar.com\\\/avatar\\\/d04101fa4a9fd431e939953b1500fdc7a73cd35029f86d98712fd8ccdaebaf9a?s=96&d=mm&r=g\",\"url\":\"https:\\\/\\\/secure.gravatar.com\\\/avatar\\\/d04101fa4a9fd431e939953b1500fdc7a73cd35029f86d98712fd8ccdaebaf9a?s=96&d=mm&r=g\",\"contentUrl\":\"https:\\\/\\\/secure.gravatar.com\\\/avatar\\\/d04101fa4a9fd431e939953b1500fdc7a73cd35029f86d98712fd8ccdaebaf9a?s=96&d=mm&r=g\",\"caption\":\"Casa de Campo Living\"},\"url\":\"https:\\\/\\\/casadecampoliving.com\\\/es\\\/author\\\/casa-de-campo-living\\\/\"}]}<\/script>\n<!-- \/ Yoast SEO plugin. -->","yoast_head_json":{"title":"\u00a1TENEMOS UNA NUEVA FECHA! Gracias Totales-Soda Stereo en hist\u00f3rico concierto en Altos de Chav\u00f3n 2022 | Casa de Campo Living","description":"El a\u00f1o pasado, debido a la incertidumbre que rodea al virus COVID19, Casa de Campo Resort &amp; Villas anunci\u00f3 que sus pr\u00f3ximos conciertos en el","robots":{"index":"index","follow":"follow","max-snippet":"max-snippet:-1","max-image-preview":"max-image-preview:large","max-video-preview":"max-video-preview:-1"},"canonical":"https:\/\/casadecampoliving.com\/es\/tenemos-una-nueva-fecha-gracias-totales-soda-stereo-en-historico-concierto-en-altos-de-chavon-2022\/","og_locale":"es_ES","og_type":"article","og_title":"\u00a1TENEMOS UNA NUEVA FECHA! Gracias Totales-Soda Stereo en hist\u00f3rico concierto en Altos de Chav\u00f3n 2022 | Casa de Campo Living","og_description":"El a\u00f1o pasado, debido a la incertidumbre que rodea al virus COVID19, Casa de Campo Resort &amp; Villas anunci\u00f3 que sus pr\u00f3ximos conciertos en el","og_url":"https:\/\/casadecampoliving.com\/es\/tenemos-una-nueva-fecha-gracias-totales-soda-stereo-en-historico-concierto-en-altos-de-chavon-2022\/","og_site_name":"Casa de Campo Living","article_publisher":"https:\/\/www.facebook.com\/casadecampoliving","article_published_time":"2021-09-29T04:00:00+00:00","article_modified_time":"2022-10-21T23:16:20+00:00","og_image":[{"width":1000,"height":669,"url":"https:\/\/i0.wp.com\/casadecampoliving.com\/wp-content\/uploads\/2022\/10\/soda-stereo-gracias-totales.jpg?fit=1000%2C669&ssl=1","type":"image\/jpeg"}],"author":"Casa de Campo Living","twitter_card":"summary_large_image","twitter_creator":"@cdcliving","twitter_site":"@cdcliving","twitter_misc":{"Escrito por":"Casa de Campo Living","Tiempo de lectura":"2 minutos"},"schema":{"@context":"https:\/\/schema.org","@graph":[{"@type":"Article","@id":"https:\/\/casadecampoliving.com\/es\/tenemos-una-nueva-fecha-gracias-totales-soda-stereo-en-historico-concierto-en-altos-de-chavon-2022\/#article","isPartOf":{"@id":"https:\/\/casadecampoliving.com\/es\/tenemos-una-nueva-fecha-gracias-totales-soda-stereo-en-historico-concierto-en-altos-de-chavon-2022\/"},"author":{"name":"Casa de Campo Living","@id":"https:\/\/casadecampoliving.com\/es\/#\/schema\/person\/5d2171637a9d11e0e43ce6b8555f9422"},"headline":"\u00a1TENEMOS UNA NUEVA FECHA! Gracias Totales-Soda Stereo en hist\u00f3rico concierto en Altos de Chav\u00f3n 2022","datePublished":"2021-09-29T04:00:00+00:00","dateModified":"2022-10-21T23:16:20+00:00","mainEntityOfPage":{"@id":"https:\/\/casadecampoliving.com\/es\/tenemos-una-nueva-fecha-gracias-totales-soda-stereo-en-historico-concierto-en-altos-de-chavon-2022\/"},"wordCount":427,"publisher":{"@id":"https:\/\/casadecampoliving.com\/es\/#organization"},"image":{"@id":"https:\/\/casadecampoliving.com\/es\/tenemos-una-nueva-fecha-gracias-totales-soda-stereo-en-historico-concierto-en-altos-de-chavon-2022\/#primaryimage"},"thumbnailUrl":"https:\/\/i0.wp.com\/casadecampoliving.com\/wp-content\/uploads\/2022\/10\/soda-stereo-gracias-totales.jpg?fit=1000%2C669&ssl=1","keywords":["Altos de Chavon -es","anfiteatro","Charly Alberti","concierto","Featured-TopView @es","gracias totales","gustavo cerati","Soda Stereo","Zeta Bosio"],"articleSection":["Altos de Chavon @es","Arte y cultura","Casa de Campo Living @es","Celebridades","Conciertos","Estilo de Vida","Eventos","Noticias Locales","Proximamente","Rep\u00fablica Dominicana @es","Resort Casa de Campo","Titulares","Video"],"inLanguage":"es"},{"@type":"WebPage","@id":"https:\/\/casadecampoliving.com\/es\/tenemos-una-nueva-fecha-gracias-totales-soda-stereo-en-historico-concierto-en-altos-de-chavon-2022\/","url":"https:\/\/casadecampoliving.com\/es\/tenemos-una-nueva-fecha-gracias-totales-soda-stereo-en-historico-concierto-en-altos-de-chavon-2022\/","name":"\u00a1TENEMOS UNA NUEVA FECHA! Gracias Totales-Soda Stereo en hist\u00f3rico concierto en Altos de Chav\u00f3n 2022 | Casa de Campo Living","isPartOf":{"@id":"https:\/\/casadecampoliving.com\/es\/#website"},"primaryImageOfPage":{"@id":"https:\/\/casadecampoliving.com\/es\/tenemos-una-nueva-fecha-gracias-totales-soda-stereo-en-historico-concierto-en-altos-de-chavon-2022\/#primaryimage"},"image":{"@id":"https:\/\/casadecampoliving.com\/es\/tenemos-una-nueva-fecha-gracias-totales-soda-stereo-en-historico-concierto-en-altos-de-chavon-2022\/#primaryimage"},"thumbnailUrl":"https:\/\/i0.wp.com\/casadecampoliving.com\/wp-content\/uploads\/2022\/10\/soda-stereo-gracias-totales.jpg?fit=1000%2C669&ssl=1","datePublished":"2021-09-29T04:00:00+00:00","dateModified":"2022-10-21T23:16:20+00:00","description":"El a\u00f1o pasado, debido a la incertidumbre que rodea al virus COVID19, Casa de Campo Resort &amp; Villas anunci\u00f3 que sus pr\u00f3ximos conciertos en el","breadcrumb":{"@id":"https:\/\/casadecampoliving.com\/es\/tenemos-una-nueva-fecha-gracias-totales-soda-stereo-en-historico-concierto-en-altos-de-chavon-2022\/#breadcrumb"},"inLanguage":"es","potentialAction":[{"@type":"ReadAction","target":["https:\/\/casadecampoliving.com\/es\/tenemos-una-nueva-fecha-gracias-totales-soda-stereo-en-historico-concierto-en-altos-de-chavon-2022\/"]}]},{"@type":"ImageObject","inLanguage":"es","@id":"https:\/\/casadecampoliving.com\/es\/tenemos-una-nueva-fecha-gracias-totales-soda-stereo-en-historico-concierto-en-altos-de-chavon-2022\/#primaryimage","url":"https:\/\/i0.wp.com\/casadecampoliving.com\/wp-content\/uploads\/2022\/10\/soda-stereo-gracias-totales.jpg?fit=1000%2C669&ssl=1","contentUrl":"https:\/\/i0.wp.com\/casadecampoliving.com\/wp-content\/uploads\/2022\/10\/soda-stereo-gracias-totales.jpg?fit=1000%2C669&ssl=1","width":1000,"height":669},{"@type":"BreadcrumbList","@id":"https:\/\/casadecampoliving.com\/es\/tenemos-una-nueva-fecha-gracias-totales-soda-stereo-en-historico-concierto-en-altos-de-chavon-2022\/#breadcrumb","itemListElement":[{"@type":"ListItem","position":1,"name":"Home","item":"https:\/\/casadecampoliving.com\/es\/"},{"@type":"ListItem","position":2,"name":"\u00a1TENEMOS UNA NUEVA FECHA! Gracias Totales-Soda Stereo en hist\u00f3rico concierto en Altos de Chav\u00f3n 2022"}]},{"@type":"WebSite","@id":"https:\/\/casadecampoliving.com\/es\/#website","url":"https:\/\/casadecampoliving.com\/es\/","name":"Casa de Campo Living","description":"Resort community news and resources.","publisher":{"@id":"https:\/\/casadecampoliving.com\/es\/#organization"},"potentialAction":[{"@type":"SearchAction","target":{"@type":"EntryPoint","urlTemplate":"https:\/\/casadecampoliving.com\/es\/?s={search_term_string}"},"query-input":{"@type":"PropertyValueSpecification","valueRequired":true,"valueName":"search_term_string"}}],"inLanguage":"es"},{"@type":"Organization","@id":"https:\/\/casadecampoliving.com\/es\/#organization","name":"Casa de Campo Living","url":"https:\/\/casadecampoliving.com\/es\/","logo":{"@type":"ImageObject","inLanguage":"es","@id":"https:\/\/casadecampoliving.com\/es\/#\/schema\/logo\/image\/","url":"https:\/\/i0.wp.com\/casadecampoliving.com\/wp-content\/uploads\/2022\/07\/CDCLivingLogo_V1-white-sized.png?fit=800%2C214&ssl=1","contentUrl":"https:\/\/i0.wp.com\/casadecampoliving.com\/wp-content\/uploads\/2022\/07\/CDCLivingLogo_V1-white-sized.png?fit=800%2C214&ssl=1","width":800,"height":214,"caption":"Casa de Campo Living"},"image":{"@id":"https:\/\/casadecampoliving.com\/es\/#\/schema\/logo\/image\/"},"sameAs":["https:\/\/www.facebook.com\/casadecampoliving","https:\/\/x.com\/cdcliving"]},{"@type":"Person","@id":"https:\/\/casadecampoliving.com\/es\/#\/schema\/person\/5d2171637a9d11e0e43ce6b8555f9422","name":"Casa de Campo Living","image":{"@type":"ImageObject","inLanguage":"es","@id":"https:\/\/secure.gravatar.com\/avatar\/d04101fa4a9fd431e939953b1500fdc7a73cd35029f86d98712fd8ccdaebaf9a?s=96&d=mm&r=g","url":"https:\/\/secure.gravatar.com\/avatar\/d04101fa4a9fd431e939953b1500fdc7a73cd35029f86d98712fd8ccdaebaf9a?s=96&d=mm&r=g","contentUrl":"https:\/\/secure.gravatar.com\/avatar\/d04101fa4a9fd431e939953b1500fdc7a73cd35029f86d98712fd8ccdaebaf9a?s=96&d=mm&r=g","caption":"Casa de Campo Living"},"url":"https:\/\/casadecampoliving.com\/es\/author\/casa-de-campo-living\/"}]}},"parsely":{"version":"1.1.0","canonical_url":"https:\/\/casadecampoliving.com\/es\/tenemos-una-nueva-fecha-gracias-totales-soda-stereo-en-historico-concierto-en-altos-de-chavon-2022\/","smart_links":{"inbound":0,"outbound":0},"traffic_boost_suggestions_count":0,"meta":{"@context":"https:\/\/schema.org","@type":"NewsArticle","headline":"\u00a1TENEMOS UNA NUEVA FECHA! Gracias Totales-Soda Stereo en hist\u00f3rico concierto en Altos de Chav\u00f3n 2022","url":"http:\/\/casadecampoliving.com\/es\/tenemos-una-nueva-fecha-gracias-totales-soda-stereo-en-historico-concierto-en-altos-de-chavon-2022\/","mainEntityOfPage":{"@type":"WebPage","@id":"http:\/\/casadecampoliving.com\/es\/tenemos-una-nueva-fecha-gracias-totales-soda-stereo-en-historico-concierto-en-altos-de-chavon-2022\/"},"thumbnailUrl":"https:\/\/i0.wp.com\/casadecampoliving.com\/wp-content\/uploads\/2022\/10\/soda-stereo-gracias-totales.jpg?resize=150%2C150&ssl=1","image":{"@type":"ImageObject","url":"https:\/\/i0.wp.com\/casadecampoliving.com\/wp-content\/uploads\/2022\/10\/soda-stereo-gracias-totales.jpg?fit=1000%2C669&ssl=1"},"articleSection":"Altos de Chavon @es","author":[{"@type":"Person","name":"Casa de Campo Living"}],"creator":["Casa de Campo Living"],"publisher":{"@type":"Organization","name":"Casa de Campo Living","logo":"https:\/\/casadecampoliving.com\/wp-content\/uploads\/2022\/07\/CDCLivingLogo_V1-white-sized.png"},"keywords":["altos de chavon -es","anfiteatro","charly alberti","concierto","featured-topview @es","gracias totales","gustavo cerati","soda stereo","zeta bosio"],"dateCreated":"2021-09-29T04:00:00Z","datePublished":"2021-09-29T04:00:00Z","dateModified":"2022-10-21T23:16:20Z"},"rendered":"<script type=\"application\/ld+json\" class=\"wp-parsely-metadata\">{\"@context\":\"https:\\\/\\\/schema.org\",\"@type\":\"NewsArticle\",\"headline\":\"\\u00a1TENEMOS UNA NUEVA FECHA! Gracias Totales-Soda Stereo en hist\\u00f3rico concierto en Altos de Chav\\u00f3n 2022\",\"url\":\"http:\\\/\\\/casadecampoliving.com\\\/es\\\/tenemos-una-nueva-fecha-gracias-totales-soda-stereo-en-historico-concierto-en-altos-de-chavon-2022\\\/\",\"mainEntityOfPage\":{\"@type\":\"WebPage\",\"@id\":\"http:\\\/\\\/casadecampoliving.com\\\/es\\\/tenemos-una-nueva-fecha-gracias-totales-soda-stereo-en-historico-concierto-en-altos-de-chavon-2022\\\/\"},\"thumbnailUrl\":\"https:\\\/\\\/i0.wp.com\\\/casadecampoliving.com\\\/wp-content\\\/uploads\\\/2022\\\/10\\\/soda-stereo-gracias-totales.jpg?resize=150%2C150&ssl=1\",\"image\":{\"@type\":\"ImageObject\",\"url\":\"https:\\\/\\\/i0.wp.com\\\/casadecampoliving.com\\\/wp-content\\\/uploads\\\/2022\\\/10\\\/soda-stereo-gracias-totales.jpg?fit=1000%2C669&ssl=1\"},\"articleSection\":\"Altos de Chavon @es\",\"author\":[{\"@type\":\"Person\",\"name\":\"Casa de Campo Living\"}],\"creator\":[\"Casa de Campo Living\"],\"publisher\":{\"@type\":\"Organization\",\"name\":\"Casa de Campo Living\",\"logo\":\"https:\\\/\\\/casadecampoliving.com\\\/wp-content\\\/uploads\\\/2022\\\/07\\\/CDCLivingLogo_V1-white-sized.png\"},\"keywords\":[\"altos de chavon -es\",\"anfiteatro\",\"charly alberti\",\"concierto\",\"featured-topview @es\",\"gracias totales\",\"gustavo cerati\",\"soda stereo\",\"zeta bosio\"],\"dateCreated\":\"2021-09-29T04:00:00Z\",\"datePublished\":\"2021-09-29T04:00:00Z\",\"dateModified\":\"2022-10-21T23:16:20Z\"}<\/script>","tracker_url":"https:\/\/cdn.parsely.com\/keys\/casadecampoliving.com\/p.js"},"jetpack_publicize_connections":[],"jetpack_featured_media_url":"https:\/\/i0.wp.com\/casadecampoliving.com\/wp-content\/uploads\/2022\/10\/soda-stereo-gracias-totales.jpg?fit=1000%2C669&ssl=1","jetpack-related-posts":[{"id":354306,"url":"https:\/\/casadecampoliving.com\/es\/soda-stereo-llega-el-16-de-abril-a-altos-de-chavon-con-su-gira-gracias-totales\/","url_meta":{"origin":354162,"position":0},"title":"Soda Stereo trae su hist\u00f3rico concierto \u201cGracias Totales\u201d a Altos de Chav\u00f3n el 16 de abril","author":"Casa de Campo Living","date":"10 Mar, 2022","format":false,"excerpt":"Luego de su posposici\u00f3n en el 2020 por la pandemia del COVID-19, la esperada gira \u201cGracias Totales\u201d, que re\u00fane a los originales integrantes de la legendaria agrupaci\u00f3n de rock, Soda Stereo, llega este 16 de abril a Casa de Campo con un repertorio lleno de \u00e9xitos. Zeta Bosio y Charly\u2026","rel":"","context":"En \u00abAltos de Chavon @es\u00bb","block_context":{"text":"Altos de Chavon @es","link":"https:\/\/casadecampoliving.com\/category\/altos-de-chavon-es\/"},"img":{"alt_text":"","src":"https:\/\/i0.wp.com\/casadecampoliving.com\/wp-content\/uploads\/2022\/10\/Soda-Stereo-in-Altos-de-Chavo%CC%81n-2.jpeg?fit=1000%2C563&ssl=1&resize=350%2C200","width":350,"height":200,"srcset":"https:\/\/i0.wp.com\/casadecampoliving.com\/wp-content\/uploads\/2022\/10\/Soda-Stereo-in-Altos-de-Chavo%CC%81n-2.jpeg?fit=1000%2C563&ssl=1&resize=350%2C200 1x, https:\/\/i0.wp.com\/casadecampoliving.com\/wp-content\/uploads\/2022\/10\/Soda-Stereo-in-Altos-de-Chavo%CC%81n-2.jpeg?fit=1000%2C563&ssl=1&resize=525%2C300 1.5x, https:\/\/i0.wp.com\/casadecampoliving.com\/wp-content\/uploads\/2022\/10\/Soda-Stereo-in-Altos-de-Chavo%CC%81n-2.jpeg?fit=1000%2C563&ssl=1&resize=700%2C400 2x"},"classes":[]},{"id":353653,"url":"https:\/\/casadecampoliving.com\/es\/gracias-totales-soda-stereo-en-concierto-historico-en-altos-de-chavon\/","url_meta":{"origin":354162,"position":1},"title":"Gracias Totales-Soda Stereo en concierto hist\u00f3rico en Altos de Chav\u00f3n","author":"Casa de Campo Resort","date":"31 Dic, 2019","format":false,"excerpt":"Charly Alberti y Zeta Bosio regresan con shows \u00fanicos para Am\u00e9rica Latina para revisitar su obra junto a sus fans, con la participaci\u00f3n de grandes artistas invitados. \u201cPor m\u00e1s que lo intentemos, nunca dejaremos de ser Soda\u201d. As\u00ed hablaba Gustavo Cerati, de Soda Stereo, a sus fans. De esa conexi\u00f3n\u2026","rel":"","context":"En \u00abAltos de Chavon @es\u00bb","block_context":{"text":"Altos de Chavon @es","link":"https:\/\/casadecampoliving.com\/category\/altos-de-chavon-es\/"},"img":{"alt_text":"","src":"https:\/\/i0.wp.com\/casadecampoliving.com\/wp-content\/uploads\/2022\/10\/soda-stereo-gracias-totales.jpg?fit=1000%2C669&ssl=1&resize=350%2C200","width":350,"height":200,"srcset":"https:\/\/i0.wp.com\/casadecampoliving.com\/wp-content\/uploads\/2022\/10\/soda-stereo-gracias-totales.jpg?fit=1000%2C669&ssl=1&resize=350%2C200 1x, https:\/\/i0.wp.com\/casadecampoliving.com\/wp-content\/uploads\/2022\/10\/soda-stereo-gracias-totales.jpg?fit=1000%2C669&ssl=1&resize=525%2C300 1.5x, https:\/\/i0.wp.com\/casadecampoliving.com\/wp-content\/uploads\/2022\/10\/soda-stereo-gracias-totales.jpg?fit=1000%2C669&ssl=1&resize=700%2C400 2x"},"classes":[]},{"id":333972,"url":"https:\/\/casadecampoliving.com\/we-have-a-new-date-gracias-totales-soda-stereo-in-historic-concert-in-altos-de-chavon-2022\/","url_meta":{"origin":354162,"position":2},"title":"WE HAVE A NEW DATE! Gracias Totales-Soda Stereo in historic concert in Altos de Chav\u00f3n 2022","author":"Casa de Campo Living","date":"29 Sep, 2021","format":false,"excerpt":"Last year, due to the uncertainty surrounding the COVID19 virus, Casa de Campo Resort & Villas announced that its upcoming concerts in the Altos de Chav\u00f3n amphitheater, of Soda Stereo scheduled for March 28 and Chayanne on April 11, 2020, would be postponed. Today, we found out that Gracias Totales\u2026","rel":"","context":"En \u00abAltos de Chavon\u00bb","block_context":{"text":"Altos de Chavon","link":"https:\/\/casadecampoliving.com\/category\/altos-de-chavon\/"},"img":{"alt_text":"","src":"https:\/\/i0.wp.com\/casadecampoliving.com\/wp-content\/uploads\/2022\/10\/soda-stereo-gracias-totales.jpg?fit=1000%2C669&ssl=1&resize=350%2C200","width":350,"height":200,"srcset":"https:\/\/i0.wp.com\/casadecampoliving.com\/wp-content\/uploads\/2022\/10\/soda-stereo-gracias-totales.jpg?fit=1000%2C669&ssl=1&resize=350%2C200 1x, https:\/\/i0.wp.com\/casadecampoliving.com\/wp-content\/uploads\/2022\/10\/soda-stereo-gracias-totales.jpg?fit=1000%2C669&ssl=1&resize=525%2C300 1.5x, https:\/\/i0.wp.com\/casadecampoliving.com\/wp-content\/uploads\/2022\/10\/soda-stereo-gracias-totales.jpg?fit=1000%2C669&ssl=1&resize=700%2C400 2x"},"classes":[]},{"id":354341,"url":"https:\/\/casadecampoliving.com\/es\/adquiere-tus-boletos-para-el-concierto-de-soda-stereo-en-altos-de-chavon-este-sabado-15-de-descuento-para-todos-los-duenos\/","url_meta":{"origin":354162,"position":3},"title":"Adquiere tus boletos para el concierto de Soda Stereo en Altos de Chav\u00f3n este s\u00e1bado &#8211; \u00a115% de descuento para todos los Due\u00f1os!","author":"Casa de Campo Living","date":"13 Abr, 2022","format":false,"excerpt":"La banda argentina de rock compuesta por Zeta Bosio y Charly Alberti, Soda Stereo, est\u00e1 lista para su esperado regreso en la Rep\u00fablica Dominicana, de la mano de su m\u00e1s reciente gira, \u201cGracias Totales\u201d, la cual se ha presentado con \u00e9xito en importante escenarios de Am\u00e9rica. Enumerando los ic\u00f3nicos \u00e9xitos\u2026","rel":"","context":"En \u00abAltos de Chavon @es\u00bb","block_context":{"text":"Altos de Chavon @es","link":"https:\/\/casadecampoliving.com\/category\/altos-de-chavon-es\/"},"img":{"alt_text":"","src":"https:\/\/i0.wp.com\/casadecampoliving.com\/wp-content\/uploads\/2022\/10\/german_saez_20211218_00076-1.jpg?fit=1000%2C667&ssl=1&resize=350%2C200","width":350,"height":200,"srcset":"https:\/\/i0.wp.com\/casadecampoliving.com\/wp-content\/uploads\/2022\/10\/german_saez_20211218_00076-1.jpg?fit=1000%2C667&ssl=1&resize=350%2C200 1x, https:\/\/i0.wp.com\/casadecampoliving.com\/wp-content\/uploads\/2022\/10\/german_saez_20211218_00076-1.jpg?fit=1000%2C667&ssl=1&resize=525%2C300 1.5x, https:\/\/i0.wp.com\/casadecampoliving.com\/wp-content\/uploads\/2022\/10\/german_saez_20211218_00076-1.jpg?fit=1000%2C667&ssl=1&resize=700%2C400 2x"},"classes":[]},{"id":354353,"url":"https:\/\/casadecampoliving.com\/es\/soda-stereo-hizo-vibrar-altos-de-chavon-a-ritmo-de-rock-con-su-concierto-de-despedida-gracias-totales\/","url_meta":{"origin":354162,"position":4},"title":"Soda Stereo hizo vibrar Altos de Chav\u00f3n a ritmo de rock con su concierto de despedida \u00abGracias Totales\u00bb","author":"Casa de Campo Living","date":"18 Abr, 2022","format":false,"excerpt":"La agrupaci\u00f3n argentina Soda Stereo present\u00f3 con \u00e9xito su presentaci\u00f3n en Altos de Chav\u00f3n de la gira de despedida \u201cGracias totales\u201d, convirtiendo la villa de los artistas en el epicentro del rock. El concierto cargado de energ\u00eda y buenas vibras, es su forma de agradecer junto a sus fan\u00e1ticos los\u2026","rel":"","context":"En \u00abAltos de Chavon @es\u00bb","block_context":{"text":"Altos de Chavon @es","link":"https:\/\/casadecampoliving.com\/category\/altos-de-chavon-es\/"},"img":{"alt_text":"","src":"https:\/\/i0.wp.com\/casadecampoliving.com\/wp-content\/uploads\/2022\/10\/EJ4B0710-1.jpg?fit=1000%2C667&ssl=1&resize=350%2C200","width":350,"height":200,"srcset":"https:\/\/i0.wp.com\/casadecampoliving.com\/wp-content\/uploads\/2022\/10\/EJ4B0710-1.jpg?fit=1000%2C667&ssl=1&resize=350%2C200 1x, https:\/\/i0.wp.com\/casadecampoliving.com\/wp-content\/uploads\/2022\/10\/EJ4B0710-1.jpg?fit=1000%2C667&ssl=1&resize=525%2C300 1.5x, https:\/\/i0.wp.com\/casadecampoliving.com\/wp-content\/uploads\/2022\/10\/EJ4B0710-1.jpg?fit=1000%2C667&ssl=1&resize=700%2C400 2x"},"classes":[]},{"id":334749,"url":"https:\/\/casadecampoliving.com\/soda-stereo-brings-their-historic-concert-gracias-totales-to-altos-de-chavon-on-april-16th\/","url_meta":{"origin":354162,"position":5},"title":"Soda Stereo brings their historic concert \u00abGracias Totales\u00bb to Altos de Chav\u00f3n on April 16th","author":"Casa de Campo Living","date":"10 Mar, 2022","format":false,"excerpt":"After its postponement in 2020 due to the COVID-19 pandemic, the long-awaited \u201cGracias Totales\u201d tour, which brings together the original members of the legendary rock group, Soda Stereo, will take place on April 16th in Casa de Campo bringing a repertoire full of hits. Zeta Bosio and Charly Alberti will\u2026","rel":"","context":"En \u00abAltos de Chavon\u00bb","block_context":{"text":"Altos de Chavon","link":"https:\/\/casadecampoliving.com\/category\/altos-de-chavon\/"},"img":{"alt_text":"","src":"https:\/\/i0.wp.com\/casadecampoliving.com\/wp-content\/uploads\/2022\/10\/Soda-Stereo-in-Altos-de-Chavo%CC%81n-2.jpeg?fit=1000%2C563&ssl=1&resize=350%2C200","width":350,"height":200,"srcset":"https:\/\/i0.wp.com\/casadecampoliving.com\/wp-content\/uploads\/2022\/10\/Soda-Stereo-in-Altos-de-Chavo%CC%81n-2.jpeg?fit=1000%2C563&ssl=1&resize=350%2C200 1x, https:\/\/i0.wp.com\/casadecampoliving.com\/wp-content\/uploads\/2022\/10\/Soda-Stereo-in-Altos-de-Chavo%CC%81n-2.jpeg?fit=1000%2C563&ssl=1&resize=525%2C300 1.5x, https:\/\/i0.wp.com\/casadecampoliving.com\/wp-content\/uploads\/2022\/10\/Soda-Stereo-in-Altos-de-Chavo%CC%81n-2.jpeg?fit=1000%2C563&ssl=1&resize=700%2C400 2x"},"classes":[]}],"jetpack_sharing_enabled":true,"_links":{"self":[{"href":"https:\/\/casadecampoliving.com\/es\/wp-json\/wp\/v2\/posts\/354162","targetHints":{"allow":["GET"]}}],"collection":[{"href":"https:\/\/casadecampoliving.com\/es\/wp-json\/wp\/v2\/posts"}],"about":[{"href":"https:\/\/casadecampoliving.com\/es\/wp-json\/wp\/v2\/types\/post"}],"author":[{"embeddable":true,"href":"https:\/\/casadecampoliving.com\/es\/wp-json\/wp\/v2\/users\/36791"}],"replies":[{"embeddable":true,"href":"https:\/\/casadecampoliving.com\/es\/wp-json\/wp\/v2\/comments?post=354162"}],"version-history":[{"count":0,"href":"https:\/\/casadecampoliving.com\/es\/wp-json\/wp\/v2\/posts\/354162\/revisions"}],"wp:featuredmedia":[{"embeddable":true,"href":"https:\/\/casadecampoliving.com\/es\/wp-json\/wp\/v2\/media\/311220"}],"wp:attachment":[{"href":"https:\/\/casadecampoliving.com\/es\/wp-json\/wp\/v2\/media?parent=354162"}],"wp:term":[{"taxonomy":"category","embeddable":true,"href":"https:\/\/casadecampoliving.com\/es\/wp-json\/wp\/v2\/categories?post=354162"},{"taxonomy":"post_tag","embeddable":true,"href":"https:\/\/casadecampoliving.com\/es\/wp-json\/wp\/v2\/tags?post=354162"},{"taxonomy":"newspack_spnsrs_tax","embeddable":true,"href":"https:\/\/casadecampoliving.com\/es\/wp-json\/wp\/v2\/newspack_spnsrs_tax?post=354162"}],"curies":[{"name":"wp","href":"https:\/\/api.w.org\/{rel}","templated":true}]}}