{"id":354139,"date":"2021-08-30T00:00:00","date_gmt":"2021-08-30T04:00:00","guid":{"rendered":"https:\/\/casadecampoliving.com\/casa-de-campo-resort-villas-nombra-como-nuevo-director-culinario-a-rodrigo-menendez\/"},"modified":"2022-10-21T19:11:23","modified_gmt":"2022-10-21T23:11:23","slug":"casa-de-campo-resort-villas-nombra-como-nuevo-director-culinario-a-rodrigo-menendez","status":"publish","type":"post","link":"https:\/\/casadecampoliving.com\/es\/casa-de-campo-resort-villas-nombra-como-nuevo-director-culinario-a-rodrigo-menendez\/","title":{"rendered":"Casa de Campo Resort &#038; Villas nombra como nuevo director culinario a Rodrigo Men\u00e9ndez"},"content":{"rendered":"\n<p>Casa de Campo Resort &amp; Villas se complace en anunciar el nombramiento de Rodrigo Men\u00e9ndez como el nuevo Director Culinario, que supervisar\u00e1 los ocho restaurantes del resort de 7,000 acres, as\u00ed como el programa de comidas en la habitaci\u00f3n. Men\u00e9ndez aporta un profundo conocimiento de la gastronom\u00eda combinada con destacadas habilidades de liderazgo interpersonal para ayudar a revitalizar y renovar la oferta de alimentos y bebidas de Casa de Campo Resort &amp; Villas de renombre mundial.<\/p>\n\n\n\n<p>Las \u00e1reas clave de enfoque de Men\u00e9ndez incluyen el desarrollo de conceptos y men\u00fas, el dise\u00f1o de cocinas basado en una funcionalidad elevada y los objetivos de ventas y rentabilidad para la s\u00f3lida colecci\u00f3n de restaurantes del resort. Men\u00e9ndez tambi\u00e9n ser\u00e1 responsable de identificar, contratar y capacitar a puestos de alto nivel en alimentos y bebidas para todos los puntos de venta culinarios, adem\u00e1s de estar en el lugar para garantizar que se cumplan los m\u00e1s altos est\u00e1ndares operativos.<\/p>\n\n\n\n<p><strong>\u201cLa vasta capacitaci\u00f3n internacional del Sr. Men\u00e9ndez y su experiencia trabajando en algunos de los destinos culinarios m\u00e1s reconocidos del mundo es invaluable para lograr nuestra misi\u00f3n de brindar experiencias gastron\u00f3micas de clase mundial\u201d, <\/strong>dijo Andr\u00e9s Pichardo, presidente de Casa de Campo Resort &amp; Villas, <strong>\u201cSu impecable historial va a desempe\u00f1ar un papel integral en el desarrollo de nuestros objetivos culinarios. Ya tenemos una base tan maravillosa, pero estamos encantados de actualizar nuestra oferta y brindar a nuestros hu\u00e9spedes lo mejor en opciones gastron\u00f3micas de lujo\u201d.<\/strong><\/p>\n\n\n<div class=\"wp-block-image\">\n<figure class=\"aligncenter is-resized\"><img loading=\"lazy\" decoding=\"async\" src=\"https:\/\/i0.wp.com\/casadecampoliving.com\/wp-content\/uploads\/2022\/10\/DSC04759-1024x683-2.jpeg?resize=1000%2C667&amp;ssl=1\" alt=\"\" class=\"wp-image-210394\" height=\"667\" width=\"1000\"\/><\/figure>\n<\/div>\n\n\n<p>Men\u00e9ndez aporta casi dos d\u00e9cadas de experiencia en la industria de la hosteler\u00eda y la restauraci\u00f3n en los Emiratos \u00c1rabes Unidos, Espa\u00f1a, Colombia, Panam\u00e1 y Honduras, entre muchos otros. M\u00e1s recientemente, trabaj\u00f3 como chef ejecutivo para Sortis Spa &amp; Casino, un hotel Marriott Autograph Collection en Panam\u00e1.<\/p>\n\n\n\n<p>Men\u00e9ndez, natural de Argentina, es Licenciado en la Especialidad de Cocina de la Fundaci\u00f3n Escuela de Restauraci\u00f3n y Hosteler\u00eda de Barcelona, \u200b\u200bEspa\u00f1a y un t\u00edtulo como T\u00e9cnico Superior en Servicios Gastron\u00f3micos del Instituto Superior Perito Moreno, Buenos Aires, Argentina. entre otras formaciones complementarias y reconocimientos recibidos.<\/p>\n\n\n\n<p><strong>\u201cEstoy encantado de unirme al ic\u00f3nico Casa de Campo Resort &amp; Villas y ayudar a infundir parte de mi influencia y conocimiento global en las ofertas culinarias de alta gama de la propiedad\u201d,<\/strong> dijo Rodrigo Men\u00e9ndez, director culinario de Casa de Campo Resort &amp; Villas. <strong>\u201cCasa de Campo tiene una herencia tan rica y estoy ansioso por trabajar codo a codo con el equipo y los talentosos chefs para seguir ofreciendo algunos de los mejores restaurantes del Caribe\u201d.<\/strong><\/p>\n","protected":false},"excerpt":{"rendered":"<p>Casa de Campo Resort &amp; Villas se complace en anunciar el nombramiento de Rodrigo Men\u00e9ndez como el nuevo Director Culinario, que supervisar\u00e1 los ocho restaurantes del resort de 7,000 acres, as\u00ed como el programa de comidas en la habitaci\u00f3n. Men\u00e9ndez aporta un profundo conocimiento de la gastronom\u00eda combinada con destacadas habilidades de liderazgo interpersonal para [&hellip;]<\/p>\n","protected":false},"author":36791,"featured_media":333853,"comment_status":"closed","ping_status":"open","sticky":false,"template":"","format":"standard","meta":{"newspack_ads_suppress_ads":false,"newspack_popups_has_disabled_popups":false,"newspack_sponsor_sponsorship_scope":"","newspack_sponsor_native_byline_display":"inherit","newspack_sponsor_native_category_display":"inherit","newspack_sponsor_underwriter_style":"inherit","newspack_sponsor_underwriter_placement":"inherit","_newspack_byline_active":false,"_newspack_byline":"","newspack_hide_updated_date":false,"newspack_show_updated_date":false,"newspack_content_restriction_is_exempt":false,"newspack_featured_image_position":"","newspack_post_subtitle":"","newspack_article_summary_title":"Overview:","newspack_article_summary":"","_jetpack_memberships_contains_paid_content":false,"footnotes":"","jetpack_publicize_message":"","jetpack_publicize_feature_enabled":true,"jetpack_social_post_already_shared":false,"jetpack_social_options":{"image_generator_settings":{"template":"highway","default_image_id":0,"font":"","enabled":false},"version":2},"_wpas_customize_per_network":false},"categories":[26936,14631,14625,2521,26822,2520],"tags":[18929,14736,18930],"newspack_spnsrs_tax":[],"class_list":["post-354139","post","type-post","status-publish","format-standard","has-post-thumbnail","hentry","category-casa-de-campo-living-es","category-estilo-de-vida","category-noticias-locales","category-republica-dominicana-2","category-resort-casa-de-campo","category-restaurantes-es","tag-dining-es","tag-featured-topview-es","tag-food-es","entry"],"yoast_head":"<!-- This site is optimized with the Yoast SEO plugin v27.4 - https:\/\/yoast.com\/product\/yoast-seo-wordpress\/ -->\n<title>Casa de Campo Resort &amp; Villas nombra como nuevo director culinario a Rodrigo Men\u00e9ndez | Casa de Campo Living<\/title>\n<meta name=\"description\" content=\"Casa de Campo Resort &amp; Villas se complace en anunciar el nombramiento de Rodrigo Men\u00e9ndez como el nuevo Director Culinario, que supervisar\u00e1 los ocho\" \/>\n<meta name=\"robots\" content=\"index, follow, max-snippet:-1, max-image-preview:large, max-video-preview:-1\" \/>\n<link rel=\"canonical\" href=\"https:\/\/casadecampoliving.com\/es\/casa-de-campo-resort-villas-nombra-como-nuevo-director-culinario-a-rodrigo-menendez\/\" \/>\n<meta property=\"og:locale\" content=\"es_ES\" \/>\n<meta property=\"og:type\" content=\"article\" \/>\n<meta property=\"og:title\" content=\"Casa de Campo Resort &amp; Villas nombra como nuevo director culinario a Rodrigo Men\u00e9ndez | Casa de Campo Living\" \/>\n<meta property=\"og:description\" content=\"Casa de Campo Resort &amp; Villas se complace en anunciar el nombramiento de Rodrigo Men\u00e9ndez como el nuevo Director Culinario, que supervisar\u00e1 los ocho\" \/>\n<meta property=\"og:url\" content=\"https:\/\/casadecampoliving.com\/es\/casa-de-campo-resort-villas-nombra-como-nuevo-director-culinario-a-rodrigo-menendez\/\" \/>\n<meta property=\"og:site_name\" content=\"Casa de Campo Living\" \/>\n<meta property=\"article:publisher\" content=\"https:\/\/www.facebook.com\/casadecampoliving\" \/>\n<meta property=\"article:published_time\" content=\"2021-08-30T04:00:00+00:00\" \/>\n<meta property=\"article:modified_time\" content=\"2022-10-21T23:11:23+00:00\" \/>\n<meta property=\"og:image\" content=\"https:\/\/i0.wp.com\/casadecampoliving.com\/wp-content\/uploads\/2022\/10\/Al91WlCA-scaled-e1630331323742-1.jpeg?fit=1000%2C667&ssl=1\" \/>\n\t<meta property=\"og:image:width\" content=\"1000\" \/>\n\t<meta property=\"og:image:height\" content=\"667\" \/>\n\t<meta property=\"og:image:type\" content=\"image\/jpeg\" \/>\n<meta name=\"author\" content=\"Casa de Campo Living\" \/>\n<meta name=\"twitter:card\" content=\"summary_large_image\" \/>\n<meta name=\"twitter:creator\" content=\"@cdcliving\" \/>\n<meta name=\"twitter:site\" content=\"@cdcliving\" \/>\n<meta name=\"twitter:label1\" content=\"Escrito por\" \/>\n\t<meta name=\"twitter:data1\" content=\"Casa de Campo Living\" \/>\n\t<meta name=\"twitter:label2\" content=\"Tiempo de lectura\" \/>\n\t<meta name=\"twitter:data2\" content=\"2 minutos\" \/>\n<script type=\"application\/ld+json\" class=\"yoast-schema-graph\">{\"@context\":\"https:\\\/\\\/schema.org\",\"@graph\":[{\"@type\":\"Article\",\"@id\":\"https:\\\/\\\/casadecampoliving.com\\\/es\\\/casa-de-campo-resort-villas-nombra-como-nuevo-director-culinario-a-rodrigo-menendez\\\/#article\",\"isPartOf\":{\"@id\":\"https:\\\/\\\/casadecampoliving.com\\\/es\\\/casa-de-campo-resort-villas-nombra-como-nuevo-director-culinario-a-rodrigo-menendez\\\/\"},\"author\":{\"name\":\"Casa de Campo Living\",\"@id\":\"https:\\\/\\\/casadecampoliving.com\\\/es\\\/#\\\/schema\\\/person\\\/5d2171637a9d11e0e43ce6b8555f9422\"},\"headline\":\"Casa de Campo Resort &#038; Villas nombra como nuevo director culinario a Rodrigo Men\u00e9ndez\",\"datePublished\":\"2021-08-30T04:00:00+00:00\",\"dateModified\":\"2022-10-21T23:11:23+00:00\",\"mainEntityOfPage\":{\"@id\":\"https:\\\/\\\/casadecampoliving.com\\\/es\\\/casa-de-campo-resort-villas-nombra-como-nuevo-director-culinario-a-rodrigo-menendez\\\/\"},\"wordCount\":464,\"publisher\":{\"@id\":\"https:\\\/\\\/casadecampoliving.com\\\/es\\\/#organization\"},\"image\":{\"@id\":\"https:\\\/\\\/casadecampoliving.com\\\/es\\\/casa-de-campo-resort-villas-nombra-como-nuevo-director-culinario-a-rodrigo-menendez\\\/#primaryimage\"},\"thumbnailUrl\":\"https:\\\/\\\/i0.wp.com\\\/casadecampoliving.com\\\/wp-content\\\/uploads\\\/2022\\\/10\\\/Al91WlCA-scaled-e1630331323742-1.jpeg?fit=1000%2C667&ssl=1\",\"keywords\":[\"Dining\",\"Featured-TopView @es\",\"food\"],\"articleSection\":[\"Casa de Campo Living @es\",\"Estilo de Vida\",\"Noticias Locales\",\"Rep\u00fablica Dominicana @es\",\"Resort Casa de Campo\",\"Restaurantes\"],\"inLanguage\":\"es\"},{\"@type\":\"WebPage\",\"@id\":\"https:\\\/\\\/casadecampoliving.com\\\/es\\\/casa-de-campo-resort-villas-nombra-como-nuevo-director-culinario-a-rodrigo-menendez\\\/\",\"url\":\"https:\\\/\\\/casadecampoliving.com\\\/es\\\/casa-de-campo-resort-villas-nombra-como-nuevo-director-culinario-a-rodrigo-menendez\\\/\",\"name\":\"Casa de Campo Resort & Villas nombra como nuevo director culinario a Rodrigo Men\u00e9ndez | Casa de Campo Living\",\"isPartOf\":{\"@id\":\"https:\\\/\\\/casadecampoliving.com\\\/es\\\/#website\"},\"primaryImageOfPage\":{\"@id\":\"https:\\\/\\\/casadecampoliving.com\\\/es\\\/casa-de-campo-resort-villas-nombra-como-nuevo-director-culinario-a-rodrigo-menendez\\\/#primaryimage\"},\"image\":{\"@id\":\"https:\\\/\\\/casadecampoliving.com\\\/es\\\/casa-de-campo-resort-villas-nombra-como-nuevo-director-culinario-a-rodrigo-menendez\\\/#primaryimage\"},\"thumbnailUrl\":\"https:\\\/\\\/i0.wp.com\\\/casadecampoliving.com\\\/wp-content\\\/uploads\\\/2022\\\/10\\\/Al91WlCA-scaled-e1630331323742-1.jpeg?fit=1000%2C667&ssl=1\",\"datePublished\":\"2021-08-30T04:00:00+00:00\",\"dateModified\":\"2022-10-21T23:11:23+00:00\",\"description\":\"Casa de Campo Resort &amp; Villas se complace en anunciar el nombramiento de Rodrigo Men\u00e9ndez como el nuevo Director Culinario, que supervisar\u00e1 los ocho\",\"breadcrumb\":{\"@id\":\"https:\\\/\\\/casadecampoliving.com\\\/es\\\/casa-de-campo-resort-villas-nombra-como-nuevo-director-culinario-a-rodrigo-menendez\\\/#breadcrumb\"},\"inLanguage\":\"es\",\"potentialAction\":[{\"@type\":\"ReadAction\",\"target\":[\"https:\\\/\\\/casadecampoliving.com\\\/es\\\/casa-de-campo-resort-villas-nombra-como-nuevo-director-culinario-a-rodrigo-menendez\\\/\"]}]},{\"@type\":\"ImageObject\",\"inLanguage\":\"es\",\"@id\":\"https:\\\/\\\/casadecampoliving.com\\\/es\\\/casa-de-campo-resort-villas-nombra-como-nuevo-director-culinario-a-rodrigo-menendez\\\/#primaryimage\",\"url\":\"https:\\\/\\\/i0.wp.com\\\/casadecampoliving.com\\\/wp-content\\\/uploads\\\/2022\\\/10\\\/Al91WlCA-scaled-e1630331323742-1.jpeg?fit=1000%2C667&ssl=1\",\"contentUrl\":\"https:\\\/\\\/i0.wp.com\\\/casadecampoliving.com\\\/wp-content\\\/uploads\\\/2022\\\/10\\\/Al91WlCA-scaled-e1630331323742-1.jpeg?fit=1000%2C667&ssl=1\",\"width\":1000,\"height\":667},{\"@type\":\"BreadcrumbList\",\"@id\":\"https:\\\/\\\/casadecampoliving.com\\\/es\\\/casa-de-campo-resort-villas-nombra-como-nuevo-director-culinario-a-rodrigo-menendez\\\/#breadcrumb\",\"itemListElement\":[{\"@type\":\"ListItem\",\"position\":1,\"name\":\"Home\",\"item\":\"https:\\\/\\\/casadecampoliving.com\\\/es\\\/\"},{\"@type\":\"ListItem\",\"position\":2,\"name\":\"Casa de Campo Resort &#038; Villas nombra como nuevo director culinario a Rodrigo Men\u00e9ndez\"}]},{\"@type\":\"WebSite\",\"@id\":\"https:\\\/\\\/casadecampoliving.com\\\/es\\\/#website\",\"url\":\"https:\\\/\\\/casadecampoliving.com\\\/es\\\/\",\"name\":\"Casa de Campo Living\",\"description\":\"Resort community news and resources.\",\"publisher\":{\"@id\":\"https:\\\/\\\/casadecampoliving.com\\\/es\\\/#organization\"},\"potentialAction\":[{\"@type\":\"SearchAction\",\"target\":{\"@type\":\"EntryPoint\",\"urlTemplate\":\"https:\\\/\\\/casadecampoliving.com\\\/es\\\/?s={search_term_string}\"},\"query-input\":{\"@type\":\"PropertyValueSpecification\",\"valueRequired\":true,\"valueName\":\"search_term_string\"}}],\"inLanguage\":\"es\"},{\"@type\":\"Organization\",\"@id\":\"https:\\\/\\\/casadecampoliving.com\\\/es\\\/#organization\",\"name\":\"Casa de Campo Living\",\"url\":\"https:\\\/\\\/casadecampoliving.com\\\/es\\\/\",\"logo\":{\"@type\":\"ImageObject\",\"inLanguage\":\"es\",\"@id\":\"https:\\\/\\\/casadecampoliving.com\\\/es\\\/#\\\/schema\\\/logo\\\/image\\\/\",\"url\":\"https:\\\/\\\/i0.wp.com\\\/casadecampoliving.com\\\/wp-content\\\/uploads\\\/2022\\\/07\\\/CDCLivingLogo_V1-white-sized.png?fit=800%2C214&ssl=1\",\"contentUrl\":\"https:\\\/\\\/i0.wp.com\\\/casadecampoliving.com\\\/wp-content\\\/uploads\\\/2022\\\/07\\\/CDCLivingLogo_V1-white-sized.png?fit=800%2C214&ssl=1\",\"width\":800,\"height\":214,\"caption\":\"Casa de Campo Living\"},\"image\":{\"@id\":\"https:\\\/\\\/casadecampoliving.com\\\/es\\\/#\\\/schema\\\/logo\\\/image\\\/\"},\"sameAs\":[\"https:\\\/\\\/www.facebook.com\\\/casadecampoliving\",\"https:\\\/\\\/x.com\\\/cdcliving\"]},{\"@type\":\"Person\",\"@id\":\"https:\\\/\\\/casadecampoliving.com\\\/es\\\/#\\\/schema\\\/person\\\/5d2171637a9d11e0e43ce6b8555f9422\",\"name\":\"Casa de Campo Living\",\"image\":{\"@type\":\"ImageObject\",\"inLanguage\":\"es\",\"@id\":\"https:\\\/\\\/secure.gravatar.com\\\/avatar\\\/d04101fa4a9fd431e939953b1500fdc7a73cd35029f86d98712fd8ccdaebaf9a?s=96&d=mm&r=g\",\"url\":\"https:\\\/\\\/secure.gravatar.com\\\/avatar\\\/d04101fa4a9fd431e939953b1500fdc7a73cd35029f86d98712fd8ccdaebaf9a?s=96&d=mm&r=g\",\"contentUrl\":\"https:\\\/\\\/secure.gravatar.com\\\/avatar\\\/d04101fa4a9fd431e939953b1500fdc7a73cd35029f86d98712fd8ccdaebaf9a?s=96&d=mm&r=g\",\"caption\":\"Casa de Campo Living\"},\"url\":\"https:\\\/\\\/casadecampoliving.com\\\/es\\\/author\\\/casa-de-campo-living\\\/\"}]}<\/script>\n<!-- \/ Yoast SEO plugin. -->","yoast_head_json":{"title":"Casa de Campo Resort & Villas nombra como nuevo director culinario a Rodrigo Men\u00e9ndez | Casa de Campo Living","description":"Casa de Campo Resort &amp; Villas se complace en anunciar el nombramiento de Rodrigo Men\u00e9ndez como el nuevo Director Culinario, que supervisar\u00e1 los ocho","robots":{"index":"index","follow":"follow","max-snippet":"max-snippet:-1","max-image-preview":"max-image-preview:large","max-video-preview":"max-video-preview:-1"},"canonical":"https:\/\/casadecampoliving.com\/es\/casa-de-campo-resort-villas-nombra-como-nuevo-director-culinario-a-rodrigo-menendez\/","og_locale":"es_ES","og_type":"article","og_title":"Casa de Campo Resort & Villas nombra como nuevo director culinario a Rodrigo Men\u00e9ndez | Casa de Campo Living","og_description":"Casa de Campo Resort &amp; Villas se complace en anunciar el nombramiento de Rodrigo Men\u00e9ndez como el nuevo Director Culinario, que supervisar\u00e1 los ocho","og_url":"https:\/\/casadecampoliving.com\/es\/casa-de-campo-resort-villas-nombra-como-nuevo-director-culinario-a-rodrigo-menendez\/","og_site_name":"Casa de Campo Living","article_publisher":"https:\/\/www.facebook.com\/casadecampoliving","article_published_time":"2021-08-30T04:00:00+00:00","article_modified_time":"2022-10-21T23:11:23+00:00","og_image":[{"width":1000,"height":667,"url":"https:\/\/i0.wp.com\/casadecampoliving.com\/wp-content\/uploads\/2022\/10\/Al91WlCA-scaled-e1630331323742-1.jpeg?fit=1000%2C667&ssl=1","type":"image\/jpeg"}],"author":"Casa de Campo Living","twitter_card":"summary_large_image","twitter_creator":"@cdcliving","twitter_site":"@cdcliving","twitter_misc":{"Escrito por":"Casa de Campo Living","Tiempo de lectura":"2 minutos"},"schema":{"@context":"https:\/\/schema.org","@graph":[{"@type":"Article","@id":"https:\/\/casadecampoliving.com\/es\/casa-de-campo-resort-villas-nombra-como-nuevo-director-culinario-a-rodrigo-menendez\/#article","isPartOf":{"@id":"https:\/\/casadecampoliving.com\/es\/casa-de-campo-resort-villas-nombra-como-nuevo-director-culinario-a-rodrigo-menendez\/"},"author":{"name":"Casa de Campo Living","@id":"https:\/\/casadecampoliving.com\/es\/#\/schema\/person\/5d2171637a9d11e0e43ce6b8555f9422"},"headline":"Casa de Campo Resort &#038; Villas nombra como nuevo director culinario a Rodrigo Men\u00e9ndez","datePublished":"2021-08-30T04:00:00+00:00","dateModified":"2022-10-21T23:11:23+00:00","mainEntityOfPage":{"@id":"https:\/\/casadecampoliving.com\/es\/casa-de-campo-resort-villas-nombra-como-nuevo-director-culinario-a-rodrigo-menendez\/"},"wordCount":464,"publisher":{"@id":"https:\/\/casadecampoliving.com\/es\/#organization"},"image":{"@id":"https:\/\/casadecampoliving.com\/es\/casa-de-campo-resort-villas-nombra-como-nuevo-director-culinario-a-rodrigo-menendez\/#primaryimage"},"thumbnailUrl":"https:\/\/i0.wp.com\/casadecampoliving.com\/wp-content\/uploads\/2022\/10\/Al91WlCA-scaled-e1630331323742-1.jpeg?fit=1000%2C667&ssl=1","keywords":["Dining","Featured-TopView @es","food"],"articleSection":["Casa de Campo Living @es","Estilo de Vida","Noticias Locales","Rep\u00fablica Dominicana @es","Resort Casa de Campo","Restaurantes"],"inLanguage":"es"},{"@type":"WebPage","@id":"https:\/\/casadecampoliving.com\/es\/casa-de-campo-resort-villas-nombra-como-nuevo-director-culinario-a-rodrigo-menendez\/","url":"https:\/\/casadecampoliving.com\/es\/casa-de-campo-resort-villas-nombra-como-nuevo-director-culinario-a-rodrigo-menendez\/","name":"Casa de Campo Resort & Villas nombra como nuevo director culinario a Rodrigo Men\u00e9ndez | Casa de Campo Living","isPartOf":{"@id":"https:\/\/casadecampoliving.com\/es\/#website"},"primaryImageOfPage":{"@id":"https:\/\/casadecampoliving.com\/es\/casa-de-campo-resort-villas-nombra-como-nuevo-director-culinario-a-rodrigo-menendez\/#primaryimage"},"image":{"@id":"https:\/\/casadecampoliving.com\/es\/casa-de-campo-resort-villas-nombra-como-nuevo-director-culinario-a-rodrigo-menendez\/#primaryimage"},"thumbnailUrl":"https:\/\/i0.wp.com\/casadecampoliving.com\/wp-content\/uploads\/2022\/10\/Al91WlCA-scaled-e1630331323742-1.jpeg?fit=1000%2C667&ssl=1","datePublished":"2021-08-30T04:00:00+00:00","dateModified":"2022-10-21T23:11:23+00:00","description":"Casa de Campo Resort &amp; Villas se complace en anunciar el nombramiento de Rodrigo Men\u00e9ndez como el nuevo Director Culinario, que supervisar\u00e1 los ocho","breadcrumb":{"@id":"https:\/\/casadecampoliving.com\/es\/casa-de-campo-resort-villas-nombra-como-nuevo-director-culinario-a-rodrigo-menendez\/#breadcrumb"},"inLanguage":"es","potentialAction":[{"@type":"ReadAction","target":["https:\/\/casadecampoliving.com\/es\/casa-de-campo-resort-villas-nombra-como-nuevo-director-culinario-a-rodrigo-menendez\/"]}]},{"@type":"ImageObject","inLanguage":"es","@id":"https:\/\/casadecampoliving.com\/es\/casa-de-campo-resort-villas-nombra-como-nuevo-director-culinario-a-rodrigo-menendez\/#primaryimage","url":"https:\/\/i0.wp.com\/casadecampoliving.com\/wp-content\/uploads\/2022\/10\/Al91WlCA-scaled-e1630331323742-1.jpeg?fit=1000%2C667&ssl=1","contentUrl":"https:\/\/i0.wp.com\/casadecampoliving.com\/wp-content\/uploads\/2022\/10\/Al91WlCA-scaled-e1630331323742-1.jpeg?fit=1000%2C667&ssl=1","width":1000,"height":667},{"@type":"BreadcrumbList","@id":"https:\/\/casadecampoliving.com\/es\/casa-de-campo-resort-villas-nombra-como-nuevo-director-culinario-a-rodrigo-menendez\/#breadcrumb","itemListElement":[{"@type":"ListItem","position":1,"name":"Home","item":"https:\/\/casadecampoliving.com\/es\/"},{"@type":"ListItem","position":2,"name":"Casa de Campo Resort &#038; Villas nombra como nuevo director culinario a Rodrigo Men\u00e9ndez"}]},{"@type":"WebSite","@id":"https:\/\/casadecampoliving.com\/es\/#website","url":"https:\/\/casadecampoliving.com\/es\/","name":"Casa de Campo Living","description":"Resort community news and resources.","publisher":{"@id":"https:\/\/casadecampoliving.com\/es\/#organization"},"potentialAction":[{"@type":"SearchAction","target":{"@type":"EntryPoint","urlTemplate":"https:\/\/casadecampoliving.com\/es\/?s={search_term_string}"},"query-input":{"@type":"PropertyValueSpecification","valueRequired":true,"valueName":"search_term_string"}}],"inLanguage":"es"},{"@type":"Organization","@id":"https:\/\/casadecampoliving.com\/es\/#organization","name":"Casa de Campo Living","url":"https:\/\/casadecampoliving.com\/es\/","logo":{"@type":"ImageObject","inLanguage":"es","@id":"https:\/\/casadecampoliving.com\/es\/#\/schema\/logo\/image\/","url":"https:\/\/i0.wp.com\/casadecampoliving.com\/wp-content\/uploads\/2022\/07\/CDCLivingLogo_V1-white-sized.png?fit=800%2C214&ssl=1","contentUrl":"https:\/\/i0.wp.com\/casadecampoliving.com\/wp-content\/uploads\/2022\/07\/CDCLivingLogo_V1-white-sized.png?fit=800%2C214&ssl=1","width":800,"height":214,"caption":"Casa de Campo Living"},"image":{"@id":"https:\/\/casadecampoliving.com\/es\/#\/schema\/logo\/image\/"},"sameAs":["https:\/\/www.facebook.com\/casadecampoliving","https:\/\/x.com\/cdcliving"]},{"@type":"Person","@id":"https:\/\/casadecampoliving.com\/es\/#\/schema\/person\/5d2171637a9d11e0e43ce6b8555f9422","name":"Casa de Campo Living","image":{"@type":"ImageObject","inLanguage":"es","@id":"https:\/\/secure.gravatar.com\/avatar\/d04101fa4a9fd431e939953b1500fdc7a73cd35029f86d98712fd8ccdaebaf9a?s=96&d=mm&r=g","url":"https:\/\/secure.gravatar.com\/avatar\/d04101fa4a9fd431e939953b1500fdc7a73cd35029f86d98712fd8ccdaebaf9a?s=96&d=mm&r=g","contentUrl":"https:\/\/secure.gravatar.com\/avatar\/d04101fa4a9fd431e939953b1500fdc7a73cd35029f86d98712fd8ccdaebaf9a?s=96&d=mm&r=g","caption":"Casa de Campo Living"},"url":"https:\/\/casadecampoliving.com\/es\/author\/casa-de-campo-living\/"}]}},"parsely":{"version":"1.1.0","canonical_url":"https:\/\/casadecampoliving.com\/es\/casa-de-campo-resort-villas-nombra-como-nuevo-director-culinario-a-rodrigo-menendez\/","smart_links":{"inbound":0,"outbound":0},"traffic_boost_suggestions_count":0,"meta":{"@context":"https:\/\/schema.org","@type":"NewsArticle","headline":"Casa de Campo Resort &#038; Villas nombra como nuevo director culinario a Rodrigo Men\u00e9ndez","url":"http:\/\/casadecampoliving.com\/es\/casa-de-campo-resort-villas-nombra-como-nuevo-director-culinario-a-rodrigo-menendez\/","mainEntityOfPage":{"@type":"WebPage","@id":"http:\/\/casadecampoliving.com\/es\/casa-de-campo-resort-villas-nombra-como-nuevo-director-culinario-a-rodrigo-menendez\/"},"thumbnailUrl":"https:\/\/i0.wp.com\/casadecampoliving.com\/wp-content\/uploads\/2022\/10\/Al91WlCA-scaled-e1630331323742-1.jpeg?resize=150%2C150&ssl=1","image":{"@type":"ImageObject","url":"https:\/\/i0.wp.com\/casadecampoliving.com\/wp-content\/uploads\/2022\/10\/Al91WlCA-scaled-e1630331323742-1.jpeg?fit=1000%2C667&ssl=1"},"articleSection":"Casa de Campo Living @es","author":[{"@type":"Person","name":"Casa de Campo Living"}],"creator":["Casa de Campo Living"],"publisher":{"@type":"Organization","name":"Casa de Campo Living","logo":"https:\/\/casadecampoliving.com\/wp-content\/uploads\/2022\/07\/CDCLivingLogo_V1-white-sized.png"},"keywords":["dining","featured-topview @es","food"],"dateCreated":"2021-08-30T04:00:00Z","datePublished":"2021-08-30T04:00:00Z","dateModified":"2022-10-21T23:11:23Z"},"rendered":"<script type=\"application\/ld+json\" class=\"wp-parsely-metadata\">{\"@context\":\"https:\\\/\\\/schema.org\",\"@type\":\"NewsArticle\",\"headline\":\"Casa de Campo Resort &#038; Villas nombra como nuevo director culinario a Rodrigo Men\\u00e9ndez\",\"url\":\"http:\\\/\\\/casadecampoliving.com\\\/es\\\/casa-de-campo-resort-villas-nombra-como-nuevo-director-culinario-a-rodrigo-menendez\\\/\",\"mainEntityOfPage\":{\"@type\":\"WebPage\",\"@id\":\"http:\\\/\\\/casadecampoliving.com\\\/es\\\/casa-de-campo-resort-villas-nombra-como-nuevo-director-culinario-a-rodrigo-menendez\\\/\"},\"thumbnailUrl\":\"https:\\\/\\\/i0.wp.com\\\/casadecampoliving.com\\\/wp-content\\\/uploads\\\/2022\\\/10\\\/Al91WlCA-scaled-e1630331323742-1.jpeg?resize=150%2C150&ssl=1\",\"image\":{\"@type\":\"ImageObject\",\"url\":\"https:\\\/\\\/i0.wp.com\\\/casadecampoliving.com\\\/wp-content\\\/uploads\\\/2022\\\/10\\\/Al91WlCA-scaled-e1630331323742-1.jpeg?fit=1000%2C667&ssl=1\"},\"articleSection\":\"Casa de Campo Living @es\",\"author\":[{\"@type\":\"Person\",\"name\":\"Casa de Campo Living\"}],\"creator\":[\"Casa de Campo Living\"],\"publisher\":{\"@type\":\"Organization\",\"name\":\"Casa de Campo Living\",\"logo\":\"https:\\\/\\\/casadecampoliving.com\\\/wp-content\\\/uploads\\\/2022\\\/07\\\/CDCLivingLogo_V1-white-sized.png\"},\"keywords\":[\"dining\",\"featured-topview @es\",\"food\"],\"dateCreated\":\"2021-08-30T04:00:00Z\",\"datePublished\":\"2021-08-30T04:00:00Z\",\"dateModified\":\"2022-10-21T23:11:23Z\"}<\/script>","tracker_url":"https:\/\/cdn.parsely.com\/keys\/casadecampoliving.com\/p.js"},"jetpack_publicize_connections":[],"jetpack_featured_media_url":"https:\/\/i0.wp.com\/casadecampoliving.com\/wp-content\/uploads\/2022\/10\/Al91WlCA-scaled-e1630331323742-1.jpeg?fit=1000%2C667&ssl=1","jetpack-related-posts":[{"id":533554,"url":"https:\/\/casadecampoliving.com\/es\/cena-de-gala-bajo-las-estrellas-con-los-chefs-saverio-stassi-joaquin-renovales-y-rodrigo-menendez-en-el-food-and-wine-festival\/","url_meta":{"origin":354139,"position":0},"title":"Cena de gala bajo las estrellas con los chefs Saverio Stassi, Joaquin Renovales y Rodrigo Men\u00e9ndez en el Food and Wine Festival","author":"Mairobi Herrera","date":"1 Oct, 2024","format":false,"excerpt":"Casa de Campo Resort & Villas se enorgullece en anunciar que los chefs Rodrigo Men\u00e9ndez, Saverio Stassi y Joaqu\u00edn Renovales se unir\u00e1n para ofrecer una cena magistral bajo las estrellas, en Minitas Beach Club, como parte del Food and Wine Festival, que se llevar\u00e1 a cabo del 11 y 12\u2026","rel":"","context":"En \u00abCasa de Campo Resort &amp; Villas\u00bb","block_context":{"text":"Casa de Campo Resort &amp; Villas","link":"https:\/\/casadecampoliving.com\/es\/category\/casa-de-campo-resort-villas\/"},"img":{"alt_text":"","src":"https:\/\/i0.wp.com\/casadecampoliving.com\/wp-content\/uploads\/2024\/10\/joaquin-3.jpg?resize=350%2C200&ssl=1","width":350,"height":200,"srcset":"https:\/\/i0.wp.com\/casadecampoliving.com\/wp-content\/uploads\/2024\/10\/joaquin-3.jpg?resize=350%2C200&ssl=1 1x, https:\/\/i0.wp.com\/casadecampoliving.com\/wp-content\/uploads\/2024\/10\/joaquin-3.jpg?resize=525%2C300&ssl=1 1.5x, https:\/\/i0.wp.com\/casadecampoliving.com\/wp-content\/uploads\/2024\/10\/joaquin-3.jpg?resize=700%2C400&ssl=1 2x, https:\/\/i0.wp.com\/casadecampoliving.com\/wp-content\/uploads\/2024\/10\/joaquin-3.jpg?resize=1050%2C600&ssl=1 3x, https:\/\/i0.wp.com\/casadecampoliving.com\/wp-content\/uploads\/2024\/10\/joaquin-3.jpg?resize=1400%2C800&ssl=1 4x"},"classes":[]},{"id":533590,"url":"https:\/\/casadecampoliving.com\/es\/casa-de-campo-ofrece-una-experiencia-culinaria-inolvidable-en-la-segunda-edicion-del-food-wine-festival\/","url_meta":{"origin":354139,"position":1},"title":"Casa de Campo ofrece una experiencia culinaria inolvidable en la segunda edici\u00f3n del Food &amp; Wine Festival","author":"Mairobi Herrera","date":"14 Oct, 2024","format":false,"excerpt":"Casa de Campo Resort & Villas celebr\u00f3 con gran \u00e9xito la segunda edici\u00f3n de su Food & Wine Festival presentado por American Express, atrayendo a destacados embajadores de la gastronom\u00eda tanto internacional como local. \u00a0Durante los d\u00edas 11 y 12 de octubre, los propietarios de villas e invitados especiales tuvieron\u2026","rel":"","context":"En \u00abCasa de Campo Resort &amp; Villas\u00bb","block_context":{"text":"Casa de Campo Resort &amp; Villas","link":"https:\/\/casadecampoliving.com\/es\/category\/casa-de-campo-resort-villas\/"},"img":{"alt_text":"","src":"https:\/\/i0.wp.com\/casadecampoliving.com\/wp-content\/uploads\/2024\/10\/Charles-Keusters-Andres-Pichardo-y-Jason-Kycek-2-scaled.jpg?fit=1200%2C800&ssl=1&resize=350%2C200","width":350,"height":200,"srcset":"https:\/\/i0.wp.com\/casadecampoliving.com\/wp-content\/uploads\/2024\/10\/Charles-Keusters-Andres-Pichardo-y-Jason-Kycek-2-scaled.jpg?fit=1200%2C800&ssl=1&resize=350%2C200 1x, https:\/\/i0.wp.com\/casadecampoliving.com\/wp-content\/uploads\/2024\/10\/Charles-Keusters-Andres-Pichardo-y-Jason-Kycek-2-scaled.jpg?fit=1200%2C800&ssl=1&resize=525%2C300 1.5x, https:\/\/i0.wp.com\/casadecampoliving.com\/wp-content\/uploads\/2024\/10\/Charles-Keusters-Andres-Pichardo-y-Jason-Kycek-2-scaled.jpg?fit=1200%2C800&ssl=1&resize=700%2C400 2x, https:\/\/i0.wp.com\/casadecampoliving.com\/wp-content\/uploads\/2024\/10\/Charles-Keusters-Andres-Pichardo-y-Jason-Kycek-2-scaled.jpg?fit=1200%2C800&ssl=1&resize=1050%2C600 3x"},"classes":[]},{"id":333849,"url":"https:\/\/casadecampoliving.com\/casa-de-campo-resort-villas-appoints-rodrigo-menendez-as-culinary-director\/","url_meta":{"origin":354139,"position":2},"title":"Casa de Campo Resort &#038; Villas Appoints Rodrigo Men\u00e9ndez As Culinary Director","author":"Casa de Campo Living","date":"30 Ago, 2021","format":false,"excerpt":"Casa de Campo Resort & Villas is pleased to announce the appointment of Rodrigo Men\u00e9ndez as the new Culinary Director, overseeing the 7,000-acre resort\u2019s eight distinct dining venues as well as the in-room dining program. Men\u00e9ndez brings a deep understanding of gastronomy combined with outstanding interpersonal leadership skills to help\u2026","rel":"","context":"En \u00abCasa de Campo Living\u00bb","block_context":{"text":"Casa de Campo Living","link":"https:\/\/casadecampoliving.com\/category\/casa-de-campo-living\/"},"img":{"alt_text":"","src":"https:\/\/i0.wp.com\/casadecampoliving.com\/wp-content\/uploads\/2022\/10\/Al91WlCA-scaled-e1630331323742-1.jpeg?fit=1000%2C667&ssl=1&resize=350%2C200","width":350,"height":200,"srcset":"https:\/\/i0.wp.com\/casadecampoliving.com\/wp-content\/uploads\/2022\/10\/Al91WlCA-scaled-e1630331323742-1.jpeg?fit=1000%2C667&ssl=1&resize=350%2C200 1x, https:\/\/i0.wp.com\/casadecampoliving.com\/wp-content\/uploads\/2022\/10\/Al91WlCA-scaled-e1630331323742-1.jpeg?fit=1000%2C667&ssl=1&resize=525%2C300 1.5x, https:\/\/i0.wp.com\/casadecampoliving.com\/wp-content\/uploads\/2022\/10\/Al91WlCA-scaled-e1630331323742-1.jpeg?fit=1000%2C667&ssl=1&resize=700%2C400 2x"},"classes":[]},{"id":531909,"url":"https:\/\/casadecampoliving.com\/es\/reserve-la-fecha-segunda-edicion-del-wine-tasting-series-explorara-viejo-mundo-vs-nuevo-mundo\/","url_meta":{"origin":354139,"position":3},"title":"Reserve la Fecha: Segunda edici\u00f3n del Wine Tasting Series explorar\u00e1 Viejo Mundo vs. Nuevo Mundo","author":"Casa de Campo Living","date":"17 Jun, 2024","format":false,"excerpt":"Casa de Campo Resort & Villas est\u00e1 listo para albergar la segunda entrega de su aclamada Wine Tasting Series. Presentado por American Express, este evento promete una exploraci\u00f3n \u00fanica de los vinos del Viejo Mundo frente a los del Nuevo Mundo bajo la experta gu\u00eda del sommelier certificado Eduardo Garc\u00eda.\u2026","rel":"","context":"En \u00abCasa de Campo Resort &amp; Villas\u00bb","block_context":{"text":"Casa de Campo Resort &amp; Villas","link":"https:\/\/casadecampoliving.com\/es\/category\/casa-de-campo-resort-villas\/"},"img":{"alt_text":"","src":"https:\/\/i0.wp.com\/casadecampoliving.com\/wp-content\/uploads\/2024\/06\/DSC06201-scaled.jpg?fit=1200%2C800&ssl=1&resize=350%2C200","width":350,"height":200,"srcset":"https:\/\/i0.wp.com\/casadecampoliving.com\/wp-content\/uploads\/2024\/06\/DSC06201-scaled.jpg?fit=1200%2C800&ssl=1&resize=350%2C200 1x, https:\/\/i0.wp.com\/casadecampoliving.com\/wp-content\/uploads\/2024\/06\/DSC06201-scaled.jpg?fit=1200%2C800&ssl=1&resize=525%2C300 1.5x, https:\/\/i0.wp.com\/casadecampoliving.com\/wp-content\/uploads\/2024\/06\/DSC06201-scaled.jpg?fit=1200%2C800&ssl=1&resize=700%2C400 2x, https:\/\/i0.wp.com\/casadecampoliving.com\/wp-content\/uploads\/2024\/06\/DSC06201-scaled.jpg?fit=1200%2C800&ssl=1&resize=1050%2C600 3x"},"classes":[]},{"id":533564,"url":"https:\/\/casadecampoliving.com\/gala-dinner-under-the-stars-with-chefs-saverio-stassi-joaquin-renovales-and-rodrigo-menendez-at-the-food-and-wine-festival\/","url_meta":{"origin":354139,"position":4},"title":"Gala Dinner Under the Stars with Chefs Saverio Stassi, Joaquin Renovales, and Rodrigo Men\u00e9ndez at the Food and Wine Festival","author":"Mairobi Herrera","date":"1 Oct, 2024","format":false,"excerpt":"Casa de Campo Resort & Villas is proud to announce that chefs Rodrigo Men\u00e9ndez, Saverio Stassi, and Joaqu\u00edn Renovales will join forces for a masterful dinner under the stars at Minitas Beach Club as part of the Food and Wine Festival, taking place October 11-12. Chef Joaqu\u00edn Renovales Araujo. These\u2026","rel":"","context":"En \u00abCasa de Campo Resort &amp; Villas\u00bb","block_context":{"text":"Casa de Campo Resort &amp; Villas","link":"https:\/\/casadecampoliving.com\/category\/casa-de-campo-resort-villas-2\/"},"img":{"alt_text":"","src":"https:\/\/i0.wp.com\/casadecampoliving.com\/wp-content\/uploads\/2024\/10\/joaquin-3.jpg?resize=350%2C200&ssl=1","width":350,"height":200,"srcset":"https:\/\/i0.wp.com\/casadecampoliving.com\/wp-content\/uploads\/2024\/10\/joaquin-3.jpg?resize=350%2C200&ssl=1 1x, https:\/\/i0.wp.com\/casadecampoliving.com\/wp-content\/uploads\/2024\/10\/joaquin-3.jpg?resize=525%2C300&ssl=1 1.5x, https:\/\/i0.wp.com\/casadecampoliving.com\/wp-content\/uploads\/2024\/10\/joaquin-3.jpg?resize=700%2C400&ssl=1 2x, https:\/\/i0.wp.com\/casadecampoliving.com\/wp-content\/uploads\/2024\/10\/joaquin-3.jpg?resize=1050%2C600&ssl=1 3x, https:\/\/i0.wp.com\/casadecampoliving.com\/wp-content\/uploads\/2024\/10\/joaquin-3.jpg?resize=1400%2C800&ssl=1 4x"},"classes":[]},{"id":433460,"url":"https:\/\/casadecampoliving.com\/es\/no-se-pierdan-el-increible-tributo-a-frank-sinatra-para-celebrar-el-40-aniversario-del-anfiteatro-altos-de-chavon\/","url_meta":{"origin":354139,"position":5},"title":"No se pierdan el incre\u00edble tributo a Frank Sinatra para celebrar el 40 aniversario del\u00a0Anfiteatro Altos de Chav\u00f3n","author":"Casa de Campo Living","date":"20 Oct, 2022","format":false,"excerpt":"Siendo uno de los escenarios m\u00e1s emblem\u00e1ticos del pa\u00eds, Casa de Campo Resort\u00ae & Villas celebra las cuatro d\u00e9cadas de aniversario de Altos de Chav\u00f3n con un tributo al gran Frank Sinatra, protagonizado por artistas invitados y una big band tal cual la que acompa\u00f1\u00f3 al artista hace 40 a\u00f1os\u2026","rel":"","context":"En \u00abUncategorized @es\u00bb","block_context":{"text":"Uncategorized @es","link":"https:\/\/casadecampoliving.com\/es\/category\/uncategorized-es\/"},"img":{"alt_text":"","src":"https:\/\/i0.wp.com\/casadecampoliving.com\/wp-content\/uploads\/2022\/10\/Tributo-Frank-Sinatra-Foto-Principal-Amaury-Sanchez-Danilo-Ginebra-Andres-Pichardo-y-Jose-Gabriel-Perez-.jpg?fit=1200%2C873&ssl=1&resize=350%2C200","width":350,"height":200,"srcset":"https:\/\/i0.wp.com\/casadecampoliving.com\/wp-content\/uploads\/2022\/10\/Tributo-Frank-Sinatra-Foto-Principal-Amaury-Sanchez-Danilo-Ginebra-Andres-Pichardo-y-Jose-Gabriel-Perez-.jpg?fit=1200%2C873&ssl=1&resize=350%2C200 1x, https:\/\/i0.wp.com\/casadecampoliving.com\/wp-content\/uploads\/2022\/10\/Tributo-Frank-Sinatra-Foto-Principal-Amaury-Sanchez-Danilo-Ginebra-Andres-Pichardo-y-Jose-Gabriel-Perez-.jpg?fit=1200%2C873&ssl=1&resize=525%2C300 1.5x, https:\/\/i0.wp.com\/casadecampoliving.com\/wp-content\/uploads\/2022\/10\/Tributo-Frank-Sinatra-Foto-Principal-Amaury-Sanchez-Danilo-Ginebra-Andres-Pichardo-y-Jose-Gabriel-Perez-.jpg?fit=1200%2C873&ssl=1&resize=700%2C400 2x, https:\/\/i0.wp.com\/casadecampoliving.com\/wp-content\/uploads\/2022\/10\/Tributo-Frank-Sinatra-Foto-Principal-Amaury-Sanchez-Danilo-Ginebra-Andres-Pichardo-y-Jose-Gabriel-Perez-.jpg?fit=1200%2C873&ssl=1&resize=1050%2C600 3x"},"classes":[]}],"jetpack_sharing_enabled":true,"_links":{"self":[{"href":"https:\/\/casadecampoliving.com\/es\/wp-json\/wp\/v2\/posts\/354139","targetHints":{"allow":["GET"]}}],"collection":[{"href":"https:\/\/casadecampoliving.com\/es\/wp-json\/wp\/v2\/posts"}],"about":[{"href":"https:\/\/casadecampoliving.com\/es\/wp-json\/wp\/v2\/types\/post"}],"author":[{"embeddable":true,"href":"https:\/\/casadecampoliving.com\/es\/wp-json\/wp\/v2\/users\/36791"}],"replies":[{"embeddable":true,"href":"https:\/\/casadecampoliving.com\/es\/wp-json\/wp\/v2\/comments?post=354139"}],"version-history":[{"count":0,"href":"https:\/\/casadecampoliving.com\/es\/wp-json\/wp\/v2\/posts\/354139\/revisions"}],"wp:featuredmedia":[{"embeddable":true,"href":"https:\/\/casadecampoliving.com\/es\/wp-json\/wp\/v2\/media\/333853"}],"wp:attachment":[{"href":"https:\/\/casadecampoliving.com\/es\/wp-json\/wp\/v2\/media?parent=354139"}],"wp:term":[{"taxonomy":"category","embeddable":true,"href":"https:\/\/casadecampoliving.com\/es\/wp-json\/wp\/v2\/categories?post=354139"},{"taxonomy":"post_tag","embeddable":true,"href":"https:\/\/casadecampoliving.com\/es\/wp-json\/wp\/v2\/tags?post=354139"},{"taxonomy":"newspack_spnsrs_tax","embeddable":true,"href":"https:\/\/casadecampoliving.com\/es\/wp-json\/wp\/v2\/newspack_spnsrs_tax?post=354139"}],"curies":[{"name":"wp","href":"https:\/\/api.w.org\/{rel}","templated":true}]}}