{"id":354124,"date":"2021-08-09T00:00:00","date_gmt":"2021-08-09T04:00:00","guid":{"rendered":"https:\/\/casadecampoliving.com\/casimiro-richiez-y-sabino-del-rosario-ganaron-el-primer-clasico-de-golf-de-la-asociacion-de-golf-la-romana-en-memoria-a-kalil-hache-malkun\/"},"modified":"2022-11-10T10:30:42","modified_gmt":"2022-11-10T14:30:42","slug":"casimiro-richiez-y-sabino-del-rosario-ganaron-el-primer-clasico-de-golf-de-la-asociacion-de-golf-la-romana-en-memoria-a-kalil-hache-malkun","status":"publish","type":"post","link":"https:\/\/casadecampoliving.com\/es\/casimiro-richiez-y-sabino-del-rosario-ganaron-el-primer-clasico-de-golf-de-la-asociacion-de-golf-la-romana-en-memoria-a-kalil-hache-malkun\/","title":{"rendered":"Casimiro Richiez y Sabino del Rosario ganaron el Primer Cl\u00e1sico de Golf de la Asociaci\u00f3n de Golf La Romana en memoria a Kalil Hach\u00e9 Malk\u00fan"},"content":{"rendered":"El 31 de julio se llev\u00f3 a cabo el <strong>Primer Cl\u00e1sico de Golf de la Asociaci\u00f3n de Golf La Romana (Asoglar)<\/strong> en el campo de golf Links en Casa de Campo. Este torneo fue dedicado al difunto Kalil Hach\u00e9 Malk\u00fan, un \u00e1vido jugador de golf y miembro de la comunidad que falleci\u00f3 el a\u00f1o pasado.\n\nEl torneo comenz\u00f3 temprano en la ma\u00f1ana con una ceremonia especial donde el comit\u00e9 de la Asociaci\u00f3n de Golf La Romana (Asoglar) honr\u00f3 la memoria de Hach\u00e9 Malk\u00fan y destac\u00f3 sus aportes al movimiento deportivo, especialmente al golf.\n\n<img data-recalc-dims=\"1\" loading=\"lazy\" decoding=\"async\" class=\"size-full wp-image-210184 aligncenter\" src=\"https:\/\/i0.wp.com\/casadecampoliving.com\/wp-content\/uploads\/2022\/10\/IMG_7259-1.jpg?resize=1000%2C667&#038;ssl=1\" alt=\"\" width=\"1000\" height=\"667\">\n\nEl evento se jugaba bajo el mejor formato de pelota, en la categor\u00eda A, en el que participar\u00e1n jugadores con un h\u00e1ndicap de 0-12, mientras que en la categor\u00eda B jugar\u00e1n golfistas de 13 a 24 h\u00e1ndicaps, ambas categor\u00edas ser\u00e1n de 18 hoyos. Este a\u00f1o, el torneo fue ganado por Casimiro Richiez y Sabino del Rosario en la Categor\u00eda A, mientras que Francisco Torres y Ram\u00f3n Cruz ganaron la Categor\u00eda B. Los premios especiales fueron para Juan Nolasco por M\u00e1s cercano al pin y Julio A. Pi\u00f1a Santana por el Drive m\u00e1s largo.\n\nLas siguientes fotos fueron tomadas durante el Primer Cl\u00e1sico de Golf de la Asociaci\u00f3n de Golf La Romana (Asoglar) jugado en el campo de golf Links en Casa de Campo:\n\n\n<figure class=\"wp-block-gallery has-nested-images columns-default is-cropped wp-block-gallery-1 is-layout-flex wp-block-gallery-is-layout-flex\">\n<figure class=\"wp-block-image size-large\"><img data-recalc-dims=\"1\" loading=\"lazy\" decoding=\"async\" width=\"667\" height=\"1000\" data-id=\"397348\" src=\"https:\/\/i0.wp.com\/casadecampoliving.com\/wp-content\/uploads\/2022\/10\/IMG_7225.jpg?resize=667%2C1000&#038;ssl=1\" alt=\"\" class=\"wp-image-397348\" srcset=\"https:\/\/i0.wp.com\/casadecampoliving.com\/wp-content\/uploads\/2022\/10\/IMG_7225.jpg?w=667&amp;ssl=1 667w, https:\/\/i0.wp.com\/casadecampoliving.com\/wp-content\/uploads\/2022\/10\/IMG_7225.jpg?resize=200%2C300&amp;ssl=1 200w, https:\/\/i0.wp.com\/casadecampoliving.com\/wp-content\/uploads\/2022\/10\/IMG_7225.jpg?resize=400%2C600&amp;ssl=1 400w, https:\/\/i0.wp.com\/casadecampoliving.com\/wp-content\/uploads\/2022\/10\/IMG_7225.jpg?resize=150%2C225&amp;ssl=1 150w, https:\/\/i0.wp.com\/casadecampoliving.com\/wp-content\/uploads\/2022\/10\/IMG_7225.jpg?w=370&amp;ssl=1 370w\" sizes=\"auto, (max-width: 667px) 100vw, 667px\" \/><\/figure>\n\n\n\n<figure class=\"wp-block-image size-large\"><img data-recalc-dims=\"1\" loading=\"lazy\" decoding=\"async\" width=\"667\" height=\"1000\" data-id=\"397378\" src=\"https:\/\/i0.wp.com\/casadecampoliving.com\/wp-content\/uploads\/2022\/10\/IMG_7232.jpg?resize=667%2C1000&#038;ssl=1\" alt=\"\" class=\"wp-image-397378\" srcset=\"https:\/\/i0.wp.com\/casadecampoliving.com\/wp-content\/uploads\/2022\/10\/IMG_7232.jpg?w=667&amp;ssl=1 667w, https:\/\/i0.wp.com\/casadecampoliving.com\/wp-content\/uploads\/2022\/10\/IMG_7232.jpg?resize=200%2C300&amp;ssl=1 200w, https:\/\/i0.wp.com\/casadecampoliving.com\/wp-content\/uploads\/2022\/10\/IMG_7232.jpg?resize=400%2C600&amp;ssl=1 400w, https:\/\/i0.wp.com\/casadecampoliving.com\/wp-content\/uploads\/2022\/10\/IMG_7232.jpg?resize=150%2C225&amp;ssl=1 150w, https:\/\/i0.wp.com\/casadecampoliving.com\/wp-content\/uploads\/2022\/10\/IMG_7232.jpg?w=370&amp;ssl=1 370w\" sizes=\"auto, (max-width: 667px) 100vw, 667px\" \/><\/figure>\n\n\n\n<figure class=\"wp-block-image size-large\"><img data-recalc-dims=\"1\" loading=\"lazy\" decoding=\"async\" width=\"667\" height=\"1000\" data-id=\"397398\" src=\"https:\/\/i0.wp.com\/casadecampoliving.com\/wp-content\/uploads\/2022\/10\/IMG_7293-2.jpg?resize=667%2C1000&#038;ssl=1\" alt=\"\" class=\"wp-image-397398\" srcset=\"https:\/\/i0.wp.com\/casadecampoliving.com\/wp-content\/uploads\/2022\/10\/IMG_7293-2.jpg?w=667&amp;ssl=1 667w, https:\/\/i0.wp.com\/casadecampoliving.com\/wp-content\/uploads\/2022\/10\/IMG_7293-2.jpg?resize=200%2C300&amp;ssl=1 200w, https:\/\/i0.wp.com\/casadecampoliving.com\/wp-content\/uploads\/2022\/10\/IMG_7293-2.jpg?resize=400%2C600&amp;ssl=1 400w, https:\/\/i0.wp.com\/casadecampoliving.com\/wp-content\/uploads\/2022\/10\/IMG_7293-2.jpg?resize=150%2C225&amp;ssl=1 150w, https:\/\/i0.wp.com\/casadecampoliving.com\/wp-content\/uploads\/2022\/10\/IMG_7293-2.jpg?w=370&amp;ssl=1 370w\" sizes=\"auto, (max-width: 667px) 100vw, 667px\" \/><\/figure>\n\n\n\n<figure class=\"wp-block-image size-large\"><img data-recalc-dims=\"1\" loading=\"lazy\" decoding=\"async\" width=\"667\" height=\"1000\" data-id=\"397430\" src=\"https:\/\/i0.wp.com\/casadecampoliving.com\/wp-content\/uploads\/2022\/10\/IMG_7263.jpg?resize=667%2C1000&#038;ssl=1\" alt=\"\" class=\"wp-image-397430\" srcset=\"https:\/\/i0.wp.com\/casadecampoliving.com\/wp-content\/uploads\/2022\/10\/IMG_7263.jpg?w=667&amp;ssl=1 667w, https:\/\/i0.wp.com\/casadecampoliving.com\/wp-content\/uploads\/2022\/10\/IMG_7263.jpg?resize=200%2C300&amp;ssl=1 200w, https:\/\/i0.wp.com\/casadecampoliving.com\/wp-content\/uploads\/2022\/10\/IMG_7263.jpg?resize=400%2C600&amp;ssl=1 400w, https:\/\/i0.wp.com\/casadecampoliving.com\/wp-content\/uploads\/2022\/10\/IMG_7263.jpg?resize=150%2C225&amp;ssl=1 150w, https:\/\/i0.wp.com\/casadecampoliving.com\/wp-content\/uploads\/2022\/10\/IMG_7263.jpg?w=370&amp;ssl=1 370w\" sizes=\"auto, (max-width: 667px) 100vw, 667px\" \/><\/figure>\n\n\n\n<figure class=\"wp-block-image size-large\"><img data-recalc-dims=\"1\" loading=\"lazy\" decoding=\"async\" width=\"667\" height=\"1000\" data-id=\"397447\" src=\"https:\/\/i0.wp.com\/casadecampoliving.com\/wp-content\/uploads\/2022\/10\/IMG_7240-1.jpg?resize=667%2C1000&#038;ssl=1\" alt=\"\" class=\"wp-image-397447\" srcset=\"https:\/\/i0.wp.com\/casadecampoliving.com\/wp-content\/uploads\/2022\/10\/IMG_7240-1.jpg?w=667&amp;ssl=1 667w, https:\/\/i0.wp.com\/casadecampoliving.com\/wp-content\/uploads\/2022\/10\/IMG_7240-1.jpg?resize=200%2C300&amp;ssl=1 200w, https:\/\/i0.wp.com\/casadecampoliving.com\/wp-content\/uploads\/2022\/10\/IMG_7240-1.jpg?resize=400%2C600&amp;ssl=1 400w, https:\/\/i0.wp.com\/casadecampoliving.com\/wp-content\/uploads\/2022\/10\/IMG_7240-1.jpg?resize=150%2C225&amp;ssl=1 150w, https:\/\/i0.wp.com\/casadecampoliving.com\/wp-content\/uploads\/2022\/10\/IMG_7240-1.jpg?w=370&amp;ssl=1 370w\" sizes=\"auto, (max-width: 667px) 100vw, 667px\" \/><\/figure>\n\n\n\n<figure class=\"wp-block-image size-large\"><img data-recalc-dims=\"1\" loading=\"lazy\" decoding=\"async\" width=\"667\" height=\"1000\" data-id=\"397473\" src=\"https:\/\/i0.wp.com\/casadecampoliving.com\/wp-content\/uploads\/2022\/10\/IMG_7264.jpg?resize=667%2C1000&#038;ssl=1\" alt=\"\" class=\"wp-image-397473\" srcset=\"https:\/\/i0.wp.com\/casadecampoliving.com\/wp-content\/uploads\/2022\/10\/IMG_7264.jpg?w=667&amp;ssl=1 667w, https:\/\/i0.wp.com\/casadecampoliving.com\/wp-content\/uploads\/2022\/10\/IMG_7264.jpg?resize=200%2C300&amp;ssl=1 200w, https:\/\/i0.wp.com\/casadecampoliving.com\/wp-content\/uploads\/2022\/10\/IMG_7264.jpg?resize=400%2C600&amp;ssl=1 400w, https:\/\/i0.wp.com\/casadecampoliving.com\/wp-content\/uploads\/2022\/10\/IMG_7264.jpg?resize=150%2C225&amp;ssl=1 150w, https:\/\/i0.wp.com\/casadecampoliving.com\/wp-content\/uploads\/2022\/10\/IMG_7264.jpg?w=370&amp;ssl=1 370w\" sizes=\"auto, (max-width: 667px) 100vw, 667px\" \/><\/figure>\n\n\n\n<figure class=\"wp-block-image size-large\"><img data-recalc-dims=\"1\" loading=\"lazy\" decoding=\"async\" width=\"667\" height=\"1000\" data-id=\"397493\" src=\"https:\/\/i0.wp.com\/casadecampoliving.com\/wp-content\/uploads\/2022\/10\/IMG_7296.jpg?resize=667%2C1000&#038;ssl=1\" alt=\"\" class=\"wp-image-397493\" srcset=\"https:\/\/i0.wp.com\/casadecampoliving.com\/wp-content\/uploads\/2022\/10\/IMG_7296.jpg?w=667&amp;ssl=1 667w, https:\/\/i0.wp.com\/casadecampoliving.com\/wp-content\/uploads\/2022\/10\/IMG_7296.jpg?resize=200%2C300&amp;ssl=1 200w, https:\/\/i0.wp.com\/casadecampoliving.com\/wp-content\/uploads\/2022\/10\/IMG_7296.jpg?resize=400%2C600&amp;ssl=1 400w, https:\/\/i0.wp.com\/casadecampoliving.com\/wp-content\/uploads\/2022\/10\/IMG_7296.jpg?resize=150%2C225&amp;ssl=1 150w, https:\/\/i0.wp.com\/casadecampoliving.com\/wp-content\/uploads\/2022\/10\/IMG_7296.jpg?w=370&amp;ssl=1 370w\" sizes=\"auto, (max-width: 667px) 100vw, 667px\" \/><\/figure>\n\n\n\n<figure class=\"wp-block-image size-large\"><img data-recalc-dims=\"1\" loading=\"lazy\" decoding=\"async\" width=\"667\" height=\"1000\" data-id=\"397518\" src=\"https:\/\/i0.wp.com\/casadecampoliving.com\/wp-content\/uploads\/2022\/10\/IMG_7305.jpg?resize=667%2C1000&#038;ssl=1\" alt=\"\" class=\"wp-image-397518\" srcset=\"https:\/\/i0.wp.com\/casadecampoliving.com\/wp-content\/uploads\/2022\/10\/IMG_7305.jpg?w=667&amp;ssl=1 667w, https:\/\/i0.wp.com\/casadecampoliving.com\/wp-content\/uploads\/2022\/10\/IMG_7305.jpg?resize=200%2C300&amp;ssl=1 200w, https:\/\/i0.wp.com\/casadecampoliving.com\/wp-content\/uploads\/2022\/10\/IMG_7305.jpg?resize=400%2C600&amp;ssl=1 400w, https:\/\/i0.wp.com\/casadecampoliving.com\/wp-content\/uploads\/2022\/10\/IMG_7305.jpg?resize=150%2C225&amp;ssl=1 150w, https:\/\/i0.wp.com\/casadecampoliving.com\/wp-content\/uploads\/2022\/10\/IMG_7305.jpg?w=370&amp;ssl=1 370w\" sizes=\"auto, (max-width: 667px) 100vw, 667px\" \/><\/figure>\n\n\n\n<figure class=\"wp-block-image size-large\"><img data-recalc-dims=\"1\" loading=\"lazy\" decoding=\"async\" width=\"667\" height=\"1000\" data-id=\"397536\" src=\"https:\/\/i0.wp.com\/casadecampoliving.com\/wp-content\/uploads\/2022\/10\/IMG_7325-1.jpg?resize=667%2C1000&#038;ssl=1\" alt=\"\" class=\"wp-image-397536\" srcset=\"https:\/\/i0.wp.com\/casadecampoliving.com\/wp-content\/uploads\/2022\/10\/IMG_7325-1.jpg?w=667&amp;ssl=1 667w, https:\/\/i0.wp.com\/casadecampoliving.com\/wp-content\/uploads\/2022\/10\/IMG_7325-1.jpg?resize=200%2C300&amp;ssl=1 200w, https:\/\/i0.wp.com\/casadecampoliving.com\/wp-content\/uploads\/2022\/10\/IMG_7325-1.jpg?resize=400%2C600&amp;ssl=1 400w, https:\/\/i0.wp.com\/casadecampoliving.com\/wp-content\/uploads\/2022\/10\/IMG_7325-1.jpg?resize=150%2C225&amp;ssl=1 150w, https:\/\/i0.wp.com\/casadecampoliving.com\/wp-content\/uploads\/2022\/10\/IMG_7325-1.jpg?w=370&amp;ssl=1 370w\" sizes=\"auto, (max-width: 667px) 100vw, 667px\" \/><\/figure>\n\n\n\n<figure class=\"wp-block-image size-large\"><img data-recalc-dims=\"1\" loading=\"lazy\" decoding=\"async\" width=\"667\" height=\"1000\" data-id=\"397562\" src=\"https:\/\/i0.wp.com\/casadecampoliving.com\/wp-content\/uploads\/2022\/10\/IMG_7308.jpg?resize=667%2C1000&#038;ssl=1\" alt=\"\" class=\"wp-image-397562\" srcset=\"https:\/\/i0.wp.com\/casadecampoliving.com\/wp-content\/uploads\/2022\/10\/IMG_7308.jpg?w=667&amp;ssl=1 667w, https:\/\/i0.wp.com\/casadecampoliving.com\/wp-content\/uploads\/2022\/10\/IMG_7308.jpg?resize=200%2C300&amp;ssl=1 200w, https:\/\/i0.wp.com\/casadecampoliving.com\/wp-content\/uploads\/2022\/10\/IMG_7308.jpg?resize=400%2C600&amp;ssl=1 400w, https:\/\/i0.wp.com\/casadecampoliving.com\/wp-content\/uploads\/2022\/10\/IMG_7308.jpg?resize=150%2C225&amp;ssl=1 150w, https:\/\/i0.wp.com\/casadecampoliving.com\/wp-content\/uploads\/2022\/10\/IMG_7308.jpg?w=370&amp;ssl=1 370w\" sizes=\"auto, (max-width: 667px) 100vw, 667px\" \/><\/figure>\n\n\n\n<figure class=\"wp-block-image size-large\"><img data-recalc-dims=\"1\" loading=\"lazy\" decoding=\"async\" width=\"667\" height=\"1000\" data-id=\"397580\" src=\"https:\/\/i0.wp.com\/casadecampoliving.com\/wp-content\/uploads\/2022\/10\/IMG_7316.jpg?resize=667%2C1000&#038;ssl=1\" alt=\"\" class=\"wp-image-397580\" srcset=\"https:\/\/i0.wp.com\/casadecampoliving.com\/wp-content\/uploads\/2022\/10\/IMG_7316.jpg?w=667&amp;ssl=1 667w, https:\/\/i0.wp.com\/casadecampoliving.com\/wp-content\/uploads\/2022\/10\/IMG_7316.jpg?resize=200%2C300&amp;ssl=1 200w, https:\/\/i0.wp.com\/casadecampoliving.com\/wp-content\/uploads\/2022\/10\/IMG_7316.jpg?resize=400%2C600&amp;ssl=1 400w, https:\/\/i0.wp.com\/casadecampoliving.com\/wp-content\/uploads\/2022\/10\/IMG_7316.jpg?resize=150%2C225&amp;ssl=1 150w, https:\/\/i0.wp.com\/casadecampoliving.com\/wp-content\/uploads\/2022\/10\/IMG_7316.jpg?w=370&amp;ssl=1 370w\" sizes=\"auto, (max-width: 667px) 100vw, 667px\" \/><\/figure>\n\n\n\n<figure class=\"wp-block-image size-large\"><img data-recalc-dims=\"1\" loading=\"lazy\" decoding=\"async\" width=\"667\" height=\"1000\" data-id=\"397606\" src=\"https:\/\/i0.wp.com\/casadecampoliving.com\/wp-content\/uploads\/2022\/10\/IMG_7332-2.jpg?resize=667%2C1000&#038;ssl=1\" alt=\"\" class=\"wp-image-397606\" srcset=\"https:\/\/i0.wp.com\/casadecampoliving.com\/wp-content\/uploads\/2022\/10\/IMG_7332-2.jpg?w=667&amp;ssl=1 667w, https:\/\/i0.wp.com\/casadecampoliving.com\/wp-content\/uploads\/2022\/10\/IMG_7332-2.jpg?resize=200%2C300&amp;ssl=1 200w, https:\/\/i0.wp.com\/casadecampoliving.com\/wp-content\/uploads\/2022\/10\/IMG_7332-2.jpg?resize=400%2C600&amp;ssl=1 400w, https:\/\/i0.wp.com\/casadecampoliving.com\/wp-content\/uploads\/2022\/10\/IMG_7332-2.jpg?resize=150%2C225&amp;ssl=1 150w, https:\/\/i0.wp.com\/casadecampoliving.com\/wp-content\/uploads\/2022\/10\/IMG_7332-2.jpg?w=370&amp;ssl=1 370w\" sizes=\"auto, (max-width: 667px) 100vw, 667px\" \/><\/figure>\n\n\n\n<figure class=\"wp-block-image size-large\"><img data-recalc-dims=\"1\" loading=\"lazy\" decoding=\"async\" width=\"667\" height=\"1000\" data-id=\"397626\" src=\"https:\/\/i0.wp.com\/casadecampoliving.com\/wp-content\/uploads\/2022\/10\/IMG_7357.jpg?resize=667%2C1000&#038;ssl=1\" alt=\"\" class=\"wp-image-397626\" srcset=\"https:\/\/i0.wp.com\/casadecampoliving.com\/wp-content\/uploads\/2022\/10\/IMG_7357.jpg?w=667&amp;ssl=1 667w, https:\/\/i0.wp.com\/casadecampoliving.com\/wp-content\/uploads\/2022\/10\/IMG_7357.jpg?resize=200%2C300&amp;ssl=1 200w, https:\/\/i0.wp.com\/casadecampoliving.com\/wp-content\/uploads\/2022\/10\/IMG_7357.jpg?resize=400%2C600&amp;ssl=1 400w, https:\/\/i0.wp.com\/casadecampoliving.com\/wp-content\/uploads\/2022\/10\/IMG_7357.jpg?resize=150%2C225&amp;ssl=1 150w, https:\/\/i0.wp.com\/casadecampoliving.com\/wp-content\/uploads\/2022\/10\/IMG_7357.jpg?w=370&amp;ssl=1 370w\" sizes=\"auto, (max-width: 667px) 100vw, 667px\" \/><\/figure>\n\n\n\n<figure class=\"wp-block-image size-large\"><img data-recalc-dims=\"1\" loading=\"lazy\" decoding=\"async\" width=\"667\" height=\"1000\" data-id=\"397651\" src=\"https:\/\/i0.wp.com\/casadecampoliving.com\/wp-content\/uploads\/2022\/10\/IMG_7360.jpg?resize=667%2C1000&#038;ssl=1\" alt=\"\" class=\"wp-image-397651\" srcset=\"https:\/\/i0.wp.com\/casadecampoliving.com\/wp-content\/uploads\/2022\/10\/IMG_7360.jpg?w=667&amp;ssl=1 667w, https:\/\/i0.wp.com\/casadecampoliving.com\/wp-content\/uploads\/2022\/10\/IMG_7360.jpg?resize=200%2C300&amp;ssl=1 200w, https:\/\/i0.wp.com\/casadecampoliving.com\/wp-content\/uploads\/2022\/10\/IMG_7360.jpg?resize=400%2C600&amp;ssl=1 400w, https:\/\/i0.wp.com\/casadecampoliving.com\/wp-content\/uploads\/2022\/10\/IMG_7360.jpg?resize=150%2C225&amp;ssl=1 150w, https:\/\/i0.wp.com\/casadecampoliving.com\/wp-content\/uploads\/2022\/10\/IMG_7360.jpg?w=370&amp;ssl=1 370w\" sizes=\"auto, (max-width: 667px) 100vw, 667px\" \/><\/figure>\n\n\n\n<figure class=\"wp-block-image size-large\"><img data-recalc-dims=\"1\" loading=\"lazy\" decoding=\"async\" width=\"667\" height=\"1000\" data-id=\"397676\" src=\"https:\/\/i0.wp.com\/casadecampoliving.com\/wp-content\/uploads\/2022\/10\/IMG_7364.jpg?resize=667%2C1000&#038;ssl=1\" alt=\"\" class=\"wp-image-397676\" srcset=\"https:\/\/i0.wp.com\/casadecampoliving.com\/wp-content\/uploads\/2022\/10\/IMG_7364.jpg?w=667&amp;ssl=1 667w, https:\/\/i0.wp.com\/casadecampoliving.com\/wp-content\/uploads\/2022\/10\/IMG_7364.jpg?resize=200%2C300&amp;ssl=1 200w, https:\/\/i0.wp.com\/casadecampoliving.com\/wp-content\/uploads\/2022\/10\/IMG_7364.jpg?resize=400%2C600&amp;ssl=1 400w, https:\/\/i0.wp.com\/casadecampoliving.com\/wp-content\/uploads\/2022\/10\/IMG_7364.jpg?resize=150%2C225&amp;ssl=1 150w, https:\/\/i0.wp.com\/casadecampoliving.com\/wp-content\/uploads\/2022\/10\/IMG_7364.jpg?w=370&amp;ssl=1 370w\" sizes=\"auto, (max-width: 667px) 100vw, 667px\" \/><\/figure>\n\n\n\n<figure class=\"wp-block-image size-large\"><img data-recalc-dims=\"1\" loading=\"lazy\" decoding=\"async\" width=\"667\" height=\"1000\" data-id=\"397699\" src=\"https:\/\/i0.wp.com\/casadecampoliving.com\/wp-content\/uploads\/2022\/10\/IMG_7374.jpg?resize=667%2C1000&#038;ssl=1\" alt=\"\" class=\"wp-image-397699\" srcset=\"https:\/\/i0.wp.com\/casadecampoliving.com\/wp-content\/uploads\/2022\/10\/IMG_7374.jpg?w=667&amp;ssl=1 667w, https:\/\/i0.wp.com\/casadecampoliving.com\/wp-content\/uploads\/2022\/10\/IMG_7374.jpg?resize=200%2C300&amp;ssl=1 200w, https:\/\/i0.wp.com\/casadecampoliving.com\/wp-content\/uploads\/2022\/10\/IMG_7374.jpg?resize=400%2C600&amp;ssl=1 400w, https:\/\/i0.wp.com\/casadecampoliving.com\/wp-content\/uploads\/2022\/10\/IMG_7374.jpg?resize=150%2C225&amp;ssl=1 150w, https:\/\/i0.wp.com\/casadecampoliving.com\/wp-content\/uploads\/2022\/10\/IMG_7374.jpg?w=370&amp;ssl=1 370w\" sizes=\"auto, (max-width: 667px) 100vw, 667px\" \/><\/figure>\n\n\n\n<figure class=\"wp-block-image size-large\"><img data-recalc-dims=\"1\" loading=\"lazy\" decoding=\"async\" width=\"667\" height=\"1000\" data-id=\"397728\" src=\"https:\/\/i0.wp.com\/casadecampoliving.com\/wp-content\/uploads\/2022\/10\/IMG_7399.jpg?resize=667%2C1000&#038;ssl=1\" alt=\"\" class=\"wp-image-397728\" srcset=\"https:\/\/i0.wp.com\/casadecampoliving.com\/wp-content\/uploads\/2022\/10\/IMG_7399.jpg?w=667&amp;ssl=1 667w, https:\/\/i0.wp.com\/casadecampoliving.com\/wp-content\/uploads\/2022\/10\/IMG_7399.jpg?resize=200%2C300&amp;ssl=1 200w, https:\/\/i0.wp.com\/casadecampoliving.com\/wp-content\/uploads\/2022\/10\/IMG_7399.jpg?resize=400%2C600&amp;ssl=1 400w, https:\/\/i0.wp.com\/casadecampoliving.com\/wp-content\/uploads\/2022\/10\/IMG_7399.jpg?resize=150%2C225&amp;ssl=1 150w, https:\/\/i0.wp.com\/casadecampoliving.com\/wp-content\/uploads\/2022\/10\/IMG_7399.jpg?w=370&amp;ssl=1 370w\" sizes=\"auto, (max-width: 667px) 100vw, 667px\" \/><\/figure>\n<\/figure>\n","protected":false},"excerpt":{"rendered":"<p>El 31 de julio se llev\u00f3 a cabo el Primer Cl\u00e1sico de Golf de la Asociaci\u00f3n de Golf La Romana (Asoglar) en el campo de golf Links en Casa de Campo. Este torneo fue dedicado al difunto Kalil Hach\u00e9 Malk\u00fan, un \u00e1vido jugador de golf y miembro de la comunidad que falleci\u00f3 el a\u00f1o pasado. [&hellip;]<\/p>\n","protected":false},"author":36791,"featured_media":333763,"comment_status":"closed","ping_status":"closed","sticky":false,"template":"","format":"standard","meta":{"newspack_ads_suppress_ads":false,"newspack_popups_has_disabled_popups":false,"newspack_sponsor_sponsorship_scope":"","newspack_sponsor_native_byline_display":"inherit","newspack_sponsor_native_category_display":"inherit","newspack_sponsor_underwriter_style":"inherit","newspack_sponsor_underwriter_placement":"inherit","_newspack_byline_active":false,"_newspack_byline":"","newspack_hide_updated_date":false,"newspack_show_updated_date":false,"newspack_content_restriction_is_exempt":false,"newspack_featured_image_position":"","newspack_post_subtitle":"","newspack_article_summary_title":"Overview:","newspack_article_summary":"","_jetpack_memberships_contains_paid_content":false,"footnotes":"","jetpack_publicize_message":"","jetpack_publicize_feature_enabled":true,"jetpack_social_post_already_shared":false,"jetpack_social_options":{"image_generator_settings":{"template":"highway","default_image_id":0,"font":"","enabled":false},"version":2},"_wpas_customize_per_network":false},"categories":[26936,2521,2522,14631,14625,26822,2525],"tags":[26021,26027,5157,21650,2582,9942,25209,2599,20110],"newspack_spnsrs_tax":[],"class_list":["post-354124","post","type-post","status-publish","format-standard","has-post-thumbnail","hentry","category-casa-de-campo-living-es","category-republica-dominicana-2","category-eventos-es","category-estilo-de-vida","category-noticias-locales","category-resort-casa-de-campo","category-golf-deportes-es","tag-asoglar","tag-carlos-emudesi","tag-emilio-vasquez","tag-en-memoria","tag-francisco-micheli","tag-freddy-mazara","tag-kalil-hache","tag-torneo-de-golf","tag-vocal","entry"],"yoast_head":"<!-- This site is optimized with the Yoast SEO plugin v27.4 - https:\/\/yoast.com\/product\/yoast-seo-wordpress\/ -->\n<title>Casimiro Richiez y Sabino del Rosario ganaron el Primer Cl\u00e1sico de Golf de la Asociaci\u00f3n de Golf La Romana en memoria a Kalil Hach\u00e9 Malk\u00fan | Casa de Campo Living<\/title>\n<meta name=\"description\" content=\"El 31 de julio se llev\u00f3 a cabo el Primer Cl\u00e1sico de Golf de la Asociaci\u00f3n de Golf La Romana (Asoglar) en el campo de golf Links en Casa de Campo. Este\" \/>\n<meta name=\"robots\" content=\"index, follow, max-snippet:-1, max-image-preview:large, max-video-preview:-1\" \/>\n<link rel=\"canonical\" href=\"https:\/\/casadecampoliving.com\/es\/casimiro-richiez-y-sabino-del-rosario-ganaron-el-primer-clasico-de-golf-de-la-asociacion-de-golf-la-romana-en-memoria-a-kalil-hache-malkun\/\" \/>\n<meta property=\"og:locale\" content=\"es_ES\" \/>\n<meta property=\"og:type\" content=\"article\" \/>\n<meta property=\"og:title\" content=\"Casimiro Richiez y Sabino del Rosario ganaron el Primer Cl\u00e1sico de Golf de la Asociaci\u00f3n de Golf La Romana en memoria a Kalil Hach\u00e9 Malk\u00fan | Casa de Campo Living\" \/>\n<meta property=\"og:description\" content=\"El 31 de julio se llev\u00f3 a cabo el Primer Cl\u00e1sico de Golf de la Asociaci\u00f3n de Golf La Romana (Asoglar) en el campo de golf Links en Casa de Campo. Este\" \/>\n<meta property=\"og:url\" content=\"https:\/\/casadecampoliving.com\/es\/casimiro-richiez-y-sabino-del-rosario-ganaron-el-primer-clasico-de-golf-de-la-asociacion-de-golf-la-romana-en-memoria-a-kalil-hache-malkun\/\" \/>\n<meta property=\"og:site_name\" content=\"Casa de Campo Living\" \/>\n<meta property=\"article:publisher\" content=\"https:\/\/www.facebook.com\/casadecampoliving\" \/>\n<meta property=\"article:published_time\" content=\"2021-08-09T04:00:00+00:00\" \/>\n<meta property=\"article:modified_time\" content=\"2022-11-10T14:30:42+00:00\" \/>\n<meta property=\"og:image\" content=\"https:\/\/i0.wp.com\/casadecampoliving.com\/wp-content\/uploads\/2022\/10\/IMG_7235-1.jpg?fit=1000%2C667&ssl=1\" \/>\n\t<meta property=\"og:image:width\" content=\"1000\" \/>\n\t<meta property=\"og:image:height\" content=\"667\" \/>\n\t<meta property=\"og:image:type\" content=\"image\/jpeg\" \/>\n<meta name=\"author\" content=\"Casa de Campo Living\" \/>\n<meta name=\"twitter:card\" content=\"summary_large_image\" \/>\n<meta name=\"twitter:creator\" content=\"@cdcliving\" \/>\n<meta name=\"twitter:site\" content=\"@cdcliving\" \/>\n<meta name=\"twitter:label1\" content=\"Escrito por\" \/>\n\t<meta name=\"twitter:data1\" content=\"Casa de Campo Living\" \/>\n\t<meta name=\"twitter:label2\" content=\"Tiempo de lectura\" \/>\n\t<meta name=\"twitter:data2\" content=\"1 minuto\" \/>\n<script type=\"application\/ld+json\" class=\"yoast-schema-graph\">{\"@context\":\"https:\\\/\\\/schema.org\",\"@graph\":[{\"@type\":\"Article\",\"@id\":\"https:\\\/\\\/casadecampoliving.com\\\/es\\\/casimiro-richiez-y-sabino-del-rosario-ganaron-el-primer-clasico-de-golf-de-la-asociacion-de-golf-la-romana-en-memoria-a-kalil-hache-malkun\\\/#article\",\"isPartOf\":{\"@id\":\"https:\\\/\\\/casadecampoliving.com\\\/es\\\/casimiro-richiez-y-sabino-del-rosario-ganaron-el-primer-clasico-de-golf-de-la-asociacion-de-golf-la-romana-en-memoria-a-kalil-hache-malkun\\\/\"},\"author\":{\"name\":\"Casa de Campo Living\",\"@id\":\"https:\\\/\\\/casadecampoliving.com\\\/es\\\/#\\\/schema\\\/person\\\/5d2171637a9d11e0e43ce6b8555f9422\"},\"headline\":\"Casimiro Richiez y Sabino del Rosario ganaron el Primer Cl\u00e1sico de Golf de la Asociaci\u00f3n de Golf La Romana en memoria a Kalil Hach\u00e9 Malk\u00fan\",\"datePublished\":\"2021-08-09T04:00:00+00:00\",\"dateModified\":\"2022-11-10T14:30:42+00:00\",\"mainEntityOfPage\":{\"@id\":\"https:\\\/\\\/casadecampoliving.com\\\/es\\\/casimiro-richiez-y-sabino-del-rosario-ganaron-el-primer-clasico-de-golf-de-la-asociacion-de-golf-la-romana-en-memoria-a-kalil-hache-malkun\\\/\"},\"wordCount\":264,\"publisher\":{\"@id\":\"https:\\\/\\\/casadecampoliving.com\\\/es\\\/#organization\"},\"image\":{\"@id\":\"https:\\\/\\\/casadecampoliving.com\\\/es\\\/casimiro-richiez-y-sabino-del-rosario-ganaron-el-primer-clasico-de-golf-de-la-asociacion-de-golf-la-romana-en-memoria-a-kalil-hache-malkun\\\/#primaryimage\"},\"thumbnailUrl\":\"https:\\\/\\\/i0.wp.com\\\/casadecampoliving.com\\\/wp-content\\\/uploads\\\/2022\\\/10\\\/IMG_7235-1.jpg?fit=1000%2C667&ssl=1\",\"keywords\":[\"Asoglar\",\"CARLOS EMUDESI\",\"emilio vasquez\",\"en memoria\",\"francisco micheli\",\"Freddy Mazara\",\"kalil hache\",\"torneo de golf\",\"vocal\"],\"articleSection\":[\"Casa de Campo Living @es\",\"Rep\u00fablica Dominicana @es\",\"Eventos\",\"Estilo de Vida\",\"Noticias Locales\",\"Resort Casa de Campo\",\"Deportes\"],\"inLanguage\":\"es\"},{\"@type\":\"WebPage\",\"@id\":\"https:\\\/\\\/casadecampoliving.com\\\/es\\\/casimiro-richiez-y-sabino-del-rosario-ganaron-el-primer-clasico-de-golf-de-la-asociacion-de-golf-la-romana-en-memoria-a-kalil-hache-malkun\\\/\",\"url\":\"https:\\\/\\\/casadecampoliving.com\\\/es\\\/casimiro-richiez-y-sabino-del-rosario-ganaron-el-primer-clasico-de-golf-de-la-asociacion-de-golf-la-romana-en-memoria-a-kalil-hache-malkun\\\/\",\"name\":\"Casimiro Richiez y Sabino del Rosario ganaron el Primer Cl\u00e1sico de Golf de la Asociaci\u00f3n de Golf La Romana en memoria a Kalil Hach\u00e9 Malk\u00fan | Casa de Campo Living\",\"isPartOf\":{\"@id\":\"https:\\\/\\\/casadecampoliving.com\\\/es\\\/#website\"},\"primaryImageOfPage\":{\"@id\":\"https:\\\/\\\/casadecampoliving.com\\\/es\\\/casimiro-richiez-y-sabino-del-rosario-ganaron-el-primer-clasico-de-golf-de-la-asociacion-de-golf-la-romana-en-memoria-a-kalil-hache-malkun\\\/#primaryimage\"},\"image\":{\"@id\":\"https:\\\/\\\/casadecampoliving.com\\\/es\\\/casimiro-richiez-y-sabino-del-rosario-ganaron-el-primer-clasico-de-golf-de-la-asociacion-de-golf-la-romana-en-memoria-a-kalil-hache-malkun\\\/#primaryimage\"},\"thumbnailUrl\":\"https:\\\/\\\/i0.wp.com\\\/casadecampoliving.com\\\/wp-content\\\/uploads\\\/2022\\\/10\\\/IMG_7235-1.jpg?fit=1000%2C667&ssl=1\",\"datePublished\":\"2021-08-09T04:00:00+00:00\",\"dateModified\":\"2022-11-10T14:30:42+00:00\",\"description\":\"El 31 de julio se llev\u00f3 a cabo el Primer Cl\u00e1sico de Golf de la Asociaci\u00f3n de Golf La Romana (Asoglar) en el campo de golf Links en Casa de Campo. Este\",\"breadcrumb\":{\"@id\":\"https:\\\/\\\/casadecampoliving.com\\\/es\\\/casimiro-richiez-y-sabino-del-rosario-ganaron-el-primer-clasico-de-golf-de-la-asociacion-de-golf-la-romana-en-memoria-a-kalil-hache-malkun\\\/#breadcrumb\"},\"inLanguage\":\"es\",\"potentialAction\":[{\"@type\":\"ReadAction\",\"target\":[\"https:\\\/\\\/casadecampoliving.com\\\/es\\\/casimiro-richiez-y-sabino-del-rosario-ganaron-el-primer-clasico-de-golf-de-la-asociacion-de-golf-la-romana-en-memoria-a-kalil-hache-malkun\\\/\"]}]},{\"@type\":\"ImageObject\",\"inLanguage\":\"es\",\"@id\":\"https:\\\/\\\/casadecampoliving.com\\\/es\\\/casimiro-richiez-y-sabino-del-rosario-ganaron-el-primer-clasico-de-golf-de-la-asociacion-de-golf-la-romana-en-memoria-a-kalil-hache-malkun\\\/#primaryimage\",\"url\":\"https:\\\/\\\/i0.wp.com\\\/casadecampoliving.com\\\/wp-content\\\/uploads\\\/2022\\\/10\\\/IMG_7235-1.jpg?fit=1000%2C667&ssl=1\",\"contentUrl\":\"https:\\\/\\\/i0.wp.com\\\/casadecampoliving.com\\\/wp-content\\\/uploads\\\/2022\\\/10\\\/IMG_7235-1.jpg?fit=1000%2C667&ssl=1\",\"width\":1000,\"height\":667},{\"@type\":\"BreadcrumbList\",\"@id\":\"https:\\\/\\\/casadecampoliving.com\\\/es\\\/casimiro-richiez-y-sabino-del-rosario-ganaron-el-primer-clasico-de-golf-de-la-asociacion-de-golf-la-romana-en-memoria-a-kalil-hache-malkun\\\/#breadcrumb\",\"itemListElement\":[{\"@type\":\"ListItem\",\"position\":1,\"name\":\"Home\",\"item\":\"https:\\\/\\\/casadecampoliving.com\\\/es\\\/\"},{\"@type\":\"ListItem\",\"position\":2,\"name\":\"Casimiro Richiez y Sabino del Rosario ganaron el Primer Cl\u00e1sico de Golf de la Asociaci\u00f3n de Golf La Romana en memoria a Kalil Hach\u00e9 Malk\u00fan\"}]},{\"@type\":\"WebSite\",\"@id\":\"https:\\\/\\\/casadecampoliving.com\\\/es\\\/#website\",\"url\":\"https:\\\/\\\/casadecampoliving.com\\\/es\\\/\",\"name\":\"Casa de Campo Living\",\"description\":\"Resort community news and resources.\",\"publisher\":{\"@id\":\"https:\\\/\\\/casadecampoliving.com\\\/es\\\/#organization\"},\"potentialAction\":[{\"@type\":\"SearchAction\",\"target\":{\"@type\":\"EntryPoint\",\"urlTemplate\":\"https:\\\/\\\/casadecampoliving.com\\\/es\\\/?s={search_term_string}\"},\"query-input\":{\"@type\":\"PropertyValueSpecification\",\"valueRequired\":true,\"valueName\":\"search_term_string\"}}],\"inLanguage\":\"es\"},{\"@type\":\"Organization\",\"@id\":\"https:\\\/\\\/casadecampoliving.com\\\/es\\\/#organization\",\"name\":\"Casa de Campo Living\",\"url\":\"https:\\\/\\\/casadecampoliving.com\\\/es\\\/\",\"logo\":{\"@type\":\"ImageObject\",\"inLanguage\":\"es\",\"@id\":\"https:\\\/\\\/casadecampoliving.com\\\/es\\\/#\\\/schema\\\/logo\\\/image\\\/\",\"url\":\"https:\\\/\\\/i0.wp.com\\\/casadecampoliving.com\\\/wp-content\\\/uploads\\\/2022\\\/07\\\/CDCLivingLogo_V1-white-sized.png?fit=800%2C214&ssl=1\",\"contentUrl\":\"https:\\\/\\\/i0.wp.com\\\/casadecampoliving.com\\\/wp-content\\\/uploads\\\/2022\\\/07\\\/CDCLivingLogo_V1-white-sized.png?fit=800%2C214&ssl=1\",\"width\":800,\"height\":214,\"caption\":\"Casa de Campo Living\"},\"image\":{\"@id\":\"https:\\\/\\\/casadecampoliving.com\\\/es\\\/#\\\/schema\\\/logo\\\/image\\\/\"},\"sameAs\":[\"https:\\\/\\\/www.facebook.com\\\/casadecampoliving\",\"https:\\\/\\\/x.com\\\/cdcliving\"]},{\"@type\":\"Person\",\"@id\":\"https:\\\/\\\/casadecampoliving.com\\\/es\\\/#\\\/schema\\\/person\\\/5d2171637a9d11e0e43ce6b8555f9422\",\"name\":\"Casa de Campo Living\",\"image\":{\"@type\":\"ImageObject\",\"inLanguage\":\"es\",\"@id\":\"https:\\\/\\\/secure.gravatar.com\\\/avatar\\\/d04101fa4a9fd431e939953b1500fdc7a73cd35029f86d98712fd8ccdaebaf9a?s=96&d=mm&r=g\",\"url\":\"https:\\\/\\\/secure.gravatar.com\\\/avatar\\\/d04101fa4a9fd431e939953b1500fdc7a73cd35029f86d98712fd8ccdaebaf9a?s=96&d=mm&r=g\",\"contentUrl\":\"https:\\\/\\\/secure.gravatar.com\\\/avatar\\\/d04101fa4a9fd431e939953b1500fdc7a73cd35029f86d98712fd8ccdaebaf9a?s=96&d=mm&r=g\",\"caption\":\"Casa de Campo Living\"},\"url\":\"https:\\\/\\\/casadecampoliving.com\\\/es\\\/author\\\/casa-de-campo-living\\\/\"}]}<\/script>\n<!-- \/ Yoast SEO plugin. -->","yoast_head_json":{"title":"Casimiro Richiez y Sabino del Rosario ganaron el Primer Cl\u00e1sico de Golf de la Asociaci\u00f3n de Golf La Romana en memoria a Kalil Hach\u00e9 Malk\u00fan | Casa de Campo Living","description":"El 31 de julio se llev\u00f3 a cabo el Primer Cl\u00e1sico de Golf de la Asociaci\u00f3n de Golf La Romana (Asoglar) en el campo de golf Links en Casa de Campo. Este","robots":{"index":"index","follow":"follow","max-snippet":"max-snippet:-1","max-image-preview":"max-image-preview:large","max-video-preview":"max-video-preview:-1"},"canonical":"https:\/\/casadecampoliving.com\/es\/casimiro-richiez-y-sabino-del-rosario-ganaron-el-primer-clasico-de-golf-de-la-asociacion-de-golf-la-romana-en-memoria-a-kalil-hache-malkun\/","og_locale":"es_ES","og_type":"article","og_title":"Casimiro Richiez y Sabino del Rosario ganaron el Primer Cl\u00e1sico de Golf de la Asociaci\u00f3n de Golf La Romana en memoria a Kalil Hach\u00e9 Malk\u00fan | Casa de Campo Living","og_description":"El 31 de julio se llev\u00f3 a cabo el Primer Cl\u00e1sico de Golf de la Asociaci\u00f3n de Golf La Romana (Asoglar) en el campo de golf Links en Casa de Campo. Este","og_url":"https:\/\/casadecampoliving.com\/es\/casimiro-richiez-y-sabino-del-rosario-ganaron-el-primer-clasico-de-golf-de-la-asociacion-de-golf-la-romana-en-memoria-a-kalil-hache-malkun\/","og_site_name":"Casa de Campo Living","article_publisher":"https:\/\/www.facebook.com\/casadecampoliving","article_published_time":"2021-08-09T04:00:00+00:00","article_modified_time":"2022-11-10T14:30:42+00:00","og_image":[{"width":1000,"height":667,"url":"https:\/\/i0.wp.com\/casadecampoliving.com\/wp-content\/uploads\/2022\/10\/IMG_7235-1.jpg?fit=1000%2C667&ssl=1","type":"image\/jpeg"}],"author":"Casa de Campo Living","twitter_card":"summary_large_image","twitter_creator":"@cdcliving","twitter_site":"@cdcliving","twitter_misc":{"Escrito por":"Casa de Campo Living","Tiempo de lectura":"1 minuto"},"schema":{"@context":"https:\/\/schema.org","@graph":[{"@type":"Article","@id":"https:\/\/casadecampoliving.com\/es\/casimiro-richiez-y-sabino-del-rosario-ganaron-el-primer-clasico-de-golf-de-la-asociacion-de-golf-la-romana-en-memoria-a-kalil-hache-malkun\/#article","isPartOf":{"@id":"https:\/\/casadecampoliving.com\/es\/casimiro-richiez-y-sabino-del-rosario-ganaron-el-primer-clasico-de-golf-de-la-asociacion-de-golf-la-romana-en-memoria-a-kalil-hache-malkun\/"},"author":{"name":"Casa de Campo Living","@id":"https:\/\/casadecampoliving.com\/es\/#\/schema\/person\/5d2171637a9d11e0e43ce6b8555f9422"},"headline":"Casimiro Richiez y Sabino del Rosario ganaron el Primer Cl\u00e1sico de Golf de la Asociaci\u00f3n de Golf La Romana en memoria a Kalil Hach\u00e9 Malk\u00fan","datePublished":"2021-08-09T04:00:00+00:00","dateModified":"2022-11-10T14:30:42+00:00","mainEntityOfPage":{"@id":"https:\/\/casadecampoliving.com\/es\/casimiro-richiez-y-sabino-del-rosario-ganaron-el-primer-clasico-de-golf-de-la-asociacion-de-golf-la-romana-en-memoria-a-kalil-hache-malkun\/"},"wordCount":264,"publisher":{"@id":"https:\/\/casadecampoliving.com\/es\/#organization"},"image":{"@id":"https:\/\/casadecampoliving.com\/es\/casimiro-richiez-y-sabino-del-rosario-ganaron-el-primer-clasico-de-golf-de-la-asociacion-de-golf-la-romana-en-memoria-a-kalil-hache-malkun\/#primaryimage"},"thumbnailUrl":"https:\/\/i0.wp.com\/casadecampoliving.com\/wp-content\/uploads\/2022\/10\/IMG_7235-1.jpg?fit=1000%2C667&ssl=1","keywords":["Asoglar","CARLOS EMUDESI","emilio vasquez","en memoria","francisco micheli","Freddy Mazara","kalil hache","torneo de golf","vocal"],"articleSection":["Casa de Campo Living @es","Rep\u00fablica Dominicana @es","Eventos","Estilo de Vida","Noticias Locales","Resort Casa de Campo","Deportes"],"inLanguage":"es"},{"@type":"WebPage","@id":"https:\/\/casadecampoliving.com\/es\/casimiro-richiez-y-sabino-del-rosario-ganaron-el-primer-clasico-de-golf-de-la-asociacion-de-golf-la-romana-en-memoria-a-kalil-hache-malkun\/","url":"https:\/\/casadecampoliving.com\/es\/casimiro-richiez-y-sabino-del-rosario-ganaron-el-primer-clasico-de-golf-de-la-asociacion-de-golf-la-romana-en-memoria-a-kalil-hache-malkun\/","name":"Casimiro Richiez y Sabino del Rosario ganaron el Primer Cl\u00e1sico de Golf de la Asociaci\u00f3n de Golf La Romana en memoria a Kalil Hach\u00e9 Malk\u00fan | Casa de Campo Living","isPartOf":{"@id":"https:\/\/casadecampoliving.com\/es\/#website"},"primaryImageOfPage":{"@id":"https:\/\/casadecampoliving.com\/es\/casimiro-richiez-y-sabino-del-rosario-ganaron-el-primer-clasico-de-golf-de-la-asociacion-de-golf-la-romana-en-memoria-a-kalil-hache-malkun\/#primaryimage"},"image":{"@id":"https:\/\/casadecampoliving.com\/es\/casimiro-richiez-y-sabino-del-rosario-ganaron-el-primer-clasico-de-golf-de-la-asociacion-de-golf-la-romana-en-memoria-a-kalil-hache-malkun\/#primaryimage"},"thumbnailUrl":"https:\/\/i0.wp.com\/casadecampoliving.com\/wp-content\/uploads\/2022\/10\/IMG_7235-1.jpg?fit=1000%2C667&ssl=1","datePublished":"2021-08-09T04:00:00+00:00","dateModified":"2022-11-10T14:30:42+00:00","description":"El 31 de julio se llev\u00f3 a cabo el Primer Cl\u00e1sico de Golf de la Asociaci\u00f3n de Golf La Romana (Asoglar) en el campo de golf Links en Casa de Campo. Este","breadcrumb":{"@id":"https:\/\/casadecampoliving.com\/es\/casimiro-richiez-y-sabino-del-rosario-ganaron-el-primer-clasico-de-golf-de-la-asociacion-de-golf-la-romana-en-memoria-a-kalil-hache-malkun\/#breadcrumb"},"inLanguage":"es","potentialAction":[{"@type":"ReadAction","target":["https:\/\/casadecampoliving.com\/es\/casimiro-richiez-y-sabino-del-rosario-ganaron-el-primer-clasico-de-golf-de-la-asociacion-de-golf-la-romana-en-memoria-a-kalil-hache-malkun\/"]}]},{"@type":"ImageObject","inLanguage":"es","@id":"https:\/\/casadecampoliving.com\/es\/casimiro-richiez-y-sabino-del-rosario-ganaron-el-primer-clasico-de-golf-de-la-asociacion-de-golf-la-romana-en-memoria-a-kalil-hache-malkun\/#primaryimage","url":"https:\/\/i0.wp.com\/casadecampoliving.com\/wp-content\/uploads\/2022\/10\/IMG_7235-1.jpg?fit=1000%2C667&ssl=1","contentUrl":"https:\/\/i0.wp.com\/casadecampoliving.com\/wp-content\/uploads\/2022\/10\/IMG_7235-1.jpg?fit=1000%2C667&ssl=1","width":1000,"height":667},{"@type":"BreadcrumbList","@id":"https:\/\/casadecampoliving.com\/es\/casimiro-richiez-y-sabino-del-rosario-ganaron-el-primer-clasico-de-golf-de-la-asociacion-de-golf-la-romana-en-memoria-a-kalil-hache-malkun\/#breadcrumb","itemListElement":[{"@type":"ListItem","position":1,"name":"Home","item":"https:\/\/casadecampoliving.com\/es\/"},{"@type":"ListItem","position":2,"name":"Casimiro Richiez y Sabino del Rosario ganaron el Primer Cl\u00e1sico de Golf de la Asociaci\u00f3n de Golf La Romana en memoria a Kalil Hach\u00e9 Malk\u00fan"}]},{"@type":"WebSite","@id":"https:\/\/casadecampoliving.com\/es\/#website","url":"https:\/\/casadecampoliving.com\/es\/","name":"Casa de Campo Living","description":"Resort community news and resources.","publisher":{"@id":"https:\/\/casadecampoliving.com\/es\/#organization"},"potentialAction":[{"@type":"SearchAction","target":{"@type":"EntryPoint","urlTemplate":"https:\/\/casadecampoliving.com\/es\/?s={search_term_string}"},"query-input":{"@type":"PropertyValueSpecification","valueRequired":true,"valueName":"search_term_string"}}],"inLanguage":"es"},{"@type":"Organization","@id":"https:\/\/casadecampoliving.com\/es\/#organization","name":"Casa de Campo Living","url":"https:\/\/casadecampoliving.com\/es\/","logo":{"@type":"ImageObject","inLanguage":"es","@id":"https:\/\/casadecampoliving.com\/es\/#\/schema\/logo\/image\/","url":"https:\/\/i0.wp.com\/casadecampoliving.com\/wp-content\/uploads\/2022\/07\/CDCLivingLogo_V1-white-sized.png?fit=800%2C214&ssl=1","contentUrl":"https:\/\/i0.wp.com\/casadecampoliving.com\/wp-content\/uploads\/2022\/07\/CDCLivingLogo_V1-white-sized.png?fit=800%2C214&ssl=1","width":800,"height":214,"caption":"Casa de Campo Living"},"image":{"@id":"https:\/\/casadecampoliving.com\/es\/#\/schema\/logo\/image\/"},"sameAs":["https:\/\/www.facebook.com\/casadecampoliving","https:\/\/x.com\/cdcliving"]},{"@type":"Person","@id":"https:\/\/casadecampoliving.com\/es\/#\/schema\/person\/5d2171637a9d11e0e43ce6b8555f9422","name":"Casa de Campo Living","image":{"@type":"ImageObject","inLanguage":"es","@id":"https:\/\/secure.gravatar.com\/avatar\/d04101fa4a9fd431e939953b1500fdc7a73cd35029f86d98712fd8ccdaebaf9a?s=96&d=mm&r=g","url":"https:\/\/secure.gravatar.com\/avatar\/d04101fa4a9fd431e939953b1500fdc7a73cd35029f86d98712fd8ccdaebaf9a?s=96&d=mm&r=g","contentUrl":"https:\/\/secure.gravatar.com\/avatar\/d04101fa4a9fd431e939953b1500fdc7a73cd35029f86d98712fd8ccdaebaf9a?s=96&d=mm&r=g","caption":"Casa de Campo Living"},"url":"https:\/\/casadecampoliving.com\/es\/author\/casa-de-campo-living\/"}]}},"parsely":{"version":"1.1.0","canonical_url":"https:\/\/casadecampoliving.com\/es\/casimiro-richiez-y-sabino-del-rosario-ganaron-el-primer-clasico-de-golf-de-la-asociacion-de-golf-la-romana-en-memoria-a-kalil-hache-malkun\/","smart_links":{"inbound":0,"outbound":0},"traffic_boost_suggestions_count":0,"meta":{"@context":"https:\/\/schema.org","@type":"NewsArticle","headline":"Casimiro Richiez y Sabino del Rosario ganaron el Primer Cl\u00e1sico de Golf de la Asociaci\u00f3n de Golf La Romana en memoria a Kalil Hach\u00e9 Malk\u00fan","url":"http:\/\/casadecampoliving.com\/es\/casimiro-richiez-y-sabino-del-rosario-ganaron-el-primer-clasico-de-golf-de-la-asociacion-de-golf-la-romana-en-memoria-a-kalil-hache-malkun\/","mainEntityOfPage":{"@type":"WebPage","@id":"http:\/\/casadecampoliving.com\/es\/casimiro-richiez-y-sabino-del-rosario-ganaron-el-primer-clasico-de-golf-de-la-asociacion-de-golf-la-romana-en-memoria-a-kalil-hache-malkun\/"},"thumbnailUrl":"https:\/\/i0.wp.com\/casadecampoliving.com\/wp-content\/uploads\/2022\/10\/IMG_7235-1.jpg?resize=150%2C150&ssl=1","image":{"@type":"ImageObject","url":"https:\/\/i0.wp.com\/casadecampoliving.com\/wp-content\/uploads\/2022\/10\/IMG_7235-1.jpg?fit=1000%2C667&ssl=1"},"articleSection":"Casa de Campo Living @es","author":[{"@type":"Person","name":"Casa de Campo Living"}],"creator":["Casa de Campo Living"],"publisher":{"@type":"Organization","name":"Casa de Campo Living","logo":"https:\/\/casadecampoliving.com\/wp-content\/uploads\/2022\/07\/CDCLivingLogo_V1-white-sized.png"},"keywords":["asoglar","carlos emudesi","emilio vasquez","en memoria","francisco micheli","freddy mazara","kalil hache","torneo de golf","vocal"],"dateCreated":"2021-08-09T04:00:00Z","datePublished":"2021-08-09T04:00:00Z","dateModified":"2022-11-10T14:30:42Z"},"rendered":"<script type=\"application\/ld+json\" class=\"wp-parsely-metadata\">{\"@context\":\"https:\\\/\\\/schema.org\",\"@type\":\"NewsArticle\",\"headline\":\"Casimiro Richiez y Sabino del Rosario ganaron el Primer Cl\\u00e1sico de Golf de la Asociaci\\u00f3n de Golf La Romana en memoria a Kalil Hach\\u00e9 Malk\\u00fan\",\"url\":\"http:\\\/\\\/casadecampoliving.com\\\/es\\\/casimiro-richiez-y-sabino-del-rosario-ganaron-el-primer-clasico-de-golf-de-la-asociacion-de-golf-la-romana-en-memoria-a-kalil-hache-malkun\\\/\",\"mainEntityOfPage\":{\"@type\":\"WebPage\",\"@id\":\"http:\\\/\\\/casadecampoliving.com\\\/es\\\/casimiro-richiez-y-sabino-del-rosario-ganaron-el-primer-clasico-de-golf-de-la-asociacion-de-golf-la-romana-en-memoria-a-kalil-hache-malkun\\\/\"},\"thumbnailUrl\":\"https:\\\/\\\/i0.wp.com\\\/casadecampoliving.com\\\/wp-content\\\/uploads\\\/2022\\\/10\\\/IMG_7235-1.jpg?resize=150%2C150&ssl=1\",\"image\":{\"@type\":\"ImageObject\",\"url\":\"https:\\\/\\\/i0.wp.com\\\/casadecampoliving.com\\\/wp-content\\\/uploads\\\/2022\\\/10\\\/IMG_7235-1.jpg?fit=1000%2C667&ssl=1\"},\"articleSection\":\"Casa de Campo Living @es\",\"author\":[{\"@type\":\"Person\",\"name\":\"Casa de Campo Living\"}],\"creator\":[\"Casa de Campo Living\"],\"publisher\":{\"@type\":\"Organization\",\"name\":\"Casa de Campo Living\",\"logo\":\"https:\\\/\\\/casadecampoliving.com\\\/wp-content\\\/uploads\\\/2022\\\/07\\\/CDCLivingLogo_V1-white-sized.png\"},\"keywords\":[\"asoglar\",\"carlos emudesi\",\"emilio vasquez\",\"en memoria\",\"francisco micheli\",\"freddy mazara\",\"kalil hache\",\"torneo de golf\",\"vocal\"],\"dateCreated\":\"2021-08-09T04:00:00Z\",\"datePublished\":\"2021-08-09T04:00:00Z\",\"dateModified\":\"2022-11-10T14:30:42Z\"}<\/script>","tracker_url":"https:\/\/cdn.parsely.com\/keys\/casadecampoliving.com\/p.js"},"jetpack_publicize_connections":[],"jetpack_featured_media_url":"https:\/\/i0.wp.com\/casadecampoliving.com\/wp-content\/uploads\/2022\/10\/IMG_7235-1.jpg?fit=1000%2C667&ssl=1","jetpack-related-posts":[{"id":354104,"url":"https:\/\/casadecampoliving.com\/es\/torneo-de-golf-en-honor-a-kalil-hache-malkun-a-celebrarse-en-the-links-casa-de-campo\/","url_meta":{"origin":354124,"position":0},"title":"Torneo de golf en honor a Kalil Hach\u00e9 Malk\u00fan a celebrarse en The Links Casa de Campo","author":"Casa de Campo Living","date":"16 Jul, 2021","format":false,"excerpt":"El pr\u00f3ximo 31 de julio se celebrar\u00e1 el Primer Cl\u00e1sico de la Asociaci\u00f3n de Golf de La Romana (Asoglar) en el campo de golf Los Links de Casa de Campo. Este torneo tendr\u00e1 una dedicatoria especial a Kalil Hach\u00e9 Malk\u00fan, quien dedic\u00f3 gran parte de su vida en beneficio del\u2026","rel":"","context":"En \u00abCasa de Campo Living @es\u00bb","block_context":{"text":"Casa de Campo Living @es","link":"https:\/\/casadecampoliving.com\/category\/casa-de-campo-living-es\/"},"img":{"alt_text":"","src":"https:\/\/i0.wp.com\/casadecampoliving.com\/wp-content\/uploads\/2022\/10\/WhatsApp-Image-2021-07-15-at-9.01.34-PM-e1626467456512-1.jpeg?fit=1000%2C666&ssl=1&resize=350%2C200","width":350,"height":200,"srcset":"https:\/\/i0.wp.com\/casadecampoliving.com\/wp-content\/uploads\/2022\/10\/WhatsApp-Image-2021-07-15-at-9.01.34-PM-e1626467456512-1.jpeg?fit=1000%2C666&ssl=1&resize=350%2C200 1x, https:\/\/i0.wp.com\/casadecampoliving.com\/wp-content\/uploads\/2022\/10\/WhatsApp-Image-2021-07-15-at-9.01.34-PM-e1626467456512-1.jpeg?fit=1000%2C666&ssl=1&resize=525%2C300 1.5x, https:\/\/i0.wp.com\/casadecampoliving.com\/wp-content\/uploads\/2022\/10\/WhatsApp-Image-2021-07-15-at-9.01.34-PM-e1626467456512-1.jpeg?fit=1000%2C666&ssl=1&resize=700%2C400 2x"},"classes":[]},{"id":333759,"url":"https:\/\/casadecampoliving.com\/casimiro-richiez-and-sabino-del-rosario-won-the-first-golf-classic-of-the-la-romana-golf-association-in-honor-of-kalil-hache-malkun\/","url_meta":{"origin":354124,"position":1},"title":"Casimiro Richiez and Sabino del Rosario won the First Golf Classic of the La Romana Golf Association in honor of Kalil Hach\u00e9 Malk\u00fan","author":"Casa de Campo Living","date":"9 Ago, 2021","format":false,"excerpt":"On July 31, the\u00a0First Golf Classic of the La Romana Golf Association (Asoglar) took place at the Links golf course in Casa de Campo. This tournament was dedicated to the late Kalil Hach\u00e9 Malk\u00fan, an avid golf player and community member who passed away last year. The tournament began early\u2026","rel":"","context":"En \u00abCasa de Campo Living\u00bb","block_context":{"text":"Casa de Campo Living","link":"https:\/\/casadecampoliving.com\/category\/casa-de-campo-living\/"},"img":{"alt_text":"","src":"https:\/\/i0.wp.com\/casadecampoliving.com\/wp-content\/uploads\/2022\/10\/IMG_7235-1.jpg?fit=1000%2C667&ssl=1&resize=350%2C200","width":350,"height":200,"srcset":"https:\/\/i0.wp.com\/casadecampoliving.com\/wp-content\/uploads\/2022\/10\/IMG_7235-1.jpg?fit=1000%2C667&ssl=1&resize=350%2C200 1x, https:\/\/i0.wp.com\/casadecampoliving.com\/wp-content\/uploads\/2022\/10\/IMG_7235-1.jpg?fit=1000%2C667&ssl=1&resize=525%2C300 1.5x, https:\/\/i0.wp.com\/casadecampoliving.com\/wp-content\/uploads\/2022\/10\/IMG_7235-1.jpg?fit=1000%2C667&ssl=1&resize=700%2C400 2x"},"classes":[]},{"id":333648,"url":"https:\/\/casadecampoliving.com\/golf-tournament-in-honor-of-kalil-hache-malkun-to-be-held-at-the-links-casa-de-campo\/","url_meta":{"origin":354124,"position":2},"title":"Golf tournament in honor of Kalil Hach\u00e9 Malk\u00fan to be held at The Links Casa de Campo","author":"Casa de Campo Living","date":"16 Jul, 2021","format":false,"excerpt":"On July 31, the First Golf Classic of the La Romana Golf Association (Asoglar) will be held at the Links golf course in Casa de Campo. This tournament will have a special dedication to Kalil Hach\u00e9 Malk\u00fan, who dedicated a large part of his life to benefit the sport and\u2026","rel":"","context":"En \u00abBeyond Casa\u00bb","block_context":{"text":"Beyond Casa","link":"https:\/\/casadecampoliving.com\/category\/beyond-casa\/"},"img":{"alt_text":"","src":"https:\/\/i0.wp.com\/casadecampoliving.com\/wp-content\/uploads\/2022\/10\/WhatsApp-Image-2021-07-15-at-9.01.34-PM-e1626467456512-1.jpeg?fit=1000%2C666&ssl=1&resize=350%2C200","width":350,"height":200,"srcset":"https:\/\/i0.wp.com\/casadecampoliving.com\/wp-content\/uploads\/2022\/10\/WhatsApp-Image-2021-07-15-at-9.01.34-PM-e1626467456512-1.jpeg?fit=1000%2C666&ssl=1&resize=350%2C200 1x, https:\/\/i0.wp.com\/casadecampoliving.com\/wp-content\/uploads\/2022\/10\/WhatsApp-Image-2021-07-15-at-9.01.34-PM-e1626467456512-1.jpeg?fit=1000%2C666&ssl=1&resize=525%2C300 1.5x, https:\/\/i0.wp.com\/casadecampoliving.com\/wp-content\/uploads\/2022\/10\/WhatsApp-Image-2021-07-15-at-9.01.34-PM-e1626467456512-1.jpeg?fit=1000%2C666&ssl=1&resize=700%2C400 2x"},"classes":[]},{"id":354377,"url":"https:\/\/casadecampoliving.com\/es\/celebraran-segundo-clasico-de-golf-asoglar-dedicado-a-la-memoria-de-jose-lahoz-rodriguez\/","url_meta":{"origin":354124,"position":3},"title":"Celebrar\u00e1n segundo Cl\u00e1sico de Golf Asoglar dedicado a la memoria de Jos\u00e9 Lahoz Rodr\u00edguez.","author":"Casa de Campo Living","date":"12 May, 2022","format":false,"excerpt":"La Asociaci\u00f3n de Golf de la Romana anunci\u00f3 este jueves el segundo Cl\u00e1sico de Golf (Asoglar) 2022, dedicado a la memoria de don Jos\u00e9 Lahoz Rodr\u00edguez (Joselin). La informaci\u00f3n se dio a conocer en una rueda de prensa celebrada en el Comit\u00e9 Ol\u00edmpico Dominicano (COD), donde se dieron cita los\u2026","rel":"","context":"En \u00abCasa de Campo Living @es\u00bb","block_context":{"text":"Casa de Campo Living @es","link":"https:\/\/casadecampoliving.com\/category\/casa-de-campo-living-es\/"},"img":{"alt_text":"","src":"https:\/\/i0.wp.com\/casadecampoliving.com\/wp-content\/uploads\/2022\/10\/Cla%CC%81sico-de-Golf-Asoglar-2.jpg?fit=1000%2C631&ssl=1&resize=350%2C200","width":350,"height":200,"srcset":"https:\/\/i0.wp.com\/casadecampoliving.com\/wp-content\/uploads\/2022\/10\/Cla%CC%81sico-de-Golf-Asoglar-2.jpg?fit=1000%2C631&ssl=1&resize=350%2C200 1x, https:\/\/i0.wp.com\/casadecampoliving.com\/wp-content\/uploads\/2022\/10\/Cla%CC%81sico-de-Golf-Asoglar-2.jpg?fit=1000%2C631&ssl=1&resize=525%2C300 1.5x, https:\/\/i0.wp.com\/casadecampoliving.com\/wp-content\/uploads\/2022\/10\/Cla%CC%81sico-de-Golf-Asoglar-2.jpg?fit=1000%2C631&ssl=1&resize=700%2C400 2x"},"classes":[]},{"id":354415,"url":"https:\/\/casadecampoliving.com\/es\/raul-cendoya-y-mary-ledesma-ganan-el-ii-clasico-de-golf-asoglar-2022\/","url_meta":{"origin":354124,"position":4},"title":"Ra\u00fal Cendoya y Mary Ledesma ganan el II Cl\u00e1sico de Golf Asoglar 2022","author":"Casa de Campo Living","date":"14 Jun, 2022","format":false,"excerpt":"La Asociaci\u00f3n de Golf de La Romana (Asoglar), por segundo a\u00f1o consecutivo, realiz\u00f3 el pasado s\u00e1bado 4 de Junio, su II Cl\u00e1sico de Golf, dedicado a la memoria del inmortal del deporte romanense, Don Jos\u00e9 Lahoz Rodr\u00edguez (Josel\u00edn), en el campo The Links, dentro del complejo tur\u00edstico de Casa de\u2026","rel":"","context":"En \u00abCasa de Campo Living @es\u00bb","block_context":{"text":"Casa de Campo Living @es","link":"https:\/\/casadecampoliving.com\/category\/casa-de-campo-living-es\/"},"img":{"alt_text":"","src":"https:\/\/i0.wp.com\/casadecampoliving.com\/wp-content\/uploads\/2022\/10\/Screenshot-2022-06-14-08.45.21-1.png?fit=1019%2C678&ssl=1&resize=350%2C200","width":350,"height":200,"srcset":"https:\/\/i0.wp.com\/casadecampoliving.com\/wp-content\/uploads\/2022\/10\/Screenshot-2022-06-14-08.45.21-1.png?fit=1019%2C678&ssl=1&resize=350%2C200 1x, https:\/\/i0.wp.com\/casadecampoliving.com\/wp-content\/uploads\/2022\/10\/Screenshot-2022-06-14-08.45.21-1.png?fit=1019%2C678&ssl=1&resize=525%2C300 1.5x, https:\/\/i0.wp.com\/casadecampoliving.com\/wp-content\/uploads\/2022\/10\/Screenshot-2022-06-14-08.45.21-1.png?fit=1019%2C678&ssl=1&resize=700%2C400 2x"},"classes":[]},{"id":353894,"url":"https:\/\/casadecampoliving.com\/es\/juan-jose-guerra-es-el-gran-campeon-de-los-campeonatos-nacionales-de-fedofolf-dedicado-a-la-memoria-de-kalil-hache\/","url_meta":{"origin":354124,"position":5},"title":"Juan Jos\u00e9 Guerra es el Gran Campe\u00f3n de los Campeonatos Nacionales de Fedofolf dedicado a la memoria de Kalil Hach\u00e9","author":"Casa de Campo Living","date":"27 Oct, 2020","format":false,"excerpt":"La Federaci\u00f3n Dominicana de Golf (Fedogolf) celebr\u00f3 este pasado fin de semana la versi\u00f3n LIII de los Campeonatos Nacionales con la participaci\u00f3n de m\u00e1s de 150 jugadores. \u00a0El torneo de este a\u00f1o se celebr\u00f3 en Diente de Perro, Dye Fore y The Links, en Casa de Campo y fue dedicado\u2026","rel":"","context":"En \u00abCasa de Campo Resort\u00bb","block_context":{"text":"Casa de Campo Resort","link":"https:\/\/casadecampoliving.com\/category\/casa-de-campo-resort\/"},"img":{"alt_text":"","src":"https:\/\/i0.wp.com\/casadecampoliving.com\/wp-content\/uploads\/2022\/10\/Juan-Jose-Guerra-gana-Campeonatos-Nacionales-Fedogolf-2020-1.jpg?fit=1000%2C600&ssl=1&resize=350%2C200","width":350,"height":200,"srcset":"https:\/\/i0.wp.com\/casadecampoliving.com\/wp-content\/uploads\/2022\/10\/Juan-Jose-Guerra-gana-Campeonatos-Nacionales-Fedogolf-2020-1.jpg?fit=1000%2C600&ssl=1&resize=350%2C200 1x, https:\/\/i0.wp.com\/casadecampoliving.com\/wp-content\/uploads\/2022\/10\/Juan-Jose-Guerra-gana-Campeonatos-Nacionales-Fedogolf-2020-1.jpg?fit=1000%2C600&ssl=1&resize=525%2C300 1.5x, https:\/\/i0.wp.com\/casadecampoliving.com\/wp-content\/uploads\/2022\/10\/Juan-Jose-Guerra-gana-Campeonatos-Nacionales-Fedogolf-2020-1.jpg?fit=1000%2C600&ssl=1&resize=700%2C400 2x"},"classes":[]}],"jetpack_sharing_enabled":true,"_links":{"self":[{"href":"https:\/\/casadecampoliving.com\/es\/wp-json\/wp\/v2\/posts\/354124","targetHints":{"allow":["GET"]}}],"collection":[{"href":"https:\/\/casadecampoliving.com\/es\/wp-json\/wp\/v2\/posts"}],"about":[{"href":"https:\/\/casadecampoliving.com\/es\/wp-json\/wp\/v2\/types\/post"}],"author":[{"embeddable":true,"href":"https:\/\/casadecampoliving.com\/es\/wp-json\/wp\/v2\/users\/36791"}],"replies":[{"embeddable":true,"href":"https:\/\/casadecampoliving.com\/es\/wp-json\/wp\/v2\/comments?post=354124"}],"version-history":[{"count":2,"href":"https:\/\/casadecampoliving.com\/es\/wp-json\/wp\/v2\/posts\/354124\/revisions"}],"predecessor-version":[{"id":506658,"href":"https:\/\/casadecampoliving.com\/es\/wp-json\/wp\/v2\/posts\/354124\/revisions\/506658"}],"wp:featuredmedia":[{"embeddable":true,"href":"https:\/\/casadecampoliving.com\/es\/wp-json\/wp\/v2\/media\/333763"}],"wp:attachment":[{"href":"https:\/\/casadecampoliving.com\/es\/wp-json\/wp\/v2\/media?parent=354124"}],"wp:term":[{"taxonomy":"category","embeddable":true,"href":"https:\/\/casadecampoliving.com\/es\/wp-json\/wp\/v2\/categories?post=354124"},{"taxonomy":"post_tag","embeddable":true,"href":"https:\/\/casadecampoliving.com\/es\/wp-json\/wp\/v2\/tags?post=354124"},{"taxonomy":"newspack_spnsrs_tax","embeddable":true,"href":"https:\/\/casadecampoliving.com\/es\/wp-json\/wp\/v2\/newspack_spnsrs_tax?post=354124"}],"curies":[{"name":"wp","href":"https:\/\/api.w.org\/{rel}","templated":true}]}}