{"id":354119,"date":"2021-07-28T00:00:00","date_gmt":"2021-07-28T04:00:00","guid":{"rendered":"https:\/\/casadecampoliving.com\/venta-de-arte-a-beneficio-del-programa-de-becas-de-chavon-escuela-de-diseno-en-la-galeria\/"},"modified":"2022-11-10T10:30:49","modified_gmt":"2022-11-10T14:30:49","slug":"venta-de-arte-a-beneficio-del-programa-de-becas-de-chavon-escuela-de-diseno-en-la-galeria","status":"publish","type":"post","link":"https:\/\/casadecampoliving.com\/es\/venta-de-arte-a-beneficio-del-programa-de-becas-de-chavon-escuela-de-diseno-en-la-galeria\/","title":{"rendered":"Venta de arte a beneficio del Programa de Becas de Chav\u00f3n Escuela de Dise\u00f1o en la Galer\u00eda"},"content":{"rendered":"Atenci\u00f3n aficionados al arte: La Galer\u00eda en Altos de Chav\u00f3n abri\u00f3 sus puertas el jueves 15 de julio luego de meses de estar cerrada debido a la pandemia con una maravillosa colecci\u00f3n de arte disponible para la venta que ayuda a apoyar el programa de becas de la Escuela de Dise\u00f1o Chav\u00f3n.\n\nLa exposici\u00f3n est\u00e1 compuesta por trabajos de estudiantes, graduados y profesores, as\u00ed como piezas de artistas residentes a lo largo de los a\u00f1os. Se exhiben muchas obras hermosas, pero algunas son tesoros que a\u00fan no se han recogido y algunos incluso datan de la d\u00e9cada de 1950, como es el caso de dos t\u00f3tems de figuras populares a gran escala tallados a mano en \u00e1rboles de caoba por Gaspar Mario. Cruz.\n\n<img data-recalc-dims=\"1\" loading=\"lazy\" decoding=\"async\" class=\"aligncenter size-large wp-image-210007\" src=\"https:\/\/i0.wp.com\/casadecampoliving.com\/wp-content\/uploads\/2022\/10\/20210726_093325-1024x576-2.jpg?resize=1000%2C563&#038;ssl=1\" alt=\"\" width=\"1000\" height=\"563\">\n\nEsta colecci\u00f3n tiene algo para todos. Una amplia gama de precios permite a los entusiastas del arte de todo tipo encontrar muchas obras que se adapten a sus presupuestos, y las ventas se destinan a una causa tan digna. T\u00f3mate una tarde para vivir la magia del Arte en Altos de Chav\u00f3n. La colecci\u00f3n se extiende a peque\u00f1as estatuas de arcilla, fotograf\u00edas, trabajos de impresi\u00f3n, cer\u00e1mica, dise\u00f1os estructurales, paisajes y mucho m\u00e1s.\n\nYa se han vendido muchas obras, \u00a1as\u00ed que cons\u00edguelas mientras est\u00e9n calientes! No dejes pasar la oportunidad y ayuda a apoyar a los estudiantes y artistas en este pueblo que llamamos hogar. La Galer\u00eda est\u00e1 abierta todos los d\u00edas de 9:00 a.m. a 5:00 p.m. y cierra los domingos.\n\nA continuaci\u00f3n se muestran algunas de las obras expuestas:\n\n\n<figure class=\"wp-block-gallery has-nested-images columns-default is-cropped wp-block-gallery-1 is-layout-flex wp-block-gallery-is-layout-flex\">\n<figure class=\"wp-block-image size-large\"><img data-recalc-dims=\"1\" loading=\"lazy\" decoding=\"async\" width=\"1070\" height=\"1200\" data-id=\"394935\" src=\"https:\/\/i0.wp.com\/casadecampoliving.com\/wp-content\/uploads\/2022\/10\/20210726_093034.jpg?resize=1070%2C1200&#038;ssl=1\" alt=\"\" class=\"wp-image-394935\" srcset=\"https:\/\/i0.wp.com\/casadecampoliving.com\/wp-content\/uploads\/2022\/10\/20210726_093034.jpg?w=1070&amp;ssl=1 1070w, https:\/\/i0.wp.com\/casadecampoliving.com\/wp-content\/uploads\/2022\/10\/20210726_093034.jpg?resize=268%2C300&amp;ssl=1 268w, https:\/\/i0.wp.com\/casadecampoliving.com\/wp-content\/uploads\/2022\/10\/20210726_093034.jpg?resize=913%2C1024&amp;ssl=1 913w, https:\/\/i0.wp.com\/casadecampoliving.com\/wp-content\/uploads\/2022\/10\/20210726_093034.jpg?resize=768%2C861&amp;ssl=1 768w, https:\/\/i0.wp.com\/casadecampoliving.com\/wp-content\/uploads\/2022\/10\/20210726_093034.jpg?resize=400%2C449&amp;ssl=1 400w, https:\/\/i0.wp.com\/casadecampoliving.com\/wp-content\/uploads\/2022\/10\/20210726_093034.jpg?resize=706%2C792&amp;ssl=1 706w, https:\/\/i0.wp.com\/casadecampoliving.com\/wp-content\/uploads\/2022\/10\/20210726_093034.jpg?resize=150%2C168&amp;ssl=1 150w, https:\/\/i0.wp.com\/casadecampoliving.com\/wp-content\/uploads\/2022\/10\/20210726_093034.jpg?w=370&amp;ssl=1 370w\" sizes=\"auto, (max-width: 1000px) 100vw, 1000px\" \/><\/figure>\n\n\n\n<figure class=\"wp-block-image size-large\"><img data-recalc-dims=\"1\" loading=\"lazy\" decoding=\"async\" width=\"1800\" height=\"1013\" data-id=\"394955\" src=\"https:\/\/i0.wp.com\/casadecampoliving.com\/wp-content\/uploads\/2022\/10\/20210726_093132.jpg?resize=1800%2C1013&#038;ssl=1\" alt=\"\" class=\"wp-image-394955\" srcset=\"https:\/\/i0.wp.com\/casadecampoliving.com\/wp-content\/uploads\/2022\/10\/20210726_093132.jpg?w=1800&amp;ssl=1 1800w, https:\/\/i0.wp.com\/casadecampoliving.com\/wp-content\/uploads\/2022\/10\/20210726_093132.jpg?resize=300%2C169&amp;ssl=1 300w, https:\/\/i0.wp.com\/casadecampoliving.com\/wp-content\/uploads\/2022\/10\/20210726_093132.jpg?resize=1024%2C576&amp;ssl=1 1024w, https:\/\/i0.wp.com\/casadecampoliving.com\/wp-content\/uploads\/2022\/10\/20210726_093132.jpg?resize=768%2C432&amp;ssl=1 768w, https:\/\/i0.wp.com\/casadecampoliving.com\/wp-content\/uploads\/2022\/10\/20210726_093132.jpg?resize=1536%2C864&amp;ssl=1 1536w, https:\/\/i0.wp.com\/casadecampoliving.com\/wp-content\/uploads\/2022\/10\/20210726_093132.jpg?resize=1200%2C675&amp;ssl=1 1200w, https:\/\/i0.wp.com\/casadecampoliving.com\/wp-content\/uploads\/2022\/10\/20210726_093132.jpg?resize=1568%2C882&amp;ssl=1 1568w, https:\/\/i0.wp.com\/casadecampoliving.com\/wp-content\/uploads\/2022\/10\/20210726_093132.jpg?resize=400%2C225&amp;ssl=1 400w, https:\/\/i0.wp.com\/casadecampoliving.com\/wp-content\/uploads\/2022\/10\/20210726_093132.jpg?resize=706%2C397&amp;ssl=1 706w, https:\/\/i0.wp.com\/casadecampoliving.com\/wp-content\/uploads\/2022\/10\/20210726_093132.jpg?resize=150%2C84&amp;ssl=1 150w, https:\/\/i0.wp.com\/casadecampoliving.com\/wp-content\/uploads\/2022\/10\/20210726_093132.jpg?w=370&amp;ssl=1 370w\" sizes=\"auto, (max-width: 1000px) 100vw, 1000px\" \/><\/figure>\n\n\n\n<figure class=\"wp-block-image size-large\"><img data-recalc-dims=\"1\" loading=\"lazy\" decoding=\"async\" width=\"1800\" height=\"1013\" data-id=\"394979\" src=\"https:\/\/i0.wp.com\/casadecampoliving.com\/wp-content\/uploads\/2022\/10\/20210726_093101.jpg?resize=1800%2C1013&#038;ssl=1\" alt=\"\" class=\"wp-image-394979\" srcset=\"https:\/\/i0.wp.com\/casadecampoliving.com\/wp-content\/uploads\/2022\/10\/20210726_093101.jpg?w=1800&amp;ssl=1 1800w, https:\/\/i0.wp.com\/casadecampoliving.com\/wp-content\/uploads\/2022\/10\/20210726_093101.jpg?resize=300%2C169&amp;ssl=1 300w, https:\/\/i0.wp.com\/casadecampoliving.com\/wp-content\/uploads\/2022\/10\/20210726_093101.jpg?resize=1024%2C576&amp;ssl=1 1024w, https:\/\/i0.wp.com\/casadecampoliving.com\/wp-content\/uploads\/2022\/10\/20210726_093101.jpg?resize=768%2C432&amp;ssl=1 768w, https:\/\/i0.wp.com\/casadecampoliving.com\/wp-content\/uploads\/2022\/10\/20210726_093101.jpg?resize=1536%2C864&amp;ssl=1 1536w, https:\/\/i0.wp.com\/casadecampoliving.com\/wp-content\/uploads\/2022\/10\/20210726_093101.jpg?resize=1200%2C675&amp;ssl=1 1200w, https:\/\/i0.wp.com\/casadecampoliving.com\/wp-content\/uploads\/2022\/10\/20210726_093101.jpg?resize=1568%2C882&amp;ssl=1 1568w, https:\/\/i0.wp.com\/casadecampoliving.com\/wp-content\/uploads\/2022\/10\/20210726_093101.jpg?resize=400%2C225&amp;ssl=1 400w, https:\/\/i0.wp.com\/casadecampoliving.com\/wp-content\/uploads\/2022\/10\/20210726_093101.jpg?resize=706%2C397&amp;ssl=1 706w, https:\/\/i0.wp.com\/casadecampoliving.com\/wp-content\/uploads\/2022\/10\/20210726_093101.jpg?resize=150%2C84&amp;ssl=1 150w, https:\/\/i0.wp.com\/casadecampoliving.com\/wp-content\/uploads\/2022\/10\/20210726_093101.jpg?w=370&amp;ssl=1 370w\" sizes=\"auto, (max-width: 1000px) 100vw, 1000px\" \/><\/figure>\n\n\n\n<figure class=\"wp-block-image size-large\"><img data-recalc-dims=\"1\" loading=\"lazy\" decoding=\"async\" width=\"1800\" height=\"1013\" data-id=\"395000\" src=\"https:\/\/i0.wp.com\/casadecampoliving.com\/wp-content\/uploads\/2022\/10\/20210726_092957.jpg?resize=1800%2C1013&#038;ssl=1\" alt=\"\" class=\"wp-image-395000\" srcset=\"https:\/\/i0.wp.com\/casadecampoliving.com\/wp-content\/uploads\/2022\/10\/20210726_092957.jpg?w=1800&amp;ssl=1 1800w, https:\/\/i0.wp.com\/casadecampoliving.com\/wp-content\/uploads\/2022\/10\/20210726_092957.jpg?resize=300%2C169&amp;ssl=1 300w, https:\/\/i0.wp.com\/casadecampoliving.com\/wp-content\/uploads\/2022\/10\/20210726_092957.jpg?resize=1024%2C576&amp;ssl=1 1024w, https:\/\/i0.wp.com\/casadecampoliving.com\/wp-content\/uploads\/2022\/10\/20210726_092957.jpg?resize=768%2C432&amp;ssl=1 768w, https:\/\/i0.wp.com\/casadecampoliving.com\/wp-content\/uploads\/2022\/10\/20210726_092957.jpg?resize=1536%2C864&amp;ssl=1 1536w, https:\/\/i0.wp.com\/casadecampoliving.com\/wp-content\/uploads\/2022\/10\/20210726_092957.jpg?resize=1200%2C675&amp;ssl=1 1200w, https:\/\/i0.wp.com\/casadecampoliving.com\/wp-content\/uploads\/2022\/10\/20210726_092957.jpg?resize=1568%2C882&amp;ssl=1 1568w, https:\/\/i0.wp.com\/casadecampoliving.com\/wp-content\/uploads\/2022\/10\/20210726_092957.jpg?resize=400%2C225&amp;ssl=1 400w, https:\/\/i0.wp.com\/casadecampoliving.com\/wp-content\/uploads\/2022\/10\/20210726_092957.jpg?resize=706%2C397&amp;ssl=1 706w, https:\/\/i0.wp.com\/casadecampoliving.com\/wp-content\/uploads\/2022\/10\/20210726_092957.jpg?resize=150%2C84&amp;ssl=1 150w, https:\/\/i0.wp.com\/casadecampoliving.com\/wp-content\/uploads\/2022\/10\/20210726_092957.jpg?w=370&amp;ssl=1 370w\" sizes=\"auto, (max-width: 1000px) 100vw, 1000px\" \/><\/figure>\n\n\n\n<figure class=\"wp-block-image size-large\"><img data-recalc-dims=\"1\" loading=\"lazy\" decoding=\"async\" width=\"1800\" height=\"1013\" data-id=\"395018\" src=\"https:\/\/i0.wp.com\/casadecampoliving.com\/wp-content\/uploads\/2022\/10\/20210726_093117.jpg?resize=1800%2C1013&#038;ssl=1\" alt=\"\" class=\"wp-image-395018\" srcset=\"https:\/\/i0.wp.com\/casadecampoliving.com\/wp-content\/uploads\/2022\/10\/20210726_093117.jpg?w=1800&amp;ssl=1 1800w, https:\/\/i0.wp.com\/casadecampoliving.com\/wp-content\/uploads\/2022\/10\/20210726_093117.jpg?resize=300%2C169&amp;ssl=1 300w, https:\/\/i0.wp.com\/casadecampoliving.com\/wp-content\/uploads\/2022\/10\/20210726_093117.jpg?resize=1024%2C576&amp;ssl=1 1024w, https:\/\/i0.wp.com\/casadecampoliving.com\/wp-content\/uploads\/2022\/10\/20210726_093117.jpg?resize=768%2C432&amp;ssl=1 768w, https:\/\/i0.wp.com\/casadecampoliving.com\/wp-content\/uploads\/2022\/10\/20210726_093117.jpg?resize=1536%2C864&amp;ssl=1 1536w, https:\/\/i0.wp.com\/casadecampoliving.com\/wp-content\/uploads\/2022\/10\/20210726_093117.jpg?resize=1200%2C675&amp;ssl=1 1200w, https:\/\/i0.wp.com\/casadecampoliving.com\/wp-content\/uploads\/2022\/10\/20210726_093117.jpg?resize=1568%2C882&amp;ssl=1 1568w, https:\/\/i0.wp.com\/casadecampoliving.com\/wp-content\/uploads\/2022\/10\/20210726_093117.jpg?resize=400%2C225&amp;ssl=1 400w, https:\/\/i0.wp.com\/casadecampoliving.com\/wp-content\/uploads\/2022\/10\/20210726_093117.jpg?resize=706%2C397&amp;ssl=1 706w, https:\/\/i0.wp.com\/casadecampoliving.com\/wp-content\/uploads\/2022\/10\/20210726_093117.jpg?resize=150%2C84&amp;ssl=1 150w, https:\/\/i0.wp.com\/casadecampoliving.com\/wp-content\/uploads\/2022\/10\/20210726_093117.jpg?w=370&amp;ssl=1 370w\" sizes=\"auto, (max-width: 1000px) 100vw, 1000px\" \/><\/figure>\n\n\n\n<figure class=\"wp-block-image size-large\"><img data-recalc-dims=\"1\" loading=\"lazy\" decoding=\"async\" width=\"1800\" height=\"1013\" data-id=\"395046\" src=\"https:\/\/i0.wp.com\/casadecampoliving.com\/wp-content\/uploads\/2022\/10\/20210726_093145.jpg?resize=1800%2C1013&#038;ssl=1\" alt=\"\" class=\"wp-image-395046\" srcset=\"https:\/\/i0.wp.com\/casadecampoliving.com\/wp-content\/uploads\/2022\/10\/20210726_093145.jpg?w=1800&amp;ssl=1 1800w, https:\/\/i0.wp.com\/casadecampoliving.com\/wp-content\/uploads\/2022\/10\/20210726_093145.jpg?resize=300%2C169&amp;ssl=1 300w, https:\/\/i0.wp.com\/casadecampoliving.com\/wp-content\/uploads\/2022\/10\/20210726_093145.jpg?resize=1024%2C576&amp;ssl=1 1024w, https:\/\/i0.wp.com\/casadecampoliving.com\/wp-content\/uploads\/2022\/10\/20210726_093145.jpg?resize=768%2C432&amp;ssl=1 768w, https:\/\/i0.wp.com\/casadecampoliving.com\/wp-content\/uploads\/2022\/10\/20210726_093145.jpg?resize=1536%2C864&amp;ssl=1 1536w, https:\/\/i0.wp.com\/casadecampoliving.com\/wp-content\/uploads\/2022\/10\/20210726_093145.jpg?resize=1200%2C675&amp;ssl=1 1200w, https:\/\/i0.wp.com\/casadecampoliving.com\/wp-content\/uploads\/2022\/10\/20210726_093145.jpg?resize=1568%2C882&amp;ssl=1 1568w, https:\/\/i0.wp.com\/casadecampoliving.com\/wp-content\/uploads\/2022\/10\/20210726_093145.jpg?resize=400%2C225&amp;ssl=1 400w, https:\/\/i0.wp.com\/casadecampoliving.com\/wp-content\/uploads\/2022\/10\/20210726_093145.jpg?resize=706%2C397&amp;ssl=1 706w, https:\/\/i0.wp.com\/casadecampoliving.com\/wp-content\/uploads\/2022\/10\/20210726_093145.jpg?resize=150%2C84&amp;ssl=1 150w, https:\/\/i0.wp.com\/casadecampoliving.com\/wp-content\/uploads\/2022\/10\/20210726_093145.jpg?w=370&amp;ssl=1 370w\" sizes=\"auto, (max-width: 1000px) 100vw, 1000px\" \/><\/figure>\n\n\n\n<figure class=\"wp-block-image size-large\"><img data-recalc-dims=\"1\" loading=\"lazy\" decoding=\"async\" width=\"1505\" height=\"1200\" data-id=\"395071\" src=\"https:\/\/i0.wp.com\/casadecampoliving.com\/wp-content\/uploads\/2022\/10\/20210726_093226.jpg?resize=1505%2C1200&#038;ssl=1\" alt=\"\" class=\"wp-image-395071\" srcset=\"https:\/\/i0.wp.com\/casadecampoliving.com\/wp-content\/uploads\/2022\/10\/20210726_093226.jpg?w=1505&amp;ssl=1 1505w, https:\/\/i0.wp.com\/casadecampoliving.com\/wp-content\/uploads\/2022\/10\/20210726_093226.jpg?resize=300%2C239&amp;ssl=1 300w, https:\/\/i0.wp.com\/casadecampoliving.com\/wp-content\/uploads\/2022\/10\/20210726_093226.jpg?resize=1024%2C816&amp;ssl=1 1024w, https:\/\/i0.wp.com\/casadecampoliving.com\/wp-content\/uploads\/2022\/10\/20210726_093226.jpg?resize=768%2C612&amp;ssl=1 768w, https:\/\/i0.wp.com\/casadecampoliving.com\/wp-content\/uploads\/2022\/10\/20210726_093226.jpg?resize=1200%2C957&amp;ssl=1 1200w, https:\/\/i0.wp.com\/casadecampoliving.com\/wp-content\/uploads\/2022\/10\/20210726_093226.jpg?resize=400%2C319&amp;ssl=1 400w, https:\/\/i0.wp.com\/casadecampoliving.com\/wp-content\/uploads\/2022\/10\/20210726_093226.jpg?resize=706%2C563&amp;ssl=1 706w, https:\/\/i0.wp.com\/casadecampoliving.com\/wp-content\/uploads\/2022\/10\/20210726_093226.jpg?resize=150%2C120&amp;ssl=1 150w, https:\/\/i0.wp.com\/casadecampoliving.com\/wp-content\/uploads\/2022\/10\/20210726_093226.jpg?w=370&amp;ssl=1 370w\" sizes=\"auto, (max-width: 1000px) 100vw, 1000px\" \/><\/figure>\n\n\n\n<figure class=\"wp-block-image size-large\"><img data-recalc-dims=\"1\" loading=\"lazy\" decoding=\"async\" width=\"1800\" height=\"1013\" data-id=\"395093\" src=\"https:\/\/i0.wp.com\/casadecampoliving.com\/wp-content\/uploads\/2022\/10\/20210726_093246.jpg?resize=1800%2C1013&#038;ssl=1\" alt=\"\" class=\"wp-image-395093\" srcset=\"https:\/\/i0.wp.com\/casadecampoliving.com\/wp-content\/uploads\/2022\/10\/20210726_093246.jpg?w=1800&amp;ssl=1 1800w, https:\/\/i0.wp.com\/casadecampoliving.com\/wp-content\/uploads\/2022\/10\/20210726_093246.jpg?resize=300%2C169&amp;ssl=1 300w, https:\/\/i0.wp.com\/casadecampoliving.com\/wp-content\/uploads\/2022\/10\/20210726_093246.jpg?resize=1024%2C576&amp;ssl=1 1024w, https:\/\/i0.wp.com\/casadecampoliving.com\/wp-content\/uploads\/2022\/10\/20210726_093246.jpg?resize=768%2C432&amp;ssl=1 768w, https:\/\/i0.wp.com\/casadecampoliving.com\/wp-content\/uploads\/2022\/10\/20210726_093246.jpg?resize=1536%2C864&amp;ssl=1 1536w, https:\/\/i0.wp.com\/casadecampoliving.com\/wp-content\/uploads\/2022\/10\/20210726_093246.jpg?resize=1200%2C675&amp;ssl=1 1200w, https:\/\/i0.wp.com\/casadecampoliving.com\/wp-content\/uploads\/2022\/10\/20210726_093246.jpg?resize=1568%2C882&amp;ssl=1 1568w, https:\/\/i0.wp.com\/casadecampoliving.com\/wp-content\/uploads\/2022\/10\/20210726_093246.jpg?resize=400%2C225&amp;ssl=1 400w, https:\/\/i0.wp.com\/casadecampoliving.com\/wp-content\/uploads\/2022\/10\/20210726_093246.jpg?resize=706%2C397&amp;ssl=1 706w, https:\/\/i0.wp.com\/casadecampoliving.com\/wp-content\/uploads\/2022\/10\/20210726_093246.jpg?resize=150%2C84&amp;ssl=1 150w, https:\/\/i0.wp.com\/casadecampoliving.com\/wp-content\/uploads\/2022\/10\/20210726_093246.jpg?w=370&amp;ssl=1 370w\" sizes=\"auto, (max-width: 1000px) 100vw, 1000px\" \/><\/figure>\n\n\n\n<figure class=\"wp-block-image size-large\"><img data-recalc-dims=\"1\" loading=\"lazy\" decoding=\"async\" width=\"1800\" height=\"1013\" data-id=\"395116\" src=\"https:\/\/i0.wp.com\/casadecampoliving.com\/wp-content\/uploads\/2022\/10\/20210726_093206.jpg?resize=1800%2C1013&#038;ssl=1\" alt=\"\" class=\"wp-image-395116\" srcset=\"https:\/\/i0.wp.com\/casadecampoliving.com\/wp-content\/uploads\/2022\/10\/20210726_093206.jpg?w=1800&amp;ssl=1 1800w, https:\/\/i0.wp.com\/casadecampoliving.com\/wp-content\/uploads\/2022\/10\/20210726_093206.jpg?resize=300%2C169&amp;ssl=1 300w, https:\/\/i0.wp.com\/casadecampoliving.com\/wp-content\/uploads\/2022\/10\/20210726_093206.jpg?resize=1024%2C576&amp;ssl=1 1024w, https:\/\/i0.wp.com\/casadecampoliving.com\/wp-content\/uploads\/2022\/10\/20210726_093206.jpg?resize=768%2C432&amp;ssl=1 768w, https:\/\/i0.wp.com\/casadecampoliving.com\/wp-content\/uploads\/2022\/10\/20210726_093206.jpg?resize=1536%2C864&amp;ssl=1 1536w, https:\/\/i0.wp.com\/casadecampoliving.com\/wp-content\/uploads\/2022\/10\/20210726_093206.jpg?resize=1200%2C675&amp;ssl=1 1200w, https:\/\/i0.wp.com\/casadecampoliving.com\/wp-content\/uploads\/2022\/10\/20210726_093206.jpg?resize=1568%2C882&amp;ssl=1 1568w, https:\/\/i0.wp.com\/casadecampoliving.com\/wp-content\/uploads\/2022\/10\/20210726_093206.jpg?resize=400%2C225&amp;ssl=1 400w, https:\/\/i0.wp.com\/casadecampoliving.com\/wp-content\/uploads\/2022\/10\/20210726_093206.jpg?resize=706%2C397&amp;ssl=1 706w, https:\/\/i0.wp.com\/casadecampoliving.com\/wp-content\/uploads\/2022\/10\/20210726_093206.jpg?resize=150%2C84&amp;ssl=1 150w, https:\/\/i0.wp.com\/casadecampoliving.com\/wp-content\/uploads\/2022\/10\/20210726_093206.jpg?w=370&amp;ssl=1 370w\" sizes=\"auto, (max-width: 1000px) 100vw, 1000px\" \/><\/figure>\n\n\n\n<figure class=\"wp-block-image size-large\"><img data-recalc-dims=\"1\" loading=\"lazy\" decoding=\"async\" width=\"1800\" height=\"1013\" data-id=\"395139\" src=\"https:\/\/i0.wp.com\/casadecampoliving.com\/wp-content\/uploads\/2022\/10\/20210726_093305.jpg?resize=1800%2C1013&#038;ssl=1\" alt=\"\" class=\"wp-image-395139\" srcset=\"https:\/\/i0.wp.com\/casadecampoliving.com\/wp-content\/uploads\/2022\/10\/20210726_093305.jpg?w=1800&amp;ssl=1 1800w, https:\/\/i0.wp.com\/casadecampoliving.com\/wp-content\/uploads\/2022\/10\/20210726_093305.jpg?resize=300%2C169&amp;ssl=1 300w, https:\/\/i0.wp.com\/casadecampoliving.com\/wp-content\/uploads\/2022\/10\/20210726_093305.jpg?resize=1024%2C576&amp;ssl=1 1024w, https:\/\/i0.wp.com\/casadecampoliving.com\/wp-content\/uploads\/2022\/10\/20210726_093305.jpg?resize=768%2C432&amp;ssl=1 768w, https:\/\/i0.wp.com\/casadecampoliving.com\/wp-content\/uploads\/2022\/10\/20210726_093305.jpg?resize=1536%2C864&amp;ssl=1 1536w, https:\/\/i0.wp.com\/casadecampoliving.com\/wp-content\/uploads\/2022\/10\/20210726_093305.jpg?resize=1200%2C675&amp;ssl=1 1200w, https:\/\/i0.wp.com\/casadecampoliving.com\/wp-content\/uploads\/2022\/10\/20210726_093305.jpg?resize=1568%2C882&amp;ssl=1 1568w, https:\/\/i0.wp.com\/casadecampoliving.com\/wp-content\/uploads\/2022\/10\/20210726_093305.jpg?resize=400%2C225&amp;ssl=1 400w, https:\/\/i0.wp.com\/casadecampoliving.com\/wp-content\/uploads\/2022\/10\/20210726_093305.jpg?resize=706%2C397&amp;ssl=1 706w, https:\/\/i0.wp.com\/casadecampoliving.com\/wp-content\/uploads\/2022\/10\/20210726_093305.jpg?resize=150%2C84&amp;ssl=1 150w, https:\/\/i0.wp.com\/casadecampoliving.com\/wp-content\/uploads\/2022\/10\/20210726_093305.jpg?w=370&amp;ssl=1 370w\" sizes=\"auto, (max-width: 1000px) 100vw, 1000px\" \/><\/figure>\n\n\n\n<figure class=\"wp-block-image size-large\"><img data-recalc-dims=\"1\" loading=\"lazy\" decoding=\"async\" width=\"1800\" height=\"1013\" data-id=\"395162\" src=\"https:\/\/i0.wp.com\/casadecampoliving.com\/wp-content\/uploads\/2022\/10\/20210726_093313.jpg?resize=1800%2C1013&#038;ssl=1\" alt=\"\" class=\"wp-image-395162\" srcset=\"https:\/\/i0.wp.com\/casadecampoliving.com\/wp-content\/uploads\/2022\/10\/20210726_093313.jpg?w=1800&amp;ssl=1 1800w, https:\/\/i0.wp.com\/casadecampoliving.com\/wp-content\/uploads\/2022\/10\/20210726_093313.jpg?resize=300%2C169&amp;ssl=1 300w, https:\/\/i0.wp.com\/casadecampoliving.com\/wp-content\/uploads\/2022\/10\/20210726_093313.jpg?resize=1024%2C576&amp;ssl=1 1024w, https:\/\/i0.wp.com\/casadecampoliving.com\/wp-content\/uploads\/2022\/10\/20210726_093313.jpg?resize=768%2C432&amp;ssl=1 768w, https:\/\/i0.wp.com\/casadecampoliving.com\/wp-content\/uploads\/2022\/10\/20210726_093313.jpg?resize=1536%2C864&amp;ssl=1 1536w, https:\/\/i0.wp.com\/casadecampoliving.com\/wp-content\/uploads\/2022\/10\/20210726_093313.jpg?resize=1200%2C675&amp;ssl=1 1200w, https:\/\/i0.wp.com\/casadecampoliving.com\/wp-content\/uploads\/2022\/10\/20210726_093313.jpg?resize=1568%2C882&amp;ssl=1 1568w, https:\/\/i0.wp.com\/casadecampoliving.com\/wp-content\/uploads\/2022\/10\/20210726_093313.jpg?resize=400%2C225&amp;ssl=1 400w, https:\/\/i0.wp.com\/casadecampoliving.com\/wp-content\/uploads\/2022\/10\/20210726_093313.jpg?resize=706%2C397&amp;ssl=1 706w, https:\/\/i0.wp.com\/casadecampoliving.com\/wp-content\/uploads\/2022\/10\/20210726_093313.jpg?resize=150%2C84&amp;ssl=1 150w, https:\/\/i0.wp.com\/casadecampoliving.com\/wp-content\/uploads\/2022\/10\/20210726_093313.jpg?w=370&amp;ssl=1 370w\" sizes=\"auto, (max-width: 1000px) 100vw, 1000px\" \/><\/figure>\n\n\n\n<figure class=\"wp-block-image size-large\"><img data-recalc-dims=\"1\" loading=\"lazy\" decoding=\"async\" width=\"1800\" height=\"1013\" data-id=\"395186\" src=\"https:\/\/i0.wp.com\/casadecampoliving.com\/wp-content\/uploads\/2022\/10\/20210726_093334.jpg?resize=1800%2C1013&#038;ssl=1\" alt=\"\" class=\"wp-image-395186\" srcset=\"https:\/\/i0.wp.com\/casadecampoliving.com\/wp-content\/uploads\/2022\/10\/20210726_093334.jpg?w=1800&amp;ssl=1 1800w, https:\/\/i0.wp.com\/casadecampoliving.com\/wp-content\/uploads\/2022\/10\/20210726_093334.jpg?resize=300%2C169&amp;ssl=1 300w, https:\/\/i0.wp.com\/casadecampoliving.com\/wp-content\/uploads\/2022\/10\/20210726_093334.jpg?resize=1024%2C576&amp;ssl=1 1024w, https:\/\/i0.wp.com\/casadecampoliving.com\/wp-content\/uploads\/2022\/10\/20210726_093334.jpg?resize=768%2C432&amp;ssl=1 768w, https:\/\/i0.wp.com\/casadecampoliving.com\/wp-content\/uploads\/2022\/10\/20210726_093334.jpg?resize=1536%2C864&amp;ssl=1 1536w, https:\/\/i0.wp.com\/casadecampoliving.com\/wp-content\/uploads\/2022\/10\/20210726_093334.jpg?resize=1200%2C675&amp;ssl=1 1200w, https:\/\/i0.wp.com\/casadecampoliving.com\/wp-content\/uploads\/2022\/10\/20210726_093334.jpg?resize=1568%2C882&amp;ssl=1 1568w, https:\/\/i0.wp.com\/casadecampoliving.com\/wp-content\/uploads\/2022\/10\/20210726_093334.jpg?resize=400%2C225&amp;ssl=1 400w, https:\/\/i0.wp.com\/casadecampoliving.com\/wp-content\/uploads\/2022\/10\/20210726_093334.jpg?resize=706%2C397&amp;ssl=1 706w, https:\/\/i0.wp.com\/casadecampoliving.com\/wp-content\/uploads\/2022\/10\/20210726_093334.jpg?resize=150%2C84&amp;ssl=1 150w, https:\/\/i0.wp.com\/casadecampoliving.com\/wp-content\/uploads\/2022\/10\/20210726_093334.jpg?w=370&amp;ssl=1 370w\" sizes=\"auto, (max-width: 1000px) 100vw, 1000px\" \/><\/figure>\n\n\n\n<figure class=\"wp-block-image size-large\"><img data-recalc-dims=\"1\" loading=\"lazy\" decoding=\"async\" width=\"1800\" height=\"1013\" data-id=\"395210\" src=\"https:\/\/i0.wp.com\/casadecampoliving.com\/wp-content\/uploads\/2022\/10\/20210726_093346.jpg?resize=1800%2C1013&#038;ssl=1\" alt=\"\" class=\"wp-image-395210\" srcset=\"https:\/\/i0.wp.com\/casadecampoliving.com\/wp-content\/uploads\/2022\/10\/20210726_093346.jpg?w=1800&amp;ssl=1 1800w, https:\/\/i0.wp.com\/casadecampoliving.com\/wp-content\/uploads\/2022\/10\/20210726_093346.jpg?resize=300%2C169&amp;ssl=1 300w, https:\/\/i0.wp.com\/casadecampoliving.com\/wp-content\/uploads\/2022\/10\/20210726_093346.jpg?resize=1024%2C576&amp;ssl=1 1024w, https:\/\/i0.wp.com\/casadecampoliving.com\/wp-content\/uploads\/2022\/10\/20210726_093346.jpg?resize=768%2C432&amp;ssl=1 768w, https:\/\/i0.wp.com\/casadecampoliving.com\/wp-content\/uploads\/2022\/10\/20210726_093346.jpg?resize=1536%2C864&amp;ssl=1 1536w, https:\/\/i0.wp.com\/casadecampoliving.com\/wp-content\/uploads\/2022\/10\/20210726_093346.jpg?resize=1200%2C675&amp;ssl=1 1200w, https:\/\/i0.wp.com\/casadecampoliving.com\/wp-content\/uploads\/2022\/10\/20210726_093346.jpg?resize=1568%2C882&amp;ssl=1 1568w, https:\/\/i0.wp.com\/casadecampoliving.com\/wp-content\/uploads\/2022\/10\/20210726_093346.jpg?resize=400%2C225&amp;ssl=1 400w, https:\/\/i0.wp.com\/casadecampoliving.com\/wp-content\/uploads\/2022\/10\/20210726_093346.jpg?resize=706%2C397&amp;ssl=1 706w, https:\/\/i0.wp.com\/casadecampoliving.com\/wp-content\/uploads\/2022\/10\/20210726_093346.jpg?resize=150%2C84&amp;ssl=1 150w, https:\/\/i0.wp.com\/casadecampoliving.com\/wp-content\/uploads\/2022\/10\/20210726_093346.jpg?w=370&amp;ssl=1 370w\" sizes=\"auto, (max-width: 1000px) 100vw, 1000px\" \/><\/figure>\n\n\n\n<figure class=\"wp-block-image size-large\"><img data-recalc-dims=\"1\" loading=\"lazy\" decoding=\"async\" width=\"1800\" height=\"1013\" data-id=\"395226\" src=\"https:\/\/i0.wp.com\/casadecampoliving.com\/wp-content\/uploads\/2022\/10\/20210726_093425.jpg?resize=1800%2C1013&#038;ssl=1\" alt=\"\" class=\"wp-image-395226\" srcset=\"https:\/\/i0.wp.com\/casadecampoliving.com\/wp-content\/uploads\/2022\/10\/20210726_093425.jpg?w=1800&amp;ssl=1 1800w, https:\/\/i0.wp.com\/casadecampoliving.com\/wp-content\/uploads\/2022\/10\/20210726_093425.jpg?resize=300%2C169&amp;ssl=1 300w, https:\/\/i0.wp.com\/casadecampoliving.com\/wp-content\/uploads\/2022\/10\/20210726_093425.jpg?resize=1024%2C576&amp;ssl=1 1024w, https:\/\/i0.wp.com\/casadecampoliving.com\/wp-content\/uploads\/2022\/10\/20210726_093425.jpg?resize=768%2C432&amp;ssl=1 768w, https:\/\/i0.wp.com\/casadecampoliving.com\/wp-content\/uploads\/2022\/10\/20210726_093425.jpg?resize=1536%2C864&amp;ssl=1 1536w, https:\/\/i0.wp.com\/casadecampoliving.com\/wp-content\/uploads\/2022\/10\/20210726_093425.jpg?resize=1200%2C675&amp;ssl=1 1200w, https:\/\/i0.wp.com\/casadecampoliving.com\/wp-content\/uploads\/2022\/10\/20210726_093425.jpg?resize=1568%2C882&amp;ssl=1 1568w, https:\/\/i0.wp.com\/casadecampoliving.com\/wp-content\/uploads\/2022\/10\/20210726_093425.jpg?resize=400%2C225&amp;ssl=1 400w, https:\/\/i0.wp.com\/casadecampoliving.com\/wp-content\/uploads\/2022\/10\/20210726_093425.jpg?resize=706%2C397&amp;ssl=1 706w, https:\/\/i0.wp.com\/casadecampoliving.com\/wp-content\/uploads\/2022\/10\/20210726_093425.jpg?resize=150%2C84&amp;ssl=1 150w, https:\/\/i0.wp.com\/casadecampoliving.com\/wp-content\/uploads\/2022\/10\/20210726_093425.jpg?w=370&amp;ssl=1 370w\" sizes=\"auto, (max-width: 1000px) 100vw, 1000px\" \/><\/figure>\n<\/figure>\n\n\n<img data-recalc-dims=\"1\" loading=\"lazy\" decoding=\"async\" class=\"aligncenter size-large wp-image-210001\" src=\"https:\/\/i0.wp.com\/casadecampoliving.com\/wp-content\/uploads\/2022\/10\/VENTA-GALERIA-1-1024x791-2.png?resize=1000%2C772&#038;ssl=1\" alt=\"\" width=\"1000\" height=\"772\">","protected":false},"excerpt":{"rendered":"<p>Atenci\u00f3n aficionados al arte: La Galer\u00eda en Altos de Chav\u00f3n abri\u00f3 sus puertas el jueves 15 de julio luego de meses de estar cerrada debido a la pandemia con una maravillosa colecci\u00f3n de arte disponible para la venta que ayuda a apoyar el programa de becas de la Escuela de Dise\u00f1o Chav\u00f3n. La exposici\u00f3n est\u00e1 [&hellip;]<\/p>\n","protected":false},"author":36791,"featured_media":333711,"comment_status":"closed","ping_status":"closed","sticky":false,"template":"","format":"standard","meta":{"newspack_ads_suppress_ads":false,"newspack_popups_has_disabled_popups":false,"newspack_sponsor_sponsorship_scope":"","newspack_sponsor_native_byline_display":"inherit","newspack_sponsor_native_category_display":"inherit","newspack_sponsor_underwriter_style":"inherit","newspack_sponsor_underwriter_placement":"inherit","_newspack_byline_active":false,"_newspack_byline":"","newspack_hide_updated_date":false,"newspack_show_updated_date":false,"newspack_content_restriction_is_exempt":false,"newspack_featured_image_position":"","newspack_post_subtitle":"","newspack_article_summary_title":"Overview:","newspack_article_summary":"","_jetpack_memberships_contains_paid_content":false,"footnotes":"","jetpack_publicize_message":"","jetpack_publicize_feature_enabled":true,"jetpack_social_post_already_shared":false,"jetpack_social_options":{"image_generator_settings":{"template":"highway","default_image_id":0,"font":"","enabled":false},"version":2},"_wpas_customize_per_network":false},"categories":[26819,26823,26936,2521,2522,14631,14625,2514,26822,2530],"tags":[3575,2536,1929,15190,2535,5726,14736,4381,6127,9642],"newspack_spnsrs_tax":[],"class_list":["post-354119","post","type-post","status-publish","format-standard","has-post-thumbnail","hentry","category-altos-de-chavon-es","category-arte-y-cultura","category-casa-de-campo-living-es","category-republica-dominicana-2","category-eventos-es","category-estilo-de-vida","category-noticias-locales","category-fundaciones-es","category-resort-casa-de-campo","category-compras-es","tag-altos-de-chavon-es-2","tag-arte","tag-artistas-en-residencia","tag-destacados","tag-estudiantes","tag-exposicion","tag-featured-topview-es","tag-fundacion-centro-cultural-altos-de-chavon","tag-la-galeria","tag-obra","entry"],"yoast_head":"<!-- This site is optimized with the Yoast SEO plugin v27.4 - https:\/\/yoast.com\/product\/yoast-seo-wordpress\/ -->\n<title>Venta de arte a beneficio del Programa de Becas de Chav\u00f3n Escuela de Dise\u00f1o en la Galer\u00eda | Casa de Campo Living<\/title>\n<meta name=\"description\" content=\"Atenci\u00f3n aficionados al arte: La Galer\u00eda en Altos de Chav\u00f3n abri\u00f3 sus puertas el jueves 15 de julio luego de meses de estar cerrada debido a la pandemia\" \/>\n<meta name=\"robots\" content=\"index, follow, max-snippet:-1, max-image-preview:large, max-video-preview:-1\" \/>\n<link rel=\"canonical\" href=\"https:\/\/casadecampoliving.com\/es\/venta-de-arte-a-beneficio-del-programa-de-becas-de-chavon-escuela-de-diseno-en-la-galeria\/\" \/>\n<meta property=\"og:locale\" content=\"es_ES\" \/>\n<meta property=\"og:type\" content=\"article\" \/>\n<meta property=\"og:title\" content=\"Venta de arte a beneficio del Programa de Becas de Chav\u00f3n Escuela de Dise\u00f1o en la Galer\u00eda | Casa de Campo Living\" \/>\n<meta property=\"og:description\" content=\"Atenci\u00f3n aficionados al arte: La Galer\u00eda en Altos de Chav\u00f3n abri\u00f3 sus puertas el jueves 15 de julio luego de meses de estar cerrada debido a la pandemia\" \/>\n<meta property=\"og:url\" content=\"https:\/\/casadecampoliving.com\/es\/venta-de-arte-a-beneficio-del-programa-de-becas-de-chavon-escuela-de-diseno-en-la-galeria\/\" \/>\n<meta property=\"og:site_name\" content=\"Casa de Campo Living\" \/>\n<meta property=\"article:publisher\" content=\"https:\/\/www.facebook.com\/casadecampoliving\" \/>\n<meta property=\"article:published_time\" content=\"2021-07-28T04:00:00+00:00\" \/>\n<meta property=\"article:modified_time\" content=\"2022-11-10T14:30:49+00:00\" \/>\n<meta property=\"og:image\" content=\"https:\/\/i0.wp.com\/casadecampoliving.com\/wp-content\/uploads\/2022\/10\/20210726_093010-scaled-2.jpg?fit=2560%2C1440&ssl=1\" \/>\n\t<meta property=\"og:image:width\" content=\"2560\" \/>\n\t<meta property=\"og:image:height\" content=\"1440\" \/>\n\t<meta property=\"og:image:type\" content=\"image\/jpeg\" \/>\n<meta name=\"author\" content=\"Casa de Campo Living\" \/>\n<meta name=\"twitter:card\" content=\"summary_large_image\" \/>\n<meta name=\"twitter:creator\" content=\"@cdcliving\" \/>\n<meta name=\"twitter:site\" content=\"@cdcliving\" \/>\n<meta name=\"twitter:label1\" content=\"Escrito por\" \/>\n\t<meta name=\"twitter:data1\" content=\"Casa de Campo Living\" \/>\n\t<meta name=\"twitter:label2\" content=\"Tiempo de lectura\" \/>\n\t<meta name=\"twitter:data2\" content=\"1 minuto\" \/>\n<script type=\"application\/ld+json\" class=\"yoast-schema-graph\">{\"@context\":\"https:\\\/\\\/schema.org\",\"@graph\":[{\"@type\":\"Article\",\"@id\":\"https:\\\/\\\/casadecampoliving.com\\\/es\\\/venta-de-arte-a-beneficio-del-programa-de-becas-de-chavon-escuela-de-diseno-en-la-galeria\\\/#article\",\"isPartOf\":{\"@id\":\"https:\\\/\\\/casadecampoliving.com\\\/es\\\/venta-de-arte-a-beneficio-del-programa-de-becas-de-chavon-escuela-de-diseno-en-la-galeria\\\/\"},\"author\":{\"name\":\"Casa de Campo Living\",\"@id\":\"https:\\\/\\\/casadecampoliving.com\\\/es\\\/#\\\/schema\\\/person\\\/5d2171637a9d11e0e43ce6b8555f9422\"},\"headline\":\"Venta de arte a beneficio del Programa de Becas de Chav\u00f3n Escuela de Dise\u00f1o en la Galer\u00eda\",\"datePublished\":\"2021-07-28T04:00:00+00:00\",\"dateModified\":\"2022-11-10T14:30:49+00:00\",\"mainEntityOfPage\":{\"@id\":\"https:\\\/\\\/casadecampoliving.com\\\/es\\\/venta-de-arte-a-beneficio-del-programa-de-becas-de-chavon-escuela-de-diseno-en-la-galeria\\\/\"},\"wordCount\":297,\"publisher\":{\"@id\":\"https:\\\/\\\/casadecampoliving.com\\\/es\\\/#organization\"},\"image\":{\"@id\":\"https:\\\/\\\/casadecampoliving.com\\\/es\\\/venta-de-arte-a-beneficio-del-programa-de-becas-de-chavon-escuela-de-diseno-en-la-galeria\\\/#primaryimage\"},\"thumbnailUrl\":\"https:\\\/\\\/i0.wp.com\\\/casadecampoliving.com\\\/wp-content\\\/uploads\\\/2022\\\/10\\\/20210726_093010-scaled-2.jpg?fit=2560%2C1440&ssl=1\",\"keywords\":[\"Altos de Chavon -es\",\"arte\",\"artistas en residencia\",\"Destacados\",\"estudiantes\",\"exposici\u00f3n\",\"Featured-TopView @es\",\"fundacion centro cultural altos de chavon\",\"la galeria\",\"obra\"],\"articleSection\":[\"Altos de Chavon @es\",\"Arte y cultura\",\"Casa de Campo Living @es\",\"Rep\u00fablica Dominicana @es\",\"Eventos\",\"Estilo de Vida\",\"Noticias Locales\",\"Fundaciones\",\"Resort Casa de Campo\",\"Compras\"],\"inLanguage\":\"es\"},{\"@type\":\"WebPage\",\"@id\":\"https:\\\/\\\/casadecampoliving.com\\\/es\\\/venta-de-arte-a-beneficio-del-programa-de-becas-de-chavon-escuela-de-diseno-en-la-galeria\\\/\",\"url\":\"https:\\\/\\\/casadecampoliving.com\\\/es\\\/venta-de-arte-a-beneficio-del-programa-de-becas-de-chavon-escuela-de-diseno-en-la-galeria\\\/\",\"name\":\"Venta de arte a beneficio del Programa de Becas de Chav\u00f3n Escuela de Dise\u00f1o en la Galer\u00eda | Casa de Campo Living\",\"isPartOf\":{\"@id\":\"https:\\\/\\\/casadecampoliving.com\\\/es\\\/#website\"},\"primaryImageOfPage\":{\"@id\":\"https:\\\/\\\/casadecampoliving.com\\\/es\\\/venta-de-arte-a-beneficio-del-programa-de-becas-de-chavon-escuela-de-diseno-en-la-galeria\\\/#primaryimage\"},\"image\":{\"@id\":\"https:\\\/\\\/casadecampoliving.com\\\/es\\\/venta-de-arte-a-beneficio-del-programa-de-becas-de-chavon-escuela-de-diseno-en-la-galeria\\\/#primaryimage\"},\"thumbnailUrl\":\"https:\\\/\\\/i0.wp.com\\\/casadecampoliving.com\\\/wp-content\\\/uploads\\\/2022\\\/10\\\/20210726_093010-scaled-2.jpg?fit=2560%2C1440&ssl=1\",\"datePublished\":\"2021-07-28T04:00:00+00:00\",\"dateModified\":\"2022-11-10T14:30:49+00:00\",\"description\":\"Atenci\u00f3n aficionados al arte: La Galer\u00eda en Altos de Chav\u00f3n abri\u00f3 sus puertas el jueves 15 de julio luego de meses de estar cerrada debido a la pandemia\",\"breadcrumb\":{\"@id\":\"https:\\\/\\\/casadecampoliving.com\\\/es\\\/venta-de-arte-a-beneficio-del-programa-de-becas-de-chavon-escuela-de-diseno-en-la-galeria\\\/#breadcrumb\"},\"inLanguage\":\"es\",\"potentialAction\":[{\"@type\":\"ReadAction\",\"target\":[\"https:\\\/\\\/casadecampoliving.com\\\/es\\\/venta-de-arte-a-beneficio-del-programa-de-becas-de-chavon-escuela-de-diseno-en-la-galeria\\\/\"]}]},{\"@type\":\"ImageObject\",\"inLanguage\":\"es\",\"@id\":\"https:\\\/\\\/casadecampoliving.com\\\/es\\\/venta-de-arte-a-beneficio-del-programa-de-becas-de-chavon-escuela-de-diseno-en-la-galeria\\\/#primaryimage\",\"url\":\"https:\\\/\\\/i0.wp.com\\\/casadecampoliving.com\\\/wp-content\\\/uploads\\\/2022\\\/10\\\/20210726_093010-scaled-2.jpg?fit=2560%2C1440&ssl=1\",\"contentUrl\":\"https:\\\/\\\/i0.wp.com\\\/casadecampoliving.com\\\/wp-content\\\/uploads\\\/2022\\\/10\\\/20210726_093010-scaled-2.jpg?fit=2560%2C1440&ssl=1\",\"width\":2560,\"height\":1440},{\"@type\":\"BreadcrumbList\",\"@id\":\"https:\\\/\\\/casadecampoliving.com\\\/es\\\/venta-de-arte-a-beneficio-del-programa-de-becas-de-chavon-escuela-de-diseno-en-la-galeria\\\/#breadcrumb\",\"itemListElement\":[{\"@type\":\"ListItem\",\"position\":1,\"name\":\"Home\",\"item\":\"https:\\\/\\\/casadecampoliving.com\\\/es\\\/\"},{\"@type\":\"ListItem\",\"position\":2,\"name\":\"Venta de arte a beneficio del Programa de Becas de Chav\u00f3n Escuela de Dise\u00f1o en la Galer\u00eda\"}]},{\"@type\":\"WebSite\",\"@id\":\"https:\\\/\\\/casadecampoliving.com\\\/es\\\/#website\",\"url\":\"https:\\\/\\\/casadecampoliving.com\\\/es\\\/\",\"name\":\"Casa de Campo Living\",\"description\":\"Resort community news and resources.\",\"publisher\":{\"@id\":\"https:\\\/\\\/casadecampoliving.com\\\/es\\\/#organization\"},\"potentialAction\":[{\"@type\":\"SearchAction\",\"target\":{\"@type\":\"EntryPoint\",\"urlTemplate\":\"https:\\\/\\\/casadecampoliving.com\\\/es\\\/?s={search_term_string}\"},\"query-input\":{\"@type\":\"PropertyValueSpecification\",\"valueRequired\":true,\"valueName\":\"search_term_string\"}}],\"inLanguage\":\"es\"},{\"@type\":\"Organization\",\"@id\":\"https:\\\/\\\/casadecampoliving.com\\\/es\\\/#organization\",\"name\":\"Casa de Campo Living\",\"url\":\"https:\\\/\\\/casadecampoliving.com\\\/es\\\/\",\"logo\":{\"@type\":\"ImageObject\",\"inLanguage\":\"es\",\"@id\":\"https:\\\/\\\/casadecampoliving.com\\\/es\\\/#\\\/schema\\\/logo\\\/image\\\/\",\"url\":\"https:\\\/\\\/i0.wp.com\\\/casadecampoliving.com\\\/wp-content\\\/uploads\\\/2022\\\/07\\\/CDCLivingLogo_V1-white-sized.png?fit=800%2C214&ssl=1\",\"contentUrl\":\"https:\\\/\\\/i0.wp.com\\\/casadecampoliving.com\\\/wp-content\\\/uploads\\\/2022\\\/07\\\/CDCLivingLogo_V1-white-sized.png?fit=800%2C214&ssl=1\",\"width\":800,\"height\":214,\"caption\":\"Casa de Campo Living\"},\"image\":{\"@id\":\"https:\\\/\\\/casadecampoliving.com\\\/es\\\/#\\\/schema\\\/logo\\\/image\\\/\"},\"sameAs\":[\"https:\\\/\\\/www.facebook.com\\\/casadecampoliving\",\"https:\\\/\\\/x.com\\\/cdcliving\"]},{\"@type\":\"Person\",\"@id\":\"https:\\\/\\\/casadecampoliving.com\\\/es\\\/#\\\/schema\\\/person\\\/5d2171637a9d11e0e43ce6b8555f9422\",\"name\":\"Casa de Campo Living\",\"image\":{\"@type\":\"ImageObject\",\"inLanguage\":\"es\",\"@id\":\"https:\\\/\\\/secure.gravatar.com\\\/avatar\\\/d04101fa4a9fd431e939953b1500fdc7a73cd35029f86d98712fd8ccdaebaf9a?s=96&d=mm&r=g\",\"url\":\"https:\\\/\\\/secure.gravatar.com\\\/avatar\\\/d04101fa4a9fd431e939953b1500fdc7a73cd35029f86d98712fd8ccdaebaf9a?s=96&d=mm&r=g\",\"contentUrl\":\"https:\\\/\\\/secure.gravatar.com\\\/avatar\\\/d04101fa4a9fd431e939953b1500fdc7a73cd35029f86d98712fd8ccdaebaf9a?s=96&d=mm&r=g\",\"caption\":\"Casa de Campo Living\"},\"url\":\"https:\\\/\\\/casadecampoliving.com\\\/es\\\/author\\\/casa-de-campo-living\\\/\"}]}<\/script>\n<!-- \/ Yoast SEO plugin. -->","yoast_head_json":{"title":"Venta de arte a beneficio del Programa de Becas de Chav\u00f3n Escuela de Dise\u00f1o en la Galer\u00eda | Casa de Campo Living","description":"Atenci\u00f3n aficionados al arte: La Galer\u00eda en Altos de Chav\u00f3n abri\u00f3 sus puertas el jueves 15 de julio luego de meses de estar cerrada debido a la pandemia","robots":{"index":"index","follow":"follow","max-snippet":"max-snippet:-1","max-image-preview":"max-image-preview:large","max-video-preview":"max-video-preview:-1"},"canonical":"https:\/\/casadecampoliving.com\/es\/venta-de-arte-a-beneficio-del-programa-de-becas-de-chavon-escuela-de-diseno-en-la-galeria\/","og_locale":"es_ES","og_type":"article","og_title":"Venta de arte a beneficio del Programa de Becas de Chav\u00f3n Escuela de Dise\u00f1o en la Galer\u00eda | Casa de Campo Living","og_description":"Atenci\u00f3n aficionados al arte: La Galer\u00eda en Altos de Chav\u00f3n abri\u00f3 sus puertas el jueves 15 de julio luego de meses de estar cerrada debido a la pandemia","og_url":"https:\/\/casadecampoliving.com\/es\/venta-de-arte-a-beneficio-del-programa-de-becas-de-chavon-escuela-de-diseno-en-la-galeria\/","og_site_name":"Casa de Campo Living","article_publisher":"https:\/\/www.facebook.com\/casadecampoliving","article_published_time":"2021-07-28T04:00:00+00:00","article_modified_time":"2022-11-10T14:30:49+00:00","og_image":[{"width":2560,"height":1440,"url":"https:\/\/i0.wp.com\/casadecampoliving.com\/wp-content\/uploads\/2022\/10\/20210726_093010-scaled-2.jpg?fit=2560%2C1440&ssl=1","type":"image\/jpeg"}],"author":"Casa de Campo Living","twitter_card":"summary_large_image","twitter_creator":"@cdcliving","twitter_site":"@cdcliving","twitter_misc":{"Escrito por":"Casa de Campo Living","Tiempo de lectura":"1 minuto"},"schema":{"@context":"https:\/\/schema.org","@graph":[{"@type":"Article","@id":"https:\/\/casadecampoliving.com\/es\/venta-de-arte-a-beneficio-del-programa-de-becas-de-chavon-escuela-de-diseno-en-la-galeria\/#article","isPartOf":{"@id":"https:\/\/casadecampoliving.com\/es\/venta-de-arte-a-beneficio-del-programa-de-becas-de-chavon-escuela-de-diseno-en-la-galeria\/"},"author":{"name":"Casa de Campo Living","@id":"https:\/\/casadecampoliving.com\/es\/#\/schema\/person\/5d2171637a9d11e0e43ce6b8555f9422"},"headline":"Venta de arte a beneficio del Programa de Becas de Chav\u00f3n Escuela de Dise\u00f1o en la Galer\u00eda","datePublished":"2021-07-28T04:00:00+00:00","dateModified":"2022-11-10T14:30:49+00:00","mainEntityOfPage":{"@id":"https:\/\/casadecampoliving.com\/es\/venta-de-arte-a-beneficio-del-programa-de-becas-de-chavon-escuela-de-diseno-en-la-galeria\/"},"wordCount":297,"publisher":{"@id":"https:\/\/casadecampoliving.com\/es\/#organization"},"image":{"@id":"https:\/\/casadecampoliving.com\/es\/venta-de-arte-a-beneficio-del-programa-de-becas-de-chavon-escuela-de-diseno-en-la-galeria\/#primaryimage"},"thumbnailUrl":"https:\/\/i0.wp.com\/casadecampoliving.com\/wp-content\/uploads\/2022\/10\/20210726_093010-scaled-2.jpg?fit=2560%2C1440&ssl=1","keywords":["Altos de Chavon -es","arte","artistas en residencia","Destacados","estudiantes","exposici\u00f3n","Featured-TopView @es","fundacion centro cultural altos de chavon","la galeria","obra"],"articleSection":["Altos de Chavon @es","Arte y cultura","Casa de Campo Living @es","Rep\u00fablica Dominicana @es","Eventos","Estilo de Vida","Noticias Locales","Fundaciones","Resort Casa de Campo","Compras"],"inLanguage":"es"},{"@type":"WebPage","@id":"https:\/\/casadecampoliving.com\/es\/venta-de-arte-a-beneficio-del-programa-de-becas-de-chavon-escuela-de-diseno-en-la-galeria\/","url":"https:\/\/casadecampoliving.com\/es\/venta-de-arte-a-beneficio-del-programa-de-becas-de-chavon-escuela-de-diseno-en-la-galeria\/","name":"Venta de arte a beneficio del Programa de Becas de Chav\u00f3n Escuela de Dise\u00f1o en la Galer\u00eda | Casa de Campo Living","isPartOf":{"@id":"https:\/\/casadecampoliving.com\/es\/#website"},"primaryImageOfPage":{"@id":"https:\/\/casadecampoliving.com\/es\/venta-de-arte-a-beneficio-del-programa-de-becas-de-chavon-escuela-de-diseno-en-la-galeria\/#primaryimage"},"image":{"@id":"https:\/\/casadecampoliving.com\/es\/venta-de-arte-a-beneficio-del-programa-de-becas-de-chavon-escuela-de-diseno-en-la-galeria\/#primaryimage"},"thumbnailUrl":"https:\/\/i0.wp.com\/casadecampoliving.com\/wp-content\/uploads\/2022\/10\/20210726_093010-scaled-2.jpg?fit=2560%2C1440&ssl=1","datePublished":"2021-07-28T04:00:00+00:00","dateModified":"2022-11-10T14:30:49+00:00","description":"Atenci\u00f3n aficionados al arte: La Galer\u00eda en Altos de Chav\u00f3n abri\u00f3 sus puertas el jueves 15 de julio luego de meses de estar cerrada debido a la pandemia","breadcrumb":{"@id":"https:\/\/casadecampoliving.com\/es\/venta-de-arte-a-beneficio-del-programa-de-becas-de-chavon-escuela-de-diseno-en-la-galeria\/#breadcrumb"},"inLanguage":"es","potentialAction":[{"@type":"ReadAction","target":["https:\/\/casadecampoliving.com\/es\/venta-de-arte-a-beneficio-del-programa-de-becas-de-chavon-escuela-de-diseno-en-la-galeria\/"]}]},{"@type":"ImageObject","inLanguage":"es","@id":"https:\/\/casadecampoliving.com\/es\/venta-de-arte-a-beneficio-del-programa-de-becas-de-chavon-escuela-de-diseno-en-la-galeria\/#primaryimage","url":"https:\/\/i0.wp.com\/casadecampoliving.com\/wp-content\/uploads\/2022\/10\/20210726_093010-scaled-2.jpg?fit=2560%2C1440&ssl=1","contentUrl":"https:\/\/i0.wp.com\/casadecampoliving.com\/wp-content\/uploads\/2022\/10\/20210726_093010-scaled-2.jpg?fit=2560%2C1440&ssl=1","width":2560,"height":1440},{"@type":"BreadcrumbList","@id":"https:\/\/casadecampoliving.com\/es\/venta-de-arte-a-beneficio-del-programa-de-becas-de-chavon-escuela-de-diseno-en-la-galeria\/#breadcrumb","itemListElement":[{"@type":"ListItem","position":1,"name":"Home","item":"https:\/\/casadecampoliving.com\/es\/"},{"@type":"ListItem","position":2,"name":"Venta de arte a beneficio del Programa de Becas de Chav\u00f3n Escuela de Dise\u00f1o en la Galer\u00eda"}]},{"@type":"WebSite","@id":"https:\/\/casadecampoliving.com\/es\/#website","url":"https:\/\/casadecampoliving.com\/es\/","name":"Casa de Campo Living","description":"Resort community news and resources.","publisher":{"@id":"https:\/\/casadecampoliving.com\/es\/#organization"},"potentialAction":[{"@type":"SearchAction","target":{"@type":"EntryPoint","urlTemplate":"https:\/\/casadecampoliving.com\/es\/?s={search_term_string}"},"query-input":{"@type":"PropertyValueSpecification","valueRequired":true,"valueName":"search_term_string"}}],"inLanguage":"es"},{"@type":"Organization","@id":"https:\/\/casadecampoliving.com\/es\/#organization","name":"Casa de Campo Living","url":"https:\/\/casadecampoliving.com\/es\/","logo":{"@type":"ImageObject","inLanguage":"es","@id":"https:\/\/casadecampoliving.com\/es\/#\/schema\/logo\/image\/","url":"https:\/\/i0.wp.com\/casadecampoliving.com\/wp-content\/uploads\/2022\/07\/CDCLivingLogo_V1-white-sized.png?fit=800%2C214&ssl=1","contentUrl":"https:\/\/i0.wp.com\/casadecampoliving.com\/wp-content\/uploads\/2022\/07\/CDCLivingLogo_V1-white-sized.png?fit=800%2C214&ssl=1","width":800,"height":214,"caption":"Casa de Campo Living"},"image":{"@id":"https:\/\/casadecampoliving.com\/es\/#\/schema\/logo\/image\/"},"sameAs":["https:\/\/www.facebook.com\/casadecampoliving","https:\/\/x.com\/cdcliving"]},{"@type":"Person","@id":"https:\/\/casadecampoliving.com\/es\/#\/schema\/person\/5d2171637a9d11e0e43ce6b8555f9422","name":"Casa de Campo Living","image":{"@type":"ImageObject","inLanguage":"es","@id":"https:\/\/secure.gravatar.com\/avatar\/d04101fa4a9fd431e939953b1500fdc7a73cd35029f86d98712fd8ccdaebaf9a?s=96&d=mm&r=g","url":"https:\/\/secure.gravatar.com\/avatar\/d04101fa4a9fd431e939953b1500fdc7a73cd35029f86d98712fd8ccdaebaf9a?s=96&d=mm&r=g","contentUrl":"https:\/\/secure.gravatar.com\/avatar\/d04101fa4a9fd431e939953b1500fdc7a73cd35029f86d98712fd8ccdaebaf9a?s=96&d=mm&r=g","caption":"Casa de Campo Living"},"url":"https:\/\/casadecampoliving.com\/es\/author\/casa-de-campo-living\/"}]}},"parsely":{"version":"1.1.0","canonical_url":"https:\/\/casadecampoliving.com\/es\/venta-de-arte-a-beneficio-del-programa-de-becas-de-chavon-escuela-de-diseno-en-la-galeria\/","smart_links":{"inbound":0,"outbound":0},"traffic_boost_suggestions_count":0,"meta":{"@context":"https:\/\/schema.org","@type":"NewsArticle","headline":"Venta de arte a beneficio del Programa de Becas de Chav\u00f3n Escuela de Dise\u00f1o en la Galer\u00eda","url":"http:\/\/casadecampoliving.com\/es\/venta-de-arte-a-beneficio-del-programa-de-becas-de-chavon-escuela-de-diseno-en-la-galeria\/","mainEntityOfPage":{"@type":"WebPage","@id":"http:\/\/casadecampoliving.com\/es\/venta-de-arte-a-beneficio-del-programa-de-becas-de-chavon-escuela-de-diseno-en-la-galeria\/"},"thumbnailUrl":"https:\/\/i0.wp.com\/casadecampoliving.com\/wp-content\/uploads\/2022\/10\/20210726_093010-scaled-2.jpg?resize=150%2C150&ssl=1","image":{"@type":"ImageObject","url":"https:\/\/i0.wp.com\/casadecampoliving.com\/wp-content\/uploads\/2022\/10\/20210726_093010-scaled-2.jpg?fit=2560%2C1440&ssl=1"},"articleSection":"Altos de Chavon @es","author":[{"@type":"Person","name":"Casa de Campo Living"}],"creator":["Casa de Campo Living"],"publisher":{"@type":"Organization","name":"Casa de Campo Living","logo":"https:\/\/casadecampoliving.com\/wp-content\/uploads\/2022\/07\/CDCLivingLogo_V1-white-sized.png"},"keywords":["altos de chavon -es","arte","artistas en residencia","destacados","estudiantes","exposici\u00f3n","featured-topview @es","fundacion centro cultural altos de chavon","la galeria","obra"],"dateCreated":"2021-07-28T04:00:00Z","datePublished":"2021-07-28T04:00:00Z","dateModified":"2022-11-10T14:30:49Z"},"rendered":"<script type=\"application\/ld+json\" class=\"wp-parsely-metadata\">{\"@context\":\"https:\\\/\\\/schema.org\",\"@type\":\"NewsArticle\",\"headline\":\"Venta de arte a beneficio del Programa de Becas de Chav\\u00f3n Escuela de Dise\\u00f1o en la Galer\\u00eda\",\"url\":\"http:\\\/\\\/casadecampoliving.com\\\/es\\\/venta-de-arte-a-beneficio-del-programa-de-becas-de-chavon-escuela-de-diseno-en-la-galeria\\\/\",\"mainEntityOfPage\":{\"@type\":\"WebPage\",\"@id\":\"http:\\\/\\\/casadecampoliving.com\\\/es\\\/venta-de-arte-a-beneficio-del-programa-de-becas-de-chavon-escuela-de-diseno-en-la-galeria\\\/\"},\"thumbnailUrl\":\"https:\\\/\\\/i0.wp.com\\\/casadecampoliving.com\\\/wp-content\\\/uploads\\\/2022\\\/10\\\/20210726_093010-scaled-2.jpg?resize=150%2C150&ssl=1\",\"image\":{\"@type\":\"ImageObject\",\"url\":\"https:\\\/\\\/i0.wp.com\\\/casadecampoliving.com\\\/wp-content\\\/uploads\\\/2022\\\/10\\\/20210726_093010-scaled-2.jpg?fit=2560%2C1440&ssl=1\"},\"articleSection\":\"Altos de Chavon @es\",\"author\":[{\"@type\":\"Person\",\"name\":\"Casa de Campo Living\"}],\"creator\":[\"Casa de Campo Living\"],\"publisher\":{\"@type\":\"Organization\",\"name\":\"Casa de Campo Living\",\"logo\":\"https:\\\/\\\/casadecampoliving.com\\\/wp-content\\\/uploads\\\/2022\\\/07\\\/CDCLivingLogo_V1-white-sized.png\"},\"keywords\":[\"altos de chavon -es\",\"arte\",\"artistas en residencia\",\"destacados\",\"estudiantes\",\"exposici\\u00f3n\",\"featured-topview @es\",\"fundacion centro cultural altos de chavon\",\"la galeria\",\"obra\"],\"dateCreated\":\"2021-07-28T04:00:00Z\",\"datePublished\":\"2021-07-28T04:00:00Z\",\"dateModified\":\"2022-11-10T14:30:49Z\"}<\/script>","tracker_url":"https:\/\/cdn.parsely.com\/keys\/casadecampoliving.com\/p.js"},"jetpack_publicize_connections":[],"jetpack_featured_media_url":"https:\/\/i0.wp.com\/casadecampoliving.com\/wp-content\/uploads\/2022\/10\/20210726_093010-scaled-2.jpg?fit=2560%2C1440&ssl=1","jetpack-related-posts":[{"id":433460,"url":"https:\/\/casadecampoliving.com\/es\/no-se-pierdan-el-increible-tributo-a-frank-sinatra-para-celebrar-el-40-aniversario-del-anfiteatro-altos-de-chavon\/","url_meta":{"origin":354119,"position":0},"title":"No se pierdan el incre\u00edble tributo a Frank Sinatra para celebrar el 40 aniversario del\u00a0Anfiteatro Altos de Chav\u00f3n","author":"Casa de Campo Living","date":"20 Oct, 2022","format":false,"excerpt":"Siendo uno de los escenarios m\u00e1s emblem\u00e1ticos del pa\u00eds, Casa de Campo Resort\u00ae & Villas celebra las cuatro d\u00e9cadas de aniversario de Altos de Chav\u00f3n con un tributo al gran Frank Sinatra, protagonizado por artistas invitados y una big band tal cual la que acompa\u00f1\u00f3 al artista hace 40 a\u00f1os\u2026","rel":"","context":"En \u00abUncategorized @es\u00bb","block_context":{"text":"Uncategorized @es","link":"https:\/\/casadecampoliving.com\/es\/category\/uncategorized-es\/"},"img":{"alt_text":"","src":"https:\/\/i0.wp.com\/casadecampoliving.com\/wp-content\/uploads\/2022\/10\/Tributo-Frank-Sinatra-Foto-Principal-Amaury-Sanchez-Danilo-Ginebra-Andres-Pichardo-y-Jose-Gabriel-Perez-.jpg?fit=1200%2C873&ssl=1&resize=350%2C200","width":350,"height":200,"srcset":"https:\/\/i0.wp.com\/casadecampoliving.com\/wp-content\/uploads\/2022\/10\/Tributo-Frank-Sinatra-Foto-Principal-Amaury-Sanchez-Danilo-Ginebra-Andres-Pichardo-y-Jose-Gabriel-Perez-.jpg?fit=1200%2C873&ssl=1&resize=350%2C200 1x, https:\/\/i0.wp.com\/casadecampoliving.com\/wp-content\/uploads\/2022\/10\/Tributo-Frank-Sinatra-Foto-Principal-Amaury-Sanchez-Danilo-Ginebra-Andres-Pichardo-y-Jose-Gabriel-Perez-.jpg?fit=1200%2C873&ssl=1&resize=525%2C300 1.5x, https:\/\/i0.wp.com\/casadecampoliving.com\/wp-content\/uploads\/2022\/10\/Tributo-Frank-Sinatra-Foto-Principal-Amaury-Sanchez-Danilo-Ginebra-Andres-Pichardo-y-Jose-Gabriel-Perez-.jpg?fit=1200%2C873&ssl=1&resize=700%2C400 2x, https:\/\/i0.wp.com\/casadecampoliving.com\/wp-content\/uploads\/2022\/10\/Tributo-Frank-Sinatra-Foto-Principal-Amaury-Sanchez-Danilo-Ginebra-Andres-Pichardo-y-Jose-Gabriel-Perez-.jpg?fit=1200%2C873&ssl=1&resize=1050%2C600 3x"},"classes":[]},{"id":350273,"url":"https:\/\/casadecampoliving.com\/es\/hermosa-coleccion-arte-exhibicion-la-galeria-altos-de-chavon\/","url_meta":{"origin":354119,"position":1},"title":"Colecci\u00f3n de arte en exhibicion AHORA en La Galer\u00eda de Altos de Chav\u00f3n","author":"Marlenys Guzm\u00e1n Casta\u00f1os","date":"29 Jul, 2016","format":false,"excerpt":"\u00a1M\u00e1s buenas noticias para los amantes del arte! Ayer les dimos todos los detalles de la edici\u00f3n m\u00e1s reciente de Art Chav\u00f3n 2016 en el nuevo campus de Chav\u00f3n Escuela de Dise\u00f1o en Santo Domingo donde su compra ayudar\u00e1 a financiar el programa de becas de la Fundaci\u00f3n Centro Cultural\u2026","rel":"","context":"En \u00abAltos de Chavon @es\u00bb","block_context":{"text":"Altos de Chavon @es","link":"https:\/\/casadecampoliving.com\/category\/altos-de-chavon-es\/"},"img":{"alt_text":"","src":"https:\/\/i0.wp.com\/casadecampoliving.com\/wp-content\/uploads\/2022\/10\/The-Gallery-1.jpg?fit=1000%2C600&ssl=1&resize=350%2C200","width":350,"height":200,"srcset":"https:\/\/i0.wp.com\/casadecampoliving.com\/wp-content\/uploads\/2022\/10\/The-Gallery-1.jpg?fit=1000%2C600&ssl=1&resize=350%2C200 1x, https:\/\/i0.wp.com\/casadecampoliving.com\/wp-content\/uploads\/2022\/10\/The-Gallery-1.jpg?fit=1000%2C600&ssl=1&resize=525%2C300 1.5x, https:\/\/i0.wp.com\/casadecampoliving.com\/wp-content\/uploads\/2022\/10\/The-Gallery-1.jpg?fit=1000%2C600&ssl=1&resize=700%2C400 2x"},"classes":[]},{"id":348562,"url":"https:\/\/casadecampoliving.com\/es\/exposicion-artistas-en-residencia-altos-de-chavon-otono-2015\/","url_meta":{"origin":354119,"position":2},"title":"Exposici\u00f3n de Artistas en Residencia en La Galer\u00eda de Altos de Chav\u00f3n este jueves","author":"Felix Guerrero","date":"17 Nov, 2015","format":false,"excerpt":"La Galer\u00eda Principal de Altos de Chav\u00f3n anuncia la exposici\u00f3n del\u00a0programa\u00a0\u201cArtistas en Residencia, Oto\u00f1o 2015\u201d, bajo la Fundaci\u00f3n Centro Cultural Altos de Chav\u00f3n, la cual ser\u00e1 oficialmente inaugurada con un coctel de apertura en La Galer\u00eda este jueves, 19 de noviembre, a las 6pm, con los artistas Alma Peguero, Tom\u00e1s\u2026","rel":"","context":"En \u00abAltos de Chavon @es\u00bb","block_context":{"text":"Altos de Chavon @es","link":"https:\/\/casadecampoliving.com\/category\/altos-de-chavon-es\/"},"img":{"alt_text":"AIR Header","src":"https:\/\/i0.wp.com\/casadecampoliving.com\/wp-content\/uploads\/2022\/10\/AIR-Header-1.jpg?fit=650%2C400&ssl=1&resize=350%2C200","width":350,"height":200,"srcset":"https:\/\/i0.wp.com\/casadecampoliving.com\/wp-content\/uploads\/2022\/10\/AIR-Header-1.jpg?fit=650%2C400&ssl=1&resize=350%2C200 1x, https:\/\/i0.wp.com\/casadecampoliving.com\/wp-content\/uploads\/2022\/10\/AIR-Header-1.jpg?fit=650%2C400&ssl=1&resize=525%2C300 1.5x"},"classes":[]},{"id":351320,"url":"https:\/\/casadecampoliving.com\/es\/la-galeria-altos-de-chavon-se-llena-de-vida-con-art-chavon-2017\/","url_meta":{"origin":354119,"position":3},"title":"La Galer\u00eda Altos de Chav\u00f3n se llena de vida con Art Chav\u00f3n 2017","author":"Heather Lincoln","date":"31 Mar, 2017","format":false,"excerpt":"La Galer\u00eda de Altos de Chav\u00f3n abri\u00f3 el mi\u00e9rcoles por la noche con Art Chav\u00f3n 2017, una exposici\u00f3n compuesta por piezas de los estudiantes, graduados, profesores, as\u00ed como de artistas en residencia a lo largo de los a\u00f1os. Muchas obras nuevas estaban en exhibici\u00f3n, pero unos pocos son tesoros a\u00fan\u2026","rel":"","context":"En \u00abAltos de Chavon @es\u00bb","block_context":{"text":"Altos de Chavon @es","link":"https:\/\/casadecampoliving.com\/category\/altos-de-chavon-es\/"},"img":{"alt_text":"Art Chav\u00f3n 2017","src":"https:\/\/i0.wp.com\/casadecampoliving.com\/wp-content\/uploads\/2022\/10\/IMG_9528-e1490927403605.jpg?fit=1000%2C600&ssl=1&resize=350%2C200","width":350,"height":200,"srcset":"https:\/\/i0.wp.com\/casadecampoliving.com\/wp-content\/uploads\/2022\/10\/IMG_9528-e1490927403605.jpg?fit=1000%2C600&ssl=1&resize=350%2C200 1x, https:\/\/i0.wp.com\/casadecampoliving.com\/wp-content\/uploads\/2022\/10\/IMG_9528-e1490927403605.jpg?fit=1000%2C600&ssl=1&resize=525%2C300 1.5x, https:\/\/i0.wp.com\/casadecampoliving.com\/wp-content\/uploads\/2022\/10\/IMG_9528-e1490927403605.jpg?fit=1000%2C600&ssl=1&resize=700%2C400 2x"},"classes":[]},{"id":350413,"url":"https:\/\/casadecampoliving.com\/es\/catalogo-digital-de-art-chavon-2016-disponible\/","url_meta":{"origin":354119,"position":4},"title":"\u00a1El cat\u00e1logo digital de Art Chav\u00f3n 2016 ya esta disponible!","author":"Heather Lincoln","date":"23 Ago, 2016","format":false,"excerpt":"La Fundaci\u00f3n Centro Cultural Altos de Chav\u00f3n acaba de publicar\u00a0el cat\u00e1logo digital de Art Chav\u00f3n 2016, con una serie de obras de arte de los estudiantes actuales, graduados, \u00a1y Artistas en Residencia Davidoff! El cat\u00e1logo es\u00a0una excelente manera de ver la colecci\u00f3n completa que estaba en exhibici\u00f3n el pasado mes\u2026","rel":"","context":"En \u00abAltos de Chavon @es\u00bb","block_context":{"text":"Altos de Chavon @es","link":"https:\/\/casadecampoliving.com\/category\/altos-de-chavon-es\/"},"img":{"alt_text":"Art Chav\u00f3n 2016","src":"https:\/\/i0.wp.com\/casadecampoliving.com\/wp-content\/uploads\/2022\/10\/Art_Chavon_2016-e1471976329477.jpg?fit=1000%2C563&ssl=1&resize=350%2C200","width":350,"height":200,"srcset":"https:\/\/i0.wp.com\/casadecampoliving.com\/wp-content\/uploads\/2022\/10\/Art_Chavon_2016-e1471976329477.jpg?fit=1000%2C563&ssl=1&resize=350%2C200 1x, https:\/\/i0.wp.com\/casadecampoliving.com\/wp-content\/uploads\/2022\/10\/Art_Chavon_2016-e1471976329477.jpg?fit=1000%2C563&ssl=1&resize=525%2C300 1.5x, https:\/\/i0.wp.com\/casadecampoliving.com\/wp-content\/uploads\/2022\/10\/Art_Chavon_2016-e1471976329477.jpg?fit=1000%2C563&ssl=1&resize=700%2C400 2x"},"classes":[]},{"id":338993,"url":"https:\/\/casadecampoliving.com\/es\/la-exposicion-fin-de-ano-de-la-escuela-de-arte-y-diseno-de-altos-de-chavon-sera-inaugurada-el-sab-12-de-mayo\/","url_meta":{"origin":354119,"position":5},"title":"La exposici\u00f3n \u00abFin de A\u00f1o\u00bb de la Escuela de Arte y Dise\u00f1o de Altos de Chav\u00f3n ser\u00e1 inaugurada el s\u00e1b 12 de mayo!","author":"","date":"11 May, 2012","format":false,"excerpt":"Este s\u00e1bado 12 de mayo, la clase graduanda de la Escuela de Arte y Dise\u00f1o de Altos de Chav\u00f3n estar\u00e1n celebrando su graduaci\u00f3n con el c\u00f3ctel de inauguraci\u00f3n de su exhibici\u00f3n de arte \u201cFin de A\u00f1o\u201d \u2013 la cual ya se encuentra en la galer\u00eda de arte de Altos de\u2026","rel":"","context":"En \u00abAltos de Chavon @es\u00bb","block_context":{"text":"Altos de Chavon @es","link":"https:\/\/casadecampoliving.com\/category\/altos-de-chavon-es\/"},"img":{"alt_text":"","src":"https:\/\/i0.wp.com\/casadecampoliving.com\/wp-content\/uploads\/2022\/10\/altos_de_chavon_students_casadecampo-1.jpg?fit=565%2C366&ssl=1&resize=350%2C200","width":350,"height":200,"srcset":"https:\/\/i0.wp.com\/casadecampoliving.com\/wp-content\/uploads\/2022\/10\/altos_de_chavon_students_casadecampo-1.jpg?fit=565%2C366&ssl=1&resize=350%2C200 1x, https:\/\/i0.wp.com\/casadecampoliving.com\/wp-content\/uploads\/2022\/10\/altos_de_chavon_students_casadecampo-1.jpg?fit=565%2C366&ssl=1&resize=525%2C300 1.5x"},"classes":[]}],"jetpack_sharing_enabled":true,"_links":{"self":[{"href":"https:\/\/casadecampoliving.com\/es\/wp-json\/wp\/v2\/posts\/354119","targetHints":{"allow":["GET"]}}],"collection":[{"href":"https:\/\/casadecampoliving.com\/es\/wp-json\/wp\/v2\/posts"}],"about":[{"href":"https:\/\/casadecampoliving.com\/es\/wp-json\/wp\/v2\/types\/post"}],"author":[{"embeddable":true,"href":"https:\/\/casadecampoliving.com\/es\/wp-json\/wp\/v2\/users\/36791"}],"replies":[{"embeddable":true,"href":"https:\/\/casadecampoliving.com\/es\/wp-json\/wp\/v2\/comments?post=354119"}],"version-history":[{"count":2,"href":"https:\/\/casadecampoliving.com\/es\/wp-json\/wp\/v2\/posts\/354119\/revisions"}],"predecessor-version":[{"id":506695,"href":"https:\/\/casadecampoliving.com\/es\/wp-json\/wp\/v2\/posts\/354119\/revisions\/506695"}],"wp:featuredmedia":[{"embeddable":true,"href":"https:\/\/casadecampoliving.com\/es\/wp-json\/wp\/v2\/media\/333711"}],"wp:attachment":[{"href":"https:\/\/casadecampoliving.com\/es\/wp-json\/wp\/v2\/media?parent=354119"}],"wp:term":[{"taxonomy":"category","embeddable":true,"href":"https:\/\/casadecampoliving.com\/es\/wp-json\/wp\/v2\/categories?post=354119"},{"taxonomy":"post_tag","embeddable":true,"href":"https:\/\/casadecampoliving.com\/es\/wp-json\/wp\/v2\/tags?post=354119"},{"taxonomy":"newspack_spnsrs_tax","embeddable":true,"href":"https:\/\/casadecampoliving.com\/es\/wp-json\/wp\/v2\/newspack_spnsrs_tax?post=354119"}],"curies":[{"name":"wp","href":"https:\/\/api.w.org\/{rel}","templated":true}]}}