{"id":354100,"date":"2021-07-13T00:00:00","date_gmt":"2021-07-13T04:00:00","guid":{"rendered":"https:\/\/casadecampoliving.com\/descanse-en-paz-don-eduardo-martinez-lima\/"},"modified":"2022-10-21T19:07:29","modified_gmt":"2022-10-21T23:07:29","slug":"descanse-en-paz-don-eduardo-martinez-lima","status":"publish","type":"post","link":"https:\/\/casadecampoliving.com\/es\/descanse-en-paz-don-eduardo-martinez-lima\/","title":{"rendered":"Descanse en Paz, Don Eduardo Mart\u00ednez-Lima"},"content":{"rendered":"\n<p>Es con gran tristeza que le traemos la noticia del fallecimiento de Don Eduardo Mart\u00ednez-Lima, de 80 a\u00f1os. La Junta de Directores de Central Romana Corporation, Ltd. expresa su m\u00e1s sentido pesar por el fallecimiento de uno de sus Miembros, el ingeniero Eduardo Mart\u00ednez Lima, Vicepresidente Ejecutivo de nuestra compa\u00f1\u00eda.<\/p>\n\n\n\n<p>Por casi 55 a\u00f1os Don Eduardo dedic\u00f3 su vida, conocimientos y talento al crecimiento y desarrollo de nuestra empresa, su impacto positivo en La Romana y la regi\u00f3n Este, as\u00ed como a los miles de colaboradores que trabajan en ella.<\/p>\n\n\n\n<p>Le sobreviven su esposa Jeannette, sus hijos Johanna, Eduardo, y Alejandro, as\u00ed como sus nietas y nieto.<\/p>\n\n\n\n<p>Extendemos a su familia nuestras condolencias en este momento de dolor y respetamos su deseo de conmemorar las honras f\u00fanebres en estricta intimidad familiar, tomando en cuenta las condiciones actuales.<\/p>\n\n\n\n<p>En los pr\u00f3ximos d\u00edas se anunciar\u00e1 una misa en recuerdo de su vida, para la participaci\u00f3n de todos sus amigos y allegados.<\/p>\n","protected":false},"excerpt":{"rendered":"<p>Es con gran tristeza que le traemos la noticia del fallecimiento de Don Eduardo Mart\u00ednez-Lima, de 80 a\u00f1os. La Junta de Directores de Central Romana Corporation, Ltd. expresa su m\u00e1s sentido pesar por el fallecimiento de uno de sus Miembros, el ingeniero Eduardo Mart\u00ednez Lima, Vicepresidente Ejecutivo de nuestra compa\u00f1\u00eda. Por casi 55 a\u00f1os Don [&hellip;]<\/p>\n","protected":false},"author":36791,"featured_media":333646,"comment_status":"closed","ping_status":"open","sticky":false,"template":"","format":"standard","meta":{"newspack_ads_suppress_ads":false,"newspack_popups_has_disabled_popups":false,"newspack_sponsor_sponsorship_scope":"","newspack_sponsor_native_byline_display":"inherit","newspack_sponsor_native_category_display":"inherit","newspack_sponsor_underwriter_style":"inherit","newspack_sponsor_underwriter_placement":"inherit","_newspack_byline_active":false,"_newspack_byline":"","newspack_hide_updated_date":false,"newspack_show_updated_date":false,"newspack_content_restriction_is_exempt":false,"newspack_featured_image_position":"","newspack_post_subtitle":"","newspack_article_summary_title":"Overview:","newspack_article_summary":"","_jetpack_memberships_contains_paid_content":false,"footnotes":"","jetpack_publicize_message":"","jetpack_publicize_feature_enabled":true,"jetpack_social_post_already_shared":false,"jetpack_social_options":{"image_generator_settings":{"template":"highway","default_image_id":0,"font":"","enabled":false},"version":2},"_wpas_customize_per_network":false},"categories":[26936,26954,14625,2521],"tags":[7214,7215],"newspack_spnsrs_tax":[],"class_list":["post-354100","post","type-post","status-publish","format-standard","has-post-thumbnail","hentry","category-casa-de-campo-living-es","category-comunidad-casa-de-campo-living-es","category-noticias-locales","category-republica-dominicana-2","tag-en-memoria-de","tag-obituario","entry"],"yoast_head":"<!-- This site is optimized with the Yoast SEO plugin v27.5 - https:\/\/yoast.com\/product\/yoast-seo-wordpress\/ -->\n<title>Descanse en Paz, Don Eduardo Mart\u00ednez-Lima | Casa de Campo Living<\/title>\n<meta name=\"description\" content=\"Es con gran tristeza que le traemos la noticia del fallecimiento de Don Eduardo Mart\u00ednez-Lima, de 80 a\u00f1os. La Junta de Directores de Central Romana\" \/>\n<meta name=\"robots\" content=\"index, follow, max-snippet:-1, max-image-preview:large, max-video-preview:-1\" \/>\n<link rel=\"canonical\" href=\"https:\/\/casadecampoliving.com\/es\/descanse-en-paz-don-eduardo-martinez-lima\/\" \/>\n<meta property=\"og:locale\" content=\"es_ES\" \/>\n<meta property=\"og:type\" content=\"article\" \/>\n<meta property=\"og:title\" content=\"Descanse en Paz, Don Eduardo Mart\u00ednez-Lima | Casa de Campo Living\" \/>\n<meta property=\"og:description\" content=\"Es con gran tristeza que le traemos la noticia del fallecimiento de Don Eduardo Mart\u00ednez-Lima, de 80 a\u00f1os. La Junta de Directores de Central Romana\" \/>\n<meta property=\"og:url\" content=\"https:\/\/casadecampoliving.com\/es\/descanse-en-paz-don-eduardo-martinez-lima\/\" \/>\n<meta property=\"og:site_name\" content=\"Casa de Campo Living\" \/>\n<meta property=\"article:publisher\" content=\"https:\/\/www.facebook.com\/casadecampoliving\" \/>\n<meta property=\"article:published_time\" content=\"2021-07-13T04:00:00+00:00\" \/>\n<meta property=\"article:modified_time\" content=\"2022-10-21T23:07:29+00:00\" \/>\n<meta property=\"og:image\" content=\"https:\/\/i0.wp.com\/casadecampoliving.com\/wp-content\/uploads\/2022\/10\/214346339_807465193293300_6100738239656844886_n-1.jpg?fit=1000%2C751&ssl=1\" \/>\n\t<meta property=\"og:image:width\" content=\"1000\" \/>\n\t<meta property=\"og:image:height\" content=\"751\" \/>\n\t<meta property=\"og:image:type\" content=\"image\/jpeg\" \/>\n<meta name=\"author\" content=\"Casa de Campo Living\" \/>\n<meta name=\"twitter:card\" content=\"summary_large_image\" \/>\n<meta name=\"twitter:creator\" content=\"@cdcliving\" \/>\n<meta name=\"twitter:site\" content=\"@cdcliving\" \/>\n<meta name=\"twitter:label1\" content=\"Escrito por\" \/>\n\t<meta name=\"twitter:data1\" content=\"Casa de Campo Living\" \/>\n\t<meta name=\"twitter:label2\" content=\"Tiempo de lectura\" \/>\n\t<meta name=\"twitter:data2\" content=\"1 minuto\" \/>\n<script type=\"application\/ld+json\" class=\"yoast-schema-graph\">{\"@context\":\"https:\\\/\\\/schema.org\",\"@graph\":[{\"@type\":\"Article\",\"@id\":\"https:\\\/\\\/casadecampoliving.com\\\/es\\\/descanse-en-paz-don-eduardo-martinez-lima\\\/#article\",\"isPartOf\":{\"@id\":\"https:\\\/\\\/casadecampoliving.com\\\/es\\\/descanse-en-paz-don-eduardo-martinez-lima\\\/\"},\"author\":{\"name\":\"Casa de Campo Living\",\"@id\":\"https:\\\/\\\/casadecampoliving.com\\\/es\\\/#\\\/schema\\\/person\\\/5d2171637a9d11e0e43ce6b8555f9422\"},\"headline\":\"Descanse en Paz, Don Eduardo Mart\u00ednez-Lima\",\"datePublished\":\"2021-07-13T04:00:00+00:00\",\"dateModified\":\"2022-10-21T23:07:29+00:00\",\"mainEntityOfPage\":{\"@id\":\"https:\\\/\\\/casadecampoliving.com\\\/es\\\/descanse-en-paz-don-eduardo-martinez-lima\\\/\"},\"wordCount\":175,\"publisher\":{\"@id\":\"https:\\\/\\\/casadecampoliving.com\\\/es\\\/#organization\"},\"image\":{\"@id\":\"https:\\\/\\\/casadecampoliving.com\\\/es\\\/descanse-en-paz-don-eduardo-martinez-lima\\\/#primaryimage\"},\"thumbnailUrl\":\"https:\\\/\\\/i0.wp.com\\\/casadecampoliving.com\\\/wp-content\\\/uploads\\\/2022\\\/10\\\/214346339_807465193293300_6100738239656844886_n-1.jpg?fit=1000%2C751&ssl=1\",\"keywords\":[\"en memoria de\",\"obituario\"],\"articleSection\":[\"Casa de Campo Living @es\",\"Comunidad\",\"Noticias Locales\",\"Rep\u00fablica Dominicana @es\"],\"inLanguage\":\"es\"},{\"@type\":\"WebPage\",\"@id\":\"https:\\\/\\\/casadecampoliving.com\\\/es\\\/descanse-en-paz-don-eduardo-martinez-lima\\\/\",\"url\":\"https:\\\/\\\/casadecampoliving.com\\\/es\\\/descanse-en-paz-don-eduardo-martinez-lima\\\/\",\"name\":\"Descanse en Paz, Don Eduardo Mart\u00ednez-Lima | Casa de Campo Living\",\"isPartOf\":{\"@id\":\"https:\\\/\\\/casadecampoliving.com\\\/es\\\/#website\"},\"primaryImageOfPage\":{\"@id\":\"https:\\\/\\\/casadecampoliving.com\\\/es\\\/descanse-en-paz-don-eduardo-martinez-lima\\\/#primaryimage\"},\"image\":{\"@id\":\"https:\\\/\\\/casadecampoliving.com\\\/es\\\/descanse-en-paz-don-eduardo-martinez-lima\\\/#primaryimage\"},\"thumbnailUrl\":\"https:\\\/\\\/i0.wp.com\\\/casadecampoliving.com\\\/wp-content\\\/uploads\\\/2022\\\/10\\\/214346339_807465193293300_6100738239656844886_n-1.jpg?fit=1000%2C751&ssl=1\",\"datePublished\":\"2021-07-13T04:00:00+00:00\",\"dateModified\":\"2022-10-21T23:07:29+00:00\",\"description\":\"Es con gran tristeza que le traemos la noticia del fallecimiento de Don Eduardo Mart\u00ednez-Lima, de 80 a\u00f1os. La Junta de Directores de Central Romana\",\"breadcrumb\":{\"@id\":\"https:\\\/\\\/casadecampoliving.com\\\/es\\\/descanse-en-paz-don-eduardo-martinez-lima\\\/#breadcrumb\"},\"inLanguage\":\"es\",\"potentialAction\":[{\"@type\":\"ReadAction\",\"target\":[\"https:\\\/\\\/casadecampoliving.com\\\/es\\\/descanse-en-paz-don-eduardo-martinez-lima\\\/\"]}]},{\"@type\":\"ImageObject\",\"inLanguage\":\"es\",\"@id\":\"https:\\\/\\\/casadecampoliving.com\\\/es\\\/descanse-en-paz-don-eduardo-martinez-lima\\\/#primaryimage\",\"url\":\"https:\\\/\\\/i0.wp.com\\\/casadecampoliving.com\\\/wp-content\\\/uploads\\\/2022\\\/10\\\/214346339_807465193293300_6100738239656844886_n-1.jpg?fit=1000%2C751&ssl=1\",\"contentUrl\":\"https:\\\/\\\/i0.wp.com\\\/casadecampoliving.com\\\/wp-content\\\/uploads\\\/2022\\\/10\\\/214346339_807465193293300_6100738239656844886_n-1.jpg?fit=1000%2C751&ssl=1\",\"width\":1000,\"height\":751},{\"@type\":\"BreadcrumbList\",\"@id\":\"https:\\\/\\\/casadecampoliving.com\\\/es\\\/descanse-en-paz-don-eduardo-martinez-lima\\\/#breadcrumb\",\"itemListElement\":[{\"@type\":\"ListItem\",\"position\":1,\"name\":\"Home\",\"item\":\"https:\\\/\\\/casadecampoliving.com\\\/es\\\/\"},{\"@type\":\"ListItem\",\"position\":2,\"name\":\"Descanse en Paz, Don Eduardo Mart\u00ednez-Lima\"}]},{\"@type\":\"WebSite\",\"@id\":\"https:\\\/\\\/casadecampoliving.com\\\/es\\\/#website\",\"url\":\"https:\\\/\\\/casadecampoliving.com\\\/es\\\/\",\"name\":\"Casa de Campo Living\",\"description\":\"Resort community news and resources.\",\"publisher\":{\"@id\":\"https:\\\/\\\/casadecampoliving.com\\\/es\\\/#organization\"},\"potentialAction\":[{\"@type\":\"SearchAction\",\"target\":{\"@type\":\"EntryPoint\",\"urlTemplate\":\"https:\\\/\\\/casadecampoliving.com\\\/es\\\/?s={search_term_string}\"},\"query-input\":{\"@type\":\"PropertyValueSpecification\",\"valueRequired\":true,\"valueName\":\"search_term_string\"}}],\"inLanguage\":\"es\"},{\"@type\":\"Organization\",\"@id\":\"https:\\\/\\\/casadecampoliving.com\\\/es\\\/#organization\",\"name\":\"Casa de Campo Living\",\"url\":\"https:\\\/\\\/casadecampoliving.com\\\/es\\\/\",\"logo\":{\"@type\":\"ImageObject\",\"inLanguage\":\"es\",\"@id\":\"https:\\\/\\\/casadecampoliving.com\\\/es\\\/#\\\/schema\\\/logo\\\/image\\\/\",\"url\":\"https:\\\/\\\/i0.wp.com\\\/casadecampoliving.com\\\/wp-content\\\/uploads\\\/2022\\\/07\\\/CDCLivingLogo_V1-white-sized.png?fit=800%2C214&ssl=1\",\"contentUrl\":\"https:\\\/\\\/i0.wp.com\\\/casadecampoliving.com\\\/wp-content\\\/uploads\\\/2022\\\/07\\\/CDCLivingLogo_V1-white-sized.png?fit=800%2C214&ssl=1\",\"width\":800,\"height\":214,\"caption\":\"Casa de Campo Living\"},\"image\":{\"@id\":\"https:\\\/\\\/casadecampoliving.com\\\/es\\\/#\\\/schema\\\/logo\\\/image\\\/\"},\"sameAs\":[\"https:\\\/\\\/www.facebook.com\\\/casadecampoliving\",\"https:\\\/\\\/x.com\\\/cdcliving\"]},{\"@type\":\"Person\",\"@id\":\"https:\\\/\\\/casadecampoliving.com\\\/es\\\/#\\\/schema\\\/person\\\/5d2171637a9d11e0e43ce6b8555f9422\",\"name\":\"Casa de Campo Living\",\"image\":{\"@type\":\"ImageObject\",\"inLanguage\":\"es\",\"@id\":\"https:\\\/\\\/secure.gravatar.com\\\/avatar\\\/d04101fa4a9fd431e939953b1500fdc7a73cd35029f86d98712fd8ccdaebaf9a?s=96&d=mm&r=g\",\"url\":\"https:\\\/\\\/secure.gravatar.com\\\/avatar\\\/d04101fa4a9fd431e939953b1500fdc7a73cd35029f86d98712fd8ccdaebaf9a?s=96&d=mm&r=g\",\"contentUrl\":\"https:\\\/\\\/secure.gravatar.com\\\/avatar\\\/d04101fa4a9fd431e939953b1500fdc7a73cd35029f86d98712fd8ccdaebaf9a?s=96&d=mm&r=g\",\"caption\":\"Casa de Campo Living\"},\"url\":\"https:\\\/\\\/casadecampoliving.com\\\/es\\\/author\\\/casa-de-campo-living\\\/\"}]}<\/script>\n<!-- \/ Yoast SEO plugin. -->","yoast_head_json":{"title":"Descanse en Paz, Don Eduardo Mart\u00ednez-Lima | Casa de Campo Living","description":"Es con gran tristeza que le traemos la noticia del fallecimiento de Don Eduardo Mart\u00ednez-Lima, de 80 a\u00f1os. La Junta de Directores de Central Romana","robots":{"index":"index","follow":"follow","max-snippet":"max-snippet:-1","max-image-preview":"max-image-preview:large","max-video-preview":"max-video-preview:-1"},"canonical":"https:\/\/casadecampoliving.com\/es\/descanse-en-paz-don-eduardo-martinez-lima\/","og_locale":"es_ES","og_type":"article","og_title":"Descanse en Paz, Don Eduardo Mart\u00ednez-Lima | Casa de Campo Living","og_description":"Es con gran tristeza que le traemos la noticia del fallecimiento de Don Eduardo Mart\u00ednez-Lima, de 80 a\u00f1os. La Junta de Directores de Central Romana","og_url":"https:\/\/casadecampoliving.com\/es\/descanse-en-paz-don-eduardo-martinez-lima\/","og_site_name":"Casa de Campo Living","article_publisher":"https:\/\/www.facebook.com\/casadecampoliving","article_published_time":"2021-07-13T04:00:00+00:00","article_modified_time":"2022-10-21T23:07:29+00:00","og_image":[{"width":1000,"height":751,"url":"https:\/\/i0.wp.com\/casadecampoliving.com\/wp-content\/uploads\/2022\/10\/214346339_807465193293300_6100738239656844886_n-1.jpg?fit=1000%2C751&ssl=1","type":"image\/jpeg"}],"author":"Casa de Campo Living","twitter_card":"summary_large_image","twitter_creator":"@cdcliving","twitter_site":"@cdcliving","twitter_misc":{"Escrito por":"Casa de Campo Living","Tiempo de lectura":"1 minuto"},"schema":{"@context":"https:\/\/schema.org","@graph":[{"@type":"Article","@id":"https:\/\/casadecampoliving.com\/es\/descanse-en-paz-don-eduardo-martinez-lima\/#article","isPartOf":{"@id":"https:\/\/casadecampoliving.com\/es\/descanse-en-paz-don-eduardo-martinez-lima\/"},"author":{"name":"Casa de Campo Living","@id":"https:\/\/casadecampoliving.com\/es\/#\/schema\/person\/5d2171637a9d11e0e43ce6b8555f9422"},"headline":"Descanse en Paz, Don Eduardo Mart\u00ednez-Lima","datePublished":"2021-07-13T04:00:00+00:00","dateModified":"2022-10-21T23:07:29+00:00","mainEntityOfPage":{"@id":"https:\/\/casadecampoliving.com\/es\/descanse-en-paz-don-eduardo-martinez-lima\/"},"wordCount":175,"publisher":{"@id":"https:\/\/casadecampoliving.com\/es\/#organization"},"image":{"@id":"https:\/\/casadecampoliving.com\/es\/descanse-en-paz-don-eduardo-martinez-lima\/#primaryimage"},"thumbnailUrl":"https:\/\/i0.wp.com\/casadecampoliving.com\/wp-content\/uploads\/2022\/10\/214346339_807465193293300_6100738239656844886_n-1.jpg?fit=1000%2C751&ssl=1","keywords":["en memoria de","obituario"],"articleSection":["Casa de Campo Living @es","Comunidad","Noticias Locales","Rep\u00fablica Dominicana @es"],"inLanguage":"es"},{"@type":"WebPage","@id":"https:\/\/casadecampoliving.com\/es\/descanse-en-paz-don-eduardo-martinez-lima\/","url":"https:\/\/casadecampoliving.com\/es\/descanse-en-paz-don-eduardo-martinez-lima\/","name":"Descanse en Paz, Don Eduardo Mart\u00ednez-Lima | Casa de Campo Living","isPartOf":{"@id":"https:\/\/casadecampoliving.com\/es\/#website"},"primaryImageOfPage":{"@id":"https:\/\/casadecampoliving.com\/es\/descanse-en-paz-don-eduardo-martinez-lima\/#primaryimage"},"image":{"@id":"https:\/\/casadecampoliving.com\/es\/descanse-en-paz-don-eduardo-martinez-lima\/#primaryimage"},"thumbnailUrl":"https:\/\/i0.wp.com\/casadecampoliving.com\/wp-content\/uploads\/2022\/10\/214346339_807465193293300_6100738239656844886_n-1.jpg?fit=1000%2C751&ssl=1","datePublished":"2021-07-13T04:00:00+00:00","dateModified":"2022-10-21T23:07:29+00:00","description":"Es con gran tristeza que le traemos la noticia del fallecimiento de Don Eduardo Mart\u00ednez-Lima, de 80 a\u00f1os. La Junta de Directores de Central Romana","breadcrumb":{"@id":"https:\/\/casadecampoliving.com\/es\/descanse-en-paz-don-eduardo-martinez-lima\/#breadcrumb"},"inLanguage":"es","potentialAction":[{"@type":"ReadAction","target":["https:\/\/casadecampoliving.com\/es\/descanse-en-paz-don-eduardo-martinez-lima\/"]}]},{"@type":"ImageObject","inLanguage":"es","@id":"https:\/\/casadecampoliving.com\/es\/descanse-en-paz-don-eduardo-martinez-lima\/#primaryimage","url":"https:\/\/i0.wp.com\/casadecampoliving.com\/wp-content\/uploads\/2022\/10\/214346339_807465193293300_6100738239656844886_n-1.jpg?fit=1000%2C751&ssl=1","contentUrl":"https:\/\/i0.wp.com\/casadecampoliving.com\/wp-content\/uploads\/2022\/10\/214346339_807465193293300_6100738239656844886_n-1.jpg?fit=1000%2C751&ssl=1","width":1000,"height":751},{"@type":"BreadcrumbList","@id":"https:\/\/casadecampoliving.com\/es\/descanse-en-paz-don-eduardo-martinez-lima\/#breadcrumb","itemListElement":[{"@type":"ListItem","position":1,"name":"Home","item":"https:\/\/casadecampoliving.com\/es\/"},{"@type":"ListItem","position":2,"name":"Descanse en Paz, Don Eduardo Mart\u00ednez-Lima"}]},{"@type":"WebSite","@id":"https:\/\/casadecampoliving.com\/es\/#website","url":"https:\/\/casadecampoliving.com\/es\/","name":"Casa de Campo Living","description":"Resort community news and resources.","publisher":{"@id":"https:\/\/casadecampoliving.com\/es\/#organization"},"potentialAction":[{"@type":"SearchAction","target":{"@type":"EntryPoint","urlTemplate":"https:\/\/casadecampoliving.com\/es\/?s={search_term_string}"},"query-input":{"@type":"PropertyValueSpecification","valueRequired":true,"valueName":"search_term_string"}}],"inLanguage":"es"},{"@type":"Organization","@id":"https:\/\/casadecampoliving.com\/es\/#organization","name":"Casa de Campo Living","url":"https:\/\/casadecampoliving.com\/es\/","logo":{"@type":"ImageObject","inLanguage":"es","@id":"https:\/\/casadecampoliving.com\/es\/#\/schema\/logo\/image\/","url":"https:\/\/i0.wp.com\/casadecampoliving.com\/wp-content\/uploads\/2022\/07\/CDCLivingLogo_V1-white-sized.png?fit=800%2C214&ssl=1","contentUrl":"https:\/\/i0.wp.com\/casadecampoliving.com\/wp-content\/uploads\/2022\/07\/CDCLivingLogo_V1-white-sized.png?fit=800%2C214&ssl=1","width":800,"height":214,"caption":"Casa de Campo Living"},"image":{"@id":"https:\/\/casadecampoliving.com\/es\/#\/schema\/logo\/image\/"},"sameAs":["https:\/\/www.facebook.com\/casadecampoliving","https:\/\/x.com\/cdcliving"]},{"@type":"Person","@id":"https:\/\/casadecampoliving.com\/es\/#\/schema\/person\/5d2171637a9d11e0e43ce6b8555f9422","name":"Casa de Campo Living","image":{"@type":"ImageObject","inLanguage":"es","@id":"https:\/\/secure.gravatar.com\/avatar\/d04101fa4a9fd431e939953b1500fdc7a73cd35029f86d98712fd8ccdaebaf9a?s=96&d=mm&r=g","url":"https:\/\/secure.gravatar.com\/avatar\/d04101fa4a9fd431e939953b1500fdc7a73cd35029f86d98712fd8ccdaebaf9a?s=96&d=mm&r=g","contentUrl":"https:\/\/secure.gravatar.com\/avatar\/d04101fa4a9fd431e939953b1500fdc7a73cd35029f86d98712fd8ccdaebaf9a?s=96&d=mm&r=g","caption":"Casa de Campo Living"},"url":"https:\/\/casadecampoliving.com\/es\/author\/casa-de-campo-living\/"}]}},"parsely":{"version":"1.1.0","canonical_url":"https:\/\/casadecampoliving.com\/es\/descanse-en-paz-don-eduardo-martinez-lima\/","smart_links":{"inbound":0,"outbound":0},"traffic_boost_suggestions_count":0,"meta":{"@context":"https:\/\/schema.org","@type":"NewsArticle","headline":"Descanse en Paz, Don Eduardo Mart\u00ednez-Lima","url":"http:\/\/casadecampoliving.com\/es\/descanse-en-paz-don-eduardo-martinez-lima\/","mainEntityOfPage":{"@type":"WebPage","@id":"http:\/\/casadecampoliving.com\/es\/descanse-en-paz-don-eduardo-martinez-lima\/"},"thumbnailUrl":"https:\/\/i0.wp.com\/casadecampoliving.com\/wp-content\/uploads\/2022\/10\/214346339_807465193293300_6100738239656844886_n-1.jpg?resize=150%2C150&ssl=1","image":{"@type":"ImageObject","url":"https:\/\/i0.wp.com\/casadecampoliving.com\/wp-content\/uploads\/2022\/10\/214346339_807465193293300_6100738239656844886_n-1.jpg?fit=1000%2C751&ssl=1"},"articleSection":"Comunidad","author":[{"@type":"Person","name":"Casa de Campo Living"}],"creator":["Casa de Campo Living"],"publisher":{"@type":"Organization","name":"Casa de Campo Living","logo":"https:\/\/casadecampoliving.com\/wp-content\/uploads\/2022\/07\/CDCLivingLogo_V1-white-sized.png"},"keywords":["en memoria de","obituario"],"dateCreated":"2021-07-13T04:00:00Z","datePublished":"2021-07-13T04:00:00Z","dateModified":"2022-10-21T23:07:29Z"},"rendered":"<script type=\"application\/ld+json\" class=\"wp-parsely-metadata\">{\"@context\":\"https:\\\/\\\/schema.org\",\"@type\":\"NewsArticle\",\"headline\":\"Descanse en Paz, Don Eduardo Mart\\u00ednez-Lima\",\"url\":\"http:\\\/\\\/casadecampoliving.com\\\/es\\\/descanse-en-paz-don-eduardo-martinez-lima\\\/\",\"mainEntityOfPage\":{\"@type\":\"WebPage\",\"@id\":\"http:\\\/\\\/casadecampoliving.com\\\/es\\\/descanse-en-paz-don-eduardo-martinez-lima\\\/\"},\"thumbnailUrl\":\"https:\\\/\\\/i0.wp.com\\\/casadecampoliving.com\\\/wp-content\\\/uploads\\\/2022\\\/10\\\/214346339_807465193293300_6100738239656844886_n-1.jpg?resize=150%2C150&ssl=1\",\"image\":{\"@type\":\"ImageObject\",\"url\":\"https:\\\/\\\/i0.wp.com\\\/casadecampoliving.com\\\/wp-content\\\/uploads\\\/2022\\\/10\\\/214346339_807465193293300_6100738239656844886_n-1.jpg?fit=1000%2C751&ssl=1\"},\"articleSection\":\"Comunidad\",\"author\":[{\"@type\":\"Person\",\"name\":\"Casa de Campo Living\"}],\"creator\":[\"Casa de Campo Living\"],\"publisher\":{\"@type\":\"Organization\",\"name\":\"Casa de Campo Living\",\"logo\":\"https:\\\/\\\/casadecampoliving.com\\\/wp-content\\\/uploads\\\/2022\\\/07\\\/CDCLivingLogo_V1-white-sized.png\"},\"keywords\":[\"en memoria de\",\"obituario\"],\"dateCreated\":\"2021-07-13T04:00:00Z\",\"datePublished\":\"2021-07-13T04:00:00Z\",\"dateModified\":\"2022-10-21T23:07:29Z\"}<\/script>","tracker_url":"https:\/\/cdn.parsely.com\/keys\/casadecampoliving.com\/p.js"},"jetpack_publicize_connections":[],"jetpack_featured_media_url":"https:\/\/i0.wp.com\/casadecampoliving.com\/wp-content\/uploads\/2022\/10\/214346339_807465193293300_6100738239656844886_n-1.jpg?fit=1000%2C751&ssl=1","jetpack-related-posts":[{"id":354211,"url":"https:\/\/casadecampoliving.com\/es\/la-asociacion-de-industrias-aird-rinde-homenaje-postumo-al-ingeniero-eduardo-martinez-lima-del-central-romana\/","url_meta":{"origin":354100,"position":0},"title":"La Asociaci\u00f3n de Industrias (AIRD) rinde homenaje p\u00f3stumo al Ingeniero Eduardo Mart\u00ednez Lima del Central Romana","author":"Casa de Campo Living","date":"3 Dic, 2021","format":false,"excerpt":"La Asociaci\u00f3n de Industrias de la Rep\u00fablica Dominicana (AIRD) reconoci\u00f3 de manera p\u00f3stuma al ingeniero Eduardo Mart\u00ednez Lima con el Galard\u00f3n del M\u00e9rito Industrial, durante un emotivo acto encabezado por el Presidente Luis Abinader en la 7ma entrega de los premios a la Industria Dominicana. Eduardo Mart\u00ednez Lima, ingeniero qu\u00edmico\u2026","rel":"","context":"En \u00abCasa de Campo Living @es\u00bb","block_context":{"text":"Casa de Campo Living @es","link":"https:\/\/casadecampoliving.com\/category\/casa-de-campo-living-es\/"},"img":{"alt_text":"Eduardo Mart\u00ednez Lima","src":"https:\/\/i0.wp.com\/casadecampoliving.com\/wp-content\/uploads\/2022\/10\/El-Presidente-Luis-Abinader-entrego%CC%81-el-homenaje-po%CC%81stumo-del-ingeniero-Eduardo-Marti%CC%81nez-Lima-a-su-esposa-Jeannette-e-hijos-scaled-e1638565778844-2.jpg?fit=1000%2C667&ssl=1&resize=350%2C200","width":350,"height":200,"srcset":"https:\/\/i0.wp.com\/casadecampoliving.com\/wp-content\/uploads\/2022\/10\/El-Presidente-Luis-Abinader-entrego%CC%81-el-homenaje-po%CC%81stumo-del-ingeniero-Eduardo-Marti%CC%81nez-Lima-a-su-esposa-Jeannette-e-hijos-scaled-e1638565778844-2.jpg?fit=1000%2C667&ssl=1&resize=350%2C200 1x, https:\/\/i0.wp.com\/casadecampoliving.com\/wp-content\/uploads\/2022\/10\/El-Presidente-Luis-Abinader-entrego%CC%81-el-homenaje-po%CC%81stumo-del-ingeniero-Eduardo-Marti%CC%81nez-Lima-a-su-esposa-Jeannette-e-hijos-scaled-e1638565778844-2.jpg?fit=1000%2C667&ssl=1&resize=525%2C300 1.5x, https:\/\/i0.wp.com\/casadecampoliving.com\/wp-content\/uploads\/2022\/10\/El-Presidente-Luis-Abinader-entrego%CC%81-el-homenaje-po%CC%81stumo-del-ingeniero-Eduardo-Marti%CC%81nez-Lima-a-su-esposa-Jeannette-e-hijos-scaled-e1638565778844-2.jpg?fit=1000%2C667&ssl=1&resize=700%2C400 2x"},"classes":[]},{"id":341021,"url":"https:\/\/casadecampoliving.com\/es\/los-toros-presentan-su-nuevo-presidente-luis-emilio-rodriguez\/","url_meta":{"origin":354100,"position":1},"title":"Los Toros presentan a su nuevo presidente Luis Emilio Rodriguez","author":"Rebecca Silvestri","date":"11 Abr, 2013","format":false,"excerpt":"En una conferencia el pasado 8 de abril celebrada en el Centro de Conferencias Cacique de Casa de Campo, Los Toros del Este, equipo de b\u00e9isbol de La Romana, present\u00f3 a su presidente, Luis Emilio Rodr\u00edguez, as\u00ed como a la nueva directiva. Luis Emilio Rodriguez,\u00a0director del Aeropuerto Internacional de La\u2026","rel":"","context":"En \u00abDeportes\u00bb","block_context":{"text":"Deportes","link":"https:\/\/casadecampoliving.com\/es\/category\/golf-deportes-es\/"},"img":{"alt_text":"luis emilio rodriguez","src":"https:\/\/i0.wp.com\/casadecampoliving.com\/wp-content\/uploads\/2022\/10\/luis-emilio-rodriguez-1.jpg?fit=650%2C381&ssl=1&resize=350%2C200","width":350,"height":200,"srcset":"https:\/\/i0.wp.com\/casadecampoliving.com\/wp-content\/uploads\/2022\/10\/luis-emilio-rodriguez-1.jpg?fit=650%2C381&ssl=1&resize=350%2C200 1x, https:\/\/i0.wp.com\/casadecampoliving.com\/wp-content\/uploads\/2022\/10\/luis-emilio-rodriguez-1.jpg?fit=650%2C381&ssl=1&resize=525%2C300 1.5x"},"classes":[]},{"id":433460,"url":"https:\/\/casadecampoliving.com\/es\/no-se-pierdan-el-increible-tributo-a-frank-sinatra-para-celebrar-el-40-aniversario-del-anfiteatro-altos-de-chavon\/","url_meta":{"origin":354100,"position":2},"title":"No se pierdan el incre\u00edble tributo a Frank Sinatra para celebrar el 40 aniversario del\u00a0Anfiteatro Altos de Chav\u00f3n","author":"Casa de Campo Living","date":"20 Oct, 2022","format":false,"excerpt":"Siendo uno de los escenarios m\u00e1s emblem\u00e1ticos del pa\u00eds, Casa de Campo Resort\u00ae & Villas celebra las cuatro d\u00e9cadas de aniversario de Altos de Chav\u00f3n con un tributo al gran Frank Sinatra, protagonizado por artistas invitados y una big band tal cual la que acompa\u00f1\u00f3 al artista hace 40 a\u00f1os\u2026","rel":"","context":"En \u00abUncategorized @es\u00bb","block_context":{"text":"Uncategorized @es","link":"https:\/\/casadecampoliving.com\/es\/category\/uncategorized-es\/"},"img":{"alt_text":"","src":"https:\/\/i0.wp.com\/casadecampoliving.com\/wp-content\/uploads\/2022\/10\/Tributo-Frank-Sinatra-Foto-Principal-Amaury-Sanchez-Danilo-Ginebra-Andres-Pichardo-y-Jose-Gabriel-Perez-.jpg?fit=1200%2C873&ssl=1&resize=350%2C200","width":350,"height":200,"srcset":"https:\/\/i0.wp.com\/casadecampoliving.com\/wp-content\/uploads\/2022\/10\/Tributo-Frank-Sinatra-Foto-Principal-Amaury-Sanchez-Danilo-Ginebra-Andres-Pichardo-y-Jose-Gabriel-Perez-.jpg?fit=1200%2C873&ssl=1&resize=350%2C200 1x, https:\/\/i0.wp.com\/casadecampoliving.com\/wp-content\/uploads\/2022\/10\/Tributo-Frank-Sinatra-Foto-Principal-Amaury-Sanchez-Danilo-Ginebra-Andres-Pichardo-y-Jose-Gabriel-Perez-.jpg?fit=1200%2C873&ssl=1&resize=525%2C300 1.5x, https:\/\/i0.wp.com\/casadecampoliving.com\/wp-content\/uploads\/2022\/10\/Tributo-Frank-Sinatra-Foto-Principal-Amaury-Sanchez-Danilo-Ginebra-Andres-Pichardo-y-Jose-Gabriel-Perez-.jpg?fit=1200%2C873&ssl=1&resize=700%2C400 2x, https:\/\/i0.wp.com\/casadecampoliving.com\/wp-content\/uploads\/2022\/10\/Tributo-Frank-Sinatra-Foto-Principal-Amaury-Sanchez-Danilo-Ginebra-Andres-Pichardo-y-Jose-Gabriel-Perez-.jpg?fit=1200%2C873&ssl=1&resize=1050%2C600 3x"},"classes":[]},{"id":353961,"url":"https:\/\/casadecampoliving.com\/es\/central-romana-deja-iniciados-trabajos-de-ampliacion-zona-franca-la-romana\/","url_meta":{"origin":354100,"position":3},"title":"Central Romana deja iniciados trabajos de ampliaci\u00f3n Zona Franca La Romana","author":"Casa de Campo Living","date":"17 Ene, 2021","format":false,"excerpt":"La empresa Central Romana dej\u00f3 iniciados los trabajos de construcci\u00f3n que ampliar\u00e1n el parque Zona Franca Romana, en un acto que cont\u00f3 con la presencia del Presidente Luis Abinader y los principales ejecutivos de dicho grupo agroindustrial. La inversi\u00f3n de la obra supera los RD$600 millones de pesos, seg\u00fan fue\u2026","rel":"","context":"En \u00abbusinesses\u00bb","block_context":{"text":"businesses","link":"https:\/\/casadecampoliving.com\/es\/category\/businesses\/"},"img":{"alt_text":"","src":"https:\/\/i0.wp.com\/casadecampoliving.com\/wp-content\/uploads\/2022\/10\/Ministro-Jose%CC%81-Paliza-Ministro-Victor-Bisono%CC%81-Presidente-Luis-Abinader-Regine-Wolfgramm-de-Tabacalera-de-Garcia-y-Eduardo-Martinez-Lima-de-Central-Romana-2.jpg?fit=1000%2C600&ssl=1&resize=350%2C200","width":350,"height":200,"srcset":"https:\/\/i0.wp.com\/casadecampoliving.com\/wp-content\/uploads\/2022\/10\/Ministro-Jose%CC%81-Paliza-Ministro-Victor-Bisono%CC%81-Presidente-Luis-Abinader-Regine-Wolfgramm-de-Tabacalera-de-Garcia-y-Eduardo-Martinez-Lima-de-Central-Romana-2.jpg?fit=1000%2C600&ssl=1&resize=350%2C200 1x, https:\/\/i0.wp.com\/casadecampoliving.com\/wp-content\/uploads\/2022\/10\/Ministro-Jose%CC%81-Paliza-Ministro-Victor-Bisono%CC%81-Presidente-Luis-Abinader-Regine-Wolfgramm-de-Tabacalera-de-Garcia-y-Eduardo-Martinez-Lima-de-Central-Romana-2.jpg?fit=1000%2C600&ssl=1&resize=525%2C300 1.5x, https:\/\/i0.wp.com\/casadecampoliving.com\/wp-content\/uploads\/2022\/10\/Ministro-Jose%CC%81-Paliza-Ministro-Victor-Bisono%CC%81-Presidente-Luis-Abinader-Regine-Wolfgramm-de-Tabacalera-de-Garcia-y-Eduardo-Martinez-Lima-de-Central-Romana-2.jpg?fit=1000%2C600&ssl=1&resize=700%2C400 2x"},"classes":[]},{"id":353622,"url":"https:\/\/casadecampoliving.com\/es\/inauguran-ampliacion-y-remodelacion-de-moderno-centro-diagnostica-social-para-imagenes-medicas-en-la-romana\/","url_meta":{"origin":354100,"position":4},"title":"Inauguran ampliaci\u00f3n y remodelaci\u00f3n de moderno centro Diagn\u00f3stica Social para im\u00e1genes m\u00e9dicas en La Romana","author":"Casa de Campo Living","date":"6 Dic, 2019","format":false,"excerpt":"El centro de im\u00e1genes m\u00e9dicas Diagn\u00f3stica Social, cuya inversi\u00f3n total en equipos supera los US$6,000,000 millones de d\u00f3lares, inaugur\u00f3 con la presencia del Presidente Danilo Medina la ampliaci\u00f3n y remodelaci\u00f3n de su local conjunto al complejo hospitalario de la empresa Central Romana. Entre los nuevos equipamientos con los que cuenta\u2026","rel":"","context":"En \u00abbusinesses\u00bb","block_context":{"text":"businesses","link":"https:\/\/casadecampoliving.com\/es\/category\/businesses\/"},"img":{"alt_text":"","src":"https:\/\/i0.wp.com\/casadecampoliving.com\/wp-content\/uploads\/2022\/10\/BDC_8908.jpg?fit=1000%2C715&ssl=1&resize=350%2C200","width":350,"height":200,"srcset":"https:\/\/i0.wp.com\/casadecampoliving.com\/wp-content\/uploads\/2022\/10\/BDC_8908.jpg?fit=1000%2C715&ssl=1&resize=350%2C200 1x, https:\/\/i0.wp.com\/casadecampoliving.com\/wp-content\/uploads\/2022\/10\/BDC_8908.jpg?fit=1000%2C715&ssl=1&resize=525%2C300 1.5x, https:\/\/i0.wp.com\/casadecampoliving.com\/wp-content\/uploads\/2022\/10\/BDC_8908.jpg?fit=1000%2C715&ssl=1&resize=700%2C400 2x"},"classes":[]},{"id":334220,"url":"https:\/\/casadecampoliving.com\/the-association-of-industries-aird-pays-posthumous-tribute-to-engineer-eduardo-martinez-lima-from-central-romana\/","url_meta":{"origin":354100,"position":5},"title":"The Association of Industries (AIRD) pays posthumous tribute to Engineer Eduardo Mart\u00ednez Lima from Central Romana","author":"Casa de Campo Living","date":"3 Dic, 2021","format":false,"excerpt":"The Association of Industries of the Dominican Republic (AIRD) posthumously recognized engineer Eduardo Mart\u00ednez Lima with the Industrial Merit Award, during an emotional act led by President Luis Abinader at the 7th edition of the awards to the Dominican Industry. Eduardo Mart\u00ednez Lima, a chemical engineer by profession, dedicated more\u2026","rel":"","context":"En \u00abBeyond Casa\u00bb","block_context":{"text":"Beyond Casa","link":"https:\/\/casadecampoliving.com\/category\/beyond-casa\/"},"img":{"alt_text":"Eduardo Mart\u00ednez Lima","src":"https:\/\/i0.wp.com\/casadecampoliving.com\/wp-content\/uploads\/2022\/10\/El-Presidente-Luis-Abinader-entrego%CC%81-el-homenaje-po%CC%81stumo-del-ingeniero-Eduardo-Marti%CC%81nez-Lima-a-su-esposa-Jeannette-e-hijos-scaled-e1638565778844-2.jpg?fit=1000%2C667&ssl=1&resize=350%2C200","width":350,"height":200,"srcset":"https:\/\/i0.wp.com\/casadecampoliving.com\/wp-content\/uploads\/2022\/10\/El-Presidente-Luis-Abinader-entrego%CC%81-el-homenaje-po%CC%81stumo-del-ingeniero-Eduardo-Marti%CC%81nez-Lima-a-su-esposa-Jeannette-e-hijos-scaled-e1638565778844-2.jpg?fit=1000%2C667&ssl=1&resize=350%2C200 1x, https:\/\/i0.wp.com\/casadecampoliving.com\/wp-content\/uploads\/2022\/10\/El-Presidente-Luis-Abinader-entrego%CC%81-el-homenaje-po%CC%81stumo-del-ingeniero-Eduardo-Marti%CC%81nez-Lima-a-su-esposa-Jeannette-e-hijos-scaled-e1638565778844-2.jpg?fit=1000%2C667&ssl=1&resize=525%2C300 1.5x, https:\/\/i0.wp.com\/casadecampoliving.com\/wp-content\/uploads\/2022\/10\/El-Presidente-Luis-Abinader-entrego%CC%81-el-homenaje-po%CC%81stumo-del-ingeniero-Eduardo-Marti%CC%81nez-Lima-a-su-esposa-Jeannette-e-hijos-scaled-e1638565778844-2.jpg?fit=1000%2C667&ssl=1&resize=700%2C400 2x"},"classes":[]}],"jetpack_sharing_enabled":true,"_links":{"self":[{"href":"https:\/\/casadecampoliving.com\/es\/wp-json\/wp\/v2\/posts\/354100","targetHints":{"allow":["GET"]}}],"collection":[{"href":"https:\/\/casadecampoliving.com\/es\/wp-json\/wp\/v2\/posts"}],"about":[{"href":"https:\/\/casadecampoliving.com\/es\/wp-json\/wp\/v2\/types\/post"}],"author":[{"embeddable":true,"href":"https:\/\/casadecampoliving.com\/es\/wp-json\/wp\/v2\/users\/36791"}],"replies":[{"embeddable":true,"href":"https:\/\/casadecampoliving.com\/es\/wp-json\/wp\/v2\/comments?post=354100"}],"version-history":[{"count":0,"href":"https:\/\/casadecampoliving.com\/es\/wp-json\/wp\/v2\/posts\/354100\/revisions"}],"wp:featuredmedia":[{"embeddable":true,"href":"https:\/\/casadecampoliving.com\/es\/wp-json\/wp\/v2\/media\/333646"}],"wp:attachment":[{"href":"https:\/\/casadecampoliving.com\/es\/wp-json\/wp\/v2\/media?parent=354100"}],"wp:term":[{"taxonomy":"category","embeddable":true,"href":"https:\/\/casadecampoliving.com\/es\/wp-json\/wp\/v2\/categories?post=354100"},{"taxonomy":"post_tag","embeddable":true,"href":"https:\/\/casadecampoliving.com\/es\/wp-json\/wp\/v2\/tags?post=354100"},{"taxonomy":"newspack_spnsrs_tax","embeddable":true,"href":"https:\/\/casadecampoliving.com\/es\/wp-json\/wp\/v2\/newspack_spnsrs_tax?post=354100"}],"curies":[{"name":"wp","href":"https:\/\/api.w.org\/{rel}","templated":true}]}}