{"id":354052,"date":"2021-05-14T00:00:00","date_gmt":"2021-05-14T04:00:00","guid":{"rendered":"https:\/\/casadecampoliving.com\/inscribe-a-tus-hijos-ahora-vuelve-el-futbol-para-una-nueva-temporada-en-casa-de-campo-con-la-escuela-fundacion-real-madrid\/"},"modified":"2022-10-21T19:15:44","modified_gmt":"2022-10-21T23:15:44","slug":"inscribe-a-tus-hijos-ahora-vuelve-el-futbol-para-una-nueva-temporada-en-casa-de-campo-con-la-escuela-fundacion-real-madrid","status":"publish","type":"post","link":"https:\/\/casadecampoliving.com\/es\/inscribe-a-tus-hijos-ahora-vuelve-el-futbol-para-una-nueva-temporada-en-casa-de-campo-con-la-escuela-fundacion-real-madrid\/","title":{"rendered":"\u00a1Inscribe a tus hijos ahora! \u00a1Vuelve el f\u00fatbol para una nueva temporada en Casa de Campo con la Escuela Fundaci\u00f3n Real Madrid!"},"content":{"rendered":"\n<p><span style=\"font-weight: 400;\">Desde que Casa de Campo anunci\u00f3 su alianza con la Fundaci\u00f3n ARMID en 2017, toda la comunidad de Casa de Campo ha estado muy entusiasmada con el regreso del f\u00fatbol al repertorio deportivo de Casa de Campo. Ha comenzado una nueva temporada de la Escuela de F\u00fatbol Fundaci\u00f3n Real Madrid, est\u00e1 dirigido a ni\u00f1os y ni\u00f1as de 7 a 17 a\u00f1os que estar\u00e1n participando en las sesiones de entrenamiento con la supervisi\u00f3n de entrenadores altamente capacitados y biling\u00fce de la Fundaci\u00f3n Real Madrid. Nuestros ni\u00f1os no solo disfrutar\u00e1n de una gran experiencia aprendiendo a jugar al f\u00fatbol como sus \u00eddolos, sino que tambi\u00e9n compartir\u00e1n y aprender\u00e1n sus valores: respeto, trabajo en equipo, transparencia, solidaridad, compromiso, igualdad y motivaci\u00f3n.<\/span><\/p>\n\n\n\n<p>La Fundaci\u00f3n ARMID \u2013 Fundaci\u00f3n Real Madrid lleva en el pa\u00eds desde 2015 creando la primera Escuela de F\u00fatbol de todo el continente americano, y abriendo su primera sede en Santiago y luego en Santo Domingo. El Real Madrid, uno de los equipos m\u00e1s reconocidos del f\u00fatbol mundial, que a trav\u00e9s de su Fundaci\u00f3n Real Madrid y junto a la Fundaci\u00f3n ARMID, han trabajado conjuntamente para contribuir a los m\u00e1s necesitados del pa\u00eds, apoyando diversas causas sociales y despertando el inter\u00e9s de los ni\u00f1os y la juventud en el f\u00fatbol, \u200b\u200bel rey del mundo.<\/p>\n\n\n<div class=\"wp-block-image\">\n<figure class=\"aligncenter is-resized\"><img loading=\"lazy\" decoding=\"async\" src=\"https:\/\/i0.wp.com\/casadecampoliving.com\/wp-content\/uploads\/2022\/10\/EJ4B4460-3.jpg?resize=1000%2C667&amp;ssl=1\" alt=\"\" class=\"wp-image-209521\" height=\"667\" width=\"1000\"\/><\/figure>\n<\/div>\n\n\n<p>Si est\u00e1 interesado en inscribir a una de sus futuras estrellas de f\u00fatbol, \u200b\u200b\u00a1a\u00fan puede hacerlo! Puede comunicarse con el Club de Propietarios de Casa de Campo para obtener m\u00e1s informaci\u00f3n e inscribir sus ni\u00f1os. Tambi\u00e9n hay cl\u00ednicas de f\u00fatbol privadas disponibles para sus hijos en caso de que no puedan asistir a las clases semanales y quieran practicar durante el fin de semana. Se animas a los padres a ser parte de esta experiencia \u00fanica con sus hijos y pueden asistir a las sesiones de f\u00fatbol para ver el progreso de sus hijos.<\/p>\n\n\n\n<p><strong>\u00a1No dejes que se pierdan esta oportunidad!<\/strong><\/p>\n\n\n\n<blockquote><p><strong>Protocolo de Higiene antes de la pr\u00e1ctica:<\/strong><\/p><ul>\n<li>Jugador debe llegar puntual a la zona de acceso al campo de Futbol<\/li>\n<li>Jugador debe acceder al campo de futbol siguiendo la fila de acceso con una separaci\u00f3n de 2 metros entre jugadores.<\/li>\n<li>Al jugador se le tomar\u00e1 la temperatura en esta zona de acceso al campo de futbol.<\/li>\n<li>El&nbsp;jugador limpiar\u00e1 las suelas de sus botas en la zona de acceso al campo de futbol.<\/li>\n<li>El&nbsp;jugador se lavar\u00e1 las manos con gel hidroalcoh\u00f3lico.<\/li>\n<li>El&nbsp;jugador acceder\u00e1 al c\u00edrculo central desde donde se le explicar\u00e1&nbsp;el&nbsp;entrenamiento y despu\u00e9s se dirigir\u00e1 a la zona de entrenamiento que se le haya asignado.<\/li>\n<li>Al terminar&nbsp;el&nbsp;entrenamiento&nbsp;el&nbsp;jugador podr\u00e1 dirigirse a la zona de recogida de padres. Los jugadores deben traer su propio botellin de agua para la hidrataci\u00f3n<\/li>\n<li>Los entrenadores limpiar\u00e1n los balones al inicio de las sesiones de entrenamiento y dispondr\u00e1 del gel hidroalcoh\u00f3lico para la limpieza de las manos de jugadores y entrenadores.<\/li>\n<li>Los padres no podr\u00e1n estar en los puntos de acceso al campo de futbol y recogida de jugadores. Podr\u00e1n estar en un punto concreto y siempre manteniendo la distancia de seguridad con cualquier otro personal de dos metros y haciendo uso de su mascarilla.<\/li>\n<\/ul><figure><img decoding=\"async\" loading=\"lazy\" class=\"aligncenter size-full wp-image-207322\" src=\"https:\/\/i0.wp.com\/casadecampoliving.com\/wp-content\/uploads\/2022\/10\/EJ4B4414-1.jpg?resize=1000%2C667&amp;ssl=1\" alt=\"\" width=\"1000\" height=\"667\"><\/figure><p><strong>Protocolo de Higiene en la pr\u00e1ctica:<\/strong><\/p><ul>\n<li>Los entrenadores desinfectar\u00e1n diariamente&nbsp;el&nbsp;material deportivo (antes y despu\u00e9s de casa sesi\u00f3n)<\/li>\n<li>Los jugadores desinfectar\u00e1n sus botas de futbol y sus manos en la entrada de acceso al campo de futbol.<\/li>\n<li>El&nbsp;jugador realizara su sesi\u00f3n de entrenamiento en un espacio delimitado para \u00e9l o ella exclusivamente.<\/li>\n<li>Se producir\u00e1 una separaci\u00f3n de los espacios de entrenamiento. Cada jugador tendr\u00e1 su propio espacio delimitado por tapas y conos. Las canchas se separaran evitando cualquier contacto entre jugadores y entrenadores.<\/li>\n<li>Todo jugador dispondr\u00e1 de su propio bal\u00f3n, su botella de agua, su mascarilla (para antes y despu\u00e9s del entrenamiento) y su propio uniforme que tendr\u00e1 que traer desde casa puesto.<\/li>\n<\/ul><p><strong>Separaci\u00f3n entre jugadores en la sesi\u00f3n de entrenamiento:<\/strong><\/p><p>Se podr\u00e1n realizar 2 tipos de separaci\u00f3n de espacios entre jugadores en funci\u00f3n de las necesidades y del n\u00famero de jugadores por sesi\u00f3n:<\/p><ul>\n<li><strong>Opci\u00f3n 1:&nbsp;<\/strong>8 Jugadores por sesi\u00f3n en el campo de futbol. Cada jugador tendr\u00eda un espacio de 25 metros por 30 metros para entrenar.<\/li>\n<li><strong>Opci\u00f3n 2:<\/strong>&nbsp;16 Jugadores por sesi\u00f3n en&nbsp;el&nbsp;campo de Futbol. Cada jugador tendr\u00eda un espacio propio de 25&nbsp; metros por 15 metros para entrenar.<\/li>\n<\/ul><p><em>* Este protocolo puede sufrir modificaciones para adaptarse a la normativa vigente en cada momento.<\/em><\/p><\/blockquote>\n\n\n\n<blockquote><figure><img decoding=\"async\" data-attachment-id=\"209525\" data-permalink=\"https:\/\/casadecampoliving.com\/es\/unnamed-17\/\" data-orig-file=\"https:\/\/i0.wp.com\/casadecampoliving.com\/wp-content\/uploads\/2021\/05\/unnamed-17-scaled-e1621268187865.jpg?fit=576%2C900&amp;ssl=1\" data-orig-size=\"576,900\" data-comments-opened=\"0\" data-image-meta=\"{&quot;aperture&quot;:&quot;0&quot;,&quot;credit&quot;:&quot;&quot;,&quot;camera&quot;:&quot;&quot;,&quot;caption&quot;:&quot;&quot;,&quot;created_timestamp&quot;:&quot;0&quot;,&quot;copyright&quot;:&quot;&quot;,&quot;focal_length&quot;:&quot;0&quot;,&quot;iso&quot;:&quot;0&quot;,&quot;shutter_speed&quot;:&quot;0&quot;,&quot;title&quot;:&quot;&quot;,&quot;orientation&quot;:&quot;0&quot;}\" data-image-title=\"unnamed (17)\" data-image-description=\"\" data-image-caption=\"\" data-large-file=\"https:\/\/i0.wp.com\/casadecampoliving.com\/wp-content\/uploads\/2021\/05\/unnamed-17-scaled-e1621268187865.jpg?fit=655%2C1024&amp;ssl=1\" loading=\"lazy\" class=\"aligncenter wp-image-209525 size-large\" src=\"https:\/\/i0.wp.com\/casadecampoliving.com\/wp-content\/uploads\/2022\/10\/unnamed-17-655x1024-2.jpg?resize=655%2C1024&amp;ssl=1\" alt=\"\" width=\"655\" height=\"1024\"><\/figure><p><br>\nPRECIOS<br>\nRegistro \u2013 US$40 (US$30 cuando se paga con tarjeta de cr\u00e9dito \/ d\u00e9bito del Banco Popular)<br>\nAcademy \u2013 US$60 \/ mes (US$50 \/ mes cuando se paga con tarjeta de cr\u00e9dito \/ d\u00e9bito del Banco Popular)<br>\nT\u00e9cnificaci\u00f3n personalizadas \u2013 US$120 \/ hora<\/p><\/blockquote>\n","protected":false},"excerpt":{"rendered":"<p>Desde que Casa de Campo anunci\u00f3 su alianza con la Fundaci\u00f3n ARMID en 2017, toda la comunidad de Casa de Campo ha estado muy entusiasmada con el regreso del f\u00fatbol al repertorio deportivo de Casa de Campo. Ha comenzado una nueva temporada de la Escuela de F\u00fatbol Fundaci\u00f3n Real Madrid, est\u00e1 dirigido a ni\u00f1os y [&hellip;]<\/p>\n","protected":false},"author":36791,"featured_media":333429,"comment_status":"closed","ping_status":"open","sticky":false,"template":"","format":"standard","meta":{"newspack_ads_suppress_ads":false,"newspack_popups_has_disabled_popups":false,"newspack_sponsor_sponsorship_scope":"","newspack_sponsor_native_byline_display":"inherit","newspack_sponsor_native_category_display":"inherit","newspack_sponsor_underwriter_style":"inherit","newspack_sponsor_underwriter_placement":"inherit","_newspack_byline_active":false,"_newspack_byline":"","newspack_hide_updated_date":false,"newspack_show_updated_date":false,"newspack_content_restriction_is_exempt":false,"newspack_featured_image_position":"","newspack_post_subtitle":"","newspack_article_summary_title":"Overview:","newspack_article_summary":"","_jetpack_memberships_contains_paid_content":false,"footnotes":"","jetpack_publicize_message":"","jetpack_publicize_feature_enabled":true,"jetpack_social_post_already_shared":false,"jetpack_social_options":{"image_generator_settings":{"template":"highway","default_image_id":0,"font":"","enabled":false},"version":2},"_wpas_customize_per_network":false},"categories":[26936,2525,14631,2522,14625,14627,2521,26822,2527],"tags":[14736,23757],"newspack_spnsrs_tax":[],"class_list":["post-354052","post","type-post","status-publish","format-standard","has-post-thumbnail","hentry","category-casa-de-campo-living-es","category-golf-deportes-es","category-estilo-de-vida","category-eventos-es","category-noticias-locales","category-proximamente","category-republica-dominicana-2","category-resort-casa-de-campo","category-salud","tag-featured-topview-es","tag-kids-es","entry"],"yoast_head":"<!-- This site is optimized with the Yoast SEO plugin v27.5 - https:\/\/yoast.com\/product\/yoast-seo-wordpress\/ -->\n<title>\u00a1Inscribe a tus hijos ahora! \u00a1Vuelve el f\u00fatbol para una nueva temporada en Casa de Campo con la Escuela Fundaci\u00f3n Real Madrid! | Casa de Campo Living<\/title>\n<meta name=\"description\" content=\"Desde que Casa de Campo anunci\u00f3 su alianza con la Fundaci\u00f3n ARMID en 2017, toda la comunidad de Casa de Campo ha estado muy entusiasmada con el regreso\" \/>\n<meta name=\"robots\" content=\"index, follow, max-snippet:-1, max-image-preview:large, max-video-preview:-1\" \/>\n<link rel=\"canonical\" href=\"https:\/\/casadecampoliving.com\/es\/inscribe-a-tus-hijos-ahora-vuelve-el-futbol-para-una-nueva-temporada-en-casa-de-campo-con-la-escuela-fundacion-real-madrid\/\" \/>\n<meta property=\"og:locale\" content=\"es_ES\" \/>\n<meta property=\"og:type\" content=\"article\" \/>\n<meta property=\"og:title\" content=\"\u00a1Inscribe a tus hijos ahora! \u00a1Vuelve el f\u00fatbol para una nueva temporada en Casa de Campo con la Escuela Fundaci\u00f3n Real Madrid! | Casa de Campo Living\" \/>\n<meta property=\"og:description\" content=\"Desde que Casa de Campo anunci\u00f3 su alianza con la Fundaci\u00f3n ARMID en 2017, toda la comunidad de Casa de Campo ha estado muy entusiasmada con el regreso\" \/>\n<meta property=\"og:url\" content=\"https:\/\/casadecampoliving.com\/es\/inscribe-a-tus-hijos-ahora-vuelve-el-futbol-para-una-nueva-temporada-en-casa-de-campo-con-la-escuela-fundacion-real-madrid\/\" \/>\n<meta property=\"og:site_name\" content=\"Casa de Campo Living\" \/>\n<meta property=\"article:publisher\" content=\"https:\/\/www.facebook.com\/casadecampoliving\" \/>\n<meta property=\"article:published_time\" content=\"2021-05-14T04:00:00+00:00\" \/>\n<meta property=\"article:modified_time\" content=\"2022-10-21T23:15:44+00:00\" \/>\n<meta property=\"og:image\" content=\"https:\/\/i0.wp.com\/casadecampoliving.com\/wp-content\/uploads\/2022\/10\/EJ4B4424-1.jpg?fit=1000%2C667&ssl=1\" \/>\n\t<meta property=\"og:image:width\" content=\"1000\" \/>\n\t<meta property=\"og:image:height\" content=\"667\" \/>\n\t<meta property=\"og:image:type\" content=\"image\/jpeg\" \/>\n<meta name=\"author\" content=\"Casa de Campo Living\" \/>\n<meta name=\"twitter:card\" content=\"summary_large_image\" \/>\n<meta name=\"twitter:creator\" content=\"@cdcliving\" \/>\n<meta name=\"twitter:site\" content=\"@cdcliving\" \/>\n<meta name=\"twitter:label1\" content=\"Escrito por\" \/>\n\t<meta name=\"twitter:data1\" content=\"Casa de Campo Living\" \/>\n\t<meta name=\"twitter:label2\" content=\"Tiempo de lectura\" \/>\n\t<meta name=\"twitter:data2\" content=\"4 minutos\" \/>\n<script type=\"application\/ld+json\" class=\"yoast-schema-graph\">{\"@context\":\"https:\\\/\\\/schema.org\",\"@graph\":[{\"@type\":\"Article\",\"@id\":\"https:\\\/\\\/casadecampoliving.com\\\/es\\\/inscribe-a-tus-hijos-ahora-vuelve-el-futbol-para-una-nueva-temporada-en-casa-de-campo-con-la-escuela-fundacion-real-madrid\\\/#article\",\"isPartOf\":{\"@id\":\"https:\\\/\\\/casadecampoliving.com\\\/es\\\/inscribe-a-tus-hijos-ahora-vuelve-el-futbol-para-una-nueva-temporada-en-casa-de-campo-con-la-escuela-fundacion-real-madrid\\\/\"},\"author\":{\"name\":\"Casa de Campo Living\",\"@id\":\"https:\\\/\\\/casadecampoliving.com\\\/es\\\/#\\\/schema\\\/person\\\/5d2171637a9d11e0e43ce6b8555f9422\"},\"headline\":\"\u00a1Inscribe a tus hijos ahora! \u00a1Vuelve el f\u00fatbol para una nueva temporada en Casa de Campo con la Escuela Fundaci\u00f3n Real Madrid!\",\"datePublished\":\"2021-05-14T04:00:00+00:00\",\"dateModified\":\"2022-10-21T23:15:44+00:00\",\"mainEntityOfPage\":{\"@id\":\"https:\\\/\\\/casadecampoliving.com\\\/es\\\/inscribe-a-tus-hijos-ahora-vuelve-el-futbol-para-una-nueva-temporada-en-casa-de-campo-con-la-escuela-fundacion-real-madrid\\\/\"},\"wordCount\":869,\"publisher\":{\"@id\":\"https:\\\/\\\/casadecampoliving.com\\\/es\\\/#organization\"},\"image\":{\"@id\":\"https:\\\/\\\/casadecampoliving.com\\\/es\\\/inscribe-a-tus-hijos-ahora-vuelve-el-futbol-para-una-nueva-temporada-en-casa-de-campo-con-la-escuela-fundacion-real-madrid\\\/#primaryimage\"},\"thumbnailUrl\":\"https:\\\/\\\/i0.wp.com\\\/casadecampoliving.com\\\/wp-content\\\/uploads\\\/2022\\\/10\\\/EJ4B4424-1.jpg?fit=1000%2C667&ssl=1\",\"keywords\":[\"Featured-TopView @es\",\"Kids\"],\"articleSection\":[\"Casa de Campo Living @es\",\"Deportes\",\"Estilo de Vida\",\"Eventos\",\"Noticias Locales\",\"Proximamente\",\"Rep\u00fablica Dominicana @es\",\"Resort Casa de Campo\",\"Salud\"],\"inLanguage\":\"es\"},{\"@type\":\"WebPage\",\"@id\":\"https:\\\/\\\/casadecampoliving.com\\\/es\\\/inscribe-a-tus-hijos-ahora-vuelve-el-futbol-para-una-nueva-temporada-en-casa-de-campo-con-la-escuela-fundacion-real-madrid\\\/\",\"url\":\"https:\\\/\\\/casadecampoliving.com\\\/es\\\/inscribe-a-tus-hijos-ahora-vuelve-el-futbol-para-una-nueva-temporada-en-casa-de-campo-con-la-escuela-fundacion-real-madrid\\\/\",\"name\":\"\u00a1Inscribe a tus hijos ahora! \u00a1Vuelve el f\u00fatbol para una nueva temporada en Casa de Campo con la Escuela Fundaci\u00f3n Real Madrid! | Casa de Campo Living\",\"isPartOf\":{\"@id\":\"https:\\\/\\\/casadecampoliving.com\\\/es\\\/#website\"},\"primaryImageOfPage\":{\"@id\":\"https:\\\/\\\/casadecampoliving.com\\\/es\\\/inscribe-a-tus-hijos-ahora-vuelve-el-futbol-para-una-nueva-temporada-en-casa-de-campo-con-la-escuela-fundacion-real-madrid\\\/#primaryimage\"},\"image\":{\"@id\":\"https:\\\/\\\/casadecampoliving.com\\\/es\\\/inscribe-a-tus-hijos-ahora-vuelve-el-futbol-para-una-nueva-temporada-en-casa-de-campo-con-la-escuela-fundacion-real-madrid\\\/#primaryimage\"},\"thumbnailUrl\":\"https:\\\/\\\/i0.wp.com\\\/casadecampoliving.com\\\/wp-content\\\/uploads\\\/2022\\\/10\\\/EJ4B4424-1.jpg?fit=1000%2C667&ssl=1\",\"datePublished\":\"2021-05-14T04:00:00+00:00\",\"dateModified\":\"2022-10-21T23:15:44+00:00\",\"description\":\"Desde que Casa de Campo anunci\u00f3 su alianza con la Fundaci\u00f3n ARMID en 2017, toda la comunidad de Casa de Campo ha estado muy entusiasmada con el regreso\",\"breadcrumb\":{\"@id\":\"https:\\\/\\\/casadecampoliving.com\\\/es\\\/inscribe-a-tus-hijos-ahora-vuelve-el-futbol-para-una-nueva-temporada-en-casa-de-campo-con-la-escuela-fundacion-real-madrid\\\/#breadcrumb\"},\"inLanguage\":\"es\",\"potentialAction\":[{\"@type\":\"ReadAction\",\"target\":[\"https:\\\/\\\/casadecampoliving.com\\\/es\\\/inscribe-a-tus-hijos-ahora-vuelve-el-futbol-para-una-nueva-temporada-en-casa-de-campo-con-la-escuela-fundacion-real-madrid\\\/\"]}]},{\"@type\":\"ImageObject\",\"inLanguage\":\"es\",\"@id\":\"https:\\\/\\\/casadecampoliving.com\\\/es\\\/inscribe-a-tus-hijos-ahora-vuelve-el-futbol-para-una-nueva-temporada-en-casa-de-campo-con-la-escuela-fundacion-real-madrid\\\/#primaryimage\",\"url\":\"https:\\\/\\\/i0.wp.com\\\/casadecampoliving.com\\\/wp-content\\\/uploads\\\/2022\\\/10\\\/EJ4B4424-1.jpg?fit=1000%2C667&ssl=1\",\"contentUrl\":\"https:\\\/\\\/i0.wp.com\\\/casadecampoliving.com\\\/wp-content\\\/uploads\\\/2022\\\/10\\\/EJ4B4424-1.jpg?fit=1000%2C667&ssl=1\",\"width\":1000,\"height\":667},{\"@type\":\"BreadcrumbList\",\"@id\":\"https:\\\/\\\/casadecampoliving.com\\\/es\\\/inscribe-a-tus-hijos-ahora-vuelve-el-futbol-para-una-nueva-temporada-en-casa-de-campo-con-la-escuela-fundacion-real-madrid\\\/#breadcrumb\",\"itemListElement\":[{\"@type\":\"ListItem\",\"position\":1,\"name\":\"Home\",\"item\":\"https:\\\/\\\/casadecampoliving.com\\\/es\\\/\"},{\"@type\":\"ListItem\",\"position\":2,\"name\":\"\u00a1Inscribe a tus hijos ahora! \u00a1Vuelve el f\u00fatbol para una nueva temporada en Casa de Campo con la Escuela Fundaci\u00f3n Real Madrid!\"}]},{\"@type\":\"WebSite\",\"@id\":\"https:\\\/\\\/casadecampoliving.com\\\/es\\\/#website\",\"url\":\"https:\\\/\\\/casadecampoliving.com\\\/es\\\/\",\"name\":\"Casa de Campo Living\",\"description\":\"Resort community news and resources.\",\"publisher\":{\"@id\":\"https:\\\/\\\/casadecampoliving.com\\\/es\\\/#organization\"},\"potentialAction\":[{\"@type\":\"SearchAction\",\"target\":{\"@type\":\"EntryPoint\",\"urlTemplate\":\"https:\\\/\\\/casadecampoliving.com\\\/es\\\/?s={search_term_string}\"},\"query-input\":{\"@type\":\"PropertyValueSpecification\",\"valueRequired\":true,\"valueName\":\"search_term_string\"}}],\"inLanguage\":\"es\"},{\"@type\":\"Organization\",\"@id\":\"https:\\\/\\\/casadecampoliving.com\\\/es\\\/#organization\",\"name\":\"Casa de Campo Living\",\"url\":\"https:\\\/\\\/casadecampoliving.com\\\/es\\\/\",\"logo\":{\"@type\":\"ImageObject\",\"inLanguage\":\"es\",\"@id\":\"https:\\\/\\\/casadecampoliving.com\\\/es\\\/#\\\/schema\\\/logo\\\/image\\\/\",\"url\":\"https:\\\/\\\/i0.wp.com\\\/casadecampoliving.com\\\/wp-content\\\/uploads\\\/2022\\\/07\\\/CDCLivingLogo_V1-white-sized.png?fit=800%2C214&ssl=1\",\"contentUrl\":\"https:\\\/\\\/i0.wp.com\\\/casadecampoliving.com\\\/wp-content\\\/uploads\\\/2022\\\/07\\\/CDCLivingLogo_V1-white-sized.png?fit=800%2C214&ssl=1\",\"width\":800,\"height\":214,\"caption\":\"Casa de Campo Living\"},\"image\":{\"@id\":\"https:\\\/\\\/casadecampoliving.com\\\/es\\\/#\\\/schema\\\/logo\\\/image\\\/\"},\"sameAs\":[\"https:\\\/\\\/www.facebook.com\\\/casadecampoliving\",\"https:\\\/\\\/x.com\\\/cdcliving\"]},{\"@type\":\"Person\",\"@id\":\"https:\\\/\\\/casadecampoliving.com\\\/es\\\/#\\\/schema\\\/person\\\/5d2171637a9d11e0e43ce6b8555f9422\",\"name\":\"Casa de Campo Living\",\"image\":{\"@type\":\"ImageObject\",\"inLanguage\":\"es\",\"@id\":\"https:\\\/\\\/secure.gravatar.com\\\/avatar\\\/d04101fa4a9fd431e939953b1500fdc7a73cd35029f86d98712fd8ccdaebaf9a?s=96&d=mm&r=g\",\"url\":\"https:\\\/\\\/secure.gravatar.com\\\/avatar\\\/d04101fa4a9fd431e939953b1500fdc7a73cd35029f86d98712fd8ccdaebaf9a?s=96&d=mm&r=g\",\"contentUrl\":\"https:\\\/\\\/secure.gravatar.com\\\/avatar\\\/d04101fa4a9fd431e939953b1500fdc7a73cd35029f86d98712fd8ccdaebaf9a?s=96&d=mm&r=g\",\"caption\":\"Casa de Campo Living\"},\"url\":\"https:\\\/\\\/casadecampoliving.com\\\/es\\\/author\\\/casa-de-campo-living\\\/\"}]}<\/script>\n<!-- \/ Yoast SEO plugin. -->","yoast_head_json":{"title":"\u00a1Inscribe a tus hijos ahora! \u00a1Vuelve el f\u00fatbol para una nueva temporada en Casa de Campo con la Escuela Fundaci\u00f3n Real Madrid! | Casa de Campo Living","description":"Desde que Casa de Campo anunci\u00f3 su alianza con la Fundaci\u00f3n ARMID en 2017, toda la comunidad de Casa de Campo ha estado muy entusiasmada con el regreso","robots":{"index":"index","follow":"follow","max-snippet":"max-snippet:-1","max-image-preview":"max-image-preview:large","max-video-preview":"max-video-preview:-1"},"canonical":"https:\/\/casadecampoliving.com\/es\/inscribe-a-tus-hijos-ahora-vuelve-el-futbol-para-una-nueva-temporada-en-casa-de-campo-con-la-escuela-fundacion-real-madrid\/","og_locale":"es_ES","og_type":"article","og_title":"\u00a1Inscribe a tus hijos ahora! \u00a1Vuelve el f\u00fatbol para una nueva temporada en Casa de Campo con la Escuela Fundaci\u00f3n Real Madrid! | Casa de Campo Living","og_description":"Desde que Casa de Campo anunci\u00f3 su alianza con la Fundaci\u00f3n ARMID en 2017, toda la comunidad de Casa de Campo ha estado muy entusiasmada con el regreso","og_url":"https:\/\/casadecampoliving.com\/es\/inscribe-a-tus-hijos-ahora-vuelve-el-futbol-para-una-nueva-temporada-en-casa-de-campo-con-la-escuela-fundacion-real-madrid\/","og_site_name":"Casa de Campo Living","article_publisher":"https:\/\/www.facebook.com\/casadecampoliving","article_published_time":"2021-05-14T04:00:00+00:00","article_modified_time":"2022-10-21T23:15:44+00:00","og_image":[{"width":1000,"height":667,"url":"https:\/\/i0.wp.com\/casadecampoliving.com\/wp-content\/uploads\/2022\/10\/EJ4B4424-1.jpg?fit=1000%2C667&ssl=1","type":"image\/jpeg"}],"author":"Casa de Campo Living","twitter_card":"summary_large_image","twitter_creator":"@cdcliving","twitter_site":"@cdcliving","twitter_misc":{"Escrito por":"Casa de Campo Living","Tiempo de lectura":"4 minutos"},"schema":{"@context":"https:\/\/schema.org","@graph":[{"@type":"Article","@id":"https:\/\/casadecampoliving.com\/es\/inscribe-a-tus-hijos-ahora-vuelve-el-futbol-para-una-nueva-temporada-en-casa-de-campo-con-la-escuela-fundacion-real-madrid\/#article","isPartOf":{"@id":"https:\/\/casadecampoliving.com\/es\/inscribe-a-tus-hijos-ahora-vuelve-el-futbol-para-una-nueva-temporada-en-casa-de-campo-con-la-escuela-fundacion-real-madrid\/"},"author":{"name":"Casa de Campo Living","@id":"https:\/\/casadecampoliving.com\/es\/#\/schema\/person\/5d2171637a9d11e0e43ce6b8555f9422"},"headline":"\u00a1Inscribe a tus hijos ahora! \u00a1Vuelve el f\u00fatbol para una nueva temporada en Casa de Campo con la Escuela Fundaci\u00f3n Real Madrid!","datePublished":"2021-05-14T04:00:00+00:00","dateModified":"2022-10-21T23:15:44+00:00","mainEntityOfPage":{"@id":"https:\/\/casadecampoliving.com\/es\/inscribe-a-tus-hijos-ahora-vuelve-el-futbol-para-una-nueva-temporada-en-casa-de-campo-con-la-escuela-fundacion-real-madrid\/"},"wordCount":869,"publisher":{"@id":"https:\/\/casadecampoliving.com\/es\/#organization"},"image":{"@id":"https:\/\/casadecampoliving.com\/es\/inscribe-a-tus-hijos-ahora-vuelve-el-futbol-para-una-nueva-temporada-en-casa-de-campo-con-la-escuela-fundacion-real-madrid\/#primaryimage"},"thumbnailUrl":"https:\/\/i0.wp.com\/casadecampoliving.com\/wp-content\/uploads\/2022\/10\/EJ4B4424-1.jpg?fit=1000%2C667&ssl=1","keywords":["Featured-TopView @es","Kids"],"articleSection":["Casa de Campo Living @es","Deportes","Estilo de Vida","Eventos","Noticias Locales","Proximamente","Rep\u00fablica Dominicana @es","Resort Casa de Campo","Salud"],"inLanguage":"es"},{"@type":"WebPage","@id":"https:\/\/casadecampoliving.com\/es\/inscribe-a-tus-hijos-ahora-vuelve-el-futbol-para-una-nueva-temporada-en-casa-de-campo-con-la-escuela-fundacion-real-madrid\/","url":"https:\/\/casadecampoliving.com\/es\/inscribe-a-tus-hijos-ahora-vuelve-el-futbol-para-una-nueva-temporada-en-casa-de-campo-con-la-escuela-fundacion-real-madrid\/","name":"\u00a1Inscribe a tus hijos ahora! \u00a1Vuelve el f\u00fatbol para una nueva temporada en Casa de Campo con la Escuela Fundaci\u00f3n Real Madrid! | Casa de Campo Living","isPartOf":{"@id":"https:\/\/casadecampoliving.com\/es\/#website"},"primaryImageOfPage":{"@id":"https:\/\/casadecampoliving.com\/es\/inscribe-a-tus-hijos-ahora-vuelve-el-futbol-para-una-nueva-temporada-en-casa-de-campo-con-la-escuela-fundacion-real-madrid\/#primaryimage"},"image":{"@id":"https:\/\/casadecampoliving.com\/es\/inscribe-a-tus-hijos-ahora-vuelve-el-futbol-para-una-nueva-temporada-en-casa-de-campo-con-la-escuela-fundacion-real-madrid\/#primaryimage"},"thumbnailUrl":"https:\/\/i0.wp.com\/casadecampoliving.com\/wp-content\/uploads\/2022\/10\/EJ4B4424-1.jpg?fit=1000%2C667&ssl=1","datePublished":"2021-05-14T04:00:00+00:00","dateModified":"2022-10-21T23:15:44+00:00","description":"Desde que Casa de Campo anunci\u00f3 su alianza con la Fundaci\u00f3n ARMID en 2017, toda la comunidad de Casa de Campo ha estado muy entusiasmada con el regreso","breadcrumb":{"@id":"https:\/\/casadecampoliving.com\/es\/inscribe-a-tus-hijos-ahora-vuelve-el-futbol-para-una-nueva-temporada-en-casa-de-campo-con-la-escuela-fundacion-real-madrid\/#breadcrumb"},"inLanguage":"es","potentialAction":[{"@type":"ReadAction","target":["https:\/\/casadecampoliving.com\/es\/inscribe-a-tus-hijos-ahora-vuelve-el-futbol-para-una-nueva-temporada-en-casa-de-campo-con-la-escuela-fundacion-real-madrid\/"]}]},{"@type":"ImageObject","inLanguage":"es","@id":"https:\/\/casadecampoliving.com\/es\/inscribe-a-tus-hijos-ahora-vuelve-el-futbol-para-una-nueva-temporada-en-casa-de-campo-con-la-escuela-fundacion-real-madrid\/#primaryimage","url":"https:\/\/i0.wp.com\/casadecampoliving.com\/wp-content\/uploads\/2022\/10\/EJ4B4424-1.jpg?fit=1000%2C667&ssl=1","contentUrl":"https:\/\/i0.wp.com\/casadecampoliving.com\/wp-content\/uploads\/2022\/10\/EJ4B4424-1.jpg?fit=1000%2C667&ssl=1","width":1000,"height":667},{"@type":"BreadcrumbList","@id":"https:\/\/casadecampoliving.com\/es\/inscribe-a-tus-hijos-ahora-vuelve-el-futbol-para-una-nueva-temporada-en-casa-de-campo-con-la-escuela-fundacion-real-madrid\/#breadcrumb","itemListElement":[{"@type":"ListItem","position":1,"name":"Home","item":"https:\/\/casadecampoliving.com\/es\/"},{"@type":"ListItem","position":2,"name":"\u00a1Inscribe a tus hijos ahora! \u00a1Vuelve el f\u00fatbol para una nueva temporada en Casa de Campo con la Escuela Fundaci\u00f3n Real Madrid!"}]},{"@type":"WebSite","@id":"https:\/\/casadecampoliving.com\/es\/#website","url":"https:\/\/casadecampoliving.com\/es\/","name":"Casa de Campo Living","description":"Resort community news and resources.","publisher":{"@id":"https:\/\/casadecampoliving.com\/es\/#organization"},"potentialAction":[{"@type":"SearchAction","target":{"@type":"EntryPoint","urlTemplate":"https:\/\/casadecampoliving.com\/es\/?s={search_term_string}"},"query-input":{"@type":"PropertyValueSpecification","valueRequired":true,"valueName":"search_term_string"}}],"inLanguage":"es"},{"@type":"Organization","@id":"https:\/\/casadecampoliving.com\/es\/#organization","name":"Casa de Campo Living","url":"https:\/\/casadecampoliving.com\/es\/","logo":{"@type":"ImageObject","inLanguage":"es","@id":"https:\/\/casadecampoliving.com\/es\/#\/schema\/logo\/image\/","url":"https:\/\/i0.wp.com\/casadecampoliving.com\/wp-content\/uploads\/2022\/07\/CDCLivingLogo_V1-white-sized.png?fit=800%2C214&ssl=1","contentUrl":"https:\/\/i0.wp.com\/casadecampoliving.com\/wp-content\/uploads\/2022\/07\/CDCLivingLogo_V1-white-sized.png?fit=800%2C214&ssl=1","width":800,"height":214,"caption":"Casa de Campo Living"},"image":{"@id":"https:\/\/casadecampoliving.com\/es\/#\/schema\/logo\/image\/"},"sameAs":["https:\/\/www.facebook.com\/casadecampoliving","https:\/\/x.com\/cdcliving"]},{"@type":"Person","@id":"https:\/\/casadecampoliving.com\/es\/#\/schema\/person\/5d2171637a9d11e0e43ce6b8555f9422","name":"Casa de Campo Living","image":{"@type":"ImageObject","inLanguage":"es","@id":"https:\/\/secure.gravatar.com\/avatar\/d04101fa4a9fd431e939953b1500fdc7a73cd35029f86d98712fd8ccdaebaf9a?s=96&d=mm&r=g","url":"https:\/\/secure.gravatar.com\/avatar\/d04101fa4a9fd431e939953b1500fdc7a73cd35029f86d98712fd8ccdaebaf9a?s=96&d=mm&r=g","contentUrl":"https:\/\/secure.gravatar.com\/avatar\/d04101fa4a9fd431e939953b1500fdc7a73cd35029f86d98712fd8ccdaebaf9a?s=96&d=mm&r=g","caption":"Casa de Campo Living"},"url":"https:\/\/casadecampoliving.com\/es\/author\/casa-de-campo-living\/"}]}},"parsely":{"version":"1.1.0","canonical_url":"https:\/\/casadecampoliving.com\/es\/inscribe-a-tus-hijos-ahora-vuelve-el-futbol-para-una-nueva-temporada-en-casa-de-campo-con-la-escuela-fundacion-real-madrid\/","smart_links":{"inbound":0,"outbound":0},"traffic_boost_suggestions_count":0,"meta":{"@context":"https:\/\/schema.org","@type":"NewsArticle","headline":"\u00a1Inscribe a tus hijos ahora! \u00a1Vuelve el f\u00fatbol para una nueva temporada en Casa de Campo con la Escuela Fundaci\u00f3n Real Madrid!","url":"http:\/\/casadecampoliving.com\/es\/inscribe-a-tus-hijos-ahora-vuelve-el-futbol-para-una-nueva-temporada-en-casa-de-campo-con-la-escuela-fundacion-real-madrid\/","mainEntityOfPage":{"@type":"WebPage","@id":"http:\/\/casadecampoliving.com\/es\/inscribe-a-tus-hijos-ahora-vuelve-el-futbol-para-una-nueva-temporada-en-casa-de-campo-con-la-escuela-fundacion-real-madrid\/"},"thumbnailUrl":"https:\/\/i0.wp.com\/casadecampoliving.com\/wp-content\/uploads\/2022\/10\/EJ4B4424-1.jpg?resize=150%2C150&ssl=1","image":{"@type":"ImageObject","url":"https:\/\/i0.wp.com\/casadecampoliving.com\/wp-content\/uploads\/2022\/10\/EJ4B4424-1.jpg?fit=1000%2C667&ssl=1"},"articleSection":"Casa de Campo Living @es","author":[{"@type":"Person","name":"Casa de Campo Living"}],"creator":["Casa de Campo Living"],"publisher":{"@type":"Organization","name":"Casa de Campo Living","logo":"https:\/\/casadecampoliving.com\/wp-content\/uploads\/2022\/07\/CDCLivingLogo_V1-white-sized.png"},"keywords":["featured-topview @es","kids"],"dateCreated":"2021-05-14T04:00:00Z","datePublished":"2021-05-14T04:00:00Z","dateModified":"2022-10-21T23:15:44Z"},"rendered":"<script type=\"application\/ld+json\" class=\"wp-parsely-metadata\">{\"@context\":\"https:\\\/\\\/schema.org\",\"@type\":\"NewsArticle\",\"headline\":\"\\u00a1Inscribe a tus hijos ahora! \\u00a1Vuelve el f\\u00fatbol para una nueva temporada en Casa de Campo con la Escuela Fundaci\\u00f3n Real Madrid!\",\"url\":\"http:\\\/\\\/casadecampoliving.com\\\/es\\\/inscribe-a-tus-hijos-ahora-vuelve-el-futbol-para-una-nueva-temporada-en-casa-de-campo-con-la-escuela-fundacion-real-madrid\\\/\",\"mainEntityOfPage\":{\"@type\":\"WebPage\",\"@id\":\"http:\\\/\\\/casadecampoliving.com\\\/es\\\/inscribe-a-tus-hijos-ahora-vuelve-el-futbol-para-una-nueva-temporada-en-casa-de-campo-con-la-escuela-fundacion-real-madrid\\\/\"},\"thumbnailUrl\":\"https:\\\/\\\/i0.wp.com\\\/casadecampoliving.com\\\/wp-content\\\/uploads\\\/2022\\\/10\\\/EJ4B4424-1.jpg?resize=150%2C150&ssl=1\",\"image\":{\"@type\":\"ImageObject\",\"url\":\"https:\\\/\\\/i0.wp.com\\\/casadecampoliving.com\\\/wp-content\\\/uploads\\\/2022\\\/10\\\/EJ4B4424-1.jpg?fit=1000%2C667&ssl=1\"},\"articleSection\":\"Casa de Campo Living @es\",\"author\":[{\"@type\":\"Person\",\"name\":\"Casa de Campo Living\"}],\"creator\":[\"Casa de Campo Living\"],\"publisher\":{\"@type\":\"Organization\",\"name\":\"Casa de Campo Living\",\"logo\":\"https:\\\/\\\/casadecampoliving.com\\\/wp-content\\\/uploads\\\/2022\\\/07\\\/CDCLivingLogo_V1-white-sized.png\"},\"keywords\":[\"featured-topview @es\",\"kids\"],\"dateCreated\":\"2021-05-14T04:00:00Z\",\"datePublished\":\"2021-05-14T04:00:00Z\",\"dateModified\":\"2022-10-21T23:15:44Z\"}<\/script>","tracker_url":"https:\/\/cdn.parsely.com\/keys\/casadecampoliving.com\/p.js"},"jetpack_publicize_connections":[],"jetpack_featured_media_url":"https:\/\/i0.wp.com\/casadecampoliving.com\/wp-content\/uploads\/2022\/10\/EJ4B4424-1.jpg?fit=1000%2C667&ssl=1","jetpack-related-posts":[{"id":354125,"url":"https:\/\/casadecampoliving.com\/es\/vuelve-el-futbol-para-una-nueva-temporada-con-la-escuela-de-futbol-fundacion-real-madrid-en-casa-de-campo\/","url_meta":{"origin":354052,"position":0},"title":"\u00a1Vuelve el f\u00fatbol para una nueva temporada con la Escuela de futbol Fundaci\u00f3n Real Madrid en Casa de Campo!","author":"Casa de Campo Living","date":"9 Ago, 2021","format":false,"excerpt":"\u00a1Atenci\u00f3n ni\u00f1os y padres de Casa de Campo! \u00a1El f\u00fatbol est\u00e1 de vuelta! La escuela de f\u00fatbol de la Fundaci\u00f3n Real Madrid ha vuelto a abrir sus puertas para una nueva temporada y est\u00e1 lista para recibir a todos los aficionados al f\u00fatbol. Siguiendo su lema \u201cEntrena como los mejores\u201d,\u2026","rel":"","context":"En \u00abCasa de Campo Living @es\u00bb","block_context":{"text":"Casa de Campo Living @es","link":"https:\/\/casadecampoliving.com\/category\/casa-de-campo-living-es\/"},"img":{"alt_text":"Casa de Campo long weekend","src":"https:\/\/i0.wp.com\/casadecampoliving.com\/wp-content\/uploads\/2022\/10\/EJ4B4646-2.jpg?fit=1000%2C667&ssl=1&resize=350%2C200","width":350,"height":200,"srcset":"https:\/\/i0.wp.com\/casadecampoliving.com\/wp-content\/uploads\/2022\/10\/EJ4B4646-2.jpg?fit=1000%2C667&ssl=1&resize=350%2C200 1x, https:\/\/i0.wp.com\/casadecampoliving.com\/wp-content\/uploads\/2022\/10\/EJ4B4646-2.jpg?fit=1000%2C667&ssl=1&resize=525%2C300 1.5x, https:\/\/i0.wp.com\/casadecampoliving.com\/wp-content\/uploads\/2022\/10\/EJ4B4646-2.jpg?fit=1000%2C667&ssl=1&resize=700%2C400 2x"},"classes":[]},{"id":353656,"url":"https:\/\/casadecampoliving.com\/es\/el-futbol-vuelve-para-una-nueva-temporada-en-casa-de-campo-con-la-escuela-de-la-fundacion-real-madrid\/","url_meta":{"origin":354052,"position":1},"title":"\u00a1El f\u00fatbol vuelve para una nueva temporada en Casa de Campo con la Escuela de la Fundaci\u00f3n Real Madrid y con Sede permanente!","author":"Casa de Campo Living","date":"31 Dic, 2019","format":false,"excerpt":"Desde que se anunci\u00f3 la alianza de Casa de Campo con Fundaci\u00f3n ARMID en 2017, toda la comunidad de Casa de Campo ha estado muy entusiasmada con el regreso del f\u00fatbol al repertorio deportivo de Casa de Campo. Ahora que comienza un nuevo a\u00f1o, tambi\u00e9n la nueva temporada de la\u2026","rel":"","context":"En \u00abDeportes\u00bb","block_context":{"text":"Deportes","link":"https:\/\/casadecampoliving.com\/es\/category\/golf-deportes-es\/"},"img":{"alt_text":"","src":"https:\/\/i0.wp.com\/casadecampoliving.com\/wp-content\/uploads\/2022\/10\/Armid-real-madrid.jpg?fit=1000%2C667&ssl=1&resize=350%2C200","width":350,"height":200,"srcset":"https:\/\/i0.wp.com\/casadecampoliving.com\/wp-content\/uploads\/2022\/10\/Armid-real-madrid.jpg?fit=1000%2C667&ssl=1&resize=350%2C200 1x, https:\/\/i0.wp.com\/casadecampoliving.com\/wp-content\/uploads\/2022\/10\/Armid-real-madrid.jpg?fit=1000%2C667&ssl=1&resize=525%2C300 1.5x, https:\/\/i0.wp.com\/casadecampoliving.com\/wp-content\/uploads\/2022\/10\/Armid-real-madrid.jpg?fit=1000%2C667&ssl=1&resize=700%2C400 2x"},"classes":[]},{"id":352866,"url":"https:\/\/casadecampoliving.com\/es\/el-futbol-vuelve-para-una-nueva-temporada-con-la-escuela-de-la-fundacion-real-madrid-en-casa-de-campo\/","url_meta":{"origin":354052,"position":2},"title":"\u00a1El f\u00fatbol vuelve para una nueva temporada con la escuela de la Fundaci\u00f3n Real Madrid en Casa de Campo!","author":"Marlenys Guzm\u00e1n Casta\u00f1os","date":"10 Sep, 2018","format":false,"excerpt":"Desde que se anunci\u00f3 la alianza de Casa de Campo con Fundaci\u00f3n ARMID el a\u00f1o pasado, toda la comunidad de Casa de Campo ha estado muy entusiasmada con el regreso del f\u00fatbol al \u00e1mbito deportivo de Casa de Campo. Ahora que ha comenzado un nuevo a\u00f1o escolar, tambi\u00e9n lo har\u00e1\u2026","rel":"","context":"En \u00abDeportes\u00bb","block_context":{"text":"Deportes","link":"https:\/\/casadecampoliving.com\/es\/category\/golf-deportes-es\/"},"img":{"alt_text":"","src":"https:\/\/i0.wp.com\/casadecampoliving-wp.s3-accelerate.amazonaws.com\/2018\/09\/20180310_112123.jpg?resize=350%2C200&ssl=1","width":350,"height":200,"srcset":"https:\/\/i0.wp.com\/casadecampoliving-wp.s3-accelerate.amazonaws.com\/2018\/09\/20180310_112123.jpg?resize=350%2C200&ssl=1 1x, https:\/\/i0.wp.com\/casadecampoliving-wp.s3-accelerate.amazonaws.com\/2018\/09\/20180310_112123.jpg?resize=525%2C300&ssl=1 1.5x, https:\/\/i0.wp.com\/casadecampoliving-wp.s3-accelerate.amazonaws.com\/2018\/09\/20180310_112123.jpg?resize=700%2C400&ssl=1 2x"},"classes":[]},{"id":354490,"url":"https:\/\/casadecampoliving.com\/es\/entrena-con-los-mejores-en-la-escuela-de-futbol-fundacion-real-madrid-2022-en-casa-de-campo-registrate-hoy\/","url_meta":{"origin":354052,"position":3},"title":"\u00a1Entrena con los mejores en la escuela de F\u00fatbol Fundaci\u00f3n Real Madrid 2022 en Casa de Campo! \u00a1Reg\u00edstrate hoy!","author":"Casa de Campo Living","date":"2 Sep, 2022","format":false,"excerpt":"Desde que Casa de Campo anunci\u00f3 su alianza con la Fundaci\u00f3n ARMID en 2017, toda la comunidad de Casa de Campo ha estado muy entusiasmada con el regreso del f\u00fatbol al repertorio deportivo de Casa de Campo. La pr\u00f3xima semana comienza una nueva temporada de la Escuela de F\u00fatbol Fundaci\u00f3n\u2026","rel":"","context":"En \u00abCasa de Campo Living @es\u00bb","block_context":{"text":"Casa de Campo Living @es","link":"https:\/\/casadecampoliving.com\/category\/casa-de-campo-living-es\/"},"img":{"alt_text":"","src":"https:\/\/i0.wp.com\/casadecampoliving.com\/wp-content\/uploads\/2022\/10\/BDC_2698-1-real-madrid-1.jpg?fit=1000%2C667&ssl=1&resize=350%2C200","width":350,"height":200,"srcset":"https:\/\/i0.wp.com\/casadecampoliving.com\/wp-content\/uploads\/2022\/10\/BDC_2698-1-real-madrid-1.jpg?fit=1000%2C667&ssl=1&resize=350%2C200 1x, https:\/\/i0.wp.com\/casadecampoliving.com\/wp-content\/uploads\/2022\/10\/BDC_2698-1-real-madrid-1.jpg?fit=1000%2C667&ssl=1&resize=525%2C300 1.5x, https:\/\/i0.wp.com\/casadecampoliving.com\/wp-content\/uploads\/2022\/10\/BDC_2698-1-real-madrid-1.jpg?fit=1000%2C667&ssl=1&resize=700%2C400 2x"},"classes":[]},{"id":353719,"url":"https:\/\/casadecampoliving.com\/es\/esta-invitado-inauguracion-de-la-sede-permanente-de-la-escuela-de-futbol-fundacion-real-madrid-en-casa-de-campo\/","url_meta":{"origin":354052,"position":4},"title":"\u00a1Est\u00e1 invitado! Inauguraci\u00f3n de la sede permanente de la Escuela de F\u00fatbol Fundaci\u00f3n Real Madrid en Casa de Campo","author":"Casa de Campo Living","date":"9 Mar, 2020","format":false,"excerpt":"\u00a1Est\u00e1s invitado a la inauguraci\u00f3n de la tercera sede de la Escuela de F\u00fatbol Fundaci\u00f3n Real Madrid en la Rep\u00fablica Dominicana! Desde que Casa de Campo anunci\u00f3 su alianza con la Fundaci\u00f3n ARMID en 2017, toda la comunidad de Casa de Campo ha estado muy entusiasmada por tener una escuela\u2026","rel":"","context":"En \u00abDeportes\u00bb","block_context":{"text":"Deportes","link":"https:\/\/casadecampoliving.com\/es\/category\/golf-deportes-es\/"},"img":{"alt_text":"","src":"https:\/\/i0.wp.com\/casadecampoliving.com\/wp-content\/uploads\/2022\/10\/BDC_2698-1-real-madrid-1.jpg?fit=1000%2C667&ssl=1&resize=350%2C200","width":350,"height":200,"srcset":"https:\/\/i0.wp.com\/casadecampoliving.com\/wp-content\/uploads\/2022\/10\/BDC_2698-1-real-madrid-1.jpg?fit=1000%2C667&ssl=1&resize=350%2C200 1x, https:\/\/i0.wp.com\/casadecampoliving.com\/wp-content\/uploads\/2022\/10\/BDC_2698-1-real-madrid-1.jpg?fit=1000%2C667&ssl=1&resize=525%2C300 1.5x, https:\/\/i0.wp.com\/casadecampoliving.com\/wp-content\/uploads\/2022\/10\/BDC_2698-1-real-madrid-1.jpg?fit=1000%2C667&ssl=1&resize=700%2C400 2x"},"classes":[]},{"id":354557,"url":"https:\/\/casadecampoliving.com\/es\/casa-de-campo-y-la-fundacion-real-madrid-estan-ofreciendo-clinicas-abiertas-este-fin-de-semana\/","url_meta":{"origin":354052,"position":5},"title":"\u00a1Casa de Campo y la Fundaci\u00f3n Real Madrid est\u00e1n ofreciendo cl\u00ednicas abiertas este fin de semana!","author":"Casa de Campo Living","date":"26 Sep, 2022","format":false,"excerpt":"\u00a1Vuelve el f\u00fatbol! Casa de Campo se ha asociado con la escuela de f\u00fatbol de la Fundaci\u00f3n Real Madrid, una de las mejores escuelas de entrenamiento de f\u00fatbol del mundo, y para celebrar que la escuela volver\u00e1 a operar en Casa de Campo, \u00a1habr\u00e1 una cl\u00ednica de f\u00fatbol para poner\u2026","rel":"","context":"En \u00abCasa de Campo Living @es\u00bb","block_context":{"text":"Casa de Campo Living @es","link":"https:\/\/casadecampoliving.com\/category\/casa-de-campo-living-es\/"},"img":{"alt_text":"","src":"https:\/\/i0.wp.com\/casadecampoliving.com\/wp-content\/uploads\/2022\/10\/Armid-real-madrid.jpg?fit=1000%2C667&ssl=1&resize=350%2C200","width":350,"height":200,"srcset":"https:\/\/i0.wp.com\/casadecampoliving.com\/wp-content\/uploads\/2022\/10\/Armid-real-madrid.jpg?fit=1000%2C667&ssl=1&resize=350%2C200 1x, https:\/\/i0.wp.com\/casadecampoliving.com\/wp-content\/uploads\/2022\/10\/Armid-real-madrid.jpg?fit=1000%2C667&ssl=1&resize=525%2C300 1.5x, https:\/\/i0.wp.com\/casadecampoliving.com\/wp-content\/uploads\/2022\/10\/Armid-real-madrid.jpg?fit=1000%2C667&ssl=1&resize=700%2C400 2x"},"classes":[]}],"jetpack_sharing_enabled":true,"_links":{"self":[{"href":"https:\/\/casadecampoliving.com\/es\/wp-json\/wp\/v2\/posts\/354052","targetHints":{"allow":["GET"]}}],"collection":[{"href":"https:\/\/casadecampoliving.com\/es\/wp-json\/wp\/v2\/posts"}],"about":[{"href":"https:\/\/casadecampoliving.com\/es\/wp-json\/wp\/v2\/types\/post"}],"author":[{"embeddable":true,"href":"https:\/\/casadecampoliving.com\/es\/wp-json\/wp\/v2\/users\/36791"}],"replies":[{"embeddable":true,"href":"https:\/\/casadecampoliving.com\/es\/wp-json\/wp\/v2\/comments?post=354052"}],"version-history":[{"count":0,"href":"https:\/\/casadecampoliving.com\/es\/wp-json\/wp\/v2\/posts\/354052\/revisions"}],"wp:featuredmedia":[{"embeddable":true,"href":"https:\/\/casadecampoliving.com\/es\/wp-json\/wp\/v2\/media\/333429"}],"wp:attachment":[{"href":"https:\/\/casadecampoliving.com\/es\/wp-json\/wp\/v2\/media?parent=354052"}],"wp:term":[{"taxonomy":"category","embeddable":true,"href":"https:\/\/casadecampoliving.com\/es\/wp-json\/wp\/v2\/categories?post=354052"},{"taxonomy":"post_tag","embeddable":true,"href":"https:\/\/casadecampoliving.com\/es\/wp-json\/wp\/v2\/tags?post=354052"},{"taxonomy":"newspack_spnsrs_tax","embeddable":true,"href":"https:\/\/casadecampoliving.com\/es\/wp-json\/wp\/v2\/newspack_spnsrs_tax?post=354052"}],"curies":[{"name":"wp","href":"https:\/\/api.w.org\/{rel}","templated":true}]}}