{"id":354050,"date":"2021-05-09T00:00:00","date_gmt":"2021-05-09T04:00:00","guid":{"rendered":"https:\/\/casadecampoliving.com\/los-montaner-live-desde-altos-de-chavon-juntos-en-una-noche-unica-irrepetible-e-inolvidable\/"},"modified":"2022-10-21T19:15:05","modified_gmt":"2022-10-21T23:15:05","slug":"los-montaner-live-desde-altos-de-chavon-juntos-en-una-noche-unica-irrepetible-e-inolvidable","status":"publish","type":"post","link":"https:\/\/casadecampoliving.com\/es\/los-montaner-live-desde-altos-de-chavon-juntos-en-una-noche-unica-irrepetible-e-inolvidable\/","title":{"rendered":"\u00a1Los Montaner Live desde Altos de Chav\u00f3n! \u00a1Juntos en una noche \u00fanica, irrepetible e inolvidable!"},"content":{"rendered":"\n<p>\u00a1Es oficial! \u00a1Casa de Campo ser\u00e1 el anfitri\u00f3n de un concierto semi presencial y virtual con la familia Montaner completa! Por primera vez, la familia hispanoamericana m\u00e1s querida y famosa del momento<strong> Ricardo Montaner, Mau &amp; Ricky, Evaluna y Camilo<\/strong> se encontrar\u00e1n en un concierto muy especial <strong>\u00a1LOS MONTANER LIVE!<\/strong> el s\u00e1bado 12 de junio en el Anfiteatro Altos de Chav\u00f3n y se llevar\u00e1 a cabo en una modalidad mixta semi presencial y virtual que ser\u00e1 transmitida en vivo alrededor del mundo!<\/p>\n\n\n\n<p>Los Montaner\u2019s, que han logrado el reconocimiento individual en sus respectivas carreras musicales interpretar\u00e1n sus grandes \u00e9xitos, sus mejores canciones, y las favoritas del p\u00fablico en lo que promete ser una noche espectacular.<\/p>\n\n\n\n<p>Hace apenas unos meses presentaron juntos su primer sencillo, \u201cAmen\u201d, que se acerca a los 150 millones de visualizaciones en el canal de YouTube del patriarca.<\/p>\n\n\n\n<center><iframe loading=\"lazy\" title=\"YouTube video player\" src=\"https:\/\/www.youtube.com\/embed\/hdWoDa2mIdE\" width=\"800\" height=\"450\" frameborder=\"0\" allowfullscreen=\"allowfullscreen\" data-mce-fragment=\"1\"><span data-mce-type=\"bookmark\" style=\"display: inline-block; width: 0px; overflow: hidden; line-height: 0;\" class=\"mce_SELRES_start\">\ufeff<\/span><\/iframe><\/center>\n\n\n\n<p>Siempre presente en la vida de sus seguidores, Montaner lleva un tiempo queriendo volver a los escenarios luego de revivir en sus redes sociales <a href=\"https:\/\/casadecampoliving.com\/es\/el-primer-concierto-virtual-de-altos-de-chavon-con-ricardo-montaner-fue-un-exito-rotundo\/\" target=\"_blank\" rel=\"noopener\">su anterior concierto en Chav\u00f3n<\/a>, y la oportunidad se dar\u00e1 el pr\u00f3ximo mes cuando actuar\u00e1 con sus hijos en vivo por primera vez. M\u00e1s de 200 personas, entre m\u00fasicos, t\u00e9cnicos y producci\u00f3n, tendr\u00e1n en sus manos esta gran puesta en escena desde uno de los lugares m\u00e1s m\u00edticos y bellos del mundo.<\/p>\n\n\n\n<p>\u00a1Esta es una gran oportunidad para disfrutar y cantar junto a Ricardo Montaner y sus hijos todas tus canciones favoritas desde donde est\u00e9s! La venta de entradas estar\u00e1 disponible a partir de este domingo 9 de mayo a las 5:00 pm (EST) y se pueden comprar en l\u00ednea a trav\u00e9s del <a href=\"https:\/\/losmontanerlive.com\/\" target=\"_blank\" rel=\"noopener\">sitio web oficial del artista<\/a> y a trav\u00e9s de <a href=\"https:\/\/uepatickets.com\/?AspxAutoDetectCookieSupport=1\" target=\"_blank\" rel=\"noopener\">uepatickets<\/a>. \u00a1No te lo pierdas, compra ya tus entradas!<\/p>\n\n\n\n<blockquote><figure><img decoding=\"async\" loading=\"lazy\" class=\"aligncenter wp-image-209479\" src=\"https:\/\/i0.wp.com\/casadecampoliving.com\/wp-content\/uploads\/2022\/10\/WhatsApp-Image-2021-05-08-at-4.41.50-PM-822x1024-2.jpeg?resize=722%2C900&amp;ssl=1\" alt=\"\" width=\"722\" height=\"900\"><\/figure><\/blockquote>\n","protected":false},"excerpt":{"rendered":"<p>\u00a1Es oficial! \u00a1Casa de Campo ser\u00e1 el anfitri\u00f3n de un concierto semi presencial y virtual con la familia Montaner completa! Por primera vez, la familia hispanoamericana m\u00e1s querida y famosa del momento Ricardo Montaner, Mau &amp; Ricky, Evaluna y Camilo se encontrar\u00e1n en un concierto muy especial \u00a1LOS MONTANER LIVE! el s\u00e1bado 12 de junio [&hellip;]<\/p>\n","protected":false},"author":36791,"featured_media":333411,"comment_status":"closed","ping_status":"open","sticky":false,"template":"","format":"standard","meta":{"newspack_ads_suppress_ads":false,"newspack_popups_has_disabled_popups":false,"newspack_sponsor_sponsorship_scope":"","newspack_sponsor_native_byline_display":"inherit","newspack_sponsor_native_category_display":"inherit","newspack_sponsor_underwriter_style":"inherit","newspack_sponsor_underwriter_placement":"inherit","_newspack_byline_active":false,"_newspack_byline":"","newspack_hide_updated_date":false,"newspack_show_updated_date":false,"newspack_content_restriction_is_exempt":false,"newspack_featured_image_position":"","newspack_post_subtitle":"","newspack_article_summary_title":"Overview:","newspack_article_summary":"","_jetpack_memberships_contains_paid_content":false,"footnotes":"","jetpack_publicize_message":"","jetpack_publicize_feature_enabled":true,"jetpack_social_post_already_shared":false,"jetpack_social_options":{"image_generator_settings":{"template":"highway","default_image_id":0,"font":"","enabled":false},"version":2},"_wpas_customize_per_network":false},"categories":[26819,26823,2513,2518,14631,2522,14625,14627,2521,26822],"tags":[3575,1528,23815,18836,2963,25790,25802,14736,25793,25791,25788,25205,25792,23475,15063,24766],"newspack_spnsrs_tax":[],"class_list":["post-354050","post","type-post","status-publish","format-standard","has-post-thumbnail","hentry","category-altos-de-chavon-es","category-arte-y-cultura","category-celebridades-es","category-conciertos-es","category-estilo-de-vida","category-eventos-es","category-noticias-locales","category-proximamente","category-republica-dominicana-2","category-resort-casa-de-campo","tag-altos-de-chavon-es-2","tag-camilo","tag-casa-de-campo-es-17","tag-concert-es-2","tag-concierto","tag-evaluna","tag-evaluna-y-camilo","tag-featured-topview-es","tag-los-montaner","tag-mau","tag-mau-ricky","tag-ricardo-montaner","tag-ricky","tag-streaming","tag-upcoming","tag-virtual","entry"],"yoast_head":"<!-- This site is optimized with the Yoast SEO plugin v27.5 - https:\/\/yoast.com\/product\/yoast-seo-wordpress\/ -->\n<title>\u00a1Los Montaner Live desde Altos de Chav\u00f3n! \u00a1Juntos en una noche \u00fanica, irrepetible e inolvidable! | Casa de Campo Living<\/title>\n<meta name=\"description\" content=\"\u00a1Es oficial! \u00a1Casa de Campo ser\u00e1 el anfitri\u00f3n de un concierto semi presencial y virtual con la familia Montaner completa! Por primera vez, la familia\" \/>\n<meta name=\"robots\" content=\"index, follow, max-snippet:-1, max-image-preview:large, max-video-preview:-1\" \/>\n<link rel=\"canonical\" href=\"https:\/\/casadecampoliving.com\/es\/los-montaner-live-desde-altos-de-chavon-juntos-en-una-noche-unica-irrepetible-e-inolvidable\/\" \/>\n<meta property=\"og:locale\" content=\"es_ES\" \/>\n<meta property=\"og:type\" content=\"article\" \/>\n<meta property=\"og:title\" content=\"\u00a1Los Montaner Live desde Altos de Chav\u00f3n! \u00a1Juntos en una noche \u00fanica, irrepetible e inolvidable! | Casa de Campo Living\" \/>\n<meta property=\"og:description\" content=\"\u00a1Es oficial! \u00a1Casa de Campo ser\u00e1 el anfitri\u00f3n de un concierto semi presencial y virtual con la familia Montaner completa! Por primera vez, la familia\" \/>\n<meta property=\"og:url\" content=\"https:\/\/casadecampoliving.com\/es\/los-montaner-live-desde-altos-de-chavon-juntos-en-una-noche-unica-irrepetible-e-inolvidable\/\" \/>\n<meta property=\"og:site_name\" content=\"Casa de Campo Living\" \/>\n<meta property=\"article:publisher\" content=\"https:\/\/www.facebook.com\/casadecampoliving\" \/>\n<meta property=\"article:published_time\" content=\"2021-05-09T04:00:00+00:00\" \/>\n<meta property=\"article:modified_time\" content=\"2022-10-21T23:15:05+00:00\" \/>\n<meta property=\"og:image\" content=\"https:\/\/i0.wp.com\/casadecampoliving.com\/wp-content\/uploads\/2022\/10\/PHOTO-2021-05-07-22-58-00-1.jpg?fit=1000%2C600&ssl=1\" \/>\n\t<meta property=\"og:image:width\" content=\"1000\" \/>\n\t<meta property=\"og:image:height\" content=\"600\" \/>\n\t<meta property=\"og:image:type\" content=\"image\/jpeg\" \/>\n<meta name=\"author\" content=\"Casa de Campo Living\" \/>\n<meta name=\"twitter:card\" content=\"summary_large_image\" \/>\n<meta name=\"twitter:creator\" content=\"@cdcliving\" \/>\n<meta name=\"twitter:site\" content=\"@cdcliving\" \/>\n<meta name=\"twitter:label1\" content=\"Escrito por\" \/>\n\t<meta name=\"twitter:data1\" content=\"Casa de Campo Living\" \/>\n\t<meta name=\"twitter:label2\" content=\"Tiempo de lectura\" \/>\n\t<meta name=\"twitter:data2\" content=\"2 minutos\" \/>\n<script type=\"application\/ld+json\" class=\"yoast-schema-graph\">{\"@context\":\"https:\\\/\\\/schema.org\",\"@graph\":[{\"@type\":\"Article\",\"@id\":\"https:\\\/\\\/casadecampoliving.com\\\/es\\\/los-montaner-live-desde-altos-de-chavon-juntos-en-una-noche-unica-irrepetible-e-inolvidable\\\/#article\",\"isPartOf\":{\"@id\":\"https:\\\/\\\/casadecampoliving.com\\\/es\\\/los-montaner-live-desde-altos-de-chavon-juntos-en-una-noche-unica-irrepetible-e-inolvidable\\\/\"},\"author\":{\"name\":\"Casa de Campo Living\",\"@id\":\"https:\\\/\\\/casadecampoliving.com\\\/es\\\/#\\\/schema\\\/person\\\/5d2171637a9d11e0e43ce6b8555f9422\"},\"headline\":\"\u00a1Los Montaner Live desde Altos de Chav\u00f3n! \u00a1Juntos en una noche \u00fanica, irrepetible e inolvidable!\",\"datePublished\":\"2021-05-09T04:00:00+00:00\",\"dateModified\":\"2022-10-21T23:15:05+00:00\",\"mainEntityOfPage\":{\"@id\":\"https:\\\/\\\/casadecampoliving.com\\\/es\\\/los-montaner-live-desde-altos-de-chavon-juntos-en-una-noche-unica-irrepetible-e-inolvidable\\\/\"},\"wordCount\":318,\"publisher\":{\"@id\":\"https:\\\/\\\/casadecampoliving.com\\\/es\\\/#organization\"},\"image\":{\"@id\":\"https:\\\/\\\/casadecampoliving.com\\\/es\\\/los-montaner-live-desde-altos-de-chavon-juntos-en-una-noche-unica-irrepetible-e-inolvidable\\\/#primaryimage\"},\"thumbnailUrl\":\"https:\\\/\\\/i0.wp.com\\\/casadecampoliving.com\\\/wp-content\\\/uploads\\\/2022\\\/10\\\/PHOTO-2021-05-07-22-58-00-1.jpg?fit=1000%2C600&ssl=1\",\"keywords\":[\"Altos de Chavon -es\",\"camilo\",\"Casa de Campo\",\"concert\",\"concierto\",\"Evaluna\",\"Evaluna y Camilo\",\"Featured-TopView @es\",\"los montaner\",\"mau\",\"Mau &amp; Ricky\",\"ricardo montaner\",\"ricky\",\"streaming\",\"Upcoming\",\"virtual\"],\"articleSection\":[\"Altos de Chavon @es\",\"Arte y cultura\",\"Celebridades\",\"Conciertos\",\"Estilo de Vida\",\"Eventos\",\"Noticias Locales\",\"Proximamente\",\"Rep\u00fablica Dominicana @es\",\"Resort Casa de Campo\"],\"inLanguage\":\"es\"},{\"@type\":\"WebPage\",\"@id\":\"https:\\\/\\\/casadecampoliving.com\\\/es\\\/los-montaner-live-desde-altos-de-chavon-juntos-en-una-noche-unica-irrepetible-e-inolvidable\\\/\",\"url\":\"https:\\\/\\\/casadecampoliving.com\\\/es\\\/los-montaner-live-desde-altos-de-chavon-juntos-en-una-noche-unica-irrepetible-e-inolvidable\\\/\",\"name\":\"\u00a1Los Montaner Live desde Altos de Chav\u00f3n! \u00a1Juntos en una noche \u00fanica, irrepetible e inolvidable! | Casa de Campo Living\",\"isPartOf\":{\"@id\":\"https:\\\/\\\/casadecampoliving.com\\\/es\\\/#website\"},\"primaryImageOfPage\":{\"@id\":\"https:\\\/\\\/casadecampoliving.com\\\/es\\\/los-montaner-live-desde-altos-de-chavon-juntos-en-una-noche-unica-irrepetible-e-inolvidable\\\/#primaryimage\"},\"image\":{\"@id\":\"https:\\\/\\\/casadecampoliving.com\\\/es\\\/los-montaner-live-desde-altos-de-chavon-juntos-en-una-noche-unica-irrepetible-e-inolvidable\\\/#primaryimage\"},\"thumbnailUrl\":\"https:\\\/\\\/i0.wp.com\\\/casadecampoliving.com\\\/wp-content\\\/uploads\\\/2022\\\/10\\\/PHOTO-2021-05-07-22-58-00-1.jpg?fit=1000%2C600&ssl=1\",\"datePublished\":\"2021-05-09T04:00:00+00:00\",\"dateModified\":\"2022-10-21T23:15:05+00:00\",\"description\":\"\u00a1Es oficial! \u00a1Casa de Campo ser\u00e1 el anfitri\u00f3n de un concierto semi presencial y virtual con la familia Montaner completa! Por primera vez, la familia\",\"breadcrumb\":{\"@id\":\"https:\\\/\\\/casadecampoliving.com\\\/es\\\/los-montaner-live-desde-altos-de-chavon-juntos-en-una-noche-unica-irrepetible-e-inolvidable\\\/#breadcrumb\"},\"inLanguage\":\"es\",\"potentialAction\":[{\"@type\":\"ReadAction\",\"target\":[\"https:\\\/\\\/casadecampoliving.com\\\/es\\\/los-montaner-live-desde-altos-de-chavon-juntos-en-una-noche-unica-irrepetible-e-inolvidable\\\/\"]}]},{\"@type\":\"ImageObject\",\"inLanguage\":\"es\",\"@id\":\"https:\\\/\\\/casadecampoliving.com\\\/es\\\/los-montaner-live-desde-altos-de-chavon-juntos-en-una-noche-unica-irrepetible-e-inolvidable\\\/#primaryimage\",\"url\":\"https:\\\/\\\/i0.wp.com\\\/casadecampoliving.com\\\/wp-content\\\/uploads\\\/2022\\\/10\\\/PHOTO-2021-05-07-22-58-00-1.jpg?fit=1000%2C600&ssl=1\",\"contentUrl\":\"https:\\\/\\\/i0.wp.com\\\/casadecampoliving.com\\\/wp-content\\\/uploads\\\/2022\\\/10\\\/PHOTO-2021-05-07-22-58-00-1.jpg?fit=1000%2C600&ssl=1\",\"width\":1000,\"height\":600},{\"@type\":\"BreadcrumbList\",\"@id\":\"https:\\\/\\\/casadecampoliving.com\\\/es\\\/los-montaner-live-desde-altos-de-chavon-juntos-en-una-noche-unica-irrepetible-e-inolvidable\\\/#breadcrumb\",\"itemListElement\":[{\"@type\":\"ListItem\",\"position\":1,\"name\":\"Home\",\"item\":\"https:\\\/\\\/casadecampoliving.com\\\/es\\\/\"},{\"@type\":\"ListItem\",\"position\":2,\"name\":\"\u00a1Los Montaner Live desde Altos de Chav\u00f3n! \u00a1Juntos en una noche \u00fanica, irrepetible e inolvidable!\"}]},{\"@type\":\"WebSite\",\"@id\":\"https:\\\/\\\/casadecampoliving.com\\\/es\\\/#website\",\"url\":\"https:\\\/\\\/casadecampoliving.com\\\/es\\\/\",\"name\":\"Casa de Campo Living\",\"description\":\"Resort community news and resources.\",\"publisher\":{\"@id\":\"https:\\\/\\\/casadecampoliving.com\\\/es\\\/#organization\"},\"potentialAction\":[{\"@type\":\"SearchAction\",\"target\":{\"@type\":\"EntryPoint\",\"urlTemplate\":\"https:\\\/\\\/casadecampoliving.com\\\/es\\\/?s={search_term_string}\"},\"query-input\":{\"@type\":\"PropertyValueSpecification\",\"valueRequired\":true,\"valueName\":\"search_term_string\"}}],\"inLanguage\":\"es\"},{\"@type\":\"Organization\",\"@id\":\"https:\\\/\\\/casadecampoliving.com\\\/es\\\/#organization\",\"name\":\"Casa de Campo Living\",\"url\":\"https:\\\/\\\/casadecampoliving.com\\\/es\\\/\",\"logo\":{\"@type\":\"ImageObject\",\"inLanguage\":\"es\",\"@id\":\"https:\\\/\\\/casadecampoliving.com\\\/es\\\/#\\\/schema\\\/logo\\\/image\\\/\",\"url\":\"https:\\\/\\\/i0.wp.com\\\/casadecampoliving.com\\\/wp-content\\\/uploads\\\/2022\\\/07\\\/CDCLivingLogo_V1-white-sized.png?fit=800%2C214&ssl=1\",\"contentUrl\":\"https:\\\/\\\/i0.wp.com\\\/casadecampoliving.com\\\/wp-content\\\/uploads\\\/2022\\\/07\\\/CDCLivingLogo_V1-white-sized.png?fit=800%2C214&ssl=1\",\"width\":800,\"height\":214,\"caption\":\"Casa de Campo Living\"},\"image\":{\"@id\":\"https:\\\/\\\/casadecampoliving.com\\\/es\\\/#\\\/schema\\\/logo\\\/image\\\/\"},\"sameAs\":[\"https:\\\/\\\/www.facebook.com\\\/casadecampoliving\",\"https:\\\/\\\/x.com\\\/cdcliving\"]},{\"@type\":\"Person\",\"@id\":\"https:\\\/\\\/casadecampoliving.com\\\/es\\\/#\\\/schema\\\/person\\\/5d2171637a9d11e0e43ce6b8555f9422\",\"name\":\"Casa de Campo Living\",\"image\":{\"@type\":\"ImageObject\",\"inLanguage\":\"es\",\"@id\":\"https:\\\/\\\/secure.gravatar.com\\\/avatar\\\/d04101fa4a9fd431e939953b1500fdc7a73cd35029f86d98712fd8ccdaebaf9a?s=96&d=mm&r=g\",\"url\":\"https:\\\/\\\/secure.gravatar.com\\\/avatar\\\/d04101fa4a9fd431e939953b1500fdc7a73cd35029f86d98712fd8ccdaebaf9a?s=96&d=mm&r=g\",\"contentUrl\":\"https:\\\/\\\/secure.gravatar.com\\\/avatar\\\/d04101fa4a9fd431e939953b1500fdc7a73cd35029f86d98712fd8ccdaebaf9a?s=96&d=mm&r=g\",\"caption\":\"Casa de Campo Living\"},\"url\":\"https:\\\/\\\/casadecampoliving.com\\\/es\\\/author\\\/casa-de-campo-living\\\/\"}]}<\/script>\n<!-- \/ Yoast SEO plugin. -->","yoast_head_json":{"title":"\u00a1Los Montaner Live desde Altos de Chav\u00f3n! \u00a1Juntos en una noche \u00fanica, irrepetible e inolvidable! | Casa de Campo Living","description":"\u00a1Es oficial! \u00a1Casa de Campo ser\u00e1 el anfitri\u00f3n de un concierto semi presencial y virtual con la familia Montaner completa! Por primera vez, la familia","robots":{"index":"index","follow":"follow","max-snippet":"max-snippet:-1","max-image-preview":"max-image-preview:large","max-video-preview":"max-video-preview:-1"},"canonical":"https:\/\/casadecampoliving.com\/es\/los-montaner-live-desde-altos-de-chavon-juntos-en-una-noche-unica-irrepetible-e-inolvidable\/","og_locale":"es_ES","og_type":"article","og_title":"\u00a1Los Montaner Live desde Altos de Chav\u00f3n! \u00a1Juntos en una noche \u00fanica, irrepetible e inolvidable! | Casa de Campo Living","og_description":"\u00a1Es oficial! \u00a1Casa de Campo ser\u00e1 el anfitri\u00f3n de un concierto semi presencial y virtual con la familia Montaner completa! Por primera vez, la familia","og_url":"https:\/\/casadecampoliving.com\/es\/los-montaner-live-desde-altos-de-chavon-juntos-en-una-noche-unica-irrepetible-e-inolvidable\/","og_site_name":"Casa de Campo Living","article_publisher":"https:\/\/www.facebook.com\/casadecampoliving","article_published_time":"2021-05-09T04:00:00+00:00","article_modified_time":"2022-10-21T23:15:05+00:00","og_image":[{"width":1000,"height":600,"url":"https:\/\/i0.wp.com\/casadecampoliving.com\/wp-content\/uploads\/2022\/10\/PHOTO-2021-05-07-22-58-00-1.jpg?fit=1000%2C600&ssl=1","type":"image\/jpeg"}],"author":"Casa de Campo Living","twitter_card":"summary_large_image","twitter_creator":"@cdcliving","twitter_site":"@cdcliving","twitter_misc":{"Escrito por":"Casa de Campo Living","Tiempo de lectura":"2 minutos"},"schema":{"@context":"https:\/\/schema.org","@graph":[{"@type":"Article","@id":"https:\/\/casadecampoliving.com\/es\/los-montaner-live-desde-altos-de-chavon-juntos-en-una-noche-unica-irrepetible-e-inolvidable\/#article","isPartOf":{"@id":"https:\/\/casadecampoliving.com\/es\/los-montaner-live-desde-altos-de-chavon-juntos-en-una-noche-unica-irrepetible-e-inolvidable\/"},"author":{"name":"Casa de Campo Living","@id":"https:\/\/casadecampoliving.com\/es\/#\/schema\/person\/5d2171637a9d11e0e43ce6b8555f9422"},"headline":"\u00a1Los Montaner Live desde Altos de Chav\u00f3n! \u00a1Juntos en una noche \u00fanica, irrepetible e inolvidable!","datePublished":"2021-05-09T04:00:00+00:00","dateModified":"2022-10-21T23:15:05+00:00","mainEntityOfPage":{"@id":"https:\/\/casadecampoliving.com\/es\/los-montaner-live-desde-altos-de-chavon-juntos-en-una-noche-unica-irrepetible-e-inolvidable\/"},"wordCount":318,"publisher":{"@id":"https:\/\/casadecampoliving.com\/es\/#organization"},"image":{"@id":"https:\/\/casadecampoliving.com\/es\/los-montaner-live-desde-altos-de-chavon-juntos-en-una-noche-unica-irrepetible-e-inolvidable\/#primaryimage"},"thumbnailUrl":"https:\/\/i0.wp.com\/casadecampoliving.com\/wp-content\/uploads\/2022\/10\/PHOTO-2021-05-07-22-58-00-1.jpg?fit=1000%2C600&ssl=1","keywords":["Altos de Chavon -es","camilo","Casa de Campo","concert","concierto","Evaluna","Evaluna y Camilo","Featured-TopView @es","los montaner","mau","Mau &amp; Ricky","ricardo montaner","ricky","streaming","Upcoming","virtual"],"articleSection":["Altos de Chavon @es","Arte y cultura","Celebridades","Conciertos","Estilo de Vida","Eventos","Noticias Locales","Proximamente","Rep\u00fablica Dominicana @es","Resort Casa de Campo"],"inLanguage":"es"},{"@type":"WebPage","@id":"https:\/\/casadecampoliving.com\/es\/los-montaner-live-desde-altos-de-chavon-juntos-en-una-noche-unica-irrepetible-e-inolvidable\/","url":"https:\/\/casadecampoliving.com\/es\/los-montaner-live-desde-altos-de-chavon-juntos-en-una-noche-unica-irrepetible-e-inolvidable\/","name":"\u00a1Los Montaner Live desde Altos de Chav\u00f3n! \u00a1Juntos en una noche \u00fanica, irrepetible e inolvidable! | Casa de Campo Living","isPartOf":{"@id":"https:\/\/casadecampoliving.com\/es\/#website"},"primaryImageOfPage":{"@id":"https:\/\/casadecampoliving.com\/es\/los-montaner-live-desde-altos-de-chavon-juntos-en-una-noche-unica-irrepetible-e-inolvidable\/#primaryimage"},"image":{"@id":"https:\/\/casadecampoliving.com\/es\/los-montaner-live-desde-altos-de-chavon-juntos-en-una-noche-unica-irrepetible-e-inolvidable\/#primaryimage"},"thumbnailUrl":"https:\/\/i0.wp.com\/casadecampoliving.com\/wp-content\/uploads\/2022\/10\/PHOTO-2021-05-07-22-58-00-1.jpg?fit=1000%2C600&ssl=1","datePublished":"2021-05-09T04:00:00+00:00","dateModified":"2022-10-21T23:15:05+00:00","description":"\u00a1Es oficial! \u00a1Casa de Campo ser\u00e1 el anfitri\u00f3n de un concierto semi presencial y virtual con la familia Montaner completa! Por primera vez, la familia","breadcrumb":{"@id":"https:\/\/casadecampoliving.com\/es\/los-montaner-live-desde-altos-de-chavon-juntos-en-una-noche-unica-irrepetible-e-inolvidable\/#breadcrumb"},"inLanguage":"es","potentialAction":[{"@type":"ReadAction","target":["https:\/\/casadecampoliving.com\/es\/los-montaner-live-desde-altos-de-chavon-juntos-en-una-noche-unica-irrepetible-e-inolvidable\/"]}]},{"@type":"ImageObject","inLanguage":"es","@id":"https:\/\/casadecampoliving.com\/es\/los-montaner-live-desde-altos-de-chavon-juntos-en-una-noche-unica-irrepetible-e-inolvidable\/#primaryimage","url":"https:\/\/i0.wp.com\/casadecampoliving.com\/wp-content\/uploads\/2022\/10\/PHOTO-2021-05-07-22-58-00-1.jpg?fit=1000%2C600&ssl=1","contentUrl":"https:\/\/i0.wp.com\/casadecampoliving.com\/wp-content\/uploads\/2022\/10\/PHOTO-2021-05-07-22-58-00-1.jpg?fit=1000%2C600&ssl=1","width":1000,"height":600},{"@type":"BreadcrumbList","@id":"https:\/\/casadecampoliving.com\/es\/los-montaner-live-desde-altos-de-chavon-juntos-en-una-noche-unica-irrepetible-e-inolvidable\/#breadcrumb","itemListElement":[{"@type":"ListItem","position":1,"name":"Home","item":"https:\/\/casadecampoliving.com\/es\/"},{"@type":"ListItem","position":2,"name":"\u00a1Los Montaner Live desde Altos de Chav\u00f3n! \u00a1Juntos en una noche \u00fanica, irrepetible e inolvidable!"}]},{"@type":"WebSite","@id":"https:\/\/casadecampoliving.com\/es\/#website","url":"https:\/\/casadecampoliving.com\/es\/","name":"Casa de Campo Living","description":"Resort community news and resources.","publisher":{"@id":"https:\/\/casadecampoliving.com\/es\/#organization"},"potentialAction":[{"@type":"SearchAction","target":{"@type":"EntryPoint","urlTemplate":"https:\/\/casadecampoliving.com\/es\/?s={search_term_string}"},"query-input":{"@type":"PropertyValueSpecification","valueRequired":true,"valueName":"search_term_string"}}],"inLanguage":"es"},{"@type":"Organization","@id":"https:\/\/casadecampoliving.com\/es\/#organization","name":"Casa de Campo Living","url":"https:\/\/casadecampoliving.com\/es\/","logo":{"@type":"ImageObject","inLanguage":"es","@id":"https:\/\/casadecampoliving.com\/es\/#\/schema\/logo\/image\/","url":"https:\/\/i0.wp.com\/casadecampoliving.com\/wp-content\/uploads\/2022\/07\/CDCLivingLogo_V1-white-sized.png?fit=800%2C214&ssl=1","contentUrl":"https:\/\/i0.wp.com\/casadecampoliving.com\/wp-content\/uploads\/2022\/07\/CDCLivingLogo_V1-white-sized.png?fit=800%2C214&ssl=1","width":800,"height":214,"caption":"Casa de Campo Living"},"image":{"@id":"https:\/\/casadecampoliving.com\/es\/#\/schema\/logo\/image\/"},"sameAs":["https:\/\/www.facebook.com\/casadecampoliving","https:\/\/x.com\/cdcliving"]},{"@type":"Person","@id":"https:\/\/casadecampoliving.com\/es\/#\/schema\/person\/5d2171637a9d11e0e43ce6b8555f9422","name":"Casa de Campo Living","image":{"@type":"ImageObject","inLanguage":"es","@id":"https:\/\/secure.gravatar.com\/avatar\/d04101fa4a9fd431e939953b1500fdc7a73cd35029f86d98712fd8ccdaebaf9a?s=96&d=mm&r=g","url":"https:\/\/secure.gravatar.com\/avatar\/d04101fa4a9fd431e939953b1500fdc7a73cd35029f86d98712fd8ccdaebaf9a?s=96&d=mm&r=g","contentUrl":"https:\/\/secure.gravatar.com\/avatar\/d04101fa4a9fd431e939953b1500fdc7a73cd35029f86d98712fd8ccdaebaf9a?s=96&d=mm&r=g","caption":"Casa de Campo Living"},"url":"https:\/\/casadecampoliving.com\/es\/author\/casa-de-campo-living\/"}]}},"parsely":{"version":"1.1.0","canonical_url":"https:\/\/casadecampoliving.com\/es\/los-montaner-live-desde-altos-de-chavon-juntos-en-una-noche-unica-irrepetible-e-inolvidable\/","smart_links":{"inbound":0,"outbound":0},"traffic_boost_suggestions_count":0,"meta":{"@context":"https:\/\/schema.org","@type":"NewsArticle","headline":"\u00a1Los Montaner Live desde Altos de Chav\u00f3n! \u00a1Juntos en una noche \u00fanica, irrepetible e inolvidable!","url":"http:\/\/casadecampoliving.com\/es\/los-montaner-live-desde-altos-de-chavon-juntos-en-una-noche-unica-irrepetible-e-inolvidable\/","mainEntityOfPage":{"@type":"WebPage","@id":"http:\/\/casadecampoliving.com\/es\/los-montaner-live-desde-altos-de-chavon-juntos-en-una-noche-unica-irrepetible-e-inolvidable\/"},"thumbnailUrl":"https:\/\/i0.wp.com\/casadecampoliving.com\/wp-content\/uploads\/2022\/10\/PHOTO-2021-05-07-22-58-00-1.jpg?resize=150%2C150&ssl=1","image":{"@type":"ImageObject","url":"https:\/\/i0.wp.com\/casadecampoliving.com\/wp-content\/uploads\/2022\/10\/PHOTO-2021-05-07-22-58-00-1.jpg?fit=1000%2C600&ssl=1"},"articleSection":"Altos de Chavon @es","author":[{"@type":"Person","name":"Casa de Campo Living"}],"creator":["Casa de Campo Living"],"publisher":{"@type":"Organization","name":"Casa de Campo Living","logo":"https:\/\/casadecampoliving.com\/wp-content\/uploads\/2022\/07\/CDCLivingLogo_V1-white-sized.png"},"keywords":["altos de chavon -es","camilo","casa de campo","concert","concierto","evaluna","evaluna y camilo","featured-topview @es","los montaner","mau","mau &amp; ricky","ricardo montaner","ricky","streaming","upcoming","virtual"],"dateCreated":"2021-05-09T04:00:00Z","datePublished":"2021-05-09T04:00:00Z","dateModified":"2022-10-21T23:15:05Z"},"rendered":"<script type=\"application\/ld+json\" class=\"wp-parsely-metadata\">{\"@context\":\"https:\\\/\\\/schema.org\",\"@type\":\"NewsArticle\",\"headline\":\"\\u00a1Los Montaner Live desde Altos de Chav\\u00f3n! \\u00a1Juntos en una noche \\u00fanica, irrepetible e inolvidable!\",\"url\":\"http:\\\/\\\/casadecampoliving.com\\\/es\\\/los-montaner-live-desde-altos-de-chavon-juntos-en-una-noche-unica-irrepetible-e-inolvidable\\\/\",\"mainEntityOfPage\":{\"@type\":\"WebPage\",\"@id\":\"http:\\\/\\\/casadecampoliving.com\\\/es\\\/los-montaner-live-desde-altos-de-chavon-juntos-en-una-noche-unica-irrepetible-e-inolvidable\\\/\"},\"thumbnailUrl\":\"https:\\\/\\\/i0.wp.com\\\/casadecampoliving.com\\\/wp-content\\\/uploads\\\/2022\\\/10\\\/PHOTO-2021-05-07-22-58-00-1.jpg?resize=150%2C150&ssl=1\",\"image\":{\"@type\":\"ImageObject\",\"url\":\"https:\\\/\\\/i0.wp.com\\\/casadecampoliving.com\\\/wp-content\\\/uploads\\\/2022\\\/10\\\/PHOTO-2021-05-07-22-58-00-1.jpg?fit=1000%2C600&ssl=1\"},\"articleSection\":\"Altos de Chavon @es\",\"author\":[{\"@type\":\"Person\",\"name\":\"Casa de Campo Living\"}],\"creator\":[\"Casa de Campo Living\"],\"publisher\":{\"@type\":\"Organization\",\"name\":\"Casa de Campo Living\",\"logo\":\"https:\\\/\\\/casadecampoliving.com\\\/wp-content\\\/uploads\\\/2022\\\/07\\\/CDCLivingLogo_V1-white-sized.png\"},\"keywords\":[\"altos de chavon -es\",\"camilo\",\"casa de campo\",\"concert\",\"concierto\",\"evaluna\",\"evaluna y camilo\",\"featured-topview @es\",\"los montaner\",\"mau\",\"mau &amp; ricky\",\"ricardo montaner\",\"ricky\",\"streaming\",\"upcoming\",\"virtual\"],\"dateCreated\":\"2021-05-09T04:00:00Z\",\"datePublished\":\"2021-05-09T04:00:00Z\",\"dateModified\":\"2022-10-21T23:15:05Z\"}<\/script>","tracker_url":"https:\/\/cdn.parsely.com\/keys\/casadecampoliving.com\/p.js"},"jetpack_publicize_connections":[],"jetpack_featured_media_url":"https:\/\/i0.wp.com\/casadecampoliving.com\/wp-content\/uploads\/2022\/10\/PHOTO-2021-05-07-22-58-00-1.jpg?fit=1000%2C600&ssl=1","jetpack-related-posts":[{"id":354075,"url":"https:\/\/casadecampoliving.com\/es\/nueva-fecha-los-montaner-en-vivo-desde-altos-de-chavon-ahora-tendra-lugar-el-31-de-julio\/","url_meta":{"origin":354050,"position":0},"title":"NUEVA FECHA: Los Montaner en vivo desde Altos de Chav\u00f3n ahora tendr\u00e1 lugar el 31 de julio","author":"Casa de Campo Living","date":"6 Jun, 2021","format":false,"excerpt":"El mes pasado Casa de Campo anunci\u00f3 que ofrecer\u00e1 un concierto semi-presencial y virtual con toda la familia Montaner, pero debido al reciente estado de emergencia del Covid-19 en Rep\u00fablica Dominicana, los artistas han decidido posponer el concierto hasta el 31 de julio. , 2021. Ricky Montaner, subi\u00f3 hoy un\u2026","rel":"","context":"En \u00abAltos de Chavon @es\u00bb","block_context":{"text":"Altos de Chavon @es","link":"https:\/\/casadecampoliving.com\/category\/altos-de-chavon-es\/"},"img":{"alt_text":"","src":"https:\/\/i0.wp.com\/casadecampoliving.com\/wp-content\/uploads\/2022\/10\/unnamed-25-4.jpg?fit=1000%2C563&ssl=1&resize=350%2C200","width":350,"height":200,"srcset":"https:\/\/i0.wp.com\/casadecampoliving.com\/wp-content\/uploads\/2022\/10\/unnamed-25-4.jpg?fit=1000%2C563&ssl=1&resize=350%2C200 1x, https:\/\/i0.wp.com\/casadecampoliving.com\/wp-content\/uploads\/2022\/10\/unnamed-25-4.jpg?fit=1000%2C563&ssl=1&resize=525%2C300 1.5x, https:\/\/i0.wp.com\/casadecampoliving.com\/wp-content\/uploads\/2022\/10\/unnamed-25-4.jpg?fit=1000%2C563&ssl=1&resize=700%2C400 2x"},"classes":[]},{"id":354180,"url":"https:\/\/casadecampoliving.com\/es\/video-emotivo-evaluna-y-camilo-anunciaron-su-embarazo-a-la-familia-antes-de-su-concierto-de-altos-de-chavon\/","url_meta":{"origin":354050,"position":1},"title":"Video emotivo: Evaluna y Camilo anunciaron su embarazo a la familia antes de su concierto de Altos de Chav\u00f3n","author":"Casa de Campo Living","date":"20 Oct, 2021","format":false,"excerpt":"El 13 de octubre Evaluna y Camilo anunciaron al mundo que estaban esperando a su primer bebe con un emotivo video llamado \u201c\u00cdndigo\u201d que inmediatamente se volvi\u00f3 viral. Los fan\u00e1ticos de todo el mundo celebraron junto con ellos volviendo a publicar su video y haciendo el suyo con la hermosa\u2026","rel":"","context":"En \u00abArte y cultura\u00bb","block_context":{"text":"Arte y cultura","link":"https:\/\/casadecampoliving.com\/category\/arte-y-cultura\/"},"img":{"alt_text":"","src":"https:\/\/i0.wp.com\/casadecampoliving.com\/wp-content\/uploads\/2022\/10\/244458563_917989382147351_2161717643630420885_n-1.jpg?fit=1000%2C618&ssl=1&resize=350%2C200","width":350,"height":200,"srcset":"https:\/\/i0.wp.com\/casadecampoliving.com\/wp-content\/uploads\/2022\/10\/244458563_917989382147351_2161717643630420885_n-1.jpg?fit=1000%2C618&ssl=1&resize=350%2C200 1x, https:\/\/i0.wp.com\/casadecampoliving.com\/wp-content\/uploads\/2022\/10\/244458563_917989382147351_2161717643630420885_n-1.jpg?fit=1000%2C618&ssl=1&resize=525%2C300 1.5x, https:\/\/i0.wp.com\/casadecampoliving.com\/wp-content\/uploads\/2022\/10\/244458563_917989382147351_2161717643630420885_n-1.jpg?fit=1000%2C618&ssl=1&resize=700%2C400 2x"},"classes":[]},{"id":354117,"url":"https:\/\/casadecampoliving.com\/es\/los-montaner-live-exito-total\/","url_meta":{"origin":354050,"position":2},"title":"Los Montaner Live en Altos de Chav\u00f3n \u00a1\u00c9XITO TOTAL!","author":"Casa de Campo Living","date":"2 Ago, 2021","format":false,"excerpt":"Sin dudas, el concierto de la Familia Montaner ha sido uno de los eventos m\u00e1s importantes del 2021. El evento tuvo un alcance de m\u00e1s de un mill\u00f3n de personas que lo vieron en tiempo real en todo el mundo entero, ante una venta de m\u00e1s de 205 mil accesos.\u2026","rel":"","context":"En \u00abAltos de Chavon @es\u00bb","block_context":{"text":"Altos de Chavon @es","link":"https:\/\/casadecampoliving.com\/category\/altos-de-chavon-es\/"},"img":{"alt_text":"","src":"https:\/\/i0.wp.com\/casadecampoliving.com\/wp-content\/uploads\/2022\/10\/229119241_380397756841727_4260606892355158706_n-1.jpg?fit=1080%2C720&ssl=1&resize=350%2C200","width":350,"height":200,"srcset":"https:\/\/i0.wp.com\/casadecampoliving.com\/wp-content\/uploads\/2022\/10\/229119241_380397756841727_4260606892355158706_n-1.jpg?fit=1080%2C720&ssl=1&resize=350%2C200 1x, https:\/\/i0.wp.com\/casadecampoliving.com\/wp-content\/uploads\/2022\/10\/229119241_380397756841727_4260606892355158706_n-1.jpg?fit=1080%2C720&ssl=1&resize=525%2C300 1.5x, https:\/\/i0.wp.com\/casadecampoliving.com\/wp-content\/uploads\/2022\/10\/229119241_380397756841727_4260606892355158706_n-1.jpg?fit=1080%2C720&ssl=1&resize=700%2C400 2x, https:\/\/i0.wp.com\/casadecampoliving.com\/wp-content\/uploads\/2022\/10\/229119241_380397756841727_4260606892355158706_n-1.jpg?fit=1080%2C720&ssl=1&resize=1050%2C600 3x"},"classes":[]},{"id":334070,"url":"https:\/\/casadecampoliving.com\/emotional-video-evaluna-and-camilo-announced-their-pregnancy-to-the-family-before-their-altos-de-chavon-concert\/","url_meta":{"origin":354050,"position":3},"title":"Emotional video: Evaluna and Camilo announced their pregnancy to the family before their Altos de Chav\u00f3n concert","author":"Casa de Campo Living","date":"20 Oct, 2021","format":false,"excerpt":"On October 13th Evaluna and Camilo announced to the world that they were expecting their first child with an emotional video called \u201cIndigo\u201d that immediately went viral. Fans from all over the world celebrated along with them reposting their video and making their own with the beautiful song. \ufeff The\u2026","rel":"","context":"En \u00abArt and Culture\u00bb","block_context":{"text":"Art and Culture","link":"https:\/\/casadecampoliving.com\/category\/art-and-culture\/"},"img":{"alt_text":"","src":"https:\/\/i0.wp.com\/casadecampoliving.com\/wp-content\/uploads\/2022\/10\/244458563_917989382147351_2161717643630420885_n-1.jpg?fit=1000%2C618&ssl=1&resize=350%2C200","width":350,"height":200,"srcset":"https:\/\/i0.wp.com\/casadecampoliving.com\/wp-content\/uploads\/2022\/10\/244458563_917989382147351_2161717643630420885_n-1.jpg?fit=1000%2C618&ssl=1&resize=350%2C200 1x, https:\/\/i0.wp.com\/casadecampoliving.com\/wp-content\/uploads\/2022\/10\/244458563_917989382147351_2161717643630420885_n-1.jpg?fit=1000%2C618&ssl=1&resize=525%2C300 1.5x, https:\/\/i0.wp.com\/casadecampoliving.com\/wp-content\/uploads\/2022\/10\/244458563_917989382147351_2161717643630420885_n-1.jpg?fit=1000%2C618&ssl=1&resize=700%2C400 2x"},"classes":[]},{"id":333507,"url":"https:\/\/casadecampoliving.com\/postponed-the-montaners-live-from-altos-de-chavon-will-now-take-place-on-july-31st\/","url_meta":{"origin":354050,"position":4},"title":"NEW DATE: The Montaner\u2019s Live from Altos de Chav\u00f3n will now take place on July 31st","author":"Casa de Campo Living","date":"6 Jun, 2021","format":false,"excerpt":"Just last month Casa de Campo announced that they will be hosting a live and virtual concert with the complete Montaner family, but due to the recent Covid-19 state of emergency in the Dominican Republic, the artists have decided to postpone the concert to July 31st, 2021. Ricky Montaner, uploaded\u2026","rel":"","context":"En \u00abAltos de Chavon\u00bb","block_context":{"text":"Altos de Chavon","link":"https:\/\/casadecampoliving.com\/category\/altos-de-chavon\/"},"img":{"alt_text":"","src":"https:\/\/i0.wp.com\/casadecampoliving.com\/wp-content\/uploads\/2022\/10\/unnamed-25-4.jpg?fit=1000%2C563&ssl=1&resize=350%2C200","width":350,"height":200,"srcset":"https:\/\/i0.wp.com\/casadecampoliving.com\/wp-content\/uploads\/2022\/10\/unnamed-25-4.jpg?fit=1000%2C563&ssl=1&resize=350%2C200 1x, https:\/\/i0.wp.com\/casadecampoliving.com\/wp-content\/uploads\/2022\/10\/unnamed-25-4.jpg?fit=1000%2C563&ssl=1&resize=525%2C300 1.5x, https:\/\/i0.wp.com\/casadecampoliving.com\/wp-content\/uploads\/2022\/10\/unnamed-25-4.jpg?fit=1000%2C563&ssl=1&resize=700%2C400 2x"},"classes":[]},{"id":333407,"url":"https:\/\/casadecampoliving.com\/the-montaners-live-from-altos-de-chavon-together-in-a-unique-unrepeatable-and-unforgettable-night\/","url_meta":{"origin":354050,"position":5},"title":"The Montaner&#8217;s Live from Altos de Chav\u00f3n! Together in a unique, unrepeatable and unforgettable night!","author":"Casa de Campo Living","date":"9 May, 2021","format":false,"excerpt":"It\u2019s official! Casa de Campo will be hosting a live and virtual concert with the complete Montaner family! For the very first time, the most beloved and famous Hispanic American family of the moment Ricardo Montaner, Mau & Ricky, Evaluna and Camilo will meet in a very special concert THE\u2026","rel":"","context":"En \u00abAltos de Chavon\u00bb","block_context":{"text":"Altos de Chavon","link":"https:\/\/casadecampoliving.com\/category\/altos-de-chavon\/"},"img":{"alt_text":"","src":"https:\/\/i0.wp.com\/casadecampoliving.com\/wp-content\/uploads\/2022\/10\/PHOTO-2021-05-07-22-58-00-1.jpg?fit=1000%2C600&ssl=1&resize=350%2C200","width":350,"height":200,"srcset":"https:\/\/i0.wp.com\/casadecampoliving.com\/wp-content\/uploads\/2022\/10\/PHOTO-2021-05-07-22-58-00-1.jpg?fit=1000%2C600&ssl=1&resize=350%2C200 1x, https:\/\/i0.wp.com\/casadecampoliving.com\/wp-content\/uploads\/2022\/10\/PHOTO-2021-05-07-22-58-00-1.jpg?fit=1000%2C600&ssl=1&resize=525%2C300 1.5x, https:\/\/i0.wp.com\/casadecampoliving.com\/wp-content\/uploads\/2022\/10\/PHOTO-2021-05-07-22-58-00-1.jpg?fit=1000%2C600&ssl=1&resize=700%2C400 2x"},"classes":[]}],"jetpack_sharing_enabled":true,"_links":{"self":[{"href":"https:\/\/casadecampoliving.com\/es\/wp-json\/wp\/v2\/posts\/354050","targetHints":{"allow":["GET"]}}],"collection":[{"href":"https:\/\/casadecampoliving.com\/es\/wp-json\/wp\/v2\/posts"}],"about":[{"href":"https:\/\/casadecampoliving.com\/es\/wp-json\/wp\/v2\/types\/post"}],"author":[{"embeddable":true,"href":"https:\/\/casadecampoliving.com\/es\/wp-json\/wp\/v2\/users\/36791"}],"replies":[{"embeddable":true,"href":"https:\/\/casadecampoliving.com\/es\/wp-json\/wp\/v2\/comments?post=354050"}],"version-history":[{"count":0,"href":"https:\/\/casadecampoliving.com\/es\/wp-json\/wp\/v2\/posts\/354050\/revisions"}],"wp:featuredmedia":[{"embeddable":true,"href":"https:\/\/casadecampoliving.com\/es\/wp-json\/wp\/v2\/media\/333411"}],"wp:attachment":[{"href":"https:\/\/casadecampoliving.com\/es\/wp-json\/wp\/v2\/media?parent=354050"}],"wp:term":[{"taxonomy":"category","embeddable":true,"href":"https:\/\/casadecampoliving.com\/es\/wp-json\/wp\/v2\/categories?post=354050"},{"taxonomy":"post_tag","embeddable":true,"href":"https:\/\/casadecampoliving.com\/es\/wp-json\/wp\/v2\/tags?post=354050"},{"taxonomy":"newspack_spnsrs_tax","embeddable":true,"href":"https:\/\/casadecampoliving.com\/es\/wp-json\/wp\/v2\/newspack_spnsrs_tax?post=354050"}],"curies":[{"name":"wp","href":"https:\/\/api.w.org\/{rel}","templated":true}]}}