{"id":353999,"date":"2021-03-20T00:00:00","date_gmt":"2021-03-20T04:00:00","guid":{"rendered":"https:\/\/casadecampoliving.com\/20-de-marzo-dia-mundial-de-la-salud-bucal-y-dia-internacional-de-la-felicidad\/"},"modified":"2022-10-21T19:08:36","modified_gmt":"2022-10-21T23:08:36","slug":"20-de-marzo-dia-mundial-de-la-salud-bucal-y-dia-internacional-de-la-felicidad","status":"publish","type":"post","link":"https:\/\/casadecampoliving.com\/es\/20-de-marzo-dia-mundial-de-la-salud-bucal-y-dia-internacional-de-la-felicidad\/","title":{"rendered":"20 de marzo, \u00a1\u00a1D\u00eda Mundial de la Salud Bucal y D\u00eda Internacional de la Felicidad!!"},"content":{"rendered":"\n<p>\u00bfSab\u00eda que el 20 de marzo es el D\u00eda Mundial de la Salud Bucal y el D\u00eda Internacional de la Felicidad? Esta coincidencia no es de extra\u00f1ar, ya que una de las manifestaciones m\u00e1s evidentes de felicidad es la sonrisa.<\/p>\n\n\n\n<h4 class=\"wp-block-heading\">D\u00eda mundial de la salud bucodental<\/h4>\n\n\n\n<p>Organizado por la Federaci\u00f3n Dental Mundial FDI, este d\u00eda tiene como objetivo promover los h\u00e1bitos necesarios para mantener la salud dental. \u201cEl tema oficial de la campa\u00f1a del D\u00eda Mundial de la Salud Bucodental (WOHD) de 2021 es Si\u00e9ntase orgulloso de su boca. Este a\u00f1o, queremos inspirar el cambio enfoc\u00e1ndonos en la importancia de la salud bucal para la salud en general, porque una buena salud bucal puede ayudarlo a vivir una vida m\u00e1s larga y saludable \u201d, <a href=\"https:\/\/www.fdiworlddental.org\/seven-key-oral-health-messages-remember-ahead-world-oral-health-day-20-march\" target=\"_blank\" rel=\"noopener\">FDI World Dental Federation.<\/a><\/p>\n\n\n\n<p>Seg\u00fan la Organizaci\u00f3n Mundial de la Salud, la salud bucal se puede definir como la ausencia de dolor orofacial, c\u00e1ncer de boca o garganta, infecciones y llagas en la boca, enfermedades periodontales (de las enc\u00edas), caries, p\u00e9rdida de dientes y otras enfermedades y trastornos que limitan la capacidad de morder a la persona afectada, masticar, sonre\u00edr y hablar, todo ello afectando su bienestar psicosocial.<\/p>\n\n\n\n<h4 class=\"wp-block-heading\">Beneficios de una buena salud bucal<\/h4>\n\n\n<div class=\"wp-block-image\">\n<figure class=\"aligncenter is-resized\"><img loading=\"lazy\" decoding=\"async\" src=\"https:\/\/i0.wp.com\/casadecampoliving.com\/wp-content\/uploads\/2022\/10\/suzana-sousa-IC1_YWQn6so-unsplash-1.jpg?resize=1000%2C588&amp;ssl=1\" alt=\"\" class=\"wp-image-208923\" height=\"588\" width=\"1000\"\/><\/figure>\n<\/div>\n\n\n<p>Hoy queremos recordarte los beneficios de una sonrisa sana y bonita, y aunque llevamos mucho tiempo ocultando nuestras sonrisas detr\u00e1s de una m\u00e1scara, no hay por qu\u00e9 descuidarla. Numerosos estudios han demostrado la influencia de una hermosa sonrisa en la autoestima de las personas y tambi\u00e9n en las relaciones sociales. Sentirnos inseguros por la apariencia de nuestra boca hace que evitemos sonre\u00edr o tratar de ocultar la sonrisa, una de las manifestaciones m\u00e1s evidentes de felicidad. Una buena salud bucal ayuda a mejorar la est\u00e9tica de la sonrisa al ganar confianza y sonre\u00edr abiertamente y con m\u00e1s frecuencia.<\/p>\n\n\n\n<p>Cuando hablamos de salud bucal nos referimos a algo que va m\u00e1s all\u00e1 de las actividades diarias de higiene dental. \u00bfSab\u00edas que el 90% de la poblaci\u00f3n mundial, en alg\u00fan momento de su vida, sufrir\u00e1 alg\u00fan tipo de patolog\u00eda bucal? La gravedad de estas patolog\u00edas es muy diversa y puede variar desde peque\u00f1as caries hasta c\u00e1ncer oral.<\/p>\n\n\n\n<p>Las condiciones m\u00e1s comunes son:<\/p>\n\n\n\n<p>Caries<br>\nBruxismo<br>\nEnfermedades periodontales<br>\nMal aliento (halitosis)<\/p>\n\n\n\n<p>La buena noticia es que la mayor\u00eda de estas enfermedades se pueden evitar mediante planes dentales preventivos y h\u00e1bitos adecuados de higiene dental. Acudir al dentista con regularidad tambi\u00e9n es una de las mejores formas a tomar para evitar estas patolog\u00edas bucales. Un chequeo anual con su dentista puede ayudar a detectar posibles problemas en una etapa temprana y encontrar una soluci\u00f3n lo m\u00e1s r\u00e1pido posible. Adem\u00e1s, la profilaxis dental debe realizarse de forma peri\u00f3dica, y as\u00ed evitar posibles caries y problemas de enc\u00edas, entre otros.<\/p>\n\n\n<div class=\"wp-block-image\">\n<figure class=\"aligncenter is-resized\"><img loading=\"lazy\" decoding=\"async\" src=\"https:\/\/i0.wp.com\/casadecampoliving.com\/wp-content\/uploads\/2022\/10\/IMG_6932-3.jpg?resize=1000%2C599&amp;ssl=1\" alt=\"\" class=\"wp-image-207083\" height=\"599\" width=\"1000\"\/><\/figure>\n<\/div>\n\n\n<p>En Dental Integral te ofrecemos todos los servicios necesarios para cuidar tu sonrisa, contamos con un gran equipo de profesionales y t\u00e9cnicos que te ayudar\u00e1n a cuidar tus dientes. Somos el \u00fanico y exclusivo centro odontol\u00f3gico ubicado en La Marina Casa de Campo, entre los servicios que podemos ofrecerte est\u00e1n Dise\u00f1os de Sonrisa, Blanqueamientos, Implantes Dentales, Restauraciones de caries, Endodoncia o Tratamientos de Canal, Coronas sin Metal, Tratamientos de Ortodoncia o Brackets. Ofrecemos la colocaci\u00f3n de implantes dentales en un plazo de 24 horas y la colocaci\u00f3n de coronas en 48 horas.<\/p>\n\n\n\n<p>En Dental Integral La Marina Casa De Campo queremos unirnos a esta causa ya que la salud bucal es tan importante como la salud en general. \u00a1Celebremos juntos nuestra salud bucal y el D\u00eda Internacional de la Felicidad!<\/p>\n\n\n\n<p>[* Informaci\u00f3n cortes\u00eda de Dental Integral]<\/p>\n\n\n\n<blockquote class=\"wp-block-quote is-layout-flow wp-block-quote-is-layout-flow\"><p><strong>Dental Integral<\/strong><\/p><p>D\u00f3nde: Ave. de la marina #25, La Marina, Casa de Campo<\/p><p>Instagram:&nbsp;<a href=\"https:\/\/www.instagram.com\/dentalintegralrd\/?hl=es-la\" target=\"_blank\" rel=\"noreferrer noopener\" aria-label=\"DENTALINTEGRALRD (opens in a new tab)\">DENTALINTEGRALRD<\/a><\/p><p>Website:&nbsp;<a href=\"http:\/\/www.dentalintegral.com.do\/\" target=\"_blank\" rel=\"noreferrer noopener\">dentalintegral.com.do<\/a><\/p><p>Tel. 829-748-4820<\/p><\/blockquote>\n","protected":false},"excerpt":{"rendered":"<p>\u00bfSab\u00eda que el 20 de marzo es el D\u00eda Mundial de la Salud Bucal y el D\u00eda Internacional de la Felicidad? Esta coincidencia no es de extra\u00f1ar, ya que una de las manifestaciones m\u00e1s evidentes de felicidad es la sonrisa. D\u00eda mundial de la salud bucodental Organizado por la Federaci\u00f3n Dental Mundial FDI, este d\u00eda [&hellip;]<\/p>\n","protected":false},"author":36791,"featured_media":333160,"comment_status":"closed","ping_status":"open","sticky":false,"template":"","format":"standard","meta":{"newspack_ads_suppress_ads":false,"newspack_popups_has_disabled_popups":false,"newspack_sponsor_sponsorship_scope":"","newspack_sponsor_native_byline_display":"inherit","newspack_sponsor_native_category_display":"inherit","newspack_sponsor_underwriter_style":"inherit","newspack_sponsor_underwriter_placement":"inherit","_newspack_byline_active":false,"_newspack_byline":"","newspack_hide_updated_date":false,"newspack_show_updated_date":false,"newspack_content_restriction_is_exempt":false,"newspack_featured_image_position":"","newspack_post_subtitle":"","newspack_article_summary_title":"Overview:","newspack_article_summary":"","_jetpack_memberships_contains_paid_content":false,"footnotes":"","jetpack_publicize_message":"","jetpack_publicize_feature_enabled":true,"jetpack_social_post_already_shared":false,"jetpack_social_options":{"image_generator_settings":{"template":"highway","default_image_id":0,"font":"","enabled":false},"version":2},"_wpas_customize_per_network":false},"categories":[26936,14631,26581,2521,2527],"tags":[23815,20514,2696,2892,24346,23343,5718,18932,6097,9530],"newspack_spnsrs_tax":[],"class_list":["post-353999","post","type-post","status-publish","format-standard","has-post-thumbnail","hentry","category-casa-de-campo-living-es","category-estilo-de-vida","category-la-marina-casa-de-campo","category-republica-dominicana-2","category-salud","tag-casa-de-campo-es-17","tag-clinica","tag-dental-integral","tag-dentista","tag-featured-es","tag-implantes-dentales","tag-la-marina","tag-la-romana-es-4","tag-salud-bucal","tag-visita","entry"],"yoast_head":"<!-- This site is optimized with the Yoast SEO plugin v27.5 - https:\/\/yoast.com\/product\/yoast-seo-wordpress\/ -->\n<title>20 de marzo, \u00a1\u00a1D\u00eda Mundial de la Salud Bucal y D\u00eda Internacional de la Felicidad!! | Casa de Campo Living<\/title>\n<meta name=\"description\" content=\"\u00bfSab\u00eda que el 20 de marzo es el D\u00eda Mundial de la Salud Bucal y el D\u00eda Internacional de la Felicidad? Esta coincidencia no es de extra\u00f1ar, ya que una de\" \/>\n<meta name=\"robots\" content=\"index, follow, max-snippet:-1, max-image-preview:large, max-video-preview:-1\" \/>\n<link rel=\"canonical\" href=\"https:\/\/casadecampoliving.com\/es\/20-de-marzo-dia-mundial-de-la-salud-bucal-y-dia-internacional-de-la-felicidad\/\" \/>\n<meta property=\"og:locale\" content=\"es_ES\" \/>\n<meta property=\"og:type\" content=\"article\" \/>\n<meta property=\"og:title\" content=\"20 de marzo, \u00a1\u00a1D\u00eda Mundial de la Salud Bucal y D\u00eda Internacional de la Felicidad!! | Casa de Campo Living\" \/>\n<meta property=\"og:description\" content=\"\u00bfSab\u00eda que el 20 de marzo es el D\u00eda Mundial de la Salud Bucal y el D\u00eda Internacional de la Felicidad? Esta coincidencia no es de extra\u00f1ar, ya que una de\" \/>\n<meta property=\"og:url\" content=\"https:\/\/casadecampoliving.com\/es\/20-de-marzo-dia-mundial-de-la-salud-bucal-y-dia-internacional-de-la-felicidad\/\" \/>\n<meta property=\"og:site_name\" content=\"Casa de Campo Living\" \/>\n<meta property=\"article:publisher\" content=\"https:\/\/www.facebook.com\/casadecampoliving\" \/>\n<meta property=\"article:published_time\" content=\"2021-03-20T04:00:00+00:00\" \/>\n<meta property=\"article:modified_time\" content=\"2022-10-21T23:08:36+00:00\" \/>\n<meta property=\"og:image\" content=\"https:\/\/i0.wp.com\/casadecampoliving.com\/wp-content\/uploads\/2022\/10\/constantinos-panagopoulos-fLABFYSN188-unsplash-1.jpg?fit=1000%2C619&ssl=1\" \/>\n\t<meta property=\"og:image:width\" content=\"1000\" \/>\n\t<meta property=\"og:image:height\" content=\"619\" \/>\n\t<meta property=\"og:image:type\" content=\"image\/jpeg\" \/>\n<meta name=\"author\" content=\"Casa de Campo Living\" \/>\n<meta name=\"twitter:card\" content=\"summary_large_image\" \/>\n<meta name=\"twitter:creator\" content=\"@cdcliving\" \/>\n<meta name=\"twitter:site\" content=\"@cdcliving\" \/>\n<meta name=\"twitter:label1\" content=\"Escrito por\" \/>\n\t<meta name=\"twitter:data1\" content=\"Casa de Campo Living\" \/>\n\t<meta name=\"twitter:label2\" content=\"Tiempo de lectura\" \/>\n\t<meta name=\"twitter:data2\" content=\"3 minutos\" \/>\n<script type=\"application\/ld+json\" class=\"yoast-schema-graph\">{\"@context\":\"https:\\\/\\\/schema.org\",\"@graph\":[{\"@type\":\"Article\",\"@id\":\"https:\\\/\\\/casadecampoliving.com\\\/es\\\/20-de-marzo-dia-mundial-de-la-salud-bucal-y-dia-internacional-de-la-felicidad\\\/#article\",\"isPartOf\":{\"@id\":\"https:\\\/\\\/casadecampoliving.com\\\/es\\\/20-de-marzo-dia-mundial-de-la-salud-bucal-y-dia-internacional-de-la-felicidad\\\/\"},\"author\":{\"name\":\"Casa de Campo Living\",\"@id\":\"https:\\\/\\\/casadecampoliving.com\\\/es\\\/#\\\/schema\\\/person\\\/5d2171637a9d11e0e43ce6b8555f9422\"},\"headline\":\"20 de marzo, \u00a1\u00a1D\u00eda Mundial de la Salud Bucal y D\u00eda Internacional de la Felicidad!!\",\"datePublished\":\"2021-03-20T04:00:00+00:00\",\"dateModified\":\"2022-10-21T23:08:36+00:00\",\"mainEntityOfPage\":{\"@id\":\"https:\\\/\\\/casadecampoliving.com\\\/es\\\/20-de-marzo-dia-mundial-de-la-salud-bucal-y-dia-internacional-de-la-felicidad\\\/\"},\"wordCount\":679,\"publisher\":{\"@id\":\"https:\\\/\\\/casadecampoliving.com\\\/es\\\/#organization\"},\"image\":{\"@id\":\"https:\\\/\\\/casadecampoliving.com\\\/es\\\/20-de-marzo-dia-mundial-de-la-salud-bucal-y-dia-internacional-de-la-felicidad\\\/#primaryimage\"},\"thumbnailUrl\":\"https:\\\/\\\/i0.wp.com\\\/casadecampoliving.com\\\/wp-content\\\/uploads\\\/2022\\\/10\\\/constantinos-panagopoulos-fLABFYSN188-unsplash-1.jpg?fit=1000%2C619&ssl=1\",\"keywords\":[\"Casa de Campo\",\"clinica\",\"dental integral\",\"dentista\",\"Featured\",\"implantes dentales\",\"la marina\",\"La Romana\",\"salud bucal\",\"visita\"],\"articleSection\":[\"Casa de Campo Living @es\",\"Estilo de Vida\",\"La Marina Casa de Campo\",\"Rep\u00fablica Dominicana @es\",\"Salud\"],\"inLanguage\":\"es\"},{\"@type\":\"WebPage\",\"@id\":\"https:\\\/\\\/casadecampoliving.com\\\/es\\\/20-de-marzo-dia-mundial-de-la-salud-bucal-y-dia-internacional-de-la-felicidad\\\/\",\"url\":\"https:\\\/\\\/casadecampoliving.com\\\/es\\\/20-de-marzo-dia-mundial-de-la-salud-bucal-y-dia-internacional-de-la-felicidad\\\/\",\"name\":\"20 de marzo, \u00a1\u00a1D\u00eda Mundial de la Salud Bucal y D\u00eda Internacional de la Felicidad!! | Casa de Campo Living\",\"isPartOf\":{\"@id\":\"https:\\\/\\\/casadecampoliving.com\\\/es\\\/#website\"},\"primaryImageOfPage\":{\"@id\":\"https:\\\/\\\/casadecampoliving.com\\\/es\\\/20-de-marzo-dia-mundial-de-la-salud-bucal-y-dia-internacional-de-la-felicidad\\\/#primaryimage\"},\"image\":{\"@id\":\"https:\\\/\\\/casadecampoliving.com\\\/es\\\/20-de-marzo-dia-mundial-de-la-salud-bucal-y-dia-internacional-de-la-felicidad\\\/#primaryimage\"},\"thumbnailUrl\":\"https:\\\/\\\/i0.wp.com\\\/casadecampoliving.com\\\/wp-content\\\/uploads\\\/2022\\\/10\\\/constantinos-panagopoulos-fLABFYSN188-unsplash-1.jpg?fit=1000%2C619&ssl=1\",\"datePublished\":\"2021-03-20T04:00:00+00:00\",\"dateModified\":\"2022-10-21T23:08:36+00:00\",\"description\":\"\u00bfSab\u00eda que el 20 de marzo es el D\u00eda Mundial de la Salud Bucal y el D\u00eda Internacional de la Felicidad? Esta coincidencia no es de extra\u00f1ar, ya que una de\",\"breadcrumb\":{\"@id\":\"https:\\\/\\\/casadecampoliving.com\\\/es\\\/20-de-marzo-dia-mundial-de-la-salud-bucal-y-dia-internacional-de-la-felicidad\\\/#breadcrumb\"},\"inLanguage\":\"es\",\"potentialAction\":[{\"@type\":\"ReadAction\",\"target\":[\"https:\\\/\\\/casadecampoliving.com\\\/es\\\/20-de-marzo-dia-mundial-de-la-salud-bucal-y-dia-internacional-de-la-felicidad\\\/\"]}]},{\"@type\":\"ImageObject\",\"inLanguage\":\"es\",\"@id\":\"https:\\\/\\\/casadecampoliving.com\\\/es\\\/20-de-marzo-dia-mundial-de-la-salud-bucal-y-dia-internacional-de-la-felicidad\\\/#primaryimage\",\"url\":\"https:\\\/\\\/i0.wp.com\\\/casadecampoliving.com\\\/wp-content\\\/uploads\\\/2022\\\/10\\\/constantinos-panagopoulos-fLABFYSN188-unsplash-1.jpg?fit=1000%2C619&ssl=1\",\"contentUrl\":\"https:\\\/\\\/i0.wp.com\\\/casadecampoliving.com\\\/wp-content\\\/uploads\\\/2022\\\/10\\\/constantinos-panagopoulos-fLABFYSN188-unsplash-1.jpg?fit=1000%2C619&ssl=1\",\"width\":1000,\"height\":619},{\"@type\":\"BreadcrumbList\",\"@id\":\"https:\\\/\\\/casadecampoliving.com\\\/es\\\/20-de-marzo-dia-mundial-de-la-salud-bucal-y-dia-internacional-de-la-felicidad\\\/#breadcrumb\",\"itemListElement\":[{\"@type\":\"ListItem\",\"position\":1,\"name\":\"Home\",\"item\":\"https:\\\/\\\/casadecampoliving.com\\\/es\\\/\"},{\"@type\":\"ListItem\",\"position\":2,\"name\":\"20 de marzo, \u00a1\u00a1D\u00eda Mundial de la Salud Bucal y D\u00eda Internacional de la Felicidad!!\"}]},{\"@type\":\"WebSite\",\"@id\":\"https:\\\/\\\/casadecampoliving.com\\\/es\\\/#website\",\"url\":\"https:\\\/\\\/casadecampoliving.com\\\/es\\\/\",\"name\":\"Casa de Campo Living\",\"description\":\"Resort community news and resources.\",\"publisher\":{\"@id\":\"https:\\\/\\\/casadecampoliving.com\\\/es\\\/#organization\"},\"potentialAction\":[{\"@type\":\"SearchAction\",\"target\":{\"@type\":\"EntryPoint\",\"urlTemplate\":\"https:\\\/\\\/casadecampoliving.com\\\/es\\\/?s={search_term_string}\"},\"query-input\":{\"@type\":\"PropertyValueSpecification\",\"valueRequired\":true,\"valueName\":\"search_term_string\"}}],\"inLanguage\":\"es\"},{\"@type\":\"Organization\",\"@id\":\"https:\\\/\\\/casadecampoliving.com\\\/es\\\/#organization\",\"name\":\"Casa de Campo Living\",\"url\":\"https:\\\/\\\/casadecampoliving.com\\\/es\\\/\",\"logo\":{\"@type\":\"ImageObject\",\"inLanguage\":\"es\",\"@id\":\"https:\\\/\\\/casadecampoliving.com\\\/es\\\/#\\\/schema\\\/logo\\\/image\\\/\",\"url\":\"https:\\\/\\\/i0.wp.com\\\/casadecampoliving.com\\\/wp-content\\\/uploads\\\/2022\\\/07\\\/CDCLivingLogo_V1-white-sized.png?fit=800%2C214&ssl=1\",\"contentUrl\":\"https:\\\/\\\/i0.wp.com\\\/casadecampoliving.com\\\/wp-content\\\/uploads\\\/2022\\\/07\\\/CDCLivingLogo_V1-white-sized.png?fit=800%2C214&ssl=1\",\"width\":800,\"height\":214,\"caption\":\"Casa de Campo Living\"},\"image\":{\"@id\":\"https:\\\/\\\/casadecampoliving.com\\\/es\\\/#\\\/schema\\\/logo\\\/image\\\/\"},\"sameAs\":[\"https:\\\/\\\/www.facebook.com\\\/casadecampoliving\",\"https:\\\/\\\/x.com\\\/cdcliving\"]},{\"@type\":\"Person\",\"@id\":\"https:\\\/\\\/casadecampoliving.com\\\/es\\\/#\\\/schema\\\/person\\\/5d2171637a9d11e0e43ce6b8555f9422\",\"name\":\"Casa de Campo Living\",\"image\":{\"@type\":\"ImageObject\",\"inLanguage\":\"es\",\"@id\":\"https:\\\/\\\/secure.gravatar.com\\\/avatar\\\/d04101fa4a9fd431e939953b1500fdc7a73cd35029f86d98712fd8ccdaebaf9a?s=96&d=mm&r=g\",\"url\":\"https:\\\/\\\/secure.gravatar.com\\\/avatar\\\/d04101fa4a9fd431e939953b1500fdc7a73cd35029f86d98712fd8ccdaebaf9a?s=96&d=mm&r=g\",\"contentUrl\":\"https:\\\/\\\/secure.gravatar.com\\\/avatar\\\/d04101fa4a9fd431e939953b1500fdc7a73cd35029f86d98712fd8ccdaebaf9a?s=96&d=mm&r=g\",\"caption\":\"Casa de Campo Living\"},\"url\":\"https:\\\/\\\/casadecampoliving.com\\\/es\\\/author\\\/casa-de-campo-living\\\/\"}]}<\/script>\n<!-- \/ Yoast SEO plugin. -->","yoast_head_json":{"title":"20 de marzo, \u00a1\u00a1D\u00eda Mundial de la Salud Bucal y D\u00eda Internacional de la Felicidad!! | Casa de Campo Living","description":"\u00bfSab\u00eda que el 20 de marzo es el D\u00eda Mundial de la Salud Bucal y el D\u00eda Internacional de la Felicidad? Esta coincidencia no es de extra\u00f1ar, ya que una de","robots":{"index":"index","follow":"follow","max-snippet":"max-snippet:-1","max-image-preview":"max-image-preview:large","max-video-preview":"max-video-preview:-1"},"canonical":"https:\/\/casadecampoliving.com\/es\/20-de-marzo-dia-mundial-de-la-salud-bucal-y-dia-internacional-de-la-felicidad\/","og_locale":"es_ES","og_type":"article","og_title":"20 de marzo, \u00a1\u00a1D\u00eda Mundial de la Salud Bucal y D\u00eda Internacional de la Felicidad!! | Casa de Campo Living","og_description":"\u00bfSab\u00eda que el 20 de marzo es el D\u00eda Mundial de la Salud Bucal y el D\u00eda Internacional de la Felicidad? Esta coincidencia no es de extra\u00f1ar, ya que una de","og_url":"https:\/\/casadecampoliving.com\/es\/20-de-marzo-dia-mundial-de-la-salud-bucal-y-dia-internacional-de-la-felicidad\/","og_site_name":"Casa de Campo Living","article_publisher":"https:\/\/www.facebook.com\/casadecampoliving","article_published_time":"2021-03-20T04:00:00+00:00","article_modified_time":"2022-10-21T23:08:36+00:00","og_image":[{"width":1000,"height":619,"url":"https:\/\/i0.wp.com\/casadecampoliving.com\/wp-content\/uploads\/2022\/10\/constantinos-panagopoulos-fLABFYSN188-unsplash-1.jpg?fit=1000%2C619&ssl=1","type":"image\/jpeg"}],"author":"Casa de Campo Living","twitter_card":"summary_large_image","twitter_creator":"@cdcliving","twitter_site":"@cdcliving","twitter_misc":{"Escrito por":"Casa de Campo Living","Tiempo de lectura":"3 minutos"},"schema":{"@context":"https:\/\/schema.org","@graph":[{"@type":"Article","@id":"https:\/\/casadecampoliving.com\/es\/20-de-marzo-dia-mundial-de-la-salud-bucal-y-dia-internacional-de-la-felicidad\/#article","isPartOf":{"@id":"https:\/\/casadecampoliving.com\/es\/20-de-marzo-dia-mundial-de-la-salud-bucal-y-dia-internacional-de-la-felicidad\/"},"author":{"name":"Casa de Campo Living","@id":"https:\/\/casadecampoliving.com\/es\/#\/schema\/person\/5d2171637a9d11e0e43ce6b8555f9422"},"headline":"20 de marzo, \u00a1\u00a1D\u00eda Mundial de la Salud Bucal y D\u00eda Internacional de la Felicidad!!","datePublished":"2021-03-20T04:00:00+00:00","dateModified":"2022-10-21T23:08:36+00:00","mainEntityOfPage":{"@id":"https:\/\/casadecampoliving.com\/es\/20-de-marzo-dia-mundial-de-la-salud-bucal-y-dia-internacional-de-la-felicidad\/"},"wordCount":679,"publisher":{"@id":"https:\/\/casadecampoliving.com\/es\/#organization"},"image":{"@id":"https:\/\/casadecampoliving.com\/es\/20-de-marzo-dia-mundial-de-la-salud-bucal-y-dia-internacional-de-la-felicidad\/#primaryimage"},"thumbnailUrl":"https:\/\/i0.wp.com\/casadecampoliving.com\/wp-content\/uploads\/2022\/10\/constantinos-panagopoulos-fLABFYSN188-unsplash-1.jpg?fit=1000%2C619&ssl=1","keywords":["Casa de Campo","clinica","dental integral","dentista","Featured","implantes dentales","la marina","La Romana","salud bucal","visita"],"articleSection":["Casa de Campo Living @es","Estilo de Vida","La Marina Casa de Campo","Rep\u00fablica Dominicana @es","Salud"],"inLanguage":"es"},{"@type":"WebPage","@id":"https:\/\/casadecampoliving.com\/es\/20-de-marzo-dia-mundial-de-la-salud-bucal-y-dia-internacional-de-la-felicidad\/","url":"https:\/\/casadecampoliving.com\/es\/20-de-marzo-dia-mundial-de-la-salud-bucal-y-dia-internacional-de-la-felicidad\/","name":"20 de marzo, \u00a1\u00a1D\u00eda Mundial de la Salud Bucal y D\u00eda Internacional de la Felicidad!! | Casa de Campo Living","isPartOf":{"@id":"https:\/\/casadecampoliving.com\/es\/#website"},"primaryImageOfPage":{"@id":"https:\/\/casadecampoliving.com\/es\/20-de-marzo-dia-mundial-de-la-salud-bucal-y-dia-internacional-de-la-felicidad\/#primaryimage"},"image":{"@id":"https:\/\/casadecampoliving.com\/es\/20-de-marzo-dia-mundial-de-la-salud-bucal-y-dia-internacional-de-la-felicidad\/#primaryimage"},"thumbnailUrl":"https:\/\/i0.wp.com\/casadecampoliving.com\/wp-content\/uploads\/2022\/10\/constantinos-panagopoulos-fLABFYSN188-unsplash-1.jpg?fit=1000%2C619&ssl=1","datePublished":"2021-03-20T04:00:00+00:00","dateModified":"2022-10-21T23:08:36+00:00","description":"\u00bfSab\u00eda que el 20 de marzo es el D\u00eda Mundial de la Salud Bucal y el D\u00eda Internacional de la Felicidad? Esta coincidencia no es de extra\u00f1ar, ya que una de","breadcrumb":{"@id":"https:\/\/casadecampoliving.com\/es\/20-de-marzo-dia-mundial-de-la-salud-bucal-y-dia-internacional-de-la-felicidad\/#breadcrumb"},"inLanguage":"es","potentialAction":[{"@type":"ReadAction","target":["https:\/\/casadecampoliving.com\/es\/20-de-marzo-dia-mundial-de-la-salud-bucal-y-dia-internacional-de-la-felicidad\/"]}]},{"@type":"ImageObject","inLanguage":"es","@id":"https:\/\/casadecampoliving.com\/es\/20-de-marzo-dia-mundial-de-la-salud-bucal-y-dia-internacional-de-la-felicidad\/#primaryimage","url":"https:\/\/i0.wp.com\/casadecampoliving.com\/wp-content\/uploads\/2022\/10\/constantinos-panagopoulos-fLABFYSN188-unsplash-1.jpg?fit=1000%2C619&ssl=1","contentUrl":"https:\/\/i0.wp.com\/casadecampoliving.com\/wp-content\/uploads\/2022\/10\/constantinos-panagopoulos-fLABFYSN188-unsplash-1.jpg?fit=1000%2C619&ssl=1","width":1000,"height":619},{"@type":"BreadcrumbList","@id":"https:\/\/casadecampoliving.com\/es\/20-de-marzo-dia-mundial-de-la-salud-bucal-y-dia-internacional-de-la-felicidad\/#breadcrumb","itemListElement":[{"@type":"ListItem","position":1,"name":"Home","item":"https:\/\/casadecampoliving.com\/es\/"},{"@type":"ListItem","position":2,"name":"20 de marzo, \u00a1\u00a1D\u00eda Mundial de la Salud Bucal y D\u00eda Internacional de la Felicidad!!"}]},{"@type":"WebSite","@id":"https:\/\/casadecampoliving.com\/es\/#website","url":"https:\/\/casadecampoliving.com\/es\/","name":"Casa de Campo Living","description":"Resort community news and resources.","publisher":{"@id":"https:\/\/casadecampoliving.com\/es\/#organization"},"potentialAction":[{"@type":"SearchAction","target":{"@type":"EntryPoint","urlTemplate":"https:\/\/casadecampoliving.com\/es\/?s={search_term_string}"},"query-input":{"@type":"PropertyValueSpecification","valueRequired":true,"valueName":"search_term_string"}}],"inLanguage":"es"},{"@type":"Organization","@id":"https:\/\/casadecampoliving.com\/es\/#organization","name":"Casa de Campo Living","url":"https:\/\/casadecampoliving.com\/es\/","logo":{"@type":"ImageObject","inLanguage":"es","@id":"https:\/\/casadecampoliving.com\/es\/#\/schema\/logo\/image\/","url":"https:\/\/i0.wp.com\/casadecampoliving.com\/wp-content\/uploads\/2022\/07\/CDCLivingLogo_V1-white-sized.png?fit=800%2C214&ssl=1","contentUrl":"https:\/\/i0.wp.com\/casadecampoliving.com\/wp-content\/uploads\/2022\/07\/CDCLivingLogo_V1-white-sized.png?fit=800%2C214&ssl=1","width":800,"height":214,"caption":"Casa de Campo Living"},"image":{"@id":"https:\/\/casadecampoliving.com\/es\/#\/schema\/logo\/image\/"},"sameAs":["https:\/\/www.facebook.com\/casadecampoliving","https:\/\/x.com\/cdcliving"]},{"@type":"Person","@id":"https:\/\/casadecampoliving.com\/es\/#\/schema\/person\/5d2171637a9d11e0e43ce6b8555f9422","name":"Casa de Campo Living","image":{"@type":"ImageObject","inLanguage":"es","@id":"https:\/\/secure.gravatar.com\/avatar\/d04101fa4a9fd431e939953b1500fdc7a73cd35029f86d98712fd8ccdaebaf9a?s=96&d=mm&r=g","url":"https:\/\/secure.gravatar.com\/avatar\/d04101fa4a9fd431e939953b1500fdc7a73cd35029f86d98712fd8ccdaebaf9a?s=96&d=mm&r=g","contentUrl":"https:\/\/secure.gravatar.com\/avatar\/d04101fa4a9fd431e939953b1500fdc7a73cd35029f86d98712fd8ccdaebaf9a?s=96&d=mm&r=g","caption":"Casa de Campo Living"},"url":"https:\/\/casadecampoliving.com\/es\/author\/casa-de-campo-living\/"}]}},"parsely":{"version":"1.1.0","canonical_url":"https:\/\/casadecampoliving.com\/es\/20-de-marzo-dia-mundial-de-la-salud-bucal-y-dia-internacional-de-la-felicidad\/","smart_links":{"inbound":0,"outbound":0},"traffic_boost_suggestions_count":0,"meta":{"@context":"https:\/\/schema.org","@type":"NewsArticle","headline":"20 de marzo, \u00a1\u00a1D\u00eda Mundial de la Salud Bucal y D\u00eda Internacional de la Felicidad!!","url":"http:\/\/casadecampoliving.com\/es\/20-de-marzo-dia-mundial-de-la-salud-bucal-y-dia-internacional-de-la-felicidad\/","mainEntityOfPage":{"@type":"WebPage","@id":"http:\/\/casadecampoliving.com\/es\/20-de-marzo-dia-mundial-de-la-salud-bucal-y-dia-internacional-de-la-felicidad\/"},"thumbnailUrl":"https:\/\/i0.wp.com\/casadecampoliving.com\/wp-content\/uploads\/2022\/10\/constantinos-panagopoulos-fLABFYSN188-unsplash-1.jpg?resize=150%2C150&ssl=1","image":{"@type":"ImageObject","url":"https:\/\/i0.wp.com\/casadecampoliving.com\/wp-content\/uploads\/2022\/10\/constantinos-panagopoulos-fLABFYSN188-unsplash-1.jpg?fit=1000%2C619&ssl=1"},"articleSection":"Casa de Campo Living @es","author":[{"@type":"Person","name":"Casa de Campo Living"}],"creator":["Casa de Campo Living"],"publisher":{"@type":"Organization","name":"Casa de Campo Living","logo":"https:\/\/casadecampoliving.com\/wp-content\/uploads\/2022\/07\/CDCLivingLogo_V1-white-sized.png"},"keywords":["casa de campo","clinica","dental integral","dentista","featured","implantes dentales","la marina","la romana","salud bucal","visita"],"dateCreated":"2021-03-20T04:00:00Z","datePublished":"2021-03-20T04:00:00Z","dateModified":"2022-10-21T23:08:36Z"},"rendered":"<script type=\"application\/ld+json\" class=\"wp-parsely-metadata\">{\"@context\":\"https:\\\/\\\/schema.org\",\"@type\":\"NewsArticle\",\"headline\":\"20 de marzo, \\u00a1\\u00a1D\\u00eda Mundial de la Salud Bucal y D\\u00eda Internacional de la Felicidad!!\",\"url\":\"http:\\\/\\\/casadecampoliving.com\\\/es\\\/20-de-marzo-dia-mundial-de-la-salud-bucal-y-dia-internacional-de-la-felicidad\\\/\",\"mainEntityOfPage\":{\"@type\":\"WebPage\",\"@id\":\"http:\\\/\\\/casadecampoliving.com\\\/es\\\/20-de-marzo-dia-mundial-de-la-salud-bucal-y-dia-internacional-de-la-felicidad\\\/\"},\"thumbnailUrl\":\"https:\\\/\\\/i0.wp.com\\\/casadecampoliving.com\\\/wp-content\\\/uploads\\\/2022\\\/10\\\/constantinos-panagopoulos-fLABFYSN188-unsplash-1.jpg?resize=150%2C150&ssl=1\",\"image\":{\"@type\":\"ImageObject\",\"url\":\"https:\\\/\\\/i0.wp.com\\\/casadecampoliving.com\\\/wp-content\\\/uploads\\\/2022\\\/10\\\/constantinos-panagopoulos-fLABFYSN188-unsplash-1.jpg?fit=1000%2C619&ssl=1\"},\"articleSection\":\"Casa de Campo Living @es\",\"author\":[{\"@type\":\"Person\",\"name\":\"Casa de Campo Living\"}],\"creator\":[\"Casa de Campo Living\"],\"publisher\":{\"@type\":\"Organization\",\"name\":\"Casa de Campo Living\",\"logo\":\"https:\\\/\\\/casadecampoliving.com\\\/wp-content\\\/uploads\\\/2022\\\/07\\\/CDCLivingLogo_V1-white-sized.png\"},\"keywords\":[\"casa de campo\",\"clinica\",\"dental integral\",\"dentista\",\"featured\",\"implantes dentales\",\"la marina\",\"la romana\",\"salud bucal\",\"visita\"],\"dateCreated\":\"2021-03-20T04:00:00Z\",\"datePublished\":\"2021-03-20T04:00:00Z\",\"dateModified\":\"2022-10-21T23:08:36Z\"}<\/script>","tracker_url":"https:\/\/cdn.parsely.com\/keys\/casadecampoliving.com\/p.js"},"jetpack_publicize_connections":[],"jetpack_featured_media_url":"https:\/\/i0.wp.com\/casadecampoliving.com\/wp-content\/uploads\/2022\/10\/constantinos-panagopoulos-fLABFYSN188-unsplash-1.jpg?fit=1000%2C619&ssl=1","jetpack-related-posts":[{"id":353895,"url":"https:\/\/casadecampoliving.com\/es\/los-cambios-hormonales-y-la-salud-bucal-femenina\/","url_meta":{"origin":353999,"position":0},"title":"Los cambios hormonales y la salud bucal femenina","author":"Casa de Campo Living","date":"27 Oct, 2020","format":false,"excerpt":"La mujer, a lo largo de su vida, experimenta cambios hormonales significativos que pueden afectar a su salud dental. La pubertad, los ciclos menstruales, la toma de anticonceptivos orales, el embarazo y la menopausia alteran los niveles de las hormonas sexuales femeninas. Estas variaciones hormonales afectan a la irrigaci\u00f3n del\u2026","rel":"","context":"En \u00abCasa de Campo Living @es\u00bb","block_context":{"text":"Casa de Campo Living @es","link":"https:\/\/casadecampoliving.com\/category\/casa-de-campo-living-es\/"},"img":{"alt_text":"","src":"https:\/\/i0.wp.com\/casadecampoliving.com\/wp-content\/uploads\/2022\/10\/Salud-bucal-femenina-1.jpg?fit=1000%2C667&ssl=1&resize=350%2C200","width":350,"height":200,"srcset":"https:\/\/i0.wp.com\/casadecampoliving.com\/wp-content\/uploads\/2022\/10\/Salud-bucal-femenina-1.jpg?fit=1000%2C667&ssl=1&resize=350%2C200 1x, https:\/\/i0.wp.com\/casadecampoliving.com\/wp-content\/uploads\/2022\/10\/Salud-bucal-femenina-1.jpg?fit=1000%2C667&ssl=1&resize=525%2C300 1.5x, https:\/\/i0.wp.com\/casadecampoliving.com\/wp-content\/uploads\/2022\/10\/Salud-bucal-femenina-1.jpg?fit=1000%2C667&ssl=1&resize=700%2C400 2x"},"classes":[]},{"id":353377,"url":"https:\/\/casadecampoliving.com\/es\/sabes-que-es-el-turismo-odontologico-o-dental\/","url_meta":{"origin":353999,"position":1},"title":"\u00bfSabes qu\u00e9 es el turismo odontol\u00f3gico o dental?","author":"Casa de Campo Living","date":"17 Abr, 2019","format":false,"excerpt":"Cuando piensa en el turismo, probablemente piense en descansar en una playa tropical o en explorar las famosas atracciones de una ciudad extranjera. Ahora, hay otro tipo de turismo del que habla la gente: el turismo dental. Los turistas dentales viajan a pa\u00edses extranjeros para buscar atenci\u00f3n dental. Rep\u00fablica Dominicana\u2026","rel":"","context":"En \u00abRep\u00fablica Dominicana @es\u00bb","block_context":{"text":"Rep\u00fablica Dominicana @es","link":"https:\/\/casadecampoliving.com\/es\/category\/republica-dominicana-2\/"},"img":{"alt_text":"","src":"https:\/\/i0.wp.com\/casadecampoliving.com\/wp-content\/uploads\/2022\/10\/IMG_6926-2.jpg?fit=1000%2C603&ssl=1&resize=350%2C200","width":350,"height":200,"srcset":"https:\/\/i0.wp.com\/casadecampoliving.com\/wp-content\/uploads\/2022\/10\/IMG_6926-2.jpg?fit=1000%2C603&ssl=1&resize=350%2C200 1x, https:\/\/i0.wp.com\/casadecampoliving.com\/wp-content\/uploads\/2022\/10\/IMG_6926-2.jpg?fit=1000%2C603&ssl=1&resize=525%2C300 1.5x, https:\/\/i0.wp.com\/casadecampoliving.com\/wp-content\/uploads\/2022\/10\/IMG_6926-2.jpg?fit=1000%2C603&ssl=1&resize=700%2C400 2x"},"classes":[]},{"id":344127,"url":"https:\/\/casadecampoliving.com\/es\/operativo-de-salud-bucal-fundacion-mir-2014\/","url_meta":{"origin":353999,"position":2},"title":"Operativo de Salud Bucal Fundaci\u00f3n MIR 2014","author":"Perkin Agramonte","date":"5 Abr, 2014","format":false,"excerpt":"Del 17 al 22 de marzo, el Dr. Hudson, un dentista neoyorquino cuya lista de clientes incluye a J.Pepe Fanjul, arrib\u00f3 al pa\u00eds junto con un grupo de dentistas voluntarios y cirujanos de Nueva York \u00a0brindando limpiezas bucales, as\u00ed como grandes y blancas sonrisas a La Romana espec\u00edficamente a Campo\u2026","rel":"","context":"En \u00abM\u00e1s all\u00e1 de Casa\u00bb","block_context":{"text":"M\u00e1s all\u00e1 de Casa","link":"https:\/\/casadecampoliving.com\/es\/category\/mas-alla-de-casa-es\/"},"img":{"alt_text":"","src":"https:\/\/i0.wp.com\/casadecampoliving.com\/wp-content\/uploads\/2022\/10\/photo-1-2-2.jpg?fit=650%2C488&ssl=1&resize=350%2C200","width":350,"height":200,"srcset":"https:\/\/i0.wp.com\/casadecampoliving.com\/wp-content\/uploads\/2022\/10\/photo-1-2-2.jpg?fit=650%2C488&ssl=1&resize=350%2C200 1x, https:\/\/i0.wp.com\/casadecampoliving.com\/wp-content\/uploads\/2022\/10\/photo-1-2-2.jpg?fit=650%2C488&ssl=1&resize=525%2C300 1.5x"},"classes":[]},{"id":352977,"url":"https:\/\/casadecampoliving.com\/es\/implantes-dentales-la-solucion-largo-plazo-para-tus-dientes-perdidos\/","url_meta":{"origin":353999,"position":3},"title":"Implantes dentales: la soluci\u00f3n a largo plazo para los dientes perdidos por Dental Integral","author":"Casa de Campo Living","date":"6 Nov, 2018","format":false,"excerpt":"Con m\u00e1s de 18 a\u00f1os de experiencia, Dental Integral es hoy una de las prestadoras de servicios y conocimientos de la m\u00e1s alta calidad en el \u00e1rea de la salud bucal de la Rep\u00fablica Dominicana y est\u00e1n ubicados aqu\u00ed en Casa de Campo y en La Romana a tan solo\u2026","rel":"","context":"En \u00abLa Romana @es\u00bb","block_context":{"text":"La Romana @es","link":"https:\/\/casadecampoliving.com\/es\/category\/mas-alla-de-casa-es\/la-romana-es\/"},"img":{"alt_text":"","src":"https:\/\/i0.wp.com\/casadecampoliving.com\/wp-content\/uploads\/2018\/11\/IMG_6941.jpg?resize=350%2C200&ssl=1","width":350,"height":200,"srcset":"https:\/\/i0.wp.com\/casadecampoliving.com\/wp-content\/uploads\/2018\/11\/IMG_6941.jpg?resize=350%2C200&ssl=1 1x, https:\/\/i0.wp.com\/casadecampoliving.com\/wp-content\/uploads\/2018\/11\/IMG_6941.jpg?resize=525%2C300&ssl=1 1.5x, https:\/\/i0.wp.com\/casadecampoliving.com\/wp-content\/uploads\/2018\/11\/IMG_6941.jpg?resize=700%2C400&ssl=1 2x"},"classes":[]},{"id":337449,"url":"https:\/\/casadecampoliving.com\/es\/dental-integral-los-arquitectos-de-sonrisas-en-la-romana-2\/","url_meta":{"origin":353999,"position":4},"title":"Dental Integral: Los \u00abarquitectos de sonrisas\u00bb en La Romana","author":"Rebecca Silvestri","date":"24 Nov, 2011","format":false,"excerpt":"Con m\u00e1s de 11 a\u00f1os de experiencia, Dental Integral es hoy una de las prestadoras de servicios y conocimientos de la m\u00e1s alta calidad en el \u00e1rea de la salud bucal de la Rep\u00fablica Dominicana y est\u00e1n ubicados aqu\u00ed en La Romana a solo 5 minutos de puerta pricipal de\u2026","rel":"","context":"En \u00abM\u00e1s all\u00e1 de Casa\u00bb","block_context":{"text":"M\u00e1s all\u00e1 de Casa","link":"https:\/\/casadecampoliving.com\/es\/category\/mas-alla-de-casa-es\/"},"img":{"alt_text":"dental integral la romana","src":"https:\/\/i0.wp.com\/casadecampoliving.com\/wp-content\/uploads\/2022\/10\/dental_integral_la_romana-1.jpg?fit=650%2C371&ssl=1&resize=350%2C200","width":350,"height":200,"srcset":"https:\/\/i0.wp.com\/casadecampoliving.com\/wp-content\/uploads\/2022\/10\/dental_integral_la_romana-1.jpg?fit=650%2C371&ssl=1&resize=350%2C200 1x, https:\/\/i0.wp.com\/casadecampoliving.com\/wp-content\/uploads\/2022\/10\/dental_integral_la_romana-1.jpg?fit=650%2C371&ssl=1&resize=525%2C300 1.5x"},"classes":[]},{"id":353017,"url":"https:\/\/casadecampoliving.com\/es\/dientes-limpios-y-grandes-sonrisas-en-la-2o-operativo-de-salud-bucal-del-ano-de-la-fundacion-mir\/","url_meta":{"origin":353999,"position":5},"title":"\u00a1Dientes limpios y grandes sonrisas en la 2\u00ba \u201cOperativo de salud bucal\u201d del a\u00f1o de la Fundaci\u00f3n MIR!","author":"Casa de Campo Living","date":"26 Nov, 2018","format":false,"excerpt":"Este a\u00f1o, la Fundaci\u00f3n MIR organiz\u00f3 dos operativos dentales en La Escuela Campo Nueva Esperanza. Del 12 al 15 de noviembre, el Dr. Hudson, un dentista de Nueva York cuya lista de clientes incluye a J.Pepe Fanjul, junto con un grupo de dentistas y cirujanos voluntarios de Nueva York llevaron\u2026","rel":"","context":"En \u00abM\u00e1s all\u00e1 de Casa\u00bb","block_context":{"text":"M\u00e1s all\u00e1 de Casa","link":"https:\/\/casadecampoliving.com\/es\/category\/mas-alla-de-casa-es\/"},"img":{"alt_text":"IMG_9154","src":"https:\/\/i0.wp.com\/casadecampoliving.com\/wp-content\/uploads\/2022\/10\/IMG_9154.jpg?resize=350%2C200","width":350,"height":200,"srcset":"https:\/\/i0.wp.com\/casadecampoliving.com\/wp-content\/uploads\/2022\/10\/IMG_9154.jpg?resize=350%2C200 1x, https:\/\/i0.wp.com\/casadecampoliving.com\/wp-content\/uploads\/2022\/10\/IMG_9154.jpg?resize=525%2C300 1.5x"},"classes":[]}],"jetpack_sharing_enabled":true,"_links":{"self":[{"href":"https:\/\/casadecampoliving.com\/es\/wp-json\/wp\/v2\/posts\/353999","targetHints":{"allow":["GET"]}}],"collection":[{"href":"https:\/\/casadecampoliving.com\/es\/wp-json\/wp\/v2\/posts"}],"about":[{"href":"https:\/\/casadecampoliving.com\/es\/wp-json\/wp\/v2\/types\/post"}],"author":[{"embeddable":true,"href":"https:\/\/casadecampoliving.com\/es\/wp-json\/wp\/v2\/users\/36791"}],"replies":[{"embeddable":true,"href":"https:\/\/casadecampoliving.com\/es\/wp-json\/wp\/v2\/comments?post=353999"}],"version-history":[{"count":0,"href":"https:\/\/casadecampoliving.com\/es\/wp-json\/wp\/v2\/posts\/353999\/revisions"}],"wp:featuredmedia":[{"embeddable":true,"href":"https:\/\/casadecampoliving.com\/es\/wp-json\/wp\/v2\/media\/333160"}],"wp:attachment":[{"href":"https:\/\/casadecampoliving.com\/es\/wp-json\/wp\/v2\/media?parent=353999"}],"wp:term":[{"taxonomy":"category","embeddable":true,"href":"https:\/\/casadecampoliving.com\/es\/wp-json\/wp\/v2\/categories?post=353999"},{"taxonomy":"post_tag","embeddable":true,"href":"https:\/\/casadecampoliving.com\/es\/wp-json\/wp\/v2\/tags?post=353999"},{"taxonomy":"newspack_spnsrs_tax","embeddable":true,"href":"https:\/\/casadecampoliving.com\/es\/wp-json\/wp\/v2\/newspack_spnsrs_tax?post=353999"}],"curies":[{"name":"wp","href":"https:\/\/api.w.org\/{rel}","templated":true}]}}