{"id":353982,"date":"2021-02-22T00:00:00","date_gmt":"2021-02-22T04:00:00","guid":{"rendered":"https:\/\/casadecampoliving.com\/renueva-tus-espacios-con-los-cuadros-vivos-de-suculentas-y-madera-de-teck\/"},"modified":"2022-11-10T10:04:26","modified_gmt":"2022-11-10T14:04:26","slug":"renueva-tus-espacios-con-los-cuadros-vivos-de-suculentas-y-madera-de-teck","status":"publish","type":"post","link":"https:\/\/casadecampoliving.com\/es\/renueva-tus-espacios-con-los-cuadros-vivos-de-suculentas-y-madera-de-teck\/","title":{"rendered":"Renueva tus espacios con los cuadros vivos de suculentas y madera de Teck"},"content":{"rendered":"<p><span style=\"font-weight: 400;\"><img data-recalc-dims=\"1\" loading=\"lazy\" decoding=\"async\" data-attachment-id=\"208640\" data-permalink=\"https:\/\/casadecampoliving.com\/es\/img_20210124_102511_506\/\" data-orig-file=\"https:\/\/i0.wp.com\/casadecampoliving.com\/wp-content\/uploads\/2021\/02\/IMG_20210124_102511_506.jpg?fit=736%2C834&amp;ssl=1\" data-orig-size=\"736,834\" data-comments-opened=\"0\" data-image-meta=\"{&quot;aperture&quot;:&quot;0&quot;,&quot;credit&quot;:&quot;&quot;,&quot;camera&quot;:&quot;&quot;,&quot;caption&quot;:&quot;&quot;,&quot;created_timestamp&quot;:&quot;0&quot;,&quot;copyright&quot;:&quot;&quot;,&quot;focal_length&quot;:&quot;0&quot;,&quot;iso&quot;:&quot;0&quot;,&quot;shutter_speed&quot;:&quot;0&quot;,&quot;title&quot;:&quot;&quot;,&quot;orientation&quot;:&quot;0&quot;}\" data-image-title=\"IMG_20210124_102511_506\" data-image-description=\"\" data-image-caption=\"\" data-large-file=\"https:\/\/i0.wp.com\/casadecampoliving.com\/wp-content\/uploads\/2021\/02\/IMG_20210124_102511_506.jpg?fit=736%2C834&amp;ssl=1\" class=\"alignright size-medium wp-image-208640\" src=\"https:\/\/i0.wp.com\/casadecampoliving.com\/wp-content\/uploads\/2022\/10\/IMG_20210124_102511_506-265x300-2.jpg?resize=265%2C300&#038;ssl=1\" alt=\"\" width=\"265\" height=\"300\">La madera y las suculentas son elementos hermosos que nos hace sentir estar en contacto con la naturaleza, es por esto que en Teck han decido combinarlas para hacer espectaculares cuadros vivos. Al usar ambos elementos juntos han logrado crear piezas innovadoras que hacen que los espacios en que se coloquen sean m\u00e1s c\u00e1lidos, bellos y \u00fanicos en el hogar.<\/span><\/p>\n<p><span style=\"font-weight: 400;\">Actualmente tienen disponible dos corazones con fuentes adornadas por suculentas, mesas de centro con suculentas, piezas decorativas y pr\u00f3ximamente mesas de comedor con estas plantas.&nbsp;<\/span><\/p>\n<p><span style=\"font-weight: 400;\">Las suculentas y cactus almacenan agua en sus hojas, tallos y ra\u00edces, esta caracter\u00edstica las hace ser de f\u00e1cil mantenimiento y cuidado; son hermosas y de aspectos muy distintos, algunas parecen flores, otras peque\u00f1os \u00e1rboles y vienen un una amplia gama de colores y tama\u00f1os.<\/span><\/p>\n<p>Estas encantadoras piezas se pueden colocar en cualquier lugar de su hogar, ayudan a limpiar el aire interior al absorber toxinas, aumentar la humedad y producir ox\u00edgeno, y muchos afirman que pueden mejorar su estado de \u00e1nimo, productividad, concentraci\u00f3n y creatividad, adem\u00e1s de ser un buen fondo para sus fotos en Instagram!<\/p>\n<p><span style=\"font-weight: 400;\">Esta es una idea innovadora presentada por Teck y Pikpil Group, pueden obtener m\u00e1s informaci\u00f3n a trav\u00e9s del instagram en <a href=\"https:\/\/www.instagram.com\/pikpil_group\/?hl=es-la\" target=\"_blank\" rel=\"noopener noreferrer\">@pikpil_group<\/a>. <\/span><\/p>\n<p>[nggallery id=3378]<\/p>\n<blockquote>\n<h4><strong>Teck<\/strong><\/h4>\n<p><span style=\"font-weight: 400;\"><img data-recalc-dims=\"1\" loading=\"lazy\" decoding=\"async\" data-attachment-id=\"208651\" data-permalink=\"https:\/\/casadecampoliving.com\/es\/teck-2\/\" data-orig-file=\"https:\/\/i0.wp.com\/casadecampoliving.com\/wp-content\/uploads\/2021\/02\/TECK.jpg?fit=200%2C138&amp;ssl=1\" data-orig-size=\"200,138\" data-comments-opened=\"0\" data-image-meta=\"{&quot;aperture&quot;:&quot;0&quot;,&quot;credit&quot;:&quot;&quot;,&quot;camera&quot;:&quot;&quot;,&quot;caption&quot;:&quot;&quot;,&quot;created_timestamp&quot;:&quot;0&quot;,&quot;copyright&quot;:&quot;&quot;,&quot;focal_length&quot;:&quot;0&quot;,&quot;iso&quot;:&quot;0&quot;,&quot;shutter_speed&quot;:&quot;0&quot;,&quot;title&quot;:&quot;&quot;,&quot;orientation&quot;:&quot;1&quot;}\" data-image-title=\"TECK\" data-image-description=\"\" data-image-caption=\"\" data-large-file=\"https:\/\/i0.wp.com\/casadecampoliving.com\/wp-content\/uploads\/2021\/02\/TECK.jpg?fit=200%2C138&amp;ssl=1\" class=\"alignright size-full wp-image-208651\" src=\"https:\/\/i0.wp.com\/casadecampoliving.com\/wp-content\/uploads\/2022\/10\/TECK-3.jpg?resize=200%2C138&#038;ssl=1\" alt=\"\" width=\"200\" height=\"138\">Teck es una empresa dedicada a la importaci\u00f3n y fabricaci\u00f3n de muebles de lujo, 20 a\u00f1os en el mercado, brindando a Casa de Campo exclusividad y calidad. <\/span><span style=\"font-weight: 400;\">Nos caracterizamos por ser innovadores y eficientes, adem\u00e1s de las innovadoras piezas con Suculentas, les ofrecemos una gran variedad de muebles en teca, Suar, roble, caoba y otras maderas de exterior como interior, hermosas mesas de Suar con tama\u00f1os y formas incomparables.&nbsp;<\/span><\/p>\n<p><span style=\"font-weight: 400;\">Estamos especializados en la renovaci\u00f3n y fabricaci\u00f3n de muebles da\u00f1ados o antiguos, contamos con un taller altamente capacitado, con la finalidad de renovar, modificar y cambiar el color, si as\u00ed lo desea, de sus muebles en mal estado, garantizando un cambio de ambiente y estilo en su hogar. Ven a explorar 3 naves de 20,000 pies cuadrados, un mundo de piezas \u00fanicas.<\/span><\/p>\n<p><strong>D\u00f3nde<\/strong>: Padre Abreu 56, La Romana<br \/>\n<strong>Tel:&nbsp;<\/strong>(809) 813-3517<br \/>\n<strong>Facebook:<\/strong>&nbsp;<a href=\"https:\/\/www.facebook.com\/profile.php?id=100009087317141\" target=\"_blank\" rel=\"noreferrer noopener\">TECK RD<\/a><\/p><\/blockquote>\n<p><em>Art\u00edculo y fotos en colaboraci\u00f3n con Teck y Pikpil<\/em><\/p>\n","protected":false},"excerpt":{"rendered":"<p>La madera y las suculentas son elementos hermosos que nos hace sentir estar en contacto con la naturaleza, es por esto que en Teck han decido combinarlas para hacer espectaculares cuadros vivos. Al usar ambos elementos juntos han logrado crear piezas innovadoras que hacen que los espacios en que se coloquen sean m\u00e1s c\u00e1lidos, bellos [&hellip;]<\/p>\n","protected":false},"author":36791,"featured_media":333055,"comment_status":"closed","ping_status":"closed","sticky":false,"template":"","format":"standard","meta":{"newspack_ads_suppress_ads":false,"newspack_popups_has_disabled_popups":false,"newspack_sponsor_sponsorship_scope":"","newspack_sponsor_native_byline_display":"inherit","newspack_sponsor_native_category_display":"inherit","newspack_sponsor_underwriter_style":"inherit","newspack_sponsor_underwriter_placement":"inherit","_newspack_byline_active":false,"_newspack_byline":"","newspack_hide_updated_date":false,"newspack_show_updated_date":false,"newspack_content_restriction_is_exempt":false,"newspack_featured_image_position":"","newspack_post_subtitle":"","newspack_article_summary_title":"Overview:","newspack_article_summary":"","_jetpack_memberships_contains_paid_content":false,"footnotes":"","jetpack_publicize_message":"","jetpack_publicize_feature_enabled":true,"jetpack_social_post_already_shared":false,"jetpack_social_options":{"image_generator_settings":{"template":"highway","default_image_id":0,"font":"","enabled":false},"version":2},"_wpas_customize_per_network":false},"categories":[26823,25511,26936,26952,2510,2530,26954,14631,2507,2506,21634,9719,23856,2521],"tags":[25496,25495,24346,6160,21195],"newspack_spnsrs_tax":[],"class_list":["post-353982","post","type-post","status-publish","format-standard","has-post-thumbnail","hentry","category-arte-y-cultura","category-articulos-recientes-el-semanal","category-casa-de-campo-living-es","category-ccl-recomienda","category-ccl-recomienda-es","category-compras-es","category-comunidad-casa-de-campo-living-es","category-estilo-de-vida","category-la-romana-es","category-mas-alla-de-casa-es","category-naturaleza","category-naturaleza-y-fauna","category-nature-es","category-republica-dominicana-2","tag-el-semanal-es","tag-en-espanol","tag-featured-es","tag-madera","tag-suculentas","entry"],"yoast_head":"<!-- This site is optimized with the Yoast SEO plugin v27.4 - https:\/\/yoast.com\/product\/yoast-seo-wordpress\/ -->\n<title>Renueva tus espacios con los cuadros vivos de suculentas y madera de Teck | Casa de Campo Living<\/title>\n<meta name=\"description\" content=\"La madera y las suculentas son elementos hermosos que nos hace sentir estar en contacto con la naturaleza, es por esto que en Teck han decido combinarlas\" \/>\n<meta name=\"robots\" content=\"index, follow, max-snippet:-1, max-image-preview:large, max-video-preview:-1\" \/>\n<link rel=\"canonical\" href=\"https:\/\/casadecampoliving.com\/es\/renueva-tus-espacios-con-los-cuadros-vivos-de-suculentas-y-madera-de-teck\/\" \/>\n<meta property=\"og:locale\" content=\"es_ES\" \/>\n<meta property=\"og:type\" content=\"article\" \/>\n<meta property=\"og:title\" content=\"Renueva tus espacios con los cuadros vivos de suculentas y madera de Teck | Casa de Campo Living\" \/>\n<meta property=\"og:description\" content=\"La madera y las suculentas son elementos hermosos que nos hace sentir estar en contacto con la naturaleza, es por esto que en Teck han decido combinarlas\" \/>\n<meta property=\"og:url\" content=\"https:\/\/casadecampoliving.com\/es\/renueva-tus-espacios-con-los-cuadros-vivos-de-suculentas-y-madera-de-teck\/\" \/>\n<meta property=\"og:site_name\" content=\"Casa de Campo Living\" \/>\n<meta property=\"article:publisher\" content=\"https:\/\/www.facebook.com\/casadecampoliving\" \/>\n<meta property=\"article:published_time\" content=\"2021-02-22T04:00:00+00:00\" \/>\n<meta property=\"article:modified_time\" content=\"2022-11-10T14:04:26+00:00\" \/>\n<meta property=\"og:image\" content=\"https:\/\/i0.wp.com\/casadecampoliving.com\/wp-content\/uploads\/2022\/10\/IMG_20210206_201905_037-1.jpg?fit=1000%2C681&ssl=1\" \/>\n\t<meta property=\"og:image:width\" content=\"1000\" \/>\n\t<meta property=\"og:image:height\" content=\"681\" \/>\n\t<meta property=\"og:image:type\" content=\"image\/jpeg\" \/>\n<meta name=\"author\" content=\"Casa de Campo Living\" \/>\n<meta name=\"twitter:card\" content=\"summary_large_image\" \/>\n<meta name=\"twitter:creator\" content=\"@cdcliving\" \/>\n<meta name=\"twitter:site\" content=\"@cdcliving\" \/>\n<meta name=\"twitter:label1\" content=\"Escrito por\" \/>\n\t<meta name=\"twitter:data1\" content=\"Casa de Campo Living\" \/>\n\t<meta name=\"twitter:label2\" content=\"Tiempo de lectura\" \/>\n\t<meta name=\"twitter:data2\" content=\"2 minutos\" \/>\n<script type=\"application\/ld+json\" class=\"yoast-schema-graph\">{\"@context\":\"https:\\\/\\\/schema.org\",\"@graph\":[{\"@type\":\"Article\",\"@id\":\"https:\\\/\\\/casadecampoliving.com\\\/es\\\/renueva-tus-espacios-con-los-cuadros-vivos-de-suculentas-y-madera-de-teck\\\/#article\",\"isPartOf\":{\"@id\":\"https:\\\/\\\/casadecampoliving.com\\\/es\\\/renueva-tus-espacios-con-los-cuadros-vivos-de-suculentas-y-madera-de-teck\\\/\"},\"author\":{\"name\":\"Casa de Campo Living\",\"@id\":\"https:\\\/\\\/casadecampoliving.com\\\/es\\\/#\\\/schema\\\/person\\\/5d2171637a9d11e0e43ce6b8555f9422\"},\"headline\":\"Renueva tus espacios con los cuadros vivos de suculentas y madera de Teck\",\"datePublished\":\"2021-02-22T04:00:00+00:00\",\"dateModified\":\"2022-11-10T14:04:26+00:00\",\"mainEntityOfPage\":{\"@id\":\"https:\\\/\\\/casadecampoliving.com\\\/es\\\/renueva-tus-espacios-con-los-cuadros-vivos-de-suculentas-y-madera-de-teck\\\/\"},\"wordCount\":396,\"publisher\":{\"@id\":\"https:\\\/\\\/casadecampoliving.com\\\/es\\\/#organization\"},\"image\":{\"@id\":\"https:\\\/\\\/casadecampoliving.com\\\/es\\\/renueva-tus-espacios-con-los-cuadros-vivos-de-suculentas-y-madera-de-teck\\\/#primaryimage\"},\"thumbnailUrl\":\"https:\\\/\\\/i0.wp.com\\\/casadecampoliving.com\\\/wp-content\\\/uploads\\\/2022\\\/10\\\/IMG_20210206_201905_037-1.jpg?fit=1000%2C681&ssl=1\",\"keywords\":[\"el semanal\",\"en espa\u00f1ol\",\"Featured\",\"madera\",\"Suculentas\"],\"articleSection\":[\"Arte y cultura\",\"Articulos recientes El Semanal\",\"Casa de Campo Living @es\",\"CCL recomienda\",\"CCL recomienda\",\"Compras\",\"Comunidad\",\"Estilo de Vida\",\"La Romana @es\",\"M\u00e1s all\u00e1 de Casa\",\"Naturaleza\",\"Naturaleza y Fauna\",\"Nature\",\"Rep\u00fablica Dominicana @es\"],\"inLanguage\":\"es\"},{\"@type\":\"WebPage\",\"@id\":\"https:\\\/\\\/casadecampoliving.com\\\/es\\\/renueva-tus-espacios-con-los-cuadros-vivos-de-suculentas-y-madera-de-teck\\\/\",\"url\":\"https:\\\/\\\/casadecampoliving.com\\\/es\\\/renueva-tus-espacios-con-los-cuadros-vivos-de-suculentas-y-madera-de-teck\\\/\",\"name\":\"Renueva tus espacios con los cuadros vivos de suculentas y madera de Teck | Casa de Campo Living\",\"isPartOf\":{\"@id\":\"https:\\\/\\\/casadecampoliving.com\\\/es\\\/#website\"},\"primaryImageOfPage\":{\"@id\":\"https:\\\/\\\/casadecampoliving.com\\\/es\\\/renueva-tus-espacios-con-los-cuadros-vivos-de-suculentas-y-madera-de-teck\\\/#primaryimage\"},\"image\":{\"@id\":\"https:\\\/\\\/casadecampoliving.com\\\/es\\\/renueva-tus-espacios-con-los-cuadros-vivos-de-suculentas-y-madera-de-teck\\\/#primaryimage\"},\"thumbnailUrl\":\"https:\\\/\\\/i0.wp.com\\\/casadecampoliving.com\\\/wp-content\\\/uploads\\\/2022\\\/10\\\/IMG_20210206_201905_037-1.jpg?fit=1000%2C681&ssl=1\",\"datePublished\":\"2021-02-22T04:00:00+00:00\",\"dateModified\":\"2022-11-10T14:04:26+00:00\",\"description\":\"La madera y las suculentas son elementos hermosos que nos hace sentir estar en contacto con la naturaleza, es por esto que en Teck han decido combinarlas\",\"breadcrumb\":{\"@id\":\"https:\\\/\\\/casadecampoliving.com\\\/es\\\/renueva-tus-espacios-con-los-cuadros-vivos-de-suculentas-y-madera-de-teck\\\/#breadcrumb\"},\"inLanguage\":\"es\",\"potentialAction\":[{\"@type\":\"ReadAction\",\"target\":[\"https:\\\/\\\/casadecampoliving.com\\\/es\\\/renueva-tus-espacios-con-los-cuadros-vivos-de-suculentas-y-madera-de-teck\\\/\"]}]},{\"@type\":\"ImageObject\",\"inLanguage\":\"es\",\"@id\":\"https:\\\/\\\/casadecampoliving.com\\\/es\\\/renueva-tus-espacios-con-los-cuadros-vivos-de-suculentas-y-madera-de-teck\\\/#primaryimage\",\"url\":\"https:\\\/\\\/i0.wp.com\\\/casadecampoliving.com\\\/wp-content\\\/uploads\\\/2022\\\/10\\\/IMG_20210206_201905_037-1.jpg?fit=1000%2C681&ssl=1\",\"contentUrl\":\"https:\\\/\\\/i0.wp.com\\\/casadecampoliving.com\\\/wp-content\\\/uploads\\\/2022\\\/10\\\/IMG_20210206_201905_037-1.jpg?fit=1000%2C681&ssl=1\",\"width\":1000,\"height\":681},{\"@type\":\"BreadcrumbList\",\"@id\":\"https:\\\/\\\/casadecampoliving.com\\\/es\\\/renueva-tus-espacios-con-los-cuadros-vivos-de-suculentas-y-madera-de-teck\\\/#breadcrumb\",\"itemListElement\":[{\"@type\":\"ListItem\",\"position\":1,\"name\":\"Home\",\"item\":\"https:\\\/\\\/casadecampoliving.com\\\/es\\\/\"},{\"@type\":\"ListItem\",\"position\":2,\"name\":\"Renueva tus espacios con los cuadros vivos de suculentas y madera de Teck\"}]},{\"@type\":\"WebSite\",\"@id\":\"https:\\\/\\\/casadecampoliving.com\\\/es\\\/#website\",\"url\":\"https:\\\/\\\/casadecampoliving.com\\\/es\\\/\",\"name\":\"Casa de Campo Living\",\"description\":\"Resort community news and resources.\",\"publisher\":{\"@id\":\"https:\\\/\\\/casadecampoliving.com\\\/es\\\/#organization\"},\"potentialAction\":[{\"@type\":\"SearchAction\",\"target\":{\"@type\":\"EntryPoint\",\"urlTemplate\":\"https:\\\/\\\/casadecampoliving.com\\\/es\\\/?s={search_term_string}\"},\"query-input\":{\"@type\":\"PropertyValueSpecification\",\"valueRequired\":true,\"valueName\":\"search_term_string\"}}],\"inLanguage\":\"es\"},{\"@type\":\"Organization\",\"@id\":\"https:\\\/\\\/casadecampoliving.com\\\/es\\\/#organization\",\"name\":\"Casa de Campo Living\",\"url\":\"https:\\\/\\\/casadecampoliving.com\\\/es\\\/\",\"logo\":{\"@type\":\"ImageObject\",\"inLanguage\":\"es\",\"@id\":\"https:\\\/\\\/casadecampoliving.com\\\/es\\\/#\\\/schema\\\/logo\\\/image\\\/\",\"url\":\"https:\\\/\\\/i0.wp.com\\\/casadecampoliving.com\\\/wp-content\\\/uploads\\\/2022\\\/07\\\/CDCLivingLogo_V1-white-sized.png?fit=800%2C214&ssl=1\",\"contentUrl\":\"https:\\\/\\\/i0.wp.com\\\/casadecampoliving.com\\\/wp-content\\\/uploads\\\/2022\\\/07\\\/CDCLivingLogo_V1-white-sized.png?fit=800%2C214&ssl=1\",\"width\":800,\"height\":214,\"caption\":\"Casa de Campo Living\"},\"image\":{\"@id\":\"https:\\\/\\\/casadecampoliving.com\\\/es\\\/#\\\/schema\\\/logo\\\/image\\\/\"},\"sameAs\":[\"https:\\\/\\\/www.facebook.com\\\/casadecampoliving\",\"https:\\\/\\\/x.com\\\/cdcliving\"]},{\"@type\":\"Person\",\"@id\":\"https:\\\/\\\/casadecampoliving.com\\\/es\\\/#\\\/schema\\\/person\\\/5d2171637a9d11e0e43ce6b8555f9422\",\"name\":\"Casa de Campo Living\",\"image\":{\"@type\":\"ImageObject\",\"inLanguage\":\"es\",\"@id\":\"https:\\\/\\\/secure.gravatar.com\\\/avatar\\\/d04101fa4a9fd431e939953b1500fdc7a73cd35029f86d98712fd8ccdaebaf9a?s=96&d=mm&r=g\",\"url\":\"https:\\\/\\\/secure.gravatar.com\\\/avatar\\\/d04101fa4a9fd431e939953b1500fdc7a73cd35029f86d98712fd8ccdaebaf9a?s=96&d=mm&r=g\",\"contentUrl\":\"https:\\\/\\\/secure.gravatar.com\\\/avatar\\\/d04101fa4a9fd431e939953b1500fdc7a73cd35029f86d98712fd8ccdaebaf9a?s=96&d=mm&r=g\",\"caption\":\"Casa de Campo Living\"},\"url\":\"https:\\\/\\\/casadecampoliving.com\\\/es\\\/author\\\/casa-de-campo-living\\\/\"}]}<\/script>\n<!-- \/ Yoast SEO plugin. -->","yoast_head_json":{"title":"Renueva tus espacios con los cuadros vivos de suculentas y madera de Teck | Casa de Campo Living","description":"La madera y las suculentas son elementos hermosos que nos hace sentir estar en contacto con la naturaleza, es por esto que en Teck han decido combinarlas","robots":{"index":"index","follow":"follow","max-snippet":"max-snippet:-1","max-image-preview":"max-image-preview:large","max-video-preview":"max-video-preview:-1"},"canonical":"https:\/\/casadecampoliving.com\/es\/renueva-tus-espacios-con-los-cuadros-vivos-de-suculentas-y-madera-de-teck\/","og_locale":"es_ES","og_type":"article","og_title":"Renueva tus espacios con los cuadros vivos de suculentas y madera de Teck | Casa de Campo Living","og_description":"La madera y las suculentas son elementos hermosos que nos hace sentir estar en contacto con la naturaleza, es por esto que en Teck han decido combinarlas","og_url":"https:\/\/casadecampoliving.com\/es\/renueva-tus-espacios-con-los-cuadros-vivos-de-suculentas-y-madera-de-teck\/","og_site_name":"Casa de Campo Living","article_publisher":"https:\/\/www.facebook.com\/casadecampoliving","article_published_time":"2021-02-22T04:00:00+00:00","article_modified_time":"2022-11-10T14:04:26+00:00","og_image":[{"width":1000,"height":681,"url":"https:\/\/i0.wp.com\/casadecampoliving.com\/wp-content\/uploads\/2022\/10\/IMG_20210206_201905_037-1.jpg?fit=1000%2C681&ssl=1","type":"image\/jpeg"}],"author":"Casa de Campo Living","twitter_card":"summary_large_image","twitter_creator":"@cdcliving","twitter_site":"@cdcliving","twitter_misc":{"Escrito por":"Casa de Campo Living","Tiempo de lectura":"2 minutos"},"schema":{"@context":"https:\/\/schema.org","@graph":[{"@type":"Article","@id":"https:\/\/casadecampoliving.com\/es\/renueva-tus-espacios-con-los-cuadros-vivos-de-suculentas-y-madera-de-teck\/#article","isPartOf":{"@id":"https:\/\/casadecampoliving.com\/es\/renueva-tus-espacios-con-los-cuadros-vivos-de-suculentas-y-madera-de-teck\/"},"author":{"name":"Casa de Campo Living","@id":"https:\/\/casadecampoliving.com\/es\/#\/schema\/person\/5d2171637a9d11e0e43ce6b8555f9422"},"headline":"Renueva tus espacios con los cuadros vivos de suculentas y madera de Teck","datePublished":"2021-02-22T04:00:00+00:00","dateModified":"2022-11-10T14:04:26+00:00","mainEntityOfPage":{"@id":"https:\/\/casadecampoliving.com\/es\/renueva-tus-espacios-con-los-cuadros-vivos-de-suculentas-y-madera-de-teck\/"},"wordCount":396,"publisher":{"@id":"https:\/\/casadecampoliving.com\/es\/#organization"},"image":{"@id":"https:\/\/casadecampoliving.com\/es\/renueva-tus-espacios-con-los-cuadros-vivos-de-suculentas-y-madera-de-teck\/#primaryimage"},"thumbnailUrl":"https:\/\/i0.wp.com\/casadecampoliving.com\/wp-content\/uploads\/2022\/10\/IMG_20210206_201905_037-1.jpg?fit=1000%2C681&ssl=1","keywords":["el semanal","en espa\u00f1ol","Featured","madera","Suculentas"],"articleSection":["Arte y cultura","Articulos recientes El Semanal","Casa de Campo Living @es","CCL recomienda","CCL recomienda","Compras","Comunidad","Estilo de Vida","La Romana @es","M\u00e1s all\u00e1 de Casa","Naturaleza","Naturaleza y Fauna","Nature","Rep\u00fablica Dominicana @es"],"inLanguage":"es"},{"@type":"WebPage","@id":"https:\/\/casadecampoliving.com\/es\/renueva-tus-espacios-con-los-cuadros-vivos-de-suculentas-y-madera-de-teck\/","url":"https:\/\/casadecampoliving.com\/es\/renueva-tus-espacios-con-los-cuadros-vivos-de-suculentas-y-madera-de-teck\/","name":"Renueva tus espacios con los cuadros vivos de suculentas y madera de Teck | Casa de Campo Living","isPartOf":{"@id":"https:\/\/casadecampoliving.com\/es\/#website"},"primaryImageOfPage":{"@id":"https:\/\/casadecampoliving.com\/es\/renueva-tus-espacios-con-los-cuadros-vivos-de-suculentas-y-madera-de-teck\/#primaryimage"},"image":{"@id":"https:\/\/casadecampoliving.com\/es\/renueva-tus-espacios-con-los-cuadros-vivos-de-suculentas-y-madera-de-teck\/#primaryimage"},"thumbnailUrl":"https:\/\/i0.wp.com\/casadecampoliving.com\/wp-content\/uploads\/2022\/10\/IMG_20210206_201905_037-1.jpg?fit=1000%2C681&ssl=1","datePublished":"2021-02-22T04:00:00+00:00","dateModified":"2022-11-10T14:04:26+00:00","description":"La madera y las suculentas son elementos hermosos que nos hace sentir estar en contacto con la naturaleza, es por esto que en Teck han decido combinarlas","breadcrumb":{"@id":"https:\/\/casadecampoliving.com\/es\/renueva-tus-espacios-con-los-cuadros-vivos-de-suculentas-y-madera-de-teck\/#breadcrumb"},"inLanguage":"es","potentialAction":[{"@type":"ReadAction","target":["https:\/\/casadecampoliving.com\/es\/renueva-tus-espacios-con-los-cuadros-vivos-de-suculentas-y-madera-de-teck\/"]}]},{"@type":"ImageObject","inLanguage":"es","@id":"https:\/\/casadecampoliving.com\/es\/renueva-tus-espacios-con-los-cuadros-vivos-de-suculentas-y-madera-de-teck\/#primaryimage","url":"https:\/\/i0.wp.com\/casadecampoliving.com\/wp-content\/uploads\/2022\/10\/IMG_20210206_201905_037-1.jpg?fit=1000%2C681&ssl=1","contentUrl":"https:\/\/i0.wp.com\/casadecampoliving.com\/wp-content\/uploads\/2022\/10\/IMG_20210206_201905_037-1.jpg?fit=1000%2C681&ssl=1","width":1000,"height":681},{"@type":"BreadcrumbList","@id":"https:\/\/casadecampoliving.com\/es\/renueva-tus-espacios-con-los-cuadros-vivos-de-suculentas-y-madera-de-teck\/#breadcrumb","itemListElement":[{"@type":"ListItem","position":1,"name":"Home","item":"https:\/\/casadecampoliving.com\/es\/"},{"@type":"ListItem","position":2,"name":"Renueva tus espacios con los cuadros vivos de suculentas y madera de Teck"}]},{"@type":"WebSite","@id":"https:\/\/casadecampoliving.com\/es\/#website","url":"https:\/\/casadecampoliving.com\/es\/","name":"Casa de Campo Living","description":"Resort community news and resources.","publisher":{"@id":"https:\/\/casadecampoliving.com\/es\/#organization"},"potentialAction":[{"@type":"SearchAction","target":{"@type":"EntryPoint","urlTemplate":"https:\/\/casadecampoliving.com\/es\/?s={search_term_string}"},"query-input":{"@type":"PropertyValueSpecification","valueRequired":true,"valueName":"search_term_string"}}],"inLanguage":"es"},{"@type":"Organization","@id":"https:\/\/casadecampoliving.com\/es\/#organization","name":"Casa de Campo Living","url":"https:\/\/casadecampoliving.com\/es\/","logo":{"@type":"ImageObject","inLanguage":"es","@id":"https:\/\/casadecampoliving.com\/es\/#\/schema\/logo\/image\/","url":"https:\/\/i0.wp.com\/casadecampoliving.com\/wp-content\/uploads\/2022\/07\/CDCLivingLogo_V1-white-sized.png?fit=800%2C214&ssl=1","contentUrl":"https:\/\/i0.wp.com\/casadecampoliving.com\/wp-content\/uploads\/2022\/07\/CDCLivingLogo_V1-white-sized.png?fit=800%2C214&ssl=1","width":800,"height":214,"caption":"Casa de Campo Living"},"image":{"@id":"https:\/\/casadecampoliving.com\/es\/#\/schema\/logo\/image\/"},"sameAs":["https:\/\/www.facebook.com\/casadecampoliving","https:\/\/x.com\/cdcliving"]},{"@type":"Person","@id":"https:\/\/casadecampoliving.com\/es\/#\/schema\/person\/5d2171637a9d11e0e43ce6b8555f9422","name":"Casa de Campo Living","image":{"@type":"ImageObject","inLanguage":"es","@id":"https:\/\/secure.gravatar.com\/avatar\/d04101fa4a9fd431e939953b1500fdc7a73cd35029f86d98712fd8ccdaebaf9a?s=96&d=mm&r=g","url":"https:\/\/secure.gravatar.com\/avatar\/d04101fa4a9fd431e939953b1500fdc7a73cd35029f86d98712fd8ccdaebaf9a?s=96&d=mm&r=g","contentUrl":"https:\/\/secure.gravatar.com\/avatar\/d04101fa4a9fd431e939953b1500fdc7a73cd35029f86d98712fd8ccdaebaf9a?s=96&d=mm&r=g","caption":"Casa de Campo Living"},"url":"https:\/\/casadecampoliving.com\/es\/author\/casa-de-campo-living\/"}]}},"parsely":{"version":"1.1.0","canonical_url":"https:\/\/casadecampoliving.com\/es\/renueva-tus-espacios-con-los-cuadros-vivos-de-suculentas-y-madera-de-teck\/","smart_links":{"inbound":0,"outbound":0},"traffic_boost_suggestions_count":0,"meta":{"@context":"https:\/\/schema.org","@type":"NewsArticle","headline":"Renueva tus espacios con los cuadros vivos de suculentas y madera de Teck","url":"http:\/\/casadecampoliving.com\/es\/renueva-tus-espacios-con-los-cuadros-vivos-de-suculentas-y-madera-de-teck\/","mainEntityOfPage":{"@type":"WebPage","@id":"http:\/\/casadecampoliving.com\/es\/renueva-tus-espacios-con-los-cuadros-vivos-de-suculentas-y-madera-de-teck\/"},"thumbnailUrl":"https:\/\/i0.wp.com\/casadecampoliving.com\/wp-content\/uploads\/2022\/10\/IMG_20210206_201905_037-1.jpg?resize=150%2C150&ssl=1","image":{"@type":"ImageObject","url":"https:\/\/i0.wp.com\/casadecampoliving.com\/wp-content\/uploads\/2022\/10\/IMG_20210206_201905_037-1.jpg?fit=1000%2C681&ssl=1"},"articleSection":"Arte y cultura","author":[{"@type":"Person","name":"Casa de Campo Living"}],"creator":["Casa de Campo Living"],"publisher":{"@type":"Organization","name":"Casa de Campo Living","logo":"https:\/\/casadecampoliving.com\/wp-content\/uploads\/2022\/07\/CDCLivingLogo_V1-white-sized.png"},"keywords":["el semanal","en espa\u00f1ol","featured","madera","suculentas"],"dateCreated":"2021-02-22T04:00:00Z","datePublished":"2021-02-22T04:00:00Z","dateModified":"2022-11-10T14:04:26Z"},"rendered":"<script type=\"application\/ld+json\" class=\"wp-parsely-metadata\">{\"@context\":\"https:\\\/\\\/schema.org\",\"@type\":\"NewsArticle\",\"headline\":\"Renueva tus espacios con los cuadros vivos de suculentas y madera de Teck\",\"url\":\"http:\\\/\\\/casadecampoliving.com\\\/es\\\/renueva-tus-espacios-con-los-cuadros-vivos-de-suculentas-y-madera-de-teck\\\/\",\"mainEntityOfPage\":{\"@type\":\"WebPage\",\"@id\":\"http:\\\/\\\/casadecampoliving.com\\\/es\\\/renueva-tus-espacios-con-los-cuadros-vivos-de-suculentas-y-madera-de-teck\\\/\"},\"thumbnailUrl\":\"https:\\\/\\\/i0.wp.com\\\/casadecampoliving.com\\\/wp-content\\\/uploads\\\/2022\\\/10\\\/IMG_20210206_201905_037-1.jpg?resize=150%2C150&ssl=1\",\"image\":{\"@type\":\"ImageObject\",\"url\":\"https:\\\/\\\/i0.wp.com\\\/casadecampoliving.com\\\/wp-content\\\/uploads\\\/2022\\\/10\\\/IMG_20210206_201905_037-1.jpg?fit=1000%2C681&ssl=1\"},\"articleSection\":\"Arte y cultura\",\"author\":[{\"@type\":\"Person\",\"name\":\"Casa de Campo Living\"}],\"creator\":[\"Casa de Campo Living\"],\"publisher\":{\"@type\":\"Organization\",\"name\":\"Casa de Campo Living\",\"logo\":\"https:\\\/\\\/casadecampoliving.com\\\/wp-content\\\/uploads\\\/2022\\\/07\\\/CDCLivingLogo_V1-white-sized.png\"},\"keywords\":[\"el semanal\",\"en espa\\u00f1ol\",\"featured\",\"madera\",\"suculentas\"],\"dateCreated\":\"2021-02-22T04:00:00Z\",\"datePublished\":\"2021-02-22T04:00:00Z\",\"dateModified\":\"2022-11-10T14:04:26Z\"}<\/script>","tracker_url":"https:\/\/cdn.parsely.com\/keys\/casadecampoliving.com\/p.js"},"jetpack_publicize_connections":[],"jetpack_featured_media_url":"https:\/\/i0.wp.com\/casadecampoliving.com\/wp-content\/uploads\/2022\/10\/IMG_20210206_201905_037-1.jpg?fit=1000%2C681&ssl=1","jetpack-related-posts":[{"id":351701,"url":"https:\/\/casadecampoliving.com\/es\/la-creciente-popularidad-de-las-suculentas-en-costa-farms\/","url_meta":{"origin":353982,"position":0},"title":"La creciente popularidad de las Suculentas en Costa Farms","author":"Heather Lincoln","date":"8 Jul, 2017","format":false,"excerpt":"\u00a1Ah el verano! En Costa Farms Nursery los colores brillantes abundan, y hace muy f\u00e1cil y convincente el comprar plantas exclusivamente en su vivero en La Romana \u00f3 a trav\u00e9s de sus distribuidores. Su magn\u00edfica diversidad de variedades de plantas es asombrosa, y unas que son tendencia esta temporada son\u2026","rel":"","context":"En \u00abM\u00e1s all\u00e1 de Casa\u00bb","block_context":{"text":"M\u00e1s all\u00e1 de Casa","link":"https:\/\/casadecampoliving.com\/es\/category\/mas-alla-de-casa-es\/"},"img":{"alt_text":"Costa Farms Nursery","src":"https:\/\/i0.wp.com\/casadecampoliving.com\/wp-content\/uploads\/2022\/10\/IMG_1927-e1499444080292.jpg?fit=1000%2C600&ssl=1&resize=350%2C200","width":350,"height":200,"srcset":"https:\/\/i0.wp.com\/casadecampoliving.com\/wp-content\/uploads\/2022\/10\/IMG_1927-e1499444080292.jpg?fit=1000%2C600&ssl=1&resize=350%2C200 1x, https:\/\/i0.wp.com\/casadecampoliving.com\/wp-content\/uploads\/2022\/10\/IMG_1927-e1499444080292.jpg?fit=1000%2C600&ssl=1&resize=525%2C300 1.5x, https:\/\/i0.wp.com\/casadecampoliving.com\/wp-content\/uploads\/2022\/10\/IMG_1927-e1499444080292.jpg?fit=1000%2C600&ssl=1&resize=700%2C400 2x"},"classes":[]},{"id":351130,"url":"https:\/\/casadecampoliving.com\/es\/exploring-world-teck-marc-olivier\/","url_meta":{"origin":353982,"position":1},"title":"Explorando el mundo de TECK con Marc Olivier","author":"Heather Lincoln","date":"8 Feb, 2017","format":false,"excerpt":"Marc Olivier, que vive en Casa de Campo desde hace m\u00e1s de 15 a\u00f1os, es el artesano de la comunidad en lo que refiere a muebles \u00fanicos en su g\u00e9nero y hechos a mano. El propietario de TECK Muebles en La Romana trae muchos de sus productos desde Java, una\u2026","rel":"","context":"En \u00abArte y cultura\u00bb","block_context":{"text":"Arte y cultura","link":"https:\/\/casadecampoliving.com\/category\/arte-y-cultura\/"},"img":{"alt_text":"TECK Furniture Store La Romana","src":"https:\/\/i0.wp.com\/casadecampoliving.com\/wp-content\/uploads\/2022\/10\/DSC_0728-1.jpg?fit=1000%2C563&ssl=1&resize=350%2C200","width":350,"height":200,"srcset":"https:\/\/i0.wp.com\/casadecampoliving.com\/wp-content\/uploads\/2022\/10\/DSC_0728-1.jpg?fit=1000%2C563&ssl=1&resize=350%2C200 1x, https:\/\/i0.wp.com\/casadecampoliving.com\/wp-content\/uploads\/2022\/10\/DSC_0728-1.jpg?fit=1000%2C563&ssl=1&resize=525%2C300 1.5x, https:\/\/i0.wp.com\/casadecampoliving.com\/wp-content\/uploads\/2022\/10\/DSC_0728-1.jpg?fit=1000%2C563&ssl=1&resize=700%2C400 2x"},"classes":[]},{"id":353321,"url":"https:\/\/casadecampoliving.com\/es\/teck-da-incio-a-la-primavera-con-nuevas-y-hermosas-piezas\/","url_meta":{"origin":353982,"position":2},"title":"Teck d\u00e1 incio a la primavera con nuevas y hermosas piezas","author":"Casa de Campo Living","date":"4 Abr, 2019","format":false,"excerpt":"El pasado s\u00e1bado 23 de marzo, Teck di\u00f3 incio a la temporada de primavera engalanando el establecimiento con una variada y exquisita exhibici\u00f3n de arte, del maestro colombiano Jennaro Gonzalez P. en una recepci\u00f3n privada para el deleite de una concurrida y selecta lista de invitados donde los asistentes pudieron\u2026","rel":"","context":"En \u00abArte y cultura\u00bb","block_context":{"text":"Arte y cultura","link":"https:\/\/casadecampoliving.com\/category\/arte-y-cultura\/"},"img":{"alt_text":"","src":"https:\/\/i0.wp.com\/casadecampoliving.com\/wp-content\/uploads\/2022\/10\/DSC_00991.jpg?fit=1000%2C667&ssl=1&resize=350%2C200","width":350,"height":200,"srcset":"https:\/\/i0.wp.com\/casadecampoliving.com\/wp-content\/uploads\/2022\/10\/DSC_00991.jpg?fit=1000%2C667&ssl=1&resize=350%2C200 1x, https:\/\/i0.wp.com\/casadecampoliving.com\/wp-content\/uploads\/2022\/10\/DSC_00991.jpg?fit=1000%2C667&ssl=1&resize=525%2C300 1.5x, https:\/\/i0.wp.com\/casadecampoliving.com\/wp-content\/uploads\/2022\/10\/DSC_00991.jpg?fit=1000%2C667&ssl=1&resize=700%2C400 2x"},"classes":[]},{"id":353972,"url":"https:\/\/casadecampoliving.com\/es\/flores-en-casa-de-campo-1-agave\/","url_meta":{"origin":353982,"position":3},"title":"Flores en Casa de Campo # 1: Agave","author":"Casa de Campo Living","date":"7 Feb, 2021","format":false,"excerpt":"La planta de agave se ha convertido en una de las plantas m\u00e1s vistas en toda Casa de Campo. La planta de agave se reconoce por sus hojas verdes, gruesas y carnosas, cada una terminando generalmente en una punta afilada y con un margen espinoso; el tallo robusto es generalmente\u2026","rel":"","context":"En \u00abCasa de Campo Living @es\u00bb","block_context":{"text":"Casa de Campo Living @es","link":"https:\/\/casadecampoliving.com\/category\/casa-de-campo-living-es\/"},"img":{"alt_text":"","src":"https:\/\/i0.wp.com\/casadecampoliving.com\/wp-content\/uploads\/2022\/10\/20210205_175419-scaled-1.jpg?fit=1200%2C675&ssl=1&resize=350%2C200","width":350,"height":200,"srcset":"https:\/\/i0.wp.com\/casadecampoliving.com\/wp-content\/uploads\/2022\/10\/20210205_175419-scaled-1.jpg?fit=1200%2C675&ssl=1&resize=350%2C200 1x, https:\/\/i0.wp.com\/casadecampoliving.com\/wp-content\/uploads\/2022\/10\/20210205_175419-scaled-1.jpg?fit=1200%2C675&ssl=1&resize=525%2C300 1.5x, https:\/\/i0.wp.com\/casadecampoliving.com\/wp-content\/uploads\/2022\/10\/20210205_175419-scaled-1.jpg?fit=1200%2C675&ssl=1&resize=700%2C400 2x, https:\/\/i0.wp.com\/casadecampoliving.com\/wp-content\/uploads\/2022\/10\/20210205_175419-scaled-1.jpg?fit=1200%2C675&ssl=1&resize=1050%2C600 3x"},"classes":[]},{"id":345523,"url":"https:\/\/casadecampoliving.com\/es\/emilio-robba-lanza-una-nueva-coleccion-en-paris\/","url_meta":{"origin":353982,"position":4},"title":"Emilio Robba lanza una nueva colecci\u00f3n en Paris","author":"Daniela Medina","date":"5 Oct, 2014","format":false,"excerpt":"Emilio Robba se complace en anunciar el lanzamiento de su nueva colecci\u00f3n en Par\u00eds en su emblem\u00e1tico sal\u00f3n ubicado en la Galerie Vivienne. El \u00e9xito de la inauguraci\u00f3n de su exposici\u00f3n \"Le meuble est un jardin\", ha establecido el tono en\u00e9rgico del \u00faltimo concepto del Sr. Robba. Ha presentado su\u2026","rel":"","context":"En \u00abAltos de Chavon @es\u00bb","block_context":{"text":"Altos de Chavon @es","link":"https:\/\/casadecampoliving.com\/category\/altos-de-chavon-es\/"},"img":{"alt_text":"","src":"https:\/\/i0.wp.com\/casadecampoliving.com\/wp-content\/uploads\/2022\/10\/emilio-robba-1.png?fit=635%2C480&ssl=1&resize=350%2C200","width":350,"height":200,"srcset":"https:\/\/i0.wp.com\/casadecampoliving.com\/wp-content\/uploads\/2022\/10\/emilio-robba-1.png?fit=635%2C480&ssl=1&resize=350%2C200 1x, https:\/\/i0.wp.com\/casadecampoliving.com\/wp-content\/uploads\/2022\/10\/emilio-robba-1.png?fit=635%2C480&ssl=1&resize=525%2C300 1.5x"},"classes":[]},{"id":352065,"url":"https:\/\/casadecampoliving.com\/es\/consejos-sobre-como-cuidar-sus-muebles-de-madera-con-teck\/","url_meta":{"origin":353982,"position":5},"title":"Consejos sobre c\u00f3mo cuidar sus muebles de madera con TECK","author":"Heather Lincoln","date":"9 Oct, 2017","format":false,"excerpt":"El clima tropical de la Rep\u00fablica Dominicana puede afectar los muebles de madera. Los due\u00f1os de propiedades frente a la playa o en la costa se enfrentan a numerosas variables ambientales que pueden causar da\u00f1os en la madera: la luz solar, el viento, la humedad, la sal y la arena\u2026","rel":"","context":"En \u00abCompras\u00bb","block_context":{"text":"Compras","link":"https:\/\/casadecampoliving.com\/es\/category\/compras-es\/"},"img":{"alt_text":"Teck Furniture Store","src":"https:\/\/i0.wp.com\/casadecampoliving.com\/wp-content\/uploads\/2022\/10\/teck_furniture02-e1507579126669.jpg?fit=1000%2C513&ssl=1&resize=350%2C200","width":350,"height":200,"srcset":"https:\/\/i0.wp.com\/casadecampoliving.com\/wp-content\/uploads\/2022\/10\/teck_furniture02-e1507579126669.jpg?fit=1000%2C513&ssl=1&resize=350%2C200 1x, https:\/\/i0.wp.com\/casadecampoliving.com\/wp-content\/uploads\/2022\/10\/teck_furniture02-e1507579126669.jpg?fit=1000%2C513&ssl=1&resize=525%2C300 1.5x, https:\/\/i0.wp.com\/casadecampoliving.com\/wp-content\/uploads\/2022\/10\/teck_furniture02-e1507579126669.jpg?fit=1000%2C513&ssl=1&resize=700%2C400 2x"},"classes":[]}],"jetpack_sharing_enabled":true,"_links":{"self":[{"href":"https:\/\/casadecampoliving.com\/es\/wp-json\/wp\/v2\/posts\/353982","targetHints":{"allow":["GET"]}}],"collection":[{"href":"https:\/\/casadecampoliving.com\/es\/wp-json\/wp\/v2\/posts"}],"about":[{"href":"https:\/\/casadecampoliving.com\/es\/wp-json\/wp\/v2\/types\/post"}],"author":[{"embeddable":true,"href":"https:\/\/casadecampoliving.com\/es\/wp-json\/wp\/v2\/users\/36791"}],"replies":[{"embeddable":true,"href":"https:\/\/casadecampoliving.com\/es\/wp-json\/wp\/v2\/comments?post=353982"}],"version-history":[{"count":1,"href":"https:\/\/casadecampoliving.com\/es\/wp-json\/wp\/v2\/posts\/353982\/revisions"}],"predecessor-version":[{"id":504742,"href":"https:\/\/casadecampoliving.com\/es\/wp-json\/wp\/v2\/posts\/353982\/revisions\/504742"}],"wp:featuredmedia":[{"embeddable":true,"href":"https:\/\/casadecampoliving.com\/es\/wp-json\/wp\/v2\/media\/333055"}],"wp:attachment":[{"href":"https:\/\/casadecampoliving.com\/es\/wp-json\/wp\/v2\/media?parent=353982"}],"wp:term":[{"taxonomy":"category","embeddable":true,"href":"https:\/\/casadecampoliving.com\/es\/wp-json\/wp\/v2\/categories?post=353982"},{"taxonomy":"post_tag","embeddable":true,"href":"https:\/\/casadecampoliving.com\/es\/wp-json\/wp\/v2\/tags?post=353982"},{"taxonomy":"newspack_spnsrs_tax","embeddable":true,"href":"https:\/\/casadecampoliving.com\/es\/wp-json\/wp\/v2\/newspack_spnsrs_tax?post=353982"}],"curies":[{"name":"wp","href":"https:\/\/api.w.org\/{rel}","templated":true}]}}