{"id":353980,"date":"2021-02-18T00:00:00","date_gmt":"2021-02-18T04:00:00","guid":{"rendered":"https:\/\/casadecampoliving.com\/la-embajada-de-japon-inaugura-nuevas-aulas-en-la-escuela-hogar-del-nino-en-la-romana\/"},"modified":"2022-11-10T10:04:36","modified_gmt":"2022-11-10T14:04:36","slug":"la-embajada-de-japon-inaugura-nuevas-aulas-en-la-escuela-hogar-del-nino-en-la-romana","status":"publish","type":"post","link":"https:\/\/casadecampoliving.com\/es\/la-embajada-de-japon-inaugura-nuevas-aulas-en-la-escuela-hogar-del-nino-en-la-romana\/","title":{"rendered":"La embajada de Jap\u00f3n inaugura nuevas aulas en la escuela Hogar del Ni\u00f1o en La Romana"},"content":{"rendered":"<p>El Patronato Ben\u00e9fico Oriental y la Embajada del Jap\u00f3n en el pa\u00eds dejaron inauguradas cuatro nuevas aulas en la Escuela Hogar del Ni\u00f1o, como parte del proyecto de ampliaci\u00f3n de dicho centro educativo que acoge a m\u00e1s de 1,700 ni\u00f1os y j\u00f3venes, desde sala de infancia hasta la graduaci\u00f3n del bachillerato.<\/p>\n<p>Durante la ceremonia inaugural fue develada una tarja por la se\u00f1ora Xiomara Men\u00e9ndez D\u00e1jer, Presidenta del Patronato Ben\u00e9fico Oriental, y por el se\u00f1or Maruhashi Shigetomo, Consejero de la Embajada del Jap\u00f3n, para conmemorar la donaci\u00f3n de este proyecto por un monto superior a los US$83,000.00 d\u00f3lares a trav\u00e9s del Programa de Asistencia Econ\u00f3mica Comunitaria de la embajada japonesa.<\/p>\n<p><img data-recalc-dims=\"1\" loading=\"lazy\" decoding=\"async\" data-attachment-id=\"208614\" data-permalink=\"https:\/\/casadecampoliving.com\/es\/ej4b1335\/\" data-orig-file=\"https:\/\/i0.wp.com\/casadecampoliving.com\/wp-content\/uploads\/2021\/02\/EJ4B1335.jpg?fit=1000%2C667&amp;ssl=1\" data-orig-size=\"1000,667\" data-comments-opened=\"0\" data-image-meta=\"{&quot;aperture&quot;:&quot;4&quot;,&quot;credit&quot;:&quot;Mairobi Herrera\\nCristian Pittaro&quot;,&quot;camera&quot;:&quot;Canon EOS 5D Mark III&quot;,&quot;caption&quot;:&quot;&quot;,&quot;created_timestamp&quot;:&quot;1612264290&quot;,&quot;copyright&quot;:&quot;Can&#039;t use or distribuit without express autorization from owner&quot;,&quot;focal_length&quot;:&quot;70&quot;,&quot;iso&quot;:&quot;200&quot;,&quot;shutter_speed&quot;:&quot;0.01&quot;,&quot;title&quot;:&quot;&quot;,&quot;orientation&quot;:&quot;1&quot;}\" data-image-title=\"EJ4B1335\" data-image-description=\"\" data-image-caption=\"\" data-large-file=\"https:\/\/i0.wp.com\/casadecampoliving.com\/wp-content\/uploads\/2021\/02\/EJ4B1335.jpg?fit=1000%2C667&amp;ssl=1\" class=\"aligncenter size-full wp-image-208614\" src=\"https:\/\/i0.wp.com\/casadecampoliving.com\/wp-content\/uploads\/2022\/10\/EJ4B1335-1.jpg?resize=1000%2C667&#038;ssl=1\" alt=\"\" width=\"1000\" height=\"667\"><\/p>\n<p>\u201cEstas nuevas aulas nos permitir\u00e1n ampliar en el futuro cercano nuestra capacidad de estudiantes en el Hogar del Ni\u00f1o, desde que tengamos nuevamente presencia escolar, para seguir ofreciendo un espacio educativo que promueva la calidad de ense\u00f1anza y los valores familiares que nos han caracterizado desde nuestra fundaci\u00f3n hace m\u00e1s de 40 a\u00f1os\u201d resalt\u00f3 en sus palabras Xiomara Men\u00e9ndez.<\/p>\n<p>\u201cAgradecemos a la Embajada del Jap\u00f3n su solidaridad y compromiso de respaldo a los proyectos del Hogar del Ni\u00f1o, que han permitido el crecimiento y la estabilidad de nuestros estudiantes y sus familiares\u201d puntualiz\u00f3 Men\u00e9ndez.<\/p>\n<p><img data-recalc-dims=\"1\" loading=\"lazy\" decoding=\"async\" data-attachment-id=\"208618\" data-permalink=\"https:\/\/casadecampoliving.com\/es\/ej4b1486\/\" data-orig-file=\"https:\/\/i0.wp.com\/casadecampoliving.com\/wp-content\/uploads\/2021\/02\/EJ4B1486.jpg?fit=1000%2C667&amp;ssl=1\" data-orig-size=\"1000,667\" data-comments-opened=\"0\" data-image-meta=\"{&quot;aperture&quot;:&quot;7.1&quot;,&quot;credit&quot;:&quot;Mairobi Herrera\\nCristian Pittaro&quot;,&quot;camera&quot;:&quot;Canon EOS 5D Mark III&quot;,&quot;caption&quot;:&quot;&quot;,&quot;created_timestamp&quot;:&quot;1612265311&quot;,&quot;copyright&quot;:&quot;Can&#039;t use or distribuit without express autorization from owner&quot;,&quot;focal_length&quot;:&quot;24&quot;,&quot;iso&quot;:&quot;200&quot;,&quot;shutter_speed&quot;:&quot;0.0125&quot;,&quot;title&quot;:&quot;&quot;,&quot;orientation&quot;:&quot;1&quot;}\" data-image-title=\"EJ4B1486\" data-image-description=\"\" data-image-caption=\"\" data-large-file=\"https:\/\/i0.wp.com\/casadecampoliving.com\/wp-content\/uploads\/2021\/02\/EJ4B1486.jpg?fit=1000%2C667&amp;ssl=1\" class=\"aligncenter size-full wp-image-208618\" src=\"https:\/\/i0.wp.com\/casadecampoliving.com\/wp-content\/uploads\/2022\/10\/EJ4B1486-1.jpg?resize=1000%2C667&#038;ssl=1\" alt=\"\" width=\"1000\" height=\"667\"><\/p>\n<p>De su lado, el se\u00f1or Shigetomo enfatiz\u00f3 la voluntad del Gobierno japon\u00e9s en contribuir al mejoramiento y desarrollo de la sociedad dominicana, estrechando a\u00fan m\u00e1s los lazos de amistad y cooperaci\u00f3n existentes entre Jap\u00f3n y la Rep\u00fablica Dominicana.<\/p>\n<p>El Hogar del Ni\u00f1o, desde su inicios en 1982 como guarder\u00eda y escuela de nivel primario, en la actualidad cuenta con 1,700 ni\u00f1as, ni\u00f1os y j\u00f3venes (0-18 a\u00f1os de edad) que diariamente reciben nutrici\u00f3n, educaci\u00f3n, atenci\u00f3n m\u00e9dica y dental, logrando en el 2020 doce promociones de bachillerato. Nuestra plataforma de educaci\u00f3n inclusiva permite la integraci\u00f3n de los ni\u00f1os sordos y con habilidades diferentes. El modelo educativo se enfoca en el balance multidisciplinario, que permite la igual atenci\u00f3n y relevancia de las Ciencias y las Artes Liberales.<\/p>\n<p>[nggallery id=3377]<\/p>\n","protected":false},"excerpt":{"rendered":"<p>El Patronato Ben\u00e9fico Oriental y la Embajada del Jap\u00f3n en el pa\u00eds dejaron inauguradas cuatro nuevas aulas en la Escuela Hogar del Ni\u00f1o, como parte del proyecto de ampliaci\u00f3n de dicho centro educativo que acoge a m\u00e1s de 1,700 ni\u00f1os y j\u00f3venes, desde sala de infancia hasta la graduaci\u00f3n del bachillerato. Durante la ceremonia inaugural [&hellip;]<\/p>\n","protected":false},"author":36791,"featured_media":333041,"comment_status":"closed","ping_status":"closed","sticky":false,"template":"","format":"standard","meta":{"newspack_ads_suppress_ads":false,"newspack_popups_has_disabled_popups":false,"newspack_sponsor_sponsorship_scope":"","newspack_sponsor_native_byline_display":"inherit","newspack_sponsor_native_category_display":"inherit","newspack_sponsor_underwriter_style":"inherit","newspack_sponsor_underwriter_placement":"inherit","_newspack_byline_active":false,"_newspack_byline":"","newspack_hide_updated_date":false,"newspack_show_updated_date":false,"newspack_content_restriction_is_exempt":false,"newspack_featured_image_position":"","newspack_post_subtitle":"","newspack_article_summary_title":"Overview:","newspack_article_summary":"","_jetpack_memberships_contains_paid_content":false,"footnotes":"","jetpack_publicize_message":"","jetpack_publicize_feature_enabled":true,"jetpack_social_post_already_shared":false,"jetpack_social_options":{"image_generator_settings":{"template":"highway","default_image_id":0,"font":"","enabled":false},"version":2},"_wpas_customize_per_network":false},"categories":[25511,26936,26954,2522,2514,2516,2507,2506,14625,2521],"tags":[25496,25495,24346,3074],"newspack_spnsrs_tax":[],"class_list":["post-353980","post","type-post","status-publish","format-standard","has-post-thumbnail","hentry","category-articulos-recientes-el-semanal","category-casa-de-campo-living-es","category-comunidad-casa-de-campo-living-es","category-eventos-es","category-fundaciones-es","category-hogar-del-nino-es","category-la-romana-es","category-mas-alla-de-casa-es","category-noticias-locales","category-republica-dominicana-2","tag-el-semanal-es","tag-en-espanol","tag-featured-es","tag-xiomara-menendez","entry"],"yoast_head":"<!-- This site is optimized with the Yoast SEO plugin v27.5 - https:\/\/yoast.com\/product\/yoast-seo-wordpress\/ -->\n<title>La embajada de Jap\u00f3n inaugura nuevas aulas en la escuela Hogar del Ni\u00f1o en La Romana | Casa de Campo Living<\/title>\n<meta name=\"description\" content=\"El Patronato Ben\u00e9fico Oriental y la Embajada del Jap\u00f3n en el pa\u00eds dejaron inauguradas cuatro nuevas aulas en la Escuela Hogar del Ni\u00f1o, como parte del\" \/>\n<meta name=\"robots\" content=\"index, follow, max-snippet:-1, max-image-preview:large, max-video-preview:-1\" \/>\n<link rel=\"canonical\" href=\"https:\/\/casadecampoliving.com\/es\/la-embajada-de-japon-inaugura-nuevas-aulas-en-la-escuela-hogar-del-nino-en-la-romana\/\" \/>\n<meta property=\"og:locale\" content=\"es_ES\" \/>\n<meta property=\"og:type\" content=\"article\" \/>\n<meta property=\"og:title\" content=\"La embajada de Jap\u00f3n inaugura nuevas aulas en la escuela Hogar del Ni\u00f1o en La Romana | Casa de Campo Living\" \/>\n<meta property=\"og:description\" content=\"El Patronato Ben\u00e9fico Oriental y la Embajada del Jap\u00f3n en el pa\u00eds dejaron inauguradas cuatro nuevas aulas en la Escuela Hogar del Ni\u00f1o, como parte del\" \/>\n<meta property=\"og:url\" content=\"https:\/\/casadecampoliving.com\/es\/la-embajada-de-japon-inaugura-nuevas-aulas-en-la-escuela-hogar-del-nino-en-la-romana\/\" \/>\n<meta property=\"og:site_name\" content=\"Casa de Campo Living\" \/>\n<meta property=\"article:publisher\" content=\"https:\/\/www.facebook.com\/casadecampoliving\" \/>\n<meta property=\"article:published_time\" content=\"2021-02-18T04:00:00+00:00\" \/>\n<meta property=\"article:modified_time\" content=\"2022-11-10T14:04:36+00:00\" \/>\n<meta property=\"og:image\" content=\"https:\/\/i0.wp.com\/casadecampoliving.com\/wp-content\/uploads\/2022\/10\/EJ4B1377-1.jpg?fit=1000%2C667&ssl=1\" \/>\n\t<meta property=\"og:image:width\" content=\"1000\" \/>\n\t<meta property=\"og:image:height\" content=\"667\" \/>\n\t<meta property=\"og:image:type\" content=\"image\/jpeg\" \/>\n<meta name=\"author\" content=\"Casa de Campo Living\" \/>\n<meta name=\"twitter:card\" content=\"summary_large_image\" \/>\n<meta name=\"twitter:creator\" content=\"@cdcliving\" \/>\n<meta name=\"twitter:site\" content=\"@cdcliving\" \/>\n<meta name=\"twitter:label1\" content=\"Escrito por\" \/>\n\t<meta name=\"twitter:data1\" content=\"Casa de Campo Living\" \/>\n\t<meta name=\"twitter:label2\" content=\"Tiempo de lectura\" \/>\n\t<meta name=\"twitter:data2\" content=\"2 minutos\" \/>\n<script type=\"application\/ld+json\" class=\"yoast-schema-graph\">{\"@context\":\"https:\\\/\\\/schema.org\",\"@graph\":[{\"@type\":\"Article\",\"@id\":\"https:\\\/\\\/casadecampoliving.com\\\/es\\\/la-embajada-de-japon-inaugura-nuevas-aulas-en-la-escuela-hogar-del-nino-en-la-romana\\\/#article\",\"isPartOf\":{\"@id\":\"https:\\\/\\\/casadecampoliving.com\\\/es\\\/la-embajada-de-japon-inaugura-nuevas-aulas-en-la-escuela-hogar-del-nino-en-la-romana\\\/\"},\"author\":{\"name\":\"Casa de Campo Living\",\"@id\":\"https:\\\/\\\/casadecampoliving.com\\\/es\\\/#\\\/schema\\\/person\\\/5d2171637a9d11e0e43ce6b8555f9422\"},\"headline\":\"La embajada de Jap\u00f3n inaugura nuevas aulas en la escuela Hogar del Ni\u00f1o en La Romana\",\"datePublished\":\"2021-02-18T04:00:00+00:00\",\"dateModified\":\"2022-11-10T14:04:36+00:00\",\"mainEntityOfPage\":{\"@id\":\"https:\\\/\\\/casadecampoliving.com\\\/es\\\/la-embajada-de-japon-inaugura-nuevas-aulas-en-la-escuela-hogar-del-nino-en-la-romana\\\/\"},\"wordCount\":392,\"publisher\":{\"@id\":\"https:\\\/\\\/casadecampoliving.com\\\/es\\\/#organization\"},\"image\":{\"@id\":\"https:\\\/\\\/casadecampoliving.com\\\/es\\\/la-embajada-de-japon-inaugura-nuevas-aulas-en-la-escuela-hogar-del-nino-en-la-romana\\\/#primaryimage\"},\"thumbnailUrl\":\"https:\\\/\\\/i0.wp.com\\\/casadecampoliving.com\\\/wp-content\\\/uploads\\\/2022\\\/10\\\/EJ4B1377-1.jpg?fit=1000%2C667&ssl=1\",\"keywords\":[\"el semanal\",\"en espa\u00f1ol\",\"Featured\",\"xiomara menendez\"],\"articleSection\":[\"Articulos recientes El Semanal\",\"Casa de Campo Living @es\",\"Comunidad\",\"Eventos\",\"Fundaciones\",\"Hogar del Ni\u00f1o @es\",\"La Romana @es\",\"M\u00e1s all\u00e1 de Casa\",\"Noticias Locales\",\"Rep\u00fablica Dominicana @es\"],\"inLanguage\":\"es\"},{\"@type\":\"WebPage\",\"@id\":\"https:\\\/\\\/casadecampoliving.com\\\/es\\\/la-embajada-de-japon-inaugura-nuevas-aulas-en-la-escuela-hogar-del-nino-en-la-romana\\\/\",\"url\":\"https:\\\/\\\/casadecampoliving.com\\\/es\\\/la-embajada-de-japon-inaugura-nuevas-aulas-en-la-escuela-hogar-del-nino-en-la-romana\\\/\",\"name\":\"La embajada de Jap\u00f3n inaugura nuevas aulas en la escuela Hogar del Ni\u00f1o en La Romana | Casa de Campo Living\",\"isPartOf\":{\"@id\":\"https:\\\/\\\/casadecampoliving.com\\\/es\\\/#website\"},\"primaryImageOfPage\":{\"@id\":\"https:\\\/\\\/casadecampoliving.com\\\/es\\\/la-embajada-de-japon-inaugura-nuevas-aulas-en-la-escuela-hogar-del-nino-en-la-romana\\\/#primaryimage\"},\"image\":{\"@id\":\"https:\\\/\\\/casadecampoliving.com\\\/es\\\/la-embajada-de-japon-inaugura-nuevas-aulas-en-la-escuela-hogar-del-nino-en-la-romana\\\/#primaryimage\"},\"thumbnailUrl\":\"https:\\\/\\\/i0.wp.com\\\/casadecampoliving.com\\\/wp-content\\\/uploads\\\/2022\\\/10\\\/EJ4B1377-1.jpg?fit=1000%2C667&ssl=1\",\"datePublished\":\"2021-02-18T04:00:00+00:00\",\"dateModified\":\"2022-11-10T14:04:36+00:00\",\"description\":\"El Patronato Ben\u00e9fico Oriental y la Embajada del Jap\u00f3n en el pa\u00eds dejaron inauguradas cuatro nuevas aulas en la Escuela Hogar del Ni\u00f1o, como parte del\",\"breadcrumb\":{\"@id\":\"https:\\\/\\\/casadecampoliving.com\\\/es\\\/la-embajada-de-japon-inaugura-nuevas-aulas-en-la-escuela-hogar-del-nino-en-la-romana\\\/#breadcrumb\"},\"inLanguage\":\"es\",\"potentialAction\":[{\"@type\":\"ReadAction\",\"target\":[\"https:\\\/\\\/casadecampoliving.com\\\/es\\\/la-embajada-de-japon-inaugura-nuevas-aulas-en-la-escuela-hogar-del-nino-en-la-romana\\\/\"]}]},{\"@type\":\"ImageObject\",\"inLanguage\":\"es\",\"@id\":\"https:\\\/\\\/casadecampoliving.com\\\/es\\\/la-embajada-de-japon-inaugura-nuevas-aulas-en-la-escuela-hogar-del-nino-en-la-romana\\\/#primaryimage\",\"url\":\"https:\\\/\\\/i0.wp.com\\\/casadecampoliving.com\\\/wp-content\\\/uploads\\\/2022\\\/10\\\/EJ4B1377-1.jpg?fit=1000%2C667&ssl=1\",\"contentUrl\":\"https:\\\/\\\/i0.wp.com\\\/casadecampoliving.com\\\/wp-content\\\/uploads\\\/2022\\\/10\\\/EJ4B1377-1.jpg?fit=1000%2C667&ssl=1\",\"width\":1000,\"height\":667},{\"@type\":\"BreadcrumbList\",\"@id\":\"https:\\\/\\\/casadecampoliving.com\\\/es\\\/la-embajada-de-japon-inaugura-nuevas-aulas-en-la-escuela-hogar-del-nino-en-la-romana\\\/#breadcrumb\",\"itemListElement\":[{\"@type\":\"ListItem\",\"position\":1,\"name\":\"Home\",\"item\":\"https:\\\/\\\/casadecampoliving.com\\\/es\\\/\"},{\"@type\":\"ListItem\",\"position\":2,\"name\":\"La embajada de Jap\u00f3n inaugura nuevas aulas en la escuela Hogar del Ni\u00f1o en La Romana\"}]},{\"@type\":\"WebSite\",\"@id\":\"https:\\\/\\\/casadecampoliving.com\\\/es\\\/#website\",\"url\":\"https:\\\/\\\/casadecampoliving.com\\\/es\\\/\",\"name\":\"Casa de Campo Living\",\"description\":\"Resort community news and resources.\",\"publisher\":{\"@id\":\"https:\\\/\\\/casadecampoliving.com\\\/es\\\/#organization\"},\"potentialAction\":[{\"@type\":\"SearchAction\",\"target\":{\"@type\":\"EntryPoint\",\"urlTemplate\":\"https:\\\/\\\/casadecampoliving.com\\\/es\\\/?s={search_term_string}\"},\"query-input\":{\"@type\":\"PropertyValueSpecification\",\"valueRequired\":true,\"valueName\":\"search_term_string\"}}],\"inLanguage\":\"es\"},{\"@type\":\"Organization\",\"@id\":\"https:\\\/\\\/casadecampoliving.com\\\/es\\\/#organization\",\"name\":\"Casa de Campo Living\",\"url\":\"https:\\\/\\\/casadecampoliving.com\\\/es\\\/\",\"logo\":{\"@type\":\"ImageObject\",\"inLanguage\":\"es\",\"@id\":\"https:\\\/\\\/casadecampoliving.com\\\/es\\\/#\\\/schema\\\/logo\\\/image\\\/\",\"url\":\"https:\\\/\\\/i0.wp.com\\\/casadecampoliving.com\\\/wp-content\\\/uploads\\\/2022\\\/07\\\/CDCLivingLogo_V1-white-sized.png?fit=800%2C214&ssl=1\",\"contentUrl\":\"https:\\\/\\\/i0.wp.com\\\/casadecampoliving.com\\\/wp-content\\\/uploads\\\/2022\\\/07\\\/CDCLivingLogo_V1-white-sized.png?fit=800%2C214&ssl=1\",\"width\":800,\"height\":214,\"caption\":\"Casa de Campo Living\"},\"image\":{\"@id\":\"https:\\\/\\\/casadecampoliving.com\\\/es\\\/#\\\/schema\\\/logo\\\/image\\\/\"},\"sameAs\":[\"https:\\\/\\\/www.facebook.com\\\/casadecampoliving\",\"https:\\\/\\\/x.com\\\/cdcliving\"]},{\"@type\":\"Person\",\"@id\":\"https:\\\/\\\/casadecampoliving.com\\\/es\\\/#\\\/schema\\\/person\\\/5d2171637a9d11e0e43ce6b8555f9422\",\"name\":\"Casa de Campo Living\",\"image\":{\"@type\":\"ImageObject\",\"inLanguage\":\"es\",\"@id\":\"https:\\\/\\\/secure.gravatar.com\\\/avatar\\\/d04101fa4a9fd431e939953b1500fdc7a73cd35029f86d98712fd8ccdaebaf9a?s=96&d=mm&r=g\",\"url\":\"https:\\\/\\\/secure.gravatar.com\\\/avatar\\\/d04101fa4a9fd431e939953b1500fdc7a73cd35029f86d98712fd8ccdaebaf9a?s=96&d=mm&r=g\",\"contentUrl\":\"https:\\\/\\\/secure.gravatar.com\\\/avatar\\\/d04101fa4a9fd431e939953b1500fdc7a73cd35029f86d98712fd8ccdaebaf9a?s=96&d=mm&r=g\",\"caption\":\"Casa de Campo Living\"},\"url\":\"https:\\\/\\\/casadecampoliving.com\\\/es\\\/author\\\/casa-de-campo-living\\\/\"}]}<\/script>\n<!-- \/ Yoast SEO plugin. -->","yoast_head_json":{"title":"La embajada de Jap\u00f3n inaugura nuevas aulas en la escuela Hogar del Ni\u00f1o en La Romana | Casa de Campo Living","description":"El Patronato Ben\u00e9fico Oriental y la Embajada del Jap\u00f3n en el pa\u00eds dejaron inauguradas cuatro nuevas aulas en la Escuela Hogar del Ni\u00f1o, como parte del","robots":{"index":"index","follow":"follow","max-snippet":"max-snippet:-1","max-image-preview":"max-image-preview:large","max-video-preview":"max-video-preview:-1"},"canonical":"https:\/\/casadecampoliving.com\/es\/la-embajada-de-japon-inaugura-nuevas-aulas-en-la-escuela-hogar-del-nino-en-la-romana\/","og_locale":"es_ES","og_type":"article","og_title":"La embajada de Jap\u00f3n inaugura nuevas aulas en la escuela Hogar del Ni\u00f1o en La Romana | Casa de Campo Living","og_description":"El Patronato Ben\u00e9fico Oriental y la Embajada del Jap\u00f3n en el pa\u00eds dejaron inauguradas cuatro nuevas aulas en la Escuela Hogar del Ni\u00f1o, como parte del","og_url":"https:\/\/casadecampoliving.com\/es\/la-embajada-de-japon-inaugura-nuevas-aulas-en-la-escuela-hogar-del-nino-en-la-romana\/","og_site_name":"Casa de Campo Living","article_publisher":"https:\/\/www.facebook.com\/casadecampoliving","article_published_time":"2021-02-18T04:00:00+00:00","article_modified_time":"2022-11-10T14:04:36+00:00","og_image":[{"width":1000,"height":667,"url":"https:\/\/i0.wp.com\/casadecampoliving.com\/wp-content\/uploads\/2022\/10\/EJ4B1377-1.jpg?fit=1000%2C667&ssl=1","type":"image\/jpeg"}],"author":"Casa de Campo Living","twitter_card":"summary_large_image","twitter_creator":"@cdcliving","twitter_site":"@cdcliving","twitter_misc":{"Escrito por":"Casa de Campo Living","Tiempo de lectura":"2 minutos"},"schema":{"@context":"https:\/\/schema.org","@graph":[{"@type":"Article","@id":"https:\/\/casadecampoliving.com\/es\/la-embajada-de-japon-inaugura-nuevas-aulas-en-la-escuela-hogar-del-nino-en-la-romana\/#article","isPartOf":{"@id":"https:\/\/casadecampoliving.com\/es\/la-embajada-de-japon-inaugura-nuevas-aulas-en-la-escuela-hogar-del-nino-en-la-romana\/"},"author":{"name":"Casa de Campo Living","@id":"https:\/\/casadecampoliving.com\/es\/#\/schema\/person\/5d2171637a9d11e0e43ce6b8555f9422"},"headline":"La embajada de Jap\u00f3n inaugura nuevas aulas en la escuela Hogar del Ni\u00f1o en La Romana","datePublished":"2021-02-18T04:00:00+00:00","dateModified":"2022-11-10T14:04:36+00:00","mainEntityOfPage":{"@id":"https:\/\/casadecampoliving.com\/es\/la-embajada-de-japon-inaugura-nuevas-aulas-en-la-escuela-hogar-del-nino-en-la-romana\/"},"wordCount":392,"publisher":{"@id":"https:\/\/casadecampoliving.com\/es\/#organization"},"image":{"@id":"https:\/\/casadecampoliving.com\/es\/la-embajada-de-japon-inaugura-nuevas-aulas-en-la-escuela-hogar-del-nino-en-la-romana\/#primaryimage"},"thumbnailUrl":"https:\/\/i0.wp.com\/casadecampoliving.com\/wp-content\/uploads\/2022\/10\/EJ4B1377-1.jpg?fit=1000%2C667&ssl=1","keywords":["el semanal","en espa\u00f1ol","Featured","xiomara menendez"],"articleSection":["Articulos recientes El Semanal","Casa de Campo Living @es","Comunidad","Eventos","Fundaciones","Hogar del Ni\u00f1o @es","La Romana @es","M\u00e1s all\u00e1 de Casa","Noticias Locales","Rep\u00fablica Dominicana @es"],"inLanguage":"es"},{"@type":"WebPage","@id":"https:\/\/casadecampoliving.com\/es\/la-embajada-de-japon-inaugura-nuevas-aulas-en-la-escuela-hogar-del-nino-en-la-romana\/","url":"https:\/\/casadecampoliving.com\/es\/la-embajada-de-japon-inaugura-nuevas-aulas-en-la-escuela-hogar-del-nino-en-la-romana\/","name":"La embajada de Jap\u00f3n inaugura nuevas aulas en la escuela Hogar del Ni\u00f1o en La Romana | Casa de Campo Living","isPartOf":{"@id":"https:\/\/casadecampoliving.com\/es\/#website"},"primaryImageOfPage":{"@id":"https:\/\/casadecampoliving.com\/es\/la-embajada-de-japon-inaugura-nuevas-aulas-en-la-escuela-hogar-del-nino-en-la-romana\/#primaryimage"},"image":{"@id":"https:\/\/casadecampoliving.com\/es\/la-embajada-de-japon-inaugura-nuevas-aulas-en-la-escuela-hogar-del-nino-en-la-romana\/#primaryimage"},"thumbnailUrl":"https:\/\/i0.wp.com\/casadecampoliving.com\/wp-content\/uploads\/2022\/10\/EJ4B1377-1.jpg?fit=1000%2C667&ssl=1","datePublished":"2021-02-18T04:00:00+00:00","dateModified":"2022-11-10T14:04:36+00:00","description":"El Patronato Ben\u00e9fico Oriental y la Embajada del Jap\u00f3n en el pa\u00eds dejaron inauguradas cuatro nuevas aulas en la Escuela Hogar del Ni\u00f1o, como parte del","breadcrumb":{"@id":"https:\/\/casadecampoliving.com\/es\/la-embajada-de-japon-inaugura-nuevas-aulas-en-la-escuela-hogar-del-nino-en-la-romana\/#breadcrumb"},"inLanguage":"es","potentialAction":[{"@type":"ReadAction","target":["https:\/\/casadecampoliving.com\/es\/la-embajada-de-japon-inaugura-nuevas-aulas-en-la-escuela-hogar-del-nino-en-la-romana\/"]}]},{"@type":"ImageObject","inLanguage":"es","@id":"https:\/\/casadecampoliving.com\/es\/la-embajada-de-japon-inaugura-nuevas-aulas-en-la-escuela-hogar-del-nino-en-la-romana\/#primaryimage","url":"https:\/\/i0.wp.com\/casadecampoliving.com\/wp-content\/uploads\/2022\/10\/EJ4B1377-1.jpg?fit=1000%2C667&ssl=1","contentUrl":"https:\/\/i0.wp.com\/casadecampoliving.com\/wp-content\/uploads\/2022\/10\/EJ4B1377-1.jpg?fit=1000%2C667&ssl=1","width":1000,"height":667},{"@type":"BreadcrumbList","@id":"https:\/\/casadecampoliving.com\/es\/la-embajada-de-japon-inaugura-nuevas-aulas-en-la-escuela-hogar-del-nino-en-la-romana\/#breadcrumb","itemListElement":[{"@type":"ListItem","position":1,"name":"Home","item":"https:\/\/casadecampoliving.com\/es\/"},{"@type":"ListItem","position":2,"name":"La embajada de Jap\u00f3n inaugura nuevas aulas en la escuela Hogar del Ni\u00f1o en La Romana"}]},{"@type":"WebSite","@id":"https:\/\/casadecampoliving.com\/es\/#website","url":"https:\/\/casadecampoliving.com\/es\/","name":"Casa de Campo Living","description":"Resort community news and resources.","publisher":{"@id":"https:\/\/casadecampoliving.com\/es\/#organization"},"potentialAction":[{"@type":"SearchAction","target":{"@type":"EntryPoint","urlTemplate":"https:\/\/casadecampoliving.com\/es\/?s={search_term_string}"},"query-input":{"@type":"PropertyValueSpecification","valueRequired":true,"valueName":"search_term_string"}}],"inLanguage":"es"},{"@type":"Organization","@id":"https:\/\/casadecampoliving.com\/es\/#organization","name":"Casa de Campo Living","url":"https:\/\/casadecampoliving.com\/es\/","logo":{"@type":"ImageObject","inLanguage":"es","@id":"https:\/\/casadecampoliving.com\/es\/#\/schema\/logo\/image\/","url":"https:\/\/i0.wp.com\/casadecampoliving.com\/wp-content\/uploads\/2022\/07\/CDCLivingLogo_V1-white-sized.png?fit=800%2C214&ssl=1","contentUrl":"https:\/\/i0.wp.com\/casadecampoliving.com\/wp-content\/uploads\/2022\/07\/CDCLivingLogo_V1-white-sized.png?fit=800%2C214&ssl=1","width":800,"height":214,"caption":"Casa de Campo Living"},"image":{"@id":"https:\/\/casadecampoliving.com\/es\/#\/schema\/logo\/image\/"},"sameAs":["https:\/\/www.facebook.com\/casadecampoliving","https:\/\/x.com\/cdcliving"]},{"@type":"Person","@id":"https:\/\/casadecampoliving.com\/es\/#\/schema\/person\/5d2171637a9d11e0e43ce6b8555f9422","name":"Casa de Campo Living","image":{"@type":"ImageObject","inLanguage":"es","@id":"https:\/\/secure.gravatar.com\/avatar\/d04101fa4a9fd431e939953b1500fdc7a73cd35029f86d98712fd8ccdaebaf9a?s=96&d=mm&r=g","url":"https:\/\/secure.gravatar.com\/avatar\/d04101fa4a9fd431e939953b1500fdc7a73cd35029f86d98712fd8ccdaebaf9a?s=96&d=mm&r=g","contentUrl":"https:\/\/secure.gravatar.com\/avatar\/d04101fa4a9fd431e939953b1500fdc7a73cd35029f86d98712fd8ccdaebaf9a?s=96&d=mm&r=g","caption":"Casa de Campo Living"},"url":"https:\/\/casadecampoliving.com\/es\/author\/casa-de-campo-living\/"}]}},"parsely":{"version":"1.1.0","canonical_url":"https:\/\/casadecampoliving.com\/es\/la-embajada-de-japon-inaugura-nuevas-aulas-en-la-escuela-hogar-del-nino-en-la-romana\/","smart_links":{"inbound":0,"outbound":0},"traffic_boost_suggestions_count":0,"meta":{"@context":"https:\/\/schema.org","@type":"NewsArticle","headline":"La embajada de Jap\u00f3n inaugura nuevas aulas en la escuela Hogar del Ni\u00f1o en La Romana","url":"http:\/\/casadecampoliving.com\/es\/la-embajada-de-japon-inaugura-nuevas-aulas-en-la-escuela-hogar-del-nino-en-la-romana\/","mainEntityOfPage":{"@type":"WebPage","@id":"http:\/\/casadecampoliving.com\/es\/la-embajada-de-japon-inaugura-nuevas-aulas-en-la-escuela-hogar-del-nino-en-la-romana\/"},"thumbnailUrl":"https:\/\/i0.wp.com\/casadecampoliving.com\/wp-content\/uploads\/2022\/10\/EJ4B1377-1.jpg?resize=150%2C150&ssl=1","image":{"@type":"ImageObject","url":"https:\/\/i0.wp.com\/casadecampoliving.com\/wp-content\/uploads\/2022\/10\/EJ4B1377-1.jpg?fit=1000%2C667&ssl=1"},"articleSection":"Articulos recientes El Semanal","author":[{"@type":"Person","name":"Casa de Campo Living"}],"creator":["Casa de Campo Living"],"publisher":{"@type":"Organization","name":"Casa de Campo Living","logo":"https:\/\/casadecampoliving.com\/wp-content\/uploads\/2022\/07\/CDCLivingLogo_V1-white-sized.png"},"keywords":["el semanal","en espa\u00f1ol","featured","xiomara menendez"],"dateCreated":"2021-02-18T04:00:00Z","datePublished":"2021-02-18T04:00:00Z","dateModified":"2022-11-10T14:04:36Z"},"rendered":"<script type=\"application\/ld+json\" class=\"wp-parsely-metadata\">{\"@context\":\"https:\\\/\\\/schema.org\",\"@type\":\"NewsArticle\",\"headline\":\"La embajada de Jap\\u00f3n inaugura nuevas aulas en la escuela Hogar del Ni\\u00f1o en La Romana\",\"url\":\"http:\\\/\\\/casadecampoliving.com\\\/es\\\/la-embajada-de-japon-inaugura-nuevas-aulas-en-la-escuela-hogar-del-nino-en-la-romana\\\/\",\"mainEntityOfPage\":{\"@type\":\"WebPage\",\"@id\":\"http:\\\/\\\/casadecampoliving.com\\\/es\\\/la-embajada-de-japon-inaugura-nuevas-aulas-en-la-escuela-hogar-del-nino-en-la-romana\\\/\"},\"thumbnailUrl\":\"https:\\\/\\\/i0.wp.com\\\/casadecampoliving.com\\\/wp-content\\\/uploads\\\/2022\\\/10\\\/EJ4B1377-1.jpg?resize=150%2C150&ssl=1\",\"image\":{\"@type\":\"ImageObject\",\"url\":\"https:\\\/\\\/i0.wp.com\\\/casadecampoliving.com\\\/wp-content\\\/uploads\\\/2022\\\/10\\\/EJ4B1377-1.jpg?fit=1000%2C667&ssl=1\"},\"articleSection\":\"Articulos recientes El Semanal\",\"author\":[{\"@type\":\"Person\",\"name\":\"Casa de Campo Living\"}],\"creator\":[\"Casa de Campo Living\"],\"publisher\":{\"@type\":\"Organization\",\"name\":\"Casa de Campo Living\",\"logo\":\"https:\\\/\\\/casadecampoliving.com\\\/wp-content\\\/uploads\\\/2022\\\/07\\\/CDCLivingLogo_V1-white-sized.png\"},\"keywords\":[\"el semanal\",\"en espa\\u00f1ol\",\"featured\",\"xiomara menendez\"],\"dateCreated\":\"2021-02-18T04:00:00Z\",\"datePublished\":\"2021-02-18T04:00:00Z\",\"dateModified\":\"2022-11-10T14:04:36Z\"}<\/script>","tracker_url":"https:\/\/cdn.parsely.com\/keys\/casadecampoliving.com\/p.js"},"jetpack_publicize_connections":[],"jetpack_featured_media_url":"https:\/\/i0.wp.com\/casadecampoliving.com\/wp-content\/uploads\/2022\/10\/EJ4B1377-1.jpg?fit=1000%2C667&ssl=1","jetpack-related-posts":[{"id":346255,"url":"https:\/\/casadecampoliving.com\/es\/hogar-del-nino-escuela-taller-vocacional\/","url_meta":{"origin":353980,"position":0},"title":"El Hogar del Ni\u00f1o inaugura ampliaci\u00f3n escuela taller vocacional","author":"Rebecca Silvestri","date":"11 Dic, 2014","format":false,"excerpt":"El Patronato Ben\u00e9fico Oriental dej\u00f3 inaugurado la ampliaci\u00f3n de aulas y otros espacios educativos de su Taller Vocacional para jovenes y adultos de bajos recursos, con fondos econ\u00f3micos otorgados por la Embajada\u00a0de Jap\u00f3n. El proyecto, desarrollado por un monto de US$114,860.00 donado por la Embajada del Jap\u00f3n, est\u00e1 enfocado en\u2026","rel":"","context":"En \u00abEstilo de Vida\u00bb","block_context":{"text":"Estilo de Vida","link":"https:\/\/casadecampoliving.com\/es\/category\/estilo-de-vida\/"},"img":{"alt_text":"","src":"https:\/\/i0.wp.com\/casadecampoliving.com\/wp-content\/uploads\/2022\/10\/El-Embajador-de-Japon-Xiomara-Menendez-1.jpg?fit=650%2C404&ssl=1&resize=350%2C200","width":350,"height":200,"srcset":"https:\/\/i0.wp.com\/casadecampoliving.com\/wp-content\/uploads\/2022\/10\/El-Embajador-de-Japon-Xiomara-Menendez-1.jpg?fit=650%2C404&ssl=1&resize=350%2C200 1x, https:\/\/i0.wp.com\/casadecampoliving.com\/wp-content\/uploads\/2022\/10\/El-Embajador-de-Japon-Xiomara-Menendez-1.jpg?fit=650%2C404&ssl=1&resize=525%2C300 1.5x"},"classes":[]},{"id":344465,"url":"https:\/\/casadecampoliving.com\/es\/estancia-infantil-para-1000-ninos-de-pbo-sera-la-mas-grande-del-pais\/","url_meta":{"origin":353980,"position":1},"title":"Xioma y Xiomara dan el primer picazo de la nueva estancia infantil del PBO","author":"Eliana Alba","date":"23 May, 2014","format":false,"excerpt":"\u00a1Otra historia m\u00e1s de un incre\u00edble equipo de madre e hija! Xioma Matos y Xiomara Menendez, quienes juntas se encargan de las fundaciones Patronato Ben\u00e9fico Oriental y el Hogar del Ni\u00f1o, han recientemente emprendido un nuevo proyecto \u2013 \u00a1una estancia infantil para 1000 ni\u00f1os! El pasado martes, en una ceremonia\u2026","rel":"","context":"En \u00abFundaciones\u00bb","block_context":{"text":"Fundaciones","link":"https:\/\/casadecampoliving.com\/es\/category\/fundaciones-es\/"},"img":{"alt_text":"","src":"https:\/\/i0.wp.com\/casadecampoliving.com\/wp-content\/uploads\/2022\/10\/estancia_infantil_PBO-e1400871552715-1.jpg?fit=640%2C480&ssl=1&resize=350%2C200","width":350,"height":200,"srcset":"https:\/\/i0.wp.com\/casadecampoliving.com\/wp-content\/uploads\/2022\/10\/estancia_infantil_PBO-e1400871552715-1.jpg?fit=640%2C480&ssl=1&resize=350%2C200 1x, https:\/\/i0.wp.com\/casadecampoliving.com\/wp-content\/uploads\/2022\/10\/estancia_infantil_PBO-e1400871552715-1.jpg?fit=640%2C480&ssl=1&resize=525%2C300 1.5x"},"classes":[]},{"id":530769,"url":"https:\/\/casadecampoliving.com\/es\/embajadores-de-la-onu-visitan-escuela-hogar-del-nino\/","url_meta":{"origin":353980,"position":2},"title":"Embajadores de la ONU visitan Escuela Hogar del Ni\u00f1o","author":"Mairobi Herrera","date":"30 Abr, 2024","format":false,"excerpt":"Una delegaci\u00f3n especial de 11 Embajadores de la Organizaci\u00f3n de las Naciones Unidas (ONU) visitaron las instalaciones de la Escuela Hogar del Ni\u00f1o de La Romana, con motivo del viaje oficial que dicha misi\u00f3n ha realizado a la Rep\u00fablica Dominicana. El grupo de diplom\u00e1ticos de la ONU estuvo encabezado por\u2026","rel":"","context":"En \u00abDestacados\u00bb","block_context":{"text":"Destacados","link":"https:\/\/casadecampoliving.com\/es\/category\/destacados\/"},"img":{"alt_text":"","src":"https:\/\/i0.wp.com\/casadecampoliving.com\/wp-content\/uploads\/2024\/04\/FN3A2374-Mejorado-NR-scaled.jpg?fit=1200%2C800&ssl=1&resize=350%2C200","width":350,"height":200,"srcset":"https:\/\/i0.wp.com\/casadecampoliving.com\/wp-content\/uploads\/2024\/04\/FN3A2374-Mejorado-NR-scaled.jpg?fit=1200%2C800&ssl=1&resize=350%2C200 1x, https:\/\/i0.wp.com\/casadecampoliving.com\/wp-content\/uploads\/2024\/04\/FN3A2374-Mejorado-NR-scaled.jpg?fit=1200%2C800&ssl=1&resize=525%2C300 1.5x, https:\/\/i0.wp.com\/casadecampoliving.com\/wp-content\/uploads\/2024\/04\/FN3A2374-Mejorado-NR-scaled.jpg?fit=1200%2C800&ssl=1&resize=700%2C400 2x, https:\/\/i0.wp.com\/casadecampoliving.com\/wp-content\/uploads\/2024\/04\/FN3A2374-Mejorado-NR-scaled.jpg?fit=1200%2C800&ssl=1&resize=1050%2C600 3x"},"classes":[]},{"id":340851,"url":"https:\/\/casadecampoliving.com\/es\/xiomara-y-ramon-menendez-organizan-cena-adopta-una-cuna-en-un-magnifico-jardin-japones\/","url_meta":{"origin":353980,"position":3},"title":"Xiomara y Ram\u00f3n Men\u00e9ndez organizan cena \u00abAdopta una Cuna\u00bb en un magn\u00edfico jard\u00edn japon\u00e9s!","author":"","date":"22 Mar, 2013","format":false,"excerpt":"No cabe duda de que Xiomara Men\u00e9ndez es una de las grandes damas de Casa de Campo - y una fabulosa anfitriona. Sin faltar, cada una de las ocasiones celebradas en su villa en el \u00e1rea de Bah\u00eda Minitas de Casa de Campo, es sencillamente espectacular y la reciente cena\u2026","rel":"","context":"En \u00abTitulares\u00bb","block_context":{"text":"Titulares","link":"https:\/\/casadecampoliving.com\/es\/category\/titulares-es\/"},"img":{"alt_text":"ramon menendez","src":"https:\/\/i0.wp.com\/casadecampoliving.com\/wp-content\/uploads\/2022\/10\/ramon_menendez1-1.jpg?fit=650%2C488&ssl=1&resize=350%2C200","width":350,"height":200,"srcset":"https:\/\/i0.wp.com\/casadecampoliving.com\/wp-content\/uploads\/2022\/10\/ramon_menendez1-1.jpg?fit=650%2C488&ssl=1&resize=350%2C200 1x, https:\/\/i0.wp.com\/casadecampoliving.com\/wp-content\/uploads\/2022\/10\/ramon_menendez1-1.jpg?fit=650%2C488&ssl=1&resize=525%2C300 1.5x"},"classes":[]},{"id":349272,"url":"https:\/\/casadecampoliving.com\/es\/el-patronato-benefico-oriental-pbo-inauguro-su-nuevo-pabellon-deportivo-y-cultural-en-la-escuela-hogar-del-nino\/","url_meta":{"origin":353980,"position":4},"title":"El Patronato Ben\u00e9fico Oriental (PBO) inaugur\u00f3 su nuevo Pabell\u00f3n Deportivo y Cultural en la Escuela Hogar del Ni\u00f1o","author":"Marlenys Guzm\u00e1n Casta\u00f1os","date":"24 Feb, 2016","format":false,"excerpt":"El pasado viernes 19 de febrero el Patronato Ben\u00e9fico Oriental ( PBO ) inaugur\u00f3 su nuevo Pabell\u00f3n Deportivo y Cultural en la Escuela Hogar del Ni\u00f1o; una obra que permitir\u00e1 la celebraci\u00f3n de torneos de baloncesto, voleibol, f\u00fatbol sala, as\u00ed como veladas escolares y otras actividades para los m\u00e1s de\u2026","rel":"","context":"En \u00abArte y cultura\u00bb","block_context":{"text":"Arte y cultura","link":"https:\/\/casadecampoliving.com\/category\/arte-y-cultura\/"},"img":{"alt_text":"Featured Image - PBO New Sports Center","src":"https:\/\/i0.wp.com\/casadecampoliving.com\/wp-content\/uploads\/2022\/10\/Featured-Image-PBO-New-Sports-Center.jpg?fit=650%2C400&ssl=1&resize=350%2C200","width":350,"height":200,"srcset":"https:\/\/i0.wp.com\/casadecampoliving.com\/wp-content\/uploads\/2022\/10\/Featured-Image-PBO-New-Sports-Center.jpg?fit=650%2C400&ssl=1&resize=350%2C200 1x, https:\/\/i0.wp.com\/casadecampoliving.com\/wp-content\/uploads\/2022\/10\/Featured-Image-PBO-New-Sports-Center.jpg?fit=650%2C400&ssl=1&resize=525%2C300 1.5x"},"classes":[]},{"id":333035,"url":"https:\/\/casadecampoliving.com\/the-japanese-embassy-inaugurates-new-classrooms-at-the-hogar-del-nino-school-in-la-romana\/","url_meta":{"origin":353980,"position":5},"title":"The Japanese embassy inaugurates new classrooms at the Hogar del Ni\u00f1o school in La Romana","author":"Casa de Campo Living","date":"18 Feb, 2021","format":false,"excerpt":"The Patronato Ben\u00e9fico Oriental and the Embassy of Japan in the country opened four new classrooms at the Hogar del Ni\u00f1o School, as part of the expansion project of the educational center that welcomes more than 1,700 students. During the opening ceremony, a plaque was unveiled by Mrs. Xiomara Men\u00e9ndez\u2026","rel":"","context":"En \u00abBeyond Casa\u00bb","block_context":{"text":"Beyond Casa","link":"https:\/\/casadecampoliving.com\/category\/beyond-casa\/"},"img":{"alt_text":"","src":"https:\/\/i0.wp.com\/casadecampoliving.com\/wp-content\/uploads\/2022\/10\/EJ4B1377-1.jpg?fit=1000%2C667&ssl=1&resize=350%2C200","width":350,"height":200,"srcset":"https:\/\/i0.wp.com\/casadecampoliving.com\/wp-content\/uploads\/2022\/10\/EJ4B1377-1.jpg?fit=1000%2C667&ssl=1&resize=350%2C200 1x, https:\/\/i0.wp.com\/casadecampoliving.com\/wp-content\/uploads\/2022\/10\/EJ4B1377-1.jpg?fit=1000%2C667&ssl=1&resize=525%2C300 1.5x, https:\/\/i0.wp.com\/casadecampoliving.com\/wp-content\/uploads\/2022\/10\/EJ4B1377-1.jpg?fit=1000%2C667&ssl=1&resize=700%2C400 2x"},"classes":[]}],"jetpack_sharing_enabled":true,"_links":{"self":[{"href":"https:\/\/casadecampoliving.com\/es\/wp-json\/wp\/v2\/posts\/353980","targetHints":{"allow":["GET"]}}],"collection":[{"href":"https:\/\/casadecampoliving.com\/es\/wp-json\/wp\/v2\/posts"}],"about":[{"href":"https:\/\/casadecampoliving.com\/es\/wp-json\/wp\/v2\/types\/post"}],"author":[{"embeddable":true,"href":"https:\/\/casadecampoliving.com\/es\/wp-json\/wp\/v2\/users\/36791"}],"replies":[{"embeddable":true,"href":"https:\/\/casadecampoliving.com\/es\/wp-json\/wp\/v2\/comments?post=353980"}],"version-history":[{"count":1,"href":"https:\/\/casadecampoliving.com\/es\/wp-json\/wp\/v2\/posts\/353980\/revisions"}],"predecessor-version":[{"id":504779,"href":"https:\/\/casadecampoliving.com\/es\/wp-json\/wp\/v2\/posts\/353980\/revisions\/504779"}],"wp:featuredmedia":[{"embeddable":true,"href":"https:\/\/casadecampoliving.com\/es\/wp-json\/wp\/v2\/media\/333041"}],"wp:attachment":[{"href":"https:\/\/casadecampoliving.com\/es\/wp-json\/wp\/v2\/media?parent=353980"}],"wp:term":[{"taxonomy":"category","embeddable":true,"href":"https:\/\/casadecampoliving.com\/es\/wp-json\/wp\/v2\/categories?post=353980"},{"taxonomy":"post_tag","embeddable":true,"href":"https:\/\/casadecampoliving.com\/es\/wp-json\/wp\/v2\/tags?post=353980"},{"taxonomy":"newspack_spnsrs_tax","embeddable":true,"href":"https:\/\/casadecampoliving.com\/es\/wp-json\/wp\/v2\/newspack_spnsrs_tax?post=353980"}],"curies":[{"name":"wp","href":"https:\/\/api.w.org\/{rel}","templated":true}]}}