{"id":353976,"date":"2021-02-09T00:00:00","date_gmt":"2021-02-09T04:00:00","guid":{"rendered":"https:\/\/casadecampoliving.com\/extienden-por-90-dias-el-plazo-para-acogerse-a-la-ley-46-20-sobre-revalorizacion-de-activos\/"},"modified":"2022-10-21T19:21:10","modified_gmt":"2022-10-21T23:21:10","slug":"extienden-por-90-dias-el-plazo-para-acogerse-a-la-ley-46-20-sobre-revalorizacion-de-activos","status":"publish","type":"post","link":"https:\/\/casadecampoliving.com\/es\/extienden-por-90-dias-el-plazo-para-acogerse-a-la-ley-46-20-sobre-revalorizacion-de-activos\/","title":{"rendered":"Extienden por 90 d\u00edas el plazo para acogerse a la Ley 46-20 sobre revalorizaci\u00f3n de activos"},"content":{"rendered":"\n<p>El presidente dominicano Luis Abinader promulg\u00f3 el 20 de enero, la Ley 7-21, que extiende el plazo para acogerse a los beneficios de la Ley de Transparencia y Revalorizaci\u00f3n del Patrimonio (46-20), por un per\u00edodo adicional de 90 d\u00edas.<\/p>\n\n\n\n<p>La Ley de Transparencia y Revalorizaci\u00f3n del Patrimonio No. 46-20, es de gran inter\u00e9s para los inversionistas inmobiliarios. En esta se establece un r\u00e9gimen tributario especial y transitorio que permite a los contribuyentes regularizar sus obligaciones tributarias al igual que aumentar voluntariamente la base de adquisici\u00f3n de su propiedad al valor actual de mercado, para as\u00ed reducir o eliminar el pago de impuestos por ganancias de capital. Si decide acogerse a esta ley estar\u00eda realizando un pago \u00fanico y definitivo del 2% sobre el valor incrementado del inmueble, no sobre el valor total. La ley aplica y beneficia tanto a los nacionales dominicanos como a los extranjeros residentes o no residentes, as\u00ed como a las propiedades de sociedades registradas en el pa\u00eds, sean locales o extranjeras.<\/p>\n\n\n\n<p>De acuerdo con la nueva pr\u00f3rroga provista por la ley 7-21, los contribuyentes tendr\u00e1n un plazo limitado de 90 d\u00edas a partir de su fecha de promulgaci\u00f3n para aplicar ante la DGII a fin de beneficiarse de esta. La nueva fecha l\u00edmite es el 20 de abril.<\/p>\n\n\n\n<p>En t\u00e9rminos pr\u00e1cticos, esta ley le brinda a los propietarios de Casa la oportunidad de actualizar el valor de sus inmuebles, ya sea porque:<br>\nha aumentado significativamente su valor;<\/p>\n\n\n\n<ul class=\"wp-block-list\"><li>si al momento de adquirirlos no fueron registrados por el valor real;<\/li><li>si construyeron mejoras y no han sido declaradas dentro del plazo requerido;<\/li><li>si en el contrato de compra el precio fue establecido en D\u00f3lares Estadounidenses y el incremento de la tasa de cambio ha afectado a la baja el valor inicialmente registrado.<\/li><\/ul>\n\n\n\n<p>Si decide acogerse a esta ley estar\u00eda pagando el 2% por el monto por el que haya que aumentar su base de adquisici\u00f3n para revalorizar a precio de mercado actual, eliminando as\u00ed el riesgo de tener que pagar 25-27% de impuestos sobre la ganancia de capital en caso de eventual venta en el futuro.<\/p>\n\n\n\n<p>Tome en cuenta que el valor registrado de adquisici\u00f3n que sirve de base para el c\u00e1lculo de ganancia de capital no es el valor fiscal en base al cual Ud. paga sus impuestos de propiedad inmobiliaria (IPI) todos los a\u00f1os.<\/p>\n\n\n\n<p>La Ley de Amnist\u00eda es voluntaria, por lo que nadie est\u00e1 obligado a solicitarla. Les exhortamos a los propietarios en Casa que contacten a sus asesores en materia impositiva para que les eval\u00fae su situaci\u00f3n espec\u00edfica antes del vencimiento del nuevo plazo de 90 d\u00edas.<\/p>\n\n\n\n<p><em>* Art\u00edculo aportado por Alfredo A. Guzm\u00e1n Salad\u00edn<\/em><\/p>\n\n\n\n<blockquote><figure><img decoding=\"async\" loading=\"lazy\" class=\"alignright size-full wp-image-208557\" src=\"https:\/\/i0.wp.com\/casadecampoliving.com\/wp-content\/uploads\/2022\/10\/AlfredoGuzman.1-1.jpg?resize=200%2C180&amp;ssl=1\" alt=\"\" width=\"200\" height=\"180\"><\/figure><p>Alfredo A. Guzm\u00e1n Salad\u00edn, es abogado-socio de <a href=\"https:\/\/drlawyer.com\/espanol\/\" target=\"_blank\" rel=\"noopener noreferrer\">Guzm\u00e1n Ariza, Abogados y Consultores<\/a>, y abogado recomendado por The Legal 500 Latin America.<\/p><p class=\"p1\">La firma, fundada en 1927, se especializa en atender las necesidades legales de inversionistas internacionales en la Rep\u00fablica Dominicana. Con sus ocho oficinas situadas en Casa de Campo, La Romana, Santo Domingo, Punta Cana, Sos\u00faa-Puerto Plata, Las Terrenas, Saman\u00e1 y Cabrera, es la primera y \u00fanica firma de abogados y consultores de la Rep\u00fablica Dominicana de alcance nacional. El Lic. Guzm\u00e1n Salad\u00edn, socio residente de la reci\u00e9n inaugurada oficina de Casa de Campo, al igual que las oficinas de Punta Cana y La Romana, puede ser contactado por correo electr\u00f3nico a <a href=\"mailto:aguzman@drlawyer.com\" target=\"_blank\" rel=\"noopener noreferrer\">aguzman@drlawyer.com<\/a> (preferiblemente) o por tel\u00e9fono al (809) 550-6400 , (809) 552-8900 y (829) 259-3058.<\/p><\/blockquote>\n","protected":false},"excerpt":{"rendered":"<p>El presidente dominicano Luis Abinader promulg\u00f3 el 20 de enero, la Ley 7-21, que extiende el plazo para acogerse a los beneficios de la Ley de Transparencia y Revalorizaci\u00f3n del Patrimonio (46-20), por un per\u00edodo adicional de 90 d\u00edas. La Ley de Transparencia y Revalorizaci\u00f3n del Patrimonio No. 46-20, es de gran inter\u00e9s para los [&hellip;]<\/p>\n","protected":false},"author":36791,"featured_media":333016,"comment_status":"closed","ping_status":"open","sticky":false,"template":"","format":"standard","meta":{"newspack_ads_suppress_ads":false,"newspack_popups_has_disabled_popups":false,"newspack_sponsor_sponsorship_scope":"","newspack_sponsor_native_byline_display":"inherit","newspack_sponsor_native_category_display":"inherit","newspack_sponsor_underwriter_style":"inherit","newspack_sponsor_underwriter_placement":"inherit","_newspack_byline_active":false,"_newspack_byline":"","newspack_content_restriction_is_exempt":false,"newspack_featured_image_position":"","newspack_post_subtitle":"","newspack_article_summary_title":"Overview:","newspack_article_summary":"","newspack_hide_updated_date":false,"newspack_show_updated_date":false,"_jetpack_memberships_contains_paid_content":false,"footnotes":"","jetpack_publicize_message":"","jetpack_publicize_feature_enabled":true,"jetpack_social_post_already_shared":false,"jetpack_social_options":{"image_generator_settings":{"template":"highway","default_image_id":0,"font":"","enabled":false},"version":2},"_wpas_customize_per_network":false},"categories":[25511,2506,14625,2521,2526],"tags":[18629,25496,25495,14736],"newspack_spnsrs_tax":[],"class_list":["post-353976","post","type-post","status-publish","format-standard","has-post-thumbnail","hentry","category-articulos-recientes-el-semanal","category-mas-alla-de-casa-es","category-noticias-locales","category-republica-dominicana-2","category-titulares-es","tag-dominican-republic-es-5","tag-el-semanal-es","tag-en-espanol","tag-featured-topview-es","entry"],"yoast_head":"<!-- This site is optimized with the Yoast SEO plugin v27.3 - https:\/\/yoast.com\/product\/yoast-seo-wordpress\/ -->\n<title>Extienden por 90 d\u00edas el plazo para acogerse a la Ley 46-20 sobre revalorizaci\u00f3n de activos | Casa de Campo Living<\/title>\n<meta name=\"description\" content=\"El presidente dominicano Luis Abinader promulg\u00f3 el 20 de enero, la Ley 7-21, que extiende el plazo para acogerse a los beneficios de la Ley de\" \/>\n<meta name=\"robots\" content=\"index, follow, max-snippet:-1, max-image-preview:large, max-video-preview:-1\" \/>\n<link rel=\"canonical\" href=\"https:\/\/casadecampoliving.com\/es\/extienden-por-90-dias-el-plazo-para-acogerse-a-la-ley-46-20-sobre-revalorizacion-de-activos\/\" \/>\n<meta property=\"og:locale\" content=\"es_ES\" \/>\n<meta property=\"og:type\" content=\"article\" \/>\n<meta property=\"og:title\" content=\"Extienden por 90 d\u00edas el plazo para acogerse a la Ley 46-20 sobre revalorizaci\u00f3n de activos | Casa de Campo Living\" \/>\n<meta property=\"og:description\" content=\"El presidente dominicano Luis Abinader promulg\u00f3 el 20 de enero, la Ley 7-21, que extiende el plazo para acogerse a los beneficios de la Ley de\" \/>\n<meta property=\"og:url\" content=\"https:\/\/casadecampoliving.com\/es\/extienden-por-90-dias-el-plazo-para-acogerse-a-la-ley-46-20-sobre-revalorizacion-de-activos\/\" \/>\n<meta property=\"og:site_name\" content=\"Casa de Campo Living\" \/>\n<meta property=\"article:publisher\" content=\"https:\/\/www.facebook.com\/casadecampoliving\" \/>\n<meta property=\"article:published_time\" content=\"2021-02-09T04:00:00+00:00\" \/>\n<meta property=\"article:modified_time\" content=\"2022-10-21T23:21:10+00:00\" \/>\n<meta property=\"og:image\" content=\"https:\/\/i0.wp.com\/casadecampoliving.com\/wp-content\/uploads\/2022\/10\/Revalorizacion-1-1.jpg?fit=1000%2C602&ssl=1\" \/>\n\t<meta property=\"og:image:width\" content=\"1000\" \/>\n\t<meta property=\"og:image:height\" content=\"602\" \/>\n\t<meta property=\"og:image:type\" content=\"image\/jpeg\" \/>\n<meta name=\"author\" content=\"Casa de Campo Living\" \/>\n<meta name=\"twitter:card\" content=\"summary_large_image\" \/>\n<meta name=\"twitter:creator\" content=\"@cdcliving\" \/>\n<meta name=\"twitter:site\" content=\"@cdcliving\" \/>\n<meta name=\"twitter:label1\" content=\"Escrito por\" \/>\n\t<meta name=\"twitter:data1\" content=\"Casa de Campo Living\" \/>\n\t<meta name=\"twitter:label2\" content=\"Tiempo de lectura\" \/>\n\t<meta name=\"twitter:data2\" content=\"3 minutos\" \/>\n<script type=\"application\/ld+json\" class=\"yoast-schema-graph\">{\"@context\":\"https:\\\/\\\/schema.org\",\"@graph\":[{\"@type\":\"Article\",\"@id\":\"https:\\\/\\\/casadecampoliving.com\\\/es\\\/extienden-por-90-dias-el-plazo-para-acogerse-a-la-ley-46-20-sobre-revalorizacion-de-activos\\\/#article\",\"isPartOf\":{\"@id\":\"https:\\\/\\\/casadecampoliving.com\\\/es\\\/extienden-por-90-dias-el-plazo-para-acogerse-a-la-ley-46-20-sobre-revalorizacion-de-activos\\\/\"},\"author\":{\"name\":\"Casa de Campo Living\",\"@id\":\"https:\\\/\\\/casadecampoliving.com\\\/es\\\/#\\\/schema\\\/person\\\/5d2171637a9d11e0e43ce6b8555f9422\"},\"headline\":\"Extienden por 90 d\u00edas el plazo para acogerse a la Ley 46-20 sobre revalorizaci\u00f3n de activos\",\"datePublished\":\"2021-02-09T04:00:00+00:00\",\"dateModified\":\"2022-10-21T23:21:10+00:00\",\"mainEntityOfPage\":{\"@id\":\"https:\\\/\\\/casadecampoliving.com\\\/es\\\/extienden-por-90-dias-el-plazo-para-acogerse-a-la-ley-46-20-sobre-revalorizacion-de-activos\\\/\"},\"wordCount\":614,\"publisher\":{\"@id\":\"https:\\\/\\\/casadecampoliving.com\\\/es\\\/#organization\"},\"image\":{\"@id\":\"https:\\\/\\\/casadecampoliving.com\\\/es\\\/extienden-por-90-dias-el-plazo-para-acogerse-a-la-ley-46-20-sobre-revalorizacion-de-activos\\\/#primaryimage\"},\"thumbnailUrl\":\"https:\\\/\\\/i0.wp.com\\\/casadecampoliving.com\\\/wp-content\\\/uploads\\\/2022\\\/10\\\/Revalorizacion-1-1.jpg?fit=1000%2C602&ssl=1\",\"keywords\":[\"Dominican Republic\",\"el semanal\",\"en espa\u00f1ol\",\"Featured-TopView @es\"],\"articleSection\":[\"Articulos recientes El Semanal\",\"M\u00e1s all\u00e1 de Casa\",\"Noticias Locales\",\"Rep\u00fablica Dominicana @es\",\"Titulares\"],\"inLanguage\":\"es\"},{\"@type\":\"WebPage\",\"@id\":\"https:\\\/\\\/casadecampoliving.com\\\/es\\\/extienden-por-90-dias-el-plazo-para-acogerse-a-la-ley-46-20-sobre-revalorizacion-de-activos\\\/\",\"url\":\"https:\\\/\\\/casadecampoliving.com\\\/es\\\/extienden-por-90-dias-el-plazo-para-acogerse-a-la-ley-46-20-sobre-revalorizacion-de-activos\\\/\",\"name\":\"Extienden por 90 d\u00edas el plazo para acogerse a la Ley 46-20 sobre revalorizaci\u00f3n de activos | Casa de Campo Living\",\"isPartOf\":{\"@id\":\"https:\\\/\\\/casadecampoliving.com\\\/es\\\/#website\"},\"primaryImageOfPage\":{\"@id\":\"https:\\\/\\\/casadecampoliving.com\\\/es\\\/extienden-por-90-dias-el-plazo-para-acogerse-a-la-ley-46-20-sobre-revalorizacion-de-activos\\\/#primaryimage\"},\"image\":{\"@id\":\"https:\\\/\\\/casadecampoliving.com\\\/es\\\/extienden-por-90-dias-el-plazo-para-acogerse-a-la-ley-46-20-sobre-revalorizacion-de-activos\\\/#primaryimage\"},\"thumbnailUrl\":\"https:\\\/\\\/i0.wp.com\\\/casadecampoliving.com\\\/wp-content\\\/uploads\\\/2022\\\/10\\\/Revalorizacion-1-1.jpg?fit=1000%2C602&ssl=1\",\"datePublished\":\"2021-02-09T04:00:00+00:00\",\"dateModified\":\"2022-10-21T23:21:10+00:00\",\"description\":\"El presidente dominicano Luis Abinader promulg\u00f3 el 20 de enero, la Ley 7-21, que extiende el plazo para acogerse a los beneficios de la Ley de\",\"breadcrumb\":{\"@id\":\"https:\\\/\\\/casadecampoliving.com\\\/es\\\/extienden-por-90-dias-el-plazo-para-acogerse-a-la-ley-46-20-sobre-revalorizacion-de-activos\\\/#breadcrumb\"},\"inLanguage\":\"es\",\"potentialAction\":[{\"@type\":\"ReadAction\",\"target\":[\"https:\\\/\\\/casadecampoliving.com\\\/es\\\/extienden-por-90-dias-el-plazo-para-acogerse-a-la-ley-46-20-sobre-revalorizacion-de-activos\\\/\"]}]},{\"@type\":\"ImageObject\",\"inLanguage\":\"es\",\"@id\":\"https:\\\/\\\/casadecampoliving.com\\\/es\\\/extienden-por-90-dias-el-plazo-para-acogerse-a-la-ley-46-20-sobre-revalorizacion-de-activos\\\/#primaryimage\",\"url\":\"https:\\\/\\\/i0.wp.com\\\/casadecampoliving.com\\\/wp-content\\\/uploads\\\/2022\\\/10\\\/Revalorizacion-1-1.jpg?fit=1000%2C602&ssl=1\",\"contentUrl\":\"https:\\\/\\\/i0.wp.com\\\/casadecampoliving.com\\\/wp-content\\\/uploads\\\/2022\\\/10\\\/Revalorizacion-1-1.jpg?fit=1000%2C602&ssl=1\",\"width\":1000,\"height\":602,\"caption\":\"Business loans for real estate concept, a money bags put in a model home on the table on bokeh background in the public park.\"},{\"@type\":\"BreadcrumbList\",\"@id\":\"https:\\\/\\\/casadecampoliving.com\\\/es\\\/extienden-por-90-dias-el-plazo-para-acogerse-a-la-ley-46-20-sobre-revalorizacion-de-activos\\\/#breadcrumb\",\"itemListElement\":[{\"@type\":\"ListItem\",\"position\":1,\"name\":\"Home\",\"item\":\"https:\\\/\\\/casadecampoliving.com\\\/es\\\/\"},{\"@type\":\"ListItem\",\"position\":2,\"name\":\"Extienden por 90 d\u00edas el plazo para acogerse a la Ley 46-20 sobre revalorizaci\u00f3n de activos\"}]},{\"@type\":\"WebSite\",\"@id\":\"https:\\\/\\\/casadecampoliving.com\\\/es\\\/#website\",\"url\":\"https:\\\/\\\/casadecampoliving.com\\\/es\\\/\",\"name\":\"Casa de Campo Living\",\"description\":\"Resort community news and resources.\",\"publisher\":{\"@id\":\"https:\\\/\\\/casadecampoliving.com\\\/es\\\/#organization\"},\"potentialAction\":[{\"@type\":\"SearchAction\",\"target\":{\"@type\":\"EntryPoint\",\"urlTemplate\":\"https:\\\/\\\/casadecampoliving.com\\\/es\\\/?s={search_term_string}\"},\"query-input\":{\"@type\":\"PropertyValueSpecification\",\"valueRequired\":true,\"valueName\":\"search_term_string\"}}],\"inLanguage\":\"es\"},{\"@type\":\"Organization\",\"@id\":\"https:\\\/\\\/casadecampoliving.com\\\/es\\\/#organization\",\"name\":\"Casa de Campo Living\",\"url\":\"https:\\\/\\\/casadecampoliving.com\\\/es\\\/\",\"logo\":{\"@type\":\"ImageObject\",\"inLanguage\":\"es\",\"@id\":\"https:\\\/\\\/casadecampoliving.com\\\/es\\\/#\\\/schema\\\/logo\\\/image\\\/\",\"url\":\"https:\\\/\\\/i0.wp.com\\\/casadecampoliving.com\\\/wp-content\\\/uploads\\\/2022\\\/07\\\/CDCLivingLogo_V1-white-sized.png?fit=800%2C214&ssl=1\",\"contentUrl\":\"https:\\\/\\\/i0.wp.com\\\/casadecampoliving.com\\\/wp-content\\\/uploads\\\/2022\\\/07\\\/CDCLivingLogo_V1-white-sized.png?fit=800%2C214&ssl=1\",\"width\":800,\"height\":214,\"caption\":\"Casa de Campo Living\"},\"image\":{\"@id\":\"https:\\\/\\\/casadecampoliving.com\\\/es\\\/#\\\/schema\\\/logo\\\/image\\\/\"},\"sameAs\":[\"https:\\\/\\\/www.facebook.com\\\/casadecampoliving\",\"https:\\\/\\\/x.com\\\/cdcliving\"]},{\"@type\":\"Person\",\"@id\":\"https:\\\/\\\/casadecampoliving.com\\\/es\\\/#\\\/schema\\\/person\\\/5d2171637a9d11e0e43ce6b8555f9422\",\"name\":\"Casa de Campo Living\",\"image\":{\"@type\":\"ImageObject\",\"inLanguage\":\"es\",\"@id\":\"https:\\\/\\\/secure.gravatar.com\\\/avatar\\\/d04101fa4a9fd431e939953b1500fdc7a73cd35029f86d98712fd8ccdaebaf9a?s=96&d=mm&r=g\",\"url\":\"https:\\\/\\\/secure.gravatar.com\\\/avatar\\\/d04101fa4a9fd431e939953b1500fdc7a73cd35029f86d98712fd8ccdaebaf9a?s=96&d=mm&r=g\",\"contentUrl\":\"https:\\\/\\\/secure.gravatar.com\\\/avatar\\\/d04101fa4a9fd431e939953b1500fdc7a73cd35029f86d98712fd8ccdaebaf9a?s=96&d=mm&r=g\",\"caption\":\"Casa de Campo Living\"},\"url\":\"https:\\\/\\\/casadecampoliving.com\\\/es\\\/author\\\/casa-de-campo-living\\\/\"}]}<\/script>\n<!-- \/ Yoast SEO plugin. -->","yoast_head_json":{"title":"Extienden por 90 d\u00edas el plazo para acogerse a la Ley 46-20 sobre revalorizaci\u00f3n de activos | Casa de Campo Living","description":"El presidente dominicano Luis Abinader promulg\u00f3 el 20 de enero, la Ley 7-21, que extiende el plazo para acogerse a los beneficios de la Ley de","robots":{"index":"index","follow":"follow","max-snippet":"max-snippet:-1","max-image-preview":"max-image-preview:large","max-video-preview":"max-video-preview:-1"},"canonical":"https:\/\/casadecampoliving.com\/es\/extienden-por-90-dias-el-plazo-para-acogerse-a-la-ley-46-20-sobre-revalorizacion-de-activos\/","og_locale":"es_ES","og_type":"article","og_title":"Extienden por 90 d\u00edas el plazo para acogerse a la Ley 46-20 sobre revalorizaci\u00f3n de activos | Casa de Campo Living","og_description":"El presidente dominicano Luis Abinader promulg\u00f3 el 20 de enero, la Ley 7-21, que extiende el plazo para acogerse a los beneficios de la Ley de","og_url":"https:\/\/casadecampoliving.com\/es\/extienden-por-90-dias-el-plazo-para-acogerse-a-la-ley-46-20-sobre-revalorizacion-de-activos\/","og_site_name":"Casa de Campo Living","article_publisher":"https:\/\/www.facebook.com\/casadecampoliving","article_published_time":"2021-02-09T04:00:00+00:00","article_modified_time":"2022-10-21T23:21:10+00:00","og_image":[{"width":1000,"height":602,"url":"https:\/\/i0.wp.com\/casadecampoliving.com\/wp-content\/uploads\/2022\/10\/Revalorizacion-1-1.jpg?fit=1000%2C602&ssl=1","type":"image\/jpeg"}],"author":"Casa de Campo Living","twitter_card":"summary_large_image","twitter_creator":"@cdcliving","twitter_site":"@cdcliving","twitter_misc":{"Escrito por":"Casa de Campo Living","Tiempo de lectura":"3 minutos"},"schema":{"@context":"https:\/\/schema.org","@graph":[{"@type":"Article","@id":"https:\/\/casadecampoliving.com\/es\/extienden-por-90-dias-el-plazo-para-acogerse-a-la-ley-46-20-sobre-revalorizacion-de-activos\/#article","isPartOf":{"@id":"https:\/\/casadecampoliving.com\/es\/extienden-por-90-dias-el-plazo-para-acogerse-a-la-ley-46-20-sobre-revalorizacion-de-activos\/"},"author":{"name":"Casa de Campo Living","@id":"https:\/\/casadecampoliving.com\/es\/#\/schema\/person\/5d2171637a9d11e0e43ce6b8555f9422"},"headline":"Extienden por 90 d\u00edas el plazo para acogerse a la Ley 46-20 sobre revalorizaci\u00f3n de activos","datePublished":"2021-02-09T04:00:00+00:00","dateModified":"2022-10-21T23:21:10+00:00","mainEntityOfPage":{"@id":"https:\/\/casadecampoliving.com\/es\/extienden-por-90-dias-el-plazo-para-acogerse-a-la-ley-46-20-sobre-revalorizacion-de-activos\/"},"wordCount":614,"publisher":{"@id":"https:\/\/casadecampoliving.com\/es\/#organization"},"image":{"@id":"https:\/\/casadecampoliving.com\/es\/extienden-por-90-dias-el-plazo-para-acogerse-a-la-ley-46-20-sobre-revalorizacion-de-activos\/#primaryimage"},"thumbnailUrl":"https:\/\/i0.wp.com\/casadecampoliving.com\/wp-content\/uploads\/2022\/10\/Revalorizacion-1-1.jpg?fit=1000%2C602&ssl=1","keywords":["Dominican Republic","el semanal","en espa\u00f1ol","Featured-TopView @es"],"articleSection":["Articulos recientes El Semanal","M\u00e1s all\u00e1 de Casa","Noticias Locales","Rep\u00fablica Dominicana @es","Titulares"],"inLanguage":"es"},{"@type":"WebPage","@id":"https:\/\/casadecampoliving.com\/es\/extienden-por-90-dias-el-plazo-para-acogerse-a-la-ley-46-20-sobre-revalorizacion-de-activos\/","url":"https:\/\/casadecampoliving.com\/es\/extienden-por-90-dias-el-plazo-para-acogerse-a-la-ley-46-20-sobre-revalorizacion-de-activos\/","name":"Extienden por 90 d\u00edas el plazo para acogerse a la Ley 46-20 sobre revalorizaci\u00f3n de activos | Casa de Campo Living","isPartOf":{"@id":"https:\/\/casadecampoliving.com\/es\/#website"},"primaryImageOfPage":{"@id":"https:\/\/casadecampoliving.com\/es\/extienden-por-90-dias-el-plazo-para-acogerse-a-la-ley-46-20-sobre-revalorizacion-de-activos\/#primaryimage"},"image":{"@id":"https:\/\/casadecampoliving.com\/es\/extienden-por-90-dias-el-plazo-para-acogerse-a-la-ley-46-20-sobre-revalorizacion-de-activos\/#primaryimage"},"thumbnailUrl":"https:\/\/i0.wp.com\/casadecampoliving.com\/wp-content\/uploads\/2022\/10\/Revalorizacion-1-1.jpg?fit=1000%2C602&ssl=1","datePublished":"2021-02-09T04:00:00+00:00","dateModified":"2022-10-21T23:21:10+00:00","description":"El presidente dominicano Luis Abinader promulg\u00f3 el 20 de enero, la Ley 7-21, que extiende el plazo para acogerse a los beneficios de la Ley de","breadcrumb":{"@id":"https:\/\/casadecampoliving.com\/es\/extienden-por-90-dias-el-plazo-para-acogerse-a-la-ley-46-20-sobre-revalorizacion-de-activos\/#breadcrumb"},"inLanguage":"es","potentialAction":[{"@type":"ReadAction","target":["https:\/\/casadecampoliving.com\/es\/extienden-por-90-dias-el-plazo-para-acogerse-a-la-ley-46-20-sobre-revalorizacion-de-activos\/"]}]},{"@type":"ImageObject","inLanguage":"es","@id":"https:\/\/casadecampoliving.com\/es\/extienden-por-90-dias-el-plazo-para-acogerse-a-la-ley-46-20-sobre-revalorizacion-de-activos\/#primaryimage","url":"https:\/\/i0.wp.com\/casadecampoliving.com\/wp-content\/uploads\/2022\/10\/Revalorizacion-1-1.jpg?fit=1000%2C602&ssl=1","contentUrl":"https:\/\/i0.wp.com\/casadecampoliving.com\/wp-content\/uploads\/2022\/10\/Revalorizacion-1-1.jpg?fit=1000%2C602&ssl=1","width":1000,"height":602,"caption":"Business loans for real estate concept, a money bags put in a model home on the table on bokeh background in the public park."},{"@type":"BreadcrumbList","@id":"https:\/\/casadecampoliving.com\/es\/extienden-por-90-dias-el-plazo-para-acogerse-a-la-ley-46-20-sobre-revalorizacion-de-activos\/#breadcrumb","itemListElement":[{"@type":"ListItem","position":1,"name":"Home","item":"https:\/\/casadecampoliving.com\/es\/"},{"@type":"ListItem","position":2,"name":"Extienden por 90 d\u00edas el plazo para acogerse a la Ley 46-20 sobre revalorizaci\u00f3n de activos"}]},{"@type":"WebSite","@id":"https:\/\/casadecampoliving.com\/es\/#website","url":"https:\/\/casadecampoliving.com\/es\/","name":"Casa de Campo Living","description":"Resort community news and resources.","publisher":{"@id":"https:\/\/casadecampoliving.com\/es\/#organization"},"potentialAction":[{"@type":"SearchAction","target":{"@type":"EntryPoint","urlTemplate":"https:\/\/casadecampoliving.com\/es\/?s={search_term_string}"},"query-input":{"@type":"PropertyValueSpecification","valueRequired":true,"valueName":"search_term_string"}}],"inLanguage":"es"},{"@type":"Organization","@id":"https:\/\/casadecampoliving.com\/es\/#organization","name":"Casa de Campo Living","url":"https:\/\/casadecampoliving.com\/es\/","logo":{"@type":"ImageObject","inLanguage":"es","@id":"https:\/\/casadecampoliving.com\/es\/#\/schema\/logo\/image\/","url":"https:\/\/i0.wp.com\/casadecampoliving.com\/wp-content\/uploads\/2022\/07\/CDCLivingLogo_V1-white-sized.png?fit=800%2C214&ssl=1","contentUrl":"https:\/\/i0.wp.com\/casadecampoliving.com\/wp-content\/uploads\/2022\/07\/CDCLivingLogo_V1-white-sized.png?fit=800%2C214&ssl=1","width":800,"height":214,"caption":"Casa de Campo Living"},"image":{"@id":"https:\/\/casadecampoliving.com\/es\/#\/schema\/logo\/image\/"},"sameAs":["https:\/\/www.facebook.com\/casadecampoliving","https:\/\/x.com\/cdcliving"]},{"@type":"Person","@id":"https:\/\/casadecampoliving.com\/es\/#\/schema\/person\/5d2171637a9d11e0e43ce6b8555f9422","name":"Casa de Campo Living","image":{"@type":"ImageObject","inLanguage":"es","@id":"https:\/\/secure.gravatar.com\/avatar\/d04101fa4a9fd431e939953b1500fdc7a73cd35029f86d98712fd8ccdaebaf9a?s=96&d=mm&r=g","url":"https:\/\/secure.gravatar.com\/avatar\/d04101fa4a9fd431e939953b1500fdc7a73cd35029f86d98712fd8ccdaebaf9a?s=96&d=mm&r=g","contentUrl":"https:\/\/secure.gravatar.com\/avatar\/d04101fa4a9fd431e939953b1500fdc7a73cd35029f86d98712fd8ccdaebaf9a?s=96&d=mm&r=g","caption":"Casa de Campo Living"},"url":"https:\/\/casadecampoliving.com\/es\/author\/casa-de-campo-living\/"}]}},"parsely":{"version":"1.1.0","canonical_url":"https:\/\/casadecampoliving.com\/es\/extienden-por-90-dias-el-plazo-para-acogerse-a-la-ley-46-20-sobre-revalorizacion-de-activos\/","smart_links":{"inbound":0,"outbound":0},"traffic_boost_suggestions_count":0,"meta":{"@context":"https:\/\/schema.org","@type":"NewsArticle","headline":"Extienden por 90 d\u00edas el plazo para acogerse a la Ley 46-20 sobre revalorizaci\u00f3n de activos","url":"http:\/\/casadecampoliving.com\/es\/extienden-por-90-dias-el-plazo-para-acogerse-a-la-ley-46-20-sobre-revalorizacion-de-activos\/","mainEntityOfPage":{"@type":"WebPage","@id":"http:\/\/casadecampoliving.com\/es\/extienden-por-90-dias-el-plazo-para-acogerse-a-la-ley-46-20-sobre-revalorizacion-de-activos\/"},"thumbnailUrl":"https:\/\/i0.wp.com\/casadecampoliving.com\/wp-content\/uploads\/2022\/10\/Revalorizacion-1-1.jpg?resize=150%2C150&ssl=1","image":{"@type":"ImageObject","url":"https:\/\/i0.wp.com\/casadecampoliving.com\/wp-content\/uploads\/2022\/10\/Revalorizacion-1-1.jpg?fit=1000%2C602&ssl=1"},"articleSection":"Articulos recientes El Semanal","author":[{"@type":"Person","name":"Casa de Campo Living"}],"creator":["Casa de Campo Living"],"publisher":{"@type":"Organization","name":"Casa de Campo Living","logo":"https:\/\/casadecampoliving.com\/wp-content\/uploads\/2022\/07\/CDCLivingLogo_V1-white-sized.png"},"keywords":["dominican republic","el semanal","en espa\u00f1ol","featured-topview @es"],"dateCreated":"2021-02-09T04:00:00Z","datePublished":"2021-02-09T04:00:00Z","dateModified":"2022-10-21T23:21:10Z"},"rendered":"<script type=\"application\/ld+json\" class=\"wp-parsely-metadata\">{\"@context\":\"https:\\\/\\\/schema.org\",\"@type\":\"NewsArticle\",\"headline\":\"Extienden por 90 d\\u00edas el plazo para acogerse a la Ley 46-20 sobre revalorizaci\\u00f3n de activos\",\"url\":\"http:\\\/\\\/casadecampoliving.com\\\/es\\\/extienden-por-90-dias-el-plazo-para-acogerse-a-la-ley-46-20-sobre-revalorizacion-de-activos\\\/\",\"mainEntityOfPage\":{\"@type\":\"WebPage\",\"@id\":\"http:\\\/\\\/casadecampoliving.com\\\/es\\\/extienden-por-90-dias-el-plazo-para-acogerse-a-la-ley-46-20-sobre-revalorizacion-de-activos\\\/\"},\"thumbnailUrl\":\"https:\\\/\\\/i0.wp.com\\\/casadecampoliving.com\\\/wp-content\\\/uploads\\\/2022\\\/10\\\/Revalorizacion-1-1.jpg?resize=150%2C150&ssl=1\",\"image\":{\"@type\":\"ImageObject\",\"url\":\"https:\\\/\\\/i0.wp.com\\\/casadecampoliving.com\\\/wp-content\\\/uploads\\\/2022\\\/10\\\/Revalorizacion-1-1.jpg?fit=1000%2C602&ssl=1\"},\"articleSection\":\"Articulos recientes El Semanal\",\"author\":[{\"@type\":\"Person\",\"name\":\"Casa de Campo Living\"}],\"creator\":[\"Casa de Campo Living\"],\"publisher\":{\"@type\":\"Organization\",\"name\":\"Casa de Campo Living\",\"logo\":\"https:\\\/\\\/casadecampoliving.com\\\/wp-content\\\/uploads\\\/2022\\\/07\\\/CDCLivingLogo_V1-white-sized.png\"},\"keywords\":[\"dominican republic\",\"el semanal\",\"en espa\\u00f1ol\",\"featured-topview @es\"],\"dateCreated\":\"2021-02-09T04:00:00Z\",\"datePublished\":\"2021-02-09T04:00:00Z\",\"dateModified\":\"2022-10-21T23:21:10Z\"}<\/script>","tracker_url":"https:\/\/cdn.parsely.com\/keys\/casadecampoliving.com\/p.js"},"jetpack_publicize_connections":[],"jetpack_featured_media_url":"https:\/\/i0.wp.com\/casadecampoliving.com\/wp-content\/uploads\/2022\/10\/Revalorizacion-1-1.jpg?fit=1000%2C602&ssl=1","jetpack-related-posts":[{"id":433460,"url":"https:\/\/casadecampoliving.com\/es\/no-se-pierdan-el-increible-tributo-a-frank-sinatra-para-celebrar-el-40-aniversario-del-anfiteatro-altos-de-chavon\/","url_meta":{"origin":353976,"position":0},"title":"No se pierdan el incre\u00edble tributo a Frank Sinatra para celebrar el 40 aniversario del\u00a0Anfiteatro Altos de Chav\u00f3n","author":"Casa de Campo Living","date":"20 Oct, 2022","format":false,"excerpt":"Siendo uno de los escenarios m\u00e1s emblem\u00e1ticos del pa\u00eds, Casa de Campo Resort\u00ae & Villas celebra las cuatro d\u00e9cadas de aniversario de Altos de Chav\u00f3n con un tributo al gran Frank Sinatra, protagonizado por artistas invitados y una big band tal cual la que acompa\u00f1\u00f3 al artista hace 40 a\u00f1os\u2026","rel":"","context":"En \u00abUncategorized @es\u00bb","block_context":{"text":"Uncategorized @es","link":"https:\/\/casadecampoliving.com\/es\/category\/uncategorized-es\/"},"img":{"alt_text":"","src":"https:\/\/i0.wp.com\/casadecampoliving.com\/wp-content\/uploads\/2022\/10\/Tributo-Frank-Sinatra-Foto-Principal-Amaury-Sanchez-Danilo-Ginebra-Andres-Pichardo-y-Jose-Gabriel-Perez-.jpg?fit=1200%2C873&ssl=1&resize=350%2C200","width":350,"height":200,"srcset":"https:\/\/i0.wp.com\/casadecampoliving.com\/wp-content\/uploads\/2022\/10\/Tributo-Frank-Sinatra-Foto-Principal-Amaury-Sanchez-Danilo-Ginebra-Andres-Pichardo-y-Jose-Gabriel-Perez-.jpg?fit=1200%2C873&ssl=1&resize=350%2C200 1x, https:\/\/i0.wp.com\/casadecampoliving.com\/wp-content\/uploads\/2022\/10\/Tributo-Frank-Sinatra-Foto-Principal-Amaury-Sanchez-Danilo-Ginebra-Andres-Pichardo-y-Jose-Gabriel-Perez-.jpg?fit=1200%2C873&ssl=1&resize=525%2C300 1.5x, https:\/\/i0.wp.com\/casadecampoliving.com\/wp-content\/uploads\/2022\/10\/Tributo-Frank-Sinatra-Foto-Principal-Amaury-Sanchez-Danilo-Ginebra-Andres-Pichardo-y-Jose-Gabriel-Perez-.jpg?fit=1200%2C873&ssl=1&resize=700%2C400 2x, https:\/\/i0.wp.com\/casadecampoliving.com\/wp-content\/uploads\/2022\/10\/Tributo-Frank-Sinatra-Foto-Principal-Amaury-Sanchez-Danilo-Ginebra-Andres-Pichardo-y-Jose-Gabriel-Perez-.jpg?fit=1200%2C873&ssl=1&resize=1050%2C600 3x"},"classes":[]},{"id":338800,"url":"https:\/\/casadecampoliving.com\/es\/el-semanal-celebra-un-ano-entregando-noticias-a-mas-de-3000-suscriptores\/","url_meta":{"origin":353976,"position":1},"title":"\u00abEl Semanal\u00bb celebra un a\u00f1o entregando noticias a m\u00e1s de 3,000 suscriptores!","author":"Rebecca Silvestri","date":"18 Abr, 2012","format":false,"excerpt":"Cada lunes, m\u00e1s de 3,000 due\u00f1os de villas, residentes, aficionados y visitantes regulares de Casa de Campo, reciben \u201cEl Semanal\u201d, un correo electr\u00f3nico que les mantiene al d\u00eda con todo lo que ocurre en Casa de Campo; \u00a0con cobertura de eventos, notificaciones de eventos y noticias relevantes e interesantes de\u2026","rel":"","context":"En \u00abCasa de Campo Living @es\u00bb","block_context":{"text":"Casa de Campo Living @es","link":"https:\/\/casadecampoliving.com\/category\/casa-de-campo-living-es\/"},"img":{"alt_text":"","src":"https:\/\/i0.wp.com\/casadecampoliving.com\/wp-content\/uploads\/2022\/10\/the_weekly_email-1.jpg?fit=650%2C400&ssl=1&resize=350%2C200","width":350,"height":200,"srcset":"https:\/\/i0.wp.com\/casadecampoliving.com\/wp-content\/uploads\/2022\/10\/the_weekly_email-1.jpg?fit=650%2C400&ssl=1&resize=350%2C200 1x, https:\/\/i0.wp.com\/casadecampoliving.com\/wp-content\/uploads\/2022\/10\/the_weekly_email-1.jpg?fit=650%2C400&ssl=1&resize=525%2C300 1.5x"},"classes":[]},{"id":353786,"url":"https:\/\/casadecampoliving.com\/es\/restructuracion-mercantil-opciones-disponibles-para-empresas-y-comerciantes-en-la-republica-dominicana-durante-la-pandemia-de-covid-19\/","url_meta":{"origin":353976,"position":2},"title":"Restructuraci\u00f3n Mercantil: Opciones disponibles para empresas y comerciantes en la Rep\u00fablica Dominicana durante la pandemia de COVID-19","author":"Casa de Campo Living","date":"29 May, 2020","format":false,"excerpt":"La propagaci\u00f3n del coronavirus CODIV-19 est\u00e1 afectando gravemente la situaci\u00f3n financiera de empresas y comerciantes a nivel global, muchos de los cuales ya han manifestado su imposibilidad de hacer frente a sus obligaciones exigibles dada la reducci\u00f3n significativa de sus operaciones. Ante esta situaci\u00f3n, las empresas y personas f\u00edsicas comerciantes\u2026","rel":"","context":"En \u00abbusinesses\u00bb","block_context":{"text":"businesses","link":"https:\/\/casadecampoliving.com\/es\/category\/businesses\/"},"img":{"alt_text":"","src":"https:\/\/i0.wp.com\/casadecampoliving.com\/wp-content\/uploads\/2022\/10\/Restructuring-1.jpg?fit=1000%2C600&ssl=1&resize=350%2C200","width":350,"height":200,"srcset":"https:\/\/i0.wp.com\/casadecampoliving.com\/wp-content\/uploads\/2022\/10\/Restructuring-1.jpg?fit=1000%2C600&ssl=1&resize=350%2C200 1x, https:\/\/i0.wp.com\/casadecampoliving.com\/wp-content\/uploads\/2022\/10\/Restructuring-1.jpg?fit=1000%2C600&ssl=1&resize=525%2C300 1.5x, https:\/\/i0.wp.com\/casadecampoliving.com\/wp-content\/uploads\/2022\/10\/Restructuring-1.jpg?fit=1000%2C600&ssl=1&resize=700%2C400 2x"},"classes":[]},{"id":342754,"url":"https:\/\/casadecampoliving.com\/es\/el-semanal-casa-de-campo\/","url_meta":{"origin":353976,"position":3},"title":"El bolet\u00edn electr\u00f3nico El Semanal Casa de Campo lanza un nuevo dise\u00f1o","author":"Lenny Castillo","date":"23 Ago, 2013","format":false,"excerpt":"El bolet\u00edn electr\u00f3nico de noticias El Semanal Casa de Campo creado por Silgon Inc. y \u00a0Casa de Campo Living acaban de lanzar un nuevo dise\u00f1o para hacer llegar las noticias a su bandeja de entrada todos los lunes por la ma\u00f1ana y darles una experiencia mucho m\u00e1s agradable. El bolet\u00edn\u2026","rel":"","context":"En \u00abCasa de Campo Living @es\u00bb","block_context":{"text":"Casa de Campo Living @es","link":"https:\/\/casadecampoliving.com\/category\/casa-de-campo-living-es\/"},"img":{"alt_text":"","src":"https:\/\/i0.wp.com\/casadecampoliving.com\/wp-content\/uploads\/2022\/10\/The_weekly-1.jpg?fit=632%2C305&ssl=1&resize=350%2C200","width":350,"height":200,"srcset":"https:\/\/i0.wp.com\/casadecampoliving.com\/wp-content\/uploads\/2022\/10\/The_weekly-1.jpg?fit=632%2C305&ssl=1&resize=350%2C200 1x, https:\/\/i0.wp.com\/casadecampoliving.com\/wp-content\/uploads\/2022\/10\/The_weekly-1.jpg?fit=632%2C305&ssl=1&resize=525%2C300 1.5x"},"classes":[]},{"id":340692,"url":"https:\/\/casadecampoliving.com\/es\/hoy-celebramos-100-ediciones-de-el-semanal-the-weekly\/","url_meta":{"origin":353976,"position":4},"title":"\u00a1Hoy celebramos 100 ediciones de \u00abEl Semanal\u00bb (The Weekly)!","author":"Rebecca Silvestri","date":"25 Feb, 2013","format":false,"excerpt":"Hoy, lunes 25 de febrero 2013, celebramos 100 ediciones del email \u201cThe Weekly\u201d (El Semanal) dirigido a m\u00e1s de 3,500 personas \u2013 due\u00f1os de villa de Casa de Campo, residentes y aficionados! El peri\u00f3dico v\u00eda email \u201cEl Semanal\u201d \u00a0por Casa de Campo Living y Silgon Inc, comenz\u00f3 en abril 2011\u2026","rel":"","context":"En \u00abCasa de Campo Living @es\u00bb","block_context":{"text":"Casa de Campo Living @es","link":"https:\/\/casadecampoliving.com\/category\/casa-de-campo-living-es\/"},"img":{"alt_text":"","src":"https:\/\/i0.wp.com\/casadecampoliving.com\/wp-content\/uploads\/2022\/10\/EDICION-100-650X300INGLES-1.jpg?fit=650%2C300&ssl=1&resize=350%2C200","width":350,"height":200,"srcset":"https:\/\/i0.wp.com\/casadecampoliving.com\/wp-content\/uploads\/2022\/10\/EDICION-100-650X300INGLES-1.jpg?fit=650%2C300&ssl=1&resize=350%2C200 1x, https:\/\/i0.wp.com\/casadecampoliving.com\/wp-content\/uploads\/2022\/10\/EDICION-100-650X300INGLES-1.jpg?fit=650%2C300&ssl=1&resize=525%2C300 1.5x"},"classes":[]},{"id":353679,"url":"https:\/\/casadecampoliving.com\/es\/ley-de-inmigracion-en-la-republica-dominicana-por-alfredo-guzman\/","url_meta":{"origin":353976,"position":5},"title":"Ley de inmigraci\u00f3n en la Rep\u00fablica Dominicana por Alfredo Guzm\u00e1n","author":"Casa de Campo Living","date":"4 Feb, 2020","format":false,"excerpt":"Publicado originalmente en nuestra publicaci\u00f3n hermana Casa de Campo Living Magazine Edici\u00f3n de oto\u00f1o Extensi\u00f3n de estad\u00eda m\u00e1xima para no residentes Muchos me han preguntado si las leyes de inmigraci\u00f3n de Rep\u00fablica Dominicana han cambiado; esta se ha convertido en una gran preocupaci\u00f3n entre las personas que a\u00fan no son\u2026","rel":"","context":"En \u00abCasa de Campo Living @es\u00bb","block_context":{"text":"Casa de Campo Living @es","link":"https:\/\/casadecampoliving.com\/category\/casa-de-campo-living-es\/"},"img":{"alt_text":"Dominican Law No. 155-17","src":"https:\/\/i0.wp.com\/casadecampoliving.com\/wp-content\/uploads\/2022\/10\/law-e1505566275998.jpg?fit=1000%2C600&ssl=1&resize=350%2C200","width":350,"height":200,"srcset":"https:\/\/i0.wp.com\/casadecampoliving.com\/wp-content\/uploads\/2022\/10\/law-e1505566275998.jpg?fit=1000%2C600&ssl=1&resize=350%2C200 1x, https:\/\/i0.wp.com\/casadecampoliving.com\/wp-content\/uploads\/2022\/10\/law-e1505566275998.jpg?fit=1000%2C600&ssl=1&resize=525%2C300 1.5x, https:\/\/i0.wp.com\/casadecampoliving.com\/wp-content\/uploads\/2022\/10\/law-e1505566275998.jpg?fit=1000%2C600&ssl=1&resize=700%2C400 2x"},"classes":[]}],"jetpack_sharing_enabled":true,"_links":{"self":[{"href":"https:\/\/casadecampoliving.com\/es\/wp-json\/wp\/v2\/posts\/353976","targetHints":{"allow":["GET"]}}],"collection":[{"href":"https:\/\/casadecampoliving.com\/es\/wp-json\/wp\/v2\/posts"}],"about":[{"href":"https:\/\/casadecampoliving.com\/es\/wp-json\/wp\/v2\/types\/post"}],"author":[{"embeddable":true,"href":"https:\/\/casadecampoliving.com\/es\/wp-json\/wp\/v2\/users\/36791"}],"replies":[{"embeddable":true,"href":"https:\/\/casadecampoliving.com\/es\/wp-json\/wp\/v2\/comments?post=353976"}],"version-history":[{"count":0,"href":"https:\/\/casadecampoliving.com\/es\/wp-json\/wp\/v2\/posts\/353976\/revisions"}],"wp:featuredmedia":[{"embeddable":true,"href":"https:\/\/casadecampoliving.com\/es\/wp-json\/wp\/v2\/media\/333016"}],"wp:attachment":[{"href":"https:\/\/casadecampoliving.com\/es\/wp-json\/wp\/v2\/media?parent=353976"}],"wp:term":[{"taxonomy":"category","embeddable":true,"href":"https:\/\/casadecampoliving.com\/es\/wp-json\/wp\/v2\/categories?post=353976"},{"taxonomy":"post_tag","embeddable":true,"href":"https:\/\/casadecampoliving.com\/es\/wp-json\/wp\/v2\/tags?post=353976"},{"taxonomy":"newspack_spnsrs_tax","embeddable":true,"href":"https:\/\/casadecampoliving.com\/es\/wp-json\/wp\/v2\/newspack_spnsrs_tax?post=353976"}],"curies":[{"name":"wp","href":"https:\/\/api.w.org\/{rel}","templated":true}]}}