{"id":353948,"date":"2020-12-27T00:00:00","date_gmt":"2020-12-27T04:00:00","guid":{"rendered":"https:\/\/casadecampoliving.com\/esta-semana-en-casa-de-campo-eventos-al-atardecer-musica-en-vivo-brunch-fuegos-artificiales-y-mas\/"},"modified":"2022-10-21T19:14:53","modified_gmt":"2022-10-21T23:14:53","slug":"esta-semana-en-casa-de-campo-eventos-al-atardecer-musica-en-vivo-brunch-fuegos-artificiales-y-mas","status":"publish","type":"post","link":"https:\/\/casadecampoliving.com\/es\/esta-semana-en-casa-de-campo-eventos-al-atardecer-musica-en-vivo-brunch-fuegos-artificiales-y-mas\/","title":{"rendered":"Esta semana en Casa de Campo: eventos al atardecer, m\u00fasica en vivo, brunch, fuegos artificiales y m\u00e1s."},"content":{"rendered":"\n<p>La Navidad en Casa de Campo se ha convertido en una tradici\u00f3n m\u00e1gica, celebrada con tanto entusiasmo como el resto del pa\u00eds y, de hecho, el mundo entero. A medida que se acercan las vacaciones, esta semana se acercan m\u00e1s actividades festivas en Casa, lo que significa que hay muchas oportunidades para divertirse durante las fiestas para toda la familia. \u00a1Disfruten su semana!<\/p>\n\n\n\n<blockquote><h3>LUNES 28 DE DICIEMBRE DE 2020<\/h3><figure><img decoding=\"async\" loading=\"lazy\" class=\"aligncenter wp-image-207667 size-full\" src=\"https:\/\/i0.wp.com\/casadecampoliving.com\/wp-content\/uploads\/2022\/10\/CdC-0421-La-Casita-copy-1.jpg?resize=1000%2C561&amp;ssl=1\" alt=\"\" width=\"1000\" height=\"561\"><\/figure><p>4:30 pm \u2013 6:30 pm<\/p><p>Tapas &amp; Sangria Sunset @ La Casita, La Marina<br>\nM\u00fasica en vivo con Tavarez Trio<\/p><h3>MARTES 29 DE DICIEMBRE DE 2020<\/h3><p>4:30 pm \u2013 6:30 pm<\/p><p>Bossanova Sunset con Ruana Luff @ Minitas Beach Cocomar Bar<\/p><h3>MI\u00c9RCOLES 30 DE DICIEMBRE DE 2020<\/h3><figure><img decoding=\"async\" loading=\"lazy\" class=\"aligncenter size-full wp-image-208275\" src=\"https:\/\/i0.wp.com\/casadecampoliving.com\/wp-content\/uploads\/2022\/10\/DSC_0608-1.jpg?resize=1000%2C583&amp;ssl=1\" alt=\"\" width=\"1000\" height=\"583\"><\/figure><p>9:00 pm<\/p><p>Noche bohemia con Yohanna Almanzar @ Chavon Plaza<\/p><h3>JUEVES 31 DE DICIEMBRE DE 2020<\/h3><p>4:30 pm \u2013 6:30 pm<\/p><p>Chillout Sunset con Duo Tavarez @ Minitas Beach Cocomar Bar<\/p><p>12:00 am<\/p><p>Espect\u00e1culo de fuegos artificiales de a\u00f1o nuevo<\/p><h3>VIERNES 1 DE ENERO DE 2020<\/h3><figure><img decoding=\"async\" loading=\"lazy\" class=\"aligncenter size-full wp-image-170526\" src=\"https:\/\/i0.wp.com\/casadecampoliving.com\/wp-content\/uploads\/2022\/10\/Minitas_-Restaurant-5-1.jpg?resize=1000%2C602&amp;ssl=1\" alt=\"\" width=\"1000\" height=\"602\"><\/figure><p>9:00 am<\/p><p>Brunch @ Minitas Beach Club<\/p><p>5:00 pm<\/p><p>Misa de A\u00f1o Nuevo en Anfiteatro Chav\u00f3n<\/p><h3>S\u00c1BADO 2 DE ENERO DE 2020 *cancelado*<\/h3><p>4:30 pm \u2013 6:30 pm<\/p><p>Chillout Sunset con Militza Iankova @ Minitas Beach Cocomar Bar<\/p><p>9:00 pm<\/p><p>Noche de Jazz con Carlos Marcelo @ Plaza Chavon<\/p><\/blockquote>\n","protected":false},"excerpt":{"rendered":"<p>La Navidad en Casa de Campo se ha convertido en una tradici\u00f3n m\u00e1gica, celebrada con tanto entusiasmo como el resto del pa\u00eds y, de hecho, el mundo entero. A medida que se acercan las vacaciones, esta semana se acercan m\u00e1s actividades festivas en Casa, lo que significa que hay muchas oportunidades para divertirse durante las [&hellip;]<\/p>\n","protected":false},"author":36791,"featured_media":332824,"comment_status":"closed","ping_status":"open","sticky":false,"template":"","format":"standard","meta":{"newspack_ads_suppress_ads":false,"newspack_popups_has_disabled_popups":false,"newspack_sponsor_sponsorship_scope":"","newspack_sponsor_native_byline_display":"inherit","newspack_sponsor_native_category_display":"inherit","newspack_sponsor_underwriter_style":"inherit","newspack_sponsor_underwriter_placement":"inherit","_newspack_byline_active":false,"_newspack_byline":"","newspack_hide_updated_date":false,"newspack_show_updated_date":false,"newspack_content_restriction_is_exempt":false,"newspack_featured_image_position":"","newspack_post_subtitle":"","newspack_article_summary_title":"Overview:","newspack_article_summary":"","_jetpack_memberships_contains_paid_content":false,"footnotes":"","jetpack_publicize_message":"","jetpack_publicize_feature_enabled":true,"jetpack_social_post_already_shared":false,"jetpack_social_options":{"image_generator_settings":{"template":"highway","default_image_id":0,"font":"","enabled":false},"version":2},"_wpas_customize_per_network":false},"categories":[26819,26823,26936,14631,2522,26581,14625,14627,2521,26822],"tags":[3058,3575,3132,2814,8071,23815,23422,1662,5813],"newspack_spnsrs_tax":[],"class_list":["post-353948","post","type-post","status-publish","format-standard","has-post-thumbnail","hentry","category-altos-de-chavon-es","category-arte-y-cultura","category-casa-de-campo-living-es","category-estilo-de-vida","category-eventos-es","category-la-marina-casa-de-campo","category-noticias-locales","category-proximamente","category-republica-dominicana-2","category-resort-casa-de-campo","tag-actividades","tag-altos-de-chavon-es-2","tag-altos-de-chavon-anfiteatro","tag-anfiteatro","tag-arbol-de-navidad","tag-casa-de-campo-es-17","tag-ceremonia-de-iluminacion","tag-navidad","tag-temporada-de-navidad","entry"],"yoast_head":"<!-- This site is optimized with the Yoast SEO plugin v27.4 - https:\/\/yoast.com\/product\/yoast-seo-wordpress\/ -->\n<title>Esta semana en Casa de Campo: eventos al atardecer, m\u00fasica en vivo, brunch, fuegos artificiales y m\u00e1s. | Casa de Campo Living<\/title>\n<meta name=\"description\" content=\"La Navidad en Casa de Campo se ha convertido en una tradici\u00f3n m\u00e1gica, celebrada con tanto entusiasmo como el resto del pa\u00eds y, de hecho, el mundo entero.\" \/>\n<meta name=\"robots\" content=\"index, follow, max-snippet:-1, max-image-preview:large, max-video-preview:-1\" \/>\n<link rel=\"canonical\" href=\"https:\/\/casadecampoliving.com\/es\/esta-semana-en-casa-de-campo-eventos-al-atardecer-musica-en-vivo-brunch-fuegos-artificiales-y-mas\/\" \/>\n<meta property=\"og:locale\" content=\"es_ES\" \/>\n<meta property=\"og:type\" content=\"article\" \/>\n<meta property=\"og:title\" content=\"Esta semana en Casa de Campo: eventos al atardecer, m\u00fasica en vivo, brunch, fuegos artificiales y m\u00e1s. | Casa de Campo Living\" \/>\n<meta property=\"og:description\" content=\"La Navidad en Casa de Campo se ha convertido en una tradici\u00f3n m\u00e1gica, celebrada con tanto entusiasmo como el resto del pa\u00eds y, de hecho, el mundo entero.\" \/>\n<meta property=\"og:url\" content=\"https:\/\/casadecampoliving.com\/es\/esta-semana-en-casa-de-campo-eventos-al-atardecer-musica-en-vivo-brunch-fuegos-artificiales-y-mas\/\" \/>\n<meta property=\"og:site_name\" content=\"Casa de Campo Living\" \/>\n<meta property=\"article:publisher\" content=\"https:\/\/www.facebook.com\/casadecampoliving\" \/>\n<meta property=\"article:published_time\" content=\"2020-12-27T04:00:00+00:00\" \/>\n<meta property=\"article:modified_time\" content=\"2022-10-21T23:14:53+00:00\" \/>\n<meta property=\"og:image\" content=\"https:\/\/i0.wp.com\/casadecampoliving.com\/wp-content\/uploads\/2022\/10\/AG_00466-copy-1.jpg?fit=1000%2C555&ssl=1\" \/>\n\t<meta property=\"og:image:width\" content=\"1000\" \/>\n\t<meta property=\"og:image:height\" content=\"555\" \/>\n\t<meta property=\"og:image:type\" content=\"image\/jpeg\" \/>\n<meta name=\"author\" content=\"Casa de Campo Living\" \/>\n<meta name=\"twitter:card\" content=\"summary_large_image\" \/>\n<meta name=\"twitter:creator\" content=\"@cdcliving\" \/>\n<meta name=\"twitter:site\" content=\"@cdcliving\" \/>\n<meta name=\"twitter:label1\" content=\"Escrito por\" \/>\n\t<meta name=\"twitter:data1\" content=\"Casa de Campo Living\" \/>\n\t<meta name=\"twitter:label2\" content=\"Tiempo de lectura\" \/>\n\t<meta name=\"twitter:data2\" content=\"1 minuto\" \/>\n<script type=\"application\/ld+json\" class=\"yoast-schema-graph\">{\"@context\":\"https:\\\/\\\/schema.org\",\"@graph\":[{\"@type\":\"Article\",\"@id\":\"https:\\\/\\\/casadecampoliving.com\\\/es\\\/esta-semana-en-casa-de-campo-eventos-al-atardecer-musica-en-vivo-brunch-fuegos-artificiales-y-mas\\\/#article\",\"isPartOf\":{\"@id\":\"https:\\\/\\\/casadecampoliving.com\\\/es\\\/esta-semana-en-casa-de-campo-eventos-al-atardecer-musica-en-vivo-brunch-fuegos-artificiales-y-mas\\\/\"},\"author\":{\"name\":\"Casa de Campo Living\",\"@id\":\"https:\\\/\\\/casadecampoliving.com\\\/es\\\/#\\\/schema\\\/person\\\/5d2171637a9d11e0e43ce6b8555f9422\"},\"headline\":\"Esta semana en Casa de Campo: eventos al atardecer, m\u00fasica en vivo, brunch, fuegos artificiales y m\u00e1s.\",\"datePublished\":\"2020-12-27T04:00:00+00:00\",\"dateModified\":\"2022-10-21T23:14:53+00:00\",\"mainEntityOfPage\":{\"@id\":\"https:\\\/\\\/casadecampoliving.com\\\/es\\\/esta-semana-en-casa-de-campo-eventos-al-atardecer-musica-en-vivo-brunch-fuegos-artificiales-y-mas\\\/\"},\"wordCount\":205,\"publisher\":{\"@id\":\"https:\\\/\\\/casadecampoliving.com\\\/es\\\/#organization\"},\"image\":{\"@id\":\"https:\\\/\\\/casadecampoliving.com\\\/es\\\/esta-semana-en-casa-de-campo-eventos-al-atardecer-musica-en-vivo-brunch-fuegos-artificiales-y-mas\\\/#primaryimage\"},\"thumbnailUrl\":\"https:\\\/\\\/i0.wp.com\\\/casadecampoliving.com\\\/wp-content\\\/uploads\\\/2022\\\/10\\\/AG_00466-copy-1.jpg?fit=1000%2C555&ssl=1\",\"keywords\":[\"actividades\",\"Altos de Chavon -es\",\"altos de chavon anfiteatro\",\"anfiteatro\",\"arbol de navidad\",\"Casa de Campo\",\"CEREMONIA DE ILUMINACI\u00d3N\",\"navidad\",\"temporada de navidad\"],\"articleSection\":[\"Altos de Chavon @es\",\"Arte y cultura\",\"Casa de Campo Living @es\",\"Estilo de Vida\",\"Eventos\",\"La Marina Casa de Campo\",\"Noticias Locales\",\"Proximamente\",\"Rep\u00fablica Dominicana @es\",\"Resort Casa de Campo\"],\"inLanguage\":\"es\"},{\"@type\":\"WebPage\",\"@id\":\"https:\\\/\\\/casadecampoliving.com\\\/es\\\/esta-semana-en-casa-de-campo-eventos-al-atardecer-musica-en-vivo-brunch-fuegos-artificiales-y-mas\\\/\",\"url\":\"https:\\\/\\\/casadecampoliving.com\\\/es\\\/esta-semana-en-casa-de-campo-eventos-al-atardecer-musica-en-vivo-brunch-fuegos-artificiales-y-mas\\\/\",\"name\":\"Esta semana en Casa de Campo: eventos al atardecer, m\u00fasica en vivo, brunch, fuegos artificiales y m\u00e1s. | Casa de Campo Living\",\"isPartOf\":{\"@id\":\"https:\\\/\\\/casadecampoliving.com\\\/es\\\/#website\"},\"primaryImageOfPage\":{\"@id\":\"https:\\\/\\\/casadecampoliving.com\\\/es\\\/esta-semana-en-casa-de-campo-eventos-al-atardecer-musica-en-vivo-brunch-fuegos-artificiales-y-mas\\\/#primaryimage\"},\"image\":{\"@id\":\"https:\\\/\\\/casadecampoliving.com\\\/es\\\/esta-semana-en-casa-de-campo-eventos-al-atardecer-musica-en-vivo-brunch-fuegos-artificiales-y-mas\\\/#primaryimage\"},\"thumbnailUrl\":\"https:\\\/\\\/i0.wp.com\\\/casadecampoliving.com\\\/wp-content\\\/uploads\\\/2022\\\/10\\\/AG_00466-copy-1.jpg?fit=1000%2C555&ssl=1\",\"datePublished\":\"2020-12-27T04:00:00+00:00\",\"dateModified\":\"2022-10-21T23:14:53+00:00\",\"description\":\"La Navidad en Casa de Campo se ha convertido en una tradici\u00f3n m\u00e1gica, celebrada con tanto entusiasmo como el resto del pa\u00eds y, de hecho, el mundo entero.\",\"breadcrumb\":{\"@id\":\"https:\\\/\\\/casadecampoliving.com\\\/es\\\/esta-semana-en-casa-de-campo-eventos-al-atardecer-musica-en-vivo-brunch-fuegos-artificiales-y-mas\\\/#breadcrumb\"},\"inLanguage\":\"es\",\"potentialAction\":[{\"@type\":\"ReadAction\",\"target\":[\"https:\\\/\\\/casadecampoliving.com\\\/es\\\/esta-semana-en-casa-de-campo-eventos-al-atardecer-musica-en-vivo-brunch-fuegos-artificiales-y-mas\\\/\"]}]},{\"@type\":\"ImageObject\",\"inLanguage\":\"es\",\"@id\":\"https:\\\/\\\/casadecampoliving.com\\\/es\\\/esta-semana-en-casa-de-campo-eventos-al-atardecer-musica-en-vivo-brunch-fuegos-artificiales-y-mas\\\/#primaryimage\",\"url\":\"https:\\\/\\\/i0.wp.com\\\/casadecampoliving.com\\\/wp-content\\\/uploads\\\/2022\\\/10\\\/AG_00466-copy-1.jpg?fit=1000%2C555&ssl=1\",\"contentUrl\":\"https:\\\/\\\/i0.wp.com\\\/casadecampoliving.com\\\/wp-content\\\/uploads\\\/2022\\\/10\\\/AG_00466-copy-1.jpg?fit=1000%2C555&ssl=1\",\"width\":1000,\"height\":555},{\"@type\":\"BreadcrumbList\",\"@id\":\"https:\\\/\\\/casadecampoliving.com\\\/es\\\/esta-semana-en-casa-de-campo-eventos-al-atardecer-musica-en-vivo-brunch-fuegos-artificiales-y-mas\\\/#breadcrumb\",\"itemListElement\":[{\"@type\":\"ListItem\",\"position\":1,\"name\":\"Home\",\"item\":\"https:\\\/\\\/casadecampoliving.com\\\/es\\\/\"},{\"@type\":\"ListItem\",\"position\":2,\"name\":\"Esta semana en Casa de Campo: eventos al atardecer, m\u00fasica en vivo, brunch, fuegos artificiales y m\u00e1s.\"}]},{\"@type\":\"WebSite\",\"@id\":\"https:\\\/\\\/casadecampoliving.com\\\/es\\\/#website\",\"url\":\"https:\\\/\\\/casadecampoliving.com\\\/es\\\/\",\"name\":\"Casa de Campo Living\",\"description\":\"Resort community news and resources.\",\"publisher\":{\"@id\":\"https:\\\/\\\/casadecampoliving.com\\\/es\\\/#organization\"},\"potentialAction\":[{\"@type\":\"SearchAction\",\"target\":{\"@type\":\"EntryPoint\",\"urlTemplate\":\"https:\\\/\\\/casadecampoliving.com\\\/es\\\/?s={search_term_string}\"},\"query-input\":{\"@type\":\"PropertyValueSpecification\",\"valueRequired\":true,\"valueName\":\"search_term_string\"}}],\"inLanguage\":\"es\"},{\"@type\":\"Organization\",\"@id\":\"https:\\\/\\\/casadecampoliving.com\\\/es\\\/#organization\",\"name\":\"Casa de Campo Living\",\"url\":\"https:\\\/\\\/casadecampoliving.com\\\/es\\\/\",\"logo\":{\"@type\":\"ImageObject\",\"inLanguage\":\"es\",\"@id\":\"https:\\\/\\\/casadecampoliving.com\\\/es\\\/#\\\/schema\\\/logo\\\/image\\\/\",\"url\":\"https:\\\/\\\/i0.wp.com\\\/casadecampoliving.com\\\/wp-content\\\/uploads\\\/2022\\\/07\\\/CDCLivingLogo_V1-white-sized.png?fit=800%2C214&ssl=1\",\"contentUrl\":\"https:\\\/\\\/i0.wp.com\\\/casadecampoliving.com\\\/wp-content\\\/uploads\\\/2022\\\/07\\\/CDCLivingLogo_V1-white-sized.png?fit=800%2C214&ssl=1\",\"width\":800,\"height\":214,\"caption\":\"Casa de Campo Living\"},\"image\":{\"@id\":\"https:\\\/\\\/casadecampoliving.com\\\/es\\\/#\\\/schema\\\/logo\\\/image\\\/\"},\"sameAs\":[\"https:\\\/\\\/www.facebook.com\\\/casadecampoliving\",\"https:\\\/\\\/x.com\\\/cdcliving\"]},{\"@type\":\"Person\",\"@id\":\"https:\\\/\\\/casadecampoliving.com\\\/es\\\/#\\\/schema\\\/person\\\/5d2171637a9d11e0e43ce6b8555f9422\",\"name\":\"Casa de Campo Living\",\"image\":{\"@type\":\"ImageObject\",\"inLanguage\":\"es\",\"@id\":\"https:\\\/\\\/secure.gravatar.com\\\/avatar\\\/d04101fa4a9fd431e939953b1500fdc7a73cd35029f86d98712fd8ccdaebaf9a?s=96&d=mm&r=g\",\"url\":\"https:\\\/\\\/secure.gravatar.com\\\/avatar\\\/d04101fa4a9fd431e939953b1500fdc7a73cd35029f86d98712fd8ccdaebaf9a?s=96&d=mm&r=g\",\"contentUrl\":\"https:\\\/\\\/secure.gravatar.com\\\/avatar\\\/d04101fa4a9fd431e939953b1500fdc7a73cd35029f86d98712fd8ccdaebaf9a?s=96&d=mm&r=g\",\"caption\":\"Casa de Campo Living\"},\"url\":\"https:\\\/\\\/casadecampoliving.com\\\/es\\\/author\\\/casa-de-campo-living\\\/\"}]}<\/script>\n<!-- \/ Yoast SEO plugin. -->","yoast_head_json":{"title":"Esta semana en Casa de Campo: eventos al atardecer, m\u00fasica en vivo, brunch, fuegos artificiales y m\u00e1s. | Casa de Campo Living","description":"La Navidad en Casa de Campo se ha convertido en una tradici\u00f3n m\u00e1gica, celebrada con tanto entusiasmo como el resto del pa\u00eds y, de hecho, el mundo entero.","robots":{"index":"index","follow":"follow","max-snippet":"max-snippet:-1","max-image-preview":"max-image-preview:large","max-video-preview":"max-video-preview:-1"},"canonical":"https:\/\/casadecampoliving.com\/es\/esta-semana-en-casa-de-campo-eventos-al-atardecer-musica-en-vivo-brunch-fuegos-artificiales-y-mas\/","og_locale":"es_ES","og_type":"article","og_title":"Esta semana en Casa de Campo: eventos al atardecer, m\u00fasica en vivo, brunch, fuegos artificiales y m\u00e1s. | Casa de Campo Living","og_description":"La Navidad en Casa de Campo se ha convertido en una tradici\u00f3n m\u00e1gica, celebrada con tanto entusiasmo como el resto del pa\u00eds y, de hecho, el mundo entero.","og_url":"https:\/\/casadecampoliving.com\/es\/esta-semana-en-casa-de-campo-eventos-al-atardecer-musica-en-vivo-brunch-fuegos-artificiales-y-mas\/","og_site_name":"Casa de Campo Living","article_publisher":"https:\/\/www.facebook.com\/casadecampoliving","article_published_time":"2020-12-27T04:00:00+00:00","article_modified_time":"2022-10-21T23:14:53+00:00","og_image":[{"width":1000,"height":555,"url":"https:\/\/i0.wp.com\/casadecampoliving.com\/wp-content\/uploads\/2022\/10\/AG_00466-copy-1.jpg?fit=1000%2C555&ssl=1","type":"image\/jpeg"}],"author":"Casa de Campo Living","twitter_card":"summary_large_image","twitter_creator":"@cdcliving","twitter_site":"@cdcliving","twitter_misc":{"Escrito por":"Casa de Campo Living","Tiempo de lectura":"1 minuto"},"schema":{"@context":"https:\/\/schema.org","@graph":[{"@type":"Article","@id":"https:\/\/casadecampoliving.com\/es\/esta-semana-en-casa-de-campo-eventos-al-atardecer-musica-en-vivo-brunch-fuegos-artificiales-y-mas\/#article","isPartOf":{"@id":"https:\/\/casadecampoliving.com\/es\/esta-semana-en-casa-de-campo-eventos-al-atardecer-musica-en-vivo-brunch-fuegos-artificiales-y-mas\/"},"author":{"name":"Casa de Campo Living","@id":"https:\/\/casadecampoliving.com\/es\/#\/schema\/person\/5d2171637a9d11e0e43ce6b8555f9422"},"headline":"Esta semana en Casa de Campo: eventos al atardecer, m\u00fasica en vivo, brunch, fuegos artificiales y m\u00e1s.","datePublished":"2020-12-27T04:00:00+00:00","dateModified":"2022-10-21T23:14:53+00:00","mainEntityOfPage":{"@id":"https:\/\/casadecampoliving.com\/es\/esta-semana-en-casa-de-campo-eventos-al-atardecer-musica-en-vivo-brunch-fuegos-artificiales-y-mas\/"},"wordCount":205,"publisher":{"@id":"https:\/\/casadecampoliving.com\/es\/#organization"},"image":{"@id":"https:\/\/casadecampoliving.com\/es\/esta-semana-en-casa-de-campo-eventos-al-atardecer-musica-en-vivo-brunch-fuegos-artificiales-y-mas\/#primaryimage"},"thumbnailUrl":"https:\/\/i0.wp.com\/casadecampoliving.com\/wp-content\/uploads\/2022\/10\/AG_00466-copy-1.jpg?fit=1000%2C555&ssl=1","keywords":["actividades","Altos de Chavon -es","altos de chavon anfiteatro","anfiteatro","arbol de navidad","Casa de Campo","CEREMONIA DE ILUMINACI\u00d3N","navidad","temporada de navidad"],"articleSection":["Altos de Chavon @es","Arte y cultura","Casa de Campo Living @es","Estilo de Vida","Eventos","La Marina Casa de Campo","Noticias Locales","Proximamente","Rep\u00fablica Dominicana @es","Resort Casa de Campo"],"inLanguage":"es"},{"@type":"WebPage","@id":"https:\/\/casadecampoliving.com\/es\/esta-semana-en-casa-de-campo-eventos-al-atardecer-musica-en-vivo-brunch-fuegos-artificiales-y-mas\/","url":"https:\/\/casadecampoliving.com\/es\/esta-semana-en-casa-de-campo-eventos-al-atardecer-musica-en-vivo-brunch-fuegos-artificiales-y-mas\/","name":"Esta semana en Casa de Campo: eventos al atardecer, m\u00fasica en vivo, brunch, fuegos artificiales y m\u00e1s. | Casa de Campo Living","isPartOf":{"@id":"https:\/\/casadecampoliving.com\/es\/#website"},"primaryImageOfPage":{"@id":"https:\/\/casadecampoliving.com\/es\/esta-semana-en-casa-de-campo-eventos-al-atardecer-musica-en-vivo-brunch-fuegos-artificiales-y-mas\/#primaryimage"},"image":{"@id":"https:\/\/casadecampoliving.com\/es\/esta-semana-en-casa-de-campo-eventos-al-atardecer-musica-en-vivo-brunch-fuegos-artificiales-y-mas\/#primaryimage"},"thumbnailUrl":"https:\/\/i0.wp.com\/casadecampoliving.com\/wp-content\/uploads\/2022\/10\/AG_00466-copy-1.jpg?fit=1000%2C555&ssl=1","datePublished":"2020-12-27T04:00:00+00:00","dateModified":"2022-10-21T23:14:53+00:00","description":"La Navidad en Casa de Campo se ha convertido en una tradici\u00f3n m\u00e1gica, celebrada con tanto entusiasmo como el resto del pa\u00eds y, de hecho, el mundo entero.","breadcrumb":{"@id":"https:\/\/casadecampoliving.com\/es\/esta-semana-en-casa-de-campo-eventos-al-atardecer-musica-en-vivo-brunch-fuegos-artificiales-y-mas\/#breadcrumb"},"inLanguage":"es","potentialAction":[{"@type":"ReadAction","target":["https:\/\/casadecampoliving.com\/es\/esta-semana-en-casa-de-campo-eventos-al-atardecer-musica-en-vivo-brunch-fuegos-artificiales-y-mas\/"]}]},{"@type":"ImageObject","inLanguage":"es","@id":"https:\/\/casadecampoliving.com\/es\/esta-semana-en-casa-de-campo-eventos-al-atardecer-musica-en-vivo-brunch-fuegos-artificiales-y-mas\/#primaryimage","url":"https:\/\/i0.wp.com\/casadecampoliving.com\/wp-content\/uploads\/2022\/10\/AG_00466-copy-1.jpg?fit=1000%2C555&ssl=1","contentUrl":"https:\/\/i0.wp.com\/casadecampoliving.com\/wp-content\/uploads\/2022\/10\/AG_00466-copy-1.jpg?fit=1000%2C555&ssl=1","width":1000,"height":555},{"@type":"BreadcrumbList","@id":"https:\/\/casadecampoliving.com\/es\/esta-semana-en-casa-de-campo-eventos-al-atardecer-musica-en-vivo-brunch-fuegos-artificiales-y-mas\/#breadcrumb","itemListElement":[{"@type":"ListItem","position":1,"name":"Home","item":"https:\/\/casadecampoliving.com\/es\/"},{"@type":"ListItem","position":2,"name":"Esta semana en Casa de Campo: eventos al atardecer, m\u00fasica en vivo, brunch, fuegos artificiales y m\u00e1s."}]},{"@type":"WebSite","@id":"https:\/\/casadecampoliving.com\/es\/#website","url":"https:\/\/casadecampoliving.com\/es\/","name":"Casa de Campo Living","description":"Resort community news and resources.","publisher":{"@id":"https:\/\/casadecampoliving.com\/es\/#organization"},"potentialAction":[{"@type":"SearchAction","target":{"@type":"EntryPoint","urlTemplate":"https:\/\/casadecampoliving.com\/es\/?s={search_term_string}"},"query-input":{"@type":"PropertyValueSpecification","valueRequired":true,"valueName":"search_term_string"}}],"inLanguage":"es"},{"@type":"Organization","@id":"https:\/\/casadecampoliving.com\/es\/#organization","name":"Casa de Campo Living","url":"https:\/\/casadecampoliving.com\/es\/","logo":{"@type":"ImageObject","inLanguage":"es","@id":"https:\/\/casadecampoliving.com\/es\/#\/schema\/logo\/image\/","url":"https:\/\/i0.wp.com\/casadecampoliving.com\/wp-content\/uploads\/2022\/07\/CDCLivingLogo_V1-white-sized.png?fit=800%2C214&ssl=1","contentUrl":"https:\/\/i0.wp.com\/casadecampoliving.com\/wp-content\/uploads\/2022\/07\/CDCLivingLogo_V1-white-sized.png?fit=800%2C214&ssl=1","width":800,"height":214,"caption":"Casa de Campo Living"},"image":{"@id":"https:\/\/casadecampoliving.com\/es\/#\/schema\/logo\/image\/"},"sameAs":["https:\/\/www.facebook.com\/casadecampoliving","https:\/\/x.com\/cdcliving"]},{"@type":"Person","@id":"https:\/\/casadecampoliving.com\/es\/#\/schema\/person\/5d2171637a9d11e0e43ce6b8555f9422","name":"Casa de Campo Living","image":{"@type":"ImageObject","inLanguage":"es","@id":"https:\/\/secure.gravatar.com\/avatar\/d04101fa4a9fd431e939953b1500fdc7a73cd35029f86d98712fd8ccdaebaf9a?s=96&d=mm&r=g","url":"https:\/\/secure.gravatar.com\/avatar\/d04101fa4a9fd431e939953b1500fdc7a73cd35029f86d98712fd8ccdaebaf9a?s=96&d=mm&r=g","contentUrl":"https:\/\/secure.gravatar.com\/avatar\/d04101fa4a9fd431e939953b1500fdc7a73cd35029f86d98712fd8ccdaebaf9a?s=96&d=mm&r=g","caption":"Casa de Campo Living"},"url":"https:\/\/casadecampoliving.com\/es\/author\/casa-de-campo-living\/"}]}},"parsely":{"version":"1.1.0","canonical_url":"https:\/\/casadecampoliving.com\/es\/esta-semana-en-casa-de-campo-eventos-al-atardecer-musica-en-vivo-brunch-fuegos-artificiales-y-mas\/","smart_links":{"inbound":0,"outbound":0},"traffic_boost_suggestions_count":0,"meta":{"@context":"https:\/\/schema.org","@type":"NewsArticle","headline":"Esta semana en Casa de Campo: eventos al atardecer, m\u00fasica en vivo, brunch, fuegos artificiales y m\u00e1s.","url":"http:\/\/casadecampoliving.com\/es\/esta-semana-en-casa-de-campo-eventos-al-atardecer-musica-en-vivo-brunch-fuegos-artificiales-y-mas\/","mainEntityOfPage":{"@type":"WebPage","@id":"http:\/\/casadecampoliving.com\/es\/esta-semana-en-casa-de-campo-eventos-al-atardecer-musica-en-vivo-brunch-fuegos-artificiales-y-mas\/"},"thumbnailUrl":"https:\/\/i0.wp.com\/casadecampoliving.com\/wp-content\/uploads\/2022\/10\/AG_00466-copy-1.jpg?resize=150%2C150&ssl=1","image":{"@type":"ImageObject","url":"https:\/\/i0.wp.com\/casadecampoliving.com\/wp-content\/uploads\/2022\/10\/AG_00466-copy-1.jpg?fit=1000%2C555&ssl=1"},"articleSection":"Altos de Chavon @es","author":[{"@type":"Person","name":"Casa de Campo Living"}],"creator":["Casa de Campo Living"],"publisher":{"@type":"Organization","name":"Casa de Campo Living","logo":"https:\/\/casadecampoliving.com\/wp-content\/uploads\/2022\/07\/CDCLivingLogo_V1-white-sized.png"},"keywords":["actividades","altos de chavon -es","altos de chavon anfiteatro","anfiteatro","arbol de navidad","casa de campo","ceremonia de iluminaci\u00f3n","navidad","temporada de navidad"],"dateCreated":"2020-12-27T04:00:00Z","datePublished":"2020-12-27T04:00:00Z","dateModified":"2022-10-21T23:14:53Z"},"rendered":"<script type=\"application\/ld+json\" class=\"wp-parsely-metadata\">{\"@context\":\"https:\\\/\\\/schema.org\",\"@type\":\"NewsArticle\",\"headline\":\"Esta semana en Casa de Campo: eventos al atardecer, m\\u00fasica en vivo, brunch, fuegos artificiales y m\\u00e1s.\",\"url\":\"http:\\\/\\\/casadecampoliving.com\\\/es\\\/esta-semana-en-casa-de-campo-eventos-al-atardecer-musica-en-vivo-brunch-fuegos-artificiales-y-mas\\\/\",\"mainEntityOfPage\":{\"@type\":\"WebPage\",\"@id\":\"http:\\\/\\\/casadecampoliving.com\\\/es\\\/esta-semana-en-casa-de-campo-eventos-al-atardecer-musica-en-vivo-brunch-fuegos-artificiales-y-mas\\\/\"},\"thumbnailUrl\":\"https:\\\/\\\/i0.wp.com\\\/casadecampoliving.com\\\/wp-content\\\/uploads\\\/2022\\\/10\\\/AG_00466-copy-1.jpg?resize=150%2C150&ssl=1\",\"image\":{\"@type\":\"ImageObject\",\"url\":\"https:\\\/\\\/i0.wp.com\\\/casadecampoliving.com\\\/wp-content\\\/uploads\\\/2022\\\/10\\\/AG_00466-copy-1.jpg?fit=1000%2C555&ssl=1\"},\"articleSection\":\"Altos de Chavon @es\",\"author\":[{\"@type\":\"Person\",\"name\":\"Casa de Campo Living\"}],\"creator\":[\"Casa de Campo Living\"],\"publisher\":{\"@type\":\"Organization\",\"name\":\"Casa de Campo Living\",\"logo\":\"https:\\\/\\\/casadecampoliving.com\\\/wp-content\\\/uploads\\\/2022\\\/07\\\/CDCLivingLogo_V1-white-sized.png\"},\"keywords\":[\"actividades\",\"altos de chavon -es\",\"altos de chavon anfiteatro\",\"anfiteatro\",\"arbol de navidad\",\"casa de campo\",\"ceremonia de iluminaci\\u00f3n\",\"navidad\",\"temporada de navidad\"],\"dateCreated\":\"2020-12-27T04:00:00Z\",\"datePublished\":\"2020-12-27T04:00:00Z\",\"dateModified\":\"2022-10-21T23:14:53Z\"}<\/script>","tracker_url":"https:\/\/cdn.parsely.com\/keys\/casadecampoliving.com\/p.js"},"jetpack_publicize_connections":[],"jetpack_featured_media_url":"https:\/\/i0.wp.com\/casadecampoliving.com\/wp-content\/uploads\/2022\/10\/AG_00466-copy-1.jpg?fit=1000%2C555&ssl=1","jetpack-related-posts":[{"id":433460,"url":"https:\/\/casadecampoliving.com\/es\/no-se-pierdan-el-increible-tributo-a-frank-sinatra-para-celebrar-el-40-aniversario-del-anfiteatro-altos-de-chavon\/","url_meta":{"origin":353948,"position":0},"title":"No se pierdan el incre\u00edble tributo a Frank Sinatra para celebrar el 40 aniversario del\u00a0Anfiteatro Altos de Chav\u00f3n","author":"Casa de Campo Living","date":"20 Oct, 2022","format":false,"excerpt":"Siendo uno de los escenarios m\u00e1s emblem\u00e1ticos del pa\u00eds, Casa de Campo Resort\u00ae & Villas celebra las cuatro d\u00e9cadas de aniversario de Altos de Chav\u00f3n con un tributo al gran Frank Sinatra, protagonizado por artistas invitados y una big band tal cual la que acompa\u00f1\u00f3 al artista hace 40 a\u00f1os\u2026","rel":"","context":"En \u00abUncategorized @es\u00bb","block_context":{"text":"Uncategorized @es","link":"https:\/\/casadecampoliving.com\/es\/category\/uncategorized-es\/"},"img":{"alt_text":"","src":"https:\/\/i0.wp.com\/casadecampoliving.com\/wp-content\/uploads\/2022\/10\/Tributo-Frank-Sinatra-Foto-Principal-Amaury-Sanchez-Danilo-Ginebra-Andres-Pichardo-y-Jose-Gabriel-Perez-.jpg?fit=1200%2C873&ssl=1&resize=350%2C200","width":350,"height":200,"srcset":"https:\/\/i0.wp.com\/casadecampoliving.com\/wp-content\/uploads\/2022\/10\/Tributo-Frank-Sinatra-Foto-Principal-Amaury-Sanchez-Danilo-Ginebra-Andres-Pichardo-y-Jose-Gabriel-Perez-.jpg?fit=1200%2C873&ssl=1&resize=350%2C200 1x, https:\/\/i0.wp.com\/casadecampoliving.com\/wp-content\/uploads\/2022\/10\/Tributo-Frank-Sinatra-Foto-Principal-Amaury-Sanchez-Danilo-Ginebra-Andres-Pichardo-y-Jose-Gabriel-Perez-.jpg?fit=1200%2C873&ssl=1&resize=525%2C300 1.5x, https:\/\/i0.wp.com\/casadecampoliving.com\/wp-content\/uploads\/2022\/10\/Tributo-Frank-Sinatra-Foto-Principal-Amaury-Sanchez-Danilo-Ginebra-Andres-Pichardo-y-Jose-Gabriel-Perez-.jpg?fit=1200%2C873&ssl=1&resize=700%2C400 2x, https:\/\/i0.wp.com\/casadecampoliving.com\/wp-content\/uploads\/2022\/10\/Tributo-Frank-Sinatra-Foto-Principal-Amaury-Sanchez-Danilo-Ginebra-Andres-Pichardo-y-Jose-Gabriel-Perez-.jpg?fit=1200%2C873&ssl=1&resize=1050%2C600 3x"},"classes":[]},{"id":353944,"url":"https:\/\/casadecampoliving.com\/es\/esta-proxima-semana-en-casa-de-campo-espectaculo-de-magia-villancicos-cine-al-aire-libre-juegos-olimpicos-en-la-playa-y-mas\/","url_meta":{"origin":353948,"position":1},"title":"Esta pr\u00f3xima semana en Casa de Campo: espect\u00e1culo de magia, villancicos, cine al aire libre, juegos ol\u00edmpicos en la playa y m\u00e1s.","author":"Casa de Campo Living","date":"20 Dic, 2020","format":false,"excerpt":"La Navidad en Casa de Campo se ha convertido en una tradici\u00f3n m\u00e1gica, celebrada con tanto entusiasmo como el resto del pa\u00eds y, de hecho, el mundo entero. A medida que se acercan las vacaciones, esta semana se acercan m\u00e1s actividades festivas en Casa, lo que significa que hay muchas\u2026","rel":"","context":"En \u00abAltos de Chavon @es\u00bb","block_context":{"text":"Altos de Chavon @es","link":"https:\/\/casadecampoliving.com\/category\/altos-de-chavon-es\/"},"img":{"alt_text":"","src":"https:\/\/i0.wp.com\/casadecampoliving.com\/wp-content\/uploads\/2022\/10\/AG_00466-copy-1.jpg?fit=1000%2C555&ssl=1&resize=350%2C200","width":350,"height":200,"srcset":"https:\/\/i0.wp.com\/casadecampoliving.com\/wp-content\/uploads\/2022\/10\/AG_00466-copy-1.jpg?fit=1000%2C555&ssl=1&resize=350%2C200 1x, https:\/\/i0.wp.com\/casadecampoliving.com\/wp-content\/uploads\/2022\/10\/AG_00466-copy-1.jpg?fit=1000%2C555&ssl=1&resize=525%2C300 1.5x, https:\/\/i0.wp.com\/casadecampoliving.com\/wp-content\/uploads\/2022\/10\/AG_00466-copy-1.jpg?fit=1000%2C555&ssl=1&resize=700%2C400 2x"},"classes":[]},{"id":348811,"url":"https:\/\/casadecampoliving.com\/es\/presentaciones-navidenas-en-casa-para-esta-semana\/","url_meta":{"origin":353948,"position":2},"title":"\u00a1Presentaciones navide\u00f1as en Casa para esta semana!","author":"Perkin Agramonte","date":"14 Dic, 2015","format":false,"excerpt":"Es mediado de diciembre, lo que quiere decir que ha comenzado la primera fase de celebraciones navide\u00f1as en Casa de Campo... \u00a1pero est\u00e9n alerta porque lo MEJOR\u00a0del programa navide\u00f1o est\u00e1 por llegar! Habiendo iniciado las festividades el pasado viernes 12 de diciembre con el encendido de luces navide\u00f1as en Altos\u2026","rel":"","context":"En \u00abAltos de Chavon @es\u00bb","block_context":{"text":"Altos de Chavon @es","link":"https:\/\/casadecampoliving.com\/category\/altos-de-chavon-es\/"},"img":{"alt_text":"Christmas in Casa","src":"https:\/\/i0.wp.com\/casadecampoliving.com\/wp-content\/uploads\/2022\/10\/Chavon_Christmas-e1450112710690-1.jpg?fit=650%2C368&ssl=1&resize=350%2C200","width":350,"height":200,"srcset":"https:\/\/i0.wp.com\/casadecampoliving.com\/wp-content\/uploads\/2022\/10\/Chavon_Christmas-e1450112710690-1.jpg?fit=650%2C368&ssl=1&resize=350%2C200 1x, https:\/\/i0.wp.com\/casadecampoliving.com\/wp-content\/uploads\/2022\/10\/Chavon_Christmas-e1450112710690-1.jpg?fit=650%2C368&ssl=1&resize=525%2C300 1.5x"},"classes":[]},{"id":353933,"url":"https:\/\/casadecampoliving.com\/es\/empieza-la-navidad-en-casa-de-campo-altos-de-chavon-enciende-las-luces-navidenas\/","url_meta":{"origin":353948,"position":3},"title":"Empieza la Navidad en Casa de Campo &#8211; \u00a1Altos de Chav\u00f3n enciende las luces navide\u00f1as!","author":"Casa de Campo Living","date":"7 Dic, 2020","format":false,"excerpt":"El pasado viernes 4 de diciembre dimos la bienvenida a la Navidad en el pueblo m\u00e1gico de Altos de Chav\u00f3n, con el encendido del gran \u00e1rbol de Navidad y las numerosas azoteas y casitas de Chav\u00f3n. Cada a\u00f1o, este evento une a la familia Casa de Campo, y este a\u00f1o,\u2026","rel":"","context":"En \u00abAltos de Chavon @es\u00bb","block_context":{"text":"Altos de Chavon @es","link":"https:\/\/casadecampoliving.com\/category\/altos-de-chavon-es\/"},"img":{"alt_text":"","src":"https:\/\/i0.wp.com\/casadecampoliving.com\/wp-content\/uploads\/2022\/10\/genie_2020_Dec_04_44655-1-1.jpg?fit=1000%2C650&ssl=1&resize=350%2C200","width":350,"height":200,"srcset":"https:\/\/i0.wp.com\/casadecampoliving.com\/wp-content\/uploads\/2022\/10\/genie_2020_Dec_04_44655-1-1.jpg?fit=1000%2C650&ssl=1&resize=350%2C200 1x, https:\/\/i0.wp.com\/casadecampoliving.com\/wp-content\/uploads\/2022\/10\/genie_2020_Dec_04_44655-1-1.jpg?fit=1000%2C650&ssl=1&resize=525%2C300 1.5x, https:\/\/i0.wp.com\/casadecampoliving.com\/wp-content\/uploads\/2022\/10\/genie_2020_Dec_04_44655-1-1.jpg?fit=1000%2C650&ssl=1&resize=700%2C400 2x"},"classes":[]},{"id":337334,"url":"https:\/\/casadecampoliving.com\/es\/reserve-la-fecha-bazar-navideno-sabado-10-de-diciembre-en-altos-de-chavon\/","url_meta":{"origin":353948,"position":4},"title":"Reserve la fecha: Bazar Navide\u00f1o, S\u00e1bado 10 de diciembre en Altos de Chav\u00f3n","author":"","date":"17 Nov, 2011","format":false,"excerpt":"Es tiempo de dar, recibir\u2026..\u00a0y empezar estas fiestas navide\u00f1as en Casa de Campo, pues Casa de Campo Living le invita al\u00a0Bazar Navide\u00f1o;\u00a0un mercado de Navidad que incluye la ceremonia para encender el\u00a0\u00e1rbol\u00a0de Navidad y la\u00a0presentaci\u00f3n\u00a0de Ballet \u201cCascanueces\u201d, adem\u00e1s de un Recital de Navidad en la Plaza principal de Altos de\u2026","rel":"","context":"En \u00abAltos de Chavon @es\u00bb","block_context":{"text":"Altos de Chavon @es","link":"https:\/\/casadecampoliving.com\/category\/altos-de-chavon-es\/"},"img":{"alt_text":"","src":"https:\/\/i0.wp.com\/casadecampoliving.com\/wp-content\/uploads\/2022\/10\/Bazar-navideno-header1En1.jpg?fit=650%2C366&ssl=1&resize=350%2C200","width":350,"height":200,"srcset":"https:\/\/i0.wp.com\/casadecampoliving.com\/wp-content\/uploads\/2022\/10\/Bazar-navideno-header1En1.jpg?fit=650%2C366&ssl=1&resize=350%2C200 1x, https:\/\/i0.wp.com\/casadecampoliving.com\/wp-content\/uploads\/2022\/10\/Bazar-navideno-header1En1.jpg?fit=650%2C366&ssl=1&resize=525%2C300 1.5x"},"classes":[]},{"id":354238,"url":"https:\/\/casadecampoliving.com\/es\/resumen-de-la-semana-de-navidad-2021-en-casa-de-campo-encuentra-aqui-todas-las-fotos\/","url_meta":{"origin":353948,"position":5},"title":"\u00a1Resumen de la semana de Navidad 2021 en Casa de Campo! \u00a1Encuentra aqu\u00ed todas las fotos!","author":"Casa de Campo Living","date":"28 Dic, 2021","format":false,"excerpt":"Las festividades navide\u00f1as en Altos de Chav\u00f3n se han convertido en una maravillosa tradici\u00f3n en Casa de Campo, que se celebra con tanto entusiasmo como en el resto del pa\u00eds y, de hecho, en todo el mundo. Reconocido por su belleza arquitect\u00f3nica y su atm\u00f3sfera id\u00edlica, Altos de Chav\u00f3n es\u2026","rel":"","context":"En \u00abAltos de Chavon @es\u00bb","block_context":{"text":"Altos de Chavon @es","link":"https:\/\/casadecampoliving.com\/category\/altos-de-chavon-es\/"},"img":{"alt_text":"","src":"https:\/\/i0.wp.com\/casadecampoliving.com\/wp-content\/uploads\/2022\/10\/DJI_0780-HDR-1.jpg?fit=1000%2C666&ssl=1&resize=350%2C200","width":350,"height":200,"srcset":"https:\/\/i0.wp.com\/casadecampoliving.com\/wp-content\/uploads\/2022\/10\/DJI_0780-HDR-1.jpg?fit=1000%2C666&ssl=1&resize=350%2C200 1x, https:\/\/i0.wp.com\/casadecampoliving.com\/wp-content\/uploads\/2022\/10\/DJI_0780-HDR-1.jpg?fit=1000%2C666&ssl=1&resize=525%2C300 1.5x, https:\/\/i0.wp.com\/casadecampoliving.com\/wp-content\/uploads\/2022\/10\/DJI_0780-HDR-1.jpg?fit=1000%2C666&ssl=1&resize=700%2C400 2x"},"classes":[]}],"jetpack_sharing_enabled":true,"_links":{"self":[{"href":"https:\/\/casadecampoliving.com\/es\/wp-json\/wp\/v2\/posts\/353948","targetHints":{"allow":["GET"]}}],"collection":[{"href":"https:\/\/casadecampoliving.com\/es\/wp-json\/wp\/v2\/posts"}],"about":[{"href":"https:\/\/casadecampoliving.com\/es\/wp-json\/wp\/v2\/types\/post"}],"author":[{"embeddable":true,"href":"https:\/\/casadecampoliving.com\/es\/wp-json\/wp\/v2\/users\/36791"}],"replies":[{"embeddable":true,"href":"https:\/\/casadecampoliving.com\/es\/wp-json\/wp\/v2\/comments?post=353948"}],"version-history":[{"count":0,"href":"https:\/\/casadecampoliving.com\/es\/wp-json\/wp\/v2\/posts\/353948\/revisions"}],"wp:featuredmedia":[{"embeddable":true,"href":"https:\/\/casadecampoliving.com\/es\/wp-json\/wp\/v2\/media\/332824"}],"wp:attachment":[{"href":"https:\/\/casadecampoliving.com\/es\/wp-json\/wp\/v2\/media?parent=353948"}],"wp:term":[{"taxonomy":"category","embeddable":true,"href":"https:\/\/casadecampoliving.com\/es\/wp-json\/wp\/v2\/categories?post=353948"},{"taxonomy":"post_tag","embeddable":true,"href":"https:\/\/casadecampoliving.com\/es\/wp-json\/wp\/v2\/tags?post=353948"},{"taxonomy":"newspack_spnsrs_tax","embeddable":true,"href":"https:\/\/casadecampoliving.com\/es\/wp-json\/wp\/v2\/newspack_spnsrs_tax?post=353948"}],"curies":[{"name":"wp","href":"https:\/\/api.w.org\/{rel}","templated":true}]}}