{"id":353932,"date":"2020-12-04T00:00:00","date_gmt":"2020-12-04T04:00:00","guid":{"rendered":"https:\/\/casadecampoliving.com\/alvaro-silva-y-alfonso-fanjul-le-invitan-al-evento-golf-for-education-fundacion-mir-reserva-la-fecha-16-de-enero-de-2021\/"},"modified":"2022-10-21T19:11:52","modified_gmt":"2022-10-21T23:11:52","slug":"alvaro-silva-y-alfonso-fanjul-le-invitan-al-evento-golf-for-education-fundacion-mir-reserva-la-fecha-16-de-enero-de-2021","status":"publish","type":"post","link":"https:\/\/casadecampoliving.com\/es\/alvaro-silva-y-alfonso-fanjul-le-invitan-al-evento-golf-for-education-fundacion-mir-reserva-la-fecha-16-de-enero-de-2021\/","title":{"rendered":"\u00c1lvaro Silva y Alfonso Fanjul le invitan al evento Golf for Education Fundaci\u00f3n MIR &#8211; \u00a1Reserva la fecha 16 de enero de 2021!"},"content":{"rendered":"\n<p>Como la mayor\u00eda de ustedes ya se habr\u00e1 dado cuenta, \u00a1el golf en Casa de Campo nunca se detiene! \u00a1Aqu\u00ed en Casa de Campo, AMAMOS el golf! \u00bfPor qu\u00e9? Bueno, tenemos 5 campos de golf dise\u00f1ados por el legendario Pete Dye, incluido el Teeth of the Dog (\u00a1reconocido mundialmente!), \u00a1Eso no est\u00e1 nada mal! El golf es de hecho un pasatiempo popular que ofrece una excelente manera de disfrutar del aire libre, es un gran deporte para practicar durante estos tiempos que requieren distanciamiento social y une a las comunidades como hemos visto tan a menudo por una buena causa: juntos hay \u00a1Sin duda, realmente marcamos la diferencia!<\/p>\n\n\n\n<p>La Fundaci\u00f3n MIR, fundada por Lian Fanjul de Azqueta en 1990, se ha dedicado desde entonces a mejorar la vida de los j\u00f3venes de la zona de La Romana en Rep\u00fablica Dominicana. Y aunque muchas almas generosas de la comunidad de Casa de Campo donan felizmente al MIR y asisten a los muchos eventos anuales de caridad de la fundaci\u00f3n, es triste decirlo, pero esta pandemia ha pospuesto muchos eventos clave en el calendario de recaudaci\u00f3n de fondos de muchas organizaciones que ayudan a aquellos en necesidad.<\/p>\n\n\n<div class=\"wp-block-image\">\n<figure class=\"aligncenter is-resized\"><img loading=\"lazy\" decoding=\"async\" src=\"https:\/\/i0.wp.com\/casadecampoliving.com\/wp-content\/uploads\/2022\/10\/IMG_4863-3.jpg?resize=1000%2C600&amp;ssl=1\" alt=\"\" class=\"wp-image-208003\" height=\"600\" width=\"1000\"\/><\/figure>\n<\/div>\n\n\n<p>Con su continua ayuda, la Fundaci\u00f3n MIR ha podido ayudar a las m\u00e1s de 2.000 familias que dependen de su apoyo a cubrir gran parte de sus necesidades b\u00e1sicas de higiene, salud y alimentaci\u00f3n. Como una forma de continuar con sus esfuerzos de recaudaci\u00f3n de fondos, sin dejar de observar todos los protocolos de salud y seguridad, la Fundaci\u00f3n MIR, junto con el Sr. Alvaro Silva y el Sr. Alfonso Fanjul, ha organizado el evento <strong>\u201cGolf para la educaci\u00f3n\u201d<\/strong> que tendr\u00e1 lugar el s\u00e1bado de enero. 16 de 2021.<\/p>\n\n\n\n<p>\u00a1Este evento es una forma divertida de apoyar a los estudiantes y profesores de las Escuelas Fundaci\u00f3n MIR! Pase el d\u00eda en el hermoso campo de golf de La Romana Country Club mientras disfruta de una competencia amistosa para ver qui\u00e9n ser\u00e1 el ganador de este evento. Todos los fondos recaudados a trav\u00e9s del torneo apoyan los muchos programas de la Fundaci\u00f3n. Reg\u00edstrese poni\u00e9ndose en contacto con las oficinas principales de la Fundaci\u00f3n MIR y, si no juega, considere hacer una donaci\u00f3n.<\/p>\n\n\n\n<p><strong>\u00a1\u00a1Te animamos a que te unas al torneo de golf para jugar por una excelente causa !!<\/strong><\/p>\n\n\n\n<p><em>[im\u00e1genes del evento Golf for Education en septiembre de 2020]<\/em><\/p>\n\n\n\n<blockquote><figure><img decoding=\"async\" loading=\"lazy\" class=\"aligncenter size-full wp-image-208005\" src=\"https:\/\/i0.wp.com\/casadecampoliving.com\/wp-content\/uploads\/2022\/10\/unnamed-1-19.jpg?resize=600%2C927&amp;ssl=1\" alt=\"\" width=\"600\" height=\"927\"><\/figure><p><strong><a href=\"https:\/\/casadecampoliving.com\/es\/the-fundacion-mir\/\">Fundaci\u00f3n&nbsp;MIR<\/a><\/strong><\/p><figure><img decoding=\"async\" loading=\"lazy\" class=\"alignright size-thumbnail wp-image-164104 jetpack-lazy-image jetpack-lazy-image--handled\" src=\"https:\/\/i0.wp.com\/casadecampoliving.com\/wp-content\/uploads\/2022\/10\/fundacion-mir-logo-150x150-4-150x150.png?resize=150%2C150&amp;ssl=1\" sizes=\"auto, (max-width: 150px) 100vw, 150px\" srcset=\"https:\/\/i0.wp.com\/casadecampoliving.com\/wp-content\/uploads\/2022\/10\/fundacion-mir-logo-150x150-4-150x150.png?resize=150%2C150&amp;ssl=1 150w, https:\/\/casadecampoliving-wp.s3-accelerate.amazonaws.com\/2018\/10\/fundacion-mir-logo-300x300.png 300w, https:\/\/casadecampoliving-wp.s3-accelerate.amazonaws.com\/2018\/10\/fundacion-mir-logo-80x80.png 80w, https:\/\/casadecampoliving-wp.s3-accelerate.amazonaws.com\/2018\/10\/fundacion-mir-logo.png 576w\" alt=\"\" width=\"150\" height=\"150\" data-recalc-dims=\"1\" data-lazy-loaded=\"1\"><\/figure><p>La&nbsp;<a href=\"https:\/\/casadecampoliving.com\/es\/the-fundacion-mir\/\">Fundaci\u00f3n MIR&nbsp;<\/a>&nbsp;es una organizac\u00f3n sin fines de lucro que trabaja para proveerle educaci\u00f3n a los ni\u00f1os m\u00e1s necesitados de La Romana. Ellos dirigen tres escuelas; MIR Esperanza (escuela vocacional de ni\u00f1os), la Escuela Tecnica Vocacional&nbsp;Fundaci\u00f3n&nbsp;MIR (escuela vocacional de ni\u00f1as) y la&nbsp;<a href=\"https:\/\/casadecampoliving.com\/es\/the-fundacion-mir\/\">Primaria MIR&nbsp;<\/a>(escuela infantil).<\/p><p>Para m\u00e1s informaci\u00f3n sobre la Fundaci\u00f3n MIR y para hacer una donaci\u00f3n, favor visitar la p\u00e1gina web:&nbsp;<a href=\"http:\/\/www.mirinternational.org\/\">www.FundacionMIR.org<\/a><\/p><p><strong>DONE HOY<\/strong><\/p><p>Para hacer una donaci\u00f3n contacte la oficina MIR en Casa de Campo(809-523-8270) o en West Palm Beach (561-366-5095). \u00a1Donaciones para los ciudadanos de Estados Unidos son deducibles de impuestos!<\/p><p>\u00d3 Puede escribir un cheque a nombre de Fundaci\u00f3n MIR, o hacer una transferencia bancaria a su cuenta 5110101581 en el Banco del Progreso (RNC 4-12-02039-9) o visitar su sitio web&nbsp;<a href=\"https:\/\/www.mircharities.org\/donation\" target=\"_blank\" rel=\"noopener noreferrer\">https:\/\/www.mircharities.org\/donations&nbsp;<\/a><\/p><p><em><strong><a href=\"https:\/\/casadecampoliving.com\/es\/the-fundacion-mir\/\">Para descrubir m\u00e1s y leer art\u00edculos sobre otros eventos organizados por la Fundaci\u00f3n MIR \u2013 \u00a1cliquee aqu\u00ed!<\/a><\/strong><\/em><\/p><\/blockquote>\n","protected":false},"excerpt":{"rendered":"<p>Como la mayor\u00eda de ustedes ya se habr\u00e1 dado cuenta, \u00a1el golf en Casa de Campo nunca se detiene! \u00a1Aqu\u00ed en Casa de Campo, AMAMOS el golf! \u00bfPor qu\u00e9? Bueno, tenemos 5 campos de golf dise\u00f1ados por el legendario Pete Dye, incluido el Teeth of the Dog (\u00a1reconocido mundialmente!), \u00a1Eso no est\u00e1 nada mal! El [&hellip;]<\/p>\n","protected":false},"author":36791,"featured_media":332747,"comment_status":"closed","ping_status":"open","sticky":false,"template":"","format":"standard","meta":{"newspack_ads_suppress_ads":false,"newspack_popups_has_disabled_popups":false,"newspack_sponsor_sponsorship_scope":"","newspack_sponsor_native_byline_display":"inherit","newspack_sponsor_native_category_display":"inherit","newspack_sponsor_underwriter_style":"inherit","newspack_sponsor_underwriter_placement":"inherit","_newspack_byline_active":false,"_newspack_byline":"","newspack_hide_updated_date":false,"newspack_show_updated_date":false,"newspack_content_restriction_is_exempt":false,"newspack_featured_image_position":"","newspack_post_subtitle":"","newspack_article_summary_title":"Overview:","newspack_article_summary":"","_jetpack_memberships_contains_paid_content":false,"footnotes":"","jetpack_publicize_message":"","jetpack_publicize_feature_enabled":true,"jetpack_social_post_already_shared":false,"jetpack_social_options":{"image_generator_settings":{"template":"highway","default_image_id":0,"font":"","enabled":false},"version":2},"_wpas_customize_per_network":false},"categories":[14631,2522,2515,2514,14625,14627,2521],"tags":[14736,24715],"newspack_spnsrs_tax":[],"class_list":["post-353932","post","type-post","status-publish","format-standard","has-post-thumbnail","hentry","category-estilo-de-vida","category-eventos-es","category-fundacion-mir-es","category-fundaciones-es","category-noticias-locales","category-proximamente","category-republica-dominicana-2","tag-featured-topview-es","tag-fundacion-mir-es","entry"],"yoast_head":"<!-- This site is optimized with the Yoast SEO plugin v27.5 - https:\/\/yoast.com\/product\/yoast-seo-wordpress\/ -->\n<title>\u00c1lvaro Silva y Alfonso Fanjul le invitan al evento Golf for Education Fundaci\u00f3n MIR - \u00a1Reserva la fecha 16 de enero de 2021! | Casa de Campo Living<\/title>\n<meta name=\"description\" content=\"Como la mayor\u00eda de ustedes ya se habr\u00e1 dado cuenta, \u00a1el golf en Casa de Campo nunca se detiene! \u00a1Aqu\u00ed en Casa de Campo, AMAMOS el golf! \u00bfPor qu\u00e9? Bueno,\" \/>\n<meta name=\"robots\" content=\"index, follow, max-snippet:-1, max-image-preview:large, max-video-preview:-1\" \/>\n<link rel=\"canonical\" href=\"https:\/\/casadecampoliving.com\/es\/alvaro-silva-y-alfonso-fanjul-le-invitan-al-evento-golf-for-education-fundacion-mir-reserva-la-fecha-16-de-enero-de-2021\/\" \/>\n<meta property=\"og:locale\" content=\"es_ES\" \/>\n<meta property=\"og:type\" content=\"article\" \/>\n<meta property=\"og:title\" content=\"\u00c1lvaro Silva y Alfonso Fanjul le invitan al evento Golf for Education Fundaci\u00f3n MIR - \u00a1Reserva la fecha 16 de enero de 2021! | Casa de Campo Living\" \/>\n<meta property=\"og:description\" content=\"Como la mayor\u00eda de ustedes ya se habr\u00e1 dado cuenta, \u00a1el golf en Casa de Campo nunca se detiene! \u00a1Aqu\u00ed en Casa de Campo, AMAMOS el golf! \u00bfPor qu\u00e9? Bueno,\" \/>\n<meta property=\"og:url\" content=\"https:\/\/casadecampoliving.com\/es\/alvaro-silva-y-alfonso-fanjul-le-invitan-al-evento-golf-for-education-fundacion-mir-reserva-la-fecha-16-de-enero-de-2021\/\" \/>\n<meta property=\"og:site_name\" content=\"Casa de Campo Living\" \/>\n<meta property=\"article:publisher\" content=\"https:\/\/www.facebook.com\/casadecampoliving\" \/>\n<meta property=\"article:published_time\" content=\"2020-12-04T04:00:00+00:00\" \/>\n<meta property=\"article:modified_time\" content=\"2022-10-21T23:11:52+00:00\" \/>\n<meta property=\"og:image\" content=\"https:\/\/i0.wp.com\/casadecampoliving.com\/wp-content\/uploads\/2022\/10\/IMG_4861-3.jpg?fit=1000%2C600&ssl=1\" \/>\n\t<meta property=\"og:image:width\" content=\"1000\" \/>\n\t<meta property=\"og:image:height\" content=\"600\" \/>\n\t<meta property=\"og:image:type\" content=\"image\/jpeg\" \/>\n<meta name=\"author\" content=\"Casa de Campo Living\" \/>\n<meta name=\"twitter:card\" content=\"summary_large_image\" \/>\n<meta name=\"twitter:creator\" content=\"@cdcliving\" \/>\n<meta name=\"twitter:site\" content=\"@cdcliving\" \/>\n<meta name=\"twitter:label1\" content=\"Escrito por\" \/>\n\t<meta name=\"twitter:data1\" content=\"Casa de Campo Living\" \/>\n\t<meta name=\"twitter:label2\" content=\"Tiempo de lectura\" \/>\n\t<meta name=\"twitter:data2\" content=\"3 minutos\" \/>\n<script type=\"application\/ld+json\" class=\"yoast-schema-graph\">{\"@context\":\"https:\\\/\\\/schema.org\",\"@graph\":[{\"@type\":\"Article\",\"@id\":\"https:\\\/\\\/casadecampoliving.com\\\/es\\\/alvaro-silva-y-alfonso-fanjul-le-invitan-al-evento-golf-for-education-fundacion-mir-reserva-la-fecha-16-de-enero-de-2021\\\/#article\",\"isPartOf\":{\"@id\":\"https:\\\/\\\/casadecampoliving.com\\\/es\\\/alvaro-silva-y-alfonso-fanjul-le-invitan-al-evento-golf-for-education-fundacion-mir-reserva-la-fecha-16-de-enero-de-2021\\\/\"},\"author\":{\"name\":\"Casa de Campo Living\",\"@id\":\"https:\\\/\\\/casadecampoliving.com\\\/es\\\/#\\\/schema\\\/person\\\/5d2171637a9d11e0e43ce6b8555f9422\"},\"headline\":\"\u00c1lvaro Silva y Alfonso Fanjul le invitan al evento Golf for Education Fundaci\u00f3n MIR &#8211; \u00a1Reserva la fecha 16 de enero de 2021!\",\"datePublished\":\"2020-12-04T04:00:00+00:00\",\"dateModified\":\"2022-10-21T23:11:52+00:00\",\"mainEntityOfPage\":{\"@id\":\"https:\\\/\\\/casadecampoliving.com\\\/es\\\/alvaro-silva-y-alfonso-fanjul-le-invitan-al-evento-golf-for-education-fundacion-mir-reserva-la-fecha-16-de-enero-de-2021\\\/\"},\"wordCount\":620,\"publisher\":{\"@id\":\"https:\\\/\\\/casadecampoliving.com\\\/es\\\/#organization\"},\"image\":{\"@id\":\"https:\\\/\\\/casadecampoliving.com\\\/es\\\/alvaro-silva-y-alfonso-fanjul-le-invitan-al-evento-golf-for-education-fundacion-mir-reserva-la-fecha-16-de-enero-de-2021\\\/#primaryimage\"},\"thumbnailUrl\":\"https:\\\/\\\/i0.wp.com\\\/casadecampoliving.com\\\/wp-content\\\/uploads\\\/2022\\\/10\\\/IMG_4861-3.jpg?fit=1000%2C600&ssl=1\",\"keywords\":[\"Featured-TopView @es\",\"Fundacion MIR\"],\"articleSection\":[\"Estilo de Vida\",\"Eventos\",\"Fundaci\u00f3n MIR @es\",\"Fundaciones\",\"Noticias Locales\",\"Proximamente\",\"Rep\u00fablica Dominicana @es\"],\"inLanguage\":\"es\"},{\"@type\":\"WebPage\",\"@id\":\"https:\\\/\\\/casadecampoliving.com\\\/es\\\/alvaro-silva-y-alfonso-fanjul-le-invitan-al-evento-golf-for-education-fundacion-mir-reserva-la-fecha-16-de-enero-de-2021\\\/\",\"url\":\"https:\\\/\\\/casadecampoliving.com\\\/es\\\/alvaro-silva-y-alfonso-fanjul-le-invitan-al-evento-golf-for-education-fundacion-mir-reserva-la-fecha-16-de-enero-de-2021\\\/\",\"name\":\"\u00c1lvaro Silva y Alfonso Fanjul le invitan al evento Golf for Education Fundaci\u00f3n MIR - \u00a1Reserva la fecha 16 de enero de 2021! | Casa de Campo Living\",\"isPartOf\":{\"@id\":\"https:\\\/\\\/casadecampoliving.com\\\/es\\\/#website\"},\"primaryImageOfPage\":{\"@id\":\"https:\\\/\\\/casadecampoliving.com\\\/es\\\/alvaro-silva-y-alfonso-fanjul-le-invitan-al-evento-golf-for-education-fundacion-mir-reserva-la-fecha-16-de-enero-de-2021\\\/#primaryimage\"},\"image\":{\"@id\":\"https:\\\/\\\/casadecampoliving.com\\\/es\\\/alvaro-silva-y-alfonso-fanjul-le-invitan-al-evento-golf-for-education-fundacion-mir-reserva-la-fecha-16-de-enero-de-2021\\\/#primaryimage\"},\"thumbnailUrl\":\"https:\\\/\\\/i0.wp.com\\\/casadecampoliving.com\\\/wp-content\\\/uploads\\\/2022\\\/10\\\/IMG_4861-3.jpg?fit=1000%2C600&ssl=1\",\"datePublished\":\"2020-12-04T04:00:00+00:00\",\"dateModified\":\"2022-10-21T23:11:52+00:00\",\"description\":\"Como la mayor\u00eda de ustedes ya se habr\u00e1 dado cuenta, \u00a1el golf en Casa de Campo nunca se detiene! \u00a1Aqu\u00ed en Casa de Campo, AMAMOS el golf! \u00bfPor qu\u00e9? Bueno,\",\"breadcrumb\":{\"@id\":\"https:\\\/\\\/casadecampoliving.com\\\/es\\\/alvaro-silva-y-alfonso-fanjul-le-invitan-al-evento-golf-for-education-fundacion-mir-reserva-la-fecha-16-de-enero-de-2021\\\/#breadcrumb\"},\"inLanguage\":\"es\",\"potentialAction\":[{\"@type\":\"ReadAction\",\"target\":[\"https:\\\/\\\/casadecampoliving.com\\\/es\\\/alvaro-silva-y-alfonso-fanjul-le-invitan-al-evento-golf-for-education-fundacion-mir-reserva-la-fecha-16-de-enero-de-2021\\\/\"]}]},{\"@type\":\"ImageObject\",\"inLanguage\":\"es\",\"@id\":\"https:\\\/\\\/casadecampoliving.com\\\/es\\\/alvaro-silva-y-alfonso-fanjul-le-invitan-al-evento-golf-for-education-fundacion-mir-reserva-la-fecha-16-de-enero-de-2021\\\/#primaryimage\",\"url\":\"https:\\\/\\\/i0.wp.com\\\/casadecampoliving.com\\\/wp-content\\\/uploads\\\/2022\\\/10\\\/IMG_4861-3.jpg?fit=1000%2C600&ssl=1\",\"contentUrl\":\"https:\\\/\\\/i0.wp.com\\\/casadecampoliving.com\\\/wp-content\\\/uploads\\\/2022\\\/10\\\/IMG_4861-3.jpg?fit=1000%2C600&ssl=1\",\"width\":1000,\"height\":600},{\"@type\":\"BreadcrumbList\",\"@id\":\"https:\\\/\\\/casadecampoliving.com\\\/es\\\/alvaro-silva-y-alfonso-fanjul-le-invitan-al-evento-golf-for-education-fundacion-mir-reserva-la-fecha-16-de-enero-de-2021\\\/#breadcrumb\",\"itemListElement\":[{\"@type\":\"ListItem\",\"position\":1,\"name\":\"Home\",\"item\":\"https:\\\/\\\/casadecampoliving.com\\\/es\\\/\"},{\"@type\":\"ListItem\",\"position\":2,\"name\":\"\u00c1lvaro Silva y Alfonso Fanjul le invitan al evento Golf for Education Fundaci\u00f3n MIR &#8211; \u00a1Reserva la fecha 16 de enero de 2021!\"}]},{\"@type\":\"WebSite\",\"@id\":\"https:\\\/\\\/casadecampoliving.com\\\/es\\\/#website\",\"url\":\"https:\\\/\\\/casadecampoliving.com\\\/es\\\/\",\"name\":\"Casa de Campo Living\",\"description\":\"Resort community news and resources.\",\"publisher\":{\"@id\":\"https:\\\/\\\/casadecampoliving.com\\\/es\\\/#organization\"},\"potentialAction\":[{\"@type\":\"SearchAction\",\"target\":{\"@type\":\"EntryPoint\",\"urlTemplate\":\"https:\\\/\\\/casadecampoliving.com\\\/es\\\/?s={search_term_string}\"},\"query-input\":{\"@type\":\"PropertyValueSpecification\",\"valueRequired\":true,\"valueName\":\"search_term_string\"}}],\"inLanguage\":\"es\"},{\"@type\":\"Organization\",\"@id\":\"https:\\\/\\\/casadecampoliving.com\\\/es\\\/#organization\",\"name\":\"Casa de Campo Living\",\"url\":\"https:\\\/\\\/casadecampoliving.com\\\/es\\\/\",\"logo\":{\"@type\":\"ImageObject\",\"inLanguage\":\"es\",\"@id\":\"https:\\\/\\\/casadecampoliving.com\\\/es\\\/#\\\/schema\\\/logo\\\/image\\\/\",\"url\":\"https:\\\/\\\/i0.wp.com\\\/casadecampoliving.com\\\/wp-content\\\/uploads\\\/2022\\\/07\\\/CDCLivingLogo_V1-white-sized.png?fit=800%2C214&ssl=1\",\"contentUrl\":\"https:\\\/\\\/i0.wp.com\\\/casadecampoliving.com\\\/wp-content\\\/uploads\\\/2022\\\/07\\\/CDCLivingLogo_V1-white-sized.png?fit=800%2C214&ssl=1\",\"width\":800,\"height\":214,\"caption\":\"Casa de Campo Living\"},\"image\":{\"@id\":\"https:\\\/\\\/casadecampoliving.com\\\/es\\\/#\\\/schema\\\/logo\\\/image\\\/\"},\"sameAs\":[\"https:\\\/\\\/www.facebook.com\\\/casadecampoliving\",\"https:\\\/\\\/x.com\\\/cdcliving\"]},{\"@type\":\"Person\",\"@id\":\"https:\\\/\\\/casadecampoliving.com\\\/es\\\/#\\\/schema\\\/person\\\/5d2171637a9d11e0e43ce6b8555f9422\",\"name\":\"Casa de Campo Living\",\"image\":{\"@type\":\"ImageObject\",\"inLanguage\":\"es\",\"@id\":\"https:\\\/\\\/secure.gravatar.com\\\/avatar\\\/d04101fa4a9fd431e939953b1500fdc7a73cd35029f86d98712fd8ccdaebaf9a?s=96&d=mm&r=g\",\"url\":\"https:\\\/\\\/secure.gravatar.com\\\/avatar\\\/d04101fa4a9fd431e939953b1500fdc7a73cd35029f86d98712fd8ccdaebaf9a?s=96&d=mm&r=g\",\"contentUrl\":\"https:\\\/\\\/secure.gravatar.com\\\/avatar\\\/d04101fa4a9fd431e939953b1500fdc7a73cd35029f86d98712fd8ccdaebaf9a?s=96&d=mm&r=g\",\"caption\":\"Casa de Campo Living\"},\"url\":\"https:\\\/\\\/casadecampoliving.com\\\/es\\\/author\\\/casa-de-campo-living\\\/\"}]}<\/script>\n<!-- \/ Yoast SEO plugin. -->","yoast_head_json":{"title":"\u00c1lvaro Silva y Alfonso Fanjul le invitan al evento Golf for Education Fundaci\u00f3n MIR - \u00a1Reserva la fecha 16 de enero de 2021! | Casa de Campo Living","description":"Como la mayor\u00eda de ustedes ya se habr\u00e1 dado cuenta, \u00a1el golf en Casa de Campo nunca se detiene! \u00a1Aqu\u00ed en Casa de Campo, AMAMOS el golf! \u00bfPor qu\u00e9? Bueno,","robots":{"index":"index","follow":"follow","max-snippet":"max-snippet:-1","max-image-preview":"max-image-preview:large","max-video-preview":"max-video-preview:-1"},"canonical":"https:\/\/casadecampoliving.com\/es\/alvaro-silva-y-alfonso-fanjul-le-invitan-al-evento-golf-for-education-fundacion-mir-reserva-la-fecha-16-de-enero-de-2021\/","og_locale":"es_ES","og_type":"article","og_title":"\u00c1lvaro Silva y Alfonso Fanjul le invitan al evento Golf for Education Fundaci\u00f3n MIR - \u00a1Reserva la fecha 16 de enero de 2021! | Casa de Campo Living","og_description":"Como la mayor\u00eda de ustedes ya se habr\u00e1 dado cuenta, \u00a1el golf en Casa de Campo nunca se detiene! \u00a1Aqu\u00ed en Casa de Campo, AMAMOS el golf! \u00bfPor qu\u00e9? Bueno,","og_url":"https:\/\/casadecampoliving.com\/es\/alvaro-silva-y-alfonso-fanjul-le-invitan-al-evento-golf-for-education-fundacion-mir-reserva-la-fecha-16-de-enero-de-2021\/","og_site_name":"Casa de Campo Living","article_publisher":"https:\/\/www.facebook.com\/casadecampoliving","article_published_time":"2020-12-04T04:00:00+00:00","article_modified_time":"2022-10-21T23:11:52+00:00","og_image":[{"width":1000,"height":600,"url":"https:\/\/i0.wp.com\/casadecampoliving.com\/wp-content\/uploads\/2022\/10\/IMG_4861-3.jpg?fit=1000%2C600&ssl=1","type":"image\/jpeg"}],"author":"Casa de Campo Living","twitter_card":"summary_large_image","twitter_creator":"@cdcliving","twitter_site":"@cdcliving","twitter_misc":{"Escrito por":"Casa de Campo Living","Tiempo de lectura":"3 minutos"},"schema":{"@context":"https:\/\/schema.org","@graph":[{"@type":"Article","@id":"https:\/\/casadecampoliving.com\/es\/alvaro-silva-y-alfonso-fanjul-le-invitan-al-evento-golf-for-education-fundacion-mir-reserva-la-fecha-16-de-enero-de-2021\/#article","isPartOf":{"@id":"https:\/\/casadecampoliving.com\/es\/alvaro-silva-y-alfonso-fanjul-le-invitan-al-evento-golf-for-education-fundacion-mir-reserva-la-fecha-16-de-enero-de-2021\/"},"author":{"name":"Casa de Campo Living","@id":"https:\/\/casadecampoliving.com\/es\/#\/schema\/person\/5d2171637a9d11e0e43ce6b8555f9422"},"headline":"\u00c1lvaro Silva y Alfonso Fanjul le invitan al evento Golf for Education Fundaci\u00f3n MIR &#8211; \u00a1Reserva la fecha 16 de enero de 2021!","datePublished":"2020-12-04T04:00:00+00:00","dateModified":"2022-10-21T23:11:52+00:00","mainEntityOfPage":{"@id":"https:\/\/casadecampoliving.com\/es\/alvaro-silva-y-alfonso-fanjul-le-invitan-al-evento-golf-for-education-fundacion-mir-reserva-la-fecha-16-de-enero-de-2021\/"},"wordCount":620,"publisher":{"@id":"https:\/\/casadecampoliving.com\/es\/#organization"},"image":{"@id":"https:\/\/casadecampoliving.com\/es\/alvaro-silva-y-alfonso-fanjul-le-invitan-al-evento-golf-for-education-fundacion-mir-reserva-la-fecha-16-de-enero-de-2021\/#primaryimage"},"thumbnailUrl":"https:\/\/i0.wp.com\/casadecampoliving.com\/wp-content\/uploads\/2022\/10\/IMG_4861-3.jpg?fit=1000%2C600&ssl=1","keywords":["Featured-TopView @es","Fundacion MIR"],"articleSection":["Estilo de Vida","Eventos","Fundaci\u00f3n MIR @es","Fundaciones","Noticias Locales","Proximamente","Rep\u00fablica Dominicana @es"],"inLanguage":"es"},{"@type":"WebPage","@id":"https:\/\/casadecampoliving.com\/es\/alvaro-silva-y-alfonso-fanjul-le-invitan-al-evento-golf-for-education-fundacion-mir-reserva-la-fecha-16-de-enero-de-2021\/","url":"https:\/\/casadecampoliving.com\/es\/alvaro-silva-y-alfonso-fanjul-le-invitan-al-evento-golf-for-education-fundacion-mir-reserva-la-fecha-16-de-enero-de-2021\/","name":"\u00c1lvaro Silva y Alfonso Fanjul le invitan al evento Golf for Education Fundaci\u00f3n MIR - \u00a1Reserva la fecha 16 de enero de 2021! | Casa de Campo Living","isPartOf":{"@id":"https:\/\/casadecampoliving.com\/es\/#website"},"primaryImageOfPage":{"@id":"https:\/\/casadecampoliving.com\/es\/alvaro-silva-y-alfonso-fanjul-le-invitan-al-evento-golf-for-education-fundacion-mir-reserva-la-fecha-16-de-enero-de-2021\/#primaryimage"},"image":{"@id":"https:\/\/casadecampoliving.com\/es\/alvaro-silva-y-alfonso-fanjul-le-invitan-al-evento-golf-for-education-fundacion-mir-reserva-la-fecha-16-de-enero-de-2021\/#primaryimage"},"thumbnailUrl":"https:\/\/i0.wp.com\/casadecampoliving.com\/wp-content\/uploads\/2022\/10\/IMG_4861-3.jpg?fit=1000%2C600&ssl=1","datePublished":"2020-12-04T04:00:00+00:00","dateModified":"2022-10-21T23:11:52+00:00","description":"Como la mayor\u00eda de ustedes ya se habr\u00e1 dado cuenta, \u00a1el golf en Casa de Campo nunca se detiene! \u00a1Aqu\u00ed en Casa de Campo, AMAMOS el golf! \u00bfPor qu\u00e9? Bueno,","breadcrumb":{"@id":"https:\/\/casadecampoliving.com\/es\/alvaro-silva-y-alfonso-fanjul-le-invitan-al-evento-golf-for-education-fundacion-mir-reserva-la-fecha-16-de-enero-de-2021\/#breadcrumb"},"inLanguage":"es","potentialAction":[{"@type":"ReadAction","target":["https:\/\/casadecampoliving.com\/es\/alvaro-silva-y-alfonso-fanjul-le-invitan-al-evento-golf-for-education-fundacion-mir-reserva-la-fecha-16-de-enero-de-2021\/"]}]},{"@type":"ImageObject","inLanguage":"es","@id":"https:\/\/casadecampoliving.com\/es\/alvaro-silva-y-alfonso-fanjul-le-invitan-al-evento-golf-for-education-fundacion-mir-reserva-la-fecha-16-de-enero-de-2021\/#primaryimage","url":"https:\/\/i0.wp.com\/casadecampoliving.com\/wp-content\/uploads\/2022\/10\/IMG_4861-3.jpg?fit=1000%2C600&ssl=1","contentUrl":"https:\/\/i0.wp.com\/casadecampoliving.com\/wp-content\/uploads\/2022\/10\/IMG_4861-3.jpg?fit=1000%2C600&ssl=1","width":1000,"height":600},{"@type":"BreadcrumbList","@id":"https:\/\/casadecampoliving.com\/es\/alvaro-silva-y-alfonso-fanjul-le-invitan-al-evento-golf-for-education-fundacion-mir-reserva-la-fecha-16-de-enero-de-2021\/#breadcrumb","itemListElement":[{"@type":"ListItem","position":1,"name":"Home","item":"https:\/\/casadecampoliving.com\/es\/"},{"@type":"ListItem","position":2,"name":"\u00c1lvaro Silva y Alfonso Fanjul le invitan al evento Golf for Education Fundaci\u00f3n MIR &#8211; \u00a1Reserva la fecha 16 de enero de 2021!"}]},{"@type":"WebSite","@id":"https:\/\/casadecampoliving.com\/es\/#website","url":"https:\/\/casadecampoliving.com\/es\/","name":"Casa de Campo Living","description":"Resort community news and resources.","publisher":{"@id":"https:\/\/casadecampoliving.com\/es\/#organization"},"potentialAction":[{"@type":"SearchAction","target":{"@type":"EntryPoint","urlTemplate":"https:\/\/casadecampoliving.com\/es\/?s={search_term_string}"},"query-input":{"@type":"PropertyValueSpecification","valueRequired":true,"valueName":"search_term_string"}}],"inLanguage":"es"},{"@type":"Organization","@id":"https:\/\/casadecampoliving.com\/es\/#organization","name":"Casa de Campo Living","url":"https:\/\/casadecampoliving.com\/es\/","logo":{"@type":"ImageObject","inLanguage":"es","@id":"https:\/\/casadecampoliving.com\/es\/#\/schema\/logo\/image\/","url":"https:\/\/i0.wp.com\/casadecampoliving.com\/wp-content\/uploads\/2022\/07\/CDCLivingLogo_V1-white-sized.png?fit=800%2C214&ssl=1","contentUrl":"https:\/\/i0.wp.com\/casadecampoliving.com\/wp-content\/uploads\/2022\/07\/CDCLivingLogo_V1-white-sized.png?fit=800%2C214&ssl=1","width":800,"height":214,"caption":"Casa de Campo Living"},"image":{"@id":"https:\/\/casadecampoliving.com\/es\/#\/schema\/logo\/image\/"},"sameAs":["https:\/\/www.facebook.com\/casadecampoliving","https:\/\/x.com\/cdcliving"]},{"@type":"Person","@id":"https:\/\/casadecampoliving.com\/es\/#\/schema\/person\/5d2171637a9d11e0e43ce6b8555f9422","name":"Casa de Campo Living","image":{"@type":"ImageObject","inLanguage":"es","@id":"https:\/\/secure.gravatar.com\/avatar\/d04101fa4a9fd431e939953b1500fdc7a73cd35029f86d98712fd8ccdaebaf9a?s=96&d=mm&r=g","url":"https:\/\/secure.gravatar.com\/avatar\/d04101fa4a9fd431e939953b1500fdc7a73cd35029f86d98712fd8ccdaebaf9a?s=96&d=mm&r=g","contentUrl":"https:\/\/secure.gravatar.com\/avatar\/d04101fa4a9fd431e939953b1500fdc7a73cd35029f86d98712fd8ccdaebaf9a?s=96&d=mm&r=g","caption":"Casa de Campo Living"},"url":"https:\/\/casadecampoliving.com\/es\/author\/casa-de-campo-living\/"}]}},"parsely":{"version":"1.1.0","canonical_url":"https:\/\/casadecampoliving.com\/es\/alvaro-silva-y-alfonso-fanjul-le-invitan-al-evento-golf-for-education-fundacion-mir-reserva-la-fecha-16-de-enero-de-2021\/","smart_links":{"inbound":0,"outbound":0},"traffic_boost_suggestions_count":0,"meta":{"@context":"https:\/\/schema.org","@type":"NewsArticle","headline":"\u00c1lvaro Silva y Alfonso Fanjul le invitan al evento Golf for Education Fundaci\u00f3n MIR &#8211; \u00a1Reserva la fecha 16 de enero de 2021!","url":"http:\/\/casadecampoliving.com\/es\/alvaro-silva-y-alfonso-fanjul-le-invitan-al-evento-golf-for-education-fundacion-mir-reserva-la-fecha-16-de-enero-de-2021\/","mainEntityOfPage":{"@type":"WebPage","@id":"http:\/\/casadecampoliving.com\/es\/alvaro-silva-y-alfonso-fanjul-le-invitan-al-evento-golf-for-education-fundacion-mir-reserva-la-fecha-16-de-enero-de-2021\/"},"thumbnailUrl":"https:\/\/i0.wp.com\/casadecampoliving.com\/wp-content\/uploads\/2022\/10\/IMG_4861-3.jpg?resize=150%2C150&ssl=1","image":{"@type":"ImageObject","url":"https:\/\/i0.wp.com\/casadecampoliving.com\/wp-content\/uploads\/2022\/10\/IMG_4861-3.jpg?fit=1000%2C600&ssl=1"},"articleSection":"Estilo de Vida","author":[{"@type":"Person","name":"Casa de Campo Living"}],"creator":["Casa de Campo Living"],"publisher":{"@type":"Organization","name":"Casa de Campo Living","logo":"https:\/\/casadecampoliving.com\/wp-content\/uploads\/2022\/07\/CDCLivingLogo_V1-white-sized.png"},"keywords":["featured-topview @es","fundacion mir"],"dateCreated":"2020-12-04T04:00:00Z","datePublished":"2020-12-04T04:00:00Z","dateModified":"2022-10-21T23:11:52Z"},"rendered":"<script type=\"application\/ld+json\" class=\"wp-parsely-metadata\">{\"@context\":\"https:\\\/\\\/schema.org\",\"@type\":\"NewsArticle\",\"headline\":\"\\u00c1lvaro Silva y Alfonso Fanjul le invitan al evento Golf for Education Fundaci\\u00f3n MIR &#8211; \\u00a1Reserva la fecha 16 de enero de 2021!\",\"url\":\"http:\\\/\\\/casadecampoliving.com\\\/es\\\/alvaro-silva-y-alfonso-fanjul-le-invitan-al-evento-golf-for-education-fundacion-mir-reserva-la-fecha-16-de-enero-de-2021\\\/\",\"mainEntityOfPage\":{\"@type\":\"WebPage\",\"@id\":\"http:\\\/\\\/casadecampoliving.com\\\/es\\\/alvaro-silva-y-alfonso-fanjul-le-invitan-al-evento-golf-for-education-fundacion-mir-reserva-la-fecha-16-de-enero-de-2021\\\/\"},\"thumbnailUrl\":\"https:\\\/\\\/i0.wp.com\\\/casadecampoliving.com\\\/wp-content\\\/uploads\\\/2022\\\/10\\\/IMG_4861-3.jpg?resize=150%2C150&ssl=1\",\"image\":{\"@type\":\"ImageObject\",\"url\":\"https:\\\/\\\/i0.wp.com\\\/casadecampoliving.com\\\/wp-content\\\/uploads\\\/2022\\\/10\\\/IMG_4861-3.jpg?fit=1000%2C600&ssl=1\"},\"articleSection\":\"Estilo de Vida\",\"author\":[{\"@type\":\"Person\",\"name\":\"Casa de Campo Living\"}],\"creator\":[\"Casa de Campo Living\"],\"publisher\":{\"@type\":\"Organization\",\"name\":\"Casa de Campo Living\",\"logo\":\"https:\\\/\\\/casadecampoliving.com\\\/wp-content\\\/uploads\\\/2022\\\/07\\\/CDCLivingLogo_V1-white-sized.png\"},\"keywords\":[\"featured-topview @es\",\"fundacion mir\"],\"dateCreated\":\"2020-12-04T04:00:00Z\",\"datePublished\":\"2020-12-04T04:00:00Z\",\"dateModified\":\"2022-10-21T23:11:52Z\"}<\/script>","tracker_url":"https:\/\/cdn.parsely.com\/keys\/casadecampoliving.com\/p.js"},"jetpack_publicize_connections":[],"jetpack_featured_media_url":"https:\/\/i0.wp.com\/casadecampoliving.com\/wp-content\/uploads\/2022\/10\/IMG_4861-3.jpg?fit=1000%2C600&ssl=1","jetpack-related-posts":[{"id":353959,"url":"https:\/\/casadecampoliving.com\/es\/evento-de-la-fundacion-mir-golf-para-la-educacion-sera-este-sabado-no-olvide-registrarse\/","url_meta":{"origin":353932,"position":0},"title":"\u00a1Evento de la Fundaci\u00f3n MIR Golf para la Educaci\u00f3n ser\u00e1 ESTE s\u00e1bado! \u00a1No olvide registrarse!","author":"Casa de Campo Living","date":"11 Ene, 2021","format":false,"excerpt":"Como la mayor\u00eda de ustedes ya se habr\u00e1 dado cuenta, \u00a1el golf en Casa de Campo nunca se detiene! \u00a1Aqu\u00ed en Casa de Campo, AMAMOS el golf! \u00bfPor qu\u00e9? Bueno, tenemos 5 campos de golf dise\u00f1ados por el legendario Pete Dye, incluido el Teeth of the Dog (\u00a1reconocido mundialmente!), \u00a1Eso\u2026","rel":"","context":"En \u00abCasa de Campo Living @es\u00bb","block_context":{"text":"Casa de Campo Living @es","link":"https:\/\/casadecampoliving.com\/category\/casa-de-campo-living-es\/"},"img":{"alt_text":"","src":"https:\/\/i0.wp.com\/casadecampoliving.com\/wp-content\/uploads\/2022\/10\/IMG_4891-1.jpg?fit=1000%2C599&ssl=1&resize=350%2C200","width":350,"height":200,"srcset":"https:\/\/i0.wp.com\/casadecampoliving.com\/wp-content\/uploads\/2022\/10\/IMG_4891-1.jpg?fit=1000%2C599&ssl=1&resize=350%2C200 1x, https:\/\/i0.wp.com\/casadecampoliving.com\/wp-content\/uploads\/2022\/10\/IMG_4891-1.jpg?fit=1000%2C599&ssl=1&resize=525%2C300 1.5x, https:\/\/i0.wp.com\/casadecampoliving.com\/wp-content\/uploads\/2022\/10\/IMG_4891-1.jpg?fit=1000%2C599&ssl=1&resize=700%2C400 2x"},"classes":[]},{"id":354243,"url":"https:\/\/casadecampoliving.com\/es\/golf-para-la-educacion-2022-de-la-fundacion-mir-este-sabado-no-olvide-registrarse\/","url_meta":{"origin":353932,"position":1},"title":"\u00a1Golf para la educaci\u00f3n 2022 de la Fundaci\u00f3n MIR ESTE s\u00e1bado! \u00a1No olvide registrarse!","author":"Casa de Campo Living","date":"10 Ene, 2022","format":false,"excerpt":"Como la mayor\u00eda de ustedes ya habr\u00e1n notado, \u00a1el golf en Casa de Campo nunca se detiene! \u00a1Aqu\u00ed en Casa de Campo, AMAMOS el golf! \u00bfPor qu\u00e9? Pues tenemos 5 campos de golf dise\u00f1ados por el legendario Pete Dye, incluido el Teeth of the Dog (\u00a1reconocido mundialmente!), \u00a1que no est\u00e1\u2026","rel":"","context":"En \u00abCasa de Campo Living @es\u00bb","block_context":{"text":"Casa de Campo Living @es","link":"https:\/\/casadecampoliving.com\/category\/casa-de-campo-living-es\/"},"img":{"alt_text":"","src":"https:\/\/i0.wp.com\/casadecampoliving.com\/wp-content\/uploads\/2022\/10\/Alejandro-Alorda-Cristina-Gonzalez-Carlos-Duran-2.jpg?fit=1000%2C667&ssl=1&resize=350%2C200","width":350,"height":200,"srcset":"https:\/\/i0.wp.com\/casadecampoliving.com\/wp-content\/uploads\/2022\/10\/Alejandro-Alorda-Cristina-Gonzalez-Carlos-Duran-2.jpg?fit=1000%2C667&ssl=1&resize=350%2C200 1x, https:\/\/i0.wp.com\/casadecampoliving.com\/wp-content\/uploads\/2022\/10\/Alejandro-Alorda-Cristina-Gonzalez-Carlos-Duran-2.jpg?fit=1000%2C667&ssl=1&resize=525%2C300 1.5x, https:\/\/i0.wp.com\/casadecampoliving.com\/wp-content\/uploads\/2022\/10\/Alejandro-Alorda-Cristina-Gonzalez-Carlos-Duran-2.jpg?fit=1000%2C667&ssl=1&resize=700%2C400 2x"},"classes":[]},{"id":524263,"url":"https:\/\/casadecampoliving.com\/es\/fundacion-mir-anuncia-el-evento-golf-for-education-reserva-la-fecha\/","url_meta":{"origin":353932,"position":2},"title":"Fundaci\u00f3n MIR anuncia el evento \u00abGolf for Education\u00bb &#8211; \u00a1Reserva la Fecha!","author":"Casa de Campo Living","date":"13 Nov, 2023","format":false,"excerpt":"El golf trasciende su papel como un pasatiempo querido; ha evolucionado en un nexo para la participaci\u00f3n comunitaria e iniciativas filantr\u00f3picas. La Fundaci\u00f3n MIR se complace en anunciar la fecha de su pr\u00f3ximo evento \"Golf for Education\", programado para el 13 de enero de 2024. El evento \"Golf for Education\",\u2026","rel":"","context":"En \u00abUncategorized @es\u00bb","block_context":{"text":"Uncategorized @es","link":"https:\/\/casadecampoliving.com\/es\/category\/uncategorized-es\/"},"img":{"alt_text":"","src":"https:\/\/i0.wp.com\/casadecampoliving.com\/wp-content\/uploads\/2023\/11\/Fundacion-MIR-Golf-2023-scaled.jpg?fit=1200%2C900&ssl=1&resize=350%2C200","width":350,"height":200,"srcset":"https:\/\/i0.wp.com\/casadecampoliving.com\/wp-content\/uploads\/2023\/11\/Fundacion-MIR-Golf-2023-scaled.jpg?fit=1200%2C900&ssl=1&resize=350%2C200 1x, https:\/\/i0.wp.com\/casadecampoliving.com\/wp-content\/uploads\/2023\/11\/Fundacion-MIR-Golf-2023-scaled.jpg?fit=1200%2C900&ssl=1&resize=525%2C300 1.5x, https:\/\/i0.wp.com\/casadecampoliving.com\/wp-content\/uploads\/2023\/11\/Fundacion-MIR-Golf-2023-scaled.jpg?fit=1200%2C900&ssl=1&resize=700%2C400 2x, https:\/\/i0.wp.com\/casadecampoliving.com\/wp-content\/uploads\/2023\/11\/Fundacion-MIR-Golf-2023-scaled.jpg?fit=1200%2C900&ssl=1&resize=1050%2C600 3x"},"classes":[]},{"id":353833,"url":"https:\/\/casadecampoliving.com\/es\/alvaro-silva-y-alfonso-fanjul-le-invitan-al-evento-golf-for-education-reserve-la-fecha\/","url_meta":{"origin":353932,"position":3},"title":"\u00c1lvaro Silva y Alfonso Fanjul le invitan al evento \u00abGolf para la educaci\u00f3n\u00bb &#8211; \u00a1Reserve la fecha!","author":"Casa de Campo Living","date":"21 Ago, 2020","format":false,"excerpt":"Como la mayor\u00eda de ustedes ya se habr\u00e1 dado cuenta, \u00a1el golf en Casa de Campo nunca se detiene! \u00a1Aqu\u00ed en Casa de Campo, AMAMOS el golf! \u00bfPor qu\u00e9? Bueno, tenemos 5 campos de golf dise\u00f1ados por el legendario Pete Dye, incluido el Teeth of the Dog \u00a1el cual ha\u2026","rel":"","context":"En \u00abCasa de Campo Living @es\u00bb","block_context":{"text":"Casa de Campo Living @es","link":"https:\/\/casadecampoliving.com\/category\/casa-de-campo-living-es\/"},"img":{"alt_text":"","src":"https:\/\/i0.wp.com\/casadecampoliving.com\/wp-content\/uploads\/2022\/10\/i-S2DLTqG-X2-1.jpg?fit=1000%2C606&ssl=1&resize=350%2C200","width":350,"height":200,"srcset":"https:\/\/i0.wp.com\/casadecampoliving.com\/wp-content\/uploads\/2022\/10\/i-S2DLTqG-X2-1.jpg?fit=1000%2C606&ssl=1&resize=350%2C200 1x, https:\/\/i0.wp.com\/casadecampoliving.com\/wp-content\/uploads\/2022\/10\/i-S2DLTqG-X2-1.jpg?fit=1000%2C606&ssl=1&resize=525%2C300 1.5x, https:\/\/i0.wp.com\/casadecampoliving.com\/wp-content\/uploads\/2022\/10\/i-S2DLTqG-X2-1.jpg?fit=1000%2C606&ssl=1&resize=700%2C400 2x"},"classes":[]},{"id":536262,"url":"https:\/\/casadecampoliving.com\/es\/juega-por-la-educacion-en-el-torneo-anual-de-golf-de-la-fundacion-mir\/","url_meta":{"origin":353932,"position":4},"title":"Juega por la Educaci\u00f3n en el Torneo Anual de Golf de la Fundaci\u00f3n MIR","author":"Casa de Campo Living","date":"14 Ene, 2025","format":false,"excerpt":"Los entusiastas del golf y fil\u00e1ntropos se reunir\u00e1n en el La Romana Country Club el s\u00e1bado 18 de enero de 2025 para el evento anual Golf for Education de la Fundaci\u00f3n MIR. Esta esperada ocasi\u00f3n combina el amor por el deporte con la misi\u00f3n de proporcionar apoyo vital a las\u2026","rel":"","context":"En \u00abDeportes\u00bb","block_context":{"text":"Deportes","link":"https:\/\/casadecampoliving.com\/es\/category\/golf-deportes-es\/"},"img":{"alt_text":"","src":"https:\/\/i0.wp.com\/casadecampoliving.com\/wp-content\/uploads\/2024\/03\/2024-MIR-Splendor-Gala-Golf-48.jpg?fit=1200%2C800&ssl=1&resize=350%2C200","width":350,"height":200,"srcset":"https:\/\/i0.wp.com\/casadecampoliving.com\/wp-content\/uploads\/2024\/03\/2024-MIR-Splendor-Gala-Golf-48.jpg?fit=1200%2C800&ssl=1&resize=350%2C200 1x, https:\/\/i0.wp.com\/casadecampoliving.com\/wp-content\/uploads\/2024\/03\/2024-MIR-Splendor-Gala-Golf-48.jpg?fit=1200%2C800&ssl=1&resize=525%2C300 1.5x, https:\/\/i0.wp.com\/casadecampoliving.com\/wp-content\/uploads\/2024\/03\/2024-MIR-Splendor-Gala-Golf-48.jpg?fit=1200%2C800&ssl=1&resize=700%2C400 2x, https:\/\/i0.wp.com\/casadecampoliving.com\/wp-content\/uploads\/2024\/03\/2024-MIR-Splendor-Gala-Golf-48.jpg?fit=1200%2C800&ssl=1&resize=1050%2C600 3x"},"classes":[]},{"id":525809,"url":"https:\/\/casadecampoliving.com\/es\/unase-este-sabado-al-evento-golf-por-la-educacion-de-la-fundacion-mir\/","url_meta":{"origin":353932,"position":5},"title":"\u00a1\u00danase este s\u00e1bado al evento Golf por la educaci\u00f3n de la Fundaci\u00f3n MIR!","author":"Casa de Campo Living","date":"8 Ene, 2024","format":false,"excerpt":"\u00a1Este s\u00e1bado 13 de enero es el gran d\u00eda para el evento Golf por la educaci\u00f3n de la Fundaci\u00f3n MIR en La Romana Country Club! No se trata solo de una partida de golf, sino de una oportunidad para marcar una verdadera diferencia. Desde 1990, la Fundaci\u00f3n MIR, fundada por\u2026","rel":"","context":"En \u00abCountry Club La Romana\u00bb","block_context":{"text":"Country Club La Romana","link":"https:\/\/casadecampoliving.com\/es\/category\/country-club-la-romana-es\/"},"img":{"alt_text":"","src":"https:\/\/i0.wp.com\/casadecampoliving.com\/wp-content\/uploads\/2023\/01\/2023-Magical-Splendor-MIR-Golf-9.png?fit=1200%2C800&ssl=1&resize=350%2C200","width":350,"height":200,"srcset":"https:\/\/i0.wp.com\/casadecampoliving.com\/wp-content\/uploads\/2023\/01\/2023-Magical-Splendor-MIR-Golf-9.png?fit=1200%2C800&ssl=1&resize=350%2C200 1x, https:\/\/i0.wp.com\/casadecampoliving.com\/wp-content\/uploads\/2023\/01\/2023-Magical-Splendor-MIR-Golf-9.png?fit=1200%2C800&ssl=1&resize=525%2C300 1.5x, https:\/\/i0.wp.com\/casadecampoliving.com\/wp-content\/uploads\/2023\/01\/2023-Magical-Splendor-MIR-Golf-9.png?fit=1200%2C800&ssl=1&resize=700%2C400 2x, https:\/\/i0.wp.com\/casadecampoliving.com\/wp-content\/uploads\/2023\/01\/2023-Magical-Splendor-MIR-Golf-9.png?fit=1200%2C800&ssl=1&resize=1050%2C600 3x"},"classes":[]}],"jetpack_sharing_enabled":true,"_links":{"self":[{"href":"https:\/\/casadecampoliving.com\/es\/wp-json\/wp\/v2\/posts\/353932","targetHints":{"allow":["GET"]}}],"collection":[{"href":"https:\/\/casadecampoliving.com\/es\/wp-json\/wp\/v2\/posts"}],"about":[{"href":"https:\/\/casadecampoliving.com\/es\/wp-json\/wp\/v2\/types\/post"}],"author":[{"embeddable":true,"href":"https:\/\/casadecampoliving.com\/es\/wp-json\/wp\/v2\/users\/36791"}],"replies":[{"embeddable":true,"href":"https:\/\/casadecampoliving.com\/es\/wp-json\/wp\/v2\/comments?post=353932"}],"version-history":[{"count":0,"href":"https:\/\/casadecampoliving.com\/es\/wp-json\/wp\/v2\/posts\/353932\/revisions"}],"wp:featuredmedia":[{"embeddable":true,"href":"https:\/\/casadecampoliving.com\/es\/wp-json\/wp\/v2\/media\/332747"}],"wp:attachment":[{"href":"https:\/\/casadecampoliving.com\/es\/wp-json\/wp\/v2\/media?parent=353932"}],"wp:term":[{"taxonomy":"category","embeddable":true,"href":"https:\/\/casadecampoliving.com\/es\/wp-json\/wp\/v2\/categories?post=353932"},{"taxonomy":"post_tag","embeddable":true,"href":"https:\/\/casadecampoliving.com\/es\/wp-json\/wp\/v2\/tags?post=353932"},{"taxonomy":"newspack_spnsrs_tax","embeddable":true,"href":"https:\/\/casadecampoliving.com\/es\/wp-json\/wp\/v2\/newspack_spnsrs_tax?post=353932"}],"curies":[{"name":"wp","href":"https:\/\/api.w.org\/{rel}","templated":true}]}}