{"id":353915,"date":"2020-11-20T00:00:00","date_gmt":"2020-11-20T04:00:00","guid":{"rendered":"https:\/\/casadecampoliving.com\/la-copa-de-golf-diplomatica-y-consular-celebrara-sexta-version-en-the-links-casa-de-campo\/"},"modified":"2022-10-21T19:09:59","modified_gmt":"2022-10-21T23:09:59","slug":"la-copa-de-golf-diplomatica-y-consular-celebrara-sexta-version-en-the-links-casa-de-campo","status":"publish","type":"post","link":"https:\/\/casadecampoliving.com\/es\/la-copa-de-golf-diplomatica-y-consular-celebrara-sexta-version-en-the-links-casa-de-campo\/","title":{"rendered":"La Copa de Golf Diplom\u00e1tica y Consular celebrar\u00e1 sexta versi\u00f3n en the Links Casa de Campo"},"content":{"rendered":"<div class=\"wp-block-image\">\n<figure class=\"alignright is-resized\"><img loading=\"lazy\" decoding=\"async\" data-attachment-id=\"207797\" data-permalink=\"https:\/\/casadecampoliving.com\/es\/img_5472-scaled\/\" data-orig-file=\"https:\/\/i0.wp.com\/casadecampoliving.com\/wp-content\/uploads\/2020\/11\/IMG_5472-scaled-1.jpg?fit=1707%2C2560&amp;ssl=1\" data-orig-size=\"1707,2560\" data-comments-opened=\"0\" data-image-meta=\"{&quot;aperture&quot;:&quot;0&quot;,&quot;credit&quot;:&quot;&quot;,&quot;camera&quot;:&quot;&quot;,&quot;caption&quot;:&quot;&quot;,&quot;created_timestamp&quot;:&quot;0&quot;,&quot;copyright&quot;:&quot;&quot;,&quot;focal_length&quot;:&quot;0&quot;,&quot;iso&quot;:&quot;0&quot;,&quot;shutter_speed&quot;:&quot;0&quot;,&quot;title&quot;:&quot;&quot;,&quot;orientation&quot;:&quot;0&quot;}\" data-image-title=\"IMG_5472-scaled\" data-image-description=\"\" data-image-caption=\"\" data-medium-file=\"https:\/\/i0.wp.com\/casadecampoliving.com\/wp-content\/uploads\/2020\/11\/IMG_5472-scaled-1.jpg?fit=200%2C300&amp;ssl=1\" data-large-file=\"https:\/\/i0.wp.com\/casadecampoliving.com\/wp-content\/uploads\/2020\/11\/IMG_5472-scaled-1.jpg?fit=683%2C1024&amp;ssl=1\" src=\"https:\/\/i0.wp.com\/casadecampoliving.com\/wp-content\/uploads\/2022\/10\/IMG_5472-scaled-1-683x1024-2.jpg?resize=267%2C400&amp;ssl=1\" alt=\"\" class=\"wp-image-207797\" height=\"400\" width=\"267\"\/><\/figure>\n<\/div>\n\n\n<p>La tradicional copa de golf Diplom\u00e1tica y Consular celebrar\u00e1 su sexta versi\u00f3n, el d\u00eda 28 de noviembre en The Links Casa de Campo, La Romana.<\/p>\n\n\n\n<p>El anuncio fue hecho por la decana del cuerpo consular, se\u00f1ora &nbsp;Clara Reid de Frankenberg, la presidente de la Copa de Golf Diplom\u00e1tica y Consular, se\u00f1ora Sonia Villanueva de Brouwer y el Comit\u00e9 Organizador.<\/p>\n\n\n\n<p>La c\u00f3nsul Reid de Frankenberg manifest\u00f3 que la copa de golf est\u00e1 dedicada al exvicepresidente de la Rep\u00fablica y excanciller Carlos Morales Troncoso, por su notable trayectoria en ambos roles, y por su aporte al deporte del golf dominicano.<\/p>\n\n\n\n<p>Parte de los fondos recaudados ser\u00e1n donados al Patronato Ben\u00e9fico Oriental, Hogar del Ni\u00f1o y a la Fundaci\u00f3n MIR, cuyas fundaciones apoyan el desarrollo de la ni\u00f1ez en la provincia de La Romana.<\/p>\n\n\n\n<p>El Comit\u00e9 Organizador est\u00e1 conformado por los honorables c\u00f3nsules Clara Reid de Frankenberg, Sonia Villanueva de Brouwer, Emilio Hasbun, Antonio Alma, Rosendo \u00c1lvarez III, Fernando Gonz\u00e1lez Nicol\u00e1s y Julio Zeller.<\/p>\n\n\n\n<p>\u201cReina un gran entusiasmo entre los integrantes del Cuerpo Consular y el Cuerpo Diplom\u00e1tico, al igual entre los golfistas amateurs de ambos sexos. Ya que el torneo se celebra en un ambiente de camarader\u00eda entre los c\u00f3nsules y diplom\u00e1ticos de diferentes naciones con los golfistas dominicanos\u201d, finaliz\u00f3 la c\u00f3nsul Reid de Frankenberg.<\/p>\n\n\n\n<p>El torneo est\u00e1 abierto para los que quieran participar en la celebraci\u00f3n de este puedan inscribirse.<\/p>\n\n\n\n<p>El mismo se jugar\u00e1 bajo la modalidad scramble en pareja, en diferentes categor\u00edas, bajo el cumplimiento de estrictos protocolos de seguridad contra la COVID-19.<\/p>\n","protected":false},"excerpt":{"rendered":"<p>La tradicional copa de golf Diplom\u00e1tica y Consular celebrar\u00e1 su sexta versi\u00f3n, el d\u00eda 28 de noviembre en The Links Casa de Campo, La Romana. El anuncio fue hecho por la decana del cuerpo consular, se\u00f1ora &nbsp;Clara Reid de Frankenberg, la presidente de la Copa de Golf Diplom\u00e1tica y Consular, se\u00f1ora Sonia Villanueva de Brouwer [&hellip;]<\/p>\n","protected":false},"author":36791,"featured_media":332679,"comment_status":"closed","ping_status":"open","sticky":false,"template":"","format":"standard","meta":{"newspack_ads_suppress_ads":false,"newspack_popups_has_disabled_popups":false,"newspack_sponsor_sponsorship_scope":"","newspack_sponsor_native_byline_display":"inherit","newspack_sponsor_native_category_display":"inherit","newspack_sponsor_underwriter_style":"inherit","newspack_sponsor_underwriter_placement":"inherit","_newspack_byline_active":false,"_newspack_byline":"","newspack_content_restriction_is_exempt":false,"newspack_featured_image_position":"","newspack_post_subtitle":"","newspack_article_summary_title":"Overview:","newspack_article_summary":"","newspack_hide_updated_date":false,"newspack_show_updated_date":false,"_jetpack_memberships_contains_paid_content":false,"footnotes":"","jetpack_publicize_message":"","jetpack_publicize_feature_enabled":true,"jetpack_social_post_already_shared":false,"jetpack_social_options":{"image_generator_settings":{"template":"highway","default_image_id":0,"font":"","enabled":false},"version":2},"_wpas_customize_per_network":false},"categories":[26936,26954,2525,14631,2522,2515,2514,2516,14625,14627,2521,26822],"tags":[25286,23815,25283,4484,25285,25288,3577,176,5402,499,23828,4983,7830],"newspack_spnsrs_tax":[],"class_list":["post-353915","post","type-post","status-publish","format-standard","has-post-thumbnail","hentry","category-casa-de-campo-living-es","category-comunidad-casa-de-campo-living-es","category-golf-deportes-es","category-estilo-de-vida","category-eventos-es","category-fundacion-mir-es","category-fundaciones-es","category-hogar-del-nino-es","category-noticias-locales","category-proximamente","category-republica-dominicana-2","category-resort-casa-de-campo","tag-antonio-alma","tag-casa-de-campo-es-17","tag-clara-reid-de-frankenberg","tag-el-hogar-del-nino","tag-emilio-hasbun","tag-fernando-gonzalez-nicolas","tag-fundacion-mir-es-2","tag-golf","tag-julio-zeller","tag-links","tag-patronato-benefico-oriental-es-2","tag-sonia-villanueva-de-brouwer","tag-torneo","entry"],"yoast_head":"<!-- This site is optimized with the Yoast SEO plugin v27.3 - https:\/\/yoast.com\/product\/yoast-seo-wordpress\/ -->\n<title>La Copa de Golf Diplom\u00e1tica y Consular celebrar\u00e1 sexta versi\u00f3n en the Links Casa de Campo | Casa de Campo Living<\/title>\n<meta name=\"description\" content=\"La tradicional copa de golf Diplom\u00e1tica y Consular celebrar\u00e1 su sexta versi\u00f3n, el d\u00eda 28 de noviembre en The Links Casa de Campo, La Romana. El anuncio\" \/>\n<meta name=\"robots\" content=\"index, follow, max-snippet:-1, max-image-preview:large, max-video-preview:-1\" \/>\n<link rel=\"canonical\" href=\"https:\/\/casadecampoliving.com\/es\/la-copa-de-golf-diplomatica-y-consular-celebrara-sexta-version-en-the-links-casa-de-campo\/\" \/>\n<meta property=\"og:locale\" content=\"es_ES\" \/>\n<meta property=\"og:type\" content=\"article\" \/>\n<meta property=\"og:title\" content=\"La Copa de Golf Diplom\u00e1tica y Consular celebrar\u00e1 sexta versi\u00f3n en the Links Casa de Campo | Casa de Campo Living\" \/>\n<meta property=\"og:description\" content=\"La tradicional copa de golf Diplom\u00e1tica y Consular celebrar\u00e1 su sexta versi\u00f3n, el d\u00eda 28 de noviembre en The Links Casa de Campo, La Romana. El anuncio\" \/>\n<meta property=\"og:url\" content=\"https:\/\/casadecampoliving.com\/es\/la-copa-de-golf-diplomatica-y-consular-celebrara-sexta-version-en-the-links-casa-de-campo\/\" \/>\n<meta property=\"og:site_name\" content=\"Casa de Campo Living\" \/>\n<meta property=\"article:publisher\" content=\"https:\/\/www.facebook.com\/casadecampoliving\" \/>\n<meta property=\"article:published_time\" content=\"2020-11-20T04:00:00+00:00\" \/>\n<meta property=\"article:modified_time\" content=\"2022-10-21T23:09:59+00:00\" \/>\n<meta property=\"og:image\" content=\"https:\/\/i0.wp.com\/casadecampoliving.com\/wp-content\/uploads\/2022\/10\/Foto-Antonio-Clara-Julio-Emilio-696x928-1-1.jpg?fit=1000%2C619&ssl=1\" \/>\n\t<meta property=\"og:image:width\" content=\"1000\" \/>\n\t<meta property=\"og:image:height\" content=\"619\" \/>\n\t<meta property=\"og:image:type\" content=\"image\/jpeg\" \/>\n<meta name=\"author\" content=\"Casa de Campo Living\" \/>\n<meta name=\"twitter:card\" content=\"summary_large_image\" \/>\n<meta name=\"twitter:creator\" content=\"@cdcliving\" \/>\n<meta name=\"twitter:site\" content=\"@cdcliving\" \/>\n<meta name=\"twitter:label1\" content=\"Escrito por\" \/>\n\t<meta name=\"twitter:data1\" content=\"Casa de Campo Living\" \/>\n\t<meta name=\"twitter:label2\" content=\"Tiempo de lectura\" \/>\n\t<meta name=\"twitter:data2\" content=\"1 minuto\" \/>\n<script type=\"application\/ld+json\" class=\"yoast-schema-graph\">{\"@context\":\"https:\\\/\\\/schema.org\",\"@graph\":[{\"@type\":\"Article\",\"@id\":\"https:\\\/\\\/casadecampoliving.com\\\/es\\\/la-copa-de-golf-diplomatica-y-consular-celebrara-sexta-version-en-the-links-casa-de-campo\\\/#article\",\"isPartOf\":{\"@id\":\"https:\\\/\\\/casadecampoliving.com\\\/es\\\/la-copa-de-golf-diplomatica-y-consular-celebrara-sexta-version-en-the-links-casa-de-campo\\\/\"},\"author\":{\"name\":\"Casa de Campo Living\",\"@id\":\"https:\\\/\\\/casadecampoliving.com\\\/es\\\/#\\\/schema\\\/person\\\/5d2171637a9d11e0e43ce6b8555f9422\"},\"headline\":\"La Copa de Golf Diplom\u00e1tica y Consular celebrar\u00e1 sexta versi\u00f3n en the Links Casa de Campo\",\"datePublished\":\"2020-11-20T04:00:00+00:00\",\"dateModified\":\"2022-10-21T23:09:59+00:00\",\"mainEntityOfPage\":{\"@id\":\"https:\\\/\\\/casadecampoliving.com\\\/es\\\/la-copa-de-golf-diplomatica-y-consular-celebrara-sexta-version-en-the-links-casa-de-campo\\\/\"},\"wordCount\":294,\"publisher\":{\"@id\":\"https:\\\/\\\/casadecampoliving.com\\\/es\\\/#organization\"},\"image\":{\"@id\":\"https:\\\/\\\/casadecampoliving.com\\\/es\\\/la-copa-de-golf-diplomatica-y-consular-celebrara-sexta-version-en-the-links-casa-de-campo\\\/#primaryimage\"},\"thumbnailUrl\":\"https:\\\/\\\/i0.wp.com\\\/casadecampoliving.com\\\/wp-content\\\/uploads\\\/2022\\\/10\\\/Foto-Antonio-Clara-Julio-Emilio-696x928-1-1.jpg?fit=1000%2C619&ssl=1\",\"keywords\":[\"Antonio Alma\",\"Casa de Campo\",\"Clara Reid de Frankenberg\",\"el hogar del nino\",\"Emilio Hasbun\",\"Fernando Gonz\u00e1lez Nicol\u00e1s\",\"Fundacion MIR @es\",\"Golf\",\"julio zeller\",\"Links\",\"patronato ben\u00e9fico oriental\",\"sonia villanueva de brouwer\",\"torneo\"],\"articleSection\":[\"Casa de Campo Living @es\",\"Comunidad\",\"Deportes\",\"Estilo de Vida\",\"Eventos\",\"Fundaci\u00f3n MIR @es\",\"Fundaciones\",\"Hogar del Ni\u00f1o @es\",\"Noticias Locales\",\"Proximamente\",\"Rep\u00fablica Dominicana @es\",\"Resort Casa de Campo\"],\"inLanguage\":\"es\"},{\"@type\":\"WebPage\",\"@id\":\"https:\\\/\\\/casadecampoliving.com\\\/es\\\/la-copa-de-golf-diplomatica-y-consular-celebrara-sexta-version-en-the-links-casa-de-campo\\\/\",\"url\":\"https:\\\/\\\/casadecampoliving.com\\\/es\\\/la-copa-de-golf-diplomatica-y-consular-celebrara-sexta-version-en-the-links-casa-de-campo\\\/\",\"name\":\"La Copa de Golf Diplom\u00e1tica y Consular celebrar\u00e1 sexta versi\u00f3n en the Links Casa de Campo | Casa de Campo Living\",\"isPartOf\":{\"@id\":\"https:\\\/\\\/casadecampoliving.com\\\/es\\\/#website\"},\"primaryImageOfPage\":{\"@id\":\"https:\\\/\\\/casadecampoliving.com\\\/es\\\/la-copa-de-golf-diplomatica-y-consular-celebrara-sexta-version-en-the-links-casa-de-campo\\\/#primaryimage\"},\"image\":{\"@id\":\"https:\\\/\\\/casadecampoliving.com\\\/es\\\/la-copa-de-golf-diplomatica-y-consular-celebrara-sexta-version-en-the-links-casa-de-campo\\\/#primaryimage\"},\"thumbnailUrl\":\"https:\\\/\\\/i0.wp.com\\\/casadecampoliving.com\\\/wp-content\\\/uploads\\\/2022\\\/10\\\/Foto-Antonio-Clara-Julio-Emilio-696x928-1-1.jpg?fit=1000%2C619&ssl=1\",\"datePublished\":\"2020-11-20T04:00:00+00:00\",\"dateModified\":\"2022-10-21T23:09:59+00:00\",\"description\":\"La tradicional copa de golf Diplom\u00e1tica y Consular celebrar\u00e1 su sexta versi\u00f3n, el d\u00eda 28 de noviembre en The Links Casa de Campo, La Romana. El anuncio\",\"breadcrumb\":{\"@id\":\"https:\\\/\\\/casadecampoliving.com\\\/es\\\/la-copa-de-golf-diplomatica-y-consular-celebrara-sexta-version-en-the-links-casa-de-campo\\\/#breadcrumb\"},\"inLanguage\":\"es\",\"potentialAction\":[{\"@type\":\"ReadAction\",\"target\":[\"https:\\\/\\\/casadecampoliving.com\\\/es\\\/la-copa-de-golf-diplomatica-y-consular-celebrara-sexta-version-en-the-links-casa-de-campo\\\/\"]}]},{\"@type\":\"ImageObject\",\"inLanguage\":\"es\",\"@id\":\"https:\\\/\\\/casadecampoliving.com\\\/es\\\/la-copa-de-golf-diplomatica-y-consular-celebrara-sexta-version-en-the-links-casa-de-campo\\\/#primaryimage\",\"url\":\"https:\\\/\\\/i0.wp.com\\\/casadecampoliving.com\\\/wp-content\\\/uploads\\\/2022\\\/10\\\/Foto-Antonio-Clara-Julio-Emilio-696x928-1-1.jpg?fit=1000%2C619&ssl=1\",\"contentUrl\":\"https:\\\/\\\/i0.wp.com\\\/casadecampoliving.com\\\/wp-content\\\/uploads\\\/2022\\\/10\\\/Foto-Antonio-Clara-Julio-Emilio-696x928-1-1.jpg?fit=1000%2C619&ssl=1\",\"width\":1000,\"height\":619},{\"@type\":\"BreadcrumbList\",\"@id\":\"https:\\\/\\\/casadecampoliving.com\\\/es\\\/la-copa-de-golf-diplomatica-y-consular-celebrara-sexta-version-en-the-links-casa-de-campo\\\/#breadcrumb\",\"itemListElement\":[{\"@type\":\"ListItem\",\"position\":1,\"name\":\"Home\",\"item\":\"https:\\\/\\\/casadecampoliving.com\\\/es\\\/\"},{\"@type\":\"ListItem\",\"position\":2,\"name\":\"La Copa de Golf Diplom\u00e1tica y Consular celebrar\u00e1 sexta versi\u00f3n en the Links Casa de Campo\"}]},{\"@type\":\"WebSite\",\"@id\":\"https:\\\/\\\/casadecampoliving.com\\\/es\\\/#website\",\"url\":\"https:\\\/\\\/casadecampoliving.com\\\/es\\\/\",\"name\":\"Casa de Campo Living\",\"description\":\"Resort community news and resources.\",\"publisher\":{\"@id\":\"https:\\\/\\\/casadecampoliving.com\\\/es\\\/#organization\"},\"potentialAction\":[{\"@type\":\"SearchAction\",\"target\":{\"@type\":\"EntryPoint\",\"urlTemplate\":\"https:\\\/\\\/casadecampoliving.com\\\/es\\\/?s={search_term_string}\"},\"query-input\":{\"@type\":\"PropertyValueSpecification\",\"valueRequired\":true,\"valueName\":\"search_term_string\"}}],\"inLanguage\":\"es\"},{\"@type\":\"Organization\",\"@id\":\"https:\\\/\\\/casadecampoliving.com\\\/es\\\/#organization\",\"name\":\"Casa de Campo Living\",\"url\":\"https:\\\/\\\/casadecampoliving.com\\\/es\\\/\",\"logo\":{\"@type\":\"ImageObject\",\"inLanguage\":\"es\",\"@id\":\"https:\\\/\\\/casadecampoliving.com\\\/es\\\/#\\\/schema\\\/logo\\\/image\\\/\",\"url\":\"https:\\\/\\\/i0.wp.com\\\/casadecampoliving.com\\\/wp-content\\\/uploads\\\/2022\\\/07\\\/CDCLivingLogo_V1-white-sized.png?fit=800%2C214&ssl=1\",\"contentUrl\":\"https:\\\/\\\/i0.wp.com\\\/casadecampoliving.com\\\/wp-content\\\/uploads\\\/2022\\\/07\\\/CDCLivingLogo_V1-white-sized.png?fit=800%2C214&ssl=1\",\"width\":800,\"height\":214,\"caption\":\"Casa de Campo Living\"},\"image\":{\"@id\":\"https:\\\/\\\/casadecampoliving.com\\\/es\\\/#\\\/schema\\\/logo\\\/image\\\/\"},\"sameAs\":[\"https:\\\/\\\/www.facebook.com\\\/casadecampoliving\",\"https:\\\/\\\/x.com\\\/cdcliving\"]},{\"@type\":\"Person\",\"@id\":\"https:\\\/\\\/casadecampoliving.com\\\/es\\\/#\\\/schema\\\/person\\\/5d2171637a9d11e0e43ce6b8555f9422\",\"name\":\"Casa de Campo Living\",\"image\":{\"@type\":\"ImageObject\",\"inLanguage\":\"es\",\"@id\":\"https:\\\/\\\/secure.gravatar.com\\\/avatar\\\/d04101fa4a9fd431e939953b1500fdc7a73cd35029f86d98712fd8ccdaebaf9a?s=96&d=mm&r=g\",\"url\":\"https:\\\/\\\/secure.gravatar.com\\\/avatar\\\/d04101fa4a9fd431e939953b1500fdc7a73cd35029f86d98712fd8ccdaebaf9a?s=96&d=mm&r=g\",\"contentUrl\":\"https:\\\/\\\/secure.gravatar.com\\\/avatar\\\/d04101fa4a9fd431e939953b1500fdc7a73cd35029f86d98712fd8ccdaebaf9a?s=96&d=mm&r=g\",\"caption\":\"Casa de Campo Living\"},\"url\":\"https:\\\/\\\/casadecampoliving.com\\\/es\\\/author\\\/casa-de-campo-living\\\/\"}]}<\/script>\n<!-- \/ Yoast SEO plugin. -->","yoast_head_json":{"title":"La Copa de Golf Diplom\u00e1tica y Consular celebrar\u00e1 sexta versi\u00f3n en the Links Casa de Campo | Casa de Campo Living","description":"La tradicional copa de golf Diplom\u00e1tica y Consular celebrar\u00e1 su sexta versi\u00f3n, el d\u00eda 28 de noviembre en The Links Casa de Campo, La Romana. El anuncio","robots":{"index":"index","follow":"follow","max-snippet":"max-snippet:-1","max-image-preview":"max-image-preview:large","max-video-preview":"max-video-preview:-1"},"canonical":"https:\/\/casadecampoliving.com\/es\/la-copa-de-golf-diplomatica-y-consular-celebrara-sexta-version-en-the-links-casa-de-campo\/","og_locale":"es_ES","og_type":"article","og_title":"La Copa de Golf Diplom\u00e1tica y Consular celebrar\u00e1 sexta versi\u00f3n en the Links Casa de Campo | Casa de Campo Living","og_description":"La tradicional copa de golf Diplom\u00e1tica y Consular celebrar\u00e1 su sexta versi\u00f3n, el d\u00eda 28 de noviembre en The Links Casa de Campo, La Romana. El anuncio","og_url":"https:\/\/casadecampoliving.com\/es\/la-copa-de-golf-diplomatica-y-consular-celebrara-sexta-version-en-the-links-casa-de-campo\/","og_site_name":"Casa de Campo Living","article_publisher":"https:\/\/www.facebook.com\/casadecampoliving","article_published_time":"2020-11-20T04:00:00+00:00","article_modified_time":"2022-10-21T23:09:59+00:00","og_image":[{"width":1000,"height":619,"url":"https:\/\/i0.wp.com\/casadecampoliving.com\/wp-content\/uploads\/2022\/10\/Foto-Antonio-Clara-Julio-Emilio-696x928-1-1.jpg?fit=1000%2C619&ssl=1","type":"image\/jpeg"}],"author":"Casa de Campo Living","twitter_card":"summary_large_image","twitter_creator":"@cdcliving","twitter_site":"@cdcliving","twitter_misc":{"Escrito por":"Casa de Campo Living","Tiempo de lectura":"1 minuto"},"schema":{"@context":"https:\/\/schema.org","@graph":[{"@type":"Article","@id":"https:\/\/casadecampoliving.com\/es\/la-copa-de-golf-diplomatica-y-consular-celebrara-sexta-version-en-the-links-casa-de-campo\/#article","isPartOf":{"@id":"https:\/\/casadecampoliving.com\/es\/la-copa-de-golf-diplomatica-y-consular-celebrara-sexta-version-en-the-links-casa-de-campo\/"},"author":{"name":"Casa de Campo Living","@id":"https:\/\/casadecampoliving.com\/es\/#\/schema\/person\/5d2171637a9d11e0e43ce6b8555f9422"},"headline":"La Copa de Golf Diplom\u00e1tica y Consular celebrar\u00e1 sexta versi\u00f3n en the Links Casa de Campo","datePublished":"2020-11-20T04:00:00+00:00","dateModified":"2022-10-21T23:09:59+00:00","mainEntityOfPage":{"@id":"https:\/\/casadecampoliving.com\/es\/la-copa-de-golf-diplomatica-y-consular-celebrara-sexta-version-en-the-links-casa-de-campo\/"},"wordCount":294,"publisher":{"@id":"https:\/\/casadecampoliving.com\/es\/#organization"},"image":{"@id":"https:\/\/casadecampoliving.com\/es\/la-copa-de-golf-diplomatica-y-consular-celebrara-sexta-version-en-the-links-casa-de-campo\/#primaryimage"},"thumbnailUrl":"https:\/\/i0.wp.com\/casadecampoliving.com\/wp-content\/uploads\/2022\/10\/Foto-Antonio-Clara-Julio-Emilio-696x928-1-1.jpg?fit=1000%2C619&ssl=1","keywords":["Antonio Alma","Casa de Campo","Clara Reid de Frankenberg","el hogar del nino","Emilio Hasbun","Fernando Gonz\u00e1lez Nicol\u00e1s","Fundacion MIR @es","Golf","julio zeller","Links","patronato ben\u00e9fico oriental","sonia villanueva de brouwer","torneo"],"articleSection":["Casa de Campo Living @es","Comunidad","Deportes","Estilo de Vida","Eventos","Fundaci\u00f3n MIR @es","Fundaciones","Hogar del Ni\u00f1o @es","Noticias Locales","Proximamente","Rep\u00fablica Dominicana @es","Resort Casa de Campo"],"inLanguage":"es"},{"@type":"WebPage","@id":"https:\/\/casadecampoliving.com\/es\/la-copa-de-golf-diplomatica-y-consular-celebrara-sexta-version-en-the-links-casa-de-campo\/","url":"https:\/\/casadecampoliving.com\/es\/la-copa-de-golf-diplomatica-y-consular-celebrara-sexta-version-en-the-links-casa-de-campo\/","name":"La Copa de Golf Diplom\u00e1tica y Consular celebrar\u00e1 sexta versi\u00f3n en the Links Casa de Campo | Casa de Campo Living","isPartOf":{"@id":"https:\/\/casadecampoliving.com\/es\/#website"},"primaryImageOfPage":{"@id":"https:\/\/casadecampoliving.com\/es\/la-copa-de-golf-diplomatica-y-consular-celebrara-sexta-version-en-the-links-casa-de-campo\/#primaryimage"},"image":{"@id":"https:\/\/casadecampoliving.com\/es\/la-copa-de-golf-diplomatica-y-consular-celebrara-sexta-version-en-the-links-casa-de-campo\/#primaryimage"},"thumbnailUrl":"https:\/\/i0.wp.com\/casadecampoliving.com\/wp-content\/uploads\/2022\/10\/Foto-Antonio-Clara-Julio-Emilio-696x928-1-1.jpg?fit=1000%2C619&ssl=1","datePublished":"2020-11-20T04:00:00+00:00","dateModified":"2022-10-21T23:09:59+00:00","description":"La tradicional copa de golf Diplom\u00e1tica y Consular celebrar\u00e1 su sexta versi\u00f3n, el d\u00eda 28 de noviembre en The Links Casa de Campo, La Romana. El anuncio","breadcrumb":{"@id":"https:\/\/casadecampoliving.com\/es\/la-copa-de-golf-diplomatica-y-consular-celebrara-sexta-version-en-the-links-casa-de-campo\/#breadcrumb"},"inLanguage":"es","potentialAction":[{"@type":"ReadAction","target":["https:\/\/casadecampoliving.com\/es\/la-copa-de-golf-diplomatica-y-consular-celebrara-sexta-version-en-the-links-casa-de-campo\/"]}]},{"@type":"ImageObject","inLanguage":"es","@id":"https:\/\/casadecampoliving.com\/es\/la-copa-de-golf-diplomatica-y-consular-celebrara-sexta-version-en-the-links-casa-de-campo\/#primaryimage","url":"https:\/\/i0.wp.com\/casadecampoliving.com\/wp-content\/uploads\/2022\/10\/Foto-Antonio-Clara-Julio-Emilio-696x928-1-1.jpg?fit=1000%2C619&ssl=1","contentUrl":"https:\/\/i0.wp.com\/casadecampoliving.com\/wp-content\/uploads\/2022\/10\/Foto-Antonio-Clara-Julio-Emilio-696x928-1-1.jpg?fit=1000%2C619&ssl=1","width":1000,"height":619},{"@type":"BreadcrumbList","@id":"https:\/\/casadecampoliving.com\/es\/la-copa-de-golf-diplomatica-y-consular-celebrara-sexta-version-en-the-links-casa-de-campo\/#breadcrumb","itemListElement":[{"@type":"ListItem","position":1,"name":"Home","item":"https:\/\/casadecampoliving.com\/es\/"},{"@type":"ListItem","position":2,"name":"La Copa de Golf Diplom\u00e1tica y Consular celebrar\u00e1 sexta versi\u00f3n en the Links Casa de Campo"}]},{"@type":"WebSite","@id":"https:\/\/casadecampoliving.com\/es\/#website","url":"https:\/\/casadecampoliving.com\/es\/","name":"Casa de Campo Living","description":"Resort community news and resources.","publisher":{"@id":"https:\/\/casadecampoliving.com\/es\/#organization"},"potentialAction":[{"@type":"SearchAction","target":{"@type":"EntryPoint","urlTemplate":"https:\/\/casadecampoliving.com\/es\/?s={search_term_string}"},"query-input":{"@type":"PropertyValueSpecification","valueRequired":true,"valueName":"search_term_string"}}],"inLanguage":"es"},{"@type":"Organization","@id":"https:\/\/casadecampoliving.com\/es\/#organization","name":"Casa de Campo Living","url":"https:\/\/casadecampoliving.com\/es\/","logo":{"@type":"ImageObject","inLanguage":"es","@id":"https:\/\/casadecampoliving.com\/es\/#\/schema\/logo\/image\/","url":"https:\/\/i0.wp.com\/casadecampoliving.com\/wp-content\/uploads\/2022\/07\/CDCLivingLogo_V1-white-sized.png?fit=800%2C214&ssl=1","contentUrl":"https:\/\/i0.wp.com\/casadecampoliving.com\/wp-content\/uploads\/2022\/07\/CDCLivingLogo_V1-white-sized.png?fit=800%2C214&ssl=1","width":800,"height":214,"caption":"Casa de Campo Living"},"image":{"@id":"https:\/\/casadecampoliving.com\/es\/#\/schema\/logo\/image\/"},"sameAs":["https:\/\/www.facebook.com\/casadecampoliving","https:\/\/x.com\/cdcliving"]},{"@type":"Person","@id":"https:\/\/casadecampoliving.com\/es\/#\/schema\/person\/5d2171637a9d11e0e43ce6b8555f9422","name":"Casa de Campo Living","image":{"@type":"ImageObject","inLanguage":"es","@id":"https:\/\/secure.gravatar.com\/avatar\/d04101fa4a9fd431e939953b1500fdc7a73cd35029f86d98712fd8ccdaebaf9a?s=96&d=mm&r=g","url":"https:\/\/secure.gravatar.com\/avatar\/d04101fa4a9fd431e939953b1500fdc7a73cd35029f86d98712fd8ccdaebaf9a?s=96&d=mm&r=g","contentUrl":"https:\/\/secure.gravatar.com\/avatar\/d04101fa4a9fd431e939953b1500fdc7a73cd35029f86d98712fd8ccdaebaf9a?s=96&d=mm&r=g","caption":"Casa de Campo Living"},"url":"https:\/\/casadecampoliving.com\/es\/author\/casa-de-campo-living\/"}]}},"parsely":{"version":"1.1.0","canonical_url":"https:\/\/casadecampoliving.com\/es\/la-copa-de-golf-diplomatica-y-consular-celebrara-sexta-version-en-the-links-casa-de-campo\/","smart_links":{"inbound":0,"outbound":0},"traffic_boost_suggestions_count":0,"meta":{"@context":"https:\/\/schema.org","@type":"NewsArticle","headline":"La Copa de Golf Diplom\u00e1tica y Consular celebrar\u00e1 sexta versi\u00f3n en the Links Casa de Campo","url":"http:\/\/casadecampoliving.com\/es\/la-copa-de-golf-diplomatica-y-consular-celebrara-sexta-version-en-the-links-casa-de-campo\/","mainEntityOfPage":{"@type":"WebPage","@id":"http:\/\/casadecampoliving.com\/es\/la-copa-de-golf-diplomatica-y-consular-celebrara-sexta-version-en-the-links-casa-de-campo\/"},"thumbnailUrl":"https:\/\/i0.wp.com\/casadecampoliving.com\/wp-content\/uploads\/2022\/10\/Foto-Antonio-Clara-Julio-Emilio-696x928-1-1.jpg?resize=150%2C150&ssl=1","image":{"@type":"ImageObject","url":"https:\/\/i0.wp.com\/casadecampoliving.com\/wp-content\/uploads\/2022\/10\/Foto-Antonio-Clara-Julio-Emilio-696x928-1-1.jpg?fit=1000%2C619&ssl=1"},"articleSection":"Comunidad","author":[{"@type":"Person","name":"Casa de Campo Living"}],"creator":["Casa de Campo Living"],"publisher":{"@type":"Organization","name":"Casa de Campo Living","logo":"https:\/\/casadecampoliving.com\/wp-content\/uploads\/2022\/07\/CDCLivingLogo_V1-white-sized.png"},"keywords":["antonio alma","casa de campo","clara reid de frankenberg","el hogar del nino","emilio hasbun","fernando gonz\u00e1lez nicol\u00e1s","fundacion mir @es","golf","julio zeller","links","patronato ben\u00e9fico oriental","sonia villanueva de brouwer","torneo"],"dateCreated":"2020-11-20T04:00:00Z","datePublished":"2020-11-20T04:00:00Z","dateModified":"2022-10-21T23:09:59Z"},"rendered":"<script type=\"application\/ld+json\" class=\"wp-parsely-metadata\">{\"@context\":\"https:\\\/\\\/schema.org\",\"@type\":\"NewsArticle\",\"headline\":\"La Copa de Golf Diplom\\u00e1tica y Consular celebrar\\u00e1 sexta versi\\u00f3n en the Links Casa de Campo\",\"url\":\"http:\\\/\\\/casadecampoliving.com\\\/es\\\/la-copa-de-golf-diplomatica-y-consular-celebrara-sexta-version-en-the-links-casa-de-campo\\\/\",\"mainEntityOfPage\":{\"@type\":\"WebPage\",\"@id\":\"http:\\\/\\\/casadecampoliving.com\\\/es\\\/la-copa-de-golf-diplomatica-y-consular-celebrara-sexta-version-en-the-links-casa-de-campo\\\/\"},\"thumbnailUrl\":\"https:\\\/\\\/i0.wp.com\\\/casadecampoliving.com\\\/wp-content\\\/uploads\\\/2022\\\/10\\\/Foto-Antonio-Clara-Julio-Emilio-696x928-1-1.jpg?resize=150%2C150&ssl=1\",\"image\":{\"@type\":\"ImageObject\",\"url\":\"https:\\\/\\\/i0.wp.com\\\/casadecampoliving.com\\\/wp-content\\\/uploads\\\/2022\\\/10\\\/Foto-Antonio-Clara-Julio-Emilio-696x928-1-1.jpg?fit=1000%2C619&ssl=1\"},\"articleSection\":\"Comunidad\",\"author\":[{\"@type\":\"Person\",\"name\":\"Casa de Campo Living\"}],\"creator\":[\"Casa de Campo Living\"],\"publisher\":{\"@type\":\"Organization\",\"name\":\"Casa de Campo Living\",\"logo\":\"https:\\\/\\\/casadecampoliving.com\\\/wp-content\\\/uploads\\\/2022\\\/07\\\/CDCLivingLogo_V1-white-sized.png\"},\"keywords\":[\"antonio alma\",\"casa de campo\",\"clara reid de frankenberg\",\"el hogar del nino\",\"emilio hasbun\",\"fernando gonz\\u00e1lez nicol\\u00e1s\",\"fundacion mir @es\",\"golf\",\"julio zeller\",\"links\",\"patronato ben\\u00e9fico oriental\",\"sonia villanueva de brouwer\",\"torneo\"],\"dateCreated\":\"2020-11-20T04:00:00Z\",\"datePublished\":\"2020-11-20T04:00:00Z\",\"dateModified\":\"2022-10-21T23:09:59Z\"}<\/script>","tracker_url":"https:\/\/cdn.parsely.com\/keys\/casadecampoliving.com\/p.js"},"jetpack_publicize_connections":[],"jetpack_featured_media_url":"https:\/\/i0.wp.com\/casadecampoliving.com\/wp-content\/uploads\/2022\/10\/Foto-Antonio-Clara-Julio-Emilio-696x928-1-1.jpg?fit=1000%2C619&ssl=1","jetpack-related-posts":[{"id":353942,"url":"https:\/\/casadecampoliving.com\/es\/dedican-sexta-copa-de-golf-diplomatica-y-consular-a-carlos-morales-troncoso\/","url_meta":{"origin":353915,"position":0},"title":"Dedican sexta Copa de Golf Diplom\u00e1tica y Consular a Carlos Morales Troncoso","author":"Casa de Campo Living","date":"15 Dic, 2020","format":false,"excerpt":"Alejandro Valdez y Eugenio Baittiner se consagraron campeones de la sexta Copa de Golf Diplom\u00e1tica y Consular que se celebr\u00f3 en Casa de Campo, la cual estuvo dedicada al Ingeniero Carlos Morales Troncoso, exvicepresidente de la Rep\u00fablica Dominicana y que cont\u00f3 con la participaci\u00f3n de 128 jugadores, entre los cuales\u2026","rel":"","context":"En \u00abCasa de Campo Living @es\u00bb","block_context":{"text":"Casa de Campo Living @es","link":"https:\/\/casadecampoliving.com\/category\/casa-de-campo-living-es\/"},"img":{"alt_text":"","src":"https:\/\/i0.wp.com\/casadecampoliving.com\/wp-content\/uploads\/2022\/10\/Untitled1-1.png?fit=975%2C549&ssl=1&resize=350%2C200","width":350,"height":200,"srcset":"https:\/\/i0.wp.com\/casadecampoliving.com\/wp-content\/uploads\/2022\/10\/Untitled1-1.png?fit=975%2C549&ssl=1&resize=350%2C200 1x, https:\/\/i0.wp.com\/casadecampoliving.com\/wp-content\/uploads\/2022\/10\/Untitled1-1.png?fit=975%2C549&ssl=1&resize=525%2C300 1.5x, https:\/\/i0.wp.com\/casadecampoliving.com\/wp-content\/uploads\/2022\/10\/Untitled1-1.png?fit=975%2C549&ssl=1&resize=700%2C400 2x"},"classes":[]},{"id":332675,"url":"https:\/\/casadecampoliving.com\/the-6th-diplomatic-and-consular-golf-cup-will-take-place-at-the-links-casa-de-campo\/","url_meta":{"origin":353915,"position":1},"title":"The 6th Diplomatic and Consular Golf Cup will take place at the Links Casa de Campo","author":"Casa de Campo Living","date":"20 Nov, 2020","format":false,"excerpt":"The traditional Diplomatic and Consular golf cup will celebrate its sixth version, on November 28 at The Links Casa de Campo, La Romana. The announcement was made by the dean of the consular body, Mrs. Clara Reid de Frankenberg, the president of the Diplomatic and Consular Golf Cup, Mrs. Sonia\u2026","rel":"","context":"En \u00abCasa de Campo Resort\u00bb","block_context":{"text":"Casa de Campo Resort","link":"https:\/\/casadecampoliving.com\/category\/casa-de-campo-resort\/"},"img":{"alt_text":"","src":"https:\/\/i0.wp.com\/casadecampoliving.com\/wp-content\/uploads\/2022\/10\/Foto-Antonio-Clara-Julio-Emilio-696x928-1-1.jpg?fit=1000%2C619&ssl=1&resize=350%2C200","width":350,"height":200,"srcset":"https:\/\/i0.wp.com\/casadecampoliving.com\/wp-content\/uploads\/2022\/10\/Foto-Antonio-Clara-Julio-Emilio-696x928-1-1.jpg?fit=1000%2C619&ssl=1&resize=350%2C200 1x, https:\/\/i0.wp.com\/casadecampoliving.com\/wp-content\/uploads\/2022\/10\/Foto-Antonio-Clara-Julio-Emilio-696x928-1-1.jpg?fit=1000%2C619&ssl=1&resize=525%2C300 1.5x, https:\/\/i0.wp.com\/casadecampoliving.com\/wp-content\/uploads\/2022\/10\/Foto-Antonio-Clara-Julio-Emilio-696x928-1-1.jpg?fit=1000%2C619&ssl=1&resize=700%2C400 2x"},"classes":[]},{"id":332807,"url":"https:\/\/casadecampoliving.com\/sixth-diplomatic-and-consular-golf-cup-is-dedicated-to-carlos-morales-troncoso\/","url_meta":{"origin":353915,"position":2},"title":"Sixth Diplomatic and Consular Golf Cup dedicated to Carlos Morales Troncoso","author":"Casa de Campo Living","date":"15 Dic, 2020","format":false,"excerpt":"Alejandro Valdez and Eugenio Baittiner became champions of the sixth Diplomatic and Consular Golf Cup that took place in Casa de Campo, which was dedicated to Engineer Carlos Morales Troncoso, former vice president of the Dominican Republic with the participation of 128 players, among which were representatives of the diplomatic\u2026","rel":"","context":"En \u00abCasa de Campo Resort\u00bb","block_context":{"text":"Casa de Campo Resort","link":"https:\/\/casadecampoliving.com\/category\/casa-de-campo-resort\/"},"img":{"alt_text":"","src":"https:\/\/i0.wp.com\/casadecampoliving.com\/wp-content\/uploads\/2022\/10\/Untitled1-1.png?fit=975%2C549&ssl=1&resize=350%2C200","width":350,"height":200,"srcset":"https:\/\/i0.wp.com\/casadecampoliving.com\/wp-content\/uploads\/2022\/10\/Untitled1-1.png?fit=975%2C549&ssl=1&resize=350%2C200 1x, https:\/\/i0.wp.com\/casadecampoliving.com\/wp-content\/uploads\/2022\/10\/Untitled1-1.png?fit=975%2C549&ssl=1&resize=525%2C300 1.5x, https:\/\/i0.wp.com\/casadecampoliving.com\/wp-content\/uploads\/2022\/10\/Untitled1-1.png?fit=975%2C549&ssl=1&resize=700%2C400 2x"},"classes":[]},{"id":339549,"url":"https:\/\/casadecampoliving.com\/es\/sonia-villanueva-de-brouwer-organiza-recital-de-piano-en-conmemoracion-de-la-francofonia\/","url_meta":{"origin":353915,"position":3},"title":"Sonia Villanueva de Brouwer organiza recital de piano en conmemoraci\u00f3n de la Francofon\u00eda","author":"Rebecca Silvestri","date":"12 Ago, 2012","format":false,"excerpt":"La C\u00f3nsul del Principado de M\u00f3naco, Sonia Villanueva de Brouwer y su esposo Wilhelm Brouwer, ambos due\u00f1os de villa de Casa de Campo, ofrecieron en su residencia un recital de piano con el renombrado director de orquesta y pianista franc\u00e9s Philippe Entremont. Sonia Villanueva de Brouwer y su esposo Wilhelm\u2026","rel":"","context":"En \u00abM\u00e1s all\u00e1 de Casa\u00bb","block_context":{"text":"M\u00e1s all\u00e1 de Casa","link":"https:\/\/casadecampoliving.com\/es\/category\/mas-alla-de-casa-es\/"},"img":{"alt_text":"prince monaco","src":"https:\/\/i0.wp.com\/casadecampoliving.com\/wp-content\/uploads\/2022\/10\/prince_monaco-1.jpg?fit=650%2C373&ssl=1&resize=350%2C200","width":350,"height":200,"srcset":"https:\/\/i0.wp.com\/casadecampoliving.com\/wp-content\/uploads\/2022\/10\/prince_monaco-1.jpg?fit=650%2C373&ssl=1&resize=350%2C200 1x, https:\/\/i0.wp.com\/casadecampoliving.com\/wp-content\/uploads\/2022\/10\/prince_monaco-1.jpg?fit=650%2C373&ssl=1&resize=525%2C300 1.5x"},"classes":[]},{"id":352513,"url":"https:\/\/casadecampoliving.com\/es\/equipo-monterosso-ganadores-de-la-vi-copa-britanica-de-polo-de-britcham\/","url_meta":{"origin":353915,"position":4},"title":"Equipo Monterosso ganadores de la VI Copa Brit\u00e1nica de Polo de BRITCHAM","author":"Casa de Campo Living","date":"7 Mar, 2018","format":false,"excerpt":"El Club de Polo de Casa de Campo fue el lujoso escenario para celebrar con \u00e9xito la VI Copa Brit\u00e1nica de Polo de BRITCHAM 2018. Una tarde soleada con un p\u00fablico exquisito hicieron de este juego de polo el evento m\u00e1s exclusivo del a\u00f1o. El distinguido Embajador del Reino Unido,\u2026","rel":"","context":"En \u00abRep\u00fablica Dominicana @es\u00bb","block_context":{"text":"Rep\u00fablica Dominicana @es","link":"https:\/\/casadecampoliving.com\/es\/category\/republica-dominicana-2\/"},"img":{"alt_text":"Alessandro Bazzoni, Ignacio Toccalino","src":"https:\/\/i0.wp.com\/casadecampoliving.com\/wp-content\/uploads\/2022\/10\/Alessandro-Bazzoni-Ignacio-Toccalino.jpg?resize=350%2C200","width":350,"height":200,"srcset":"https:\/\/i0.wp.com\/casadecampoliving.com\/wp-content\/uploads\/2022\/10\/Alessandro-Bazzoni-Ignacio-Toccalino.jpg?resize=350%2C200 1x, https:\/\/i0.wp.com\/casadecampoliving.com\/wp-content\/uploads\/2022\/10\/Alessandro-Bazzoni-Ignacio-Toccalino.jpg?resize=525%2C300 1.5x"},"classes":[]},{"id":352482,"url":"https:\/\/casadecampoliving.com\/es\/camara-britanica-de-comercio-anuncia-su-copa-britanica-de-polo\/","url_meta":{"origin":353915,"position":5},"title":"C\u00e1mara Brit\u00e1nica de Comercio anuncia su Copa Brit\u00e1nica de Polo, en su VI versi\u00f3n","author":"Casa de Campo Living","date":"26 Feb, 2018","format":false,"excerpt":"La C\u00e1mara Brit\u00e1nica de Comercio (BRITCHAM) celebrar\u00e1 el pr\u00f3ximo 3 de marzo la sexta edici\u00f3n de la Royal POLO Cup, en memoria del reconocido empresario y polista William J. Reid Baquero, QEPD, la cual tendr\u00e1 a los Embajadores del Reino Unido de Gran Breta\u00f1a en el pa\u00eds, H.M. Chris Campbell\u2026","rel":"","context":"En \u00abDeportes\u00bb","block_context":{"text":"Deportes","link":"https:\/\/casadecampoliving.com\/es\/category\/golf-deportes-es\/"},"img":{"alt_text":"","src":"https:\/\/i0.wp.com\/casadecampoliving.com\/wp-content\/uploads\/2018\/02\/unnamed-12.jpg?resize=350%2C200&ssl=1","width":350,"height":200,"srcset":"https:\/\/i0.wp.com\/casadecampoliving.com\/wp-content\/uploads\/2018\/02\/unnamed-12.jpg?resize=350%2C200&ssl=1 1x, https:\/\/i0.wp.com\/casadecampoliving.com\/wp-content\/uploads\/2018\/02\/unnamed-12.jpg?resize=525%2C300&ssl=1 1.5x, https:\/\/i0.wp.com\/casadecampoliving.com\/wp-content\/uploads\/2018\/02\/unnamed-12.jpg?resize=700%2C400&ssl=1 2x"},"classes":[]}],"jetpack_sharing_enabled":true,"_links":{"self":[{"href":"https:\/\/casadecampoliving.com\/es\/wp-json\/wp\/v2\/posts\/353915","targetHints":{"allow":["GET"]}}],"collection":[{"href":"https:\/\/casadecampoliving.com\/es\/wp-json\/wp\/v2\/posts"}],"about":[{"href":"https:\/\/casadecampoliving.com\/es\/wp-json\/wp\/v2\/types\/post"}],"author":[{"embeddable":true,"href":"https:\/\/casadecampoliving.com\/es\/wp-json\/wp\/v2\/users\/36791"}],"replies":[{"embeddable":true,"href":"https:\/\/casadecampoliving.com\/es\/wp-json\/wp\/v2\/comments?post=353915"}],"version-history":[{"count":0,"href":"https:\/\/casadecampoliving.com\/es\/wp-json\/wp\/v2\/posts\/353915\/revisions"}],"wp:featuredmedia":[{"embeddable":true,"href":"https:\/\/casadecampoliving.com\/es\/wp-json\/wp\/v2\/media\/332679"}],"wp:attachment":[{"href":"https:\/\/casadecampoliving.com\/es\/wp-json\/wp\/v2\/media?parent=353915"}],"wp:term":[{"taxonomy":"category","embeddable":true,"href":"https:\/\/casadecampoliving.com\/es\/wp-json\/wp\/v2\/categories?post=353915"},{"taxonomy":"post_tag","embeddable":true,"href":"https:\/\/casadecampoliving.com\/es\/wp-json\/wp\/v2\/tags?post=353915"},{"taxonomy":"newspack_spnsrs_tax","embeddable":true,"href":"https:\/\/casadecampoliving.com\/es\/wp-json\/wp\/v2\/newspack_spnsrs_tax?post=353915"}],"curies":[{"name":"wp","href":"https:\/\/api.w.org\/{rel}","templated":true}]}}