{"id":353910,"date":"2020-11-12T00:00:00","date_gmt":"2020-11-12T04:00:00","guid":{"rendered":"https:\/\/casadecampoliving.com\/cartelera-de-peliculas-12-al-18-de-noviembre\/"},"modified":"2022-10-21T19:09:36","modified_gmt":"2022-10-21T23:09:36","slug":"cartelera-de-peliculas-12-al-18-de-noviembre","status":"publish","type":"post","link":"https:\/\/casadecampoliving.com\/es\/cartelera-de-peliculas-12-al-18-de-noviembre\/","title":{"rendered":"Cartelera de pel\u00edculas: 12 al 18 de noviembre"},"content":{"rendered":"\n<p>Despu\u00e9s de aproximadamente siete meses, Caribbean Cinemas La Marina har\u00e1 estallar las palomitas de ma\u00edz, atenuar\u00e1 las luces y comenzar\u00e1 el espect\u00e1culo. El teatro reabri\u00f3 sus puertas el jueves 22 de octubre. En su pr\u00f3xima visita al teatro, notar\u00e1 que se han tomado medidas para garantizar la salud y seguridad de sus invitados, incluyendo filas m\u00e1s cortas en las concesiones y aforo reducido del auditorio para el distanciamiento social.<\/p>\n\n\n\n<p>Estas son algunas de las pol\u00edticas clave que han implementado. Las temperaturas se tomar\u00e1n a la llegada; se requieren m\u00e1scaras para los invitados y el equipo en todo el teatro; en el auditorio, a\u00fan se requieren m\u00e1scaras, pero se pueden quitar mientras se disfruta de la comida y la bebida. Prot\u00e9jase y proteja a los dem\u00e1s usando una m\u00e1scara antes, durante y despu\u00e9s de su pel\u00edcula; recuerde mantener la distancia antes, durante y despu\u00e9s de la pel\u00edcula; y los auditorios se desinfectan antes de cada espect\u00e1culo.<\/p>\n\n\n\n<p>Debido a la pandemia, los grandes estrenos de Hollywood se han pospuesto continuamente, debido a esto, los cines han optado por proyectar algunas de las producciones favoritas del p\u00fablico as\u00ed como nuevos estrenos tan pronto como est\u00e9n disponibles. \u00bfQu\u00e9 es lo que no me encanta de volver a ver una de tus pel\u00edculas favoritas? \u00a1Es otra oportunidad para re\u00edr, llorar, amar a tus favoritos de todos los tiempos, o una nueva oportunidad para ver esa pel\u00edcula que no pudiste ver antes de que saliera de la cartelera!<\/p>\n\n\n\n<p>Aqu\u00ed hay un resumen de lo que se proyecta ahora.<\/p>\n\n\n\n<h2 class=\"wp-block-heading\">NUEVA ESTA SEMANA:<\/h2>\n\n\n\n<blockquote><h4><strong>The Courier<\/strong><\/h4><p><strong>Sinopsis:<\/strong><\/p><p>Un mensajero en Londres descubre que uno de los paquetes que transporta es una bomba.<\/p><p><strong>Trailer:<\/strong><\/p><p><iframe loading=\"lazy\" src=\"https:\/\/www.youtube.com\/embed\/cERrVZk94wY\" width=\"560\" height=\"315\" frameborder=\"0\" allowfullscreen=\"allowfullscreen\" data-mce-fragment=\"1\"><\/iframe><\/p><p><strong>Times:<\/strong> 6:20pm, 8:40pm<\/p><\/blockquote>\n\n\n\n<blockquote><h4>Bajo el mismo techo<\/h4><p><strong>Sinopsis:<\/strong><\/p><p>Nadia y Adri\u00e1n se divorcian, pero tienen que seguir viviendo juntos bajo el mismo techo ya que no pueden vender su casa y no tienen suficiente dinero para irse a otro lado.<\/p><p><strong>Trailer:<\/strong><\/p><p><iframe loading=\"lazy\" src=\"https:\/\/www.youtube.com\/embed\/de_NYbCoM2I\" width=\"560\" height=\"315\" frameborder=\"0\" allowfullscreen=\"allowfullscreen\" data-mce-fragment=\"1\"><\/iframe><\/p><p><strong>Times:<\/strong> 8:30pm<\/p><\/blockquote>\n\n\n\n<h2 class=\"wp-block-heading\">Todav\u00eda proyectando:<\/h2>\n\n\n\n<blockquote><h4><strong>Trolls World Tour<\/strong><\/h4><p><strong>Sinopsis:<\/strong><\/p><p>Cuando la Reina de los Hard Rock Trolls intenta apoderarse de todos los reinos Troll, la Reina Poppy y sus amigas intentan diferentes formas de salvar a todos los Trolls.<\/p><p><strong>Trailer:<\/strong><\/p><p><iframe loading=\"lazy\" src=\"https:\/\/www.youtube.com\/embed\/yP86-TR6IME\" width=\"560\" height=\"315\" frameborder=\"0\" allowfullscreen=\"allowfullscreen\" data-mce-fragment=\"1\"><\/iframe><\/p><p><strong>Times:<\/strong> 6:30pm, 7:00pm, 9:10pm<\/p><\/blockquote>\n","protected":false},"excerpt":{"rendered":"<p>Despu\u00e9s de aproximadamente siete meses, Caribbean Cinemas La Marina har\u00e1 estallar las palomitas de ma\u00edz, atenuar\u00e1 las luces y comenzar\u00e1 el espect\u00e1culo. El teatro reabri\u00f3 sus puertas el jueves 22 de octubre. En su pr\u00f3xima visita al teatro, notar\u00e1 que se han tomado medidas para garantizar la salud y seguridad de sus invitados, incluyendo filas [&hellip;]<\/p>\n","protected":false},"author":36791,"featured_media":303968,"comment_status":"closed","ping_status":"open","sticky":false,"template":"","format":"standard","meta":{"newspack_ads_suppress_ads":false,"newspack_popups_has_disabled_popups":false,"newspack_sponsor_sponsorship_scope":"","newspack_sponsor_native_byline_display":"inherit","newspack_sponsor_native_category_display":"inherit","newspack_sponsor_underwriter_style":"inherit","newspack_sponsor_underwriter_placement":"inherit","_newspack_byline_active":false,"_newspack_byline":"","newspack_hide_updated_date":false,"newspack_show_updated_date":false,"newspack_content_restriction_is_exempt":false,"newspack_featured_image_position":"","newspack_post_subtitle":"","newspack_article_summary_title":"Overview:","newspack_article_summary":"","_jetpack_memberships_contains_paid_content":false,"footnotes":"","jetpack_publicize_message":"","jetpack_publicize_feature_enabled":true,"jetpack_social_post_already_shared":false,"jetpack_social_options":{"image_generator_settings":{"template":"highway","default_image_id":0,"font":"","enabled":false},"version":2},"_wpas_customize_per_network":false},"categories":[26936,3126,14631,26581,14625,14627,19622],"tags":[23799,19625],"newspack_spnsrs_tax":[],"class_list":["post-353910","post","type-post","status-publish","format-standard","has-post-thumbnail","hentry","category-casa-de-campo-living-es","category-cine-3","category-estilo-de-vida","category-la-marina-casa-de-campo","category-noticias-locales","category-proximamente","category-video-es-2","tag-times-es","tag-trailers-es","entry"],"yoast_head":"<!-- This site is optimized with the Yoast SEO plugin v27.4 - https:\/\/yoast.com\/product\/yoast-seo-wordpress\/ -->\n<title>Cartelera de pel\u00edculas: 12 al 18 de noviembre | Casa de Campo Living<\/title>\n<meta name=\"description\" content=\"Despu\u00e9s de aproximadamente siete meses, Caribbean Cinemas La Marina har\u00e1 estallar las palomitas de ma\u00edz, atenuar\u00e1 las luces y comenzar\u00e1 el espect\u00e1culo. El\" \/>\n<meta name=\"robots\" content=\"index, follow, max-snippet:-1, max-image-preview:large, max-video-preview:-1\" \/>\n<link rel=\"canonical\" href=\"https:\/\/casadecampoliving.com\/es\/cartelera-de-peliculas-12-al-18-de-noviembre\/\" \/>\n<meta property=\"og:locale\" content=\"es_ES\" \/>\n<meta property=\"og:type\" content=\"article\" \/>\n<meta property=\"og:title\" content=\"Cartelera de pel\u00edculas: 12 al 18 de noviembre | Casa de Campo Living\" \/>\n<meta property=\"og:description\" content=\"Despu\u00e9s de aproximadamente siete meses, Caribbean Cinemas La Marina har\u00e1 estallar las palomitas de ma\u00edz, atenuar\u00e1 las luces y comenzar\u00e1 el espect\u00e1culo. El\" \/>\n<meta property=\"og:url\" content=\"https:\/\/casadecampoliving.com\/es\/cartelera-de-peliculas-12-al-18-de-noviembre\/\" \/>\n<meta property=\"og:site_name\" content=\"Casa de Campo Living\" \/>\n<meta property=\"article:publisher\" content=\"https:\/\/www.facebook.com\/casadecampoliving\" \/>\n<meta property=\"article:published_time\" content=\"2020-11-12T04:00:00+00:00\" \/>\n<meta property=\"article:modified_time\" content=\"2022-10-21T23:09:36+00:00\" \/>\n<meta property=\"og:image\" content=\"https:\/\/i0.wp.com\/casadecampoliving.com\/wp-content\/uploads\/2022\/10\/movies-_banner-1000x550-1.jpg?fit=1000%2C550&ssl=1\" \/>\n\t<meta property=\"og:image:width\" content=\"1000\" \/>\n\t<meta property=\"og:image:height\" content=\"550\" \/>\n\t<meta property=\"og:image:type\" content=\"image\/jpeg\" \/>\n<meta name=\"author\" content=\"Casa de Campo Living\" \/>\n<meta name=\"twitter:card\" content=\"summary_large_image\" \/>\n<meta name=\"twitter:creator\" content=\"@cdcliving\" \/>\n<meta name=\"twitter:site\" content=\"@cdcliving\" \/>\n<meta name=\"twitter:label1\" content=\"Escrito por\" \/>\n\t<meta name=\"twitter:data1\" content=\"Casa de Campo Living\" \/>\n\t<meta name=\"twitter:label2\" content=\"Tiempo de lectura\" \/>\n\t<meta name=\"twitter:data2\" content=\"2 minutos\" \/>\n<script type=\"application\/ld+json\" class=\"yoast-schema-graph\">{\"@context\":\"https:\\\/\\\/schema.org\",\"@graph\":[{\"@type\":\"Article\",\"@id\":\"https:\\\/\\\/casadecampoliving.com\\\/es\\\/cartelera-de-peliculas-12-al-18-de-noviembre\\\/#article\",\"isPartOf\":{\"@id\":\"https:\\\/\\\/casadecampoliving.com\\\/es\\\/cartelera-de-peliculas-12-al-18-de-noviembre\\\/\"},\"author\":{\"name\":\"Casa de Campo Living\",\"@id\":\"https:\\\/\\\/casadecampoliving.com\\\/es\\\/#\\\/schema\\\/person\\\/5d2171637a9d11e0e43ce6b8555f9422\"},\"headline\":\"Cartelera de pel\u00edculas: 12 al 18 de noviembre\",\"datePublished\":\"2020-11-12T04:00:00+00:00\",\"dateModified\":\"2022-10-21T23:09:36+00:00\",\"mainEntityOfPage\":{\"@id\":\"https:\\\/\\\/casadecampoliving.com\\\/es\\\/cartelera-de-peliculas-12-al-18-de-noviembre\\\/\"},\"wordCount\":389,\"publisher\":{\"@id\":\"https:\\\/\\\/casadecampoliving.com\\\/es\\\/#organization\"},\"image\":{\"@id\":\"https:\\\/\\\/casadecampoliving.com\\\/es\\\/cartelera-de-peliculas-12-al-18-de-noviembre\\\/#primaryimage\"},\"thumbnailUrl\":\"https:\\\/\\\/i0.wp.com\\\/casadecampoliving.com\\\/wp-content\\\/uploads\\\/2022\\\/10\\\/movies-_banner-1000x550-1.jpg?fit=1000%2C550&ssl=1\",\"keywords\":[\"times\",\"trailers\"],\"articleSection\":[\"Casa de Campo Living @es\",\"Cine @es\",\"Estilo de Vida\",\"La Marina Casa de Campo\",\"Noticias Locales\",\"Proximamente\",\"Video\"],\"inLanguage\":\"es\"},{\"@type\":\"WebPage\",\"@id\":\"https:\\\/\\\/casadecampoliving.com\\\/es\\\/cartelera-de-peliculas-12-al-18-de-noviembre\\\/\",\"url\":\"https:\\\/\\\/casadecampoliving.com\\\/es\\\/cartelera-de-peliculas-12-al-18-de-noviembre\\\/\",\"name\":\"Cartelera de pel\u00edculas: 12 al 18 de noviembre | Casa de Campo Living\",\"isPartOf\":{\"@id\":\"https:\\\/\\\/casadecampoliving.com\\\/es\\\/#website\"},\"primaryImageOfPage\":{\"@id\":\"https:\\\/\\\/casadecampoliving.com\\\/es\\\/cartelera-de-peliculas-12-al-18-de-noviembre\\\/#primaryimage\"},\"image\":{\"@id\":\"https:\\\/\\\/casadecampoliving.com\\\/es\\\/cartelera-de-peliculas-12-al-18-de-noviembre\\\/#primaryimage\"},\"thumbnailUrl\":\"https:\\\/\\\/i0.wp.com\\\/casadecampoliving.com\\\/wp-content\\\/uploads\\\/2022\\\/10\\\/movies-_banner-1000x550-1.jpg?fit=1000%2C550&ssl=1\",\"datePublished\":\"2020-11-12T04:00:00+00:00\",\"dateModified\":\"2022-10-21T23:09:36+00:00\",\"description\":\"Despu\u00e9s de aproximadamente siete meses, Caribbean Cinemas La Marina har\u00e1 estallar las palomitas de ma\u00edz, atenuar\u00e1 las luces y comenzar\u00e1 el espect\u00e1culo. El\",\"breadcrumb\":{\"@id\":\"https:\\\/\\\/casadecampoliving.com\\\/es\\\/cartelera-de-peliculas-12-al-18-de-noviembre\\\/#breadcrumb\"},\"inLanguage\":\"es\",\"potentialAction\":[{\"@type\":\"ReadAction\",\"target\":[\"https:\\\/\\\/casadecampoliving.com\\\/es\\\/cartelera-de-peliculas-12-al-18-de-noviembre\\\/\"]}]},{\"@type\":\"ImageObject\",\"inLanguage\":\"es\",\"@id\":\"https:\\\/\\\/casadecampoliving.com\\\/es\\\/cartelera-de-peliculas-12-al-18-de-noviembre\\\/#primaryimage\",\"url\":\"https:\\\/\\\/i0.wp.com\\\/casadecampoliving.com\\\/wp-content\\\/uploads\\\/2022\\\/10\\\/movies-_banner-1000x550-1.jpg?fit=1000%2C550&ssl=1\",\"contentUrl\":\"https:\\\/\\\/i0.wp.com\\\/casadecampoliving.com\\\/wp-content\\\/uploads\\\/2022\\\/10\\\/movies-_banner-1000x550-1.jpg?fit=1000%2C550&ssl=1\",\"width\":1000,\"height\":550},{\"@type\":\"BreadcrumbList\",\"@id\":\"https:\\\/\\\/casadecampoliving.com\\\/es\\\/cartelera-de-peliculas-12-al-18-de-noviembre\\\/#breadcrumb\",\"itemListElement\":[{\"@type\":\"ListItem\",\"position\":1,\"name\":\"Home\",\"item\":\"https:\\\/\\\/casadecampoliving.com\\\/es\\\/\"},{\"@type\":\"ListItem\",\"position\":2,\"name\":\"Cartelera de pel\u00edculas: 12 al 18 de noviembre\"}]},{\"@type\":\"WebSite\",\"@id\":\"https:\\\/\\\/casadecampoliving.com\\\/es\\\/#website\",\"url\":\"https:\\\/\\\/casadecampoliving.com\\\/es\\\/\",\"name\":\"Casa de Campo Living\",\"description\":\"Resort community news and resources.\",\"publisher\":{\"@id\":\"https:\\\/\\\/casadecampoliving.com\\\/es\\\/#organization\"},\"potentialAction\":[{\"@type\":\"SearchAction\",\"target\":{\"@type\":\"EntryPoint\",\"urlTemplate\":\"https:\\\/\\\/casadecampoliving.com\\\/es\\\/?s={search_term_string}\"},\"query-input\":{\"@type\":\"PropertyValueSpecification\",\"valueRequired\":true,\"valueName\":\"search_term_string\"}}],\"inLanguage\":\"es\"},{\"@type\":\"Organization\",\"@id\":\"https:\\\/\\\/casadecampoliving.com\\\/es\\\/#organization\",\"name\":\"Casa de Campo Living\",\"url\":\"https:\\\/\\\/casadecampoliving.com\\\/es\\\/\",\"logo\":{\"@type\":\"ImageObject\",\"inLanguage\":\"es\",\"@id\":\"https:\\\/\\\/casadecampoliving.com\\\/es\\\/#\\\/schema\\\/logo\\\/image\\\/\",\"url\":\"https:\\\/\\\/i0.wp.com\\\/casadecampoliving.com\\\/wp-content\\\/uploads\\\/2022\\\/07\\\/CDCLivingLogo_V1-white-sized.png?fit=800%2C214&ssl=1\",\"contentUrl\":\"https:\\\/\\\/i0.wp.com\\\/casadecampoliving.com\\\/wp-content\\\/uploads\\\/2022\\\/07\\\/CDCLivingLogo_V1-white-sized.png?fit=800%2C214&ssl=1\",\"width\":800,\"height\":214,\"caption\":\"Casa de Campo Living\"},\"image\":{\"@id\":\"https:\\\/\\\/casadecampoliving.com\\\/es\\\/#\\\/schema\\\/logo\\\/image\\\/\"},\"sameAs\":[\"https:\\\/\\\/www.facebook.com\\\/casadecampoliving\",\"https:\\\/\\\/x.com\\\/cdcliving\"]},{\"@type\":\"Person\",\"@id\":\"https:\\\/\\\/casadecampoliving.com\\\/es\\\/#\\\/schema\\\/person\\\/5d2171637a9d11e0e43ce6b8555f9422\",\"name\":\"Casa de Campo Living\",\"image\":{\"@type\":\"ImageObject\",\"inLanguage\":\"es\",\"@id\":\"https:\\\/\\\/secure.gravatar.com\\\/avatar\\\/d04101fa4a9fd431e939953b1500fdc7a73cd35029f86d98712fd8ccdaebaf9a?s=96&d=mm&r=g\",\"url\":\"https:\\\/\\\/secure.gravatar.com\\\/avatar\\\/d04101fa4a9fd431e939953b1500fdc7a73cd35029f86d98712fd8ccdaebaf9a?s=96&d=mm&r=g\",\"contentUrl\":\"https:\\\/\\\/secure.gravatar.com\\\/avatar\\\/d04101fa4a9fd431e939953b1500fdc7a73cd35029f86d98712fd8ccdaebaf9a?s=96&d=mm&r=g\",\"caption\":\"Casa de Campo Living\"},\"url\":\"https:\\\/\\\/casadecampoliving.com\\\/es\\\/author\\\/casa-de-campo-living\\\/\"}]}<\/script>\n<!-- \/ Yoast SEO plugin. -->","yoast_head_json":{"title":"Cartelera de pel\u00edculas: 12 al 18 de noviembre | Casa de Campo Living","description":"Despu\u00e9s de aproximadamente siete meses, Caribbean Cinemas La Marina har\u00e1 estallar las palomitas de ma\u00edz, atenuar\u00e1 las luces y comenzar\u00e1 el espect\u00e1culo. El","robots":{"index":"index","follow":"follow","max-snippet":"max-snippet:-1","max-image-preview":"max-image-preview:large","max-video-preview":"max-video-preview:-1"},"canonical":"https:\/\/casadecampoliving.com\/es\/cartelera-de-peliculas-12-al-18-de-noviembre\/","og_locale":"es_ES","og_type":"article","og_title":"Cartelera de pel\u00edculas: 12 al 18 de noviembre | Casa de Campo Living","og_description":"Despu\u00e9s de aproximadamente siete meses, Caribbean Cinemas La Marina har\u00e1 estallar las palomitas de ma\u00edz, atenuar\u00e1 las luces y comenzar\u00e1 el espect\u00e1culo. El","og_url":"https:\/\/casadecampoliving.com\/es\/cartelera-de-peliculas-12-al-18-de-noviembre\/","og_site_name":"Casa de Campo Living","article_publisher":"https:\/\/www.facebook.com\/casadecampoliving","article_published_time":"2020-11-12T04:00:00+00:00","article_modified_time":"2022-10-21T23:09:36+00:00","og_image":[{"width":1000,"height":550,"url":"https:\/\/i0.wp.com\/casadecampoliving.com\/wp-content\/uploads\/2022\/10\/movies-_banner-1000x550-1.jpg?fit=1000%2C550&ssl=1","type":"image\/jpeg"}],"author":"Casa de Campo Living","twitter_card":"summary_large_image","twitter_creator":"@cdcliving","twitter_site":"@cdcliving","twitter_misc":{"Escrito por":"Casa de Campo Living","Tiempo de lectura":"2 minutos"},"schema":{"@context":"https:\/\/schema.org","@graph":[{"@type":"Article","@id":"https:\/\/casadecampoliving.com\/es\/cartelera-de-peliculas-12-al-18-de-noviembre\/#article","isPartOf":{"@id":"https:\/\/casadecampoliving.com\/es\/cartelera-de-peliculas-12-al-18-de-noviembre\/"},"author":{"name":"Casa de Campo Living","@id":"https:\/\/casadecampoliving.com\/es\/#\/schema\/person\/5d2171637a9d11e0e43ce6b8555f9422"},"headline":"Cartelera de pel\u00edculas: 12 al 18 de noviembre","datePublished":"2020-11-12T04:00:00+00:00","dateModified":"2022-10-21T23:09:36+00:00","mainEntityOfPage":{"@id":"https:\/\/casadecampoliving.com\/es\/cartelera-de-peliculas-12-al-18-de-noviembre\/"},"wordCount":389,"publisher":{"@id":"https:\/\/casadecampoliving.com\/es\/#organization"},"image":{"@id":"https:\/\/casadecampoliving.com\/es\/cartelera-de-peliculas-12-al-18-de-noviembre\/#primaryimage"},"thumbnailUrl":"https:\/\/i0.wp.com\/casadecampoliving.com\/wp-content\/uploads\/2022\/10\/movies-_banner-1000x550-1.jpg?fit=1000%2C550&ssl=1","keywords":["times","trailers"],"articleSection":["Casa de Campo Living @es","Cine @es","Estilo de Vida","La Marina Casa de Campo","Noticias Locales","Proximamente","Video"],"inLanguage":"es"},{"@type":"WebPage","@id":"https:\/\/casadecampoliving.com\/es\/cartelera-de-peliculas-12-al-18-de-noviembre\/","url":"https:\/\/casadecampoliving.com\/es\/cartelera-de-peliculas-12-al-18-de-noviembre\/","name":"Cartelera de pel\u00edculas: 12 al 18 de noviembre | Casa de Campo Living","isPartOf":{"@id":"https:\/\/casadecampoliving.com\/es\/#website"},"primaryImageOfPage":{"@id":"https:\/\/casadecampoliving.com\/es\/cartelera-de-peliculas-12-al-18-de-noviembre\/#primaryimage"},"image":{"@id":"https:\/\/casadecampoliving.com\/es\/cartelera-de-peliculas-12-al-18-de-noviembre\/#primaryimage"},"thumbnailUrl":"https:\/\/i0.wp.com\/casadecampoliving.com\/wp-content\/uploads\/2022\/10\/movies-_banner-1000x550-1.jpg?fit=1000%2C550&ssl=1","datePublished":"2020-11-12T04:00:00+00:00","dateModified":"2022-10-21T23:09:36+00:00","description":"Despu\u00e9s de aproximadamente siete meses, Caribbean Cinemas La Marina har\u00e1 estallar las palomitas de ma\u00edz, atenuar\u00e1 las luces y comenzar\u00e1 el espect\u00e1culo. El","breadcrumb":{"@id":"https:\/\/casadecampoliving.com\/es\/cartelera-de-peliculas-12-al-18-de-noviembre\/#breadcrumb"},"inLanguage":"es","potentialAction":[{"@type":"ReadAction","target":["https:\/\/casadecampoliving.com\/es\/cartelera-de-peliculas-12-al-18-de-noviembre\/"]}]},{"@type":"ImageObject","inLanguage":"es","@id":"https:\/\/casadecampoliving.com\/es\/cartelera-de-peliculas-12-al-18-de-noviembre\/#primaryimage","url":"https:\/\/i0.wp.com\/casadecampoliving.com\/wp-content\/uploads\/2022\/10\/movies-_banner-1000x550-1.jpg?fit=1000%2C550&ssl=1","contentUrl":"https:\/\/i0.wp.com\/casadecampoliving.com\/wp-content\/uploads\/2022\/10\/movies-_banner-1000x550-1.jpg?fit=1000%2C550&ssl=1","width":1000,"height":550},{"@type":"BreadcrumbList","@id":"https:\/\/casadecampoliving.com\/es\/cartelera-de-peliculas-12-al-18-de-noviembre\/#breadcrumb","itemListElement":[{"@type":"ListItem","position":1,"name":"Home","item":"https:\/\/casadecampoliving.com\/es\/"},{"@type":"ListItem","position":2,"name":"Cartelera de pel\u00edculas: 12 al 18 de noviembre"}]},{"@type":"WebSite","@id":"https:\/\/casadecampoliving.com\/es\/#website","url":"https:\/\/casadecampoliving.com\/es\/","name":"Casa de Campo Living","description":"Resort community news and resources.","publisher":{"@id":"https:\/\/casadecampoliving.com\/es\/#organization"},"potentialAction":[{"@type":"SearchAction","target":{"@type":"EntryPoint","urlTemplate":"https:\/\/casadecampoliving.com\/es\/?s={search_term_string}"},"query-input":{"@type":"PropertyValueSpecification","valueRequired":true,"valueName":"search_term_string"}}],"inLanguage":"es"},{"@type":"Organization","@id":"https:\/\/casadecampoliving.com\/es\/#organization","name":"Casa de Campo Living","url":"https:\/\/casadecampoliving.com\/es\/","logo":{"@type":"ImageObject","inLanguage":"es","@id":"https:\/\/casadecampoliving.com\/es\/#\/schema\/logo\/image\/","url":"https:\/\/i0.wp.com\/casadecampoliving.com\/wp-content\/uploads\/2022\/07\/CDCLivingLogo_V1-white-sized.png?fit=800%2C214&ssl=1","contentUrl":"https:\/\/i0.wp.com\/casadecampoliving.com\/wp-content\/uploads\/2022\/07\/CDCLivingLogo_V1-white-sized.png?fit=800%2C214&ssl=1","width":800,"height":214,"caption":"Casa de Campo Living"},"image":{"@id":"https:\/\/casadecampoliving.com\/es\/#\/schema\/logo\/image\/"},"sameAs":["https:\/\/www.facebook.com\/casadecampoliving","https:\/\/x.com\/cdcliving"]},{"@type":"Person","@id":"https:\/\/casadecampoliving.com\/es\/#\/schema\/person\/5d2171637a9d11e0e43ce6b8555f9422","name":"Casa de Campo Living","image":{"@type":"ImageObject","inLanguage":"es","@id":"https:\/\/secure.gravatar.com\/avatar\/d04101fa4a9fd431e939953b1500fdc7a73cd35029f86d98712fd8ccdaebaf9a?s=96&d=mm&r=g","url":"https:\/\/secure.gravatar.com\/avatar\/d04101fa4a9fd431e939953b1500fdc7a73cd35029f86d98712fd8ccdaebaf9a?s=96&d=mm&r=g","contentUrl":"https:\/\/secure.gravatar.com\/avatar\/d04101fa4a9fd431e939953b1500fdc7a73cd35029f86d98712fd8ccdaebaf9a?s=96&d=mm&r=g","caption":"Casa de Campo Living"},"url":"https:\/\/casadecampoliving.com\/es\/author\/casa-de-campo-living\/"}]}},"parsely":{"version":"1.1.0","canonical_url":"https:\/\/casadecampoliving.com\/es\/cartelera-de-peliculas-12-al-18-de-noviembre\/","smart_links":{"inbound":0,"outbound":0},"traffic_boost_suggestions_count":0,"meta":{"@context":"https:\/\/schema.org","@type":"NewsArticle","headline":"Cartelera de pel\u00edculas: 12 al 18 de noviembre","url":"http:\/\/casadecampoliving.com\/es\/cartelera-de-peliculas-12-al-18-de-noviembre\/","mainEntityOfPage":{"@type":"WebPage","@id":"http:\/\/casadecampoliving.com\/es\/cartelera-de-peliculas-12-al-18-de-noviembre\/"},"thumbnailUrl":"https:\/\/i0.wp.com\/casadecampoliving.com\/wp-content\/uploads\/2022\/10\/movies-_banner-1000x550-1.jpg?resize=150%2C150&ssl=1","image":{"@type":"ImageObject","url":"https:\/\/i0.wp.com\/casadecampoliving.com\/wp-content\/uploads\/2022\/10\/movies-_banner-1000x550-1.jpg?fit=1000%2C550&ssl=1"},"articleSection":"Casa de Campo Living @es","author":[{"@type":"Person","name":"Casa de Campo Living"}],"creator":["Casa de Campo Living"],"publisher":{"@type":"Organization","name":"Casa de Campo Living","logo":"https:\/\/casadecampoliving.com\/wp-content\/uploads\/2022\/07\/CDCLivingLogo_V1-white-sized.png"},"keywords":["times","trailers"],"dateCreated":"2020-11-12T04:00:00Z","datePublished":"2020-11-12T04:00:00Z","dateModified":"2022-10-21T23:09:36Z"},"rendered":"<script type=\"application\/ld+json\" class=\"wp-parsely-metadata\">{\"@context\":\"https:\\\/\\\/schema.org\",\"@type\":\"NewsArticle\",\"headline\":\"Cartelera de pel\\u00edculas: 12 al 18 de noviembre\",\"url\":\"http:\\\/\\\/casadecampoliving.com\\\/es\\\/cartelera-de-peliculas-12-al-18-de-noviembre\\\/\",\"mainEntityOfPage\":{\"@type\":\"WebPage\",\"@id\":\"http:\\\/\\\/casadecampoliving.com\\\/es\\\/cartelera-de-peliculas-12-al-18-de-noviembre\\\/\"},\"thumbnailUrl\":\"https:\\\/\\\/i0.wp.com\\\/casadecampoliving.com\\\/wp-content\\\/uploads\\\/2022\\\/10\\\/movies-_banner-1000x550-1.jpg?resize=150%2C150&ssl=1\",\"image\":{\"@type\":\"ImageObject\",\"url\":\"https:\\\/\\\/i0.wp.com\\\/casadecampoliving.com\\\/wp-content\\\/uploads\\\/2022\\\/10\\\/movies-_banner-1000x550-1.jpg?fit=1000%2C550&ssl=1\"},\"articleSection\":\"Casa de Campo Living @es\",\"author\":[{\"@type\":\"Person\",\"name\":\"Casa de Campo Living\"}],\"creator\":[\"Casa de Campo Living\"],\"publisher\":{\"@type\":\"Organization\",\"name\":\"Casa de Campo Living\",\"logo\":\"https:\\\/\\\/casadecampoliving.com\\\/wp-content\\\/uploads\\\/2022\\\/07\\\/CDCLivingLogo_V1-white-sized.png\"},\"keywords\":[\"times\",\"trailers\"],\"dateCreated\":\"2020-11-12T04:00:00Z\",\"datePublished\":\"2020-11-12T04:00:00Z\",\"dateModified\":\"2022-10-21T23:09:36Z\"}<\/script>","tracker_url":"https:\/\/cdn.parsely.com\/keys\/casadecampoliving.com\/p.js"},"jetpack_publicize_connections":[],"jetpack_featured_media_url":"https:\/\/i0.wp.com\/casadecampoliving.com\/wp-content\/uploads\/2022\/10\/movies-_banner-1000x550-1.jpg?fit=1000%2C550&ssl=1","jetpack-related-posts":[{"id":433460,"url":"https:\/\/casadecampoliving.com\/es\/no-se-pierdan-el-increible-tributo-a-frank-sinatra-para-celebrar-el-40-aniversario-del-anfiteatro-altos-de-chavon\/","url_meta":{"origin":353910,"position":0},"title":"No se pierdan el incre\u00edble tributo a Frank Sinatra para celebrar el 40 aniversario del\u00a0Anfiteatro Altos de Chav\u00f3n","author":"Casa de Campo Living","date":"20 Oct, 2022","format":false,"excerpt":"Siendo uno de los escenarios m\u00e1s emblem\u00e1ticos del pa\u00eds, Casa de Campo Resort\u00ae & Villas celebra las cuatro d\u00e9cadas de aniversario de Altos de Chav\u00f3n con un tributo al gran Frank Sinatra, protagonizado por artistas invitados y una big band tal cual la que acompa\u00f1\u00f3 al artista hace 40 a\u00f1os\u2026","rel":"","context":"En \u00abUncategorized @es\u00bb","block_context":{"text":"Uncategorized @es","link":"https:\/\/casadecampoliving.com\/es\/category\/uncategorized-es\/"},"img":{"alt_text":"","src":"https:\/\/i0.wp.com\/casadecampoliving.com\/wp-content\/uploads\/2022\/10\/Tributo-Frank-Sinatra-Foto-Principal-Amaury-Sanchez-Danilo-Ginebra-Andres-Pichardo-y-Jose-Gabriel-Perez-.jpg?fit=1200%2C873&ssl=1&resize=350%2C200","width":350,"height":200,"srcset":"https:\/\/i0.wp.com\/casadecampoliving.com\/wp-content\/uploads\/2022\/10\/Tributo-Frank-Sinatra-Foto-Principal-Amaury-Sanchez-Danilo-Ginebra-Andres-Pichardo-y-Jose-Gabriel-Perez-.jpg?fit=1200%2C873&ssl=1&resize=350%2C200 1x, https:\/\/i0.wp.com\/casadecampoliving.com\/wp-content\/uploads\/2022\/10\/Tributo-Frank-Sinatra-Foto-Principal-Amaury-Sanchez-Danilo-Ginebra-Andres-Pichardo-y-Jose-Gabriel-Perez-.jpg?fit=1200%2C873&ssl=1&resize=525%2C300 1.5x, https:\/\/i0.wp.com\/casadecampoliving.com\/wp-content\/uploads\/2022\/10\/Tributo-Frank-Sinatra-Foto-Principal-Amaury-Sanchez-Danilo-Ginebra-Andres-Pichardo-y-Jose-Gabriel-Perez-.jpg?fit=1200%2C873&ssl=1&resize=700%2C400 2x, https:\/\/i0.wp.com\/casadecampoliving.com\/wp-content\/uploads\/2022\/10\/Tributo-Frank-Sinatra-Foto-Principal-Amaury-Sanchez-Danilo-Ginebra-Andres-Pichardo-y-Jose-Gabriel-Perez-.jpg?fit=1200%2C873&ssl=1&resize=1050%2C600 3x"},"classes":[]},{"id":353891,"url":"https:\/\/casadecampoliving.com\/es\/vuelven-las-peliculas-caribbean-cinemas-la-marina-reabre-sus-puertas\/","url_meta":{"origin":353910,"position":1},"title":"\u00a1Vuelven las pel\u00edculas! \u00a1Caribbean Cinemas La Marina reabre sus puertas!","author":"Casa de Campo Living","date":"24 Oct, 2020","format":false,"excerpt":"\u00a1Por primera vez en aproximadamente siete meses, Caribbean Cinemas La Marina har\u00e1 estallar las palomitas de ma\u00edz, atenuar\u00e1 las luces y comenzar\u00e1 el espect\u00e1culo! El teatro reabri\u00f3 sus puertas el jueves 22 de octubre, y en su pr\u00f3xima visita al teatro notar\u00e1 que se han tomado medidas para garantizar la\u2026","rel":"","context":"En \u00abCine @es\u00bb","block_context":{"text":"Cine @es","link":"https:\/\/casadecampoliving.com\/es\/category\/cine-3\/"},"img":{"alt_text":"","src":"https:\/\/i0.wp.com\/casadecampoliving.com\/wp-content\/uploads\/2022\/10\/movies-_banner-1.jpg?fit=1000%2C600&ssl=1&resize=350%2C200","width":350,"height":200,"srcset":"https:\/\/i0.wp.com\/casadecampoliving.com\/wp-content\/uploads\/2022\/10\/movies-_banner-1.jpg?fit=1000%2C600&ssl=1&resize=350%2C200 1x, https:\/\/i0.wp.com\/casadecampoliving.com\/wp-content\/uploads\/2022\/10\/movies-_banner-1.jpg?fit=1000%2C600&ssl=1&resize=525%2C300 1.5x, https:\/\/i0.wp.com\/casadecampoliving.com\/wp-content\/uploads\/2022\/10\/movies-_banner-1.jpg?fit=1000%2C600&ssl=1&resize=700%2C400 2x"},"classes":[]},{"id":353921,"url":"https:\/\/casadecampoliving.com\/es\/marina-casa-de-campo-movie-times-november-19th-25th\/","url_meta":{"origin":353910,"position":2},"title":"Marina Casa de Campo Cartelera: 19 &#8211; 25 de noviembre","author":"Casa de Campo Living","date":"20 Nov, 2020","format":false,"excerpt":"Despu\u00e9s de aproximadamente siete meses, Caribbean Cinemas La Marina har\u00e1 estallar las palomitas de ma\u00edz, atenuar\u00e1 las luces y comenzar\u00e1 el espect\u00e1culo. El teatro reabri\u00f3 sus puertas el jueves 22 de octubre. En su pr\u00f3xima visita al teatro, notar\u00e1 que se han tomado medidas para garantizar la salud y seguridad\u2026","rel":"","context":"En \u00abCine @es\u00bb","block_context":{"text":"Cine @es","link":"https:\/\/casadecampoliving.com\/es\/category\/cine-3\/"},"img":{"alt_text":"","src":"https:\/\/i0.wp.com\/casadecampoliving.com\/wp-content\/uploads\/2022\/10\/cc_lamaricacdc_banner2048x1365-e1605895844463-1.png?fit=1000%2C667&ssl=1&resize=350%2C200","width":350,"height":200,"srcset":"https:\/\/i0.wp.com\/casadecampoliving.com\/wp-content\/uploads\/2022\/10\/cc_lamaricacdc_banner2048x1365-e1605895844463-1.png?fit=1000%2C667&ssl=1&resize=350%2C200 1x, https:\/\/i0.wp.com\/casadecampoliving.com\/wp-content\/uploads\/2022\/10\/cc_lamaricacdc_banner2048x1365-e1605895844463-1.png?fit=1000%2C667&ssl=1&resize=525%2C300 1.5x, https:\/\/i0.wp.com\/casadecampoliving.com\/wp-content\/uploads\/2022\/10\/cc_lamaricacdc_banner2048x1365-e1605895844463-1.png?fit=1000%2C667&ssl=1&resize=700%2C400 2x"},"classes":[]},{"id":354096,"url":"https:\/\/casadecampoliving.com\/es\/vuelven-las-peliculas-marina-casa-de-campo-cartelera-de-peliculas-8-al-14-de-julio\/","url_meta":{"origin":353910,"position":3},"title":"\u00a1Vuelven las pel\u00edculas! Marina Casa de Campo Cartelera de pel\u00edculas: 8 al 14 de julio","author":"Casa de Campo Living","date":"8 Jul, 2021","format":false,"excerpt":"No hay nada como sentarse con unas palomitas de ma\u00edz calientes y una buena pel\u00edcula para disfrutar solo, con alguien especial o con amigos y familiares. En su pr\u00f3xima visita al teatro, notar\u00e1 que se han tomado medidas para garantizar la salud y seguridad de sus invitados, incluyendo filas m\u00e1s\u2026","rel":"","context":"En \u00abCasa de Campo Living @es\u00bb","block_context":{"text":"Casa de Campo Living @es","link":"https:\/\/casadecampoliving.com\/category\/casa-de-campo-living-es\/"},"img":{"alt_text":"","src":"https:\/\/i0.wp.com\/casadecampoliving.com\/wp-content\/uploads\/2022\/10\/cc_lamaricacdc_banner2048x1365-e1605895844463-1.png?fit=1000%2C667&ssl=1&resize=350%2C200","width":350,"height":200,"srcset":"https:\/\/i0.wp.com\/casadecampoliving.com\/wp-content\/uploads\/2022\/10\/cc_lamaricacdc_banner2048x1365-e1605895844463-1.png?fit=1000%2C667&ssl=1&resize=350%2C200 1x, https:\/\/i0.wp.com\/casadecampoliving.com\/wp-content\/uploads\/2022\/10\/cc_lamaricacdc_banner2048x1365-e1605895844463-1.png?fit=1000%2C667&ssl=1&resize=525%2C300 1.5x, https:\/\/i0.wp.com\/casadecampoliving.com\/wp-content\/uploads\/2022\/10\/cc_lamaricacdc_banner2048x1365-e1605895844463-1.png?fit=1000%2C667&ssl=1&resize=700%2C400 2x"},"classes":[]},{"id":353929,"url":"https:\/\/casadecampoliving.com\/es\/marina-casa-de-campo-cartelera-3-6-de-diciembre\/","url_meta":{"origin":353910,"position":4},"title":"Marina Casa de Campo Cartelera: 3-6 de diciembre","author":"Casa de Campo Living","date":"3 Dic, 2020","format":false,"excerpt":"Despu\u00e9s de aproximadamente siete meses, Caribbean Cinemas La Marina har\u00e1 estallar las palomitas de ma\u00edz, atenuar\u00e1 las luces y comenzar\u00e1 el espect\u00e1culo. El teatro reabri\u00f3 sus puertas el jueves 22 de octubre. En su pr\u00f3xima visita al teatro, notar\u00e1 que se han tomado medidas para garantizar la salud y seguridad\u2026","rel":"","context":"En \u00abCine @es\u00bb","block_context":{"text":"Cine @es","link":"https:\/\/casadecampoliving.com\/es\/category\/cine-3\/"},"img":{"alt_text":"","src":"https:\/\/i0.wp.com\/casadecampoliving.com\/wp-content\/uploads\/2022\/10\/cc_lamaricacdc_banner2048x1365-e1605895844463-1.png?fit=1000%2C667&ssl=1&resize=350%2C200","width":350,"height":200,"srcset":"https:\/\/i0.wp.com\/casadecampoliving.com\/wp-content\/uploads\/2022\/10\/cc_lamaricacdc_banner2048x1365-e1605895844463-1.png?fit=1000%2C667&ssl=1&resize=350%2C200 1x, https:\/\/i0.wp.com\/casadecampoliving.com\/wp-content\/uploads\/2022\/10\/cc_lamaricacdc_banner2048x1365-e1605895844463-1.png?fit=1000%2C667&ssl=1&resize=525%2C300 1.5x, https:\/\/i0.wp.com\/casadecampoliving.com\/wp-content\/uploads\/2022\/10\/cc_lamaricacdc_banner2048x1365-e1605895844463-1.png?fit=1000%2C667&ssl=1&resize=700%2C400 2x"},"classes":[]},{"id":353905,"url":"https:\/\/casadecampoliving.com\/es\/cartelera-de-peliculas-5-al-11-de-noviembre\/","url_meta":{"origin":353910,"position":5},"title":"Cartelera de pel\u00edculas: 5 al 11 de noviembre","author":"Casa de Campo Living","date":"5 Nov, 2020","format":false,"excerpt":"Despu\u00e9s de aproximadamente siete meses, Caribbean Cinemas La Marina har\u00e1 estallar las palomitas de ma\u00edz, atenuar\u00e1 las luces y comenzar\u00e1 el espect\u00e1culo. El teatro reabri\u00f3 sus puertas el jueves 22 de octubre. En su pr\u00f3xima visita al teatro, notar\u00e1 que se han tomado medidas para garantizar la salud y seguridad\u2026","rel":"","context":"En \u00abCasa de Campo Living @es\u00bb","block_context":{"text":"Casa de Campo Living @es","link":"https:\/\/casadecampoliving.com\/category\/casa-de-campo-living-es\/"},"img":{"alt_text":"","src":"https:\/\/i0.wp.com\/casadecampoliving.com\/wp-content\/uploads\/2022\/10\/movies-_banner-1000x550-1.jpg?fit=1000%2C550&ssl=1&resize=350%2C200","width":350,"height":200,"srcset":"https:\/\/i0.wp.com\/casadecampoliving.com\/wp-content\/uploads\/2022\/10\/movies-_banner-1000x550-1.jpg?fit=1000%2C550&ssl=1&resize=350%2C200 1x, https:\/\/i0.wp.com\/casadecampoliving.com\/wp-content\/uploads\/2022\/10\/movies-_banner-1000x550-1.jpg?fit=1000%2C550&ssl=1&resize=525%2C300 1.5x, https:\/\/i0.wp.com\/casadecampoliving.com\/wp-content\/uploads\/2022\/10\/movies-_banner-1000x550-1.jpg?fit=1000%2C550&ssl=1&resize=700%2C400 2x"},"classes":[]}],"jetpack_sharing_enabled":true,"_links":{"self":[{"href":"https:\/\/casadecampoliving.com\/es\/wp-json\/wp\/v2\/posts\/353910","targetHints":{"allow":["GET"]}}],"collection":[{"href":"https:\/\/casadecampoliving.com\/es\/wp-json\/wp\/v2\/posts"}],"about":[{"href":"https:\/\/casadecampoliving.com\/es\/wp-json\/wp\/v2\/types\/post"}],"author":[{"embeddable":true,"href":"https:\/\/casadecampoliving.com\/es\/wp-json\/wp\/v2\/users\/36791"}],"replies":[{"embeddable":true,"href":"https:\/\/casadecampoliving.com\/es\/wp-json\/wp\/v2\/comments?post=353910"}],"version-history":[{"count":0,"href":"https:\/\/casadecampoliving.com\/es\/wp-json\/wp\/v2\/posts\/353910\/revisions"}],"wp:featuredmedia":[{"embeddable":true,"href":"https:\/\/casadecampoliving.com\/es\/wp-json\/wp\/v2\/media\/303968"}],"wp:attachment":[{"href":"https:\/\/casadecampoliving.com\/es\/wp-json\/wp\/v2\/media?parent=353910"}],"wp:term":[{"taxonomy":"category","embeddable":true,"href":"https:\/\/casadecampoliving.com\/es\/wp-json\/wp\/v2\/categories?post=353910"},{"taxonomy":"post_tag","embeddable":true,"href":"https:\/\/casadecampoliving.com\/es\/wp-json\/wp\/v2\/tags?post=353910"},{"taxonomy":"newspack_spnsrs_tax","embeddable":true,"href":"https:\/\/casadecampoliving.com\/es\/wp-json\/wp\/v2\/newspack_spnsrs_tax?post=353910"}],"curies":[{"name":"wp","href":"https:\/\/api.w.org\/{rel}","templated":true}]}}