{"id":353902,"date":"2020-11-04T00:00:00","date_gmt":"2020-11-04T04:00:00","guid":{"rendered":"https:\/\/casadecampoliving.com\/clinica-de-familia-recibe-premio-brugal-cree-en-su-gente-2020\/"},"modified":"2022-10-21T19:08:47","modified_gmt":"2022-10-21T23:08:47","slug":"clinica-de-familia-recibe-premio-brugal-cree-en-su-gente-2020","status":"publish","type":"post","link":"https:\/\/casadecampoliving.com\/es\/clinica-de-familia-recibe-premio-brugal-cree-en-su-gente-2020\/","title":{"rendered":"Cl\u00ednica de Familia Recibe Premio Brugal Cree en Su Gente 2020"},"content":{"rendered":"\n<p>El pasado 30 de octubre, Cl\u00ednica de Familia fue distinguida por la Fundaci\u00f3n Brugal en una entrega virtual de los Premios Brugal Cree en su Gente para 2020. La Fundaci\u00f3n Brugal y los miembros del jurado de los Premios Brugal Cree en su Gente reconocieron en esta ocasi\u00f3n la labor de ocho instituciones que han enfrentado la pandemia de COVID-19 en sus comunidades con creatividad y de manera colaborativa y heroica.<\/p>\n\n\n\n<p>Cl\u00ednica de Familia La Romana fue reconocida por mantenerse desde marzo dando respuesta activa a la situaci\u00f3n actual de COVID-19, con el objetivo de garantizar la seguridad de quienes visitan en busca de un servicio de salud y de igual manera asegurar el bienestar de quienes trabajan en esa instituci\u00f3n. Ese reconocimiento se extendi\u00f3 por igual a su liderazgo dando respuesta y ofreciendo actividades de prevenci\u00f3n y educaci\u00f3n de COVID-19 en la comunidad y en la misma cl\u00ednica.<\/p>\n\n\n\n<p>La Fundaci\u00f3n Brugal ha dado el siguiente mensaje inspirador sobre los premios: \u201cEstamos convencidos que tenemos mucho que aprender del liderazgo proactivo de estas instituciones\u2026Que para siempre hagamos nuestro lo bueno que hemos aprendido durante este tiempo, para seguir construyendo un futuro con esperanza.\u201d<\/p>\n\n\n\n<p>Cl\u00ednica de Familia agradece a Fundaci\u00f3n Brugal por reconocer el trabajo en mitigar los efectos de COVID-19 y lograr el bienestar y la salud de las poblaciones vulnerables en La Romana.<\/p>\n\n\n\n<p class=\"has-text-align-center\"><iframe loading=\"lazy\" src=\"https:\/\/www.youtube.com\/embed\/PkZnHCykv2Y\" width=\"800\" height=\"450\" frameborder=\"0\" allowfullscreen=\"allowfullscreen\"><span data-mce-type=\"bookmark\" style=\"display: inline-block; width: 0px; overflow: hidden; line-height: 0;\" class=\"mce_SELRES_start\">\ufeff<\/span><\/iframe><\/p>\n\n\n\n<p><em>Informaci\u00f3n y fotos cortes\u00eda de la Cl\u00ednica de Familia<\/em><\/p>\n\n\n\n<blockquote><h3><strong>CL\u00cdNICA DE FAMILIA LA ROMANA<\/strong><\/h3><figure><img decoding=\"async\" loading=\"lazy\" class=\"alignright\" src=\"https:\/\/i0.wp.com\/casadecampoliving.com\/wp-content\/uploads\/2022\/10\/clinica_de_familia.png?resize=218%2C168&amp;ssl=1\" alt=\"Clinica de Familia La Romana\" width=\"218\" height=\"168\"><\/figure><p><b>Direcci\u00f3n:&nbsp;<\/b>Calle Gregorio Luper\u00f3n, esquina Calle Gast\u00f3n Fernando Deligne #168 (al lado de la Iglesia Sagrado Coraz\u00f3n de Jes\u00fas), La Aviaci\u00f3n, La Romana<\/p><p>Encuentre m\u00e1s informaci\u00f3n de la Cl\u00ednica de Familia La Romana en:<\/p><p><a href=\"http:\/\/www.clinicadefamilia.org.do\/\" target=\"_blank\" rel=\"noopener noreferrer\">www.clinicadefamilia.org.do<\/a><\/p><p><a href=\"http:\/\/www.clinicadefamilia.org.do\/programas\/campamento\/\" target=\"_blank\" rel=\"noopener noreferrer\">info@clinicadefamilia.org.do<\/a><\/p><p>Tambi\u00e9n puede ver un video informativo de 18 minutos en Ingl\u00e9s acerca de los programas y servicios de la Cl\u00ednica de Familia en:<br>\n<a href=\"http:\/\/www.clinicadefamilia.org.do\/video\" target=\"_blank\" rel=\"noopener noreferrer\">www.clinicadefamilia.org.do\/video<\/a><\/p><p>Si desea saber m\u00e1s acerca del MAMI, por favor visite la p\u00e1gina web en:&nbsp;<a href=\"http:\/\/www.clinicadefamilia.org.do\/mami\/\">www.clinicadefamilia.org.do\/mami\/<\/a>&nbsp;o env\u00ede un correo electr\u00f3nico a&nbsp;<a href=\"mailto:luzmessina@clinicadefamilia.org.do\">luz@clinicadefamilia.org.do<\/a>&nbsp;o puede contactarnos al: 809-556-8001,&nbsp;<b>whatsapp:&nbsp;<\/b>809-813-2934<\/p><\/blockquote>\n","protected":false},"excerpt":{"rendered":"<p>El pasado 30 de octubre, Cl\u00ednica de Familia fue distinguida por la Fundaci\u00f3n Brugal en una entrega virtual de los Premios Brugal Cree en su Gente para 2020. La Fundaci\u00f3n Brugal y los miembros del jurado de los Premios Brugal Cree en su Gente reconocieron en esta ocasi\u00f3n la labor de ocho instituciones que han [&hellip;]<\/p>\n","protected":false},"author":36791,"featured_media":332590,"comment_status":"closed","ping_status":"open","sticky":false,"template":"","format":"standard","meta":{"newspack_ads_suppress_ads":false,"newspack_popups_has_disabled_popups":false,"newspack_sponsor_sponsorship_scope":"","newspack_sponsor_native_byline_display":"inherit","newspack_sponsor_native_category_display":"inherit","newspack_sponsor_underwriter_style":"inherit","newspack_sponsor_underwriter_placement":"inherit","_newspack_byline_active":false,"_newspack_byline":"","newspack_hide_updated_date":false,"newspack_show_updated_date":false,"newspack_content_restriction_is_exempt":false,"newspack_featured_image_position":"","newspack_post_subtitle":"","newspack_article_summary_title":"Overview:","newspack_article_summary":"","_jetpack_memberships_contains_paid_content":false,"footnotes":"","jetpack_publicize_message":"","jetpack_publicize_feature_enabled":true,"jetpack_social_post_already_shared":false,"jetpack_social_options":{"image_generator_settings":{"template":"highway","default_image_id":0,"font":"","enabled":false},"version":2},"_wpas_customize_per_network":false},"categories":[2514,2507,2506,2521,2527],"tags":[24321,7465,18932,8661],"newspack_spnsrs_tax":[],"class_list":["post-353902","post","type-post","status-publish","format-standard","has-post-thumbnail","hentry","category-fundaciones-es","category-la-romana-es","category-mas-alla-de-casa-es","category-republica-dominicana-2","category-salud","tag-20-aniversario","tag-clinica-de-familia-es","tag-la-romana-es-4","tag-reconocimiento","entry"],"yoast_head":"<!-- This site is optimized with the Yoast SEO plugin v27.5 - https:\/\/yoast.com\/product\/yoast-seo-wordpress\/ -->\n<title>Cl\u00ednica de Familia Recibe Premio Brugal Cree en Su Gente 2020 | Casa de Campo Living<\/title>\n<meta name=\"description\" content=\"El pasado 30 de octubre, Cl\u00ednica de Familia fue distinguida por la Fundaci\u00f3n Brugal en una entrega virtual de los Premios Brugal Cree en su Gente para\" \/>\n<meta name=\"robots\" content=\"index, follow, max-snippet:-1, max-image-preview:large, max-video-preview:-1\" \/>\n<link rel=\"canonical\" href=\"https:\/\/casadecampoliving.com\/es\/clinica-de-familia-recibe-premio-brugal-cree-en-su-gente-2020\/\" \/>\n<meta property=\"og:locale\" content=\"es_ES\" \/>\n<meta property=\"og:type\" content=\"article\" \/>\n<meta property=\"og:title\" content=\"Cl\u00ednica de Familia Recibe Premio Brugal Cree en Su Gente 2020 | Casa de Campo Living\" \/>\n<meta property=\"og:description\" content=\"El pasado 30 de octubre, Cl\u00ednica de Familia fue distinguida por la Fundaci\u00f3n Brugal en una entrega virtual de los Premios Brugal Cree en su Gente para\" \/>\n<meta property=\"og:url\" content=\"https:\/\/casadecampoliving.com\/es\/clinica-de-familia-recibe-premio-brugal-cree-en-su-gente-2020\/\" \/>\n<meta property=\"og:site_name\" content=\"Casa de Campo Living\" \/>\n<meta property=\"article:publisher\" content=\"https:\/\/www.facebook.com\/casadecampoliving\" \/>\n<meta property=\"article:published_time\" content=\"2020-11-04T04:00:00+00:00\" \/>\n<meta property=\"article:modified_time\" content=\"2022-10-21T23:08:47+00:00\" \/>\n<meta property=\"og:image\" content=\"https:\/\/i0.wp.com\/casadecampoliving.com\/wp-content\/uploads\/2022\/10\/DSC07536-1.jpg?fit=1000%2C600&ssl=1\" \/>\n\t<meta property=\"og:image:width\" content=\"1000\" \/>\n\t<meta property=\"og:image:height\" content=\"600\" \/>\n\t<meta property=\"og:image:type\" content=\"image\/jpeg\" \/>\n<meta name=\"author\" content=\"Casa de Campo Living\" \/>\n<meta name=\"twitter:card\" content=\"summary_large_image\" \/>\n<meta name=\"twitter:creator\" content=\"@cdcliving\" \/>\n<meta name=\"twitter:site\" content=\"@cdcliving\" \/>\n<meta name=\"twitter:label1\" content=\"Escrito por\" \/>\n\t<meta name=\"twitter:data1\" content=\"Casa de Campo Living\" \/>\n\t<meta name=\"twitter:label2\" content=\"Tiempo de lectura\" \/>\n\t<meta name=\"twitter:data2\" content=\"2 minutos\" \/>\n<script type=\"application\/ld+json\" class=\"yoast-schema-graph\">{\"@context\":\"https:\\\/\\\/schema.org\",\"@graph\":[{\"@type\":\"Article\",\"@id\":\"https:\\\/\\\/casadecampoliving.com\\\/es\\\/clinica-de-familia-recibe-premio-brugal-cree-en-su-gente-2020\\\/#article\",\"isPartOf\":{\"@id\":\"https:\\\/\\\/casadecampoliving.com\\\/es\\\/clinica-de-familia-recibe-premio-brugal-cree-en-su-gente-2020\\\/\"},\"author\":{\"name\":\"Casa de Campo Living\",\"@id\":\"https:\\\/\\\/casadecampoliving.com\\\/es\\\/#\\\/schema\\\/person\\\/5d2171637a9d11e0e43ce6b8555f9422\"},\"headline\":\"Cl\u00ednica de Familia Recibe Premio Brugal Cree en Su Gente 2020\",\"datePublished\":\"2020-11-04T04:00:00+00:00\",\"dateModified\":\"2022-10-21T23:08:47+00:00\",\"mainEntityOfPage\":{\"@id\":\"https:\\\/\\\/casadecampoliving.com\\\/es\\\/clinica-de-familia-recibe-premio-brugal-cree-en-su-gente-2020\\\/\"},\"wordCount\":394,\"publisher\":{\"@id\":\"https:\\\/\\\/casadecampoliving.com\\\/es\\\/#organization\"},\"image\":{\"@id\":\"https:\\\/\\\/casadecampoliving.com\\\/es\\\/clinica-de-familia-recibe-premio-brugal-cree-en-su-gente-2020\\\/#primaryimage\"},\"thumbnailUrl\":\"https:\\\/\\\/i0.wp.com\\\/casadecampoliving.com\\\/wp-content\\\/uploads\\\/2022\\\/10\\\/DSC07536-1.jpg?fit=1000%2C600&ssl=1\",\"keywords\":[\"20 aniversario\",\"clinica de familia @es\",\"La Romana\",\"Reconocimiento\"],\"articleSection\":[\"Fundaciones\",\"La Romana @es\",\"M\u00e1s all\u00e1 de Casa\",\"Rep\u00fablica Dominicana @es\",\"Salud\"],\"inLanguage\":\"es\"},{\"@type\":\"WebPage\",\"@id\":\"https:\\\/\\\/casadecampoliving.com\\\/es\\\/clinica-de-familia-recibe-premio-brugal-cree-en-su-gente-2020\\\/\",\"url\":\"https:\\\/\\\/casadecampoliving.com\\\/es\\\/clinica-de-familia-recibe-premio-brugal-cree-en-su-gente-2020\\\/\",\"name\":\"Cl\u00ednica de Familia Recibe Premio Brugal Cree en Su Gente 2020 | Casa de Campo Living\",\"isPartOf\":{\"@id\":\"https:\\\/\\\/casadecampoliving.com\\\/es\\\/#website\"},\"primaryImageOfPage\":{\"@id\":\"https:\\\/\\\/casadecampoliving.com\\\/es\\\/clinica-de-familia-recibe-premio-brugal-cree-en-su-gente-2020\\\/#primaryimage\"},\"image\":{\"@id\":\"https:\\\/\\\/casadecampoliving.com\\\/es\\\/clinica-de-familia-recibe-premio-brugal-cree-en-su-gente-2020\\\/#primaryimage\"},\"thumbnailUrl\":\"https:\\\/\\\/i0.wp.com\\\/casadecampoliving.com\\\/wp-content\\\/uploads\\\/2022\\\/10\\\/DSC07536-1.jpg?fit=1000%2C600&ssl=1\",\"datePublished\":\"2020-11-04T04:00:00+00:00\",\"dateModified\":\"2022-10-21T23:08:47+00:00\",\"description\":\"El pasado 30 de octubre, Cl\u00ednica de Familia fue distinguida por la Fundaci\u00f3n Brugal en una entrega virtual de los Premios Brugal Cree en su Gente para\",\"breadcrumb\":{\"@id\":\"https:\\\/\\\/casadecampoliving.com\\\/es\\\/clinica-de-familia-recibe-premio-brugal-cree-en-su-gente-2020\\\/#breadcrumb\"},\"inLanguage\":\"es\",\"potentialAction\":[{\"@type\":\"ReadAction\",\"target\":[\"https:\\\/\\\/casadecampoliving.com\\\/es\\\/clinica-de-familia-recibe-premio-brugal-cree-en-su-gente-2020\\\/\"]}]},{\"@type\":\"ImageObject\",\"inLanguage\":\"es\",\"@id\":\"https:\\\/\\\/casadecampoliving.com\\\/es\\\/clinica-de-familia-recibe-premio-brugal-cree-en-su-gente-2020\\\/#primaryimage\",\"url\":\"https:\\\/\\\/i0.wp.com\\\/casadecampoliving.com\\\/wp-content\\\/uploads\\\/2022\\\/10\\\/DSC07536-1.jpg?fit=1000%2C600&ssl=1\",\"contentUrl\":\"https:\\\/\\\/i0.wp.com\\\/casadecampoliving.com\\\/wp-content\\\/uploads\\\/2022\\\/10\\\/DSC07536-1.jpg?fit=1000%2C600&ssl=1\",\"width\":1000,\"height\":600},{\"@type\":\"BreadcrumbList\",\"@id\":\"https:\\\/\\\/casadecampoliving.com\\\/es\\\/clinica-de-familia-recibe-premio-brugal-cree-en-su-gente-2020\\\/#breadcrumb\",\"itemListElement\":[{\"@type\":\"ListItem\",\"position\":1,\"name\":\"Home\",\"item\":\"https:\\\/\\\/casadecampoliving.com\\\/es\\\/\"},{\"@type\":\"ListItem\",\"position\":2,\"name\":\"Cl\u00ednica de Familia Recibe Premio Brugal Cree en Su Gente 2020\"}]},{\"@type\":\"WebSite\",\"@id\":\"https:\\\/\\\/casadecampoliving.com\\\/es\\\/#website\",\"url\":\"https:\\\/\\\/casadecampoliving.com\\\/es\\\/\",\"name\":\"Casa de Campo Living\",\"description\":\"Resort community news and resources.\",\"publisher\":{\"@id\":\"https:\\\/\\\/casadecampoliving.com\\\/es\\\/#organization\"},\"potentialAction\":[{\"@type\":\"SearchAction\",\"target\":{\"@type\":\"EntryPoint\",\"urlTemplate\":\"https:\\\/\\\/casadecampoliving.com\\\/es\\\/?s={search_term_string}\"},\"query-input\":{\"@type\":\"PropertyValueSpecification\",\"valueRequired\":true,\"valueName\":\"search_term_string\"}}],\"inLanguage\":\"es\"},{\"@type\":\"Organization\",\"@id\":\"https:\\\/\\\/casadecampoliving.com\\\/es\\\/#organization\",\"name\":\"Casa de Campo Living\",\"url\":\"https:\\\/\\\/casadecampoliving.com\\\/es\\\/\",\"logo\":{\"@type\":\"ImageObject\",\"inLanguage\":\"es\",\"@id\":\"https:\\\/\\\/casadecampoliving.com\\\/es\\\/#\\\/schema\\\/logo\\\/image\\\/\",\"url\":\"https:\\\/\\\/i0.wp.com\\\/casadecampoliving.com\\\/wp-content\\\/uploads\\\/2022\\\/07\\\/CDCLivingLogo_V1-white-sized.png?fit=800%2C214&ssl=1\",\"contentUrl\":\"https:\\\/\\\/i0.wp.com\\\/casadecampoliving.com\\\/wp-content\\\/uploads\\\/2022\\\/07\\\/CDCLivingLogo_V1-white-sized.png?fit=800%2C214&ssl=1\",\"width\":800,\"height\":214,\"caption\":\"Casa de Campo Living\"},\"image\":{\"@id\":\"https:\\\/\\\/casadecampoliving.com\\\/es\\\/#\\\/schema\\\/logo\\\/image\\\/\"},\"sameAs\":[\"https:\\\/\\\/www.facebook.com\\\/casadecampoliving\",\"https:\\\/\\\/x.com\\\/cdcliving\"]},{\"@type\":\"Person\",\"@id\":\"https:\\\/\\\/casadecampoliving.com\\\/es\\\/#\\\/schema\\\/person\\\/5d2171637a9d11e0e43ce6b8555f9422\",\"name\":\"Casa de Campo Living\",\"image\":{\"@type\":\"ImageObject\",\"inLanguage\":\"es\",\"@id\":\"https:\\\/\\\/secure.gravatar.com\\\/avatar\\\/d04101fa4a9fd431e939953b1500fdc7a73cd35029f86d98712fd8ccdaebaf9a?s=96&d=mm&r=g\",\"url\":\"https:\\\/\\\/secure.gravatar.com\\\/avatar\\\/d04101fa4a9fd431e939953b1500fdc7a73cd35029f86d98712fd8ccdaebaf9a?s=96&d=mm&r=g\",\"contentUrl\":\"https:\\\/\\\/secure.gravatar.com\\\/avatar\\\/d04101fa4a9fd431e939953b1500fdc7a73cd35029f86d98712fd8ccdaebaf9a?s=96&d=mm&r=g\",\"caption\":\"Casa de Campo Living\"},\"url\":\"https:\\\/\\\/casadecampoliving.com\\\/es\\\/author\\\/casa-de-campo-living\\\/\"}]}<\/script>\n<!-- \/ Yoast SEO plugin. -->","yoast_head_json":{"title":"Cl\u00ednica de Familia Recibe Premio Brugal Cree en Su Gente 2020 | Casa de Campo Living","description":"El pasado 30 de octubre, Cl\u00ednica de Familia fue distinguida por la Fundaci\u00f3n Brugal en una entrega virtual de los Premios Brugal Cree en su Gente para","robots":{"index":"index","follow":"follow","max-snippet":"max-snippet:-1","max-image-preview":"max-image-preview:large","max-video-preview":"max-video-preview:-1"},"canonical":"https:\/\/casadecampoliving.com\/es\/clinica-de-familia-recibe-premio-brugal-cree-en-su-gente-2020\/","og_locale":"es_ES","og_type":"article","og_title":"Cl\u00ednica de Familia Recibe Premio Brugal Cree en Su Gente 2020 | Casa de Campo Living","og_description":"El pasado 30 de octubre, Cl\u00ednica de Familia fue distinguida por la Fundaci\u00f3n Brugal en una entrega virtual de los Premios Brugal Cree en su Gente para","og_url":"https:\/\/casadecampoliving.com\/es\/clinica-de-familia-recibe-premio-brugal-cree-en-su-gente-2020\/","og_site_name":"Casa de Campo Living","article_publisher":"https:\/\/www.facebook.com\/casadecampoliving","article_published_time":"2020-11-04T04:00:00+00:00","article_modified_time":"2022-10-21T23:08:47+00:00","og_image":[{"width":1000,"height":600,"url":"https:\/\/i0.wp.com\/casadecampoliving.com\/wp-content\/uploads\/2022\/10\/DSC07536-1.jpg?fit=1000%2C600&ssl=1","type":"image\/jpeg"}],"author":"Casa de Campo Living","twitter_card":"summary_large_image","twitter_creator":"@cdcliving","twitter_site":"@cdcliving","twitter_misc":{"Escrito por":"Casa de Campo Living","Tiempo de lectura":"2 minutos"},"schema":{"@context":"https:\/\/schema.org","@graph":[{"@type":"Article","@id":"https:\/\/casadecampoliving.com\/es\/clinica-de-familia-recibe-premio-brugal-cree-en-su-gente-2020\/#article","isPartOf":{"@id":"https:\/\/casadecampoliving.com\/es\/clinica-de-familia-recibe-premio-brugal-cree-en-su-gente-2020\/"},"author":{"name":"Casa de Campo Living","@id":"https:\/\/casadecampoliving.com\/es\/#\/schema\/person\/5d2171637a9d11e0e43ce6b8555f9422"},"headline":"Cl\u00ednica de Familia Recibe Premio Brugal Cree en Su Gente 2020","datePublished":"2020-11-04T04:00:00+00:00","dateModified":"2022-10-21T23:08:47+00:00","mainEntityOfPage":{"@id":"https:\/\/casadecampoliving.com\/es\/clinica-de-familia-recibe-premio-brugal-cree-en-su-gente-2020\/"},"wordCount":394,"publisher":{"@id":"https:\/\/casadecampoliving.com\/es\/#organization"},"image":{"@id":"https:\/\/casadecampoliving.com\/es\/clinica-de-familia-recibe-premio-brugal-cree-en-su-gente-2020\/#primaryimage"},"thumbnailUrl":"https:\/\/i0.wp.com\/casadecampoliving.com\/wp-content\/uploads\/2022\/10\/DSC07536-1.jpg?fit=1000%2C600&ssl=1","keywords":["20 aniversario","clinica de familia @es","La Romana","Reconocimiento"],"articleSection":["Fundaciones","La Romana @es","M\u00e1s all\u00e1 de Casa","Rep\u00fablica Dominicana @es","Salud"],"inLanguage":"es"},{"@type":"WebPage","@id":"https:\/\/casadecampoliving.com\/es\/clinica-de-familia-recibe-premio-brugal-cree-en-su-gente-2020\/","url":"https:\/\/casadecampoliving.com\/es\/clinica-de-familia-recibe-premio-brugal-cree-en-su-gente-2020\/","name":"Cl\u00ednica de Familia Recibe Premio Brugal Cree en Su Gente 2020 | Casa de Campo Living","isPartOf":{"@id":"https:\/\/casadecampoliving.com\/es\/#website"},"primaryImageOfPage":{"@id":"https:\/\/casadecampoliving.com\/es\/clinica-de-familia-recibe-premio-brugal-cree-en-su-gente-2020\/#primaryimage"},"image":{"@id":"https:\/\/casadecampoliving.com\/es\/clinica-de-familia-recibe-premio-brugal-cree-en-su-gente-2020\/#primaryimage"},"thumbnailUrl":"https:\/\/i0.wp.com\/casadecampoliving.com\/wp-content\/uploads\/2022\/10\/DSC07536-1.jpg?fit=1000%2C600&ssl=1","datePublished":"2020-11-04T04:00:00+00:00","dateModified":"2022-10-21T23:08:47+00:00","description":"El pasado 30 de octubre, Cl\u00ednica de Familia fue distinguida por la Fundaci\u00f3n Brugal en una entrega virtual de los Premios Brugal Cree en su Gente para","breadcrumb":{"@id":"https:\/\/casadecampoliving.com\/es\/clinica-de-familia-recibe-premio-brugal-cree-en-su-gente-2020\/#breadcrumb"},"inLanguage":"es","potentialAction":[{"@type":"ReadAction","target":["https:\/\/casadecampoliving.com\/es\/clinica-de-familia-recibe-premio-brugal-cree-en-su-gente-2020\/"]}]},{"@type":"ImageObject","inLanguage":"es","@id":"https:\/\/casadecampoliving.com\/es\/clinica-de-familia-recibe-premio-brugal-cree-en-su-gente-2020\/#primaryimage","url":"https:\/\/i0.wp.com\/casadecampoliving.com\/wp-content\/uploads\/2022\/10\/DSC07536-1.jpg?fit=1000%2C600&ssl=1","contentUrl":"https:\/\/i0.wp.com\/casadecampoliving.com\/wp-content\/uploads\/2022\/10\/DSC07536-1.jpg?fit=1000%2C600&ssl=1","width":1000,"height":600},{"@type":"BreadcrumbList","@id":"https:\/\/casadecampoliving.com\/es\/clinica-de-familia-recibe-premio-brugal-cree-en-su-gente-2020\/#breadcrumb","itemListElement":[{"@type":"ListItem","position":1,"name":"Home","item":"https:\/\/casadecampoliving.com\/es\/"},{"@type":"ListItem","position":2,"name":"Cl\u00ednica de Familia Recibe Premio Brugal Cree en Su Gente 2020"}]},{"@type":"WebSite","@id":"https:\/\/casadecampoliving.com\/es\/#website","url":"https:\/\/casadecampoliving.com\/es\/","name":"Casa de Campo Living","description":"Resort community news and resources.","publisher":{"@id":"https:\/\/casadecampoliving.com\/es\/#organization"},"potentialAction":[{"@type":"SearchAction","target":{"@type":"EntryPoint","urlTemplate":"https:\/\/casadecampoliving.com\/es\/?s={search_term_string}"},"query-input":{"@type":"PropertyValueSpecification","valueRequired":true,"valueName":"search_term_string"}}],"inLanguage":"es"},{"@type":"Organization","@id":"https:\/\/casadecampoliving.com\/es\/#organization","name":"Casa de Campo Living","url":"https:\/\/casadecampoliving.com\/es\/","logo":{"@type":"ImageObject","inLanguage":"es","@id":"https:\/\/casadecampoliving.com\/es\/#\/schema\/logo\/image\/","url":"https:\/\/i0.wp.com\/casadecampoliving.com\/wp-content\/uploads\/2022\/07\/CDCLivingLogo_V1-white-sized.png?fit=800%2C214&ssl=1","contentUrl":"https:\/\/i0.wp.com\/casadecampoliving.com\/wp-content\/uploads\/2022\/07\/CDCLivingLogo_V1-white-sized.png?fit=800%2C214&ssl=1","width":800,"height":214,"caption":"Casa de Campo Living"},"image":{"@id":"https:\/\/casadecampoliving.com\/es\/#\/schema\/logo\/image\/"},"sameAs":["https:\/\/www.facebook.com\/casadecampoliving","https:\/\/x.com\/cdcliving"]},{"@type":"Person","@id":"https:\/\/casadecampoliving.com\/es\/#\/schema\/person\/5d2171637a9d11e0e43ce6b8555f9422","name":"Casa de Campo Living","image":{"@type":"ImageObject","inLanguage":"es","@id":"https:\/\/secure.gravatar.com\/avatar\/d04101fa4a9fd431e939953b1500fdc7a73cd35029f86d98712fd8ccdaebaf9a?s=96&d=mm&r=g","url":"https:\/\/secure.gravatar.com\/avatar\/d04101fa4a9fd431e939953b1500fdc7a73cd35029f86d98712fd8ccdaebaf9a?s=96&d=mm&r=g","contentUrl":"https:\/\/secure.gravatar.com\/avatar\/d04101fa4a9fd431e939953b1500fdc7a73cd35029f86d98712fd8ccdaebaf9a?s=96&d=mm&r=g","caption":"Casa de Campo Living"},"url":"https:\/\/casadecampoliving.com\/es\/author\/casa-de-campo-living\/"}]}},"parsely":{"version":"1.1.0","canonical_url":"https:\/\/casadecampoliving.com\/es\/clinica-de-familia-recibe-premio-brugal-cree-en-su-gente-2020\/","smart_links":{"inbound":0,"outbound":0},"traffic_boost_suggestions_count":0,"meta":{"@context":"https:\/\/schema.org","@type":"NewsArticle","headline":"Cl\u00ednica de Familia Recibe Premio Brugal Cree en Su Gente 2020","url":"http:\/\/casadecampoliving.com\/es\/clinica-de-familia-recibe-premio-brugal-cree-en-su-gente-2020\/","mainEntityOfPage":{"@type":"WebPage","@id":"http:\/\/casadecampoliving.com\/es\/clinica-de-familia-recibe-premio-brugal-cree-en-su-gente-2020\/"},"thumbnailUrl":"https:\/\/i0.wp.com\/casadecampoliving.com\/wp-content\/uploads\/2022\/10\/DSC07536-1.jpg?resize=150%2C150&ssl=1","image":{"@type":"ImageObject","url":"https:\/\/i0.wp.com\/casadecampoliving.com\/wp-content\/uploads\/2022\/10\/DSC07536-1.jpg?fit=1000%2C600&ssl=1"},"articleSection":"Fundaciones","author":[{"@type":"Person","name":"Casa de Campo Living"}],"creator":["Casa de Campo Living"],"publisher":{"@type":"Organization","name":"Casa de Campo Living","logo":"https:\/\/casadecampoliving.com\/wp-content\/uploads\/2022\/07\/CDCLivingLogo_V1-white-sized.png"},"keywords":["20 aniversario","clinica de familia @es","la romana","reconocimiento"],"dateCreated":"2020-11-04T04:00:00Z","datePublished":"2020-11-04T04:00:00Z","dateModified":"2022-10-21T23:08:47Z"},"rendered":"<script type=\"application\/ld+json\" class=\"wp-parsely-metadata\">{\"@context\":\"https:\\\/\\\/schema.org\",\"@type\":\"NewsArticle\",\"headline\":\"Cl\\u00ednica de Familia Recibe Premio Brugal Cree en Su Gente 2020\",\"url\":\"http:\\\/\\\/casadecampoliving.com\\\/es\\\/clinica-de-familia-recibe-premio-brugal-cree-en-su-gente-2020\\\/\",\"mainEntityOfPage\":{\"@type\":\"WebPage\",\"@id\":\"http:\\\/\\\/casadecampoliving.com\\\/es\\\/clinica-de-familia-recibe-premio-brugal-cree-en-su-gente-2020\\\/\"},\"thumbnailUrl\":\"https:\\\/\\\/i0.wp.com\\\/casadecampoliving.com\\\/wp-content\\\/uploads\\\/2022\\\/10\\\/DSC07536-1.jpg?resize=150%2C150&ssl=1\",\"image\":{\"@type\":\"ImageObject\",\"url\":\"https:\\\/\\\/i0.wp.com\\\/casadecampoliving.com\\\/wp-content\\\/uploads\\\/2022\\\/10\\\/DSC07536-1.jpg?fit=1000%2C600&ssl=1\"},\"articleSection\":\"Fundaciones\",\"author\":[{\"@type\":\"Person\",\"name\":\"Casa de Campo Living\"}],\"creator\":[\"Casa de Campo Living\"],\"publisher\":{\"@type\":\"Organization\",\"name\":\"Casa de Campo Living\",\"logo\":\"https:\\\/\\\/casadecampoliving.com\\\/wp-content\\\/uploads\\\/2022\\\/07\\\/CDCLivingLogo_V1-white-sized.png\"},\"keywords\":[\"20 aniversario\",\"clinica de familia @es\",\"la romana\",\"reconocimiento\"],\"dateCreated\":\"2020-11-04T04:00:00Z\",\"datePublished\":\"2020-11-04T04:00:00Z\",\"dateModified\":\"2022-10-21T23:08:47Z\"}<\/script>","tracker_url":"https:\/\/cdn.parsely.com\/keys\/casadecampoliving.com\/p.js"},"jetpack_publicize_connections":[],"jetpack_featured_media_url":"https:\/\/i0.wp.com\/casadecampoliving.com\/wp-content\/uploads\/2022\/10\/DSC07536-1.jpg?fit=1000%2C600&ssl=1","jetpack-related-posts":[{"id":343100,"url":"https:\/\/casadecampoliving.com\/es\/un-reconocimiento-clinica-de-familia\/","url_meta":{"origin":353902,"position":0},"title":"Un reconocimiento a Cl\u00ednica de Familia","author":"Lenny Castillo","date":"21 Oct, 2013","format":false,"excerpt":"La Fundaci\u00f3n Brugal (de Ron Brugal), celebr\u00f3 recientemente los premios \u201cBrugal Cree En Su Gente\u201d. Evento en el cual, La Cl\u00ednica de Familia de La Romana, recibi\u00f3 su premio en la categor\u00eda de salud. Los premios Brugal\u00a0\u201cCree En Su de Gente\u201d, en reconocimiento a los mayores logros en la Rep\u00fablica\u2026","rel":"","context":"En \u00abDestacados\u00bb","block_context":{"text":"Destacados","link":"https:\/\/casadecampoliving.com\/es\/category\/destacados\/"},"img":{"alt_text":"Clinica Familia de La Romana","src":"https:\/\/i0.wp.com\/casadecampoliving.com\/wp-content\/uploads\/2022\/10\/clinica_familia_la_romana-1.jpg?fit=650%2C410&ssl=1&resize=350%2C200","width":350,"height":200,"srcset":"https:\/\/i0.wp.com\/casadecampoliving.com\/wp-content\/uploads\/2022\/10\/clinica_familia_la_romana-1.jpg?fit=650%2C410&ssl=1&resize=350%2C200 1x, https:\/\/i0.wp.com\/casadecampoliving.com\/wp-content\/uploads\/2022\/10\/clinica_familia_la_romana-1.jpg?fit=650%2C410&ssl=1&resize=525%2C300 1.5x"},"classes":[]},{"id":322775,"url":"https:\/\/casadecampoliving.com\/clinica-familia\/","url_meta":{"origin":353902,"position":1},"title":"An award for Cl\u00ednica de Familia!","author":"Rebecca Silvestri","date":"21 Oct, 2013","format":false,"excerpt":"Fundaci\u00f3n Brugal (of Brugal rum) recently celebrated the \u201cBrugal Cree en su Gente\u201d awards, in which the Cl\u00ednica de Familia in La Romana were given an award in the Health category. The \u201cBrugal Cree en su Gente\u201d awards, \u201care given in recognition of the biggest achievements in the Dominican Republic\u201d,\u2026","rel":"","context":"En \u00abBeyond Casa\u00bb","block_context":{"text":"Beyond Casa","link":"https:\/\/casadecampoliving.com\/category\/beyond-casa\/"},"img":{"alt_text":"Clinica Familia de La Romana","src":"https:\/\/i0.wp.com\/casadecampoliving.com\/wp-content\/uploads\/2022\/10\/clinica_familia_la_romana-1.jpg?fit=650%2C410&ssl=1&resize=350%2C200","width":350,"height":200,"srcset":"https:\/\/i0.wp.com\/casadecampoliving.com\/wp-content\/uploads\/2022\/10\/clinica_familia_la_romana-1.jpg?fit=650%2C410&ssl=1&resize=350%2C200 1x, https:\/\/i0.wp.com\/casadecampoliving.com\/wp-content\/uploads\/2022\/10\/clinica_familia_la_romana-1.jpg?fit=650%2C410&ssl=1&resize=525%2C300 1.5x"},"classes":[]},{"id":332588,"url":"https:\/\/casadecampoliving.com\/clinica-de-familia-receives-brugal-believes-in-its-people-award-2020\/","url_meta":{"origin":353902,"position":2},"title":"Cl\u00ednica de Familia Receives Brugal Believes in its People Award 2020","author":"Casa de Campo Living","date":"4 Nov, 2020","format":false,"excerpt":"On October 30, Cl\u00ednica de Familia was distinguished by the Brugal Foundation in a virtual delivery of the Brugal believes in its People Awards for 2020. The Brugal Foundation and the members of the Brugal believes in its People Awards jury recognized on this occasion the work of eight institutions\u2026","rel":"","context":"En \u00abBeyond Casa\u00bb","block_context":{"text":"Beyond Casa","link":"https:\/\/casadecampoliving.com\/category\/beyond-casa\/"},"img":{"alt_text":"","src":"https:\/\/i0.wp.com\/casadecampoliving.com\/wp-content\/uploads\/2022\/10\/DSC07536-1.jpg?fit=1000%2C600&ssl=1&resize=350%2C200","width":350,"height":200,"srcset":"https:\/\/i0.wp.com\/casadecampoliving.com\/wp-content\/uploads\/2022\/10\/DSC07536-1.jpg?fit=1000%2C600&ssl=1&resize=350%2C200 1x, https:\/\/i0.wp.com\/casadecampoliving.com\/wp-content\/uploads\/2022\/10\/DSC07536-1.jpg?fit=1000%2C600&ssl=1&resize=525%2C300 1.5x, https:\/\/i0.wp.com\/casadecampoliving.com\/wp-content\/uploads\/2022\/10\/DSC07536-1.jpg?fit=1000%2C600&ssl=1&resize=700%2C400 2x"},"classes":[]},{"id":345101,"url":"https:\/\/casadecampoliving.com\/es\/clinicadefamilialaromana\/","url_meta":{"origin":353902,"position":3},"title":"Inaguraci\u00f3n de la Cl\u00ednica de Familia La Romana","author":"Maria Isabel B\u00e1ez","date":"12 Ago, 2014","format":false,"excerpt":"El 1ro de agosto la Cl\u00ednica de Familia La Romana celebr\u00f3 la reinauguraci\u00f3n de su centro. El centro m\u00e9dico fue reinaugurado despu\u00e9s de remodelaciones en su infraestructura e instalaciones de paneles solares como una de sus mejor\u00edas. \u00a1Ahora la Cl\u00ednica de Familia La Romana est\u00e1 devuelta y mejor que nunca!\u2026","rel":"","context":"En \u00abCasa de Campo Living @es\u00bb","block_context":{"text":"Casa de Campo Living @es","link":"https:\/\/casadecampoliving.com\/category\/casa-de-campo-living-es\/"},"img":{"alt_text":"","src":"https:\/\/i0.wp.com\/casadecampoliving.com\/wp-content\/uploads\/2022\/10\/CFLR_Inauguracion_112-1.jpg?fit=1200%2C797&ssl=1&resize=350%2C200","width":350,"height":200,"srcset":"https:\/\/i0.wp.com\/casadecampoliving.com\/wp-content\/uploads\/2022\/10\/CFLR_Inauguracion_112-1.jpg?fit=1200%2C797&ssl=1&resize=350%2C200 1x, https:\/\/i0.wp.com\/casadecampoliving.com\/wp-content\/uploads\/2022\/10\/CFLR_Inauguracion_112-1.jpg?fit=1200%2C797&ssl=1&resize=525%2C300 1.5x, https:\/\/i0.wp.com\/casadecampoliving.com\/wp-content\/uploads\/2022\/10\/CFLR_Inauguracion_112-1.jpg?fit=1200%2C797&ssl=1&resize=700%2C400 2x, https:\/\/i0.wp.com\/casadecampoliving.com\/wp-content\/uploads\/2022\/10\/CFLR_Inauguracion_112-1.jpg?fit=1200%2C797&ssl=1&resize=1050%2C600 3x"},"classes":[]},{"id":345652,"url":"https:\/\/casadecampoliving.com\/es\/fundemar-gana-1-5-millones-de-pesos-en-premios-brugal\/","url_meta":{"origin":353902,"position":4},"title":"FUNDEMAR, gana 1.5 millones de pesos en premios Brugal","author":"Perkin Agramonte","date":"13 Oct, 2014","format":false,"excerpt":"El pasado jueves 9 de octubre, fue celebrada la 23\u00ba edici\u00f3n de los premios Brugal Cree En Su Gente\u00a0en el auditorio Casa San Pablo de la ciudad de Santo Domingo, donde la Fundaci\u00f3n Dominicana de Estudios Marinos (FUNDEMAR) con base en Bayahibe result\u00f3 ganadora 1.5 millones de pesos al recibir\u2026","rel":"","context":"En \u00abCasa de Campo Living @es\u00bb","block_context":{"text":"Casa de Campo Living @es","link":"https:\/\/casadecampoliving.com\/category\/casa-de-campo-living-es\/"},"img":{"alt_text":"","src":"https:\/\/i0.wp.com\/casadecampoliving.com\/wp-content\/uploads\/2022\/10\/FUNDEMAR-1-1.jpg?fit=720%2C480&ssl=1&resize=350%2C200","width":350,"height":200,"srcset":"https:\/\/i0.wp.com\/casadecampoliving.com\/wp-content\/uploads\/2022\/10\/FUNDEMAR-1-1.jpg?fit=720%2C480&ssl=1&resize=350%2C200 1x, https:\/\/i0.wp.com\/casadecampoliving.com\/wp-content\/uploads\/2022\/10\/FUNDEMAR-1-1.jpg?fit=720%2C480&ssl=1&resize=525%2C300 1.5x, https:\/\/i0.wp.com\/casadecampoliving.com\/wp-content\/uploads\/2022\/10\/FUNDEMAR-1-1.jpg?fit=720%2C480&ssl=1&resize=700%2C400 2x"},"classes":[]},{"id":324067,"url":"https:\/\/casadecampoliving.com\/inauguration-clinica-de-familia-la-romana\/","url_meta":{"origin":353902,"position":5},"title":"Inauguration of Cl\u00ednica de Familia La Romana","author":"Maria Isabel B\u00e1ez","date":"12 Ago, 2014","format":false,"excerpt":"On the 1st of August, the re-opening of Cl\u00ednica de Familia La Romana was celebrated. The facility was reopened after reconstruction of their amenities, including installation of solar panels. Now, Cl\u00ednica de Familia La Romana is back better than ever! Before the reconstruction of this health care center in La\u2026","rel":"","context":"En \u00abBeyond Casa\u00bb","block_context":{"text":"Beyond Casa","link":"https:\/\/casadecampoliving.com\/category\/beyond-casa\/"},"img":{"alt_text":"","src":"https:\/\/i0.wp.com\/casadecampoliving.com\/wp-content\/uploads\/2022\/10\/CFLR_Inauguracion_112-1.jpg?fit=1200%2C797&ssl=1&resize=350%2C200","width":350,"height":200,"srcset":"https:\/\/i0.wp.com\/casadecampoliving.com\/wp-content\/uploads\/2022\/10\/CFLR_Inauguracion_112-1.jpg?fit=1200%2C797&ssl=1&resize=350%2C200 1x, https:\/\/i0.wp.com\/casadecampoliving.com\/wp-content\/uploads\/2022\/10\/CFLR_Inauguracion_112-1.jpg?fit=1200%2C797&ssl=1&resize=525%2C300 1.5x, https:\/\/i0.wp.com\/casadecampoliving.com\/wp-content\/uploads\/2022\/10\/CFLR_Inauguracion_112-1.jpg?fit=1200%2C797&ssl=1&resize=700%2C400 2x, https:\/\/i0.wp.com\/casadecampoliving.com\/wp-content\/uploads\/2022\/10\/CFLR_Inauguracion_112-1.jpg?fit=1200%2C797&ssl=1&resize=1050%2C600 3x"},"classes":[]}],"jetpack_sharing_enabled":true,"_links":{"self":[{"href":"https:\/\/casadecampoliving.com\/es\/wp-json\/wp\/v2\/posts\/353902","targetHints":{"allow":["GET"]}}],"collection":[{"href":"https:\/\/casadecampoliving.com\/es\/wp-json\/wp\/v2\/posts"}],"about":[{"href":"https:\/\/casadecampoliving.com\/es\/wp-json\/wp\/v2\/types\/post"}],"author":[{"embeddable":true,"href":"https:\/\/casadecampoliving.com\/es\/wp-json\/wp\/v2\/users\/36791"}],"replies":[{"embeddable":true,"href":"https:\/\/casadecampoliving.com\/es\/wp-json\/wp\/v2\/comments?post=353902"}],"version-history":[{"count":0,"href":"https:\/\/casadecampoliving.com\/es\/wp-json\/wp\/v2\/posts\/353902\/revisions"}],"wp:featuredmedia":[{"embeddable":true,"href":"https:\/\/casadecampoliving.com\/es\/wp-json\/wp\/v2\/media\/332590"}],"wp:attachment":[{"href":"https:\/\/casadecampoliving.com\/es\/wp-json\/wp\/v2\/media?parent=353902"}],"wp:term":[{"taxonomy":"category","embeddable":true,"href":"https:\/\/casadecampoliving.com\/es\/wp-json\/wp\/v2\/categories?post=353902"},{"taxonomy":"post_tag","embeddable":true,"href":"https:\/\/casadecampoliving.com\/es\/wp-json\/wp\/v2\/tags?post=353902"},{"taxonomy":"newspack_spnsrs_tax","embeddable":true,"href":"https:\/\/casadecampoliving.com\/es\/wp-json\/wp\/v2\/newspack_spnsrs_tax?post=353902"}],"curies":[{"name":"wp","href":"https:\/\/api.w.org\/{rel}","templated":true}]}}