{"id":353890,"date":"2020-10-22T00:00:00","date_gmt":"2020-10-22T04:00:00","guid":{"rendered":"https:\/\/casadecampoliving.com\/primer-concierto-en-vivo-en-altos-de-chavon-con-ricardo-montaner-reserva\/"},"modified":"2022-10-21T19:07:22","modified_gmt":"2022-10-21T23:07:22","slug":"primer-concierto-en-vivo-en-altos-de-chavon-con-ricardo-montaner-reserva","status":"publish","type":"post","link":"https:\/\/casadecampoliving.com\/es\/primer-concierto-en-vivo-en-altos-de-chavon-con-ricardo-montaner-reserva\/","title":{"rendered":"\u00a1Primer concierto virtual en Altos de Chav\u00f3n con Ricardo Montaner! \u00a1Guarda la fecha!"},"content":{"rendered":"\n<p>\u00bfHas o\u00eddo? \u00a1Vuelven los conciertos! \u00a1Casa de Campo ser\u00e1 el anfitri\u00f3n de su primer concierto virtual con nada menos que Ricardo Montaner! El concierto lleva por nombre \u201cLas Canciones que Amo\u201d protagonizado por la cantante venezolana se llevar\u00e1 a cabo el s\u00e1bado 28 de noviembre en el Anfiteatro Altos de Chav\u00f3n y ser\u00e1 transmitido en vivo a todo el mundo.<\/p>\n\n\n\n<p>Montaner anunci\u00f3 que actuar\u00e1 en vivo con toda su banda, haciendo de esa noche una ocasi\u00f3n inolvidable en la que el p\u00fablico tendr\u00e1 la oportunidad de un encuentro \u00edntimo con el \u00eddolo y los temas musicales que lo han convertido en su favorito.<\/p>\n\n\n\n<p class=\"has-text-align-center\"><iframe loading=\"lazy\" src=\"https:\/\/www.youtube.com\/embed\/__r6u3PMJAo\" width=\"800\" height=\"450\" frameborder=\"0\" allowfullscreen=\"allowfullscreen\" data-mce-fragment=\"1\"><\/iframe><\/p>\n\n\n\n<p>Ricardo Montaner inici\u00f3 su carrera a finales de los 70, y desde entonces ya ha lanzado m\u00e1s de 24 \u00e1lbumes y muchos sencillos de \u00e9xito. Ha vendido unas ventas estimadas de 22 millones de discos en todo el mundo, lo que lo convierte en uno de los artistas de m\u00fasica latina m\u00e1s vendidos. Entre los \u00e9xitos de Montaner se encuentran \u201cTan Enamorados\u201d, \u201cA Donde Va El Amor\u201d, \u201cLa Cima del Cielo\u201d, \u201cMe Va a Extra\u00f1ar\u201d, \u201cD\u00e9jame Llorar\u201d, \u201cSer\u00e1\u201d, \u201cLa Mujer de Mi Vida\u201d, \u201cPara Llorar \u201c,\u201d Es As\u00ed \u201c, \u00a1y muchos m\u00e1s!<\/p>\n\n\n\n<p>Siempre presente en la vida de sus seguidores, Montaner interpretar\u00e1 este hist\u00f3rico concierto como cierre de un a\u00f1o de m\u00faltiples retos y de la misma forma, como apoyo y esperanza para el mundo.<\/p>\n\n\n\n<p>\u00a1Esta es una gran oportunidad para disfrutar y cantar junto a Ricardo Montaner todas tus canciones favoritas desde donde est\u00e9s! \u00a1Reserva! Las entradas estar\u00e1n a la venta a partir del pr\u00f3ximo lunes 26 de octubre a las 5pm en el <a href=\"https:\/\/ricardomontaner.com\/#\" target=\"_blank\" rel=\"noopener noreferrer\">sitio web oficial del artista,<\/a> \u00a1pero puedes preordenar hoy!<\/p>\n\n\n\n<blockquote><figure><img decoding=\"async\" loading=\"lazy\" class=\"aligncenter size-large wp-image-207454\" src=\"https:\/\/i0.wp.com\/casadecampoliving.com\/wp-content\/uploads\/2022\/10\/WhatsApp-Image-2020-10-22-at-12.27.54-PM-1-819x1024-2.jpeg?resize=819%2C1024&amp;ssl=1\" alt=\"\" width=\"819\" height=\"1024\"><\/figure><\/blockquote>\n","protected":false},"excerpt":{"rendered":"<p>\u00bfHas o\u00eddo? \u00a1Vuelven los conciertos! \u00a1Casa de Campo ser\u00e1 el anfitri\u00f3n de su primer concierto virtual con nada menos que Ricardo Montaner! El concierto lleva por nombre \u201cLas Canciones que Amo\u201d protagonizado por la cantante venezolana se llevar\u00e1 a cabo el s\u00e1bado 28 de noviembre en el Anfiteatro Altos de Chav\u00f3n y ser\u00e1 transmitido en [&hellip;]<\/p>\n","protected":false},"author":36791,"featured_media":332519,"comment_status":"closed","ping_status":"open","sticky":false,"template":"","format":"standard","meta":{"newspack_ads_suppress_ads":false,"newspack_popups_has_disabled_popups":false,"newspack_sponsor_sponsorship_scope":"","newspack_sponsor_native_byline_display":"inherit","newspack_sponsor_native_category_display":"inherit","newspack_sponsor_underwriter_style":"inherit","newspack_sponsor_underwriter_placement":"inherit","_newspack_byline_active":false,"_newspack_byline":"","newspack_hide_updated_date":false,"newspack_show_updated_date":false,"newspack_content_restriction_is_exempt":false,"newspack_featured_image_position":"","newspack_post_subtitle":"","newspack_article_summary_title":"Overview:","newspack_article_summary":"","_jetpack_memberships_contains_paid_content":false,"footnotes":"","jetpack_publicize_message":"","jetpack_publicize_feature_enabled":true,"jetpack_social_post_already_shared":false,"jetpack_social_options":{"image_generator_settings":{"template":"highway","default_image_id":0,"font":"","enabled":false},"version":2},"_wpas_customize_per_network":false},"categories":[26819,26936,2513,2518,14631,2522,14625,14627,2521,26822,19622],"tags":[3575,3132,2814,23815,18836,2963,20186,14736,15091,25205,23475,24766],"newspack_spnsrs_tax":[],"class_list":["post-353890","post","type-post","status-publish","format-standard","has-post-thumbnail","hentry","category-altos-de-chavon-es","category-casa-de-campo-living-es","category-celebridades-es","category-conciertos-es","category-estilo-de-vida","category-eventos-es","category-noticias-locales","category-proximamente","category-republica-dominicana-2","category-resort-casa-de-campo","category-video-es-2","tag-altos-de-chavon-es-2","tag-altos-de-chavon-anfiteatro","tag-anfiteatro","tag-casa-de-campo-es-17","tag-concert-es-2","tag-concierto","tag-en-vivo","tag-featured-topview-es","tag-proximamente","tag-ricardo-montaner","tag-streaming","tag-virtual","entry"],"yoast_head":"<!-- This site is optimized with the Yoast SEO plugin v27.5 - https:\/\/yoast.com\/product\/yoast-seo-wordpress\/ -->\n<title>\u00a1Primer concierto virtual en Altos de Chav\u00f3n con Ricardo Montaner! \u00a1Guarda la fecha! | Casa de Campo Living<\/title>\n<meta name=\"description\" content=\"\u00bfHas o\u00eddo? \u00a1Vuelven los conciertos! \u00a1Casa de Campo ser\u00e1 el anfitri\u00f3n de su primer concierto virtual con nada menos que Ricardo Montaner! El concierto\" \/>\n<meta name=\"robots\" content=\"index, follow, max-snippet:-1, max-image-preview:large, max-video-preview:-1\" \/>\n<link rel=\"canonical\" href=\"https:\/\/casadecampoliving.com\/es\/primer-concierto-en-vivo-en-altos-de-chavon-con-ricardo-montaner-reserva\/\" \/>\n<meta property=\"og:locale\" content=\"es_ES\" \/>\n<meta property=\"og:type\" content=\"article\" \/>\n<meta property=\"og:title\" content=\"\u00a1Primer concierto virtual en Altos de Chav\u00f3n con Ricardo Montaner! \u00a1Guarda la fecha! | Casa de Campo Living\" \/>\n<meta property=\"og:description\" content=\"\u00bfHas o\u00eddo? \u00a1Vuelven los conciertos! \u00a1Casa de Campo ser\u00e1 el anfitri\u00f3n de su primer concierto virtual con nada menos que Ricardo Montaner! El concierto\" \/>\n<meta property=\"og:url\" content=\"https:\/\/casadecampoliving.com\/es\/primer-concierto-en-vivo-en-altos-de-chavon-con-ricardo-montaner-reserva\/\" \/>\n<meta property=\"og:site_name\" content=\"Casa de Campo Living\" \/>\n<meta property=\"article:publisher\" content=\"https:\/\/www.facebook.com\/casadecampoliving\" \/>\n<meta property=\"article:published_time\" content=\"2020-10-22T04:00:00+00:00\" \/>\n<meta property=\"article:modified_time\" content=\"2022-10-21T23:07:22+00:00\" \/>\n<meta property=\"og:image\" content=\"https:\/\/i0.wp.com\/casadecampoliving.com\/wp-content\/uploads\/2022\/10\/Ricardo-Montaner-1.jpg?fit=1000%2C615&ssl=1\" \/>\n\t<meta property=\"og:image:width\" content=\"1000\" \/>\n\t<meta property=\"og:image:height\" content=\"615\" \/>\n\t<meta property=\"og:image:type\" content=\"image\/jpeg\" \/>\n<meta name=\"author\" content=\"Casa de Campo Living\" \/>\n<meta name=\"twitter:card\" content=\"summary_large_image\" \/>\n<meta name=\"twitter:creator\" content=\"@cdcliving\" \/>\n<meta name=\"twitter:site\" content=\"@cdcliving\" \/>\n<meta name=\"twitter:label1\" content=\"Escrito por\" \/>\n\t<meta name=\"twitter:data1\" content=\"Casa de Campo Living\" \/>\n\t<meta name=\"twitter:label2\" content=\"Tiempo de lectura\" \/>\n\t<meta name=\"twitter:data2\" content=\"1 minuto\" \/>\n<script type=\"application\/ld+json\" class=\"yoast-schema-graph\">{\"@context\":\"https:\\\/\\\/schema.org\",\"@graph\":[{\"@type\":\"Article\",\"@id\":\"https:\\\/\\\/casadecampoliving.com\\\/es\\\/primer-concierto-en-vivo-en-altos-de-chavon-con-ricardo-montaner-reserva\\\/#article\",\"isPartOf\":{\"@id\":\"https:\\\/\\\/casadecampoliving.com\\\/es\\\/primer-concierto-en-vivo-en-altos-de-chavon-con-ricardo-montaner-reserva\\\/\"},\"author\":{\"name\":\"Casa de Campo Living\",\"@id\":\"https:\\\/\\\/casadecampoliving.com\\\/es\\\/#\\\/schema\\\/person\\\/5d2171637a9d11e0e43ce6b8555f9422\"},\"headline\":\"\u00a1Primer concierto virtual en Altos de Chav\u00f3n con Ricardo Montaner! \u00a1Guarda la fecha!\",\"datePublished\":\"2020-10-22T04:00:00+00:00\",\"dateModified\":\"2022-10-21T23:07:22+00:00\",\"mainEntityOfPage\":{\"@id\":\"https:\\\/\\\/casadecampoliving.com\\\/es\\\/primer-concierto-en-vivo-en-altos-de-chavon-con-ricardo-montaner-reserva\\\/\"},\"wordCount\":302,\"publisher\":{\"@id\":\"https:\\\/\\\/casadecampoliving.com\\\/es\\\/#organization\"},\"image\":{\"@id\":\"https:\\\/\\\/casadecampoliving.com\\\/es\\\/primer-concierto-en-vivo-en-altos-de-chavon-con-ricardo-montaner-reserva\\\/#primaryimage\"},\"thumbnailUrl\":\"https:\\\/\\\/i0.wp.com\\\/casadecampoliving.com\\\/wp-content\\\/uploads\\\/2022\\\/10\\\/Ricardo-Montaner-1.jpg?fit=1000%2C615&ssl=1\",\"keywords\":[\"Altos de Chavon -es\",\"altos de chavon anfiteatro\",\"anfiteatro\",\"Casa de Campo\",\"concert\",\"concierto\",\"en vivo\",\"Featured-TopView @es\",\"Proximamente\",\"ricardo montaner\",\"streaming\",\"virtual\"],\"articleSection\":[\"Altos de Chavon @es\",\"Casa de Campo Living @es\",\"Celebridades\",\"Conciertos\",\"Estilo de Vida\",\"Eventos\",\"Noticias Locales\",\"Proximamente\",\"Rep\u00fablica Dominicana @es\",\"Resort Casa de Campo\",\"Video\"],\"inLanguage\":\"es\"},{\"@type\":\"WebPage\",\"@id\":\"https:\\\/\\\/casadecampoliving.com\\\/es\\\/primer-concierto-en-vivo-en-altos-de-chavon-con-ricardo-montaner-reserva\\\/\",\"url\":\"https:\\\/\\\/casadecampoliving.com\\\/es\\\/primer-concierto-en-vivo-en-altos-de-chavon-con-ricardo-montaner-reserva\\\/\",\"name\":\"\u00a1Primer concierto virtual en Altos de Chav\u00f3n con Ricardo Montaner! \u00a1Guarda la fecha! | Casa de Campo Living\",\"isPartOf\":{\"@id\":\"https:\\\/\\\/casadecampoliving.com\\\/es\\\/#website\"},\"primaryImageOfPage\":{\"@id\":\"https:\\\/\\\/casadecampoliving.com\\\/es\\\/primer-concierto-en-vivo-en-altos-de-chavon-con-ricardo-montaner-reserva\\\/#primaryimage\"},\"image\":{\"@id\":\"https:\\\/\\\/casadecampoliving.com\\\/es\\\/primer-concierto-en-vivo-en-altos-de-chavon-con-ricardo-montaner-reserva\\\/#primaryimage\"},\"thumbnailUrl\":\"https:\\\/\\\/i0.wp.com\\\/casadecampoliving.com\\\/wp-content\\\/uploads\\\/2022\\\/10\\\/Ricardo-Montaner-1.jpg?fit=1000%2C615&ssl=1\",\"datePublished\":\"2020-10-22T04:00:00+00:00\",\"dateModified\":\"2022-10-21T23:07:22+00:00\",\"description\":\"\u00bfHas o\u00eddo? \u00a1Vuelven los conciertos! \u00a1Casa de Campo ser\u00e1 el anfitri\u00f3n de su primer concierto virtual con nada menos que Ricardo Montaner! El concierto\",\"breadcrumb\":{\"@id\":\"https:\\\/\\\/casadecampoliving.com\\\/es\\\/primer-concierto-en-vivo-en-altos-de-chavon-con-ricardo-montaner-reserva\\\/#breadcrumb\"},\"inLanguage\":\"es\",\"potentialAction\":[{\"@type\":\"ReadAction\",\"target\":[\"https:\\\/\\\/casadecampoliving.com\\\/es\\\/primer-concierto-en-vivo-en-altos-de-chavon-con-ricardo-montaner-reserva\\\/\"]}]},{\"@type\":\"ImageObject\",\"inLanguage\":\"es\",\"@id\":\"https:\\\/\\\/casadecampoliving.com\\\/es\\\/primer-concierto-en-vivo-en-altos-de-chavon-con-ricardo-montaner-reserva\\\/#primaryimage\",\"url\":\"https:\\\/\\\/i0.wp.com\\\/casadecampoliving.com\\\/wp-content\\\/uploads\\\/2022\\\/10\\\/Ricardo-Montaner-1.jpg?fit=1000%2C615&ssl=1\",\"contentUrl\":\"https:\\\/\\\/i0.wp.com\\\/casadecampoliving.com\\\/wp-content\\\/uploads\\\/2022\\\/10\\\/Ricardo-Montaner-1.jpg?fit=1000%2C615&ssl=1\",\"width\":1000,\"height\":615},{\"@type\":\"BreadcrumbList\",\"@id\":\"https:\\\/\\\/casadecampoliving.com\\\/es\\\/primer-concierto-en-vivo-en-altos-de-chavon-con-ricardo-montaner-reserva\\\/#breadcrumb\",\"itemListElement\":[{\"@type\":\"ListItem\",\"position\":1,\"name\":\"Home\",\"item\":\"https:\\\/\\\/casadecampoliving.com\\\/es\\\/\"},{\"@type\":\"ListItem\",\"position\":2,\"name\":\"\u00a1Primer concierto virtual en Altos de Chav\u00f3n con Ricardo Montaner! \u00a1Guarda la fecha!\"}]},{\"@type\":\"WebSite\",\"@id\":\"https:\\\/\\\/casadecampoliving.com\\\/es\\\/#website\",\"url\":\"https:\\\/\\\/casadecampoliving.com\\\/es\\\/\",\"name\":\"Casa de Campo Living\",\"description\":\"Resort community news and resources.\",\"publisher\":{\"@id\":\"https:\\\/\\\/casadecampoliving.com\\\/es\\\/#organization\"},\"potentialAction\":[{\"@type\":\"SearchAction\",\"target\":{\"@type\":\"EntryPoint\",\"urlTemplate\":\"https:\\\/\\\/casadecampoliving.com\\\/es\\\/?s={search_term_string}\"},\"query-input\":{\"@type\":\"PropertyValueSpecification\",\"valueRequired\":true,\"valueName\":\"search_term_string\"}}],\"inLanguage\":\"es\"},{\"@type\":\"Organization\",\"@id\":\"https:\\\/\\\/casadecampoliving.com\\\/es\\\/#organization\",\"name\":\"Casa de Campo Living\",\"url\":\"https:\\\/\\\/casadecampoliving.com\\\/es\\\/\",\"logo\":{\"@type\":\"ImageObject\",\"inLanguage\":\"es\",\"@id\":\"https:\\\/\\\/casadecampoliving.com\\\/es\\\/#\\\/schema\\\/logo\\\/image\\\/\",\"url\":\"https:\\\/\\\/i0.wp.com\\\/casadecampoliving.com\\\/wp-content\\\/uploads\\\/2022\\\/07\\\/CDCLivingLogo_V1-white-sized.png?fit=800%2C214&ssl=1\",\"contentUrl\":\"https:\\\/\\\/i0.wp.com\\\/casadecampoliving.com\\\/wp-content\\\/uploads\\\/2022\\\/07\\\/CDCLivingLogo_V1-white-sized.png?fit=800%2C214&ssl=1\",\"width\":800,\"height\":214,\"caption\":\"Casa de Campo Living\"},\"image\":{\"@id\":\"https:\\\/\\\/casadecampoliving.com\\\/es\\\/#\\\/schema\\\/logo\\\/image\\\/\"},\"sameAs\":[\"https:\\\/\\\/www.facebook.com\\\/casadecampoliving\",\"https:\\\/\\\/x.com\\\/cdcliving\"]},{\"@type\":\"Person\",\"@id\":\"https:\\\/\\\/casadecampoliving.com\\\/es\\\/#\\\/schema\\\/person\\\/5d2171637a9d11e0e43ce6b8555f9422\",\"name\":\"Casa de Campo Living\",\"image\":{\"@type\":\"ImageObject\",\"inLanguage\":\"es\",\"@id\":\"https:\\\/\\\/secure.gravatar.com\\\/avatar\\\/d04101fa4a9fd431e939953b1500fdc7a73cd35029f86d98712fd8ccdaebaf9a?s=96&d=mm&r=g\",\"url\":\"https:\\\/\\\/secure.gravatar.com\\\/avatar\\\/d04101fa4a9fd431e939953b1500fdc7a73cd35029f86d98712fd8ccdaebaf9a?s=96&d=mm&r=g\",\"contentUrl\":\"https:\\\/\\\/secure.gravatar.com\\\/avatar\\\/d04101fa4a9fd431e939953b1500fdc7a73cd35029f86d98712fd8ccdaebaf9a?s=96&d=mm&r=g\",\"caption\":\"Casa de Campo Living\"},\"url\":\"https:\\\/\\\/casadecampoliving.com\\\/es\\\/author\\\/casa-de-campo-living\\\/\"}]}<\/script>\n<!-- \/ Yoast SEO plugin. -->","yoast_head_json":{"title":"\u00a1Primer concierto virtual en Altos de Chav\u00f3n con Ricardo Montaner! \u00a1Guarda la fecha! | Casa de Campo Living","description":"\u00bfHas o\u00eddo? \u00a1Vuelven los conciertos! \u00a1Casa de Campo ser\u00e1 el anfitri\u00f3n de su primer concierto virtual con nada menos que Ricardo Montaner! El concierto","robots":{"index":"index","follow":"follow","max-snippet":"max-snippet:-1","max-image-preview":"max-image-preview:large","max-video-preview":"max-video-preview:-1"},"canonical":"https:\/\/casadecampoliving.com\/es\/primer-concierto-en-vivo-en-altos-de-chavon-con-ricardo-montaner-reserva\/","og_locale":"es_ES","og_type":"article","og_title":"\u00a1Primer concierto virtual en Altos de Chav\u00f3n con Ricardo Montaner! \u00a1Guarda la fecha! | Casa de Campo Living","og_description":"\u00bfHas o\u00eddo? \u00a1Vuelven los conciertos! \u00a1Casa de Campo ser\u00e1 el anfitri\u00f3n de su primer concierto virtual con nada menos que Ricardo Montaner! El concierto","og_url":"https:\/\/casadecampoliving.com\/es\/primer-concierto-en-vivo-en-altos-de-chavon-con-ricardo-montaner-reserva\/","og_site_name":"Casa de Campo Living","article_publisher":"https:\/\/www.facebook.com\/casadecampoliving","article_published_time":"2020-10-22T04:00:00+00:00","article_modified_time":"2022-10-21T23:07:22+00:00","og_image":[{"width":1000,"height":615,"url":"https:\/\/i0.wp.com\/casadecampoliving.com\/wp-content\/uploads\/2022\/10\/Ricardo-Montaner-1.jpg?fit=1000%2C615&ssl=1","type":"image\/jpeg"}],"author":"Casa de Campo Living","twitter_card":"summary_large_image","twitter_creator":"@cdcliving","twitter_site":"@cdcliving","twitter_misc":{"Escrito por":"Casa de Campo Living","Tiempo de lectura":"1 minuto"},"schema":{"@context":"https:\/\/schema.org","@graph":[{"@type":"Article","@id":"https:\/\/casadecampoliving.com\/es\/primer-concierto-en-vivo-en-altos-de-chavon-con-ricardo-montaner-reserva\/#article","isPartOf":{"@id":"https:\/\/casadecampoliving.com\/es\/primer-concierto-en-vivo-en-altos-de-chavon-con-ricardo-montaner-reserva\/"},"author":{"name":"Casa de Campo Living","@id":"https:\/\/casadecampoliving.com\/es\/#\/schema\/person\/5d2171637a9d11e0e43ce6b8555f9422"},"headline":"\u00a1Primer concierto virtual en Altos de Chav\u00f3n con Ricardo Montaner! \u00a1Guarda la fecha!","datePublished":"2020-10-22T04:00:00+00:00","dateModified":"2022-10-21T23:07:22+00:00","mainEntityOfPage":{"@id":"https:\/\/casadecampoliving.com\/es\/primer-concierto-en-vivo-en-altos-de-chavon-con-ricardo-montaner-reserva\/"},"wordCount":302,"publisher":{"@id":"https:\/\/casadecampoliving.com\/es\/#organization"},"image":{"@id":"https:\/\/casadecampoliving.com\/es\/primer-concierto-en-vivo-en-altos-de-chavon-con-ricardo-montaner-reserva\/#primaryimage"},"thumbnailUrl":"https:\/\/i0.wp.com\/casadecampoliving.com\/wp-content\/uploads\/2022\/10\/Ricardo-Montaner-1.jpg?fit=1000%2C615&ssl=1","keywords":["Altos de Chavon -es","altos de chavon anfiteatro","anfiteatro","Casa de Campo","concert","concierto","en vivo","Featured-TopView @es","Proximamente","ricardo montaner","streaming","virtual"],"articleSection":["Altos de Chavon @es","Casa de Campo Living @es","Celebridades","Conciertos","Estilo de Vida","Eventos","Noticias Locales","Proximamente","Rep\u00fablica Dominicana @es","Resort Casa de Campo","Video"],"inLanguage":"es"},{"@type":"WebPage","@id":"https:\/\/casadecampoliving.com\/es\/primer-concierto-en-vivo-en-altos-de-chavon-con-ricardo-montaner-reserva\/","url":"https:\/\/casadecampoliving.com\/es\/primer-concierto-en-vivo-en-altos-de-chavon-con-ricardo-montaner-reserva\/","name":"\u00a1Primer concierto virtual en Altos de Chav\u00f3n con Ricardo Montaner! \u00a1Guarda la fecha! | Casa de Campo Living","isPartOf":{"@id":"https:\/\/casadecampoliving.com\/es\/#website"},"primaryImageOfPage":{"@id":"https:\/\/casadecampoliving.com\/es\/primer-concierto-en-vivo-en-altos-de-chavon-con-ricardo-montaner-reserva\/#primaryimage"},"image":{"@id":"https:\/\/casadecampoliving.com\/es\/primer-concierto-en-vivo-en-altos-de-chavon-con-ricardo-montaner-reserva\/#primaryimage"},"thumbnailUrl":"https:\/\/i0.wp.com\/casadecampoliving.com\/wp-content\/uploads\/2022\/10\/Ricardo-Montaner-1.jpg?fit=1000%2C615&ssl=1","datePublished":"2020-10-22T04:00:00+00:00","dateModified":"2022-10-21T23:07:22+00:00","description":"\u00bfHas o\u00eddo? \u00a1Vuelven los conciertos! \u00a1Casa de Campo ser\u00e1 el anfitri\u00f3n de su primer concierto virtual con nada menos que Ricardo Montaner! El concierto","breadcrumb":{"@id":"https:\/\/casadecampoliving.com\/es\/primer-concierto-en-vivo-en-altos-de-chavon-con-ricardo-montaner-reserva\/#breadcrumb"},"inLanguage":"es","potentialAction":[{"@type":"ReadAction","target":["https:\/\/casadecampoliving.com\/es\/primer-concierto-en-vivo-en-altos-de-chavon-con-ricardo-montaner-reserva\/"]}]},{"@type":"ImageObject","inLanguage":"es","@id":"https:\/\/casadecampoliving.com\/es\/primer-concierto-en-vivo-en-altos-de-chavon-con-ricardo-montaner-reserva\/#primaryimage","url":"https:\/\/i0.wp.com\/casadecampoliving.com\/wp-content\/uploads\/2022\/10\/Ricardo-Montaner-1.jpg?fit=1000%2C615&ssl=1","contentUrl":"https:\/\/i0.wp.com\/casadecampoliving.com\/wp-content\/uploads\/2022\/10\/Ricardo-Montaner-1.jpg?fit=1000%2C615&ssl=1","width":1000,"height":615},{"@type":"BreadcrumbList","@id":"https:\/\/casadecampoliving.com\/es\/primer-concierto-en-vivo-en-altos-de-chavon-con-ricardo-montaner-reserva\/#breadcrumb","itemListElement":[{"@type":"ListItem","position":1,"name":"Home","item":"https:\/\/casadecampoliving.com\/es\/"},{"@type":"ListItem","position":2,"name":"\u00a1Primer concierto virtual en Altos de Chav\u00f3n con Ricardo Montaner! \u00a1Guarda la fecha!"}]},{"@type":"WebSite","@id":"https:\/\/casadecampoliving.com\/es\/#website","url":"https:\/\/casadecampoliving.com\/es\/","name":"Casa de Campo Living","description":"Resort community news and resources.","publisher":{"@id":"https:\/\/casadecampoliving.com\/es\/#organization"},"potentialAction":[{"@type":"SearchAction","target":{"@type":"EntryPoint","urlTemplate":"https:\/\/casadecampoliving.com\/es\/?s={search_term_string}"},"query-input":{"@type":"PropertyValueSpecification","valueRequired":true,"valueName":"search_term_string"}}],"inLanguage":"es"},{"@type":"Organization","@id":"https:\/\/casadecampoliving.com\/es\/#organization","name":"Casa de Campo Living","url":"https:\/\/casadecampoliving.com\/es\/","logo":{"@type":"ImageObject","inLanguage":"es","@id":"https:\/\/casadecampoliving.com\/es\/#\/schema\/logo\/image\/","url":"https:\/\/i0.wp.com\/casadecampoliving.com\/wp-content\/uploads\/2022\/07\/CDCLivingLogo_V1-white-sized.png?fit=800%2C214&ssl=1","contentUrl":"https:\/\/i0.wp.com\/casadecampoliving.com\/wp-content\/uploads\/2022\/07\/CDCLivingLogo_V1-white-sized.png?fit=800%2C214&ssl=1","width":800,"height":214,"caption":"Casa de Campo Living"},"image":{"@id":"https:\/\/casadecampoliving.com\/es\/#\/schema\/logo\/image\/"},"sameAs":["https:\/\/www.facebook.com\/casadecampoliving","https:\/\/x.com\/cdcliving"]},{"@type":"Person","@id":"https:\/\/casadecampoliving.com\/es\/#\/schema\/person\/5d2171637a9d11e0e43ce6b8555f9422","name":"Casa de Campo Living","image":{"@type":"ImageObject","inLanguage":"es","@id":"https:\/\/secure.gravatar.com\/avatar\/d04101fa4a9fd431e939953b1500fdc7a73cd35029f86d98712fd8ccdaebaf9a?s=96&d=mm&r=g","url":"https:\/\/secure.gravatar.com\/avatar\/d04101fa4a9fd431e939953b1500fdc7a73cd35029f86d98712fd8ccdaebaf9a?s=96&d=mm&r=g","contentUrl":"https:\/\/secure.gravatar.com\/avatar\/d04101fa4a9fd431e939953b1500fdc7a73cd35029f86d98712fd8ccdaebaf9a?s=96&d=mm&r=g","caption":"Casa de Campo Living"},"url":"https:\/\/casadecampoliving.com\/es\/author\/casa-de-campo-living\/"}]}},"parsely":{"version":"1.1.0","canonical_url":"https:\/\/casadecampoliving.com\/es\/primer-concierto-en-vivo-en-altos-de-chavon-con-ricardo-montaner-reserva\/","smart_links":{"inbound":0,"outbound":0},"traffic_boost_suggestions_count":0,"meta":{"@context":"https:\/\/schema.org","@type":"NewsArticle","headline":"\u00a1Primer concierto virtual en Altos de Chav\u00f3n con Ricardo Montaner! \u00a1Guarda la fecha!","url":"http:\/\/casadecampoliving.com\/es\/primer-concierto-en-vivo-en-altos-de-chavon-con-ricardo-montaner-reserva\/","mainEntityOfPage":{"@type":"WebPage","@id":"http:\/\/casadecampoliving.com\/es\/primer-concierto-en-vivo-en-altos-de-chavon-con-ricardo-montaner-reserva\/"},"thumbnailUrl":"https:\/\/i0.wp.com\/casadecampoliving.com\/wp-content\/uploads\/2022\/10\/Ricardo-Montaner-1.jpg?resize=150%2C150&ssl=1","image":{"@type":"ImageObject","url":"https:\/\/i0.wp.com\/casadecampoliving.com\/wp-content\/uploads\/2022\/10\/Ricardo-Montaner-1.jpg?fit=1000%2C615&ssl=1"},"articleSection":"Altos de Chavon @es","author":[{"@type":"Person","name":"Casa de Campo Living"}],"creator":["Casa de Campo Living"],"publisher":{"@type":"Organization","name":"Casa de Campo Living","logo":"https:\/\/casadecampoliving.com\/wp-content\/uploads\/2022\/07\/CDCLivingLogo_V1-white-sized.png"},"keywords":["altos de chavon -es","altos de chavon anfiteatro","anfiteatro","casa de campo","concert","concierto","en vivo","featured-topview @es","proximamente","ricardo montaner","streaming","virtual"],"dateCreated":"2020-10-22T04:00:00Z","datePublished":"2020-10-22T04:00:00Z","dateModified":"2022-10-21T23:07:22Z"},"rendered":"<script type=\"application\/ld+json\" class=\"wp-parsely-metadata\">{\"@context\":\"https:\\\/\\\/schema.org\",\"@type\":\"NewsArticle\",\"headline\":\"\\u00a1Primer concierto virtual en Altos de Chav\\u00f3n con Ricardo Montaner! \\u00a1Guarda la fecha!\",\"url\":\"http:\\\/\\\/casadecampoliving.com\\\/es\\\/primer-concierto-en-vivo-en-altos-de-chavon-con-ricardo-montaner-reserva\\\/\",\"mainEntityOfPage\":{\"@type\":\"WebPage\",\"@id\":\"http:\\\/\\\/casadecampoliving.com\\\/es\\\/primer-concierto-en-vivo-en-altos-de-chavon-con-ricardo-montaner-reserva\\\/\"},\"thumbnailUrl\":\"https:\\\/\\\/i0.wp.com\\\/casadecampoliving.com\\\/wp-content\\\/uploads\\\/2022\\\/10\\\/Ricardo-Montaner-1.jpg?resize=150%2C150&ssl=1\",\"image\":{\"@type\":\"ImageObject\",\"url\":\"https:\\\/\\\/i0.wp.com\\\/casadecampoliving.com\\\/wp-content\\\/uploads\\\/2022\\\/10\\\/Ricardo-Montaner-1.jpg?fit=1000%2C615&ssl=1\"},\"articleSection\":\"Altos de Chavon @es\",\"author\":[{\"@type\":\"Person\",\"name\":\"Casa de Campo Living\"}],\"creator\":[\"Casa de Campo Living\"],\"publisher\":{\"@type\":\"Organization\",\"name\":\"Casa de Campo Living\",\"logo\":\"https:\\\/\\\/casadecampoliving.com\\\/wp-content\\\/uploads\\\/2022\\\/07\\\/CDCLivingLogo_V1-white-sized.png\"},\"keywords\":[\"altos de chavon -es\",\"altos de chavon anfiteatro\",\"anfiteatro\",\"casa de campo\",\"concert\",\"concierto\",\"en vivo\",\"featured-topview @es\",\"proximamente\",\"ricardo montaner\",\"streaming\",\"virtual\"],\"dateCreated\":\"2020-10-22T04:00:00Z\",\"datePublished\":\"2020-10-22T04:00:00Z\",\"dateModified\":\"2022-10-21T23:07:22Z\"}<\/script>","tracker_url":"https:\/\/cdn.parsely.com\/keys\/casadecampoliving.com\/p.js"},"jetpack_publicize_connections":[],"jetpack_featured_media_url":"https:\/\/i0.wp.com\/casadecampoliving.com\/wp-content\/uploads\/2022\/10\/Ricardo-Montaner-1.jpg?fit=1000%2C615&ssl=1","jetpack-related-posts":[{"id":353916,"url":"https:\/\/casadecampoliving.com\/es\/el-concierto-virtual-de-ricardo-montaner-desde-altos-de-chavon-sera-en-unos-pocos-dias\/","url_meta":{"origin":353890,"position":0},"title":"\u00a1El concierto virtual de Ricardo Montaner desde Altos de Chav\u00f3n ser\u00e1 en unos pocos d\u00edas!","author":"Casa de Campo Living","date":"23 Nov, 2020","format":false,"excerpt":"El primer concierto virtual de Altos de Chav\u00f3n se acerca r\u00e1pidamente. \u00a1Es ESTE s\u00e1bado! Apenas el mes pasado el cantante venezolano Ricardo Montaner anunci\u00f3 que volver\u00e1 a presentarse en vivo con toda su banda desde el Anfiteatro de Altos de Chav\u00f3n, haciendo de esa noche una ocasi\u00f3n inolvidable en la\u2026","rel":"","context":"En \u00abAltos de Chavon @es\u00bb","block_context":{"text":"Altos de Chavon @es","link":"https:\/\/casadecampoliving.com\/category\/altos-de-chavon-es\/"},"img":{"alt_text":"","src":"https:\/\/i0.wp.com\/casadecampoliving.com\/wp-content\/uploads\/2022\/10\/46922105_1522091554589766_51559836847964160_n-1.jpg?fit=1000%2C667&ssl=1&resize=350%2C200","width":350,"height":200,"srcset":"https:\/\/i0.wp.com\/casadecampoliving.com\/wp-content\/uploads\/2022\/10\/46922105_1522091554589766_51559836847964160_n-1.jpg?fit=1000%2C667&ssl=1&resize=350%2C200 1x, https:\/\/i0.wp.com\/casadecampoliving.com\/wp-content\/uploads\/2022\/10\/46922105_1522091554589766_51559836847964160_n-1.jpg?fit=1000%2C667&ssl=1&resize=525%2C300 1.5x, https:\/\/i0.wp.com\/casadecampoliving.com\/wp-content\/uploads\/2022\/10\/46922105_1522091554589766_51559836847964160_n-1.jpg?fit=1000%2C667&ssl=1&resize=700%2C400 2x"},"classes":[]},{"id":433460,"url":"https:\/\/casadecampoliving.com\/es\/no-se-pierdan-el-increible-tributo-a-frank-sinatra-para-celebrar-el-40-aniversario-del-anfiteatro-altos-de-chavon\/","url_meta":{"origin":353890,"position":1},"title":"No se pierdan el incre\u00edble tributo a Frank Sinatra para celebrar el 40 aniversario del\u00a0Anfiteatro Altos de Chav\u00f3n","author":"Casa de Campo Living","date":"20 Oct, 2022","format":false,"excerpt":"Siendo uno de los escenarios m\u00e1s emblem\u00e1ticos del pa\u00eds, Casa de Campo Resort\u00ae & Villas celebra las cuatro d\u00e9cadas de aniversario de Altos de Chav\u00f3n con un tributo al gran Frank Sinatra, protagonizado por artistas invitados y una big band tal cual la que acompa\u00f1\u00f3 al artista hace 40 a\u00f1os\u2026","rel":"","context":"En \u00abUncategorized @es\u00bb","block_context":{"text":"Uncategorized @es","link":"https:\/\/casadecampoliving.com\/es\/category\/uncategorized-es\/"},"img":{"alt_text":"","src":"https:\/\/i0.wp.com\/casadecampoliving.com\/wp-content\/uploads\/2022\/10\/Tributo-Frank-Sinatra-Foto-Principal-Amaury-Sanchez-Danilo-Ginebra-Andres-Pichardo-y-Jose-Gabriel-Perez-.jpg?fit=1200%2C873&ssl=1&resize=350%2C200","width":350,"height":200,"srcset":"https:\/\/i0.wp.com\/casadecampoliving.com\/wp-content\/uploads\/2022\/10\/Tributo-Frank-Sinatra-Foto-Principal-Amaury-Sanchez-Danilo-Ginebra-Andres-Pichardo-y-Jose-Gabriel-Perez-.jpg?fit=1200%2C873&ssl=1&resize=350%2C200 1x, https:\/\/i0.wp.com\/casadecampoliving.com\/wp-content\/uploads\/2022\/10\/Tributo-Frank-Sinatra-Foto-Principal-Amaury-Sanchez-Danilo-Ginebra-Andres-Pichardo-y-Jose-Gabriel-Perez-.jpg?fit=1200%2C873&ssl=1&resize=525%2C300 1.5x, https:\/\/i0.wp.com\/casadecampoliving.com\/wp-content\/uploads\/2022\/10\/Tributo-Frank-Sinatra-Foto-Principal-Amaury-Sanchez-Danilo-Ginebra-Andres-Pichardo-y-Jose-Gabriel-Perez-.jpg?fit=1200%2C873&ssl=1&resize=700%2C400 2x, https:\/\/i0.wp.com\/casadecampoliving.com\/wp-content\/uploads\/2022\/10\/Tributo-Frank-Sinatra-Foto-Principal-Amaury-Sanchez-Danilo-Ginebra-Andres-Pichardo-y-Jose-Gabriel-Perez-.jpg?fit=1200%2C873&ssl=1&resize=1050%2C600 3x"},"classes":[]},{"id":354050,"url":"https:\/\/casadecampoliving.com\/es\/los-montaner-live-desde-altos-de-chavon-juntos-en-una-noche-unica-irrepetible-e-inolvidable\/","url_meta":{"origin":353890,"position":2},"title":"\u00a1Los Montaner Live desde Altos de Chav\u00f3n! \u00a1Juntos en una noche \u00fanica, irrepetible e inolvidable!","author":"Casa de Campo Living","date":"9 May, 2021","format":false,"excerpt":"\u00a1Es oficial! \u00a1Casa de Campo ser\u00e1 el anfitri\u00f3n de un concierto semi presencial y virtual con la familia Montaner completa! Por primera vez, la familia hispanoamericana m\u00e1s querida y famosa del momento Ricardo Montaner, Mau & Ricky, Evaluna y Camilo se encontrar\u00e1n en un concierto muy especial \u00a1LOS MONTANER LIVE!\u2026","rel":"","context":"En \u00abAltos de Chavon @es\u00bb","block_context":{"text":"Altos de Chavon @es","link":"https:\/\/casadecampoliving.com\/category\/altos-de-chavon-es\/"},"img":{"alt_text":"","src":"https:\/\/i0.wp.com\/casadecampoliving.com\/wp-content\/uploads\/2022\/10\/PHOTO-2021-05-07-22-58-00-1.jpg?fit=1000%2C600&ssl=1&resize=350%2C200","width":350,"height":200,"srcset":"https:\/\/i0.wp.com\/casadecampoliving.com\/wp-content\/uploads\/2022\/10\/PHOTO-2021-05-07-22-58-00-1.jpg?fit=1000%2C600&ssl=1&resize=350%2C200 1x, https:\/\/i0.wp.com\/casadecampoliving.com\/wp-content\/uploads\/2022\/10\/PHOTO-2021-05-07-22-58-00-1.jpg?fit=1000%2C600&ssl=1&resize=525%2C300 1.5x, https:\/\/i0.wp.com\/casadecampoliving.com\/wp-content\/uploads\/2022\/10\/PHOTO-2021-05-07-22-58-00-1.jpg?fit=1000%2C600&ssl=1&resize=700%2C400 2x"},"classes":[]},{"id":354075,"url":"https:\/\/casadecampoliving.com\/es\/nueva-fecha-los-montaner-en-vivo-desde-altos-de-chavon-ahora-tendra-lugar-el-31-de-julio\/","url_meta":{"origin":353890,"position":3},"title":"NUEVA FECHA: Los Montaner en vivo desde Altos de Chav\u00f3n ahora tendr\u00e1 lugar el 31 de julio","author":"Casa de Campo Living","date":"6 Jun, 2021","format":false,"excerpt":"El mes pasado Casa de Campo anunci\u00f3 que ofrecer\u00e1 un concierto semi-presencial y virtual con toda la familia Montaner, pero debido al reciente estado de emergencia del Covid-19 en Rep\u00fablica Dominicana, los artistas han decidido posponer el concierto hasta el 31 de julio. , 2021. Ricky Montaner, subi\u00f3 hoy un\u2026","rel":"","context":"En \u00abAltos de Chavon @es\u00bb","block_context":{"text":"Altos de Chavon @es","link":"https:\/\/casadecampoliving.com\/category\/altos-de-chavon-es\/"},"img":{"alt_text":"","src":"https:\/\/i0.wp.com\/casadecampoliving.com\/wp-content\/uploads\/2022\/10\/unnamed-25-4.jpg?fit=1000%2C563&ssl=1&resize=350%2C200","width":350,"height":200,"srcset":"https:\/\/i0.wp.com\/casadecampoliving.com\/wp-content\/uploads\/2022\/10\/unnamed-25-4.jpg?fit=1000%2C563&ssl=1&resize=350%2C200 1x, https:\/\/i0.wp.com\/casadecampoliving.com\/wp-content\/uploads\/2022\/10\/unnamed-25-4.jpg?fit=1000%2C563&ssl=1&resize=525%2C300 1.5x, https:\/\/i0.wp.com\/casadecampoliving.com\/wp-content\/uploads\/2022\/10\/unnamed-25-4.jpg?fit=1000%2C563&ssl=1&resize=700%2C400 2x"},"classes":[]},{"id":354117,"url":"https:\/\/casadecampoliving.com\/es\/los-montaner-live-exito-total\/","url_meta":{"origin":353890,"position":4},"title":"Los Montaner Live en Altos de Chav\u00f3n \u00a1\u00c9XITO TOTAL!","author":"Casa de Campo Living","date":"2 Ago, 2021","format":false,"excerpt":"Sin dudas, el concierto de la Familia Montaner ha sido uno de los eventos m\u00e1s importantes del 2021. El evento tuvo un alcance de m\u00e1s de un mill\u00f3n de personas que lo vieron en tiempo real en todo el mundo entero, ante una venta de m\u00e1s de 205 mil accesos.\u2026","rel":"","context":"En \u00abAltos de Chavon @es\u00bb","block_context":{"text":"Altos de Chavon @es","link":"https:\/\/casadecampoliving.com\/category\/altos-de-chavon-es\/"},"img":{"alt_text":"","src":"https:\/\/i0.wp.com\/casadecampoliving.com\/wp-content\/uploads\/2022\/10\/229119241_380397756841727_4260606892355158706_n-1.jpg?fit=1080%2C720&ssl=1&resize=350%2C200","width":350,"height":200,"srcset":"https:\/\/i0.wp.com\/casadecampoliving.com\/wp-content\/uploads\/2022\/10\/229119241_380397756841727_4260606892355158706_n-1.jpg?fit=1080%2C720&ssl=1&resize=350%2C200 1x, https:\/\/i0.wp.com\/casadecampoliving.com\/wp-content\/uploads\/2022\/10\/229119241_380397756841727_4260606892355158706_n-1.jpg?fit=1080%2C720&ssl=1&resize=525%2C300 1.5x, https:\/\/i0.wp.com\/casadecampoliving.com\/wp-content\/uploads\/2022\/10\/229119241_380397756841727_4260606892355158706_n-1.jpg?fit=1080%2C720&ssl=1&resize=700%2C400 2x, https:\/\/i0.wp.com\/casadecampoliving.com\/wp-content\/uploads\/2022\/10\/229119241_380397756841727_4260606892355158706_n-1.jpg?fit=1080%2C720&ssl=1&resize=1050%2C600 3x"},"classes":[]},{"id":353922,"url":"https:\/\/casadecampoliving.com\/es\/el-primer-concierto-virtual-de-altos-de-chavon-con-ricardo-montaner-fue-un-exito-rotundo\/","url_meta":{"origin":353890,"position":5},"title":"\u00a1El primer concierto virtual de Altos de Chav\u00f3n con Ricardo Montaner fue un \u00e9xito rotundo!","author":"Casa de Campo Living","date":"30 Nov, 2020","format":false,"excerpt":"El s\u00e1bado pasado el artista venezolano Ricardo Montaner present\u00f3 al mundo su concierto \"Las canciones que amo\" transmitido en vivo desde el Anfiteatro Altos de Chav\u00f3n luego de ocho meses de no poder pisar un escenario. \u201cEra hora de volver a encender las luces\u201d, dijo el artista, \u00a1y en qu\u00e9\u2026","rel":"","context":"En \u00abCasa de Campo Living @es\u00bb","block_context":{"text":"Casa de Campo Living @es","link":"https:\/\/casadecampoliving.com\/category\/casa-de-campo-living-es\/"},"img":{"alt_text":"","src":"https:\/\/i0.wp.com\/casadecampoliving.com\/wp-content\/uploads\/2022\/10\/AG_09931-1.jpg?fit=1000%2C667&ssl=1&resize=350%2C200","width":350,"height":200,"srcset":"https:\/\/i0.wp.com\/casadecampoliving.com\/wp-content\/uploads\/2022\/10\/AG_09931-1.jpg?fit=1000%2C667&ssl=1&resize=350%2C200 1x, https:\/\/i0.wp.com\/casadecampoliving.com\/wp-content\/uploads\/2022\/10\/AG_09931-1.jpg?fit=1000%2C667&ssl=1&resize=525%2C300 1.5x, https:\/\/i0.wp.com\/casadecampoliving.com\/wp-content\/uploads\/2022\/10\/AG_09931-1.jpg?fit=1000%2C667&ssl=1&resize=700%2C400 2x"},"classes":[]}],"jetpack_sharing_enabled":true,"_links":{"self":[{"href":"https:\/\/casadecampoliving.com\/es\/wp-json\/wp\/v2\/posts\/353890","targetHints":{"allow":["GET"]}}],"collection":[{"href":"https:\/\/casadecampoliving.com\/es\/wp-json\/wp\/v2\/posts"}],"about":[{"href":"https:\/\/casadecampoliving.com\/es\/wp-json\/wp\/v2\/types\/post"}],"author":[{"embeddable":true,"href":"https:\/\/casadecampoliving.com\/es\/wp-json\/wp\/v2\/users\/36791"}],"replies":[{"embeddable":true,"href":"https:\/\/casadecampoliving.com\/es\/wp-json\/wp\/v2\/comments?post=353890"}],"version-history":[{"count":0,"href":"https:\/\/casadecampoliving.com\/es\/wp-json\/wp\/v2\/posts\/353890\/revisions"}],"wp:featuredmedia":[{"embeddable":true,"href":"https:\/\/casadecampoliving.com\/es\/wp-json\/wp\/v2\/media\/332519"}],"wp:attachment":[{"href":"https:\/\/casadecampoliving.com\/es\/wp-json\/wp\/v2\/media?parent=353890"}],"wp:term":[{"taxonomy":"category","embeddable":true,"href":"https:\/\/casadecampoliving.com\/es\/wp-json\/wp\/v2\/categories?post=353890"},{"taxonomy":"post_tag","embeddable":true,"href":"https:\/\/casadecampoliving.com\/es\/wp-json\/wp\/v2\/tags?post=353890"},{"taxonomy":"newspack_spnsrs_tax","embeddable":true,"href":"https:\/\/casadecampoliving.com\/es\/wp-json\/wp\/v2\/newspack_spnsrs_tax?post=353890"}],"curies":[{"name":"wp","href":"https:\/\/api.w.org\/{rel}","templated":true}]}}