{"id":353880,"date":"2020-10-09T00:00:00","date_gmt":"2020-10-09T04:00:00","guid":{"rendered":"https:\/\/casadecampoliving.com\/ha-visto-la-edicion-de-otono-de-la-revista-casa-de-campo-living-esta-en-linea-ahora\/"},"modified":"2022-10-21T19:06:29","modified_gmt":"2022-10-21T23:06:29","slug":"ha-visto-la-edicion-de-otono-de-la-revista-casa-de-campo-living-esta-en-linea-ahora","status":"publish","type":"post","link":"https:\/\/casadecampoliving.com\/es\/ha-visto-la-edicion-de-otono-de-la-revista-casa-de-campo-living-esta-en-linea-ahora\/","title":{"rendered":"\u00bfHa visto la edici\u00f3n de oto\u00f1o de la revista Casa de Campo Living? \u00a1Est\u00e1 en l\u00ednea ahora!"},"content":{"rendered":"\n<p>\u00a1Es un inmenso placer para nosotros anunicar que nuestra<strong> edici\u00f3n de oto\u00f1o de la revista Casa de Campo Living<\/strong> est\u00e1 aqu\u00ed! \u00a1Este a\u00f1o, hemos realizado unos cambios en Casa de Campo Living Magazine que incluyen actualizaciones en nuestro dise\u00f1o y tambi\u00e9n tenerla disponible en linea! \u00a1La revista de oto\u00f1o se ve mejor que nunca! En esta <strong>edici\u00f3n especial de \u201cThrowback\u201d,<\/strong> estamos compartiendo algunas fotos geniales #TBT de Casa de Campo tomadas por nuestra amiga Carol Burke, en honor a todos los buenos momentos que hemos tenido en Casa, \u00a1y muchos m\u00e1s que est\u00e1n por venir!<\/p>\n\n\n<div class=\"wp-block-image\">\n<figure class=\"aligncenter is-resized\"><img loading=\"lazy\" decoding=\"async\" src=\"https:\/\/i0.wp.com\/casadecampoliving.com\/wp-content\/uploads\/2022\/10\/Screen-Shot-2020-10-09-at-4.18.06-PM-1024x729-2.png?resize=900%2C641&amp;ssl=1\" alt=\"\" class=\"wp-image-207270\" height=\"641\" width=\"900\"\/><\/figure>\n<\/div>\n\n\n<p>Esta es la 34\u00aa edici\u00f3n y en ella encontrar\u00e1 dos entrevistas especiales con dos miembros de la comunidad de Casa. En primer lugar, <strong>hablamos con el Dr. Jos\u00e9 L\u00f3pez,<\/strong> director del Hospital Central Romana y vicepresidente de salud de la Corporaci\u00f3n Central Romana. El compromiso y la dedicaci\u00f3n del Dr. L\u00f3pez con La Romana y sus pacientes es verdaderamente admirable y m\u00e1s a\u00fan durante estos tiempos dif\u00edciles.<\/p>\n\n\n\n<p><strong>Tambi\u00e9n tuvimos el placer de entrevistar al Sr. Rolando G\u00f3nzalez-Bunster,<\/strong> fundador de InterEnergy. Nos cuenta c\u00f3mo empez\u00f3 todo y c\u00f3mo cree en un futuro m\u00e1s <em>verde<\/em> y qu\u00e9 est\u00e1 haciendo para ayudar a que esto suceda. Cuando le preguntamos qu\u00e9 ha sido lo m\u00e1s gratificante de su trabajo a lo largo de los a\u00f1os, nos dice: \u201cVer cosas que no exist\u00edan y que ahora existen. Hemos creado nuevos proyectos que han beneficiado a poblaciones; Hemos llevado electricidad a zonas que no la ten\u00edan, suministramos energ\u00eda al turismo, hemos sido pioneros en energ\u00edas limpias y renovables. Lo m\u00e1s bonito de la vida es poder decir que hemos participado o creado algo que no exist\u00eda. Estamos facilitando el cambio\u201d.<\/p>\n\n\n<div class=\"wp-block-image\">\n<figure class=\"aligncenter is-resized\"><img loading=\"lazy\" decoding=\"async\" src=\"https:\/\/i0.wp.com\/casadecampoliving.com\/wp-content\/uploads\/2022\/10\/Screen-Shot-2020-10-09-at-4.19.03-PM-1024x728-2.png?resize=900%2C640&amp;ssl=1\" alt=\"\" class=\"wp-image-207276\" height=\"640\" width=\"900\"\/><\/figure>\n<\/div>\n\n\n<p>Para el aventurero, hemos incluido <strong>dos emocionantes excursiones<\/strong> que tenemos cerca para todo aquel que quiera hacer algo diferente y que se puede hacer en una tarde, y tambi\u00e9n conocemos m\u00e1s al popular Dj de La Romana, <strong>Pedro Rosario, m\u00e1s conocido como Dj Kambax.<\/strong> Durante la cuarentena, muchas personas de todo el mundo recurrieron a la cocina no solo por sustento sino tambi\u00e9n por entretenimiento y comodidad. En nuestra comunidad, tenemos la suerte de contar con una experta en cocina que estuvo a la altura de las circunstancias; <strong>la reconocida cocinera Gabriella Reginato<\/strong> us\u00f3 sus cuentas de redes sociales para compartir recetas y responder preguntas y para esta edici\u00f3n, nos pusimos en contacto con ella para ver si pod\u00eda preparar algunas recetas inspiradas en los pr\u00f3ximos meses, acept\u00f3 \u00a1y comparti\u00f3 algunas opciones deliciosas con nosotros!<\/p>\n\n\n<div class=\"wp-block-image\">\n<figure class=\"aligncenter is-resized\"><img loading=\"lazy\" decoding=\"async\" src=\"https:\/\/i0.wp.com\/casadecampoliving.com\/wp-content\/uploads\/2022\/10\/Screen-Shot-2020-10-09-at-4.20.06-PM-1024x728-2.png?resize=901%2C641&amp;ssl=1\" alt=\"\" class=\"wp-image-207280\" height=\"641\" width=\"901\"\/><\/figure>\n<\/div>\n\n\n<p>Esperamos que encuentres en las historias publicadas en nuestra edici\u00f3n Verano 2020 de Casa de Campo Living Magazine todo lo que esperas y que el nuevo dise\u00f1o en el que hemos trabajado duro sea de tu agrado, esperando que pronto tambi\u00e9n puedas recibir nuestro impreso. versi\u00f3n tambi\u00e9n!<\/p>\n\n\n\n<blockquote><h3><a href=\"https:\/\/issuu.com\/communityprofile\/docs\/casa_de_campo_living_the_guide_fall_2020\" target=\"_blank\" rel=\"noopener noreferrer\"><strong><em>HAGA CLIC AQU\u00cd PARA LEER LA REVISTA<\/em><\/strong><\/a><\/h3><\/blockquote>\n","protected":false},"excerpt":{"rendered":"<p>\u00a1Es un inmenso placer para nosotros anunicar que nuestra edici\u00f3n de oto\u00f1o de la revista Casa de Campo Living est\u00e1 aqu\u00ed! \u00a1Este a\u00f1o, hemos realizado unos cambios en Casa de Campo Living Magazine que incluyen actualizaciones en nuestro dise\u00f1o y tambi\u00e9n tenerla disponible en linea! \u00a1La revista de oto\u00f1o se ve mejor que nunca! En [&hellip;]<\/p>\n","protected":false},"author":36791,"featured_media":332427,"comment_status":"closed","ping_status":"open","sticky":false,"template":"","format":"standard","meta":{"newspack_ads_suppress_ads":false,"newspack_popups_has_disabled_popups":false,"newspack_sponsor_sponsorship_scope":"","newspack_sponsor_native_byline_display":"inherit","newspack_sponsor_native_category_display":"inherit","newspack_sponsor_underwriter_style":"inherit","newspack_sponsor_underwriter_placement":"inherit","_newspack_byline_active":false,"_newspack_byline":"","newspack_hide_updated_date":false,"newspack_show_updated_date":false,"newspack_content_restriction_is_exempt":false,"newspack_featured_image_position":"","newspack_post_subtitle":"","newspack_article_summary_title":"Overview:","newspack_article_summary":"","_jetpack_memberships_contains_paid_content":false,"footnotes":"","jetpack_publicize_message":"","jetpack_publicize_feature_enabled":true,"jetpack_social_post_already_shared":false,"jetpack_social_options":{"image_generator_settings":{"template":"highway","default_image_id":0,"font":"","enabled":false},"version":2},"_wpas_customize_per_network":false},"categories":[26819,26823,26936,26951,26952,2524,14631,2522,26581,14625,2521,26822,2520],"tags":[14736],"newspack_spnsrs_tax":[],"class_list":["post-353880","post","type-post","status-publish","format-standard","has-post-thumbnail","hentry","category-altos-de-chavon-es","category-arte-y-cultura","category-casa-de-campo-living-es","category-ccl-presenta","category-ccl-recomienda","category-destacados","category-estilo-de-vida","category-eventos-es","category-la-marina-casa-de-campo","category-noticias-locales","category-republica-dominicana-2","category-resort-casa-de-campo","category-restaurantes-es","tag-featured-topview-es","entry"],"yoast_head":"<!-- This site is optimized with the Yoast SEO plugin v27.5 - https:\/\/yoast.com\/product\/yoast-seo-wordpress\/ -->\n<title>\u00bfHa visto la edici\u00f3n de oto\u00f1o de la revista Casa de Campo Living? \u00a1Est\u00e1 en l\u00ednea ahora! | Casa de Campo Living<\/title>\n<meta name=\"description\" content=\"\u00a1Es un inmenso placer para nosotros anunicar que nuestra edici\u00f3n de oto\u00f1o de la revista Casa de Campo Living est\u00e1 aqu\u00ed! \u00a1Este a\u00f1o, hemos realizado unos\" \/>\n<meta name=\"robots\" content=\"index, follow, max-snippet:-1, max-image-preview:large, max-video-preview:-1\" \/>\n<link rel=\"canonical\" href=\"https:\/\/casadecampoliving.com\/es\/ha-visto-la-edicion-de-otono-de-la-revista-casa-de-campo-living-esta-en-linea-ahora\/\" \/>\n<meta property=\"og:locale\" content=\"es_ES\" \/>\n<meta property=\"og:type\" content=\"article\" \/>\n<meta property=\"og:title\" content=\"\u00bfHa visto la edici\u00f3n de oto\u00f1o de la revista Casa de Campo Living? \u00a1Est\u00e1 en l\u00ednea ahora! | Casa de Campo Living\" \/>\n<meta property=\"og:description\" content=\"\u00a1Es un inmenso placer para nosotros anunicar que nuestra edici\u00f3n de oto\u00f1o de la revista Casa de Campo Living est\u00e1 aqu\u00ed! \u00a1Este a\u00f1o, hemos realizado unos\" \/>\n<meta property=\"og:url\" content=\"https:\/\/casadecampoliving.com\/es\/ha-visto-la-edicion-de-otono-de-la-revista-casa-de-campo-living-esta-en-linea-ahora\/\" \/>\n<meta property=\"og:site_name\" content=\"Casa de Campo Living\" \/>\n<meta property=\"article:publisher\" content=\"https:\/\/www.facebook.com\/casadecampoliving\" \/>\n<meta property=\"article:published_time\" content=\"2020-10-09T04:00:00+00:00\" \/>\n<meta property=\"article:modified_time\" content=\"2022-10-21T23:06:29+00:00\" \/>\n<meta property=\"og:image\" content=\"https:\/\/i0.wp.com\/casadecampoliving.com\/wp-content\/uploads\/2022\/10\/CDCLiving-fall-2020_1000x600px-1.png?fit=1000%2C600&ssl=1\" \/>\n\t<meta property=\"og:image:width\" content=\"1000\" \/>\n\t<meta property=\"og:image:height\" content=\"600\" \/>\n\t<meta property=\"og:image:type\" content=\"image\/png\" \/>\n<meta name=\"author\" content=\"Casa de Campo Living\" \/>\n<meta name=\"twitter:card\" content=\"summary_large_image\" \/>\n<meta name=\"twitter:creator\" content=\"@cdcliving\" \/>\n<meta name=\"twitter:site\" content=\"@cdcliving\" \/>\n<meta name=\"twitter:label1\" content=\"Escrito por\" \/>\n\t<meta name=\"twitter:data1\" content=\"Casa de Campo Living\" \/>\n\t<meta name=\"twitter:label2\" content=\"Tiempo de lectura\" \/>\n\t<meta name=\"twitter:data2\" content=\"3 minutos\" \/>\n<script type=\"application\/ld+json\" class=\"yoast-schema-graph\">{\"@context\":\"https:\\\/\\\/schema.org\",\"@graph\":[{\"@type\":\"Article\",\"@id\":\"https:\\\/\\\/casadecampoliving.com\\\/es\\\/ha-visto-la-edicion-de-otono-de-la-revista-casa-de-campo-living-esta-en-linea-ahora\\\/#article\",\"isPartOf\":{\"@id\":\"https:\\\/\\\/casadecampoliving.com\\\/es\\\/ha-visto-la-edicion-de-otono-de-la-revista-casa-de-campo-living-esta-en-linea-ahora\\\/\"},\"author\":{\"name\":\"Casa de Campo Living\",\"@id\":\"https:\\\/\\\/casadecampoliving.com\\\/es\\\/#\\\/schema\\\/person\\\/5d2171637a9d11e0e43ce6b8555f9422\"},\"headline\":\"\u00bfHa visto la edici\u00f3n de oto\u00f1o de la revista Casa de Campo Living? \u00a1Est\u00e1 en l\u00ednea ahora!\",\"datePublished\":\"2020-10-09T04:00:00+00:00\",\"dateModified\":\"2022-10-21T23:06:29+00:00\",\"mainEntityOfPage\":{\"@id\":\"https:\\\/\\\/casadecampoliving.com\\\/es\\\/ha-visto-la-edicion-de-otono-de-la-revista-casa-de-campo-living-esta-en-linea-ahora\\\/\"},\"wordCount\":528,\"publisher\":{\"@id\":\"https:\\\/\\\/casadecampoliving.com\\\/es\\\/#organization\"},\"image\":{\"@id\":\"https:\\\/\\\/casadecampoliving.com\\\/es\\\/ha-visto-la-edicion-de-otono-de-la-revista-casa-de-campo-living-esta-en-linea-ahora\\\/#primaryimage\"},\"thumbnailUrl\":\"https:\\\/\\\/i0.wp.com\\\/casadecampoliving.com\\\/wp-content\\\/uploads\\\/2022\\\/10\\\/CDCLiving-fall-2020_1000x600px-1.png?fit=1000%2C600&ssl=1\",\"keywords\":[\"Featured-TopView @es\"],\"articleSection\":[\"Altos de Chavon @es\",\"Arte y cultura\",\"Casa de Campo Living @es\",\"CCL presenta\",\"CCL recomienda\",\"Destacados\",\"Estilo de Vida\",\"Eventos\",\"La Marina Casa de Campo\",\"Noticias Locales\",\"Rep\u00fablica Dominicana @es\",\"Resort Casa de Campo\",\"Restaurantes\"],\"inLanguage\":\"es\"},{\"@type\":\"WebPage\",\"@id\":\"https:\\\/\\\/casadecampoliving.com\\\/es\\\/ha-visto-la-edicion-de-otono-de-la-revista-casa-de-campo-living-esta-en-linea-ahora\\\/\",\"url\":\"https:\\\/\\\/casadecampoliving.com\\\/es\\\/ha-visto-la-edicion-de-otono-de-la-revista-casa-de-campo-living-esta-en-linea-ahora\\\/\",\"name\":\"\u00bfHa visto la edici\u00f3n de oto\u00f1o de la revista Casa de Campo Living? \u00a1Est\u00e1 en l\u00ednea ahora! | Casa de Campo Living\",\"isPartOf\":{\"@id\":\"https:\\\/\\\/casadecampoliving.com\\\/es\\\/#website\"},\"primaryImageOfPage\":{\"@id\":\"https:\\\/\\\/casadecampoliving.com\\\/es\\\/ha-visto-la-edicion-de-otono-de-la-revista-casa-de-campo-living-esta-en-linea-ahora\\\/#primaryimage\"},\"image\":{\"@id\":\"https:\\\/\\\/casadecampoliving.com\\\/es\\\/ha-visto-la-edicion-de-otono-de-la-revista-casa-de-campo-living-esta-en-linea-ahora\\\/#primaryimage\"},\"thumbnailUrl\":\"https:\\\/\\\/i0.wp.com\\\/casadecampoliving.com\\\/wp-content\\\/uploads\\\/2022\\\/10\\\/CDCLiving-fall-2020_1000x600px-1.png?fit=1000%2C600&ssl=1\",\"datePublished\":\"2020-10-09T04:00:00+00:00\",\"dateModified\":\"2022-10-21T23:06:29+00:00\",\"description\":\"\u00a1Es un inmenso placer para nosotros anunicar que nuestra edici\u00f3n de oto\u00f1o de la revista Casa de Campo Living est\u00e1 aqu\u00ed! \u00a1Este a\u00f1o, hemos realizado unos\",\"breadcrumb\":{\"@id\":\"https:\\\/\\\/casadecampoliving.com\\\/es\\\/ha-visto-la-edicion-de-otono-de-la-revista-casa-de-campo-living-esta-en-linea-ahora\\\/#breadcrumb\"},\"inLanguage\":\"es\",\"potentialAction\":[{\"@type\":\"ReadAction\",\"target\":[\"https:\\\/\\\/casadecampoliving.com\\\/es\\\/ha-visto-la-edicion-de-otono-de-la-revista-casa-de-campo-living-esta-en-linea-ahora\\\/\"]}]},{\"@type\":\"ImageObject\",\"inLanguage\":\"es\",\"@id\":\"https:\\\/\\\/casadecampoliving.com\\\/es\\\/ha-visto-la-edicion-de-otono-de-la-revista-casa-de-campo-living-esta-en-linea-ahora\\\/#primaryimage\",\"url\":\"https:\\\/\\\/i0.wp.com\\\/casadecampoliving.com\\\/wp-content\\\/uploads\\\/2022\\\/10\\\/CDCLiving-fall-2020_1000x600px-1.png?fit=1000%2C600&ssl=1\",\"contentUrl\":\"https:\\\/\\\/i0.wp.com\\\/casadecampoliving.com\\\/wp-content\\\/uploads\\\/2022\\\/10\\\/CDCLiving-fall-2020_1000x600px-1.png?fit=1000%2C600&ssl=1\",\"width\":1000,\"height\":600},{\"@type\":\"BreadcrumbList\",\"@id\":\"https:\\\/\\\/casadecampoliving.com\\\/es\\\/ha-visto-la-edicion-de-otono-de-la-revista-casa-de-campo-living-esta-en-linea-ahora\\\/#breadcrumb\",\"itemListElement\":[{\"@type\":\"ListItem\",\"position\":1,\"name\":\"Home\",\"item\":\"https:\\\/\\\/casadecampoliving.com\\\/es\\\/\"},{\"@type\":\"ListItem\",\"position\":2,\"name\":\"\u00bfHa visto la edici\u00f3n de oto\u00f1o de la revista Casa de Campo Living? \u00a1Est\u00e1 en l\u00ednea ahora!\"}]},{\"@type\":\"WebSite\",\"@id\":\"https:\\\/\\\/casadecampoliving.com\\\/es\\\/#website\",\"url\":\"https:\\\/\\\/casadecampoliving.com\\\/es\\\/\",\"name\":\"Casa de Campo Living\",\"description\":\"Resort community news and resources.\",\"publisher\":{\"@id\":\"https:\\\/\\\/casadecampoliving.com\\\/es\\\/#organization\"},\"potentialAction\":[{\"@type\":\"SearchAction\",\"target\":{\"@type\":\"EntryPoint\",\"urlTemplate\":\"https:\\\/\\\/casadecampoliving.com\\\/es\\\/?s={search_term_string}\"},\"query-input\":{\"@type\":\"PropertyValueSpecification\",\"valueRequired\":true,\"valueName\":\"search_term_string\"}}],\"inLanguage\":\"es\"},{\"@type\":\"Organization\",\"@id\":\"https:\\\/\\\/casadecampoliving.com\\\/es\\\/#organization\",\"name\":\"Casa de Campo Living\",\"url\":\"https:\\\/\\\/casadecampoliving.com\\\/es\\\/\",\"logo\":{\"@type\":\"ImageObject\",\"inLanguage\":\"es\",\"@id\":\"https:\\\/\\\/casadecampoliving.com\\\/es\\\/#\\\/schema\\\/logo\\\/image\\\/\",\"url\":\"https:\\\/\\\/i0.wp.com\\\/casadecampoliving.com\\\/wp-content\\\/uploads\\\/2022\\\/07\\\/CDCLivingLogo_V1-white-sized.png?fit=800%2C214&ssl=1\",\"contentUrl\":\"https:\\\/\\\/i0.wp.com\\\/casadecampoliving.com\\\/wp-content\\\/uploads\\\/2022\\\/07\\\/CDCLivingLogo_V1-white-sized.png?fit=800%2C214&ssl=1\",\"width\":800,\"height\":214,\"caption\":\"Casa de Campo Living\"},\"image\":{\"@id\":\"https:\\\/\\\/casadecampoliving.com\\\/es\\\/#\\\/schema\\\/logo\\\/image\\\/\"},\"sameAs\":[\"https:\\\/\\\/www.facebook.com\\\/casadecampoliving\",\"https:\\\/\\\/x.com\\\/cdcliving\"]},{\"@type\":\"Person\",\"@id\":\"https:\\\/\\\/casadecampoliving.com\\\/es\\\/#\\\/schema\\\/person\\\/5d2171637a9d11e0e43ce6b8555f9422\",\"name\":\"Casa de Campo Living\",\"image\":{\"@type\":\"ImageObject\",\"inLanguage\":\"es\",\"@id\":\"https:\\\/\\\/secure.gravatar.com\\\/avatar\\\/d04101fa4a9fd431e939953b1500fdc7a73cd35029f86d98712fd8ccdaebaf9a?s=96&d=mm&r=g\",\"url\":\"https:\\\/\\\/secure.gravatar.com\\\/avatar\\\/d04101fa4a9fd431e939953b1500fdc7a73cd35029f86d98712fd8ccdaebaf9a?s=96&d=mm&r=g\",\"contentUrl\":\"https:\\\/\\\/secure.gravatar.com\\\/avatar\\\/d04101fa4a9fd431e939953b1500fdc7a73cd35029f86d98712fd8ccdaebaf9a?s=96&d=mm&r=g\",\"caption\":\"Casa de Campo Living\"},\"url\":\"https:\\\/\\\/casadecampoliving.com\\\/es\\\/author\\\/casa-de-campo-living\\\/\"}]}<\/script>\n<!-- \/ Yoast SEO plugin. -->","yoast_head_json":{"title":"\u00bfHa visto la edici\u00f3n de oto\u00f1o de la revista Casa de Campo Living? \u00a1Est\u00e1 en l\u00ednea ahora! | Casa de Campo Living","description":"\u00a1Es un inmenso placer para nosotros anunicar que nuestra edici\u00f3n de oto\u00f1o de la revista Casa de Campo Living est\u00e1 aqu\u00ed! \u00a1Este a\u00f1o, hemos realizado unos","robots":{"index":"index","follow":"follow","max-snippet":"max-snippet:-1","max-image-preview":"max-image-preview:large","max-video-preview":"max-video-preview:-1"},"canonical":"https:\/\/casadecampoliving.com\/es\/ha-visto-la-edicion-de-otono-de-la-revista-casa-de-campo-living-esta-en-linea-ahora\/","og_locale":"es_ES","og_type":"article","og_title":"\u00bfHa visto la edici\u00f3n de oto\u00f1o de la revista Casa de Campo Living? \u00a1Est\u00e1 en l\u00ednea ahora! | Casa de Campo Living","og_description":"\u00a1Es un inmenso placer para nosotros anunicar que nuestra edici\u00f3n de oto\u00f1o de la revista Casa de Campo Living est\u00e1 aqu\u00ed! \u00a1Este a\u00f1o, hemos realizado unos","og_url":"https:\/\/casadecampoliving.com\/es\/ha-visto-la-edicion-de-otono-de-la-revista-casa-de-campo-living-esta-en-linea-ahora\/","og_site_name":"Casa de Campo Living","article_publisher":"https:\/\/www.facebook.com\/casadecampoliving","article_published_time":"2020-10-09T04:00:00+00:00","article_modified_time":"2022-10-21T23:06:29+00:00","og_image":[{"width":1000,"height":600,"url":"https:\/\/i0.wp.com\/casadecampoliving.com\/wp-content\/uploads\/2022\/10\/CDCLiving-fall-2020_1000x600px-1.png?fit=1000%2C600&ssl=1","type":"image\/png"}],"author":"Casa de Campo Living","twitter_card":"summary_large_image","twitter_creator":"@cdcliving","twitter_site":"@cdcliving","twitter_misc":{"Escrito por":"Casa de Campo Living","Tiempo de lectura":"3 minutos"},"schema":{"@context":"https:\/\/schema.org","@graph":[{"@type":"Article","@id":"https:\/\/casadecampoliving.com\/es\/ha-visto-la-edicion-de-otono-de-la-revista-casa-de-campo-living-esta-en-linea-ahora\/#article","isPartOf":{"@id":"https:\/\/casadecampoliving.com\/es\/ha-visto-la-edicion-de-otono-de-la-revista-casa-de-campo-living-esta-en-linea-ahora\/"},"author":{"name":"Casa de Campo Living","@id":"https:\/\/casadecampoliving.com\/es\/#\/schema\/person\/5d2171637a9d11e0e43ce6b8555f9422"},"headline":"\u00bfHa visto la edici\u00f3n de oto\u00f1o de la revista Casa de Campo Living? \u00a1Est\u00e1 en l\u00ednea ahora!","datePublished":"2020-10-09T04:00:00+00:00","dateModified":"2022-10-21T23:06:29+00:00","mainEntityOfPage":{"@id":"https:\/\/casadecampoliving.com\/es\/ha-visto-la-edicion-de-otono-de-la-revista-casa-de-campo-living-esta-en-linea-ahora\/"},"wordCount":528,"publisher":{"@id":"https:\/\/casadecampoliving.com\/es\/#organization"},"image":{"@id":"https:\/\/casadecampoliving.com\/es\/ha-visto-la-edicion-de-otono-de-la-revista-casa-de-campo-living-esta-en-linea-ahora\/#primaryimage"},"thumbnailUrl":"https:\/\/i0.wp.com\/casadecampoliving.com\/wp-content\/uploads\/2022\/10\/CDCLiving-fall-2020_1000x600px-1.png?fit=1000%2C600&ssl=1","keywords":["Featured-TopView @es"],"articleSection":["Altos de Chavon @es","Arte y cultura","Casa de Campo Living @es","CCL presenta","CCL recomienda","Destacados","Estilo de Vida","Eventos","La Marina Casa de Campo","Noticias Locales","Rep\u00fablica Dominicana @es","Resort Casa de Campo","Restaurantes"],"inLanguage":"es"},{"@type":"WebPage","@id":"https:\/\/casadecampoliving.com\/es\/ha-visto-la-edicion-de-otono-de-la-revista-casa-de-campo-living-esta-en-linea-ahora\/","url":"https:\/\/casadecampoliving.com\/es\/ha-visto-la-edicion-de-otono-de-la-revista-casa-de-campo-living-esta-en-linea-ahora\/","name":"\u00bfHa visto la edici\u00f3n de oto\u00f1o de la revista Casa de Campo Living? \u00a1Est\u00e1 en l\u00ednea ahora! | Casa de Campo Living","isPartOf":{"@id":"https:\/\/casadecampoliving.com\/es\/#website"},"primaryImageOfPage":{"@id":"https:\/\/casadecampoliving.com\/es\/ha-visto-la-edicion-de-otono-de-la-revista-casa-de-campo-living-esta-en-linea-ahora\/#primaryimage"},"image":{"@id":"https:\/\/casadecampoliving.com\/es\/ha-visto-la-edicion-de-otono-de-la-revista-casa-de-campo-living-esta-en-linea-ahora\/#primaryimage"},"thumbnailUrl":"https:\/\/i0.wp.com\/casadecampoliving.com\/wp-content\/uploads\/2022\/10\/CDCLiving-fall-2020_1000x600px-1.png?fit=1000%2C600&ssl=1","datePublished":"2020-10-09T04:00:00+00:00","dateModified":"2022-10-21T23:06:29+00:00","description":"\u00a1Es un inmenso placer para nosotros anunicar que nuestra edici\u00f3n de oto\u00f1o de la revista Casa de Campo Living est\u00e1 aqu\u00ed! \u00a1Este a\u00f1o, hemos realizado unos","breadcrumb":{"@id":"https:\/\/casadecampoliving.com\/es\/ha-visto-la-edicion-de-otono-de-la-revista-casa-de-campo-living-esta-en-linea-ahora\/#breadcrumb"},"inLanguage":"es","potentialAction":[{"@type":"ReadAction","target":["https:\/\/casadecampoliving.com\/es\/ha-visto-la-edicion-de-otono-de-la-revista-casa-de-campo-living-esta-en-linea-ahora\/"]}]},{"@type":"ImageObject","inLanguage":"es","@id":"https:\/\/casadecampoliving.com\/es\/ha-visto-la-edicion-de-otono-de-la-revista-casa-de-campo-living-esta-en-linea-ahora\/#primaryimage","url":"https:\/\/i0.wp.com\/casadecampoliving.com\/wp-content\/uploads\/2022\/10\/CDCLiving-fall-2020_1000x600px-1.png?fit=1000%2C600&ssl=1","contentUrl":"https:\/\/i0.wp.com\/casadecampoliving.com\/wp-content\/uploads\/2022\/10\/CDCLiving-fall-2020_1000x600px-1.png?fit=1000%2C600&ssl=1","width":1000,"height":600},{"@type":"BreadcrumbList","@id":"https:\/\/casadecampoliving.com\/es\/ha-visto-la-edicion-de-otono-de-la-revista-casa-de-campo-living-esta-en-linea-ahora\/#breadcrumb","itemListElement":[{"@type":"ListItem","position":1,"name":"Home","item":"https:\/\/casadecampoliving.com\/es\/"},{"@type":"ListItem","position":2,"name":"\u00bfHa visto la edici\u00f3n de oto\u00f1o de la revista Casa de Campo Living? \u00a1Est\u00e1 en l\u00ednea ahora!"}]},{"@type":"WebSite","@id":"https:\/\/casadecampoliving.com\/es\/#website","url":"https:\/\/casadecampoliving.com\/es\/","name":"Casa de Campo Living","description":"Resort community news and resources.","publisher":{"@id":"https:\/\/casadecampoliving.com\/es\/#organization"},"potentialAction":[{"@type":"SearchAction","target":{"@type":"EntryPoint","urlTemplate":"https:\/\/casadecampoliving.com\/es\/?s={search_term_string}"},"query-input":{"@type":"PropertyValueSpecification","valueRequired":true,"valueName":"search_term_string"}}],"inLanguage":"es"},{"@type":"Organization","@id":"https:\/\/casadecampoliving.com\/es\/#organization","name":"Casa de Campo Living","url":"https:\/\/casadecampoliving.com\/es\/","logo":{"@type":"ImageObject","inLanguage":"es","@id":"https:\/\/casadecampoliving.com\/es\/#\/schema\/logo\/image\/","url":"https:\/\/i0.wp.com\/casadecampoliving.com\/wp-content\/uploads\/2022\/07\/CDCLivingLogo_V1-white-sized.png?fit=800%2C214&ssl=1","contentUrl":"https:\/\/i0.wp.com\/casadecampoliving.com\/wp-content\/uploads\/2022\/07\/CDCLivingLogo_V1-white-sized.png?fit=800%2C214&ssl=1","width":800,"height":214,"caption":"Casa de Campo Living"},"image":{"@id":"https:\/\/casadecampoliving.com\/es\/#\/schema\/logo\/image\/"},"sameAs":["https:\/\/www.facebook.com\/casadecampoliving","https:\/\/x.com\/cdcliving"]},{"@type":"Person","@id":"https:\/\/casadecampoliving.com\/es\/#\/schema\/person\/5d2171637a9d11e0e43ce6b8555f9422","name":"Casa de Campo Living","image":{"@type":"ImageObject","inLanguage":"es","@id":"https:\/\/secure.gravatar.com\/avatar\/d04101fa4a9fd431e939953b1500fdc7a73cd35029f86d98712fd8ccdaebaf9a?s=96&d=mm&r=g","url":"https:\/\/secure.gravatar.com\/avatar\/d04101fa4a9fd431e939953b1500fdc7a73cd35029f86d98712fd8ccdaebaf9a?s=96&d=mm&r=g","contentUrl":"https:\/\/secure.gravatar.com\/avatar\/d04101fa4a9fd431e939953b1500fdc7a73cd35029f86d98712fd8ccdaebaf9a?s=96&d=mm&r=g","caption":"Casa de Campo Living"},"url":"https:\/\/casadecampoliving.com\/es\/author\/casa-de-campo-living\/"}]}},"parsely":{"version":"1.1.0","canonical_url":"https:\/\/casadecampoliving.com\/es\/ha-visto-la-edicion-de-otono-de-la-revista-casa-de-campo-living-esta-en-linea-ahora\/","smart_links":{"inbound":0,"outbound":0},"traffic_boost_suggestions_count":0,"meta":{"@context":"https:\/\/schema.org","@type":"NewsArticle","headline":"\u00bfHa visto la edici\u00f3n de oto\u00f1o de la revista Casa de Campo Living? \u00a1Est\u00e1 en l\u00ednea ahora!","url":"http:\/\/casadecampoliving.com\/es\/ha-visto-la-edicion-de-otono-de-la-revista-casa-de-campo-living-esta-en-linea-ahora\/","mainEntityOfPage":{"@type":"WebPage","@id":"http:\/\/casadecampoliving.com\/es\/ha-visto-la-edicion-de-otono-de-la-revista-casa-de-campo-living-esta-en-linea-ahora\/"},"thumbnailUrl":"https:\/\/i0.wp.com\/casadecampoliving.com\/wp-content\/uploads\/2022\/10\/CDCLiving-fall-2020_1000x600px-1.png?resize=150%2C150&ssl=1","image":{"@type":"ImageObject","url":"https:\/\/i0.wp.com\/casadecampoliving.com\/wp-content\/uploads\/2022\/10\/CDCLiving-fall-2020_1000x600px-1.png?fit=1000%2C600&ssl=1"},"articleSection":"Altos de Chavon @es","author":[{"@type":"Person","name":"Casa de Campo Living"}],"creator":["Casa de Campo Living"],"publisher":{"@type":"Organization","name":"Casa de Campo Living","logo":"https:\/\/casadecampoliving.com\/wp-content\/uploads\/2022\/07\/CDCLivingLogo_V1-white-sized.png"},"keywords":["featured-topview @es"],"dateCreated":"2020-10-09T04:00:00Z","datePublished":"2020-10-09T04:00:00Z","dateModified":"2022-10-21T23:06:29Z"},"rendered":"<script type=\"application\/ld+json\" class=\"wp-parsely-metadata\">{\"@context\":\"https:\\\/\\\/schema.org\",\"@type\":\"NewsArticle\",\"headline\":\"\\u00bfHa visto la edici\\u00f3n de oto\\u00f1o de la revista Casa de Campo Living? \\u00a1Est\\u00e1 en l\\u00ednea ahora!\",\"url\":\"http:\\\/\\\/casadecampoliving.com\\\/es\\\/ha-visto-la-edicion-de-otono-de-la-revista-casa-de-campo-living-esta-en-linea-ahora\\\/\",\"mainEntityOfPage\":{\"@type\":\"WebPage\",\"@id\":\"http:\\\/\\\/casadecampoliving.com\\\/es\\\/ha-visto-la-edicion-de-otono-de-la-revista-casa-de-campo-living-esta-en-linea-ahora\\\/\"},\"thumbnailUrl\":\"https:\\\/\\\/i0.wp.com\\\/casadecampoliving.com\\\/wp-content\\\/uploads\\\/2022\\\/10\\\/CDCLiving-fall-2020_1000x600px-1.png?resize=150%2C150&ssl=1\",\"image\":{\"@type\":\"ImageObject\",\"url\":\"https:\\\/\\\/i0.wp.com\\\/casadecampoliving.com\\\/wp-content\\\/uploads\\\/2022\\\/10\\\/CDCLiving-fall-2020_1000x600px-1.png?fit=1000%2C600&ssl=1\"},\"articleSection\":\"Altos de Chavon @es\",\"author\":[{\"@type\":\"Person\",\"name\":\"Casa de Campo Living\"}],\"creator\":[\"Casa de Campo Living\"],\"publisher\":{\"@type\":\"Organization\",\"name\":\"Casa de Campo Living\",\"logo\":\"https:\\\/\\\/casadecampoliving.com\\\/wp-content\\\/uploads\\\/2022\\\/07\\\/CDCLivingLogo_V1-white-sized.png\"},\"keywords\":[\"featured-topview @es\"],\"dateCreated\":\"2020-10-09T04:00:00Z\",\"datePublished\":\"2020-10-09T04:00:00Z\",\"dateModified\":\"2022-10-21T23:06:29Z\"}<\/script>","tracker_url":"https:\/\/cdn.parsely.com\/keys\/casadecampoliving.com\/p.js"},"jetpack_publicize_connections":[],"jetpack_featured_media_url":"https:\/\/i0.wp.com\/casadecampoliving.com\/wp-content\/uploads\/2022\/10\/CDCLiving-fall-2020_1000x600px-1.png?fit=1000%2C600&ssl=1","jetpack-related-posts":[{"id":522680,"url":"https:\/\/casadecampoliving.com\/es\/la-nueva-edicion-de-otono-de-la-revista-casa-de-campo-living-ya-esta-disponible\/","url_meta":{"origin":353880,"position":0},"title":"La nueva edici\u00f3n de oto\u00f1o de la revista Casa de Campo Living ya est\u00e1 disponible","author":"Casa de Campo Living","date":"27 Sep, 2023","format":false,"excerpt":"La revista Casa de Campo Living se complace en anunciar el lanzamiento de su \u00faltima edici\u00f3n de oto\u00f1o, dise\u00f1ada exclusivamente para la vibrante comunidad de Casa de Campo. La 44\u00aa edici\u00f3n de la revista Casa de Campo Living est\u00e1 repleta de cautivadores art\u00edculos y deslumbrantes im\u00e1genes cuidadosamente seleccionadas para entretener,\u2026","rel":"","context":"En \u00abCasa de Campo Resort &amp; Villas\u00bb","block_context":{"text":"Casa de Campo Resort &amp; Villas","link":"https:\/\/casadecampoliving.com\/es\/category\/casa-de-campo-resort-villas\/"},"img":{"alt_text":"","src":"https:\/\/i0.wp.com\/casadecampoliving.com\/wp-content\/uploads\/2023\/09\/Casa-de-Campo-Living-Magazine-Fall-2023-scaled.jpg?fit=1200%2C800&ssl=1&resize=350%2C200","width":350,"height":200,"srcset":"https:\/\/i0.wp.com\/casadecampoliving.com\/wp-content\/uploads\/2023\/09\/Casa-de-Campo-Living-Magazine-Fall-2023-scaled.jpg?fit=1200%2C800&ssl=1&resize=350%2C200 1x, https:\/\/i0.wp.com\/casadecampoliving.com\/wp-content\/uploads\/2023\/09\/Casa-de-Campo-Living-Magazine-Fall-2023-scaled.jpg?fit=1200%2C800&ssl=1&resize=525%2C300 1.5x, https:\/\/i0.wp.com\/casadecampoliving.com\/wp-content\/uploads\/2023\/09\/Casa-de-Campo-Living-Magazine-Fall-2023-scaled.jpg?fit=1200%2C800&ssl=1&resize=700%2C400 2x, https:\/\/i0.wp.com\/casadecampoliving.com\/wp-content\/uploads\/2023\/09\/Casa-de-Campo-Living-Magazine-Fall-2023-scaled.jpg?fit=1200%2C800&ssl=1&resize=1050%2C600 3x"},"classes":[]},{"id":351703,"url":"https:\/\/casadecampoliving.com\/es\/para-los-amantes-de-la-comida-la-edicion-de-otono-de-la-revista-casa-de-campo-living-sera-sobre-comida\/","url_meta":{"origin":353880,"position":1},"title":"Para los amantes del buen comer: La edici\u00f3n de oto\u00f1o de la revista Casa de Campo Living ser\u00e1 sobre comida","author":"Heather Lincoln","date":"10 Jul, 2017","format":false,"excerpt":"Escoger un nuevo restaurante para probar o conocer m\u00e1s sobre su lugar favorito es tan f\u00e1cil como pasar las p\u00e1ginas de nuestra pr\u00f3xima edici\u00f3n. La revista Casa de Campo Living de oto\u00f1o, ser\u00e1 dedicada al buen comer y estamos seguros que les dar\u00e1n ganas de probar los mejores platos alrededor\u2026","rel":"","context":"En \u00abCasa de Campo Living @es\u00bb","block_context":{"text":"Casa de Campo Living @es","link":"https:\/\/casadecampoliving.com\/category\/casa-de-campo-living-es\/"},"img":{"alt_text":"SBG","src":"https:\/\/i0.wp.com\/casadecampoliving.com\/wp-content\/uploads\/2022\/10\/IMG_5543-e1499706278883.jpg?fit=1000%2C600&ssl=1&resize=350%2C200","width":350,"height":200,"srcset":"https:\/\/i0.wp.com\/casadecampoliving.com\/wp-content\/uploads\/2022\/10\/IMG_5543-e1499706278883.jpg?fit=1000%2C600&ssl=1&resize=350%2C200 1x, https:\/\/i0.wp.com\/casadecampoliving.com\/wp-content\/uploads\/2022\/10\/IMG_5543-e1499706278883.jpg?fit=1000%2C600&ssl=1&resize=525%2C300 1.5x, https:\/\/i0.wp.com\/casadecampoliving.com\/wp-content\/uploads\/2022\/10\/IMG_5543-e1499706278883.jpg?fit=1000%2C600&ssl=1&resize=700%2C400 2x"},"classes":[]},{"id":348384,"url":"https:\/\/casadecampoliving.com\/es\/la-edicion-de-otono-de-casalife-ya-esta-aqui\/","url_meta":{"origin":353880,"position":2},"title":"\u00a1La edici\u00f3n de oto\u00f1o de CasaLife ya est\u00e1 aqu\u00ed!","author":"Felix Guerrero","date":"9 Oct, 2015","format":false,"excerpt":"\u00a1La edici\u00f3n m\u00e1s reciente de CasaLife Magazine acaba de llegar! El oto\u00f1o esa aqu\u00ed, \u00a1y ya estamos empezando sentir\u00a0la brisa que trae consigo esta\u00a0temporada de vacaciones que est\u00e1 por venir! Y mientras tenemos la oportunidad de enfriarnos de un verano bastante caluroso, tenemos que tener en cuenta que el oto\u00f1o\u2026","rel":"","context":"En \u00abCasa de Campo Living @es\u00bb","block_context":{"text":"Casa de Campo Living @es","link":"https:\/\/casadecampoliving.com\/category\/casa-de-campo-living-es\/"},"img":{"alt_text":"CasaLife is here","src":"https:\/\/i0.wp.com\/casadecampoliving.com\/wp-content\/uploads\/2022\/10\/CasaLife-is-here-1.jpg?fit=650%2C450&ssl=1&resize=350%2C200","width":350,"height":200,"srcset":"https:\/\/i0.wp.com\/casadecampoliving.com\/wp-content\/uploads\/2022\/10\/CasaLife-is-here-1.jpg?fit=650%2C450&ssl=1&resize=350%2C200 1x, https:\/\/i0.wp.com\/casadecampoliving.com\/wp-content\/uploads\/2022\/10\/CasaLife-is-here-1.jpg?fit=650%2C450&ssl=1&resize=525%2C300 1.5x"},"classes":[]},{"id":352924,"url":"https:\/\/casadecampoliving.com\/es\/ha-recibido-nuestro-ultima-edicion-de-la-revista-casa-de-campo-living\/","url_meta":{"origin":353880,"position":3},"title":"\u00bfHa recibido nuestro \u00faltima edici\u00f3n de la revista Casa de Campo Living?","author":"Casa de Campo Living","date":"8 Oct, 2018","format":false,"excerpt":"\u00a1Ha llegado la revista Casa de Campo Living oto\u00f1o 2018! En ella encontrar\u00e1 informaci\u00f3n sobre compras, restaurantes, excursiones tur\u00edsticas e informaciones de todas instalaciones deportivas, adem\u00e1s de art\u00edculos sobre lo que est\u00e1 sucediendo en Casa. Esta revista es perfecta para llevar contigo\u2026 Presentamos las respuestas de la comunidad de sus\u2026","rel":"","context":"En \u00abCasa de Campo Living @es\u00bb","block_context":{"text":"Casa de Campo Living @es","link":"https:\/\/casadecampoliving.com\/category\/casa-de-campo-living-es\/"},"img":{"alt_text":"","src":"https:\/\/i0.wp.com\/casadecampoliving.com\/wp-content\/uploads\/2018\/10\/Rectangle-FB-casadcampo-fall-2018_b2.jpg?resize=350%2C200&ssl=1","width":350,"height":200,"srcset":"https:\/\/i0.wp.com\/casadecampoliving.com\/wp-content\/uploads\/2018\/10\/Rectangle-FB-casadcampo-fall-2018_b2.jpg?resize=350%2C200&ssl=1 1x, https:\/\/i0.wp.com\/casadecampoliving.com\/wp-content\/uploads\/2018\/10\/Rectangle-FB-casadcampo-fall-2018_b2.jpg?resize=525%2C300&ssl=1 1.5x, https:\/\/i0.wp.com\/casadecampoliving.com\/wp-content\/uploads\/2018\/10\/Rectangle-FB-casadcampo-fall-2018_b2.jpg?resize=700%2C400&ssl=1 2x"},"classes":[]},{"id":353086,"url":"https:\/\/casadecampoliving.com\/es\/consigue-la-hermosa-edicion-de-invierno-2018-de-casalife\/","url_meta":{"origin":353880,"position":4},"title":"\u00a1Consigue la hermosa edici\u00f3n de Invierno 2018 de CasaLife!","author":"Casa de Campo Living","date":"31 Dic, 2018","format":false,"excerpt":"La edici\u00f3n de invierno de la revista CasaLife 2018, la exclusiva Casa de Campo Resort & Resident Magazine, \u00a1ya est\u00e1 aqu\u00ed! En Casa de Campo nos encanta celebrar, especialmente en esta \u00e9poca del a\u00f1o, por lo que mientras se relaja en la piscina de Minitas Beach Club de Family, lo\u2026","rel":"","context":"En \u00abCasa de Campo Living @es\u00bb","block_context":{"text":"Casa de Campo Living @es","link":"https:\/\/casadecampoliving.com\/category\/casa-de-campo-living-es\/"},"img":{"alt_text":"","src":"https:\/\/i0.wp.com\/casadecampoliving.com\/wp-content\/uploads\/2018\/12\/casalifewinter2018_Magazine-MockUp-2.jpg?resize=350%2C200&ssl=1","width":350,"height":200,"srcset":"https:\/\/i0.wp.com\/casadecampoliving.com\/wp-content\/uploads\/2018\/12\/casalifewinter2018_Magazine-MockUp-2.jpg?resize=350%2C200&ssl=1 1x, https:\/\/i0.wp.com\/casadecampoliving.com\/wp-content\/uploads\/2018\/12\/casalifewinter2018_Magazine-MockUp-2.jpg?resize=525%2C300&ssl=1 1.5x, https:\/\/i0.wp.com\/casadecampoliving.com\/wp-content\/uploads\/2018\/12\/casalifewinter2018_Magazine-MockUp-2.jpg?resize=700%2C400&ssl=1 2x"},"classes":[]},{"id":354340,"url":"https:\/\/casadecampoliving.com\/es\/ha-visto-la-edicion-de-primavera-de-2022-de-casa-de-campo-living-magazine-ya-esta-disponible\/","url_meta":{"origin":353880,"position":5},"title":"\u00bfHa visto la edici\u00f3n de primavera de 2022 de Casa de Campo Living Magazine? \u00a1Ya est\u00e1 disponible!","author":"Casa de Campo Living","date":"11 Abr, 2022","format":false,"excerpt":"\u00a1Ha llegado la revista Casa de Campo Living Primavera 2022! En ella, encontrar\u00e1 informaci\u00f3n sobre tiendas, restaurantes e instalaciones deportivas, junto con art\u00edculos destacados sobre lo que est\u00e1 pasando en Casa. Esta revista es perfecta para llevar contigo\u2026 \u00a1La edici\u00f3n de primavera se ve mejor que nunca! En esta edici\u00f3n,\u2026","rel":"","context":"En \u00abCasa de Campo Living @es\u00bb","block_context":{"text":"Casa de Campo Living @es","link":"https:\/\/casadecampoliving.com\/category\/casa-de-campo-living-es\/"},"img":{"alt_text":"","src":"https:\/\/i0.wp.com\/casadecampoliving.com\/wp-content\/uploads\/2022\/10\/1000x755-1.jpg?fit=1000%2C755&ssl=1&resize=350%2C200","width":350,"height":200,"srcset":"https:\/\/i0.wp.com\/casadecampoliving.com\/wp-content\/uploads\/2022\/10\/1000x755-1.jpg?fit=1000%2C755&ssl=1&resize=350%2C200 1x, https:\/\/i0.wp.com\/casadecampoliving.com\/wp-content\/uploads\/2022\/10\/1000x755-1.jpg?fit=1000%2C755&ssl=1&resize=525%2C300 1.5x, https:\/\/i0.wp.com\/casadecampoliving.com\/wp-content\/uploads\/2022\/10\/1000x755-1.jpg?fit=1000%2C755&ssl=1&resize=700%2C400 2x"},"classes":[]}],"jetpack_sharing_enabled":true,"_links":{"self":[{"href":"https:\/\/casadecampoliving.com\/es\/wp-json\/wp\/v2\/posts\/353880","targetHints":{"allow":["GET"]}}],"collection":[{"href":"https:\/\/casadecampoliving.com\/es\/wp-json\/wp\/v2\/posts"}],"about":[{"href":"https:\/\/casadecampoliving.com\/es\/wp-json\/wp\/v2\/types\/post"}],"author":[{"embeddable":true,"href":"https:\/\/casadecampoliving.com\/es\/wp-json\/wp\/v2\/users\/36791"}],"replies":[{"embeddable":true,"href":"https:\/\/casadecampoliving.com\/es\/wp-json\/wp\/v2\/comments?post=353880"}],"version-history":[{"count":0,"href":"https:\/\/casadecampoliving.com\/es\/wp-json\/wp\/v2\/posts\/353880\/revisions"}],"wp:featuredmedia":[{"embeddable":true,"href":"https:\/\/casadecampoliving.com\/es\/wp-json\/wp\/v2\/media\/332427"}],"wp:attachment":[{"href":"https:\/\/casadecampoliving.com\/es\/wp-json\/wp\/v2\/media?parent=353880"}],"wp:term":[{"taxonomy":"category","embeddable":true,"href":"https:\/\/casadecampoliving.com\/es\/wp-json\/wp\/v2\/categories?post=353880"},{"taxonomy":"post_tag","embeddable":true,"href":"https:\/\/casadecampoliving.com\/es\/wp-json\/wp\/v2\/tags?post=353880"},{"taxonomy":"newspack_spnsrs_tax","embeddable":true,"href":"https:\/\/casadecampoliving.com\/es\/wp-json\/wp\/v2\/newspack_spnsrs_tax?post=353880"}],"curies":[{"name":"wp","href":"https:\/\/api.w.org\/{rel}","templated":true}]}}