{"id":353878,"date":"2020-10-12T00:00:00","date_gmt":"2020-10-12T04:00:00","guid":{"rendered":"https:\/\/casadecampoliving.com\/el-oktoberfest-volvera-a-altos-de-chavon-este-sabado\/"},"modified":"2022-10-21T19:06:18","modified_gmt":"2022-10-21T23:06:18","slug":"el-oktoberfest-volvera-a-altos-de-chavon-este-sabado","status":"publish","type":"post","link":"https:\/\/casadecampoliving.com\/es\/el-oktoberfest-volvera-a-altos-de-chavon-este-sabado\/","title":{"rendered":"\u00a1El Oktoberfest volver\u00e1 a Altos de Chav\u00f3n este s\u00e1bado!"},"content":{"rendered":"\n<p>Oktoberfest, el festival de oto\u00f1o alem\u00e1n que celebra las cosas favoritas de todos: comida, cerveza y festejos, regresa a Altos de Chav\u00f3n este fin de semana. Aunque la celebraci\u00f3n oficial del Oktoberfest que se lleva a cabo en Munich, Baviera fue cancelada este a\u00f1o, Casa de Campo celebrar\u00e1 lo que tambi\u00e9n se ha convertido en una celebraci\u00f3n anual en nuestro maravilloso para\u00edso, Altos de Chav\u00f3n. El evento seguir\u00e1 a todos los protocolos de seguridad y salud Casa Cares para garantizar la seguridad de todos sus residentes.<\/p>\n\n\n<div class=\"wp-block-image\">\n<figure class=\"aligncenter is-resized\"><img loading=\"lazy\" decoding=\"async\" src=\"https:\/\/i0.wp.com\/casadecampoliving.com\/wp-content\/uploads\/2022\/10\/IMG_0105-1.jpg?resize=1000%2C667&amp;ssl=1\" alt=\"\" class=\"wp-image-207346\" height=\"667\" width=\"1000\"\/><\/figure>\n<\/div>\n\n\n<p>\u00danase a nosotros para una nueva experiencia informal de comidas y bebidas en la espaciosa Plaza Altos de Chav\u00f3n frente a la iglesia de San Estanislao este s\u00e1bado 17 de octubre a partir de las 6 pm. Venga a disfrutar de los sonidos de OKTOBERFEST con excelente m\u00fasica en vivo, comida y, por supuesto, con un refrescante cerveza nacional \u00f3 importada. La salud y seguridad de nuestros visitantes es una prioridad. OKTOBERFEST es diferente este a\u00f1o debido a la pandemia, tenga en cuenta que se requerir\u00e1n m\u00e1scarillas en todo momento. Las mesas se instalar\u00e1n respetando el distanciamiento social y deben reservarse llamando al Club de Propietarios de Villa, y los camareros se acercar\u00e1n a su mesa para tomar sus pedidos.<\/p>\n\n\n\n<p>Los ni\u00f1os disfrutar\u00e1n del aire libre en Altos de Chav\u00f3n y un \u201cm\u00e1gico\u201d espect\u00e1culo infantil, mientras que los negocios locales se integrar\u00e1n con men\u00fas especiales, ofertas de cerveza y parrilladas.<\/p>\n\n\n<div class=\"wp-block-image\">\n<figure class=\"aligncenter is-resized\"><img loading=\"lazy\" decoding=\"async\" src=\"https:\/\/i0.wp.com\/casadecampoliving.com\/wp-content\/uploads\/2022\/10\/Ambiente-33-1.jpg?resize=1000%2C667&amp;ssl=1\" alt=\"\" class=\"wp-image-201416\" height=\"667\" width=\"1000\"\/><\/figure>\n<\/div>\n\n\n<blockquote class=\"wp-block-quote is-layout-flow wp-block-quote-is-layout-flow\"><p><strong>Aqu\u00ed hay 5 palabras en alem\u00e1n que debe saber para prepararse para el Oktoberfest:<\/strong><\/p><p><strong>Bier \u2013<\/strong>&nbsp;significa cerveza en alem\u00e1n<\/p><p><strong>Dirndl<\/strong>&nbsp;\u2013 vestido t\u00edpico de mujer usado en Oktoberfest que consiste en un corpi\u00f1o, una blusa, una falda y un delantal<\/p><p><strong>Lederhosen<\/strong>&nbsp;\u2013 guardarropa masculino compuesto por pantalones de cuero con camisa blanca y calcetines hasta la rodilla<\/p><p><strong>Ma\u00dfkrug \u2013<\/strong>&nbsp;es una taza alemana con exactamente 1 litro de&nbsp;<em>Bier<\/em>. Ordene un Ma\u00df por corto<\/p><p><strong>Prost \u2013<\/strong>&nbsp;\u201c\u00a1Salud!\u201d en alem\u00e1n. Alternativamente, puede usar la frase&nbsp;<em>\u201cZum Wohl\u201d<\/em><\/p><\/blockquote>\n\n\n\n<p>\u00a1El 186\u00ba Oktoberfest termin\u00f3 con alrededor de 6.3 millones de personas de todo el mundo que visitaron Alemania y consumieron 7.3 millones de litros de cerveza*! Entonces, \u00bfest\u00e1s listo para que la diversi\u00f3n comience en Altos de Chav\u00f3n? No importa d\u00f3nde se celebre este festival, una cosa es segura, \u00a1siempre habr\u00e1 m\u00fasica en vivo, comida deliciosa y grandes, grandes pintas de cerveza! <strong>RESERVE LA FECHA<\/strong> y memorice esta frase: <em>\u00abEin Bier, bitte!\u00bb (\u00a1Una cerveza por favor!)<\/em><\/p>\n\n\n\n<p><em>* Estadisticas del 2019 Oktoberfest de<a href=\"https:\/\/www.oktoberfest.de\/en\/magazine\/oktoberfest-news\/2019\/the-official-oktoberfest-review-2019\" target=\"_blank\" rel=\"noopener noreferrer\"> oktoberfest.de<\/a><\/em><\/p>\n\n\n\n<blockquote class=\"wp-block-quote is-layout-flow wp-block-quote-is-layout-flow\"><p><em>* Las fotos en este art\u00edculo son del Oktoberfest 2019 en Altos de Chav\u00f3n, <a href=\"https:\/\/casadecampoliving.com\/es\/el-oktoberfest-de-este-ano-fue-un-evento-maravilloso-que-hizo-vibrar-las-piedras-de-altos-de-chavon\/\" target=\"_blank\" rel=\"noopener noreferrer\">encuentre nuestra cobertura completa del evento del a\u00f1o pasado aqu\u00ed.<\/a><\/em><\/p><\/blockquote>\n","protected":false},"excerpt":{"rendered":"<p>Oktoberfest, el festival de oto\u00f1o alem\u00e1n que celebra las cosas favoritas de todos: comida, cerveza y festejos, regresa a Altos de Chav\u00f3n este fin de semana. Aunque la celebraci\u00f3n oficial del Oktoberfest que se lleva a cabo en Munich, Baviera fue cancelada este a\u00f1o, Casa de Campo celebrar\u00e1 lo que tambi\u00e9n se ha convertido en [&hellip;]<\/p>\n","protected":false},"author":36791,"featured_media":332468,"comment_status":"closed","ping_status":"open","sticky":false,"template":"","format":"standard","meta":{"newspack_ads_suppress_ads":false,"newspack_popups_has_disabled_popups":false,"newspack_sponsor_sponsorship_scope":"","newspack_sponsor_native_byline_display":"inherit","newspack_sponsor_native_category_display":"inherit","newspack_sponsor_underwriter_style":"inherit","newspack_sponsor_underwriter_placement":"inherit","_newspack_byline_active":false,"_newspack_byline":"","newspack_hide_updated_date":false,"newspack_show_updated_date":false,"newspack_content_restriction_is_exempt":false,"newspack_featured_image_position":"","newspack_post_subtitle":"","newspack_article_summary_title":"Overview:","newspack_article_summary":"","_jetpack_memberships_contains_paid_content":false,"footnotes":"","jetpack_publicize_message":"","jetpack_publicize_feature_enabled":true,"jetpack_social_post_already_shared":false,"jetpack_social_options":{"image_generator_settings":{"template":"highway","default_image_id":0,"font":"","enabled":false},"version":2},"_wpas_customize_per_network":false},"categories":[14631,2522,14625,14627,2521,26822],"tags":[2911,15387,18627,9917,4501,8676,21887],"newspack_spnsrs_tax":[],"class_list":["post-353878","post","type-post","status-publish","format-standard","has-post-thumbnail","hentry","category-estilo-de-vida","category-eventos-es","category-noticias-locales","category-proximamente","category-republica-dominicana-2","category-resort-casa-de-campo","tag-alemania","tag-altos-de-chavon-es","tag-cerveza","tag-evento","tag-musica-en-vivo","tag-ninos","tag-oktoberfest-es","entry"],"yoast_head":"<!-- This site is optimized with the Yoast SEO plugin v27.4 - https:\/\/yoast.com\/product\/yoast-seo-wordpress\/ -->\n<title>\u00a1El Oktoberfest volver\u00e1 a Altos de Chav\u00f3n este s\u00e1bado! | Casa de Campo Living<\/title>\n<meta name=\"description\" content=\"Oktoberfest, el festival de oto\u00f1o alem\u00e1n que celebra las cosas favoritas de todos: comida, cerveza y festejos, regresa a Altos de Chav\u00f3n este fin de\" \/>\n<meta name=\"robots\" content=\"index, follow, max-snippet:-1, max-image-preview:large, max-video-preview:-1\" \/>\n<link rel=\"canonical\" href=\"https:\/\/casadecampoliving.com\/es\/el-oktoberfest-volvera-a-altos-de-chavon-este-sabado\/\" \/>\n<meta property=\"og:locale\" content=\"es_ES\" \/>\n<meta property=\"og:type\" content=\"article\" \/>\n<meta property=\"og:title\" content=\"\u00a1El Oktoberfest volver\u00e1 a Altos de Chav\u00f3n este s\u00e1bado! | Casa de Campo Living\" \/>\n<meta property=\"og:description\" content=\"Oktoberfest, el festival de oto\u00f1o alem\u00e1n que celebra las cosas favoritas de todos: comida, cerveza y festejos, regresa a Altos de Chav\u00f3n este fin de\" \/>\n<meta property=\"og:url\" content=\"https:\/\/casadecampoliving.com\/es\/el-oktoberfest-volvera-a-altos-de-chavon-este-sabado\/\" \/>\n<meta property=\"og:site_name\" content=\"Casa de Campo Living\" \/>\n<meta property=\"article:publisher\" content=\"https:\/\/www.facebook.com\/casadecampoliving\" \/>\n<meta property=\"article:published_time\" content=\"2020-10-12T04:00:00+00:00\" \/>\n<meta property=\"article:modified_time\" content=\"2022-10-21T23:06:18+00:00\" \/>\n<meta property=\"og:image\" content=\"https:\/\/i0.wp.com\/casadecampoliving.com\/wp-content\/uploads\/2022\/10\/IMG_0056-3.jpg?fit=1000%2C667&ssl=1\" \/>\n\t<meta property=\"og:image:width\" content=\"1000\" \/>\n\t<meta property=\"og:image:height\" content=\"667\" \/>\n\t<meta property=\"og:image:type\" content=\"image\/jpeg\" \/>\n<meta name=\"author\" content=\"Casa de Campo Living\" \/>\n<meta name=\"twitter:card\" content=\"summary_large_image\" \/>\n<meta name=\"twitter:creator\" content=\"@cdcliving\" \/>\n<meta name=\"twitter:site\" content=\"@cdcliving\" \/>\n<meta name=\"twitter:label1\" content=\"Escrito por\" \/>\n\t<meta name=\"twitter:data1\" content=\"Casa de Campo Living\" \/>\n\t<meta name=\"twitter:label2\" content=\"Tiempo de lectura\" \/>\n\t<meta name=\"twitter:data2\" content=\"2 minutos\" \/>\n<script type=\"application\/ld+json\" class=\"yoast-schema-graph\">{\"@context\":\"https:\\\/\\\/schema.org\",\"@graph\":[{\"@type\":\"Article\",\"@id\":\"https:\\\/\\\/casadecampoliving.com\\\/es\\\/el-oktoberfest-volvera-a-altos-de-chavon-este-sabado\\\/#article\",\"isPartOf\":{\"@id\":\"https:\\\/\\\/casadecampoliving.com\\\/es\\\/el-oktoberfest-volvera-a-altos-de-chavon-este-sabado\\\/\"},\"author\":{\"name\":\"Casa de Campo Living\",\"@id\":\"https:\\\/\\\/casadecampoliving.com\\\/es\\\/#\\\/schema\\\/person\\\/5d2171637a9d11e0e43ce6b8555f9422\"},\"headline\":\"\u00a1El Oktoberfest volver\u00e1 a Altos de Chav\u00f3n este s\u00e1bado!\",\"datePublished\":\"2020-10-12T04:00:00+00:00\",\"dateModified\":\"2022-10-21T23:06:18+00:00\",\"mainEntityOfPage\":{\"@id\":\"https:\\\/\\\/casadecampoliving.com\\\/es\\\/el-oktoberfest-volvera-a-altos-de-chavon-este-sabado\\\/\"},\"wordCount\":470,\"publisher\":{\"@id\":\"https:\\\/\\\/casadecampoliving.com\\\/es\\\/#organization\"},\"image\":{\"@id\":\"https:\\\/\\\/casadecampoliving.com\\\/es\\\/el-oktoberfest-volvera-a-altos-de-chavon-este-sabado\\\/#primaryimage\"},\"thumbnailUrl\":\"https:\\\/\\\/i0.wp.com\\\/casadecampoliving.com\\\/wp-content\\\/uploads\\\/2022\\\/10\\\/IMG_0056-3.jpg?fit=1000%2C667&ssl=1\",\"keywords\":[\"alemania\",\"Altos de Chavon\",\"cerveza\",\"evento\",\"musica en vivo\",\"ni\u00f1os\",\"oktoberfest @es\"],\"articleSection\":[\"Estilo de Vida\",\"Eventos\",\"Noticias Locales\",\"Proximamente\",\"Rep\u00fablica Dominicana @es\",\"Resort Casa de Campo\"],\"inLanguage\":\"es\"},{\"@type\":\"WebPage\",\"@id\":\"https:\\\/\\\/casadecampoliving.com\\\/es\\\/el-oktoberfest-volvera-a-altos-de-chavon-este-sabado\\\/\",\"url\":\"https:\\\/\\\/casadecampoliving.com\\\/es\\\/el-oktoberfest-volvera-a-altos-de-chavon-este-sabado\\\/\",\"name\":\"\u00a1El Oktoberfest volver\u00e1 a Altos de Chav\u00f3n este s\u00e1bado! | Casa de Campo Living\",\"isPartOf\":{\"@id\":\"https:\\\/\\\/casadecampoliving.com\\\/es\\\/#website\"},\"primaryImageOfPage\":{\"@id\":\"https:\\\/\\\/casadecampoliving.com\\\/es\\\/el-oktoberfest-volvera-a-altos-de-chavon-este-sabado\\\/#primaryimage\"},\"image\":{\"@id\":\"https:\\\/\\\/casadecampoliving.com\\\/es\\\/el-oktoberfest-volvera-a-altos-de-chavon-este-sabado\\\/#primaryimage\"},\"thumbnailUrl\":\"https:\\\/\\\/i0.wp.com\\\/casadecampoliving.com\\\/wp-content\\\/uploads\\\/2022\\\/10\\\/IMG_0056-3.jpg?fit=1000%2C667&ssl=1\",\"datePublished\":\"2020-10-12T04:00:00+00:00\",\"dateModified\":\"2022-10-21T23:06:18+00:00\",\"description\":\"Oktoberfest, el festival de oto\u00f1o alem\u00e1n que celebra las cosas favoritas de todos: comida, cerveza y festejos, regresa a Altos de Chav\u00f3n este fin de\",\"breadcrumb\":{\"@id\":\"https:\\\/\\\/casadecampoliving.com\\\/es\\\/el-oktoberfest-volvera-a-altos-de-chavon-este-sabado\\\/#breadcrumb\"},\"inLanguage\":\"es\",\"potentialAction\":[{\"@type\":\"ReadAction\",\"target\":[\"https:\\\/\\\/casadecampoliving.com\\\/es\\\/el-oktoberfest-volvera-a-altos-de-chavon-este-sabado\\\/\"]}]},{\"@type\":\"ImageObject\",\"inLanguage\":\"es\",\"@id\":\"https:\\\/\\\/casadecampoliving.com\\\/es\\\/el-oktoberfest-volvera-a-altos-de-chavon-este-sabado\\\/#primaryimage\",\"url\":\"https:\\\/\\\/i0.wp.com\\\/casadecampoliving.com\\\/wp-content\\\/uploads\\\/2022\\\/10\\\/IMG_0056-3.jpg?fit=1000%2C667&ssl=1\",\"contentUrl\":\"https:\\\/\\\/i0.wp.com\\\/casadecampoliving.com\\\/wp-content\\\/uploads\\\/2022\\\/10\\\/IMG_0056-3.jpg?fit=1000%2C667&ssl=1\",\"width\":1000,\"height\":667},{\"@type\":\"BreadcrumbList\",\"@id\":\"https:\\\/\\\/casadecampoliving.com\\\/es\\\/el-oktoberfest-volvera-a-altos-de-chavon-este-sabado\\\/#breadcrumb\",\"itemListElement\":[{\"@type\":\"ListItem\",\"position\":1,\"name\":\"Home\",\"item\":\"https:\\\/\\\/casadecampoliving.com\\\/es\\\/\"},{\"@type\":\"ListItem\",\"position\":2,\"name\":\"\u00a1El Oktoberfest volver\u00e1 a Altos de Chav\u00f3n este s\u00e1bado!\"}]},{\"@type\":\"WebSite\",\"@id\":\"https:\\\/\\\/casadecampoliving.com\\\/es\\\/#website\",\"url\":\"https:\\\/\\\/casadecampoliving.com\\\/es\\\/\",\"name\":\"Casa de Campo Living\",\"description\":\"Resort community news and resources.\",\"publisher\":{\"@id\":\"https:\\\/\\\/casadecampoliving.com\\\/es\\\/#organization\"},\"potentialAction\":[{\"@type\":\"SearchAction\",\"target\":{\"@type\":\"EntryPoint\",\"urlTemplate\":\"https:\\\/\\\/casadecampoliving.com\\\/es\\\/?s={search_term_string}\"},\"query-input\":{\"@type\":\"PropertyValueSpecification\",\"valueRequired\":true,\"valueName\":\"search_term_string\"}}],\"inLanguage\":\"es\"},{\"@type\":\"Organization\",\"@id\":\"https:\\\/\\\/casadecampoliving.com\\\/es\\\/#organization\",\"name\":\"Casa de Campo Living\",\"url\":\"https:\\\/\\\/casadecampoliving.com\\\/es\\\/\",\"logo\":{\"@type\":\"ImageObject\",\"inLanguage\":\"es\",\"@id\":\"https:\\\/\\\/casadecampoliving.com\\\/es\\\/#\\\/schema\\\/logo\\\/image\\\/\",\"url\":\"https:\\\/\\\/i0.wp.com\\\/casadecampoliving.com\\\/wp-content\\\/uploads\\\/2022\\\/07\\\/CDCLivingLogo_V1-white-sized.png?fit=800%2C214&ssl=1\",\"contentUrl\":\"https:\\\/\\\/i0.wp.com\\\/casadecampoliving.com\\\/wp-content\\\/uploads\\\/2022\\\/07\\\/CDCLivingLogo_V1-white-sized.png?fit=800%2C214&ssl=1\",\"width\":800,\"height\":214,\"caption\":\"Casa de Campo Living\"},\"image\":{\"@id\":\"https:\\\/\\\/casadecampoliving.com\\\/es\\\/#\\\/schema\\\/logo\\\/image\\\/\"},\"sameAs\":[\"https:\\\/\\\/www.facebook.com\\\/casadecampoliving\",\"https:\\\/\\\/x.com\\\/cdcliving\"]},{\"@type\":\"Person\",\"@id\":\"https:\\\/\\\/casadecampoliving.com\\\/es\\\/#\\\/schema\\\/person\\\/5d2171637a9d11e0e43ce6b8555f9422\",\"name\":\"Casa de Campo Living\",\"image\":{\"@type\":\"ImageObject\",\"inLanguage\":\"es\",\"@id\":\"https:\\\/\\\/secure.gravatar.com\\\/avatar\\\/d04101fa4a9fd431e939953b1500fdc7a73cd35029f86d98712fd8ccdaebaf9a?s=96&d=mm&r=g\",\"url\":\"https:\\\/\\\/secure.gravatar.com\\\/avatar\\\/d04101fa4a9fd431e939953b1500fdc7a73cd35029f86d98712fd8ccdaebaf9a?s=96&d=mm&r=g\",\"contentUrl\":\"https:\\\/\\\/secure.gravatar.com\\\/avatar\\\/d04101fa4a9fd431e939953b1500fdc7a73cd35029f86d98712fd8ccdaebaf9a?s=96&d=mm&r=g\",\"caption\":\"Casa de Campo Living\"},\"url\":\"https:\\\/\\\/casadecampoliving.com\\\/es\\\/author\\\/casa-de-campo-living\\\/\"}]}<\/script>\n<!-- \/ Yoast SEO plugin. -->","yoast_head_json":{"title":"\u00a1El Oktoberfest volver\u00e1 a Altos de Chav\u00f3n este s\u00e1bado! | Casa de Campo Living","description":"Oktoberfest, el festival de oto\u00f1o alem\u00e1n que celebra las cosas favoritas de todos: comida, cerveza y festejos, regresa a Altos de Chav\u00f3n este fin de","robots":{"index":"index","follow":"follow","max-snippet":"max-snippet:-1","max-image-preview":"max-image-preview:large","max-video-preview":"max-video-preview:-1"},"canonical":"https:\/\/casadecampoliving.com\/es\/el-oktoberfest-volvera-a-altos-de-chavon-este-sabado\/","og_locale":"es_ES","og_type":"article","og_title":"\u00a1El Oktoberfest volver\u00e1 a Altos de Chav\u00f3n este s\u00e1bado! | Casa de Campo Living","og_description":"Oktoberfest, el festival de oto\u00f1o alem\u00e1n que celebra las cosas favoritas de todos: comida, cerveza y festejos, regresa a Altos de Chav\u00f3n este fin de","og_url":"https:\/\/casadecampoliving.com\/es\/el-oktoberfest-volvera-a-altos-de-chavon-este-sabado\/","og_site_name":"Casa de Campo Living","article_publisher":"https:\/\/www.facebook.com\/casadecampoliving","article_published_time":"2020-10-12T04:00:00+00:00","article_modified_time":"2022-10-21T23:06:18+00:00","og_image":[{"width":1000,"height":667,"url":"https:\/\/i0.wp.com\/casadecampoliving.com\/wp-content\/uploads\/2022\/10\/IMG_0056-3.jpg?fit=1000%2C667&ssl=1","type":"image\/jpeg"}],"author":"Casa de Campo Living","twitter_card":"summary_large_image","twitter_creator":"@cdcliving","twitter_site":"@cdcliving","twitter_misc":{"Escrito por":"Casa de Campo Living","Tiempo de lectura":"2 minutos"},"schema":{"@context":"https:\/\/schema.org","@graph":[{"@type":"Article","@id":"https:\/\/casadecampoliving.com\/es\/el-oktoberfest-volvera-a-altos-de-chavon-este-sabado\/#article","isPartOf":{"@id":"https:\/\/casadecampoliving.com\/es\/el-oktoberfest-volvera-a-altos-de-chavon-este-sabado\/"},"author":{"name":"Casa de Campo Living","@id":"https:\/\/casadecampoliving.com\/es\/#\/schema\/person\/5d2171637a9d11e0e43ce6b8555f9422"},"headline":"\u00a1El Oktoberfest volver\u00e1 a Altos de Chav\u00f3n este s\u00e1bado!","datePublished":"2020-10-12T04:00:00+00:00","dateModified":"2022-10-21T23:06:18+00:00","mainEntityOfPage":{"@id":"https:\/\/casadecampoliving.com\/es\/el-oktoberfest-volvera-a-altos-de-chavon-este-sabado\/"},"wordCount":470,"publisher":{"@id":"https:\/\/casadecampoliving.com\/es\/#organization"},"image":{"@id":"https:\/\/casadecampoliving.com\/es\/el-oktoberfest-volvera-a-altos-de-chavon-este-sabado\/#primaryimage"},"thumbnailUrl":"https:\/\/i0.wp.com\/casadecampoliving.com\/wp-content\/uploads\/2022\/10\/IMG_0056-3.jpg?fit=1000%2C667&ssl=1","keywords":["alemania","Altos de Chavon","cerveza","evento","musica en vivo","ni\u00f1os","oktoberfest @es"],"articleSection":["Estilo de Vida","Eventos","Noticias Locales","Proximamente","Rep\u00fablica Dominicana @es","Resort Casa de Campo"],"inLanguage":"es"},{"@type":"WebPage","@id":"https:\/\/casadecampoliving.com\/es\/el-oktoberfest-volvera-a-altos-de-chavon-este-sabado\/","url":"https:\/\/casadecampoliving.com\/es\/el-oktoberfest-volvera-a-altos-de-chavon-este-sabado\/","name":"\u00a1El Oktoberfest volver\u00e1 a Altos de Chav\u00f3n este s\u00e1bado! | Casa de Campo Living","isPartOf":{"@id":"https:\/\/casadecampoliving.com\/es\/#website"},"primaryImageOfPage":{"@id":"https:\/\/casadecampoliving.com\/es\/el-oktoberfest-volvera-a-altos-de-chavon-este-sabado\/#primaryimage"},"image":{"@id":"https:\/\/casadecampoliving.com\/es\/el-oktoberfest-volvera-a-altos-de-chavon-este-sabado\/#primaryimage"},"thumbnailUrl":"https:\/\/i0.wp.com\/casadecampoliving.com\/wp-content\/uploads\/2022\/10\/IMG_0056-3.jpg?fit=1000%2C667&ssl=1","datePublished":"2020-10-12T04:00:00+00:00","dateModified":"2022-10-21T23:06:18+00:00","description":"Oktoberfest, el festival de oto\u00f1o alem\u00e1n que celebra las cosas favoritas de todos: comida, cerveza y festejos, regresa a Altos de Chav\u00f3n este fin de","breadcrumb":{"@id":"https:\/\/casadecampoliving.com\/es\/el-oktoberfest-volvera-a-altos-de-chavon-este-sabado\/#breadcrumb"},"inLanguage":"es","potentialAction":[{"@type":"ReadAction","target":["https:\/\/casadecampoliving.com\/es\/el-oktoberfest-volvera-a-altos-de-chavon-este-sabado\/"]}]},{"@type":"ImageObject","inLanguage":"es","@id":"https:\/\/casadecampoliving.com\/es\/el-oktoberfest-volvera-a-altos-de-chavon-este-sabado\/#primaryimage","url":"https:\/\/i0.wp.com\/casadecampoliving.com\/wp-content\/uploads\/2022\/10\/IMG_0056-3.jpg?fit=1000%2C667&ssl=1","contentUrl":"https:\/\/i0.wp.com\/casadecampoliving.com\/wp-content\/uploads\/2022\/10\/IMG_0056-3.jpg?fit=1000%2C667&ssl=1","width":1000,"height":667},{"@type":"BreadcrumbList","@id":"https:\/\/casadecampoliving.com\/es\/el-oktoberfest-volvera-a-altos-de-chavon-este-sabado\/#breadcrumb","itemListElement":[{"@type":"ListItem","position":1,"name":"Home","item":"https:\/\/casadecampoliving.com\/es\/"},{"@type":"ListItem","position":2,"name":"\u00a1El Oktoberfest volver\u00e1 a Altos de Chav\u00f3n este s\u00e1bado!"}]},{"@type":"WebSite","@id":"https:\/\/casadecampoliving.com\/es\/#website","url":"https:\/\/casadecampoliving.com\/es\/","name":"Casa de Campo Living","description":"Resort community news and resources.","publisher":{"@id":"https:\/\/casadecampoliving.com\/es\/#organization"},"potentialAction":[{"@type":"SearchAction","target":{"@type":"EntryPoint","urlTemplate":"https:\/\/casadecampoliving.com\/es\/?s={search_term_string}"},"query-input":{"@type":"PropertyValueSpecification","valueRequired":true,"valueName":"search_term_string"}}],"inLanguage":"es"},{"@type":"Organization","@id":"https:\/\/casadecampoliving.com\/es\/#organization","name":"Casa de Campo Living","url":"https:\/\/casadecampoliving.com\/es\/","logo":{"@type":"ImageObject","inLanguage":"es","@id":"https:\/\/casadecampoliving.com\/es\/#\/schema\/logo\/image\/","url":"https:\/\/i0.wp.com\/casadecampoliving.com\/wp-content\/uploads\/2022\/07\/CDCLivingLogo_V1-white-sized.png?fit=800%2C214&ssl=1","contentUrl":"https:\/\/i0.wp.com\/casadecampoliving.com\/wp-content\/uploads\/2022\/07\/CDCLivingLogo_V1-white-sized.png?fit=800%2C214&ssl=1","width":800,"height":214,"caption":"Casa de Campo Living"},"image":{"@id":"https:\/\/casadecampoliving.com\/es\/#\/schema\/logo\/image\/"},"sameAs":["https:\/\/www.facebook.com\/casadecampoliving","https:\/\/x.com\/cdcliving"]},{"@type":"Person","@id":"https:\/\/casadecampoliving.com\/es\/#\/schema\/person\/5d2171637a9d11e0e43ce6b8555f9422","name":"Casa de Campo Living","image":{"@type":"ImageObject","inLanguage":"es","@id":"https:\/\/secure.gravatar.com\/avatar\/d04101fa4a9fd431e939953b1500fdc7a73cd35029f86d98712fd8ccdaebaf9a?s=96&d=mm&r=g","url":"https:\/\/secure.gravatar.com\/avatar\/d04101fa4a9fd431e939953b1500fdc7a73cd35029f86d98712fd8ccdaebaf9a?s=96&d=mm&r=g","contentUrl":"https:\/\/secure.gravatar.com\/avatar\/d04101fa4a9fd431e939953b1500fdc7a73cd35029f86d98712fd8ccdaebaf9a?s=96&d=mm&r=g","caption":"Casa de Campo Living"},"url":"https:\/\/casadecampoliving.com\/es\/author\/casa-de-campo-living\/"}]}},"parsely":{"version":"1.1.0","canonical_url":"https:\/\/casadecampoliving.com\/es\/el-oktoberfest-volvera-a-altos-de-chavon-este-sabado\/","smart_links":{"inbound":0,"outbound":0},"traffic_boost_suggestions_count":0,"meta":{"@context":"https:\/\/schema.org","@type":"NewsArticle","headline":"\u00a1El Oktoberfest volver\u00e1 a Altos de Chav\u00f3n este s\u00e1bado!","url":"http:\/\/casadecampoliving.com\/es\/el-oktoberfest-volvera-a-altos-de-chavon-este-sabado\/","mainEntityOfPage":{"@type":"WebPage","@id":"http:\/\/casadecampoliving.com\/es\/el-oktoberfest-volvera-a-altos-de-chavon-este-sabado\/"},"thumbnailUrl":"https:\/\/i0.wp.com\/casadecampoliving.com\/wp-content\/uploads\/2022\/10\/IMG_0056-3.jpg?resize=150%2C150&ssl=1","image":{"@type":"ImageObject","url":"https:\/\/i0.wp.com\/casadecampoliving.com\/wp-content\/uploads\/2022\/10\/IMG_0056-3.jpg?fit=1000%2C667&ssl=1"},"articleSection":"Estilo de Vida","author":[{"@type":"Person","name":"Casa de Campo Living"}],"creator":["Casa de Campo Living"],"publisher":{"@type":"Organization","name":"Casa de Campo Living","logo":"https:\/\/casadecampoliving.com\/wp-content\/uploads\/2022\/07\/CDCLivingLogo_V1-white-sized.png"},"keywords":["alemania","altos de chavon","cerveza","evento","musica en vivo","ni\u00f1os","oktoberfest @es"],"dateCreated":"2020-10-12T04:00:00Z","datePublished":"2020-10-12T04:00:00Z","dateModified":"2022-10-21T23:06:18Z"},"rendered":"<script type=\"application\/ld+json\" class=\"wp-parsely-metadata\">{\"@context\":\"https:\\\/\\\/schema.org\",\"@type\":\"NewsArticle\",\"headline\":\"\\u00a1El Oktoberfest volver\\u00e1 a Altos de Chav\\u00f3n este s\\u00e1bado!\",\"url\":\"http:\\\/\\\/casadecampoliving.com\\\/es\\\/el-oktoberfest-volvera-a-altos-de-chavon-este-sabado\\\/\",\"mainEntityOfPage\":{\"@type\":\"WebPage\",\"@id\":\"http:\\\/\\\/casadecampoliving.com\\\/es\\\/el-oktoberfest-volvera-a-altos-de-chavon-este-sabado\\\/\"},\"thumbnailUrl\":\"https:\\\/\\\/i0.wp.com\\\/casadecampoliving.com\\\/wp-content\\\/uploads\\\/2022\\\/10\\\/IMG_0056-3.jpg?resize=150%2C150&ssl=1\",\"image\":{\"@type\":\"ImageObject\",\"url\":\"https:\\\/\\\/i0.wp.com\\\/casadecampoliving.com\\\/wp-content\\\/uploads\\\/2022\\\/10\\\/IMG_0056-3.jpg?fit=1000%2C667&ssl=1\"},\"articleSection\":\"Estilo de Vida\",\"author\":[{\"@type\":\"Person\",\"name\":\"Casa de Campo Living\"}],\"creator\":[\"Casa de Campo Living\"],\"publisher\":{\"@type\":\"Organization\",\"name\":\"Casa de Campo Living\",\"logo\":\"https:\\\/\\\/casadecampoliving.com\\\/wp-content\\\/uploads\\\/2022\\\/07\\\/CDCLivingLogo_V1-white-sized.png\"},\"keywords\":[\"alemania\",\"altos de chavon\",\"cerveza\",\"evento\",\"musica en vivo\",\"ni\\u00f1os\",\"oktoberfest @es\"],\"dateCreated\":\"2020-10-12T04:00:00Z\",\"datePublished\":\"2020-10-12T04:00:00Z\",\"dateModified\":\"2022-10-21T23:06:18Z\"}<\/script>","tracker_url":"https:\/\/cdn.parsely.com\/keys\/casadecampoliving.com\/p.js"},"jetpack_publicize_connections":[],"jetpack_featured_media_url":"https:\/\/i0.wp.com\/casadecampoliving.com\/wp-content\/uploads\/2022\/10\/IMG_0056-3.jpg?fit=1000%2C667&ssl=1","jetpack-related-posts":[{"id":433460,"url":"https:\/\/casadecampoliving.com\/es\/no-se-pierdan-el-increible-tributo-a-frank-sinatra-para-celebrar-el-40-aniversario-del-anfiteatro-altos-de-chavon\/","url_meta":{"origin":353878,"position":0},"title":"No se pierdan el incre\u00edble tributo a Frank Sinatra para celebrar el 40 aniversario del\u00a0Anfiteatro Altos de Chav\u00f3n","author":"Casa de Campo Living","date":"20 Oct, 2022","format":false,"excerpt":"Siendo uno de los escenarios m\u00e1s emblem\u00e1ticos del pa\u00eds, Casa de Campo Resort\u00ae & Villas celebra las cuatro d\u00e9cadas de aniversario de Altos de Chav\u00f3n con un tributo al gran Frank Sinatra, protagonizado por artistas invitados y una big band tal cual la que acompa\u00f1\u00f3 al artista hace 40 a\u00f1os\u2026","rel":"","context":"En \u00abUncategorized @es\u00bb","block_context":{"text":"Uncategorized @es","link":"https:\/\/casadecampoliving.com\/es\/category\/uncategorized-es\/"},"img":{"alt_text":"","src":"https:\/\/i0.wp.com\/casadecampoliving.com\/wp-content\/uploads\/2022\/10\/Tributo-Frank-Sinatra-Foto-Principal-Amaury-Sanchez-Danilo-Ginebra-Andres-Pichardo-y-Jose-Gabriel-Perez-.jpg?fit=1200%2C873&ssl=1&resize=350%2C200","width":350,"height":200,"srcset":"https:\/\/i0.wp.com\/casadecampoliving.com\/wp-content\/uploads\/2022\/10\/Tributo-Frank-Sinatra-Foto-Principal-Amaury-Sanchez-Danilo-Ginebra-Andres-Pichardo-y-Jose-Gabriel-Perez-.jpg?fit=1200%2C873&ssl=1&resize=350%2C200 1x, https:\/\/i0.wp.com\/casadecampoliving.com\/wp-content\/uploads\/2022\/10\/Tributo-Frank-Sinatra-Foto-Principal-Amaury-Sanchez-Danilo-Ginebra-Andres-Pichardo-y-Jose-Gabriel-Perez-.jpg?fit=1200%2C873&ssl=1&resize=525%2C300 1.5x, https:\/\/i0.wp.com\/casadecampoliving.com\/wp-content\/uploads\/2022\/10\/Tributo-Frank-Sinatra-Foto-Principal-Amaury-Sanchez-Danilo-Ginebra-Andres-Pichardo-y-Jose-Gabriel-Perez-.jpg?fit=1200%2C873&ssl=1&resize=700%2C400 2x, https:\/\/i0.wp.com\/casadecampoliving.com\/wp-content\/uploads\/2022\/10\/Tributo-Frank-Sinatra-Foto-Principal-Amaury-Sanchez-Danilo-Ginebra-Andres-Pichardo-y-Jose-Gabriel-Perez-.jpg?fit=1200%2C873&ssl=1&resize=1050%2C600 3x"},"classes":[]},{"id":354509,"url":"https:\/\/casadecampoliving.com\/es\/oktoberfest-regresa-a-altos-de-chavon-el-proximo-mes\/","url_meta":{"origin":353878,"position":1},"title":"\u00a1Oktoberfest regresa a Altos de Chav\u00f3n EL PR\u00d3XIMO mes!","author":"Casa de Campo Living","date":"26 Sep, 2022","format":false,"excerpt":"Oktoberfest, el festival de oto\u00f1o alem\u00e1n que celebra las cosas favoritas de todos: comida, cerveza y jolgorio, \u00a1regresa a Altos de Chav\u00f3n el PR\u00d3XIMO mes! Aunque la celebraci\u00f3n oficial del Oktoberfest se lleva a cabo en Munich, Bavaria, un festival anual que atrae a m\u00e1s de seis millones de personas,\u2026","rel":"","context":"En \u00abAltos de Chavon @es\u00bb","block_context":{"text":"Altos de Chavon @es","link":"https:\/\/casadecampoliving.com\/category\/altos-de-chavon-es\/"},"img":{"alt_text":"","src":"https:\/\/i0.wp.com\/casadecampoliving.com\/wp-content\/uploads\/2022\/10\/IMG_0092-1.jpg?fit=1000%2C667&ssl=1&resize=350%2C200","width":350,"height":200,"srcset":"https:\/\/i0.wp.com\/casadecampoliving.com\/wp-content\/uploads\/2022\/10\/IMG_0092-1.jpg?fit=1000%2C667&ssl=1&resize=350%2C200 1x, https:\/\/i0.wp.com\/casadecampoliving.com\/wp-content\/uploads\/2022\/10\/IMG_0092-1.jpg?fit=1000%2C667&ssl=1&resize=525%2C300 1.5x, https:\/\/i0.wp.com\/casadecampoliving.com\/wp-content\/uploads\/2022\/10\/IMG_0092-1.jpg?fit=1000%2C667&ssl=1&resize=700%2C400 2x"},"classes":[]},{"id":353537,"url":"https:\/\/casadecampoliving.com\/es\/oktoberfest-regresa-a-altos-de-chavon-este-mes\/","url_meta":{"origin":353878,"position":2},"title":"\u00a1Oktoberfest regresa a Altos de Chav\u00f3n este mes!","author":"Casa de Campo Living","date":"2 Sep, 2019","format":false,"excerpt":"\u00a1Oktoberfest, el festival de oto\u00f1o alem\u00e1n que celebra las cosas favoritas de todos: comida, cerveza y festejos, regresar\u00e1 a Altos de Chav\u00f3n este mes! Aunque la celebraci\u00f3n oficial del Oktoberfest tiene lugar en Munich, Baviera, un festival anual que atrae a m\u00e1s de seis millones de personas, hay celebraciones inspiradas\u2026","rel":"","context":"En \u00abAltos de Chavon @es\u00bb","block_context":{"text":"Altos de Chavon @es","link":"https:\/\/casadecampoliving.com\/category\/altos-de-chavon-es\/"},"img":{"alt_text":"","src":"https:\/\/i0.wp.com\/casadecampoliving.com\/wp-content\/uploads\/2022\/10\/EJ4B6269-1-1.jpg?fit=1000%2C600&ssl=1&resize=350%2C200","width":350,"height":200,"srcset":"https:\/\/i0.wp.com\/casadecampoliving.com\/wp-content\/uploads\/2022\/10\/EJ4B6269-1-1.jpg?fit=1000%2C600&ssl=1&resize=350%2C200 1x, https:\/\/i0.wp.com\/casadecampoliving.com\/wp-content\/uploads\/2022\/10\/EJ4B6269-1-1.jpg?fit=1000%2C600&ssl=1&resize=525%2C300 1.5x, https:\/\/i0.wp.com\/casadecampoliving.com\/wp-content\/uploads\/2022\/10\/EJ4B6269-1-1.jpg?fit=1000%2C600&ssl=1&resize=700%2C400 2x"},"classes":[]},{"id":523006,"url":"https:\/\/casadecampoliving.com\/es\/altos-de-chavon-se-prepara-para-celebrar-oktoberfest-2023\/","url_meta":{"origin":353878,"position":3},"title":"Altos de Chav\u00f3n se prepara para celebrar Oktoberfest 2023","author":"Casa de Campo Living","date":"3 Oct, 2023","format":false,"excerpt":"Mientras el aire fresco del oto\u00f1o puede sentirse a miles de kil\u00f3metros de las encantadoras calles de M\u00fanich, el 14 de octubre, Altos de Chav\u00f3n volver\u00e1 a abrazar el esp\u00edritu de Oktoberfest. Conocido en todo el mundo por su celebraci\u00f3n de la comida, la cerveza y la alegr\u00eda, el festival\u2026","rel":"","context":"En \u00abAltos de Chav\u00f3n\u00bb","block_context":{"text":"Altos de Chav\u00f3n","link":"https:\/\/casadecampoliving.com\/es\/category\/altos-de-chavon-6\/"},"img":{"alt_text":"","src":"https:\/\/i0.wp.com\/casadecampoliving.com\/wp-content\/uploads\/2023\/10\/Oktoberfest2.jpg?fit=1200%2C800&ssl=1&resize=350%2C200","width":350,"height":200,"srcset":"https:\/\/i0.wp.com\/casadecampoliving.com\/wp-content\/uploads\/2023\/10\/Oktoberfest2.jpg?fit=1200%2C800&ssl=1&resize=350%2C200 1x, https:\/\/i0.wp.com\/casadecampoliving.com\/wp-content\/uploads\/2023\/10\/Oktoberfest2.jpg?fit=1200%2C800&ssl=1&resize=525%2C300 1.5x, https:\/\/i0.wp.com\/casadecampoliving.com\/wp-content\/uploads\/2023\/10\/Oktoberfest2.jpg?fit=1200%2C800&ssl=1&resize=700%2C400 2x, https:\/\/i0.wp.com\/casadecampoliving.com\/wp-content\/uploads\/2023\/10\/Oktoberfest2.jpg?fit=1200%2C800&ssl=1&resize=1050%2C600 3x"},"classes":[]},{"id":532303,"url":"https:\/\/casadecampoliving.com\/es\/reserva-la-fecha-oktoberfest-regresa-a-altos-de-chavon-el-5-de-octubre\/","url_meta":{"origin":353878,"position":4},"title":"Reserva la Fecha: Oktoberfest Regresa a Altos de Chav\u00f3n el 5 de Octubre","author":"Casa de Campo Living","date":"26 Jul, 2024","format":false,"excerpt":"Casa de Campo y Altos de Chav\u00f3n volver\u00e1n a celebrar su versi\u00f3n unica del popular festival Oktoberfest el 5 de octubre. Este animado evento, conocido por su comida, cerveza y alegr\u00eda, se llevar\u00e1 a cabo en la plaza principal a partir de las 7 p.m. Los asistentes podr\u00e1n disfrutar de\u2026","rel":"","context":"En \u00abAltos de Chav\u00f3n\u00bb","block_context":{"text":"Altos de Chav\u00f3n","link":"https:\/\/casadecampoliving.com\/es\/category\/altos-de-chavon-6\/"},"img":{"alt_text":"","src":"https:\/\/i0.wp.com\/casadecampoliving.com\/wp-content\/uploads\/2024\/07\/EJ4B9677-scaled.jpg?fit=1200%2C800&ssl=1&resize=350%2C200","width":350,"height":200,"srcset":"https:\/\/i0.wp.com\/casadecampoliving.com\/wp-content\/uploads\/2024\/07\/EJ4B9677-scaled.jpg?fit=1200%2C800&ssl=1&resize=350%2C200 1x, https:\/\/i0.wp.com\/casadecampoliving.com\/wp-content\/uploads\/2024\/07\/EJ4B9677-scaled.jpg?fit=1200%2C800&ssl=1&resize=525%2C300 1.5x, https:\/\/i0.wp.com\/casadecampoliving.com\/wp-content\/uploads\/2024\/07\/EJ4B9677-scaled.jpg?fit=1200%2C800&ssl=1&resize=700%2C400 2x, https:\/\/i0.wp.com\/casadecampoliving.com\/wp-content\/uploads\/2024\/07\/EJ4B9677-scaled.jpg?fit=1200%2C800&ssl=1&resize=1050%2C600 3x"},"classes":[]},{"id":523252,"url":"https:\/\/casadecampoliving.com\/es\/cerveza-musica-y-diversion-en-el-oktoberfest-de-altos-de-chavon\/","url_meta":{"origin":353878,"position":5},"title":"Cerveza, m\u00fasica y diversi\u00f3n en el Oktoberfest de Altos de Chav\u00f3n","author":"Casa de Campo Living","date":"17 Oct, 2023","format":false,"excerpt":"En la noche del s\u00e1bado 14 de octubre, la pintoresca Plaza de Altos de Chav\u00f3n se llen\u00f3 de una animada celebraci\u00f3n, marcando la llegada anual del Oktoberfest, una querida tradici\u00f3n esperada con entusiasmo por los residentes y visitantes de Casa de Campo. Desde las 7:00 p.m. hasta las 12:30 a.m.,\u2026","rel":"","context":"En \u00abAltos de Chav\u00f3n\u00bb","block_context":{"text":"Altos de Chav\u00f3n","link":"https:\/\/casadecampoliving.com\/es\/category\/altos-de-chavon-6\/"},"img":{"alt_text":"","src":"https:\/\/i0.wp.com\/casadecampoliving.com\/wp-content\/uploads\/2023\/10\/13Oktoberfest2023-1.jpg?fit=1200%2C800&ssl=1&resize=350%2C200","width":350,"height":200,"srcset":"https:\/\/i0.wp.com\/casadecampoliving.com\/wp-content\/uploads\/2023\/10\/13Oktoberfest2023-1.jpg?fit=1200%2C800&ssl=1&resize=350%2C200 1x, https:\/\/i0.wp.com\/casadecampoliving.com\/wp-content\/uploads\/2023\/10\/13Oktoberfest2023-1.jpg?fit=1200%2C800&ssl=1&resize=525%2C300 1.5x, https:\/\/i0.wp.com\/casadecampoliving.com\/wp-content\/uploads\/2023\/10\/13Oktoberfest2023-1.jpg?fit=1200%2C800&ssl=1&resize=700%2C400 2x, https:\/\/i0.wp.com\/casadecampoliving.com\/wp-content\/uploads\/2023\/10\/13Oktoberfest2023-1.jpg?fit=1200%2C800&ssl=1&resize=1050%2C600 3x"},"classes":[]}],"jetpack_sharing_enabled":true,"_links":{"self":[{"href":"https:\/\/casadecampoliving.com\/es\/wp-json\/wp\/v2\/posts\/353878","targetHints":{"allow":["GET"]}}],"collection":[{"href":"https:\/\/casadecampoliving.com\/es\/wp-json\/wp\/v2\/posts"}],"about":[{"href":"https:\/\/casadecampoliving.com\/es\/wp-json\/wp\/v2\/types\/post"}],"author":[{"embeddable":true,"href":"https:\/\/casadecampoliving.com\/es\/wp-json\/wp\/v2\/users\/36791"}],"replies":[{"embeddable":true,"href":"https:\/\/casadecampoliving.com\/es\/wp-json\/wp\/v2\/comments?post=353878"}],"version-history":[{"count":0,"href":"https:\/\/casadecampoliving.com\/es\/wp-json\/wp\/v2\/posts\/353878\/revisions"}],"wp:featuredmedia":[{"embeddable":true,"href":"https:\/\/casadecampoliving.com\/es\/wp-json\/wp\/v2\/media\/332468"}],"wp:attachment":[{"href":"https:\/\/casadecampoliving.com\/es\/wp-json\/wp\/v2\/media?parent=353878"}],"wp:term":[{"taxonomy":"category","embeddable":true,"href":"https:\/\/casadecampoliving.com\/es\/wp-json\/wp\/v2\/categories?post=353878"},{"taxonomy":"post_tag","embeddable":true,"href":"https:\/\/casadecampoliving.com\/es\/wp-json\/wp\/v2\/tags?post=353878"},{"taxonomy":"newspack_spnsrs_tax","embeddable":true,"href":"https:\/\/casadecampoliving.com\/es\/wp-json\/wp\/v2\/newspack_spnsrs_tax?post=353878"}],"curies":[{"name":"wp","href":"https:\/\/api.w.org\/{rel}","templated":true}]}}