{"id":353832,"date":"2020-08-18T00:00:00","date_gmt":"2020-08-18T04:00:00","guid":{"rendered":"https:\/\/casadecampoliving.com\/feliz-dia-medico-dominicano\/"},"modified":"2022-10-21T19:15:12","modified_gmt":"2022-10-21T23:15:12","slug":"feliz-dia-medico-dominicano","status":"publish","type":"post","link":"https:\/\/casadecampoliving.com\/es\/feliz-dia-medico-dominicano\/","title":{"rendered":"\u00a1Feliz D\u00eda del M\u00e9dico Dominicano!"},"content":{"rendered":"\n<p>El D\u00eda Nacional del Doctor es un d\u00eda que se celebra para reconocer las contribuciones de los m\u00e9dicos que sirven a su pa\u00eds cuidando a sus ciudadanos. Su dedicaci\u00f3n pone constantemente al paciente en primer lugar una y otra vez. El D\u00eda del M\u00e9dico se celebra en diferentes fechas en todo el mundo, en los Estados Unidos se celebra el 30 de marzo; en India el 1 de julio, Brasil el 18 de octubre, por mencionar algunos.<\/p>\n\n\n\n<p>Hoy, 18 de agosto, en Rep\u00fablica Dominicana celebramos con alegr\u00eda el D\u00eda del M\u00e9dico Dominicano, seres humanos que en este 2020 han demostrado ser algunos de los m\u00e1s grandes h\u00e9roes de la historia. La contribuci\u00f3n a la sociedad de los m\u00e9dicos siempre ha sido de vital importancia. Este a\u00f1o, debido al brote de coronavirus COVID-19, ha sido particularmente duro para estos profesionales. Su arduo trabajo y dedicaci\u00f3n desde el inicio de la pandemia han sido dignos de elogio.<\/p>\n\n\n\n<p>En nuestro pa\u00eds, esta celebraci\u00f3n se propuso el 3 de febrero de 1958 y se estableci\u00f3 el 27 de septiembre durante el gobierno de H\u00e9ctor Bienvenido \u201cNegro\u201d Trujillo Molina. Posteriormente, el d\u00eda se cambi\u00f3 al 18 de agosto desde que se fund\u00f3 la Asociaci\u00f3n M\u00e9dica Dominicana en esa fecha en 1891, y se renombr\u00f3 en 1962 a Colegio M\u00e9dico Dominicano.<\/p>\n\n\n\n<p>Hoy m\u00e1s que nunca queremos felicitar y reconocer el gran trabajo realizado por m\u00e9dicos dominicanos y de todo el mundo, que han salvado la vida de miles y arriesgado su propia salud por el bienestar de los dem\u00e1s.<\/p>\n\n\n\n<p>Queremos invitar a todos a celebrar a estos h\u00e9roes, a darles palabras de aliento, manteni\u00e9ndolos en nuestras oraciones para que puedan seguir adelante.<\/p>\n\n\n\n<p><strong>Estimados m\u00e9dicos, hoy y siempre su pa\u00eds estar\u00e1 eternamente agradecido por su dedicaci\u00f3n.<\/strong><\/p>\n\n\n\n<blockquote class=\"wp-block-quote is-layout-flow wp-block-quote-is-layout-flow\"><p>Los M\u00e9dico son:<\/p><p><b>M<\/b><span style=\"font-weight: 400;\">aestros expertos en salvar vidas<\/span><\/p><p><b>E<\/b><span style=\"font-weight: 400;\">speranza para aquellos que siente que las fuerzas de le van.<\/span><\/p><p><b>D<\/b><span style=\"font-weight: 400;\">ignos de admiraci\u00f3n por tan loable labor<\/span><\/p><p><b>I<\/b><span style=\"font-weight: 400;\">lustres&nbsp; profesionales que con pasi\u00f3n llenan de seguridad nuestro futuro<\/span><\/p><p><b>C<\/b><span style=\"font-weight: 400;\">ompasivas personas que ponen primero la salud de otras antes que la propi<\/span><\/p><p><b>O<\/b><span style=\"font-weight: 400;\">rgullosos h\u00e9roes sin capa que lucha contra los m\u00e1s peque\u00f1os pero grandes enemigos de la historia.<\/span><\/p><p>Por: Nancy Desgue<\/p><\/blockquote>\n","protected":false},"excerpt":{"rendered":"<p>El D\u00eda Nacional del Doctor es un d\u00eda que se celebra para reconocer las contribuciones de los m\u00e9dicos que sirven a su pa\u00eds cuidando a sus ciudadanos. Su dedicaci\u00f3n pone constantemente al paciente en primer lugar una y otra vez. El D\u00eda del M\u00e9dico se celebra en diferentes fechas en todo el mundo, en los [&hellip;]<\/p>\n","protected":false},"author":36791,"featured_media":332150,"comment_status":"closed","ping_status":"open","sticky":false,"template":"","format":"standard","meta":{"newspack_ads_suppress_ads":false,"newspack_popups_has_disabled_popups":false,"newspack_sponsor_sponsorship_scope":"","newspack_sponsor_native_byline_display":"inherit","newspack_sponsor_native_category_display":"inherit","newspack_sponsor_underwriter_style":"inherit","newspack_sponsor_underwriter_placement":"inherit","_newspack_byline_active":false,"_newspack_byline":"","newspack_hide_updated_date":false,"newspack_show_updated_date":false,"newspack_content_restriction_is_exempt":false,"newspack_featured_image_position":"","newspack_post_subtitle":"","newspack_article_summary_title":"Overview:","newspack_article_summary":"","_jetpack_memberships_contains_paid_content":false,"footnotes":"","jetpack_publicize_message":"","jetpack_publicize_feature_enabled":true,"jetpack_social_post_already_shared":false,"jetpack_social_options":{"image_generator_settings":{"template":"highway","default_image_id":0,"font":"","enabled":false},"version":2},"_wpas_customize_per_network":false},"categories":[2521,2527],"tags":[7528,18629,14736,14777],"newspack_spnsrs_tax":[],"class_list":["post-353832","post","type-post","status-publish","format-standard","has-post-thumbnail","hentry","category-republica-dominicana-2","category-salud","tag-celebracion","tag-dominican-republic-es-5","tag-featured-topview-es","tag-republica-dominicana-es-18","entry"],"yoast_head":"<!-- This site is optimized with the Yoast SEO plugin v27.5 - https:\/\/yoast.com\/product\/yoast-seo-wordpress\/ -->\n<title>\u00a1Feliz D\u00eda del M\u00e9dico Dominicano! | Casa de Campo Living<\/title>\n<meta name=\"description\" content=\"El D\u00eda Nacional del Doctor es un d\u00eda que se celebra para reconocer las contribuciones de los m\u00e9dicos que sirven a su pa\u00eds cuidando a sus ciudadanos. Su\" \/>\n<meta name=\"robots\" content=\"index, follow, max-snippet:-1, max-image-preview:large, max-video-preview:-1\" \/>\n<link rel=\"canonical\" href=\"https:\/\/casadecampoliving.com\/es\/feliz-dia-medico-dominicano\/\" \/>\n<meta property=\"og:locale\" content=\"es_ES\" \/>\n<meta property=\"og:type\" content=\"article\" \/>\n<meta property=\"og:title\" content=\"\u00a1Feliz D\u00eda del M\u00e9dico Dominicano! | Casa de Campo Living\" \/>\n<meta property=\"og:description\" content=\"El D\u00eda Nacional del Doctor es un d\u00eda que se celebra para reconocer las contribuciones de los m\u00e9dicos que sirven a su pa\u00eds cuidando a sus ciudadanos. Su\" \/>\n<meta property=\"og:url\" content=\"https:\/\/casadecampoliving.com\/es\/feliz-dia-medico-dominicano\/\" \/>\n<meta property=\"og:site_name\" content=\"Casa de Campo Living\" \/>\n<meta property=\"article:publisher\" content=\"https:\/\/www.facebook.com\/casadecampoliving\" \/>\n<meta property=\"article:published_time\" content=\"2020-08-18T04:00:00+00:00\" \/>\n<meta property=\"article:modified_time\" content=\"2022-10-21T23:15:12+00:00\" \/>\n<meta property=\"og:image\" content=\"https:\/\/i0.wp.com\/casadecampoliving.com\/wp-content\/uploads\/2022\/10\/ashkan-forouzani-ignxm3E1Rg4-unsplash-1.jpg?fit=1000%2C600&ssl=1\" \/>\n\t<meta property=\"og:image:width\" content=\"1000\" \/>\n\t<meta property=\"og:image:height\" content=\"600\" \/>\n\t<meta property=\"og:image:type\" content=\"image\/jpeg\" \/>\n<meta name=\"author\" content=\"Casa de Campo Living\" \/>\n<meta name=\"twitter:card\" content=\"summary_large_image\" \/>\n<meta name=\"twitter:creator\" content=\"@cdcliving\" \/>\n<meta name=\"twitter:site\" content=\"@cdcliving\" \/>\n<meta name=\"twitter:label1\" content=\"Escrito por\" \/>\n\t<meta name=\"twitter:data1\" content=\"Casa de Campo Living\" \/>\n\t<meta name=\"twitter:label2\" content=\"Tiempo de lectura\" \/>\n\t<meta name=\"twitter:data2\" content=\"2 minutos\" \/>\n<script type=\"application\/ld+json\" class=\"yoast-schema-graph\">{\"@context\":\"https:\\\/\\\/schema.org\",\"@graph\":[{\"@type\":\"Article\",\"@id\":\"https:\\\/\\\/casadecampoliving.com\\\/es\\\/feliz-dia-medico-dominicano\\\/#article\",\"isPartOf\":{\"@id\":\"https:\\\/\\\/casadecampoliving.com\\\/es\\\/feliz-dia-medico-dominicano\\\/\"},\"author\":{\"name\":\"Casa de Campo Living\",\"@id\":\"https:\\\/\\\/casadecampoliving.com\\\/es\\\/#\\\/schema\\\/person\\\/5d2171637a9d11e0e43ce6b8555f9422\"},\"headline\":\"\u00a1Feliz D\u00eda del M\u00e9dico Dominicano!\",\"datePublished\":\"2020-08-18T04:00:00+00:00\",\"dateModified\":\"2022-10-21T23:15:12+00:00\",\"mainEntityOfPage\":{\"@id\":\"https:\\\/\\\/casadecampoliving.com\\\/es\\\/feliz-dia-medico-dominicano\\\/\"},\"wordCount\":398,\"publisher\":{\"@id\":\"https:\\\/\\\/casadecampoliving.com\\\/es\\\/#organization\"},\"image\":{\"@id\":\"https:\\\/\\\/casadecampoliving.com\\\/es\\\/feliz-dia-medico-dominicano\\\/#primaryimage\"},\"thumbnailUrl\":\"https:\\\/\\\/i0.wp.com\\\/casadecampoliving.com\\\/wp-content\\\/uploads\\\/2022\\\/10\\\/ashkan-forouzani-ignxm3E1Rg4-unsplash-1.jpg?fit=1000%2C600&ssl=1\",\"keywords\":[\"celebracion\",\"Dominican Republic\",\"Featured-TopView @es\",\"Republica Dominicana\"],\"articleSection\":[\"Rep\u00fablica Dominicana @es\",\"Salud\"],\"inLanguage\":\"es\"},{\"@type\":\"WebPage\",\"@id\":\"https:\\\/\\\/casadecampoliving.com\\\/es\\\/feliz-dia-medico-dominicano\\\/\",\"url\":\"https:\\\/\\\/casadecampoliving.com\\\/es\\\/feliz-dia-medico-dominicano\\\/\",\"name\":\"\u00a1Feliz D\u00eda del M\u00e9dico Dominicano! | Casa de Campo Living\",\"isPartOf\":{\"@id\":\"https:\\\/\\\/casadecampoliving.com\\\/es\\\/#website\"},\"primaryImageOfPage\":{\"@id\":\"https:\\\/\\\/casadecampoliving.com\\\/es\\\/feliz-dia-medico-dominicano\\\/#primaryimage\"},\"image\":{\"@id\":\"https:\\\/\\\/casadecampoliving.com\\\/es\\\/feliz-dia-medico-dominicano\\\/#primaryimage\"},\"thumbnailUrl\":\"https:\\\/\\\/i0.wp.com\\\/casadecampoliving.com\\\/wp-content\\\/uploads\\\/2022\\\/10\\\/ashkan-forouzani-ignxm3E1Rg4-unsplash-1.jpg?fit=1000%2C600&ssl=1\",\"datePublished\":\"2020-08-18T04:00:00+00:00\",\"dateModified\":\"2022-10-21T23:15:12+00:00\",\"description\":\"El D\u00eda Nacional del Doctor es un d\u00eda que se celebra para reconocer las contribuciones de los m\u00e9dicos que sirven a su pa\u00eds cuidando a sus ciudadanos. Su\",\"breadcrumb\":{\"@id\":\"https:\\\/\\\/casadecampoliving.com\\\/es\\\/feliz-dia-medico-dominicano\\\/#breadcrumb\"},\"inLanguage\":\"es\",\"potentialAction\":[{\"@type\":\"ReadAction\",\"target\":[\"https:\\\/\\\/casadecampoliving.com\\\/es\\\/feliz-dia-medico-dominicano\\\/\"]}]},{\"@type\":\"ImageObject\",\"inLanguage\":\"es\",\"@id\":\"https:\\\/\\\/casadecampoliving.com\\\/es\\\/feliz-dia-medico-dominicano\\\/#primaryimage\",\"url\":\"https:\\\/\\\/i0.wp.com\\\/casadecampoliving.com\\\/wp-content\\\/uploads\\\/2022\\\/10\\\/ashkan-forouzani-ignxm3E1Rg4-unsplash-1.jpg?fit=1000%2C600&ssl=1\",\"contentUrl\":\"https:\\\/\\\/i0.wp.com\\\/casadecampoliving.com\\\/wp-content\\\/uploads\\\/2022\\\/10\\\/ashkan-forouzani-ignxm3E1Rg4-unsplash-1.jpg?fit=1000%2C600&ssl=1\",\"width\":1000,\"height\":600},{\"@type\":\"BreadcrumbList\",\"@id\":\"https:\\\/\\\/casadecampoliving.com\\\/es\\\/feliz-dia-medico-dominicano\\\/#breadcrumb\",\"itemListElement\":[{\"@type\":\"ListItem\",\"position\":1,\"name\":\"Home\",\"item\":\"https:\\\/\\\/casadecampoliving.com\\\/es\\\/\"},{\"@type\":\"ListItem\",\"position\":2,\"name\":\"\u00a1Feliz D\u00eda del M\u00e9dico Dominicano!\"}]},{\"@type\":\"WebSite\",\"@id\":\"https:\\\/\\\/casadecampoliving.com\\\/es\\\/#website\",\"url\":\"https:\\\/\\\/casadecampoliving.com\\\/es\\\/\",\"name\":\"Casa de Campo Living\",\"description\":\"Resort community news and resources.\",\"publisher\":{\"@id\":\"https:\\\/\\\/casadecampoliving.com\\\/es\\\/#organization\"},\"potentialAction\":[{\"@type\":\"SearchAction\",\"target\":{\"@type\":\"EntryPoint\",\"urlTemplate\":\"https:\\\/\\\/casadecampoliving.com\\\/es\\\/?s={search_term_string}\"},\"query-input\":{\"@type\":\"PropertyValueSpecification\",\"valueRequired\":true,\"valueName\":\"search_term_string\"}}],\"inLanguage\":\"es\"},{\"@type\":\"Organization\",\"@id\":\"https:\\\/\\\/casadecampoliving.com\\\/es\\\/#organization\",\"name\":\"Casa de Campo Living\",\"url\":\"https:\\\/\\\/casadecampoliving.com\\\/es\\\/\",\"logo\":{\"@type\":\"ImageObject\",\"inLanguage\":\"es\",\"@id\":\"https:\\\/\\\/casadecampoliving.com\\\/es\\\/#\\\/schema\\\/logo\\\/image\\\/\",\"url\":\"https:\\\/\\\/i0.wp.com\\\/casadecampoliving.com\\\/wp-content\\\/uploads\\\/2022\\\/07\\\/CDCLivingLogo_V1-white-sized.png?fit=800%2C214&ssl=1\",\"contentUrl\":\"https:\\\/\\\/i0.wp.com\\\/casadecampoliving.com\\\/wp-content\\\/uploads\\\/2022\\\/07\\\/CDCLivingLogo_V1-white-sized.png?fit=800%2C214&ssl=1\",\"width\":800,\"height\":214,\"caption\":\"Casa de Campo Living\"},\"image\":{\"@id\":\"https:\\\/\\\/casadecampoliving.com\\\/es\\\/#\\\/schema\\\/logo\\\/image\\\/\"},\"sameAs\":[\"https:\\\/\\\/www.facebook.com\\\/casadecampoliving\",\"https:\\\/\\\/x.com\\\/cdcliving\"]},{\"@type\":\"Person\",\"@id\":\"https:\\\/\\\/casadecampoliving.com\\\/es\\\/#\\\/schema\\\/person\\\/5d2171637a9d11e0e43ce6b8555f9422\",\"name\":\"Casa de Campo Living\",\"image\":{\"@type\":\"ImageObject\",\"inLanguage\":\"es\",\"@id\":\"https:\\\/\\\/secure.gravatar.com\\\/avatar\\\/d04101fa4a9fd431e939953b1500fdc7a73cd35029f86d98712fd8ccdaebaf9a?s=96&d=mm&r=g\",\"url\":\"https:\\\/\\\/secure.gravatar.com\\\/avatar\\\/d04101fa4a9fd431e939953b1500fdc7a73cd35029f86d98712fd8ccdaebaf9a?s=96&d=mm&r=g\",\"contentUrl\":\"https:\\\/\\\/secure.gravatar.com\\\/avatar\\\/d04101fa4a9fd431e939953b1500fdc7a73cd35029f86d98712fd8ccdaebaf9a?s=96&d=mm&r=g\",\"caption\":\"Casa de Campo Living\"},\"url\":\"https:\\\/\\\/casadecampoliving.com\\\/es\\\/author\\\/casa-de-campo-living\\\/\"}]}<\/script>\n<!-- \/ Yoast SEO plugin. -->","yoast_head_json":{"title":"\u00a1Feliz D\u00eda del M\u00e9dico Dominicano! | Casa de Campo Living","description":"El D\u00eda Nacional del Doctor es un d\u00eda que se celebra para reconocer las contribuciones de los m\u00e9dicos que sirven a su pa\u00eds cuidando a sus ciudadanos. Su","robots":{"index":"index","follow":"follow","max-snippet":"max-snippet:-1","max-image-preview":"max-image-preview:large","max-video-preview":"max-video-preview:-1"},"canonical":"https:\/\/casadecampoliving.com\/es\/feliz-dia-medico-dominicano\/","og_locale":"es_ES","og_type":"article","og_title":"\u00a1Feliz D\u00eda del M\u00e9dico Dominicano! | Casa de Campo Living","og_description":"El D\u00eda Nacional del Doctor es un d\u00eda que se celebra para reconocer las contribuciones de los m\u00e9dicos que sirven a su pa\u00eds cuidando a sus ciudadanos. Su","og_url":"https:\/\/casadecampoliving.com\/es\/feliz-dia-medico-dominicano\/","og_site_name":"Casa de Campo Living","article_publisher":"https:\/\/www.facebook.com\/casadecampoliving","article_published_time":"2020-08-18T04:00:00+00:00","article_modified_time":"2022-10-21T23:15:12+00:00","og_image":[{"width":1000,"height":600,"url":"https:\/\/i0.wp.com\/casadecampoliving.com\/wp-content\/uploads\/2022\/10\/ashkan-forouzani-ignxm3E1Rg4-unsplash-1.jpg?fit=1000%2C600&ssl=1","type":"image\/jpeg"}],"author":"Casa de Campo Living","twitter_card":"summary_large_image","twitter_creator":"@cdcliving","twitter_site":"@cdcliving","twitter_misc":{"Escrito por":"Casa de Campo Living","Tiempo de lectura":"2 minutos"},"schema":{"@context":"https:\/\/schema.org","@graph":[{"@type":"Article","@id":"https:\/\/casadecampoliving.com\/es\/feliz-dia-medico-dominicano\/#article","isPartOf":{"@id":"https:\/\/casadecampoliving.com\/es\/feliz-dia-medico-dominicano\/"},"author":{"name":"Casa de Campo Living","@id":"https:\/\/casadecampoliving.com\/es\/#\/schema\/person\/5d2171637a9d11e0e43ce6b8555f9422"},"headline":"\u00a1Feliz D\u00eda del M\u00e9dico Dominicano!","datePublished":"2020-08-18T04:00:00+00:00","dateModified":"2022-10-21T23:15:12+00:00","mainEntityOfPage":{"@id":"https:\/\/casadecampoliving.com\/es\/feliz-dia-medico-dominicano\/"},"wordCount":398,"publisher":{"@id":"https:\/\/casadecampoliving.com\/es\/#organization"},"image":{"@id":"https:\/\/casadecampoliving.com\/es\/feliz-dia-medico-dominicano\/#primaryimage"},"thumbnailUrl":"https:\/\/i0.wp.com\/casadecampoliving.com\/wp-content\/uploads\/2022\/10\/ashkan-forouzani-ignxm3E1Rg4-unsplash-1.jpg?fit=1000%2C600&ssl=1","keywords":["celebracion","Dominican Republic","Featured-TopView @es","Republica Dominicana"],"articleSection":["Rep\u00fablica Dominicana @es","Salud"],"inLanguage":"es"},{"@type":"WebPage","@id":"https:\/\/casadecampoliving.com\/es\/feliz-dia-medico-dominicano\/","url":"https:\/\/casadecampoliving.com\/es\/feliz-dia-medico-dominicano\/","name":"\u00a1Feliz D\u00eda del M\u00e9dico Dominicano! | Casa de Campo Living","isPartOf":{"@id":"https:\/\/casadecampoliving.com\/es\/#website"},"primaryImageOfPage":{"@id":"https:\/\/casadecampoliving.com\/es\/feliz-dia-medico-dominicano\/#primaryimage"},"image":{"@id":"https:\/\/casadecampoliving.com\/es\/feliz-dia-medico-dominicano\/#primaryimage"},"thumbnailUrl":"https:\/\/i0.wp.com\/casadecampoliving.com\/wp-content\/uploads\/2022\/10\/ashkan-forouzani-ignxm3E1Rg4-unsplash-1.jpg?fit=1000%2C600&ssl=1","datePublished":"2020-08-18T04:00:00+00:00","dateModified":"2022-10-21T23:15:12+00:00","description":"El D\u00eda Nacional del Doctor es un d\u00eda que se celebra para reconocer las contribuciones de los m\u00e9dicos que sirven a su pa\u00eds cuidando a sus ciudadanos. Su","breadcrumb":{"@id":"https:\/\/casadecampoliving.com\/es\/feliz-dia-medico-dominicano\/#breadcrumb"},"inLanguage":"es","potentialAction":[{"@type":"ReadAction","target":["https:\/\/casadecampoliving.com\/es\/feliz-dia-medico-dominicano\/"]}]},{"@type":"ImageObject","inLanguage":"es","@id":"https:\/\/casadecampoliving.com\/es\/feliz-dia-medico-dominicano\/#primaryimage","url":"https:\/\/i0.wp.com\/casadecampoliving.com\/wp-content\/uploads\/2022\/10\/ashkan-forouzani-ignxm3E1Rg4-unsplash-1.jpg?fit=1000%2C600&ssl=1","contentUrl":"https:\/\/i0.wp.com\/casadecampoliving.com\/wp-content\/uploads\/2022\/10\/ashkan-forouzani-ignxm3E1Rg4-unsplash-1.jpg?fit=1000%2C600&ssl=1","width":1000,"height":600},{"@type":"BreadcrumbList","@id":"https:\/\/casadecampoliving.com\/es\/feliz-dia-medico-dominicano\/#breadcrumb","itemListElement":[{"@type":"ListItem","position":1,"name":"Home","item":"https:\/\/casadecampoliving.com\/es\/"},{"@type":"ListItem","position":2,"name":"\u00a1Feliz D\u00eda del M\u00e9dico Dominicano!"}]},{"@type":"WebSite","@id":"https:\/\/casadecampoliving.com\/es\/#website","url":"https:\/\/casadecampoliving.com\/es\/","name":"Casa de Campo Living","description":"Resort community news and resources.","publisher":{"@id":"https:\/\/casadecampoliving.com\/es\/#organization"},"potentialAction":[{"@type":"SearchAction","target":{"@type":"EntryPoint","urlTemplate":"https:\/\/casadecampoliving.com\/es\/?s={search_term_string}"},"query-input":{"@type":"PropertyValueSpecification","valueRequired":true,"valueName":"search_term_string"}}],"inLanguage":"es"},{"@type":"Organization","@id":"https:\/\/casadecampoliving.com\/es\/#organization","name":"Casa de Campo Living","url":"https:\/\/casadecampoliving.com\/es\/","logo":{"@type":"ImageObject","inLanguage":"es","@id":"https:\/\/casadecampoliving.com\/es\/#\/schema\/logo\/image\/","url":"https:\/\/i0.wp.com\/casadecampoliving.com\/wp-content\/uploads\/2022\/07\/CDCLivingLogo_V1-white-sized.png?fit=800%2C214&ssl=1","contentUrl":"https:\/\/i0.wp.com\/casadecampoliving.com\/wp-content\/uploads\/2022\/07\/CDCLivingLogo_V1-white-sized.png?fit=800%2C214&ssl=1","width":800,"height":214,"caption":"Casa de Campo Living"},"image":{"@id":"https:\/\/casadecampoliving.com\/es\/#\/schema\/logo\/image\/"},"sameAs":["https:\/\/www.facebook.com\/casadecampoliving","https:\/\/x.com\/cdcliving"]},{"@type":"Person","@id":"https:\/\/casadecampoliving.com\/es\/#\/schema\/person\/5d2171637a9d11e0e43ce6b8555f9422","name":"Casa de Campo Living","image":{"@type":"ImageObject","inLanguage":"es","@id":"https:\/\/secure.gravatar.com\/avatar\/d04101fa4a9fd431e939953b1500fdc7a73cd35029f86d98712fd8ccdaebaf9a?s=96&d=mm&r=g","url":"https:\/\/secure.gravatar.com\/avatar\/d04101fa4a9fd431e939953b1500fdc7a73cd35029f86d98712fd8ccdaebaf9a?s=96&d=mm&r=g","contentUrl":"https:\/\/secure.gravatar.com\/avatar\/d04101fa4a9fd431e939953b1500fdc7a73cd35029f86d98712fd8ccdaebaf9a?s=96&d=mm&r=g","caption":"Casa de Campo Living"},"url":"https:\/\/casadecampoliving.com\/es\/author\/casa-de-campo-living\/"}]}},"parsely":{"version":"1.1.0","canonical_url":"https:\/\/casadecampoliving.com\/es\/feliz-dia-medico-dominicano\/","smart_links":{"inbound":0,"outbound":0},"traffic_boost_suggestions_count":0,"meta":{"@context":"https:\/\/schema.org","@type":"NewsArticle","headline":"\u00a1Feliz D\u00eda del M\u00e9dico Dominicano!","url":"http:\/\/casadecampoliving.com\/es\/feliz-dia-medico-dominicano\/","mainEntityOfPage":{"@type":"WebPage","@id":"http:\/\/casadecampoliving.com\/es\/feliz-dia-medico-dominicano\/"},"thumbnailUrl":"https:\/\/i0.wp.com\/casadecampoliving.com\/wp-content\/uploads\/2022\/10\/ashkan-forouzani-ignxm3E1Rg4-unsplash-1.jpg?resize=150%2C150&ssl=1","image":{"@type":"ImageObject","url":"https:\/\/i0.wp.com\/casadecampoliving.com\/wp-content\/uploads\/2022\/10\/ashkan-forouzani-ignxm3E1Rg4-unsplash-1.jpg?fit=1000%2C600&ssl=1"},"articleSection":"Rep\u00fablica Dominicana @es","author":[{"@type":"Person","name":"Casa de Campo Living"}],"creator":["Casa de Campo Living"],"publisher":{"@type":"Organization","name":"Casa de Campo Living","logo":"https:\/\/casadecampoliving.com\/wp-content\/uploads\/2022\/07\/CDCLivingLogo_V1-white-sized.png"},"keywords":["celebracion","dominican republic","featured-topview @es","republica dominicana"],"dateCreated":"2020-08-18T04:00:00Z","datePublished":"2020-08-18T04:00:00Z","dateModified":"2022-10-21T23:15:12Z"},"rendered":"<script type=\"application\/ld+json\" class=\"wp-parsely-metadata\">{\"@context\":\"https:\\\/\\\/schema.org\",\"@type\":\"NewsArticle\",\"headline\":\"\\u00a1Feliz D\\u00eda del M\\u00e9dico Dominicano!\",\"url\":\"http:\\\/\\\/casadecampoliving.com\\\/es\\\/feliz-dia-medico-dominicano\\\/\",\"mainEntityOfPage\":{\"@type\":\"WebPage\",\"@id\":\"http:\\\/\\\/casadecampoliving.com\\\/es\\\/feliz-dia-medico-dominicano\\\/\"},\"thumbnailUrl\":\"https:\\\/\\\/i0.wp.com\\\/casadecampoliving.com\\\/wp-content\\\/uploads\\\/2022\\\/10\\\/ashkan-forouzani-ignxm3E1Rg4-unsplash-1.jpg?resize=150%2C150&ssl=1\",\"image\":{\"@type\":\"ImageObject\",\"url\":\"https:\\\/\\\/i0.wp.com\\\/casadecampoliving.com\\\/wp-content\\\/uploads\\\/2022\\\/10\\\/ashkan-forouzani-ignxm3E1Rg4-unsplash-1.jpg?fit=1000%2C600&ssl=1\"},\"articleSection\":\"Rep\\u00fablica Dominicana @es\",\"author\":[{\"@type\":\"Person\",\"name\":\"Casa de Campo Living\"}],\"creator\":[\"Casa de Campo Living\"],\"publisher\":{\"@type\":\"Organization\",\"name\":\"Casa de Campo Living\",\"logo\":\"https:\\\/\\\/casadecampoliving.com\\\/wp-content\\\/uploads\\\/2022\\\/07\\\/CDCLivingLogo_V1-white-sized.png\"},\"keywords\":[\"celebracion\",\"dominican republic\",\"featured-topview @es\",\"republica dominicana\"],\"dateCreated\":\"2020-08-18T04:00:00Z\",\"datePublished\":\"2020-08-18T04:00:00Z\",\"dateModified\":\"2022-10-21T23:15:12Z\"}<\/script>","tracker_url":"https:\/\/cdn.parsely.com\/keys\/casadecampoliving.com\/p.js"},"jetpack_publicize_connections":[],"jetpack_featured_media_url":"https:\/\/i0.wp.com\/casadecampoliving.com\/wp-content\/uploads\/2022\/10\/ashkan-forouzani-ignxm3E1Rg4-unsplash-1.jpg?fit=1000%2C600&ssl=1","jetpack-related-posts":[{"id":433460,"url":"https:\/\/casadecampoliving.com\/es\/no-se-pierdan-el-increible-tributo-a-frank-sinatra-para-celebrar-el-40-aniversario-del-anfiteatro-altos-de-chavon\/","url_meta":{"origin":353832,"position":0},"title":"No se pierdan el incre\u00edble tributo a Frank Sinatra para celebrar el 40 aniversario del\u00a0Anfiteatro Altos de Chav\u00f3n","author":"Casa de Campo Living","date":"20 Oct, 2022","format":false,"excerpt":"Siendo uno de los escenarios m\u00e1s emblem\u00e1ticos del pa\u00eds, Casa de Campo Resort\u00ae & Villas celebra las cuatro d\u00e9cadas de aniversario de Altos de Chav\u00f3n con un tributo al gran Frank Sinatra, protagonizado por artistas invitados y una big band tal cual la que acompa\u00f1\u00f3 al artista hace 40 a\u00f1os\u2026","rel":"","context":"En \u00abUncategorized @es\u00bb","block_context":{"text":"Uncategorized @es","link":"https:\/\/casadecampoliving.com\/es\/category\/uncategorized-es\/"},"img":{"alt_text":"","src":"https:\/\/i0.wp.com\/casadecampoliving.com\/wp-content\/uploads\/2022\/10\/Tributo-Frank-Sinatra-Foto-Principal-Amaury-Sanchez-Danilo-Ginebra-Andres-Pichardo-y-Jose-Gabriel-Perez-.jpg?fit=1200%2C873&ssl=1&resize=350%2C200","width":350,"height":200,"srcset":"https:\/\/i0.wp.com\/casadecampoliving.com\/wp-content\/uploads\/2022\/10\/Tributo-Frank-Sinatra-Foto-Principal-Amaury-Sanchez-Danilo-Ginebra-Andres-Pichardo-y-Jose-Gabriel-Perez-.jpg?fit=1200%2C873&ssl=1&resize=350%2C200 1x, https:\/\/i0.wp.com\/casadecampoliving.com\/wp-content\/uploads\/2022\/10\/Tributo-Frank-Sinatra-Foto-Principal-Amaury-Sanchez-Danilo-Ginebra-Andres-Pichardo-y-Jose-Gabriel-Perez-.jpg?fit=1200%2C873&ssl=1&resize=525%2C300 1.5x, https:\/\/i0.wp.com\/casadecampoliving.com\/wp-content\/uploads\/2022\/10\/Tributo-Frank-Sinatra-Foto-Principal-Amaury-Sanchez-Danilo-Ginebra-Andres-Pichardo-y-Jose-Gabriel-Perez-.jpg?fit=1200%2C873&ssl=1&resize=700%2C400 2x, https:\/\/i0.wp.com\/casadecampoliving.com\/wp-content\/uploads\/2022\/10\/Tributo-Frank-Sinatra-Foto-Principal-Amaury-Sanchez-Danilo-Ginebra-Andres-Pichardo-y-Jose-Gabriel-Perez-.jpg?fit=1200%2C873&ssl=1&resize=1050%2C600 3x"},"classes":[]},{"id":349445,"url":"https:\/\/casadecampoliving.com\/es\/hospital-estadounidense-celebra-simposio-dirigido-medicos-dominicanos\/","url_meta":{"origin":353832,"position":1},"title":"El Hospital Presbyterian de Nueva York Celebra Simposio con M\u00e9dicos Dominicanos","author":"Perkin Agramonte","date":"18 Mar, 2016","format":false,"excerpt":"El Hospital Presbyterian de Nueva York celebr\u00f3 este mi\u00e9rcoles en suelo dominicano un simposio m\u00e9dico en el que abarc\u00f3 temas de medicina actualizada, con la participaci\u00f3n de m\u00e9dicos de reconocimiento internacional que compartieron conocimientos con los doctores criollos. El tema del encuentro cient\u00edfico fue \u201cEl Futuro de la Medicina\u201d, con\u2026","rel":"","context":"En \u00abCasa de Campo Living @es\u00bb","block_context":{"text":"Casa de Campo Living @es","link":"https:\/\/casadecampoliving.com\/category\/casa-de-campo-living-es\/"},"img":{"alt_text":"","src":"https:\/\/i0.wp.com\/casadecampoliving.com\/wp-content\/uploads\/2022\/10\/PRINCIPAL-Dan-scaled.jpg?fit=1200%2C834&ssl=1&resize=350%2C200","width":350,"height":200,"srcset":"https:\/\/i0.wp.com\/casadecampoliving.com\/wp-content\/uploads\/2022\/10\/PRINCIPAL-Dan-scaled.jpg?fit=1200%2C834&ssl=1&resize=350%2C200 1x, https:\/\/i0.wp.com\/casadecampoliving.com\/wp-content\/uploads\/2022\/10\/PRINCIPAL-Dan-scaled.jpg?fit=1200%2C834&ssl=1&resize=525%2C300 1.5x, https:\/\/i0.wp.com\/casadecampoliving.com\/wp-content\/uploads\/2022\/10\/PRINCIPAL-Dan-scaled.jpg?fit=1200%2C834&ssl=1&resize=700%2C400 2x, https:\/\/i0.wp.com\/casadecampoliving.com\/wp-content\/uploads\/2022\/10\/PRINCIPAL-Dan-scaled.jpg?fit=1200%2C834&ssl=1&resize=1050%2C600 3x"},"classes":[]},{"id":339301,"url":"https:\/\/casadecampoliving.com\/es\/central-romana-celebra-100-anos-de-historia-rompiendo-records-de-produccion\/","url_meta":{"origin":353832,"position":2},"title":"Central Romana celebra 100 a\u00f1os de historia rompiendo records de producci\u00f3n!","author":"","date":"3 Jul, 2012","format":false,"excerpt":"El Ingenio del Central Romana en La Romana, que se encuentra celebrando sus cien a\u00f1os, acaba de terminar el per\u00edodo de producci\u00f3n de az\u00facar 2011-2012, cerrando con un nuevo record de producci\u00f3n de 183,488 toneladas de az\u00facar refinada; un aumento en m\u00e1s de 1% en relaci\u00f3n a la producci\u00f3n de\u2026","rel":"","context":"En \u00abDestacados\u00bb","block_context":{"text":"Destacados","link":"https:\/\/casadecampoliving.com\/es\/category\/destacados\/"},"img":{"alt_text":"","src":"https:\/\/i0.wp.com\/casadecampoliving.com\/wp-content\/uploads\/2022\/10\/central_romana_casa_de_campo_la_romana.jpg?fit=565%2C248&ssl=1&resize=350%2C200","width":350,"height":200,"srcset":"https:\/\/i0.wp.com\/casadecampoliving.com\/wp-content\/uploads\/2022\/10\/central_romana_casa_de_campo_la_romana.jpg?fit=565%2C248&ssl=1&resize=350%2C200 1x, https:\/\/i0.wp.com\/casadecampoliving.com\/wp-content\/uploads\/2022\/10\/central_romana_casa_de_campo_la_romana.jpg?fit=565%2C248&ssl=1&resize=525%2C300 1.5x"},"classes":[]},{"id":344791,"url":"https:\/\/casadecampoliving.com\/es\/dia-de-la-restauracion\/","url_meta":{"origin":353832,"position":3},"title":"Es el D\u00eda de la Restauraci\u00f3n &#8211; de que consiste","author":"Emil Mella","date":"16 Ago, 2014","format":false,"excerpt":"Hoy, el 16 de agosto, se celebra el D\u00eda de la Restauraci\u00f3n Dominicana, en el cual el pueblo dominicano celebra su victoria sobre las tropas espa\u00f1olas en la Guerra Restauradora. El 16 de agosto es un d\u00eda feriado aqu\u00ed en la Rep\u00fablica Dominicana, establecido para honrar la Guerra de la\u2026","rel":"","context":"En \u00abDestacados\u00bb","block_context":{"text":"Destacados","link":"https:\/\/casadecampoliving.com\/es\/category\/destacados\/"},"img":{"alt_text":"Dominican National Pantheon","src":"https:\/\/i0.wp.com\/casadecampoliving.com\/wp-content\/uploads\/2022\/10\/panteon-e1404849873230-1.jpg?fit=650%2C366&ssl=1&resize=350%2C200","width":350,"height":200,"srcset":"https:\/\/i0.wp.com\/casadecampoliving.com\/wp-content\/uploads\/2022\/10\/panteon-e1404849873230-1.jpg?fit=650%2C366&ssl=1&resize=350%2C200 1x, https:\/\/i0.wp.com\/casadecampoliving.com\/wp-content\/uploads\/2022\/10\/panteon-e1404849873230-1.jpg?fit=650%2C366&ssl=1&resize=525%2C300 1.5x"},"classes":[]},{"id":342676,"url":"https:\/\/casadecampoliving.com\/es\/preparense-para-el-fin-de-semana-largo-rd-celebra-su-restauracion-el-16-de-agosto\/","url_meta":{"origin":353832,"position":4},"title":"\u00a1Prep\u00e1rense para el fin de semana largo! &#8211; RD celebra su restauraci\u00f3n el 16 de agosto","author":"Eliana Alba","date":"16 Ago, 2013","format":false,"excerpt":"Este viernes 16 de agosto la Rep\u00fablica Dominicana conmemora un d\u00eda muy importante en su historia \u2013 la restauraci\u00f3n de su independencia. Este d\u00eda festivo celebra la recuperaci\u00f3n de la soberan\u00eda de nuestro pa\u00eds luego de haber sidos anexado a Espa\u00f1a. Pues lo que pas\u00f3 fue que 17 a\u00f1os despu\u00e9s\u2026","rel":"","context":"En \u00abEstilo de Vida\u00bb","block_context":{"text":"Estilo de Vida","link":"https:\/\/casadecampoliving.com\/es\/category\/estilo-de-vida\/"},"img":{"alt_text":"restauracion_republica_dominicana","src":"https:\/\/i0.wp.com\/casadecampoliving.com\/wp-content\/uploads\/2022\/10\/independencia_republica_dominicana_250_780-e1403281033859-1.jpg?fit=650%2C208&ssl=1&resize=350%2C200","width":350,"height":200,"srcset":"https:\/\/i0.wp.com\/casadecampoliving.com\/wp-content\/uploads\/2022\/10\/independencia_republica_dominicana_250_780-e1403281033859-1.jpg?fit=650%2C208&ssl=1&resize=350%2C200 1x, https:\/\/i0.wp.com\/casadecampoliving.com\/wp-content\/uploads\/2022\/10\/independencia_republica_dominicana_250_780-e1403281033859-1.jpg?fit=650%2C208&ssl=1&resize=525%2C300 1.5x"},"classes":[]},{"id":343198,"url":"https:\/\/casadecampoliving.com\/es\/conozca-los-proximos-dias-feriados-de-la-republica-dominicana-en-este-2013-2\/","url_meta":{"origin":353832,"position":5},"title":"D\u00eda de la Constituci\u00f3n Dominicana; motivo de este fin de semana largo","author":"Lenny Castillo","date":"3 Nov, 2013","format":false,"excerpt":"El 6 de noviembre de cada a\u00f1o la Rep\u00fablica Dominicana celebra el \u201cD\u00eda de la Constituci\u00f3n. Este a\u00f1o, el d\u00eda de cierre para este d\u00eda de fiesta nacional, se traslada al lunes 4 de noviembre \u2013 para que todos podamos disfrutar de un buen fin de semana de celebraciones. El\u2026","rel":"","context":"En \u00abDestacados\u00bb","block_context":{"text":"Destacados","link":"https:\/\/casadecampoliving.com\/es\/category\/destacados\/"},"img":{"alt_text":"independencia republica dominicana","src":"https:\/\/i0.wp.com\/casadecampoliving.com\/wp-content\/uploads\/2022\/10\/independencia_republica_dominicana-1.jpg?fit=650%2C374&ssl=1&resize=350%2C200","width":350,"height":200,"srcset":"https:\/\/i0.wp.com\/casadecampoliving.com\/wp-content\/uploads\/2022\/10\/independencia_republica_dominicana-1.jpg?fit=650%2C374&ssl=1&resize=350%2C200 1x, https:\/\/i0.wp.com\/casadecampoliving.com\/wp-content\/uploads\/2022\/10\/independencia_republica_dominicana-1.jpg?fit=650%2C374&ssl=1&resize=525%2C300 1.5x"},"classes":[]}],"jetpack_sharing_enabled":true,"_links":{"self":[{"href":"https:\/\/casadecampoliving.com\/es\/wp-json\/wp\/v2\/posts\/353832","targetHints":{"allow":["GET"]}}],"collection":[{"href":"https:\/\/casadecampoliving.com\/es\/wp-json\/wp\/v2\/posts"}],"about":[{"href":"https:\/\/casadecampoliving.com\/es\/wp-json\/wp\/v2\/types\/post"}],"author":[{"embeddable":true,"href":"https:\/\/casadecampoliving.com\/es\/wp-json\/wp\/v2\/users\/36791"}],"replies":[{"embeddable":true,"href":"https:\/\/casadecampoliving.com\/es\/wp-json\/wp\/v2\/comments?post=353832"}],"version-history":[{"count":0,"href":"https:\/\/casadecampoliving.com\/es\/wp-json\/wp\/v2\/posts\/353832\/revisions"}],"wp:featuredmedia":[{"embeddable":true,"href":"https:\/\/casadecampoliving.com\/es\/wp-json\/wp\/v2\/media\/332150"}],"wp:attachment":[{"href":"https:\/\/casadecampoliving.com\/es\/wp-json\/wp\/v2\/media?parent=353832"}],"wp:term":[{"taxonomy":"category","embeddable":true,"href":"https:\/\/casadecampoliving.com\/es\/wp-json\/wp\/v2\/categories?post=353832"},{"taxonomy":"post_tag","embeddable":true,"href":"https:\/\/casadecampoliving.com\/es\/wp-json\/wp\/v2\/tags?post=353832"},{"taxonomy":"newspack_spnsrs_tax","embeddable":true,"href":"https:\/\/casadecampoliving.com\/es\/wp-json\/wp\/v2\/newspack_spnsrs_tax?post=353832"}],"curies":[{"name":"wp","href":"https:\/\/api.w.org\/{rel}","templated":true}]}}