{"id":353830,"date":"2020-08-17T00:00:00","date_gmt":"2020-08-17T04:00:00","guid":{"rendered":"https:\/\/casadecampoliving.com\/casa-de-campo-celebra-el-sexto-latiin-america-pro-am-en-teeth-of-the-dog\/"},"modified":"2022-11-10T09:59:53","modified_gmt":"2022-11-10T13:59:53","slug":"casa-de-campo-celebra-el-sexto-latiin-america-pro-am-en-teeth-of-the-dog","status":"publish","type":"post","link":"https:\/\/casadecampoliving.com\/es\/casa-de-campo-celebra-el-sexto-latiin-america-pro-am-en-teeth-of-the-dog\/","title":{"rendered":"Casa de Campo celebra el sexto Latiin America Pro Am en Teeth of the Dog"},"content":{"rendered":"<p>La semana pasada, Casa de Campo Resort &amp; Villas fue sede del VI Latin America Pro Am que se llev\u00f3 a cabo en el prestigioso campo de golf Teeth of the Dog. El tradicional campeonato cont\u00f3 con la presencia de aficionados y profesionales, quienes siguiendo todos los protocolos de seguridad y salud disfrutaron de una semana m\u00e1gica e inolvidable en uno de los resorts m\u00e1s exclusivos del Caribe.<\/p>\n<p>Despu\u00e9s de un c\u00f3ctel de bienvenida el martes, los golfistas se levantaron temprano el mi\u00e9rcoles para jugar en el campo de golf m\u00e1s famoso de Casa de Campo, Teeth of the Dog. Compuesto por un golfista profesional y cuatro amateurs, los equipos se embarcaron en el riguroso campo con muy buen humor. El torneo se jug\u00f3 durante toda la semana, en el formato de 1 Mejor Bola net, seguido de Mejor Bola Net y Mejor Bola&nbsp; Gross &#8211; Jueves, y Dos Bolas el viernes compitiendo por los premios generales, as\u00ed como el 1er y 2do lugar en cada vuelo, mientras que los profesionales se enfrentaron entre s\u00ed en la categor\u00eda de vuelo profesional utilizando Stableford Scoring.<\/p>\n<p><img data-recalc-dims=\"1\" loading=\"lazy\" decoding=\"async\" class=\"aligncenter size-full wp-image-206347\" src=\"https:\/\/i0.wp.com\/casadecampoliving.com\/wp-content\/uploads\/2022\/10\/EJ4B2241-3.jpg?resize=1000%2C667&#038;ssl=1\" alt=\"\" width=\"1000\" height=\"667\"><\/p>\n<p>Los invitados que acompa\u00f1aban a los golfistas fueron alentados a disfrutar de las numerosas atracciones de Casa de Campo, como visitas a Altos de Chav\u00f3n, deportes acu\u00e1ticos en Minitas, y jugar un partido de tenis en La Terraza o tiro al plato en el centro de tiro.<\/p>\n<p>El equipo ganador de la \u201cCopa de Campeones\u201d de este a\u00f1o estuvo integrado por los aficionados H\u00e9ctor C\u00e1rdenas, Jorge Robles, Jos\u00e9 Garc\u00eda y Oscar Shirato y el profesional Jes\u00fas Joaqu\u00edn Medina; este \u00faltimo tambi\u00e9n se impuso entre los profesionales al vencer a Manuel Relancio, Head Pro de Casa de Campo, en el playoff.<\/p>\n<p><img data-recalc-dims=\"1\" loading=\"lazy\" decoding=\"async\" data-attachment-id=\"206401\" data-permalink=\"https:\/\/casadecampoliving.com\/es\/ej4b2263-2\/\" data-orig-file=\"https:\/\/i0.wp.com\/casadecampoliving.com\/wp-content\/uploads\/2020\/08\/EJ4B2263.jpg?fit=1000%2C601&amp;ssl=1\" data-orig-size=\"1000,601\" data-comments-opened=\"0\" data-image-meta=\"{&quot;aperture&quot;:&quot;4&quot;,&quot;credit&quot;:&quot;Mairobi Herrera\\nCristian Pittaro&quot;,&quot;camera&quot;:&quot;Canon EOS 5D Mark III&quot;,&quot;caption&quot;:&quot;&quot;,&quot;created_timestamp&quot;:&quot;1597438428&quot;,&quot;copyright&quot;:&quot;Can&#039;t use or distribuit without express autorization from owner&quot;,&quot;focal_length&quot;:&quot;30&quot;,&quot;iso&quot;:&quot;1600&quot;,&quot;shutter_speed&quot;:&quot;0.0166666666667&quot;,&quot;title&quot;:&quot;&quot;,&quot;orientation&quot;:&quot;1&quot;}\" data-image-title=\"EJ4B2263\" data-image-description=\"\" data-image-caption=\"\" data-large-file=\"https:\/\/i0.wp.com\/casadecampoliving.com\/wp-content\/uploads\/2020\/08\/EJ4B2263.jpg?fit=1000%2C601&amp;ssl=1\" class=\"aligncenter wp-image-206401 size-full\" src=\"https:\/\/i0.wp.com\/casadecampoliving.com\/wp-content\/uploads\/2022\/10\/EJ4B2263-1.jpg?resize=1000%2C601&#038;ssl=1\" alt=\"\" width=\"1000\" height=\"601\"><\/p>\n<p>Para finalizar el popular evento, Casa de Campo organiz\u00f3 una agradable velada en el Restaurante La Casita en la Marina donde los invitados disfrutaron de deliciosos c\u00f3cteles y cena y los ganadores recibieron sus premios. El departamento de golf extiende un agradecimiento especial a todos los que jugaron e hicieron de este a\u00f1o un a\u00f1o inolvidable, as\u00ed como a los numerosos patrocinadores que hicieron posible este evento.<\/p>\n<p>Las siguientes fotograf\u00edas fueron tomadas por Mairobi Herrera durante la entrega de premios en La Casita:<\/p>\n<p>[nggallery id=3329]<\/p>\n","protected":false},"excerpt":{"rendered":"<p>La semana pasada, Casa de Campo Resort &amp; Villas fue sede del VI Latin America Pro Am que se llev\u00f3 a cabo en el prestigioso campo de golf Teeth of the Dog. El tradicional campeonato cont\u00f3 con la presencia de aficionados y profesionales, quienes siguiendo todos los protocolos de seguridad y salud disfrutaron de una [&hellip;]<\/p>\n","protected":false},"author":36791,"featured_media":332138,"comment_status":"closed","ping_status":"closed","sticky":false,"template":"","format":"standard","meta":{"newspack_ads_suppress_ads":false,"newspack_popups_has_disabled_popups":false,"newspack_sponsor_sponsorship_scope":"","newspack_sponsor_native_byline_display":"inherit","newspack_sponsor_native_category_display":"inherit","newspack_sponsor_underwriter_style":"inherit","newspack_sponsor_underwriter_placement":"inherit","_newspack_byline_active":false,"_newspack_byline":"","newspack_hide_updated_date":false,"newspack_show_updated_date":false,"newspack_content_restriction_is_exempt":false,"newspack_featured_image_position":"","newspack_post_subtitle":"","newspack_article_summary_title":"Overview:","newspack_article_summary":"","_jetpack_memberships_contains_paid_content":false,"footnotes":"","jetpack_publicize_message":"","jetpack_publicize_feature_enabled":true,"jetpack_social_post_already_shared":false,"jetpack_social_options":{"image_generator_settings":{"template":"highway","default_image_id":0,"font":"","enabled":false},"version":2},"_wpas_customize_per_network":false},"categories":[26936,14631,2522,14625,2521,26822],"tags":[2576,24792,23815,24346,8576,21438,7805,2599],"newspack_spnsrs_tax":[],"class_list":["post-353830","post","type-post","status-publish","format-standard","has-post-thumbnail","hentry","category-casa-de-campo-living-es","category-estilo-de-vida","category-eventos-es","category-noticias-locales","category-republica-dominicana-2","category-resort-casa-de-campo","tag-campos-de-golf","tag-casa-cares","tag-casa-de-campo-es-17","tag-featured-es","tag-ganadores","tag-latino-america","tag-manuel-relancio","tag-torneo-de-golf","entry"],"yoast_head":"<!-- This site is optimized with the Yoast SEO plugin v27.5 - https:\/\/yoast.com\/product\/yoast-seo-wordpress\/ -->\n<title>Casa de Campo celebra el sexto Latiin America Pro Am en Teeth of the Dog | Casa de Campo Living<\/title>\n<meta name=\"description\" content=\"La semana pasada, Casa de Campo Resort &amp; Villas fue sede del VI Latin America Pro Am que se llev\u00f3 a cabo en el prestigioso campo de golf Teeth of the\" \/>\n<meta name=\"robots\" content=\"index, follow, max-snippet:-1, max-image-preview:large, max-video-preview:-1\" \/>\n<link rel=\"canonical\" href=\"https:\/\/casadecampoliving.com\/es\/casa-de-campo-celebra-el-sexto-latiin-america-pro-am-en-teeth-of-the-dog\/\" \/>\n<meta property=\"og:locale\" content=\"es_ES\" \/>\n<meta property=\"og:type\" content=\"article\" \/>\n<meta property=\"og:title\" content=\"Casa de Campo celebra el sexto Latiin America Pro Am en Teeth of the Dog | Casa de Campo Living\" \/>\n<meta property=\"og:description\" content=\"La semana pasada, Casa de Campo Resort &amp; Villas fue sede del VI Latin America Pro Am que se llev\u00f3 a cabo en el prestigioso campo de golf Teeth of the\" \/>\n<meta property=\"og:url\" content=\"https:\/\/casadecampoliving.com\/es\/casa-de-campo-celebra-el-sexto-latiin-america-pro-am-en-teeth-of-the-dog\/\" \/>\n<meta property=\"og:site_name\" content=\"Casa de Campo Living\" \/>\n<meta property=\"article:publisher\" content=\"https:\/\/www.facebook.com\/casadecampoliving\" \/>\n<meta property=\"article:published_time\" content=\"2020-08-17T04:00:00+00:00\" \/>\n<meta property=\"article:modified_time\" content=\"2022-11-10T13:59:53+00:00\" \/>\n<meta property=\"og:image\" content=\"https:\/\/i0.wp.com\/casadecampoliving.com\/wp-content\/uploads\/2022\/10\/EJ4B2277-1.jpg?fit=1000%2C667&ssl=1\" \/>\n\t<meta property=\"og:image:width\" content=\"1000\" \/>\n\t<meta property=\"og:image:height\" content=\"667\" \/>\n\t<meta property=\"og:image:type\" content=\"image\/jpeg\" \/>\n<meta name=\"author\" content=\"Casa de Campo Living\" \/>\n<meta name=\"twitter:card\" content=\"summary_large_image\" \/>\n<meta name=\"twitter:creator\" content=\"@cdcliving\" \/>\n<meta name=\"twitter:site\" content=\"@cdcliving\" \/>\n<meta name=\"twitter:label1\" content=\"Escrito por\" \/>\n\t<meta name=\"twitter:data1\" content=\"Casa de Campo Living\" \/>\n\t<meta name=\"twitter:label2\" content=\"Tiempo de lectura\" \/>\n\t<meta name=\"twitter:data2\" content=\"2 minutos\" \/>\n<script type=\"application\/ld+json\" class=\"yoast-schema-graph\">{\"@context\":\"https:\\\/\\\/schema.org\",\"@graph\":[{\"@type\":\"Article\",\"@id\":\"https:\\\/\\\/casadecampoliving.com\\\/es\\\/casa-de-campo-celebra-el-sexto-latiin-america-pro-am-en-teeth-of-the-dog\\\/#article\",\"isPartOf\":{\"@id\":\"https:\\\/\\\/casadecampoliving.com\\\/es\\\/casa-de-campo-celebra-el-sexto-latiin-america-pro-am-en-teeth-of-the-dog\\\/\"},\"author\":{\"name\":\"Casa de Campo Living\",\"@id\":\"https:\\\/\\\/casadecampoliving.com\\\/es\\\/#\\\/schema\\\/person\\\/5d2171637a9d11e0e43ce6b8555f9422\"},\"headline\":\"Casa de Campo celebra el sexto Latiin America Pro Am en Teeth of the Dog\",\"datePublished\":\"2020-08-17T04:00:00+00:00\",\"dateModified\":\"2022-11-10T13:59:53+00:00\",\"mainEntityOfPage\":{\"@id\":\"https:\\\/\\\/casadecampoliving.com\\\/es\\\/casa-de-campo-celebra-el-sexto-latiin-america-pro-am-en-teeth-of-the-dog\\\/\"},\"wordCount\":405,\"publisher\":{\"@id\":\"https:\\\/\\\/casadecampoliving.com\\\/es\\\/#organization\"},\"image\":{\"@id\":\"https:\\\/\\\/casadecampoliving.com\\\/es\\\/casa-de-campo-celebra-el-sexto-latiin-america-pro-am-en-teeth-of-the-dog\\\/#primaryimage\"},\"thumbnailUrl\":\"https:\\\/\\\/i0.wp.com\\\/casadecampoliving.com\\\/wp-content\\\/uploads\\\/2022\\\/10\\\/EJ4B2277-1.jpg?fit=1000%2C667&ssl=1\",\"keywords\":[\"campos de golf\",\"casa cares\",\"Casa de Campo\",\"Featured\",\"Ganadores\",\"latino america\",\"Manuel Relancio\",\"torneo de golf\"],\"articleSection\":[\"Casa de Campo Living @es\",\"Estilo de Vida\",\"Eventos\",\"Noticias Locales\",\"Rep\u00fablica Dominicana @es\",\"Resort Casa de Campo\"],\"inLanguage\":\"es\"},{\"@type\":\"WebPage\",\"@id\":\"https:\\\/\\\/casadecampoliving.com\\\/es\\\/casa-de-campo-celebra-el-sexto-latiin-america-pro-am-en-teeth-of-the-dog\\\/\",\"url\":\"https:\\\/\\\/casadecampoliving.com\\\/es\\\/casa-de-campo-celebra-el-sexto-latiin-america-pro-am-en-teeth-of-the-dog\\\/\",\"name\":\"Casa de Campo celebra el sexto Latiin America Pro Am en Teeth of the Dog | Casa de Campo Living\",\"isPartOf\":{\"@id\":\"https:\\\/\\\/casadecampoliving.com\\\/es\\\/#website\"},\"primaryImageOfPage\":{\"@id\":\"https:\\\/\\\/casadecampoliving.com\\\/es\\\/casa-de-campo-celebra-el-sexto-latiin-america-pro-am-en-teeth-of-the-dog\\\/#primaryimage\"},\"image\":{\"@id\":\"https:\\\/\\\/casadecampoliving.com\\\/es\\\/casa-de-campo-celebra-el-sexto-latiin-america-pro-am-en-teeth-of-the-dog\\\/#primaryimage\"},\"thumbnailUrl\":\"https:\\\/\\\/i0.wp.com\\\/casadecampoliving.com\\\/wp-content\\\/uploads\\\/2022\\\/10\\\/EJ4B2277-1.jpg?fit=1000%2C667&ssl=1\",\"datePublished\":\"2020-08-17T04:00:00+00:00\",\"dateModified\":\"2022-11-10T13:59:53+00:00\",\"description\":\"La semana pasada, Casa de Campo Resort &amp; Villas fue sede del VI Latin America Pro Am que se llev\u00f3 a cabo en el prestigioso campo de golf Teeth of the\",\"breadcrumb\":{\"@id\":\"https:\\\/\\\/casadecampoliving.com\\\/es\\\/casa-de-campo-celebra-el-sexto-latiin-america-pro-am-en-teeth-of-the-dog\\\/#breadcrumb\"},\"inLanguage\":\"es\",\"potentialAction\":[{\"@type\":\"ReadAction\",\"target\":[\"https:\\\/\\\/casadecampoliving.com\\\/es\\\/casa-de-campo-celebra-el-sexto-latiin-america-pro-am-en-teeth-of-the-dog\\\/\"]}]},{\"@type\":\"ImageObject\",\"inLanguage\":\"es\",\"@id\":\"https:\\\/\\\/casadecampoliving.com\\\/es\\\/casa-de-campo-celebra-el-sexto-latiin-america-pro-am-en-teeth-of-the-dog\\\/#primaryimage\",\"url\":\"https:\\\/\\\/i0.wp.com\\\/casadecampoliving.com\\\/wp-content\\\/uploads\\\/2022\\\/10\\\/EJ4B2277-1.jpg?fit=1000%2C667&ssl=1\",\"contentUrl\":\"https:\\\/\\\/i0.wp.com\\\/casadecampoliving.com\\\/wp-content\\\/uploads\\\/2022\\\/10\\\/EJ4B2277-1.jpg?fit=1000%2C667&ssl=1\",\"width\":1000,\"height\":667},{\"@type\":\"BreadcrumbList\",\"@id\":\"https:\\\/\\\/casadecampoliving.com\\\/es\\\/casa-de-campo-celebra-el-sexto-latiin-america-pro-am-en-teeth-of-the-dog\\\/#breadcrumb\",\"itemListElement\":[{\"@type\":\"ListItem\",\"position\":1,\"name\":\"Home\",\"item\":\"https:\\\/\\\/casadecampoliving.com\\\/es\\\/\"},{\"@type\":\"ListItem\",\"position\":2,\"name\":\"Casa de Campo celebra el sexto Latiin America Pro Am en Teeth of the Dog\"}]},{\"@type\":\"WebSite\",\"@id\":\"https:\\\/\\\/casadecampoliving.com\\\/es\\\/#website\",\"url\":\"https:\\\/\\\/casadecampoliving.com\\\/es\\\/\",\"name\":\"Casa de Campo Living\",\"description\":\"Resort community news and resources.\",\"publisher\":{\"@id\":\"https:\\\/\\\/casadecampoliving.com\\\/es\\\/#organization\"},\"potentialAction\":[{\"@type\":\"SearchAction\",\"target\":{\"@type\":\"EntryPoint\",\"urlTemplate\":\"https:\\\/\\\/casadecampoliving.com\\\/es\\\/?s={search_term_string}\"},\"query-input\":{\"@type\":\"PropertyValueSpecification\",\"valueRequired\":true,\"valueName\":\"search_term_string\"}}],\"inLanguage\":\"es\"},{\"@type\":\"Organization\",\"@id\":\"https:\\\/\\\/casadecampoliving.com\\\/es\\\/#organization\",\"name\":\"Casa de Campo Living\",\"url\":\"https:\\\/\\\/casadecampoliving.com\\\/es\\\/\",\"logo\":{\"@type\":\"ImageObject\",\"inLanguage\":\"es\",\"@id\":\"https:\\\/\\\/casadecampoliving.com\\\/es\\\/#\\\/schema\\\/logo\\\/image\\\/\",\"url\":\"https:\\\/\\\/i0.wp.com\\\/casadecampoliving.com\\\/wp-content\\\/uploads\\\/2022\\\/07\\\/CDCLivingLogo_V1-white-sized.png?fit=800%2C214&ssl=1\",\"contentUrl\":\"https:\\\/\\\/i0.wp.com\\\/casadecampoliving.com\\\/wp-content\\\/uploads\\\/2022\\\/07\\\/CDCLivingLogo_V1-white-sized.png?fit=800%2C214&ssl=1\",\"width\":800,\"height\":214,\"caption\":\"Casa de Campo Living\"},\"image\":{\"@id\":\"https:\\\/\\\/casadecampoliving.com\\\/es\\\/#\\\/schema\\\/logo\\\/image\\\/\"},\"sameAs\":[\"https:\\\/\\\/www.facebook.com\\\/casadecampoliving\",\"https:\\\/\\\/x.com\\\/cdcliving\"]},{\"@type\":\"Person\",\"@id\":\"https:\\\/\\\/casadecampoliving.com\\\/es\\\/#\\\/schema\\\/person\\\/5d2171637a9d11e0e43ce6b8555f9422\",\"name\":\"Casa de Campo Living\",\"image\":{\"@type\":\"ImageObject\",\"inLanguage\":\"es\",\"@id\":\"https:\\\/\\\/secure.gravatar.com\\\/avatar\\\/d04101fa4a9fd431e939953b1500fdc7a73cd35029f86d98712fd8ccdaebaf9a?s=96&d=mm&r=g\",\"url\":\"https:\\\/\\\/secure.gravatar.com\\\/avatar\\\/d04101fa4a9fd431e939953b1500fdc7a73cd35029f86d98712fd8ccdaebaf9a?s=96&d=mm&r=g\",\"contentUrl\":\"https:\\\/\\\/secure.gravatar.com\\\/avatar\\\/d04101fa4a9fd431e939953b1500fdc7a73cd35029f86d98712fd8ccdaebaf9a?s=96&d=mm&r=g\",\"caption\":\"Casa de Campo Living\"},\"url\":\"https:\\\/\\\/casadecampoliving.com\\\/es\\\/author\\\/casa-de-campo-living\\\/\"}]}<\/script>\n<!-- \/ Yoast SEO plugin. -->","yoast_head_json":{"title":"Casa de Campo celebra el sexto Latiin America Pro Am en Teeth of the Dog | Casa de Campo Living","description":"La semana pasada, Casa de Campo Resort &amp; Villas fue sede del VI Latin America Pro Am que se llev\u00f3 a cabo en el prestigioso campo de golf Teeth of the","robots":{"index":"index","follow":"follow","max-snippet":"max-snippet:-1","max-image-preview":"max-image-preview:large","max-video-preview":"max-video-preview:-1"},"canonical":"https:\/\/casadecampoliving.com\/es\/casa-de-campo-celebra-el-sexto-latiin-america-pro-am-en-teeth-of-the-dog\/","og_locale":"es_ES","og_type":"article","og_title":"Casa de Campo celebra el sexto Latiin America Pro Am en Teeth of the Dog | Casa de Campo Living","og_description":"La semana pasada, Casa de Campo Resort &amp; Villas fue sede del VI Latin America Pro Am que se llev\u00f3 a cabo en el prestigioso campo de golf Teeth of the","og_url":"https:\/\/casadecampoliving.com\/es\/casa-de-campo-celebra-el-sexto-latiin-america-pro-am-en-teeth-of-the-dog\/","og_site_name":"Casa de Campo Living","article_publisher":"https:\/\/www.facebook.com\/casadecampoliving","article_published_time":"2020-08-17T04:00:00+00:00","article_modified_time":"2022-11-10T13:59:53+00:00","og_image":[{"width":1000,"height":667,"url":"https:\/\/i0.wp.com\/casadecampoliving.com\/wp-content\/uploads\/2022\/10\/EJ4B2277-1.jpg?fit=1000%2C667&ssl=1","type":"image\/jpeg"}],"author":"Casa de Campo Living","twitter_card":"summary_large_image","twitter_creator":"@cdcliving","twitter_site":"@cdcliving","twitter_misc":{"Escrito por":"Casa de Campo Living","Tiempo de lectura":"2 minutos"},"schema":{"@context":"https:\/\/schema.org","@graph":[{"@type":"Article","@id":"https:\/\/casadecampoliving.com\/es\/casa-de-campo-celebra-el-sexto-latiin-america-pro-am-en-teeth-of-the-dog\/#article","isPartOf":{"@id":"https:\/\/casadecampoliving.com\/es\/casa-de-campo-celebra-el-sexto-latiin-america-pro-am-en-teeth-of-the-dog\/"},"author":{"name":"Casa de Campo Living","@id":"https:\/\/casadecampoliving.com\/es\/#\/schema\/person\/5d2171637a9d11e0e43ce6b8555f9422"},"headline":"Casa de Campo celebra el sexto Latiin America Pro Am en Teeth of the Dog","datePublished":"2020-08-17T04:00:00+00:00","dateModified":"2022-11-10T13:59:53+00:00","mainEntityOfPage":{"@id":"https:\/\/casadecampoliving.com\/es\/casa-de-campo-celebra-el-sexto-latiin-america-pro-am-en-teeth-of-the-dog\/"},"wordCount":405,"publisher":{"@id":"https:\/\/casadecampoliving.com\/es\/#organization"},"image":{"@id":"https:\/\/casadecampoliving.com\/es\/casa-de-campo-celebra-el-sexto-latiin-america-pro-am-en-teeth-of-the-dog\/#primaryimage"},"thumbnailUrl":"https:\/\/i0.wp.com\/casadecampoliving.com\/wp-content\/uploads\/2022\/10\/EJ4B2277-1.jpg?fit=1000%2C667&ssl=1","keywords":["campos de golf","casa cares","Casa de Campo","Featured","Ganadores","latino america","Manuel Relancio","torneo de golf"],"articleSection":["Casa de Campo Living @es","Estilo de Vida","Eventos","Noticias Locales","Rep\u00fablica Dominicana @es","Resort Casa de Campo"],"inLanguage":"es"},{"@type":"WebPage","@id":"https:\/\/casadecampoliving.com\/es\/casa-de-campo-celebra-el-sexto-latiin-america-pro-am-en-teeth-of-the-dog\/","url":"https:\/\/casadecampoliving.com\/es\/casa-de-campo-celebra-el-sexto-latiin-america-pro-am-en-teeth-of-the-dog\/","name":"Casa de Campo celebra el sexto Latiin America Pro Am en Teeth of the Dog | Casa de Campo Living","isPartOf":{"@id":"https:\/\/casadecampoliving.com\/es\/#website"},"primaryImageOfPage":{"@id":"https:\/\/casadecampoliving.com\/es\/casa-de-campo-celebra-el-sexto-latiin-america-pro-am-en-teeth-of-the-dog\/#primaryimage"},"image":{"@id":"https:\/\/casadecampoliving.com\/es\/casa-de-campo-celebra-el-sexto-latiin-america-pro-am-en-teeth-of-the-dog\/#primaryimage"},"thumbnailUrl":"https:\/\/i0.wp.com\/casadecampoliving.com\/wp-content\/uploads\/2022\/10\/EJ4B2277-1.jpg?fit=1000%2C667&ssl=1","datePublished":"2020-08-17T04:00:00+00:00","dateModified":"2022-11-10T13:59:53+00:00","description":"La semana pasada, Casa de Campo Resort &amp; Villas fue sede del VI Latin America Pro Am que se llev\u00f3 a cabo en el prestigioso campo de golf Teeth of the","breadcrumb":{"@id":"https:\/\/casadecampoliving.com\/es\/casa-de-campo-celebra-el-sexto-latiin-america-pro-am-en-teeth-of-the-dog\/#breadcrumb"},"inLanguage":"es","potentialAction":[{"@type":"ReadAction","target":["https:\/\/casadecampoliving.com\/es\/casa-de-campo-celebra-el-sexto-latiin-america-pro-am-en-teeth-of-the-dog\/"]}]},{"@type":"ImageObject","inLanguage":"es","@id":"https:\/\/casadecampoliving.com\/es\/casa-de-campo-celebra-el-sexto-latiin-america-pro-am-en-teeth-of-the-dog\/#primaryimage","url":"https:\/\/i0.wp.com\/casadecampoliving.com\/wp-content\/uploads\/2022\/10\/EJ4B2277-1.jpg?fit=1000%2C667&ssl=1","contentUrl":"https:\/\/i0.wp.com\/casadecampoliving.com\/wp-content\/uploads\/2022\/10\/EJ4B2277-1.jpg?fit=1000%2C667&ssl=1","width":1000,"height":667},{"@type":"BreadcrumbList","@id":"https:\/\/casadecampoliving.com\/es\/casa-de-campo-celebra-el-sexto-latiin-america-pro-am-en-teeth-of-the-dog\/#breadcrumb","itemListElement":[{"@type":"ListItem","position":1,"name":"Home","item":"https:\/\/casadecampoliving.com\/es\/"},{"@type":"ListItem","position":2,"name":"Casa de Campo celebra el sexto Latiin America Pro Am en Teeth of the Dog"}]},{"@type":"WebSite","@id":"https:\/\/casadecampoliving.com\/es\/#website","url":"https:\/\/casadecampoliving.com\/es\/","name":"Casa de Campo Living","description":"Resort community news and resources.","publisher":{"@id":"https:\/\/casadecampoliving.com\/es\/#organization"},"potentialAction":[{"@type":"SearchAction","target":{"@type":"EntryPoint","urlTemplate":"https:\/\/casadecampoliving.com\/es\/?s={search_term_string}"},"query-input":{"@type":"PropertyValueSpecification","valueRequired":true,"valueName":"search_term_string"}}],"inLanguage":"es"},{"@type":"Organization","@id":"https:\/\/casadecampoliving.com\/es\/#organization","name":"Casa de Campo Living","url":"https:\/\/casadecampoliving.com\/es\/","logo":{"@type":"ImageObject","inLanguage":"es","@id":"https:\/\/casadecampoliving.com\/es\/#\/schema\/logo\/image\/","url":"https:\/\/i0.wp.com\/casadecampoliving.com\/wp-content\/uploads\/2022\/07\/CDCLivingLogo_V1-white-sized.png?fit=800%2C214&ssl=1","contentUrl":"https:\/\/i0.wp.com\/casadecampoliving.com\/wp-content\/uploads\/2022\/07\/CDCLivingLogo_V1-white-sized.png?fit=800%2C214&ssl=1","width":800,"height":214,"caption":"Casa de Campo Living"},"image":{"@id":"https:\/\/casadecampoliving.com\/es\/#\/schema\/logo\/image\/"},"sameAs":["https:\/\/www.facebook.com\/casadecampoliving","https:\/\/x.com\/cdcliving"]},{"@type":"Person","@id":"https:\/\/casadecampoliving.com\/es\/#\/schema\/person\/5d2171637a9d11e0e43ce6b8555f9422","name":"Casa de Campo Living","image":{"@type":"ImageObject","inLanguage":"es","@id":"https:\/\/secure.gravatar.com\/avatar\/d04101fa4a9fd431e939953b1500fdc7a73cd35029f86d98712fd8ccdaebaf9a?s=96&d=mm&r=g","url":"https:\/\/secure.gravatar.com\/avatar\/d04101fa4a9fd431e939953b1500fdc7a73cd35029f86d98712fd8ccdaebaf9a?s=96&d=mm&r=g","contentUrl":"https:\/\/secure.gravatar.com\/avatar\/d04101fa4a9fd431e939953b1500fdc7a73cd35029f86d98712fd8ccdaebaf9a?s=96&d=mm&r=g","caption":"Casa de Campo Living"},"url":"https:\/\/casadecampoliving.com\/es\/author\/casa-de-campo-living\/"}]}},"parsely":{"version":"1.1.0","canonical_url":"https:\/\/casadecampoliving.com\/es\/casa-de-campo-celebra-el-sexto-latiin-america-pro-am-en-teeth-of-the-dog\/","smart_links":{"inbound":0,"outbound":0},"traffic_boost_suggestions_count":0,"meta":{"@context":"https:\/\/schema.org","@type":"NewsArticle","headline":"Casa de Campo celebra el sexto Latiin America Pro Am en Teeth of the Dog","url":"http:\/\/casadecampoliving.com\/es\/casa-de-campo-celebra-el-sexto-latiin-america-pro-am-en-teeth-of-the-dog\/","mainEntityOfPage":{"@type":"WebPage","@id":"http:\/\/casadecampoliving.com\/es\/casa-de-campo-celebra-el-sexto-latiin-america-pro-am-en-teeth-of-the-dog\/"},"thumbnailUrl":"https:\/\/i0.wp.com\/casadecampoliving.com\/wp-content\/uploads\/2022\/10\/EJ4B2277-1.jpg?resize=150%2C150&ssl=1","image":{"@type":"ImageObject","url":"https:\/\/i0.wp.com\/casadecampoliving.com\/wp-content\/uploads\/2022\/10\/EJ4B2277-1.jpg?fit=1000%2C667&ssl=1"},"articleSection":"Casa de Campo Living @es","author":[{"@type":"Person","name":"Casa de Campo Living"}],"creator":["Casa de Campo Living"],"publisher":{"@type":"Organization","name":"Casa de Campo Living","logo":"https:\/\/casadecampoliving.com\/wp-content\/uploads\/2022\/07\/CDCLivingLogo_V1-white-sized.png"},"keywords":["campos de golf","casa cares","casa de campo","featured","ganadores","latino america","manuel relancio","torneo de golf"],"dateCreated":"2020-08-17T04:00:00Z","datePublished":"2020-08-17T04:00:00Z","dateModified":"2022-11-10T13:59:53Z"},"rendered":"<script type=\"application\/ld+json\" class=\"wp-parsely-metadata\">{\"@context\":\"https:\\\/\\\/schema.org\",\"@type\":\"NewsArticle\",\"headline\":\"Casa de Campo celebra el sexto Latiin America Pro Am en Teeth of the Dog\",\"url\":\"http:\\\/\\\/casadecampoliving.com\\\/es\\\/casa-de-campo-celebra-el-sexto-latiin-america-pro-am-en-teeth-of-the-dog\\\/\",\"mainEntityOfPage\":{\"@type\":\"WebPage\",\"@id\":\"http:\\\/\\\/casadecampoliving.com\\\/es\\\/casa-de-campo-celebra-el-sexto-latiin-america-pro-am-en-teeth-of-the-dog\\\/\"},\"thumbnailUrl\":\"https:\\\/\\\/i0.wp.com\\\/casadecampoliving.com\\\/wp-content\\\/uploads\\\/2022\\\/10\\\/EJ4B2277-1.jpg?resize=150%2C150&ssl=1\",\"image\":{\"@type\":\"ImageObject\",\"url\":\"https:\\\/\\\/i0.wp.com\\\/casadecampoliving.com\\\/wp-content\\\/uploads\\\/2022\\\/10\\\/EJ4B2277-1.jpg?fit=1000%2C667&ssl=1\"},\"articleSection\":\"Casa de Campo Living @es\",\"author\":[{\"@type\":\"Person\",\"name\":\"Casa de Campo Living\"}],\"creator\":[\"Casa de Campo Living\"],\"publisher\":{\"@type\":\"Organization\",\"name\":\"Casa de Campo Living\",\"logo\":\"https:\\\/\\\/casadecampoliving.com\\\/wp-content\\\/uploads\\\/2022\\\/07\\\/CDCLivingLogo_V1-white-sized.png\"},\"keywords\":[\"campos de golf\",\"casa cares\",\"casa de campo\",\"featured\",\"ganadores\",\"latino america\",\"manuel relancio\",\"torneo de golf\"],\"dateCreated\":\"2020-08-17T04:00:00Z\",\"datePublished\":\"2020-08-17T04:00:00Z\",\"dateModified\":\"2022-11-10T13:59:53Z\"}<\/script>","tracker_url":"https:\/\/cdn.parsely.com\/keys\/casadecampoliving.com\/p.js"},"jetpack_publicize_connections":[],"jetpack_featured_media_url":"https:\/\/i0.wp.com\/casadecampoliving.com\/wp-content\/uploads\/2022\/10\/EJ4B2277-1.jpg?fit=1000%2C667&ssl=1","jetpack-related-posts":[{"id":433460,"url":"https:\/\/casadecampoliving.com\/es\/no-se-pierdan-el-increible-tributo-a-frank-sinatra-para-celebrar-el-40-aniversario-del-anfiteatro-altos-de-chavon\/","url_meta":{"origin":353830,"position":0},"title":"No se pierdan el incre\u00edble tributo a Frank Sinatra para celebrar el 40 aniversario del\u00a0Anfiteatro Altos de Chav\u00f3n","author":"Casa de Campo Living","date":"20 Oct, 2022","format":false,"excerpt":"Siendo uno de los escenarios m\u00e1s emblem\u00e1ticos del pa\u00eds, Casa de Campo Resort\u00ae & Villas celebra las cuatro d\u00e9cadas de aniversario de Altos de Chav\u00f3n con un tributo al gran Frank Sinatra, protagonizado por artistas invitados y una big band tal cual la que acompa\u00f1\u00f3 al artista hace 40 a\u00f1os\u2026","rel":"","context":"En \u00abUncategorized @es\u00bb","block_context":{"text":"Uncategorized @es","link":"https:\/\/casadecampoliving.com\/es\/category\/uncategorized-es\/"},"img":{"alt_text":"","src":"https:\/\/i0.wp.com\/casadecampoliving.com\/wp-content\/uploads\/2022\/10\/Tributo-Frank-Sinatra-Foto-Principal-Amaury-Sanchez-Danilo-Ginebra-Andres-Pichardo-y-Jose-Gabriel-Perez-.jpg?fit=1200%2C873&ssl=1&resize=350%2C200","width":350,"height":200,"srcset":"https:\/\/i0.wp.com\/casadecampoliving.com\/wp-content\/uploads\/2022\/10\/Tributo-Frank-Sinatra-Foto-Principal-Amaury-Sanchez-Danilo-Ginebra-Andres-Pichardo-y-Jose-Gabriel-Perez-.jpg?fit=1200%2C873&ssl=1&resize=350%2C200 1x, https:\/\/i0.wp.com\/casadecampoliving.com\/wp-content\/uploads\/2022\/10\/Tributo-Frank-Sinatra-Foto-Principal-Amaury-Sanchez-Danilo-Ginebra-Andres-Pichardo-y-Jose-Gabriel-Perez-.jpg?fit=1200%2C873&ssl=1&resize=525%2C300 1.5x, https:\/\/i0.wp.com\/casadecampoliving.com\/wp-content\/uploads\/2022\/10\/Tributo-Frank-Sinatra-Foto-Principal-Amaury-Sanchez-Danilo-Ginebra-Andres-Pichardo-y-Jose-Gabriel-Perez-.jpg?fit=1200%2C873&ssl=1&resize=700%2C400 2x, https:\/\/i0.wp.com\/casadecampoliving.com\/wp-content\/uploads\/2022\/10\/Tributo-Frank-Sinatra-Foto-Principal-Amaury-Sanchez-Danilo-Ginebra-Andres-Pichardo-y-Jose-Gabriel-Perez-.jpg?fit=1200%2C873&ssl=1&resize=1050%2C600 3x"},"classes":[]},{"id":345740,"url":"https:\/\/casadecampoliving.com\/es\/south-florida-pga-empieza-hoy-en-casa-de-campo\/","url_meta":{"origin":353830,"position":1},"title":"South Florida PGA empieza hoy en Casa de Campo","author":"Maria Isabel B\u00e1ez","date":"20 Oct, 2014","format":false,"excerpt":"Hoy, \u00a1el Teeth of the Dog le da la bienvenida a 100 golfistas del South Florida PGA Travel Pro-Am! M\u00e1s de 20 Profesionales del PGA y 80 aficionados del golf empiezan el Torneo Internacional del Travel Pro-Am, hoy en el Teeth of the Dog, que fue organizado por el departamento\u2026","rel":"","context":"En \u00abCasa de Campo Living @es\u00bb","block_context":{"text":"Casa de Campo Living @es","link":"https:\/\/casadecampoliving.com\/category\/casa-de-campo-living-es\/"},"img":{"alt_text":"Teeth of the Dog, Casa de Campo","src":"https:\/\/i0.wp.com\/casadecampoliving.com\/wp-content\/uploads\/2022\/10\/Teeth_of_the_Dog_Casa_de_Campo1-1.jpg?fit=650%2C408&ssl=1&resize=350%2C200","width":350,"height":200,"srcset":"https:\/\/i0.wp.com\/casadecampoliving.com\/wp-content\/uploads\/2022\/10\/Teeth_of_the_Dog_Casa_de_Campo1-1.jpg?fit=650%2C408&ssl=1&resize=350%2C200 1x, https:\/\/i0.wp.com\/casadecampoliving.com\/wp-content\/uploads\/2022\/10\/Teeth_of_the_Dog_Casa_de_Campo1-1.jpg?fit=650%2C408&ssl=1&resize=525%2C300 1.5x"},"classes":[]},{"id":353508,"url":"https:\/\/casadecampoliving.com\/es\/atencion-a-los-golfistas-el-campo-de-golf-de-teeth-of-the-dog-esta-abierto-otravez\/","url_meta":{"origin":353830,"position":2},"title":"Atenci\u00f3n a los golfistas: \u00a1El campo de golf de Teeth of the Dog esta abierto otravez!","author":"Casa de Campo Living","date":"29 Jul, 2019","format":false,"excerpt":"\u00a1El impresionante y desafiante Teeth of the Dog de Casa de Campo ha completado la segunda etapa de su programa de mantenimiento anual y est\u00e1 listo para recibir a los entusiastas del golf de todo el mundo! Cada a\u00f1o, cada uno de los campos de golf de Casa de Campo\u2026","rel":"","context":"En \u00abDeportes\u00bb","block_context":{"text":"Deportes","link":"https:\/\/casadecampoliving.com\/es\/category\/golf-deportes-es\/"},"img":{"alt_text":"","src":"","width":0,"height":0},"classes":[]},{"id":532257,"url":"https:\/\/casadecampoliving.com\/es\/todo-listo-para-la-10ma-edicion-del-latin-america-pro-am\/","url_meta":{"origin":353830,"position":3},"title":"Todo listo para la 10ma edici\u00f3n del Latin America Pro Am","author":"Casa de Campo Living","date":"24 Jul, 2024","format":false,"excerpt":"Casa de Campo Resort & Villas ser\u00e1 el escenario de la 10\u00aa edici\u00f3n del Latin America Pro Am, que se llevar\u00e1 a cabo del 19 al 24 de agosto de 2024. Este prestigioso torneo, uno de los eventos destacados en el calendario de golf del Caribe, se jugar\u00e1 en los\u2026","rel":"","context":"En \u00abCasa de Campo Resort &amp; Villas\u00bb","block_context":{"text":"Casa de Campo Resort &amp; Villas","link":"https:\/\/casadecampoliving.com\/es\/category\/casa-de-campo-resort-villas\/"},"img":{"alt_text":"","src":"https:\/\/i0.wp.com\/casadecampoliving.com\/wp-content\/uploads\/2024\/07\/Latin-America-Pro-Am-20216014361CDCLAPA21c-scaled.jpg?fit=1200%2C676&ssl=1&resize=350%2C200","width":350,"height":200,"srcset":"https:\/\/i0.wp.com\/casadecampoliving.com\/wp-content\/uploads\/2024\/07\/Latin-America-Pro-Am-20216014361CDCLAPA21c-scaled.jpg?fit=1200%2C676&ssl=1&resize=350%2C200 1x, https:\/\/i0.wp.com\/casadecampoliving.com\/wp-content\/uploads\/2024\/07\/Latin-America-Pro-Am-20216014361CDCLAPA21c-scaled.jpg?fit=1200%2C676&ssl=1&resize=525%2C300 1.5x, https:\/\/i0.wp.com\/casadecampoliving.com\/wp-content\/uploads\/2024\/07\/Latin-America-Pro-Am-20216014361CDCLAPA21c-scaled.jpg?fit=1200%2C676&ssl=1&resize=700%2C400 2x, https:\/\/i0.wp.com\/casadecampoliving.com\/wp-content\/uploads\/2024\/07\/Latin-America-Pro-Am-20216014361CDCLAPA21c-scaled.jpg?fit=1200%2C676&ssl=1&resize=1050%2C600 3x"},"classes":[]},{"id":533085,"url":"https:\/\/casadecampoliving.com\/es\/mexico-y-puerto-rico-triunfan-en-el-latin-america-pro-am-2024\/","url_meta":{"origin":353830,"position":4},"title":"M\u00e9xico y Puerto Rico triunfan en el Latin America Pro-Am 2024","author":"Casa de Campo Living","date":"6 Sep, 2024","format":false,"excerpt":"El Latin America Pro-Am se llev\u00f3 a cabo del 19 al 24 de agosto de 2024 en Casa de Campo Resort & Villas, en la Rep\u00fablica Dominicana. Golfistas de toda la regi\u00f3n compitieron en los campos Teeth of the Dog y Dye Fore, conocidos por sus vistas impresionantes y sus\u2026","rel":"","context":"En \u00abCasa de Campo Resort &amp; Villas\u00bb","block_context":{"text":"Casa de Campo Resort &amp; Villas","link":"https:\/\/casadecampoliving.com\/es\/category\/casa-de-campo-resort-villas\/"},"img":{"alt_text":"","src":"https:\/\/i0.wp.com\/casadecampoliving.com\/wp-content\/uploads\/2024\/09\/Latin-America-Pro-Am-2024.jpg?fit=1200%2C800&ssl=1&resize=350%2C200","width":350,"height":200,"srcset":"https:\/\/i0.wp.com\/casadecampoliving.com\/wp-content\/uploads\/2024\/09\/Latin-America-Pro-Am-2024.jpg?fit=1200%2C800&ssl=1&resize=350%2C200 1x, https:\/\/i0.wp.com\/casadecampoliving.com\/wp-content\/uploads\/2024\/09\/Latin-America-Pro-Am-2024.jpg?fit=1200%2C800&ssl=1&resize=525%2C300 1.5x, https:\/\/i0.wp.com\/casadecampoliving.com\/wp-content\/uploads\/2024\/09\/Latin-America-Pro-Am-2024.jpg?fit=1200%2C800&ssl=1&resize=700%2C400 2x, https:\/\/i0.wp.com\/casadecampoliving.com\/wp-content\/uploads\/2024\/09\/Latin-America-Pro-Am-2024.jpg?fit=1200%2C800&ssl=1&resize=1050%2C600 3x"},"classes":[]},{"id":345195,"url":"https:\/\/casadecampoliving.com\/es\/southfloridapgadeviaje\/","url_meta":{"origin":353830,"position":5},"title":"South Florida PGA de Viaje en Casa de Campo!","author":"Maria Isabel B\u00e1ez","date":"31 Ago, 2014","format":false,"excerpt":"Casa de Campo se ha convertido en una sede para todo tipo de competencias internacionales\u2026 Y ahora estamos muy emocionados de comunicarle a todos los amantes del golf en Casa, \u00a1que viene otro torneo internacional de golf- el South Florida PGA Pro-Am! Este evento tomar\u00e1 lugar en nuestro peque\u00f1o para\u00edso\u2026","rel":"","context":"En \u00abCasa de Campo Living @es\u00bb","block_context":{"text":"Casa de Campo Living @es","link":"https:\/\/casadecampoliving.com\/category\/casa-de-campo-living-es\/"},"img":{"alt_text":"","src":"https:\/\/i0.wp.com\/casadecampoliving.com\/wp-content\/uploads\/2022\/10\/i-LW9F9wM-L-1.jpg?fit=800%2C534&ssl=1&resize=350%2C200","width":350,"height":200,"srcset":"https:\/\/i0.wp.com\/casadecampoliving.com\/wp-content\/uploads\/2022\/10\/i-LW9F9wM-L-1.jpg?fit=800%2C534&ssl=1&resize=350%2C200 1x, https:\/\/i0.wp.com\/casadecampoliving.com\/wp-content\/uploads\/2022\/10\/i-LW9F9wM-L-1.jpg?fit=800%2C534&ssl=1&resize=525%2C300 1.5x, https:\/\/i0.wp.com\/casadecampoliving.com\/wp-content\/uploads\/2022\/10\/i-LW9F9wM-L-1.jpg?fit=800%2C534&ssl=1&resize=700%2C400 2x"},"classes":[]}],"jetpack_sharing_enabled":true,"_links":{"self":[{"href":"https:\/\/casadecampoliving.com\/es\/wp-json\/wp\/v2\/posts\/353830","targetHints":{"allow":["GET"]}}],"collection":[{"href":"https:\/\/casadecampoliving.com\/es\/wp-json\/wp\/v2\/posts"}],"about":[{"href":"https:\/\/casadecampoliving.com\/es\/wp-json\/wp\/v2\/types\/post"}],"author":[{"embeddable":true,"href":"https:\/\/casadecampoliving.com\/es\/wp-json\/wp\/v2\/users\/36791"}],"replies":[{"embeddable":true,"href":"https:\/\/casadecampoliving.com\/es\/wp-json\/wp\/v2\/comments?post=353830"}],"version-history":[{"count":1,"href":"https:\/\/casadecampoliving.com\/es\/wp-json\/wp\/v2\/posts\/353830\/revisions"}],"predecessor-version":[{"id":503552,"href":"https:\/\/casadecampoliving.com\/es\/wp-json\/wp\/v2\/posts\/353830\/revisions\/503552"}],"wp:featuredmedia":[{"embeddable":true,"href":"https:\/\/casadecampoliving.com\/es\/wp-json\/wp\/v2\/media\/332138"}],"wp:attachment":[{"href":"https:\/\/casadecampoliving.com\/es\/wp-json\/wp\/v2\/media?parent=353830"}],"wp:term":[{"taxonomy":"category","embeddable":true,"href":"https:\/\/casadecampoliving.com\/es\/wp-json\/wp\/v2\/categories?post=353830"},{"taxonomy":"post_tag","embeddable":true,"href":"https:\/\/casadecampoliving.com\/es\/wp-json\/wp\/v2\/tags?post=353830"},{"taxonomy":"newspack_spnsrs_tax","embeddable":true,"href":"https:\/\/casadecampoliving.com\/es\/wp-json\/wp\/v2\/newspack_spnsrs_tax?post=353830"}],"curies":[{"name":"wp","href":"https:\/\/api.w.org\/{rel}","templated":true}]}}