{"id":353823,"date":"2020-08-12T00:00:00","date_gmt":"2020-08-12T04:00:00","guid":{"rendered":"https:\/\/casadecampoliving.com\/fundacion-altice-beneficiara-a-mas-de-1800-estudiantes-de-las-escuelas-de-fundacion-mir-con-internet-gratis\/"},"modified":"2022-10-21T19:13:17","modified_gmt":"2022-10-21T23:13:17","slug":"fundacion-altice-beneficiara-a-mas-de-1800-estudiantes-de-las-escuelas-de-fundacion-mir-con-internet-gratis","status":"publish","type":"post","link":"https:\/\/casadecampoliving.com\/es\/fundacion-altice-beneficiara-a-mas-de-1800-estudiantes-de-las-escuelas-de-fundacion-mir-con-internet-gratis\/","title":{"rendered":"Fundaci\u00f3n Altice beneficiar\u00e1 a m\u00e1s de 1,800 estudiantes de las escuelas de Fundaci\u00f3n MIR con internet gratis"},"content":{"rendered":"\n<p>La empresa de telecomunicaciones Altice, a trav\u00e9s de su Fundaci\u00f3n, inform\u00f3 este viernes que firm\u00f3 un acuerdo con la Fundaci\u00f3n MIR para la instalaci\u00f3n y provisi\u00f3n gratuita de internet de alta velocidad por 3 a\u00f1os, para los dos centros educativos en los que reciben formaci\u00f3n m\u00e1s de 1,800 estudiantes.<\/p>\n\n\n\n<p>En un encuentro realizado en las instalaciones de la Fundaci\u00f3n MIR Esperanza ambas entidades acordaron que Altice proveer\u00e1 el servicio de internet de 100 Mbps a los planteles escolares Fundaci\u00f3n MIR y MIR Esperanza, cuya propuesta curricular se cimenta en una formaci\u00f3n t\u00e9cnica que apunta a la productividad e inserci\u00f3n en el mercado laboral.<\/p>\n\n\n<div class=\"wp-block-image\">\n<figure class=\"aligncenter is-resized\"><img loading=\"lazy\" decoding=\"async\" data-attachment-id=\"206256\" data-permalink=\"https:\/\/casadecampoliving.com\/es\/dsc_4843\/\" data-orig-file=\"https:\/\/i0.wp.com\/casadecampoliving.com\/wp-content\/uploads\/2020\/08\/DSC_4843.jpg?fit=1000%2C667&amp;ssl=1\" data-orig-size=\"1000,667\" data-comments-opened=\"0\" data-image-meta=\"{&quot;aperture&quot;:&quot;2.8&quot;,&quot;credit&quot;:&quot;&quot;,&quot;camera&quot;:&quot;NIKON D750&quot;,&quot;caption&quot;:&quot;&quot;,&quot;created_timestamp&quot;:&quot;1596799118&quot;,&quot;copyright&quot;:&quot;&quot;,&quot;focal_length&quot;:&quot;70&quot;,&quot;iso&quot;:&quot;500&quot;,&quot;shutter_speed&quot;:&quot;0.0025&quot;,&quot;title&quot;:&quot;&quot;,&quot;orientation&quot;:&quot;1&quot;}\" data-image-title=\"DSC_4843\" data-image-description=\"\" data-image-caption=\"\" data-large-file=\"https:\/\/i0.wp.com\/casadecampoliving.com\/wp-content\/uploads\/2020\/08\/DSC_4843.jpg?fit=1000%2C667&amp;ssl=1\" src=\"https:\/\/i0.wp.com\/casadecampoliving.com\/wp-content\/uploads\/2022\/10\/DSC_4843-1.jpg?resize=1000%2C667&amp;ssl=1\" alt=\"\" class=\"wp-image-206256\" height=\"667\" width=\"1000\"\/><\/figure>\n<\/div>\n\n\n<p><strong>Ana Figueiredo<\/strong>, CEO de Altice, indic\u00f3 que el objetivo es otorgar acceso libre y gratis a internet en las diferentes aulas de estudios digitales en dichos planteles, lo que permitir\u00e1 un mayor y eficiente desarrollo de los programas de capacitaci\u00f3n t\u00e9cnica e inform\u00e1tica, as\u00ed como del soporte para aprendizaje de materias curriculares claves.<\/p>\n\n\n\n<p>Para tales fines, la empresa ofrecer\u00e1 charlas y entrenamientos de capacitaci\u00f3n en beneficio de la Fundaci\u00f3n Mir y el contenido&nbsp;ser\u00e1 adaptado a las necesidades educativas de los planteles, centr\u00e1ndose en conocimientos basados en Inform\u00e1tica (hardware, software), desarrollo de APP, uso de las tecnolog\u00edas, entre otros.<\/p>\n\n\n\n<p>La Sra.<strong> Lian Fanjul de Azqueta<\/strong>, presidenta fundadora de la Fundaci\u00f3n MIR, junto a la Sra.<strong>Lyanne Azqueta Fanjul<\/strong> agradecieron, &nbsp;en nombre de la entidad, de los estudiantes y los padres, por esta colaboraci\u00f3n que Altice Dominicana est\u00e1 realizando y que permitir\u00e1 una formaci\u00f3n m\u00e1s \u00e1gil y acorde a la realidad actual que vive el pa\u00eds y el mundo de recurrir a la tecnolog\u00eda para garantizar una continuidad formativa.<\/p>\n\n\n<div class=\"wp-block-image\">\n<figure class=\"aligncenter is-resized\"><img loading=\"lazy\" decoding=\"async\" data-attachment-id=\"206262\" data-permalink=\"https:\/\/casadecampoliving.com\/es\/dsc_4924\/\" data-orig-file=\"https:\/\/i0.wp.com\/casadecampoliving.com\/wp-content\/uploads\/2020\/08\/DSC_4924.jpg?fit=1000%2C667&amp;ssl=1\" data-orig-size=\"1000,667\" data-comments-opened=\"0\" data-image-meta=\"{&quot;aperture&quot;:&quot;2.8&quot;,&quot;credit&quot;:&quot;&quot;,&quot;camera&quot;:&quot;NIKON D750&quot;,&quot;caption&quot;:&quot;&quot;,&quot;created_timestamp&quot;:&quot;1596800393&quot;,&quot;copyright&quot;:&quot;&quot;,&quot;focal_length&quot;:&quot;40&quot;,&quot;iso&quot;:&quot;500&quot;,&quot;shutter_speed&quot;:&quot;0.003125&quot;,&quot;title&quot;:&quot;&quot;,&quot;orientation&quot;:&quot;1&quot;}\" data-image-title=\"DSC_4924\" data-image-description=\"\" data-image-caption=\"\" data-large-file=\"https:\/\/i0.wp.com\/casadecampoliving.com\/wp-content\/uploads\/2020\/08\/DSC_4924.jpg?fit=1000%2C667&amp;ssl=1\" src=\"https:\/\/i0.wp.com\/casadecampoliving.com\/wp-content\/uploads\/2022\/10\/DSC_4924-1.jpg?resize=1000%2C667&amp;ssl=1\" alt=\"\" class=\"wp-image-206262\" height=\"667\" width=\"1000\"\/><\/figure>\n<\/div>\n\n\n<p>\u201cComo parte de nuestra estrategia de intervenci\u00f3n en materia de responsabilidad social y sostenibilidad, uno de los pilares en los que se enfoca la inversi\u00f3n social de Altice es en crear impacto y desarrollo en educaci\u00f3n digital de calidad\u201d, destac\u00f3 Ana Figueiredo, CEO de Altice.&nbsp;<\/p>\n\n\n\n<p>Manifest\u00f3 que la educaci\u00f3n en materia digital, como inclusi\u00f3n social, ayuda a disminuir la brecha digital en la Rep\u00fablica Dominicana. Esta es la raz\u00f3n por la que&nbsp; Fundaci\u00f3n Altice trabaja aporte de conectividad en salas digitales para organizaciones como Fundaci\u00f3n MIR que genera desarrollo educativo con excelentes resultados para j\u00f3venes dominicanos.&nbsp;<\/p>\n\n\n\n<p><em>[Fotos cortesia de Fundaci\u00f3n MIR]<\/em><\/p>\n","protected":false},"excerpt":{"rendered":"<p>La empresa de telecomunicaciones Altice, a trav\u00e9s de su Fundaci\u00f3n, inform\u00f3 este viernes que firm\u00f3 un acuerdo con la Fundaci\u00f3n MIR para la instalaci\u00f3n y provisi\u00f3n gratuita de internet de alta velocidad por 3 a\u00f1os, para los dos centros educativos en los que reciben formaci\u00f3n m\u00e1s de 1,800 estudiantes. En un encuentro realizado en las [&hellip;]<\/p>\n","protected":false},"author":36791,"featured_media":332117,"comment_status":"closed","ping_status":"open","sticky":false,"template":"","format":"standard","meta":{"newspack_ads_suppress_ads":false,"newspack_popups_has_disabled_popups":false,"newspack_sponsor_sponsorship_scope":"","newspack_sponsor_native_byline_display":"inherit","newspack_sponsor_native_category_display":"inherit","newspack_sponsor_underwriter_style":"inherit","newspack_sponsor_underwriter_placement":"inherit","_newspack_byline_active":false,"_newspack_byline":"","newspack_hide_updated_date":false,"newspack_show_updated_date":false,"newspack_content_restriction_is_exempt":false,"newspack_featured_image_position":"","newspack_post_subtitle":"","newspack_article_summary_title":"Overview:","newspack_article_summary":"","_jetpack_memberships_contains_paid_content":false,"footnotes":"","jetpack_publicize_message":"","jetpack_publicize_feature_enabled":true,"jetpack_social_post_already_shared":false,"jetpack_social_options":{"image_generator_settings":{"template":"highway","default_image_id":0,"font":"","enabled":false},"version":2},"_wpas_customize_per_network":false},"categories":[26936,26954,2515,2514,2507,2506,14625,2521,2526],"tags":[12278,14736,3577,1959,24913],"newspack_spnsrs_tax":[],"class_list":["post-353823","post","type-post","status-publish","format-standard","has-post-thumbnail","hentry","category-casa-de-campo-living-es","category-comunidad-casa-de-campo-living-es","category-fundacion-mir-es","category-fundaciones-es","category-la-romana-es","category-mas-alla-de-casa-es","category-noticias-locales","category-republica-dominicana-2","category-titulares-es","tag-donacion","tag-featured-topview-es","tag-fundacion-mir-es-2","tag-lian-fanjul-de-azqueta","tag-lyanne-azqueta-fanjul","entry"],"yoast_head":"<!-- This site is optimized with the Yoast SEO plugin v27.4 - https:\/\/yoast.com\/product\/yoast-seo-wordpress\/ -->\n<title>Fundaci\u00f3n Altice beneficiar\u00e1 a m\u00e1s de 1,800 estudiantes de las escuelas de Fundaci\u00f3n MIR con internet gratis | Casa de Campo Living<\/title>\n<meta name=\"description\" content=\"La empresa de telecomunicaciones Altice, a trav\u00e9s de su Fundaci\u00f3n, inform\u00f3 este viernes que firm\u00f3 un acuerdo con la Fundaci\u00f3n MIR para la instalaci\u00f3n y\" \/>\n<meta name=\"robots\" content=\"index, follow, max-snippet:-1, max-image-preview:large, max-video-preview:-1\" \/>\n<link rel=\"canonical\" href=\"https:\/\/casadecampoliving.com\/es\/fundacion-altice-beneficiara-a-mas-de-1800-estudiantes-de-las-escuelas-de-fundacion-mir-con-internet-gratis\/\" \/>\n<meta property=\"og:locale\" content=\"es_ES\" \/>\n<meta property=\"og:type\" content=\"article\" \/>\n<meta property=\"og:title\" content=\"Fundaci\u00f3n Altice beneficiar\u00e1 a m\u00e1s de 1,800 estudiantes de las escuelas de Fundaci\u00f3n MIR con internet gratis | Casa de Campo Living\" \/>\n<meta property=\"og:description\" content=\"La empresa de telecomunicaciones Altice, a trav\u00e9s de su Fundaci\u00f3n, inform\u00f3 este viernes que firm\u00f3 un acuerdo con la Fundaci\u00f3n MIR para la instalaci\u00f3n y\" \/>\n<meta property=\"og:url\" content=\"https:\/\/casadecampoliving.com\/es\/fundacion-altice-beneficiara-a-mas-de-1800-estudiantes-de-las-escuelas-de-fundacion-mir-con-internet-gratis\/\" \/>\n<meta property=\"og:site_name\" content=\"Casa de Campo Living\" \/>\n<meta property=\"article:publisher\" content=\"https:\/\/www.facebook.com\/casadecampoliving\" \/>\n<meta property=\"article:published_time\" content=\"2020-08-12T04:00:00+00:00\" \/>\n<meta property=\"article:modified_time\" content=\"2022-10-21T23:13:17+00:00\" \/>\n<meta property=\"og:image\" content=\"https:\/\/i0.wp.com\/casadecampoliving.com\/wp-content\/uploads\/2022\/10\/DSC_4961-1.jpg?fit=1000%2C667&ssl=1\" \/>\n\t<meta property=\"og:image:width\" content=\"1000\" \/>\n\t<meta property=\"og:image:height\" content=\"667\" \/>\n\t<meta property=\"og:image:type\" content=\"image\/jpeg\" \/>\n<meta name=\"author\" content=\"Casa de Campo Living\" \/>\n<meta name=\"twitter:card\" content=\"summary_large_image\" \/>\n<meta name=\"twitter:creator\" content=\"@cdcliving\" \/>\n<meta name=\"twitter:site\" content=\"@cdcliving\" \/>\n<meta name=\"twitter:label1\" content=\"Escrito por\" \/>\n\t<meta name=\"twitter:data1\" content=\"Casa de Campo Living\" \/>\n\t<meta name=\"twitter:label2\" content=\"Tiempo de lectura\" \/>\n\t<meta name=\"twitter:data2\" content=\"2 minutos\" \/>\n<script type=\"application\/ld+json\" class=\"yoast-schema-graph\">{\"@context\":\"https:\\\/\\\/schema.org\",\"@graph\":[{\"@type\":\"Article\",\"@id\":\"https:\\\/\\\/casadecampoliving.com\\\/es\\\/fundacion-altice-beneficiara-a-mas-de-1800-estudiantes-de-las-escuelas-de-fundacion-mir-con-internet-gratis\\\/#article\",\"isPartOf\":{\"@id\":\"https:\\\/\\\/casadecampoliving.com\\\/es\\\/fundacion-altice-beneficiara-a-mas-de-1800-estudiantes-de-las-escuelas-de-fundacion-mir-con-internet-gratis\\\/\"},\"author\":{\"name\":\"Casa de Campo Living\",\"@id\":\"https:\\\/\\\/casadecampoliving.com\\\/es\\\/#\\\/schema\\\/person\\\/5d2171637a9d11e0e43ce6b8555f9422\"},\"headline\":\"Fundaci\u00f3n Altice beneficiar\u00e1 a m\u00e1s de 1,800 estudiantes de las escuelas de Fundaci\u00f3n MIR con internet gratis\",\"datePublished\":\"2020-08-12T04:00:00+00:00\",\"dateModified\":\"2022-10-21T23:13:17+00:00\",\"mainEntityOfPage\":{\"@id\":\"https:\\\/\\\/casadecampoliving.com\\\/es\\\/fundacion-altice-beneficiara-a-mas-de-1800-estudiantes-de-las-escuelas-de-fundacion-mir-con-internet-gratis\\\/\"},\"wordCount\":431,\"publisher\":{\"@id\":\"https:\\\/\\\/casadecampoliving.com\\\/es\\\/#organization\"},\"image\":{\"@id\":\"https:\\\/\\\/casadecampoliving.com\\\/es\\\/fundacion-altice-beneficiara-a-mas-de-1800-estudiantes-de-las-escuelas-de-fundacion-mir-con-internet-gratis\\\/#primaryimage\"},\"thumbnailUrl\":\"https:\\\/\\\/i0.wp.com\\\/casadecampoliving.com\\\/wp-content\\\/uploads\\\/2022\\\/10\\\/DSC_4961-1.jpg?fit=1000%2C667&ssl=1\",\"keywords\":[\"Donaci\u00f3n\",\"Featured-TopView @es\",\"Fundacion MIR @es\",\"lian fanjul de azqueta\",\"Lyanne Azqueta Fanjul\"],\"articleSection\":[\"Casa de Campo Living @es\",\"Comunidad\",\"Fundaci\u00f3n MIR @es\",\"Fundaciones\",\"La Romana @es\",\"M\u00e1s all\u00e1 de Casa\",\"Noticias Locales\",\"Rep\u00fablica Dominicana @es\",\"Titulares\"],\"inLanguage\":\"es\"},{\"@type\":\"WebPage\",\"@id\":\"https:\\\/\\\/casadecampoliving.com\\\/es\\\/fundacion-altice-beneficiara-a-mas-de-1800-estudiantes-de-las-escuelas-de-fundacion-mir-con-internet-gratis\\\/\",\"url\":\"https:\\\/\\\/casadecampoliving.com\\\/es\\\/fundacion-altice-beneficiara-a-mas-de-1800-estudiantes-de-las-escuelas-de-fundacion-mir-con-internet-gratis\\\/\",\"name\":\"Fundaci\u00f3n Altice beneficiar\u00e1 a m\u00e1s de 1,800 estudiantes de las escuelas de Fundaci\u00f3n MIR con internet gratis | Casa de Campo Living\",\"isPartOf\":{\"@id\":\"https:\\\/\\\/casadecampoliving.com\\\/es\\\/#website\"},\"primaryImageOfPage\":{\"@id\":\"https:\\\/\\\/casadecampoliving.com\\\/es\\\/fundacion-altice-beneficiara-a-mas-de-1800-estudiantes-de-las-escuelas-de-fundacion-mir-con-internet-gratis\\\/#primaryimage\"},\"image\":{\"@id\":\"https:\\\/\\\/casadecampoliving.com\\\/es\\\/fundacion-altice-beneficiara-a-mas-de-1800-estudiantes-de-las-escuelas-de-fundacion-mir-con-internet-gratis\\\/#primaryimage\"},\"thumbnailUrl\":\"https:\\\/\\\/i0.wp.com\\\/casadecampoliving.com\\\/wp-content\\\/uploads\\\/2022\\\/10\\\/DSC_4961-1.jpg?fit=1000%2C667&ssl=1\",\"datePublished\":\"2020-08-12T04:00:00+00:00\",\"dateModified\":\"2022-10-21T23:13:17+00:00\",\"description\":\"La empresa de telecomunicaciones Altice, a trav\u00e9s de su Fundaci\u00f3n, inform\u00f3 este viernes que firm\u00f3 un acuerdo con la Fundaci\u00f3n MIR para la instalaci\u00f3n y\",\"breadcrumb\":{\"@id\":\"https:\\\/\\\/casadecampoliving.com\\\/es\\\/fundacion-altice-beneficiara-a-mas-de-1800-estudiantes-de-las-escuelas-de-fundacion-mir-con-internet-gratis\\\/#breadcrumb\"},\"inLanguage\":\"es\",\"potentialAction\":[{\"@type\":\"ReadAction\",\"target\":[\"https:\\\/\\\/casadecampoliving.com\\\/es\\\/fundacion-altice-beneficiara-a-mas-de-1800-estudiantes-de-las-escuelas-de-fundacion-mir-con-internet-gratis\\\/\"]}]},{\"@type\":\"ImageObject\",\"inLanguage\":\"es\",\"@id\":\"https:\\\/\\\/casadecampoliving.com\\\/es\\\/fundacion-altice-beneficiara-a-mas-de-1800-estudiantes-de-las-escuelas-de-fundacion-mir-con-internet-gratis\\\/#primaryimage\",\"url\":\"https:\\\/\\\/i0.wp.com\\\/casadecampoliving.com\\\/wp-content\\\/uploads\\\/2022\\\/10\\\/DSC_4961-1.jpg?fit=1000%2C667&ssl=1\",\"contentUrl\":\"https:\\\/\\\/i0.wp.com\\\/casadecampoliving.com\\\/wp-content\\\/uploads\\\/2022\\\/10\\\/DSC_4961-1.jpg?fit=1000%2C667&ssl=1\",\"width\":1000,\"height\":667},{\"@type\":\"BreadcrumbList\",\"@id\":\"https:\\\/\\\/casadecampoliving.com\\\/es\\\/fundacion-altice-beneficiara-a-mas-de-1800-estudiantes-de-las-escuelas-de-fundacion-mir-con-internet-gratis\\\/#breadcrumb\",\"itemListElement\":[{\"@type\":\"ListItem\",\"position\":1,\"name\":\"Home\",\"item\":\"https:\\\/\\\/casadecampoliving.com\\\/es\\\/\"},{\"@type\":\"ListItem\",\"position\":2,\"name\":\"Fundaci\u00f3n Altice beneficiar\u00e1 a m\u00e1s de 1,800 estudiantes de las escuelas de Fundaci\u00f3n MIR con internet gratis\"}]},{\"@type\":\"WebSite\",\"@id\":\"https:\\\/\\\/casadecampoliving.com\\\/es\\\/#website\",\"url\":\"https:\\\/\\\/casadecampoliving.com\\\/es\\\/\",\"name\":\"Casa de Campo Living\",\"description\":\"Resort community news and resources.\",\"publisher\":{\"@id\":\"https:\\\/\\\/casadecampoliving.com\\\/es\\\/#organization\"},\"potentialAction\":[{\"@type\":\"SearchAction\",\"target\":{\"@type\":\"EntryPoint\",\"urlTemplate\":\"https:\\\/\\\/casadecampoliving.com\\\/es\\\/?s={search_term_string}\"},\"query-input\":{\"@type\":\"PropertyValueSpecification\",\"valueRequired\":true,\"valueName\":\"search_term_string\"}}],\"inLanguage\":\"es\"},{\"@type\":\"Organization\",\"@id\":\"https:\\\/\\\/casadecampoliving.com\\\/es\\\/#organization\",\"name\":\"Casa de Campo Living\",\"url\":\"https:\\\/\\\/casadecampoliving.com\\\/es\\\/\",\"logo\":{\"@type\":\"ImageObject\",\"inLanguage\":\"es\",\"@id\":\"https:\\\/\\\/casadecampoliving.com\\\/es\\\/#\\\/schema\\\/logo\\\/image\\\/\",\"url\":\"https:\\\/\\\/i0.wp.com\\\/casadecampoliving.com\\\/wp-content\\\/uploads\\\/2022\\\/07\\\/CDCLivingLogo_V1-white-sized.png?fit=800%2C214&ssl=1\",\"contentUrl\":\"https:\\\/\\\/i0.wp.com\\\/casadecampoliving.com\\\/wp-content\\\/uploads\\\/2022\\\/07\\\/CDCLivingLogo_V1-white-sized.png?fit=800%2C214&ssl=1\",\"width\":800,\"height\":214,\"caption\":\"Casa de Campo Living\"},\"image\":{\"@id\":\"https:\\\/\\\/casadecampoliving.com\\\/es\\\/#\\\/schema\\\/logo\\\/image\\\/\"},\"sameAs\":[\"https:\\\/\\\/www.facebook.com\\\/casadecampoliving\",\"https:\\\/\\\/x.com\\\/cdcliving\"]},{\"@type\":\"Person\",\"@id\":\"https:\\\/\\\/casadecampoliving.com\\\/es\\\/#\\\/schema\\\/person\\\/5d2171637a9d11e0e43ce6b8555f9422\",\"name\":\"Casa de Campo Living\",\"image\":{\"@type\":\"ImageObject\",\"inLanguage\":\"es\",\"@id\":\"https:\\\/\\\/secure.gravatar.com\\\/avatar\\\/d04101fa4a9fd431e939953b1500fdc7a73cd35029f86d98712fd8ccdaebaf9a?s=96&d=mm&r=g\",\"url\":\"https:\\\/\\\/secure.gravatar.com\\\/avatar\\\/d04101fa4a9fd431e939953b1500fdc7a73cd35029f86d98712fd8ccdaebaf9a?s=96&d=mm&r=g\",\"contentUrl\":\"https:\\\/\\\/secure.gravatar.com\\\/avatar\\\/d04101fa4a9fd431e939953b1500fdc7a73cd35029f86d98712fd8ccdaebaf9a?s=96&d=mm&r=g\",\"caption\":\"Casa de Campo Living\"},\"url\":\"https:\\\/\\\/casadecampoliving.com\\\/es\\\/author\\\/casa-de-campo-living\\\/\"}]}<\/script>\n<!-- \/ Yoast SEO plugin. -->","yoast_head_json":{"title":"Fundaci\u00f3n Altice beneficiar\u00e1 a m\u00e1s de 1,800 estudiantes de las escuelas de Fundaci\u00f3n MIR con internet gratis | Casa de Campo Living","description":"La empresa de telecomunicaciones Altice, a trav\u00e9s de su Fundaci\u00f3n, inform\u00f3 este viernes que firm\u00f3 un acuerdo con la Fundaci\u00f3n MIR para la instalaci\u00f3n y","robots":{"index":"index","follow":"follow","max-snippet":"max-snippet:-1","max-image-preview":"max-image-preview:large","max-video-preview":"max-video-preview:-1"},"canonical":"https:\/\/casadecampoliving.com\/es\/fundacion-altice-beneficiara-a-mas-de-1800-estudiantes-de-las-escuelas-de-fundacion-mir-con-internet-gratis\/","og_locale":"es_ES","og_type":"article","og_title":"Fundaci\u00f3n Altice beneficiar\u00e1 a m\u00e1s de 1,800 estudiantes de las escuelas de Fundaci\u00f3n MIR con internet gratis | Casa de Campo Living","og_description":"La empresa de telecomunicaciones Altice, a trav\u00e9s de su Fundaci\u00f3n, inform\u00f3 este viernes que firm\u00f3 un acuerdo con la Fundaci\u00f3n MIR para la instalaci\u00f3n y","og_url":"https:\/\/casadecampoliving.com\/es\/fundacion-altice-beneficiara-a-mas-de-1800-estudiantes-de-las-escuelas-de-fundacion-mir-con-internet-gratis\/","og_site_name":"Casa de Campo Living","article_publisher":"https:\/\/www.facebook.com\/casadecampoliving","article_published_time":"2020-08-12T04:00:00+00:00","article_modified_time":"2022-10-21T23:13:17+00:00","og_image":[{"width":1000,"height":667,"url":"https:\/\/i0.wp.com\/casadecampoliving.com\/wp-content\/uploads\/2022\/10\/DSC_4961-1.jpg?fit=1000%2C667&ssl=1","type":"image\/jpeg"}],"author":"Casa de Campo Living","twitter_card":"summary_large_image","twitter_creator":"@cdcliving","twitter_site":"@cdcliving","twitter_misc":{"Escrito por":"Casa de Campo Living","Tiempo de lectura":"2 minutos"},"schema":{"@context":"https:\/\/schema.org","@graph":[{"@type":"Article","@id":"https:\/\/casadecampoliving.com\/es\/fundacion-altice-beneficiara-a-mas-de-1800-estudiantes-de-las-escuelas-de-fundacion-mir-con-internet-gratis\/#article","isPartOf":{"@id":"https:\/\/casadecampoliving.com\/es\/fundacion-altice-beneficiara-a-mas-de-1800-estudiantes-de-las-escuelas-de-fundacion-mir-con-internet-gratis\/"},"author":{"name":"Casa de Campo Living","@id":"https:\/\/casadecampoliving.com\/es\/#\/schema\/person\/5d2171637a9d11e0e43ce6b8555f9422"},"headline":"Fundaci\u00f3n Altice beneficiar\u00e1 a m\u00e1s de 1,800 estudiantes de las escuelas de Fundaci\u00f3n MIR con internet gratis","datePublished":"2020-08-12T04:00:00+00:00","dateModified":"2022-10-21T23:13:17+00:00","mainEntityOfPage":{"@id":"https:\/\/casadecampoliving.com\/es\/fundacion-altice-beneficiara-a-mas-de-1800-estudiantes-de-las-escuelas-de-fundacion-mir-con-internet-gratis\/"},"wordCount":431,"publisher":{"@id":"https:\/\/casadecampoliving.com\/es\/#organization"},"image":{"@id":"https:\/\/casadecampoliving.com\/es\/fundacion-altice-beneficiara-a-mas-de-1800-estudiantes-de-las-escuelas-de-fundacion-mir-con-internet-gratis\/#primaryimage"},"thumbnailUrl":"https:\/\/i0.wp.com\/casadecampoliving.com\/wp-content\/uploads\/2022\/10\/DSC_4961-1.jpg?fit=1000%2C667&ssl=1","keywords":["Donaci\u00f3n","Featured-TopView @es","Fundacion MIR @es","lian fanjul de azqueta","Lyanne Azqueta Fanjul"],"articleSection":["Casa de Campo Living @es","Comunidad","Fundaci\u00f3n MIR @es","Fundaciones","La Romana @es","M\u00e1s all\u00e1 de Casa","Noticias Locales","Rep\u00fablica Dominicana @es","Titulares"],"inLanguage":"es"},{"@type":"WebPage","@id":"https:\/\/casadecampoliving.com\/es\/fundacion-altice-beneficiara-a-mas-de-1800-estudiantes-de-las-escuelas-de-fundacion-mir-con-internet-gratis\/","url":"https:\/\/casadecampoliving.com\/es\/fundacion-altice-beneficiara-a-mas-de-1800-estudiantes-de-las-escuelas-de-fundacion-mir-con-internet-gratis\/","name":"Fundaci\u00f3n Altice beneficiar\u00e1 a m\u00e1s de 1,800 estudiantes de las escuelas de Fundaci\u00f3n MIR con internet gratis | Casa de Campo Living","isPartOf":{"@id":"https:\/\/casadecampoliving.com\/es\/#website"},"primaryImageOfPage":{"@id":"https:\/\/casadecampoliving.com\/es\/fundacion-altice-beneficiara-a-mas-de-1800-estudiantes-de-las-escuelas-de-fundacion-mir-con-internet-gratis\/#primaryimage"},"image":{"@id":"https:\/\/casadecampoliving.com\/es\/fundacion-altice-beneficiara-a-mas-de-1800-estudiantes-de-las-escuelas-de-fundacion-mir-con-internet-gratis\/#primaryimage"},"thumbnailUrl":"https:\/\/i0.wp.com\/casadecampoliving.com\/wp-content\/uploads\/2022\/10\/DSC_4961-1.jpg?fit=1000%2C667&ssl=1","datePublished":"2020-08-12T04:00:00+00:00","dateModified":"2022-10-21T23:13:17+00:00","description":"La empresa de telecomunicaciones Altice, a trav\u00e9s de su Fundaci\u00f3n, inform\u00f3 este viernes que firm\u00f3 un acuerdo con la Fundaci\u00f3n MIR para la instalaci\u00f3n y","breadcrumb":{"@id":"https:\/\/casadecampoliving.com\/es\/fundacion-altice-beneficiara-a-mas-de-1800-estudiantes-de-las-escuelas-de-fundacion-mir-con-internet-gratis\/#breadcrumb"},"inLanguage":"es","potentialAction":[{"@type":"ReadAction","target":["https:\/\/casadecampoliving.com\/es\/fundacion-altice-beneficiara-a-mas-de-1800-estudiantes-de-las-escuelas-de-fundacion-mir-con-internet-gratis\/"]}]},{"@type":"ImageObject","inLanguage":"es","@id":"https:\/\/casadecampoliving.com\/es\/fundacion-altice-beneficiara-a-mas-de-1800-estudiantes-de-las-escuelas-de-fundacion-mir-con-internet-gratis\/#primaryimage","url":"https:\/\/i0.wp.com\/casadecampoliving.com\/wp-content\/uploads\/2022\/10\/DSC_4961-1.jpg?fit=1000%2C667&ssl=1","contentUrl":"https:\/\/i0.wp.com\/casadecampoliving.com\/wp-content\/uploads\/2022\/10\/DSC_4961-1.jpg?fit=1000%2C667&ssl=1","width":1000,"height":667},{"@type":"BreadcrumbList","@id":"https:\/\/casadecampoliving.com\/es\/fundacion-altice-beneficiara-a-mas-de-1800-estudiantes-de-las-escuelas-de-fundacion-mir-con-internet-gratis\/#breadcrumb","itemListElement":[{"@type":"ListItem","position":1,"name":"Home","item":"https:\/\/casadecampoliving.com\/es\/"},{"@type":"ListItem","position":2,"name":"Fundaci\u00f3n Altice beneficiar\u00e1 a m\u00e1s de 1,800 estudiantes de las escuelas de Fundaci\u00f3n MIR con internet gratis"}]},{"@type":"WebSite","@id":"https:\/\/casadecampoliving.com\/es\/#website","url":"https:\/\/casadecampoliving.com\/es\/","name":"Casa de Campo Living","description":"Resort community news and resources.","publisher":{"@id":"https:\/\/casadecampoliving.com\/es\/#organization"},"potentialAction":[{"@type":"SearchAction","target":{"@type":"EntryPoint","urlTemplate":"https:\/\/casadecampoliving.com\/es\/?s={search_term_string}"},"query-input":{"@type":"PropertyValueSpecification","valueRequired":true,"valueName":"search_term_string"}}],"inLanguage":"es"},{"@type":"Organization","@id":"https:\/\/casadecampoliving.com\/es\/#organization","name":"Casa de Campo Living","url":"https:\/\/casadecampoliving.com\/es\/","logo":{"@type":"ImageObject","inLanguage":"es","@id":"https:\/\/casadecampoliving.com\/es\/#\/schema\/logo\/image\/","url":"https:\/\/i0.wp.com\/casadecampoliving.com\/wp-content\/uploads\/2022\/07\/CDCLivingLogo_V1-white-sized.png?fit=800%2C214&ssl=1","contentUrl":"https:\/\/i0.wp.com\/casadecampoliving.com\/wp-content\/uploads\/2022\/07\/CDCLivingLogo_V1-white-sized.png?fit=800%2C214&ssl=1","width":800,"height":214,"caption":"Casa de Campo Living"},"image":{"@id":"https:\/\/casadecampoliving.com\/es\/#\/schema\/logo\/image\/"},"sameAs":["https:\/\/www.facebook.com\/casadecampoliving","https:\/\/x.com\/cdcliving"]},{"@type":"Person","@id":"https:\/\/casadecampoliving.com\/es\/#\/schema\/person\/5d2171637a9d11e0e43ce6b8555f9422","name":"Casa de Campo Living","image":{"@type":"ImageObject","inLanguage":"es","@id":"https:\/\/secure.gravatar.com\/avatar\/d04101fa4a9fd431e939953b1500fdc7a73cd35029f86d98712fd8ccdaebaf9a?s=96&d=mm&r=g","url":"https:\/\/secure.gravatar.com\/avatar\/d04101fa4a9fd431e939953b1500fdc7a73cd35029f86d98712fd8ccdaebaf9a?s=96&d=mm&r=g","contentUrl":"https:\/\/secure.gravatar.com\/avatar\/d04101fa4a9fd431e939953b1500fdc7a73cd35029f86d98712fd8ccdaebaf9a?s=96&d=mm&r=g","caption":"Casa de Campo Living"},"url":"https:\/\/casadecampoliving.com\/es\/author\/casa-de-campo-living\/"}]}},"parsely":{"version":"1.1.0","canonical_url":"https:\/\/casadecampoliving.com\/es\/fundacion-altice-beneficiara-a-mas-de-1800-estudiantes-de-las-escuelas-de-fundacion-mir-con-internet-gratis\/","smart_links":{"inbound":0,"outbound":0},"traffic_boost_suggestions_count":0,"meta":{"@context":"https:\/\/schema.org","@type":"NewsArticle","headline":"Fundaci\u00f3n Altice beneficiar\u00e1 a m\u00e1s de 1,800 estudiantes de las escuelas de Fundaci\u00f3n MIR con internet gratis","url":"http:\/\/casadecampoliving.com\/es\/fundacion-altice-beneficiara-a-mas-de-1800-estudiantes-de-las-escuelas-de-fundacion-mir-con-internet-gratis\/","mainEntityOfPage":{"@type":"WebPage","@id":"http:\/\/casadecampoliving.com\/es\/fundacion-altice-beneficiara-a-mas-de-1800-estudiantes-de-las-escuelas-de-fundacion-mir-con-internet-gratis\/"},"thumbnailUrl":"https:\/\/i0.wp.com\/casadecampoliving.com\/wp-content\/uploads\/2022\/10\/DSC_4961-1.jpg?resize=150%2C150&ssl=1","image":{"@type":"ImageObject","url":"https:\/\/i0.wp.com\/casadecampoliving.com\/wp-content\/uploads\/2022\/10\/DSC_4961-1.jpg?fit=1000%2C667&ssl=1"},"articleSection":"Comunidad","author":[{"@type":"Person","name":"Casa de Campo Living"}],"creator":["Casa de Campo Living"],"publisher":{"@type":"Organization","name":"Casa de Campo Living","logo":"https:\/\/casadecampoliving.com\/wp-content\/uploads\/2022\/07\/CDCLivingLogo_V1-white-sized.png"},"keywords":["donaci\u00f3n","featured-topview @es","fundacion mir @es","lian fanjul de azqueta","lyanne azqueta fanjul"],"dateCreated":"2020-08-12T04:00:00Z","datePublished":"2020-08-12T04:00:00Z","dateModified":"2022-10-21T23:13:17Z"},"rendered":"<script type=\"application\/ld+json\" class=\"wp-parsely-metadata\">{\"@context\":\"https:\\\/\\\/schema.org\",\"@type\":\"NewsArticle\",\"headline\":\"Fundaci\\u00f3n Altice beneficiar\\u00e1 a m\\u00e1s de 1,800 estudiantes de las escuelas de Fundaci\\u00f3n MIR con internet gratis\",\"url\":\"http:\\\/\\\/casadecampoliving.com\\\/es\\\/fundacion-altice-beneficiara-a-mas-de-1800-estudiantes-de-las-escuelas-de-fundacion-mir-con-internet-gratis\\\/\",\"mainEntityOfPage\":{\"@type\":\"WebPage\",\"@id\":\"http:\\\/\\\/casadecampoliving.com\\\/es\\\/fundacion-altice-beneficiara-a-mas-de-1800-estudiantes-de-las-escuelas-de-fundacion-mir-con-internet-gratis\\\/\"},\"thumbnailUrl\":\"https:\\\/\\\/i0.wp.com\\\/casadecampoliving.com\\\/wp-content\\\/uploads\\\/2022\\\/10\\\/DSC_4961-1.jpg?resize=150%2C150&ssl=1\",\"image\":{\"@type\":\"ImageObject\",\"url\":\"https:\\\/\\\/i0.wp.com\\\/casadecampoliving.com\\\/wp-content\\\/uploads\\\/2022\\\/10\\\/DSC_4961-1.jpg?fit=1000%2C667&ssl=1\"},\"articleSection\":\"Comunidad\",\"author\":[{\"@type\":\"Person\",\"name\":\"Casa de Campo Living\"}],\"creator\":[\"Casa de Campo Living\"],\"publisher\":{\"@type\":\"Organization\",\"name\":\"Casa de Campo Living\",\"logo\":\"https:\\\/\\\/casadecampoliving.com\\\/wp-content\\\/uploads\\\/2022\\\/07\\\/CDCLivingLogo_V1-white-sized.png\"},\"keywords\":[\"donaci\\u00f3n\",\"featured-topview @es\",\"fundacion mir @es\",\"lian fanjul de azqueta\",\"lyanne azqueta fanjul\"],\"dateCreated\":\"2020-08-12T04:00:00Z\",\"datePublished\":\"2020-08-12T04:00:00Z\",\"dateModified\":\"2022-10-21T23:13:17Z\"}<\/script>","tracker_url":"https:\/\/cdn.parsely.com\/keys\/casadecampoliving.com\/p.js"},"jetpack_publicize_connections":[],"jetpack_featured_media_url":"https:\/\/i0.wp.com\/casadecampoliving.com\/wp-content\/uploads\/2022\/10\/DSC_4961-1.jpg?fit=1000%2C667&ssl=1","jetpack-related-posts":[{"id":332111,"url":"https:\/\/casadecampoliving.com\/fundacion-altice-will-benefit-more-than-1800-students-from-fundacion-mir-schools-with-free-internet\/","url_meta":{"origin":353823,"position":0},"title":"Fundaci\u00f3n Altice will benefit more than 1,800 students from Fundaci\u00f3n MIR schools with free internet","author":"Casa de Campo Living","date":"12 Ago, 2020","format":false,"excerpt":"The telecommunications company Altice, through its Foundation, signed an agreement with the Fundaci\u00f3n MIR for the installation and free provision of high-speed internet for 3 years, for its two educational centers with a total of 1,800 students. In a meeting held at the facilities of the Fundaci\u00f3n MIR Esperanza, both\u2026","rel":"","context":"En \u00abBeyond Casa\u00bb","block_context":{"text":"Beyond Casa","link":"https:\/\/casadecampoliving.com\/category\/beyond-casa\/"},"img":{"alt_text":"","src":"https:\/\/i0.wp.com\/casadecampoliving.com\/wp-content\/uploads\/2022\/10\/DSC_4961-1.jpg?fit=1000%2C667&ssl=1&resize=350%2C200","width":350,"height":200,"srcset":"https:\/\/i0.wp.com\/casadecampoliving.com\/wp-content\/uploads\/2022\/10\/DSC_4961-1.jpg?fit=1000%2C667&ssl=1&resize=350%2C200 1x, https:\/\/i0.wp.com\/casadecampoliving.com\/wp-content\/uploads\/2022\/10\/DSC_4961-1.jpg?fit=1000%2C667&ssl=1&resize=525%2C300 1.5x, https:\/\/i0.wp.com\/casadecampoliving.com\/wp-content\/uploads\/2022\/10\/DSC_4961-1.jpg?fit=1000%2C667&ssl=1&resize=700%2C400 2x"},"classes":[]},{"id":347998,"url":"https:\/\/casadecampoliving.com\/es\/fundacion-mir-graduo-142-alumnos\/","url_meta":{"origin":353823,"position":1},"title":"La Fundaci\u00f3n MIR gradu\u00f3 142 alumnos de sus escuelas","author":"Felix Guerrero","date":"6 Ago, 2015","format":false,"excerpt":"La Fundaci\u00f3n MIR celebr\u00f3 la graduaci\u00f3n de 142 alumnos de sus escuelas Polit\u00e9cnico MIR y Polit\u00e9cnico MIR Esperanza, durante una ceremonia en la cual participaron cientos de familiares y amigos de los graduandos. El acto estuvo encabezado por Lian Fanjul de Azqueta, Fundadora y Presidenta de MIR, junto a su\u2026","rel":"","context":"En \u00abM\u00e1s all\u00e1 de Casa\u00bb","block_context":{"text":"M\u00e1s all\u00e1 de Casa","link":"https:\/\/casadecampoliving.com\/es\/category\/mas-alla-de-casa-es\/"},"img":{"alt_text":"Fundaci\u00f3n MIR Graduation","src":"https:\/\/i0.wp.com\/casadecampoliving.com\/wp-content\/uploads\/2022\/10\/Fundacion-MIR-Graduation-1.jpg?fit=650%2C400&ssl=1&resize=350%2C200","width":350,"height":200,"srcset":"https:\/\/i0.wp.com\/casadecampoliving.com\/wp-content\/uploads\/2022\/10\/Fundacion-MIR-Graduation-1.jpg?fit=650%2C400&ssl=1&resize=350%2C200 1x, https:\/\/i0.wp.com\/casadecampoliving.com\/wp-content\/uploads\/2022\/10\/Fundacion-MIR-Graduation-1.jpg?fit=650%2C400&ssl=1&resize=525%2C300 1.5x"},"classes":[]},{"id":353522,"url":"https:\/\/casadecampoliving.com\/es\/fundacion-mir-celebra-una-hermosa-ceremonia-de-graduacion-para-estudiantes-103\/","url_meta":{"origin":353823,"position":2},"title":"\u00a1Fundaci\u00f3n MIR celebra una hermosa ceremonia de graduaci\u00f3n para 103 estudiantes!","author":"Casa de Campo Living","date":"19 Ago, 2019","format":false,"excerpt":"La Fundaci\u00f3n MIR, una organizaci\u00f3n sin fines de lucro con escuelas vocacionales para ni\u00f1os y ni\u00f1as en La Romana, celebr\u00f3 recientemente su decimocuarta graduaci\u00f3n de alumnos de sus escuelas para ni\u00f1os y ni\u00f1as. La graduaci\u00f3n se realiz\u00f3 el 16 de agosto en el \u201cSal\u00f3n Multiusos\u201d de la Fundaci\u00f3n MIR, ubicado\u2026","rel":"","context":"En \u00abM\u00e1s all\u00e1 de Casa\u00bb","block_context":{"text":"M\u00e1s all\u00e1 de Casa","link":"https:\/\/casadecampoliving.com\/es\/category\/mas-alla-de-casa-es\/"},"img":{"alt_text":"","src":"https:\/\/i0.wp.com\/casadecampoliving.com\/wp-content\/uploads\/2022\/10\/EJ4B3838.jpg?fit=1000%2C667&ssl=1&resize=350%2C200","width":350,"height":200,"srcset":"https:\/\/i0.wp.com\/casadecampoliving.com\/wp-content\/uploads\/2022\/10\/EJ4B3838.jpg?fit=1000%2C667&ssl=1&resize=350%2C200 1x, https:\/\/i0.wp.com\/casadecampoliving.com\/wp-content\/uploads\/2022\/10\/EJ4B3838.jpg?fit=1000%2C667&ssl=1&resize=525%2C300 1.5x, https:\/\/i0.wp.com\/casadecampoliving.com\/wp-content\/uploads\/2022\/10\/EJ4B3838.jpg?fit=1000%2C667&ssl=1&resize=700%2C400 2x"},"classes":[]},{"id":344227,"url":"https:\/\/casadecampoliving.com\/es\/fundacion-mir-celebro-la-inauguracion-de-su-nuevo-salon-multiusos\/","url_meta":{"origin":353823,"position":3},"title":"Fundaci\u00f3n MIR celebr\u00f3 la inauguraci\u00f3n de su nuevo Sal\u00f3n Multiusos","author":"Perkin Agramonte","date":"19 Abr, 2014","format":false,"excerpt":"El martes 15 de abril, la Fundaci\u00f3n MIR estuvo reluciente de felicidad al celebrar la inauguraci\u00f3n de una nueva facilidad para m\u00e1s de 1200 ni\u00f1os, un Sal\u00f3n Multiusos localizado en campo Nueva Esperanza. Con m\u00e1s de 1200 estudiantes desde pre-kinder hasta 4\u00ba, la fundaci\u00f3n MIR es uno de los centros\u2026","rel":"","context":"En \u00abCasa de Campo Living @es\u00bb","block_context":{"text":"Casa de Campo Living @es","link":"https:\/\/casadecampoliving.com\/category\/casa-de-campo-living-es\/"},"img":{"alt_text":"Fundacio MIR Alfy Fanjul","src":"https:\/\/i0.wp.com\/casadecampoliving.com\/wp-content\/uploads\/2022\/10\/fundacio_MIR_alfy_fanjul-1.jpg?fit=650%2C438&ssl=1&resize=350%2C200","width":350,"height":200,"srcset":"https:\/\/i0.wp.com\/casadecampoliving.com\/wp-content\/uploads\/2022\/10\/fundacio_MIR_alfy_fanjul-1.jpg?fit=650%2C438&ssl=1&resize=350%2C200 1x, https:\/\/i0.wp.com\/casadecampoliving.com\/wp-content\/uploads\/2022\/10\/fundacio_MIR_alfy_fanjul-1.jpg?fit=650%2C438&ssl=1&resize=525%2C300 1.5x"},"classes":[]},{"id":351843,"url":"https:\/\/casadecampoliving.com\/es\/109-estudiantes-de-la-fundacion-mir-se-graduaron-este-ano\/","url_meta":{"origin":353823,"position":4},"title":"\u00a1109 estudiantes de la Fundaci\u00f3n MIR se graduaron este a\u00f1o!","author":"Marlenys Guzm\u00e1n Casta\u00f1os","date":"11 Ago, 2017","format":false,"excerpt":"El lunes 7 de agosto, 109 estudiantes de la Fundaci\u00f3n MIR cerraron un cap\u00edtulo en sus vidas y dieron la bienvenida a otro al comenzar su viaje como adultos j\u00f3venes. No s\u00f3lo celebraron su graduaci\u00f3n, sino que tambi\u00e9n asumieron el compromiso de continuar su arduo trabajo para asegurar un futuro\u2026","rel":"","context":"En \u00abM\u00e1s all\u00e1 de Casa\u00bb","block_context":{"text":"M\u00e1s all\u00e1 de Casa","link":"https:\/\/casadecampoliving.com\/es\/category\/mas-alla-de-casa-es\/"},"img":{"alt_text":"","src":"https:\/\/i0.wp.com\/casadecampoliving.com\/wp-content\/uploads\/2022\/10\/DSC7629-1.jpg?fit=1000%2C600&ssl=1&resize=350%2C200","width":350,"height":200,"srcset":"https:\/\/i0.wp.com\/casadecampoliving.com\/wp-content\/uploads\/2022\/10\/DSC7629-1.jpg?fit=1000%2C600&ssl=1&resize=350%2C200 1x, https:\/\/i0.wp.com\/casadecampoliving.com\/wp-content\/uploads\/2022\/10\/DSC7629-1.jpg?fit=1000%2C600&ssl=1&resize=525%2C300 1.5x, https:\/\/i0.wp.com\/casadecampoliving.com\/wp-content\/uploads\/2022\/10\/DSC7629-1.jpg?fit=1000%2C600&ssl=1&resize=700%2C400 2x"},"classes":[]},{"id":343039,"url":"https:\/\/casadecampoliving.com\/es\/79115\/","url_meta":{"origin":353823,"position":5},"title":"La Fundaci\u00f3n MIR celebra la graduaci\u00f3n de 137 estudiantes","author":"Genesis Perdomo","date":"9 Oct, 2013","format":false,"excerpt":"La Fundaci\u00f3n MIR de La Romana, es una organizaci\u00f3n sin fines de lucro que recientemente celebr\u00f3 su ceremonia de graduaci\u00f3n para ni\u00f1as y ni\u00f1os en sus respectivas Escuelas Vocacionales. Este evento tuvo lugar el 17 de agosto en el Polideportivo Eleoncio Mercedes en La Romana; amigos y familiares de los\u2026","rel":"","context":"En \u00abEstilo de Vida\u00bb","block_context":{"text":"Estilo de Vida","link":"https:\/\/casadecampoliving.com\/es\/category\/estilo-de-vida\/"},"img":{"alt_text":"Fundacion MIR graduation","src":"https:\/\/i0.wp.com\/casadecampoliving.com\/wp-content\/uploads\/2022\/10\/Fundacion_MIR_graduation-1.jpg?fit=650%2C358&ssl=1&resize=350%2C200","width":350,"height":200,"srcset":"https:\/\/i0.wp.com\/casadecampoliving.com\/wp-content\/uploads\/2022\/10\/Fundacion_MIR_graduation-1.jpg?fit=650%2C358&ssl=1&resize=350%2C200 1x, https:\/\/i0.wp.com\/casadecampoliving.com\/wp-content\/uploads\/2022\/10\/Fundacion_MIR_graduation-1.jpg?fit=650%2C358&ssl=1&resize=525%2C300 1.5x"},"classes":[]}],"jetpack_sharing_enabled":true,"_links":{"self":[{"href":"https:\/\/casadecampoliving.com\/es\/wp-json\/wp\/v2\/posts\/353823","targetHints":{"allow":["GET"]}}],"collection":[{"href":"https:\/\/casadecampoliving.com\/es\/wp-json\/wp\/v2\/posts"}],"about":[{"href":"https:\/\/casadecampoliving.com\/es\/wp-json\/wp\/v2\/types\/post"}],"author":[{"embeddable":true,"href":"https:\/\/casadecampoliving.com\/es\/wp-json\/wp\/v2\/users\/36791"}],"replies":[{"embeddable":true,"href":"https:\/\/casadecampoliving.com\/es\/wp-json\/wp\/v2\/comments?post=353823"}],"version-history":[{"count":0,"href":"https:\/\/casadecampoliving.com\/es\/wp-json\/wp\/v2\/posts\/353823\/revisions"}],"wp:featuredmedia":[{"embeddable":true,"href":"https:\/\/casadecampoliving.com\/es\/wp-json\/wp\/v2\/media\/332117"}],"wp:attachment":[{"href":"https:\/\/casadecampoliving.com\/es\/wp-json\/wp\/v2\/media?parent=353823"}],"wp:term":[{"taxonomy":"category","embeddable":true,"href":"https:\/\/casadecampoliving.com\/es\/wp-json\/wp\/v2\/categories?post=353823"},{"taxonomy":"post_tag","embeddable":true,"href":"https:\/\/casadecampoliving.com\/es\/wp-json\/wp\/v2\/tags?post=353823"},{"taxonomy":"newspack_spnsrs_tax","embeddable":true,"href":"https:\/\/casadecampoliving.com\/es\/wp-json\/wp\/v2\/newspack_spnsrs_tax?post=353823"}],"curies":[{"name":"wp","href":"https:\/\/api.w.org\/{rel}","templated":true}]}}