{"id":353816,"date":"2020-07-27T00:00:00","date_gmt":"2020-07-27T04:00:00","guid":{"rendered":"https:\/\/casadecampoliving.com\/horario-de-misas-en-la-iglesia-de-san-estanislao-en-altos-de-chavon-debido-al-nuevo-estado-de-emergencia\/"},"modified":"2022-10-21T19:11:58","modified_gmt":"2022-10-21T23:11:58","slug":"horario-de-misas-en-la-iglesia-de-san-estanislao-en-altos-de-chavon-debido-al-nuevo-estado-de-emergencia","status":"publish","type":"post","link":"https:\/\/casadecampoliving.com\/es\/horario-de-misas-en-la-iglesia-de-san-estanislao-en-altos-de-chavon-debido-al-nuevo-estado-de-emergencia\/","title":{"rendered":"Horario de misas en la Iglesia de San Estanislao en Altos de Chav\u00f3n debido al nuevo estado de emergencia"},"content":{"rendered":"\n<p>La semana pasada, <a href=\"https:\/\/casadecampoliving.com\/prevention-measures-put-in-place-due-to-the-new-covid19-state-of-emergency\/\" target=\"_blank\" rel=\"noopener noreferrer\">el presidente Danilo Medina declar\u00f3 una vez m\u00e1s un nuevo estado de emergencia<\/a> en todo el territorio nacional durante 45 d\u00edas con nuevas horas de toque de queda. Debido a esto, el horario de misas en Altos de Chav\u00f3n ha cambiado una vez m\u00e1s.<\/p>\n\n\n\n<p>La misa ahora solo se llevar\u00e1 a cabo los s\u00e1bados a las 3 pm y en el \u00e1rea del jard\u00edn frente a G\u00e9nesis para permitir que m\u00e1s feligreses puedan asistir y al mismo tiempo cumplir con los protocolos de distanciamiento social.<\/p>\n\n\n\n<p>Las autoridades de salud p\u00fablica contin\u00faan emitiendo advertencias sobre los peligros de grandes reuniones, recordando a las personas que el virus no ha desaparecido y que contin\u00faen siguiendo todos los protocolos. Siguiendo la resoluci\u00f3n, todos los que vienen a misa deben usar m\u00e1scaras, mantener la distancia social (a las familias se les permite sentarse juntos) y se les pide a los asistentes que usen desinfectante para manos.<\/p>\n\n\n\n<p>Como antes, a los feligreses no se les permitir\u00e1 tomarse de las manos durante la oraci\u00f3n o intercambiar el signo de la paz, pero pueden saludar. Los celebrantes de la misa usan m\u00e1scaras en el altar de la iglesia mientras predican y distribuyen la comuni\u00f3n; no habr\u00e1 comuni\u00f3n por copa, y se har\u00e1 solo a mano. Despu\u00e9s de recibir la Comuni\u00f3n, por un lado, deben dar un paso hacia el otro, usar una mano para aflojar sus m\u00e1scaras, consumir el hostia y reemplazar sus m\u00e1scaras antes de regresar a sus asientos.<\/p>\n\n\n\n<blockquote class=\"wp-block-quote is-layout-flow wp-block-quote-is-layout-flow\"><p><strong>MISA EN LA IGLESIA DE SAN ESTANISLAO ALTOS DE CHAV\u00d3N<\/strong><\/p><p>Los s\u00e1bados a las 3 pm, en el \u00e1rea del jard\u00edn frente a G\u00e9nesis.<\/p><p>Se les pide a todos los feligreses que usen m\u00e1scaras, mantengan la distancia social y, antes de ingresar, que usen desinfectante para manos.<\/p><\/blockquote>\n","protected":false},"excerpt":{"rendered":"<p>La semana pasada, el presidente Danilo Medina declar\u00f3 una vez m\u00e1s un nuevo estado de emergencia en todo el territorio nacional durante 45 d\u00edas con nuevas horas de toque de queda. Debido a esto, el horario de misas en Altos de Chav\u00f3n ha cambiado una vez m\u00e1s. La misa ahora solo se llevar\u00e1 a cabo [&hellip;]<\/p>\n","protected":false},"author":36791,"featured_media":332018,"comment_status":"closed","ping_status":"open","sticky":false,"template":"","format":"standard","meta":{"newspack_ads_suppress_ads":false,"newspack_popups_has_disabled_popups":false,"newspack_sponsor_sponsorship_scope":"","newspack_sponsor_native_byline_display":"inherit","newspack_sponsor_native_category_display":"inherit","newspack_sponsor_underwriter_style":"inherit","newspack_sponsor_underwriter_placement":"inherit","_newspack_byline_active":false,"_newspack_byline":"","newspack_hide_updated_date":false,"newspack_show_updated_date":false,"newspack_content_restriction_is_exempt":false,"newspack_featured_image_position":"","newspack_post_subtitle":"","newspack_article_summary_title":"Overview:","newspack_article_summary":"","_jetpack_memberships_contains_paid_content":false,"footnotes":"","jetpack_publicize_message":"","jetpack_publicize_feature_enabled":true,"jetpack_social_post_already_shared":false,"jetpack_social_options":{"image_generator_settings":{"template":"highway","default_image_id":0,"font":"","enabled":false},"version":2},"_wpas_customize_per_network":false},"categories":[26936,26954,14625,14627,2521],"tags":[3575,7839],"newspack_spnsrs_tax":[],"class_list":["post-353816","post","type-post","status-publish","format-standard","has-post-thumbnail","hentry","category-casa-de-campo-living-es","category-comunidad-casa-de-campo-living-es","category-noticias-locales","category-proximamente","category-republica-dominicana-2","tag-altos-de-chavon-es-2","tag-misa","entry"],"yoast_head":"<!-- This site is optimized with the Yoast SEO plugin v27.5 - https:\/\/yoast.com\/product\/yoast-seo-wordpress\/ -->\n<title>Horario de misas en la Iglesia de San Estanislao en Altos de Chav\u00f3n debido al nuevo estado de emergencia | Casa de Campo Living<\/title>\n<meta name=\"description\" content=\"La semana pasada, el presidente Danilo Medina declar\u00f3 una vez m\u00e1s un nuevo estado de emergencia en todo el territorio nacional durante 45 d\u00edas con nuevas\" \/>\n<meta name=\"robots\" content=\"index, follow, max-snippet:-1, max-image-preview:large, max-video-preview:-1\" \/>\n<link rel=\"canonical\" href=\"https:\/\/casadecampoliving.com\/es\/horario-de-misas-en-la-iglesia-de-san-estanislao-en-altos-de-chavon-debido-al-nuevo-estado-de-emergencia\/\" \/>\n<meta property=\"og:locale\" content=\"es_ES\" \/>\n<meta property=\"og:type\" content=\"article\" \/>\n<meta property=\"og:title\" content=\"Horario de misas en la Iglesia de San Estanislao en Altos de Chav\u00f3n debido al nuevo estado de emergencia | Casa de Campo Living\" \/>\n<meta property=\"og:description\" content=\"La semana pasada, el presidente Danilo Medina declar\u00f3 una vez m\u00e1s un nuevo estado de emergencia en todo el territorio nacional durante 45 d\u00edas con nuevas\" \/>\n<meta property=\"og:url\" content=\"https:\/\/casadecampoliving.com\/es\/horario-de-misas-en-la-iglesia-de-san-estanislao-en-altos-de-chavon-debido-al-nuevo-estado-de-emergencia\/\" \/>\n<meta property=\"og:site_name\" content=\"Casa de Campo Living\" \/>\n<meta property=\"article:publisher\" content=\"https:\/\/www.facebook.com\/casadecampoliving\" \/>\n<meta property=\"article:published_time\" content=\"2020-07-27T04:00:00+00:00\" \/>\n<meta property=\"article:modified_time\" content=\"2022-10-21T23:11:58+00:00\" \/>\n<meta property=\"og:image\" content=\"https:\/\/i0.wp.com\/casadecampoliving.com\/wp-content\/uploads\/2022\/10\/Stanislaus-Church-Altos-de-Chavo\u0301n-2.jpg?fit=1000%2C600&ssl=1\" \/>\n\t<meta property=\"og:image:width\" content=\"1000\" \/>\n\t<meta property=\"og:image:height\" content=\"600\" \/>\n\t<meta property=\"og:image:type\" content=\"image\/jpeg\" \/>\n<meta name=\"author\" content=\"Casa de Campo Living\" \/>\n<meta name=\"twitter:card\" content=\"summary_large_image\" \/>\n<meta name=\"twitter:creator\" content=\"@cdcliving\" \/>\n<meta name=\"twitter:site\" content=\"@cdcliving\" \/>\n<meta name=\"twitter:label1\" content=\"Escrito por\" \/>\n\t<meta name=\"twitter:data1\" content=\"Casa de Campo Living\" \/>\n\t<meta name=\"twitter:label2\" content=\"Tiempo de lectura\" \/>\n\t<meta name=\"twitter:data2\" content=\"2 minutos\" \/>\n<script type=\"application\/ld+json\" class=\"yoast-schema-graph\">{\"@context\":\"https:\\\/\\\/schema.org\",\"@graph\":[{\"@type\":\"Article\",\"@id\":\"https:\\\/\\\/casadecampoliving.com\\\/es\\\/horario-de-misas-en-la-iglesia-de-san-estanislao-en-altos-de-chavon-debido-al-nuevo-estado-de-emergencia\\\/#article\",\"isPartOf\":{\"@id\":\"https:\\\/\\\/casadecampoliving.com\\\/es\\\/horario-de-misas-en-la-iglesia-de-san-estanislao-en-altos-de-chavon-debido-al-nuevo-estado-de-emergencia\\\/\"},\"author\":{\"name\":\"Casa de Campo Living\",\"@id\":\"https:\\\/\\\/casadecampoliving.com\\\/es\\\/#\\\/schema\\\/person\\\/5d2171637a9d11e0e43ce6b8555f9422\"},\"headline\":\"Horario de misas en la Iglesia de San Estanislao en Altos de Chav\u00f3n debido al nuevo estado de emergencia\",\"datePublished\":\"2020-07-27T04:00:00+00:00\",\"dateModified\":\"2022-10-21T23:11:58+00:00\",\"mainEntityOfPage\":{\"@id\":\"https:\\\/\\\/casadecampoliving.com\\\/es\\\/horario-de-misas-en-la-iglesia-de-san-estanislao-en-altos-de-chavon-debido-al-nuevo-estado-de-emergencia\\\/\"},\"wordCount\":336,\"publisher\":{\"@id\":\"https:\\\/\\\/casadecampoliving.com\\\/es\\\/#organization\"},\"image\":{\"@id\":\"https:\\\/\\\/casadecampoliving.com\\\/es\\\/horario-de-misas-en-la-iglesia-de-san-estanislao-en-altos-de-chavon-debido-al-nuevo-estado-de-emergencia\\\/#primaryimage\"},\"thumbnailUrl\":\"https:\\\/\\\/i0.wp.com\\\/casadecampoliving.com\\\/wp-content\\\/uploads\\\/2022\\\/10\\\/Stanislaus-Church-Altos-de-Chavo%CC%81n-2.jpg?fit=1000%2C600&ssl=1\",\"keywords\":[\"Altos de Chavon -es\",\"misa\"],\"articleSection\":[\"Casa de Campo Living @es\",\"Comunidad\",\"Noticias Locales\",\"Proximamente\",\"Rep\u00fablica Dominicana @es\"],\"inLanguage\":\"es\"},{\"@type\":\"WebPage\",\"@id\":\"https:\\\/\\\/casadecampoliving.com\\\/es\\\/horario-de-misas-en-la-iglesia-de-san-estanislao-en-altos-de-chavon-debido-al-nuevo-estado-de-emergencia\\\/\",\"url\":\"https:\\\/\\\/casadecampoliving.com\\\/es\\\/horario-de-misas-en-la-iglesia-de-san-estanislao-en-altos-de-chavon-debido-al-nuevo-estado-de-emergencia\\\/\",\"name\":\"Horario de misas en la Iglesia de San Estanislao en Altos de Chav\u00f3n debido al nuevo estado de emergencia | Casa de Campo Living\",\"isPartOf\":{\"@id\":\"https:\\\/\\\/casadecampoliving.com\\\/es\\\/#website\"},\"primaryImageOfPage\":{\"@id\":\"https:\\\/\\\/casadecampoliving.com\\\/es\\\/horario-de-misas-en-la-iglesia-de-san-estanislao-en-altos-de-chavon-debido-al-nuevo-estado-de-emergencia\\\/#primaryimage\"},\"image\":{\"@id\":\"https:\\\/\\\/casadecampoliving.com\\\/es\\\/horario-de-misas-en-la-iglesia-de-san-estanislao-en-altos-de-chavon-debido-al-nuevo-estado-de-emergencia\\\/#primaryimage\"},\"thumbnailUrl\":\"https:\\\/\\\/i0.wp.com\\\/casadecampoliving.com\\\/wp-content\\\/uploads\\\/2022\\\/10\\\/Stanislaus-Church-Altos-de-Chavo%CC%81n-2.jpg?fit=1000%2C600&ssl=1\",\"datePublished\":\"2020-07-27T04:00:00+00:00\",\"dateModified\":\"2022-10-21T23:11:58+00:00\",\"description\":\"La semana pasada, el presidente Danilo Medina declar\u00f3 una vez m\u00e1s un nuevo estado de emergencia en todo el territorio nacional durante 45 d\u00edas con nuevas\",\"breadcrumb\":{\"@id\":\"https:\\\/\\\/casadecampoliving.com\\\/es\\\/horario-de-misas-en-la-iglesia-de-san-estanislao-en-altos-de-chavon-debido-al-nuevo-estado-de-emergencia\\\/#breadcrumb\"},\"inLanguage\":\"es\",\"potentialAction\":[{\"@type\":\"ReadAction\",\"target\":[\"https:\\\/\\\/casadecampoliving.com\\\/es\\\/horario-de-misas-en-la-iglesia-de-san-estanislao-en-altos-de-chavon-debido-al-nuevo-estado-de-emergencia\\\/\"]}]},{\"@type\":\"ImageObject\",\"inLanguage\":\"es\",\"@id\":\"https:\\\/\\\/casadecampoliving.com\\\/es\\\/horario-de-misas-en-la-iglesia-de-san-estanislao-en-altos-de-chavon-debido-al-nuevo-estado-de-emergencia\\\/#primaryimage\",\"url\":\"https:\\\/\\\/i0.wp.com\\\/casadecampoliving.com\\\/wp-content\\\/uploads\\\/2022\\\/10\\\/Stanislaus-Church-Altos-de-Chavo%CC%81n-2.jpg?fit=1000%2C600&ssl=1\",\"contentUrl\":\"https:\\\/\\\/i0.wp.com\\\/casadecampoliving.com\\\/wp-content\\\/uploads\\\/2022\\\/10\\\/Stanislaus-Church-Altos-de-Chavo%CC%81n-2.jpg?fit=1000%2C600&ssl=1\",\"width\":1000,\"height\":600},{\"@type\":\"BreadcrumbList\",\"@id\":\"https:\\\/\\\/casadecampoliving.com\\\/es\\\/horario-de-misas-en-la-iglesia-de-san-estanislao-en-altos-de-chavon-debido-al-nuevo-estado-de-emergencia\\\/#breadcrumb\",\"itemListElement\":[{\"@type\":\"ListItem\",\"position\":1,\"name\":\"Home\",\"item\":\"https:\\\/\\\/casadecampoliving.com\\\/es\\\/\"},{\"@type\":\"ListItem\",\"position\":2,\"name\":\"Horario de misas en la Iglesia de San Estanislao en Altos de Chav\u00f3n debido al nuevo estado de emergencia\"}]},{\"@type\":\"WebSite\",\"@id\":\"https:\\\/\\\/casadecampoliving.com\\\/es\\\/#website\",\"url\":\"https:\\\/\\\/casadecampoliving.com\\\/es\\\/\",\"name\":\"Casa de Campo Living\",\"description\":\"Resort community news and resources.\",\"publisher\":{\"@id\":\"https:\\\/\\\/casadecampoliving.com\\\/es\\\/#organization\"},\"potentialAction\":[{\"@type\":\"SearchAction\",\"target\":{\"@type\":\"EntryPoint\",\"urlTemplate\":\"https:\\\/\\\/casadecampoliving.com\\\/es\\\/?s={search_term_string}\"},\"query-input\":{\"@type\":\"PropertyValueSpecification\",\"valueRequired\":true,\"valueName\":\"search_term_string\"}}],\"inLanguage\":\"es\"},{\"@type\":\"Organization\",\"@id\":\"https:\\\/\\\/casadecampoliving.com\\\/es\\\/#organization\",\"name\":\"Casa de Campo Living\",\"url\":\"https:\\\/\\\/casadecampoliving.com\\\/es\\\/\",\"logo\":{\"@type\":\"ImageObject\",\"inLanguage\":\"es\",\"@id\":\"https:\\\/\\\/casadecampoliving.com\\\/es\\\/#\\\/schema\\\/logo\\\/image\\\/\",\"url\":\"https:\\\/\\\/i0.wp.com\\\/casadecampoliving.com\\\/wp-content\\\/uploads\\\/2022\\\/07\\\/CDCLivingLogo_V1-white-sized.png?fit=800%2C214&ssl=1\",\"contentUrl\":\"https:\\\/\\\/i0.wp.com\\\/casadecampoliving.com\\\/wp-content\\\/uploads\\\/2022\\\/07\\\/CDCLivingLogo_V1-white-sized.png?fit=800%2C214&ssl=1\",\"width\":800,\"height\":214,\"caption\":\"Casa de Campo Living\"},\"image\":{\"@id\":\"https:\\\/\\\/casadecampoliving.com\\\/es\\\/#\\\/schema\\\/logo\\\/image\\\/\"},\"sameAs\":[\"https:\\\/\\\/www.facebook.com\\\/casadecampoliving\",\"https:\\\/\\\/x.com\\\/cdcliving\"]},{\"@type\":\"Person\",\"@id\":\"https:\\\/\\\/casadecampoliving.com\\\/es\\\/#\\\/schema\\\/person\\\/5d2171637a9d11e0e43ce6b8555f9422\",\"name\":\"Casa de Campo Living\",\"image\":{\"@type\":\"ImageObject\",\"inLanguage\":\"es\",\"@id\":\"https:\\\/\\\/secure.gravatar.com\\\/avatar\\\/d04101fa4a9fd431e939953b1500fdc7a73cd35029f86d98712fd8ccdaebaf9a?s=96&d=mm&r=g\",\"url\":\"https:\\\/\\\/secure.gravatar.com\\\/avatar\\\/d04101fa4a9fd431e939953b1500fdc7a73cd35029f86d98712fd8ccdaebaf9a?s=96&d=mm&r=g\",\"contentUrl\":\"https:\\\/\\\/secure.gravatar.com\\\/avatar\\\/d04101fa4a9fd431e939953b1500fdc7a73cd35029f86d98712fd8ccdaebaf9a?s=96&d=mm&r=g\",\"caption\":\"Casa de Campo Living\"},\"url\":\"https:\\\/\\\/casadecampoliving.com\\\/es\\\/author\\\/casa-de-campo-living\\\/\"}]}<\/script>\n<!-- \/ Yoast SEO plugin. -->","yoast_head_json":{"title":"Horario de misas en la Iglesia de San Estanislao en Altos de Chav\u00f3n debido al nuevo estado de emergencia | Casa de Campo Living","description":"La semana pasada, el presidente Danilo Medina declar\u00f3 una vez m\u00e1s un nuevo estado de emergencia en todo el territorio nacional durante 45 d\u00edas con nuevas","robots":{"index":"index","follow":"follow","max-snippet":"max-snippet:-1","max-image-preview":"max-image-preview:large","max-video-preview":"max-video-preview:-1"},"canonical":"https:\/\/casadecampoliving.com\/es\/horario-de-misas-en-la-iglesia-de-san-estanislao-en-altos-de-chavon-debido-al-nuevo-estado-de-emergencia\/","og_locale":"es_ES","og_type":"article","og_title":"Horario de misas en la Iglesia de San Estanislao en Altos de Chav\u00f3n debido al nuevo estado de emergencia | Casa de Campo Living","og_description":"La semana pasada, el presidente Danilo Medina declar\u00f3 una vez m\u00e1s un nuevo estado de emergencia en todo el territorio nacional durante 45 d\u00edas con nuevas","og_url":"https:\/\/casadecampoliving.com\/es\/horario-de-misas-en-la-iglesia-de-san-estanislao-en-altos-de-chavon-debido-al-nuevo-estado-de-emergencia\/","og_site_name":"Casa de Campo Living","article_publisher":"https:\/\/www.facebook.com\/casadecampoliving","article_published_time":"2020-07-27T04:00:00+00:00","article_modified_time":"2022-10-21T23:11:58+00:00","og_image":[{"width":1000,"height":600,"url":"https:\/\/i0.wp.com\/casadecampoliving.com\/wp-content\/uploads\/2022\/10\/Stanislaus-Church-Altos-de-Chavo\u0301n-2.jpg?fit=1000%2C600&ssl=1","type":"image\/jpeg"}],"author":"Casa de Campo Living","twitter_card":"summary_large_image","twitter_creator":"@cdcliving","twitter_site":"@cdcliving","twitter_misc":{"Escrito por":"Casa de Campo Living","Tiempo de lectura":"2 minutos"},"schema":{"@context":"https:\/\/schema.org","@graph":[{"@type":"Article","@id":"https:\/\/casadecampoliving.com\/es\/horario-de-misas-en-la-iglesia-de-san-estanislao-en-altos-de-chavon-debido-al-nuevo-estado-de-emergencia\/#article","isPartOf":{"@id":"https:\/\/casadecampoliving.com\/es\/horario-de-misas-en-la-iglesia-de-san-estanislao-en-altos-de-chavon-debido-al-nuevo-estado-de-emergencia\/"},"author":{"name":"Casa de Campo Living","@id":"https:\/\/casadecampoliving.com\/es\/#\/schema\/person\/5d2171637a9d11e0e43ce6b8555f9422"},"headline":"Horario de misas en la Iglesia de San Estanislao en Altos de Chav\u00f3n debido al nuevo estado de emergencia","datePublished":"2020-07-27T04:00:00+00:00","dateModified":"2022-10-21T23:11:58+00:00","mainEntityOfPage":{"@id":"https:\/\/casadecampoliving.com\/es\/horario-de-misas-en-la-iglesia-de-san-estanislao-en-altos-de-chavon-debido-al-nuevo-estado-de-emergencia\/"},"wordCount":336,"publisher":{"@id":"https:\/\/casadecampoliving.com\/es\/#organization"},"image":{"@id":"https:\/\/casadecampoliving.com\/es\/horario-de-misas-en-la-iglesia-de-san-estanislao-en-altos-de-chavon-debido-al-nuevo-estado-de-emergencia\/#primaryimage"},"thumbnailUrl":"https:\/\/i0.wp.com\/casadecampoliving.com\/wp-content\/uploads\/2022\/10\/Stanislaus-Church-Altos-de-Chavo%CC%81n-2.jpg?fit=1000%2C600&ssl=1","keywords":["Altos de Chavon -es","misa"],"articleSection":["Casa de Campo Living @es","Comunidad","Noticias Locales","Proximamente","Rep\u00fablica Dominicana @es"],"inLanguage":"es"},{"@type":"WebPage","@id":"https:\/\/casadecampoliving.com\/es\/horario-de-misas-en-la-iglesia-de-san-estanislao-en-altos-de-chavon-debido-al-nuevo-estado-de-emergencia\/","url":"https:\/\/casadecampoliving.com\/es\/horario-de-misas-en-la-iglesia-de-san-estanislao-en-altos-de-chavon-debido-al-nuevo-estado-de-emergencia\/","name":"Horario de misas en la Iglesia de San Estanislao en Altos de Chav\u00f3n debido al nuevo estado de emergencia | Casa de Campo Living","isPartOf":{"@id":"https:\/\/casadecampoliving.com\/es\/#website"},"primaryImageOfPage":{"@id":"https:\/\/casadecampoliving.com\/es\/horario-de-misas-en-la-iglesia-de-san-estanislao-en-altos-de-chavon-debido-al-nuevo-estado-de-emergencia\/#primaryimage"},"image":{"@id":"https:\/\/casadecampoliving.com\/es\/horario-de-misas-en-la-iglesia-de-san-estanislao-en-altos-de-chavon-debido-al-nuevo-estado-de-emergencia\/#primaryimage"},"thumbnailUrl":"https:\/\/i0.wp.com\/casadecampoliving.com\/wp-content\/uploads\/2022\/10\/Stanislaus-Church-Altos-de-Chavo%CC%81n-2.jpg?fit=1000%2C600&ssl=1","datePublished":"2020-07-27T04:00:00+00:00","dateModified":"2022-10-21T23:11:58+00:00","description":"La semana pasada, el presidente Danilo Medina declar\u00f3 una vez m\u00e1s un nuevo estado de emergencia en todo el territorio nacional durante 45 d\u00edas con nuevas","breadcrumb":{"@id":"https:\/\/casadecampoliving.com\/es\/horario-de-misas-en-la-iglesia-de-san-estanislao-en-altos-de-chavon-debido-al-nuevo-estado-de-emergencia\/#breadcrumb"},"inLanguage":"es","potentialAction":[{"@type":"ReadAction","target":["https:\/\/casadecampoliving.com\/es\/horario-de-misas-en-la-iglesia-de-san-estanislao-en-altos-de-chavon-debido-al-nuevo-estado-de-emergencia\/"]}]},{"@type":"ImageObject","inLanguage":"es","@id":"https:\/\/casadecampoliving.com\/es\/horario-de-misas-en-la-iglesia-de-san-estanislao-en-altos-de-chavon-debido-al-nuevo-estado-de-emergencia\/#primaryimage","url":"https:\/\/i0.wp.com\/casadecampoliving.com\/wp-content\/uploads\/2022\/10\/Stanislaus-Church-Altos-de-Chavo%CC%81n-2.jpg?fit=1000%2C600&ssl=1","contentUrl":"https:\/\/i0.wp.com\/casadecampoliving.com\/wp-content\/uploads\/2022\/10\/Stanislaus-Church-Altos-de-Chavo%CC%81n-2.jpg?fit=1000%2C600&ssl=1","width":1000,"height":600},{"@type":"BreadcrumbList","@id":"https:\/\/casadecampoliving.com\/es\/horario-de-misas-en-la-iglesia-de-san-estanislao-en-altos-de-chavon-debido-al-nuevo-estado-de-emergencia\/#breadcrumb","itemListElement":[{"@type":"ListItem","position":1,"name":"Home","item":"https:\/\/casadecampoliving.com\/es\/"},{"@type":"ListItem","position":2,"name":"Horario de misas en la Iglesia de San Estanislao en Altos de Chav\u00f3n debido al nuevo estado de emergencia"}]},{"@type":"WebSite","@id":"https:\/\/casadecampoliving.com\/es\/#website","url":"https:\/\/casadecampoliving.com\/es\/","name":"Casa de Campo Living","description":"Resort community news and resources.","publisher":{"@id":"https:\/\/casadecampoliving.com\/es\/#organization"},"potentialAction":[{"@type":"SearchAction","target":{"@type":"EntryPoint","urlTemplate":"https:\/\/casadecampoliving.com\/es\/?s={search_term_string}"},"query-input":{"@type":"PropertyValueSpecification","valueRequired":true,"valueName":"search_term_string"}}],"inLanguage":"es"},{"@type":"Organization","@id":"https:\/\/casadecampoliving.com\/es\/#organization","name":"Casa de Campo Living","url":"https:\/\/casadecampoliving.com\/es\/","logo":{"@type":"ImageObject","inLanguage":"es","@id":"https:\/\/casadecampoliving.com\/es\/#\/schema\/logo\/image\/","url":"https:\/\/i0.wp.com\/casadecampoliving.com\/wp-content\/uploads\/2022\/07\/CDCLivingLogo_V1-white-sized.png?fit=800%2C214&ssl=1","contentUrl":"https:\/\/i0.wp.com\/casadecampoliving.com\/wp-content\/uploads\/2022\/07\/CDCLivingLogo_V1-white-sized.png?fit=800%2C214&ssl=1","width":800,"height":214,"caption":"Casa de Campo Living"},"image":{"@id":"https:\/\/casadecampoliving.com\/es\/#\/schema\/logo\/image\/"},"sameAs":["https:\/\/www.facebook.com\/casadecampoliving","https:\/\/x.com\/cdcliving"]},{"@type":"Person","@id":"https:\/\/casadecampoliving.com\/es\/#\/schema\/person\/5d2171637a9d11e0e43ce6b8555f9422","name":"Casa de Campo Living","image":{"@type":"ImageObject","inLanguage":"es","@id":"https:\/\/secure.gravatar.com\/avatar\/d04101fa4a9fd431e939953b1500fdc7a73cd35029f86d98712fd8ccdaebaf9a?s=96&d=mm&r=g","url":"https:\/\/secure.gravatar.com\/avatar\/d04101fa4a9fd431e939953b1500fdc7a73cd35029f86d98712fd8ccdaebaf9a?s=96&d=mm&r=g","contentUrl":"https:\/\/secure.gravatar.com\/avatar\/d04101fa4a9fd431e939953b1500fdc7a73cd35029f86d98712fd8ccdaebaf9a?s=96&d=mm&r=g","caption":"Casa de Campo Living"},"url":"https:\/\/casadecampoliving.com\/es\/author\/casa-de-campo-living\/"}]}},"parsely":{"version":"1.1.0","canonical_url":"https:\/\/casadecampoliving.com\/es\/horario-de-misas-en-la-iglesia-de-san-estanislao-en-altos-de-chavon-debido-al-nuevo-estado-de-emergencia\/","smart_links":{"inbound":0,"outbound":0},"traffic_boost_suggestions_count":0,"meta":{"@context":"https:\/\/schema.org","@type":"NewsArticle","headline":"Horario de misas en la Iglesia de San Estanislao en Altos de Chav\u00f3n debido al nuevo estado de emergencia","url":"http:\/\/casadecampoliving.com\/es\/horario-de-misas-en-la-iglesia-de-san-estanislao-en-altos-de-chavon-debido-al-nuevo-estado-de-emergencia\/","mainEntityOfPage":{"@type":"WebPage","@id":"http:\/\/casadecampoliving.com\/es\/horario-de-misas-en-la-iglesia-de-san-estanislao-en-altos-de-chavon-debido-al-nuevo-estado-de-emergencia\/"},"thumbnailUrl":"https:\/\/i0.wp.com\/casadecampoliving.com\/wp-content\/uploads\/2022\/10\/Stanislaus-Church-Altos-de-Chavo%CC%81n-2.jpg?resize=150%2C150&ssl=1","image":{"@type":"ImageObject","url":"https:\/\/i0.wp.com\/casadecampoliving.com\/wp-content\/uploads\/2022\/10\/Stanislaus-Church-Altos-de-Chavo%CC%81n-2.jpg?fit=1000%2C600&ssl=1"},"articleSection":"Comunidad","author":[{"@type":"Person","name":"Casa de Campo Living"}],"creator":["Casa de Campo Living"],"publisher":{"@type":"Organization","name":"Casa de Campo Living","logo":"https:\/\/casadecampoliving.com\/wp-content\/uploads\/2022\/07\/CDCLivingLogo_V1-white-sized.png"},"keywords":["altos de chavon -es","misa"],"dateCreated":"2020-07-27T04:00:00Z","datePublished":"2020-07-27T04:00:00Z","dateModified":"2022-10-21T23:11:58Z"},"rendered":"<script type=\"application\/ld+json\" class=\"wp-parsely-metadata\">{\"@context\":\"https:\\\/\\\/schema.org\",\"@type\":\"NewsArticle\",\"headline\":\"Horario de misas en la Iglesia de San Estanislao en Altos de Chav\\u00f3n debido al nuevo estado de emergencia\",\"url\":\"http:\\\/\\\/casadecampoliving.com\\\/es\\\/horario-de-misas-en-la-iglesia-de-san-estanislao-en-altos-de-chavon-debido-al-nuevo-estado-de-emergencia\\\/\",\"mainEntityOfPage\":{\"@type\":\"WebPage\",\"@id\":\"http:\\\/\\\/casadecampoliving.com\\\/es\\\/horario-de-misas-en-la-iglesia-de-san-estanislao-en-altos-de-chavon-debido-al-nuevo-estado-de-emergencia\\\/\"},\"thumbnailUrl\":\"https:\\\/\\\/i0.wp.com\\\/casadecampoliving.com\\\/wp-content\\\/uploads\\\/2022\\\/10\\\/Stanislaus-Church-Altos-de-Chavo%CC%81n-2.jpg?resize=150%2C150&ssl=1\",\"image\":{\"@type\":\"ImageObject\",\"url\":\"https:\\\/\\\/i0.wp.com\\\/casadecampoliving.com\\\/wp-content\\\/uploads\\\/2022\\\/10\\\/Stanislaus-Church-Altos-de-Chavo%CC%81n-2.jpg?fit=1000%2C600&ssl=1\"},\"articleSection\":\"Comunidad\",\"author\":[{\"@type\":\"Person\",\"name\":\"Casa de Campo Living\"}],\"creator\":[\"Casa de Campo Living\"],\"publisher\":{\"@type\":\"Organization\",\"name\":\"Casa de Campo Living\",\"logo\":\"https:\\\/\\\/casadecampoliving.com\\\/wp-content\\\/uploads\\\/2022\\\/07\\\/CDCLivingLogo_V1-white-sized.png\"},\"keywords\":[\"altos de chavon -es\",\"misa\"],\"dateCreated\":\"2020-07-27T04:00:00Z\",\"datePublished\":\"2020-07-27T04:00:00Z\",\"dateModified\":\"2022-10-21T23:11:58Z\"}<\/script>","tracker_url":"https:\/\/cdn.parsely.com\/keys\/casadecampoliving.com\/p.js"},"jetpack_publicize_connections":[],"jetpack_featured_media_url":"https:\/\/i0.wp.com\/casadecampoliving.com\/wp-content\/uploads\/2022\/10\/Stanislaus-Church-Altos-de-Chavo%CC%81n-2.jpg?fit=1000%2C600&ssl=1","jetpack-related-posts":[{"id":433460,"url":"https:\/\/casadecampoliving.com\/es\/no-se-pierdan-el-increible-tributo-a-frank-sinatra-para-celebrar-el-40-aniversario-del-anfiteatro-altos-de-chavon\/","url_meta":{"origin":353816,"position":0},"title":"No se pierdan el incre\u00edble tributo a Frank Sinatra para celebrar el 40 aniversario del\u00a0Anfiteatro Altos de Chav\u00f3n","author":"Casa de Campo Living","date":"20 Oct, 2022","format":false,"excerpt":"Siendo uno de los escenarios m\u00e1s emblem\u00e1ticos del pa\u00eds, Casa de Campo Resort\u00ae & Villas celebra las cuatro d\u00e9cadas de aniversario de Altos de Chav\u00f3n con un tributo al gran Frank Sinatra, protagonizado por artistas invitados y una big band tal cual la que acompa\u00f1\u00f3 al artista hace 40 a\u00f1os\u2026","rel":"","context":"En \u00abUncategorized @es\u00bb","block_context":{"text":"Uncategorized @es","link":"https:\/\/casadecampoliving.com\/es\/category\/uncategorized-es\/"},"img":{"alt_text":"","src":"https:\/\/i0.wp.com\/casadecampoliving.com\/wp-content\/uploads\/2022\/10\/Tributo-Frank-Sinatra-Foto-Principal-Amaury-Sanchez-Danilo-Ginebra-Andres-Pichardo-y-Jose-Gabriel-Perez-.jpg?fit=1200%2C873&ssl=1&resize=350%2C200","width":350,"height":200,"srcset":"https:\/\/i0.wp.com\/casadecampoliving.com\/wp-content\/uploads\/2022\/10\/Tributo-Frank-Sinatra-Foto-Principal-Amaury-Sanchez-Danilo-Ginebra-Andres-Pichardo-y-Jose-Gabriel-Perez-.jpg?fit=1200%2C873&ssl=1&resize=350%2C200 1x, https:\/\/i0.wp.com\/casadecampoliving.com\/wp-content\/uploads\/2022\/10\/Tributo-Frank-Sinatra-Foto-Principal-Amaury-Sanchez-Danilo-Ginebra-Andres-Pichardo-y-Jose-Gabriel-Perez-.jpg?fit=1200%2C873&ssl=1&resize=525%2C300 1.5x, https:\/\/i0.wp.com\/casadecampoliving.com\/wp-content\/uploads\/2022\/10\/Tributo-Frank-Sinatra-Foto-Principal-Amaury-Sanchez-Danilo-Ginebra-Andres-Pichardo-y-Jose-Gabriel-Perez-.jpg?fit=1200%2C873&ssl=1&resize=700%2C400 2x, https:\/\/i0.wp.com\/casadecampoliving.com\/wp-content\/uploads\/2022\/10\/Tributo-Frank-Sinatra-Foto-Principal-Amaury-Sanchez-Danilo-Ginebra-Andres-Pichardo-y-Jose-Gabriel-Perez-.jpg?fit=1200%2C873&ssl=1&resize=1050%2C600 3x"},"classes":[]},{"id":353956,"url":"https:\/\/casadecampoliving.com\/es\/horario-de-misas-en-la-iglesia-de-san-estanislao-en-altos-de-chavon-para-este-fin-de-semana\/","url_meta":{"origin":353816,"position":1},"title":"Horario de misas en la Iglesia de San Estanislao en Altos de Chav\u00f3n para este fin de semana","author":"Casa de Campo Living","date":"9 Ene, 2021","format":false,"excerpt":"Esta semana, el estado de emergencia en el pa\u00eds se extendi\u00f3 45 d\u00edas m\u00e1s, junto con un toque de queda actualizado para la pr\u00f3xima semana. Debido a esto, el horario de misas en Altos de Chav\u00f3n ha cambiado una vez m\u00e1s. Esta semana, no habr\u00e1 misa hoy s\u00e1bado 9, y\u2026","rel":"","context":"En \u00abAltos de Chavon @es\u00bb","block_context":{"text":"Altos de Chavon @es","link":"https:\/\/casadecampoliving.com\/category\/altos-de-chavon-es\/"},"img":{"alt_text":"","src":"https:\/\/i0.wp.com\/casadecampoliving.com\/wp-content\/uploads\/2022\/10\/Stanislaus-Church-Altos-de-Chavo%CC%81n-2.jpg?fit=1000%2C600&ssl=1&resize=350%2C200","width":350,"height":200,"srcset":"https:\/\/i0.wp.com\/casadecampoliving.com\/wp-content\/uploads\/2022\/10\/Stanislaus-Church-Altos-de-Chavo%CC%81n-2.jpg?fit=1000%2C600&ssl=1&resize=350%2C200 1x, https:\/\/i0.wp.com\/casadecampoliving.com\/wp-content\/uploads\/2022\/10\/Stanislaus-Church-Altos-de-Chavo%CC%81n-2.jpg?fit=1000%2C600&ssl=1&resize=525%2C300 1.5x, https:\/\/i0.wp.com\/casadecampoliving.com\/wp-content\/uploads\/2022\/10\/Stanislaus-Church-Altos-de-Chavo%CC%81n-2.jpg?fit=1000%2C600&ssl=1&resize=700%2C400 2x"},"classes":[]},{"id":343130,"url":"https:\/\/casadecampoliving.com\/es\/nuevo-horario-de-misa-altos-de-chavon\/","url_meta":{"origin":353816,"position":2},"title":"Nuevo horario de Misa &#8211; Altos de Chav\u00f3n","author":"Genesis Perdomo","date":"24 Oct, 2013","format":false,"excerpt":"Mientras la Iglesia San Estanislao en Altos de Chav\u00f3n es una de las atracciones tur\u00edsticas m\u00e1s hermosas, para muchos y primero que todo es una iglesia Cat\u00f3lica con servicios regulares como cualquier otra. Las misas regulares son todos los s\u00e1bados a las 5pm y domingos a las 6pm, nos complace\u2026","rel":"","context":"En \u00abAltos de Chavon @es\u00bb","block_context":{"text":"Altos de Chavon @es","link":"https:\/\/casadecampoliving.com\/category\/altos-de-chavon-es\/"},"img":{"alt_text":"Altos de Chavon","src":"https:\/\/i0.wp.com\/casadecampoliving.com\/wp-content\/uploads\/2022\/10\/altos_de_chavon-5.jpg?fit=650%2C452&ssl=1&resize=350%2C200","width":350,"height":200,"srcset":"https:\/\/i0.wp.com\/casadecampoliving.com\/wp-content\/uploads\/2022\/10\/altos_de_chavon-5.jpg?fit=650%2C452&ssl=1&resize=350%2C200 1x, https:\/\/i0.wp.com\/casadecampoliving.com\/wp-content\/uploads\/2022\/10\/altos_de_chavon-5.jpg?fit=650%2C452&ssl=1&resize=525%2C300 1.5x"},"classes":[]},{"id":347131,"url":"https:\/\/casadecampoliving.com\/es\/horario-de-misa-de-pascua-en-altos-de-chavon\/","url_meta":{"origin":353816,"position":3},"title":"Horario de misa de Pascua en Altos de Chav\u00f3n","author":"Rebecca Silvestri","date":"2 Abr, 2015","format":false,"excerpt":"La iglesia San Estanislao en Altos de Chav\u00f3n es una de las atracciones m\u00e1s hermosas y favorita por los turistas del \u00e1rea. Primero que\u00a0nada, es una iglesia. Y Semana Santa (Pascua), m\u00e1s que una \u00e9poca de fiesta es tambi\u00e9n una celebraci\u00f3n religiosa por lo que pensamos que estar\u00eda interesado en\u2026","rel":"","context":"En \u00abAltos de Chavon @es\u00bb","block_context":{"text":"Altos de Chavon @es","link":"https:\/\/casadecampoliving.com\/category\/altos-de-chavon-es\/"},"img":{"alt_text":"Altos de Chavon church Casa de Campo","src":"https:\/\/i0.wp.com\/casadecampoliving.com\/wp-content\/uploads\/2022\/10\/altos-de-chavon-church-casa-de-campo-1.jpg?fit=650%2C498&ssl=1&resize=350%2C200","width":350,"height":200,"srcset":"https:\/\/i0.wp.com\/casadecampoliving.com\/wp-content\/uploads\/2022\/10\/altos-de-chavon-church-casa-de-campo-1.jpg?fit=650%2C498&ssl=1&resize=350%2C200 1x, https:\/\/i0.wp.com\/casadecampoliving.com\/wp-content\/uploads\/2022\/10\/altos-de-chavon-church-casa-de-campo-1.jpg?fit=650%2C498&ssl=1&resize=525%2C300 1.5x"},"classes":[]},{"id":349447,"url":"https:\/\/casadecampoliving.com\/es\/horario-misas-de-pascua-iglesia-san-estanislao-altos-de-chavon\/","url_meta":{"origin":353816,"position":4},"title":"Horario de Misas de Pascua en la Iglesia San Estanislao en Altos de Chav\u00f3n","author":"Marlenys Guzm\u00e1n Casta\u00f1os","date":"17 Mar, 2016","format":false,"excerpt":"La iglesia de San Estanislao en Altos de Chav\u00f3n es una de las m\u00e1s bellas atracciones tur\u00edsticas de la \u00e1rea. Pero ante todo, es una iglesia. Y Semana Santa (Pascua), m\u00e1s que una \u00e9poca de fiesta es tambi\u00e9n una celebraci\u00f3n religiosa por lo que pensamos que estar\u00eda interesado en saber\u2026","rel":"","context":"En \u00abEstilo de Vida\u00bb","block_context":{"text":"Estilo de Vida","link":"https:\/\/casadecampoliving.com\/es\/category\/estilo-de-vida\/"},"img":{"alt_text":"Featured Image \u2014 Easter mass at St Stanislaus Church 2016","src":"https:\/\/i0.wp.com\/casadecampoliving.com\/wp-content\/uploads\/2022\/10\/Featured-Image-%E2%80%94-Easter-mass-at-St-Stanislaus-Church-2016.jpg?fit=1000%2C600&ssl=1&resize=350%2C200","width":350,"height":200,"srcset":"https:\/\/i0.wp.com\/casadecampoliving.com\/wp-content\/uploads\/2022\/10\/Featured-Image-%E2%80%94-Easter-mass-at-St-Stanislaus-Church-2016.jpg?fit=1000%2C600&ssl=1&resize=350%2C200 1x, https:\/\/i0.wp.com\/casadecampoliving.com\/wp-content\/uploads\/2022\/10\/Featured-Image-%E2%80%94-Easter-mass-at-St-Stanislaus-Church-2016.jpg?fit=1000%2C600&ssl=1&resize=525%2C300 1.5x, https:\/\/i0.wp.com\/casadecampoliving.com\/wp-content\/uploads\/2022\/10\/Featured-Image-%E2%80%94-Easter-mass-at-St-Stanislaus-Church-2016.jpg?fit=1000%2C600&ssl=1&resize=700%2C400 2x"},"classes":[]},{"id":352561,"url":"https:\/\/casadecampoliving.com\/es\/horario-de-misas-de-pascua-en-la-iglesia-san-estanislao-en-altos-de-chavon\/","url_meta":{"origin":353816,"position":5},"title":"Horario de Misas de Pascua en la Iglesia San Estanislao en Altos de Chav\u00f3n","author":"Marlenys Guzm\u00e1n Casta\u00f1os","date":"28 Mar, 2018","format":false,"excerpt":"La iglesia de San Estanislao en Altos de Chav\u00f3n es una de las m\u00e1s bellas atracciones tur\u00edsticas de la \u00e1rea. Pero ante todo, es una iglesia. Y Semana Santa (Pascua), m\u00e1s que una \u00e9poca de fiesta es tambi\u00e9n una celebraci\u00f3n religiosa por lo que pensamos que estar\u00eda interesado en saber\u2026","rel":"","context":"En \u00abAltos de Chavon @es\u00bb","block_context":{"text":"Altos de Chavon @es","link":"https:\/\/casadecampoliving.com\/category\/altos-de-chavon-es\/"},"img":{"alt_text":"St. Stanislaus Church Altos de Chavo\u0301n","src":"https:\/\/i0.wp.com\/casadecampoliving.com\/wp-content\/uploads\/2022\/10\/St.-Stanislaus-Church-Altos-de-Chavo%CC%81n-1.jpg?fit=650%2C434&ssl=1&resize=350%2C200","width":350,"height":200,"srcset":"https:\/\/i0.wp.com\/casadecampoliving.com\/wp-content\/uploads\/2022\/10\/St.-Stanislaus-Church-Altos-de-Chavo%CC%81n-1.jpg?fit=650%2C434&ssl=1&resize=350%2C200 1x, https:\/\/i0.wp.com\/casadecampoliving.com\/wp-content\/uploads\/2022\/10\/St.-Stanislaus-Church-Altos-de-Chavo%CC%81n-1.jpg?fit=650%2C434&ssl=1&resize=525%2C300 1.5x"},"classes":[]}],"jetpack_sharing_enabled":true,"_links":{"self":[{"href":"https:\/\/casadecampoliving.com\/es\/wp-json\/wp\/v2\/posts\/353816","targetHints":{"allow":["GET"]}}],"collection":[{"href":"https:\/\/casadecampoliving.com\/es\/wp-json\/wp\/v2\/posts"}],"about":[{"href":"https:\/\/casadecampoliving.com\/es\/wp-json\/wp\/v2\/types\/post"}],"author":[{"embeddable":true,"href":"https:\/\/casadecampoliving.com\/es\/wp-json\/wp\/v2\/users\/36791"}],"replies":[{"embeddable":true,"href":"https:\/\/casadecampoliving.com\/es\/wp-json\/wp\/v2\/comments?post=353816"}],"version-history":[{"count":0,"href":"https:\/\/casadecampoliving.com\/es\/wp-json\/wp\/v2\/posts\/353816\/revisions"}],"wp:featuredmedia":[{"embeddable":true,"href":"https:\/\/casadecampoliving.com\/es\/wp-json\/wp\/v2\/media\/332018"}],"wp:attachment":[{"href":"https:\/\/casadecampoliving.com\/es\/wp-json\/wp\/v2\/media?parent=353816"}],"wp:term":[{"taxonomy":"category","embeddable":true,"href":"https:\/\/casadecampoliving.com\/es\/wp-json\/wp\/v2\/categories?post=353816"},{"taxonomy":"post_tag","embeddable":true,"href":"https:\/\/casadecampoliving.com\/es\/wp-json\/wp\/v2\/tags?post=353816"},{"taxonomy":"newspack_spnsrs_tax","embeddable":true,"href":"https:\/\/casadecampoliving.com\/es\/wp-json\/wp\/v2\/newspack_spnsrs_tax?post=353816"}],"curies":[{"name":"wp","href":"https:\/\/api.w.org\/{rel}","templated":true}]}}