{"id":353812,"date":"2020-07-22T00:00:00","date_gmt":"2020-07-22T04:00:00","guid":{"rendered":"https:\/\/casadecampoliving.com\/medidas-por-nuevo-estado-de-emergencia-para-prevencion-covid19\/"},"modified":"2022-10-21T19:11:17","modified_gmt":"2022-10-21T23:11:17","slug":"medidas-por-nuevo-estado-de-emergencia-para-prevencion-covid19","status":"publish","type":"post","link":"https:\/\/casadecampoliving.com\/es\/medidas-por-nuevo-estado-de-emergencia-para-prevencion-covid19\/","title":{"rendered":"Medidas por nuevo Estado de Emergencia para prevenci\u00f3n Covid19"},"content":{"rendered":"\n<p>El pasado lunes, 20 de julio, el presidente Danilo Medina declar\u00f3 nuevamente estado de emergencia en todo el territorio nacional por 45 dias. Esta informaci\u00f3n fue publicada por el portavoz del Gobierno, Roberto Rodr\u00edguez Marchena, a trav\u00e9s de su cuenta de Twitter.<\/p>\n\n\n\n<p>\u201cPresidente Danilo Medina declara el territorio nacional en estado de emergencia por un per\u00edodo de 45 d\u00edas a partir de hoy, 20 de julio de 2020, debido a la reciente evoluci\u00f3n epidemiol\u00f3gica del COVID-19\u201d, indic\u00f3 el director general de Comunicaci\u00f3n del gobierno. En el tweet tambi\u00e9n se pueden ver im\u00e1genes del Decreto 265-20.&nbsp; M\u00e1s tarde ese mismo d\u00eda se publicaron los horarios del toque de queda. En La Romana, el horario ser\u00e1 de lunes a viernes 7pm a 5am; y s\u00e1bados y domingos de 5pm a 5am.&nbsp;<\/p>\n\n\n\n<p>El martes, la Comisi\u00f3n de Alto Nivel para la Prevenci\u00f3n y el Control del coronavirus en el pa\u00eds orden\u00f3 el cierre de los gimnasios, la prohibici\u00f3n de visitantes a establecimientos de expendio de bebidas alcoh\u00f3licas, as\u00ed como la limitaci\u00f3n de las operaciones en los restaurantes, que deber\u00e1n volver al modelo \u201cdelivery y take out\u201d, o recibir a sus comensales en terrazas o espacios abiertos y respetando el distanciamiento social.<\/p>\n\n\n\n<p>Asimismo, expres\u00f3 que hasta nuevo aviso quedan cerrados los balnearios, rios y piscinas p\u00fablicas, aunque s\u00ed estar\u00e1 permitido el acceso a las playas, respetando las medidas de distanciamiento.<\/p>\n\n\n\n<h4 class=\"wp-block-heading\">Como afecta esto a Casa de Campo<\/h4>\n\n\n\n<p>Ayer Costasur publico su comunicado m\u00e1s reciente donde comparten las medidas a ser tomadas por la comunidad luego de estas actualizaciones. Siguiendo las resoluciones dispuestas por las autoridades de Salud P\u00fablica, se hace obligatorio el uso de mascarillas en las \u00e1reas p\u00fablicas del complejo y en los espacios donde haya interacci\u00f3n entre personas. Tambi\u00e9n enfatizan el mantener el distanciamiento f\u00edsico, la higiene con el lavado frecuente de las manos, y la aplicaci\u00f3n de gel antibacterial cuando no sea posible el uso de agua y jab\u00f3n.&nbsp;<\/p>\n\n\n\n<p>Recuerdan a la comunidad las medidas y protocolos establecidos al abrir el complejo el pasado 1ero de Julio, para evitar el contagio entre los usuarios de la playa, canchas de tenis, campos de golf, restaurantes o cualquier amenidad del area. <a href=\"https:\/\/www.casadecampo.com.do\/resources\/casa-cares\/\" target=\"_blank\" rel=\"noopener noreferrer\">Para verlos pueden consultar el siguiente link<\/a>.&nbsp;<\/p>\n\n\n\n<p>De conformidad con lo dispuesto por las autoridades, todos los restaurantes y bares en <strong>Casa de Campo<\/strong>, estar\u00e1n operando en su horario acostumbrado, como parte del destino tur\u00edstico, asumiendo los protocolos de prevenci\u00f3n y seguridad.<\/p>\n\n\n\n<h4 class=\"wp-block-heading\"><strong>Informaciones para recordar:<\/strong><\/h4>\n\n\n\n<ul class=\"wp-block-list\"><li>Transporte de empleados: Lunes a Viernes de 6am a 5pm, s\u00e1bados y domingos 6am a 3pm. El transporte de la Marina no tendr\u00e1 variaci\u00f3n.<\/li><li>Se mantendr\u00e1 la practica de toma de temperatura de todos los empleados antes de su entrada al complejo.&nbsp;<\/li><li>Estaci\u00f3n de combustible Sunix: Lunes a Viernes de 7am a 5pm, s\u00e1bados y domingos 7am a 3pm.&nbsp;<\/li><\/ul>\n","protected":false},"excerpt":{"rendered":"<p>El pasado lunes, 20 de julio, el presidente Danilo Medina declar\u00f3 nuevamente estado de emergencia en todo el territorio nacional por 45 dias. Esta informaci\u00f3n fue publicada por el portavoz del Gobierno, Roberto Rodr\u00edguez Marchena, a trav\u00e9s de su cuenta de Twitter. \u201cPresidente Danilo Medina declara el territorio nacional en estado de emergencia por un [&hellip;]<\/p>\n","protected":false},"author":36791,"featured_media":331992,"comment_status":"closed","ping_status":"open","sticky":false,"template":"","format":"standard","meta":{"newspack_ads_suppress_ads":false,"newspack_popups_has_disabled_popups":false,"newspack_sponsor_sponsorship_scope":"","newspack_sponsor_native_byline_display":"inherit","newspack_sponsor_native_category_display":"inherit","newspack_sponsor_underwriter_style":"inherit","newspack_sponsor_underwriter_placement":"inherit","_newspack_byline_active":false,"_newspack_byline":"","newspack_hide_updated_date":false,"newspack_show_updated_date":false,"newspack_content_restriction_is_exempt":false,"newspack_featured_image_position":"","newspack_post_subtitle":"","newspack_article_summary_title":"Overview:","newspack_article_summary":"","_jetpack_memberships_contains_paid_content":false,"footnotes":"","jetpack_publicize_message":"","jetpack_publicize_feature_enabled":true,"jetpack_social_post_already_shared":false,"jetpack_social_options":{"image_generator_settings":{"template":"highway","default_image_id":0,"font":"","enabled":false},"version":2},"_wpas_customize_per_network":false},"categories":[26936,26820,26954,2507,2506,14625,2521,26822,2527],"tags":[3773,24849,14736,18058],"newspack_spnsrs_tax":[],"class_list":["post-353812","post","type-post","status-publish","format-standard","has-post-thumbnail","hentry","category-casa-de-campo-living-es","category-casa-de-campo-resort","category-comunidad-casa-de-campo-living-es","category-la-romana-es","category-mas-alla-de-casa-es","category-noticias-locales","category-republica-dominicana-2","category-resort-casa-de-campo","category-salud","tag-danilo-medina","tag-estado-de-emergencia","tag-featured-topview-es","tag-horario","entry"],"yoast_head":"<!-- This site is optimized with the Yoast SEO plugin v27.4 - https:\/\/yoast.com\/product\/yoast-seo-wordpress\/ -->\n<title>Medidas por nuevo Estado de Emergencia para prevenci\u00f3n Covid19 | Casa de Campo Living<\/title>\n<meta name=\"description\" content=\"El pasado lunes, 20 de julio, el presidente Danilo Medina declar\u00f3 nuevamente estado de emergencia en todo el territorio nacional por 45 dias. Esta\" \/>\n<meta name=\"robots\" content=\"index, follow, max-snippet:-1, max-image-preview:large, max-video-preview:-1\" \/>\n<link rel=\"canonical\" href=\"https:\/\/casadecampoliving.com\/es\/medidas-por-nuevo-estado-de-emergencia-para-prevencion-covid19\/\" \/>\n<meta property=\"og:locale\" content=\"es_ES\" \/>\n<meta property=\"og:type\" content=\"article\" \/>\n<meta property=\"og:title\" content=\"Medidas por nuevo Estado de Emergencia para prevenci\u00f3n Covid19 | Casa de Campo Living\" \/>\n<meta property=\"og:description\" content=\"El pasado lunes, 20 de julio, el presidente Danilo Medina declar\u00f3 nuevamente estado de emergencia en todo el territorio nacional por 45 dias. Esta\" \/>\n<meta property=\"og:url\" content=\"https:\/\/casadecampoliving.com\/es\/medidas-por-nuevo-estado-de-emergencia-para-prevencion-covid19\/\" \/>\n<meta property=\"og:site_name\" content=\"Casa de Campo Living\" \/>\n<meta property=\"article:publisher\" content=\"https:\/\/www.facebook.com\/casadecampoliving\" \/>\n<meta property=\"article:published_time\" content=\"2020-07-22T04:00:00+00:00\" \/>\n<meta property=\"article:modified_time\" content=\"2022-10-21T23:11:17+00:00\" \/>\n<meta property=\"og:image\" content=\"https:\/\/i0.wp.com\/casadecampoliving.com\/wp-content\/uploads\/2022\/10\/Foto-Aerea-CdC-1.jpg?fit=1000%2C599&ssl=1\" \/>\n\t<meta property=\"og:image:width\" content=\"1000\" \/>\n\t<meta property=\"og:image:height\" content=\"599\" \/>\n\t<meta property=\"og:image:type\" content=\"image\/jpeg\" \/>\n<meta name=\"author\" content=\"Casa de Campo Living\" \/>\n<meta name=\"twitter:card\" content=\"summary_large_image\" \/>\n<meta name=\"twitter:creator\" content=\"@cdcliving\" \/>\n<meta name=\"twitter:site\" content=\"@cdcliving\" \/>\n<meta name=\"twitter:label1\" content=\"Escrito por\" \/>\n\t<meta name=\"twitter:data1\" content=\"Casa de Campo Living\" \/>\n\t<meta name=\"twitter:label2\" content=\"Tiempo de lectura\" \/>\n\t<meta name=\"twitter:data2\" content=\"2 minutos\" \/>\n<script type=\"application\/ld+json\" class=\"yoast-schema-graph\">{\"@context\":\"https:\\\/\\\/schema.org\",\"@graph\":[{\"@type\":\"Article\",\"@id\":\"https:\\\/\\\/casadecampoliving.com\\\/es\\\/medidas-por-nuevo-estado-de-emergencia-para-prevencion-covid19\\\/#article\",\"isPartOf\":{\"@id\":\"https:\\\/\\\/casadecampoliving.com\\\/es\\\/medidas-por-nuevo-estado-de-emergencia-para-prevencion-covid19\\\/\"},\"author\":{\"name\":\"Casa de Campo Living\",\"@id\":\"https:\\\/\\\/casadecampoliving.com\\\/es\\\/#\\\/schema\\\/person\\\/5d2171637a9d11e0e43ce6b8555f9422\"},\"headline\":\"Medidas por nuevo Estado de Emergencia para prevenci\u00f3n Covid19\",\"datePublished\":\"2020-07-22T04:00:00+00:00\",\"dateModified\":\"2022-10-21T23:11:17+00:00\",\"mainEntityOfPage\":{\"@id\":\"https:\\\/\\\/casadecampoliving.com\\\/es\\\/medidas-por-nuevo-estado-de-emergencia-para-prevencion-covid19\\\/\"},\"wordCount\":509,\"publisher\":{\"@id\":\"https:\\\/\\\/casadecampoliving.com\\\/es\\\/#organization\"},\"image\":{\"@id\":\"https:\\\/\\\/casadecampoliving.com\\\/es\\\/medidas-por-nuevo-estado-de-emergencia-para-prevencion-covid19\\\/#primaryimage\"},\"thumbnailUrl\":\"https:\\\/\\\/i0.wp.com\\\/casadecampoliving.com\\\/wp-content\\\/uploads\\\/2022\\\/10\\\/Foto-Aerea-CdC-1.jpg?fit=1000%2C599&ssl=1\",\"keywords\":[\"danilo medina\",\"estado de emergencia\",\"Featured-TopView @es\",\"horario;\"],\"articleSection\":[\"Casa de Campo Living @es\",\"Casa de Campo Resort\",\"Comunidad\",\"La Romana @es\",\"M\u00e1s all\u00e1 de Casa\",\"Noticias Locales\",\"Rep\u00fablica Dominicana @es\",\"Resort Casa de Campo\",\"Salud\"],\"inLanguage\":\"es\"},{\"@type\":\"WebPage\",\"@id\":\"https:\\\/\\\/casadecampoliving.com\\\/es\\\/medidas-por-nuevo-estado-de-emergencia-para-prevencion-covid19\\\/\",\"url\":\"https:\\\/\\\/casadecampoliving.com\\\/es\\\/medidas-por-nuevo-estado-de-emergencia-para-prevencion-covid19\\\/\",\"name\":\"Medidas por nuevo Estado de Emergencia para prevenci\u00f3n Covid19 | Casa de Campo Living\",\"isPartOf\":{\"@id\":\"https:\\\/\\\/casadecampoliving.com\\\/es\\\/#website\"},\"primaryImageOfPage\":{\"@id\":\"https:\\\/\\\/casadecampoliving.com\\\/es\\\/medidas-por-nuevo-estado-de-emergencia-para-prevencion-covid19\\\/#primaryimage\"},\"image\":{\"@id\":\"https:\\\/\\\/casadecampoliving.com\\\/es\\\/medidas-por-nuevo-estado-de-emergencia-para-prevencion-covid19\\\/#primaryimage\"},\"thumbnailUrl\":\"https:\\\/\\\/i0.wp.com\\\/casadecampoliving.com\\\/wp-content\\\/uploads\\\/2022\\\/10\\\/Foto-Aerea-CdC-1.jpg?fit=1000%2C599&ssl=1\",\"datePublished\":\"2020-07-22T04:00:00+00:00\",\"dateModified\":\"2022-10-21T23:11:17+00:00\",\"description\":\"El pasado lunes, 20 de julio, el presidente Danilo Medina declar\u00f3 nuevamente estado de emergencia en todo el territorio nacional por 45 dias. Esta\",\"breadcrumb\":{\"@id\":\"https:\\\/\\\/casadecampoliving.com\\\/es\\\/medidas-por-nuevo-estado-de-emergencia-para-prevencion-covid19\\\/#breadcrumb\"},\"inLanguage\":\"es\",\"potentialAction\":[{\"@type\":\"ReadAction\",\"target\":[\"https:\\\/\\\/casadecampoliving.com\\\/es\\\/medidas-por-nuevo-estado-de-emergencia-para-prevencion-covid19\\\/\"]}]},{\"@type\":\"ImageObject\",\"inLanguage\":\"es\",\"@id\":\"https:\\\/\\\/casadecampoliving.com\\\/es\\\/medidas-por-nuevo-estado-de-emergencia-para-prevencion-covid19\\\/#primaryimage\",\"url\":\"https:\\\/\\\/i0.wp.com\\\/casadecampoliving.com\\\/wp-content\\\/uploads\\\/2022\\\/10\\\/Foto-Aerea-CdC-1.jpg?fit=1000%2C599&ssl=1\",\"contentUrl\":\"https:\\\/\\\/i0.wp.com\\\/casadecampoliving.com\\\/wp-content\\\/uploads\\\/2022\\\/10\\\/Foto-Aerea-CdC-1.jpg?fit=1000%2C599&ssl=1\",\"width\":1000,\"height\":599},{\"@type\":\"BreadcrumbList\",\"@id\":\"https:\\\/\\\/casadecampoliving.com\\\/es\\\/medidas-por-nuevo-estado-de-emergencia-para-prevencion-covid19\\\/#breadcrumb\",\"itemListElement\":[{\"@type\":\"ListItem\",\"position\":1,\"name\":\"Home\",\"item\":\"https:\\\/\\\/casadecampoliving.com\\\/es\\\/\"},{\"@type\":\"ListItem\",\"position\":2,\"name\":\"Medidas por nuevo Estado de Emergencia para prevenci\u00f3n Covid19\"}]},{\"@type\":\"WebSite\",\"@id\":\"https:\\\/\\\/casadecampoliving.com\\\/es\\\/#website\",\"url\":\"https:\\\/\\\/casadecampoliving.com\\\/es\\\/\",\"name\":\"Casa de Campo Living\",\"description\":\"Resort community news and resources.\",\"publisher\":{\"@id\":\"https:\\\/\\\/casadecampoliving.com\\\/es\\\/#organization\"},\"potentialAction\":[{\"@type\":\"SearchAction\",\"target\":{\"@type\":\"EntryPoint\",\"urlTemplate\":\"https:\\\/\\\/casadecampoliving.com\\\/es\\\/?s={search_term_string}\"},\"query-input\":{\"@type\":\"PropertyValueSpecification\",\"valueRequired\":true,\"valueName\":\"search_term_string\"}}],\"inLanguage\":\"es\"},{\"@type\":\"Organization\",\"@id\":\"https:\\\/\\\/casadecampoliving.com\\\/es\\\/#organization\",\"name\":\"Casa de Campo Living\",\"url\":\"https:\\\/\\\/casadecampoliving.com\\\/es\\\/\",\"logo\":{\"@type\":\"ImageObject\",\"inLanguage\":\"es\",\"@id\":\"https:\\\/\\\/casadecampoliving.com\\\/es\\\/#\\\/schema\\\/logo\\\/image\\\/\",\"url\":\"https:\\\/\\\/i0.wp.com\\\/casadecampoliving.com\\\/wp-content\\\/uploads\\\/2022\\\/07\\\/CDCLivingLogo_V1-white-sized.png?fit=800%2C214&ssl=1\",\"contentUrl\":\"https:\\\/\\\/i0.wp.com\\\/casadecampoliving.com\\\/wp-content\\\/uploads\\\/2022\\\/07\\\/CDCLivingLogo_V1-white-sized.png?fit=800%2C214&ssl=1\",\"width\":800,\"height\":214,\"caption\":\"Casa de Campo Living\"},\"image\":{\"@id\":\"https:\\\/\\\/casadecampoliving.com\\\/es\\\/#\\\/schema\\\/logo\\\/image\\\/\"},\"sameAs\":[\"https:\\\/\\\/www.facebook.com\\\/casadecampoliving\",\"https:\\\/\\\/x.com\\\/cdcliving\"]},{\"@type\":\"Person\",\"@id\":\"https:\\\/\\\/casadecampoliving.com\\\/es\\\/#\\\/schema\\\/person\\\/5d2171637a9d11e0e43ce6b8555f9422\",\"name\":\"Casa de Campo Living\",\"image\":{\"@type\":\"ImageObject\",\"inLanguage\":\"es\",\"@id\":\"https:\\\/\\\/secure.gravatar.com\\\/avatar\\\/d04101fa4a9fd431e939953b1500fdc7a73cd35029f86d98712fd8ccdaebaf9a?s=96&d=mm&r=g\",\"url\":\"https:\\\/\\\/secure.gravatar.com\\\/avatar\\\/d04101fa4a9fd431e939953b1500fdc7a73cd35029f86d98712fd8ccdaebaf9a?s=96&d=mm&r=g\",\"contentUrl\":\"https:\\\/\\\/secure.gravatar.com\\\/avatar\\\/d04101fa4a9fd431e939953b1500fdc7a73cd35029f86d98712fd8ccdaebaf9a?s=96&d=mm&r=g\",\"caption\":\"Casa de Campo Living\"},\"url\":\"https:\\\/\\\/casadecampoliving.com\\\/es\\\/author\\\/casa-de-campo-living\\\/\"}]}<\/script>\n<!-- \/ Yoast SEO plugin. -->","yoast_head_json":{"title":"Medidas por nuevo Estado de Emergencia para prevenci\u00f3n Covid19 | Casa de Campo Living","description":"El pasado lunes, 20 de julio, el presidente Danilo Medina declar\u00f3 nuevamente estado de emergencia en todo el territorio nacional por 45 dias. Esta","robots":{"index":"index","follow":"follow","max-snippet":"max-snippet:-1","max-image-preview":"max-image-preview:large","max-video-preview":"max-video-preview:-1"},"canonical":"https:\/\/casadecampoliving.com\/es\/medidas-por-nuevo-estado-de-emergencia-para-prevencion-covid19\/","og_locale":"es_ES","og_type":"article","og_title":"Medidas por nuevo Estado de Emergencia para prevenci\u00f3n Covid19 | Casa de Campo Living","og_description":"El pasado lunes, 20 de julio, el presidente Danilo Medina declar\u00f3 nuevamente estado de emergencia en todo el territorio nacional por 45 dias. Esta","og_url":"https:\/\/casadecampoliving.com\/es\/medidas-por-nuevo-estado-de-emergencia-para-prevencion-covid19\/","og_site_name":"Casa de Campo Living","article_publisher":"https:\/\/www.facebook.com\/casadecampoliving","article_published_time":"2020-07-22T04:00:00+00:00","article_modified_time":"2022-10-21T23:11:17+00:00","og_image":[{"width":1000,"height":599,"url":"https:\/\/i0.wp.com\/casadecampoliving.com\/wp-content\/uploads\/2022\/10\/Foto-Aerea-CdC-1.jpg?fit=1000%2C599&ssl=1","type":"image\/jpeg"}],"author":"Casa de Campo Living","twitter_card":"summary_large_image","twitter_creator":"@cdcliving","twitter_site":"@cdcliving","twitter_misc":{"Escrito por":"Casa de Campo Living","Tiempo de lectura":"2 minutos"},"schema":{"@context":"https:\/\/schema.org","@graph":[{"@type":"Article","@id":"https:\/\/casadecampoliving.com\/es\/medidas-por-nuevo-estado-de-emergencia-para-prevencion-covid19\/#article","isPartOf":{"@id":"https:\/\/casadecampoliving.com\/es\/medidas-por-nuevo-estado-de-emergencia-para-prevencion-covid19\/"},"author":{"name":"Casa de Campo Living","@id":"https:\/\/casadecampoliving.com\/es\/#\/schema\/person\/5d2171637a9d11e0e43ce6b8555f9422"},"headline":"Medidas por nuevo Estado de Emergencia para prevenci\u00f3n Covid19","datePublished":"2020-07-22T04:00:00+00:00","dateModified":"2022-10-21T23:11:17+00:00","mainEntityOfPage":{"@id":"https:\/\/casadecampoliving.com\/es\/medidas-por-nuevo-estado-de-emergencia-para-prevencion-covid19\/"},"wordCount":509,"publisher":{"@id":"https:\/\/casadecampoliving.com\/es\/#organization"},"image":{"@id":"https:\/\/casadecampoliving.com\/es\/medidas-por-nuevo-estado-de-emergencia-para-prevencion-covid19\/#primaryimage"},"thumbnailUrl":"https:\/\/i0.wp.com\/casadecampoliving.com\/wp-content\/uploads\/2022\/10\/Foto-Aerea-CdC-1.jpg?fit=1000%2C599&ssl=1","keywords":["danilo medina","estado de emergencia","Featured-TopView @es","horario;"],"articleSection":["Casa de Campo Living @es","Casa de Campo Resort","Comunidad","La Romana @es","M\u00e1s all\u00e1 de Casa","Noticias Locales","Rep\u00fablica Dominicana @es","Resort Casa de Campo","Salud"],"inLanguage":"es"},{"@type":"WebPage","@id":"https:\/\/casadecampoliving.com\/es\/medidas-por-nuevo-estado-de-emergencia-para-prevencion-covid19\/","url":"https:\/\/casadecampoliving.com\/es\/medidas-por-nuevo-estado-de-emergencia-para-prevencion-covid19\/","name":"Medidas por nuevo Estado de Emergencia para prevenci\u00f3n Covid19 | Casa de Campo Living","isPartOf":{"@id":"https:\/\/casadecampoliving.com\/es\/#website"},"primaryImageOfPage":{"@id":"https:\/\/casadecampoliving.com\/es\/medidas-por-nuevo-estado-de-emergencia-para-prevencion-covid19\/#primaryimage"},"image":{"@id":"https:\/\/casadecampoliving.com\/es\/medidas-por-nuevo-estado-de-emergencia-para-prevencion-covid19\/#primaryimage"},"thumbnailUrl":"https:\/\/i0.wp.com\/casadecampoliving.com\/wp-content\/uploads\/2022\/10\/Foto-Aerea-CdC-1.jpg?fit=1000%2C599&ssl=1","datePublished":"2020-07-22T04:00:00+00:00","dateModified":"2022-10-21T23:11:17+00:00","description":"El pasado lunes, 20 de julio, el presidente Danilo Medina declar\u00f3 nuevamente estado de emergencia en todo el territorio nacional por 45 dias. Esta","breadcrumb":{"@id":"https:\/\/casadecampoliving.com\/es\/medidas-por-nuevo-estado-de-emergencia-para-prevencion-covid19\/#breadcrumb"},"inLanguage":"es","potentialAction":[{"@type":"ReadAction","target":["https:\/\/casadecampoliving.com\/es\/medidas-por-nuevo-estado-de-emergencia-para-prevencion-covid19\/"]}]},{"@type":"ImageObject","inLanguage":"es","@id":"https:\/\/casadecampoliving.com\/es\/medidas-por-nuevo-estado-de-emergencia-para-prevencion-covid19\/#primaryimage","url":"https:\/\/i0.wp.com\/casadecampoliving.com\/wp-content\/uploads\/2022\/10\/Foto-Aerea-CdC-1.jpg?fit=1000%2C599&ssl=1","contentUrl":"https:\/\/i0.wp.com\/casadecampoliving.com\/wp-content\/uploads\/2022\/10\/Foto-Aerea-CdC-1.jpg?fit=1000%2C599&ssl=1","width":1000,"height":599},{"@type":"BreadcrumbList","@id":"https:\/\/casadecampoliving.com\/es\/medidas-por-nuevo-estado-de-emergencia-para-prevencion-covid19\/#breadcrumb","itemListElement":[{"@type":"ListItem","position":1,"name":"Home","item":"https:\/\/casadecampoliving.com\/es\/"},{"@type":"ListItem","position":2,"name":"Medidas por nuevo Estado de Emergencia para prevenci\u00f3n Covid19"}]},{"@type":"WebSite","@id":"https:\/\/casadecampoliving.com\/es\/#website","url":"https:\/\/casadecampoliving.com\/es\/","name":"Casa de Campo Living","description":"Resort community news and resources.","publisher":{"@id":"https:\/\/casadecampoliving.com\/es\/#organization"},"potentialAction":[{"@type":"SearchAction","target":{"@type":"EntryPoint","urlTemplate":"https:\/\/casadecampoliving.com\/es\/?s={search_term_string}"},"query-input":{"@type":"PropertyValueSpecification","valueRequired":true,"valueName":"search_term_string"}}],"inLanguage":"es"},{"@type":"Organization","@id":"https:\/\/casadecampoliving.com\/es\/#organization","name":"Casa de Campo Living","url":"https:\/\/casadecampoliving.com\/es\/","logo":{"@type":"ImageObject","inLanguage":"es","@id":"https:\/\/casadecampoliving.com\/es\/#\/schema\/logo\/image\/","url":"https:\/\/i0.wp.com\/casadecampoliving.com\/wp-content\/uploads\/2022\/07\/CDCLivingLogo_V1-white-sized.png?fit=800%2C214&ssl=1","contentUrl":"https:\/\/i0.wp.com\/casadecampoliving.com\/wp-content\/uploads\/2022\/07\/CDCLivingLogo_V1-white-sized.png?fit=800%2C214&ssl=1","width":800,"height":214,"caption":"Casa de Campo Living"},"image":{"@id":"https:\/\/casadecampoliving.com\/es\/#\/schema\/logo\/image\/"},"sameAs":["https:\/\/www.facebook.com\/casadecampoliving","https:\/\/x.com\/cdcliving"]},{"@type":"Person","@id":"https:\/\/casadecampoliving.com\/es\/#\/schema\/person\/5d2171637a9d11e0e43ce6b8555f9422","name":"Casa de Campo Living","image":{"@type":"ImageObject","inLanguage":"es","@id":"https:\/\/secure.gravatar.com\/avatar\/d04101fa4a9fd431e939953b1500fdc7a73cd35029f86d98712fd8ccdaebaf9a?s=96&d=mm&r=g","url":"https:\/\/secure.gravatar.com\/avatar\/d04101fa4a9fd431e939953b1500fdc7a73cd35029f86d98712fd8ccdaebaf9a?s=96&d=mm&r=g","contentUrl":"https:\/\/secure.gravatar.com\/avatar\/d04101fa4a9fd431e939953b1500fdc7a73cd35029f86d98712fd8ccdaebaf9a?s=96&d=mm&r=g","caption":"Casa de Campo Living"},"url":"https:\/\/casadecampoliving.com\/es\/author\/casa-de-campo-living\/"}]}},"parsely":{"version":"1.1.0","canonical_url":"https:\/\/casadecampoliving.com\/es\/medidas-por-nuevo-estado-de-emergencia-para-prevencion-covid19\/","smart_links":{"inbound":0,"outbound":0},"traffic_boost_suggestions_count":0,"meta":{"@context":"https:\/\/schema.org","@type":"NewsArticle","headline":"Medidas por nuevo Estado de Emergencia para prevenci\u00f3n Covid19","url":"http:\/\/casadecampoliving.com\/es\/medidas-por-nuevo-estado-de-emergencia-para-prevencion-covid19\/","mainEntityOfPage":{"@type":"WebPage","@id":"http:\/\/casadecampoliving.com\/es\/medidas-por-nuevo-estado-de-emergencia-para-prevencion-covid19\/"},"thumbnailUrl":"https:\/\/i0.wp.com\/casadecampoliving.com\/wp-content\/uploads\/2022\/10\/Foto-Aerea-CdC-1.jpg?resize=150%2C150&ssl=1","image":{"@type":"ImageObject","url":"https:\/\/i0.wp.com\/casadecampoliving.com\/wp-content\/uploads\/2022\/10\/Foto-Aerea-CdC-1.jpg?fit=1000%2C599&ssl=1"},"articleSection":"Casa de Campo Resort","author":[{"@type":"Person","name":"Casa de Campo Living"}],"creator":["Casa de Campo Living"],"publisher":{"@type":"Organization","name":"Casa de Campo Living","logo":"https:\/\/casadecampoliving.com\/wp-content\/uploads\/2022\/07\/CDCLivingLogo_V1-white-sized.png"},"keywords":["danilo medina","estado de emergencia","featured-topview @es","horario;"],"dateCreated":"2020-07-22T04:00:00Z","datePublished":"2020-07-22T04:00:00Z","dateModified":"2022-10-21T23:11:17Z"},"rendered":"<script type=\"application\/ld+json\" class=\"wp-parsely-metadata\">{\"@context\":\"https:\\\/\\\/schema.org\",\"@type\":\"NewsArticle\",\"headline\":\"Medidas por nuevo Estado de Emergencia para prevenci\\u00f3n Covid19\",\"url\":\"http:\\\/\\\/casadecampoliving.com\\\/es\\\/medidas-por-nuevo-estado-de-emergencia-para-prevencion-covid19\\\/\",\"mainEntityOfPage\":{\"@type\":\"WebPage\",\"@id\":\"http:\\\/\\\/casadecampoliving.com\\\/es\\\/medidas-por-nuevo-estado-de-emergencia-para-prevencion-covid19\\\/\"},\"thumbnailUrl\":\"https:\\\/\\\/i0.wp.com\\\/casadecampoliving.com\\\/wp-content\\\/uploads\\\/2022\\\/10\\\/Foto-Aerea-CdC-1.jpg?resize=150%2C150&ssl=1\",\"image\":{\"@type\":\"ImageObject\",\"url\":\"https:\\\/\\\/i0.wp.com\\\/casadecampoliving.com\\\/wp-content\\\/uploads\\\/2022\\\/10\\\/Foto-Aerea-CdC-1.jpg?fit=1000%2C599&ssl=1\"},\"articleSection\":\"Casa de Campo Resort\",\"author\":[{\"@type\":\"Person\",\"name\":\"Casa de Campo Living\"}],\"creator\":[\"Casa de Campo Living\"],\"publisher\":{\"@type\":\"Organization\",\"name\":\"Casa de Campo Living\",\"logo\":\"https:\\\/\\\/casadecampoliving.com\\\/wp-content\\\/uploads\\\/2022\\\/07\\\/CDCLivingLogo_V1-white-sized.png\"},\"keywords\":[\"danilo medina\",\"estado de emergencia\",\"featured-topview @es\",\"horario;\"],\"dateCreated\":\"2020-07-22T04:00:00Z\",\"datePublished\":\"2020-07-22T04:00:00Z\",\"dateModified\":\"2022-10-21T23:11:17Z\"}<\/script>","tracker_url":"https:\/\/cdn.parsely.com\/keys\/casadecampoliving.com\/p.js"},"jetpack_publicize_connections":[],"jetpack_featured_media_url":"https:\/\/i0.wp.com\/casadecampoliving.com\/wp-content\/uploads\/2022\/10\/Foto-Aerea-CdC-1.jpg?fit=1000%2C599&ssl=1","jetpack-related-posts":[{"id":353816,"url":"https:\/\/casadecampoliving.com\/es\/horario-de-misas-en-la-iglesia-de-san-estanislao-en-altos-de-chavon-debido-al-nuevo-estado-de-emergencia\/","url_meta":{"origin":353812,"position":0},"title":"Horario de misas en la Iglesia de San Estanislao en Altos de Chav\u00f3n debido al nuevo estado de emergencia","author":"Casa de Campo Living","date":"27 Jul, 2020","format":false,"excerpt":"La semana pasada, el presidente Danilo Medina declar\u00f3 una vez m\u00e1s un nuevo estado de emergencia en todo el territorio nacional durante 45 d\u00edas con nuevas horas de toque de queda. Debido a esto, el horario de misas en Altos de Chav\u00f3n ha cambiado una vez m\u00e1s. La misa ahora\u2026","rel":"","context":"En \u00abCasa de Campo Living @es\u00bb","block_context":{"text":"Casa de Campo Living @es","link":"https:\/\/casadecampoliving.com\/category\/casa-de-campo-living-es\/"},"img":{"alt_text":"","src":"https:\/\/i0.wp.com\/casadecampoliving.com\/wp-content\/uploads\/2022\/10\/Stanislaus-Church-Altos-de-Chavo%CC%81n-2.jpg?fit=1000%2C600&ssl=1&resize=350%2C200","width":350,"height":200,"srcset":"https:\/\/i0.wp.com\/casadecampoliving.com\/wp-content\/uploads\/2022\/10\/Stanislaus-Church-Altos-de-Chavo%CC%81n-2.jpg?fit=1000%2C600&ssl=1&resize=350%2C200 1x, https:\/\/i0.wp.com\/casadecampoliving.com\/wp-content\/uploads\/2022\/10\/Stanislaus-Church-Altos-de-Chavo%CC%81n-2.jpg?fit=1000%2C600&ssl=1&resize=525%2C300 1.5x, https:\/\/i0.wp.com\/casadecampoliving.com\/wp-content\/uploads\/2022\/10\/Stanislaus-Church-Altos-de-Chavo%CC%81n-2.jpg?fit=1000%2C600&ssl=1&resize=700%2C400 2x"},"classes":[]},{"id":433460,"url":"https:\/\/casadecampoliving.com\/es\/no-se-pierdan-el-increible-tributo-a-frank-sinatra-para-celebrar-el-40-aniversario-del-anfiteatro-altos-de-chavon\/","url_meta":{"origin":353812,"position":1},"title":"No se pierdan el incre\u00edble tributo a Frank Sinatra para celebrar el 40 aniversario del\u00a0Anfiteatro Altos de Chav\u00f3n","author":"Casa de Campo Living","date":"20 Oct, 2022","format":false,"excerpt":"Siendo uno de los escenarios m\u00e1s emblem\u00e1ticos del pa\u00eds, Casa de Campo Resort\u00ae & Villas celebra las cuatro d\u00e9cadas de aniversario de Altos de Chav\u00f3n con un tributo al gran Frank Sinatra, protagonizado por artistas invitados y una big band tal cual la que acompa\u00f1\u00f3 al artista hace 40 a\u00f1os\u2026","rel":"","context":"En \u00abUncategorized @es\u00bb","block_context":{"text":"Uncategorized @es","link":"https:\/\/casadecampoliving.com\/es\/category\/uncategorized-es\/"},"img":{"alt_text":"","src":"https:\/\/i0.wp.com\/casadecampoliving.com\/wp-content\/uploads\/2022\/10\/Tributo-Frank-Sinatra-Foto-Principal-Amaury-Sanchez-Danilo-Ginebra-Andres-Pichardo-y-Jose-Gabriel-Perez-.jpg?fit=1200%2C873&ssl=1&resize=350%2C200","width":350,"height":200,"srcset":"https:\/\/i0.wp.com\/casadecampoliving.com\/wp-content\/uploads\/2022\/10\/Tributo-Frank-Sinatra-Foto-Principal-Amaury-Sanchez-Danilo-Ginebra-Andres-Pichardo-y-Jose-Gabriel-Perez-.jpg?fit=1200%2C873&ssl=1&resize=350%2C200 1x, https:\/\/i0.wp.com\/casadecampoliving.com\/wp-content\/uploads\/2022\/10\/Tributo-Frank-Sinatra-Foto-Principal-Amaury-Sanchez-Danilo-Ginebra-Andres-Pichardo-y-Jose-Gabriel-Perez-.jpg?fit=1200%2C873&ssl=1&resize=525%2C300 1.5x, https:\/\/i0.wp.com\/casadecampoliving.com\/wp-content\/uploads\/2022\/10\/Tributo-Frank-Sinatra-Foto-Principal-Amaury-Sanchez-Danilo-Ginebra-Andres-Pichardo-y-Jose-Gabriel-Perez-.jpg?fit=1200%2C873&ssl=1&resize=700%2C400 2x, https:\/\/i0.wp.com\/casadecampoliving.com\/wp-content\/uploads\/2022\/10\/Tributo-Frank-Sinatra-Foto-Principal-Amaury-Sanchez-Danilo-Ginebra-Andres-Pichardo-y-Jose-Gabriel-Perez-.jpg?fit=1200%2C873&ssl=1&resize=1050%2C600 3x"},"classes":[]},{"id":344105,"url":"https:\/\/casadecampoliving.com\/es\/esta-semana-en-la-republica-dominicana-tanda-extendida-en-educacion-entrara-en-funcion-en-agosto\/","url_meta":{"origin":353812,"position":2},"title":"Esta Semana en la Rep\u00fablica Dominicana: Tanda extendida en educaci\u00f3n entrar\u00e1 en funci\u00f3n en agosto","author":"Perkin Agramonte","date":"28 Mar, 2014","format":false,"excerpt":"En esta edici\u00f3n semanal de \u201cEsta Semana en la Rep\u00fablica Dominicana\u201d aprenderemos acerca de las operaciones militares en Ban\u00ed, conversaciones de alto nivel entre Hait\u00ed y la Rep\u00fablica Dominicana, y acerca del futuro de la educaci\u00f3n dominicana. Tandas extendidas para todos los estudiantes El Presidente de la Rep\u00fablica Dominicana, Danilo\u2026","rel":"","context":"En \u00abCasa de Campo Living @es\u00bb","block_context":{"text":"Casa de Campo Living @es","link":"https:\/\/casadecampoliving.com\/category\/casa-de-campo-living-es\/"},"img":{"alt_text":"Fundacion MIR escuela","src":"https:\/\/i0.wp.com\/casadecampoliving.com\/wp-content\/uploads\/2022\/10\/Fundacion_MIR_escuela-1.jpg?fit=650%2C428&ssl=1&resize=350%2C200","width":350,"height":200,"srcset":"https:\/\/i0.wp.com\/casadecampoliving.com\/wp-content\/uploads\/2022\/10\/Fundacion_MIR_escuela-1.jpg?fit=650%2C428&ssl=1&resize=350%2C200 1x, https:\/\/i0.wp.com\/casadecampoliving.com\/wp-content\/uploads\/2022\/10\/Fundacion_MIR_escuela-1.jpg?fit=650%2C428&ssl=1&resize=525%2C300 1.5x"},"classes":[]},{"id":343872,"url":"https:\/\/casadecampoliving.com\/es\/esta-semana-en-la-republica-dominicana-3\/","url_meta":{"origin":353812,"position":3},"title":"Esta semana en la Rep\u00fablica Dominicana: Los Haitises, incremento de los peajes, Joe Biden &#038; US$1.5 billion","author":"Rebecca Silvestri","date":"14 Feb, 2014","format":false,"excerpt":"En la presente edici\u00f3n de su columna semanal \u201cEsta semana en la Rep\u00fablica Dominicana\u201d vamos a aprender sobre el incremento de las tarifas en la carretera hacia Saman\u00e1, los planes para preservar el Parque Nacional Los Haitises, la reuni\u00f3n entre el Vicepresidente de los E.E.U.U. y el Presidente Danilo Medina,\u2026","rel":"","context":"En \u00abCasa de Campo Living @es\u00bb","block_context":{"text":"Casa de Campo Living @es","link":"https:\/\/casadecampoliving.com\/category\/casa-de-campo-living-es\/"},"img":{"alt_text":"Los Haitises National Park","src":"https:\/\/i0.wp.com\/casadecampoliving.com\/wp-content\/uploads\/2022\/10\/Los_Haitises_national_Park-1.jpg?fit=650%2C433&ssl=1&resize=350%2C200","width":350,"height":200,"srcset":"https:\/\/i0.wp.com\/casadecampoliving.com\/wp-content\/uploads\/2022\/10\/Los_Haitises_national_Park-1.jpg?fit=650%2C433&ssl=1&resize=350%2C200 1x, https:\/\/i0.wp.com\/casadecampoliving.com\/wp-content\/uploads\/2022\/10\/Los_Haitises_national_Park-1.jpg?fit=650%2C433&ssl=1&resize=525%2C300 1.5x"},"classes":[]},{"id":343960,"url":"https:\/\/casadecampoliving.com\/es\/esta-semana-en-la-republica-dominicana-4\/","url_meta":{"origin":353812,"position":4},"title":"Esta Semana en la Rep\u00fablica Dominicana: Discurso Nacional del Presidente Medina &#038; Marat\u00f3n Caribe\u00f1o 100K","author":"Perkin Agramonte","date":"2 Mar, 2014","format":false,"excerpt":"En esta edici\u00f3n de su columna semanal \u201cEsta Semana en la Rep\u00fablica Dominicana\u201d aprenderemos acerca de las prioridades para el pa\u00eds seg\u00fan el discurso de Danilo Medina, la visita de algunos l\u00edderes empresariales desde Miami, as\u00ed como el Marat\u00f3n del Caribe 100k. Discurso Nacional del Presidente Medina El d\u00eda de\u2026","rel":"","context":"En \u00abCasa de Campo Living @es\u00bb","block_context":{"text":"Casa de Campo Living @es","link":"https:\/\/casadecampoliving.com\/category\/casa-de-campo-living-es\/"},"img":{"alt_text":"president Danilo Medina 27 de febrero 2014","src":"https:\/\/i0.wp.com\/casadecampoliving.com\/wp-content\/uploads\/2022\/10\/president-Danilo-Medina-27-de-febrero-2014-1.jpg?fit=650%2C366&ssl=1&resize=350%2C200","width":350,"height":200,"srcset":"https:\/\/i0.wp.com\/casadecampoliving.com\/wp-content\/uploads\/2022\/10\/president-Danilo-Medina-27-de-febrero-2014-1.jpg?fit=650%2C366&ssl=1&resize=350%2C200 1x, https:\/\/i0.wp.com\/casadecampoliving.com\/wp-content\/uploads\/2022\/10\/president-Danilo-Medina-27-de-febrero-2014-1.jpg?fit=650%2C366&ssl=1&resize=525%2C300 1.5x"},"classes":[]},{"id":338310,"url":"https:\/\/casadecampoliving.com\/es\/candida-montilla-de-medina-hace-su-primera-aparicion-publica-como-esposa-del-candidato-presidencial-danilo-medina\/","url_meta":{"origin":353812,"position":5},"title":"C\u00e1ndida Montilla de Medina hace su primera aparici\u00f3n p\u00fablica en Casa de Campo como esposa del candidato presidencial, Danilo Medina","author":"","date":"8 Feb, 2012","format":false,"excerpt":"El pasado jueves 2 de febrero, C\u00e1ndida Montilla, la esposa del candidato a la presidencia, Danilo Medina S\u00e1nchez, hizo su primera aparici\u00f3n p\u00fablica en Casa de Campo en una exclusiva \"tarde de t\u00e9\", realizada por Patricia Proa\u00f1o en una villa privada de Casa de Campo y como invitada especial, Amarilis\u2026","rel":"","context":"En \u00abEvents and Activities\u00bb","block_context":{"text":"Events and Activities","link":"https:\/\/casadecampoliving.com\/category\/events-and-activities\/"},"img":{"alt_text":"","src":"https:\/\/i0.wp.com\/casadecampoliving.com\/wp-content\/uploads\/2022\/10\/candida_medina-1.jpg?fit=650%2C350&ssl=1&resize=350%2C200","width":350,"height":200,"srcset":"https:\/\/i0.wp.com\/casadecampoliving.com\/wp-content\/uploads\/2022\/10\/candida_medina-1.jpg?fit=650%2C350&ssl=1&resize=350%2C200 1x, https:\/\/i0.wp.com\/casadecampoliving.com\/wp-content\/uploads\/2022\/10\/candida_medina-1.jpg?fit=650%2C350&ssl=1&resize=525%2C300 1.5x"},"classes":[]}],"jetpack_sharing_enabled":true,"_links":{"self":[{"href":"https:\/\/casadecampoliving.com\/es\/wp-json\/wp\/v2\/posts\/353812","targetHints":{"allow":["GET"]}}],"collection":[{"href":"https:\/\/casadecampoliving.com\/es\/wp-json\/wp\/v2\/posts"}],"about":[{"href":"https:\/\/casadecampoliving.com\/es\/wp-json\/wp\/v2\/types\/post"}],"author":[{"embeddable":true,"href":"https:\/\/casadecampoliving.com\/es\/wp-json\/wp\/v2\/users\/36791"}],"replies":[{"embeddable":true,"href":"https:\/\/casadecampoliving.com\/es\/wp-json\/wp\/v2\/comments?post=353812"}],"version-history":[{"count":0,"href":"https:\/\/casadecampoliving.com\/es\/wp-json\/wp\/v2\/posts\/353812\/revisions"}],"wp:featuredmedia":[{"embeddable":true,"href":"https:\/\/casadecampoliving.com\/es\/wp-json\/wp\/v2\/media\/331992"}],"wp:attachment":[{"href":"https:\/\/casadecampoliving.com\/es\/wp-json\/wp\/v2\/media?parent=353812"}],"wp:term":[{"taxonomy":"category","embeddable":true,"href":"https:\/\/casadecampoliving.com\/es\/wp-json\/wp\/v2\/categories?post=353812"},{"taxonomy":"post_tag","embeddable":true,"href":"https:\/\/casadecampoliving.com\/es\/wp-json\/wp\/v2\/tags?post=353812"},{"taxonomy":"newspack_spnsrs_tax","embeddable":true,"href":"https:\/\/casadecampoliving.com\/es\/wp-json\/wp\/v2\/newspack_spnsrs_tax?post=353812"}],"curies":[{"name":"wp","href":"https:\/\/api.w.org\/{rel}","templated":true}]}}