{"id":353790,"date":"2020-06-08T00:00:00","date_gmt":"2020-06-08T04:00:00","guid":{"rendered":"https:\/\/casadecampoliving.com\/casa-de-campo-anuncia-su-reapertura-para-el-01-de-julio\/"},"modified":"2022-10-21T19:09:04","modified_gmt":"2022-10-21T23:09:04","slug":"casa-de-campo-anuncia-su-reapertura-para-el-01-de-julio","status":"publish","type":"post","link":"https:\/\/casadecampoliving.com\/es\/casa-de-campo-anuncia-su-reapertura-para-el-01-de-julio\/","title":{"rendered":"Casa de Campo Resort anuncia su fecha de reapertura"},"content":{"rendered":"\n<p>Casa de Campo Resort informa que a partir del 01 de julio reanudar\u00e1 sus operaciones para continuar ofreci\u00e9ndoles a sus clientes las mejores experiencias vacacionales en el Caribe.<\/p>\n\n\n\n<p>Tambi\u00e9n da a conocer los detalles del protocolo necesario a implementar dentro del programa de normas de bienestar y seguridad de salud \u201cCasa Cares\u201d, el cual forma parte de las acciones que se est\u00e1n desarrollando para prevenir contagios de la COVID-19, as\u00ed como para asegurar el m\u00e1s alto nivel de seguridad en la propiedad. Desde su cierre en el periodo de cuarentena, la direcci\u00f3n del resort trabaja estrechamente con HS Consulting reforzando los procedimientos existentes y adecu\u00e1ndose a las nuevas regulaciones nacionales e internacionales, logrando certificar que estos son efectivos en la prevenci\u00f3n de enfermedades infecciosas, incluyendo la COVID-19.<\/p>\n\n\n\n<p>El se\u00f1or Andr\u00e9s Pichardo Rosenberg, presidente de Casa de Campo Resort y Villas, coment\u00f3: \u201cLa salud y la seguridad de nuestros hu\u00e9spedes, residentes y colaboradores siempre han sido nuestra prioridad. Ahora m\u00e1s que nunca mantenemos el compromiso de garantizar que puedan relajarse y disfrutar de su estad\u00eda\u201d. De igual manera Pichardo anunci\u00f3 que, como parte del programa \u201cCasa Cares\u201d, Casa de Campo ha realizado inversiones significativas en materiales y equipos, as\u00ed como en entrenamiento al personal, lo que permanecer\u00e1 como prioridad luego de la reapertura. En estos momentos se est\u00e1n implementando nuevos procedimientos y protocolos espec\u00edficos para asegurar que cada \u00e1rea de la propiedad se mantenga con los m\u00e1s altos est\u00e1ndares de higiene y precauci\u00f3n mediante el uso de nuevos m\u00e9todos de desinfecci\u00f3n y tecnolog\u00eda avanzada en todas las \u00e1reas.<\/p>\n\n\n<div class=\"wp-block-image\">\n<figure class=\"aligncenter is-resized\"><img loading=\"lazy\" decoding=\"async\" data-attachment-id=\"205833\" data-permalink=\"https:\/\/casadecampoliving.com\/es\/22-golf_-teeth-of-the-dog_2mb-casa-de-campo-resort\/\" data-orig-file=\"https:\/\/i0.wp.com\/casadecampoliving.com\/wp-content\/uploads\/2020\/06\/22-Golf_-Teeth-of-the-Dog_2MB-Casa-de-Campo-Resort.jpg?fit=1000%2C559&amp;ssl=1\" data-orig-size=\"1000,559\" data-comments-opened=\"0\" data-image-meta=\"{&quot;aperture&quot;:&quot;0&quot;,&quot;credit&quot;:&quot;&quot;,&quot;camera&quot;:&quot;&quot;,&quot;caption&quot;:&quot;&quot;,&quot;created_timestamp&quot;:&quot;1447847272&quot;,&quot;copyright&quot;:&quot;&quot;,&quot;focal_length&quot;:&quot;0&quot;,&quot;iso&quot;:&quot;0&quot;,&quot;shutter_speed&quot;:&quot;0&quot;,&quot;title&quot;:&quot;&quot;,&quot;orientation&quot;:&quot;1&quot;}\" data-image-title=\"22 Golf_ Teeth of the Dog_2MB Casa de Campo Resort\" data-image-description=\"\" data-image-caption=\"\" data-large-file=\"https:\/\/i0.wp.com\/casadecampoliving.com\/wp-content\/uploads\/2020\/06\/22-Golf_-Teeth-of-the-Dog_2MB-Casa-de-Campo-Resort.jpg?fit=1000%2C559&amp;ssl=1\" src=\"https:\/\/i0.wp.com\/casadecampoliving.com\/wp-content\/uploads\/2022\/10\/22-Golf_-Teeth-of-the-Dog_2MB-Casa-de-Campo-Resort-1.jpg?resize=1000%2C559&amp;ssl=1\" alt=\"\" class=\"wp-image-205833\" height=\"559\" width=\"1000\"\/><\/figure>\n<\/div>\n\n\n<p>Se est\u00e1n desarrollando plataformas digitales en su p\u00e1gina web, y creaci\u00f3n de c\u00f3digos QR, donde los hu\u00e9spedes podr\u00e1n hacer todos los procesos de check-in y check-out en l\u00ednea, pagos, acceso a los men\u00fas, hacer reservaciones en restaurantes y conocer todas las amenidades que ofrece el resort desde su m\u00f3vil evitando de esta manera el contacto f\u00edsico.<\/p>\n\n\n\n<p>Todas estas medidas y protocolos se han hecho extensivas a las \u00e1reas deportivas, las cuales estar\u00e1n en \u00f3ptimas condiciones para la apertura el 1ro de julio. Otro punto importante para resaltar es que Casa de Campo tiene sus propias instalaciones m\u00e9dicas con personal certificado las 24 horas. Ofrece tambi\u00e9n servicios al 911, de ambulancia y asistencia personalizada en el \u00e1rea VIP del Centro M\u00e9dico Central Romana localizado a solo 5 minutos del Resort.<\/p>\n\n\n\n<p>Casa de Campo Resort reitera su compromiso con la calidad e higiene, siempre a la vanguardia en materia de seguridad y de la protecci\u00f3n de sus hu\u00e9spedes. \u201cPueden estar seguros de que nos mantenemos comprometidos con el mayor de los cuidados para dar a todos nuestros visitantes una estad\u00eda placentera sin preocupaciones, gracias a nuestros colaboradores que seguir\u00e1n brindando \u201cexperiencias memorables\u201d.<\/p>\n\n\n\n<p>Para informaci\u00f3n adicional o ver un resumen m\u00e1s detallado de todas las medidas que se est\u00e1n tomando, visite su p\u00e1gina www.casadecampo.com.do .<\/p>\n","protected":false},"excerpt":{"rendered":"<p>Casa de Campo Resort informa que a partir del 01 de julio reanudar\u00e1 sus operaciones para continuar ofreci\u00e9ndoles a sus clientes las mejores experiencias vacacionales en el Caribe. Tambi\u00e9n da a conocer los detalles del protocolo necesario a implementar dentro del programa de normas de bienestar y seguridad de salud \u201cCasa Cares\u201d, el cual forma [&hellip;]<\/p>\n","protected":false},"author":36675,"featured_media":331870,"comment_status":"closed","ping_status":"open","sticky":false,"template":"","format":"standard","meta":{"newspack_ads_suppress_ads":false,"newspack_popups_has_disabled_popups":false,"newspack_sponsor_sponsorship_scope":"","newspack_sponsor_native_byline_display":"inherit","newspack_sponsor_native_category_display":"inherit","newspack_sponsor_underwriter_style":"inherit","newspack_sponsor_underwriter_placement":"inherit","_newspack_byline_active":false,"_newspack_byline":"","newspack_hide_updated_date":false,"newspack_show_updated_date":false,"newspack_content_restriction_is_exempt":false,"newspack_featured_image_position":"","newspack_post_subtitle":"","newspack_article_summary_title":"Overview:","newspack_article_summary":"","_jetpack_memberships_contains_paid_content":false,"footnotes":"","jetpack_publicize_message":"","jetpack_publicize_feature_enabled":true,"jetpack_social_post_already_shared":false,"jetpack_social_options":{"image_generator_settings":{"template":"highway","default_image_id":0,"font":"","enabled":false},"version":2},"_wpas_customize_per_network":false},"categories":[26936,26820,26954,14631,14625,14627,2521,26822],"tags":[2733,23815,13814,14736,21592,17003,5722,14163],"newspack_spnsrs_tax":[],"class_list":["post-353790","post","type-post","status-publish","format-standard","has-post-thumbnail","hentry","category-casa-de-campo-living-es","category-casa-de-campo-resort","category-comunidad-casa-de-campo-living-es","category-estilo-de-vida","category-noticias-locales","category-proximamente","category-republica-dominicana-2","category-resort-casa-de-campo","tag-apertura","tag-casa-de-campo-es-17","tag-casa-de-campo-resort","tag-featured-topview-es","tag-medidas","tag-prevencion","tag-reapertura","tag-seguridad","entry"],"yoast_head":"<!-- This site is optimized with the Yoast SEO plugin v27.5 - https:\/\/yoast.com\/product\/yoast-seo-wordpress\/ -->\n<title>Casa de Campo Resort anuncia su fecha de reapertura | Casa de Campo Living<\/title>\n<meta name=\"description\" content=\"Casa de Campo Resort informa que a partir del 01 de julio reanudar\u00e1 sus operaciones para continuar ofreci\u00e9ndoles a sus clientes las mejores experiencias\" \/>\n<meta name=\"robots\" content=\"index, follow, max-snippet:-1, max-image-preview:large, max-video-preview:-1\" \/>\n<link rel=\"canonical\" href=\"https:\/\/casadecampoliving.com\/es\/casa-de-campo-anuncia-su-reapertura-para-el-01-de-julio\/\" \/>\n<meta property=\"og:locale\" content=\"es_ES\" \/>\n<meta property=\"og:type\" content=\"article\" \/>\n<meta property=\"og:title\" content=\"Casa de Campo Resort anuncia su fecha de reapertura | Casa de Campo Living\" \/>\n<meta property=\"og:description\" content=\"Casa de Campo Resort informa que a partir del 01 de julio reanudar\u00e1 sus operaciones para continuar ofreci\u00e9ndoles a sus clientes las mejores experiencias\" \/>\n<meta property=\"og:url\" content=\"https:\/\/casadecampoliving.com\/es\/casa-de-campo-anuncia-su-reapertura-para-el-01-de-julio\/\" \/>\n<meta property=\"og:site_name\" content=\"Casa de Campo Living\" \/>\n<meta property=\"article:publisher\" content=\"https:\/\/www.facebook.com\/casadecampoliving\" \/>\n<meta property=\"article:published_time\" content=\"2020-06-08T04:00:00+00:00\" \/>\n<meta property=\"article:modified_time\" content=\"2022-10-21T23:09:04+00:00\" \/>\n<meta property=\"og:image\" content=\"https:\/\/i0.wp.com\/casadecampoliving.com\/wp-content\/uploads\/2022\/10\/39-Minitas-Beach-Club-1-Casa-de-Campo-Resort-1.jpg?fit=1000%2C667&ssl=1\" \/>\n\t<meta property=\"og:image:width\" content=\"1000\" \/>\n\t<meta property=\"og:image:height\" content=\"667\" \/>\n\t<meta property=\"og:image:type\" content=\"image\/jpeg\" \/>\n<meta name=\"author\" content=\"Casa de Campo Resort\" \/>\n<meta name=\"twitter:card\" content=\"summary_large_image\" \/>\n<meta name=\"twitter:creator\" content=\"@cdcliving\" \/>\n<meta name=\"twitter:site\" content=\"@cdcliving\" \/>\n<meta name=\"twitter:label1\" content=\"Escrito por\" \/>\n\t<meta name=\"twitter:data1\" content=\"Casa de Campo Resort\" \/>\n\t<meta name=\"twitter:label2\" content=\"Tiempo de lectura\" \/>\n\t<meta name=\"twitter:data2\" content=\"3 minutos\" \/>\n<script type=\"application\/ld+json\" class=\"yoast-schema-graph\">{\"@context\":\"https:\\\/\\\/schema.org\",\"@graph\":[{\"@type\":\"Article\",\"@id\":\"https:\\\/\\\/casadecampoliving.com\\\/es\\\/casa-de-campo-anuncia-su-reapertura-para-el-01-de-julio\\\/#article\",\"isPartOf\":{\"@id\":\"https:\\\/\\\/casadecampoliving.com\\\/es\\\/casa-de-campo-anuncia-su-reapertura-para-el-01-de-julio\\\/\"},\"author\":{\"name\":\"Casa de Campo Resort\",\"@id\":\"https:\\\/\\\/casadecampoliving.com\\\/es\\\/#\\\/schema\\\/person\\\/52642ac476979f209529cc58bb6c9787\"},\"headline\":\"Casa de Campo Resort anuncia su fecha de reapertura\",\"datePublished\":\"2020-06-08T04:00:00+00:00\",\"dateModified\":\"2022-10-21T23:09:04+00:00\",\"mainEntityOfPage\":{\"@id\":\"https:\\\/\\\/casadecampoliving.com\\\/es\\\/casa-de-campo-anuncia-su-reapertura-para-el-01-de-julio\\\/\"},\"wordCount\":518,\"publisher\":{\"@id\":\"https:\\\/\\\/casadecampoliving.com\\\/es\\\/#organization\"},\"image\":{\"@id\":\"https:\\\/\\\/casadecampoliving.com\\\/es\\\/casa-de-campo-anuncia-su-reapertura-para-el-01-de-julio\\\/#primaryimage\"},\"thumbnailUrl\":\"https:\\\/\\\/i0.wp.com\\\/casadecampoliving.com\\\/wp-content\\\/uploads\\\/2022\\\/10\\\/39-Minitas-Beach-Club-1-Casa-de-Campo-Resort-1.jpg?fit=1000%2C667&ssl=1\",\"keywords\":[\"apertura\",\"Casa de Campo\",\"Casa de Campo Resort\",\"Featured-TopView @es\",\"medidas\",\"prevenci\u00f3n\",\"reapertura\",\"Seguridad\"],\"articleSection\":[\"Casa de Campo Living @es\",\"Casa de Campo Resort\",\"Comunidad\",\"Estilo de Vida\",\"Noticias Locales\",\"Proximamente\",\"Rep\u00fablica Dominicana @es\",\"Resort Casa de Campo\"],\"inLanguage\":\"es\"},{\"@type\":\"WebPage\",\"@id\":\"https:\\\/\\\/casadecampoliving.com\\\/es\\\/casa-de-campo-anuncia-su-reapertura-para-el-01-de-julio\\\/\",\"url\":\"https:\\\/\\\/casadecampoliving.com\\\/es\\\/casa-de-campo-anuncia-su-reapertura-para-el-01-de-julio\\\/\",\"name\":\"Casa de Campo Resort anuncia su fecha de reapertura | Casa de Campo Living\",\"isPartOf\":{\"@id\":\"https:\\\/\\\/casadecampoliving.com\\\/es\\\/#website\"},\"primaryImageOfPage\":{\"@id\":\"https:\\\/\\\/casadecampoliving.com\\\/es\\\/casa-de-campo-anuncia-su-reapertura-para-el-01-de-julio\\\/#primaryimage\"},\"image\":{\"@id\":\"https:\\\/\\\/casadecampoliving.com\\\/es\\\/casa-de-campo-anuncia-su-reapertura-para-el-01-de-julio\\\/#primaryimage\"},\"thumbnailUrl\":\"https:\\\/\\\/i0.wp.com\\\/casadecampoliving.com\\\/wp-content\\\/uploads\\\/2022\\\/10\\\/39-Minitas-Beach-Club-1-Casa-de-Campo-Resort-1.jpg?fit=1000%2C667&ssl=1\",\"datePublished\":\"2020-06-08T04:00:00+00:00\",\"dateModified\":\"2022-10-21T23:09:04+00:00\",\"description\":\"Casa de Campo Resort informa que a partir del 01 de julio reanudar\u00e1 sus operaciones para continuar ofreci\u00e9ndoles a sus clientes las mejores experiencias\",\"breadcrumb\":{\"@id\":\"https:\\\/\\\/casadecampoliving.com\\\/es\\\/casa-de-campo-anuncia-su-reapertura-para-el-01-de-julio\\\/#breadcrumb\"},\"inLanguage\":\"es\",\"potentialAction\":[{\"@type\":\"ReadAction\",\"target\":[\"https:\\\/\\\/casadecampoliving.com\\\/es\\\/casa-de-campo-anuncia-su-reapertura-para-el-01-de-julio\\\/\"]}]},{\"@type\":\"ImageObject\",\"inLanguage\":\"es\",\"@id\":\"https:\\\/\\\/casadecampoliving.com\\\/es\\\/casa-de-campo-anuncia-su-reapertura-para-el-01-de-julio\\\/#primaryimage\",\"url\":\"https:\\\/\\\/i0.wp.com\\\/casadecampoliving.com\\\/wp-content\\\/uploads\\\/2022\\\/10\\\/39-Minitas-Beach-Club-1-Casa-de-Campo-Resort-1.jpg?fit=1000%2C667&ssl=1\",\"contentUrl\":\"https:\\\/\\\/i0.wp.com\\\/casadecampoliving.com\\\/wp-content\\\/uploads\\\/2022\\\/10\\\/39-Minitas-Beach-Club-1-Casa-de-Campo-Resort-1.jpg?fit=1000%2C667&ssl=1\",\"width\":1000,\"height\":667},{\"@type\":\"BreadcrumbList\",\"@id\":\"https:\\\/\\\/casadecampoliving.com\\\/es\\\/casa-de-campo-anuncia-su-reapertura-para-el-01-de-julio\\\/#breadcrumb\",\"itemListElement\":[{\"@type\":\"ListItem\",\"position\":1,\"name\":\"Home\",\"item\":\"https:\\\/\\\/casadecampoliving.com\\\/es\\\/\"},{\"@type\":\"ListItem\",\"position\":2,\"name\":\"Casa de Campo Resort anuncia su fecha de reapertura\"}]},{\"@type\":\"WebSite\",\"@id\":\"https:\\\/\\\/casadecampoliving.com\\\/es\\\/#website\",\"url\":\"https:\\\/\\\/casadecampoliving.com\\\/es\\\/\",\"name\":\"Casa de Campo Living\",\"description\":\"Resort community news and resources.\",\"publisher\":{\"@id\":\"https:\\\/\\\/casadecampoliving.com\\\/es\\\/#organization\"},\"potentialAction\":[{\"@type\":\"SearchAction\",\"target\":{\"@type\":\"EntryPoint\",\"urlTemplate\":\"https:\\\/\\\/casadecampoliving.com\\\/es\\\/?s={search_term_string}\"},\"query-input\":{\"@type\":\"PropertyValueSpecification\",\"valueRequired\":true,\"valueName\":\"search_term_string\"}}],\"inLanguage\":\"es\"},{\"@type\":\"Organization\",\"@id\":\"https:\\\/\\\/casadecampoliving.com\\\/es\\\/#organization\",\"name\":\"Casa de Campo Living\",\"url\":\"https:\\\/\\\/casadecampoliving.com\\\/es\\\/\",\"logo\":{\"@type\":\"ImageObject\",\"inLanguage\":\"es\",\"@id\":\"https:\\\/\\\/casadecampoliving.com\\\/es\\\/#\\\/schema\\\/logo\\\/image\\\/\",\"url\":\"https:\\\/\\\/i0.wp.com\\\/casadecampoliving.com\\\/wp-content\\\/uploads\\\/2022\\\/07\\\/CDCLivingLogo_V1-white-sized.png?fit=800%2C214&ssl=1\",\"contentUrl\":\"https:\\\/\\\/i0.wp.com\\\/casadecampoliving.com\\\/wp-content\\\/uploads\\\/2022\\\/07\\\/CDCLivingLogo_V1-white-sized.png?fit=800%2C214&ssl=1\",\"width\":800,\"height\":214,\"caption\":\"Casa de Campo Living\"},\"image\":{\"@id\":\"https:\\\/\\\/casadecampoliving.com\\\/es\\\/#\\\/schema\\\/logo\\\/image\\\/\"},\"sameAs\":[\"https:\\\/\\\/www.facebook.com\\\/casadecampoliving\",\"https:\\\/\\\/x.com\\\/cdcliving\"]},{\"@type\":\"Person\",\"@id\":\"https:\\\/\\\/casadecampoliving.com\\\/es\\\/#\\\/schema\\\/person\\\/52642ac476979f209529cc58bb6c9787\",\"name\":\"Casa de Campo Resort\",\"image\":{\"@type\":\"ImageObject\",\"inLanguage\":\"es\",\"@id\":\"https:\\\/\\\/secure.gravatar.com\\\/avatar\\\/630e193f5d6de4142cc28292ac77a3b7ec1b8b66d948ac83f36a80720ef224d5?s=96&d=mm&r=g\",\"url\":\"https:\\\/\\\/secure.gravatar.com\\\/avatar\\\/630e193f5d6de4142cc28292ac77a3b7ec1b8b66d948ac83f36a80720ef224d5?s=96&d=mm&r=g\",\"contentUrl\":\"https:\\\/\\\/secure.gravatar.com\\\/avatar\\\/630e193f5d6de4142cc28292ac77a3b7ec1b8b66d948ac83f36a80720ef224d5?s=96&d=mm&r=g\",\"caption\":\"Casa de Campo Resort\"},\"url\":\"https:\\\/\\\/casadecampoliving.com\\\/es\\\/author\\\/cdc\\\/\"}]}<\/script>\n<!-- \/ Yoast SEO plugin. -->","yoast_head_json":{"title":"Casa de Campo Resort anuncia su fecha de reapertura | Casa de Campo Living","description":"Casa de Campo Resort informa que a partir del 01 de julio reanudar\u00e1 sus operaciones para continuar ofreci\u00e9ndoles a sus clientes las mejores experiencias","robots":{"index":"index","follow":"follow","max-snippet":"max-snippet:-1","max-image-preview":"max-image-preview:large","max-video-preview":"max-video-preview:-1"},"canonical":"https:\/\/casadecampoliving.com\/es\/casa-de-campo-anuncia-su-reapertura-para-el-01-de-julio\/","og_locale":"es_ES","og_type":"article","og_title":"Casa de Campo Resort anuncia su fecha de reapertura | Casa de Campo Living","og_description":"Casa de Campo Resort informa que a partir del 01 de julio reanudar\u00e1 sus operaciones para continuar ofreci\u00e9ndoles a sus clientes las mejores experiencias","og_url":"https:\/\/casadecampoliving.com\/es\/casa-de-campo-anuncia-su-reapertura-para-el-01-de-julio\/","og_site_name":"Casa de Campo Living","article_publisher":"https:\/\/www.facebook.com\/casadecampoliving","article_published_time":"2020-06-08T04:00:00+00:00","article_modified_time":"2022-10-21T23:09:04+00:00","og_image":[{"width":1000,"height":667,"url":"https:\/\/i0.wp.com\/casadecampoliving.com\/wp-content\/uploads\/2022\/10\/39-Minitas-Beach-Club-1-Casa-de-Campo-Resort-1.jpg?fit=1000%2C667&ssl=1","type":"image\/jpeg"}],"author":"Casa de Campo Resort","twitter_card":"summary_large_image","twitter_creator":"@cdcliving","twitter_site":"@cdcliving","twitter_misc":{"Escrito por":"Casa de Campo Resort","Tiempo de lectura":"3 minutos"},"schema":{"@context":"https:\/\/schema.org","@graph":[{"@type":"Article","@id":"https:\/\/casadecampoliving.com\/es\/casa-de-campo-anuncia-su-reapertura-para-el-01-de-julio\/#article","isPartOf":{"@id":"https:\/\/casadecampoliving.com\/es\/casa-de-campo-anuncia-su-reapertura-para-el-01-de-julio\/"},"author":{"name":"Casa de Campo Resort","@id":"https:\/\/casadecampoliving.com\/es\/#\/schema\/person\/52642ac476979f209529cc58bb6c9787"},"headline":"Casa de Campo Resort anuncia su fecha de reapertura","datePublished":"2020-06-08T04:00:00+00:00","dateModified":"2022-10-21T23:09:04+00:00","mainEntityOfPage":{"@id":"https:\/\/casadecampoliving.com\/es\/casa-de-campo-anuncia-su-reapertura-para-el-01-de-julio\/"},"wordCount":518,"publisher":{"@id":"https:\/\/casadecampoliving.com\/es\/#organization"},"image":{"@id":"https:\/\/casadecampoliving.com\/es\/casa-de-campo-anuncia-su-reapertura-para-el-01-de-julio\/#primaryimage"},"thumbnailUrl":"https:\/\/i0.wp.com\/casadecampoliving.com\/wp-content\/uploads\/2022\/10\/39-Minitas-Beach-Club-1-Casa-de-Campo-Resort-1.jpg?fit=1000%2C667&ssl=1","keywords":["apertura","Casa de Campo","Casa de Campo Resort","Featured-TopView @es","medidas","prevenci\u00f3n","reapertura","Seguridad"],"articleSection":["Casa de Campo Living @es","Casa de Campo Resort","Comunidad","Estilo de Vida","Noticias Locales","Proximamente","Rep\u00fablica Dominicana @es","Resort Casa de Campo"],"inLanguage":"es"},{"@type":"WebPage","@id":"https:\/\/casadecampoliving.com\/es\/casa-de-campo-anuncia-su-reapertura-para-el-01-de-julio\/","url":"https:\/\/casadecampoliving.com\/es\/casa-de-campo-anuncia-su-reapertura-para-el-01-de-julio\/","name":"Casa de Campo Resort anuncia su fecha de reapertura | Casa de Campo Living","isPartOf":{"@id":"https:\/\/casadecampoliving.com\/es\/#website"},"primaryImageOfPage":{"@id":"https:\/\/casadecampoliving.com\/es\/casa-de-campo-anuncia-su-reapertura-para-el-01-de-julio\/#primaryimage"},"image":{"@id":"https:\/\/casadecampoliving.com\/es\/casa-de-campo-anuncia-su-reapertura-para-el-01-de-julio\/#primaryimage"},"thumbnailUrl":"https:\/\/i0.wp.com\/casadecampoliving.com\/wp-content\/uploads\/2022\/10\/39-Minitas-Beach-Club-1-Casa-de-Campo-Resort-1.jpg?fit=1000%2C667&ssl=1","datePublished":"2020-06-08T04:00:00+00:00","dateModified":"2022-10-21T23:09:04+00:00","description":"Casa de Campo Resort informa que a partir del 01 de julio reanudar\u00e1 sus operaciones para continuar ofreci\u00e9ndoles a sus clientes las mejores experiencias","breadcrumb":{"@id":"https:\/\/casadecampoliving.com\/es\/casa-de-campo-anuncia-su-reapertura-para-el-01-de-julio\/#breadcrumb"},"inLanguage":"es","potentialAction":[{"@type":"ReadAction","target":["https:\/\/casadecampoliving.com\/es\/casa-de-campo-anuncia-su-reapertura-para-el-01-de-julio\/"]}]},{"@type":"ImageObject","inLanguage":"es","@id":"https:\/\/casadecampoliving.com\/es\/casa-de-campo-anuncia-su-reapertura-para-el-01-de-julio\/#primaryimage","url":"https:\/\/i0.wp.com\/casadecampoliving.com\/wp-content\/uploads\/2022\/10\/39-Minitas-Beach-Club-1-Casa-de-Campo-Resort-1.jpg?fit=1000%2C667&ssl=1","contentUrl":"https:\/\/i0.wp.com\/casadecampoliving.com\/wp-content\/uploads\/2022\/10\/39-Minitas-Beach-Club-1-Casa-de-Campo-Resort-1.jpg?fit=1000%2C667&ssl=1","width":1000,"height":667},{"@type":"BreadcrumbList","@id":"https:\/\/casadecampoliving.com\/es\/casa-de-campo-anuncia-su-reapertura-para-el-01-de-julio\/#breadcrumb","itemListElement":[{"@type":"ListItem","position":1,"name":"Home","item":"https:\/\/casadecampoliving.com\/es\/"},{"@type":"ListItem","position":2,"name":"Casa de Campo Resort anuncia su fecha de reapertura"}]},{"@type":"WebSite","@id":"https:\/\/casadecampoliving.com\/es\/#website","url":"https:\/\/casadecampoliving.com\/es\/","name":"Casa de Campo Living","description":"Resort community news and resources.","publisher":{"@id":"https:\/\/casadecampoliving.com\/es\/#organization"},"potentialAction":[{"@type":"SearchAction","target":{"@type":"EntryPoint","urlTemplate":"https:\/\/casadecampoliving.com\/es\/?s={search_term_string}"},"query-input":{"@type":"PropertyValueSpecification","valueRequired":true,"valueName":"search_term_string"}}],"inLanguage":"es"},{"@type":"Organization","@id":"https:\/\/casadecampoliving.com\/es\/#organization","name":"Casa de Campo Living","url":"https:\/\/casadecampoliving.com\/es\/","logo":{"@type":"ImageObject","inLanguage":"es","@id":"https:\/\/casadecampoliving.com\/es\/#\/schema\/logo\/image\/","url":"https:\/\/i0.wp.com\/casadecampoliving.com\/wp-content\/uploads\/2022\/07\/CDCLivingLogo_V1-white-sized.png?fit=800%2C214&ssl=1","contentUrl":"https:\/\/i0.wp.com\/casadecampoliving.com\/wp-content\/uploads\/2022\/07\/CDCLivingLogo_V1-white-sized.png?fit=800%2C214&ssl=1","width":800,"height":214,"caption":"Casa de Campo Living"},"image":{"@id":"https:\/\/casadecampoliving.com\/es\/#\/schema\/logo\/image\/"},"sameAs":["https:\/\/www.facebook.com\/casadecampoliving","https:\/\/x.com\/cdcliving"]},{"@type":"Person","@id":"https:\/\/casadecampoliving.com\/es\/#\/schema\/person\/52642ac476979f209529cc58bb6c9787","name":"Casa de Campo Resort","image":{"@type":"ImageObject","inLanguage":"es","@id":"https:\/\/secure.gravatar.com\/avatar\/630e193f5d6de4142cc28292ac77a3b7ec1b8b66d948ac83f36a80720ef224d5?s=96&d=mm&r=g","url":"https:\/\/secure.gravatar.com\/avatar\/630e193f5d6de4142cc28292ac77a3b7ec1b8b66d948ac83f36a80720ef224d5?s=96&d=mm&r=g","contentUrl":"https:\/\/secure.gravatar.com\/avatar\/630e193f5d6de4142cc28292ac77a3b7ec1b8b66d948ac83f36a80720ef224d5?s=96&d=mm&r=g","caption":"Casa de Campo Resort"},"url":"https:\/\/casadecampoliving.com\/es\/author\/cdc\/"}]}},"parsely":{"version":"1.1.0","canonical_url":"https:\/\/casadecampoliving.com\/es\/casa-de-campo-anuncia-su-reapertura-para-el-01-de-julio\/","smart_links":{"inbound":0,"outbound":0},"traffic_boost_suggestions_count":0,"meta":{"@context":"https:\/\/schema.org","@type":"NewsArticle","headline":"Casa de Campo Resort anuncia su fecha de reapertura","url":"http:\/\/casadecampoliving.com\/es\/casa-de-campo-anuncia-su-reapertura-para-el-01-de-julio\/","mainEntityOfPage":{"@type":"WebPage","@id":"http:\/\/casadecampoliving.com\/es\/casa-de-campo-anuncia-su-reapertura-para-el-01-de-julio\/"},"thumbnailUrl":"https:\/\/i0.wp.com\/casadecampoliving.com\/wp-content\/uploads\/2022\/10\/39-Minitas-Beach-Club-1-Casa-de-Campo-Resort-1.jpg?resize=150%2C150&ssl=1","image":{"@type":"ImageObject","url":"https:\/\/i0.wp.com\/casadecampoliving.com\/wp-content\/uploads\/2022\/10\/39-Minitas-Beach-Club-1-Casa-de-Campo-Resort-1.jpg?fit=1000%2C667&ssl=1"},"articleSection":"Casa de Campo Resort","author":[{"@type":"Person","name":"Casa de Campo Resort"}],"creator":["Casa de Campo Resort"],"publisher":{"@type":"Organization","name":"Casa de Campo Living","logo":"https:\/\/casadecampoliving.com\/wp-content\/uploads\/2022\/07\/CDCLivingLogo_V1-white-sized.png"},"keywords":["apertura","casa de campo","casa de campo resort","featured-topview @es","medidas","prevenci\u00f3n","reapertura","seguridad"],"dateCreated":"2020-06-08T04:00:00Z","datePublished":"2020-06-08T04:00:00Z","dateModified":"2022-10-21T23:09:04Z"},"rendered":"<script type=\"application\/ld+json\" class=\"wp-parsely-metadata\">{\"@context\":\"https:\\\/\\\/schema.org\",\"@type\":\"NewsArticle\",\"headline\":\"Casa de Campo Resort anuncia su fecha de reapertura\",\"url\":\"http:\\\/\\\/casadecampoliving.com\\\/es\\\/casa-de-campo-anuncia-su-reapertura-para-el-01-de-julio\\\/\",\"mainEntityOfPage\":{\"@type\":\"WebPage\",\"@id\":\"http:\\\/\\\/casadecampoliving.com\\\/es\\\/casa-de-campo-anuncia-su-reapertura-para-el-01-de-julio\\\/\"},\"thumbnailUrl\":\"https:\\\/\\\/i0.wp.com\\\/casadecampoliving.com\\\/wp-content\\\/uploads\\\/2022\\\/10\\\/39-Minitas-Beach-Club-1-Casa-de-Campo-Resort-1.jpg?resize=150%2C150&ssl=1\",\"image\":{\"@type\":\"ImageObject\",\"url\":\"https:\\\/\\\/i0.wp.com\\\/casadecampoliving.com\\\/wp-content\\\/uploads\\\/2022\\\/10\\\/39-Minitas-Beach-Club-1-Casa-de-Campo-Resort-1.jpg?fit=1000%2C667&ssl=1\"},\"articleSection\":\"Casa de Campo Resort\",\"author\":[{\"@type\":\"Person\",\"name\":\"Casa de Campo Resort\"}],\"creator\":[\"Casa de Campo Resort\"],\"publisher\":{\"@type\":\"Organization\",\"name\":\"Casa de Campo Living\",\"logo\":\"https:\\\/\\\/casadecampoliving.com\\\/wp-content\\\/uploads\\\/2022\\\/07\\\/CDCLivingLogo_V1-white-sized.png\"},\"keywords\":[\"apertura\",\"casa de campo\",\"casa de campo resort\",\"featured-topview @es\",\"medidas\",\"prevenci\\u00f3n\",\"reapertura\",\"seguridad\"],\"dateCreated\":\"2020-06-08T04:00:00Z\",\"datePublished\":\"2020-06-08T04:00:00Z\",\"dateModified\":\"2022-10-21T23:09:04Z\"}<\/script>","tracker_url":"https:\/\/cdn.parsely.com\/keys\/casadecampoliving.com\/p.js"},"jetpack_publicize_connections":[],"jetpack_featured_media_url":"https:\/\/i0.wp.com\/casadecampoliving.com\/wp-content\/uploads\/2022\/10\/39-Minitas-Beach-Club-1-Casa-de-Campo-Resort-1.jpg?fit=1000%2C667&ssl=1","jetpack-related-posts":[{"id":433460,"url":"https:\/\/casadecampoliving.com\/es\/no-se-pierdan-el-increible-tributo-a-frank-sinatra-para-celebrar-el-40-aniversario-del-anfiteatro-altos-de-chavon\/","url_meta":{"origin":353790,"position":0},"title":"No se pierdan el incre\u00edble tributo a Frank Sinatra para celebrar el 40 aniversario del\u00a0Anfiteatro Altos de Chav\u00f3n","author":"Casa de Campo Living","date":"20 Oct, 2022","format":false,"excerpt":"Siendo uno de los escenarios m\u00e1s emblem\u00e1ticos del pa\u00eds, Casa de Campo Resort\u00ae & Villas celebra las cuatro d\u00e9cadas de aniversario de Altos de Chav\u00f3n con un tributo al gran Frank Sinatra, protagonizado por artistas invitados y una big band tal cual la que acompa\u00f1\u00f3 al artista hace 40 a\u00f1os\u2026","rel":"","context":"En \u00abUncategorized @es\u00bb","block_context":{"text":"Uncategorized @es","link":"https:\/\/casadecampoliving.com\/es\/category\/uncategorized-es\/"},"img":{"alt_text":"","src":"https:\/\/i0.wp.com\/casadecampoliving.com\/wp-content\/uploads\/2022\/10\/Tributo-Frank-Sinatra-Foto-Principal-Amaury-Sanchez-Danilo-Ginebra-Andres-Pichardo-y-Jose-Gabriel-Perez-.jpg?fit=1200%2C873&ssl=1&resize=350%2C200","width":350,"height":200,"srcset":"https:\/\/i0.wp.com\/casadecampoliving.com\/wp-content\/uploads\/2022\/10\/Tributo-Frank-Sinatra-Foto-Principal-Amaury-Sanchez-Danilo-Ginebra-Andres-Pichardo-y-Jose-Gabriel-Perez-.jpg?fit=1200%2C873&ssl=1&resize=350%2C200 1x, https:\/\/i0.wp.com\/casadecampoliving.com\/wp-content\/uploads\/2022\/10\/Tributo-Frank-Sinatra-Foto-Principal-Amaury-Sanchez-Danilo-Ginebra-Andres-Pichardo-y-Jose-Gabriel-Perez-.jpg?fit=1200%2C873&ssl=1&resize=525%2C300 1.5x, https:\/\/i0.wp.com\/casadecampoliving.com\/wp-content\/uploads\/2022\/10\/Tributo-Frank-Sinatra-Foto-Principal-Amaury-Sanchez-Danilo-Ginebra-Andres-Pichardo-y-Jose-Gabriel-Perez-.jpg?fit=1200%2C873&ssl=1&resize=700%2C400 2x, https:\/\/i0.wp.com\/casadecampoliving.com\/wp-content\/uploads\/2022\/10\/Tributo-Frank-Sinatra-Foto-Principal-Amaury-Sanchez-Danilo-Ginebra-Andres-Pichardo-y-Jose-Gabriel-Perez-.jpg?fit=1200%2C873&ssl=1&resize=1050%2C600 3x"},"classes":[]},{"id":353795,"url":"https:\/\/casadecampoliving.com\/es\/la-marea-esta-cambiando-en-casa-de-campo-resort-villas\/","url_meta":{"origin":353790,"position":1},"title":"La marea est\u00e1 cambiando en Casa de Campo Resort &#038; Villas","author":"Casa de Campo Resort","date":"19 Jun, 2020","format":false,"excerpt":"Nos complace anunciar la re apertura oficial de Casa de Campo Resort & Villas! Durante los \u00faltimos meses, nuestro para\u00edso de 3,000 hect\u00e1reas ha tenido la oportunidad de descansar y rejuvenecer como nunca antes. Para darle la bienvenida nuevamente de manera segura, hemos desarrollado nuestro programa de salud y seguridad\u2026","rel":"","context":"En \u00abCasa de Campo Living @es\u00bb","block_context":{"text":"Casa de Campo Living @es","link":"https:\/\/casadecampoliving.com\/category\/casa-de-campo-living-es\/"},"img":{"alt_text":"","src":"https:\/\/i0.wp.com\/casadecampoliving.com\/wp-content\/uploads\/2022\/10\/38-Minitas-Beach-2-copy-1.jpg?fit=1000%2C562&ssl=1&resize=350%2C200","width":350,"height":200,"srcset":"https:\/\/i0.wp.com\/casadecampoliving.com\/wp-content\/uploads\/2022\/10\/38-Minitas-Beach-2-copy-1.jpg?fit=1000%2C562&ssl=1&resize=350%2C200 1x, https:\/\/i0.wp.com\/casadecampoliving.com\/wp-content\/uploads\/2022\/10\/38-Minitas-Beach-2-copy-1.jpg?fit=1000%2C562&ssl=1&resize=525%2C300 1.5x, https:\/\/i0.wp.com\/casadecampoliving.com\/wp-content\/uploads\/2022\/10\/38-Minitas-Beach-2-copy-1.jpg?fit=1000%2C562&ssl=1&resize=700%2C400 2x"},"classes":[]},{"id":521311,"url":"https:\/\/casadecampoliving.com\/es\/reapertura-del-club-de-duenos-en-la-marina-casa-de-campo\/","url_meta":{"origin":353790,"position":2},"title":"Reapertura del Club de Due\u00f1os en La Marina Casa de Campo","author":"Casa de Campo Living","date":"26 Ago, 2023","format":false,"excerpt":"En un esfuerzo por mejorar las experiencias de los visitantes, Casa de Campo anuncia con orgullo la reactivaci\u00f3n de su instalaci\u00f3n, el Club de Due\u00f1os, en La Marina Casa de Campo. El Club de Due\u00f1os en La Marina ha experimentado una meticulosa renovaci\u00f3n, reimaginando su esencia para brindar un encuentro\u2026","rel":"","context":"En \u00abCasa de Campo Resort &amp; Villas\u00bb","block_context":{"text":"Casa de Campo Resort &amp; Villas","link":"https:\/\/casadecampoliving.com\/es\/category\/casa-de-campo-resort-villas\/"},"img":{"alt_text":"","src":"https:\/\/i0.wp.com\/casadecampoliving.com\/wp-content\/uploads\/2023\/08\/Owners-Club-La-Marina.jpg?fit=799%2C424&ssl=1&resize=350%2C200","width":350,"height":200,"srcset":"https:\/\/i0.wp.com\/casadecampoliving.com\/wp-content\/uploads\/2023\/08\/Owners-Club-La-Marina.jpg?fit=799%2C424&ssl=1&resize=350%2C200 1x, https:\/\/i0.wp.com\/casadecampoliving.com\/wp-content\/uploads\/2023\/08\/Owners-Club-La-Marina.jpg?fit=799%2C424&ssl=1&resize=525%2C300 1.5x, https:\/\/i0.wp.com\/casadecampoliving.com\/wp-content\/uploads\/2023\/08\/Owners-Club-La-Marina.jpg?fit=799%2C424&ssl=1&resize=700%2C400 2x"},"classes":[]},{"id":340807,"url":"https:\/\/casadecampoliving.com\/es\/casa-de-campo-recibe-premio-csf-award-2012-de-cristal-america-que-lo-acredita-como-mejor-hotel-zona-sur-este\/","url_meta":{"origin":353790,"position":3},"title":"CASA DE CAMPO recibe premio \u201cCSF Award 2012\u201d de Cristal Am\u00e9rica que lo acredita como \u201cMejor Hotel Zona Sur-Este\u201d","author":"Rebecca Silvestri","date":"18 Mar, 2013","format":false,"excerpt":"El Hotel Casa de Campo recibi\u00f3 la distinci\u00f3n \u201cCSF Award 2012\u201d por la firma Dominico Brit\u00e1nica, Cristal Am\u00e9rica, que maneja un programa de riesgos dise\u00f1ado exclusivamente para la industria de viajes y turismo, el cual cubre altos est\u00e1ndares de calidad, seguridad e higiene y cumple con las regulaciones nacionales e\u2026","rel":"","context":"En \u00abTitulares\u00bb","block_context":{"text":"Titulares","link":"https:\/\/casadecampoliving.com\/es\/category\/titulares-es\/"},"img":{"alt_text":"daniel hernandez","src":"https:\/\/i0.wp.com\/casadecampoliving.com\/wp-content\/uploads\/2022\/10\/daniel_hernandez-3.jpg?fit=650%2C464&ssl=1&resize=350%2C200","width":350,"height":200,"srcset":"https:\/\/i0.wp.com\/casadecampoliving.com\/wp-content\/uploads\/2022\/10\/daniel_hernandez-3.jpg?fit=650%2C464&ssl=1&resize=350%2C200 1x, https:\/\/i0.wp.com\/casadecampoliving.com\/wp-content\/uploads\/2022\/10\/daniel_hernandez-3.jpg?fit=650%2C464&ssl=1&resize=525%2C300 1.5x"},"classes":[]},{"id":338500,"url":"https:\/\/casadecampoliving.com\/es\/conozca-las-ofertas-especiales-de-casa-de-campo-para-vacacionistas-y-rounds-ilimitados-para-golfistas\/","url_meta":{"origin":353790,"position":4},"title":"Conozca las ofertas especiales de Casa de Campo para vacacionistas y \u00abrounds ilimitados\u00bb para golfistas!","author":"","date":"1 Mar, 2012","format":false,"excerpt":"Para quienes est\u00e1n pensando en visitar Casa de Campo en los siguientes meses, el Resort y Hotel Casa de Campo ha lanzado unas fant\u00e1sticas ofertas especiales \u2013 definitivamente ideal para cualquier persona que necesite de vacaciones en este particular para\u00edso del Caribe! Golfistas estar\u00e1n especialmente interesados en los \u201crounds ilimitados\u201d,\u2026","rel":"","context":"En \u00abEstilo de Vida\u00bb","block_context":{"text":"Estilo de Vida","link":"https:\/\/casadecampoliving.com\/es\/category\/estilo-de-vida\/"},"img":{"alt_text":"teeth of the dog casa de campo","src":"https:\/\/i0.wp.com\/casadecampoliving.com\/wp-content\/uploads\/2022\/10\/teeth_of_the_dog_casa_de_campo-11.jpg?fit=650%2C342&ssl=1&resize=350%2C200","width":350,"height":200,"srcset":"https:\/\/i0.wp.com\/casadecampoliving.com\/wp-content\/uploads\/2022\/10\/teeth_of_the_dog_casa_de_campo-11.jpg?fit=650%2C342&ssl=1&resize=350%2C200 1x, https:\/\/i0.wp.com\/casadecampoliving.com\/wp-content\/uploads\/2022\/10\/teeth_of_the_dog_casa_de_campo-11.jpg?fit=650%2C342&ssl=1&resize=525%2C300 1.5x"},"classes":[]},{"id":353807,"url":"https:\/\/casadecampoliving.com\/es\/teeth-of-the-dog-reabrio-sus-puertas-con-la-presencia-de-miguel-angel-jimenez\/","url_meta":{"origin":353790,"position":5},"title":"Teeth of the Dog reabri\u00f3 sus puertas con la presencia de Miguel \u00c1ngel Jim\u00e9nez","author":"Casa de Campo Resort","date":"14 Jul, 2020","format":false,"excerpt":"Tras el cierre por la pandemia del COVID-19, el campo de golf n\u00famero uno de Rep\u00fablica Dominica volvi\u00f3 a brillar a orillas del Mar Caribe. Teeth of the Dog, la joya de Pete Dye en CASA DE CAMPO, reabri\u00f3 sus puertas de la mejor manera: Miguel \u00c1ngel Jim\u00e9nez, m\u00faltiple campe\u00f3n\u2026","rel":"","context":"En \u00abCasa de Campo Living @es\u00bb","block_context":{"text":"Casa de Campo Living @es","link":"https:\/\/casadecampoliving.com\/category\/casa-de-campo-living-es\/"},"img":{"alt_text":"","src":"https:\/\/i0.wp.com\/casadecampoliving.com\/wp-content\/uploads\/2022\/10\/3921625BirtelJimenezSraGagnon-1.jpeg?fit=1000%2C640&ssl=1&resize=350%2C200","width":350,"height":200,"srcset":"https:\/\/i0.wp.com\/casadecampoliving.com\/wp-content\/uploads\/2022\/10\/3921625BirtelJimenezSraGagnon-1.jpeg?fit=1000%2C640&ssl=1&resize=350%2C200 1x, https:\/\/i0.wp.com\/casadecampoliving.com\/wp-content\/uploads\/2022\/10\/3921625BirtelJimenezSraGagnon-1.jpeg?fit=1000%2C640&ssl=1&resize=525%2C300 1.5x, https:\/\/i0.wp.com\/casadecampoliving.com\/wp-content\/uploads\/2022\/10\/3921625BirtelJimenezSraGagnon-1.jpeg?fit=1000%2C640&ssl=1&resize=700%2C400 2x"},"classes":[]}],"jetpack_sharing_enabled":true,"_links":{"self":[{"href":"https:\/\/casadecampoliving.com\/es\/wp-json\/wp\/v2\/posts\/353790","targetHints":{"allow":["GET"]}}],"collection":[{"href":"https:\/\/casadecampoliving.com\/es\/wp-json\/wp\/v2\/posts"}],"about":[{"href":"https:\/\/casadecampoliving.com\/es\/wp-json\/wp\/v2\/types\/post"}],"author":[{"embeddable":true,"href":"https:\/\/casadecampoliving.com\/es\/wp-json\/wp\/v2\/users\/36675"}],"replies":[{"embeddable":true,"href":"https:\/\/casadecampoliving.com\/es\/wp-json\/wp\/v2\/comments?post=353790"}],"version-history":[{"count":0,"href":"https:\/\/casadecampoliving.com\/es\/wp-json\/wp\/v2\/posts\/353790\/revisions"}],"wp:featuredmedia":[{"embeddable":true,"href":"https:\/\/casadecampoliving.com\/es\/wp-json\/wp\/v2\/media\/331870"}],"wp:attachment":[{"href":"https:\/\/casadecampoliving.com\/es\/wp-json\/wp\/v2\/media?parent=353790"}],"wp:term":[{"taxonomy":"category","embeddable":true,"href":"https:\/\/casadecampoliving.com\/es\/wp-json\/wp\/v2\/categories?post=353790"},{"taxonomy":"post_tag","embeddable":true,"href":"https:\/\/casadecampoliving.com\/es\/wp-json\/wp\/v2\/tags?post=353790"},{"taxonomy":"newspack_spnsrs_tax","embeddable":true,"href":"https:\/\/casadecampoliving.com\/es\/wp-json\/wp\/v2\/newspack_spnsrs_tax?post=353790"}],"curies":[{"name":"wp","href":"https:\/\/api.w.org\/{rel}","templated":true}]}}