{"id":353788,"date":"2020-06-05T00:00:00","date_gmt":"2020-06-05T04:00:00","guid":{"rendered":"https:\/\/casadecampoliving.com\/reapertura-de-servicios-y-horarios-en-clinica-de-familia-la-romana-ante-covid-19\/"},"modified":"2022-10-21T19:08:59","modified_gmt":"2022-10-21T23:08:59","slug":"reapertura-de-servicios-y-horarios-en-clinica-de-familia-la-romana-ante-covid-19","status":"publish","type":"post","link":"https:\/\/casadecampoliving.com\/es\/reapertura-de-servicios-y-horarios-en-clinica-de-familia-la-romana-ante-covid-19\/","title":{"rendered":"Reapertura de Servicios y Horarios en Cl\u00ednica de Familia La Romana ante COVID-19"},"content":{"rendered":"<div class=\"wp-block-image\">\n<figure class=\"alignright is-resized\"><img loading=\"lazy\" decoding=\"async\" data-attachment-id=\"205815\" data-permalink=\"https:\/\/casadecampoliving.com\/es\/copia-de-pasillo1f-9\/\" data-orig-file=\"https:\/\/i0.wp.com\/casadecampoliving.com\/wp-content\/uploads\/2020\/06\/Copia-de-pasillo1F-9.jpg?fit=750%2C1000&amp;ssl=1\" data-orig-size=\"750,1000\" data-comments-opened=\"0\" data-image-meta=\"{&quot;aperture&quot;:&quot;2&quot;,&quot;credit&quot;:&quot;&quot;,&quot;camera&quot;:&quot;Canon PowerShot G5&quot;,&quot;caption&quot;:&quot;&quot;,&quot;created_timestamp&quot;:&quot;1491412132&quot;,&quot;copyright&quot;:&quot;&quot;,&quot;focal_length&quot;:&quot;7.1875&quot;,&quot;iso&quot;:&quot;3&quot;,&quot;shutter_speed&quot;:&quot;0.025&quot;,&quot;title&quot;:&quot;&quot;,&quot;orientation&quot;:&quot;1&quot;}\" data-image-title=\"Copia de pasillo1F (9)\" data-image-description=\"\" data-image-caption=\"\" data-large-file=\"https:\/\/i0.wp.com\/casadecampoliving.com\/wp-content\/uploads\/2020\/06\/Copia-de-pasillo1F-9.jpg?fit=750%2C1000&amp;ssl=1\" src=\"https:\/\/i0.wp.com\/casadecampoliving.com\/wp-content\/uploads\/2022\/10\/Copia-de-pasillo1F-9-1.jpg?resize=467%2C623&amp;ssl=1\" alt=\"\" class=\"wp-image-205815\" height=\"623\" width=\"467\"\/><\/figure>\n<\/div>\n\n\n<p>Cl\u00ednica de Familia La Romana est\u00e1 reincorporando su horario habitual de servicios de salud a la comunidad de La Romana, luego de dos meses y medio de ofrecer servicios y horarios limitados por motivo de COVID-19. Se puede leer su respuesta ante COVID-19 en los \u00faltimos meses entrando en el siguiente link: <a href=\"https:\/\/www.clinicadefamilia.org.do\/respuesta-covid-19\/\" target=\"_blank\" rel=\"noopener noreferrer\">https:\/\/www.clinicadefamilia.org.do\/respuesta-covid-19\/<\/a>.<\/p>\n\n\n\n<p>A partir del 1 de junio estar\u00e1n abiertos de lunes a jueves de 7AM-5PM y los viernes de 7AM-4PM. Los servicios ya disponibles incluyen: medicina general, ginecolog\u00eda y obstetricia, neumolog\u00eda, pediatr\u00eda, planificaci\u00f3n familiar, laboratorio cl\u00ednico, rayos X, sonograf\u00eda, salud mental y atenci\u00f3n integral. Cada dos semanas se estar\u00e1n adheriendo otros servicios que ya eran parte de la cartera de servicio de la Cl\u00ednica, con el objetivo de ofrecer una cartera completa, como es costumbre. Estas informaciones las dar\u00e1n a conocer a trav\u00e9s de sus redes sociales de Instagram y Facebook, entrando como @clinicadefamilia.<\/p>\n\n\n\n<p>Tambi\u00e9n estar\u00e1 ofreciendo un nuevo Paquete Preventivo, el cual permitar\u00e1 que los usuarios puedan hacerse un chequeo general, luego de haber estado varios meses en sus casas sin poder asistir al m\u00e9dico. Dicho paquete incluir\u00e1 las principales anal\u00edticas de laboratorio para un chequeo general, tanto para el hombre como para la mujer. Para las mujeres adicional a las anal\u00edticas, tambi\u00e9n podr\u00e1n incluir un papanicolau y una sonograf\u00eda. El precio de esta oferta especial ser\u00e1 publicado en sus redes sociales m\u00e1s adelante. La Cl\u00ednica cuenta con las principales ARS para ofrecer sus servicios as\u00ed como para este Paquete Preventivo.<\/p>\n\n\n\n<p>Para la prestaci\u00f3n de servicios, Cl\u00ednica de Familia ha creado un protocolo de atenci\u00f3n al p\u00fablico general, manejado un l\u00edmite de usuarios en cada \u00e1rea de espera para asegurar el distanciamiento social y la obligatoriedad del uso de mascarillas. Un gel desinfectante est\u00e1 colocado en la entrada de las instalaciones de la Cl\u00ednica, as\u00ed como en las diferentes salas de espera, para evitar la transmisi\u00f3n del COVID-19. El personal de la Cl\u00ednica de Familia est\u00e1n usando los equipos de protecci\u00f3n personal necesarios para proteger a sus usuarios, adem\u00e1s de ofrecer las orientaciones necesarias para que cada usuario reciba las atenciones medicas requeridas. De igual manera, el personal de mantaneimiento est\u00e1 realizando una desinfecci\u00f3n constante de todos los espacios de la Cl\u00ednica.<\/p>\n\n\n\n<p>Si desean saber m\u00e1s de todos estos detalles, favor contactarles al tel\u00e9fono y WhatsApp 809-813-2934 o env\u00ede un correo electr\u00f3nico a <a href=\"mailto:info@clinicadefamilia.org.do\" target=\"_blank\" rel=\"noopener noreferrer\">info@clinicadefamilia.org.do<\/a>. Le invitamos a seguirles en sus redes sociales de Instagram y Facebook como <a href=\"mailto:maria@clinicadefamilia.org.do\" target=\"_blank\" rel=\"noopener noreferrer\">@clinicadefamilia.<\/a> Por igual a visitar su pagina web: <a href=\"http:\/\/www.clinicadefamilia.org.do\" target=\"_blank\" rel=\"noopener noreferrer\">www.clinicadefamilia.org.do<\/a>, para m\u00e1s detalles de su trabajo.<\/p>\n\n\n\n<p><em>*Informaci\u00f3n y fotos enviadas por Cl\u00ednica de Familia La Romana<\/em><\/p>\n\n\n\n<figure class=\"wp-block-gallery has-nested-images columns-3 is-cropped wp-block-gallery-1 is-layout-flex wp-block-gallery-is-layout-flex\"><\/figure>\n","protected":false},"excerpt":{"rendered":"<p>Cl\u00ednica de Familia La Romana est\u00e1 reincorporando su horario habitual de servicios de salud a la comunidad de La Romana, luego de dos meses y medio de ofrecer servicios y horarios limitados por motivo de COVID-19. Se puede leer su respuesta ante COVID-19 en los \u00faltimos meses entrando en el siguiente link: https:\/\/www.clinicadefamilia.org.do\/respuesta-covid-19\/. A partir [&hellip;]<\/p>\n","protected":false},"author":36791,"featured_media":331861,"comment_status":"closed","ping_status":"open","sticky":false,"template":"","format":"standard","meta":{"newspack_ads_suppress_ads":false,"newspack_popups_has_disabled_popups":false,"newspack_sponsor_sponsorship_scope":"","newspack_sponsor_native_byline_display":"inherit","newspack_sponsor_native_category_display":"inherit","newspack_sponsor_underwriter_style":"inherit","newspack_sponsor_underwriter_placement":"inherit","_newspack_byline_active":false,"_newspack_byline":"","newspack_hide_updated_date":false,"newspack_show_updated_date":false,"newspack_content_restriction_is_exempt":false,"newspack_featured_image_position":"","newspack_post_subtitle":"","newspack_article_summary_title":"Overview:","newspack_article_summary":"","_jetpack_memberships_contains_paid_content":false,"footnotes":"","jetpack_publicize_message":"","jetpack_publicize_feature_enabled":true,"jetpack_social_post_already_shared":false,"jetpack_social_options":{"image_generator_settings":{"template":"highway","default_image_id":0,"font":"","enabled":false},"version":2},"_wpas_customize_per_network":false},"categories":[2507,2506,2521,2527],"tags":[4010,7464,18932,24323,21603,5722,3891],"newspack_spnsrs_tax":[],"class_list":["post-353788","post","type-post","status-publish","format-standard","has-post-thumbnail","hentry","category-la-romana-es","category-mas-alla-de-casa-es","category-republica-dominicana-2","category-salud","tag-clinica-de-familia","tag-clinica-de-familia-la-romana","tag-la-romana-es-4","tag-la-romana-family-clinic","tag-open","tag-reapertura","tag-salud-2","entry"],"yoast_head":"<!-- This site is optimized with the Yoast SEO plugin v27.4 - https:\/\/yoast.com\/product\/yoast-seo-wordpress\/ -->\n<title>Reapertura de Servicios y Horarios en Cl\u00ednica de Familia La Romana ante COVID-19 | Casa de Campo Living<\/title>\n<meta name=\"description\" content=\"Cl\u00ednica de Familia La Romana est\u00e1 reincorporando su horario habitual de servicios de salud a la comunidad de La Romana, luego de dos meses y medio de\" \/>\n<meta name=\"robots\" content=\"index, follow, max-snippet:-1, max-image-preview:large, max-video-preview:-1\" \/>\n<link rel=\"canonical\" href=\"https:\/\/casadecampoliving.com\/es\/reapertura-de-servicios-y-horarios-en-clinica-de-familia-la-romana-ante-covid-19\/\" \/>\n<meta property=\"og:locale\" content=\"es_ES\" \/>\n<meta property=\"og:type\" content=\"article\" \/>\n<meta property=\"og:title\" content=\"Reapertura de Servicios y Horarios en Cl\u00ednica de Familia La Romana ante COVID-19 | Casa de Campo Living\" \/>\n<meta property=\"og:description\" content=\"Cl\u00ednica de Familia La Romana est\u00e1 reincorporando su horario habitual de servicios de salud a la comunidad de La Romana, luego de dos meses y medio de\" \/>\n<meta property=\"og:url\" content=\"https:\/\/casadecampoliving.com\/es\/reapertura-de-servicios-y-horarios-en-clinica-de-familia-la-romana-ante-covid-19\/\" \/>\n<meta property=\"og:site_name\" content=\"Casa de Campo Living\" \/>\n<meta property=\"article:publisher\" content=\"https:\/\/www.facebook.com\/casadecampoliving\" \/>\n<meta property=\"article:published_time\" content=\"2020-06-05T04:00:00+00:00\" \/>\n<meta property=\"article:modified_time\" content=\"2022-10-21T23:08:59+00:00\" \/>\n<meta property=\"og:image\" content=\"https:\/\/i0.wp.com\/casadecampoliving.com\/wp-content\/uploads\/2022\/10\/Ilustracion-CFLR-2.7-Cli\u0301nica-de-Familia-2.jpeg?fit=1239%2C810&ssl=1\" \/>\n\t<meta property=\"og:image:width\" content=\"1239\" \/>\n\t<meta property=\"og:image:height\" content=\"810\" \/>\n\t<meta property=\"og:image:type\" content=\"image\/jpeg\" \/>\n<meta name=\"author\" content=\"Casa de Campo Living\" \/>\n<meta name=\"twitter:card\" content=\"summary_large_image\" \/>\n<meta name=\"twitter:creator\" content=\"@cdcliving\" \/>\n<meta name=\"twitter:site\" content=\"@cdcliving\" \/>\n<meta name=\"twitter:label1\" content=\"Escrito por\" \/>\n\t<meta name=\"twitter:data1\" content=\"Casa de Campo Living\" \/>\n\t<meta name=\"twitter:label2\" content=\"Tiempo de lectura\" \/>\n\t<meta name=\"twitter:data2\" content=\"2 minutos\" \/>\n<script type=\"application\/ld+json\" class=\"yoast-schema-graph\">{\"@context\":\"https:\\\/\\\/schema.org\",\"@graph\":[{\"@type\":\"Article\",\"@id\":\"https:\\\/\\\/casadecampoliving.com\\\/es\\\/reapertura-de-servicios-y-horarios-en-clinica-de-familia-la-romana-ante-covid-19\\\/#article\",\"isPartOf\":{\"@id\":\"https:\\\/\\\/casadecampoliving.com\\\/es\\\/reapertura-de-servicios-y-horarios-en-clinica-de-familia-la-romana-ante-covid-19\\\/\"},\"author\":{\"name\":\"Casa de Campo Living\",\"@id\":\"https:\\\/\\\/casadecampoliving.com\\\/es\\\/#\\\/schema\\\/person\\\/5d2171637a9d11e0e43ce6b8555f9422\"},\"headline\":\"Reapertura de Servicios y Horarios en Cl\u00ednica de Familia La Romana ante COVID-19\",\"datePublished\":\"2020-06-05T04:00:00+00:00\",\"dateModified\":\"2022-10-21T23:08:59+00:00\",\"mainEntityOfPage\":{\"@id\":\"https:\\\/\\\/casadecampoliving.com\\\/es\\\/reapertura-de-servicios-y-horarios-en-clinica-de-familia-la-romana-ante-covid-19\\\/\"},\"wordCount\":494,\"publisher\":{\"@id\":\"https:\\\/\\\/casadecampoliving.com\\\/es\\\/#organization\"},\"image\":{\"@id\":\"https:\\\/\\\/casadecampoliving.com\\\/es\\\/reapertura-de-servicios-y-horarios-en-clinica-de-familia-la-romana-ante-covid-19\\\/#primaryimage\"},\"thumbnailUrl\":\"https:\\\/\\\/i0.wp.com\\\/casadecampoliving.com\\\/wp-content\\\/uploads\\\/2022\\\/10\\\/Ilustracion-CFLR-2.7-Cli%CC%81nica-de-Familia-2.jpeg?fit=1239%2C810&ssl=1\",\"keywords\":[\"clinica de familia\",\"clinica de familia la romana\",\"La Romana\",\"La Romana Family Clinic\",\"open\",\"reapertura\",\"salud\"],\"articleSection\":[\"La Romana @es\",\"M\u00e1s all\u00e1 de Casa\",\"Rep\u00fablica Dominicana @es\",\"Salud\"],\"inLanguage\":\"es\"},{\"@type\":\"WebPage\",\"@id\":\"https:\\\/\\\/casadecampoliving.com\\\/es\\\/reapertura-de-servicios-y-horarios-en-clinica-de-familia-la-romana-ante-covid-19\\\/\",\"url\":\"https:\\\/\\\/casadecampoliving.com\\\/es\\\/reapertura-de-servicios-y-horarios-en-clinica-de-familia-la-romana-ante-covid-19\\\/\",\"name\":\"Reapertura de Servicios y Horarios en Cl\u00ednica de Familia La Romana ante COVID-19 | Casa de Campo Living\",\"isPartOf\":{\"@id\":\"https:\\\/\\\/casadecampoliving.com\\\/es\\\/#website\"},\"primaryImageOfPage\":{\"@id\":\"https:\\\/\\\/casadecampoliving.com\\\/es\\\/reapertura-de-servicios-y-horarios-en-clinica-de-familia-la-romana-ante-covid-19\\\/#primaryimage\"},\"image\":{\"@id\":\"https:\\\/\\\/casadecampoliving.com\\\/es\\\/reapertura-de-servicios-y-horarios-en-clinica-de-familia-la-romana-ante-covid-19\\\/#primaryimage\"},\"thumbnailUrl\":\"https:\\\/\\\/i0.wp.com\\\/casadecampoliving.com\\\/wp-content\\\/uploads\\\/2022\\\/10\\\/Ilustracion-CFLR-2.7-Cli%CC%81nica-de-Familia-2.jpeg?fit=1239%2C810&ssl=1\",\"datePublished\":\"2020-06-05T04:00:00+00:00\",\"dateModified\":\"2022-10-21T23:08:59+00:00\",\"description\":\"Cl\u00ednica de Familia La Romana est\u00e1 reincorporando su horario habitual de servicios de salud a la comunidad de La Romana, luego de dos meses y medio de\",\"breadcrumb\":{\"@id\":\"https:\\\/\\\/casadecampoliving.com\\\/es\\\/reapertura-de-servicios-y-horarios-en-clinica-de-familia-la-romana-ante-covid-19\\\/#breadcrumb\"},\"inLanguage\":\"es\",\"potentialAction\":[{\"@type\":\"ReadAction\",\"target\":[\"https:\\\/\\\/casadecampoliving.com\\\/es\\\/reapertura-de-servicios-y-horarios-en-clinica-de-familia-la-romana-ante-covid-19\\\/\"]}]},{\"@type\":\"ImageObject\",\"inLanguage\":\"es\",\"@id\":\"https:\\\/\\\/casadecampoliving.com\\\/es\\\/reapertura-de-servicios-y-horarios-en-clinica-de-familia-la-romana-ante-covid-19\\\/#primaryimage\",\"url\":\"https:\\\/\\\/i0.wp.com\\\/casadecampoliving.com\\\/wp-content\\\/uploads\\\/2022\\\/10\\\/Ilustracion-CFLR-2.7-Cli%CC%81nica-de-Familia-2.jpeg?fit=1239%2C810&ssl=1\",\"contentUrl\":\"https:\\\/\\\/i0.wp.com\\\/casadecampoliving.com\\\/wp-content\\\/uploads\\\/2022\\\/10\\\/Ilustracion-CFLR-2.7-Cli%CC%81nica-de-Familia-2.jpeg?fit=1239%2C810&ssl=1\",\"width\":1239,\"height\":810},{\"@type\":\"BreadcrumbList\",\"@id\":\"https:\\\/\\\/casadecampoliving.com\\\/es\\\/reapertura-de-servicios-y-horarios-en-clinica-de-familia-la-romana-ante-covid-19\\\/#breadcrumb\",\"itemListElement\":[{\"@type\":\"ListItem\",\"position\":1,\"name\":\"Home\",\"item\":\"https:\\\/\\\/casadecampoliving.com\\\/es\\\/\"},{\"@type\":\"ListItem\",\"position\":2,\"name\":\"Reapertura de Servicios y Horarios en Cl\u00ednica de Familia La Romana ante COVID-19\"}]},{\"@type\":\"WebSite\",\"@id\":\"https:\\\/\\\/casadecampoliving.com\\\/es\\\/#website\",\"url\":\"https:\\\/\\\/casadecampoliving.com\\\/es\\\/\",\"name\":\"Casa de Campo Living\",\"description\":\"Resort community news and resources.\",\"publisher\":{\"@id\":\"https:\\\/\\\/casadecampoliving.com\\\/es\\\/#organization\"},\"potentialAction\":[{\"@type\":\"SearchAction\",\"target\":{\"@type\":\"EntryPoint\",\"urlTemplate\":\"https:\\\/\\\/casadecampoliving.com\\\/es\\\/?s={search_term_string}\"},\"query-input\":{\"@type\":\"PropertyValueSpecification\",\"valueRequired\":true,\"valueName\":\"search_term_string\"}}],\"inLanguage\":\"es\"},{\"@type\":\"Organization\",\"@id\":\"https:\\\/\\\/casadecampoliving.com\\\/es\\\/#organization\",\"name\":\"Casa de Campo Living\",\"url\":\"https:\\\/\\\/casadecampoliving.com\\\/es\\\/\",\"logo\":{\"@type\":\"ImageObject\",\"inLanguage\":\"es\",\"@id\":\"https:\\\/\\\/casadecampoliving.com\\\/es\\\/#\\\/schema\\\/logo\\\/image\\\/\",\"url\":\"https:\\\/\\\/i0.wp.com\\\/casadecampoliving.com\\\/wp-content\\\/uploads\\\/2022\\\/07\\\/CDCLivingLogo_V1-white-sized.png?fit=800%2C214&ssl=1\",\"contentUrl\":\"https:\\\/\\\/i0.wp.com\\\/casadecampoliving.com\\\/wp-content\\\/uploads\\\/2022\\\/07\\\/CDCLivingLogo_V1-white-sized.png?fit=800%2C214&ssl=1\",\"width\":800,\"height\":214,\"caption\":\"Casa de Campo Living\"},\"image\":{\"@id\":\"https:\\\/\\\/casadecampoliving.com\\\/es\\\/#\\\/schema\\\/logo\\\/image\\\/\"},\"sameAs\":[\"https:\\\/\\\/www.facebook.com\\\/casadecampoliving\",\"https:\\\/\\\/x.com\\\/cdcliving\"]},{\"@type\":\"Person\",\"@id\":\"https:\\\/\\\/casadecampoliving.com\\\/es\\\/#\\\/schema\\\/person\\\/5d2171637a9d11e0e43ce6b8555f9422\",\"name\":\"Casa de Campo Living\",\"image\":{\"@type\":\"ImageObject\",\"inLanguage\":\"es\",\"@id\":\"https:\\\/\\\/secure.gravatar.com\\\/avatar\\\/d04101fa4a9fd431e939953b1500fdc7a73cd35029f86d98712fd8ccdaebaf9a?s=96&d=mm&r=g\",\"url\":\"https:\\\/\\\/secure.gravatar.com\\\/avatar\\\/d04101fa4a9fd431e939953b1500fdc7a73cd35029f86d98712fd8ccdaebaf9a?s=96&d=mm&r=g\",\"contentUrl\":\"https:\\\/\\\/secure.gravatar.com\\\/avatar\\\/d04101fa4a9fd431e939953b1500fdc7a73cd35029f86d98712fd8ccdaebaf9a?s=96&d=mm&r=g\",\"caption\":\"Casa de Campo Living\"},\"url\":\"https:\\\/\\\/casadecampoliving.com\\\/es\\\/author\\\/casa-de-campo-living\\\/\"}]}<\/script>\n<!-- \/ Yoast SEO plugin. -->","yoast_head_json":{"title":"Reapertura de Servicios y Horarios en Cl\u00ednica de Familia La Romana ante COVID-19 | Casa de Campo Living","description":"Cl\u00ednica de Familia La Romana est\u00e1 reincorporando su horario habitual de servicios de salud a la comunidad de La Romana, luego de dos meses y medio de","robots":{"index":"index","follow":"follow","max-snippet":"max-snippet:-1","max-image-preview":"max-image-preview:large","max-video-preview":"max-video-preview:-1"},"canonical":"https:\/\/casadecampoliving.com\/es\/reapertura-de-servicios-y-horarios-en-clinica-de-familia-la-romana-ante-covid-19\/","og_locale":"es_ES","og_type":"article","og_title":"Reapertura de Servicios y Horarios en Cl\u00ednica de Familia La Romana ante COVID-19 | Casa de Campo Living","og_description":"Cl\u00ednica de Familia La Romana est\u00e1 reincorporando su horario habitual de servicios de salud a la comunidad de La Romana, luego de dos meses y medio de","og_url":"https:\/\/casadecampoliving.com\/es\/reapertura-de-servicios-y-horarios-en-clinica-de-familia-la-romana-ante-covid-19\/","og_site_name":"Casa de Campo Living","article_publisher":"https:\/\/www.facebook.com\/casadecampoliving","article_published_time":"2020-06-05T04:00:00+00:00","article_modified_time":"2022-10-21T23:08:59+00:00","og_image":[{"width":1239,"height":810,"url":"https:\/\/i0.wp.com\/casadecampoliving.com\/wp-content\/uploads\/2022\/10\/Ilustracion-CFLR-2.7-Cli\u0301nica-de-Familia-2.jpeg?fit=1239%2C810&ssl=1","type":"image\/jpeg"}],"author":"Casa de Campo Living","twitter_card":"summary_large_image","twitter_creator":"@cdcliving","twitter_site":"@cdcliving","twitter_misc":{"Escrito por":"Casa de Campo Living","Tiempo de lectura":"2 minutos"},"schema":{"@context":"https:\/\/schema.org","@graph":[{"@type":"Article","@id":"https:\/\/casadecampoliving.com\/es\/reapertura-de-servicios-y-horarios-en-clinica-de-familia-la-romana-ante-covid-19\/#article","isPartOf":{"@id":"https:\/\/casadecampoliving.com\/es\/reapertura-de-servicios-y-horarios-en-clinica-de-familia-la-romana-ante-covid-19\/"},"author":{"name":"Casa de Campo Living","@id":"https:\/\/casadecampoliving.com\/es\/#\/schema\/person\/5d2171637a9d11e0e43ce6b8555f9422"},"headline":"Reapertura de Servicios y Horarios en Cl\u00ednica de Familia La Romana ante COVID-19","datePublished":"2020-06-05T04:00:00+00:00","dateModified":"2022-10-21T23:08:59+00:00","mainEntityOfPage":{"@id":"https:\/\/casadecampoliving.com\/es\/reapertura-de-servicios-y-horarios-en-clinica-de-familia-la-romana-ante-covid-19\/"},"wordCount":494,"publisher":{"@id":"https:\/\/casadecampoliving.com\/es\/#organization"},"image":{"@id":"https:\/\/casadecampoliving.com\/es\/reapertura-de-servicios-y-horarios-en-clinica-de-familia-la-romana-ante-covid-19\/#primaryimage"},"thumbnailUrl":"https:\/\/i0.wp.com\/casadecampoliving.com\/wp-content\/uploads\/2022\/10\/Ilustracion-CFLR-2.7-Cli%CC%81nica-de-Familia-2.jpeg?fit=1239%2C810&ssl=1","keywords":["clinica de familia","clinica de familia la romana","La Romana","La Romana Family Clinic","open","reapertura","salud"],"articleSection":["La Romana @es","M\u00e1s all\u00e1 de Casa","Rep\u00fablica Dominicana @es","Salud"],"inLanguage":"es"},{"@type":"WebPage","@id":"https:\/\/casadecampoliving.com\/es\/reapertura-de-servicios-y-horarios-en-clinica-de-familia-la-romana-ante-covid-19\/","url":"https:\/\/casadecampoliving.com\/es\/reapertura-de-servicios-y-horarios-en-clinica-de-familia-la-romana-ante-covid-19\/","name":"Reapertura de Servicios y Horarios en Cl\u00ednica de Familia La Romana ante COVID-19 | Casa de Campo Living","isPartOf":{"@id":"https:\/\/casadecampoliving.com\/es\/#website"},"primaryImageOfPage":{"@id":"https:\/\/casadecampoliving.com\/es\/reapertura-de-servicios-y-horarios-en-clinica-de-familia-la-romana-ante-covid-19\/#primaryimage"},"image":{"@id":"https:\/\/casadecampoliving.com\/es\/reapertura-de-servicios-y-horarios-en-clinica-de-familia-la-romana-ante-covid-19\/#primaryimage"},"thumbnailUrl":"https:\/\/i0.wp.com\/casadecampoliving.com\/wp-content\/uploads\/2022\/10\/Ilustracion-CFLR-2.7-Cli%CC%81nica-de-Familia-2.jpeg?fit=1239%2C810&ssl=1","datePublished":"2020-06-05T04:00:00+00:00","dateModified":"2022-10-21T23:08:59+00:00","description":"Cl\u00ednica de Familia La Romana est\u00e1 reincorporando su horario habitual de servicios de salud a la comunidad de La Romana, luego de dos meses y medio de","breadcrumb":{"@id":"https:\/\/casadecampoliving.com\/es\/reapertura-de-servicios-y-horarios-en-clinica-de-familia-la-romana-ante-covid-19\/#breadcrumb"},"inLanguage":"es","potentialAction":[{"@type":"ReadAction","target":["https:\/\/casadecampoliving.com\/es\/reapertura-de-servicios-y-horarios-en-clinica-de-familia-la-romana-ante-covid-19\/"]}]},{"@type":"ImageObject","inLanguage":"es","@id":"https:\/\/casadecampoliving.com\/es\/reapertura-de-servicios-y-horarios-en-clinica-de-familia-la-romana-ante-covid-19\/#primaryimage","url":"https:\/\/i0.wp.com\/casadecampoliving.com\/wp-content\/uploads\/2022\/10\/Ilustracion-CFLR-2.7-Cli%CC%81nica-de-Familia-2.jpeg?fit=1239%2C810&ssl=1","contentUrl":"https:\/\/i0.wp.com\/casadecampoliving.com\/wp-content\/uploads\/2022\/10\/Ilustracion-CFLR-2.7-Cli%CC%81nica-de-Familia-2.jpeg?fit=1239%2C810&ssl=1","width":1239,"height":810},{"@type":"BreadcrumbList","@id":"https:\/\/casadecampoliving.com\/es\/reapertura-de-servicios-y-horarios-en-clinica-de-familia-la-romana-ante-covid-19\/#breadcrumb","itemListElement":[{"@type":"ListItem","position":1,"name":"Home","item":"https:\/\/casadecampoliving.com\/es\/"},{"@type":"ListItem","position":2,"name":"Reapertura de Servicios y Horarios en Cl\u00ednica de Familia La Romana ante COVID-19"}]},{"@type":"WebSite","@id":"https:\/\/casadecampoliving.com\/es\/#website","url":"https:\/\/casadecampoliving.com\/es\/","name":"Casa de Campo Living","description":"Resort community news and resources.","publisher":{"@id":"https:\/\/casadecampoliving.com\/es\/#organization"},"potentialAction":[{"@type":"SearchAction","target":{"@type":"EntryPoint","urlTemplate":"https:\/\/casadecampoliving.com\/es\/?s={search_term_string}"},"query-input":{"@type":"PropertyValueSpecification","valueRequired":true,"valueName":"search_term_string"}}],"inLanguage":"es"},{"@type":"Organization","@id":"https:\/\/casadecampoliving.com\/es\/#organization","name":"Casa de Campo Living","url":"https:\/\/casadecampoliving.com\/es\/","logo":{"@type":"ImageObject","inLanguage":"es","@id":"https:\/\/casadecampoliving.com\/es\/#\/schema\/logo\/image\/","url":"https:\/\/i0.wp.com\/casadecampoliving.com\/wp-content\/uploads\/2022\/07\/CDCLivingLogo_V1-white-sized.png?fit=800%2C214&ssl=1","contentUrl":"https:\/\/i0.wp.com\/casadecampoliving.com\/wp-content\/uploads\/2022\/07\/CDCLivingLogo_V1-white-sized.png?fit=800%2C214&ssl=1","width":800,"height":214,"caption":"Casa de Campo Living"},"image":{"@id":"https:\/\/casadecampoliving.com\/es\/#\/schema\/logo\/image\/"},"sameAs":["https:\/\/www.facebook.com\/casadecampoliving","https:\/\/x.com\/cdcliving"]},{"@type":"Person","@id":"https:\/\/casadecampoliving.com\/es\/#\/schema\/person\/5d2171637a9d11e0e43ce6b8555f9422","name":"Casa de Campo Living","image":{"@type":"ImageObject","inLanguage":"es","@id":"https:\/\/secure.gravatar.com\/avatar\/d04101fa4a9fd431e939953b1500fdc7a73cd35029f86d98712fd8ccdaebaf9a?s=96&d=mm&r=g","url":"https:\/\/secure.gravatar.com\/avatar\/d04101fa4a9fd431e939953b1500fdc7a73cd35029f86d98712fd8ccdaebaf9a?s=96&d=mm&r=g","contentUrl":"https:\/\/secure.gravatar.com\/avatar\/d04101fa4a9fd431e939953b1500fdc7a73cd35029f86d98712fd8ccdaebaf9a?s=96&d=mm&r=g","caption":"Casa de Campo Living"},"url":"https:\/\/casadecampoliving.com\/es\/author\/casa-de-campo-living\/"}]}},"parsely":{"version":"1.1.0","canonical_url":"https:\/\/casadecampoliving.com\/es\/reapertura-de-servicios-y-horarios-en-clinica-de-familia-la-romana-ante-covid-19\/","smart_links":{"inbound":0,"outbound":0},"traffic_boost_suggestions_count":0,"meta":{"@context":"https:\/\/schema.org","@type":"NewsArticle","headline":"Reapertura de Servicios y Horarios en Cl\u00ednica de Familia La Romana ante COVID-19","url":"http:\/\/casadecampoliving.com\/es\/reapertura-de-servicios-y-horarios-en-clinica-de-familia-la-romana-ante-covid-19\/","mainEntityOfPage":{"@type":"WebPage","@id":"http:\/\/casadecampoliving.com\/es\/reapertura-de-servicios-y-horarios-en-clinica-de-familia-la-romana-ante-covid-19\/"},"thumbnailUrl":"https:\/\/i0.wp.com\/casadecampoliving.com\/wp-content\/uploads\/2022\/10\/Ilustracion-CFLR-2.7-Cli%CC%81nica-de-Familia-2.jpeg?resize=150%2C150&ssl=1","image":{"@type":"ImageObject","url":"https:\/\/i0.wp.com\/casadecampoliving.com\/wp-content\/uploads\/2022\/10\/Ilustracion-CFLR-2.7-Cli%CC%81nica-de-Familia-2.jpeg?fit=1239%2C810&ssl=1"},"articleSection":"La Romana @es","author":[{"@type":"Person","name":"Casa de Campo Living"}],"creator":["Casa de Campo Living"],"publisher":{"@type":"Organization","name":"Casa de Campo Living","logo":"https:\/\/casadecampoliving.com\/wp-content\/uploads\/2022\/07\/CDCLivingLogo_V1-white-sized.png"},"keywords":["clinica de familia","clinica de familia la romana","la romana","la romana family clinic","open","reapertura","salud"],"dateCreated":"2020-06-05T04:00:00Z","datePublished":"2020-06-05T04:00:00Z","dateModified":"2022-10-21T23:08:59Z"},"rendered":"<script type=\"application\/ld+json\" class=\"wp-parsely-metadata\">{\"@context\":\"https:\\\/\\\/schema.org\",\"@type\":\"NewsArticle\",\"headline\":\"Reapertura de Servicios y Horarios en Cl\\u00ednica de Familia La Romana ante COVID-19\",\"url\":\"http:\\\/\\\/casadecampoliving.com\\\/es\\\/reapertura-de-servicios-y-horarios-en-clinica-de-familia-la-romana-ante-covid-19\\\/\",\"mainEntityOfPage\":{\"@type\":\"WebPage\",\"@id\":\"http:\\\/\\\/casadecampoliving.com\\\/es\\\/reapertura-de-servicios-y-horarios-en-clinica-de-familia-la-romana-ante-covid-19\\\/\"},\"thumbnailUrl\":\"https:\\\/\\\/i0.wp.com\\\/casadecampoliving.com\\\/wp-content\\\/uploads\\\/2022\\\/10\\\/Ilustracion-CFLR-2.7-Cli%CC%81nica-de-Familia-2.jpeg?resize=150%2C150&ssl=1\",\"image\":{\"@type\":\"ImageObject\",\"url\":\"https:\\\/\\\/i0.wp.com\\\/casadecampoliving.com\\\/wp-content\\\/uploads\\\/2022\\\/10\\\/Ilustracion-CFLR-2.7-Cli%CC%81nica-de-Familia-2.jpeg?fit=1239%2C810&ssl=1\"},\"articleSection\":\"La Romana @es\",\"author\":[{\"@type\":\"Person\",\"name\":\"Casa de Campo Living\"}],\"creator\":[\"Casa de Campo Living\"],\"publisher\":{\"@type\":\"Organization\",\"name\":\"Casa de Campo Living\",\"logo\":\"https:\\\/\\\/casadecampoliving.com\\\/wp-content\\\/uploads\\\/2022\\\/07\\\/CDCLivingLogo_V1-white-sized.png\"},\"keywords\":[\"clinica de familia\",\"clinica de familia la romana\",\"la romana\",\"la romana family clinic\",\"open\",\"reapertura\",\"salud\"],\"dateCreated\":\"2020-06-05T04:00:00Z\",\"datePublished\":\"2020-06-05T04:00:00Z\",\"dateModified\":\"2022-10-21T23:08:59Z\"}<\/script>","tracker_url":"https:\/\/cdn.parsely.com\/keys\/casadecampoliving.com\/p.js"},"jetpack_publicize_connections":[],"jetpack_featured_media_url":"https:\/\/i0.wp.com\/casadecampoliving.com\/wp-content\/uploads\/2022\/10\/Ilustracion-CFLR-2.7-Cli%CC%81nica-de-Familia-2.jpeg?fit=1239%2C810&ssl=1","jetpack-related-posts":[{"id":353902,"url":"https:\/\/casadecampoliving.com\/es\/clinica-de-familia-recibe-premio-brugal-cree-en-su-gente-2020\/","url_meta":{"origin":353788,"position":0},"title":"Cl\u00ednica de Familia Recibe Premio Brugal Cree en Su Gente 2020","author":"Casa de Campo Living","date":"4 Nov, 2020","format":false,"excerpt":"El pasado 30 de octubre, Cl\u00ednica de Familia fue distinguida por la Fundaci\u00f3n Brugal en una entrega virtual de los Premios Brugal Cree en su Gente para 2020. La Fundaci\u00f3n Brugal y los miembros del jurado de los Premios Brugal Cree en su Gente reconocieron en esta ocasi\u00f3n la labor\u2026","rel":"","context":"En \u00abFundaciones\u00bb","block_context":{"text":"Fundaciones","link":"https:\/\/casadecampoliving.com\/es\/category\/fundaciones-es\/"},"img":{"alt_text":"","src":"https:\/\/i0.wp.com\/casadecampoliving.com\/wp-content\/uploads\/2022\/10\/DSC07536-1.jpg?fit=1000%2C600&ssl=1&resize=350%2C200","width":350,"height":200,"srcset":"https:\/\/i0.wp.com\/casadecampoliving.com\/wp-content\/uploads\/2022\/10\/DSC07536-1.jpg?fit=1000%2C600&ssl=1&resize=350%2C200 1x, https:\/\/i0.wp.com\/casadecampoliving.com\/wp-content\/uploads\/2022\/10\/DSC07536-1.jpg?fit=1000%2C600&ssl=1&resize=525%2C300 1.5x, https:\/\/i0.wp.com\/casadecampoliving.com\/wp-content\/uploads\/2022\/10\/DSC07536-1.jpg?fit=1000%2C600&ssl=1&resize=700%2C400 2x"},"classes":[]},{"id":352129,"url":"https:\/\/casadecampoliving.com\/es\/clinica-de-familia-exposicion-fotografica-fotovoz\/","url_meta":{"origin":353788,"position":1},"title":"Cl\u00ednica de Familia presenta la exposici\u00f3n fotogr\u00e1fica \u00abFotovoz\u00bb ma\u00f1ana","author":"Heather Lincoln","date":"26 Oct, 2017","format":false,"excerpt":"Cl\u00ednica de Familia, una organizaci\u00f3n no gubernamental y sin fines de lucro que brinda servicios de atenci\u00f3n m\u00e9dica a las comunidades vulnerables de La Romana y la regi\u00f3n oriental, ser\u00e1 la sede de la exposici\u00f3n \u201cFotovoz\u201d MA\u00d1ANA a las 5:30 p.m. La presentaci\u00f3n es el resultado de un estudio de\u2026","rel":"","context":"En \u00abEventos\u00bb","block_context":{"text":"Eventos","link":"https:\/\/casadecampoliving.com\/es\/category\/eventos-es\/"},"img":{"alt_text":"Clinica de Familia","src":"https:\/\/i0.wp.com\/casadecampoliving.com\/wp-content\/uploads\/2022\/10\/Familia_clinicafamilia-e1509042274722.jpg?fit=1000%2C600&ssl=1&resize=350%2C200","width":350,"height":200,"srcset":"https:\/\/i0.wp.com\/casadecampoliving.com\/wp-content\/uploads\/2022\/10\/Familia_clinicafamilia-e1509042274722.jpg?fit=1000%2C600&ssl=1&resize=350%2C200 1x, https:\/\/i0.wp.com\/casadecampoliving.com\/wp-content\/uploads\/2022\/10\/Familia_clinicafamilia-e1509042274722.jpg?fit=1000%2C600&ssl=1&resize=525%2C300 1.5x, https:\/\/i0.wp.com\/casadecampoliving.com\/wp-content\/uploads\/2022\/10\/Familia_clinicafamilia-e1509042274722.jpg?fit=1000%2C600&ssl=1&resize=700%2C400 2x"},"classes":[]},{"id":352817,"url":"https:\/\/casadecampoliving.com\/es\/firma-de-acuerdo-entre-clinica-de-familia-la-romana-y-universidad-iberoamericana-unibe\/","url_meta":{"origin":353788,"position":2},"title":"Firma de acuerdo entre Cl\u00ednica de Familia La Romana y Universidad Iberoamericana (UNIBE)","author":"Casa de Campo Living","date":"13 Ago, 2018","format":false,"excerpt":"El pasado 17 de Julio, la Lic. Mina Halpern Lozada, Directora Ejecutiva de Cl\u00ednica de Familia La Romana, y el Doctor Julio Amado Casta\u00f1os Guzm\u00e1n, Rector de la Universidad Iberoam\u00e9rica (UNIBE), firmaron un convenio con el objetivo de fomentar intercambios de experiencias en los campos de la docencia, la investigaci\u00f3n\u2026","rel":"","context":"En \u00abM\u00e1s all\u00e1 de Casa\u00bb","block_context":{"text":"M\u00e1s all\u00e1 de Casa","link":"https:\/\/casadecampoliving.com\/es\/category\/mas-alla-de-casa-es\/"},"img":{"alt_text":"clinica_de_familia","src":"https:\/\/i0.wp.com\/casadecampoliving.com\/wp-content\/uploads\/2022\/10\/clinica_de_familia-2.png?resize=350%2C200&ssl=1","width":350,"height":200},"classes":[]},{"id":350285,"url":"https:\/\/casadecampoliving.com\/es\/firma-de-convenio-entre-clinica-de-la-familia-y-pucmm\/","url_meta":{"origin":353788,"position":3},"title":"Firma de Convenio entre Clinica de Familia y PUCMM a beneficio de los estudiantes de Medicina Interna","author":"Marlenys Guzm\u00e1n Casta\u00f1os","date":"31 Jul, 2016","format":false,"excerpt":"El pasado 12 de Julio la Lic. Mina Halpern Lozada, Directora Ejecutiva de Cl\u00ednica de Familia La Romana, y la Dra. Rafaela Carrasco, Vicerrectora Acad\u00e9mica de la Pontificia Universidad Cat\u00f3lica Madre y Maestra (PUCMM), firmaron un convenio con el objetivo de desarrollar un programa de rotaciones cl\u00ednicas en la Cl\u00ednica\u2026","rel":"","context":"En \u00abM\u00e1s all\u00e1 de Casa\u00bb","block_context":{"text":"M\u00e1s all\u00e1 de Casa","link":"https:\/\/casadecampoliving.com\/es\/category\/mas-alla-de-casa-es\/"},"img":{"alt_text":"","src":"https:\/\/i0.wp.com\/casadecampoliving.com\/wp-content\/uploads\/2022\/10\/Clinica-de-la-Familia-PUCMM-1.jpg?fit=1000%2C600&ssl=1&resize=350%2C200","width":350,"height":200,"srcset":"https:\/\/i0.wp.com\/casadecampoliving.com\/wp-content\/uploads\/2022\/10\/Clinica-de-la-Familia-PUCMM-1.jpg?fit=1000%2C600&ssl=1&resize=350%2C200 1x, https:\/\/i0.wp.com\/casadecampoliving.com\/wp-content\/uploads\/2022\/10\/Clinica-de-la-Familia-PUCMM-1.jpg?fit=1000%2C600&ssl=1&resize=525%2C300 1.5x, https:\/\/i0.wp.com\/casadecampoliving.com\/wp-content\/uploads\/2022\/10\/Clinica-de-la-Familia-PUCMM-1.jpg?fit=1000%2C600&ssl=1&resize=700%2C400 2x"},"classes":[]},{"id":352528,"url":"https:\/\/casadecampoliving.com\/es\/clinica-de-la-familia-presento-proyectos-a-miembros-de-la-prensa\/","url_meta":{"origin":353788,"position":4},"title":"La Cl\u00ednica de la Familia present\u00f3 proyectos de este a\u00f1o a miembros de la prensa","author":"Marlenys Guzm\u00e1n Casta\u00f1os","date":"19 Mar, 2018","format":false,"excerpt":"Queremos hacer extensivo nuestro agradecimiento a los medios de comunicaci\u00f3n, periodistas, comunicadores, camar\u00f3grafos, editores de peri\u00f3dicos y revistas de esta ciudad de La Romana, quienes se dieron cita en la tarde del 6 de marzo en Cl\u00ednica de Familia La Romana para realizar nuestro primer \u201c Encuentro con La Prensa\u201d.\u2026","rel":"","context":"En \u00abFundaciones\u00bb","block_context":{"text":"Fundaciones","link":"https:\/\/casadecampoliving.com\/es\/category\/fundaciones-es\/"},"img":{"alt_text":"","src":"https:\/\/i0.wp.com\/casadecampoliving.com\/wp-content\/uploads\/2018\/03\/IMG_20180306_183715-3-e1521472132224.jpg?resize=350%2C200&ssl=1","width":350,"height":200,"srcset":"https:\/\/i0.wp.com\/casadecampoliving.com\/wp-content\/uploads\/2018\/03\/IMG_20180306_183715-3-e1521472132224.jpg?resize=350%2C200&ssl=1 1x, https:\/\/i0.wp.com\/casadecampoliving.com\/wp-content\/uploads\/2018\/03\/IMG_20180306_183715-3-e1521472132224.jpg?resize=525%2C300&ssl=1 1.5x, https:\/\/i0.wp.com\/casadecampoliving.com\/wp-content\/uploads\/2018\/03\/IMG_20180306_183715-3-e1521472132224.jpg?resize=700%2C400&ssl=1 2x"},"classes":[]},{"id":352671,"url":"https:\/\/casadecampoliving.com\/es\/celebracion-del-decimo-aniversario-del-modulo-anexo-materno-infantil-mami\/","url_meta":{"origin":353788,"position":5},"title":"Celebraci\u00f3n del D\u00e9cimo Aniversario del M\u00f3dulo Anexo Materno Infantil (MAMI)","author":"Marlenys Guzm\u00e1n Casta\u00f1os","date":"25 May, 2018","format":false,"excerpt":"El pasado 17 de mayo, se realiz\u00f3 la celebraci\u00f3n de la labor que lleva realizando el M\u00f3dulo Anexo Materno Infantil (MAMI) como Unidad de Adolescentes en nuestra comunidad durante los \u00faltimos 10 a\u00f1os. Esta actividad cont\u00f3 con la conducci\u00f3n de la Lic. Hilda Peguero y se desarroll\u00f3 en el sal\u00f3n\u2026","rel":"","context":"En \u00abLa Romana @es\u00bb","block_context":{"text":"La Romana @es","link":"https:\/\/casadecampoliving.com\/es\/category\/mas-alla-de-casa-es\/la-romana-es\/"},"img":{"alt_text":"","src":"https:\/\/i0.wp.com\/casadecampoliving.com\/wp-content\/uploads\/2018\/05\/DSC02705.jpg?resize=350%2C200&ssl=1","width":350,"height":200,"srcset":"https:\/\/i0.wp.com\/casadecampoliving.com\/wp-content\/uploads\/2018\/05\/DSC02705.jpg?resize=350%2C200&ssl=1 1x, https:\/\/i0.wp.com\/casadecampoliving.com\/wp-content\/uploads\/2018\/05\/DSC02705.jpg?resize=525%2C300&ssl=1 1.5x, https:\/\/i0.wp.com\/casadecampoliving.com\/wp-content\/uploads\/2018\/05\/DSC02705.jpg?resize=700%2C400&ssl=1 2x"},"classes":[]}],"jetpack_sharing_enabled":true,"_links":{"self":[{"href":"https:\/\/casadecampoliving.com\/es\/wp-json\/wp\/v2\/posts\/353788","targetHints":{"allow":["GET"]}}],"collection":[{"href":"https:\/\/casadecampoliving.com\/es\/wp-json\/wp\/v2\/posts"}],"about":[{"href":"https:\/\/casadecampoliving.com\/es\/wp-json\/wp\/v2\/types\/post"}],"author":[{"embeddable":true,"href":"https:\/\/casadecampoliving.com\/es\/wp-json\/wp\/v2\/users\/36791"}],"replies":[{"embeddable":true,"href":"https:\/\/casadecampoliving.com\/es\/wp-json\/wp\/v2\/comments?post=353788"}],"version-history":[{"count":0,"href":"https:\/\/casadecampoliving.com\/es\/wp-json\/wp\/v2\/posts\/353788\/revisions"}],"wp:featuredmedia":[{"embeddable":true,"href":"https:\/\/casadecampoliving.com\/es\/wp-json\/wp\/v2\/media\/331861"}],"wp:attachment":[{"href":"https:\/\/casadecampoliving.com\/es\/wp-json\/wp\/v2\/media?parent=353788"}],"wp:term":[{"taxonomy":"category","embeddable":true,"href":"https:\/\/casadecampoliving.com\/es\/wp-json\/wp\/v2\/categories?post=353788"},{"taxonomy":"post_tag","embeddable":true,"href":"https:\/\/casadecampoliving.com\/es\/wp-json\/wp\/v2\/tags?post=353788"},{"taxonomy":"newspack_spnsrs_tax","embeddable":true,"href":"https:\/\/casadecampoliving.com\/es\/wp-json\/wp\/v2\/newspack_spnsrs_tax?post=353788"}],"curies":[{"name":"wp","href":"https:\/\/api.w.org\/{rel}","templated":true}]}}