{"id":353786,"date":"2020-05-29T00:00:00","date_gmt":"2020-05-29T04:00:00","guid":{"rendered":"https:\/\/casadecampoliving.com\/restructuracion-mercantil-opciones-disponibles-para-empresas-y-comerciantes-en-la-republica-dominicana-durante-la-pandemia-de-covid-19\/"},"modified":"2022-10-21T19:08:52","modified_gmt":"2022-10-21T23:08:52","slug":"restructuracion-mercantil-opciones-disponibles-para-empresas-y-comerciantes-en-la-republica-dominicana-durante-la-pandemia-de-covid-19","status":"publish","type":"post","link":"https:\/\/casadecampoliving.com\/es\/restructuracion-mercantil-opciones-disponibles-para-empresas-y-comerciantes-en-la-republica-dominicana-durante-la-pandemia-de-covid-19\/","title":{"rendered":"Restructuraci\u00f3n Mercantil: Opciones disponibles para empresas y comerciantes en la Rep\u00fablica Dominicana durante la pandemia de COVID-19"},"content":{"rendered":"\n<p>La propagaci\u00f3n del coronavirus CODIV-19 est\u00e1 afectando gravemente la situaci\u00f3n financiera de empresas y comerciantes a nivel global, muchos de los cuales ya han manifestado su imposibilidad de hacer frente a sus obligaciones exigibles dada la reducci\u00f3n significativa de sus operaciones. Ante esta situaci\u00f3n, las empresas y personas f\u00edsicas comerciantes est\u00e1n evaluando sus posibilidades y los pr\u00f3ximos pasos a seguir tanto frente a su actual o posible insolvencia como a la de sus deudores.<\/p>\n\n\n\n<p>En el caso de la Rep\u00fablica Dominicana, la ley n\u00fam. 141-15 de Reestructuraci\u00f3n y Liquidaci\u00f3n de Empresas y Personas F\u00edsicas Comerciantes de la Rep\u00fablica Dominicana y su reglamento de aplicaci\u00f3n regulan el proceso de reestructuraci\u00f3n mercantil y liquidaci\u00f3n judicial de las empresas y personas f\u00edsicas comerciantes nacionales o extranjeras que hayan fijado domicilio o tengan presencia permanente en la Rep\u00fablica Dominicana.<\/p>\n\n\n\n<p>La ley concibe un proceso factible para que las empresas insolventes puedan reestructurarse y as\u00ed garantizar su continuidad operativa, a la vez protegiendo los derechos de sus acreedores en un marco de transparencia e igualdad.<\/p>\n\n\n\n<p>La solicitud de reestructuraci\u00f3n o liquidaci\u00f3n puede ser solicitada tanto por el deudor como por cualquiera de los acreedores cuyas acreencias representen al menos 50 salarios m\u00ednimos cuando se verifiquen las siguientes causales establecidas por la ley:<\/p>\n\n\n\n<ul class=\"wp-block-list\"><li>Incumplimiento por m\u00e1s de 90 d\u00edas de al menos una obligaci\u00f3n de pago l\u00edquida y exigible a favor de alg\u00fan acreedor o incumplimiento de pago a la Administraci\u00f3n Tributaria de los impuestos retenidos o cualquier otra obligaci\u00f3n tributaria por no menos de 6 cuotas fiscales;<\/li><li>Cuando el pasivo corriente exceda su activo corriente por un periodo mayor de 6 meses;<\/li><li>Cuando haya dejado de pagar al menos 2 salarios de manera consecutiva a sus empleados;<\/li><\/ul>\n\n\n\n<ul class=\"wp-block-list\"><li>Si existe un procedimiento de reestructuraci\u00f3n, quiebra, insolvencia o cesaci\u00f3n de pagos en un Estado extranjero en el que se encuentre la sociedad matriz o su principal establecimiento o centro de intereses;<\/li><li>Si existen embargos, sentencias o procesos de ejecuci\u00f3n que afecten o pudieran afectar en m\u00e1s del cincuenta por ciento (50%) el patrimonio total del deudor.<\/li><\/ul>\n\n\n\n<p>En el caso de una solicitud de reestructuraci\u00f3n y durante la duraci\u00f3n de la etapa de conciliaci\u00f3n y negociaci\u00f3n del plan de reestructuraci\u00f3n, todas las acciones judiciales, administrativas o arbitrales ejercidas contra la masa de bienes de la empresa o persona f\u00edsica comerciante en reestructuraci\u00f3n quedan suspendidas, permitiendo con ello proteger la masa de bienes y la continuidad operativa del deudor durante dicho proceso.<\/p>\n\n\n\n<p>Asimismo, para asegurar la continuidad de los negocios la ley concibe dentro del proceso de reestructuraci\u00f3n la posibilidad de autorizar nuevos financiamientos a cargo del deudor, para lo cual otorga un privilegio a las entidades de intermediaci\u00f3n financiera que otorguen dichos financiamientos.<\/p>\n\n\n\n<h3 class=\"wp-block-heading\"><strong>Acuerdo previo de plan<\/strong><\/h3>\n\n\n\n<p>Otra posibilidad que tienen las empresas y comerciantes que presenten dificultades financieras ante esta crisis para garantizar la continuidad de sus operaciones es presentar al tribunal un acuerdo previo de plan antes del inicio de un proceso de reestructuraci\u00f3n. Este plan puede ser realizado respecto a la totalidad de los acreedores o solamente respecto a un grupo selecto de acreedores, como pudieran ser las entidades de intermediaci\u00f3n financiera, acreedores laborales y suplidores. En cada caso, el acuerdo requiere para su aprobaci\u00f3n la aceptaci\u00f3n de los acreedores que representen al menos el 60% del total de las acreencias del deudor o de la o las clases que abarca el acuerdo.<\/p>\n\n\n\n<p>Este plan podr\u00e1 tratar cualquier objeto l\u00edcito tendente a reestructurar los pasivos y activos del deudor o reorganizar su actividad empresarial, as\u00ed como negociar la condonaci\u00f3n parcial de deudas y la modificaci\u00f3n de los plazos de exigibilidad de las obligaciones del deudor.<br>\nUna vez aprobado el plan por los acreedores y el tribunal, \u00e9ste tendr\u00e1 los mismos efectos de un plan de reestructuraci\u00f3n. Adicionalmente, el tribunal puede ordenar, entre otras cosas, la suspensi\u00f3n de todo procedimiento de ejecuci\u00f3n contra los bienes y derechos del deudor. De la misma forma, desde su sometimiento y hasta que sea admitida o rechazada la solicitud, los acreedores no pueden solicitar la reestructuraci\u00f3n del deudor.<\/p>\n\n\n\n<p><strong>COVID-19: Centro de Informaci\u00f3n<\/strong><\/p>\n\n\n\n<p>Guzm\u00e1n Ariza est\u00e1 dando seguimiento activo a las orientaciones del gobierno y las actualizaciones sobre los pormenores de la situaci\u00f3n global, y de esta forma estar preparados para enfrentar las principales preocupaciones de nuestros clientes relacionadas con el COVID-19.<\/p>\n\n\n\n<p>Les invitamos a visitar nuestro \u202a<a href=\"https:\/\/drlawyer.com\/espanol\/covid-19-centro-de-informacion\/\" target=\"_blank\" rel=\"noopener noreferrer\">Centro de Informaci\u00f3n COVID-19<\/a> para mantenerse al d\u00eda con las \u00faltimas informaciones.\u202c<\/p>\n\n\n\n<blockquote><figure><img decoding=\"async\" data-attachment-id=\"205775\" data-permalink=\"https:\/\/casadecampoliving.com\/es\/alfredoguzman\/\" data-orig-file=\"https:\/\/i0.wp.com\/casadecampoliving.com\/wp-content\/uploads\/2020\/05\/AlfredoGuzma%CC%81n.jpg?fit=150%2C124&amp;ssl=1\" data-orig-size=\"150,124\" data-comments-opened=\"0\" data-image-meta=\"{&quot;aperture&quot;:&quot;5.6&quot;,&quot;credit&quot;:&quot;HECT0RPLACEREShHECT0RPLACERESSTudioc&quot;,&quot;camera&quot;:&quot;NIKON D800&quot;,&quot;caption&quot;:&quot;&quot;,&quot;created_timestamp&quot;:&quot;1561658416&quot;,&quot;copyright&quot;:&quot;HBPP&quot;,&quot;focal_length&quot;:&quot;185&quot;,&quot;iso&quot;:&quot;400&quot;,&quot;shutter_speed&quot;:&quot;0.005&quot;,&quot;title&quot;:&quot;&quot;,&quot;orientation&quot;:&quot;1&quot;}\" data-image-title=\"AlfredoGuzma\u0301n\" data-image-description=\"\" data-image-caption=\"\" data-large-file=\"https:\/\/i0.wp.com\/casadecampoliving.com\/wp-content\/uploads\/2020\/05\/AlfredoGuzma%CC%81n.jpg?fit=150%2C124&amp;ssl=1\" loading=\"lazy\" class=\"alignright size-full wp-image-205775\" src=\"https:\/\/i0.wp.com\/casadecampoliving.com\/wp-content\/uploads\/2022\/10\/AlfredoGuzma\u0301n-2.jpg?resize=150%2C124&amp;ssl=1\" alt=\"\" width=\"150\" height=\"124\"><\/figure><p><strong>Art\u00edculo escrito por:<\/strong><\/p><p><i>Alfredo A. Guzm\u00e1n Salad\u00edn es abogado y socio de Guzm\u00e1n Ariza, Attorneys-at-Law (<\/i><a href=\"http:\/\/www.drlawyer.com\/\" target=\"_blank\" rel=\"noopener noreferrer\"><i>www.drlawyer.com<\/i><\/a><i>) y abogado recomendado por The Legal 500 Latin America. Ha asesorado m\u00fatiples compraventas inmobiliarias en Casa de Campo Resort and Villas, el desarrollo inmobiliario m\u00e1s importante y prestigioso de la regi\u00f3n. Residente de Casa, Alfredo atiende a clientes en las oficinas de La Romana y Punta Cana y puede ser contactado en <\/i><a href=\"mailto:aguzman@drlawyer.com\" target=\"_blank\" rel=\"noopener noreferrer\">aguzman@drlawyer.com<\/a><i>&nbsp;o (809) 550-6400 \u2013 (829) 259-3058.<\/i><\/p><figure><img decoding=\"async\" data-attachment-id=\"205777\" data-permalink=\"https:\/\/casadecampoliving.com\/es\/fabioguzmansaladin-2\/\" data-orig-file=\"https:\/\/i0.wp.com\/casadecampoliving.com\/wp-content\/uploads\/2020\/05\/FabioGuzmanSaladin-2.jpg?fit=150%2C150&amp;ssl=1\" data-orig-size=\"150,150\" data-comments-opened=\"0\" data-image-meta=\"{&quot;aperture&quot;:&quot;5.6&quot;,&quot;credit&quot;:&quot;HECT0RPLACEREShHECT0RPLACERESSTudioc&quot;,&quot;camera&quot;:&quot;NIKON D800&quot;,&quot;caption&quot;:&quot;&quot;,&quot;created_timestamp&quot;:&quot;1561658067&quot;,&quot;copyright&quot;:&quot;HBPP&quot;,&quot;focal_length&quot;:&quot;120&quot;,&quot;iso&quot;:&quot;400&quot;,&quot;shutter_speed&quot;:&quot;0.005&quot;,&quot;title&quot;:&quot;&quot;,&quot;orientation&quot;:&quot;1&quot;}\" data-image-title=\"FabioGuzmanSaladin (2)\" data-image-description=\"\" data-image-caption=\"\" data-large-file=\"https:\/\/i0.wp.com\/casadecampoliving.com\/wp-content\/uploads\/2020\/05\/FabioGuzmanSaladin-2.jpg?fit=150%2C150&amp;ssl=1\" loading=\"lazy\" class=\"alignleft size-full wp-image-205777\" src=\"https:\/\/i0.wp.com\/casadecampoliving.com\/wp-content\/uploads\/2022\/10\/FabioGuzmanSaladin-2-1.jpg?resize=150%2C150&amp;ssl=1\" alt=\"\" width=\"150\" height=\"150\"><\/figure><p><em>Fabio J. Guzm\u00e1n Salad\u00edn Socio l\u00edder del departamento corporativo de la firma Guzm\u00e1n Ariza, con a\u00f1os de experiencia en derecho empresarial, fusiones y adquisiciones, financiaci\u00f3n de proyectos, reestructuraci\u00f3n e insolvencia, derecho bancario, burs\u00e1til y de los seguros, inversi\u00f3n extranjera y mercado de capitales. Actualmente asesora a m\u00e1s del 75% de los casos de reestructuraci\u00f3n mercantil en la Rep\u00fablica Dominicana, incluyendo el primer y principal caso en el pa\u00eds. Fabio atiende a clientes en las oficinas de Santo Domingo y puede ser contactado en <a href=\"mailto:fabio@drlawyer.com\" target=\"_blank\" rel=\"noopener noreferrer\">fabio@drlawyer.com<\/a> o (809) 255-0980.<\/em><\/p><\/blockquote>\n\n\n\n<blockquote><p><strong>Guzm\u00e1n Ariza, Abogados y Consultores:<\/strong><\/p><figure><img decoding=\"async\" data-attachment-id=\"205773\" data-permalink=\"https:\/\/casadecampoliving.com\/es\/logoga90-curvas-02\/\" data-orig-file=\"https:\/\/i0.wp.com\/casadecampoliving.com\/wp-content\/uploads\/2020\/05\/logoga90-curvas-02.png?fit=1756%2C492&amp;ssl=1\" data-orig-size=\"1756,492\" data-comments-opened=\"0\" data-image-meta=\"{&quot;aperture&quot;:&quot;0&quot;,&quot;credit&quot;:&quot;&quot;,&quot;camera&quot;:&quot;&quot;,&quot;caption&quot;:&quot;&quot;,&quot;created_timestamp&quot;:&quot;0&quot;,&quot;copyright&quot;:&quot;&quot;,&quot;focal_length&quot;:&quot;0&quot;,&quot;iso&quot;:&quot;0&quot;,&quot;shutter_speed&quot;:&quot;0&quot;,&quot;title&quot;:&quot;&quot;,&quot;orientation&quot;:&quot;0&quot;}\" data-image-title=\"logoga90-curvas-02\" data-image-description=\"\" data-image-caption=\"\" data-large-file=\"https:\/\/i0.wp.com\/casadecampoliving.com\/wp-content\/uploads\/2020\/05\/logoga90-curvas-02.png?fit=1024%2C287&amp;ssl=1\" loading=\"lazy\" class=\"alignright wp-image-205773\" src=\"https:\/\/i0.wp.com\/casadecampoliving.com\/wp-content\/uploads\/2022\/10\/logoga90-curvas-02-1.png?resize=278%2C78&amp;ssl=1\" alt=\"\" width=\"278\" height=\"78\"><\/figure><p>En Guzm\u00e1n Ariza combinamos experiencia con innovaci\u00f3n. Fuimos fundados en 1927, mucho antes que la gran mayor\u00eda de otros bufetes de abogados dominicanos, y desde entonces hemos estado a la vanguardia del ejercicio del derecho en la Rep\u00fablica Dominicana, el pa\u00eds con la econom\u00eda m\u00e1s grande de Am\u00e9rica Central y el Caribe.<\/p><p>Guzm\u00e1n Ariza ha sido pionero en la prestaci\u00f3n de servicios legales de todo tipo a empresas internacionales e inversores privados en la Rep\u00fablica Dominicana, desde la simple compra de una villa de verano hasta la estructuraci\u00f3n de fusiones corporativas complejas o proyectos inmobiliarios multimillonarios.<\/p><p>Convencidos de que la innovaci\u00f3n constante en el ejercicio de su profesi\u00f3n es vital para lograr la satisfacci\u00f3n del cliente, nuestros abogados se han especializado en \u00e1reas de derecho cuidadosamente seleccionadas para satisfacer las demandas m\u00e1s apremiantes que enfrentan nuestros clientes en la Rep\u00fablica Dominicana.<\/p><p>En el \u00e1mbito internacional, somos miembro de tres redes de firmas globales \u2014Nextlaw Referral Network, SCG Legal y GGI Geneva Group Internacional\u2014, lo que nos permite contar con el apoyo de firmas aliadas en todo el mundo y as\u00ed atender a nuestra clientela de manera efectiva en sus operaciones internacionales.<\/p><p><strong>Oficina de Guzm\u00e1n Ariza en La Romana:<\/strong><br>\nAv. Trinitaria No. 45, 2do Piso<\/p><p><strong>Alfredo A. Guzm\u00e1n:<\/strong>&nbsp;(809) 550-6400,&nbsp;aguzman@drlawyer.com<\/p><p><a href=\"http:\/\/www.drlawyer.com\/\" target=\"_blank\" rel=\"noopener noreferrer\">www.drlawyer.com<\/a><\/p><\/blockquote>\n","protected":false},"excerpt":{"rendered":"<p>La propagaci\u00f3n del coronavirus CODIV-19 est\u00e1 afectando gravemente la situaci\u00f3n financiera de empresas y comerciantes a nivel global, muchos de los cuales ya han manifestado su imposibilidad de hacer frente a sus obligaciones exigibles dada la reducci\u00f3n significativa de sus operaciones. Ante esta situaci\u00f3n, las empresas y personas f\u00edsicas comerciantes est\u00e1n evaluando sus posibilidades y [&hellip;]<\/p>\n","protected":false},"author":36791,"featured_media":331838,"comment_status":"closed","ping_status":"open","sticky":false,"template":"","format":"standard","meta":{"newspack_ads_suppress_ads":false,"newspack_popups_has_disabled_popups":false,"newspack_sponsor_sponsorship_scope":"","newspack_sponsor_native_byline_display":"inherit","newspack_sponsor_native_category_display":"inherit","newspack_sponsor_underwriter_style":"inherit","newspack_sponsor_underwriter_placement":"inherit","_newspack_byline_active":false,"_newspack_byline":"","newspack_hide_updated_date":false,"newspack_show_updated_date":false,"newspack_content_restriction_is_exempt":false,"newspack_featured_image_position":"","newspack_post_subtitle":"","newspack_article_summary_title":"Overview:","newspack_article_summary":"","_jetpack_memberships_contains_paid_content":false,"footnotes":"","jetpack_publicize_message":"","jetpack_publicize_feature_enabled":true,"jetpack_social_post_already_shared":false,"jetpack_social_options":{"image_generator_settings":{"template":"highway","default_image_id":0,"font":"","enabled":false},"version":2},"_wpas_customize_per_network":false},"categories":[6192,2521],"tags":[7813,24641,18629,14736,7973,14777],"newspack_spnsrs_tax":[],"class_list":["post-353786","post","type-post","status-publish","format-standard","has-post-thumbnail","hentry","category-businesses","category-republica-dominicana-2","tag-abogados","tag-covid-19","tag-dominican-republic-es-5","tag-featured-topview-es","tag-guzman-ariza-es","tag-republica-dominicana-es-18","entry"],"yoast_head":"<!-- This site is optimized with the Yoast SEO plugin v27.4 - https:\/\/yoast.com\/product\/yoast-seo-wordpress\/ -->\n<title>Restructuraci\u00f3n Mercantil: Opciones disponibles para empresas y comerciantes en la Rep\u00fablica Dominicana durante la pandemia de COVID-19 | Casa de Campo Living<\/title>\n<meta name=\"description\" content=\"La propagaci\u00f3n del coronavirus CODIV-19 est\u00e1 afectando gravemente la situaci\u00f3n financiera de empresas y comerciantes a nivel global, muchos de los cuales\" \/>\n<meta name=\"robots\" content=\"index, follow, max-snippet:-1, max-image-preview:large, max-video-preview:-1\" \/>\n<link rel=\"canonical\" href=\"https:\/\/casadecampoliving.com\/es\/restructuracion-mercantil-opciones-disponibles-para-empresas-y-comerciantes-en-la-republica-dominicana-durante-la-pandemia-de-covid-19\/\" \/>\n<meta property=\"og:locale\" content=\"es_ES\" \/>\n<meta property=\"og:type\" content=\"article\" \/>\n<meta property=\"og:title\" content=\"Restructuraci\u00f3n Mercantil: Opciones disponibles para empresas y comerciantes en la Rep\u00fablica Dominicana durante la pandemia de COVID-19 | Casa de Campo Living\" \/>\n<meta property=\"og:description\" content=\"La propagaci\u00f3n del coronavirus CODIV-19 est\u00e1 afectando gravemente la situaci\u00f3n financiera de empresas y comerciantes a nivel global, muchos de los cuales\" \/>\n<meta property=\"og:url\" content=\"https:\/\/casadecampoliving.com\/es\/restructuracion-mercantil-opciones-disponibles-para-empresas-y-comerciantes-en-la-republica-dominicana-durante-la-pandemia-de-covid-19\/\" \/>\n<meta property=\"og:site_name\" content=\"Casa de Campo Living\" \/>\n<meta property=\"article:publisher\" content=\"https:\/\/www.facebook.com\/casadecampoliving\" \/>\n<meta property=\"article:published_time\" content=\"2020-05-29T04:00:00+00:00\" \/>\n<meta property=\"article:modified_time\" content=\"2022-10-21T23:08:52+00:00\" \/>\n<meta property=\"og:image\" content=\"https:\/\/i0.wp.com\/casadecampoliving.com\/wp-content\/uploads\/2022\/10\/Restructuring-1.jpg?fit=1000%2C600&ssl=1\" \/>\n\t<meta property=\"og:image:width\" content=\"1000\" \/>\n\t<meta property=\"og:image:height\" content=\"600\" \/>\n\t<meta property=\"og:image:type\" content=\"image\/jpeg\" \/>\n<meta name=\"author\" content=\"Casa de Campo Living\" \/>\n<meta name=\"twitter:card\" content=\"summary_large_image\" \/>\n<meta name=\"twitter:creator\" content=\"@cdcliving\" \/>\n<meta name=\"twitter:site\" content=\"@cdcliving\" \/>\n<meta name=\"twitter:label1\" content=\"Escrito por\" \/>\n\t<meta name=\"twitter:data1\" content=\"Casa de Campo Living\" \/>\n\t<meta name=\"twitter:label2\" content=\"Tiempo de lectura\" \/>\n\t<meta name=\"twitter:data2\" content=\"6 minutos\" \/>\n<script type=\"application\/ld+json\" class=\"yoast-schema-graph\">{\"@context\":\"https:\\\/\\\/schema.org\",\"@graph\":[{\"@type\":\"Article\",\"@id\":\"https:\\\/\\\/casadecampoliving.com\\\/es\\\/restructuracion-mercantil-opciones-disponibles-para-empresas-y-comerciantes-en-la-republica-dominicana-durante-la-pandemia-de-covid-19\\\/#article\",\"isPartOf\":{\"@id\":\"https:\\\/\\\/casadecampoliving.com\\\/es\\\/restructuracion-mercantil-opciones-disponibles-para-empresas-y-comerciantes-en-la-republica-dominicana-durante-la-pandemia-de-covid-19\\\/\"},\"author\":{\"name\":\"Casa de Campo Living\",\"@id\":\"https:\\\/\\\/casadecampoliving.com\\\/es\\\/#\\\/schema\\\/person\\\/5d2171637a9d11e0e43ce6b8555f9422\"},\"headline\":\"Restructuraci\u00f3n Mercantil: Opciones disponibles para empresas y comerciantes en la Rep\u00fablica Dominicana durante la pandemia de COVID-19\",\"datePublished\":\"2020-05-29T04:00:00+00:00\",\"dateModified\":\"2022-10-21T23:08:52+00:00\",\"mainEntityOfPage\":{\"@id\":\"https:\\\/\\\/casadecampoliving.com\\\/es\\\/restructuracion-mercantil-opciones-disponibles-para-empresas-y-comerciantes-en-la-republica-dominicana-durante-la-pandemia-de-covid-19\\\/\"},\"wordCount\":1219,\"publisher\":{\"@id\":\"https:\\\/\\\/casadecampoliving.com\\\/es\\\/#organization\"},\"image\":{\"@id\":\"https:\\\/\\\/casadecampoliving.com\\\/es\\\/restructuracion-mercantil-opciones-disponibles-para-empresas-y-comerciantes-en-la-republica-dominicana-durante-la-pandemia-de-covid-19\\\/#primaryimage\"},\"thumbnailUrl\":\"https:\\\/\\\/i0.wp.com\\\/casadecampoliving.com\\\/wp-content\\\/uploads\\\/2022\\\/10\\\/Restructuring-1.jpg?fit=1000%2C600&ssl=1\",\"keywords\":[\"abogados\",\"covid-19\",\"Dominican Republic\",\"Featured-TopView @es\",\"guzman ariza @es\",\"Republica Dominicana\"],\"articleSection\":[\"businesses\",\"Rep\u00fablica Dominicana @es\"],\"inLanguage\":\"es\"},{\"@type\":\"WebPage\",\"@id\":\"https:\\\/\\\/casadecampoliving.com\\\/es\\\/restructuracion-mercantil-opciones-disponibles-para-empresas-y-comerciantes-en-la-republica-dominicana-durante-la-pandemia-de-covid-19\\\/\",\"url\":\"https:\\\/\\\/casadecampoliving.com\\\/es\\\/restructuracion-mercantil-opciones-disponibles-para-empresas-y-comerciantes-en-la-republica-dominicana-durante-la-pandemia-de-covid-19\\\/\",\"name\":\"Restructuraci\u00f3n Mercantil: Opciones disponibles para empresas y comerciantes en la Rep\u00fablica Dominicana durante la pandemia de COVID-19 | Casa de Campo Living\",\"isPartOf\":{\"@id\":\"https:\\\/\\\/casadecampoliving.com\\\/es\\\/#website\"},\"primaryImageOfPage\":{\"@id\":\"https:\\\/\\\/casadecampoliving.com\\\/es\\\/restructuracion-mercantil-opciones-disponibles-para-empresas-y-comerciantes-en-la-republica-dominicana-durante-la-pandemia-de-covid-19\\\/#primaryimage\"},\"image\":{\"@id\":\"https:\\\/\\\/casadecampoliving.com\\\/es\\\/restructuracion-mercantil-opciones-disponibles-para-empresas-y-comerciantes-en-la-republica-dominicana-durante-la-pandemia-de-covid-19\\\/#primaryimage\"},\"thumbnailUrl\":\"https:\\\/\\\/i0.wp.com\\\/casadecampoliving.com\\\/wp-content\\\/uploads\\\/2022\\\/10\\\/Restructuring-1.jpg?fit=1000%2C600&ssl=1\",\"datePublished\":\"2020-05-29T04:00:00+00:00\",\"dateModified\":\"2022-10-21T23:08:52+00:00\",\"description\":\"La propagaci\u00f3n del coronavirus CODIV-19 est\u00e1 afectando gravemente la situaci\u00f3n financiera de empresas y comerciantes a nivel global, muchos de los cuales\",\"breadcrumb\":{\"@id\":\"https:\\\/\\\/casadecampoliving.com\\\/es\\\/restructuracion-mercantil-opciones-disponibles-para-empresas-y-comerciantes-en-la-republica-dominicana-durante-la-pandemia-de-covid-19\\\/#breadcrumb\"},\"inLanguage\":\"es\",\"potentialAction\":[{\"@type\":\"ReadAction\",\"target\":[\"https:\\\/\\\/casadecampoliving.com\\\/es\\\/restructuracion-mercantil-opciones-disponibles-para-empresas-y-comerciantes-en-la-republica-dominicana-durante-la-pandemia-de-covid-19\\\/\"]}]},{\"@type\":\"ImageObject\",\"inLanguage\":\"es\",\"@id\":\"https:\\\/\\\/casadecampoliving.com\\\/es\\\/restructuracion-mercantil-opciones-disponibles-para-empresas-y-comerciantes-en-la-republica-dominicana-durante-la-pandemia-de-covid-19\\\/#primaryimage\",\"url\":\"https:\\\/\\\/i0.wp.com\\\/casadecampoliving.com\\\/wp-content\\\/uploads\\\/2022\\\/10\\\/Restructuring-1.jpg?fit=1000%2C600&ssl=1\",\"contentUrl\":\"https:\\\/\\\/i0.wp.com\\\/casadecampoliving.com\\\/wp-content\\\/uploads\\\/2022\\\/10\\\/Restructuring-1.jpg?fit=1000%2C600&ssl=1\",\"width\":1000,\"height\":600},{\"@type\":\"BreadcrumbList\",\"@id\":\"https:\\\/\\\/casadecampoliving.com\\\/es\\\/restructuracion-mercantil-opciones-disponibles-para-empresas-y-comerciantes-en-la-republica-dominicana-durante-la-pandemia-de-covid-19\\\/#breadcrumb\",\"itemListElement\":[{\"@type\":\"ListItem\",\"position\":1,\"name\":\"Home\",\"item\":\"https:\\\/\\\/casadecampoliving.com\\\/es\\\/\"},{\"@type\":\"ListItem\",\"position\":2,\"name\":\"Restructuraci\u00f3n Mercantil: Opciones disponibles para empresas y comerciantes en la Rep\u00fablica Dominicana durante la pandemia de COVID-19\"}]},{\"@type\":\"WebSite\",\"@id\":\"https:\\\/\\\/casadecampoliving.com\\\/es\\\/#website\",\"url\":\"https:\\\/\\\/casadecampoliving.com\\\/es\\\/\",\"name\":\"Casa de Campo Living\",\"description\":\"Resort community news and resources.\",\"publisher\":{\"@id\":\"https:\\\/\\\/casadecampoliving.com\\\/es\\\/#organization\"},\"potentialAction\":[{\"@type\":\"SearchAction\",\"target\":{\"@type\":\"EntryPoint\",\"urlTemplate\":\"https:\\\/\\\/casadecampoliving.com\\\/es\\\/?s={search_term_string}\"},\"query-input\":{\"@type\":\"PropertyValueSpecification\",\"valueRequired\":true,\"valueName\":\"search_term_string\"}}],\"inLanguage\":\"es\"},{\"@type\":\"Organization\",\"@id\":\"https:\\\/\\\/casadecampoliving.com\\\/es\\\/#organization\",\"name\":\"Casa de Campo Living\",\"url\":\"https:\\\/\\\/casadecampoliving.com\\\/es\\\/\",\"logo\":{\"@type\":\"ImageObject\",\"inLanguage\":\"es\",\"@id\":\"https:\\\/\\\/casadecampoliving.com\\\/es\\\/#\\\/schema\\\/logo\\\/image\\\/\",\"url\":\"https:\\\/\\\/i0.wp.com\\\/casadecampoliving.com\\\/wp-content\\\/uploads\\\/2022\\\/07\\\/CDCLivingLogo_V1-white-sized.png?fit=800%2C214&ssl=1\",\"contentUrl\":\"https:\\\/\\\/i0.wp.com\\\/casadecampoliving.com\\\/wp-content\\\/uploads\\\/2022\\\/07\\\/CDCLivingLogo_V1-white-sized.png?fit=800%2C214&ssl=1\",\"width\":800,\"height\":214,\"caption\":\"Casa de Campo Living\"},\"image\":{\"@id\":\"https:\\\/\\\/casadecampoliving.com\\\/es\\\/#\\\/schema\\\/logo\\\/image\\\/\"},\"sameAs\":[\"https:\\\/\\\/www.facebook.com\\\/casadecampoliving\",\"https:\\\/\\\/x.com\\\/cdcliving\"]},{\"@type\":\"Person\",\"@id\":\"https:\\\/\\\/casadecampoliving.com\\\/es\\\/#\\\/schema\\\/person\\\/5d2171637a9d11e0e43ce6b8555f9422\",\"name\":\"Casa de Campo Living\",\"image\":{\"@type\":\"ImageObject\",\"inLanguage\":\"es\",\"@id\":\"https:\\\/\\\/secure.gravatar.com\\\/avatar\\\/d04101fa4a9fd431e939953b1500fdc7a73cd35029f86d98712fd8ccdaebaf9a?s=96&d=mm&r=g\",\"url\":\"https:\\\/\\\/secure.gravatar.com\\\/avatar\\\/d04101fa4a9fd431e939953b1500fdc7a73cd35029f86d98712fd8ccdaebaf9a?s=96&d=mm&r=g\",\"contentUrl\":\"https:\\\/\\\/secure.gravatar.com\\\/avatar\\\/d04101fa4a9fd431e939953b1500fdc7a73cd35029f86d98712fd8ccdaebaf9a?s=96&d=mm&r=g\",\"caption\":\"Casa de Campo Living\"},\"url\":\"https:\\\/\\\/casadecampoliving.com\\\/es\\\/author\\\/casa-de-campo-living\\\/\"}]}<\/script>\n<!-- \/ Yoast SEO plugin. -->","yoast_head_json":{"title":"Restructuraci\u00f3n Mercantil: Opciones disponibles para empresas y comerciantes en la Rep\u00fablica Dominicana durante la pandemia de COVID-19 | Casa de Campo Living","description":"La propagaci\u00f3n del coronavirus CODIV-19 est\u00e1 afectando gravemente la situaci\u00f3n financiera de empresas y comerciantes a nivel global, muchos de los cuales","robots":{"index":"index","follow":"follow","max-snippet":"max-snippet:-1","max-image-preview":"max-image-preview:large","max-video-preview":"max-video-preview:-1"},"canonical":"https:\/\/casadecampoliving.com\/es\/restructuracion-mercantil-opciones-disponibles-para-empresas-y-comerciantes-en-la-republica-dominicana-durante-la-pandemia-de-covid-19\/","og_locale":"es_ES","og_type":"article","og_title":"Restructuraci\u00f3n Mercantil: Opciones disponibles para empresas y comerciantes en la Rep\u00fablica Dominicana durante la pandemia de COVID-19 | Casa de Campo Living","og_description":"La propagaci\u00f3n del coronavirus CODIV-19 est\u00e1 afectando gravemente la situaci\u00f3n financiera de empresas y comerciantes a nivel global, muchos de los cuales","og_url":"https:\/\/casadecampoliving.com\/es\/restructuracion-mercantil-opciones-disponibles-para-empresas-y-comerciantes-en-la-republica-dominicana-durante-la-pandemia-de-covid-19\/","og_site_name":"Casa de Campo Living","article_publisher":"https:\/\/www.facebook.com\/casadecampoliving","article_published_time":"2020-05-29T04:00:00+00:00","article_modified_time":"2022-10-21T23:08:52+00:00","og_image":[{"width":1000,"height":600,"url":"https:\/\/i0.wp.com\/casadecampoliving.com\/wp-content\/uploads\/2022\/10\/Restructuring-1.jpg?fit=1000%2C600&ssl=1","type":"image\/jpeg"}],"author":"Casa de Campo Living","twitter_card":"summary_large_image","twitter_creator":"@cdcliving","twitter_site":"@cdcliving","twitter_misc":{"Escrito por":"Casa de Campo Living","Tiempo de lectura":"6 minutos"},"schema":{"@context":"https:\/\/schema.org","@graph":[{"@type":"Article","@id":"https:\/\/casadecampoliving.com\/es\/restructuracion-mercantil-opciones-disponibles-para-empresas-y-comerciantes-en-la-republica-dominicana-durante-la-pandemia-de-covid-19\/#article","isPartOf":{"@id":"https:\/\/casadecampoliving.com\/es\/restructuracion-mercantil-opciones-disponibles-para-empresas-y-comerciantes-en-la-republica-dominicana-durante-la-pandemia-de-covid-19\/"},"author":{"name":"Casa de Campo Living","@id":"https:\/\/casadecampoliving.com\/es\/#\/schema\/person\/5d2171637a9d11e0e43ce6b8555f9422"},"headline":"Restructuraci\u00f3n Mercantil: Opciones disponibles para empresas y comerciantes en la Rep\u00fablica Dominicana durante la pandemia de COVID-19","datePublished":"2020-05-29T04:00:00+00:00","dateModified":"2022-10-21T23:08:52+00:00","mainEntityOfPage":{"@id":"https:\/\/casadecampoliving.com\/es\/restructuracion-mercantil-opciones-disponibles-para-empresas-y-comerciantes-en-la-republica-dominicana-durante-la-pandemia-de-covid-19\/"},"wordCount":1219,"publisher":{"@id":"https:\/\/casadecampoliving.com\/es\/#organization"},"image":{"@id":"https:\/\/casadecampoliving.com\/es\/restructuracion-mercantil-opciones-disponibles-para-empresas-y-comerciantes-en-la-republica-dominicana-durante-la-pandemia-de-covid-19\/#primaryimage"},"thumbnailUrl":"https:\/\/i0.wp.com\/casadecampoliving.com\/wp-content\/uploads\/2022\/10\/Restructuring-1.jpg?fit=1000%2C600&ssl=1","keywords":["abogados","covid-19","Dominican Republic","Featured-TopView @es","guzman ariza @es","Republica Dominicana"],"articleSection":["businesses","Rep\u00fablica Dominicana @es"],"inLanguage":"es"},{"@type":"WebPage","@id":"https:\/\/casadecampoliving.com\/es\/restructuracion-mercantil-opciones-disponibles-para-empresas-y-comerciantes-en-la-republica-dominicana-durante-la-pandemia-de-covid-19\/","url":"https:\/\/casadecampoliving.com\/es\/restructuracion-mercantil-opciones-disponibles-para-empresas-y-comerciantes-en-la-republica-dominicana-durante-la-pandemia-de-covid-19\/","name":"Restructuraci\u00f3n Mercantil: Opciones disponibles para empresas y comerciantes en la Rep\u00fablica Dominicana durante la pandemia de COVID-19 | Casa de Campo Living","isPartOf":{"@id":"https:\/\/casadecampoliving.com\/es\/#website"},"primaryImageOfPage":{"@id":"https:\/\/casadecampoliving.com\/es\/restructuracion-mercantil-opciones-disponibles-para-empresas-y-comerciantes-en-la-republica-dominicana-durante-la-pandemia-de-covid-19\/#primaryimage"},"image":{"@id":"https:\/\/casadecampoliving.com\/es\/restructuracion-mercantil-opciones-disponibles-para-empresas-y-comerciantes-en-la-republica-dominicana-durante-la-pandemia-de-covid-19\/#primaryimage"},"thumbnailUrl":"https:\/\/i0.wp.com\/casadecampoliving.com\/wp-content\/uploads\/2022\/10\/Restructuring-1.jpg?fit=1000%2C600&ssl=1","datePublished":"2020-05-29T04:00:00+00:00","dateModified":"2022-10-21T23:08:52+00:00","description":"La propagaci\u00f3n del coronavirus CODIV-19 est\u00e1 afectando gravemente la situaci\u00f3n financiera de empresas y comerciantes a nivel global, muchos de los cuales","breadcrumb":{"@id":"https:\/\/casadecampoliving.com\/es\/restructuracion-mercantil-opciones-disponibles-para-empresas-y-comerciantes-en-la-republica-dominicana-durante-la-pandemia-de-covid-19\/#breadcrumb"},"inLanguage":"es","potentialAction":[{"@type":"ReadAction","target":["https:\/\/casadecampoliving.com\/es\/restructuracion-mercantil-opciones-disponibles-para-empresas-y-comerciantes-en-la-republica-dominicana-durante-la-pandemia-de-covid-19\/"]}]},{"@type":"ImageObject","inLanguage":"es","@id":"https:\/\/casadecampoliving.com\/es\/restructuracion-mercantil-opciones-disponibles-para-empresas-y-comerciantes-en-la-republica-dominicana-durante-la-pandemia-de-covid-19\/#primaryimage","url":"https:\/\/i0.wp.com\/casadecampoliving.com\/wp-content\/uploads\/2022\/10\/Restructuring-1.jpg?fit=1000%2C600&ssl=1","contentUrl":"https:\/\/i0.wp.com\/casadecampoliving.com\/wp-content\/uploads\/2022\/10\/Restructuring-1.jpg?fit=1000%2C600&ssl=1","width":1000,"height":600},{"@type":"BreadcrumbList","@id":"https:\/\/casadecampoliving.com\/es\/restructuracion-mercantil-opciones-disponibles-para-empresas-y-comerciantes-en-la-republica-dominicana-durante-la-pandemia-de-covid-19\/#breadcrumb","itemListElement":[{"@type":"ListItem","position":1,"name":"Home","item":"https:\/\/casadecampoliving.com\/es\/"},{"@type":"ListItem","position":2,"name":"Restructuraci\u00f3n Mercantil: Opciones disponibles para empresas y comerciantes en la Rep\u00fablica Dominicana durante la pandemia de COVID-19"}]},{"@type":"WebSite","@id":"https:\/\/casadecampoliving.com\/es\/#website","url":"https:\/\/casadecampoliving.com\/es\/","name":"Casa de Campo Living","description":"Resort community news and resources.","publisher":{"@id":"https:\/\/casadecampoliving.com\/es\/#organization"},"potentialAction":[{"@type":"SearchAction","target":{"@type":"EntryPoint","urlTemplate":"https:\/\/casadecampoliving.com\/es\/?s={search_term_string}"},"query-input":{"@type":"PropertyValueSpecification","valueRequired":true,"valueName":"search_term_string"}}],"inLanguage":"es"},{"@type":"Organization","@id":"https:\/\/casadecampoliving.com\/es\/#organization","name":"Casa de Campo Living","url":"https:\/\/casadecampoliving.com\/es\/","logo":{"@type":"ImageObject","inLanguage":"es","@id":"https:\/\/casadecampoliving.com\/es\/#\/schema\/logo\/image\/","url":"https:\/\/i0.wp.com\/casadecampoliving.com\/wp-content\/uploads\/2022\/07\/CDCLivingLogo_V1-white-sized.png?fit=800%2C214&ssl=1","contentUrl":"https:\/\/i0.wp.com\/casadecampoliving.com\/wp-content\/uploads\/2022\/07\/CDCLivingLogo_V1-white-sized.png?fit=800%2C214&ssl=1","width":800,"height":214,"caption":"Casa de Campo Living"},"image":{"@id":"https:\/\/casadecampoliving.com\/es\/#\/schema\/logo\/image\/"},"sameAs":["https:\/\/www.facebook.com\/casadecampoliving","https:\/\/x.com\/cdcliving"]},{"@type":"Person","@id":"https:\/\/casadecampoliving.com\/es\/#\/schema\/person\/5d2171637a9d11e0e43ce6b8555f9422","name":"Casa de Campo Living","image":{"@type":"ImageObject","inLanguage":"es","@id":"https:\/\/secure.gravatar.com\/avatar\/d04101fa4a9fd431e939953b1500fdc7a73cd35029f86d98712fd8ccdaebaf9a?s=96&d=mm&r=g","url":"https:\/\/secure.gravatar.com\/avatar\/d04101fa4a9fd431e939953b1500fdc7a73cd35029f86d98712fd8ccdaebaf9a?s=96&d=mm&r=g","contentUrl":"https:\/\/secure.gravatar.com\/avatar\/d04101fa4a9fd431e939953b1500fdc7a73cd35029f86d98712fd8ccdaebaf9a?s=96&d=mm&r=g","caption":"Casa de Campo Living"},"url":"https:\/\/casadecampoliving.com\/es\/author\/casa-de-campo-living\/"}]}},"parsely":{"version":"1.1.0","canonical_url":"https:\/\/casadecampoliving.com\/es\/restructuracion-mercantil-opciones-disponibles-para-empresas-y-comerciantes-en-la-republica-dominicana-durante-la-pandemia-de-covid-19\/","smart_links":{"inbound":0,"outbound":0},"traffic_boost_suggestions_count":0,"meta":{"@context":"https:\/\/schema.org","@type":"NewsArticle","headline":"Restructuraci\u00f3n Mercantil: Opciones disponibles para empresas y comerciantes en la Rep\u00fablica Dominicana durante la pandemia de COVID-19","url":"http:\/\/casadecampoliving.com\/es\/restructuracion-mercantil-opciones-disponibles-para-empresas-y-comerciantes-en-la-republica-dominicana-durante-la-pandemia-de-covid-19\/","mainEntityOfPage":{"@type":"WebPage","@id":"http:\/\/casadecampoliving.com\/es\/restructuracion-mercantil-opciones-disponibles-para-empresas-y-comerciantes-en-la-republica-dominicana-durante-la-pandemia-de-covid-19\/"},"thumbnailUrl":"https:\/\/i0.wp.com\/casadecampoliving.com\/wp-content\/uploads\/2022\/10\/Restructuring-1.jpg?resize=150%2C150&ssl=1","image":{"@type":"ImageObject","url":"https:\/\/i0.wp.com\/casadecampoliving.com\/wp-content\/uploads\/2022\/10\/Restructuring-1.jpg?fit=1000%2C600&ssl=1"},"articleSection":"businesses","author":[{"@type":"Person","name":"Casa de Campo Living"}],"creator":["Casa de Campo Living"],"publisher":{"@type":"Organization","name":"Casa de Campo Living","logo":"https:\/\/casadecampoliving.com\/wp-content\/uploads\/2022\/07\/CDCLivingLogo_V1-white-sized.png"},"keywords":["abogados","covid-19","dominican republic","featured-topview @es","guzman ariza @es","republica dominicana"],"dateCreated":"2020-05-29T04:00:00Z","datePublished":"2020-05-29T04:00:00Z","dateModified":"2022-10-21T23:08:52Z"},"rendered":"<script type=\"application\/ld+json\" class=\"wp-parsely-metadata\">{\"@context\":\"https:\\\/\\\/schema.org\",\"@type\":\"NewsArticle\",\"headline\":\"Restructuraci\\u00f3n Mercantil: Opciones disponibles para empresas y comerciantes en la Rep\\u00fablica Dominicana durante la pandemia de COVID-19\",\"url\":\"http:\\\/\\\/casadecampoliving.com\\\/es\\\/restructuracion-mercantil-opciones-disponibles-para-empresas-y-comerciantes-en-la-republica-dominicana-durante-la-pandemia-de-covid-19\\\/\",\"mainEntityOfPage\":{\"@type\":\"WebPage\",\"@id\":\"http:\\\/\\\/casadecampoliving.com\\\/es\\\/restructuracion-mercantil-opciones-disponibles-para-empresas-y-comerciantes-en-la-republica-dominicana-durante-la-pandemia-de-covid-19\\\/\"},\"thumbnailUrl\":\"https:\\\/\\\/i0.wp.com\\\/casadecampoliving.com\\\/wp-content\\\/uploads\\\/2022\\\/10\\\/Restructuring-1.jpg?resize=150%2C150&ssl=1\",\"image\":{\"@type\":\"ImageObject\",\"url\":\"https:\\\/\\\/i0.wp.com\\\/casadecampoliving.com\\\/wp-content\\\/uploads\\\/2022\\\/10\\\/Restructuring-1.jpg?fit=1000%2C600&ssl=1\"},\"articleSection\":\"businesses\",\"author\":[{\"@type\":\"Person\",\"name\":\"Casa de Campo Living\"}],\"creator\":[\"Casa de Campo Living\"],\"publisher\":{\"@type\":\"Organization\",\"name\":\"Casa de Campo Living\",\"logo\":\"https:\\\/\\\/casadecampoliving.com\\\/wp-content\\\/uploads\\\/2022\\\/07\\\/CDCLivingLogo_V1-white-sized.png\"},\"keywords\":[\"abogados\",\"covid-19\",\"dominican republic\",\"featured-topview @es\",\"guzman ariza @es\",\"republica dominicana\"],\"dateCreated\":\"2020-05-29T04:00:00Z\",\"datePublished\":\"2020-05-29T04:00:00Z\",\"dateModified\":\"2022-10-21T23:08:52Z\"}<\/script>","tracker_url":"https:\/\/cdn.parsely.com\/keys\/casadecampoliving.com\/p.js"},"jetpack_publicize_connections":[],"jetpack_featured_media_url":"https:\/\/i0.wp.com\/casadecampoliving.com\/wp-content\/uploads\/2022\/10\/Restructuring-1.jpg?fit=1000%2C600&ssl=1","jetpack-related-posts":[{"id":433460,"url":"https:\/\/casadecampoliving.com\/es\/no-se-pierdan-el-increible-tributo-a-frank-sinatra-para-celebrar-el-40-aniversario-del-anfiteatro-altos-de-chavon\/","url_meta":{"origin":353786,"position":0},"title":"No se pierdan el incre\u00edble tributo a Frank Sinatra para celebrar el 40 aniversario del\u00a0Anfiteatro Altos de Chav\u00f3n","author":"Casa de Campo Living","date":"20 Oct, 2022","format":false,"excerpt":"Siendo uno de los escenarios m\u00e1s emblem\u00e1ticos del pa\u00eds, Casa de Campo Resort\u00ae & Villas celebra las cuatro d\u00e9cadas de aniversario de Altos de Chav\u00f3n con un tributo al gran Frank Sinatra, protagonizado por artistas invitados y una big band tal cual la que acompa\u00f1\u00f3 al artista hace 40 a\u00f1os\u2026","rel":"","context":"En \u00abUncategorized @es\u00bb","block_context":{"text":"Uncategorized @es","link":"https:\/\/casadecampoliving.com\/es\/category\/uncategorized-es\/"},"img":{"alt_text":"","src":"https:\/\/i0.wp.com\/casadecampoliving.com\/wp-content\/uploads\/2022\/10\/Tributo-Frank-Sinatra-Foto-Principal-Amaury-Sanchez-Danilo-Ginebra-Andres-Pichardo-y-Jose-Gabriel-Perez-.jpg?fit=1200%2C873&ssl=1&resize=350%2C200","width":350,"height":200,"srcset":"https:\/\/i0.wp.com\/casadecampoliving.com\/wp-content\/uploads\/2022\/10\/Tributo-Frank-Sinatra-Foto-Principal-Amaury-Sanchez-Danilo-Ginebra-Andres-Pichardo-y-Jose-Gabriel-Perez-.jpg?fit=1200%2C873&ssl=1&resize=350%2C200 1x, https:\/\/i0.wp.com\/casadecampoliving.com\/wp-content\/uploads\/2022\/10\/Tributo-Frank-Sinatra-Foto-Principal-Amaury-Sanchez-Danilo-Ginebra-Andres-Pichardo-y-Jose-Gabriel-Perez-.jpg?fit=1200%2C873&ssl=1&resize=525%2C300 1.5x, https:\/\/i0.wp.com\/casadecampoliving.com\/wp-content\/uploads\/2022\/10\/Tributo-Frank-Sinatra-Foto-Principal-Amaury-Sanchez-Danilo-Ginebra-Andres-Pichardo-y-Jose-Gabriel-Perez-.jpg?fit=1200%2C873&ssl=1&resize=700%2C400 2x, https:\/\/i0.wp.com\/casadecampoliving.com\/wp-content\/uploads\/2022\/10\/Tributo-Frank-Sinatra-Foto-Principal-Amaury-Sanchez-Danilo-Ginebra-Andres-Pichardo-y-Jose-Gabriel-Perez-.jpg?fit=1200%2C873&ssl=1&resize=1050%2C600 3x"},"classes":[]},{"id":337824,"url":"https:\/\/casadecampoliving.com\/es\/erh-marine-es-el-dealer-exclusivo-de-la-destacada-marca-riva-en-la-republica-dominicana\/","url_meta":{"origin":353786,"position":1},"title":"ERH Marine es el \u00abdealer\u00bb exclusivo de la destacada marca Riva en la Rep\u00fablica Dominicana","author":"","date":"21 Ene, 2012","format":false,"excerpt":"En noviemre 2011, la empresa con bases en la ciudad de Santo Domingo y tambi\u00e9n en La Marina Casa de Campo, ERH Marine, fue nombrada oficialmente como \u2018dealer\u2019 exclusivo de la marca Riva en la Rep\u00fablica Dominicana. Esta especial menci\u00f3n fue celebrada en una exclusiva cena en el restaurante Soph\u00eda\u2026","rel":"","context":"En \u00abEstilo de Vida\u00bb","block_context":{"text":"Estilo de Vida","link":"https:\/\/casadecampoliving.com\/es\/category\/estilo-de-vida\/"},"img":{"alt_text":"riva yacht","src":"https:\/\/i0.wp.com\/casadecampoliving.com\/wp-content\/uploads\/2022\/10\/riva_erh_marine_casa_de_campo-1.jpg?fit=650%2C327&ssl=1&resize=350%2C200","width":350,"height":200,"srcset":"https:\/\/i0.wp.com\/casadecampoliving.com\/wp-content\/uploads\/2022\/10\/riva_erh_marine_casa_de_campo-1.jpg?fit=650%2C327&ssl=1&resize=350%2C200 1x, https:\/\/i0.wp.com\/casadecampoliving.com\/wp-content\/uploads\/2022\/10\/riva_erh_marine_casa_de_campo-1.jpg?fit=650%2C327&ssl=1&resize=525%2C300 1.5x"},"classes":[]},{"id":341937,"url":"https:\/\/casadecampoliving.com\/es\/ib-yachts-ha-sido-nombrado-comerciante-exclusivo-de-chris-craft-yachts-marca-1-en-los-estados-unidos-y-el-mundo\/","url_meta":{"origin":353786,"position":2},"title":"IBI Yachts ha sido nombrado comerciante exclusivo de Chris Craft yachts, \u00a1marca #1 en los Estados Unidos y el mundo!","author":"Rebecca Silvestri","date":"17 Jun, 2013","format":false,"excerpt":"\u00a1Algo nuevo viene para IBI Yachts! IBI Yachts situado en la Marina Casa de Campo, acaba de adherir desde el inicio de junio\u00a0otra marca a su ya impresionante lista de ofertas n\u00e1uticas \u2013 Chris Craft Yachts, marca #1 en su categoria en los Estados Unidos \u00a1y de hecho en el\u2026","rel":"","context":"En \u00abCompras\u00bb","block_context":{"text":"Compras","link":"https:\/\/casadecampoliving.com\/es\/category\/compras-es\/"},"img":{"alt_text":"chris craft yacht","src":"https:\/\/i0.wp.com\/casadecampoliving.com\/wp-content\/uploads\/2022\/10\/chris_craft_yacht-1.jpg?fit=650%2C433&ssl=1&resize=350%2C200","width":350,"height":200,"srcset":"https:\/\/i0.wp.com\/casadecampoliving.com\/wp-content\/uploads\/2022\/10\/chris_craft_yacht-1.jpg?fit=650%2C433&ssl=1&resize=350%2C200 1x, https:\/\/i0.wp.com\/casadecampoliving.com\/wp-content\/uploads\/2022\/10\/chris_craft_yacht-1.jpg?fit=650%2C433&ssl=1&resize=525%2C300 1.5x"},"classes":[]},{"id":510487,"url":"https:\/\/casadecampoliving.com\/es\/rosario-velez-gerente-de-recursos-humanos-de-casa-de-campo-fue-reconocida-como-mas-inspiradora-de-recursos-humanos\/","url_meta":{"origin":353786,"position":3},"title":"Rosario V\u00e9lez, Gerente de Recursos Humanos de Casa de Campo, fue reconocida como \u00abM\u00e1s Inspiradora de Recursos Humanos\u00bb","author":"Casa de Campo Living","date":"11 Nov, 2022","format":false,"excerpt":"El martes 1 de noviembre un grupo de profesionales del \u00e1rea de Recursos Humanos de Rep\u00fablica Dominicana fueron reconocidos por RRHHDigital y Awards of Happiness\u00ae, que destacaron sus logros, impacto e influencia en sus comunidades, as\u00ed como el reconocimiento y difusi\u00f3n de la trayectoria de estos profesionales. Nuestra Gerente de\u2026","rel":"","context":"En \u00abNoticias Locales\u00bb","block_context":{"text":"Noticias Locales","link":"https:\/\/casadecampoliving.com\/es\/category\/noticias-locales\/"},"img":{"alt_text":"","src":"https:\/\/i0.wp.com\/casadecampoliving.com\/wp-content\/uploads\/2022\/11\/Rosario-Velez.jpg?fit=480%2C480&ssl=1&resize=350%2C200","width":350,"height":200},"classes":[]},{"id":520253,"url":"https:\/\/casadecampoliving.com\/es\/proyecto-gilead-innovaciones-integrales-de-vih-en-la-romana-republica-dominicana\/","url_meta":{"origin":353786,"position":4},"title":"Proyecto Gilead: Innovaciones Integrales de VIH en La Romana, Rep\u00fablica Dominicana","author":"Casa de Campo Living","date":"25 Jul, 2023","format":false,"excerpt":"Desde enero de 2022 hasta finales de junio de 2023, la Cl\u00ednica de Familia La Romana estuvo profundamente involucrada en el desarrollo del proyecto \"Innovaciones Integrales en VIH en La Romana, Rep\u00fablica Dominicana\", financiado por la empresa farmac\u00e9utica Gilead Sciences, Inc. El objetivo principal de esta iniciativa fue mejorar los\u2026","rel":"","context":"En \u00abM\u00e1s all\u00e1 de Casa\u00bb","block_context":{"text":"M\u00e1s all\u00e1 de Casa","link":"https:\/\/casadecampoliving.com\/es\/category\/mas-alla-de-casa-es\/"},"img":{"alt_text":"","src":"https:\/\/i0.wp.com\/casadecampoliving.com\/wp-content\/uploads\/2023\/07\/Nurse-supervisor-checking-blood-pressure-of-client-during-home-visit-1-scaled.jpg?fit=1200%2C810&ssl=1&resize=350%2C200","width":350,"height":200,"srcset":"https:\/\/i0.wp.com\/casadecampoliving.com\/wp-content\/uploads\/2023\/07\/Nurse-supervisor-checking-blood-pressure-of-client-during-home-visit-1-scaled.jpg?fit=1200%2C810&ssl=1&resize=350%2C200 1x, https:\/\/i0.wp.com\/casadecampoliving.com\/wp-content\/uploads\/2023\/07\/Nurse-supervisor-checking-blood-pressure-of-client-during-home-visit-1-scaled.jpg?fit=1200%2C810&ssl=1&resize=525%2C300 1.5x, https:\/\/i0.wp.com\/casadecampoliving.com\/wp-content\/uploads\/2023\/07\/Nurse-supervisor-checking-blood-pressure-of-client-during-home-visit-1-scaled.jpg?fit=1200%2C810&ssl=1&resize=700%2C400 2x, https:\/\/i0.wp.com\/casadecampoliving.com\/wp-content\/uploads\/2023\/07\/Nurse-supervisor-checking-blood-pressure-of-client-during-home-visit-1-scaled.jpg?fit=1200%2C810&ssl=1&resize=1050%2C600 3x"},"classes":[]},{"id":532933,"url":"https:\/\/casadecampoliving.com\/es\/casa-de-campo-alcanza-el-puesto-6-de-los-mejores-lugares-para-trabajar-en-rd-y-el-caribe\/","url_meta":{"origin":353786,"position":5},"title":"Casa de Campo alcanza el puesto # 6 de los mejores lugares para trabajar en RD y el Caribe","author":"Mairobi Herrera","date":"9 Sep, 2024","format":false,"excerpt":"En una destacada ceremonia celebrada el jueves 05 de septiembre, Casa de Campo Resort & Villas inform\u00f3 que ha alcanzado nuevos hitos en el ranking Great Place to Work, consolidando su posici\u00f3n como uno de los mejores lugares para trabajar en la Rep\u00fablica Dominicana y el Caribe.\u00a0 En la categor\u00eda\u2026","rel":"","context":"En \u00abCasa de Campo Resort &amp; Villas\u00bb","block_context":{"text":"Casa de Campo Resort &amp; Villas","link":"https:\/\/casadecampoliving.com\/es\/category\/casa-de-campo-resort-villas\/"},"img":{"alt_text":"","src":"https:\/\/i0.wp.com\/casadecampoliving.com\/wp-content\/uploads\/2024\/09\/Angelica-Guerrero.-Kitti-Belisario.-Yeidi-Rodriguez.-Samuel-Benitez.-Betsairy-Castillo.-Marie-Acosta-scaled.jpg?fit=1200%2C800&ssl=1&resize=350%2C200","width":350,"height":200,"srcset":"https:\/\/i0.wp.com\/casadecampoliving.com\/wp-content\/uploads\/2024\/09\/Angelica-Guerrero.-Kitti-Belisario.-Yeidi-Rodriguez.-Samuel-Benitez.-Betsairy-Castillo.-Marie-Acosta-scaled.jpg?fit=1200%2C800&ssl=1&resize=350%2C200 1x, https:\/\/i0.wp.com\/casadecampoliving.com\/wp-content\/uploads\/2024\/09\/Angelica-Guerrero.-Kitti-Belisario.-Yeidi-Rodriguez.-Samuel-Benitez.-Betsairy-Castillo.-Marie-Acosta-scaled.jpg?fit=1200%2C800&ssl=1&resize=525%2C300 1.5x, https:\/\/i0.wp.com\/casadecampoliving.com\/wp-content\/uploads\/2024\/09\/Angelica-Guerrero.-Kitti-Belisario.-Yeidi-Rodriguez.-Samuel-Benitez.-Betsairy-Castillo.-Marie-Acosta-scaled.jpg?fit=1200%2C800&ssl=1&resize=700%2C400 2x, https:\/\/i0.wp.com\/casadecampoliving.com\/wp-content\/uploads\/2024\/09\/Angelica-Guerrero.-Kitti-Belisario.-Yeidi-Rodriguez.-Samuel-Benitez.-Betsairy-Castillo.-Marie-Acosta-scaled.jpg?fit=1200%2C800&ssl=1&resize=1050%2C600 3x"},"classes":[]}],"jetpack_sharing_enabled":true,"_links":{"self":[{"href":"https:\/\/casadecampoliving.com\/es\/wp-json\/wp\/v2\/posts\/353786","targetHints":{"allow":["GET"]}}],"collection":[{"href":"https:\/\/casadecampoliving.com\/es\/wp-json\/wp\/v2\/posts"}],"about":[{"href":"https:\/\/casadecampoliving.com\/es\/wp-json\/wp\/v2\/types\/post"}],"author":[{"embeddable":true,"href":"https:\/\/casadecampoliving.com\/es\/wp-json\/wp\/v2\/users\/36791"}],"replies":[{"embeddable":true,"href":"https:\/\/casadecampoliving.com\/es\/wp-json\/wp\/v2\/comments?post=353786"}],"version-history":[{"count":0,"href":"https:\/\/casadecampoliving.com\/es\/wp-json\/wp\/v2\/posts\/353786\/revisions"}],"wp:featuredmedia":[{"embeddable":true,"href":"https:\/\/casadecampoliving.com\/es\/wp-json\/wp\/v2\/media\/331838"}],"wp:attachment":[{"href":"https:\/\/casadecampoliving.com\/es\/wp-json\/wp\/v2\/media?parent=353786"}],"wp:term":[{"taxonomy":"category","embeddable":true,"href":"https:\/\/casadecampoliving.com\/es\/wp-json\/wp\/v2\/categories?post=353786"},{"taxonomy":"post_tag","embeddable":true,"href":"https:\/\/casadecampoliving.com\/es\/wp-json\/wp\/v2\/tags?post=353786"},{"taxonomy":"newspack_spnsrs_tax","embeddable":true,"href":"https:\/\/casadecampoliving.com\/es\/wp-json\/wp\/v2\/newspack_spnsrs_tax?post=353786"}],"curies":[{"name":"wp","href":"https:\/\/api.w.org\/{rel}","templated":true}]}}