{"id":353737,"date":"2020-04-15T00:00:00","date_gmt":"2020-04-15T04:00:00","guid":{"rendered":"https:\/\/casadecampoliving.com\/en-memoria-de-el-artistico-jose-ignacio-morales-trabajar-en-casa-de-campo-marco-mi-vida\/"},"modified":"2022-10-21T19:06:17","modified_gmt":"2022-10-21T23:06:17","slug":"en-memoria-de-el-artistico-jose-ignacio-morales-trabajar-en-casa-de-campo-marco-mi-vida","status":"publish","type":"post","link":"https:\/\/casadecampoliving.com\/es\/en-memoria-de-el-artistico-jose-ignacio-morales-trabajar-en-casa-de-campo-marco-mi-vida\/","title":{"rendered":"En memoria de \u201cEl Artistico\u201d Jos\u00e9 Ignacio Morales \u201cTrabajar en Casa de Campo marc\u00f3 mi vida.\u201d"},"content":{"rendered":"\n<p>El artesano local \u201cEl Artistico\u201d Jos\u00e9 Ignacio Morales, quien con m\u00e1s de 40 a\u00f1os de experiencia tiene impresionantes estatuas, puertas, puertas y accesorios en toda Casa de Campo y Altos de Chav\u00f3n; de hecho, Jos\u00e9 Ignacio Morales comenz\u00f3 su carrera art\u00edstica en Casa de Campo con la decoraci\u00f3n de 5 villas, incluida la finca Casa de Campo de Fanjul, Casa Grande y la villa que anteriormente era propiedad de Oscar de la Renta. Hoy, luego del fallecimiento de \u201cEl Artistico\u201d el 14 de abril de 2020, compartimos con ustedes una entrevista que publicamos previamente en la revista TODO Casa de Campo, en 2014.<\/p>\n\n\n\n<blockquote><p>La gran mayor\u00eda de las figuras de metal que adornan los espacios p\u00fablicos de La Romana, Casa de Campo y en algunas otras partes del pa\u00eds llevan un sello distintivo. Esa etiqueta es de un talentoso herrero que, soportando las incesantes llamas ardientes del fuego, convierte lo que podr\u00eda ser chatarra en una espectacular obra de arte.<\/p><p>Esas piezas, algunas trabajadas en cobre, bronce, hierro, aluminio y aleaciones, pertenecen al trabajo distintivo de Jos\u00e9 Ignacio Morales, mejor conocido como \u201cEl Art\u00edstico\u201d, quien ha dedicado m\u00e1s de 38 a\u00f1os de su vida realizando l\u00e1mparas, estatuas, portones, puertas y monumentos; cualquier cosa que se le ocurra con estos materiales.<\/p><p>Morales nos cuenta que comenz\u00f3 a la edad de 12 a\u00f1os haciendo objetos decorativos con vasijas de metal, y que gracias a la admiraci\u00f3n que le ten\u00edan las personas de su comunidad, obtuvo su primer empleo en el antiguo Hotel Romana, elaborando repisa, marco de espejo, candelabros, entre otras cosas.<\/p><p>Sin embargo, el artista se\u00f1ala que fue en Altos de Chav\u00f3n donde pudo alcanzar la excelencia, trabajar en equipo y a aprender a darle un sentido interpretativo a su talento, logrando plasmar dise\u00f1os de \u00e9pocas art\u00edstica antiguas a cada una de sus piezas.<\/p><p>Morales comenz\u00f3 sus trabajos en Altos de Chav\u00f3n en los a\u00f1os 70s, justo cuando iniciaba el proyecto Casa de Campo. Al mismo tiempo, tambi\u00e9n confeccionaba objetos decorativos para las primeras casas que se instalaron all\u00ed. Entre ellas menciona la casa La Favorita, de la Familia Bludhorn, la del dise\u00f1ador Oscar de la Renta, La Palapa, del se\u00f1or Dino De Laurentiis y la de la actriz italiana Silvana Mangano.<\/p><figure><img decoding=\"async\" loading=\"lazy\" class=\"aligncenter size-full wp-image-204947\" src=\"https:\/\/i0.wp.com\/casadecampoliving.com\/wp-content\/uploads\/2022\/10\/IMG_3669.jpg?resize=1000%2C750&amp;ssl=1\" alt=\"\" width=\"1000\" height=\"750\"><\/figure><p>Los trabajos de El Art\u00edstico en Altos de Chav\u00f3n duraron ocho a\u00f1os. Gracias al ingenio de su dise\u00f1ador Roberto Coppa, \u00e9l realiz\u00f3 La Cruz de la Iglesia, la puerta, la famosa fuente de pescado, barandas, y otros numerosos, \u00fanicos y llamativos detalles esparcidos en toda la \u201cciudad\u201d.<\/p><p><em><strong>\u201cA Altos de Chav\u00f3n se le dio el estilo de un trabajo de hierro forjado que se hac\u00eda en Roma. Era muy dif\u00edcil de hacer. Lo hac\u00edan los grandes maestros\u201d<\/strong><\/em>, dice Morales, quien en ese entonces tuvo que dirigir a un equipo de 200 hombres.<\/p><p>Seg\u00fan Morales la obra m\u00e1s interesante que realiz\u00f3 dentro de Chav\u00f3n fue la puerta de la iglesia.&nbsp;<em><strong>\u201cEsa fue la que m\u00e1s me marc\u00f3, porque poder lograr pasar una barra por dentro de otra del mismo grueso, sin haber recibido ense\u00f1anza de esos maestros\u2026 ah\u00ed fue que gradu\u00e9\u201d.<\/strong><\/em><\/p><p><em><strong>\u201cCada detalle de Chav\u00f3n es \u00fanico. Por ejemplo, las cruces de la iglesia se derriti\u00f3 en la parte de arriba cuando la estaba moldeando, y en ese momento hablaba con Roberto Coppa y le dije que se me da\u00f1\u00f3 y \u00e9l me dijo: \u2018no, se arregl\u00f3, porque ahora parece que est\u00e1 corro\u00edda por el tiempo, por los a\u00f1os\u2019, y as\u00ed mismo la puso y se convirti\u00f3 en una obra de arte\u201d<\/strong><\/em>, record\u00f3 muy entusiasmado.<\/p><figure><img decoding=\"async\" loading=\"lazy\" class=\"aligncenter size-full wp-image-204943\" src=\"https:\/\/i0.wp.com\/casadecampoliving.com\/wp-content\/uploads\/2022\/10\/P4240153.jpg?resize=1000%2C605&amp;ssl=1\" alt=\"\" width=\"1000\" height=\"605\"><\/figure><p>Para lograr la vistosidad de su trabajo, Morales ha tenido que estudiar dise\u00f1os de \u00e9pocas anteriores y en el mismo, impregnar su propio estilo, el cual es reconocido tanto dentro y fuera del pa\u00eds.<\/p><p><em><strong>\u201cEn Altos de Chav\u00f3n fue que yo comenc\u00e9 a interpretar ideas. Para m\u00ed fue mi escuela, tanto en la formaci\u00f3n profesional y en la interpretaci\u00f3n con el cliente\u201d<\/strong><\/em>, explica Morales.<\/p><p>Este hombre se siente muy agradecido por algunas personas que lo han apoyado a lo largo de su carrera. Entre ellos resalta al dise\u00f1ador Roberto Coppa al presidente de Casa de Campo, Doctor Claudio Silvestri y a otras distinguidas familias forjadoras del proyecto como la Fanjul, la Bonetti, entre otras.<\/p><p>Sus primeros trabajos en el resort Casa de Campo fue en Casa Grande y en la del dise\u00f1ador dominicano Oscar de la Renta.&nbsp;<em><strong>\u201cRecuerdo que eran casas muy bonitas, y le confeccion\u00e9 todo tipo de l\u00e1mparas, detalles para colgar en la pared, floreros, marco de espejos, entre otros\u201d<\/strong><\/em>.<\/p><p><em><strong>\u201cTrabajar en Casa de Campo marc\u00f3 mi vida. El 80% de las villas de Casa de Campo la hemos trabajado\u201d<\/strong><\/em>, asegura Morales muy orgulloso.<\/p><\/blockquote>\n\n\n\n<p><em>Para leer la entrevista completa, puede hacer clic a continuaci\u00f3n. En honor a \u201cEl Artistico\u201d Jos\u00e9 Ignacio Morales, que nosotros, la comunidad de Casa de Campo y todos los que lo amamos en todo el pa\u00eds sigamos apoyando y amando a su familia, negocios y su fundaci\u00f3n, para que su concepto y amor por el arte contin\u00faen prosperando y vive en memoria de un hombre que persigui\u00f3 sus sue\u00f1os.<\/em><\/p>\n\n\n\n<blockquote><h1 class=\"post-title entry-title left\"><a href=\"https:\/\/casadecampoliving.com\/es\/entrevista-con-el-artistico-artista-original-de-chavon\/\" target=\"_blank\" rel=\"noopener noreferrer\">Entrevista con El Art\u00edstico, artista original de Chav\u00f3n<\/a><\/h1><figure><img decoding=\"async\" data-attachment-id=\"204940\" data-permalink=\"https:\/\/casadecampoliving.com\/es\/4832637815_e455770868_o-2\/\" data-orig-file=\"https:\/\/i0.wp.com\/casadecampoliving.com\/wp-content\/uploads\/2020\/04\/4832637815_e455770868_o.jpg?fit=1000%2C676&amp;ssl=1\" data-orig-size=\"1000,676\" data-comments-opened=\"0\" data-image-meta=\"{&quot;aperture&quot;:&quot;0&quot;,&quot;credit&quot;:&quot;&quot;,&quot;camera&quot;:&quot;&quot;,&quot;caption&quot;:&quot;&quot;,&quot;created_timestamp&quot;:&quot;0&quot;,&quot;copyright&quot;:&quot;&quot;,&quot;focal_length&quot;:&quot;0&quot;,&quot;iso&quot;:&quot;0&quot;,&quot;shutter_speed&quot;:&quot;0&quot;,&quot;title&quot;:&quot;&quot;,&quot;orientation&quot;:&quot;1&quot;}\" data-image-title=\"4832637815_e455770868_o\" data-image-description=\"\" data-image-caption=\"\" data-large-file=\"https:\/\/i0.wp.com\/casadecampoliving.com\/wp-content\/uploads\/2020\/04\/4832637815_e455770868_o.jpg?fit=1000%2C676&amp;ssl=1\" loading=\"lazy\" class=\"aligncenter size-full wp-image-204940\" src=\"https:\/\/i0.wp.com\/casadecampoliving.com\/wp-content\/uploads\/2022\/10\/4832637815_e455770868_o.jpg?resize=1000%2C676&amp;ssl=1\" alt=\"\" width=\"1000\" height=\"676\"><\/figure><h1 class=\"post-title entry-title left\">&nbsp;<\/h1><\/blockquote>\n\n\n\n<div id=\"post-info-wrap\" class=\"left relative\">\n<div class=\"post-info-out\">&nbsp;<\/div>\n<\/div>\n","protected":false},"excerpt":{"rendered":"<p>El artesano local \u201cEl Artistico\u201d Jos\u00e9 Ignacio Morales, quien con m\u00e1s de 40 a\u00f1os de experiencia tiene impresionantes estatuas, puertas, puertas y accesorios en toda Casa de Campo y Altos de Chav\u00f3n; de hecho, Jos\u00e9 Ignacio Morales comenz\u00f3 su carrera art\u00edstica en Casa de Campo con la decoraci\u00f3n de 5 villas, incluida la finca Casa [&hellip;]<\/p>\n","protected":false},"author":36791,"featured_media":312604,"comment_status":"closed","ping_status":"open","sticky":false,"template":"","format":"standard","meta":{"newspack_ads_suppress_ads":false,"newspack_popups_has_disabled_popups":false,"newspack_sponsor_sponsorship_scope":"","newspack_sponsor_native_byline_display":"inherit","newspack_sponsor_native_category_display":"inherit","newspack_sponsor_underwriter_style":"inherit","newspack_sponsor_underwriter_placement":"inherit","_newspack_byline_active":false,"_newspack_byline":"","newspack_hide_updated_date":false,"newspack_show_updated_date":false,"newspack_content_restriction_is_exempt":false,"newspack_featured_image_position":"","newspack_post_subtitle":"","newspack_article_summary_title":"Overview:","newspack_article_summary":"","_jetpack_memberships_contains_paid_content":false,"footnotes":"","jetpack_publicize_message":"","jetpack_publicize_feature_enabled":true,"jetpack_social_post_already_shared":false,"jetpack_social_options":{"image_generator_settings":{"template":"highway","default_image_id":0,"font":"","enabled":false},"version":2},"_wpas_customize_per_network":false},"categories":[26819,26823,26936,2521],"tags":[15387,3626,8094,24387,6371,10457,21650,14736,10458],"newspack_spnsrs_tax":[],"class_list":["post-353737","post","type-post","status-publish","format-standard","has-post-thumbnail","hentry","category-altos-de-chavon-es","category-arte-y-cultura","category-casa-de-campo-living-es","category-republica-dominicana-2","tag-altos-de-chavon-es","tag-casa-de-campo-es","tag-casa-de-campo-community-es","tag-casa-de-campo-living-es","tag-casa-de-campo-resort-es","tag-el-artistico-es","tag-en-memoria","tag-featured-topview-es","tag-jose-ignacio-morales-es","entry"],"yoast_head":"<!-- This site is optimized with the Yoast SEO plugin v27.4 - https:\/\/yoast.com\/product\/yoast-seo-wordpress\/ -->\n<title>En memoria de \u201cEl Artistico\u201d Jos\u00e9 Ignacio Morales \u201cTrabajar en Casa de Campo marc\u00f3 mi vida.\u201d | Casa de Campo Living<\/title>\n<meta name=\"description\" content=\"El artesano local \u201cEl Artistico\u201d Jos\u00e9 Ignacio Morales, quien con m\u00e1s de 40 a\u00f1os de experiencia tiene impresionantes estatuas, puertas, puertas y\" \/>\n<meta name=\"robots\" content=\"index, follow, max-snippet:-1, max-image-preview:large, max-video-preview:-1\" \/>\n<link rel=\"canonical\" href=\"https:\/\/casadecampoliving.com\/es\/en-memoria-de-el-artistico-jose-ignacio-morales-trabajar-en-casa-de-campo-marco-mi-vida\/\" \/>\n<meta property=\"og:locale\" content=\"es_ES\" \/>\n<meta property=\"og:type\" content=\"article\" \/>\n<meta property=\"og:title\" content=\"En memoria de \u201cEl Artistico\u201d Jos\u00e9 Ignacio Morales \u201cTrabajar en Casa de Campo marc\u00f3 mi vida.\u201d | Casa de Campo Living\" \/>\n<meta property=\"og:description\" content=\"El artesano local \u201cEl Artistico\u201d Jos\u00e9 Ignacio Morales, quien con m\u00e1s de 40 a\u00f1os de experiencia tiene impresionantes estatuas, puertas, puertas y\" \/>\n<meta property=\"og:url\" content=\"https:\/\/casadecampoliving.com\/es\/en-memoria-de-el-artistico-jose-ignacio-morales-trabajar-en-casa-de-campo-marco-mi-vida\/\" \/>\n<meta property=\"og:site_name\" content=\"Casa de Campo Living\" \/>\n<meta property=\"article:publisher\" content=\"https:\/\/www.facebook.com\/casadecampoliving\" \/>\n<meta property=\"article:published_time\" content=\"2020-04-15T04:00:00+00:00\" \/>\n<meta property=\"article:modified_time\" content=\"2022-10-21T23:06:17+00:00\" \/>\n<meta property=\"og:image\" content=\"https:\/\/i0.wp.com\/casadecampoliving.com\/wp-content\/uploads\/2022\/10\/P4240153.jpg?fit=1000%2C605&ssl=1\" \/>\n\t<meta property=\"og:image:width\" content=\"1000\" \/>\n\t<meta property=\"og:image:height\" content=\"605\" \/>\n\t<meta property=\"og:image:type\" content=\"image\/jpeg\" \/>\n<meta name=\"author\" content=\"Casa de Campo Living\" \/>\n<meta name=\"twitter:card\" content=\"summary_large_image\" \/>\n<meta name=\"twitter:creator\" content=\"@cdcliving\" \/>\n<meta name=\"twitter:site\" content=\"@cdcliving\" \/>\n<meta name=\"twitter:label1\" content=\"Escrito por\" \/>\n\t<meta name=\"twitter:data1\" content=\"Casa de Campo Living\" \/>\n\t<meta name=\"twitter:label2\" content=\"Tiempo de lectura\" \/>\n\t<meta name=\"twitter:data2\" content=\"4 minutos\" \/>\n<script type=\"application\/ld+json\" class=\"yoast-schema-graph\">{\"@context\":\"https:\\\/\\\/schema.org\",\"@graph\":[{\"@type\":\"Article\",\"@id\":\"https:\\\/\\\/casadecampoliving.com\\\/es\\\/en-memoria-de-el-artistico-jose-ignacio-morales-trabajar-en-casa-de-campo-marco-mi-vida\\\/#article\",\"isPartOf\":{\"@id\":\"https:\\\/\\\/casadecampoliving.com\\\/es\\\/en-memoria-de-el-artistico-jose-ignacio-morales-trabajar-en-casa-de-campo-marco-mi-vida\\\/\"},\"author\":{\"name\":\"Casa de Campo Living\",\"@id\":\"https:\\\/\\\/casadecampoliving.com\\\/es\\\/#\\\/schema\\\/person\\\/5d2171637a9d11e0e43ce6b8555f9422\"},\"headline\":\"En memoria de \u201cEl Artistico\u201d Jos\u00e9 Ignacio Morales \u201cTrabajar en Casa de Campo marc\u00f3 mi vida.\u201d\",\"datePublished\":\"2020-04-15T04:00:00+00:00\",\"dateModified\":\"2022-10-21T23:06:17+00:00\",\"mainEntityOfPage\":{\"@id\":\"https:\\\/\\\/casadecampoliving.com\\\/es\\\/en-memoria-de-el-artistico-jose-ignacio-morales-trabajar-en-casa-de-campo-marco-mi-vida\\\/\"},\"wordCount\":915,\"publisher\":{\"@id\":\"https:\\\/\\\/casadecampoliving.com\\\/es\\\/#organization\"},\"image\":{\"@id\":\"https:\\\/\\\/casadecampoliving.com\\\/es\\\/en-memoria-de-el-artistico-jose-ignacio-morales-trabajar-en-casa-de-campo-marco-mi-vida\\\/#primaryimage\"},\"thumbnailUrl\":\"https:\\\/\\\/i0.wp.com\\\/casadecampoliving.com\\\/wp-content\\\/uploads\\\/2022\\\/10\\\/P4240153.jpg?fit=1000%2C605&ssl=1\",\"keywords\":[\"Altos de Chavon\",\"casa de campo @es\",\"Casa de Campo Community @es\",\"Casa de Campo Living\",\"casa de campo resort @es\",\"El Artistico @es\",\"en memoria\",\"Featured-TopView @es\",\"Jose ignacio Morales @es\"],\"articleSection\":[\"Altos de Chavon @es\",\"Arte y cultura\",\"Casa de Campo Living @es\",\"Rep\u00fablica Dominicana @es\"],\"inLanguage\":\"es\"},{\"@type\":\"WebPage\",\"@id\":\"https:\\\/\\\/casadecampoliving.com\\\/es\\\/en-memoria-de-el-artistico-jose-ignacio-morales-trabajar-en-casa-de-campo-marco-mi-vida\\\/\",\"url\":\"https:\\\/\\\/casadecampoliving.com\\\/es\\\/en-memoria-de-el-artistico-jose-ignacio-morales-trabajar-en-casa-de-campo-marco-mi-vida\\\/\",\"name\":\"En memoria de \u201cEl Artistico\u201d Jos\u00e9 Ignacio Morales \u201cTrabajar en Casa de Campo marc\u00f3 mi vida.\u201d | Casa de Campo Living\",\"isPartOf\":{\"@id\":\"https:\\\/\\\/casadecampoliving.com\\\/es\\\/#website\"},\"primaryImageOfPage\":{\"@id\":\"https:\\\/\\\/casadecampoliving.com\\\/es\\\/en-memoria-de-el-artistico-jose-ignacio-morales-trabajar-en-casa-de-campo-marco-mi-vida\\\/#primaryimage\"},\"image\":{\"@id\":\"https:\\\/\\\/casadecampoliving.com\\\/es\\\/en-memoria-de-el-artistico-jose-ignacio-morales-trabajar-en-casa-de-campo-marco-mi-vida\\\/#primaryimage\"},\"thumbnailUrl\":\"https:\\\/\\\/i0.wp.com\\\/casadecampoliving.com\\\/wp-content\\\/uploads\\\/2022\\\/10\\\/P4240153.jpg?fit=1000%2C605&ssl=1\",\"datePublished\":\"2020-04-15T04:00:00+00:00\",\"dateModified\":\"2022-10-21T23:06:17+00:00\",\"description\":\"El artesano local \u201cEl Artistico\u201d Jos\u00e9 Ignacio Morales, quien con m\u00e1s de 40 a\u00f1os de experiencia tiene impresionantes estatuas, puertas, puertas y\",\"breadcrumb\":{\"@id\":\"https:\\\/\\\/casadecampoliving.com\\\/es\\\/en-memoria-de-el-artistico-jose-ignacio-morales-trabajar-en-casa-de-campo-marco-mi-vida\\\/#breadcrumb\"},\"inLanguage\":\"es\",\"potentialAction\":[{\"@type\":\"ReadAction\",\"target\":[\"https:\\\/\\\/casadecampoliving.com\\\/es\\\/en-memoria-de-el-artistico-jose-ignacio-morales-trabajar-en-casa-de-campo-marco-mi-vida\\\/\"]}]},{\"@type\":\"ImageObject\",\"inLanguage\":\"es\",\"@id\":\"https:\\\/\\\/casadecampoliving.com\\\/es\\\/en-memoria-de-el-artistico-jose-ignacio-morales-trabajar-en-casa-de-campo-marco-mi-vida\\\/#primaryimage\",\"url\":\"https:\\\/\\\/i0.wp.com\\\/casadecampoliving.com\\\/wp-content\\\/uploads\\\/2022\\\/10\\\/P4240153.jpg?fit=1000%2C605&ssl=1\",\"contentUrl\":\"https:\\\/\\\/i0.wp.com\\\/casadecampoliving.com\\\/wp-content\\\/uploads\\\/2022\\\/10\\\/P4240153.jpg?fit=1000%2C605&ssl=1\",\"width\":1000,\"height\":605,\"caption\":\"OLYMPUS DIGITAL CAMERA\"},{\"@type\":\"BreadcrumbList\",\"@id\":\"https:\\\/\\\/casadecampoliving.com\\\/es\\\/en-memoria-de-el-artistico-jose-ignacio-morales-trabajar-en-casa-de-campo-marco-mi-vida\\\/#breadcrumb\",\"itemListElement\":[{\"@type\":\"ListItem\",\"position\":1,\"name\":\"Home\",\"item\":\"https:\\\/\\\/casadecampoliving.com\\\/es\\\/\"},{\"@type\":\"ListItem\",\"position\":2,\"name\":\"En memoria de \u201cEl Artistico\u201d Jos\u00e9 Ignacio Morales \u201cTrabajar en Casa de Campo marc\u00f3 mi vida.\u201d\"}]},{\"@type\":\"WebSite\",\"@id\":\"https:\\\/\\\/casadecampoliving.com\\\/es\\\/#website\",\"url\":\"https:\\\/\\\/casadecampoliving.com\\\/es\\\/\",\"name\":\"Casa de Campo Living\",\"description\":\"Resort community news and resources.\",\"publisher\":{\"@id\":\"https:\\\/\\\/casadecampoliving.com\\\/es\\\/#organization\"},\"potentialAction\":[{\"@type\":\"SearchAction\",\"target\":{\"@type\":\"EntryPoint\",\"urlTemplate\":\"https:\\\/\\\/casadecampoliving.com\\\/es\\\/?s={search_term_string}\"},\"query-input\":{\"@type\":\"PropertyValueSpecification\",\"valueRequired\":true,\"valueName\":\"search_term_string\"}}],\"inLanguage\":\"es\"},{\"@type\":\"Organization\",\"@id\":\"https:\\\/\\\/casadecampoliving.com\\\/es\\\/#organization\",\"name\":\"Casa de Campo Living\",\"url\":\"https:\\\/\\\/casadecampoliving.com\\\/es\\\/\",\"logo\":{\"@type\":\"ImageObject\",\"inLanguage\":\"es\",\"@id\":\"https:\\\/\\\/casadecampoliving.com\\\/es\\\/#\\\/schema\\\/logo\\\/image\\\/\",\"url\":\"https:\\\/\\\/i0.wp.com\\\/casadecampoliving.com\\\/wp-content\\\/uploads\\\/2022\\\/07\\\/CDCLivingLogo_V1-white-sized.png?fit=800%2C214&ssl=1\",\"contentUrl\":\"https:\\\/\\\/i0.wp.com\\\/casadecampoliving.com\\\/wp-content\\\/uploads\\\/2022\\\/07\\\/CDCLivingLogo_V1-white-sized.png?fit=800%2C214&ssl=1\",\"width\":800,\"height\":214,\"caption\":\"Casa de Campo Living\"},\"image\":{\"@id\":\"https:\\\/\\\/casadecampoliving.com\\\/es\\\/#\\\/schema\\\/logo\\\/image\\\/\"},\"sameAs\":[\"https:\\\/\\\/www.facebook.com\\\/casadecampoliving\",\"https:\\\/\\\/x.com\\\/cdcliving\"]},{\"@type\":\"Person\",\"@id\":\"https:\\\/\\\/casadecampoliving.com\\\/es\\\/#\\\/schema\\\/person\\\/5d2171637a9d11e0e43ce6b8555f9422\",\"name\":\"Casa de Campo Living\",\"image\":{\"@type\":\"ImageObject\",\"inLanguage\":\"es\",\"@id\":\"https:\\\/\\\/secure.gravatar.com\\\/avatar\\\/d04101fa4a9fd431e939953b1500fdc7a73cd35029f86d98712fd8ccdaebaf9a?s=96&d=mm&r=g\",\"url\":\"https:\\\/\\\/secure.gravatar.com\\\/avatar\\\/d04101fa4a9fd431e939953b1500fdc7a73cd35029f86d98712fd8ccdaebaf9a?s=96&d=mm&r=g\",\"contentUrl\":\"https:\\\/\\\/secure.gravatar.com\\\/avatar\\\/d04101fa4a9fd431e939953b1500fdc7a73cd35029f86d98712fd8ccdaebaf9a?s=96&d=mm&r=g\",\"caption\":\"Casa de Campo Living\"},\"url\":\"https:\\\/\\\/casadecampoliving.com\\\/es\\\/author\\\/casa-de-campo-living\\\/\"}]}<\/script>\n<!-- \/ Yoast SEO plugin. -->","yoast_head_json":{"title":"En memoria de \u201cEl Artistico\u201d Jos\u00e9 Ignacio Morales \u201cTrabajar en Casa de Campo marc\u00f3 mi vida.\u201d | Casa de Campo Living","description":"El artesano local \u201cEl Artistico\u201d Jos\u00e9 Ignacio Morales, quien con m\u00e1s de 40 a\u00f1os de experiencia tiene impresionantes estatuas, puertas, puertas y","robots":{"index":"index","follow":"follow","max-snippet":"max-snippet:-1","max-image-preview":"max-image-preview:large","max-video-preview":"max-video-preview:-1"},"canonical":"https:\/\/casadecampoliving.com\/es\/en-memoria-de-el-artistico-jose-ignacio-morales-trabajar-en-casa-de-campo-marco-mi-vida\/","og_locale":"es_ES","og_type":"article","og_title":"En memoria de \u201cEl Artistico\u201d Jos\u00e9 Ignacio Morales \u201cTrabajar en Casa de Campo marc\u00f3 mi vida.\u201d | Casa de Campo Living","og_description":"El artesano local \u201cEl Artistico\u201d Jos\u00e9 Ignacio Morales, quien con m\u00e1s de 40 a\u00f1os de experiencia tiene impresionantes estatuas, puertas, puertas y","og_url":"https:\/\/casadecampoliving.com\/es\/en-memoria-de-el-artistico-jose-ignacio-morales-trabajar-en-casa-de-campo-marco-mi-vida\/","og_site_name":"Casa de Campo Living","article_publisher":"https:\/\/www.facebook.com\/casadecampoliving","article_published_time":"2020-04-15T04:00:00+00:00","article_modified_time":"2022-10-21T23:06:17+00:00","og_image":[{"width":1000,"height":605,"url":"https:\/\/i0.wp.com\/casadecampoliving.com\/wp-content\/uploads\/2022\/10\/P4240153.jpg?fit=1000%2C605&ssl=1","type":"image\/jpeg"}],"author":"Casa de Campo Living","twitter_card":"summary_large_image","twitter_creator":"@cdcliving","twitter_site":"@cdcliving","twitter_misc":{"Escrito por":"Casa de Campo Living","Tiempo de lectura":"4 minutos"},"schema":{"@context":"https:\/\/schema.org","@graph":[{"@type":"Article","@id":"https:\/\/casadecampoliving.com\/es\/en-memoria-de-el-artistico-jose-ignacio-morales-trabajar-en-casa-de-campo-marco-mi-vida\/#article","isPartOf":{"@id":"https:\/\/casadecampoliving.com\/es\/en-memoria-de-el-artistico-jose-ignacio-morales-trabajar-en-casa-de-campo-marco-mi-vida\/"},"author":{"name":"Casa de Campo Living","@id":"https:\/\/casadecampoliving.com\/es\/#\/schema\/person\/5d2171637a9d11e0e43ce6b8555f9422"},"headline":"En memoria de \u201cEl Artistico\u201d Jos\u00e9 Ignacio Morales \u201cTrabajar en Casa de Campo marc\u00f3 mi vida.\u201d","datePublished":"2020-04-15T04:00:00+00:00","dateModified":"2022-10-21T23:06:17+00:00","mainEntityOfPage":{"@id":"https:\/\/casadecampoliving.com\/es\/en-memoria-de-el-artistico-jose-ignacio-morales-trabajar-en-casa-de-campo-marco-mi-vida\/"},"wordCount":915,"publisher":{"@id":"https:\/\/casadecampoliving.com\/es\/#organization"},"image":{"@id":"https:\/\/casadecampoliving.com\/es\/en-memoria-de-el-artistico-jose-ignacio-morales-trabajar-en-casa-de-campo-marco-mi-vida\/#primaryimage"},"thumbnailUrl":"https:\/\/i0.wp.com\/casadecampoliving.com\/wp-content\/uploads\/2022\/10\/P4240153.jpg?fit=1000%2C605&ssl=1","keywords":["Altos de Chavon","casa de campo @es","Casa de Campo Community @es","Casa de Campo Living","casa de campo resort @es","El Artistico @es","en memoria","Featured-TopView @es","Jose ignacio Morales @es"],"articleSection":["Altos de Chavon @es","Arte y cultura","Casa de Campo Living @es","Rep\u00fablica Dominicana @es"],"inLanguage":"es"},{"@type":"WebPage","@id":"https:\/\/casadecampoliving.com\/es\/en-memoria-de-el-artistico-jose-ignacio-morales-trabajar-en-casa-de-campo-marco-mi-vida\/","url":"https:\/\/casadecampoliving.com\/es\/en-memoria-de-el-artistico-jose-ignacio-morales-trabajar-en-casa-de-campo-marco-mi-vida\/","name":"En memoria de \u201cEl Artistico\u201d Jos\u00e9 Ignacio Morales \u201cTrabajar en Casa de Campo marc\u00f3 mi vida.\u201d | Casa de Campo Living","isPartOf":{"@id":"https:\/\/casadecampoliving.com\/es\/#website"},"primaryImageOfPage":{"@id":"https:\/\/casadecampoliving.com\/es\/en-memoria-de-el-artistico-jose-ignacio-morales-trabajar-en-casa-de-campo-marco-mi-vida\/#primaryimage"},"image":{"@id":"https:\/\/casadecampoliving.com\/es\/en-memoria-de-el-artistico-jose-ignacio-morales-trabajar-en-casa-de-campo-marco-mi-vida\/#primaryimage"},"thumbnailUrl":"https:\/\/i0.wp.com\/casadecampoliving.com\/wp-content\/uploads\/2022\/10\/P4240153.jpg?fit=1000%2C605&ssl=1","datePublished":"2020-04-15T04:00:00+00:00","dateModified":"2022-10-21T23:06:17+00:00","description":"El artesano local \u201cEl Artistico\u201d Jos\u00e9 Ignacio Morales, quien con m\u00e1s de 40 a\u00f1os de experiencia tiene impresionantes estatuas, puertas, puertas y","breadcrumb":{"@id":"https:\/\/casadecampoliving.com\/es\/en-memoria-de-el-artistico-jose-ignacio-morales-trabajar-en-casa-de-campo-marco-mi-vida\/#breadcrumb"},"inLanguage":"es","potentialAction":[{"@type":"ReadAction","target":["https:\/\/casadecampoliving.com\/es\/en-memoria-de-el-artistico-jose-ignacio-morales-trabajar-en-casa-de-campo-marco-mi-vida\/"]}]},{"@type":"ImageObject","inLanguage":"es","@id":"https:\/\/casadecampoliving.com\/es\/en-memoria-de-el-artistico-jose-ignacio-morales-trabajar-en-casa-de-campo-marco-mi-vida\/#primaryimage","url":"https:\/\/i0.wp.com\/casadecampoliving.com\/wp-content\/uploads\/2022\/10\/P4240153.jpg?fit=1000%2C605&ssl=1","contentUrl":"https:\/\/i0.wp.com\/casadecampoliving.com\/wp-content\/uploads\/2022\/10\/P4240153.jpg?fit=1000%2C605&ssl=1","width":1000,"height":605,"caption":"OLYMPUS DIGITAL CAMERA"},{"@type":"BreadcrumbList","@id":"https:\/\/casadecampoliving.com\/es\/en-memoria-de-el-artistico-jose-ignacio-morales-trabajar-en-casa-de-campo-marco-mi-vida\/#breadcrumb","itemListElement":[{"@type":"ListItem","position":1,"name":"Home","item":"https:\/\/casadecampoliving.com\/es\/"},{"@type":"ListItem","position":2,"name":"En memoria de \u201cEl Artistico\u201d Jos\u00e9 Ignacio Morales \u201cTrabajar en Casa de Campo marc\u00f3 mi vida.\u201d"}]},{"@type":"WebSite","@id":"https:\/\/casadecampoliving.com\/es\/#website","url":"https:\/\/casadecampoliving.com\/es\/","name":"Casa de Campo Living","description":"Resort community news and resources.","publisher":{"@id":"https:\/\/casadecampoliving.com\/es\/#organization"},"potentialAction":[{"@type":"SearchAction","target":{"@type":"EntryPoint","urlTemplate":"https:\/\/casadecampoliving.com\/es\/?s={search_term_string}"},"query-input":{"@type":"PropertyValueSpecification","valueRequired":true,"valueName":"search_term_string"}}],"inLanguage":"es"},{"@type":"Organization","@id":"https:\/\/casadecampoliving.com\/es\/#organization","name":"Casa de Campo Living","url":"https:\/\/casadecampoliving.com\/es\/","logo":{"@type":"ImageObject","inLanguage":"es","@id":"https:\/\/casadecampoliving.com\/es\/#\/schema\/logo\/image\/","url":"https:\/\/i0.wp.com\/casadecampoliving.com\/wp-content\/uploads\/2022\/07\/CDCLivingLogo_V1-white-sized.png?fit=800%2C214&ssl=1","contentUrl":"https:\/\/i0.wp.com\/casadecampoliving.com\/wp-content\/uploads\/2022\/07\/CDCLivingLogo_V1-white-sized.png?fit=800%2C214&ssl=1","width":800,"height":214,"caption":"Casa de Campo Living"},"image":{"@id":"https:\/\/casadecampoliving.com\/es\/#\/schema\/logo\/image\/"},"sameAs":["https:\/\/www.facebook.com\/casadecampoliving","https:\/\/x.com\/cdcliving"]},{"@type":"Person","@id":"https:\/\/casadecampoliving.com\/es\/#\/schema\/person\/5d2171637a9d11e0e43ce6b8555f9422","name":"Casa de Campo Living","image":{"@type":"ImageObject","inLanguage":"es","@id":"https:\/\/secure.gravatar.com\/avatar\/d04101fa4a9fd431e939953b1500fdc7a73cd35029f86d98712fd8ccdaebaf9a?s=96&d=mm&r=g","url":"https:\/\/secure.gravatar.com\/avatar\/d04101fa4a9fd431e939953b1500fdc7a73cd35029f86d98712fd8ccdaebaf9a?s=96&d=mm&r=g","contentUrl":"https:\/\/secure.gravatar.com\/avatar\/d04101fa4a9fd431e939953b1500fdc7a73cd35029f86d98712fd8ccdaebaf9a?s=96&d=mm&r=g","caption":"Casa de Campo Living"},"url":"https:\/\/casadecampoliving.com\/es\/author\/casa-de-campo-living\/"}]}},"parsely":{"version":"1.1.0","canonical_url":"https:\/\/casadecampoliving.com\/es\/en-memoria-de-el-artistico-jose-ignacio-morales-trabajar-en-casa-de-campo-marco-mi-vida\/","smart_links":{"inbound":0,"outbound":0},"traffic_boost_suggestions_count":0,"meta":{"@context":"https:\/\/schema.org","@type":"NewsArticle","headline":"En memoria de \u201cEl Artistico\u201d Jos\u00e9 Ignacio Morales \u201cTrabajar en Casa de Campo marc\u00f3 mi vida.\u201d","url":"http:\/\/casadecampoliving.com\/es\/en-memoria-de-el-artistico-jose-ignacio-morales-trabajar-en-casa-de-campo-marco-mi-vida\/","mainEntityOfPage":{"@type":"WebPage","@id":"http:\/\/casadecampoliving.com\/es\/en-memoria-de-el-artistico-jose-ignacio-morales-trabajar-en-casa-de-campo-marco-mi-vida\/"},"thumbnailUrl":"https:\/\/i0.wp.com\/casadecampoliving.com\/wp-content\/uploads\/2022\/10\/P4240153.jpg?resize=150%2C150&ssl=1","image":{"@type":"ImageObject","url":"https:\/\/i0.wp.com\/casadecampoliving.com\/wp-content\/uploads\/2022\/10\/P4240153.jpg?fit=1000%2C605&ssl=1"},"articleSection":"Altos de Chavon @es","author":[{"@type":"Person","name":"Casa de Campo Living"}],"creator":["Casa de Campo Living"],"publisher":{"@type":"Organization","name":"Casa de Campo Living","logo":"https:\/\/casadecampoliving.com\/wp-content\/uploads\/2022\/07\/CDCLivingLogo_V1-white-sized.png"},"keywords":["altos de chavon","casa de campo @es","casa de campo community @es","casa de campo living","casa de campo resort @es","el artistico @es","en memoria","featured-topview @es","jose ignacio morales @es"],"dateCreated":"2020-04-15T04:00:00Z","datePublished":"2020-04-15T04:00:00Z","dateModified":"2022-10-21T23:06:17Z"},"rendered":"<script type=\"application\/ld+json\" class=\"wp-parsely-metadata\">{\"@context\":\"https:\\\/\\\/schema.org\",\"@type\":\"NewsArticle\",\"headline\":\"En memoria de \\u201cEl Artistico\\u201d Jos\\u00e9 Ignacio Morales \\u201cTrabajar en Casa de Campo marc\\u00f3 mi vida.\\u201d\",\"url\":\"http:\\\/\\\/casadecampoliving.com\\\/es\\\/en-memoria-de-el-artistico-jose-ignacio-morales-trabajar-en-casa-de-campo-marco-mi-vida\\\/\",\"mainEntityOfPage\":{\"@type\":\"WebPage\",\"@id\":\"http:\\\/\\\/casadecampoliving.com\\\/es\\\/en-memoria-de-el-artistico-jose-ignacio-morales-trabajar-en-casa-de-campo-marco-mi-vida\\\/\"},\"thumbnailUrl\":\"https:\\\/\\\/i0.wp.com\\\/casadecampoliving.com\\\/wp-content\\\/uploads\\\/2022\\\/10\\\/P4240153.jpg?resize=150%2C150&ssl=1\",\"image\":{\"@type\":\"ImageObject\",\"url\":\"https:\\\/\\\/i0.wp.com\\\/casadecampoliving.com\\\/wp-content\\\/uploads\\\/2022\\\/10\\\/P4240153.jpg?fit=1000%2C605&ssl=1\"},\"articleSection\":\"Altos de Chavon @es\",\"author\":[{\"@type\":\"Person\",\"name\":\"Casa de Campo Living\"}],\"creator\":[\"Casa de Campo Living\"],\"publisher\":{\"@type\":\"Organization\",\"name\":\"Casa de Campo Living\",\"logo\":\"https:\\\/\\\/casadecampoliving.com\\\/wp-content\\\/uploads\\\/2022\\\/07\\\/CDCLivingLogo_V1-white-sized.png\"},\"keywords\":[\"altos de chavon\",\"casa de campo @es\",\"casa de campo community @es\",\"casa de campo living\",\"casa de campo resort @es\",\"el artistico @es\",\"en memoria\",\"featured-topview @es\",\"jose ignacio morales @es\"],\"dateCreated\":\"2020-04-15T04:00:00Z\",\"datePublished\":\"2020-04-15T04:00:00Z\",\"dateModified\":\"2022-10-21T23:06:17Z\"}<\/script>","tracker_url":"https:\/\/cdn.parsely.com\/keys\/casadecampoliving.com\/p.js"},"jetpack_publicize_connections":[],"jetpack_featured_media_url":"https:\/\/i0.wp.com\/casadecampoliving.com\/wp-content\/uploads\/2022\/10\/P4240153.jpg?fit=1000%2C605&ssl=1","jetpack-related-posts":[{"id":330946,"url":"https:\/\/casadecampoliving.com\/in-loving-memory-of-el-artistico-jose-ignacio-morales-working-in-casa-de-campo-changed-my-life\/","url_meta":{"origin":353737,"position":0},"title":"In memory of \u201cEl Artistico\u201d Jos\u00e9 Ignacio Morales \u00abWorking in Casa de Campo changed my life.\u00bb","author":"Casa de Campo Living","date":"15 Abr, 2020","format":false,"excerpt":"Local artisan \u201cEl Artistico\u201d Jos\u00e9 Ignacio Morales, who with over 40 years experience has impressive statues, doorways, gates, and fixtures all over Casa de Campo and Altos de Chav\u00f3n \u2013 in fact, Jos\u00e9 Ignacio Morales began his artistic career in Casa de Campo with the decoration of 5 villas including\u2026","rel":"","context":"En \u00abAltos de Chavon\u00bb","block_context":{"text":"Altos de Chavon","link":"https:\/\/casadecampoliving.com\/category\/altos-de-chavon\/"},"img":{"alt_text":"","src":"https:\/\/i0.wp.com\/casadecampoliving.com\/wp-content\/uploads\/2022\/10\/P4240153.jpg?fit=1000%2C605&ssl=1&resize=350%2C200","width":350,"height":200,"srcset":"https:\/\/i0.wp.com\/casadecampoliving.com\/wp-content\/uploads\/2022\/10\/P4240153.jpg?fit=1000%2C605&ssl=1&resize=350%2C200 1x, https:\/\/i0.wp.com\/casadecampoliving.com\/wp-content\/uploads\/2022\/10\/P4240153.jpg?fit=1000%2C605&ssl=1&resize=525%2C300 1.5x, https:\/\/i0.wp.com\/casadecampoliving.com\/wp-content\/uploads\/2022\/10\/P4240153.jpg?fit=1000%2C605&ssl=1&resize=700%2C400 2x"},"classes":[]},{"id":433460,"url":"https:\/\/casadecampoliving.com\/es\/no-se-pierdan-el-increible-tributo-a-frank-sinatra-para-celebrar-el-40-aniversario-del-anfiteatro-altos-de-chavon\/","url_meta":{"origin":353737,"position":1},"title":"No se pierdan el incre\u00edble tributo a Frank Sinatra para celebrar el 40 aniversario del\u00a0Anfiteatro Altos de Chav\u00f3n","author":"Casa de Campo Living","date":"20 Oct, 2022","format":false,"excerpt":"Siendo uno de los escenarios m\u00e1s emblem\u00e1ticos del pa\u00eds, Casa de Campo Resort\u00ae & Villas celebra las cuatro d\u00e9cadas de aniversario de Altos de Chav\u00f3n con un tributo al gran Frank Sinatra, protagonizado por artistas invitados y una big band tal cual la que acompa\u00f1\u00f3 al artista hace 40 a\u00f1os\u2026","rel":"","context":"En \u00abUncategorized @es\u00bb","block_context":{"text":"Uncategorized @es","link":"https:\/\/casadecampoliving.com\/es\/category\/uncategorized-es\/"},"img":{"alt_text":"","src":"https:\/\/i0.wp.com\/casadecampoliving.com\/wp-content\/uploads\/2022\/10\/Tributo-Frank-Sinatra-Foto-Principal-Amaury-Sanchez-Danilo-Ginebra-Andres-Pichardo-y-Jose-Gabriel-Perez-.jpg?fit=1200%2C873&ssl=1&resize=350%2C200","width":350,"height":200,"srcset":"https:\/\/i0.wp.com\/casadecampoliving.com\/wp-content\/uploads\/2022\/10\/Tributo-Frank-Sinatra-Foto-Principal-Amaury-Sanchez-Danilo-Ginebra-Andres-Pichardo-y-Jose-Gabriel-Perez-.jpg?fit=1200%2C873&ssl=1&resize=350%2C200 1x, https:\/\/i0.wp.com\/casadecampoliving.com\/wp-content\/uploads\/2022\/10\/Tributo-Frank-Sinatra-Foto-Principal-Amaury-Sanchez-Danilo-Ginebra-Andres-Pichardo-y-Jose-Gabriel-Perez-.jpg?fit=1200%2C873&ssl=1&resize=525%2C300 1.5x, https:\/\/i0.wp.com\/casadecampoliving.com\/wp-content\/uploads\/2022\/10\/Tributo-Frank-Sinatra-Foto-Principal-Amaury-Sanchez-Danilo-Ginebra-Andres-Pichardo-y-Jose-Gabriel-Perez-.jpg?fit=1200%2C873&ssl=1&resize=700%2C400 2x, https:\/\/i0.wp.com\/casadecampoliving.com\/wp-content\/uploads\/2022\/10\/Tributo-Frank-Sinatra-Foto-Principal-Amaury-Sanchez-Danilo-Ginebra-Andres-Pichardo-y-Jose-Gabriel-Perez-.jpg?fit=1200%2C873&ssl=1&resize=1050%2C600 3x"},"classes":[]},{"id":345446,"url":"https:\/\/casadecampoliving.com\/es\/entrevista-con-el-artistico-artista-original-de-chavon\/","url_meta":{"origin":353737,"position":2},"title":"Entrevista con El Art\u00edstico, artista original de Chav\u00f3n","author":"Perkin Agramonte","date":"28 Sep, 2014","format":false,"excerpt":"La gran mayor\u00eda de las figuras de metal que adornan los espacios p\u00fablicos de La Romana, Casa de Campo y en algunas otras partes del pa\u00eds llevan un sello distintivo. Esa etiqueta es de un talentoso herrero que, soportando las incesantes llamas ardientes del fuego, convierte lo que podr\u00eda ser\u2026","rel":"","context":"En \u00abAltos de Chavon @es\u00bb","block_context":{"text":"Altos de Chavon @es","link":"https:\/\/casadecampoliving.com\/category\/altos-de-chavon-es\/"},"img":{"alt_text":"","src":"https:\/\/i0.wp.com\/casadecampoliving.com\/wp-content\/uploads\/2022\/10\/chavon-artistico-1.jpg?fit=800%2C590&ssl=1&resize=350%2C200","width":350,"height":200,"srcset":"https:\/\/i0.wp.com\/casadecampoliving.com\/wp-content\/uploads\/2022\/10\/chavon-artistico-1.jpg?fit=800%2C590&ssl=1&resize=350%2C200 1x, https:\/\/i0.wp.com\/casadecampoliving.com\/wp-content\/uploads\/2022\/10\/chavon-artistico-1.jpg?fit=800%2C590&ssl=1&resize=525%2C300 1.5x, https:\/\/i0.wp.com\/casadecampoliving.com\/wp-content\/uploads\/2022\/10\/chavon-artistico-1.jpg?fit=800%2C590&ssl=1&resize=700%2C400 2x"},"classes":[]},{"id":324327,"url":"https:\/\/casadecampoliving.com\/interview-el-artistico-chavons-original-artist\/","url_meta":{"origin":353737,"position":3},"title":"An interview with El Artistico, Chav\u00f3n\u2019s original artist","author":"Daniela Medina","date":"28 Sep, 2014","format":false,"excerpt":"The great majority of metallic artworks found throughout La Romana and Casa de Campo as well as across the entire country, carry a distinctive mark. The signature of a talented blacksmith, who through enduring the searing heat of his trade, transforms what could be considered as junk into beautiful works\u2026","rel":"","context":"En \u00abAltos de Chavon\u00bb","block_context":{"text":"Altos de Chavon","link":"https:\/\/casadecampoliving.com\/category\/altos-de-chavon\/"},"img":{"alt_text":"","src":"https:\/\/i0.wp.com\/casadecampoliving.com\/wp-content\/uploads\/2022\/10\/chavon-artistico-1.jpg?fit=800%2C590&ssl=1&resize=350%2C200","width":350,"height":200,"srcset":"https:\/\/i0.wp.com\/casadecampoliving.com\/wp-content\/uploads\/2022\/10\/chavon-artistico-1.jpg?fit=800%2C590&ssl=1&resize=350%2C200 1x, https:\/\/i0.wp.com\/casadecampoliving.com\/wp-content\/uploads\/2022\/10\/chavon-artistico-1.jpg?fit=800%2C590&ssl=1&resize=525%2C300 1.5x, https:\/\/i0.wp.com\/casadecampoliving.com\/wp-content\/uploads\/2022\/10\/chavon-artistico-1.jpg?fit=800%2C590&ssl=1&resize=700%2C400 2x"},"classes":[]},{"id":321153,"url":"https:\/\/casadecampoliving.com\/ladies-from-15-countries-visit-casa-de-campo-as-part-of-international-womens-day\/","url_meta":{"origin":353737,"position":4},"title":"Ladies from 15 countries visit Casa de Campo as part of International Women&#8217;s Day!","author":"","date":"13 Abr, 2012","format":false,"excerpt":"On Friday March the 9th, as part of International Women's day (celebrated the day before on March 8th), more than 70 women from 15 different Latin American countries visited La Romana and the Casa de Campo resort as part of the \"XI Latin American Meeting of Engineers, Architects and Surveyors\u00a0Women\",\u2026","rel":"","context":"En \u00abAltos de Chavon\u00bb","block_context":{"text":"Altos de Chavon","link":"https:\/\/casadecampoliving.com\/category\/altos-de-chavon\/"},"img":{"alt_text":"altos de chavon","src":"https:\/\/i0.wp.com\/casadecampoliving.com\/wp-content\/uploads\/2022\/10\/altos_de_chavon1-17.jpg?fit=650%2C389&ssl=1&resize=350%2C200","width":350,"height":200,"srcset":"https:\/\/i0.wp.com\/casadecampoliving.com\/wp-content\/uploads\/2022\/10\/altos_de_chavon1-17.jpg?fit=650%2C389&ssl=1&resize=350%2C200 1x, https:\/\/i0.wp.com\/casadecampoliving.com\/wp-content\/uploads\/2022\/10\/altos_de_chavon1-17.jpg?fit=650%2C389&ssl=1&resize=525%2C300 1.5x"},"classes":[]},{"id":350273,"url":"https:\/\/casadecampoliving.com\/es\/hermosa-coleccion-arte-exhibicion-la-galeria-altos-de-chavon\/","url_meta":{"origin":353737,"position":5},"title":"Colecci\u00f3n de arte en exhibicion AHORA en La Galer\u00eda de Altos de Chav\u00f3n","author":"Marlenys Guzm\u00e1n Casta\u00f1os","date":"29 Jul, 2016","format":false,"excerpt":"\u00a1M\u00e1s buenas noticias para los amantes del arte! Ayer les dimos todos los detalles de la edici\u00f3n m\u00e1s reciente de Art Chav\u00f3n 2016 en el nuevo campus de Chav\u00f3n Escuela de Dise\u00f1o en Santo Domingo donde su compra ayudar\u00e1 a financiar el programa de becas de la Fundaci\u00f3n Centro Cultural\u2026","rel":"","context":"En \u00abAltos de Chavon @es\u00bb","block_context":{"text":"Altos de Chavon @es","link":"https:\/\/casadecampoliving.com\/category\/altos-de-chavon-es\/"},"img":{"alt_text":"","src":"https:\/\/i0.wp.com\/casadecampoliving.com\/wp-content\/uploads\/2022\/10\/The-Gallery-1.jpg?fit=1000%2C600&ssl=1&resize=350%2C200","width":350,"height":200,"srcset":"https:\/\/i0.wp.com\/casadecampoliving.com\/wp-content\/uploads\/2022\/10\/The-Gallery-1.jpg?fit=1000%2C600&ssl=1&resize=350%2C200 1x, https:\/\/i0.wp.com\/casadecampoliving.com\/wp-content\/uploads\/2022\/10\/The-Gallery-1.jpg?fit=1000%2C600&ssl=1&resize=525%2C300 1.5x, https:\/\/i0.wp.com\/casadecampoliving.com\/wp-content\/uploads\/2022\/10\/The-Gallery-1.jpg?fit=1000%2C600&ssl=1&resize=700%2C400 2x"},"classes":[]}],"jetpack_sharing_enabled":true,"_links":{"self":[{"href":"https:\/\/casadecampoliving.com\/es\/wp-json\/wp\/v2\/posts\/353737","targetHints":{"allow":["GET"]}}],"collection":[{"href":"https:\/\/casadecampoliving.com\/es\/wp-json\/wp\/v2\/posts"}],"about":[{"href":"https:\/\/casadecampoliving.com\/es\/wp-json\/wp\/v2\/types\/post"}],"author":[{"embeddable":true,"href":"https:\/\/casadecampoliving.com\/es\/wp-json\/wp\/v2\/users\/36791"}],"replies":[{"embeddable":true,"href":"https:\/\/casadecampoliving.com\/es\/wp-json\/wp\/v2\/comments?post=353737"}],"version-history":[{"count":0,"href":"https:\/\/casadecampoliving.com\/es\/wp-json\/wp\/v2\/posts\/353737\/revisions"}],"wp:featuredmedia":[{"embeddable":true,"href":"https:\/\/casadecampoliving.com\/es\/wp-json\/wp\/v2\/media\/312604"}],"wp:attachment":[{"href":"https:\/\/casadecampoliving.com\/es\/wp-json\/wp\/v2\/media?parent=353737"}],"wp:term":[{"taxonomy":"category","embeddable":true,"href":"https:\/\/casadecampoliving.com\/es\/wp-json\/wp\/v2\/categories?post=353737"},{"taxonomy":"post_tag","embeddable":true,"href":"https:\/\/casadecampoliving.com\/es\/wp-json\/wp\/v2\/tags?post=353737"},{"taxonomy":"newspack_spnsrs_tax","embeddable":true,"href":"https:\/\/casadecampoliving.com\/es\/wp-json\/wp\/v2\/newspack_spnsrs_tax?post=353737"}],"curies":[{"name":"wp","href":"https:\/\/api.w.org\/{rel}","templated":true}]}}