{"id":353729,"date":"2020-03-30T00:00:00","date_gmt":"2020-03-30T04:00:00","guid":{"rendered":"https:\/\/casadecampoliving.com\/covid-19-mitos-preguntas-y-respuestas-quedateencasa\/"},"modified":"2022-10-21T19:20:44","modified_gmt":"2022-10-21T23:20:44","slug":"covid-19-mitos-preguntas-y-respuestas-quedateencasa","status":"publish","type":"post","link":"https:\/\/casadecampoliving.com\/es\/covid-19-mitos-preguntas-y-respuestas-quedateencasa\/","title":{"rendered":"COVID-19 Mitos, preguntas y respuestas #quedateencasa"},"content":{"rendered":"\n<p>Hoy hablamos de mitos sobre <a href=\"https:\/\/casadecampoliving.com\/es\/que-es-covid-19-y-como-puede-protegerse\/\" target=\"_blank\" rel=\"noopener noreferrer\">Covid-19<\/a> que probablemente todos hemos escuchado, en esta publicaci\u00f3n, compartimos algunos de los m\u00e1s comunes que la OMS ha publicado en su sitio web, para obtener m\u00e1s informaci\u00f3n y mantenerse actualizado, recuerde siempre consultar los sitios web oficiales como como el sitio web de la &nbsp;<a href=\"https:\/\/www.who.int\/es\/emergencies\/diseases\/novel-coronavirus-2019\" target=\"_blank\" rel=\"noopener noreferrer\">Organizaci\u00f3n Mundial de la Salud (OMS)<\/a>&nbsp;y en la Rep\u00fablica Dominicana en el sitio web del&nbsp;<a href=\"https:\/\/www.msp.gob.do\/web\/\" target=\"_blank\" rel=\"noopener noreferrer\">Ministerio de Salud P\u00fablica<\/a>.<\/p>\n\n\n\n<h3 class=\"wp-block-heading\"><a href=\"https:\/\/www.who.int\/emergencies\/diseases\/novel-coronavirus-2019\/advice-for-public\/myth-busters\" target=\"_blank\" rel=\"noopener noreferrer\">Mitos<\/a><\/h3>\n\n\n\n<p><strong>\u00bfSon efectivos los antibi\u00f3ticos para prevenir y tratar el nuevo coronavirus?<\/strong><\/p>\n\n\n\n<p>No, los antibi\u00f3ticos no funcionan contra virus, solo bacterias. El nuevo coronavirus (2019-nCoV) es un virus y, por lo tanto, los antibi\u00f3ticos no deben usarse como un medio de prevenci\u00f3n o tratamiento. Sin embargo, si est\u00e1 hospitalizado por el 2019-nCoV, puede recibir antibi\u00f3ticos porque es posible la coinfecci\u00f3n bacteriana.<\/p>\n\n\n\n<p><strong>\u00bfEl nuevo coronavirus afecta a las personas mayores o las personas m\u00e1s j\u00f3venes tambi\u00e9n son susceptibles?<\/strong><\/p>\n\n\n\n<p>El nuevo coronavirus puede infectar a personas de todas las edades (2019-nCoV). Las personas mayores y las personas con afecciones m\u00e9dicas preexistentes (como asma, diabetes, enfermedades card\u00edacas) parecen ser m\u00e1s vulnerables a enfermarse gravemente con el virus. La OMS aconseja a las personas de todas las edades que tomen medidas para protegerse del virus, por ejemplo, siguiendo una buena higiene de las manos y una buena higiene respiratoria.<\/p>\n\n\n\n<p><strong>\u00bfComer ajo puede ayudar a prevenir la infecci\u00f3n con el nuevo coronavirus?<\/strong><\/p>\n\n\n\n<p>El ajo es un alimento saludable que puede tener algunas propiedades antimicrobianas. Sin embargo, no hay evidencia del brote actual de que comer ajo haya protegido a las personas del nuevo coronavirus.<\/p>\n\n\n\n<p><strong>El nuevo coronavirus NO PUEDE transmitirse a trav\u00e9s de las picaduras de mosquitos.<\/strong><\/p>\n\n\n\n<p>Hasta la fecha, no ha habido informaci\u00f3n ni evidencia que sugiera que los mosquitos puedan transmitir el nuevo coronavirus. El nuevo coronavirus es un virus respiratorio que se propaga principalmente a trav\u00e9s de gotas generadas cuando una persona infectada tose o estornuda, o a trav\u00e9s de gotas de saliva o secreci\u00f3n de la nariz. Para protegerse, l\u00e1vese las manos con frecuencia con un desinfectante para manos a base de alcohol o l\u00e1velas con agua y jab\u00f3n. Adem\u00e1s, evite el contacto cercano con cualquier persona que est\u00e9 tosiendo y estornudando.<\/p>\n\n\n<div class=\"wp-block-image\">\n<figure class=\"aligncenter is-resized\"><img loading=\"lazy\" decoding=\"async\" src=\"https:\/\/i0.wp.com\/casadecampoliving.com\/wp-content\/uploads\/2022\/10\/person-washing-his-hand-545014.jpg?resize=1000%2C600&amp;ssl=1\" alt=\"\" class=\"wp-image-204863\" height=\"600\" width=\"1000\"\/><\/figure>\n<\/div>\n\n\n<h3 class=\"wp-block-heading\"><a href=\"https:\/\/www.who.int\/news-room\/q-a-detail\/q-a-coronaviruses\" target=\"_blank\" rel=\"noopener noreferrer\">Preguntas y respuestas<\/a><\/h3>\n\n\n\n<p><strong>\u00bfCu\u00e1les son los s\u00edntomas de COVID-19?<\/strong><\/p>\n\n\n\n<p>Los s\u00edntomas m\u00e1s comunes de COVID-19 son fiebre, cansancio y tos seca. Algunos pacientes pueden tener dolores y molestias, congesti\u00f3n nasal, secreci\u00f3n nasal, dolor de garganta o diarrea. Estos s\u00edntomas generalmente son leves y comienzan gradualmente. Algunas personas se infectan pero no desarrollan ning\u00fan s\u00edntoma y no se sienten mal. La mayor\u00eda de las personas (alrededor del 80%) se recuperan de la enfermedad sin necesidad de un tratamiento especial. Alrededor de 1 de cada 6 personas que contraen COVID-19 se enferman gravemente y desarrollan dificultad para respirar. Las personas mayores, y aquellas con problemas m\u00e9dicos subyacentes como presi\u00f3n arterial alta, problemas card\u00edacos o diabetes, tienen m\u00e1s probabilidades de desarrollar enfermedades graves. Las personas con fiebre, tos y dificultad para respirar deben buscar atenci\u00f3n m\u00e9dica.<\/p>\n\n\n\n<p><strong>\u00bfCu\u00e1nto dura el per\u00edodo de incubaci\u00f3n de COVID-19?<\/strong><\/p>\n\n\n\n<p>El \u201cper\u00edodo de incubaci\u00f3n\u201d significa el tiempo entre la captura del virus y el comienzo de tener s\u00edntomas de la enfermedad. La mayor\u00eda de las estimaciones del per\u00edodo de incubaci\u00f3n para COVID-19 var\u00edan de 1 a 14 d\u00edas, m\u00e1s com\u00fanmente alrededor de cinco d\u00edas. Estas estimaciones se actualizar\u00e1n a medida que haya m\u00e1s datos disponibles.<\/p>\n\n\n\n<p><strong>\u00bfCOVID-19 est\u00e1 en el aire?<\/strong><\/p>\n\n\n\n<p>El virus que causa COVID-19 se transmite principalmente a trav\u00e9s de gotitas generadas cuando una persona infectada tose, estornuda o habla. Estas gotas son demasiado pesadas para colgarlas en el aire. Caen r\u00e1pidamente sobre pisos o superficies.<\/p>\n\n\n\n<p>Puede infectarse al respirar el virus si se encuentra a 1 metro de una persona que tiene COVID-19, o al tocar una superficie contaminada y luego tocarse los ojos, la nariz o la boca antes de lavarse las manos.<\/p>\n\n\n\n<p><strong>\u00bfC\u00f3mo ponerse, usar, quitarse y deshacerse de una m\u00e1scara?<\/strong><\/p>\n\n\n\n<ol class=\"wp-block-list\"><li>Recuerde, una m\u00e1scara solo debe ser utilizada por trabajadores de la salud, cuidadores y personas con s\u00edntomas respiratorios, como fiebre y tos.<\/li><li>Antes de tocar la m\u00e1scara, l\u00e1vese las manos con un desinfectante para manos a base de alcohol o agua y jab\u00f3n.<\/li><li>Tome la m\u00e1scara e inspecci\u00f3nela en busca de rasgaduras o agujeros.<\/li><li>Oriente qu\u00e9 lado es el lado superior (donde est\u00e1 la tira de metal).<\/li><li>Aseg\u00farese de que el lado correcto de la m\u00e1scara quede hacia afuera (el lado coloreado).<\/li><li>Coloca la m\u00e1scara en tu cara. Pellizca la tira de metal o el borde r\u00edgido de la m\u00e1scara para que se amolde a la forma de tu nariz.<\/li><li>Baje la parte inferior de la m\u00e1scara para que cubra su boca y su barbilla.<\/li><li>Despu\u00e9s del uso, qu\u00edtese la m\u00e1scara; retire los lazos el\u00e1sticos de detr\u00e1s de las orejas mientras mantiene la m\u00e1scara lejos de la cara y la ropa, para evitar tocar las superficies potencialmente contaminadas de la m\u00e1scara.<\/li><li>Deseche la m\u00e1scara en un recipiente cerrado inmediatamente despu\u00e9s de su uso.<\/li><li>Realice la higiene de las manos despu\u00e9s de tocar o desechar la m\u00e1scara: use un desinfectante para manos a base de alcohol o, si est\u00e1 visiblemente sucia, l\u00e1vese las manos con agua y jab\u00f3n.<\/li><\/ol>\n\n\n\n<p><em>Toda la informaci\u00f3n de la OMS, para m\u00e1s mitos y preguntas y respuestas, puede visitar el sitio web de la <\/em><em><a href=\"https:\/\/www.who.int\/es\/emergencies\/diseases\/novel-coronavirus-2019\" target=\"_blank\" rel=\"noopener noreferrer\">Organizaci\u00f3n Mundial de la Salud (OMS)<\/a><\/em><\/p>\n","protected":false},"excerpt":{"rendered":"<p>Hoy hablamos de mitos sobre Covid-19 que probablemente todos hemos escuchado, en esta publicaci\u00f3n, compartimos algunos de los m\u00e1s comunes que la OMS ha publicado en su sitio web, para obtener m\u00e1s informaci\u00f3n y mantenerse actualizado, recuerde siempre consultar los sitios web oficiales como como el sitio web de la &nbsp;Organizaci\u00f3n Mundial de la Salud [&hellip;]<\/p>\n","protected":false},"author":36791,"featured_media":312483,"comment_status":"closed","ping_status":"open","sticky":false,"template":"","format":"standard","meta":{"newspack_ads_suppress_ads":false,"newspack_popups_has_disabled_popups":false,"newspack_sponsor_sponsorship_scope":"","newspack_sponsor_native_byline_display":"inherit","newspack_sponsor_native_category_display":"inherit","newspack_sponsor_underwriter_style":"inherit","newspack_sponsor_underwriter_placement":"inherit","_newspack_byline_active":false,"_newspack_byline":"","newspack_hide_updated_date":false,"newspack_show_updated_date":false,"newspack_content_restriction_is_exempt":false,"newspack_featured_image_position":"","newspack_post_subtitle":"","newspack_article_summary_title":"Overview:","newspack_article_summary":"","_jetpack_memberships_contains_paid_content":false,"footnotes":"","jetpack_publicize_message":"","jetpack_publicize_feature_enabled":true,"jetpack_social_post_already_shared":false,"jetpack_social_options":{"image_generator_settings":{"template":"highway","default_image_id":0,"font":"","enabled":false},"version":2},"_wpas_customize_per_network":false},"categories":[26936,26954,2527],"tags":[24641,24346,21592,24646,17003,3891],"newspack_spnsrs_tax":[],"class_list":["post-353729","post","type-post","status-publish","format-standard","has-post-thumbnail","hentry","category-casa-de-campo-living-es","category-comunidad-casa-de-campo-living-es","category-salud","tag-covid-19","tag-featured-es","tag-medidas","tag-oms","tag-prevencion","tag-salud-2","entry"],"yoast_head":"<!-- This site is optimized with the Yoast SEO plugin v27.5 - https:\/\/yoast.com\/product\/yoast-seo-wordpress\/ -->\n<title>COVID-19 Mitos, preguntas y respuestas #quedateencasa | Casa de Campo Living<\/title>\n<meta name=\"description\" content=\"Hoy hablamos de mitos sobre Covid-19 que probablemente todos hemos escuchado, en esta publicaci\u00f3n, compartimos algunos de los m\u00e1s comunes que la OMS ha\" \/>\n<meta name=\"robots\" content=\"index, follow, max-snippet:-1, max-image-preview:large, max-video-preview:-1\" \/>\n<link rel=\"canonical\" href=\"https:\/\/casadecampoliving.com\/es\/covid-19-mitos-preguntas-y-respuestas-quedateencasa\/\" \/>\n<meta property=\"og:locale\" content=\"es_ES\" \/>\n<meta property=\"og:type\" content=\"article\" \/>\n<meta property=\"og:title\" content=\"COVID-19 Mitos, preguntas y respuestas #quedateencasa | Casa de Campo Living\" \/>\n<meta property=\"og:description\" content=\"Hoy hablamos de mitos sobre Covid-19 que probablemente todos hemos escuchado, en esta publicaci\u00f3n, compartimos algunos de los m\u00e1s comunes que la OMS ha\" \/>\n<meta property=\"og:url\" content=\"https:\/\/casadecampoliving.com\/es\/covid-19-mitos-preguntas-y-respuestas-quedateencasa\/\" \/>\n<meta property=\"og:site_name\" content=\"Casa de Campo Living\" \/>\n<meta property=\"article:publisher\" content=\"https:\/\/www.facebook.com\/casadecampoliving\" \/>\n<meta property=\"article:published_time\" content=\"2020-03-30T04:00:00+00:00\" \/>\n<meta property=\"article:modified_time\" content=\"2022-10-21T23:20:44+00:00\" \/>\n<meta property=\"og:image\" content=\"https:\/\/i0.wp.com\/casadecampoliving.com\/wp-content\/uploads\/2022\/10\/fact-myth.jpg?fit=1000%2C522&ssl=1\" \/>\n\t<meta property=\"og:image:width\" content=\"1000\" \/>\n\t<meta property=\"og:image:height\" content=\"522\" \/>\n\t<meta property=\"og:image:type\" content=\"image\/jpeg\" \/>\n<meta name=\"author\" content=\"Casa de Campo Living\" \/>\n<meta name=\"twitter:card\" content=\"summary_large_image\" \/>\n<meta name=\"twitter:creator\" content=\"@cdcliving\" \/>\n<meta name=\"twitter:site\" content=\"@cdcliving\" \/>\n<meta name=\"twitter:label1\" content=\"Escrito por\" \/>\n\t<meta name=\"twitter:data1\" content=\"Casa de Campo Living\" \/>\n\t<meta name=\"twitter:label2\" content=\"Tiempo de lectura\" \/>\n\t<meta name=\"twitter:data2\" content=\"5 minutos\" \/>\n<script type=\"application\/ld+json\" class=\"yoast-schema-graph\">{\"@context\":\"https:\\\/\\\/schema.org\",\"@graph\":[{\"@type\":\"Article\",\"@id\":\"https:\\\/\\\/casadecampoliving.com\\\/es\\\/covid-19-mitos-preguntas-y-respuestas-quedateencasa\\\/#article\",\"isPartOf\":{\"@id\":\"https:\\\/\\\/casadecampoliving.com\\\/es\\\/covid-19-mitos-preguntas-y-respuestas-quedateencasa\\\/\"},\"author\":{\"name\":\"Casa de Campo Living\",\"@id\":\"https:\\\/\\\/casadecampoliving.com\\\/es\\\/#\\\/schema\\\/person\\\/5d2171637a9d11e0e43ce6b8555f9422\"},\"headline\":\"COVID-19 Mitos, preguntas y respuestas #quedateencasa\",\"datePublished\":\"2020-03-30T04:00:00+00:00\",\"dateModified\":\"2022-10-21T23:20:44+00:00\",\"mainEntityOfPage\":{\"@id\":\"https:\\\/\\\/casadecampoliving.com\\\/es\\\/covid-19-mitos-preguntas-y-respuestas-quedateencasa\\\/\"},\"wordCount\":977,\"publisher\":{\"@id\":\"https:\\\/\\\/casadecampoliving.com\\\/es\\\/#organization\"},\"image\":{\"@id\":\"https:\\\/\\\/casadecampoliving.com\\\/es\\\/covid-19-mitos-preguntas-y-respuestas-quedateencasa\\\/#primaryimage\"},\"thumbnailUrl\":\"https:\\\/\\\/i0.wp.com\\\/casadecampoliving.com\\\/wp-content\\\/uploads\\\/2022\\\/10\\\/fact-myth.jpg?fit=1000%2C522&ssl=1\",\"keywords\":[\"covid-19\",\"Featured\",\"medidas\",\"OMS\",\"prevenci\u00f3n\",\"salud\"],\"articleSection\":[\"Casa de Campo Living @es\",\"Comunidad\",\"Salud\"],\"inLanguage\":\"es\"},{\"@type\":\"WebPage\",\"@id\":\"https:\\\/\\\/casadecampoliving.com\\\/es\\\/covid-19-mitos-preguntas-y-respuestas-quedateencasa\\\/\",\"url\":\"https:\\\/\\\/casadecampoliving.com\\\/es\\\/covid-19-mitos-preguntas-y-respuestas-quedateencasa\\\/\",\"name\":\"COVID-19 Mitos, preguntas y respuestas #quedateencasa | Casa de Campo Living\",\"isPartOf\":{\"@id\":\"https:\\\/\\\/casadecampoliving.com\\\/es\\\/#website\"},\"primaryImageOfPage\":{\"@id\":\"https:\\\/\\\/casadecampoliving.com\\\/es\\\/covid-19-mitos-preguntas-y-respuestas-quedateencasa\\\/#primaryimage\"},\"image\":{\"@id\":\"https:\\\/\\\/casadecampoliving.com\\\/es\\\/covid-19-mitos-preguntas-y-respuestas-quedateencasa\\\/#primaryimage\"},\"thumbnailUrl\":\"https:\\\/\\\/i0.wp.com\\\/casadecampoliving.com\\\/wp-content\\\/uploads\\\/2022\\\/10\\\/fact-myth.jpg?fit=1000%2C522&ssl=1\",\"datePublished\":\"2020-03-30T04:00:00+00:00\",\"dateModified\":\"2022-10-21T23:20:44+00:00\",\"description\":\"Hoy hablamos de mitos sobre Covid-19 que probablemente todos hemos escuchado, en esta publicaci\u00f3n, compartimos algunos de los m\u00e1s comunes que la OMS ha\",\"breadcrumb\":{\"@id\":\"https:\\\/\\\/casadecampoliving.com\\\/es\\\/covid-19-mitos-preguntas-y-respuestas-quedateencasa\\\/#breadcrumb\"},\"inLanguage\":\"es\",\"potentialAction\":[{\"@type\":\"ReadAction\",\"target\":[\"https:\\\/\\\/casadecampoliving.com\\\/es\\\/covid-19-mitos-preguntas-y-respuestas-quedateencasa\\\/\"]}]},{\"@type\":\"ImageObject\",\"inLanguage\":\"es\",\"@id\":\"https:\\\/\\\/casadecampoliving.com\\\/es\\\/covid-19-mitos-preguntas-y-respuestas-quedateencasa\\\/#primaryimage\",\"url\":\"https:\\\/\\\/i0.wp.com\\\/casadecampoliving.com\\\/wp-content\\\/uploads\\\/2022\\\/10\\\/fact-myth.jpg?fit=1000%2C522&ssl=1\",\"contentUrl\":\"https:\\\/\\\/i0.wp.com\\\/casadecampoliving.com\\\/wp-content\\\/uploads\\\/2022\\\/10\\\/fact-myth.jpg?fit=1000%2C522&ssl=1\",\"width\":1000,\"height\":522},{\"@type\":\"BreadcrumbList\",\"@id\":\"https:\\\/\\\/casadecampoliving.com\\\/es\\\/covid-19-mitos-preguntas-y-respuestas-quedateencasa\\\/#breadcrumb\",\"itemListElement\":[{\"@type\":\"ListItem\",\"position\":1,\"name\":\"Home\",\"item\":\"https:\\\/\\\/casadecampoliving.com\\\/es\\\/\"},{\"@type\":\"ListItem\",\"position\":2,\"name\":\"COVID-19 Mitos, preguntas y respuestas #quedateencasa\"}]},{\"@type\":\"WebSite\",\"@id\":\"https:\\\/\\\/casadecampoliving.com\\\/es\\\/#website\",\"url\":\"https:\\\/\\\/casadecampoliving.com\\\/es\\\/\",\"name\":\"Casa de Campo Living\",\"description\":\"Resort community news and resources.\",\"publisher\":{\"@id\":\"https:\\\/\\\/casadecampoliving.com\\\/es\\\/#organization\"},\"potentialAction\":[{\"@type\":\"SearchAction\",\"target\":{\"@type\":\"EntryPoint\",\"urlTemplate\":\"https:\\\/\\\/casadecampoliving.com\\\/es\\\/?s={search_term_string}\"},\"query-input\":{\"@type\":\"PropertyValueSpecification\",\"valueRequired\":true,\"valueName\":\"search_term_string\"}}],\"inLanguage\":\"es\"},{\"@type\":\"Organization\",\"@id\":\"https:\\\/\\\/casadecampoliving.com\\\/es\\\/#organization\",\"name\":\"Casa de Campo Living\",\"url\":\"https:\\\/\\\/casadecampoliving.com\\\/es\\\/\",\"logo\":{\"@type\":\"ImageObject\",\"inLanguage\":\"es\",\"@id\":\"https:\\\/\\\/casadecampoliving.com\\\/es\\\/#\\\/schema\\\/logo\\\/image\\\/\",\"url\":\"https:\\\/\\\/i0.wp.com\\\/casadecampoliving.com\\\/wp-content\\\/uploads\\\/2022\\\/07\\\/CDCLivingLogo_V1-white-sized.png?fit=800%2C214&ssl=1\",\"contentUrl\":\"https:\\\/\\\/i0.wp.com\\\/casadecampoliving.com\\\/wp-content\\\/uploads\\\/2022\\\/07\\\/CDCLivingLogo_V1-white-sized.png?fit=800%2C214&ssl=1\",\"width\":800,\"height\":214,\"caption\":\"Casa de Campo Living\"},\"image\":{\"@id\":\"https:\\\/\\\/casadecampoliving.com\\\/es\\\/#\\\/schema\\\/logo\\\/image\\\/\"},\"sameAs\":[\"https:\\\/\\\/www.facebook.com\\\/casadecampoliving\",\"https:\\\/\\\/x.com\\\/cdcliving\"]},{\"@type\":\"Person\",\"@id\":\"https:\\\/\\\/casadecampoliving.com\\\/es\\\/#\\\/schema\\\/person\\\/5d2171637a9d11e0e43ce6b8555f9422\",\"name\":\"Casa de Campo Living\",\"image\":{\"@type\":\"ImageObject\",\"inLanguage\":\"es\",\"@id\":\"https:\\\/\\\/secure.gravatar.com\\\/avatar\\\/d04101fa4a9fd431e939953b1500fdc7a73cd35029f86d98712fd8ccdaebaf9a?s=96&d=mm&r=g\",\"url\":\"https:\\\/\\\/secure.gravatar.com\\\/avatar\\\/d04101fa4a9fd431e939953b1500fdc7a73cd35029f86d98712fd8ccdaebaf9a?s=96&d=mm&r=g\",\"contentUrl\":\"https:\\\/\\\/secure.gravatar.com\\\/avatar\\\/d04101fa4a9fd431e939953b1500fdc7a73cd35029f86d98712fd8ccdaebaf9a?s=96&d=mm&r=g\",\"caption\":\"Casa de Campo Living\"},\"url\":\"https:\\\/\\\/casadecampoliving.com\\\/es\\\/author\\\/casa-de-campo-living\\\/\"}]}<\/script>\n<!-- \/ Yoast SEO plugin. -->","yoast_head_json":{"title":"COVID-19 Mitos, preguntas y respuestas #quedateencasa | Casa de Campo Living","description":"Hoy hablamos de mitos sobre Covid-19 que probablemente todos hemos escuchado, en esta publicaci\u00f3n, compartimos algunos de los m\u00e1s comunes que la OMS ha","robots":{"index":"index","follow":"follow","max-snippet":"max-snippet:-1","max-image-preview":"max-image-preview:large","max-video-preview":"max-video-preview:-1"},"canonical":"https:\/\/casadecampoliving.com\/es\/covid-19-mitos-preguntas-y-respuestas-quedateencasa\/","og_locale":"es_ES","og_type":"article","og_title":"COVID-19 Mitos, preguntas y respuestas #quedateencasa | Casa de Campo Living","og_description":"Hoy hablamos de mitos sobre Covid-19 que probablemente todos hemos escuchado, en esta publicaci\u00f3n, compartimos algunos de los m\u00e1s comunes que la OMS ha","og_url":"https:\/\/casadecampoliving.com\/es\/covid-19-mitos-preguntas-y-respuestas-quedateencasa\/","og_site_name":"Casa de Campo Living","article_publisher":"https:\/\/www.facebook.com\/casadecampoliving","article_published_time":"2020-03-30T04:00:00+00:00","article_modified_time":"2022-10-21T23:20:44+00:00","og_image":[{"width":1000,"height":522,"url":"https:\/\/i0.wp.com\/casadecampoliving.com\/wp-content\/uploads\/2022\/10\/fact-myth.jpg?fit=1000%2C522&ssl=1","type":"image\/jpeg"}],"author":"Casa de Campo Living","twitter_card":"summary_large_image","twitter_creator":"@cdcliving","twitter_site":"@cdcliving","twitter_misc":{"Escrito por":"Casa de Campo Living","Tiempo de lectura":"5 minutos"},"schema":{"@context":"https:\/\/schema.org","@graph":[{"@type":"Article","@id":"https:\/\/casadecampoliving.com\/es\/covid-19-mitos-preguntas-y-respuestas-quedateencasa\/#article","isPartOf":{"@id":"https:\/\/casadecampoliving.com\/es\/covid-19-mitos-preguntas-y-respuestas-quedateencasa\/"},"author":{"name":"Casa de Campo Living","@id":"https:\/\/casadecampoliving.com\/es\/#\/schema\/person\/5d2171637a9d11e0e43ce6b8555f9422"},"headline":"COVID-19 Mitos, preguntas y respuestas #quedateencasa","datePublished":"2020-03-30T04:00:00+00:00","dateModified":"2022-10-21T23:20:44+00:00","mainEntityOfPage":{"@id":"https:\/\/casadecampoliving.com\/es\/covid-19-mitos-preguntas-y-respuestas-quedateencasa\/"},"wordCount":977,"publisher":{"@id":"https:\/\/casadecampoliving.com\/es\/#organization"},"image":{"@id":"https:\/\/casadecampoliving.com\/es\/covid-19-mitos-preguntas-y-respuestas-quedateencasa\/#primaryimage"},"thumbnailUrl":"https:\/\/i0.wp.com\/casadecampoliving.com\/wp-content\/uploads\/2022\/10\/fact-myth.jpg?fit=1000%2C522&ssl=1","keywords":["covid-19","Featured","medidas","OMS","prevenci\u00f3n","salud"],"articleSection":["Casa de Campo Living @es","Comunidad","Salud"],"inLanguage":"es"},{"@type":"WebPage","@id":"https:\/\/casadecampoliving.com\/es\/covid-19-mitos-preguntas-y-respuestas-quedateencasa\/","url":"https:\/\/casadecampoliving.com\/es\/covid-19-mitos-preguntas-y-respuestas-quedateencasa\/","name":"COVID-19 Mitos, preguntas y respuestas #quedateencasa | Casa de Campo Living","isPartOf":{"@id":"https:\/\/casadecampoliving.com\/es\/#website"},"primaryImageOfPage":{"@id":"https:\/\/casadecampoliving.com\/es\/covid-19-mitos-preguntas-y-respuestas-quedateencasa\/#primaryimage"},"image":{"@id":"https:\/\/casadecampoliving.com\/es\/covid-19-mitos-preguntas-y-respuestas-quedateencasa\/#primaryimage"},"thumbnailUrl":"https:\/\/i0.wp.com\/casadecampoliving.com\/wp-content\/uploads\/2022\/10\/fact-myth.jpg?fit=1000%2C522&ssl=1","datePublished":"2020-03-30T04:00:00+00:00","dateModified":"2022-10-21T23:20:44+00:00","description":"Hoy hablamos de mitos sobre Covid-19 que probablemente todos hemos escuchado, en esta publicaci\u00f3n, compartimos algunos de los m\u00e1s comunes que la OMS ha","breadcrumb":{"@id":"https:\/\/casadecampoliving.com\/es\/covid-19-mitos-preguntas-y-respuestas-quedateencasa\/#breadcrumb"},"inLanguage":"es","potentialAction":[{"@type":"ReadAction","target":["https:\/\/casadecampoliving.com\/es\/covid-19-mitos-preguntas-y-respuestas-quedateencasa\/"]}]},{"@type":"ImageObject","inLanguage":"es","@id":"https:\/\/casadecampoliving.com\/es\/covid-19-mitos-preguntas-y-respuestas-quedateencasa\/#primaryimage","url":"https:\/\/i0.wp.com\/casadecampoliving.com\/wp-content\/uploads\/2022\/10\/fact-myth.jpg?fit=1000%2C522&ssl=1","contentUrl":"https:\/\/i0.wp.com\/casadecampoliving.com\/wp-content\/uploads\/2022\/10\/fact-myth.jpg?fit=1000%2C522&ssl=1","width":1000,"height":522},{"@type":"BreadcrumbList","@id":"https:\/\/casadecampoliving.com\/es\/covid-19-mitos-preguntas-y-respuestas-quedateencasa\/#breadcrumb","itemListElement":[{"@type":"ListItem","position":1,"name":"Home","item":"https:\/\/casadecampoliving.com\/es\/"},{"@type":"ListItem","position":2,"name":"COVID-19 Mitos, preguntas y respuestas #quedateencasa"}]},{"@type":"WebSite","@id":"https:\/\/casadecampoliving.com\/es\/#website","url":"https:\/\/casadecampoliving.com\/es\/","name":"Casa de Campo Living","description":"Resort community news and resources.","publisher":{"@id":"https:\/\/casadecampoliving.com\/es\/#organization"},"potentialAction":[{"@type":"SearchAction","target":{"@type":"EntryPoint","urlTemplate":"https:\/\/casadecampoliving.com\/es\/?s={search_term_string}"},"query-input":{"@type":"PropertyValueSpecification","valueRequired":true,"valueName":"search_term_string"}}],"inLanguage":"es"},{"@type":"Organization","@id":"https:\/\/casadecampoliving.com\/es\/#organization","name":"Casa de Campo Living","url":"https:\/\/casadecampoliving.com\/es\/","logo":{"@type":"ImageObject","inLanguage":"es","@id":"https:\/\/casadecampoliving.com\/es\/#\/schema\/logo\/image\/","url":"https:\/\/i0.wp.com\/casadecampoliving.com\/wp-content\/uploads\/2022\/07\/CDCLivingLogo_V1-white-sized.png?fit=800%2C214&ssl=1","contentUrl":"https:\/\/i0.wp.com\/casadecampoliving.com\/wp-content\/uploads\/2022\/07\/CDCLivingLogo_V1-white-sized.png?fit=800%2C214&ssl=1","width":800,"height":214,"caption":"Casa de Campo Living"},"image":{"@id":"https:\/\/casadecampoliving.com\/es\/#\/schema\/logo\/image\/"},"sameAs":["https:\/\/www.facebook.com\/casadecampoliving","https:\/\/x.com\/cdcliving"]},{"@type":"Person","@id":"https:\/\/casadecampoliving.com\/es\/#\/schema\/person\/5d2171637a9d11e0e43ce6b8555f9422","name":"Casa de Campo Living","image":{"@type":"ImageObject","inLanguage":"es","@id":"https:\/\/secure.gravatar.com\/avatar\/d04101fa4a9fd431e939953b1500fdc7a73cd35029f86d98712fd8ccdaebaf9a?s=96&d=mm&r=g","url":"https:\/\/secure.gravatar.com\/avatar\/d04101fa4a9fd431e939953b1500fdc7a73cd35029f86d98712fd8ccdaebaf9a?s=96&d=mm&r=g","contentUrl":"https:\/\/secure.gravatar.com\/avatar\/d04101fa4a9fd431e939953b1500fdc7a73cd35029f86d98712fd8ccdaebaf9a?s=96&d=mm&r=g","caption":"Casa de Campo Living"},"url":"https:\/\/casadecampoliving.com\/es\/author\/casa-de-campo-living\/"}]}},"parsely":{"version":"1.1.0","canonical_url":"https:\/\/casadecampoliving.com\/es\/covid-19-mitos-preguntas-y-respuestas-quedateencasa\/","smart_links":{"inbound":0,"outbound":0},"traffic_boost_suggestions_count":0,"meta":{"@context":"https:\/\/schema.org","@type":"NewsArticle","headline":"COVID-19 Mitos, preguntas y respuestas #quedateencasa","url":"http:\/\/casadecampoliving.com\/es\/covid-19-mitos-preguntas-y-respuestas-quedateencasa\/","mainEntityOfPage":{"@type":"WebPage","@id":"http:\/\/casadecampoliving.com\/es\/covid-19-mitos-preguntas-y-respuestas-quedateencasa\/"},"thumbnailUrl":"https:\/\/i0.wp.com\/casadecampoliving.com\/wp-content\/uploads\/2022\/10\/fact-myth.jpg?resize=150%2C150&ssl=1","image":{"@type":"ImageObject","url":"https:\/\/i0.wp.com\/casadecampoliving.com\/wp-content\/uploads\/2022\/10\/fact-myth.jpg?fit=1000%2C522&ssl=1"},"articleSection":"Comunidad","author":[{"@type":"Person","name":"Casa de Campo Living"}],"creator":["Casa de Campo Living"],"publisher":{"@type":"Organization","name":"Casa de Campo Living","logo":"https:\/\/casadecampoliving.com\/wp-content\/uploads\/2022\/07\/CDCLivingLogo_V1-white-sized.png"},"keywords":["covid-19","featured","medidas","oms","prevenci\u00f3n","salud"],"dateCreated":"2020-03-30T04:00:00Z","datePublished":"2020-03-30T04:00:00Z","dateModified":"2022-10-21T23:20:44Z"},"rendered":"<script type=\"application\/ld+json\" class=\"wp-parsely-metadata\">{\"@context\":\"https:\\\/\\\/schema.org\",\"@type\":\"NewsArticle\",\"headline\":\"COVID-19 Mitos, preguntas y respuestas #quedateencasa\",\"url\":\"http:\\\/\\\/casadecampoliving.com\\\/es\\\/covid-19-mitos-preguntas-y-respuestas-quedateencasa\\\/\",\"mainEntityOfPage\":{\"@type\":\"WebPage\",\"@id\":\"http:\\\/\\\/casadecampoliving.com\\\/es\\\/covid-19-mitos-preguntas-y-respuestas-quedateencasa\\\/\"},\"thumbnailUrl\":\"https:\\\/\\\/i0.wp.com\\\/casadecampoliving.com\\\/wp-content\\\/uploads\\\/2022\\\/10\\\/fact-myth.jpg?resize=150%2C150&ssl=1\",\"image\":{\"@type\":\"ImageObject\",\"url\":\"https:\\\/\\\/i0.wp.com\\\/casadecampoliving.com\\\/wp-content\\\/uploads\\\/2022\\\/10\\\/fact-myth.jpg?fit=1000%2C522&ssl=1\"},\"articleSection\":\"Comunidad\",\"author\":[{\"@type\":\"Person\",\"name\":\"Casa de Campo Living\"}],\"creator\":[\"Casa de Campo Living\"],\"publisher\":{\"@type\":\"Organization\",\"name\":\"Casa de Campo Living\",\"logo\":\"https:\\\/\\\/casadecampoliving.com\\\/wp-content\\\/uploads\\\/2022\\\/07\\\/CDCLivingLogo_V1-white-sized.png\"},\"keywords\":[\"covid-19\",\"featured\",\"medidas\",\"oms\",\"prevenci\\u00f3n\",\"salud\"],\"dateCreated\":\"2020-03-30T04:00:00Z\",\"datePublished\":\"2020-03-30T04:00:00Z\",\"dateModified\":\"2022-10-21T23:20:44Z\"}<\/script>","tracker_url":"https:\/\/cdn.parsely.com\/keys\/casadecampoliving.com\/p.js"},"jetpack_publicize_connections":[],"jetpack_featured_media_url":"https:\/\/i0.wp.com\/casadecampoliving.com\/wp-content\/uploads\/2022\/10\/fact-myth.jpg?fit=1000%2C522&ssl=1","jetpack-related-posts":[{"id":353725,"url":"https:\/\/casadecampoliving.com\/es\/que-es-covid-19-y-como-puede-protegerse\/","url_meta":{"origin":353729,"position":0},"title":"\u00bfQu\u00e9 es COVID-19 y c\u00f3mo puede protegerse?","author":"Casa de Campo Living","date":"20 Mar, 2020","format":false,"excerpt":"Para ayudar a protegernos a nosotros mismos y a quienes amamos, primero debemos saber a qu\u00e9 nos enfrentamos. Tenemos que estar al tanto de la informaci\u00f3n m\u00e1s reciente sobre el brote de COVID-19, disponible en el sitio web de la Organizaci\u00f3n Mundial de la Salud (OMS) y en la Rep\u00fablica\u2026","rel":"","context":"En \u00abCasa de Campo Living @es\u00bb","block_context":{"text":"Casa de Campo Living @es","link":"https:\/\/casadecampoliving.com\/category\/casa-de-campo-living-es\/"},"img":{"alt_text":"","src":"https:\/\/i0.wp.com\/casadecampoliving.com\/wp-content\/uploads\/2022\/10\/person-washing-his-hand-545014.jpg?fit=1000%2C600&ssl=1&resize=350%2C200","width":350,"height":200,"srcset":"https:\/\/i0.wp.com\/casadecampoliving.com\/wp-content\/uploads\/2022\/10\/person-washing-his-hand-545014.jpg?fit=1000%2C600&ssl=1&resize=350%2C200 1x, https:\/\/i0.wp.com\/casadecampoliving.com\/wp-content\/uploads\/2022\/10\/person-washing-his-hand-545014.jpg?fit=1000%2C600&ssl=1&resize=525%2C300 1.5x, https:\/\/i0.wp.com\/casadecampoliving.com\/wp-content\/uploads\/2022\/10\/person-washing-his-hand-545014.jpg?fit=1000%2C600&ssl=1&resize=700%2C400 2x"},"classes":[]},{"id":353752,"url":"https:\/\/casadecampoliving.com\/es\/casa-de-campo-resort-villas-destacado-en-el-sitio-web-golf-news-hub\/","url_meta":{"origin":353729,"position":1},"title":"Casa de Campo Resort &#038; Villas destacado en el sitio web &#8216;Golf News Hub&#8217;","author":"Casa de Campo Living","date":"15 May, 2020","format":false,"excerpt":"Golf News Hub es un foro creado para conectar personas que aman el golf y para quienes este deporte sigue desempe\u00f1ando un papel importante en muchas de sus vidas para compartir recuerdos, esperanzas e historias durante estos tiempos sin precedentes. Con historias sobre qu\u00e9 es lo que m\u00e1s extra\u00f1an los\u2026","rel":"","context":"En \u00abDestacados\u00bb","block_context":{"text":"Destacados","link":"https:\/\/casadecampoliving.com\/es\/category\/destacados\/"},"img":{"alt_text":"","src":"https:\/\/i0.wp.com\/casadecampoliving.com\/wp-content\/uploads\/2022\/10\/download-1.jpeg?fit=1000%2C549&ssl=1&resize=350%2C200","width":350,"height":200,"srcset":"https:\/\/i0.wp.com\/casadecampoliving.com\/wp-content\/uploads\/2022\/10\/download-1.jpeg?fit=1000%2C549&ssl=1&resize=350%2C200 1x, https:\/\/i0.wp.com\/casadecampoliving.com\/wp-content\/uploads\/2022\/10\/download-1.jpeg?fit=1000%2C549&ssl=1&resize=525%2C300 1.5x, https:\/\/i0.wp.com\/casadecampoliving.com\/wp-content\/uploads\/2022\/10\/download-1.jpeg?fit=1000%2C549&ssl=1&resize=700%2C400 2x"},"classes":[]},{"id":353806,"url":"https:\/\/casadecampoliving.com\/es\/covid-19-prevencion-y-consejos-para-la-comunidad-por-costasur-y-casa-de-campo-resort-villas\/","url_meta":{"origin":353729,"position":2},"title":"Covid-19 &#8211; Prevenci\u00f3n y consejos para la comunidad por Costasur y Casa de Campo Resort &#038; Villas","author":"Casa de Campo Living","date":"14 Jul, 2020","format":false,"excerpt":"De acuerdo con las reglamentaciones gubernamentales, Costasur y Casa de Campo Resort & Villas desean recordarnos que contin\u00faan implementando medidas de prevenci\u00f3n contra Covid-19 para proteger su salud y la de todos los miembros de nuestra comunidad. Por lo tanto, siguiendo las recomendaciones de las autoridades de salud p\u00fablica, es\u2026","rel":"","context":"En \u00abCostasur Dominicana @es\u00bb","block_context":{"text":"Costasur Dominicana @es","link":"https:\/\/casadecampoliving.com\/es\/category\/costasur-dominicana-es\/"},"img":{"alt_text":"","src":"https:\/\/i0.wp.com\/casadecampoliving.com\/wp-content\/uploads\/2022\/10\/39-Minitas-Beach-Club-1-Casa-de-Campo-Resort-1.jpg?fit=1000%2C667&ssl=1&resize=350%2C200","width":350,"height":200,"srcset":"https:\/\/i0.wp.com\/casadecampoliving.com\/wp-content\/uploads\/2022\/10\/39-Minitas-Beach-Club-1-Casa-de-Campo-Resort-1.jpg?fit=1000%2C667&ssl=1&resize=350%2C200 1x, https:\/\/i0.wp.com\/casadecampoliving.com\/wp-content\/uploads\/2022\/10\/39-Minitas-Beach-Club-1-Casa-de-Campo-Resort-1.jpg?fit=1000%2C667&ssl=1&resize=525%2C300 1.5x, https:\/\/i0.wp.com\/casadecampoliving.com\/wp-content\/uploads\/2022\/10\/39-Minitas-Beach-Club-1-Casa-de-Campo-Resort-1.jpg?fit=1000%2C667&ssl=1&resize=700%2C400 2x"},"classes":[]},{"id":349114,"url":"https:\/\/casadecampoliving.com\/es\/bocadillos-para-el-dia-de-san-valentin\/","url_meta":{"origin":353729,"position":3},"title":"Bocadillos para el D\u00eda de San Valent\u00edn","author":"Perkin Agramonte","date":"4 Feb, 2016","format":false,"excerpt":"El D\u00eda de San Valent\u00edn suele ser un feriado lleno de golosinas coloridas y de cajas de chocolate. Este a\u00f1o en vez de enfocarse en toda la az\u00facar enf\u00f3quese en la amistad y en mantener a sus seres queridos saludables. \u00a1Pruebe estas deliciosas y saludables alternativas para los dulces tradicionales\u2026","rel":"","context":"En \u00abCasa de Campo Living @es\u00bb","block_context":{"text":"Casa de Campo Living @es","link":"https:\/\/casadecampoliving.com\/category\/casa-de-campo-living-es\/"},"img":{"alt_text":"","src":"https:\/\/i0.wp.com\/casadecampoliving.com\/wp-content\/uploads\/2022\/10\/Fresas-1.jpg?fit=820%2C543&ssl=1&resize=350%2C200","width":350,"height":200,"srcset":"https:\/\/i0.wp.com\/casadecampoliving.com\/wp-content\/uploads\/2022\/10\/Fresas-1.jpg?fit=820%2C543&ssl=1&resize=350%2C200 1x, https:\/\/i0.wp.com\/casadecampoliving.com\/wp-content\/uploads\/2022\/10\/Fresas-1.jpg?fit=820%2C543&ssl=1&resize=525%2C300 1.5x, https:\/\/i0.wp.com\/casadecampoliving.com\/wp-content\/uploads\/2022\/10\/Fresas-1.jpg?fit=820%2C543&ssl=1&resize=700%2C400 2x"},"classes":[]},{"id":347395,"url":"https:\/\/casadecampoliving.com\/es\/casabe-fuente-nutrientes-completamente-natural\/","url_meta":{"origin":353729,"position":4},"title":"Casabe, una fuente de nutrientes completamente natural","author":"Jacqueline Banks","date":"28 May, 2015","format":false,"excerpt":"El casabe es uno de mis bocadillos dominicanos favoritos. \u00a1Elaborado a partir de la ra\u00edz de yuca, es vers\u00e1til, delicioso y nutritivo! Carece de az\u00facar, sal, grasa y gluten y sirve como remplazo a las galletas, las papitas o incluso el pan. Es alto en fibra y mantiene su est\u00f3mago\u2026","rel":"","context":"En \u00abDeportes\u00bb","block_context":{"text":"Deportes","link":"https:\/\/casadecampoliving.com\/es\/category\/golf-deportes-es\/"},"img":{"alt_text":"Casabe","src":"https:\/\/i0.wp.com\/casadecampoliving.com\/wp-content\/uploads\/2022\/10\/Casabe1-1.jpg?fit=551%2C344&ssl=1&resize=350%2C200","width":350,"height":200,"srcset":"https:\/\/i0.wp.com\/casadecampoliving.com\/wp-content\/uploads\/2022\/10\/Casabe1-1.jpg?fit=551%2C344&ssl=1&resize=350%2C200 1x, https:\/\/i0.wp.com\/casadecampoliving.com\/wp-content\/uploads\/2022\/10\/Casabe1-1.jpg?fit=551%2C344&ssl=1&resize=525%2C300 1.5x"},"classes":[]},{"id":348335,"url":"https:\/\/casadecampoliving.com\/es\/3-alimentos-saludables-que-hacen-mas-dano-que-bien\/","url_meta":{"origin":353729,"position":5},"title":"3 alimentos saludables que hacen m\u00e1s da\u00f1o que bien","author":"Jacqueline Banks","date":"1 Oct, 2015","format":false,"excerpt":"Si tratas de mantenerte saludable, probablemente has le\u00eddo algunos libros de salud o has adquirido\u00a0informaci\u00f3n en\u00a0sitios web y has incorporado \u201cbuenos h\u00e1bitos\u201d en tu\u00a0vida. Algunos de ellos quiz\u00e1s te est\u00e9n ayudando a mantenerte saludable, pero algunos podr\u00edan no ser muy adecuados para ti. Aqu\u00ed hay algunos tips\u00a0populares que pueden estar\u2026","rel":"","context":"En \u00abCasa de Campo Living @es\u00bb","block_context":{"text":"Casa de Campo Living @es","link":"https:\/\/casadecampoliving.com\/category\/casa-de-campo-living-es\/"},"img":{"alt_text":"Soya","src":"https:\/\/i0.wp.com\/casadecampoliving.com\/wp-content\/uploads\/2022\/10\/Soya-1.jpg?fit=650%2C400&ssl=1&resize=350%2C200","width":350,"height":200,"srcset":"https:\/\/i0.wp.com\/casadecampoliving.com\/wp-content\/uploads\/2022\/10\/Soya-1.jpg?fit=650%2C400&ssl=1&resize=350%2C200 1x, https:\/\/i0.wp.com\/casadecampoliving.com\/wp-content\/uploads\/2022\/10\/Soya-1.jpg?fit=650%2C400&ssl=1&resize=525%2C300 1.5x"},"classes":[]}],"jetpack_sharing_enabled":true,"_links":{"self":[{"href":"https:\/\/casadecampoliving.com\/es\/wp-json\/wp\/v2\/posts\/353729","targetHints":{"allow":["GET"]}}],"collection":[{"href":"https:\/\/casadecampoliving.com\/es\/wp-json\/wp\/v2\/posts"}],"about":[{"href":"https:\/\/casadecampoliving.com\/es\/wp-json\/wp\/v2\/types\/post"}],"author":[{"embeddable":true,"href":"https:\/\/casadecampoliving.com\/es\/wp-json\/wp\/v2\/users\/36791"}],"replies":[{"embeddable":true,"href":"https:\/\/casadecampoliving.com\/es\/wp-json\/wp\/v2\/comments?post=353729"}],"version-history":[{"count":0,"href":"https:\/\/casadecampoliving.com\/es\/wp-json\/wp\/v2\/posts\/353729\/revisions"}],"wp:featuredmedia":[{"embeddable":true,"href":"https:\/\/casadecampoliving.com\/es\/wp-json\/wp\/v2\/media\/312483"}],"wp:attachment":[{"href":"https:\/\/casadecampoliving.com\/es\/wp-json\/wp\/v2\/media?parent=353729"}],"wp:term":[{"taxonomy":"category","embeddable":true,"href":"https:\/\/casadecampoliving.com\/es\/wp-json\/wp\/v2\/categories?post=353729"},{"taxonomy":"post_tag","embeddable":true,"href":"https:\/\/casadecampoliving.com\/es\/wp-json\/wp\/v2\/tags?post=353729"},{"taxonomy":"newspack_spnsrs_tax","embeddable":true,"href":"https:\/\/casadecampoliving.com\/es\/wp-json\/wp\/v2\/newspack_spnsrs_tax?post=353729"}],"curies":[{"name":"wp","href":"https:\/\/api.w.org\/{rel}","templated":true}]}}