{"id":353728,"date":"2020-03-30T00:00:00","date_gmt":"2020-03-30T04:00:00","guid":{"rendered":"https:\/\/casadecampoliving.com\/en-memoria-de-jenny-polanco\/"},"modified":"2022-10-21T19:20:30","modified_gmt":"2022-10-21T23:20:30","slug":"en-memoria-de-jenny-polanco","status":"publish","type":"post","link":"https:\/\/casadecampoliving.com\/es\/en-memoria-de-jenny-polanco\/","title":{"rendered":"En memoria de Jenny Polanco \u201cMe inspiro en la dominicanidad.\u201d"},"content":{"rendered":"\n<p>Apasionada e inspiradora. Si hay palabras que podr\u00edamos usar para describir a la dise\u00f1adora dominicana Jenny Polanco, ser\u00edan esas. En un amoroso recuerdo de ella, aqu\u00ed te traemos una vez m\u00e1s una entrevista con Jenny Polanco publicada anteriormente en la <strong>revista TODO Casa de Campo<\/strong>, en 2013.<\/p>\n\n\n\n<p>Considerada como una de las dise\u00f1adoras m\u00e1s aclamadas de la Rep\u00fablica Dominicana, Jenny Polanco fue tan entusiasta, creativa y apasionada por su trabajo que trascendi\u00f3 su esencia. Con m\u00e1s de 4 d\u00e9cadas de experiencia, su entusiasmo por su arte y compromiso con sus clientes le permiti\u00f3 desarrollarse m\u00e1s all\u00e1 de s\u00ed misma y de sus dise\u00f1os y no solo en una marca, sino tambi\u00e9n en un concepto, un s\u00edmbolo de visi\u00f3n de futuro que combinaba su pasi\u00f3n por el dise\u00f1o con su arraigada necesidad de ayudar a los dem\u00e1s.<\/p>\n\n\n\n<blockquote class=\"wp-block-quote is-layout-flow wp-block-quote-is-layout-flow\"><p><strong>@cdcliving:&nbsp;\u00bfQu\u00e9 le inspira a basar y enfocar sus dise\u00f1os en el arte dominicano y qu\u00e9 es lo que verdaderamente le apasiona del arte dominicano?<\/strong><\/p><p>En realidad, en lo nuestro; nuestro pa\u00eds, nuestra gente, nuestra esencia. Tambi\u00e9n, me apoyo en esos artistas contempor\u00e1neos que se identifican con esta b\u00fasqueda.<\/p><p><strong>@cdcliving: \u00bfC\u00f3mo es el proceso de dise\u00f1o para usted?<\/strong><\/p><p>Hay colecciones en las que puedo sentir la musa de cerca; como con la \u00faltima, \u201cBlanco\u201d, en la que trabajamos fuertemente en encontrar un lenguaje diferente dentro del habitual. En otras, la musa aparece cuando casi est\u00e1 lista y le aporta el toque final, el detalle que la hace especial.<\/p><p><strong>@cdcliving:&nbsp;\u00bfDesde sus inicios en el dise\u00f1o de modas, qu\u00e9 ha cambiado y qu\u00e9 permanece igual para usted como persona y profesional?<\/strong><\/p><p>He madurado\u2026 creo (risas)! Y tomo tanto los errores como las satisfacciones con m\u00e1s naturalidad\u2026 todo pasa. \u00bfQu\u00e9 se mantiene? Se mantiene mi entusiasmo por el trabajo, la ilusi\u00f3n de responder a mis clientes con creaciones nuevas todo el tiempo; as\u00ed como el uso del lino como materia prima base de mis dise\u00f1os.<\/p><p style=\"font-weight: 400;\"><strong>@cdcliving:&nbsp;\u00bfQu\u00e9 satisfacciones le ha tra\u00eddo Casa de Campo a su vida?<\/strong><\/p><p style=\"font-weight: 400;\">Casa de Campo es mi escape, es el lugar donde recupero mis energ\u00edas y mis imprescindibles. Disfruto el silencio, que es uno de los grandes lujos de estos tiempos; la seguridad de sentirme libre; el despertarme con el canto de los p\u00e1jaros, el verdor; montar mi bicicleta, hacer yoga y ba\u00f1arme en \u201cminita\u201d\u2026 son placeres sencillos, pero cada vez m\u00e1s dif\u00edciles de satisfacer en la urbanizaci\u00f3n.<\/p><p dir=\"ltr\"><strong>@cdcliving:&nbsp;\u00bfSabemos que fue maestra en la Escuela de Arte y Dise\u00f1o de Altos de Chav\u00f3n, qu\u00e9 lugar tiene esta escuela en la vida de Jenny Polanco?<\/strong><\/p><p dir=\"ltr\">Me siento parte de la Escuela de Altos de Chav\u00f3n, no s\u00f3lo porque particip\u00e9 en ella, sino porque sus directores, Dominique Bludhorn y Stephen Kaplan, me han hecho parte de ella; de mi parte, asesor\u00e1ndolos en todo lo que puedo; de parte de ellos, visitando mis talleres y apoy\u00e1ndome en mis exposiciones \u2026 en fin, contamos los unos con los otros. Ense\u00f1ar fue una experiencia \u00fanica; transmitir lo que ha sido y mi experiencia de trabajo y mi f\u00f3rmula de desarrollo fue, realmente, de gran satisfacci\u00f3n.<\/p><p><strong>@cdcliving:&nbsp;\u00bfCu\u00e1l es el legado que quisiera dejar?<\/strong><\/p><p>Quisiera ser la primera marca de f\u00e1brica de dise\u00f1o dominicana que trascienda la existencia f\u00edsica de su creador\u2026 cada vez lo veo m\u00e1s dif\u00edcil de lograr, pero seguir\u00e9 tratando.<\/p><\/blockquote>\n\n\n\n<p><em>Para leer la entrevista completa, puede hacer clic a continuaci\u00f3n. En honor a Jenny, que nosotros, la comunidad de Casa de Campo y todos los que la amamos en todo el pa\u00eds sigamos apoyando y amando a su familia y su marca, para que su concepto y amor por el arte contin\u00faen prosperando y viviendo en recuerdo de una mujer que persigui\u00f3 sus sue\u00f1os.<\/em><\/p>\n\n\n\n<blockquote><p class=\"post-title entry-title left\"><a href=\"https:\/\/casadecampoliving.com\/es\/entrevista-con-jenny-polanco-me-inspiro-en-la-dominicanidad\/\" target=\"_blank\" rel=\"noopener noreferrer\"><strong>Entrevista con Jenny Polanco: \u201cMe inspiro en la dominicanidad.\u201d<\/strong><\/a><\/p><figure><a href=\"https:\/\/casadecampoliving.com\/es\/entrevista-con-jenny-polanco-me-inspiro-en-la-dominicanidad\/\" target=\"_blank\" rel=\"noopener noreferrer\"><img decoding=\"async\" loading=\"lazy\" class=\"size-full wp-image-54189 alignnone\" src=\"https:\/\/i0.wp.com\/casadecampoliving.com\/wp-content\/uploads\/2022\/10\/jenny_polanco2-12.jpg?resize=650%2C311&amp;ssl=1\" alt=\"jenny polanco\" width=\"650\" height=\"311\"><\/a><\/figure><\/blockquote>\n\n\n\n<div id=\"post-info-wrap\" class=\"left relative\">\n<div class=\"post-info-out\">&nbsp;<\/div>\n<\/div>\n","protected":false},"excerpt":{"rendered":"<p>Apasionada e inspiradora. Si hay palabras que podr\u00edamos usar para describir a la dise\u00f1adora dominicana Jenny Polanco, ser\u00edan esas. En un amoroso recuerdo de ella, aqu\u00ed te traemos una vez m\u00e1s una entrevista con Jenny Polanco publicada anteriormente en la revista TODO Casa de Campo, en 2013. Considerada como una de las dise\u00f1adoras m\u00e1s aclamadas [&hellip;]<\/p>\n","protected":false},"author":36791,"featured_media":312474,"comment_status":"closed","ping_status":"open","sticky":false,"template":"","format":"standard","meta":{"newspack_ads_suppress_ads":false,"newspack_popups_has_disabled_popups":false,"newspack_sponsor_sponsorship_scope":"","newspack_sponsor_native_byline_display":"inherit","newspack_sponsor_native_category_display":"inherit","newspack_sponsor_underwriter_style":"inherit","newspack_sponsor_underwriter_placement":"inherit","_newspack_byline_active":false,"_newspack_byline":"","newspack_hide_updated_date":false,"newspack_show_updated_date":false,"newspack_content_restriction_is_exempt":false,"newspack_featured_image_position":"","newspack_post_subtitle":"","newspack_article_summary_title":"Overview:","newspack_article_summary":"","_jetpack_memberships_contains_paid_content":false,"footnotes":"","jetpack_publicize_message":"","jetpack_publicize_feature_enabled":true,"jetpack_social_post_already_shared":false,"jetpack_social_options":{"image_generator_settings":{"template":"highway","default_image_id":0,"font":"","enabled":false},"version":2},"_wpas_customize_per_network":false},"categories":[26823,2521],"tags":[15387,21650,3941,14736,4903],"newspack_spnsrs_tax":[],"class_list":["post-353728","post","type-post","status-publish","format-standard","has-post-thumbnail","hentry","category-arte-y-cultura","category-republica-dominicana-2","tag-altos-de-chavon-es","tag-en-memoria","tag-entrevista","tag-featured-topview-es","tag-jenny-polanco-es","entry"],"yoast_head":"<!-- This site is optimized with the Yoast SEO plugin v27.5 - https:\/\/yoast.com\/product\/yoast-seo-wordpress\/ -->\n<title>En memoria de Jenny Polanco \u201cMe inspiro en la dominicanidad.\u201d | Casa de Campo Living<\/title>\n<meta name=\"description\" content=\"Apasionada e inspiradora. Si hay palabras que podr\u00edamos usar para describir a la dise\u00f1adora dominicana Jenny Polanco, ser\u00edan esas. En un amoroso recuerdo\" \/>\n<meta name=\"robots\" content=\"index, follow, max-snippet:-1, max-image-preview:large, max-video-preview:-1\" \/>\n<link rel=\"canonical\" href=\"https:\/\/casadecampoliving.com\/es\/en-memoria-de-jenny-polanco\/\" \/>\n<meta property=\"og:locale\" content=\"es_ES\" \/>\n<meta property=\"og:type\" content=\"article\" \/>\n<meta property=\"og:title\" content=\"En memoria de Jenny Polanco \u201cMe inspiro en la dominicanidad.\u201d | Casa de Campo Living\" \/>\n<meta property=\"og:description\" content=\"Apasionada e inspiradora. Si hay palabras que podr\u00edamos usar para describir a la dise\u00f1adora dominicana Jenny Polanco, ser\u00edan esas. En un amoroso recuerdo\" \/>\n<meta property=\"og:url\" content=\"https:\/\/casadecampoliving.com\/es\/en-memoria-de-jenny-polanco\/\" \/>\n<meta property=\"og:site_name\" content=\"Casa de Campo Living\" \/>\n<meta property=\"article:publisher\" content=\"https:\/\/www.facebook.com\/casadecampoliving\" \/>\n<meta property=\"article:published_time\" content=\"2020-03-30T04:00:00+00:00\" \/>\n<meta property=\"article:modified_time\" content=\"2022-10-21T23:20:30+00:00\" \/>\n<meta property=\"og:image\" content=\"https:\/\/i0.wp.com\/casadecampoliving.com\/wp-content\/uploads\/2022\/10\/P1100076.jpg?fit=1000%2C563&ssl=1\" \/>\n\t<meta property=\"og:image:width\" content=\"1000\" \/>\n\t<meta property=\"og:image:height\" content=\"563\" \/>\n\t<meta property=\"og:image:type\" content=\"image\/jpeg\" \/>\n<meta name=\"author\" content=\"Casa de Campo Living\" \/>\n<meta name=\"twitter:card\" content=\"summary_large_image\" \/>\n<meta name=\"twitter:creator\" content=\"@cdcliving\" \/>\n<meta name=\"twitter:site\" content=\"@cdcliving\" \/>\n<meta name=\"twitter:label1\" content=\"Escrito por\" \/>\n\t<meta name=\"twitter:data1\" content=\"Casa de Campo Living\" \/>\n\t<meta name=\"twitter:label2\" content=\"Tiempo de lectura\" \/>\n\t<meta name=\"twitter:data2\" content=\"3 minutos\" \/>\n<script type=\"application\/ld+json\" class=\"yoast-schema-graph\">{\"@context\":\"https:\\\/\\\/schema.org\",\"@graph\":[{\"@type\":\"Article\",\"@id\":\"https:\\\/\\\/casadecampoliving.com\\\/es\\\/en-memoria-de-jenny-polanco\\\/#article\",\"isPartOf\":{\"@id\":\"https:\\\/\\\/casadecampoliving.com\\\/es\\\/en-memoria-de-jenny-polanco\\\/\"},\"author\":{\"name\":\"Casa de Campo Living\",\"@id\":\"https:\\\/\\\/casadecampoliving.com\\\/es\\\/#\\\/schema\\\/person\\\/5d2171637a9d11e0e43ce6b8555f9422\"},\"headline\":\"En memoria de Jenny Polanco \u201cMe inspiro en la dominicanidad.\u201d\",\"datePublished\":\"2020-03-30T04:00:00+00:00\",\"dateModified\":\"2022-10-21T23:20:30+00:00\",\"mainEntityOfPage\":{\"@id\":\"https:\\\/\\\/casadecampoliving.com\\\/es\\\/en-memoria-de-jenny-polanco\\\/\"},\"wordCount\":687,\"publisher\":{\"@id\":\"https:\\\/\\\/casadecampoliving.com\\\/es\\\/#organization\"},\"image\":{\"@id\":\"https:\\\/\\\/casadecampoliving.com\\\/es\\\/en-memoria-de-jenny-polanco\\\/#primaryimage\"},\"thumbnailUrl\":\"https:\\\/\\\/i0.wp.com\\\/casadecampoliving.com\\\/wp-content\\\/uploads\\\/2022\\\/10\\\/P1100076.jpg?fit=1000%2C563&ssl=1\",\"keywords\":[\"Altos de Chavon\",\"en memoria\",\"entrevista\",\"Featured-TopView @es\",\"jenny polanco @es\"],\"articleSection\":[\"Arte y cultura\",\"Rep\u00fablica Dominicana @es\"],\"inLanguage\":\"es\"},{\"@type\":\"WebPage\",\"@id\":\"https:\\\/\\\/casadecampoliving.com\\\/es\\\/en-memoria-de-jenny-polanco\\\/\",\"url\":\"https:\\\/\\\/casadecampoliving.com\\\/es\\\/en-memoria-de-jenny-polanco\\\/\",\"name\":\"En memoria de Jenny Polanco \u201cMe inspiro en la dominicanidad.\u201d | Casa de Campo Living\",\"isPartOf\":{\"@id\":\"https:\\\/\\\/casadecampoliving.com\\\/es\\\/#website\"},\"primaryImageOfPage\":{\"@id\":\"https:\\\/\\\/casadecampoliving.com\\\/es\\\/en-memoria-de-jenny-polanco\\\/#primaryimage\"},\"image\":{\"@id\":\"https:\\\/\\\/casadecampoliving.com\\\/es\\\/en-memoria-de-jenny-polanco\\\/#primaryimage\"},\"thumbnailUrl\":\"https:\\\/\\\/i0.wp.com\\\/casadecampoliving.com\\\/wp-content\\\/uploads\\\/2022\\\/10\\\/P1100076.jpg?fit=1000%2C563&ssl=1\",\"datePublished\":\"2020-03-30T04:00:00+00:00\",\"dateModified\":\"2022-10-21T23:20:30+00:00\",\"description\":\"Apasionada e inspiradora. Si hay palabras que podr\u00edamos usar para describir a la dise\u00f1adora dominicana Jenny Polanco, ser\u00edan esas. En un amoroso recuerdo\",\"breadcrumb\":{\"@id\":\"https:\\\/\\\/casadecampoliving.com\\\/es\\\/en-memoria-de-jenny-polanco\\\/#breadcrumb\"},\"inLanguage\":\"es\",\"potentialAction\":[{\"@type\":\"ReadAction\",\"target\":[\"https:\\\/\\\/casadecampoliving.com\\\/es\\\/en-memoria-de-jenny-polanco\\\/\"]}]},{\"@type\":\"ImageObject\",\"inLanguage\":\"es\",\"@id\":\"https:\\\/\\\/casadecampoliving.com\\\/es\\\/en-memoria-de-jenny-polanco\\\/#primaryimage\",\"url\":\"https:\\\/\\\/i0.wp.com\\\/casadecampoliving.com\\\/wp-content\\\/uploads\\\/2022\\\/10\\\/P1100076.jpg?fit=1000%2C563&ssl=1\",\"contentUrl\":\"https:\\\/\\\/i0.wp.com\\\/casadecampoliving.com\\\/wp-content\\\/uploads\\\/2022\\\/10\\\/P1100076.jpg?fit=1000%2C563&ssl=1\",\"width\":1000,\"height\":563},{\"@type\":\"BreadcrumbList\",\"@id\":\"https:\\\/\\\/casadecampoliving.com\\\/es\\\/en-memoria-de-jenny-polanco\\\/#breadcrumb\",\"itemListElement\":[{\"@type\":\"ListItem\",\"position\":1,\"name\":\"Home\",\"item\":\"https:\\\/\\\/casadecampoliving.com\\\/es\\\/\"},{\"@type\":\"ListItem\",\"position\":2,\"name\":\"En memoria de Jenny Polanco \u201cMe inspiro en la dominicanidad.\u201d\"}]},{\"@type\":\"WebSite\",\"@id\":\"https:\\\/\\\/casadecampoliving.com\\\/es\\\/#website\",\"url\":\"https:\\\/\\\/casadecampoliving.com\\\/es\\\/\",\"name\":\"Casa de Campo Living\",\"description\":\"Resort community news and resources.\",\"publisher\":{\"@id\":\"https:\\\/\\\/casadecampoliving.com\\\/es\\\/#organization\"},\"potentialAction\":[{\"@type\":\"SearchAction\",\"target\":{\"@type\":\"EntryPoint\",\"urlTemplate\":\"https:\\\/\\\/casadecampoliving.com\\\/es\\\/?s={search_term_string}\"},\"query-input\":{\"@type\":\"PropertyValueSpecification\",\"valueRequired\":true,\"valueName\":\"search_term_string\"}}],\"inLanguage\":\"es\"},{\"@type\":\"Organization\",\"@id\":\"https:\\\/\\\/casadecampoliving.com\\\/es\\\/#organization\",\"name\":\"Casa de Campo Living\",\"url\":\"https:\\\/\\\/casadecampoliving.com\\\/es\\\/\",\"logo\":{\"@type\":\"ImageObject\",\"inLanguage\":\"es\",\"@id\":\"https:\\\/\\\/casadecampoliving.com\\\/es\\\/#\\\/schema\\\/logo\\\/image\\\/\",\"url\":\"https:\\\/\\\/i0.wp.com\\\/casadecampoliving.com\\\/wp-content\\\/uploads\\\/2022\\\/07\\\/CDCLivingLogo_V1-white-sized.png?fit=800%2C214&ssl=1\",\"contentUrl\":\"https:\\\/\\\/i0.wp.com\\\/casadecampoliving.com\\\/wp-content\\\/uploads\\\/2022\\\/07\\\/CDCLivingLogo_V1-white-sized.png?fit=800%2C214&ssl=1\",\"width\":800,\"height\":214,\"caption\":\"Casa de Campo Living\"},\"image\":{\"@id\":\"https:\\\/\\\/casadecampoliving.com\\\/es\\\/#\\\/schema\\\/logo\\\/image\\\/\"},\"sameAs\":[\"https:\\\/\\\/www.facebook.com\\\/casadecampoliving\",\"https:\\\/\\\/x.com\\\/cdcliving\"]},{\"@type\":\"Person\",\"@id\":\"https:\\\/\\\/casadecampoliving.com\\\/es\\\/#\\\/schema\\\/person\\\/5d2171637a9d11e0e43ce6b8555f9422\",\"name\":\"Casa de Campo Living\",\"image\":{\"@type\":\"ImageObject\",\"inLanguage\":\"es\",\"@id\":\"https:\\\/\\\/secure.gravatar.com\\\/avatar\\\/d04101fa4a9fd431e939953b1500fdc7a73cd35029f86d98712fd8ccdaebaf9a?s=96&d=mm&r=g\",\"url\":\"https:\\\/\\\/secure.gravatar.com\\\/avatar\\\/d04101fa4a9fd431e939953b1500fdc7a73cd35029f86d98712fd8ccdaebaf9a?s=96&d=mm&r=g\",\"contentUrl\":\"https:\\\/\\\/secure.gravatar.com\\\/avatar\\\/d04101fa4a9fd431e939953b1500fdc7a73cd35029f86d98712fd8ccdaebaf9a?s=96&d=mm&r=g\",\"caption\":\"Casa de Campo Living\"},\"url\":\"https:\\\/\\\/casadecampoliving.com\\\/es\\\/author\\\/casa-de-campo-living\\\/\"}]}<\/script>\n<!-- \/ Yoast SEO plugin. -->","yoast_head_json":{"title":"En memoria de Jenny Polanco \u201cMe inspiro en la dominicanidad.\u201d | Casa de Campo Living","description":"Apasionada e inspiradora. Si hay palabras que podr\u00edamos usar para describir a la dise\u00f1adora dominicana Jenny Polanco, ser\u00edan esas. En un amoroso recuerdo","robots":{"index":"index","follow":"follow","max-snippet":"max-snippet:-1","max-image-preview":"max-image-preview:large","max-video-preview":"max-video-preview:-1"},"canonical":"https:\/\/casadecampoliving.com\/es\/en-memoria-de-jenny-polanco\/","og_locale":"es_ES","og_type":"article","og_title":"En memoria de Jenny Polanco \u201cMe inspiro en la dominicanidad.\u201d | Casa de Campo Living","og_description":"Apasionada e inspiradora. Si hay palabras que podr\u00edamos usar para describir a la dise\u00f1adora dominicana Jenny Polanco, ser\u00edan esas. En un amoroso recuerdo","og_url":"https:\/\/casadecampoliving.com\/es\/en-memoria-de-jenny-polanco\/","og_site_name":"Casa de Campo Living","article_publisher":"https:\/\/www.facebook.com\/casadecampoliving","article_published_time":"2020-03-30T04:00:00+00:00","article_modified_time":"2022-10-21T23:20:30+00:00","og_image":[{"width":1000,"height":563,"url":"https:\/\/i0.wp.com\/casadecampoliving.com\/wp-content\/uploads\/2022\/10\/P1100076.jpg?fit=1000%2C563&ssl=1","type":"image\/jpeg"}],"author":"Casa de Campo Living","twitter_card":"summary_large_image","twitter_creator":"@cdcliving","twitter_site":"@cdcliving","twitter_misc":{"Escrito por":"Casa de Campo Living","Tiempo de lectura":"3 minutos"},"schema":{"@context":"https:\/\/schema.org","@graph":[{"@type":"Article","@id":"https:\/\/casadecampoliving.com\/es\/en-memoria-de-jenny-polanco\/#article","isPartOf":{"@id":"https:\/\/casadecampoliving.com\/es\/en-memoria-de-jenny-polanco\/"},"author":{"name":"Casa de Campo Living","@id":"https:\/\/casadecampoliving.com\/es\/#\/schema\/person\/5d2171637a9d11e0e43ce6b8555f9422"},"headline":"En memoria de Jenny Polanco \u201cMe inspiro en la dominicanidad.\u201d","datePublished":"2020-03-30T04:00:00+00:00","dateModified":"2022-10-21T23:20:30+00:00","mainEntityOfPage":{"@id":"https:\/\/casadecampoliving.com\/es\/en-memoria-de-jenny-polanco\/"},"wordCount":687,"publisher":{"@id":"https:\/\/casadecampoliving.com\/es\/#organization"},"image":{"@id":"https:\/\/casadecampoliving.com\/es\/en-memoria-de-jenny-polanco\/#primaryimage"},"thumbnailUrl":"https:\/\/i0.wp.com\/casadecampoliving.com\/wp-content\/uploads\/2022\/10\/P1100076.jpg?fit=1000%2C563&ssl=1","keywords":["Altos de Chavon","en memoria","entrevista","Featured-TopView @es","jenny polanco @es"],"articleSection":["Arte y cultura","Rep\u00fablica Dominicana @es"],"inLanguage":"es"},{"@type":"WebPage","@id":"https:\/\/casadecampoliving.com\/es\/en-memoria-de-jenny-polanco\/","url":"https:\/\/casadecampoliving.com\/es\/en-memoria-de-jenny-polanco\/","name":"En memoria de Jenny Polanco \u201cMe inspiro en la dominicanidad.\u201d | Casa de Campo Living","isPartOf":{"@id":"https:\/\/casadecampoliving.com\/es\/#website"},"primaryImageOfPage":{"@id":"https:\/\/casadecampoliving.com\/es\/en-memoria-de-jenny-polanco\/#primaryimage"},"image":{"@id":"https:\/\/casadecampoliving.com\/es\/en-memoria-de-jenny-polanco\/#primaryimage"},"thumbnailUrl":"https:\/\/i0.wp.com\/casadecampoliving.com\/wp-content\/uploads\/2022\/10\/P1100076.jpg?fit=1000%2C563&ssl=1","datePublished":"2020-03-30T04:00:00+00:00","dateModified":"2022-10-21T23:20:30+00:00","description":"Apasionada e inspiradora. Si hay palabras que podr\u00edamos usar para describir a la dise\u00f1adora dominicana Jenny Polanco, ser\u00edan esas. En un amoroso recuerdo","breadcrumb":{"@id":"https:\/\/casadecampoliving.com\/es\/en-memoria-de-jenny-polanco\/#breadcrumb"},"inLanguage":"es","potentialAction":[{"@type":"ReadAction","target":["https:\/\/casadecampoliving.com\/es\/en-memoria-de-jenny-polanco\/"]}]},{"@type":"ImageObject","inLanguage":"es","@id":"https:\/\/casadecampoliving.com\/es\/en-memoria-de-jenny-polanco\/#primaryimage","url":"https:\/\/i0.wp.com\/casadecampoliving.com\/wp-content\/uploads\/2022\/10\/P1100076.jpg?fit=1000%2C563&ssl=1","contentUrl":"https:\/\/i0.wp.com\/casadecampoliving.com\/wp-content\/uploads\/2022\/10\/P1100076.jpg?fit=1000%2C563&ssl=1","width":1000,"height":563},{"@type":"BreadcrumbList","@id":"https:\/\/casadecampoliving.com\/es\/en-memoria-de-jenny-polanco\/#breadcrumb","itemListElement":[{"@type":"ListItem","position":1,"name":"Home","item":"https:\/\/casadecampoliving.com\/es\/"},{"@type":"ListItem","position":2,"name":"En memoria de Jenny Polanco \u201cMe inspiro en la dominicanidad.\u201d"}]},{"@type":"WebSite","@id":"https:\/\/casadecampoliving.com\/es\/#website","url":"https:\/\/casadecampoliving.com\/es\/","name":"Casa de Campo Living","description":"Resort community news and resources.","publisher":{"@id":"https:\/\/casadecampoliving.com\/es\/#organization"},"potentialAction":[{"@type":"SearchAction","target":{"@type":"EntryPoint","urlTemplate":"https:\/\/casadecampoliving.com\/es\/?s={search_term_string}"},"query-input":{"@type":"PropertyValueSpecification","valueRequired":true,"valueName":"search_term_string"}}],"inLanguage":"es"},{"@type":"Organization","@id":"https:\/\/casadecampoliving.com\/es\/#organization","name":"Casa de Campo Living","url":"https:\/\/casadecampoliving.com\/es\/","logo":{"@type":"ImageObject","inLanguage":"es","@id":"https:\/\/casadecampoliving.com\/es\/#\/schema\/logo\/image\/","url":"https:\/\/i0.wp.com\/casadecampoliving.com\/wp-content\/uploads\/2022\/07\/CDCLivingLogo_V1-white-sized.png?fit=800%2C214&ssl=1","contentUrl":"https:\/\/i0.wp.com\/casadecampoliving.com\/wp-content\/uploads\/2022\/07\/CDCLivingLogo_V1-white-sized.png?fit=800%2C214&ssl=1","width":800,"height":214,"caption":"Casa de Campo Living"},"image":{"@id":"https:\/\/casadecampoliving.com\/es\/#\/schema\/logo\/image\/"},"sameAs":["https:\/\/www.facebook.com\/casadecampoliving","https:\/\/x.com\/cdcliving"]},{"@type":"Person","@id":"https:\/\/casadecampoliving.com\/es\/#\/schema\/person\/5d2171637a9d11e0e43ce6b8555f9422","name":"Casa de Campo Living","image":{"@type":"ImageObject","inLanguage":"es","@id":"https:\/\/secure.gravatar.com\/avatar\/d04101fa4a9fd431e939953b1500fdc7a73cd35029f86d98712fd8ccdaebaf9a?s=96&d=mm&r=g","url":"https:\/\/secure.gravatar.com\/avatar\/d04101fa4a9fd431e939953b1500fdc7a73cd35029f86d98712fd8ccdaebaf9a?s=96&d=mm&r=g","contentUrl":"https:\/\/secure.gravatar.com\/avatar\/d04101fa4a9fd431e939953b1500fdc7a73cd35029f86d98712fd8ccdaebaf9a?s=96&d=mm&r=g","caption":"Casa de Campo Living"},"url":"https:\/\/casadecampoliving.com\/es\/author\/casa-de-campo-living\/"}]}},"parsely":{"version":"1.1.0","canonical_url":"https:\/\/casadecampoliving.com\/es\/en-memoria-de-jenny-polanco\/","smart_links":{"inbound":0,"outbound":0},"traffic_boost_suggestions_count":0,"meta":{"@context":"https:\/\/schema.org","@type":"NewsArticle","headline":"En memoria de Jenny Polanco \u201cMe inspiro en la dominicanidad.\u201d","url":"http:\/\/casadecampoliving.com\/es\/en-memoria-de-jenny-polanco\/","mainEntityOfPage":{"@type":"WebPage","@id":"http:\/\/casadecampoliving.com\/es\/en-memoria-de-jenny-polanco\/"},"thumbnailUrl":"https:\/\/i0.wp.com\/casadecampoliving.com\/wp-content\/uploads\/2022\/10\/P1100076.jpg?resize=150%2C150&ssl=1","image":{"@type":"ImageObject","url":"https:\/\/i0.wp.com\/casadecampoliving.com\/wp-content\/uploads\/2022\/10\/P1100076.jpg?fit=1000%2C563&ssl=1"},"articleSection":"Arte y cultura","author":[{"@type":"Person","name":"Casa de Campo Living"}],"creator":["Casa de Campo Living"],"publisher":{"@type":"Organization","name":"Casa de Campo Living","logo":"https:\/\/casadecampoliving.com\/wp-content\/uploads\/2022\/07\/CDCLivingLogo_V1-white-sized.png"},"keywords":["altos de chavon","en memoria","entrevista","featured-topview @es","jenny polanco @es"],"dateCreated":"2020-03-30T04:00:00Z","datePublished":"2020-03-30T04:00:00Z","dateModified":"2022-10-21T23:20:30Z"},"rendered":"<script type=\"application\/ld+json\" class=\"wp-parsely-metadata\">{\"@context\":\"https:\\\/\\\/schema.org\",\"@type\":\"NewsArticle\",\"headline\":\"En memoria de Jenny Polanco \\u201cMe inspiro en la dominicanidad.\\u201d\",\"url\":\"http:\\\/\\\/casadecampoliving.com\\\/es\\\/en-memoria-de-jenny-polanco\\\/\",\"mainEntityOfPage\":{\"@type\":\"WebPage\",\"@id\":\"http:\\\/\\\/casadecampoliving.com\\\/es\\\/en-memoria-de-jenny-polanco\\\/\"},\"thumbnailUrl\":\"https:\\\/\\\/i0.wp.com\\\/casadecampoliving.com\\\/wp-content\\\/uploads\\\/2022\\\/10\\\/P1100076.jpg?resize=150%2C150&ssl=1\",\"image\":{\"@type\":\"ImageObject\",\"url\":\"https:\\\/\\\/i0.wp.com\\\/casadecampoliving.com\\\/wp-content\\\/uploads\\\/2022\\\/10\\\/P1100076.jpg?fit=1000%2C563&ssl=1\"},\"articleSection\":\"Arte y cultura\",\"author\":[{\"@type\":\"Person\",\"name\":\"Casa de Campo Living\"}],\"creator\":[\"Casa de Campo Living\"],\"publisher\":{\"@type\":\"Organization\",\"name\":\"Casa de Campo Living\",\"logo\":\"https:\\\/\\\/casadecampoliving.com\\\/wp-content\\\/uploads\\\/2022\\\/07\\\/CDCLivingLogo_V1-white-sized.png\"},\"keywords\":[\"altos de chavon\",\"en memoria\",\"entrevista\",\"featured-topview @es\",\"jenny polanco @es\"],\"dateCreated\":\"2020-03-30T04:00:00Z\",\"datePublished\":\"2020-03-30T04:00:00Z\",\"dateModified\":\"2022-10-21T23:20:30Z\"}<\/script>","tracker_url":"https:\/\/cdn.parsely.com\/keys\/casadecampoliving.com\/p.js"},"jetpack_publicize_connections":[],"jetpack_featured_media_url":"https:\/\/i0.wp.com\/casadecampoliving.com\/wp-content\/uploads\/2022\/10\/P1100076.jpg?fit=1000%2C563&ssl=1","jetpack-related-posts":[{"id":343070,"url":"https:\/\/casadecampoliving.com\/es\/nuevas-sandalias-de-jenny-polanco\/","url_meta":{"origin":353728,"position":0},"title":"Nuevas sandalias de Jenny Polanco","author":"Genesis Perdomo","date":"15 Oct, 2013","format":false,"excerpt":"Jenny Polanco, famosa dise\u00f1adora dominicana, ex estudiante y profesora de la Escuela de arte y dise\u00f1o de Altos de Chav\u00f3n y tambi\u00e9n\u00a0Casa de Campo due\u00f1o de villa con 3 tiendas dentro del complejo, est\u00e1 creando nuevo dise\u00f1os para zapatos. Creados como parte de los eventos de Dominicana Moda, la cual\u2026","rel":"","context":"En \u00abAltos de Chavon @es\u00bb","block_context":{"text":"Altos de Chavon @es","link":"https:\/\/casadecampoliving.com\/category\/altos-de-chavon-es\/"},"img":{"alt_text":"Jenny Polanco","src":"https:\/\/i0.wp.com\/casadecampoliving.com\/wp-content\/uploads\/2022\/10\/jenny_polanco2-1.jpg?fit=650%2C475&ssl=1&resize=350%2C200","width":350,"height":200,"srcset":"https:\/\/i0.wp.com\/casadecampoliving.com\/wp-content\/uploads\/2022\/10\/jenny_polanco2-1.jpg?fit=650%2C475&ssl=1&resize=350%2C200 1x, https:\/\/i0.wp.com\/casadecampoliving.com\/wp-content\/uploads\/2022\/10\/jenny_polanco2-1.jpg?fit=650%2C475&ssl=1&resize=525%2C300 1.5x"},"classes":[]},{"id":342891,"url":"https:\/\/casadecampoliving.com\/es\/exhibicion-de-jenny-polanco-disenadora-dominicana\/","url_meta":{"origin":353728,"position":1},"title":"Foto shoot de Jenny Polanco con Dalia Fernandez","author":"Lenny Castillo","date":"16 Sep, 2013","format":false,"excerpt":"La Ex Miss Rep\u00fablica Dominicana, Dalia Fernandez estuvo en Casa de Campo la semana pasada en una rodaje de moda para la exitosa dise\u00f1adora dominicana Jenny Polanco. Tras haber lanzado una nueva colecci\u00f3n, Jenny Polanco quien tiene boutiques de moda, tanto en Altos de Chav\u00f3n como en La Marina Casa\u2026","rel":"","context":"En \u00abArte y cultura\u00bb","block_context":{"text":"Arte y cultura","link":"https:\/\/casadecampoliving.com\/category\/arte-y-cultura\/"},"img":{"alt_text":"","src":"https:\/\/i0.wp.com\/casadecampoliving.com\/wp-content\/uploads\/2022\/10\/dalia_fernandez-3.jpg?fit=650%2C380&ssl=1&resize=350%2C200","width":350,"height":200,"srcset":"https:\/\/i0.wp.com\/casadecampoliving.com\/wp-content\/uploads\/2022\/10\/dalia_fernandez-3.jpg?fit=650%2C380&ssl=1&resize=350%2C200 1x, https:\/\/i0.wp.com\/casadecampoliving.com\/wp-content\/uploads\/2022\/10\/dalia_fernandez-3.jpg?fit=650%2C380&ssl=1&resize=525%2C300 1.5x"},"classes":[]},{"id":347349,"url":"https:\/\/casadecampoliving.com\/es\/jenny-polanco-lanza-nueva-coleccion-es-arte-en-el-mercedes-benz-fashion-week\/","url_meta":{"origin":353728,"position":2},"title":"Jenny Polanco lanza nueva colecci\u00f3n \u00ab\u00bfEs Arte?\u00bb en el Mercedes Benz Fashion Week","author":"Felix Guerrero","date":"10 May, 2015","format":false,"excerpt":"Nuestra dise\u00f1adora favorita y miembro de la comunidad de Casa de Campo, Jenny Polanco present\u00f3 su nueva colecci\u00f3n en el Mercedes Benz Fashion Week, Santo Domingo, bajo el t\u00edtulo \u00bfEs Arte? \u00a1Y estar\u00e1 pr\u00f3ximamente en tiendas! Descrita por su creadora como\u00a0\"algo para la mujer bohemia sofisticada.\u201d, Jenny Polanco considera \u00bfEs\u2026","rel":"","context":"En \u00abArte y cultura\u00bb","block_context":{"text":"Arte y cultura","link":"https:\/\/casadecampoliving.com\/category\/arte-y-cultura\/"},"img":{"alt_text":"Es Arte header","src":"https:\/\/i0.wp.com\/casadecampoliving.com\/wp-content\/uploads\/2022\/10\/JPolanco18-copy-1.jpg?fit=645%2C510&ssl=1&resize=350%2C200","width":350,"height":200,"srcset":"https:\/\/i0.wp.com\/casadecampoliving.com\/wp-content\/uploads\/2022\/10\/JPolanco18-copy-1.jpg?fit=645%2C510&ssl=1&resize=350%2C200 1x, https:\/\/i0.wp.com\/casadecampoliving.com\/wp-content\/uploads\/2022\/10\/JPolanco18-copy-1.jpg?fit=645%2C510&ssl=1&resize=525%2C300 1.5x"},"classes":[]},{"id":345678,"url":"https:\/\/casadecampoliving.com\/es\/sample-sale-en-jenny-polanco-altos-de-chavon\/","url_meta":{"origin":353728,"position":3},"title":"\u201cSample Sale\u201d en Jenny Polanco, Altos de Chav\u00f3n","author":"Daniela Medina","date":"18 Oct, 2014","format":false,"excerpt":"\u00bfAcaso dijo DESCUENTO? \u00a1S\u00ed, eso es! La famosa dise\u00f1adora Dominicana, Jenny Polanco, estar\u00e1 organizando un \u201cSample Sale\u201d en piezas exclusivas de sus colecciones pasadas: \u00a1ropa y accesorios! Esta es tu oportunidad de obtener uno de los dise\u00f1os super chic de Jenny \u2013 \u00a1con descuentos incre\u00edbles! \u00a1\u00a1Espere ofertas con hasta un\u2026","rel":"","context":"En \u00abAltos de Chavon @es\u00bb","block_context":{"text":"Altos de Chavon @es","link":"https:\/\/casadecampoliving.com\/category\/altos-de-chavon-es\/"},"img":{"alt_text":"","src":"https:\/\/i0.wp.com\/casadecampoliving.com\/wp-content\/uploads\/2022\/10\/Jenny-Polanco-e1413319816620-1.jpg?fit=561%2C413&ssl=1&resize=350%2C200","width":350,"height":200,"srcset":"https:\/\/i0.wp.com\/casadecampoliving.com\/wp-content\/uploads\/2022\/10\/Jenny-Polanco-e1413319816620-1.jpg?fit=561%2C413&ssl=1&resize=350%2C200 1x, https:\/\/i0.wp.com\/casadecampoliving.com\/wp-content\/uploads\/2022\/10\/Jenny-Polanco-e1413319816620-1.jpg?fit=561%2C413&ssl=1&resize=525%2C300 1.5x"},"classes":[]},{"id":341813,"url":"https:\/\/casadecampoliving.com\/es\/joyeria-de-la-disenadora-dominicana-jenny-polanco-se-exhiben-en-monaco\/","url_meta":{"origin":353728,"position":4},"title":"Joyer\u00eda de la dise\u00f1adora dominicana Jenny Polanco se exhiben en M\u00f3naco","author":"Mairobi Herrera","date":"8 Jun, 2013","format":false,"excerpt":"Una nueva colecci\u00f3n de joyer\u00eda de la popular dise\u00f1adora dominicana Jenny Polanco fue presentada en La Casa de Am\u00e9rica Latina de M\u00f3naco, del 3 al 27 de Abril de 2013, conjuntamente con una exposici\u00f3n de arte contempor\u00e1neo Dominicano.\u00a0El evento fue coordinado por la se\u00f1ora\u00a0Sonia Villanueva de Brouwer, c\u00f3nsul del Principado\u2026","rel":"","context":"En \u00abAltos de Chavon @es\u00bb","block_context":{"text":"Altos de Chavon @es","link":"https:\/\/casadecampoliving.com\/category\/altos-de-chavon-es\/"},"img":{"alt_text":"ambar jenny polanco monaco","src":"https:\/\/i0.wp.com\/casadecampoliving.com\/wp-content\/uploads\/2022\/10\/ambar_jenny_polanco_monaco-1.jpg?fit=650%2C502&ssl=1&resize=350%2C200","width":350,"height":200,"srcset":"https:\/\/i0.wp.com\/casadecampoliving.com\/wp-content\/uploads\/2022\/10\/ambar_jenny_polanco_monaco-1.jpg?fit=650%2C502&ssl=1&resize=350%2C200 1x, https:\/\/i0.wp.com\/casadecampoliving.com\/wp-content\/uploads\/2022\/10\/ambar_jenny_polanco_monaco-1.jpg?fit=650%2C502&ssl=1&resize=525%2C300 1.5x"},"classes":[]},{"id":339539,"url":"https:\/\/casadecampoliving.com\/es\/un-adelanto-de-la-exhibicion-buscando-esencias-presentada-por-jenny-polanco-y-emiliano-larizza\/","url_meta":{"origin":353728,"position":5},"title":"Un adelanto de la exhibici\u00f3n \u00abBuscando Esencias\u00bb presentada por Jenny Polanco y Emiliano Larizza","author":"","date":"10 Ago, 2012","format":false,"excerpt":"Con poca frecuencia se tiene la oportunidad de disfrutar\u00a0 una exhibici\u00f3n de arte que combine el talento de dos grandes artistas, por lo que hoy, a solo unas horas de la apertura de la nueva exhibici\u00f3n \"Buscando Esencias\", presentada por Jenny Polanco y Emiliano Larizza en la galer\u00eda de arte\u2026","rel":"","context":"En \u00abAltos de Chavon @es\u00bb","block_context":{"text":"Altos de Chavon @es","link":"https:\/\/casadecampoliving.com\/category\/altos-de-chavon-es\/"},"img":{"alt_text":"jenny polanco","src":"https:\/\/i0.wp.com\/casadecampoliving.com\/wp-content\/uploads\/2022\/10\/jenny_polanco-19.jpg?fit=650%2C433&ssl=1&resize=350%2C200","width":350,"height":200,"srcset":"https:\/\/i0.wp.com\/casadecampoliving.com\/wp-content\/uploads\/2022\/10\/jenny_polanco-19.jpg?fit=650%2C433&ssl=1&resize=350%2C200 1x, https:\/\/i0.wp.com\/casadecampoliving.com\/wp-content\/uploads\/2022\/10\/jenny_polanco-19.jpg?fit=650%2C433&ssl=1&resize=525%2C300 1.5x"},"classes":[]}],"jetpack_sharing_enabled":true,"_links":{"self":[{"href":"https:\/\/casadecampoliving.com\/es\/wp-json\/wp\/v2\/posts\/353728","targetHints":{"allow":["GET"]}}],"collection":[{"href":"https:\/\/casadecampoliving.com\/es\/wp-json\/wp\/v2\/posts"}],"about":[{"href":"https:\/\/casadecampoliving.com\/es\/wp-json\/wp\/v2\/types\/post"}],"author":[{"embeddable":true,"href":"https:\/\/casadecampoliving.com\/es\/wp-json\/wp\/v2\/users\/36791"}],"replies":[{"embeddable":true,"href":"https:\/\/casadecampoliving.com\/es\/wp-json\/wp\/v2\/comments?post=353728"}],"version-history":[{"count":0,"href":"https:\/\/casadecampoliving.com\/es\/wp-json\/wp\/v2\/posts\/353728\/revisions"}],"wp:featuredmedia":[{"embeddable":true,"href":"https:\/\/casadecampoliving.com\/es\/wp-json\/wp\/v2\/media\/312474"}],"wp:attachment":[{"href":"https:\/\/casadecampoliving.com\/es\/wp-json\/wp\/v2\/media?parent=353728"}],"wp:term":[{"taxonomy":"category","embeddable":true,"href":"https:\/\/casadecampoliving.com\/es\/wp-json\/wp\/v2\/categories?post=353728"},{"taxonomy":"post_tag","embeddable":true,"href":"https:\/\/casadecampoliving.com\/es\/wp-json\/wp\/v2\/tags?post=353728"},{"taxonomy":"newspack_spnsrs_tax","embeddable":true,"href":"https:\/\/casadecampoliving.com\/es\/wp-json\/wp\/v2\/newspack_spnsrs_tax?post=353728"}],"curies":[{"name":"wp","href":"https:\/\/api.w.org\/{rel}","templated":true}]}}