{"id":353721,"date":"2020-03-13T00:00:00","date_gmt":"2020-03-13T04:00:00","guid":{"rendered":"https:\/\/casadecampoliving.com\/inauguracion-nuevo-centro-dermatologico-clinica-de-familia-la-romana-en-villa-hermosa\/"},"modified":"2022-10-21T19:18:43","modified_gmt":"2022-10-21T23:18:43","slug":"inauguracion-nuevo-centro-dermatologico-clinica-de-familia-la-romana-en-villa-hermosa","status":"publish","type":"post","link":"https:\/\/casadecampoliving.com\/es\/inauguracion-nuevo-centro-dermatologico-clinica-de-familia-la-romana-en-villa-hermosa\/","title":{"rendered":"Inauguraci\u00f3n Nuevo Centro Dermatol\u00f3gico Cl\u00ednica de Familia La Romana en Villa Hermosa"},"content":{"rendered":"\n<p>El pasado 4 de marzo, Cl\u00ednica de Familia inaugur\u00f3 su nuevo Centro Dermatol\u00f3gico Cl\u00ednica de Familia La Romana en el municipio de Villa Hermosa. Es un espacio creado con el objetivo de proveer nuevas opciones para el cuidado de la piel a esa comunidad.<\/p>\n\n\n\n<p>El acto inaugural cont\u00f3 con la conducci\u00f3n de la Encargada de Relaciones P\u00fablicas de Cl\u00ednica de Familia La Romana, Mar\u00eda Consuelo P\u00e9rez. La actividad dio inicio con las palabras de la representante de la Junta Directiva de Cl\u00ednica de Familia, Hilda Peguero quien valor\u00f3 el trabajo de expansi\u00f3n que realiza la instituci\u00f3n desde hace 20 a\u00f1os y el concepto \u201cfamilia\u201d que les caracteriza al momento de proveer servicios de salud. A seguidas Mina Halpern, Directora Ejecutiva de Cl\u00ednica de Familia, dio la bienvenida a los all\u00ed presentes, mostrando con gran alegr\u00eda la apertura de este centro con el objetivo de mejorar el acceso de la comunidad de Villa Hermosa a servicios de salud.<\/p>\n\n\n<div class=\"wp-block-image\">\n<figure class=\"aligncenter is-resized\"><img loading=\"lazy\" decoding=\"async\" data-attachment-id=\"204764\" data-permalink=\"https:\/\/casadecampoliving.com\/es\/img_5713\/\" data-orig-file=\"https:\/\/i0.wp.com\/casadecampoliving.com\/wp-content\/uploads\/2020\/03\/IMG_5713.jpg?fit=976%2C659&amp;ssl=1\" data-orig-size=\"976,659\" data-comments-opened=\"0\" data-image-meta=\"{&quot;aperture&quot;:&quot;10&quot;,&quot;credit&quot;:&quot;&quot;,&quot;camera&quot;:&quot;Canon EOS Rebel T6&quot;,&quot;caption&quot;:&quot;&quot;,&quot;created_timestamp&quot;:&quot;1583343531&quot;,&quot;copyright&quot;:&quot;&quot;,&quot;focal_length&quot;:&quot;30&quot;,&quot;iso&quot;:&quot;100&quot;,&quot;shutter_speed&quot;:&quot;0.005&quot;,&quot;title&quot;:&quot;&quot;,&quot;orientation&quot;:&quot;1&quot;}\" data-image-title=\"IMG_5713\" data-image-description=\"\" data-image-caption=\"\" data-large-file=\"https:\/\/i0.wp.com\/casadecampoliving.com\/wp-content\/uploads\/2020\/03\/IMG_5713.jpg?fit=976%2C659&amp;ssl=1\" src=\"https:\/\/i0.wp.com\/casadecampoliving.com\/wp-content\/uploads\/2022\/10\/IMG_5713.jpg?resize=976%2C659&amp;ssl=1\" alt=\"\" class=\"wp-image-204764\" height=\"659\" width=\"976\"\/><\/figure>\n<\/div>\n\n\n<p>Adicional a los servicios de dermatolog\u00eda, tambi\u00e9n proveer\u00e1n los servicios de laboratorio, teniendo un \u00e1rea de toma de muestra, para la realizaci\u00f3n de una amplia cantidad de anal\u00edticas, las cuales ser\u00e1n procesados en el laboratorio de Cl\u00ednica de Familia, lo cual ha recibido su certificaci\u00f3n de calidad con ISO 9001. Ya la comunidad no tendr\u00e1 que trasladarse a otras ciudades para adquirir estos servicios porque desde ya cuenta con servicios de dermatolog\u00eda y laboratorio cl\u00ednico.<\/p>\n\n\n\n<p>Luz Messina, Directora de este nuevo centro, present\u00f3 al personal del centro, incluyendo los dermat\u00f3logos, Dr. Rub\u00e9n Ra\u00fal L\u00f3pez y la Dra. Elaine Medina Trinidad, quienes tendr\u00e1n a su cargo la prestaci\u00f3n del servicio de dermatolog\u00eda. Tambien en este acto inaugural estuvo presente la Dra. Rhina Reyes, Directora Provincial de Salud de la provincia de La Romana, quien aplaudi\u00f3 con gran benepl\u00e1cito el que la comunidad cuente con este centro dermatol\u00f3gico, hablando de manera especial sobre la provisi\u00f3n de servicios de salud fidedignos que el pueblo reconoce desde hace 20 a\u00f1os en la Cl\u00ednica de Familia. De inmediato la Dra. Reyes, acompa\u00f1ada de Hilda Peguero, Mina Halpern, Luz Messina y Kellys King, Directora de Operaciones de Cl\u00ednica de Familia, realizaron el tradicional corte de cinta, dejando as\u00ed formalmente inaugurado este nuevo Centro Dermatol\u00f3gico Cl\u00ednica de Familia La Romana. Una vez ya realizado el corte de cinta Kellys King present\u00f3 los diferentes espacios que formar\u00e1n parte de este nuevo servicio de Cl\u00ednica de Familia La Romana.<\/p>\n\n\n\n<p>Si desean saber m\u00e1s del Centro Dermatologico Cl\u00ednica de Familia La Romana, favor contactar al tel\u00e9fono 809-951-2821 o al 809-550-8001 o env\u00ede un correo electr\u00f3nico a <a href=\"mailto:luz@clinicadefamilia.org.do\" target=\"_blank\" rel=\"noopener noreferrer\">luz@clinicadefamilia.org.do<\/a>.<\/p>\n\n\n\n<p><em>Informaci\u00f3n y fotos enviados por Cl\u00ednica de Familia La Romana<\/em><\/p>\n","protected":false},"excerpt":{"rendered":"<p>El pasado 4 de marzo, Cl\u00ednica de Familia inaugur\u00f3 su nuevo Centro Dermatol\u00f3gico Cl\u00ednica de Familia La Romana en el municipio de Villa Hermosa. Es un espacio creado con el objetivo de proveer nuevas opciones para el cuidado de la piel a esa comunidad. El acto inaugural cont\u00f3 con la conducci\u00f3n de la Encargada de [&hellip;]<\/p>\n","protected":false},"author":36791,"featured_media":312347,"comment_status":"closed","ping_status":"open","sticky":false,"template":"","format":"standard","meta":{"newspack_ads_suppress_ads":false,"newspack_popups_has_disabled_popups":false,"newspack_sponsor_sponsorship_scope":"","newspack_sponsor_native_byline_display":"inherit","newspack_sponsor_native_category_display":"inherit","newspack_sponsor_underwriter_style":"inherit","newspack_sponsor_underwriter_placement":"inherit","_newspack_byline_active":false,"_newspack_byline":"","newspack_hide_updated_date":false,"newspack_show_updated_date":false,"newspack_content_restriction_is_exempt":false,"newspack_featured_image_position":"","newspack_post_subtitle":"","newspack_article_summary_title":"Overview:","newspack_article_summary":"","_jetpack_memberships_contains_paid_content":false,"footnotes":"","jetpack_publicize_message":"","jetpack_publicize_feature_enabled":true,"jetpack_social_post_already_shared":false,"jetpack_social_options":{"image_generator_settings":{"template":"highway","default_image_id":0,"font":"","enabled":false},"version":2},"_wpas_customize_per_network":false},"categories":[14631,2507,2506,2521],"tags":[4010,18932,24632,24634],"newspack_spnsrs_tax":[],"class_list":["post-353721","post","type-post","status-publish","format-standard","has-post-thumbnail","hentry","category-estilo-de-vida","category-la-romana-es","category-mas-alla-de-casa-es","category-republica-dominicana-2","tag-clinica-de-familia","tag-la-romana-es-4","tag-nuevo-centro","tag-villa-hermosa","entry"],"yoast_head":"<!-- This site is optimized with the Yoast SEO plugin v27.5 - https:\/\/yoast.com\/product\/yoast-seo-wordpress\/ -->\n<title>Inauguraci\u00f3n Nuevo Centro Dermatol\u00f3gico Cl\u00ednica de Familia La Romana en Villa Hermosa | Casa de Campo Living<\/title>\n<meta name=\"description\" content=\"El pasado 4 de marzo, Cl\u00ednica de Familia inaugur\u00f3 su nuevo Centro Dermatol\u00f3gico Cl\u00ednica de Familia La Romana en el municipio de Villa Hermosa. Es un\" \/>\n<meta name=\"robots\" content=\"index, follow, max-snippet:-1, max-image-preview:large, max-video-preview:-1\" \/>\n<link rel=\"canonical\" href=\"https:\/\/casadecampoliving.com\/es\/inauguracion-nuevo-centro-dermatologico-clinica-de-familia-la-romana-en-villa-hermosa\/\" \/>\n<meta property=\"og:locale\" content=\"es_ES\" \/>\n<meta property=\"og:type\" content=\"article\" \/>\n<meta property=\"og:title\" content=\"Inauguraci\u00f3n Nuevo Centro Dermatol\u00f3gico Cl\u00ednica de Familia La Romana en Villa Hermosa | Casa de Campo Living\" \/>\n<meta property=\"og:description\" content=\"El pasado 4 de marzo, Cl\u00ednica de Familia inaugur\u00f3 su nuevo Centro Dermatol\u00f3gico Cl\u00ednica de Familia La Romana en el municipio de Villa Hermosa. Es un\" \/>\n<meta property=\"og:url\" content=\"https:\/\/casadecampoliving.com\/es\/inauguracion-nuevo-centro-dermatologico-clinica-de-familia-la-romana-en-villa-hermosa\/\" \/>\n<meta property=\"og:site_name\" content=\"Casa de Campo Living\" \/>\n<meta property=\"article:publisher\" content=\"https:\/\/www.facebook.com\/casadecampoliving\" \/>\n<meta property=\"article:published_time\" content=\"2020-03-13T04:00:00+00:00\" \/>\n<meta property=\"article:modified_time\" content=\"2022-10-21T23:18:43+00:00\" \/>\n<meta property=\"og:image\" content=\"https:\/\/i0.wp.com\/casadecampoliving.com\/wp-content\/uploads\/2022\/10\/IMG_5598.jpg?fit=1000%2C667&ssl=1\" \/>\n\t<meta property=\"og:image:width\" content=\"1000\" \/>\n\t<meta property=\"og:image:height\" content=\"667\" \/>\n\t<meta property=\"og:image:type\" content=\"image\/jpeg\" \/>\n<meta name=\"author\" content=\"Casa de Campo Living\" \/>\n<meta name=\"twitter:card\" content=\"summary_large_image\" \/>\n<meta name=\"twitter:creator\" content=\"@cdcliving\" \/>\n<meta name=\"twitter:site\" content=\"@cdcliving\" \/>\n<meta name=\"twitter:label1\" content=\"Escrito por\" \/>\n\t<meta name=\"twitter:data1\" content=\"Casa de Campo Living\" \/>\n\t<meta name=\"twitter:label2\" content=\"Tiempo de lectura\" \/>\n\t<meta name=\"twitter:data2\" content=\"2 minutos\" \/>\n<script type=\"application\/ld+json\" class=\"yoast-schema-graph\">{\"@context\":\"https:\\\/\\\/schema.org\",\"@graph\":[{\"@type\":\"Article\",\"@id\":\"https:\\\/\\\/casadecampoliving.com\\\/es\\\/inauguracion-nuevo-centro-dermatologico-clinica-de-familia-la-romana-en-villa-hermosa\\\/#article\",\"isPartOf\":{\"@id\":\"https:\\\/\\\/casadecampoliving.com\\\/es\\\/inauguracion-nuevo-centro-dermatologico-clinica-de-familia-la-romana-en-villa-hermosa\\\/\"},\"author\":{\"name\":\"Casa de Campo Living\",\"@id\":\"https:\\\/\\\/casadecampoliving.com\\\/es\\\/#\\\/schema\\\/person\\\/5d2171637a9d11e0e43ce6b8555f9422\"},\"headline\":\"Inauguraci\u00f3n Nuevo Centro Dermatol\u00f3gico Cl\u00ednica de Familia La Romana en Villa Hermosa\",\"datePublished\":\"2020-03-13T04:00:00+00:00\",\"dateModified\":\"2022-10-21T23:18:43+00:00\",\"mainEntityOfPage\":{\"@id\":\"https:\\\/\\\/casadecampoliving.com\\\/es\\\/inauguracion-nuevo-centro-dermatologico-clinica-de-familia-la-romana-en-villa-hermosa\\\/\"},\"wordCount\":499,\"publisher\":{\"@id\":\"https:\\\/\\\/casadecampoliving.com\\\/es\\\/#organization\"},\"image\":{\"@id\":\"https:\\\/\\\/casadecampoliving.com\\\/es\\\/inauguracion-nuevo-centro-dermatologico-clinica-de-familia-la-romana-en-villa-hermosa\\\/#primaryimage\"},\"thumbnailUrl\":\"https:\\\/\\\/i0.wp.com\\\/casadecampoliving.com\\\/wp-content\\\/uploads\\\/2022\\\/10\\\/IMG_5598.jpg?fit=1000%2C667&ssl=1\",\"keywords\":[\"clinica de familia\",\"La Romana\",\"nuevo centro\",\"villa hermosa\"],\"articleSection\":[\"Estilo de Vida\",\"La Romana @es\",\"M\u00e1s all\u00e1 de Casa\",\"Rep\u00fablica Dominicana @es\"],\"inLanguage\":\"es\"},{\"@type\":\"WebPage\",\"@id\":\"https:\\\/\\\/casadecampoliving.com\\\/es\\\/inauguracion-nuevo-centro-dermatologico-clinica-de-familia-la-romana-en-villa-hermosa\\\/\",\"url\":\"https:\\\/\\\/casadecampoliving.com\\\/es\\\/inauguracion-nuevo-centro-dermatologico-clinica-de-familia-la-romana-en-villa-hermosa\\\/\",\"name\":\"Inauguraci\u00f3n Nuevo Centro Dermatol\u00f3gico Cl\u00ednica de Familia La Romana en Villa Hermosa | Casa de Campo Living\",\"isPartOf\":{\"@id\":\"https:\\\/\\\/casadecampoliving.com\\\/es\\\/#website\"},\"primaryImageOfPage\":{\"@id\":\"https:\\\/\\\/casadecampoliving.com\\\/es\\\/inauguracion-nuevo-centro-dermatologico-clinica-de-familia-la-romana-en-villa-hermosa\\\/#primaryimage\"},\"image\":{\"@id\":\"https:\\\/\\\/casadecampoliving.com\\\/es\\\/inauguracion-nuevo-centro-dermatologico-clinica-de-familia-la-romana-en-villa-hermosa\\\/#primaryimage\"},\"thumbnailUrl\":\"https:\\\/\\\/i0.wp.com\\\/casadecampoliving.com\\\/wp-content\\\/uploads\\\/2022\\\/10\\\/IMG_5598.jpg?fit=1000%2C667&ssl=1\",\"datePublished\":\"2020-03-13T04:00:00+00:00\",\"dateModified\":\"2022-10-21T23:18:43+00:00\",\"description\":\"El pasado 4 de marzo, Cl\u00ednica de Familia inaugur\u00f3 su nuevo Centro Dermatol\u00f3gico Cl\u00ednica de Familia La Romana en el municipio de Villa Hermosa. Es un\",\"breadcrumb\":{\"@id\":\"https:\\\/\\\/casadecampoliving.com\\\/es\\\/inauguracion-nuevo-centro-dermatologico-clinica-de-familia-la-romana-en-villa-hermosa\\\/#breadcrumb\"},\"inLanguage\":\"es\",\"potentialAction\":[{\"@type\":\"ReadAction\",\"target\":[\"https:\\\/\\\/casadecampoliving.com\\\/es\\\/inauguracion-nuevo-centro-dermatologico-clinica-de-familia-la-romana-en-villa-hermosa\\\/\"]}]},{\"@type\":\"ImageObject\",\"inLanguage\":\"es\",\"@id\":\"https:\\\/\\\/casadecampoliving.com\\\/es\\\/inauguracion-nuevo-centro-dermatologico-clinica-de-familia-la-romana-en-villa-hermosa\\\/#primaryimage\",\"url\":\"https:\\\/\\\/i0.wp.com\\\/casadecampoliving.com\\\/wp-content\\\/uploads\\\/2022\\\/10\\\/IMG_5598.jpg?fit=1000%2C667&ssl=1\",\"contentUrl\":\"https:\\\/\\\/i0.wp.com\\\/casadecampoliving.com\\\/wp-content\\\/uploads\\\/2022\\\/10\\\/IMG_5598.jpg?fit=1000%2C667&ssl=1\",\"width\":1000,\"height\":667},{\"@type\":\"BreadcrumbList\",\"@id\":\"https:\\\/\\\/casadecampoliving.com\\\/es\\\/inauguracion-nuevo-centro-dermatologico-clinica-de-familia-la-romana-en-villa-hermosa\\\/#breadcrumb\",\"itemListElement\":[{\"@type\":\"ListItem\",\"position\":1,\"name\":\"Home\",\"item\":\"https:\\\/\\\/casadecampoliving.com\\\/es\\\/\"},{\"@type\":\"ListItem\",\"position\":2,\"name\":\"Inauguraci\u00f3n Nuevo Centro Dermatol\u00f3gico Cl\u00ednica de Familia La Romana en Villa Hermosa\"}]},{\"@type\":\"WebSite\",\"@id\":\"https:\\\/\\\/casadecampoliving.com\\\/es\\\/#website\",\"url\":\"https:\\\/\\\/casadecampoliving.com\\\/es\\\/\",\"name\":\"Casa de Campo Living\",\"description\":\"Resort community news and resources.\",\"publisher\":{\"@id\":\"https:\\\/\\\/casadecampoliving.com\\\/es\\\/#organization\"},\"potentialAction\":[{\"@type\":\"SearchAction\",\"target\":{\"@type\":\"EntryPoint\",\"urlTemplate\":\"https:\\\/\\\/casadecampoliving.com\\\/es\\\/?s={search_term_string}\"},\"query-input\":{\"@type\":\"PropertyValueSpecification\",\"valueRequired\":true,\"valueName\":\"search_term_string\"}}],\"inLanguage\":\"es\"},{\"@type\":\"Organization\",\"@id\":\"https:\\\/\\\/casadecampoliving.com\\\/es\\\/#organization\",\"name\":\"Casa de Campo Living\",\"url\":\"https:\\\/\\\/casadecampoliving.com\\\/es\\\/\",\"logo\":{\"@type\":\"ImageObject\",\"inLanguage\":\"es\",\"@id\":\"https:\\\/\\\/casadecampoliving.com\\\/es\\\/#\\\/schema\\\/logo\\\/image\\\/\",\"url\":\"https:\\\/\\\/i0.wp.com\\\/casadecampoliving.com\\\/wp-content\\\/uploads\\\/2022\\\/07\\\/CDCLivingLogo_V1-white-sized.png?fit=800%2C214&ssl=1\",\"contentUrl\":\"https:\\\/\\\/i0.wp.com\\\/casadecampoliving.com\\\/wp-content\\\/uploads\\\/2022\\\/07\\\/CDCLivingLogo_V1-white-sized.png?fit=800%2C214&ssl=1\",\"width\":800,\"height\":214,\"caption\":\"Casa de Campo Living\"},\"image\":{\"@id\":\"https:\\\/\\\/casadecampoliving.com\\\/es\\\/#\\\/schema\\\/logo\\\/image\\\/\"},\"sameAs\":[\"https:\\\/\\\/www.facebook.com\\\/casadecampoliving\",\"https:\\\/\\\/x.com\\\/cdcliving\"]},{\"@type\":\"Person\",\"@id\":\"https:\\\/\\\/casadecampoliving.com\\\/es\\\/#\\\/schema\\\/person\\\/5d2171637a9d11e0e43ce6b8555f9422\",\"name\":\"Casa de Campo Living\",\"image\":{\"@type\":\"ImageObject\",\"inLanguage\":\"es\",\"@id\":\"https:\\\/\\\/secure.gravatar.com\\\/avatar\\\/d04101fa4a9fd431e939953b1500fdc7a73cd35029f86d98712fd8ccdaebaf9a?s=96&d=mm&r=g\",\"url\":\"https:\\\/\\\/secure.gravatar.com\\\/avatar\\\/d04101fa4a9fd431e939953b1500fdc7a73cd35029f86d98712fd8ccdaebaf9a?s=96&d=mm&r=g\",\"contentUrl\":\"https:\\\/\\\/secure.gravatar.com\\\/avatar\\\/d04101fa4a9fd431e939953b1500fdc7a73cd35029f86d98712fd8ccdaebaf9a?s=96&d=mm&r=g\",\"caption\":\"Casa de Campo Living\"},\"url\":\"https:\\\/\\\/casadecampoliving.com\\\/es\\\/author\\\/casa-de-campo-living\\\/\"}]}<\/script>\n<!-- \/ Yoast SEO plugin. -->","yoast_head_json":{"title":"Inauguraci\u00f3n Nuevo Centro Dermatol\u00f3gico Cl\u00ednica de Familia La Romana en Villa Hermosa | Casa de Campo Living","description":"El pasado 4 de marzo, Cl\u00ednica de Familia inaugur\u00f3 su nuevo Centro Dermatol\u00f3gico Cl\u00ednica de Familia La Romana en el municipio de Villa Hermosa. Es un","robots":{"index":"index","follow":"follow","max-snippet":"max-snippet:-1","max-image-preview":"max-image-preview:large","max-video-preview":"max-video-preview:-1"},"canonical":"https:\/\/casadecampoliving.com\/es\/inauguracion-nuevo-centro-dermatologico-clinica-de-familia-la-romana-en-villa-hermosa\/","og_locale":"es_ES","og_type":"article","og_title":"Inauguraci\u00f3n Nuevo Centro Dermatol\u00f3gico Cl\u00ednica de Familia La Romana en Villa Hermosa | Casa de Campo Living","og_description":"El pasado 4 de marzo, Cl\u00ednica de Familia inaugur\u00f3 su nuevo Centro Dermatol\u00f3gico Cl\u00ednica de Familia La Romana en el municipio de Villa Hermosa. Es un","og_url":"https:\/\/casadecampoliving.com\/es\/inauguracion-nuevo-centro-dermatologico-clinica-de-familia-la-romana-en-villa-hermosa\/","og_site_name":"Casa de Campo Living","article_publisher":"https:\/\/www.facebook.com\/casadecampoliving","article_published_time":"2020-03-13T04:00:00+00:00","article_modified_time":"2022-10-21T23:18:43+00:00","og_image":[{"width":1000,"height":667,"url":"https:\/\/i0.wp.com\/casadecampoliving.com\/wp-content\/uploads\/2022\/10\/IMG_5598.jpg?fit=1000%2C667&ssl=1","type":"image\/jpeg"}],"author":"Casa de Campo Living","twitter_card":"summary_large_image","twitter_creator":"@cdcliving","twitter_site":"@cdcliving","twitter_misc":{"Escrito por":"Casa de Campo Living","Tiempo de lectura":"2 minutos"},"schema":{"@context":"https:\/\/schema.org","@graph":[{"@type":"Article","@id":"https:\/\/casadecampoliving.com\/es\/inauguracion-nuevo-centro-dermatologico-clinica-de-familia-la-romana-en-villa-hermosa\/#article","isPartOf":{"@id":"https:\/\/casadecampoliving.com\/es\/inauguracion-nuevo-centro-dermatologico-clinica-de-familia-la-romana-en-villa-hermosa\/"},"author":{"name":"Casa de Campo Living","@id":"https:\/\/casadecampoliving.com\/es\/#\/schema\/person\/5d2171637a9d11e0e43ce6b8555f9422"},"headline":"Inauguraci\u00f3n Nuevo Centro Dermatol\u00f3gico Cl\u00ednica de Familia La Romana en Villa Hermosa","datePublished":"2020-03-13T04:00:00+00:00","dateModified":"2022-10-21T23:18:43+00:00","mainEntityOfPage":{"@id":"https:\/\/casadecampoliving.com\/es\/inauguracion-nuevo-centro-dermatologico-clinica-de-familia-la-romana-en-villa-hermosa\/"},"wordCount":499,"publisher":{"@id":"https:\/\/casadecampoliving.com\/es\/#organization"},"image":{"@id":"https:\/\/casadecampoliving.com\/es\/inauguracion-nuevo-centro-dermatologico-clinica-de-familia-la-romana-en-villa-hermosa\/#primaryimage"},"thumbnailUrl":"https:\/\/i0.wp.com\/casadecampoliving.com\/wp-content\/uploads\/2022\/10\/IMG_5598.jpg?fit=1000%2C667&ssl=1","keywords":["clinica de familia","La Romana","nuevo centro","villa hermosa"],"articleSection":["Estilo de Vida","La Romana @es","M\u00e1s all\u00e1 de Casa","Rep\u00fablica Dominicana @es"],"inLanguage":"es"},{"@type":"WebPage","@id":"https:\/\/casadecampoliving.com\/es\/inauguracion-nuevo-centro-dermatologico-clinica-de-familia-la-romana-en-villa-hermosa\/","url":"https:\/\/casadecampoliving.com\/es\/inauguracion-nuevo-centro-dermatologico-clinica-de-familia-la-romana-en-villa-hermosa\/","name":"Inauguraci\u00f3n Nuevo Centro Dermatol\u00f3gico Cl\u00ednica de Familia La Romana en Villa Hermosa | Casa de Campo Living","isPartOf":{"@id":"https:\/\/casadecampoliving.com\/es\/#website"},"primaryImageOfPage":{"@id":"https:\/\/casadecampoliving.com\/es\/inauguracion-nuevo-centro-dermatologico-clinica-de-familia-la-romana-en-villa-hermosa\/#primaryimage"},"image":{"@id":"https:\/\/casadecampoliving.com\/es\/inauguracion-nuevo-centro-dermatologico-clinica-de-familia-la-romana-en-villa-hermosa\/#primaryimage"},"thumbnailUrl":"https:\/\/i0.wp.com\/casadecampoliving.com\/wp-content\/uploads\/2022\/10\/IMG_5598.jpg?fit=1000%2C667&ssl=1","datePublished":"2020-03-13T04:00:00+00:00","dateModified":"2022-10-21T23:18:43+00:00","description":"El pasado 4 de marzo, Cl\u00ednica de Familia inaugur\u00f3 su nuevo Centro Dermatol\u00f3gico Cl\u00ednica de Familia La Romana en el municipio de Villa Hermosa. Es un","breadcrumb":{"@id":"https:\/\/casadecampoliving.com\/es\/inauguracion-nuevo-centro-dermatologico-clinica-de-familia-la-romana-en-villa-hermosa\/#breadcrumb"},"inLanguage":"es","potentialAction":[{"@type":"ReadAction","target":["https:\/\/casadecampoliving.com\/es\/inauguracion-nuevo-centro-dermatologico-clinica-de-familia-la-romana-en-villa-hermosa\/"]}]},{"@type":"ImageObject","inLanguage":"es","@id":"https:\/\/casadecampoliving.com\/es\/inauguracion-nuevo-centro-dermatologico-clinica-de-familia-la-romana-en-villa-hermosa\/#primaryimage","url":"https:\/\/i0.wp.com\/casadecampoliving.com\/wp-content\/uploads\/2022\/10\/IMG_5598.jpg?fit=1000%2C667&ssl=1","contentUrl":"https:\/\/i0.wp.com\/casadecampoliving.com\/wp-content\/uploads\/2022\/10\/IMG_5598.jpg?fit=1000%2C667&ssl=1","width":1000,"height":667},{"@type":"BreadcrumbList","@id":"https:\/\/casadecampoliving.com\/es\/inauguracion-nuevo-centro-dermatologico-clinica-de-familia-la-romana-en-villa-hermosa\/#breadcrumb","itemListElement":[{"@type":"ListItem","position":1,"name":"Home","item":"https:\/\/casadecampoliving.com\/es\/"},{"@type":"ListItem","position":2,"name":"Inauguraci\u00f3n Nuevo Centro Dermatol\u00f3gico Cl\u00ednica de Familia La Romana en Villa Hermosa"}]},{"@type":"WebSite","@id":"https:\/\/casadecampoliving.com\/es\/#website","url":"https:\/\/casadecampoliving.com\/es\/","name":"Casa de Campo Living","description":"Resort community news and resources.","publisher":{"@id":"https:\/\/casadecampoliving.com\/es\/#organization"},"potentialAction":[{"@type":"SearchAction","target":{"@type":"EntryPoint","urlTemplate":"https:\/\/casadecampoliving.com\/es\/?s={search_term_string}"},"query-input":{"@type":"PropertyValueSpecification","valueRequired":true,"valueName":"search_term_string"}}],"inLanguage":"es"},{"@type":"Organization","@id":"https:\/\/casadecampoliving.com\/es\/#organization","name":"Casa de Campo Living","url":"https:\/\/casadecampoliving.com\/es\/","logo":{"@type":"ImageObject","inLanguage":"es","@id":"https:\/\/casadecampoliving.com\/es\/#\/schema\/logo\/image\/","url":"https:\/\/i0.wp.com\/casadecampoliving.com\/wp-content\/uploads\/2022\/07\/CDCLivingLogo_V1-white-sized.png?fit=800%2C214&ssl=1","contentUrl":"https:\/\/i0.wp.com\/casadecampoliving.com\/wp-content\/uploads\/2022\/07\/CDCLivingLogo_V1-white-sized.png?fit=800%2C214&ssl=1","width":800,"height":214,"caption":"Casa de Campo Living"},"image":{"@id":"https:\/\/casadecampoliving.com\/es\/#\/schema\/logo\/image\/"},"sameAs":["https:\/\/www.facebook.com\/casadecampoliving","https:\/\/x.com\/cdcliving"]},{"@type":"Person","@id":"https:\/\/casadecampoliving.com\/es\/#\/schema\/person\/5d2171637a9d11e0e43ce6b8555f9422","name":"Casa de Campo Living","image":{"@type":"ImageObject","inLanguage":"es","@id":"https:\/\/secure.gravatar.com\/avatar\/d04101fa4a9fd431e939953b1500fdc7a73cd35029f86d98712fd8ccdaebaf9a?s=96&d=mm&r=g","url":"https:\/\/secure.gravatar.com\/avatar\/d04101fa4a9fd431e939953b1500fdc7a73cd35029f86d98712fd8ccdaebaf9a?s=96&d=mm&r=g","contentUrl":"https:\/\/secure.gravatar.com\/avatar\/d04101fa4a9fd431e939953b1500fdc7a73cd35029f86d98712fd8ccdaebaf9a?s=96&d=mm&r=g","caption":"Casa de Campo Living"},"url":"https:\/\/casadecampoliving.com\/es\/author\/casa-de-campo-living\/"}]}},"parsely":{"version":"1.1.0","canonical_url":"https:\/\/casadecampoliving.com\/es\/inauguracion-nuevo-centro-dermatologico-clinica-de-familia-la-romana-en-villa-hermosa\/","smart_links":{"inbound":0,"outbound":0},"traffic_boost_suggestions_count":0,"meta":{"@context":"https:\/\/schema.org","@type":"NewsArticle","headline":"Inauguraci\u00f3n Nuevo Centro Dermatol\u00f3gico Cl\u00ednica de Familia La Romana en Villa Hermosa","url":"http:\/\/casadecampoliving.com\/es\/inauguracion-nuevo-centro-dermatologico-clinica-de-familia-la-romana-en-villa-hermosa\/","mainEntityOfPage":{"@type":"WebPage","@id":"http:\/\/casadecampoliving.com\/es\/inauguracion-nuevo-centro-dermatologico-clinica-de-familia-la-romana-en-villa-hermosa\/"},"thumbnailUrl":"https:\/\/i0.wp.com\/casadecampoliving.com\/wp-content\/uploads\/2022\/10\/IMG_5598.jpg?resize=150%2C150&ssl=1","image":{"@type":"ImageObject","url":"https:\/\/i0.wp.com\/casadecampoliving.com\/wp-content\/uploads\/2022\/10\/IMG_5598.jpg?fit=1000%2C667&ssl=1"},"articleSection":"Estilo de Vida","author":[{"@type":"Person","name":"Casa de Campo Living"}],"creator":["Casa de Campo Living"],"publisher":{"@type":"Organization","name":"Casa de Campo Living","logo":"https:\/\/casadecampoliving.com\/wp-content\/uploads\/2022\/07\/CDCLivingLogo_V1-white-sized.png"},"keywords":["clinica de familia","la romana","nuevo centro","villa hermosa"],"dateCreated":"2020-03-13T04:00:00Z","datePublished":"2020-03-13T04:00:00Z","dateModified":"2022-10-21T23:18:43Z"},"rendered":"<script type=\"application\/ld+json\" class=\"wp-parsely-metadata\">{\"@context\":\"https:\\\/\\\/schema.org\",\"@type\":\"NewsArticle\",\"headline\":\"Inauguraci\\u00f3n Nuevo Centro Dermatol\\u00f3gico Cl\\u00ednica de Familia La Romana en Villa Hermosa\",\"url\":\"http:\\\/\\\/casadecampoliving.com\\\/es\\\/inauguracion-nuevo-centro-dermatologico-clinica-de-familia-la-romana-en-villa-hermosa\\\/\",\"mainEntityOfPage\":{\"@type\":\"WebPage\",\"@id\":\"http:\\\/\\\/casadecampoliving.com\\\/es\\\/inauguracion-nuevo-centro-dermatologico-clinica-de-familia-la-romana-en-villa-hermosa\\\/\"},\"thumbnailUrl\":\"https:\\\/\\\/i0.wp.com\\\/casadecampoliving.com\\\/wp-content\\\/uploads\\\/2022\\\/10\\\/IMG_5598.jpg?resize=150%2C150&ssl=1\",\"image\":{\"@type\":\"ImageObject\",\"url\":\"https:\\\/\\\/i0.wp.com\\\/casadecampoliving.com\\\/wp-content\\\/uploads\\\/2022\\\/10\\\/IMG_5598.jpg?fit=1000%2C667&ssl=1\"},\"articleSection\":\"Estilo de Vida\",\"author\":[{\"@type\":\"Person\",\"name\":\"Casa de Campo Living\"}],\"creator\":[\"Casa de Campo Living\"],\"publisher\":{\"@type\":\"Organization\",\"name\":\"Casa de Campo Living\",\"logo\":\"https:\\\/\\\/casadecampoliving.com\\\/wp-content\\\/uploads\\\/2022\\\/07\\\/CDCLivingLogo_V1-white-sized.png\"},\"keywords\":[\"clinica de familia\",\"la romana\",\"nuevo centro\",\"villa hermosa\"],\"dateCreated\":\"2020-03-13T04:00:00Z\",\"datePublished\":\"2020-03-13T04:00:00Z\",\"dateModified\":\"2022-10-21T23:18:43Z\"}<\/script>","tracker_url":"https:\/\/cdn.parsely.com\/keys\/casadecampoliving.com\/p.js"},"jetpack_publicize_connections":[],"jetpack_featured_media_url":"https:\/\/i0.wp.com\/casadecampoliving.com\/wp-content\/uploads\/2022\/10\/IMG_5598.jpg?fit=1000%2C667&ssl=1","jetpack-related-posts":[{"id":353985,"url":"https:\/\/casadecampoliving.com\/es\/centro-dermatologico-clinica-de-familia-la-romana-ahora-en-villa-hermosa\/","url_meta":{"origin":353721,"position":0},"title":"Centro Dermatol\u00f3gico Cl\u00ednica de Familia La Romana: Ahora en Villa Hermosa","author":"Casa de Campo Living","date":"28 Feb, 2021","format":false,"excerpt":"Con la disponibilidad del Centro Dermatol\u00f3gico en Villa Hermosa, ya las personas de esta comunidad y \u00e1reas cercanas podr\u00e1n contar con estos servicios sin necesidad de trasladarse a la ciudad de La Romana para adquirirlos. El Centro tien un horario de 8AM-12PM y 2PM-6PM de lunes a viernes, acepta las\u2026","rel":"","context":"En \u00abArticulos recientes El Semanal\u00bb","block_context":{"text":"Articulos recientes El Semanal","link":"https:\/\/casadecampoliving.com\/es\/category\/articulos-recientes-el-semanal\/"},"img":{"alt_text":"","src":"https:\/\/i0.wp.com\/casadecampoliving.com\/wp-content\/uploads\/2022\/10\/IMG_5713.jpg?fit=976%2C659&ssl=1&resize=350%2C200","width":350,"height":200,"srcset":"https:\/\/i0.wp.com\/casadecampoliving.com\/wp-content\/uploads\/2022\/10\/IMG_5713.jpg?fit=976%2C659&ssl=1&resize=350%2C200 1x, https:\/\/i0.wp.com\/casadecampoliving.com\/wp-content\/uploads\/2022\/10\/IMG_5713.jpg?fit=976%2C659&ssl=1&resize=525%2C300 1.5x, https:\/\/i0.wp.com\/casadecampoliving.com\/wp-content\/uploads\/2022\/10\/IMG_5713.jpg?fit=976%2C659&ssl=1&resize=700%2C400 2x"},"classes":[]},{"id":354566,"url":"https:\/\/casadecampoliving.com\/es\/adquisicion-de-terreno-para-construccion-del-nuevo-edificio-de-clinica-de-familia-la-romana\/","url_meta":{"origin":353721,"position":1},"title":"Adquisici\u00f3n de Terreno para Construcci\u00f3n del Nuevo Edificio de Cl\u00ednica de Familia La Romana","author":"Casa de Campo Living","date":"7 Oct, 2022","format":false,"excerpt":"Desde hace casi 24 a\u00f1os Cl\u00ednica de Familia La Romana ha estado comprometida en proveer servicios de salud de alta calidad y de bajo costo a la comunidad de La Romana y gran parte de la regi\u00f3n este del pa\u00eds. Ese compromiso se ha parpado en el continuo crecimiento de\u2026","rel":"","context":"En \u00abLa Romana @es\u00bb","block_context":{"text":"La Romana @es","link":"https:\/\/casadecampoliving.com\/es\/category\/mas-alla-de-casa-es\/la-romana-es\/"},"img":{"alt_text":"","src":"https:\/\/i0.wp.com\/casadecampoliving.com\/wp-content\/uploads\/2022\/10\/CLINICA-DE-FAMILIA-LA-ROMANA-1.jpg?fit=1000%2C563&ssl=1&resize=350%2C200","width":350,"height":200,"srcset":"https:\/\/i0.wp.com\/casadecampoliving.com\/wp-content\/uploads\/2022\/10\/CLINICA-DE-FAMILIA-LA-ROMANA-1.jpg?fit=1000%2C563&ssl=1&resize=350%2C200 1x, https:\/\/i0.wp.com\/casadecampoliving.com\/wp-content\/uploads\/2022\/10\/CLINICA-DE-FAMILIA-LA-ROMANA-1.jpg?fit=1000%2C563&ssl=1&resize=525%2C300 1.5x, https:\/\/i0.wp.com\/casadecampoliving.com\/wp-content\/uploads\/2022\/10\/CLINICA-DE-FAMILIA-LA-ROMANA-1.jpg?fit=1000%2C563&ssl=1&resize=700%2C400 2x"},"classes":[]},{"id":353981,"url":"https:\/\/casadecampoliving.com\/es\/clinica-de-familia-la-romana-nuevos-servicios-de-imagenes\/","url_meta":{"origin":353721,"position":2},"title":"Cl\u00ednica de Familia La Romana: Nuevos Servicios de Im\u00e1genes","author":"Casa de Campo Living","date":"18 Feb, 2021","format":false,"excerpt":"Cl\u00ednica de Familia La Romana cuenta con una amplia cartera de servicios m\u00e9dicos, incluyendo: medicina general y especializada, consultas focalizadas en las infecciones de transmisi\u00f3n sexual y servicios de imagenolog\u00eda. Adem\u00e1s, cuenta con un laboratorio cl\u00ednico certificado bajo los est\u00e1ndares internacionales de gesti\u00f3n de la calidad ISO 9001:2015. Para proveer\u2026","rel":"","context":"En \u00abArticulos recientes El Semanal\u00bb","block_context":{"text":"Articulos recientes El Semanal","link":"https:\/\/casadecampoliving.com\/es\/category\/articulos-recientes-el-semanal\/"},"img":{"alt_text":"","src":"https:\/\/i0.wp.com\/casadecampoliving.com\/wp-content\/uploads\/2022\/10\/127159283_4331758000173047_3928406308958316907_o-1.jpg?fit=1000%2C678&ssl=1&resize=350%2C200","width":350,"height":200,"srcset":"https:\/\/i0.wp.com\/casadecampoliving.com\/wp-content\/uploads\/2022\/10\/127159283_4331758000173047_3928406308958316907_o-1.jpg?fit=1000%2C678&ssl=1&resize=350%2C200 1x, https:\/\/i0.wp.com\/casadecampoliving.com\/wp-content\/uploads\/2022\/10\/127159283_4331758000173047_3928406308958316907_o-1.jpg?fit=1000%2C678&ssl=1&resize=525%2C300 1.5x, https:\/\/i0.wp.com\/casadecampoliving.com\/wp-content\/uploads\/2022\/10\/127159283_4331758000173047_3928406308958316907_o-1.jpg?fit=1000%2C678&ssl=1&resize=700%2C400 2x"},"classes":[]},{"id":340871,"url":"https:\/\/casadecampoliving.com\/es\/celebramos-15-anos-de-una-maravillosa-labor-de-la-clinica-de-familia-en-la-romana\/","url_meta":{"origin":353721,"position":3},"title":"\u00a1Celebramos 15 a\u00f1os de una maravillosa labor de la Cl\u00ednica de Familia en La Romana!","author":"","date":"30 Mar, 2013","format":false,"excerpt":"El pasado viernes 8 de marzo de 2013 la Cl\u00ednica de Familia La Romana, como principal y primer centro del Este dedicado a brindar asistencia m\u00e9dica a mujeres y ni\u00f1os con el virus de VIH, as\u00ed como numerosos programas de apoyo dirigidos a la comunidad,\u00a0celebr\u00f3 15 extraordinarios a\u00f1os de labor\u2026","rel":"","context":"En \u00abDestacados\u00bb","block_context":{"text":"Destacados","link":"https:\/\/casadecampoliving.com\/es\/category\/destacados\/"},"img":{"alt_text":"","src":"https:\/\/i0.wp.com\/casadecampoliving.com\/wp-content\/uploads\/2022\/10\/clinica_de_familia_15_anniversary-2.jpg?fit=650%2C386&ssl=1&resize=350%2C200","width":350,"height":200,"srcset":"https:\/\/i0.wp.com\/casadecampoliving.com\/wp-content\/uploads\/2022\/10\/clinica_de_familia_15_anniversary-2.jpg?fit=650%2C386&ssl=1&resize=350%2C200 1x, https:\/\/i0.wp.com\/casadecampoliving.com\/wp-content\/uploads\/2022\/10\/clinica_de_familia_15_anniversary-2.jpg?fit=650%2C386&ssl=1&resize=525%2C300 1.5x"},"classes":[]},{"id":348319,"url":"https:\/\/casadecampoliving.com\/es\/nuevo-centro-de-diagnostico-e-imagenes-a-la-clinica-de-familia\/","url_meta":{"origin":353721,"position":4},"title":"Gobierno de Jap\u00f3n don\u00f3 un nuevo centro de Diagn\u00f3stico e Im\u00e1genes a la Cl\u00ednica de Familia","author":"Perkin Agramonte","date":"27 Sep, 2015","format":false,"excerpt":"El pasado 23 de septiembre celebramos la apertura de los nuevos servicios de im\u00e1genes y diagn\u00f3stico en la Cl\u00ednica de Familia La Romana. Estos ayudar\u00e1n con la visi\u00f3n de esta instituci\u00f3n, que es tener una comunidad en donde todas las familias tienen acceso a servicios de salud, para disfrutar una\u2026","rel":"","context":"En \u00abCasa de Campo Living @es\u00bb","block_context":{"text":"Casa de Campo Living @es","link":"https:\/\/casadecampoliving.com\/category\/casa-de-campo-living-es\/"},"img":{"alt_text":"","src":"https:\/\/i0.wp.com\/casadecampoliving.com\/wp-content\/uploads\/2022\/10\/Clinica_De_Familia_La_Romana-1-scaled.jpg?fit=1200%2C795&ssl=1&resize=350%2C200","width":350,"height":200,"srcset":"https:\/\/i0.wp.com\/casadecampoliving.com\/wp-content\/uploads\/2022\/10\/Clinica_De_Familia_La_Romana-1-scaled.jpg?fit=1200%2C795&ssl=1&resize=350%2C200 1x, https:\/\/i0.wp.com\/casadecampoliving.com\/wp-content\/uploads\/2022\/10\/Clinica_De_Familia_La_Romana-1-scaled.jpg?fit=1200%2C795&ssl=1&resize=525%2C300 1.5x, https:\/\/i0.wp.com\/casadecampoliving.com\/wp-content\/uploads\/2022\/10\/Clinica_De_Familia_La_Romana-1-scaled.jpg?fit=1200%2C795&ssl=1&resize=700%2C400 2x, https:\/\/i0.wp.com\/casadecampoliving.com\/wp-content\/uploads\/2022\/10\/Clinica_De_Familia_La_Romana-1-scaled.jpg?fit=1200%2C795&ssl=1&resize=1050%2C600 3x"},"classes":[]},{"id":345101,"url":"https:\/\/casadecampoliving.com\/es\/clinicadefamilialaromana\/","url_meta":{"origin":353721,"position":5},"title":"Inaguraci\u00f3n de la Cl\u00ednica de Familia La Romana","author":"Maria Isabel B\u00e1ez","date":"12 Ago, 2014","format":false,"excerpt":"El 1ro de agosto la Cl\u00ednica de Familia La Romana celebr\u00f3 la reinauguraci\u00f3n de su centro. El centro m\u00e9dico fue reinaugurado despu\u00e9s de remodelaciones en su infraestructura e instalaciones de paneles solares como una de sus mejor\u00edas. \u00a1Ahora la Cl\u00ednica de Familia La Romana est\u00e1 devuelta y mejor que nunca!\u2026","rel":"","context":"En \u00abCasa de Campo Living @es\u00bb","block_context":{"text":"Casa de Campo Living @es","link":"https:\/\/casadecampoliving.com\/category\/casa-de-campo-living-es\/"},"img":{"alt_text":"","src":"https:\/\/i0.wp.com\/casadecampoliving.com\/wp-content\/uploads\/2022\/10\/CFLR_Inauguracion_112-1.jpg?fit=1200%2C797&ssl=1&resize=350%2C200","width":350,"height":200,"srcset":"https:\/\/i0.wp.com\/casadecampoliving.com\/wp-content\/uploads\/2022\/10\/CFLR_Inauguracion_112-1.jpg?fit=1200%2C797&ssl=1&resize=350%2C200 1x, https:\/\/i0.wp.com\/casadecampoliving.com\/wp-content\/uploads\/2022\/10\/CFLR_Inauguracion_112-1.jpg?fit=1200%2C797&ssl=1&resize=525%2C300 1.5x, https:\/\/i0.wp.com\/casadecampoliving.com\/wp-content\/uploads\/2022\/10\/CFLR_Inauguracion_112-1.jpg?fit=1200%2C797&ssl=1&resize=700%2C400 2x, https:\/\/i0.wp.com\/casadecampoliving.com\/wp-content\/uploads\/2022\/10\/CFLR_Inauguracion_112-1.jpg?fit=1200%2C797&ssl=1&resize=1050%2C600 3x"},"classes":[]}],"jetpack_sharing_enabled":true,"_links":{"self":[{"href":"https:\/\/casadecampoliving.com\/es\/wp-json\/wp\/v2\/posts\/353721","targetHints":{"allow":["GET"]}}],"collection":[{"href":"https:\/\/casadecampoliving.com\/es\/wp-json\/wp\/v2\/posts"}],"about":[{"href":"https:\/\/casadecampoliving.com\/es\/wp-json\/wp\/v2\/types\/post"}],"author":[{"embeddable":true,"href":"https:\/\/casadecampoliving.com\/es\/wp-json\/wp\/v2\/users\/36791"}],"replies":[{"embeddable":true,"href":"https:\/\/casadecampoliving.com\/es\/wp-json\/wp\/v2\/comments?post=353721"}],"version-history":[{"count":0,"href":"https:\/\/casadecampoliving.com\/es\/wp-json\/wp\/v2\/posts\/353721\/revisions"}],"wp:featuredmedia":[{"embeddable":true,"href":"https:\/\/casadecampoliving.com\/es\/wp-json\/wp\/v2\/media\/312347"}],"wp:attachment":[{"href":"https:\/\/casadecampoliving.com\/es\/wp-json\/wp\/v2\/media?parent=353721"}],"wp:term":[{"taxonomy":"category","embeddable":true,"href":"https:\/\/casadecampoliving.com\/es\/wp-json\/wp\/v2\/categories?post=353721"},{"taxonomy":"post_tag","embeddable":true,"href":"https:\/\/casadecampoliving.com\/es\/wp-json\/wp\/v2\/tags?post=353721"},{"taxonomy":"newspack_spnsrs_tax","embeddable":true,"href":"https:\/\/casadecampoliving.com\/es\/wp-json\/wp\/v2\/newspack_spnsrs_tax?post=353721"}],"curies":[{"name":"wp","href":"https:\/\/api.w.org\/{rel}","templated":true}]}}