{"id":353714,"date":"2020-03-09T00:00:00","date_gmt":"2020-03-09T04:00:00","guid":{"rendered":"https:\/\/casadecampoliving.com\/casa-de-campo-resort-villas-celebro-segunda-copa-de-tenis-por-la-amistad-2020\/"},"modified":"2022-11-10T10:00:28","modified_gmt":"2022-11-10T14:00:28","slug":"casa-de-campo-resort-villas-celebro-segunda-copa-de-tenis-por-la-amistad-2020","status":"publish","type":"post","link":"https:\/\/casadecampoliving.com\/es\/casa-de-campo-resort-villas-celebro-segunda-copa-de-tenis-por-la-amistad-2020\/","title":{"rendered":"Casa de Campo Resort &#038; Villas celebr\u00f3 segunda  Copa de Tenis por la Amistad 2020"},"content":{"rendered":"<p>Casa de Campo\u00ae Resort &amp; Villas celebr\u00f3 del 21 al 23 de febrero la segunda versi\u00f3n de la Copa de Tenis por la Amistad, en el centro de tenis La Terraza. Como resultado de un torneo exitoso, en esta entrega participaron alrededor de 100 jugadores, lo cuales mostraron sus destrezas y su esp\u00edritu competitivo en la cancha. &nbsp;Es la segunda vez que el Resort realiza este tipo de torneo, el cual cont\u00f3 con la participaci\u00f3n de jugadores tanto de la comunidad de Casa de Campo, as\u00ed como tenistas de todo el pa\u00eds.<\/p>\n<p>El formato del juego fue 1 doble, 1 sencillo y un partido de desempate. Los equipos formados por dos o tres integrantes de los cuales jugaron en la categor\u00eda femenina y masculina. El s\u00e1bado 22 desde tempranas horas de la ma\u00f1ana se jug\u00f3 un Round Robin, esto significa todos contra todos, y el domingo se jug\u00f3 la semi final y la final.<\/p>\n<p><img data-recalc-dims=\"1\" loading=\"lazy\" decoding=\"async\" data-attachment-id=\"204637\" data-permalink=\"https:\/\/casadecampoliving.com\/es\/idarmis-de-velazquez-mirtha-de-suarez-diana-porcella-warlan-jimenez-pamela-peguero-sally-bogaert\/\" data-orig-file=\"https:\/\/i0.wp.com\/casadecampoliving.com\/wp-content\/uploads\/2020\/03\/Idarmis-de-Velazquez-Mirtha-de-Suarez-Diana-Porcella-Warlan-Jimenez-Pamela-Peguero-Sally-Bogaert.jpg?fit=1000%2C667&amp;ssl=1\" data-orig-size=\"1000,667\" data-comments-opened=\"0\" data-image-meta=\"{&quot;aperture&quot;:&quot;14&quot;,&quot;credit&quot;:&quot;Mairobi Herrera\\nCristian Pittaro&quot;,&quot;camera&quot;:&quot;Canon EOS 5D Mark III&quot;,&quot;caption&quot;:&quot;&quot;,&quot;created_timestamp&quot;:&quot;1582473996&quot;,&quot;copyright&quot;:&quot;Can&#039;t use or distribuit without express autorization from owner&quot;,&quot;focal_length&quot;:&quot;43&quot;,&quot;iso&quot;:&quot;250&quot;,&quot;shutter_speed&quot;:&quot;0.003125&quot;,&quot;title&quot;:&quot;&quot;,&quot;orientation&quot;:&quot;1&quot;}\" data-image-title=\"Idarmis de Velazquez, Mirtha de Suarez, Diana Porcella, Warlan Jimenez, Pamela Peguero, Sally Bogaert\" data-image-description=\"\" data-image-caption=\"\" data-large-file=\"https:\/\/i0.wp.com\/casadecampoliving.com\/wp-content\/uploads\/2020\/03\/Idarmis-de-Velazquez-Mirtha-de-Suarez-Diana-Porcella-Warlan-Jimenez-Pamela-Peguero-Sally-Bogaert.jpg?fit=1000%2C667&amp;ssl=1\" class=\"aligncenter size-full wp-image-204637\" src=\"https:\/\/i0.wp.com\/casadecampoliving.com\/wp-content\/uploads\/2022\/10\/Idarmis-de-Velazquez-Mirtha-de-Suarez-Diana-Porcella-Warlan-Jimenez-Pamela-Peguero-Sally-Bogaert.jpg?resize=1000%2C667&#038;ssl=1\" alt=\"\" width=\"1000\" height=\"667\"><\/p>\n<p>La ceremonia termin\u00f3 de manera muy amistosa por parte de las parejas ganadoras: Marco Vinzoni &amp; Debora Morsenti en primer lugar y Miguel Pilier &amp; Romery Santos en segundo lugar con un marcaje de 6-4 puntos celebrado con m\u00fasica en vivo, souvenirs y trofeos.&nbsp;<\/p>\n<p>La siguiente galeria de imagenes fue tomada por Mairobi Herrera durante el Friendship Invitational Tennis Cup 2020:<\/p>\n<p>[nggallery id=3317]<\/p>\n","protected":false},"excerpt":{"rendered":"<p>Casa de Campo\u00ae Resort &amp; Villas celebr\u00f3 del 21 al 23 de febrero la segunda versi\u00f3n de la Copa de Tenis por la Amistad, en el centro de tenis La Terraza. Como resultado de un torneo exitoso, en esta entrega participaron alrededor de 100 jugadores, lo cuales mostraron sus destrezas y su esp\u00edritu competitivo en [&hellip;]<\/p>\n","protected":false},"author":36791,"featured_media":312276,"comment_status":"closed","ping_status":"closed","sticky":false,"template":"","format":"standard","meta":{"newspack_ads_suppress_ads":false,"newspack_popups_has_disabled_popups":false,"newspack_sponsor_sponsorship_scope":"","newspack_sponsor_native_byline_display":"inherit","newspack_sponsor_native_category_display":"inherit","newspack_sponsor_underwriter_style":"inherit","newspack_sponsor_underwriter_placement":"inherit","_newspack_byline_active":false,"_newspack_byline":"","newspack_hide_updated_date":false,"newspack_show_updated_date":false,"newspack_content_restriction_is_exempt":false,"newspack_featured_image_position":"","newspack_post_subtitle":"","newspack_article_summary_title":"Overview:","newspack_article_summary":"","_jetpack_memberships_contains_paid_content":false,"footnotes":"","jetpack_publicize_message":"","jetpack_publicize_feature_enabled":true,"jetpack_social_post_already_shared":false,"jetpack_social_options":{"image_generator_settings":{"template":"highway","default_image_id":0,"font":"","enabled":false},"version":2},"_wpas_customize_per_network":false},"categories":[26936,26820,26954,2525,14631,2522,14625,2521,26822],"tags":[23614,23815,10051,24346,20506,2637,7830],"newspack_spnsrs_tax":[],"class_list":["post-353714","post","type-post","status-publish","format-standard","has-post-thumbnail","hentry","category-casa-de-campo-living-es","category-casa-de-campo-resort","category-comunidad-casa-de-campo-living-es","category-golf-deportes-es","category-estilo-de-vida","category-eventos-es","category-noticias-locales","category-republica-dominicana-2","category-resort-casa-de-campo","tag-amistoso","tag-casa-de-campo-es-17","tag-centro-de-tenis-la-terraza","tag-featured-es","tag-jugadores","tag-tenis","tag-torneo","entry"],"yoast_head":"<!-- This site is optimized with the Yoast SEO plugin v27.4 - https:\/\/yoast.com\/product\/yoast-seo-wordpress\/ -->\n<title>Casa de Campo Resort &amp; Villas celebr\u00f3 segunda Copa de Tenis por la Amistad 2020 | Casa de Campo Living<\/title>\n<meta name=\"description\" content=\"Casa de Campo\u00ae Resort &amp; Villas celebr\u00f3 del 21 al 23 de febrero la segunda versi\u00f3n de la Copa de Tenis por la Amistad, en el centro de tenis La\" \/>\n<meta name=\"robots\" content=\"index, follow, max-snippet:-1, max-image-preview:large, max-video-preview:-1\" \/>\n<link rel=\"canonical\" href=\"https:\/\/casadecampoliving.com\/es\/casa-de-campo-resort-villas-celebro-segunda-copa-de-tenis-por-la-amistad-2020\/\" \/>\n<meta property=\"og:locale\" content=\"es_ES\" \/>\n<meta property=\"og:type\" content=\"article\" \/>\n<meta property=\"og:title\" content=\"Casa de Campo Resort &amp; Villas celebr\u00f3 segunda Copa de Tenis por la Amistad 2020 | Casa de Campo Living\" \/>\n<meta property=\"og:description\" content=\"Casa de Campo\u00ae Resort &amp; Villas celebr\u00f3 del 21 al 23 de febrero la segunda versi\u00f3n de la Copa de Tenis por la Amistad, en el centro de tenis La\" \/>\n<meta property=\"og:url\" content=\"https:\/\/casadecampoliving.com\/es\/casa-de-campo-resort-villas-celebro-segunda-copa-de-tenis-por-la-amistad-2020\/\" \/>\n<meta property=\"og:site_name\" content=\"Casa de Campo Living\" \/>\n<meta property=\"article:publisher\" content=\"https:\/\/www.facebook.com\/casadecampoliving\" \/>\n<meta property=\"article:published_time\" content=\"2020-03-09T04:00:00+00:00\" \/>\n<meta property=\"article:modified_time\" content=\"2022-11-10T14:00:28+00:00\" \/>\n<meta property=\"og:image\" content=\"https:\/\/i0.wp.com\/casadecampoliving.com\/wp-content\/uploads\/2022\/10\/EJ4B0436.jpg?fit=1000%2C600&ssl=1\" \/>\n\t<meta property=\"og:image:width\" content=\"1000\" \/>\n\t<meta property=\"og:image:height\" content=\"600\" \/>\n\t<meta property=\"og:image:type\" content=\"image\/jpeg\" \/>\n<meta name=\"author\" content=\"Casa de Campo Living\" \/>\n<meta name=\"twitter:card\" content=\"summary_large_image\" \/>\n<meta name=\"twitter:creator\" content=\"@cdcliving\" \/>\n<meta name=\"twitter:site\" content=\"@cdcliving\" \/>\n<meta name=\"twitter:label1\" content=\"Escrito por\" \/>\n\t<meta name=\"twitter:data1\" content=\"Casa de Campo Living\" \/>\n\t<meta name=\"twitter:label2\" content=\"Tiempo de lectura\" \/>\n\t<meta name=\"twitter:data2\" content=\"1 minuto\" \/>\n<script type=\"application\/ld+json\" class=\"yoast-schema-graph\">{\"@context\":\"https:\\\/\\\/schema.org\",\"@graph\":[{\"@type\":\"Article\",\"@id\":\"https:\\\/\\\/casadecampoliving.com\\\/es\\\/casa-de-campo-resort-villas-celebro-segunda-copa-de-tenis-por-la-amistad-2020\\\/#article\",\"isPartOf\":{\"@id\":\"https:\\\/\\\/casadecampoliving.com\\\/es\\\/casa-de-campo-resort-villas-celebro-segunda-copa-de-tenis-por-la-amistad-2020\\\/\"},\"author\":{\"name\":\"Casa de Campo Living\",\"@id\":\"https:\\\/\\\/casadecampoliving.com\\\/es\\\/#\\\/schema\\\/person\\\/5d2171637a9d11e0e43ce6b8555f9422\"},\"headline\":\"Casa de Campo Resort &#038; Villas celebr\u00f3 segunda Copa de Tenis por la Amistad 2020\",\"datePublished\":\"2020-03-09T04:00:00+00:00\",\"dateModified\":\"2022-11-10T14:00:28+00:00\",\"mainEntityOfPage\":{\"@id\":\"https:\\\/\\\/casadecampoliving.com\\\/es\\\/casa-de-campo-resort-villas-celebro-segunda-copa-de-tenis-por-la-amistad-2020\\\/\"},\"wordCount\":233,\"publisher\":{\"@id\":\"https:\\\/\\\/casadecampoliving.com\\\/es\\\/#organization\"},\"image\":{\"@id\":\"https:\\\/\\\/casadecampoliving.com\\\/es\\\/casa-de-campo-resort-villas-celebro-segunda-copa-de-tenis-por-la-amistad-2020\\\/#primaryimage\"},\"thumbnailUrl\":\"https:\\\/\\\/i0.wp.com\\\/casadecampoliving.com\\\/wp-content\\\/uploads\\\/2022\\\/10\\\/EJ4B0436.jpg?fit=1000%2C600&ssl=1\",\"keywords\":[\"amistoso\",\"Casa de Campo\",\"Centro de Tenis La Terraza\",\"Featured\",\"jugadores\",\"tenis\",\"torneo\"],\"articleSection\":[\"Casa de Campo Living @es\",\"Casa de Campo Resort\",\"Comunidad\",\"Deportes\",\"Estilo de Vida\",\"Eventos\",\"Noticias Locales\",\"Rep\u00fablica Dominicana @es\",\"Resort Casa de Campo\"],\"inLanguage\":\"es\"},{\"@type\":\"WebPage\",\"@id\":\"https:\\\/\\\/casadecampoliving.com\\\/es\\\/casa-de-campo-resort-villas-celebro-segunda-copa-de-tenis-por-la-amistad-2020\\\/\",\"url\":\"https:\\\/\\\/casadecampoliving.com\\\/es\\\/casa-de-campo-resort-villas-celebro-segunda-copa-de-tenis-por-la-amistad-2020\\\/\",\"name\":\"Casa de Campo Resort & Villas celebr\u00f3 segunda Copa de Tenis por la Amistad 2020 | Casa de Campo Living\",\"isPartOf\":{\"@id\":\"https:\\\/\\\/casadecampoliving.com\\\/es\\\/#website\"},\"primaryImageOfPage\":{\"@id\":\"https:\\\/\\\/casadecampoliving.com\\\/es\\\/casa-de-campo-resort-villas-celebro-segunda-copa-de-tenis-por-la-amistad-2020\\\/#primaryimage\"},\"image\":{\"@id\":\"https:\\\/\\\/casadecampoliving.com\\\/es\\\/casa-de-campo-resort-villas-celebro-segunda-copa-de-tenis-por-la-amistad-2020\\\/#primaryimage\"},\"thumbnailUrl\":\"https:\\\/\\\/i0.wp.com\\\/casadecampoliving.com\\\/wp-content\\\/uploads\\\/2022\\\/10\\\/EJ4B0436.jpg?fit=1000%2C600&ssl=1\",\"datePublished\":\"2020-03-09T04:00:00+00:00\",\"dateModified\":\"2022-11-10T14:00:28+00:00\",\"description\":\"Casa de Campo\u00ae Resort &amp; Villas celebr\u00f3 del 21 al 23 de febrero la segunda versi\u00f3n de la Copa de Tenis por la Amistad, en el centro de tenis La\",\"breadcrumb\":{\"@id\":\"https:\\\/\\\/casadecampoliving.com\\\/es\\\/casa-de-campo-resort-villas-celebro-segunda-copa-de-tenis-por-la-amistad-2020\\\/#breadcrumb\"},\"inLanguage\":\"es\",\"potentialAction\":[{\"@type\":\"ReadAction\",\"target\":[\"https:\\\/\\\/casadecampoliving.com\\\/es\\\/casa-de-campo-resort-villas-celebro-segunda-copa-de-tenis-por-la-amistad-2020\\\/\"]}]},{\"@type\":\"ImageObject\",\"inLanguage\":\"es\",\"@id\":\"https:\\\/\\\/casadecampoliving.com\\\/es\\\/casa-de-campo-resort-villas-celebro-segunda-copa-de-tenis-por-la-amistad-2020\\\/#primaryimage\",\"url\":\"https:\\\/\\\/i0.wp.com\\\/casadecampoliving.com\\\/wp-content\\\/uploads\\\/2022\\\/10\\\/EJ4B0436.jpg?fit=1000%2C600&ssl=1\",\"contentUrl\":\"https:\\\/\\\/i0.wp.com\\\/casadecampoliving.com\\\/wp-content\\\/uploads\\\/2022\\\/10\\\/EJ4B0436.jpg?fit=1000%2C600&ssl=1\",\"width\":1000,\"height\":600},{\"@type\":\"BreadcrumbList\",\"@id\":\"https:\\\/\\\/casadecampoliving.com\\\/es\\\/casa-de-campo-resort-villas-celebro-segunda-copa-de-tenis-por-la-amistad-2020\\\/#breadcrumb\",\"itemListElement\":[{\"@type\":\"ListItem\",\"position\":1,\"name\":\"Home\",\"item\":\"https:\\\/\\\/casadecampoliving.com\\\/es\\\/\"},{\"@type\":\"ListItem\",\"position\":2,\"name\":\"Casa de Campo Resort &#038; Villas celebr\u00f3 segunda Copa de Tenis por la Amistad 2020\"}]},{\"@type\":\"WebSite\",\"@id\":\"https:\\\/\\\/casadecampoliving.com\\\/es\\\/#website\",\"url\":\"https:\\\/\\\/casadecampoliving.com\\\/es\\\/\",\"name\":\"Casa de Campo Living\",\"description\":\"Resort community news and resources.\",\"publisher\":{\"@id\":\"https:\\\/\\\/casadecampoliving.com\\\/es\\\/#organization\"},\"potentialAction\":[{\"@type\":\"SearchAction\",\"target\":{\"@type\":\"EntryPoint\",\"urlTemplate\":\"https:\\\/\\\/casadecampoliving.com\\\/es\\\/?s={search_term_string}\"},\"query-input\":{\"@type\":\"PropertyValueSpecification\",\"valueRequired\":true,\"valueName\":\"search_term_string\"}}],\"inLanguage\":\"es\"},{\"@type\":\"Organization\",\"@id\":\"https:\\\/\\\/casadecampoliving.com\\\/es\\\/#organization\",\"name\":\"Casa de Campo Living\",\"url\":\"https:\\\/\\\/casadecampoliving.com\\\/es\\\/\",\"logo\":{\"@type\":\"ImageObject\",\"inLanguage\":\"es\",\"@id\":\"https:\\\/\\\/casadecampoliving.com\\\/es\\\/#\\\/schema\\\/logo\\\/image\\\/\",\"url\":\"https:\\\/\\\/i0.wp.com\\\/casadecampoliving.com\\\/wp-content\\\/uploads\\\/2022\\\/07\\\/CDCLivingLogo_V1-white-sized.png?fit=800%2C214&ssl=1\",\"contentUrl\":\"https:\\\/\\\/i0.wp.com\\\/casadecampoliving.com\\\/wp-content\\\/uploads\\\/2022\\\/07\\\/CDCLivingLogo_V1-white-sized.png?fit=800%2C214&ssl=1\",\"width\":800,\"height\":214,\"caption\":\"Casa de Campo Living\"},\"image\":{\"@id\":\"https:\\\/\\\/casadecampoliving.com\\\/es\\\/#\\\/schema\\\/logo\\\/image\\\/\"},\"sameAs\":[\"https:\\\/\\\/www.facebook.com\\\/casadecampoliving\",\"https:\\\/\\\/x.com\\\/cdcliving\"]},{\"@type\":\"Person\",\"@id\":\"https:\\\/\\\/casadecampoliving.com\\\/es\\\/#\\\/schema\\\/person\\\/5d2171637a9d11e0e43ce6b8555f9422\",\"name\":\"Casa de Campo Living\",\"image\":{\"@type\":\"ImageObject\",\"inLanguage\":\"es\",\"@id\":\"https:\\\/\\\/secure.gravatar.com\\\/avatar\\\/d04101fa4a9fd431e939953b1500fdc7a73cd35029f86d98712fd8ccdaebaf9a?s=96&d=mm&r=g\",\"url\":\"https:\\\/\\\/secure.gravatar.com\\\/avatar\\\/d04101fa4a9fd431e939953b1500fdc7a73cd35029f86d98712fd8ccdaebaf9a?s=96&d=mm&r=g\",\"contentUrl\":\"https:\\\/\\\/secure.gravatar.com\\\/avatar\\\/d04101fa4a9fd431e939953b1500fdc7a73cd35029f86d98712fd8ccdaebaf9a?s=96&d=mm&r=g\",\"caption\":\"Casa de Campo Living\"},\"url\":\"https:\\\/\\\/casadecampoliving.com\\\/es\\\/author\\\/casa-de-campo-living\\\/\"}]}<\/script>\n<!-- \/ Yoast SEO plugin. -->","yoast_head_json":{"title":"Casa de Campo Resort & Villas celebr\u00f3 segunda Copa de Tenis por la Amistad 2020 | Casa de Campo Living","description":"Casa de Campo\u00ae Resort &amp; Villas celebr\u00f3 del 21 al 23 de febrero la segunda versi\u00f3n de la Copa de Tenis por la Amistad, en el centro de tenis La","robots":{"index":"index","follow":"follow","max-snippet":"max-snippet:-1","max-image-preview":"max-image-preview:large","max-video-preview":"max-video-preview:-1"},"canonical":"https:\/\/casadecampoliving.com\/es\/casa-de-campo-resort-villas-celebro-segunda-copa-de-tenis-por-la-amistad-2020\/","og_locale":"es_ES","og_type":"article","og_title":"Casa de Campo Resort & Villas celebr\u00f3 segunda Copa de Tenis por la Amistad 2020 | Casa de Campo Living","og_description":"Casa de Campo\u00ae Resort &amp; Villas celebr\u00f3 del 21 al 23 de febrero la segunda versi\u00f3n de la Copa de Tenis por la Amistad, en el centro de tenis La","og_url":"https:\/\/casadecampoliving.com\/es\/casa-de-campo-resort-villas-celebro-segunda-copa-de-tenis-por-la-amistad-2020\/","og_site_name":"Casa de Campo Living","article_publisher":"https:\/\/www.facebook.com\/casadecampoliving","article_published_time":"2020-03-09T04:00:00+00:00","article_modified_time":"2022-11-10T14:00:28+00:00","og_image":[{"width":1000,"height":600,"url":"https:\/\/i0.wp.com\/casadecampoliving.com\/wp-content\/uploads\/2022\/10\/EJ4B0436.jpg?fit=1000%2C600&ssl=1","type":"image\/jpeg"}],"author":"Casa de Campo Living","twitter_card":"summary_large_image","twitter_creator":"@cdcliving","twitter_site":"@cdcliving","twitter_misc":{"Escrito por":"Casa de Campo Living","Tiempo de lectura":"1 minuto"},"schema":{"@context":"https:\/\/schema.org","@graph":[{"@type":"Article","@id":"https:\/\/casadecampoliving.com\/es\/casa-de-campo-resort-villas-celebro-segunda-copa-de-tenis-por-la-amistad-2020\/#article","isPartOf":{"@id":"https:\/\/casadecampoliving.com\/es\/casa-de-campo-resort-villas-celebro-segunda-copa-de-tenis-por-la-amistad-2020\/"},"author":{"name":"Casa de Campo Living","@id":"https:\/\/casadecampoliving.com\/es\/#\/schema\/person\/5d2171637a9d11e0e43ce6b8555f9422"},"headline":"Casa de Campo Resort &#038; Villas celebr\u00f3 segunda Copa de Tenis por la Amistad 2020","datePublished":"2020-03-09T04:00:00+00:00","dateModified":"2022-11-10T14:00:28+00:00","mainEntityOfPage":{"@id":"https:\/\/casadecampoliving.com\/es\/casa-de-campo-resort-villas-celebro-segunda-copa-de-tenis-por-la-amistad-2020\/"},"wordCount":233,"publisher":{"@id":"https:\/\/casadecampoliving.com\/es\/#organization"},"image":{"@id":"https:\/\/casadecampoliving.com\/es\/casa-de-campo-resort-villas-celebro-segunda-copa-de-tenis-por-la-amistad-2020\/#primaryimage"},"thumbnailUrl":"https:\/\/i0.wp.com\/casadecampoliving.com\/wp-content\/uploads\/2022\/10\/EJ4B0436.jpg?fit=1000%2C600&ssl=1","keywords":["amistoso","Casa de Campo","Centro de Tenis La Terraza","Featured","jugadores","tenis","torneo"],"articleSection":["Casa de Campo Living @es","Casa de Campo Resort","Comunidad","Deportes","Estilo de Vida","Eventos","Noticias Locales","Rep\u00fablica Dominicana @es","Resort Casa de Campo"],"inLanguage":"es"},{"@type":"WebPage","@id":"https:\/\/casadecampoliving.com\/es\/casa-de-campo-resort-villas-celebro-segunda-copa-de-tenis-por-la-amistad-2020\/","url":"https:\/\/casadecampoliving.com\/es\/casa-de-campo-resort-villas-celebro-segunda-copa-de-tenis-por-la-amistad-2020\/","name":"Casa de Campo Resort & Villas celebr\u00f3 segunda Copa de Tenis por la Amistad 2020 | Casa de Campo Living","isPartOf":{"@id":"https:\/\/casadecampoliving.com\/es\/#website"},"primaryImageOfPage":{"@id":"https:\/\/casadecampoliving.com\/es\/casa-de-campo-resort-villas-celebro-segunda-copa-de-tenis-por-la-amistad-2020\/#primaryimage"},"image":{"@id":"https:\/\/casadecampoliving.com\/es\/casa-de-campo-resort-villas-celebro-segunda-copa-de-tenis-por-la-amistad-2020\/#primaryimage"},"thumbnailUrl":"https:\/\/i0.wp.com\/casadecampoliving.com\/wp-content\/uploads\/2022\/10\/EJ4B0436.jpg?fit=1000%2C600&ssl=1","datePublished":"2020-03-09T04:00:00+00:00","dateModified":"2022-11-10T14:00:28+00:00","description":"Casa de Campo\u00ae Resort &amp; Villas celebr\u00f3 del 21 al 23 de febrero la segunda versi\u00f3n de la Copa de Tenis por la Amistad, en el centro de tenis La","breadcrumb":{"@id":"https:\/\/casadecampoliving.com\/es\/casa-de-campo-resort-villas-celebro-segunda-copa-de-tenis-por-la-amistad-2020\/#breadcrumb"},"inLanguage":"es","potentialAction":[{"@type":"ReadAction","target":["https:\/\/casadecampoliving.com\/es\/casa-de-campo-resort-villas-celebro-segunda-copa-de-tenis-por-la-amistad-2020\/"]}]},{"@type":"ImageObject","inLanguage":"es","@id":"https:\/\/casadecampoliving.com\/es\/casa-de-campo-resort-villas-celebro-segunda-copa-de-tenis-por-la-amistad-2020\/#primaryimage","url":"https:\/\/i0.wp.com\/casadecampoliving.com\/wp-content\/uploads\/2022\/10\/EJ4B0436.jpg?fit=1000%2C600&ssl=1","contentUrl":"https:\/\/i0.wp.com\/casadecampoliving.com\/wp-content\/uploads\/2022\/10\/EJ4B0436.jpg?fit=1000%2C600&ssl=1","width":1000,"height":600},{"@type":"BreadcrumbList","@id":"https:\/\/casadecampoliving.com\/es\/casa-de-campo-resort-villas-celebro-segunda-copa-de-tenis-por-la-amistad-2020\/#breadcrumb","itemListElement":[{"@type":"ListItem","position":1,"name":"Home","item":"https:\/\/casadecampoliving.com\/es\/"},{"@type":"ListItem","position":2,"name":"Casa de Campo Resort &#038; Villas celebr\u00f3 segunda Copa de Tenis por la Amistad 2020"}]},{"@type":"WebSite","@id":"https:\/\/casadecampoliving.com\/es\/#website","url":"https:\/\/casadecampoliving.com\/es\/","name":"Casa de Campo Living","description":"Resort community news and resources.","publisher":{"@id":"https:\/\/casadecampoliving.com\/es\/#organization"},"potentialAction":[{"@type":"SearchAction","target":{"@type":"EntryPoint","urlTemplate":"https:\/\/casadecampoliving.com\/es\/?s={search_term_string}"},"query-input":{"@type":"PropertyValueSpecification","valueRequired":true,"valueName":"search_term_string"}}],"inLanguage":"es"},{"@type":"Organization","@id":"https:\/\/casadecampoliving.com\/es\/#organization","name":"Casa de Campo Living","url":"https:\/\/casadecampoliving.com\/es\/","logo":{"@type":"ImageObject","inLanguage":"es","@id":"https:\/\/casadecampoliving.com\/es\/#\/schema\/logo\/image\/","url":"https:\/\/i0.wp.com\/casadecampoliving.com\/wp-content\/uploads\/2022\/07\/CDCLivingLogo_V1-white-sized.png?fit=800%2C214&ssl=1","contentUrl":"https:\/\/i0.wp.com\/casadecampoliving.com\/wp-content\/uploads\/2022\/07\/CDCLivingLogo_V1-white-sized.png?fit=800%2C214&ssl=1","width":800,"height":214,"caption":"Casa de Campo Living"},"image":{"@id":"https:\/\/casadecampoliving.com\/es\/#\/schema\/logo\/image\/"},"sameAs":["https:\/\/www.facebook.com\/casadecampoliving","https:\/\/x.com\/cdcliving"]},{"@type":"Person","@id":"https:\/\/casadecampoliving.com\/es\/#\/schema\/person\/5d2171637a9d11e0e43ce6b8555f9422","name":"Casa de Campo Living","image":{"@type":"ImageObject","inLanguage":"es","@id":"https:\/\/secure.gravatar.com\/avatar\/d04101fa4a9fd431e939953b1500fdc7a73cd35029f86d98712fd8ccdaebaf9a?s=96&d=mm&r=g","url":"https:\/\/secure.gravatar.com\/avatar\/d04101fa4a9fd431e939953b1500fdc7a73cd35029f86d98712fd8ccdaebaf9a?s=96&d=mm&r=g","contentUrl":"https:\/\/secure.gravatar.com\/avatar\/d04101fa4a9fd431e939953b1500fdc7a73cd35029f86d98712fd8ccdaebaf9a?s=96&d=mm&r=g","caption":"Casa de Campo Living"},"url":"https:\/\/casadecampoliving.com\/es\/author\/casa-de-campo-living\/"}]}},"parsely":{"version":"1.1.0","canonical_url":"https:\/\/casadecampoliving.com\/es\/casa-de-campo-resort-villas-celebro-segunda-copa-de-tenis-por-la-amistad-2020\/","smart_links":{"inbound":0,"outbound":0},"traffic_boost_suggestions_count":0,"meta":{"@context":"https:\/\/schema.org","@type":"NewsArticle","headline":"Casa de Campo Resort &#038; Villas celebr\u00f3 segunda  Copa de Tenis por la Amistad 2020","url":"http:\/\/casadecampoliving.com\/es\/casa-de-campo-resort-villas-celebro-segunda-copa-de-tenis-por-la-amistad-2020\/","mainEntityOfPage":{"@type":"WebPage","@id":"http:\/\/casadecampoliving.com\/es\/casa-de-campo-resort-villas-celebro-segunda-copa-de-tenis-por-la-amistad-2020\/"},"thumbnailUrl":"https:\/\/i0.wp.com\/casadecampoliving.com\/wp-content\/uploads\/2022\/10\/EJ4B0436.jpg?resize=150%2C150&ssl=1","image":{"@type":"ImageObject","url":"https:\/\/i0.wp.com\/casadecampoliving.com\/wp-content\/uploads\/2022\/10\/EJ4B0436.jpg?fit=1000%2C600&ssl=1"},"articleSection":"Casa de Campo Resort","author":[{"@type":"Person","name":"Casa de Campo Living"}],"creator":["Casa de Campo Living"],"publisher":{"@type":"Organization","name":"Casa de Campo Living","logo":"https:\/\/casadecampoliving.com\/wp-content\/uploads\/2022\/07\/CDCLivingLogo_V1-white-sized.png"},"keywords":["amistoso","casa de campo","centro de tenis la terraza","featured","jugadores","tenis","torneo"],"dateCreated":"2020-03-09T04:00:00Z","datePublished":"2020-03-09T04:00:00Z","dateModified":"2022-11-10T14:00:28Z"},"rendered":"<script type=\"application\/ld+json\" class=\"wp-parsely-metadata\">{\"@context\":\"https:\\\/\\\/schema.org\",\"@type\":\"NewsArticle\",\"headline\":\"Casa de Campo Resort &#038; Villas celebr\\u00f3 segunda  Copa de Tenis por la Amistad 2020\",\"url\":\"http:\\\/\\\/casadecampoliving.com\\\/es\\\/casa-de-campo-resort-villas-celebro-segunda-copa-de-tenis-por-la-amistad-2020\\\/\",\"mainEntityOfPage\":{\"@type\":\"WebPage\",\"@id\":\"http:\\\/\\\/casadecampoliving.com\\\/es\\\/casa-de-campo-resort-villas-celebro-segunda-copa-de-tenis-por-la-amistad-2020\\\/\"},\"thumbnailUrl\":\"https:\\\/\\\/i0.wp.com\\\/casadecampoliving.com\\\/wp-content\\\/uploads\\\/2022\\\/10\\\/EJ4B0436.jpg?resize=150%2C150&ssl=1\",\"image\":{\"@type\":\"ImageObject\",\"url\":\"https:\\\/\\\/i0.wp.com\\\/casadecampoliving.com\\\/wp-content\\\/uploads\\\/2022\\\/10\\\/EJ4B0436.jpg?fit=1000%2C600&ssl=1\"},\"articleSection\":\"Casa de Campo Resort\",\"author\":[{\"@type\":\"Person\",\"name\":\"Casa de Campo Living\"}],\"creator\":[\"Casa de Campo Living\"],\"publisher\":{\"@type\":\"Organization\",\"name\":\"Casa de Campo Living\",\"logo\":\"https:\\\/\\\/casadecampoliving.com\\\/wp-content\\\/uploads\\\/2022\\\/07\\\/CDCLivingLogo_V1-white-sized.png\"},\"keywords\":[\"amistoso\",\"casa de campo\",\"centro de tenis la terraza\",\"featured\",\"jugadores\",\"tenis\",\"torneo\"],\"dateCreated\":\"2020-03-09T04:00:00Z\",\"datePublished\":\"2020-03-09T04:00:00Z\",\"dateModified\":\"2022-11-10T14:00:28Z\"}<\/script>","tracker_url":"https:\/\/cdn.parsely.com\/keys\/casadecampoliving.com\/p.js"},"jetpack_publicize_connections":[],"jetpack_featured_media_url":"https:\/\/i0.wp.com\/casadecampoliving.com\/wp-content\/uploads\/2022\/10\/EJ4B0436.jpg?fit=1000%2C600&ssl=1","jetpack-related-posts":[{"id":353694,"url":"https:\/\/casadecampoliving.com\/es\/inscribase-para-la-copa-de-tenis-por-la-amistad-de-este-ano\/","url_meta":{"origin":353714,"position":0},"title":"\u00a1Inscr\u00edbase para la Copa de Tenis por la Amistad de este a\u00f1o!","author":"Casa de Campo Living","date":"10 Feb, 2020","format":false,"excerpt":"\u00a1El pr\u00f3ximo fin de semana, el viernes 21 y el s\u00e1bado 22 de febrero, Casa de Campo organizar\u00e1 su Copa Anual de Tenis Invitacional de la Amistad que se celebrar\u00e1 en el Club de Tenis La Terraza con el objetivo de promover la amistad y la competencia saludable dentro de\u2026","rel":"","context":"En \u00abDeportes\u00bb","block_context":{"text":"Deportes","link":"https:\/\/casadecampoliving.com\/es\/category\/golf-deportes-es\/"},"img":{"alt_text":"","src":"https:\/\/i0.wp.com\/casadecampoliving.com\/wp-content\/uploads\/2022\/10\/Danilo-Polanco-Rafael-Rodriguez-Juan-Stanley-1.jpg?fit=1000%2C667&ssl=1&resize=350%2C200","width":350,"height":200,"srcset":"https:\/\/i0.wp.com\/casadecampoliving.com\/wp-content\/uploads\/2022\/10\/Danilo-Polanco-Rafael-Rodriguez-Juan-Stanley-1.jpg?fit=1000%2C667&ssl=1&resize=350%2C200 1x, https:\/\/i0.wp.com\/casadecampoliving.com\/wp-content\/uploads\/2022\/10\/Danilo-Polanco-Rafael-Rodriguez-Juan-Stanley-1.jpg?fit=1000%2C667&ssl=1&resize=525%2C300 1.5x, https:\/\/i0.wp.com\/casadecampoliving.com\/wp-content\/uploads\/2022\/10\/Danilo-Polanco-Rafael-Rodriguez-Juan-Stanley-1.jpg?fit=1000%2C667&ssl=1&resize=700%2C400 2x"},"classes":[]},{"id":353532,"url":"https:\/\/casadecampoliving.com\/es\/posponen-celebracion-del-xlii-torneo-internacional-de-tenis-copa-casa-de-campo-por-paso-tormenta-dorian\/","url_meta":{"origin":353714,"position":1},"title":"Posponen celebraci\u00f3n del XLII Torneo Internacional de Tenis Copa Casa de Campo por paso tormenta Dorian","author":"Casa de Campo Resort","date":"28 Ago, 2019","format":false,"excerpt":"El XLII Torneo Internacional de Tenis Copa Casa de Campo, programado para celebrarse a partir de este jueves 29 de agosto, hasta el domingo 1 de septiembre, en el Centro de Tenis La Terraza, de Casa de Campo, Resort & Villas, de esta ciudad, ha sido pospuesto a causa del\u2026","rel":"","context":"En \u00abCasa de Campo Resort\u00bb","block_context":{"text":"Casa de Campo Resort","link":"https:\/\/casadecampoliving.com\/category\/casa-de-campo-resort\/"},"img":{"alt_text":"","src":"https:\/\/i0.wp.com\/casadecampoliving.com\/wp-content\/uploads\/2022\/10\/DSC_3937-Diego-Sanchez-de-Leon-Sofia-Renedo-Martha-de-Marchena-Juan-Suarez-Emilio-Vasquez-y-Alex-Rosamo.jpg?fit=1000%2C601&ssl=1&resize=350%2C200","width":350,"height":200,"srcset":"https:\/\/i0.wp.com\/casadecampoliving.com\/wp-content\/uploads\/2022\/10\/DSC_3937-Diego-Sanchez-de-Leon-Sofia-Renedo-Martha-de-Marchena-Juan-Suarez-Emilio-Vasquez-y-Alex-Rosamo.jpg?fit=1000%2C601&ssl=1&resize=350%2C200 1x, https:\/\/i0.wp.com\/casadecampoliving.com\/wp-content\/uploads\/2022\/10\/DSC_3937-Diego-Sanchez-de-Leon-Sofia-Renedo-Martha-de-Marchena-Juan-Suarez-Emilio-Vasquez-y-Alex-Rosamo.jpg?fit=1000%2C601&ssl=1&resize=525%2C300 1.5x, https:\/\/i0.wp.com\/casadecampoliving.com\/wp-content\/uploads\/2022\/10\/DSC_3937-Diego-Sanchez-de-Leon-Sofia-Renedo-Martha-de-Marchena-Juan-Suarez-Emilio-Vasquez-y-Alex-Rosamo.jpg?fit=1000%2C601&ssl=1&resize=700%2C400 2x"},"classes":[]},{"id":352849,"url":"https:\/\/casadecampoliving.com\/es\/el-41-torneo-internacional-de-tenis-de-casa-de-campo-esta-en-marcha\/","url_meta":{"origin":353714,"position":2},"title":"\u00a1El 41 Torneo Internacional de Tenis de Casa de Campo est\u00e1 en marcha!","author":"Casa de Campo Living","date":"31 Ago, 2018","format":false,"excerpt":"\u00a1El 41\u00b0 Torneo Internacional de Tenis est\u00e1 en marcha con m\u00e1s de 200 jugadores inscritos! Los partidos sencillos y dobles contin\u00faan hoy hasta las 5:00 pm. El mexicano Mauricio Ram\u00edrez derrot\u00f3 al dominicano Manuel Herrera en el partido inaugural el 30 de agosto en el Centro de Tenis La Terraza.\u2026","rel":"","context":"En \u00abDeportes\u00bb","block_context":{"text":"Deportes","link":"https:\/\/casadecampoliving.com\/es\/category\/golf-deportes-es\/"},"img":{"alt_text":"","src":"https:\/\/i0.wp.com\/casadecampoliving-wp.s3-accelerate.amazonaws.com\/2018\/08\/IMG_4457.jpg?resize=350%2C200&ssl=1","width":350,"height":200,"srcset":"https:\/\/i0.wp.com\/casadecampoliving-wp.s3-accelerate.amazonaws.com\/2018\/08\/IMG_4457.jpg?resize=350%2C200&ssl=1 1x, https:\/\/i0.wp.com\/casadecampoliving-wp.s3-accelerate.amazonaws.com\/2018\/08\/IMG_4457.jpg?resize=525%2C300&ssl=1 1.5x, https:\/\/i0.wp.com\/casadecampoliving-wp.s3-accelerate.amazonaws.com\/2018\/08\/IMG_4457.jpg?resize=700%2C400&ssl=1 2x"},"classes":[]},{"id":352805,"url":"https:\/\/casadecampoliving.com\/es\/inscribete-para-el-41-torneo-internacional-de-copa-de-tenis-casa-de-campo\/","url_meta":{"origin":353714,"position":3},"title":"\u00a1Inscr\u00edbete para el 41\u00b0 Torneo Internacional de Tenis Casa de Campo!","author":"Casa de Campo Resort","date":"6 Ago, 2018","format":false,"excerpt":"El 41\u00ba Torneo Internacional de Tenis Copa Casa de Campo ser\u00e1 celebrado del 30 de agosto al 2 de septiembre del presente a\u00f1o, en el Centro de Tenis La Terraza, de Casa de Campo, Resort & Villas, de esta ciudad.\u00a0Los detalles del certamen, fundado por el empresario \u00edtalo-dominicano Vincenzo Mastrolilli\u2026","rel":"","context":"En \u00abDeportes\u00bb","block_context":{"text":"Deportes","link":"https:\/\/casadecampoliving.com\/es\/category\/golf-deportes-es\/"},"img":{"alt_text":"","src":"https:\/\/i0.wp.com\/casadecampoliving.com\/wp-content\/uploads\/2018\/08\/IMG_2895_for-press.jpg?resize=350%2C200&ssl=1","width":350,"height":200,"srcset":"https:\/\/i0.wp.com\/casadecampoliving.com\/wp-content\/uploads\/2018\/08\/IMG_2895_for-press.jpg?resize=350%2C200&ssl=1 1x, https:\/\/i0.wp.com\/casadecampoliving.com\/wp-content\/uploads\/2018\/08\/IMG_2895_for-press.jpg?resize=525%2C300&ssl=1 1.5x, https:\/\/i0.wp.com\/casadecampoliving.com\/wp-content\/uploads\/2018\/08\/IMG_2895_for-press.jpg?resize=700%2C400&ssl=1 2x"},"classes":[]},{"id":350296,"url":"https:\/\/casadecampoliving.com\/es\/torneo-internacional-de-tenis-casa-de-campo-dedicado-emilio-vasquez\/","url_meta":{"origin":353714,"position":4},"title":"39no Torneo Internacional de Tenis Casa de Campo ser\u00e1 dedicado a Emilio V\u00e1squez","author":"Heather Lincoln","date":"1 Ago, 2016","format":false,"excerpt":"Casa de Campo estar\u00e1 realizando su 39no Torneo Internacional de Tenis el pr\u00f3ximo mes\u00a0de septiembre y estamos muy contentos al enterarnos\u00a0que estar\u00e1 dedicado a Emilio V\u00e1squez, la leyenda del tenis, que desempe\u00f1o la labor de\u00a0Director de Tenis por m\u00e1s de 35 a\u00f1os, gan\u00e1ndose\u00a0un lugar muy especial en el coraz\u00f3n de\u2026","rel":"","context":"En \u00abDeportes\u00bb","block_context":{"text":"Deportes","link":"https:\/\/casadecampoliving.com\/es\/category\/golf-deportes-es\/"},"img":{"alt_text":"","src":"https:\/\/i0.wp.com\/casadecampoliving.com\/wp-content\/uploads\/2022\/10\/DSC_0210-1.jpg?fit=1000%2C600&ssl=1&resize=350%2C200","width":350,"height":200,"srcset":"https:\/\/i0.wp.com\/casadecampoliving.com\/wp-content\/uploads\/2022\/10\/DSC_0210-1.jpg?fit=1000%2C600&ssl=1&resize=350%2C200 1x, https:\/\/i0.wp.com\/casadecampoliving.com\/wp-content\/uploads\/2022\/10\/DSC_0210-1.jpg?fit=1000%2C600&ssl=1&resize=525%2C300 1.5x, https:\/\/i0.wp.com\/casadecampoliving.com\/wp-content\/uploads\/2022\/10\/DSC_0210-1.jpg?fit=1000%2C600&ssl=1&resize=700%2C400 2x"},"classes":[]},{"id":353505,"url":"https:\/\/casadecampoliving.com\/es\/anuncian-celebracion-del-42-aniversario-torneo-internacional-de-tenis-copa-casa-de-campo\/","url_meta":{"origin":353714,"position":5},"title":"Anuncian celebraci\u00f3n del 42 aniversario Torneo Internacional De Tenis Copa Casa De Campo","author":"Casa de Campo Resort","date":"26 Jul, 2019","format":false,"excerpt":"El Cuadrag\u00e9simo Segundo Torneo Internacional de Tenis Copa Casa de Campo ser\u00e1 celebrado del 29 de agosto al 1 de septiembre\u00a0del presente a\u00f1o, en el Centro de Tenis La Terraza, de Casa de Campo, Resort & Villas, de esta ciudad. Los detalles del certamen, fundado por el empresario \u00edtalo-dominicano Vincenzo\u2026","rel":"","context":"En \u00abCasa de Campo Resort\u00bb","block_context":{"text":"Casa de Campo Resort","link":"https:\/\/casadecampoliving.com\/category\/casa-de-campo-resort\/"},"img":{"alt_text":"","src":"https:\/\/i0.wp.com\/casadecampoliving.com\/wp-content\/uploads\/2022\/10\/IMG_1639.jpg?fit=1000%2C561&ssl=1&resize=350%2C200","width":350,"height":200,"srcset":"https:\/\/i0.wp.com\/casadecampoliving.com\/wp-content\/uploads\/2022\/10\/IMG_1639.jpg?fit=1000%2C561&ssl=1&resize=350%2C200 1x, https:\/\/i0.wp.com\/casadecampoliving.com\/wp-content\/uploads\/2022\/10\/IMG_1639.jpg?fit=1000%2C561&ssl=1&resize=525%2C300 1.5x, https:\/\/i0.wp.com\/casadecampoliving.com\/wp-content\/uploads\/2022\/10\/IMG_1639.jpg?fit=1000%2C561&ssl=1&resize=700%2C400 2x"},"classes":[]}],"jetpack_sharing_enabled":true,"_links":{"self":[{"href":"https:\/\/casadecampoliving.com\/es\/wp-json\/wp\/v2\/posts\/353714","targetHints":{"allow":["GET"]}}],"collection":[{"href":"https:\/\/casadecampoliving.com\/es\/wp-json\/wp\/v2\/posts"}],"about":[{"href":"https:\/\/casadecampoliving.com\/es\/wp-json\/wp\/v2\/types\/post"}],"author":[{"embeddable":true,"href":"https:\/\/casadecampoliving.com\/es\/wp-json\/wp\/v2\/users\/36791"}],"replies":[{"embeddable":true,"href":"https:\/\/casadecampoliving.com\/es\/wp-json\/wp\/v2\/comments?post=353714"}],"version-history":[{"count":1,"href":"https:\/\/casadecampoliving.com\/es\/wp-json\/wp\/v2\/posts\/353714\/revisions"}],"predecessor-version":[{"id":503715,"href":"https:\/\/casadecampoliving.com\/es\/wp-json\/wp\/v2\/posts\/353714\/revisions\/503715"}],"wp:featuredmedia":[{"embeddable":true,"href":"https:\/\/casadecampoliving.com\/es\/wp-json\/wp\/v2\/media\/312276"}],"wp:attachment":[{"href":"https:\/\/casadecampoliving.com\/es\/wp-json\/wp\/v2\/media?parent=353714"}],"wp:term":[{"taxonomy":"category","embeddable":true,"href":"https:\/\/casadecampoliving.com\/es\/wp-json\/wp\/v2\/categories?post=353714"},{"taxonomy":"post_tag","embeddable":true,"href":"https:\/\/casadecampoliving.com\/es\/wp-json\/wp\/v2\/tags?post=353714"},{"taxonomy":"newspack_spnsrs_tax","embeddable":true,"href":"https:\/\/casadecampoliving.com\/es\/wp-json\/wp\/v2\/newspack_spnsrs_tax?post=353714"}],"curies":[{"name":"wp","href":"https:\/\/api.w.org\/{rel}","templated":true}]}}